{"id":486275,"date":"2014-02-07T23:49:04","date_gmt":"2014-02-08T00:49:04","guid":{"rendered":"http:\/\/www.eldigitaldeasturias.com\/noticias\/?p=486275"},"modified":"2014-02-07T23:49:04","modified_gmt":"2014-02-08T00:49:04","slug":"la-politica-anticrisis-del-bce-en-manos-de-la-justicia-europea","status":"publish","type":"post","link":"https:\/\/www.eldigitaldeasturias.com\/noticias\/la-politica-anticrisis-del-bce-en-manos-de-la-justicia-europea\/","title":{"rendered":"La pol\u00edtica anticrisis del BCE, en manos de la Justicia europea"},"content":{"rendered":"<p><img loading=\"lazy\" decoding=\"async\" class=\"alignleft size-medium wp-image-438220\" alt=\"UEestadosmiembroeurosI_EF\" src=\"https:\/\/www.eldigitaldeasturias.com\/noticias\/wp-content\/uploads\/2013\/10\/UEestadosmiembroeurosI_EF-360x239.jpg\" width=\"360\" height=\"239\" \/>Berl\u00edn, 7 feb (dpa) &#8211; El programa del Banco Central Europeo (BCE) para comprar deuda p\u00fablica, uno de los instrumentos m\u00e1s exitosos y m\u00e1s pol\u00e9micos en la lucha contra la crisis, qued\u00f3 hoy en manos de la Justicia europea: el Constitucional alem\u00e1n mostr\u00f3 serias dudas sobre su legalidad y pidi\u00f3 al Tribunal Europeo que analice el caso.<\/p>\n<p>El m\u00e1ximo tribunal alem\u00e1n explic\u00f3 en un comunicado que ve \u00abrazones de peso\u00bb para considerar que las Transacciones Monetarias Directas (OMT, por sus siglas en ingl\u00e9s), aprobadas por el BCE ante la escalada de la crisis en septiembre de 2012, exceden el mandato del banco y violan la soberan\u00eda de los pa\u00edses miembros del euro.<\/p>\n<p>Sin embargo, los jueces consideraron que el programa podr\u00eda ajustarse al derecho comunitario con \u00abrestricciones significativas\u00bb, por lo que suspendieron el caso hasta conocer la opini\u00f3n del Tribunal Europeo de Justicia en Luxemburgo. Es la primera vez que el Constitucional alem\u00e1n eleva a la Corte europea una cuesti\u00f3n legal.<\/p>\n<p>El esperado pronunciamiento del tribunal de Karlsruhe desat\u00f3 una ola de reacciones a favor y en contra de las OMT y sacudi\u00f3 los mercados con una pregunta: \u00bfQu\u00e9 efecto tendr\u00e1 la decisi\u00f3n sobre el programa del BCE y sobre su pol\u00edtica anticrisis?<\/p>\n<p>\u00abEl BCE vuelve a insistir en que el programa de las OMT se encuentra dentro del marco de su mandato\u00bb, asegur\u00f3 hoy la entidad en su sede de Fr\u00e1ncfort repitiendo el argumento repetido una y otra vez por su presidente, Mario Draghi.<\/p>\n<p>Tambi\u00e9n la Comisi\u00f3n Europea se mostr\u00f3 \u00abconfiada en que el BCE, ejerciendo su mandato con plena independencia, act\u00faa en conformidad con la legislaci\u00f3n de la Uni\u00f3n Europea (UE)\u00bb, seg\u00fan un portavoz del comisario de Asuntos Econ\u00f3micos Olli Rehn.<\/p>\n<p>El gobierno alem\u00e1n, por su parte, \u00abtom\u00f3 nota de la decisi\u00f3n del Tribunal Constitucional con respeto\u00bb, dijo una portavoz de la canciller Angela Merkel.<\/p>\n<p>El BCE aprob\u00f3 la compra ilimitada de deuda p\u00fablica en septiembre de 2012 para frenar el acoso de los mercados sobre pa\u00edses como Espa\u00f1a o Italia, donde las primas de riesgo y los intereses de los bonos soberanos estaban creciendo de forma desbocada.<\/p>\n<p>Las OMT fijaban una condici\u00f3n innegociable: el pa\u00eds que quisiera beneficiarse de ellas deb\u00eda acogerse antes a un programa de rescate europeo y cumplir con sus requisitos de reformas y austeridad.<\/p>\n<p>Sin embargo, ning\u00fan socio del euro tuvo que dar ese paso: el mero anuncio de las OMT bast\u00f3 para calmar los \u00e1nimos de los mercados en el momento m\u00e1s tenso de la eurocrisis. La prima de riesgo y los bonos espa\u00f1oles e italianos volvieron paulatinamente a niveles asumibles.<\/p>\n<p>Muchos celebraron el paso dado por Draghi, pero sobre todo en Alemania gener\u00f3 el rechazo de quienes consideraron que las OMT exced\u00edan el mandato del banco.<\/p>\n<p>El presidente del Bundesbank, Jens Weidmann, fue el \u00fanico miembro del Consejo de Gobierno del BCE que vot\u00f3 en contra del programa. Adem\u00e1s, un grupo de diputados euroesc\u00e9pticos y de plataformas ciudadanas recurri\u00f3 las OMT ante el Tribunal Constitucional alem\u00e1n, abriendo el caso que motiv\u00f3 la decisi\u00f3n de hoy. La Corte no tiene poder para frenar el programa, porque el BCE es independiente de la Justicia alemana, pero un dictamen negativo en la primera potencia europea ser\u00eda un duro golpe a la confianza en las pol\u00edticas anticrisis del BCE.<\/p>\n<p>El diputado cristianosocial Peter Gauweiler, uno de los instigadores del recurso, celebr\u00f3 hoy el paso del Constitucional. \u00abLos jueces actuaron como esper\u00e1bamos\u00bb, se\u00f1al\u00f3 a la agencia dpa.<\/p>\n<p>Otros consideraron que lo ocurrido es una buena noticia para el BCE: \u00abLo m\u00e1s probable es que el Tribunal de Justicia Europeo se alinee con las instituciones comunitarias y dictamine que las OMT son compatibles con la legislaci\u00f3n del bloque\u00bb, dijo Raoul Ruparel, experto del centro de an\u00e1lisis Open Europe.<\/p>\n<p>Tampoco est\u00e1 claro cu\u00e1nto tardar\u00e1 la Justicia europea en pronunciarse, aunque incluso un procedimiento de urgencia demorar\u00eda por lo menos cuatro meses.<\/p>\n<p>La incertidumbre se dej\u00f3 sentir moderadamente en los mercados. Tras el anuncio del Constitucional alem\u00e1n, el euro cay\u00f3 un 0,2 por ciento y las principales Bolsas del continente quedaron en rojo antes de volver a valores positivos por la tarde.<\/p>\n<p>Por Pablo Sanguinetti<\/p>\n","protected":false},"excerpt":{"rendered":"<p>Berl\u00edn, 7 feb (dpa) &#8211; El programa del Banco Central Europeo (BCE) para comprar deuda p\u00fablica, uno de los instrumentos m\u00e1s exitosos y m\u00e1s pol\u00e9micos en la lucha contra la crisis, qued\u00f3 hoy en manos de la Justicia europea: el Constitucional alem\u00e1n mostr\u00f3 serias dudas sobre su legalidad y pidi\u00f3 al Tribunal Europeo que analice [&hellip;]<\/p>\n","protected":false},"author":1,"featured_media":438220,"comment_status":"open","ping_status":"open","sticky":false,"template":"","format":"standard","meta":{"footnotes":""},"categories":[1],"tags":[],"class_list":["post-486275","post","type-post","status-publish","format-standard","has-post-thumbnail","hentry","category-actualidad"],"aioseo_notices":[],"aioseo_head":"\n\t\t<!-- All in One SEO Pro 5.0.1 - aioseo.com -->\n\t<meta name=\"description\" content=\"Berl\u00edn, 7 feb (dpa) - El programa del Banco Central Europeo (BCE) para comprar deuda p\u00fablica, uno de los instrumentos m\u00e1s exitosos y m\u00e1s pol\u00e9micos en la lucha contra la crisis, qued\u00f3 hoy en manos de la Justicia europea: el Constitucional alem\u00e1n mostr\u00f3 serias dudas sobre su legalidad y pidi\u00f3 al Tribunal Europeo que analice\" \/>\n\t<meta name=\"robots\" content=\"max-image-preview:large\" \/>\n\t<meta name=\"author\" content=\"El Digital de Asturias\"\/>\n\t<meta name=\"google-site-verification\" content=\"UA-38556648-1\" \/>\n\t<meta name=\"msvalidate.01\" content=\"7dfe9f3f1b24437ab69f4f2559babe99\" \/>\n\t<meta name=\"keywords\" content=\"actualidad\" \/>\n\t<link rel=\"canonical\" href=\"https:\/\/www.eldigitaldeasturias.com\/noticias\/la-politica-anticrisis-del-bce-en-manos-de-la-justicia-europea\/\" \/>\n\t<meta name=\"generator\" content=\"All in One SEO Pro (AIOSEO) 5.0.1\" \/>\n\t\t<meta property=\"og:locale\" content=\"es_ES\" \/>\n\t\t<meta property=\"og:site_name\" content=\"El Digital de Asturias\" \/>\n\t\t<meta property=\"og:type\" content=\"article\" \/>\n\t\t<meta property=\"og:title\" content=\"La pol\u00edtica anticrisis del BCE, en manos de la Justicia europea - El Digital de Asturias\" \/>\n\t\t<meta property=\"og:description\" content=\"Berl\u00edn, 7 feb (dpa) - El programa del Banco Central Europeo (BCE) para comprar deuda p\u00fablica, uno de los instrumentos m\u00e1s exitosos y m\u00e1s pol\u00e9micos en la lucha contra la crisis, qued\u00f3 hoy en manos de la Justicia europea: el Constitucional alem\u00e1n mostr\u00f3 serias dudas sobre su legalidad y pidi\u00f3 al Tribunal Europeo que analice\" \/>\n\t\t<meta property=\"og:url\" content=\"https:\/\/www.eldigitaldeasturias.com\/noticias\/la-politica-anticrisis-del-bce-en-manos-de-la-justicia-europea\/\" \/>\n\t\t<meta property=\"article:tag\" content=\"actualidad\" \/>\n\t\t<meta property=\"article:published_time\" content=\"2014-02-08T00:49:04+00:00\" \/>\n\t\t<meta property=\"article:modified_time\" content=\"2014-02-08T00:49:04+00:00\" \/>\n\t\t<meta property=\"article:publisher\" content=\"https:\/\/facebook.com\/eldigitaldeasturias\" \/>\n\t\t<meta name=\"twitter:card\" content=\"summary_large_image\" \/>\n\t\t<meta name=\"twitter:title\" content=\"La pol\u00edtica anticrisis del BCE, en manos de la Justicia europea - El Digital de Asturias\" \/>\n\t\t<meta name=\"twitter:description\" content=\"Berl\u00edn, 7 feb (dpa) - El programa del Banco Central Europeo (BCE) para comprar deuda p\u00fablica, uno de los instrumentos m\u00e1s exitosos y m\u00e1s pol\u00e9micos en la lucha contra la crisis, qued\u00f3 hoy en manos de la Justicia europea: el Constitucional alem\u00e1n mostr\u00f3 serias dudas sobre su legalidad y pidi\u00f3 al Tribunal Europeo que analice\" \/>\n\t\t<meta name=\"twitter:label1\" content=\"Escrito por\" \/>\n\t\t<meta name=\"twitter:data1\" content=\"El Digital de Asturias\" \/>\n\t\t<meta name=\"twitter:label2\" content=\"Tiempo de lectura estimado\" \/>\n\t\t<meta name=\"twitter:data2\" content=\"4 minutos\" \/>\n\t\t<script type=\"application\/ld+json\" class=\"aioseo-schema\">\n\t\t\t{\"@context\":\"https:\\\/\\\/schema.org\",\"@graph\":[{\"@type\":\"BlogPosting\",\"@id\":\"https:\\\/\\\/www.eldigitaldeasturias.com\\\/noticias\\\/la-politica-anticrisis-del-bce-en-manos-de-la-justicia-europea\\\/#blogposting\",\"name\":\"La pol\\u00edtica anticrisis del BCE, en manos de la Justicia europea - El Digital de Asturias\",\"headline\":\"La pol\\u00edtica anticrisis del BCE, en manos de la Justicia europea\",\"author\":{\"@id\":\"https:\\\/\\\/www.eldigitaldeasturias.com\\\/noticias\\\/author\\\/admin\\\/#author\"},\"publisher\":{\"@id\":\"https:\\\/\\\/www.eldigitaldeasturias.com\\\/noticias\\\/#organization\"},\"image\":{\"@type\":\"ImageObject\",\"url\":438220},\"datePublished\":\"2014-02-07T23:49:04+01:00\",\"dateModified\":\"2014-02-07T23:49:04+01:00\",\"inLanguage\":\"es-ES\",\"mainEntityOfPage\":{\"@id\":\"https:\\\/\\\/www.eldigitaldeasturias.com\\\/noticias\\\/la-politica-anticrisis-del-bce-en-manos-de-la-justicia-europea\\\/#webpage\"},\"isPartOf\":{\"@id\":\"https:\\\/\\\/www.eldigitaldeasturias.com\\\/noticias\\\/la-politica-anticrisis-del-bce-en-manos-de-la-justicia-europea\\\/#webpage\"},\"articleSection\":\"Actualidad\"},{\"@type\":\"BreadcrumbList\",\"@id\":\"https:\\\/\\\/www.eldigitaldeasturias.com\\\/noticias\\\/la-politica-anticrisis-del-bce-en-manos-de-la-justicia-europea\\\/#breadcrumblist\",\"itemListElement\":[{\"@type\":\"ListItem\",\"@id\":\"https:\\\/\\\/www.eldigitaldeasturias.com\\\/noticias#listItem\",\"position\":1,\"name\":\"Home\",\"item\":\"https:\\\/\\\/www.eldigitaldeasturias.com\\\/noticias\",\"nextItem\":{\"@type\":\"ListItem\",\"@id\":\"https:\\\/\\\/www.eldigitaldeasturias.com\\\/noticias\\\/category\\\/actualidad\\\/#listItem\",\"name\":\"Actualidad\"}},{\"@type\":\"ListItem\",\"@id\":\"https:\\\/\\\/www.eldigitaldeasturias.com\\\/noticias\\\/category\\\/actualidad\\\/#listItem\",\"position\":2,\"name\":\"Actualidad\",\"item\":\"https:\\\/\\\/www.eldigitaldeasturias.com\\\/noticias\\\/category\\\/actualidad\\\/\",\"nextItem\":{\"@type\":\"ListItem\",\"@id\":\"https:\\\/\\\/www.eldigitaldeasturias.com\\\/noticias\\\/la-politica-anticrisis-del-bce-en-manos-de-la-justicia-europea\\\/#listItem\",\"name\":\"La pol\\u00edtica anticrisis del BCE, en manos de la Justicia europea\"},\"previousItem\":{\"@type\":\"ListItem\",\"@id\":\"https:\\\/\\\/www.eldigitaldeasturias.com\\\/noticias#listItem\",\"name\":\"Home\"}},{\"@type\":\"ListItem\",\"@id\":\"https:\\\/\\\/www.eldigitaldeasturias.com\\\/noticias\\\/la-politica-anticrisis-del-bce-en-manos-de-la-justicia-europea\\\/#listItem\",\"position\":3,\"name\":\"La pol\\u00edtica anticrisis del BCE, en manos de la Justicia europea\",\"previousItem\":{\"@type\":\"ListItem\",\"@id\":\"https:\\\/\\\/www.eldigitaldeasturias.com\\\/noticias\\\/category\\\/actualidad\\\/#listItem\",\"name\":\"Actualidad\"}}]},{\"@type\":\"Organization\",\"@id\":\"https:\\\/\\\/www.eldigitaldeasturias.com\\\/noticias\\\/#organization\",\"name\":\"El Digital de Asturias\",\"description\":\"Hemeroteca\",\"url\":\"https:\\\/\\\/www.eldigitaldeasturias.com\\\/noticias\\\/\",\"email\":\"info@eldigitaldeasturias.com\",\"telephone\":\"+34652131393\",\"logo\":{\"@type\":\"ImageObject\",\"url\":\"https:\\\/\\\/www.eldigitaldeasturias.com\\\/noticias\\\/wp-content\\\/uploads\\\/2020\\\/12\\\/EDA.jpg\",\"@id\":\"https:\\\/\\\/www.eldigitaldeasturias.com\\\/noticias\\\/la-politica-anticrisis-del-bce-en-manos-de-la-justicia-europea\\\/#organizationLogo\"},\"image\":{\"@id\":\"https:\\\/\\\/www.eldigitaldeasturias.com\\\/noticias\\\/la-politica-anticrisis-del-bce-en-manos-de-la-justicia-europea\\\/#organizationLogo\"},\"sameAs\":[\"https:\\\/\\\/facebook.com\\\/eldigitaldeasturias\",\"https:\\\/\\\/www.youtube.com\\\/channel\\\/UCZP-2wLEB9Rv6erhFmqVnvg\"],\"address\":{\"@id\":\"https:\\\/\\\/www.eldigitaldeasturias.com\\\/noticias\\\/#postaladdress\",\"@type\":\"PostalAddress\",\"streetAddress\":\"san antonio 4\",\"postalCode\":\"33430\",\"addressLocality\":\"Cand\\u00e1s\",\"addressRegion\":\"Asturias\",\"addressCountry\":\"ES\"}},{\"@type\":\"Person\",\"@id\":\"https:\\\/\\\/www.eldigitaldeasturias.com\\\/noticias\\\/author\\\/admin\\\/#author\",\"url\":\"https:\\\/\\\/www.eldigitaldeasturias.com\\\/noticias\\\/author\\\/admin\\\/\",\"name\":\"El Digital de Asturias\",\"image\":{\"@type\":\"ImageObject\",\"@id\":\"https:\\\/\\\/www.eldigitaldeasturias.com\\\/noticias\\\/la-politica-anticrisis-del-bce-en-manos-de-la-justicia-europea\\\/#authorImage\",\"url\":\"https:\\\/\\\/secure.gravatar.com\\\/avatar\\\/df2aeffc32bcd13f8d26072ef8a91b623d677766deac7f97ca815868cd41bf5e?s=96&d=mm&r=g\",\"width\":96,\"height\":96,\"caption\":\"El Digital de Asturias\"}},{\"@type\":\"WebPage\",\"@id\":\"https:\\\/\\\/www.eldigitaldeasturias.com\\\/noticias\\\/la-politica-anticrisis-del-bce-en-manos-de-la-justicia-europea\\\/#webpage\",\"url\":\"https:\\\/\\\/www.eldigitaldeasturias.com\\\/noticias\\\/la-politica-anticrisis-del-bce-en-manos-de-la-justicia-europea\\\/\",\"name\":\"La pol\\u00edtica anticrisis del BCE, en manos de la Justicia europea - El Digital de Asturias\",\"description\":\"Berl\\u00edn, 7 feb (dpa) - El programa del Banco Central Europeo (BCE) para comprar deuda p\\u00fablica, uno de los instrumentos m\\u00e1s exitosos y m\\u00e1s pol\\u00e9micos en la lucha contra la crisis, qued\\u00f3 hoy en manos de la Justicia europea: el Constitucional alem\\u00e1n mostr\\u00f3 serias dudas sobre su legalidad y pidi\\u00f3 al Tribunal Europeo que analice\",\"inLanguage\":\"es-ES\",\"isPartOf\":{\"@id\":\"https:\\\/\\\/www.eldigitaldeasturias.com\\\/noticias\\\/#website\"},\"breadcrumb\":{\"@id\":\"https:\\\/\\\/www.eldigitaldeasturias.com\\\/noticias\\\/la-politica-anticrisis-del-bce-en-manos-de-la-justicia-europea\\\/#breadcrumblist\"},\"author\":{\"@id\":\"https:\\\/\\\/www.eldigitaldeasturias.com\\\/noticias\\\/author\\\/admin\\\/#author\"},\"creator\":{\"@id\":\"https:\\\/\\\/www.eldigitaldeasturias.com\\\/noticias\\\/author\\\/admin\\\/#author\"},\"image\":{\"@type\":\"ImageObject\",\"url\":438220,\"@id\":\"https:\\\/\\\/www.eldigitaldeasturias.com\\\/noticias\\\/la-politica-anticrisis-del-bce-en-manos-de-la-justicia-europea\\\/#mainImage\"},\"primaryImageOfPage\":{\"@id\":\"https:\\\/\\\/www.eldigitaldeasturias.com\\\/noticias\\\/la-politica-anticrisis-del-bce-en-manos-de-la-justicia-europea\\\/#mainImage\"},\"datePublished\":\"2014-02-07T23:49:04+01:00\",\"dateModified\":\"2014-02-07T23:49:04+01:00\"},{\"@type\":\"WebSite\",\"@id\":\"https:\\\/\\\/www.eldigitaldeasturias.com\\\/noticias\\\/#website\",\"url\":\"https:\\\/\\\/www.eldigitaldeasturias.com\\\/noticias\\\/\",\"name\":\"El Digital de Asturias - Diario de actualidad y noticias\",\"alternateName\":\"El Digital de Asturias - Diario de actualidad y noticias\",\"description\":\"Hemeroteca\",\"inLanguage\":\"es-ES\",\"publisher\":{\"@id\":\"https:\\\/\\\/www.eldigitaldeasturias.com\\\/noticias\\\/#organization\"}}]}\n\t\t<\/script>\n\t\t<!-- All in One SEO Pro -->\r\n\t\t<title>La pol\u00edtica anticrisis del BCE, en manos de la Justicia europea - El Digital de Asturias<\/title>\n\n","aioseo_head_json":{"title":"La pol\u00edtica anticrisis del BCE, en manos de la Justicia europea - El Digital de Asturias","description":"Berl\u00edn, 7 feb (dpa) - El programa del Banco Central Europeo (BCE) para comprar deuda p\u00fablica, uno de los instrumentos m\u00e1s exitosos y m\u00e1s pol\u00e9micos en la lucha contra la crisis, qued\u00f3 hoy en manos de la Justicia europea: el Constitucional alem\u00e1n mostr\u00f3 serias dudas sobre su legalidad y pidi\u00f3 al Tribunal Europeo que analice","canonical_url":"https:\/\/www.eldigitaldeasturias.com\/noticias\/la-politica-anticrisis-del-bce-en-manos-de-la-justicia-europea\/","robots":"max-image-preview:large","keywords":"actualidad","webmasterTools":{"google-site-verification":"UA-38556648-1","msvalidate.01":"7dfe9f3f1b24437ab69f4f2559babe99","miscellaneous":""},"schema":{"@context":"https:\/\/schema.org","@graph":[{"@type":"BlogPosting","@id":"https:\/\/www.eldigitaldeasturias.com\/noticias\/la-politica-anticrisis-del-bce-en-manos-de-la-justicia-europea\/#blogposting","name":"La pol\u00edtica anticrisis del BCE, en manos de la Justicia europea - El Digital de Asturias","headline":"La pol\u00edtica anticrisis del BCE, en manos de la Justicia europea","author":{"@id":"https:\/\/www.eldigitaldeasturias.com\/noticias\/author\/admin\/#author"},"publisher":{"@id":"https:\/\/www.eldigitaldeasturias.com\/noticias\/#organization"},"image":{"@type":"ImageObject","url":438220},"datePublished":"2014-02-07T23:49:04+01:00","dateModified":"2014-02-07T23:49:04+01:00","inLanguage":"es-ES","mainEntityOfPage":{"@id":"https:\/\/www.eldigitaldeasturias.com\/noticias\/la-politica-anticrisis-del-bce-en-manos-de-la-justicia-europea\/#webpage"},"isPartOf":{"@id":"https:\/\/www.eldigitaldeasturias.com\/noticias\/la-politica-anticrisis-del-bce-en-manos-de-la-justicia-europea\/#webpage"},"articleSection":"Actualidad"},{"@type":"BreadcrumbList","@id":"https:\/\/www.eldigitaldeasturias.com\/noticias\/la-politica-anticrisis-del-bce-en-manos-de-la-justicia-europea\/#breadcrumblist","itemListElement":[{"@type":"ListItem","@id":"https:\/\/www.eldigitaldeasturias.com\/noticias#listItem","position":1,"name":"Home","item":"https:\/\/www.eldigitaldeasturias.com\/noticias","nextItem":{"@type":"ListItem","@id":"https:\/\/www.eldigitaldeasturias.com\/noticias\/category\/actualidad\/#listItem","name":"Actualidad"}},{"@type":"ListItem","@id":"https:\/\/www.eldigitaldeasturias.com\/noticias\/category\/actualidad\/#listItem","position":2,"name":"Actualidad","item":"https:\/\/www.eldigitaldeasturias.com\/noticias\/category\/actualidad\/","nextItem":{"@type":"ListItem","@id":"https:\/\/www.eldigitaldeasturias.com\/noticias\/la-politica-anticrisis-del-bce-en-manos-de-la-justicia-europea\/#listItem","name":"La pol\u00edtica anticrisis del BCE, en manos de la Justicia europea"},"previousItem":{"@type":"ListItem","@id":"https:\/\/www.eldigitaldeasturias.com\/noticias#listItem","name":"Home"}},{"@type":"ListItem","@id":"https:\/\/www.eldigitaldeasturias.com\/noticias\/la-politica-anticrisis-del-bce-en-manos-de-la-justicia-europea\/#listItem","position":3,"name":"La pol\u00edtica anticrisis del BCE, en manos de la Justicia europea","previousItem":{"@type":"ListItem","@id":"https:\/\/www.eldigitaldeasturias.com\/noticias\/category\/actualidad\/#listItem","name":"Actualidad"}}]},{"@type":"Organization","@id":"https:\/\/www.eldigitaldeasturias.com\/noticias\/#organization","name":"El Digital de Asturias","description":"Hemeroteca","url":"https:\/\/www.eldigitaldeasturias.com\/noticias\/","email":"info@eldigitaldeasturias.com","telephone":"+34652131393","logo":{"@type":"ImageObject","url":"https:\/\/www.eldigitaldeasturias.com\/noticias\/wp-content\/uploads\/2020\/12\/EDA.jpg","@id":"https:\/\/www.eldigitaldeasturias.com\/noticias\/la-politica-anticrisis-del-bce-en-manos-de-la-justicia-europea\/#organizationLogo"},"image":{"@id":"https:\/\/www.eldigitaldeasturias.com\/noticias\/la-politica-anticrisis-del-bce-en-manos-de-la-justicia-europea\/#organizationLogo"},"sameAs":["https:\/\/facebook.com\/eldigitaldeasturias","https:\/\/www.youtube.com\/channel\/UCZP-2wLEB9Rv6erhFmqVnvg"],"address":{"@id":"https:\/\/www.eldigitaldeasturias.com\/noticias\/#postaladdress","@type":"PostalAddress","streetAddress":"san antonio 4","postalCode":"33430","addressLocality":"Cand\u00e1s","addressRegion":"Asturias","addressCountry":"ES"}},{"@type":"Person","@id":"https:\/\/www.eldigitaldeasturias.com\/noticias\/author\/admin\/#author","url":"https:\/\/www.eldigitaldeasturias.com\/noticias\/author\/admin\/","name":"El Digital de Asturias","image":{"@type":"ImageObject","@id":"https:\/\/www.eldigitaldeasturias.com\/noticias\/la-politica-anticrisis-del-bce-en-manos-de-la-justicia-europea\/#authorImage","url":"https:\/\/secure.gravatar.com\/avatar\/df2aeffc32bcd13f8d26072ef8a91b623d677766deac7f97ca815868cd41bf5e?s=96&d=mm&r=g","width":96,"height":96,"caption":"El Digital de Asturias"}},{"@type":"WebPage","@id":"https:\/\/www.eldigitaldeasturias.com\/noticias\/la-politica-anticrisis-del-bce-en-manos-de-la-justicia-europea\/#webpage","url":"https:\/\/www.eldigitaldeasturias.com\/noticias\/la-politica-anticrisis-del-bce-en-manos-de-la-justicia-europea\/","name":"La pol\u00edtica anticrisis del BCE, en manos de la Justicia europea - El Digital de Asturias","description":"Berl\u00edn, 7 feb (dpa) - El programa del Banco Central Europeo (BCE) para comprar deuda p\u00fablica, uno de los instrumentos m\u00e1s exitosos y m\u00e1s pol\u00e9micos en la lucha contra la crisis, qued\u00f3 hoy en manos de la Justicia europea: el Constitucional alem\u00e1n mostr\u00f3 serias dudas sobre su legalidad y pidi\u00f3 al Tribunal Europeo que analice","inLanguage":"es-ES","isPartOf":{"@id":"https:\/\/www.eldigitaldeasturias.com\/noticias\/#website"},"breadcrumb":{"@id":"https:\/\/www.eldigitaldeasturias.com\/noticias\/la-politica-anticrisis-del-bce-en-manos-de-la-justicia-europea\/#breadcrumblist"},"author":{"@id":"https:\/\/www.eldigitaldeasturias.com\/noticias\/author\/admin\/#author"},"creator":{"@id":"https:\/\/www.eldigitaldeasturias.com\/noticias\/author\/admin\/#author"},"image":{"@type":"ImageObject","url":438220,"@id":"https:\/\/www.eldigitaldeasturias.com\/noticias\/la-politica-anticrisis-del-bce-en-manos-de-la-justicia-europea\/#mainImage"},"primaryImageOfPage":{"@id":"https:\/\/www.eldigitaldeasturias.com\/noticias\/la-politica-anticrisis-del-bce-en-manos-de-la-justicia-europea\/#mainImage"},"datePublished":"2014-02-07T23:49:04+01:00","dateModified":"2014-02-07T23:49:04+01:00"},{"@type":"WebSite","@id":"https:\/\/www.eldigitaldeasturias.com\/noticias\/#website","url":"https:\/\/www.eldigitaldeasturias.com\/noticias\/","name":"El Digital de Asturias - Diario de actualidad y noticias","alternateName":"El Digital de Asturias - Diario de actualidad y noticias","description":"Hemeroteca","inLanguage":"es-ES","publisher":{"@id":"https:\/\/www.eldigitaldeasturias.com\/noticias\/#organization"}}]},"og:locale":"es_ES","og:site_name":"El Digital de Asturias","og:type":"article","og:title":"La pol\u00edtica anticrisis del BCE, en manos de la Justicia europea - El Digital de Asturias","og:description":"Berl\u00edn, 7 feb (dpa) - El programa del Banco Central Europeo (BCE) para comprar deuda p\u00fablica, uno de los instrumentos m\u00e1s exitosos y m\u00e1s pol\u00e9micos en la lucha contra la crisis, qued\u00f3 hoy en manos de la Justicia europea: el Constitucional alem\u00e1n mostr\u00f3 serias dudas sobre su legalidad y pidi\u00f3 al Tribunal Europeo que analice","og:url":"https:\/\/www.eldigitaldeasturias.com\/noticias\/la-politica-anticrisis-del-bce-en-manos-de-la-justicia-europea\/","article:tag":["actualidad"],"article:published_time":"2014-02-08T00:49:04+00:00","article:modified_time":"2014-02-08T00:49:04+00:00","article:publisher":"https:\/\/facebook.com\/eldigitaldeasturias","twitter:card":"summary_large_image","twitter:title":"La pol\u00edtica anticrisis del BCE, en manos de la Justicia europea - El Digital de Asturias","twitter:description":"Berl\u00edn, 7 feb (dpa) - El programa del Banco Central Europeo (BCE) para comprar deuda p\u00fablica, uno de los instrumentos m\u00e1s exitosos y m\u00e1s pol\u00e9micos en la lucha contra la crisis, qued\u00f3 hoy en manos de la Justicia europea: el Constitucional alem\u00e1n mostr\u00f3 serias dudas sobre su legalidad y pidi\u00f3 al Tribunal Europeo que analice","twitter:label1":"Escrito por","twitter:data1":"El Digital de Asturias","twitter:label2":"Tiempo de lectura estimado","twitter:data2":"4 minutos"},"aioseo_meta_data":{"post_id":"486275","title":null,"description":null,"keywords":null,"keyphrases":null,"primary_term":null,"canonical_url":null,"og_title":null,"og_description":null,"og_object_type":"default","og_image_type":"default","og_image_url":null,"og_image_width":null,"og_image_height":null,"og_image_custom_url":null,"og_image_custom_fields":null,"og_video":null,"og_custom_url":null,"og_article_section":null,"og_article_tags":null,"twitter_use_og":true,"twitter_card":"default","twitter_image_type":"default","twitter_image_url":null,"twitter_image_custom_url":null,"twitter_image_custom_fields":null,"twitter_title":null,"twitter_description":null,"schema":{"blockGraphs":[],"customGraphs":[],"default":{"data":{"Article":[],"Course":[],"Dataset":[],"FAQPage":[],"Movie":[],"Person":[],"Product":[],"ProductReview":[],"Car":[],"Recipe":[],"Service":[],"SoftwareApplication":[],"WebPage":[]},"graphName":"","isEnabled":true},"graphs":[],"defaultGraph":"","defaultPostTypeGraph":""},"schema_type":null,"schema_type_options":null,"pillar_content":false,"robots_default":true,"robots_noindex":false,"robots_noarchive":false,"robots_nosnippet":false,"robots_nofollow":false,"robots_noimageindex":false,"robots_noodp":false,"robots_notranslate":false,"robots_max_snippet":null,"robots_max_videopreview":null,"robots_max_imagepreview":"none","priority":null,"frequency":null,"local_seo":null,"seo_analyzer_scan_date":"2026-06-03 00:10:50","breadcrumb_settings":null,"limit_modified_date":false,"open_ai":null,"ai":null,"created":"2020-11-14 22:56:04","updated":"2026-06-03 00:10:50","focus_keyword":null,"additional_keywords":null,"truseo_locale":null},"aioseo_breadcrumb":"<div class=\"aioseo-breadcrumbs\"><span class=\"aioseo-breadcrumb\">\n\t<a href=\"https:\/\/www.eldigitaldeasturias.com\/noticias\" title=\"Home\">Home<\/a>\n<\/span><span class=\"aioseo-breadcrumb-separator\">\u2013<\/span><span class=\"aioseo-breadcrumb\">\n\t<a href=\"https:\/\/www.eldigitaldeasturias.com\/noticias\/category\/actualidad\/\" title=\"Actualidad\">Actualidad<\/a>\n<\/span><span class=\"aioseo-breadcrumb-separator\">\u2013<\/span><span class=\"aioseo-breadcrumb\">\n\t<a href=\"https:\/\/www.eldigitaldeasturias.com\/noticias\/la-politica-anticrisis-del-bce-en-manos-de-la-justicia-europea\/\" title=\"La pol\u00edtica anticrisis del BCE, en manos de la Justicia europea\">La pol\u00edtica anticrisis del BCE, en manos de la Justicia europea<\/a>\n<\/span><\/div>","aioseo_breadcrumb_json":[{"label":"Home","link":"https:\/\/www.eldigitaldeasturias.com\/noticias"},{"label":"Actualidad","link":"https:\/\/www.eldigitaldeasturias.com\/noticias\/category\/actualidad\/"},{"label":"La pol\u00edtica anticrisis del BCE, en manos de la Justicia europea","link":"https:\/\/www.eldigitaldeasturias.com\/noticias\/la-politica-anticrisis-del-bce-en-manos-de-la-justicia-europea\/"}],"_links":{"self":[{"href":"https:\/\/www.eldigitaldeasturias.com\/noticias\/wp-json\/wp\/v2\/posts\/486275","targetHints":{"allow":["GET"]}}],"collection":[{"href":"https:\/\/www.eldigitaldeasturias.com\/noticias\/wp-json\/wp\/v2\/posts"}],"about":[{"href":"https:\/\/www.eldigitaldeasturias.com\/noticias\/wp-json\/wp\/v2\/types\/post"}],"author":[{"embeddable":true,"href":"https:\/\/www.eldigitaldeasturias.com\/noticias\/wp-json\/wp\/v2\/users\/1"}],"replies":[{"embeddable":true,"href":"https:\/\/www.eldigitaldeasturias.com\/noticias\/wp-json\/wp\/v2\/comments?post=486275"}],"version-history":[{"count":0,"href":"https:\/\/www.eldigitaldeasturias.com\/noticias\/wp-json\/wp\/v2\/posts\/486275\/revisions"}],"wp:attachment":[{"href":"https:\/\/www.eldigitaldeasturias.com\/noticias\/wp-json\/wp\/v2\/media?parent=486275"}],"wp:term":[{"taxonomy":"category","embeddable":true,"href":"https:\/\/www.eldigitaldeasturias.com\/noticias\/wp-json\/wp\/v2\/categories?post=486275"},{"taxonomy":"post_tag","embeddable":true,"href":"https:\/\/www.eldigitaldeasturias.com\/noticias\/wp-json\/wp\/v2\/tags?post=486275"}],"curies":[{"name":"wp","href":"https:\/\/api.w.org\/{rel}","templated":true}]}}