{"id":486273,"date":"2014-02-07T23:46:13","date_gmt":"2014-02-08T00:46:13","guid":{"rendered":"http:\/\/www.eldigitaldeasturias.com\/noticias\/?p=486273"},"modified":"2014-02-07T23:46:13","modified_gmt":"2014-02-08T00:46:13","slug":"caso-noos-un-golpe-para-la-monarquia-espanola-del-que-se-hace-negocio","status":"publish","type":"post","link":"https:\/\/www.eldigitaldeasturias.com\/noticias\/caso-noos-un-golpe-para-la-monarquia-espanola-del-que-se-hace-negocio\/","title":{"rendered":"Caso N\u00f3os : Un golpe para la monarqu\u00eda espa\u00f1ola del que se hace negocio"},"content":{"rendered":"<p><img loading=\"lazy\" decoding=\"async\" class=\"alignleft size-full wp-image-440982\" alt=\"infanta\" src=\"https:\/\/www.eldigitaldeasturias.com\/noticias\/wp-content\/uploads\/2013\/10\/infanta.jpg\" width=\"300\" height=\"198\" \/>Palma, 7 feb (dpa) &#8211; Un negocio. Eso es el caso de corrupci\u00f3n que hace temblar a la monarqu\u00eda espa\u00f1ola para bares, cafeter\u00edas y hoteles de las inmediaciones del juzgado de instrucci\u00f3n n\u00famero 3 de Palma de Mallorca, donde la infanta Cristina de Borb\u00f3n declarar\u00e1 ma\u00f1ana s\u00e1bado como imputada.<\/p>\n<p>\u00abVamos como locos y ma\u00f1ana esto va estar hasta arriba\u00bb. Habla Paula en el restaurante \u00abEs Suprem\u00bb, un negocio familiar abierto desde la ma\u00f1ana hasta la noche, donde tanto se desayuna, como se come o se toma un tentempi\u00e9 a media ma\u00f1ana. \u00abEste mes le pido a mi padre un sobresueldo por trabajar estos d\u00edas\u00bb.<\/p>\n<p>Situado justo enfrente de la rampa por la que la hija peque\u00f1a del rey Juan Carlos bajar\u00e1 ma\u00f1ana a pie o en autom\u00f3vil hasta la puerta del juzgado, el lugar estaba hoy hasta arriba.<\/p>\n<p>El establecimiento, donde Paula, su madre y su hermano trabajaban sin parar pero sin perder la sonrisa, es centro de reuni\u00f3n de periodistas que cubren el \u00abcaso N\u00f3os\u00bb. Por su ubicaci\u00f3n privilegiada y porque ma\u00f1ana s\u00e1bado, al estar cerrado el edificio de los juzgados, no habr\u00e1 sala alguna en la que trabajar.<\/p>\n<p>Con la declaraci\u00f3n de la infanta sube estos d\u00edas la caja de \u00abEs Suprem\u00bb, mientras Paula y su madre son reclamadas por los periodistas en busca de testimonios de color para sus cr\u00f3nicas y para directos de televisi\u00f3n y radio.<\/p>\n<p>\u00abAhora mismo no puedo porque estoy sola. Mi madre est\u00e1 grabando fuera con la tele y no puedo dejar a los clientes. Pero si llamas m\u00e1s tarde, te atiendo\u00bb.<\/p>\n<p>El telef\u00f3no tuvo momentos de no dejar de sonar este viernes por la ma\u00f1ana, mientras por el lugar se mov\u00edan tr\u00edpodes y objetivos y sus mesas hac\u00edan las veces de escritorio de redacci\u00f3n.<\/p>\n<p>Encima de \u00abEs Suprem\u00bb las c\u00e1maras se han hecho fuertes. El balc\u00f3n del primer piso del n\u00famero 15 de la calle Parellades, la trasera de los juzgados, ha sido alquilado por 1.500 euros (unos 2.000 d\u00f3lares). \u00abSon 1.500 euros, no las barbaridades que se est\u00e1n escribiendo por ah\u00ed\u00bb, insist\u00eda hoy Mari \u00c1ngeles, una de las vecinas, a la entrada del portal.<\/p>\n<p>Tiene las mejores vistas de la rampa, el lugar m\u00e1s apropiado para tomar las im\u00e1genes hist\u00f3ricas de una infanta de Espa\u00f1a entrando al tribunal para prestar declaraci\u00f3n como imputada en el caso de corrupci\u00f3n que protagoniza su marido.<\/p>\n<p>I\u00f1aki Urdangarin est\u00e1 acusado por el juez de haberse apropiado de casi seis millones de euros de dinero p\u00fablico junto con su socio desde el Instituto N\u00f3os, una organizaci\u00f3n que en teor\u00eda no ten\u00eda \u00e1nimo de lucro. Y el magistrado considera que la infanta pudo cometer fraude fiscal y blanqueo de dinero como copropietaria de Aizoon, la empresa a la que se desvi\u00f3 presuntamente gran parte del dinero malversado.<\/p>\n<p>Los due\u00f1os del balc\u00f3n lo alquilaron ya las dos veces que Urdangarin declar\u00f3 como imputado -en febrero de 2012 y de 2013- ante el juez Jos\u00e9 Castro, el magistrado que ha sentado a los duques de Palma ante la Justicia.<\/p>\n<p>\u00abLas declaraciones del &#8216;caso N\u00f3os&#8217; se han convertido en un negocio para el barrio\u00bb, confirmaba otro vecino.<\/p>\n<p>Esta vez son 350 los periodistas acreditados de m\u00e1s de 90 medios, muchos de ellos internacionales llegados de fuera de Mallorca y quienes tuvieron que buscar alojamiento en Palma.<\/p>\n<p>\u00abLos hoteles que hay aqu\u00ed cerca hace ya tiempo que no tienen habitaciones libres\u00bb, contaba hoy una funcionaria del juzgado. Un poco m\u00e1s lejos, a diez minutos andando, las reservas hoteleras fueron m\u00e1s f\u00e1ciles para los rezagados.<\/p>\n<p>Por Sara Barderas<\/p>\n","protected":false},"excerpt":{"rendered":"<p>Palma, 7 feb (dpa) &#8211; Un negocio. Eso es el caso de corrupci\u00f3n que hace temblar a la monarqu\u00eda espa\u00f1ola para bares, cafeter\u00edas y hoteles de las inmediaciones del juzgado de instrucci\u00f3n n\u00famero 3 de Palma de Mallorca, donde la infanta Cristina de Borb\u00f3n declarar\u00e1 ma\u00f1ana s\u00e1bado como imputada. \u00abVamos como locos y ma\u00f1ana esto [&hellip;]<\/p>\n","protected":false},"author":1,"featured_media":1132184,"comment_status":"open","ping_status":"open","sticky":false,"template":"","format":"standard","meta":{"footnotes":""},"categories":[1],"tags":[],"class_list":["post-486273","post","type-post","status-publish","format-standard","has-post-thumbnail","hentry","category-actualidad"],"aioseo_notices":[],"aioseo_head":"\n\t\t<!-- All in One SEO Pro 5.0.1 - aioseo.com -->\n\t<meta name=\"description\" content=\"Palma, 7 feb (dpa) - Un negocio. Eso es el caso de corrupci\u00f3n que hace temblar a la monarqu\u00eda espa\u00f1ola para bares, cafeter\u00edas y hoteles de las inmediaciones del juzgado de instrucci\u00f3n n\u00famero 3 de Palma de Mallorca, donde la infanta Cristina de Borb\u00f3n declarar\u00e1 ma\u00f1ana s\u00e1bado como imputada. &quot;Vamos como locos y ma\u00f1ana esto\" \/>\n\t<meta name=\"robots\" content=\"max-image-preview:large\" \/>\n\t<meta name=\"author\" content=\"El Digital de Asturias\"\/>\n\t<meta name=\"google-site-verification\" content=\"UA-38556648-1\" \/>\n\t<meta name=\"msvalidate.01\" content=\"7dfe9f3f1b24437ab69f4f2559babe99\" \/>\n\t<meta name=\"keywords\" content=\"actualidad\" \/>\n\t<link rel=\"canonical\" href=\"https:\/\/www.eldigitaldeasturias.com\/noticias\/caso-noos-un-golpe-para-la-monarquia-espanola-del-que-se-hace-negocio\/\" \/>\n\t<meta name=\"generator\" content=\"All in One SEO Pro (AIOSEO) 5.0.1\" \/>\n\t\t<meta property=\"og:locale\" content=\"es_ES\" \/>\n\t\t<meta property=\"og:site_name\" content=\"El Digital de Asturias\" \/>\n\t\t<meta property=\"og:type\" content=\"article\" \/>\n\t\t<meta property=\"og:title\" content=\"Caso N\u00f3os : Un golpe para la monarqu\u00eda espa\u00f1ola del que se hace negocio - El Digital de Asturias\" \/>\n\t\t<meta property=\"og:description\" content=\"Palma, 7 feb (dpa) - Un negocio. Eso es el caso de corrupci\u00f3n que hace temblar a la monarqu\u00eda espa\u00f1ola para bares, cafeter\u00edas y hoteles de las inmediaciones del juzgado de instrucci\u00f3n n\u00famero 3 de Palma de Mallorca, donde la infanta Cristina de Borb\u00f3n declarar\u00e1 ma\u00f1ana s\u00e1bado como imputada. &quot;Vamos como locos y ma\u00f1ana esto\" \/>\n\t\t<meta property=\"og:url\" content=\"https:\/\/www.eldigitaldeasturias.com\/noticias\/caso-noos-un-golpe-para-la-monarquia-espanola-del-que-se-hace-negocio\/\" \/>\n\t\t<meta property=\"og:image\" content=\"https:\/\/www.eldigitaldeasturias.com\/noticias\/wp-content\/uploads\/2026\/06\/Contenidos.jpg\" \/>\n\t\t<meta property=\"og:image:secure_url\" content=\"https:\/\/www.eldigitaldeasturias.com\/noticias\/wp-content\/uploads\/2026\/06\/Contenidos.jpg\" \/>\n\t\t<meta property=\"og:image:width\" content=\"1265\" \/>\n\t\t<meta property=\"og:image:height\" content=\"697\" \/>\n\t\t<meta property=\"article:tag\" content=\"actualidad\" \/>\n\t\t<meta property=\"article:published_time\" content=\"2014-02-08T00:46:13+00:00\" \/>\n\t\t<meta property=\"article:modified_time\" content=\"2014-02-08T00:46:13+00:00\" \/>\n\t\t<meta property=\"article:publisher\" content=\"https:\/\/facebook.com\/eldigitaldeasturias\" \/>\n\t\t<meta name=\"twitter:card\" content=\"summary_large_image\" \/>\n\t\t<meta name=\"twitter:title\" content=\"Caso N\u00f3os : Un golpe para la monarqu\u00eda espa\u00f1ola del que se hace negocio - El Digital de Asturias\" \/>\n\t\t<meta name=\"twitter:description\" content=\"Palma, 7 feb (dpa) - Un negocio. Eso es el caso de corrupci\u00f3n que hace temblar a la monarqu\u00eda espa\u00f1ola para bares, cafeter\u00edas y hoteles de las inmediaciones del juzgado de instrucci\u00f3n n\u00famero 3 de Palma de Mallorca, donde la infanta Cristina de Borb\u00f3n declarar\u00e1 ma\u00f1ana s\u00e1bado como imputada. &quot;Vamos como locos y ma\u00f1ana esto\" \/>\n\t\t<meta name=\"twitter:image\" content=\"https:\/\/www.eldigitaldeasturias.com\/noticias\/wp-content\/uploads\/2026\/06\/Contenidos.jpg\" \/>\n\t\t<meta name=\"twitter:label1\" content=\"Escrito por\" \/>\n\t\t<meta name=\"twitter:data1\" content=\"El Digital de Asturias\" \/>\n\t\t<meta name=\"twitter:label2\" content=\"Tiempo de lectura estimado\" \/>\n\t\t<meta name=\"twitter:data2\" content=\"3 minutos\" \/>\n\t\t<script type=\"application\/ld+json\" class=\"aioseo-schema\">\n\t\t\t{\"@context\":\"https:\\\/\\\/schema.org\",\"@graph\":[{\"@type\":\"BlogPosting\",\"@id\":\"https:\\\/\\\/www.eldigitaldeasturias.com\\\/noticias\\\/caso-noos-un-golpe-para-la-monarquia-espanola-del-que-se-hace-negocio\\\/#blogposting\",\"name\":\"Caso N\\u00f3os : Un golpe para la monarqu\\u00eda espa\\u00f1ola del que se hace negocio - El Digital de Asturias\",\"headline\":\"Caso N\\u00f3os : Un golpe para la monarqu\\u00eda espa\\u00f1ola del que se hace negocio\",\"author\":{\"@id\":\"https:\\\/\\\/www.eldigitaldeasturias.com\\\/noticias\\\/author\\\/admin\\\/#author\"},\"publisher\":{\"@id\":\"https:\\\/\\\/www.eldigitaldeasturias.com\\\/noticias\\\/#organization\"},\"image\":{\"@type\":\"ImageObject\",\"url\":\"https:\\\/\\\/www.eldigitaldeasturias.com\\\/noticias\\\/wp-content\\\/uploads\\\/2026\\\/06\\\/Contenidos.jpg\",\"width\":1265,\"height\":697,\"caption\":\"Contenidos\"},\"datePublished\":\"2014-02-07T23:46:13+01:00\",\"dateModified\":\"2014-02-07T23:46:13+01:00\",\"inLanguage\":\"es-ES\",\"mainEntityOfPage\":{\"@id\":\"https:\\\/\\\/www.eldigitaldeasturias.com\\\/noticias\\\/caso-noos-un-golpe-para-la-monarquia-espanola-del-que-se-hace-negocio\\\/#webpage\"},\"isPartOf\":{\"@id\":\"https:\\\/\\\/www.eldigitaldeasturias.com\\\/noticias\\\/caso-noos-un-golpe-para-la-monarquia-espanola-del-que-se-hace-negocio\\\/#webpage\"},\"articleSection\":\"Actualidad\"},{\"@type\":\"BreadcrumbList\",\"@id\":\"https:\\\/\\\/www.eldigitaldeasturias.com\\\/noticias\\\/caso-noos-un-golpe-para-la-monarquia-espanola-del-que-se-hace-negocio\\\/#breadcrumblist\",\"itemListElement\":[{\"@type\":\"ListItem\",\"@id\":\"https:\\\/\\\/www.eldigitaldeasturias.com\\\/noticias#listItem\",\"position\":1,\"name\":\"Home\",\"item\":\"https:\\\/\\\/www.eldigitaldeasturias.com\\\/noticias\",\"nextItem\":{\"@type\":\"ListItem\",\"@id\":\"https:\\\/\\\/www.eldigitaldeasturias.com\\\/noticias\\\/category\\\/actualidad\\\/#listItem\",\"name\":\"Actualidad\"}},{\"@type\":\"ListItem\",\"@id\":\"https:\\\/\\\/www.eldigitaldeasturias.com\\\/noticias\\\/category\\\/actualidad\\\/#listItem\",\"position\":2,\"name\":\"Actualidad\",\"item\":\"https:\\\/\\\/www.eldigitaldeasturias.com\\\/noticias\\\/category\\\/actualidad\\\/\",\"nextItem\":{\"@type\":\"ListItem\",\"@id\":\"https:\\\/\\\/www.eldigitaldeasturias.com\\\/noticias\\\/caso-noos-un-golpe-para-la-monarquia-espanola-del-que-se-hace-negocio\\\/#listItem\",\"name\":\"Caso N\\u00f3os : Un golpe para la monarqu\\u00eda espa\\u00f1ola del que se hace negocio\"},\"previousItem\":{\"@type\":\"ListItem\",\"@id\":\"https:\\\/\\\/www.eldigitaldeasturias.com\\\/noticias#listItem\",\"name\":\"Home\"}},{\"@type\":\"ListItem\",\"@id\":\"https:\\\/\\\/www.eldigitaldeasturias.com\\\/noticias\\\/caso-noos-un-golpe-para-la-monarquia-espanola-del-que-se-hace-negocio\\\/#listItem\",\"position\":3,\"name\":\"Caso N\\u00f3os : Un golpe para la monarqu\\u00eda espa\\u00f1ola del que se hace negocio\",\"previousItem\":{\"@type\":\"ListItem\",\"@id\":\"https:\\\/\\\/www.eldigitaldeasturias.com\\\/noticias\\\/category\\\/actualidad\\\/#listItem\",\"name\":\"Actualidad\"}}]},{\"@type\":\"Organization\",\"@id\":\"https:\\\/\\\/www.eldigitaldeasturias.com\\\/noticias\\\/#organization\",\"name\":\"El Digital de Asturias\",\"description\":\"Hemeroteca\",\"url\":\"https:\\\/\\\/www.eldigitaldeasturias.com\\\/noticias\\\/\",\"email\":\"info@eldigitaldeasturias.com\",\"telephone\":\"+34652131393\",\"logo\":{\"@type\":\"ImageObject\",\"url\":\"https:\\\/\\\/www.eldigitaldeasturias.com\\\/noticias\\\/wp-content\\\/uploads\\\/2020\\\/12\\\/EDA.jpg\",\"@id\":\"https:\\\/\\\/www.eldigitaldeasturias.com\\\/noticias\\\/caso-noos-un-golpe-para-la-monarquia-espanola-del-que-se-hace-negocio\\\/#organizationLogo\"},\"image\":{\"@id\":\"https:\\\/\\\/www.eldigitaldeasturias.com\\\/noticias\\\/caso-noos-un-golpe-para-la-monarquia-espanola-del-que-se-hace-negocio\\\/#organizationLogo\"},\"sameAs\":[\"https:\\\/\\\/facebook.com\\\/eldigitaldeasturias\",\"https:\\\/\\\/www.youtube.com\\\/channel\\\/UCZP-2wLEB9Rv6erhFmqVnvg\"],\"address\":{\"@id\":\"https:\\\/\\\/www.eldigitaldeasturias.com\\\/noticias\\\/#postaladdress\",\"@type\":\"PostalAddress\",\"streetAddress\":\"san antonio 4\",\"postalCode\":\"33430\",\"addressLocality\":\"Cand\\u00e1s\",\"addressRegion\":\"Asturias\",\"addressCountry\":\"ES\"}},{\"@type\":\"Person\",\"@id\":\"https:\\\/\\\/www.eldigitaldeasturias.com\\\/noticias\\\/author\\\/admin\\\/#author\",\"url\":\"https:\\\/\\\/www.eldigitaldeasturias.com\\\/noticias\\\/author\\\/admin\\\/\",\"name\":\"El Digital de Asturias\",\"image\":{\"@type\":\"ImageObject\",\"@id\":\"https:\\\/\\\/www.eldigitaldeasturias.com\\\/noticias\\\/caso-noos-un-golpe-para-la-monarquia-espanola-del-que-se-hace-negocio\\\/#authorImage\",\"url\":\"https:\\\/\\\/secure.gravatar.com\\\/avatar\\\/df2aeffc32bcd13f8d26072ef8a91b623d677766deac7f97ca815868cd41bf5e?s=96&d=mm&r=g\",\"width\":96,\"height\":96,\"caption\":\"El Digital de Asturias\"}},{\"@type\":\"WebPage\",\"@id\":\"https:\\\/\\\/www.eldigitaldeasturias.com\\\/noticias\\\/caso-noos-un-golpe-para-la-monarquia-espanola-del-que-se-hace-negocio\\\/#webpage\",\"url\":\"https:\\\/\\\/www.eldigitaldeasturias.com\\\/noticias\\\/caso-noos-un-golpe-para-la-monarquia-espanola-del-que-se-hace-negocio\\\/\",\"name\":\"Caso N\\u00f3os : Un golpe para la monarqu\\u00eda espa\\u00f1ola del que se hace negocio - El Digital de Asturias\",\"description\":\"Palma, 7 feb (dpa) - Un negocio. Eso es el caso de corrupci\\u00f3n que hace temblar a la monarqu\\u00eda espa\\u00f1ola para bares, cafeter\\u00edas y hoteles de las inmediaciones del juzgado de instrucci\\u00f3n n\\u00famero 3 de Palma de Mallorca, donde la infanta Cristina de Borb\\u00f3n declarar\\u00e1 ma\\u00f1ana s\\u00e1bado como imputada. \\\"Vamos como locos y ma\\u00f1ana esto\",\"inLanguage\":\"es-ES\",\"isPartOf\":{\"@id\":\"https:\\\/\\\/www.eldigitaldeasturias.com\\\/noticias\\\/#website\"},\"breadcrumb\":{\"@id\":\"https:\\\/\\\/www.eldigitaldeasturias.com\\\/noticias\\\/caso-noos-un-golpe-para-la-monarquia-espanola-del-que-se-hace-negocio\\\/#breadcrumblist\"},\"author\":{\"@id\":\"https:\\\/\\\/www.eldigitaldeasturias.com\\\/noticias\\\/author\\\/admin\\\/#author\"},\"creator\":{\"@id\":\"https:\\\/\\\/www.eldigitaldeasturias.com\\\/noticias\\\/author\\\/admin\\\/#author\"},\"image\":{\"@type\":\"ImageObject\",\"url\":\"https:\\\/\\\/www.eldigitaldeasturias.com\\\/noticias\\\/wp-content\\\/uploads\\\/2026\\\/06\\\/Contenidos.jpg\",\"@id\":\"https:\\\/\\\/www.eldigitaldeasturias.com\\\/noticias\\\/caso-noos-un-golpe-para-la-monarquia-espanola-del-que-se-hace-negocio\\\/#mainImage\",\"width\":1265,\"height\":697,\"caption\":\"Contenidos\"},\"primaryImageOfPage\":{\"@id\":\"https:\\\/\\\/www.eldigitaldeasturias.com\\\/noticias\\\/caso-noos-un-golpe-para-la-monarquia-espanola-del-que-se-hace-negocio\\\/#mainImage\"},\"datePublished\":\"2014-02-07T23:46:13+01:00\",\"dateModified\":\"2014-02-07T23:46:13+01:00\"},{\"@type\":\"WebSite\",\"@id\":\"https:\\\/\\\/www.eldigitaldeasturias.com\\\/noticias\\\/#website\",\"url\":\"https:\\\/\\\/www.eldigitaldeasturias.com\\\/noticias\\\/\",\"name\":\"El Digital de Asturias - Diario de actualidad y noticias\",\"alternateName\":\"El Digital de Asturias - Diario de actualidad y noticias\",\"description\":\"Hemeroteca\",\"inLanguage\":\"es-ES\",\"publisher\":{\"@id\":\"https:\\\/\\\/www.eldigitaldeasturias.com\\\/noticias\\\/#organization\"}}]}\n\t\t<\/script>\n\t\t<!-- All in One SEO Pro -->\r\n\t\t<title>Caso N\u00f3os : Un golpe para la monarqu\u00eda espa\u00f1ola del que se hace negocio - El Digital de Asturias<\/title>\n\n","aioseo_head_json":{"title":"Caso N\u00f3os : Un golpe para la monarqu\u00eda espa\u00f1ola del que se hace negocio - El Digital de Asturias","description":"Palma, 7 feb (dpa) - Un negocio. Eso es el caso de corrupci\u00f3n que hace temblar a la monarqu\u00eda espa\u00f1ola para bares, cafeter\u00edas y hoteles de las inmediaciones del juzgado de instrucci\u00f3n n\u00famero 3 de Palma de Mallorca, donde la infanta Cristina de Borb\u00f3n declarar\u00e1 ma\u00f1ana s\u00e1bado como imputada. \"Vamos como locos y ma\u00f1ana esto","canonical_url":"https:\/\/www.eldigitaldeasturias.com\/noticias\/caso-noos-un-golpe-para-la-monarquia-espanola-del-que-se-hace-negocio\/","robots":"max-image-preview:large","keywords":"actualidad","webmasterTools":{"google-site-verification":"UA-38556648-1","msvalidate.01":"7dfe9f3f1b24437ab69f4f2559babe99","miscellaneous":""},"schema":{"@context":"https:\/\/schema.org","@graph":[{"@type":"BlogPosting","@id":"https:\/\/www.eldigitaldeasturias.com\/noticias\/caso-noos-un-golpe-para-la-monarquia-espanola-del-que-se-hace-negocio\/#blogposting","name":"Caso N\u00f3os : Un golpe para la monarqu\u00eda espa\u00f1ola del que se hace negocio - El Digital de Asturias","headline":"Caso N\u00f3os : Un golpe para la monarqu\u00eda espa\u00f1ola del que se hace negocio","author":{"@id":"https:\/\/www.eldigitaldeasturias.com\/noticias\/author\/admin\/#author"},"publisher":{"@id":"https:\/\/www.eldigitaldeasturias.com\/noticias\/#organization"},"image":{"@type":"ImageObject","url":"https:\/\/www.eldigitaldeasturias.com\/noticias\/wp-content\/uploads\/2026\/06\/Contenidos.jpg","width":1265,"height":697,"caption":"Contenidos"},"datePublished":"2014-02-07T23:46:13+01:00","dateModified":"2014-02-07T23:46:13+01:00","inLanguage":"es-ES","mainEntityOfPage":{"@id":"https:\/\/www.eldigitaldeasturias.com\/noticias\/caso-noos-un-golpe-para-la-monarquia-espanola-del-que-se-hace-negocio\/#webpage"},"isPartOf":{"@id":"https:\/\/www.eldigitaldeasturias.com\/noticias\/caso-noos-un-golpe-para-la-monarquia-espanola-del-que-se-hace-negocio\/#webpage"},"articleSection":"Actualidad"},{"@type":"BreadcrumbList","@id":"https:\/\/www.eldigitaldeasturias.com\/noticias\/caso-noos-un-golpe-para-la-monarquia-espanola-del-que-se-hace-negocio\/#breadcrumblist","itemListElement":[{"@type":"ListItem","@id":"https:\/\/www.eldigitaldeasturias.com\/noticias#listItem","position":1,"name":"Home","item":"https:\/\/www.eldigitaldeasturias.com\/noticias","nextItem":{"@type":"ListItem","@id":"https:\/\/www.eldigitaldeasturias.com\/noticias\/category\/actualidad\/#listItem","name":"Actualidad"}},{"@type":"ListItem","@id":"https:\/\/www.eldigitaldeasturias.com\/noticias\/category\/actualidad\/#listItem","position":2,"name":"Actualidad","item":"https:\/\/www.eldigitaldeasturias.com\/noticias\/category\/actualidad\/","nextItem":{"@type":"ListItem","@id":"https:\/\/www.eldigitaldeasturias.com\/noticias\/caso-noos-un-golpe-para-la-monarquia-espanola-del-que-se-hace-negocio\/#listItem","name":"Caso N\u00f3os : Un golpe para la monarqu\u00eda espa\u00f1ola del que se hace negocio"},"previousItem":{"@type":"ListItem","@id":"https:\/\/www.eldigitaldeasturias.com\/noticias#listItem","name":"Home"}},{"@type":"ListItem","@id":"https:\/\/www.eldigitaldeasturias.com\/noticias\/caso-noos-un-golpe-para-la-monarquia-espanola-del-que-se-hace-negocio\/#listItem","position":3,"name":"Caso N\u00f3os : Un golpe para la monarqu\u00eda espa\u00f1ola del que se hace negocio","previousItem":{"@type":"ListItem","@id":"https:\/\/www.eldigitaldeasturias.com\/noticias\/category\/actualidad\/#listItem","name":"Actualidad"}}]},{"@type":"Organization","@id":"https:\/\/www.eldigitaldeasturias.com\/noticias\/#organization","name":"El Digital de Asturias","description":"Hemeroteca","url":"https:\/\/www.eldigitaldeasturias.com\/noticias\/","email":"info@eldigitaldeasturias.com","telephone":"+34652131393","logo":{"@type":"ImageObject","url":"https:\/\/www.eldigitaldeasturias.com\/noticias\/wp-content\/uploads\/2020\/12\/EDA.jpg","@id":"https:\/\/www.eldigitaldeasturias.com\/noticias\/caso-noos-un-golpe-para-la-monarquia-espanola-del-que-se-hace-negocio\/#organizationLogo"},"image":{"@id":"https:\/\/www.eldigitaldeasturias.com\/noticias\/caso-noos-un-golpe-para-la-monarquia-espanola-del-que-se-hace-negocio\/#organizationLogo"},"sameAs":["https:\/\/facebook.com\/eldigitaldeasturias","https:\/\/www.youtube.com\/channel\/UCZP-2wLEB9Rv6erhFmqVnvg"],"address":{"@id":"https:\/\/www.eldigitaldeasturias.com\/noticias\/#postaladdress","@type":"PostalAddress","streetAddress":"san antonio 4","postalCode":"33430","addressLocality":"Cand\u00e1s","addressRegion":"Asturias","addressCountry":"ES"}},{"@type":"Person","@id":"https:\/\/www.eldigitaldeasturias.com\/noticias\/author\/admin\/#author","url":"https:\/\/www.eldigitaldeasturias.com\/noticias\/author\/admin\/","name":"El Digital de Asturias","image":{"@type":"ImageObject","@id":"https:\/\/www.eldigitaldeasturias.com\/noticias\/caso-noos-un-golpe-para-la-monarquia-espanola-del-que-se-hace-negocio\/#authorImage","url":"https:\/\/secure.gravatar.com\/avatar\/df2aeffc32bcd13f8d26072ef8a91b623d677766deac7f97ca815868cd41bf5e?s=96&d=mm&r=g","width":96,"height":96,"caption":"El Digital de Asturias"}},{"@type":"WebPage","@id":"https:\/\/www.eldigitaldeasturias.com\/noticias\/caso-noos-un-golpe-para-la-monarquia-espanola-del-que-se-hace-negocio\/#webpage","url":"https:\/\/www.eldigitaldeasturias.com\/noticias\/caso-noos-un-golpe-para-la-monarquia-espanola-del-que-se-hace-negocio\/","name":"Caso N\u00f3os : Un golpe para la monarqu\u00eda espa\u00f1ola del que se hace negocio - El Digital de Asturias","description":"Palma, 7 feb (dpa) - Un negocio. Eso es el caso de corrupci\u00f3n que hace temblar a la monarqu\u00eda espa\u00f1ola para bares, cafeter\u00edas y hoteles de las inmediaciones del juzgado de instrucci\u00f3n n\u00famero 3 de Palma de Mallorca, donde la infanta Cristina de Borb\u00f3n declarar\u00e1 ma\u00f1ana s\u00e1bado como imputada. \"Vamos como locos y ma\u00f1ana esto","inLanguage":"es-ES","isPartOf":{"@id":"https:\/\/www.eldigitaldeasturias.com\/noticias\/#website"},"breadcrumb":{"@id":"https:\/\/www.eldigitaldeasturias.com\/noticias\/caso-noos-un-golpe-para-la-monarquia-espanola-del-que-se-hace-negocio\/#breadcrumblist"},"author":{"@id":"https:\/\/www.eldigitaldeasturias.com\/noticias\/author\/admin\/#author"},"creator":{"@id":"https:\/\/www.eldigitaldeasturias.com\/noticias\/author\/admin\/#author"},"image":{"@type":"ImageObject","url":"https:\/\/www.eldigitaldeasturias.com\/noticias\/wp-content\/uploads\/2026\/06\/Contenidos.jpg","@id":"https:\/\/www.eldigitaldeasturias.com\/noticias\/caso-noos-un-golpe-para-la-monarquia-espanola-del-que-se-hace-negocio\/#mainImage","width":1265,"height":697,"caption":"Contenidos"},"primaryImageOfPage":{"@id":"https:\/\/www.eldigitaldeasturias.com\/noticias\/caso-noos-un-golpe-para-la-monarquia-espanola-del-que-se-hace-negocio\/#mainImage"},"datePublished":"2014-02-07T23:46:13+01:00","dateModified":"2014-02-07T23:46:13+01:00"},{"@type":"WebSite","@id":"https:\/\/www.eldigitaldeasturias.com\/noticias\/#website","url":"https:\/\/www.eldigitaldeasturias.com\/noticias\/","name":"El Digital de Asturias - Diario de actualidad y noticias","alternateName":"El Digital de Asturias - Diario de actualidad y noticias","description":"Hemeroteca","inLanguage":"es-ES","publisher":{"@id":"https:\/\/www.eldigitaldeasturias.com\/noticias\/#organization"}}]},"og:locale":"es_ES","og:site_name":"El Digital de Asturias","og:type":"article","og:title":"Caso N\u00f3os : Un golpe para la monarqu\u00eda espa\u00f1ola del que se hace negocio - El Digital de Asturias","og:description":"Palma, 7 feb (dpa) - Un negocio. Eso es el caso de corrupci\u00f3n que hace temblar a la monarqu\u00eda espa\u00f1ola para bares, cafeter\u00edas y hoteles de las inmediaciones del juzgado de instrucci\u00f3n n\u00famero 3 de Palma de Mallorca, donde la infanta Cristina de Borb\u00f3n declarar\u00e1 ma\u00f1ana s\u00e1bado como imputada. &quot;Vamos como locos y ma\u00f1ana esto","og:url":"https:\/\/www.eldigitaldeasturias.com\/noticias\/caso-noos-un-golpe-para-la-monarquia-espanola-del-que-se-hace-negocio\/","og:image":"https:\/\/www.eldigitaldeasturias.com\/noticias\/wp-content\/uploads\/2026\/06\/Contenidos.jpg","og:image:secure_url":"https:\/\/www.eldigitaldeasturias.com\/noticias\/wp-content\/uploads\/2026\/06\/Contenidos.jpg","og:image:width":1265,"og:image:height":697,"article:tag":["actualidad"],"article:published_time":"2014-02-08T00:46:13+00:00","article:modified_time":"2014-02-08T00:46:13+00:00","article:publisher":"https:\/\/facebook.com\/eldigitaldeasturias","twitter:card":"summary_large_image","twitter:title":"Caso N\u00f3os : Un golpe para la monarqu\u00eda espa\u00f1ola del que se hace negocio - El Digital de Asturias","twitter:description":"Palma, 7 feb (dpa) - Un negocio. Eso es el caso de corrupci\u00f3n que hace temblar a la monarqu\u00eda espa\u00f1ola para bares, cafeter\u00edas y hoteles de las inmediaciones del juzgado de instrucci\u00f3n n\u00famero 3 de Palma de Mallorca, donde la infanta Cristina de Borb\u00f3n declarar\u00e1 ma\u00f1ana s\u00e1bado como imputada. &quot;Vamos como locos y ma\u00f1ana esto","twitter:image":"https:\/\/www.eldigitaldeasturias.com\/noticias\/wp-content\/uploads\/2026\/06\/Contenidos.jpg","twitter:label1":"Escrito por","twitter:data1":"El Digital de Asturias","twitter:label2":"Tiempo de lectura estimado","twitter:data2":"3 minutos"},"aioseo_meta_data":{"post_id":"486273","title":null,"description":null,"keywords":null,"keyphrases":null,"primary_term":null,"canonical_url":null,"og_title":null,"og_description":null,"og_object_type":"default","og_image_type":"default","og_image_url":null,"og_image_width":null,"og_image_height":null,"og_image_custom_url":null,"og_image_custom_fields":null,"og_video":null,"og_custom_url":null,"og_article_section":null,"og_article_tags":null,"twitter_use_og":true,"twitter_card":"default","twitter_image_type":"default","twitter_image_url":null,"twitter_image_custom_url":null,"twitter_image_custom_fields":null,"twitter_title":null,"twitter_description":null,"schema":{"blockGraphs":[],"customGraphs":[],"default":{"data":{"Article":[],"Course":[],"Dataset":[],"FAQPage":[],"Movie":[],"Person":[],"Product":[],"ProductReview":[],"Car":[],"Recipe":[],"Service":[],"SoftwareApplication":[],"WebPage":[]},"graphName":"","isEnabled":true},"graphs":[]},"schema_type":null,"schema_type_options":null,"pillar_content":false,"robots_default":true,"robots_noindex":false,"robots_noarchive":false,"robots_nosnippet":false,"robots_nofollow":false,"robots_noimageindex":false,"robots_noodp":false,"robots_notranslate":false,"robots_max_snippet":null,"robots_max_videopreview":null,"robots_max_imagepreview":"none","priority":null,"frequency":null,"local_seo":null,"seo_analyzer_scan_date":"2026-06-03 00:10:49","breadcrumb_settings":null,"limit_modified_date":false,"open_ai":null,"ai":null,"created":"2020-11-14 22:56:04","updated":"2026-06-03 00:10:49","focus_keyword":null,"additional_keywords":null,"truseo_locale":null},"aioseo_breadcrumb":"<div class=\"aioseo-breadcrumbs\"><span class=\"aioseo-breadcrumb\">\n\t<a href=\"https:\/\/www.eldigitaldeasturias.com\/noticias\" title=\"Home\">Home<\/a>\n<\/span><span class=\"aioseo-breadcrumb-separator\">\u2013<\/span><span class=\"aioseo-breadcrumb\">\n\t<a href=\"https:\/\/www.eldigitaldeasturias.com\/noticias\/category\/actualidad\/\" title=\"Actualidad\">Actualidad<\/a>\n<\/span><span class=\"aioseo-breadcrumb-separator\">\u2013<\/span><span class=\"aioseo-breadcrumb\">\n\t<a href=\"https:\/\/www.eldigitaldeasturias.com\/noticias\/caso-noos-un-golpe-para-la-monarquia-espanola-del-que-se-hace-negocio\/\" title=\"Caso N\u00f3os : Un golpe para la monarqu\u00eda espa\u00f1ola del que se hace negocio\">Caso N\u00f3os : Un golpe para la monarqu\u00eda espa\u00f1ola del que se hace negocio<\/a>\n<\/span><\/div>","aioseo_breadcrumb_json":[{"label":"Home","link":"https:\/\/www.eldigitaldeasturias.com\/noticias"},{"label":"Actualidad","link":"https:\/\/www.eldigitaldeasturias.com\/noticias\/category\/actualidad\/"},{"label":"Caso N\u00f3os : Un golpe para la monarqu\u00eda espa\u00f1ola del que se hace negocio","link":"https:\/\/www.eldigitaldeasturias.com\/noticias\/caso-noos-un-golpe-para-la-monarquia-espanola-del-que-se-hace-negocio\/"}],"_links":{"self":[{"href":"https:\/\/www.eldigitaldeasturias.com\/noticias\/wp-json\/wp\/v2\/posts\/486273","targetHints":{"allow":["GET"]}}],"collection":[{"href":"https:\/\/www.eldigitaldeasturias.com\/noticias\/wp-json\/wp\/v2\/posts"}],"about":[{"href":"https:\/\/www.eldigitaldeasturias.com\/noticias\/wp-json\/wp\/v2\/types\/post"}],"author":[{"embeddable":true,"href":"https:\/\/www.eldigitaldeasturias.com\/noticias\/wp-json\/wp\/v2\/users\/1"}],"replies":[{"embeddable":true,"href":"https:\/\/www.eldigitaldeasturias.com\/noticias\/wp-json\/wp\/v2\/comments?post=486273"}],"version-history":[{"count":0,"href":"https:\/\/www.eldigitaldeasturias.com\/noticias\/wp-json\/wp\/v2\/posts\/486273\/revisions"}],"wp:featuredmedia":[{"embeddable":true,"href":"https:\/\/www.eldigitaldeasturias.com\/noticias\/wp-json\/wp\/v2\/media\/1132184"}],"wp:attachment":[{"href":"https:\/\/www.eldigitaldeasturias.com\/noticias\/wp-json\/wp\/v2\/media?parent=486273"}],"wp:term":[{"taxonomy":"category","embeddable":true,"href":"https:\/\/www.eldigitaldeasturias.com\/noticias\/wp-json\/wp\/v2\/categories?post=486273"},{"taxonomy":"post_tag","embeddable":true,"href":"https:\/\/www.eldigitaldeasturias.com\/noticias\/wp-json\/wp\/v2\/tags?post=486273"}],"curies":[{"name":"wp","href":"https:\/\/api.w.org\/{rel}","templated":true}]}}