{"id":486271,"date":"2014-02-07T23:43:05","date_gmt":"2014-02-08T00:43:05","guid":{"rendered":"http:\/\/www.eldigitaldeasturias.com\/noticias\/?p=486271"},"modified":"2014-02-07T23:43:05","modified_gmt":"2014-02-08T00:43:05","slug":"expectacion-y-seguridad-en-palma-ante-el-dia-d-de-la-infanta-cristina","status":"publish","type":"post","link":"https:\/\/www.eldigitaldeasturias.com\/noticias\/expectacion-y-seguridad-en-palma-ante-el-dia-d-de-la-infanta-cristina\/","title":{"rendered":"Expectaci\u00f3n y seguridad en Palma ante el d\u00eda D de la infanta Cristina"},"content":{"rendered":"<p><img loading=\"lazy\" decoding=\"async\" class=\"alignleft size-medium wp-image-477856\" alt=\"infanta\" src=\"https:\/\/www.eldigitaldeasturias.com\/noticias\/wp-content\/uploads\/2014\/01\/infanta-360x273.jpg\" width=\"360\" height=\"273\" \/>Palma, 7 feb (dpa) &#8211; Cuando la infanta Cristina entre ma\u00f1ana en la sala de vistas, una de las primeras cosas que ver\u00e1 ser\u00e1 el retrato del rey Juan Carlos. La imagen del monarca preside el lugar en el que su hija peque\u00f1a declarar\u00e1 como imputada en un caso de corrupci\u00f3n que ha hundido la imagen de la monarqu\u00eda espa\u00f1ola.<\/p>\n<p>\u00abSala de vistas F\u00bb. El letrero cuelga junto a la puerta de madera marr\u00f3n roble, en un pasillo del segundo piso de los juzgados de Via Alemanya, en Palma de Mallorca.<\/p>\n<p>\u00abEs la misma sala en la que I\u00f1aki Urdangarin declar\u00f3 la primera vez como imputado, el 25 de febrero de 2012\u00bb, explicaban hoy los servicios de prensa de Justicia. Una declaraci\u00f3n en la que el duque desvincul\u00f3 a su mujer de los negocios que llev\u00f3 a cabo al frente del Instituto N\u00f3os y por los que probablemente acabar\u00e1 siendo juzgado.<\/p>\n<p>Por esos pasillos un tanto l\u00fagubres con mobiliario de los a\u00f1os 70 se vio hoy al juez Jos\u00e9 Castro, peri\u00f3dico en mano y con el cansancio reflejado en la cara, atrayendo todas las miradas. Es el coprotagonista de la historia que se escribe ma\u00f1ana. \u00abUn juez implacable al que no le tiembla el pulso\u00bb, seg\u00fan le define la prensa estos d\u00edas.<\/p>\n<p>A sus 68 a\u00f1os y pr\u00f3ximo a la jubilaci\u00f3n, ha sentado a la hija del rey ante la Justicia para que d\u00e9 explicaciones en el caso de corrupci\u00f3n que protagoniza su marido y en el marco del cual el magistrado ve indicios de que la infanta pudo cometer fraude fiscal y blanqueado de dinero. Luego decidir\u00e1 si procede acusarla formalmente o si se archiva todo sin ning\u00fan cargo contra ella.<\/p>\n<p>\u00abEsta ma\u00f1ana casi se lo comen. Se han lanzado a \u00e9l cuando llegaba\u00bb. La queja es hacia la prensa. Las c\u00e1maras y las unidades m\u00f3viles tomaron hoy las inmediaciones del juzgado. Y los periodistas deambulaban por la zona en busca de informaci\u00f3n y detalles, abordando a personal de los juzgados, a vecinos del barrio y a due\u00f1os y camareros de bares y cafeter\u00edas cercanas.<\/p>\n<p>Hay 350 acreditados de m\u00e1s de 90 medios. Entre ellos, muchos internacionales, como la CNN, Al Yazira o una televisi\u00f3n iran\u00ed.<\/p>\n<p>La declaraci\u00f3n por corrupci\u00f3n ante un juez de la hija peque\u00f1a del rey es un hito hist\u00f3rico. Y un reto a la seguridad.<\/p>\n<p>El despliegue policial, superior al que acompa\u00f1\u00f3 a Urdangarin en sus dos declaraciones como imputado ante Castro, es de 200 efectivos para blindar la zona. A los antidisturbios de Mallorca se sumaron unidades de la Pen\u00ednsula. Las fuerzas de seguridad sellaron las alcantarillas tras revisar el subsuelo. Un helic\u00f3ptero vigila desde el aire. El per\u00edmetro de seguridad ser\u00e1 ma\u00f1ana grande, con varios cordones policiales. Y habr\u00e1 en marcha inhibidores de frecuencia.<\/p>\n<p>\u00abNo s\u00e9 por qu\u00e9 tanto l\u00edo, si aqu\u00ed nunca pasa nada. Somos gente pac\u00edfica\u00bb, se quejaba Manel, en edad de jubilaci\u00f3n.<\/p>\n<p>Para ma\u00f1ana se esperan protestas contra la monarqu\u00eda y contra la corrupci\u00f3n, si bien oficialmente solo se ha comunicado una concentraci\u00f3n republicana en la que se prev\u00e9 que participen tres centenares de personas. Los manifestantes estar\u00e1n a m\u00e1s de cien metros del lugar en el que la infanta pondr\u00e1 pie en el suelo.<\/p>\n<p>Seg\u00fan la prensa local, la seguridad tambi\u00e9n se extendi\u00f3 al domicilio del juez Castro y un helic\u00f3ptero sobrevuela el tranquilo barrio de El Molinar, donde el magistrado tiene su casa en venta.<\/p>\n<p>La infanta Cristina aterrizar\u00e1 ma\u00f1ana por la ma\u00f1ana en Mallorca, la isla en la que pas\u00f3 los veranos de su infancia y su juventud, disfrutando de su afici\u00f3n a los deportes n\u00e1uticos, un lugar al que regresaba cada a\u00f1o hasta hace poco. Desde el aeropuerto ser\u00e1 escoltada por la Guardia Civil hasta el juzgado. En el patio, al final de la rampa que da acceso a \u00e9l en la parte trasera los d\u00edas que, como el s\u00e1bado, est\u00e1 cerrado, la esperar\u00e1n c\u00e1maras y flashes.<\/p>\n<p>Tiene permiso de las autoridades judiciales para bajar esa cuesta en autom\u00f3vil hasta la misma puerta. Pero se desconoce si, como hizo su marido, en el \u00faltimo momento decidir\u00e1 bajar del veh\u00edculo y hacerla a pie. Un v\u00eda crucis medi\u00e1tico y social en toda regla. El \u00abpase\u00edllo\u00bb, como se conoce popularmente.<\/p>\n<p>\u00abDeber\u00eda dar la cara\u00bb, dec\u00eda Manel. \u00abLo que aqu\u00ed se rumorea es que va a hacerlo\u00bb, se\u00f1alaba un trabajador de los juzgados, donde hoy se apostaba sobre si finalmente se atrever\u00eda o no la infanta.<\/p>\n<p>Decida lo que decida, subir\u00e1 hasta la segunda planta y acceder\u00e1 a la \u00abSala de vistas F\u00bb, donde se prev\u00e9 un largo interrogatorio, que ser\u00e1 grabado en audio.<\/p>\n<p>La infanta se sentar\u00e1 en el centro. A su izquierda, en un lateral, sus dos abogados. A la derecha, en el otro, el fiscal Pedro Horrach, contrario a su imputaci\u00f3n, por lo que lo tiene de su lado; y los abogados de las acusaciones. Enfrente tendr\u00e1 al juez Castro, cara a cara. Y el retrato de su padre.<\/p>\n<p>Por Sara Barderas<\/p>\n","protected":false},"excerpt":{"rendered":"<p>Palma, 7 feb (dpa) &#8211; Cuando la infanta Cristina entre ma\u00f1ana en la sala de vistas, una de las primeras cosas que ver\u00e1 ser\u00e1 el retrato del rey Juan Carlos. La imagen del monarca preside el lugar en el que su hija peque\u00f1a declarar\u00e1 como imputada en un caso de corrupci\u00f3n que ha hundido la [&hellip;]<\/p>\n","protected":false},"author":1,"featured_media":1132184,"comment_status":"open","ping_status":"open","sticky":false,"template":"","format":"standard","meta":{"footnotes":""},"categories":[1],"tags":[],"class_list":["post-486271","post","type-post","status-publish","format-standard","has-post-thumbnail","hentry","category-actualidad"],"aioseo_notices":[],"aioseo_head":"\n\t\t<!-- All in One SEO Pro 5.0.1 - aioseo.com -->\n\t<meta name=\"description\" content=\"Palma, 7 feb (dpa) - Cuando la infanta Cristina entre ma\u00f1ana en la sala de vistas, una de las primeras cosas que ver\u00e1 ser\u00e1 el retrato del rey Juan Carlos. La imagen del monarca preside el lugar en el que su hija peque\u00f1a declarar\u00e1 como imputada en un caso de corrupci\u00f3n que ha hundido la\" \/>\n\t<meta name=\"robots\" content=\"max-image-preview:large\" \/>\n\t<meta name=\"author\" content=\"El Digital de Asturias\"\/>\n\t<meta name=\"google-site-verification\" content=\"UA-38556648-1\" \/>\n\t<meta name=\"msvalidate.01\" content=\"7dfe9f3f1b24437ab69f4f2559babe99\" \/>\n\t<meta name=\"keywords\" content=\"actualidad\" \/>\n\t<link rel=\"canonical\" href=\"https:\/\/www.eldigitaldeasturias.com\/noticias\/expectacion-y-seguridad-en-palma-ante-el-dia-d-de-la-infanta-cristina\/\" \/>\n\t<meta name=\"generator\" content=\"All in One SEO Pro (AIOSEO) 5.0.1\" \/>\n\t\t<meta property=\"og:locale\" content=\"es_ES\" \/>\n\t\t<meta property=\"og:site_name\" content=\"El Digital de Asturias\" \/>\n\t\t<meta property=\"og:type\" content=\"article\" \/>\n\t\t<meta property=\"og:title\" content=\"Expectaci\u00f3n y seguridad en Palma ante el d\u00eda D de la infanta Cristina - El Digital de Asturias\" \/>\n\t\t<meta property=\"og:description\" content=\"Palma, 7 feb (dpa) - Cuando la infanta Cristina entre ma\u00f1ana en la sala de vistas, una de las primeras cosas que ver\u00e1 ser\u00e1 el retrato del rey Juan Carlos. La imagen del monarca preside el lugar en el que su hija peque\u00f1a declarar\u00e1 como imputada en un caso de corrupci\u00f3n que ha hundido la\" \/>\n\t\t<meta property=\"og:url\" content=\"https:\/\/www.eldigitaldeasturias.com\/noticias\/expectacion-y-seguridad-en-palma-ante-el-dia-d-de-la-infanta-cristina\/\" \/>\n\t\t<meta property=\"og:image\" content=\"https:\/\/www.eldigitaldeasturias.com\/noticias\/wp-content\/uploads\/2026\/06\/Contenidos.jpg\" \/>\n\t\t<meta property=\"og:image:secure_url\" content=\"https:\/\/www.eldigitaldeasturias.com\/noticias\/wp-content\/uploads\/2026\/06\/Contenidos.jpg\" \/>\n\t\t<meta property=\"og:image:width\" content=\"1265\" \/>\n\t\t<meta property=\"og:image:height\" content=\"697\" \/>\n\t\t<meta property=\"article:tag\" content=\"actualidad\" \/>\n\t\t<meta property=\"article:published_time\" content=\"2014-02-08T00:43:05+00:00\" \/>\n\t\t<meta property=\"article:modified_time\" content=\"2014-02-08T00:43:05+00:00\" \/>\n\t\t<meta property=\"article:publisher\" content=\"https:\/\/facebook.com\/eldigitaldeasturias\" \/>\n\t\t<meta name=\"twitter:card\" content=\"summary_large_image\" \/>\n\t\t<meta name=\"twitter:title\" content=\"Expectaci\u00f3n y seguridad en Palma ante el d\u00eda D de la infanta Cristina - El Digital de Asturias\" \/>\n\t\t<meta name=\"twitter:description\" content=\"Palma, 7 feb (dpa) - Cuando la infanta Cristina entre ma\u00f1ana en la sala de vistas, una de las primeras cosas que ver\u00e1 ser\u00e1 el retrato del rey Juan Carlos. La imagen del monarca preside el lugar en el que su hija peque\u00f1a declarar\u00e1 como imputada en un caso de corrupci\u00f3n que ha hundido la\" \/>\n\t\t<meta name=\"twitter:image\" content=\"https:\/\/www.eldigitaldeasturias.com\/noticias\/wp-content\/uploads\/2026\/06\/Contenidos.jpg\" \/>\n\t\t<meta name=\"twitter:label1\" content=\"Escrito por\" \/>\n\t\t<meta name=\"twitter:data1\" content=\"El Digital de Asturias\" \/>\n\t\t<meta name=\"twitter:label2\" content=\"Tiempo de lectura estimado\" \/>\n\t\t<meta name=\"twitter:data2\" content=\"4 minutos\" \/>\n\t\t<script type=\"application\/ld+json\" class=\"aioseo-schema\">\n\t\t\t{\"@context\":\"https:\\\/\\\/schema.org\",\"@graph\":[{\"@type\":\"BlogPosting\",\"@id\":\"https:\\\/\\\/www.eldigitaldeasturias.com\\\/noticias\\\/expectacion-y-seguridad-en-palma-ante-el-dia-d-de-la-infanta-cristina\\\/#blogposting\",\"name\":\"Expectaci\\u00f3n y seguridad en Palma ante el d\\u00eda D de la infanta Cristina - El Digital de Asturias\",\"headline\":\"Expectaci\\u00f3n y seguridad en Palma ante el d\\u00eda D de la infanta Cristina\",\"author\":{\"@id\":\"https:\\\/\\\/www.eldigitaldeasturias.com\\\/noticias\\\/author\\\/admin\\\/#author\"},\"publisher\":{\"@id\":\"https:\\\/\\\/www.eldigitaldeasturias.com\\\/noticias\\\/#organization\"},\"image\":{\"@type\":\"ImageObject\",\"url\":\"https:\\\/\\\/www.eldigitaldeasturias.com\\\/noticias\\\/wp-content\\\/uploads\\\/2026\\\/06\\\/Contenidos.jpg\",\"width\":1265,\"height\":697,\"caption\":\"Contenidos\"},\"datePublished\":\"2014-02-07T23:43:05+01:00\",\"dateModified\":\"2014-02-07T23:43:05+01:00\",\"inLanguage\":\"es-ES\",\"mainEntityOfPage\":{\"@id\":\"https:\\\/\\\/www.eldigitaldeasturias.com\\\/noticias\\\/expectacion-y-seguridad-en-palma-ante-el-dia-d-de-la-infanta-cristina\\\/#webpage\"},\"isPartOf\":{\"@id\":\"https:\\\/\\\/www.eldigitaldeasturias.com\\\/noticias\\\/expectacion-y-seguridad-en-palma-ante-el-dia-d-de-la-infanta-cristina\\\/#webpage\"},\"articleSection\":\"Actualidad\"},{\"@type\":\"BreadcrumbList\",\"@id\":\"https:\\\/\\\/www.eldigitaldeasturias.com\\\/noticias\\\/expectacion-y-seguridad-en-palma-ante-el-dia-d-de-la-infanta-cristina\\\/#breadcrumblist\",\"itemListElement\":[{\"@type\":\"ListItem\",\"@id\":\"https:\\\/\\\/www.eldigitaldeasturias.com\\\/noticias#listItem\",\"position\":1,\"name\":\"Home\",\"item\":\"https:\\\/\\\/www.eldigitaldeasturias.com\\\/noticias\",\"nextItem\":{\"@type\":\"ListItem\",\"@id\":\"https:\\\/\\\/www.eldigitaldeasturias.com\\\/noticias\\\/category\\\/actualidad\\\/#listItem\",\"name\":\"Actualidad\"}},{\"@type\":\"ListItem\",\"@id\":\"https:\\\/\\\/www.eldigitaldeasturias.com\\\/noticias\\\/category\\\/actualidad\\\/#listItem\",\"position\":2,\"name\":\"Actualidad\",\"item\":\"https:\\\/\\\/www.eldigitaldeasturias.com\\\/noticias\\\/category\\\/actualidad\\\/\",\"nextItem\":{\"@type\":\"ListItem\",\"@id\":\"https:\\\/\\\/www.eldigitaldeasturias.com\\\/noticias\\\/expectacion-y-seguridad-en-palma-ante-el-dia-d-de-la-infanta-cristina\\\/#listItem\",\"name\":\"Expectaci\\u00f3n y seguridad en Palma ante el d\\u00eda D de la infanta Cristina\"},\"previousItem\":{\"@type\":\"ListItem\",\"@id\":\"https:\\\/\\\/www.eldigitaldeasturias.com\\\/noticias#listItem\",\"name\":\"Home\"}},{\"@type\":\"ListItem\",\"@id\":\"https:\\\/\\\/www.eldigitaldeasturias.com\\\/noticias\\\/expectacion-y-seguridad-en-palma-ante-el-dia-d-de-la-infanta-cristina\\\/#listItem\",\"position\":3,\"name\":\"Expectaci\\u00f3n y seguridad en Palma ante el d\\u00eda D de la infanta Cristina\",\"previousItem\":{\"@type\":\"ListItem\",\"@id\":\"https:\\\/\\\/www.eldigitaldeasturias.com\\\/noticias\\\/category\\\/actualidad\\\/#listItem\",\"name\":\"Actualidad\"}}]},{\"@type\":\"Organization\",\"@id\":\"https:\\\/\\\/www.eldigitaldeasturias.com\\\/noticias\\\/#organization\",\"name\":\"El Digital de Asturias\",\"description\":\"Hemeroteca\",\"url\":\"https:\\\/\\\/www.eldigitaldeasturias.com\\\/noticias\\\/\",\"email\":\"info@eldigitaldeasturias.com\",\"telephone\":\"+34652131393\",\"logo\":{\"@type\":\"ImageObject\",\"url\":\"https:\\\/\\\/www.eldigitaldeasturias.com\\\/noticias\\\/wp-content\\\/uploads\\\/2020\\\/12\\\/EDA.jpg\",\"@id\":\"https:\\\/\\\/www.eldigitaldeasturias.com\\\/noticias\\\/expectacion-y-seguridad-en-palma-ante-el-dia-d-de-la-infanta-cristina\\\/#organizationLogo\"},\"image\":{\"@id\":\"https:\\\/\\\/www.eldigitaldeasturias.com\\\/noticias\\\/expectacion-y-seguridad-en-palma-ante-el-dia-d-de-la-infanta-cristina\\\/#organizationLogo\"},\"sameAs\":[\"https:\\\/\\\/facebook.com\\\/eldigitaldeasturias\",\"https:\\\/\\\/www.youtube.com\\\/channel\\\/UCZP-2wLEB9Rv6erhFmqVnvg\"],\"address\":{\"@id\":\"https:\\\/\\\/www.eldigitaldeasturias.com\\\/noticias\\\/#postaladdress\",\"@type\":\"PostalAddress\",\"streetAddress\":\"san antonio 4\",\"postalCode\":\"33430\",\"addressLocality\":\"Cand\\u00e1s\",\"addressRegion\":\"Asturias\",\"addressCountry\":\"ES\"}},{\"@type\":\"Person\",\"@id\":\"https:\\\/\\\/www.eldigitaldeasturias.com\\\/noticias\\\/author\\\/admin\\\/#author\",\"url\":\"https:\\\/\\\/www.eldigitaldeasturias.com\\\/noticias\\\/author\\\/admin\\\/\",\"name\":\"El Digital de Asturias\",\"image\":{\"@type\":\"ImageObject\",\"@id\":\"https:\\\/\\\/www.eldigitaldeasturias.com\\\/noticias\\\/expectacion-y-seguridad-en-palma-ante-el-dia-d-de-la-infanta-cristina\\\/#authorImage\",\"url\":\"https:\\\/\\\/secure.gravatar.com\\\/avatar\\\/df2aeffc32bcd13f8d26072ef8a91b623d677766deac7f97ca815868cd41bf5e?s=96&d=mm&r=g\",\"width\":96,\"height\":96,\"caption\":\"El Digital de Asturias\"}},{\"@type\":\"WebPage\",\"@id\":\"https:\\\/\\\/www.eldigitaldeasturias.com\\\/noticias\\\/expectacion-y-seguridad-en-palma-ante-el-dia-d-de-la-infanta-cristina\\\/#webpage\",\"url\":\"https:\\\/\\\/www.eldigitaldeasturias.com\\\/noticias\\\/expectacion-y-seguridad-en-palma-ante-el-dia-d-de-la-infanta-cristina\\\/\",\"name\":\"Expectaci\\u00f3n y seguridad en Palma ante el d\\u00eda D de la infanta Cristina - El Digital de Asturias\",\"description\":\"Palma, 7 feb (dpa) - Cuando la infanta Cristina entre ma\\u00f1ana en la sala de vistas, una de las primeras cosas que ver\\u00e1 ser\\u00e1 el retrato del rey Juan Carlos. La imagen del monarca preside el lugar en el que su hija peque\\u00f1a declarar\\u00e1 como imputada en un caso de corrupci\\u00f3n que ha hundido la\",\"inLanguage\":\"es-ES\",\"isPartOf\":{\"@id\":\"https:\\\/\\\/www.eldigitaldeasturias.com\\\/noticias\\\/#website\"},\"breadcrumb\":{\"@id\":\"https:\\\/\\\/www.eldigitaldeasturias.com\\\/noticias\\\/expectacion-y-seguridad-en-palma-ante-el-dia-d-de-la-infanta-cristina\\\/#breadcrumblist\"},\"author\":{\"@id\":\"https:\\\/\\\/www.eldigitaldeasturias.com\\\/noticias\\\/author\\\/admin\\\/#author\"},\"creator\":{\"@id\":\"https:\\\/\\\/www.eldigitaldeasturias.com\\\/noticias\\\/author\\\/admin\\\/#author\"},\"image\":{\"@type\":\"ImageObject\",\"url\":\"https:\\\/\\\/www.eldigitaldeasturias.com\\\/noticias\\\/wp-content\\\/uploads\\\/2026\\\/06\\\/Contenidos.jpg\",\"@id\":\"https:\\\/\\\/www.eldigitaldeasturias.com\\\/noticias\\\/expectacion-y-seguridad-en-palma-ante-el-dia-d-de-la-infanta-cristina\\\/#mainImage\",\"width\":1265,\"height\":697,\"caption\":\"Contenidos\"},\"primaryImageOfPage\":{\"@id\":\"https:\\\/\\\/www.eldigitaldeasturias.com\\\/noticias\\\/expectacion-y-seguridad-en-palma-ante-el-dia-d-de-la-infanta-cristina\\\/#mainImage\"},\"datePublished\":\"2014-02-07T23:43:05+01:00\",\"dateModified\":\"2014-02-07T23:43:05+01:00\"},{\"@type\":\"WebSite\",\"@id\":\"https:\\\/\\\/www.eldigitaldeasturias.com\\\/noticias\\\/#website\",\"url\":\"https:\\\/\\\/www.eldigitaldeasturias.com\\\/noticias\\\/\",\"name\":\"El Digital de Asturias - Diario de actualidad y noticias\",\"alternateName\":\"El Digital de Asturias - Diario de actualidad y noticias\",\"description\":\"Hemeroteca\",\"inLanguage\":\"es-ES\",\"publisher\":{\"@id\":\"https:\\\/\\\/www.eldigitaldeasturias.com\\\/noticias\\\/#organization\"}}]}\n\t\t<\/script>\n\t\t<!-- All in One SEO Pro -->\r\n\t\t<title>Expectaci\u00f3n y seguridad en Palma ante el d\u00eda D de la infanta Cristina - El Digital de Asturias<\/title>\n\n","aioseo_head_json":{"title":"Expectaci\u00f3n y seguridad en Palma ante el d\u00eda D de la infanta Cristina - El Digital de Asturias","description":"Palma, 7 feb (dpa) - Cuando la infanta Cristina entre ma\u00f1ana en la sala de vistas, una de las primeras cosas que ver\u00e1 ser\u00e1 el retrato del rey Juan Carlos. La imagen del monarca preside el lugar en el que su hija peque\u00f1a declarar\u00e1 como imputada en un caso de corrupci\u00f3n que ha hundido la","canonical_url":"https:\/\/www.eldigitaldeasturias.com\/noticias\/expectacion-y-seguridad-en-palma-ante-el-dia-d-de-la-infanta-cristina\/","robots":"max-image-preview:large","keywords":"actualidad","webmasterTools":{"google-site-verification":"UA-38556648-1","msvalidate.01":"7dfe9f3f1b24437ab69f4f2559babe99","miscellaneous":""},"schema":{"@context":"https:\/\/schema.org","@graph":[{"@type":"BlogPosting","@id":"https:\/\/www.eldigitaldeasturias.com\/noticias\/expectacion-y-seguridad-en-palma-ante-el-dia-d-de-la-infanta-cristina\/#blogposting","name":"Expectaci\u00f3n y seguridad en Palma ante el d\u00eda D de la infanta Cristina - El Digital de Asturias","headline":"Expectaci\u00f3n y seguridad en Palma ante el d\u00eda D de la infanta Cristina","author":{"@id":"https:\/\/www.eldigitaldeasturias.com\/noticias\/author\/admin\/#author"},"publisher":{"@id":"https:\/\/www.eldigitaldeasturias.com\/noticias\/#organization"},"image":{"@type":"ImageObject","url":"https:\/\/www.eldigitaldeasturias.com\/noticias\/wp-content\/uploads\/2026\/06\/Contenidos.jpg","width":1265,"height":697,"caption":"Contenidos"},"datePublished":"2014-02-07T23:43:05+01:00","dateModified":"2014-02-07T23:43:05+01:00","inLanguage":"es-ES","mainEntityOfPage":{"@id":"https:\/\/www.eldigitaldeasturias.com\/noticias\/expectacion-y-seguridad-en-palma-ante-el-dia-d-de-la-infanta-cristina\/#webpage"},"isPartOf":{"@id":"https:\/\/www.eldigitaldeasturias.com\/noticias\/expectacion-y-seguridad-en-palma-ante-el-dia-d-de-la-infanta-cristina\/#webpage"},"articleSection":"Actualidad"},{"@type":"BreadcrumbList","@id":"https:\/\/www.eldigitaldeasturias.com\/noticias\/expectacion-y-seguridad-en-palma-ante-el-dia-d-de-la-infanta-cristina\/#breadcrumblist","itemListElement":[{"@type":"ListItem","@id":"https:\/\/www.eldigitaldeasturias.com\/noticias#listItem","position":1,"name":"Home","item":"https:\/\/www.eldigitaldeasturias.com\/noticias","nextItem":{"@type":"ListItem","@id":"https:\/\/www.eldigitaldeasturias.com\/noticias\/category\/actualidad\/#listItem","name":"Actualidad"}},{"@type":"ListItem","@id":"https:\/\/www.eldigitaldeasturias.com\/noticias\/category\/actualidad\/#listItem","position":2,"name":"Actualidad","item":"https:\/\/www.eldigitaldeasturias.com\/noticias\/category\/actualidad\/","nextItem":{"@type":"ListItem","@id":"https:\/\/www.eldigitaldeasturias.com\/noticias\/expectacion-y-seguridad-en-palma-ante-el-dia-d-de-la-infanta-cristina\/#listItem","name":"Expectaci\u00f3n y seguridad en Palma ante el d\u00eda D de la infanta Cristina"},"previousItem":{"@type":"ListItem","@id":"https:\/\/www.eldigitaldeasturias.com\/noticias#listItem","name":"Home"}},{"@type":"ListItem","@id":"https:\/\/www.eldigitaldeasturias.com\/noticias\/expectacion-y-seguridad-en-palma-ante-el-dia-d-de-la-infanta-cristina\/#listItem","position":3,"name":"Expectaci\u00f3n y seguridad en Palma ante el d\u00eda D de la infanta Cristina","previousItem":{"@type":"ListItem","@id":"https:\/\/www.eldigitaldeasturias.com\/noticias\/category\/actualidad\/#listItem","name":"Actualidad"}}]},{"@type":"Organization","@id":"https:\/\/www.eldigitaldeasturias.com\/noticias\/#organization","name":"El Digital de Asturias","description":"Hemeroteca","url":"https:\/\/www.eldigitaldeasturias.com\/noticias\/","email":"info@eldigitaldeasturias.com","telephone":"+34652131393","logo":{"@type":"ImageObject","url":"https:\/\/www.eldigitaldeasturias.com\/noticias\/wp-content\/uploads\/2020\/12\/EDA.jpg","@id":"https:\/\/www.eldigitaldeasturias.com\/noticias\/expectacion-y-seguridad-en-palma-ante-el-dia-d-de-la-infanta-cristina\/#organizationLogo"},"image":{"@id":"https:\/\/www.eldigitaldeasturias.com\/noticias\/expectacion-y-seguridad-en-palma-ante-el-dia-d-de-la-infanta-cristina\/#organizationLogo"},"sameAs":["https:\/\/facebook.com\/eldigitaldeasturias","https:\/\/www.youtube.com\/channel\/UCZP-2wLEB9Rv6erhFmqVnvg"],"address":{"@id":"https:\/\/www.eldigitaldeasturias.com\/noticias\/#postaladdress","@type":"PostalAddress","streetAddress":"san antonio 4","postalCode":"33430","addressLocality":"Cand\u00e1s","addressRegion":"Asturias","addressCountry":"ES"}},{"@type":"Person","@id":"https:\/\/www.eldigitaldeasturias.com\/noticias\/author\/admin\/#author","url":"https:\/\/www.eldigitaldeasturias.com\/noticias\/author\/admin\/","name":"El Digital de Asturias","image":{"@type":"ImageObject","@id":"https:\/\/www.eldigitaldeasturias.com\/noticias\/expectacion-y-seguridad-en-palma-ante-el-dia-d-de-la-infanta-cristina\/#authorImage","url":"https:\/\/secure.gravatar.com\/avatar\/df2aeffc32bcd13f8d26072ef8a91b623d677766deac7f97ca815868cd41bf5e?s=96&d=mm&r=g","width":96,"height":96,"caption":"El Digital de Asturias"}},{"@type":"WebPage","@id":"https:\/\/www.eldigitaldeasturias.com\/noticias\/expectacion-y-seguridad-en-palma-ante-el-dia-d-de-la-infanta-cristina\/#webpage","url":"https:\/\/www.eldigitaldeasturias.com\/noticias\/expectacion-y-seguridad-en-palma-ante-el-dia-d-de-la-infanta-cristina\/","name":"Expectaci\u00f3n y seguridad en Palma ante el d\u00eda D de la infanta Cristina - El Digital de Asturias","description":"Palma, 7 feb (dpa) - Cuando la infanta Cristina entre ma\u00f1ana en la sala de vistas, una de las primeras cosas que ver\u00e1 ser\u00e1 el retrato del rey Juan Carlos. La imagen del monarca preside el lugar en el que su hija peque\u00f1a declarar\u00e1 como imputada en un caso de corrupci\u00f3n que ha hundido la","inLanguage":"es-ES","isPartOf":{"@id":"https:\/\/www.eldigitaldeasturias.com\/noticias\/#website"},"breadcrumb":{"@id":"https:\/\/www.eldigitaldeasturias.com\/noticias\/expectacion-y-seguridad-en-palma-ante-el-dia-d-de-la-infanta-cristina\/#breadcrumblist"},"author":{"@id":"https:\/\/www.eldigitaldeasturias.com\/noticias\/author\/admin\/#author"},"creator":{"@id":"https:\/\/www.eldigitaldeasturias.com\/noticias\/author\/admin\/#author"},"image":{"@type":"ImageObject","url":"https:\/\/www.eldigitaldeasturias.com\/noticias\/wp-content\/uploads\/2026\/06\/Contenidos.jpg","@id":"https:\/\/www.eldigitaldeasturias.com\/noticias\/expectacion-y-seguridad-en-palma-ante-el-dia-d-de-la-infanta-cristina\/#mainImage","width":1265,"height":697,"caption":"Contenidos"},"primaryImageOfPage":{"@id":"https:\/\/www.eldigitaldeasturias.com\/noticias\/expectacion-y-seguridad-en-palma-ante-el-dia-d-de-la-infanta-cristina\/#mainImage"},"datePublished":"2014-02-07T23:43:05+01:00","dateModified":"2014-02-07T23:43:05+01:00"},{"@type":"WebSite","@id":"https:\/\/www.eldigitaldeasturias.com\/noticias\/#website","url":"https:\/\/www.eldigitaldeasturias.com\/noticias\/","name":"El Digital de Asturias - Diario de actualidad y noticias","alternateName":"El Digital de Asturias - Diario de actualidad y noticias","description":"Hemeroteca","inLanguage":"es-ES","publisher":{"@id":"https:\/\/www.eldigitaldeasturias.com\/noticias\/#organization"}}]},"og:locale":"es_ES","og:site_name":"El Digital de Asturias","og:type":"article","og:title":"Expectaci\u00f3n y seguridad en Palma ante el d\u00eda D de la infanta Cristina - El Digital de Asturias","og:description":"Palma, 7 feb (dpa) - Cuando la infanta Cristina entre ma\u00f1ana en la sala de vistas, una de las primeras cosas que ver\u00e1 ser\u00e1 el retrato del rey Juan Carlos. La imagen del monarca preside el lugar en el que su hija peque\u00f1a declarar\u00e1 como imputada en un caso de corrupci\u00f3n que ha hundido la","og:url":"https:\/\/www.eldigitaldeasturias.com\/noticias\/expectacion-y-seguridad-en-palma-ante-el-dia-d-de-la-infanta-cristina\/","og:image":"https:\/\/www.eldigitaldeasturias.com\/noticias\/wp-content\/uploads\/2026\/06\/Contenidos.jpg","og:image:secure_url":"https:\/\/www.eldigitaldeasturias.com\/noticias\/wp-content\/uploads\/2026\/06\/Contenidos.jpg","og:image:width":1265,"og:image:height":697,"article:tag":["actualidad"],"article:published_time":"2014-02-08T00:43:05+00:00","article:modified_time":"2014-02-08T00:43:05+00:00","article:publisher":"https:\/\/facebook.com\/eldigitaldeasturias","twitter:card":"summary_large_image","twitter:title":"Expectaci\u00f3n y seguridad en Palma ante el d\u00eda D de la infanta Cristina - El Digital de Asturias","twitter:description":"Palma, 7 feb (dpa) - Cuando la infanta Cristina entre ma\u00f1ana en la sala de vistas, una de las primeras cosas que ver\u00e1 ser\u00e1 el retrato del rey Juan Carlos. La imagen del monarca preside el lugar en el que su hija peque\u00f1a declarar\u00e1 como imputada en un caso de corrupci\u00f3n que ha hundido la","twitter:image":"https:\/\/www.eldigitaldeasturias.com\/noticias\/wp-content\/uploads\/2026\/06\/Contenidos.jpg","twitter:label1":"Escrito por","twitter:data1":"El Digital de Asturias","twitter:label2":"Tiempo de lectura estimado","twitter:data2":"4 minutos"},"aioseo_meta_data":{"post_id":"486271","title":null,"description":null,"keywords":null,"keyphrases":null,"primary_term":null,"canonical_url":null,"og_title":null,"og_description":null,"og_object_type":"default","og_image_type":"default","og_image_url":null,"og_image_width":null,"og_image_height":null,"og_image_custom_url":null,"og_image_custom_fields":null,"og_video":null,"og_custom_url":null,"og_article_section":null,"og_article_tags":null,"twitter_use_og":true,"twitter_card":"default","twitter_image_type":"default","twitter_image_url":null,"twitter_image_custom_url":null,"twitter_image_custom_fields":null,"twitter_title":null,"twitter_description":null,"schema":{"blockGraphs":[],"customGraphs":[],"default":{"data":{"Article":[],"Course":[],"Dataset":[],"FAQPage":[],"Movie":[],"Person":[],"Product":[],"ProductReview":[],"Car":[],"Recipe":[],"Service":[],"SoftwareApplication":[],"WebPage":[]},"graphName":"","isEnabled":true},"graphs":[],"defaultGraph":"","defaultPostTypeGraph":""},"schema_type":null,"schema_type_options":null,"pillar_content":false,"robots_default":true,"robots_noindex":false,"robots_noarchive":false,"robots_nosnippet":false,"robots_nofollow":false,"robots_noimageindex":false,"robots_noodp":false,"robots_notranslate":false,"robots_max_snippet":null,"robots_max_videopreview":null,"robots_max_imagepreview":"none","priority":null,"frequency":null,"local_seo":null,"seo_analyzer_scan_date":"2026-06-03 00:10:47","breadcrumb_settings":null,"limit_modified_date":false,"open_ai":null,"ai":null,"created":"2020-11-14 22:56:04","updated":"2026-06-03 00:10:47","focus_keyword":null,"additional_keywords":null,"truseo_locale":null},"aioseo_breadcrumb":"<div class=\"aioseo-breadcrumbs\"><span class=\"aioseo-breadcrumb\">\n\t<a href=\"https:\/\/www.eldigitaldeasturias.com\/noticias\" title=\"Home\">Home<\/a>\n<\/span><span class=\"aioseo-breadcrumb-separator\">\u2013<\/span><span class=\"aioseo-breadcrumb\">\n\t<a href=\"https:\/\/www.eldigitaldeasturias.com\/noticias\/category\/actualidad\/\" title=\"Actualidad\">Actualidad<\/a>\n<\/span><span class=\"aioseo-breadcrumb-separator\">\u2013<\/span><span class=\"aioseo-breadcrumb\">\n\t<a href=\"https:\/\/www.eldigitaldeasturias.com\/noticias\/expectacion-y-seguridad-en-palma-ante-el-dia-d-de-la-infanta-cristina\/\" title=\"Expectaci\u00f3n y seguridad en Palma ante el d\u00eda D de la infanta Cristina\">Expectaci\u00f3n y seguridad en Palma ante el d\u00eda D de la infanta Cristina<\/a>\n<\/span><\/div>","aioseo_breadcrumb_json":[{"label":"Home","link":"https:\/\/www.eldigitaldeasturias.com\/noticias"},{"label":"Actualidad","link":"https:\/\/www.eldigitaldeasturias.com\/noticias\/category\/actualidad\/"},{"label":"Expectaci\u00f3n y seguridad en Palma ante el d\u00eda D de la infanta Cristina","link":"https:\/\/www.eldigitaldeasturias.com\/noticias\/expectacion-y-seguridad-en-palma-ante-el-dia-d-de-la-infanta-cristina\/"}],"_links":{"self":[{"href":"https:\/\/www.eldigitaldeasturias.com\/noticias\/wp-json\/wp\/v2\/posts\/486271","targetHints":{"allow":["GET"]}}],"collection":[{"href":"https:\/\/www.eldigitaldeasturias.com\/noticias\/wp-json\/wp\/v2\/posts"}],"about":[{"href":"https:\/\/www.eldigitaldeasturias.com\/noticias\/wp-json\/wp\/v2\/types\/post"}],"author":[{"embeddable":true,"href":"https:\/\/www.eldigitaldeasturias.com\/noticias\/wp-json\/wp\/v2\/users\/1"}],"replies":[{"embeddable":true,"href":"https:\/\/www.eldigitaldeasturias.com\/noticias\/wp-json\/wp\/v2\/comments?post=486271"}],"version-history":[{"count":0,"href":"https:\/\/www.eldigitaldeasturias.com\/noticias\/wp-json\/wp\/v2\/posts\/486271\/revisions"}],"wp:featuredmedia":[{"embeddable":true,"href":"https:\/\/www.eldigitaldeasturias.com\/noticias\/wp-json\/wp\/v2\/media\/1132184"}],"wp:attachment":[{"href":"https:\/\/www.eldigitaldeasturias.com\/noticias\/wp-json\/wp\/v2\/media?parent=486271"}],"wp:term":[{"taxonomy":"category","embeddable":true,"href":"https:\/\/www.eldigitaldeasturias.com\/noticias\/wp-json\/wp\/v2\/categories?post=486271"},{"taxonomy":"post_tag","embeddable":true,"href":"https:\/\/www.eldigitaldeasturias.com\/noticias\/wp-json\/wp\/v2\/tags?post=486271"}],"curies":[{"name":"wp","href":"https:\/\/api.w.org\/{rel}","templated":true}]}}