{"id":486257,"date":"2014-02-07T23:26:54","date_gmt":"2014-02-08T00:26:54","guid":{"rendered":"http:\/\/www.eldigitaldeasturias.com\/noticias\/?p=486257"},"modified":"2014-02-07T23:26:54","modified_gmt":"2014-02-08T00:26:54","slug":"la-infanta-cristina-marca-una-linea-roja","status":"publish","type":"post","link":"https:\/\/www.eldigitaldeasturias.com\/noticias\/la-infanta-cristina-marca-una-linea-roja\/","title":{"rendered":"La infanta Cristina marca una l\u00ednea roja"},"content":{"rendered":"<p><img loading=\"lazy\" decoding=\"async\" class=\"alignleft size-medium wp-image-477856\" alt=\"infanta\" src=\"https:\/\/www.eldigitaldeasturias.com\/noticias\/wp-content\/uploads\/2014\/01\/infanta-360x273.jpg\" width=\"360\" height=\"273\" \/>Palma, 7 feb (dpa) &#8211; La foto de la infanta Cristina entrando ma\u00f1ana s\u00e1bado en el juzgado de Palma de Mallorca har\u00e1 m\u00e1s da\u00f1o a la monarqu\u00eda espa\u00f1ola que todas las campa\u00f1as republicanas juntas que ha habido durante los 38 a\u00f1os de reinado de Juan Carlos I.<\/p>\n<p>La hija peque\u00f1a del monarca se sienta ante el juez Jos\u00e9 Castro como imputada ante las sospechas que tiene el magistrado de que ha podido cometer fraude fiscal y blanqueo de dinero.<\/p>\n<p>Podr\u00e1 convencerlo o no de que no sab\u00eda nada de los negocios presuntamente il\u00edcitos que hac\u00eda su marido, I\u00f1aki Urdangarin, al frente del Instituto N\u00f3os, una organizaci\u00f3n sin \u00e1nimo de lucro a trav\u00e9s de la que se embols\u00f3, malvers\u00e1ndolo, casi seis millones de euros de dinero p\u00fablico junto a su socio.<\/p>\n<p>Pero la infanta no solo responde ma\u00f1ana ante el juez. Responde tambi\u00e9n ante la sociedad espa\u00f1ola, que con la crisis econ\u00f3mica que azota el pa\u00eds desde 2008 ha desarrollado un nivel de intolerancia a la corrupci\u00f3n y los abusos que a\u00f1os atr\u00e1s estaba m\u00e1s abajo.<\/p>\n<p>Con la infanta Cristina se sienta ante el juez tambi\u00e9n la casa real, que se examina de honestidad ante la ciudadan\u00eda.<\/p>\n<p>Una ciudadan\u00eda que en los \u00faltimos a\u00f1os ha dado la espalda a la instituci\u00f3n mon\u00e1rquica, apuntalada en su d\u00eda por el papel del rey Juan Carlos en la Transici\u00f3n espa\u00f1ola y, sobre todo, en el intento de golpe de Estado del 23 de febrero de 1981.<\/p>\n<p>La crisis de Botsuana -cuando una Espa\u00f1a en crisis se enter\u00f3 por una rotura de cadera de que su rey se divert\u00eda en lujosas y cuestionables cacer\u00edas en \u00c1frica junto a una \u00abamiga entra\u00f1able\u00bb- supuso un golpe muy duro para la imagen de la monarqu\u00eda y del rey.<\/p>\n<p>La Zarzuela trabaj\u00f3 duro para recomponerla y superar la desafecci\u00f3n que mostraban las encuestas. Pero la imputaci\u00f3n de la infanta, a tenor de lo que marcan los estudios de opini\u00f3n, es un gran golpe en la esperanza de que los espa\u00f1oles apoyen de nuevo a la Corona en la forma en la que lo hac\u00edan. Y supone pues un escollo en el camino del pr\u00edncipe Felipe hacia la jefatura de Estado.<\/p>\n<p>La Casa del Rey califica abiertamente de \u00abmartirio\u00bb el \u00abcaso N\u00f3os\u00bb. Se ha apartado lo que ha podido de la infanta. En Palma no habr\u00e1 con ella ning\u00fan representante. Solo estar\u00e1n sus abogados.<\/p>\n<p>Hacia fuera, la foto de la infanta entrando en el juzgado es un golpe a la imagen exterior de Espa\u00f1a. Ya lo dijo el propio ministro de Exteriores, Jos\u00e9 Manuel Garc\u00eda-Margallo, cuando la infanta fue imputada por primera vez, en abril (una imputaci\u00f3n anulada despu\u00e9s): \u00abLa imputaci\u00f3n de la infanta no beneficia a la Marca Espa\u00f1a\u00bb.<\/p>\n<p>La imagen de la hija peque\u00f1a del rey de Espa\u00f1a accediendo ma\u00f1ana al tribunal mallorqu\u00edn dar\u00e1 la vuelta al mundo.<\/p>\n<p>Entre los 350 periodistas de 94 medios que se han acreditado para cubrir una declaraci\u00f3n hist\u00f3rica est\u00e1n los enviados de la CNN. Hay informadores de Francia, Alemania y Reino Unido, entre otros.<\/p>\n<p>Y todos se referir\u00e1n en sus informaciones al primer miembro de la familia real que es investigado en un proceso penal e interrogado ante un juez, un caso \u00fanico en una monarqu\u00eda reinante.<\/p>\n<p>Esta semana, la casa real cit\u00f3 a unos 40 corresponsales extranjeros, a los que sent\u00f3 cara a cara con el jefe de la Casa del Rey, Rafael Spottorno, en un ejercicio de transparencia en el que respondi\u00f3 preguntas sobre la monarqu\u00eda y les record\u00f3 que la infanta no toma ya parte en los actos de la Corona.<\/p>\n<p>Para ella las cosas no ser\u00e1n ya jam\u00e1s lo que fueron. Hace tiempo de hecho que ya no lo son para ella en el seno de la familia real.<\/p>\n<p>Cuando la Casa del Rey apart\u00f3 a Urdangarin de la agenda oficial por un comportamiento \u00abno ejemplar\u00bb (su imputaci\u00f3n estaba al caer), la apart\u00f3 de facto a ella, que no ha vuelto a aparecer en un acto oficial desde la fiesta nacional del 12 de octubre de 2011.<\/p>\n<p>Su declaraci\u00f3n ma\u00f1ana ante el juez Castro puede, en el mejor de los casos, desembocar en una salida sin cargos del asunto. Pero a\u00fan en ese caso habr\u00e1 impl\u00edcita una condena para ella.<\/p>\n<p>\u00ab\u00bfSe imaginan a la esposa de I\u00f1aki Urdangarin entregando un premio en nombre de la Casa Real cuando se cierre el caso? \u00bfO inaugurando un colegio? En Zarzuela, tampoco\u00bb, escrib\u00eda hace unos d\u00edas la periodista que cubre para el diario \u00abEl Mundo\u00bb la Casa Real.<\/p>\n<p>La hija peque\u00f1a del rey Juan Carlos, la hermana peque\u00f1a del futuro rey Felipe, ha quedado en definitiva invalidada para la Corona. Aunque la duquesa de Palma -t\u00edtulo al que en la ciudad que declara el s\u00e1bado le han pedido que renuncie- siga manteniendo sus derechos din\u00e1sticos como s\u00e9ptima en la l\u00ednea de sucesi\u00f3n.<\/p>\n<p>En cualquiera de los tres escenarios -el nacional, el internacional y el personal- su imputaci\u00f3n marca un antes y un despu\u00e9s. Una l\u00ednea roja en los 38 a\u00f1os de reinado de Juan Carlos I.<\/p>\n<p>Por Sara Barderas<\/p>\n","protected":false},"excerpt":{"rendered":"<p>Palma, 7 feb (dpa) &#8211; La foto de la infanta Cristina entrando ma\u00f1ana s\u00e1bado en el juzgado de Palma de Mallorca har\u00e1 m\u00e1s da\u00f1o a la monarqu\u00eda espa\u00f1ola que todas las campa\u00f1as republicanas juntas que ha habido durante los 38 a\u00f1os de reinado de Juan Carlos I. La hija peque\u00f1a del monarca se sienta ante [&hellip;]<\/p>\n","protected":false},"author":1,"featured_media":1132184,"comment_status":"open","ping_status":"open","sticky":false,"template":"","format":"standard","meta":{"footnotes":""},"categories":[1],"tags":[],"class_list":["post-486257","post","type-post","status-publish","format-standard","has-post-thumbnail","hentry","category-actualidad"],"aioseo_notices":[],"aioseo_head":"\n\t\t<!-- All in One SEO Pro 5.0.1 - aioseo.com -->\n\t<meta name=\"description\" content=\"Palma, 7 feb (dpa) - La foto de la infanta Cristina entrando ma\u00f1ana s\u00e1bado en el juzgado de Palma de Mallorca har\u00e1 m\u00e1s da\u00f1o a la monarqu\u00eda espa\u00f1ola que todas las campa\u00f1as republicanas juntas que ha habido durante los 38 a\u00f1os de reinado de Juan Carlos I. La hija peque\u00f1a del monarca se sienta ante\" \/>\n\t<meta name=\"robots\" content=\"max-image-preview:large\" \/>\n\t<meta name=\"author\" content=\"El Digital de Asturias\"\/>\n\t<meta name=\"google-site-verification\" content=\"UA-38556648-1\" \/>\n\t<meta name=\"msvalidate.01\" content=\"7dfe9f3f1b24437ab69f4f2559babe99\" \/>\n\t<meta name=\"keywords\" content=\"actualidad\" \/>\n\t<link rel=\"canonical\" href=\"https:\/\/www.eldigitaldeasturias.com\/noticias\/la-infanta-cristina-marca-una-linea-roja\/\" \/>\n\t<meta name=\"generator\" content=\"All in One SEO Pro (AIOSEO) 5.0.1\" \/>\n\t\t<meta property=\"og:locale\" content=\"es_ES\" \/>\n\t\t<meta property=\"og:site_name\" content=\"El Digital de Asturias\" \/>\n\t\t<meta property=\"og:type\" content=\"article\" \/>\n\t\t<meta property=\"og:title\" content=\"La infanta Cristina marca una l\u00ednea roja - El Digital de Asturias\" \/>\n\t\t<meta property=\"og:description\" content=\"Palma, 7 feb (dpa) - La foto de la infanta Cristina entrando ma\u00f1ana s\u00e1bado en el juzgado de Palma de Mallorca har\u00e1 m\u00e1s da\u00f1o a la monarqu\u00eda espa\u00f1ola que todas las campa\u00f1as republicanas juntas que ha habido durante los 38 a\u00f1os de reinado de Juan Carlos I. La hija peque\u00f1a del monarca se sienta ante\" \/>\n\t\t<meta property=\"og:url\" content=\"https:\/\/www.eldigitaldeasturias.com\/noticias\/la-infanta-cristina-marca-una-linea-roja\/\" \/>\n\t\t<meta property=\"og:image\" content=\"https:\/\/www.eldigitaldeasturias.com\/noticias\/wp-content\/uploads\/2026\/06\/Contenidos.jpg\" \/>\n\t\t<meta property=\"og:image:secure_url\" content=\"https:\/\/www.eldigitaldeasturias.com\/noticias\/wp-content\/uploads\/2026\/06\/Contenidos.jpg\" \/>\n\t\t<meta property=\"og:image:width\" content=\"1265\" \/>\n\t\t<meta property=\"og:image:height\" content=\"697\" \/>\n\t\t<meta property=\"article:tag\" content=\"actualidad\" \/>\n\t\t<meta property=\"article:published_time\" content=\"2014-02-08T00:26:54+00:00\" \/>\n\t\t<meta property=\"article:modified_time\" content=\"2014-02-08T00:26:54+00:00\" \/>\n\t\t<meta property=\"article:publisher\" content=\"https:\/\/facebook.com\/eldigitaldeasturias\" \/>\n\t\t<meta name=\"twitter:card\" content=\"summary_large_image\" \/>\n\t\t<meta name=\"twitter:title\" content=\"La infanta Cristina marca una l\u00ednea roja - El Digital de Asturias\" \/>\n\t\t<meta name=\"twitter:description\" content=\"Palma, 7 feb (dpa) - La foto de la infanta Cristina entrando ma\u00f1ana s\u00e1bado en el juzgado de Palma de Mallorca har\u00e1 m\u00e1s da\u00f1o a la monarqu\u00eda espa\u00f1ola que todas las campa\u00f1as republicanas juntas que ha habido durante los 38 a\u00f1os de reinado de Juan Carlos I. La hija peque\u00f1a del monarca se sienta ante\" \/>\n\t\t<meta name=\"twitter:image\" content=\"https:\/\/www.eldigitaldeasturias.com\/noticias\/wp-content\/uploads\/2026\/06\/Contenidos.jpg\" \/>\n\t\t<meta name=\"twitter:label1\" content=\"Escrito por\" \/>\n\t\t<meta name=\"twitter:data1\" content=\"El Digital de Asturias\" \/>\n\t\t<meta name=\"twitter:label2\" content=\"Tiempo de lectura estimado\" \/>\n\t\t<meta name=\"twitter:data2\" content=\"5 minutos\" \/>\n\t\t<script type=\"application\/ld+json\" class=\"aioseo-schema\">\n\t\t\t{\"@context\":\"https:\\\/\\\/schema.org\",\"@graph\":[{\"@type\":\"BlogPosting\",\"@id\":\"https:\\\/\\\/www.eldigitaldeasturias.com\\\/noticias\\\/la-infanta-cristina-marca-una-linea-roja\\\/#blogposting\",\"name\":\"La infanta Cristina marca una l\\u00ednea roja - El Digital de Asturias\",\"headline\":\"La infanta Cristina marca una l\\u00ednea roja\",\"author\":{\"@id\":\"https:\\\/\\\/www.eldigitaldeasturias.com\\\/noticias\\\/author\\\/admin\\\/#author\"},\"publisher\":{\"@id\":\"https:\\\/\\\/www.eldigitaldeasturias.com\\\/noticias\\\/#organization\"},\"image\":{\"@type\":\"ImageObject\",\"url\":\"https:\\\/\\\/www.eldigitaldeasturias.com\\\/noticias\\\/wp-content\\\/uploads\\\/2026\\\/06\\\/Contenidos.jpg\",\"width\":1265,\"height\":697,\"caption\":\"Contenidos\"},\"datePublished\":\"2014-02-07T23:26:54+01:00\",\"dateModified\":\"2014-02-07T23:26:54+01:00\",\"inLanguage\":\"es-ES\",\"mainEntityOfPage\":{\"@id\":\"https:\\\/\\\/www.eldigitaldeasturias.com\\\/noticias\\\/la-infanta-cristina-marca-una-linea-roja\\\/#webpage\"},\"isPartOf\":{\"@id\":\"https:\\\/\\\/www.eldigitaldeasturias.com\\\/noticias\\\/la-infanta-cristina-marca-una-linea-roja\\\/#webpage\"},\"articleSection\":\"Actualidad\"},{\"@type\":\"BreadcrumbList\",\"@id\":\"https:\\\/\\\/www.eldigitaldeasturias.com\\\/noticias\\\/la-infanta-cristina-marca-una-linea-roja\\\/#breadcrumblist\",\"itemListElement\":[{\"@type\":\"ListItem\",\"@id\":\"https:\\\/\\\/www.eldigitaldeasturias.com\\\/noticias#listItem\",\"position\":1,\"name\":\"Home\",\"item\":\"https:\\\/\\\/www.eldigitaldeasturias.com\\\/noticias\",\"nextItem\":{\"@type\":\"ListItem\",\"@id\":\"https:\\\/\\\/www.eldigitaldeasturias.com\\\/noticias\\\/category\\\/actualidad\\\/#listItem\",\"name\":\"Actualidad\"}},{\"@type\":\"ListItem\",\"@id\":\"https:\\\/\\\/www.eldigitaldeasturias.com\\\/noticias\\\/category\\\/actualidad\\\/#listItem\",\"position\":2,\"name\":\"Actualidad\",\"item\":\"https:\\\/\\\/www.eldigitaldeasturias.com\\\/noticias\\\/category\\\/actualidad\\\/\",\"nextItem\":{\"@type\":\"ListItem\",\"@id\":\"https:\\\/\\\/www.eldigitaldeasturias.com\\\/noticias\\\/la-infanta-cristina-marca-una-linea-roja\\\/#listItem\",\"name\":\"La infanta Cristina marca una l\\u00ednea roja\"},\"previousItem\":{\"@type\":\"ListItem\",\"@id\":\"https:\\\/\\\/www.eldigitaldeasturias.com\\\/noticias#listItem\",\"name\":\"Home\"}},{\"@type\":\"ListItem\",\"@id\":\"https:\\\/\\\/www.eldigitaldeasturias.com\\\/noticias\\\/la-infanta-cristina-marca-una-linea-roja\\\/#listItem\",\"position\":3,\"name\":\"La infanta Cristina marca una l\\u00ednea roja\",\"previousItem\":{\"@type\":\"ListItem\",\"@id\":\"https:\\\/\\\/www.eldigitaldeasturias.com\\\/noticias\\\/category\\\/actualidad\\\/#listItem\",\"name\":\"Actualidad\"}}]},{\"@type\":\"Organization\",\"@id\":\"https:\\\/\\\/www.eldigitaldeasturias.com\\\/noticias\\\/#organization\",\"name\":\"El Digital de Asturias\",\"description\":\"Hemeroteca\",\"url\":\"https:\\\/\\\/www.eldigitaldeasturias.com\\\/noticias\\\/\",\"email\":\"info@eldigitaldeasturias.com\",\"telephone\":\"+34652131393\",\"logo\":{\"@type\":\"ImageObject\",\"url\":\"https:\\\/\\\/www.eldigitaldeasturias.com\\\/noticias\\\/wp-content\\\/uploads\\\/2020\\\/12\\\/EDA.jpg\",\"@id\":\"https:\\\/\\\/www.eldigitaldeasturias.com\\\/noticias\\\/la-infanta-cristina-marca-una-linea-roja\\\/#organizationLogo\"},\"image\":{\"@id\":\"https:\\\/\\\/www.eldigitaldeasturias.com\\\/noticias\\\/la-infanta-cristina-marca-una-linea-roja\\\/#organizationLogo\"},\"sameAs\":[\"https:\\\/\\\/facebook.com\\\/eldigitaldeasturias\",\"https:\\\/\\\/www.youtube.com\\\/channel\\\/UCZP-2wLEB9Rv6erhFmqVnvg\"],\"address\":{\"@id\":\"https:\\\/\\\/www.eldigitaldeasturias.com\\\/noticias\\\/#postaladdress\",\"@type\":\"PostalAddress\",\"streetAddress\":\"san antonio 4\",\"postalCode\":\"33430\",\"addressLocality\":\"Cand\\u00e1s\",\"addressRegion\":\"Asturias\",\"addressCountry\":\"ES\"}},{\"@type\":\"Person\",\"@id\":\"https:\\\/\\\/www.eldigitaldeasturias.com\\\/noticias\\\/author\\\/admin\\\/#author\",\"url\":\"https:\\\/\\\/www.eldigitaldeasturias.com\\\/noticias\\\/author\\\/admin\\\/\",\"name\":\"El Digital de Asturias\",\"image\":{\"@type\":\"ImageObject\",\"@id\":\"https:\\\/\\\/www.eldigitaldeasturias.com\\\/noticias\\\/la-infanta-cristina-marca-una-linea-roja\\\/#authorImage\",\"url\":\"https:\\\/\\\/secure.gravatar.com\\\/avatar\\\/df2aeffc32bcd13f8d26072ef8a91b623d677766deac7f97ca815868cd41bf5e?s=96&d=mm&r=g\",\"width\":96,\"height\":96,\"caption\":\"El Digital de Asturias\"}},{\"@type\":\"WebPage\",\"@id\":\"https:\\\/\\\/www.eldigitaldeasturias.com\\\/noticias\\\/la-infanta-cristina-marca-una-linea-roja\\\/#webpage\",\"url\":\"https:\\\/\\\/www.eldigitaldeasturias.com\\\/noticias\\\/la-infanta-cristina-marca-una-linea-roja\\\/\",\"name\":\"La infanta Cristina marca una l\\u00ednea roja - El Digital de Asturias\",\"description\":\"Palma, 7 feb (dpa) - La foto de la infanta Cristina entrando ma\\u00f1ana s\\u00e1bado en el juzgado de Palma de Mallorca har\\u00e1 m\\u00e1s da\\u00f1o a la monarqu\\u00eda espa\\u00f1ola que todas las campa\\u00f1as republicanas juntas que ha habido durante los 38 a\\u00f1os de reinado de Juan Carlos I. La hija peque\\u00f1a del monarca se sienta ante\",\"inLanguage\":\"es-ES\",\"isPartOf\":{\"@id\":\"https:\\\/\\\/www.eldigitaldeasturias.com\\\/noticias\\\/#website\"},\"breadcrumb\":{\"@id\":\"https:\\\/\\\/www.eldigitaldeasturias.com\\\/noticias\\\/la-infanta-cristina-marca-una-linea-roja\\\/#breadcrumblist\"},\"author\":{\"@id\":\"https:\\\/\\\/www.eldigitaldeasturias.com\\\/noticias\\\/author\\\/admin\\\/#author\"},\"creator\":{\"@id\":\"https:\\\/\\\/www.eldigitaldeasturias.com\\\/noticias\\\/author\\\/admin\\\/#author\"},\"image\":{\"@type\":\"ImageObject\",\"url\":\"https:\\\/\\\/www.eldigitaldeasturias.com\\\/noticias\\\/wp-content\\\/uploads\\\/2026\\\/06\\\/Contenidos.jpg\",\"@id\":\"https:\\\/\\\/www.eldigitaldeasturias.com\\\/noticias\\\/la-infanta-cristina-marca-una-linea-roja\\\/#mainImage\",\"width\":1265,\"height\":697,\"caption\":\"Contenidos\"},\"primaryImageOfPage\":{\"@id\":\"https:\\\/\\\/www.eldigitaldeasturias.com\\\/noticias\\\/la-infanta-cristina-marca-una-linea-roja\\\/#mainImage\"},\"datePublished\":\"2014-02-07T23:26:54+01:00\",\"dateModified\":\"2014-02-07T23:26:54+01:00\"},{\"@type\":\"WebSite\",\"@id\":\"https:\\\/\\\/www.eldigitaldeasturias.com\\\/noticias\\\/#website\",\"url\":\"https:\\\/\\\/www.eldigitaldeasturias.com\\\/noticias\\\/\",\"name\":\"El Digital de Asturias - Diario de actualidad y noticias\",\"alternateName\":\"El Digital de Asturias - Diario de actualidad y noticias\",\"description\":\"Hemeroteca\",\"inLanguage\":\"es-ES\",\"publisher\":{\"@id\":\"https:\\\/\\\/www.eldigitaldeasturias.com\\\/noticias\\\/#organization\"}}]}\n\t\t<\/script>\n\t\t<!-- All in One SEO Pro -->\r\n\t\t<title>La infanta Cristina marca una l\u00ednea roja - El Digital de Asturias<\/title>\n\n","aioseo_head_json":{"title":"La infanta Cristina marca una l\u00ednea roja - El Digital de Asturias","description":"Palma, 7 feb (dpa) - La foto de la infanta Cristina entrando ma\u00f1ana s\u00e1bado en el juzgado de Palma de Mallorca har\u00e1 m\u00e1s da\u00f1o a la monarqu\u00eda espa\u00f1ola que todas las campa\u00f1as republicanas juntas que ha habido durante los 38 a\u00f1os de reinado de Juan Carlos I. La hija peque\u00f1a del monarca se sienta ante","canonical_url":"https:\/\/www.eldigitaldeasturias.com\/noticias\/la-infanta-cristina-marca-una-linea-roja\/","robots":"max-image-preview:large","keywords":"actualidad","webmasterTools":{"google-site-verification":"UA-38556648-1","msvalidate.01":"7dfe9f3f1b24437ab69f4f2559babe99","miscellaneous":""},"schema":{"@context":"https:\/\/schema.org","@graph":[{"@type":"BlogPosting","@id":"https:\/\/www.eldigitaldeasturias.com\/noticias\/la-infanta-cristina-marca-una-linea-roja\/#blogposting","name":"La infanta Cristina marca una l\u00ednea roja - El Digital de Asturias","headline":"La infanta Cristina marca una l\u00ednea roja","author":{"@id":"https:\/\/www.eldigitaldeasturias.com\/noticias\/author\/admin\/#author"},"publisher":{"@id":"https:\/\/www.eldigitaldeasturias.com\/noticias\/#organization"},"image":{"@type":"ImageObject","url":"https:\/\/www.eldigitaldeasturias.com\/noticias\/wp-content\/uploads\/2026\/06\/Contenidos.jpg","width":1265,"height":697,"caption":"Contenidos"},"datePublished":"2014-02-07T23:26:54+01:00","dateModified":"2014-02-07T23:26:54+01:00","inLanguage":"es-ES","mainEntityOfPage":{"@id":"https:\/\/www.eldigitaldeasturias.com\/noticias\/la-infanta-cristina-marca-una-linea-roja\/#webpage"},"isPartOf":{"@id":"https:\/\/www.eldigitaldeasturias.com\/noticias\/la-infanta-cristina-marca-una-linea-roja\/#webpage"},"articleSection":"Actualidad"},{"@type":"BreadcrumbList","@id":"https:\/\/www.eldigitaldeasturias.com\/noticias\/la-infanta-cristina-marca-una-linea-roja\/#breadcrumblist","itemListElement":[{"@type":"ListItem","@id":"https:\/\/www.eldigitaldeasturias.com\/noticias#listItem","position":1,"name":"Home","item":"https:\/\/www.eldigitaldeasturias.com\/noticias","nextItem":{"@type":"ListItem","@id":"https:\/\/www.eldigitaldeasturias.com\/noticias\/category\/actualidad\/#listItem","name":"Actualidad"}},{"@type":"ListItem","@id":"https:\/\/www.eldigitaldeasturias.com\/noticias\/category\/actualidad\/#listItem","position":2,"name":"Actualidad","item":"https:\/\/www.eldigitaldeasturias.com\/noticias\/category\/actualidad\/","nextItem":{"@type":"ListItem","@id":"https:\/\/www.eldigitaldeasturias.com\/noticias\/la-infanta-cristina-marca-una-linea-roja\/#listItem","name":"La infanta Cristina marca una l\u00ednea roja"},"previousItem":{"@type":"ListItem","@id":"https:\/\/www.eldigitaldeasturias.com\/noticias#listItem","name":"Home"}},{"@type":"ListItem","@id":"https:\/\/www.eldigitaldeasturias.com\/noticias\/la-infanta-cristina-marca-una-linea-roja\/#listItem","position":3,"name":"La infanta Cristina marca una l\u00ednea roja","previousItem":{"@type":"ListItem","@id":"https:\/\/www.eldigitaldeasturias.com\/noticias\/category\/actualidad\/#listItem","name":"Actualidad"}}]},{"@type":"Organization","@id":"https:\/\/www.eldigitaldeasturias.com\/noticias\/#organization","name":"El Digital de Asturias","description":"Hemeroteca","url":"https:\/\/www.eldigitaldeasturias.com\/noticias\/","email":"info@eldigitaldeasturias.com","telephone":"+34652131393","logo":{"@type":"ImageObject","url":"https:\/\/www.eldigitaldeasturias.com\/noticias\/wp-content\/uploads\/2020\/12\/EDA.jpg","@id":"https:\/\/www.eldigitaldeasturias.com\/noticias\/la-infanta-cristina-marca-una-linea-roja\/#organizationLogo"},"image":{"@id":"https:\/\/www.eldigitaldeasturias.com\/noticias\/la-infanta-cristina-marca-una-linea-roja\/#organizationLogo"},"sameAs":["https:\/\/facebook.com\/eldigitaldeasturias","https:\/\/www.youtube.com\/channel\/UCZP-2wLEB9Rv6erhFmqVnvg"],"address":{"@id":"https:\/\/www.eldigitaldeasturias.com\/noticias\/#postaladdress","@type":"PostalAddress","streetAddress":"san antonio 4","postalCode":"33430","addressLocality":"Cand\u00e1s","addressRegion":"Asturias","addressCountry":"ES"}},{"@type":"Person","@id":"https:\/\/www.eldigitaldeasturias.com\/noticias\/author\/admin\/#author","url":"https:\/\/www.eldigitaldeasturias.com\/noticias\/author\/admin\/","name":"El Digital de Asturias","image":{"@type":"ImageObject","@id":"https:\/\/www.eldigitaldeasturias.com\/noticias\/la-infanta-cristina-marca-una-linea-roja\/#authorImage","url":"https:\/\/secure.gravatar.com\/avatar\/df2aeffc32bcd13f8d26072ef8a91b623d677766deac7f97ca815868cd41bf5e?s=96&d=mm&r=g","width":96,"height":96,"caption":"El Digital de Asturias"}},{"@type":"WebPage","@id":"https:\/\/www.eldigitaldeasturias.com\/noticias\/la-infanta-cristina-marca-una-linea-roja\/#webpage","url":"https:\/\/www.eldigitaldeasturias.com\/noticias\/la-infanta-cristina-marca-una-linea-roja\/","name":"La infanta Cristina marca una l\u00ednea roja - El Digital de Asturias","description":"Palma, 7 feb (dpa) - La foto de la infanta Cristina entrando ma\u00f1ana s\u00e1bado en el juzgado de Palma de Mallorca har\u00e1 m\u00e1s da\u00f1o a la monarqu\u00eda espa\u00f1ola que todas las campa\u00f1as republicanas juntas que ha habido durante los 38 a\u00f1os de reinado de Juan Carlos I. La hija peque\u00f1a del monarca se sienta ante","inLanguage":"es-ES","isPartOf":{"@id":"https:\/\/www.eldigitaldeasturias.com\/noticias\/#website"},"breadcrumb":{"@id":"https:\/\/www.eldigitaldeasturias.com\/noticias\/la-infanta-cristina-marca-una-linea-roja\/#breadcrumblist"},"author":{"@id":"https:\/\/www.eldigitaldeasturias.com\/noticias\/author\/admin\/#author"},"creator":{"@id":"https:\/\/www.eldigitaldeasturias.com\/noticias\/author\/admin\/#author"},"image":{"@type":"ImageObject","url":"https:\/\/www.eldigitaldeasturias.com\/noticias\/wp-content\/uploads\/2026\/06\/Contenidos.jpg","@id":"https:\/\/www.eldigitaldeasturias.com\/noticias\/la-infanta-cristina-marca-una-linea-roja\/#mainImage","width":1265,"height":697,"caption":"Contenidos"},"primaryImageOfPage":{"@id":"https:\/\/www.eldigitaldeasturias.com\/noticias\/la-infanta-cristina-marca-una-linea-roja\/#mainImage"},"datePublished":"2014-02-07T23:26:54+01:00","dateModified":"2014-02-07T23:26:54+01:00"},{"@type":"WebSite","@id":"https:\/\/www.eldigitaldeasturias.com\/noticias\/#website","url":"https:\/\/www.eldigitaldeasturias.com\/noticias\/","name":"El Digital de Asturias - Diario de actualidad y noticias","alternateName":"El Digital de Asturias - Diario de actualidad y noticias","description":"Hemeroteca","inLanguage":"es-ES","publisher":{"@id":"https:\/\/www.eldigitaldeasturias.com\/noticias\/#organization"}}]},"og:locale":"es_ES","og:site_name":"El Digital de Asturias","og:type":"article","og:title":"La infanta Cristina marca una l\u00ednea roja - El Digital de Asturias","og:description":"Palma, 7 feb (dpa) - La foto de la infanta Cristina entrando ma\u00f1ana s\u00e1bado en el juzgado de Palma de Mallorca har\u00e1 m\u00e1s da\u00f1o a la monarqu\u00eda espa\u00f1ola que todas las campa\u00f1as republicanas juntas que ha habido durante los 38 a\u00f1os de reinado de Juan Carlos I. La hija peque\u00f1a del monarca se sienta ante","og:url":"https:\/\/www.eldigitaldeasturias.com\/noticias\/la-infanta-cristina-marca-una-linea-roja\/","og:image":"https:\/\/www.eldigitaldeasturias.com\/noticias\/wp-content\/uploads\/2026\/06\/Contenidos.jpg","og:image:secure_url":"https:\/\/www.eldigitaldeasturias.com\/noticias\/wp-content\/uploads\/2026\/06\/Contenidos.jpg","og:image:width":1265,"og:image:height":697,"article:tag":["actualidad"],"article:published_time":"2014-02-08T00:26:54+00:00","article:modified_time":"2014-02-08T00:26:54+00:00","article:publisher":"https:\/\/facebook.com\/eldigitaldeasturias","twitter:card":"summary_large_image","twitter:title":"La infanta Cristina marca una l\u00ednea roja - El Digital de Asturias","twitter:description":"Palma, 7 feb (dpa) - La foto de la infanta Cristina entrando ma\u00f1ana s\u00e1bado en el juzgado de Palma de Mallorca har\u00e1 m\u00e1s da\u00f1o a la monarqu\u00eda espa\u00f1ola que todas las campa\u00f1as republicanas juntas que ha habido durante los 38 a\u00f1os de reinado de Juan Carlos I. La hija peque\u00f1a del monarca se sienta ante","twitter:image":"https:\/\/www.eldigitaldeasturias.com\/noticias\/wp-content\/uploads\/2026\/06\/Contenidos.jpg","twitter:label1":"Escrito por","twitter:data1":"El Digital de Asturias","twitter:label2":"Tiempo de lectura estimado","twitter:data2":"5 minutos"},"aioseo_meta_data":{"post_id":"486257","title":null,"description":null,"keywords":null,"keyphrases":null,"primary_term":null,"canonical_url":null,"og_title":null,"og_description":null,"og_object_type":"default","og_image_type":"default","og_image_url":null,"og_image_width":null,"og_image_height":null,"og_image_custom_url":null,"og_image_custom_fields":null,"og_video":null,"og_custom_url":null,"og_article_section":null,"og_article_tags":null,"twitter_use_og":true,"twitter_card":"default","twitter_image_type":"default","twitter_image_url":null,"twitter_image_custom_url":null,"twitter_image_custom_fields":null,"twitter_title":null,"twitter_description":null,"schema":{"blockGraphs":[],"customGraphs":[],"default":{"data":{"Article":[],"Course":[],"Dataset":[],"FAQPage":[],"Movie":[],"Person":[],"Product":[],"ProductReview":[],"Car":[],"Recipe":[],"Service":[],"SoftwareApplication":[],"WebPage":[]},"graphName":"","isEnabled":true},"graphs":[],"defaultGraph":"","defaultPostTypeGraph":""},"schema_type":null,"schema_type_options":null,"pillar_content":false,"robots_default":true,"robots_noindex":false,"robots_noarchive":false,"robots_nosnippet":false,"robots_nofollow":false,"robots_noimageindex":false,"robots_noodp":false,"robots_notranslate":false,"robots_max_snippet":null,"robots_max_videopreview":null,"robots_max_imagepreview":"none","priority":null,"frequency":null,"local_seo":null,"seo_analyzer_scan_date":"2026-06-03 00:04:59","breadcrumb_settings":null,"limit_modified_date":false,"open_ai":null,"ai":null,"created":"2020-11-14 22:56:04","updated":"2026-06-03 00:04:59","focus_keyword":null,"additional_keywords":null,"truseo_locale":null},"aioseo_breadcrumb":"<div class=\"aioseo-breadcrumbs\"><span class=\"aioseo-breadcrumb\">\n\t<a href=\"https:\/\/www.eldigitaldeasturias.com\/noticias\" title=\"Home\">Home<\/a>\n<\/span><span class=\"aioseo-breadcrumb-separator\">\u2013<\/span><span class=\"aioseo-breadcrumb\">\n\t<a href=\"https:\/\/www.eldigitaldeasturias.com\/noticias\/category\/actualidad\/\" title=\"Actualidad\">Actualidad<\/a>\n<\/span><span class=\"aioseo-breadcrumb-separator\">\u2013<\/span><span class=\"aioseo-breadcrumb\">\n\t<a href=\"https:\/\/www.eldigitaldeasturias.com\/noticias\/la-infanta-cristina-marca-una-linea-roja\/\" title=\"La infanta Cristina marca una l\u00ednea roja\">La infanta Cristina marca una l\u00ednea roja<\/a>\n<\/span><\/div>","aioseo_breadcrumb_json":[{"label":"Home","link":"https:\/\/www.eldigitaldeasturias.com\/noticias"},{"label":"Actualidad","link":"https:\/\/www.eldigitaldeasturias.com\/noticias\/category\/actualidad\/"},{"label":"La infanta Cristina marca una l\u00ednea roja","link":"https:\/\/www.eldigitaldeasturias.com\/noticias\/la-infanta-cristina-marca-una-linea-roja\/"}],"_links":{"self":[{"href":"https:\/\/www.eldigitaldeasturias.com\/noticias\/wp-json\/wp\/v2\/posts\/486257","targetHints":{"allow":["GET"]}}],"collection":[{"href":"https:\/\/www.eldigitaldeasturias.com\/noticias\/wp-json\/wp\/v2\/posts"}],"about":[{"href":"https:\/\/www.eldigitaldeasturias.com\/noticias\/wp-json\/wp\/v2\/types\/post"}],"author":[{"embeddable":true,"href":"https:\/\/www.eldigitaldeasturias.com\/noticias\/wp-json\/wp\/v2\/users\/1"}],"replies":[{"embeddable":true,"href":"https:\/\/www.eldigitaldeasturias.com\/noticias\/wp-json\/wp\/v2\/comments?post=486257"}],"version-history":[{"count":0,"href":"https:\/\/www.eldigitaldeasturias.com\/noticias\/wp-json\/wp\/v2\/posts\/486257\/revisions"}],"wp:featuredmedia":[{"embeddable":true,"href":"https:\/\/www.eldigitaldeasturias.com\/noticias\/wp-json\/wp\/v2\/media\/1132184"}],"wp:attachment":[{"href":"https:\/\/www.eldigitaldeasturias.com\/noticias\/wp-json\/wp\/v2\/media?parent=486257"}],"wp:term":[{"taxonomy":"category","embeddable":true,"href":"https:\/\/www.eldigitaldeasturias.com\/noticias\/wp-json\/wp\/v2\/categories?post=486257"},{"taxonomy":"post_tag","embeddable":true,"href":"https:\/\/www.eldigitaldeasturias.com\/noticias\/wp-json\/wp\/v2\/tags?post=486257"}],"curies":[{"name":"wp","href":"https:\/\/api.w.org\/{rel}","templated":true}]}}