{"id":486249,"date":"2014-02-07T23:06:20","date_gmt":"2014-02-08T00:06:20","guid":{"rendered":"http:\/\/www.eldigitaldeasturias.com\/noticias\/?p=486249"},"modified":"2014-02-07T23:06:20","modified_gmt":"2014-02-08T00:06:20","slug":"condenan-a-calatrava-a-pagar-tres-millones-por-el-palacio-de-congresos-de-oviedo","status":"publish","type":"post","link":"https:\/\/www.eldigitaldeasturias.com\/noticias\/condenan-a-calatrava-a-pagar-tres-millones-por-el-palacio-de-congresos-de-oviedo\/","title":{"rendered":"Condenan a Calatrava a pagar tres millones por el Palacio de Congresos de Oviedo"},"content":{"rendered":"<p><img loading=\"lazy\" decoding=\"async\" class=\"alignleft size-medium wp-image-486250\" alt=\"5921264w\" src=\"https:\/\/www.eldigitaldeasturias.com\/noticias\/wp-content\/uploads\/2014\/02\/5921264w-360x261.jpg\" width=\"360\" height=\"261\" \/>Oviedo, 7 feb (EFE).- La Audiencia Provincial de Oviedo ha condenado al arquitecto Santiago Calatrava a pagar una indemnizaci\u00f3n de 2,96 millones de euros a la promotora Jovellanos XXI por los fallos detectados en la ejecuci\u00f3n de la obra del Palacio de Congresos de Oviedo.<\/p>\n<p>En una sentencia hecha p\u00fablica hoy, contra la que cabe recurso, la Audiencia estima parcialmente los recursos presentados por ambas partes contra el fallo dictado el pasado 6 de junio por el Juzgado de Primera Instancia n\u00famero 10 de Oviedo, que condenaba a Calatrava al pago de 3,27 millones de euros, una cantidad que ahora queda reducida tras un nuevo c\u00e1lculo de los costes que tuvo que asumir la promotora.<\/p>\n<p>Por un lado, la sentencia reconoce una deuda de Jovellanos XXI con Santiago Calatrava de 7,28 millones de euros en concepto de honorarios.<\/p>\n<p>Por el otro, condena al arquitecto a una indemnizaci\u00f3n de 10,24 millones de euros por los gastos derivados del derrumbe parcial del encofrado de un grader\u00edo durante las obras (3,3 millones de euros) y la inversi\u00f3n adicional para dotar de movilidad a la cubierta, que finalmente qued\u00f3 fija por problemas t\u00e9cnicos (6,9 millones).<\/p>\n<p>De este modo, Calatrava deber\u00e1 pagar la diferencia entre ambas cantidades, 2.960.781,74 euros.<\/p>\n<p>Sobre la movilidad de la cubierta, que finalmente no fue posible por problemas t\u00e9cnicos en la ejecuci\u00f3n, el fallo recuerda que constitu\u00eda \u00abuna de las se\u00f1as de identidad del proyecto\u00bb y se\u00f1ala que las conclusiones \u00abevidencian la existencia de un incumplimiento contractual\u00bb.<\/p>\n<p>El fallo admite que el arquitecto ofreci\u00f3 una alternativa de acartelamientos, aunque la promotora opt\u00f3 por entregar la obra en abril de 2011, despu\u00e9s de que el Ayuntamiento concediera dos pr\u00f3rrogas anuales, puesto que \u00ablos plazos no pueden prolongarse con una elasticidad infinita\u00bb y \u00abm\u00e1xime cuando esa prolongaci\u00f3n continua e indefinida lleva aparejados sucesivos sobrecostes de notable magnitud\u00bb.<\/p>\n<p>La sentencia tambi\u00e9n analiza el derrumbe de una parte del encofrado de un grader\u00edo en 2006 para reconocer que la promotora \u00abresult\u00f3 directamente perjudicada como consecuencia del siniestro, no siendo en ning\u00fan momento causante del mismo\u00bb, tal y como reconoc\u00eda el fallo de primera instancia.<\/p>\n<p>El tribunal apunta a este respecto que la promotora tuvo que hacer frente a unos gastos de reconstrucci\u00f3n del grader\u00edo de 3,3 millones de euros.<\/p>\n<p>Contra la sentencia cabe recurso de casaci\u00f3n y\/o extraordinario por infracci\u00f3n procesal.<\/p>\n<p>El Palacio de Congresos de Oviedo fue inaugurado en 2011 y justo esta semana ha pasado a ser gestionado por el Ayuntamiento de Oviedo, despu\u00e9s de que la Junta de Gobierno local acordara el pasado 3 de enero resolver el contrato de concesi\u00f3n del inmueble por incumplimiento contractual por parte de Jovellanos XXI, que se encuentra en concurso de acreedores.<\/p>\n<p>La administraci\u00f3n concursal de la empresa entreg\u00f3 las llaves al Ayuntamiento el pasado lunes.<\/p>\n","protected":false},"excerpt":{"rendered":"<p>Oviedo, 7 feb (EFE).- La Audiencia Provincial de Oviedo ha condenado al arquitecto Santiago Calatrava a pagar una indemnizaci\u00f3n de 2,96 millones de euros a la promotora Jovellanos XXI por los fallos detectados en la ejecuci\u00f3n de la obra del Palacio de Congresos de Oviedo. En una sentencia hecha p\u00fablica hoy, contra la que cabe [&hellip;]<\/p>\n","protected":false},"author":1,"featured_media":486250,"comment_status":"open","ping_status":"open","sticky":false,"template":"","format":"standard","meta":{"footnotes":""},"categories":[1,12],"tags":[],"class_list":["post-486249","post","type-post","status-publish","format-standard","has-post-thumbnail","hentry","category-actualidad","category-actualidad-asturias"],"aioseo_notices":[],"aioseo_head":"\n\t\t<!-- All in One SEO Pro 5.0.1 - aioseo.com -->\n\t<meta name=\"description\" content=\"Oviedo, 7 feb (EFE).- La Audiencia Provincial de Oviedo ha condenado al arquitecto Santiago Calatrava a pagar una indemnizaci\u00f3n de 2,96 millones de euros a la promotora Jovellanos XXI por los fallos detectados en la ejecuci\u00f3n de la obra del Palacio de Congresos de Oviedo. En una sentencia hecha p\u00fablica hoy, contra la que cabe\" \/>\n\t<meta name=\"robots\" content=\"max-image-preview:large\" \/>\n\t<meta name=\"author\" content=\"El Digital de Asturias\"\/>\n\t<meta name=\"google-site-verification\" content=\"UA-38556648-1\" \/>\n\t<meta name=\"msvalidate.01\" content=\"7dfe9f3f1b24437ab69f4f2559babe99\" \/>\n\t<meta name=\"keywords\" content=\"actualidad,actualidad asturias\" \/>\n\t<link rel=\"canonical\" href=\"https:\/\/www.eldigitaldeasturias.com\/noticias\/condenan-a-calatrava-a-pagar-tres-millones-por-el-palacio-de-congresos-de-oviedo\/\" \/>\n\t<meta name=\"generator\" content=\"All in One SEO Pro (AIOSEO) 5.0.1\" \/>\n\t\t<meta property=\"og:locale\" content=\"es_ES\" \/>\n\t\t<meta property=\"og:site_name\" content=\"El Digital de Asturias\" \/>\n\t\t<meta property=\"og:type\" content=\"article\" \/>\n\t\t<meta property=\"og:title\" content=\"Condenan a Calatrava a pagar tres millones por el Palacio de Congresos de Oviedo - El Digital de Asturias\" \/>\n\t\t<meta property=\"og:description\" content=\"Oviedo, 7 feb (EFE).- La Audiencia Provincial de Oviedo ha condenado al arquitecto Santiago Calatrava a pagar una indemnizaci\u00f3n de 2,96 millones de euros a la promotora Jovellanos XXI por los fallos detectados en la ejecuci\u00f3n de la obra del Palacio de Congresos de Oviedo. En una sentencia hecha p\u00fablica hoy, contra la que cabe\" \/>\n\t\t<meta property=\"og:url\" content=\"https:\/\/www.eldigitaldeasturias.com\/noticias\/condenan-a-calatrava-a-pagar-tres-millones-por-el-palacio-de-congresos-de-oviedo\/\" \/>\n\t\t<meta property=\"article:tag\" content=\"actualidad\" \/>\n\t\t<meta property=\"article:tag\" content=\"actualidad asturias\" \/>\n\t\t<meta property=\"article:published_time\" content=\"2014-02-08T00:06:20+00:00\" \/>\n\t\t<meta property=\"article:modified_time\" content=\"2014-02-08T00:06:20+00:00\" \/>\n\t\t<meta property=\"article:publisher\" content=\"https:\/\/facebook.com\/eldigitaldeasturias\" \/>\n\t\t<meta name=\"twitter:card\" content=\"summary_large_image\" \/>\n\t\t<meta name=\"twitter:title\" content=\"Condenan a Calatrava a pagar tres millones por el Palacio de Congresos de Oviedo - El Digital de Asturias\" \/>\n\t\t<meta name=\"twitter:description\" content=\"Oviedo, 7 feb (EFE).- La Audiencia Provincial de Oviedo ha condenado al arquitecto Santiago Calatrava a pagar una indemnizaci\u00f3n de 2,96 millones de euros a la promotora Jovellanos XXI por los fallos detectados en la ejecuci\u00f3n de la obra del Palacio de Congresos de Oviedo. En una sentencia hecha p\u00fablica hoy, contra la que cabe\" \/>\n\t\t<meta name=\"twitter:label1\" content=\"Escrito por\" \/>\n\t\t<meta name=\"twitter:data1\" content=\"El Digital de Asturias\" \/>\n\t\t<meta name=\"twitter:label2\" content=\"Tiempo de lectura estimado\" \/>\n\t\t<meta name=\"twitter:data2\" content=\"2 minutos\" \/>\n\t\t<script type=\"application\/ld+json\" class=\"aioseo-schema\">\n\t\t\t{\"@context\":\"https:\\\/\\\/schema.org\",\"@graph\":[{\"@type\":\"BlogPosting\",\"@id\":\"https:\\\/\\\/www.eldigitaldeasturias.com\\\/noticias\\\/condenan-a-calatrava-a-pagar-tres-millones-por-el-palacio-de-congresos-de-oviedo\\\/#blogposting\",\"name\":\"Condenan a Calatrava a pagar tres millones por el Palacio de Congresos de Oviedo - El Digital de Asturias\",\"headline\":\"Condenan a Calatrava a pagar tres millones por el Palacio de Congresos de Oviedo\",\"author\":{\"@id\":\"https:\\\/\\\/www.eldigitaldeasturias.com\\\/noticias\\\/author\\\/admin\\\/#author\"},\"publisher\":{\"@id\":\"https:\\\/\\\/www.eldigitaldeasturias.com\\\/noticias\\\/#organization\"},\"image\":{\"@type\":\"ImageObject\",\"url\":486250},\"datePublished\":\"2014-02-07T23:06:20+01:00\",\"dateModified\":\"2014-02-07T23:06:20+01:00\",\"inLanguage\":\"es-ES\",\"mainEntityOfPage\":{\"@id\":\"https:\\\/\\\/www.eldigitaldeasturias.com\\\/noticias\\\/condenan-a-calatrava-a-pagar-tres-millones-por-el-palacio-de-congresos-de-oviedo\\\/#webpage\"},\"isPartOf\":{\"@id\":\"https:\\\/\\\/www.eldigitaldeasturias.com\\\/noticias\\\/condenan-a-calatrava-a-pagar-tres-millones-por-el-palacio-de-congresos-de-oviedo\\\/#webpage\"},\"articleSection\":\"Actualidad, Actualidad Asturias\"},{\"@type\":\"BreadcrumbList\",\"@id\":\"https:\\\/\\\/www.eldigitaldeasturias.com\\\/noticias\\\/condenan-a-calatrava-a-pagar-tres-millones-por-el-palacio-de-congresos-de-oviedo\\\/#breadcrumblist\",\"itemListElement\":[{\"@type\":\"ListItem\",\"@id\":\"https:\\\/\\\/www.eldigitaldeasturias.com\\\/noticias#listItem\",\"position\":1,\"name\":\"Home\",\"item\":\"https:\\\/\\\/www.eldigitaldeasturias.com\\\/noticias\",\"nextItem\":{\"@type\":\"ListItem\",\"@id\":\"https:\\\/\\\/www.eldigitaldeasturias.com\\\/noticias\\\/category\\\/actualidad\\\/#listItem\",\"name\":\"Actualidad\"}},{\"@type\":\"ListItem\",\"@id\":\"https:\\\/\\\/www.eldigitaldeasturias.com\\\/noticias\\\/category\\\/actualidad\\\/#listItem\",\"position\":2,\"name\":\"Actualidad\",\"item\":\"https:\\\/\\\/www.eldigitaldeasturias.com\\\/noticias\\\/category\\\/actualidad\\\/\",\"nextItem\":{\"@type\":\"ListItem\",\"@id\":\"https:\\\/\\\/www.eldigitaldeasturias.com\\\/noticias\\\/condenan-a-calatrava-a-pagar-tres-millones-por-el-palacio-de-congresos-de-oviedo\\\/#listItem\",\"name\":\"Condenan a Calatrava a pagar tres millones por el Palacio de Congresos de Oviedo\"},\"previousItem\":{\"@type\":\"ListItem\",\"@id\":\"https:\\\/\\\/www.eldigitaldeasturias.com\\\/noticias#listItem\",\"name\":\"Home\"}},{\"@type\":\"ListItem\",\"@id\":\"https:\\\/\\\/www.eldigitaldeasturias.com\\\/noticias\\\/condenan-a-calatrava-a-pagar-tres-millones-por-el-palacio-de-congresos-de-oviedo\\\/#listItem\",\"position\":3,\"name\":\"Condenan a Calatrava a pagar tres millones por el Palacio de Congresos de Oviedo\",\"previousItem\":{\"@type\":\"ListItem\",\"@id\":\"https:\\\/\\\/www.eldigitaldeasturias.com\\\/noticias\\\/category\\\/actualidad\\\/#listItem\",\"name\":\"Actualidad\"}}]},{\"@type\":\"Organization\",\"@id\":\"https:\\\/\\\/www.eldigitaldeasturias.com\\\/noticias\\\/#organization\",\"name\":\"El Digital de Asturias\",\"description\":\"Hemeroteca\",\"url\":\"https:\\\/\\\/www.eldigitaldeasturias.com\\\/noticias\\\/\",\"email\":\"info@eldigitaldeasturias.com\",\"telephone\":\"+34652131393\",\"logo\":{\"@type\":\"ImageObject\",\"url\":\"https:\\\/\\\/www.eldigitaldeasturias.com\\\/noticias\\\/wp-content\\\/uploads\\\/2020\\\/12\\\/EDA.jpg\",\"@id\":\"https:\\\/\\\/www.eldigitaldeasturias.com\\\/noticias\\\/condenan-a-calatrava-a-pagar-tres-millones-por-el-palacio-de-congresos-de-oviedo\\\/#organizationLogo\"},\"image\":{\"@id\":\"https:\\\/\\\/www.eldigitaldeasturias.com\\\/noticias\\\/condenan-a-calatrava-a-pagar-tres-millones-por-el-palacio-de-congresos-de-oviedo\\\/#organizationLogo\"},\"sameAs\":[\"https:\\\/\\\/facebook.com\\\/eldigitaldeasturias\",\"https:\\\/\\\/www.youtube.com\\\/channel\\\/UCZP-2wLEB9Rv6erhFmqVnvg\"],\"address\":{\"@id\":\"https:\\\/\\\/www.eldigitaldeasturias.com\\\/noticias\\\/#postaladdress\",\"@type\":\"PostalAddress\",\"streetAddress\":\"san antonio 4\",\"postalCode\":\"33430\",\"addressLocality\":\"Cand\\u00e1s\",\"addressRegion\":\"Asturias\",\"addressCountry\":\"ES\"}},{\"@type\":\"Person\",\"@id\":\"https:\\\/\\\/www.eldigitaldeasturias.com\\\/noticias\\\/author\\\/admin\\\/#author\",\"url\":\"https:\\\/\\\/www.eldigitaldeasturias.com\\\/noticias\\\/author\\\/admin\\\/\",\"name\":\"El Digital de Asturias\",\"image\":{\"@type\":\"ImageObject\",\"@id\":\"https:\\\/\\\/www.eldigitaldeasturias.com\\\/noticias\\\/condenan-a-calatrava-a-pagar-tres-millones-por-el-palacio-de-congresos-de-oviedo\\\/#authorImage\",\"url\":\"https:\\\/\\\/secure.gravatar.com\\\/avatar\\\/df2aeffc32bcd13f8d26072ef8a91b623d677766deac7f97ca815868cd41bf5e?s=96&d=mm&r=g\",\"width\":96,\"height\":96,\"caption\":\"El Digital de Asturias\"}},{\"@type\":\"WebPage\",\"@id\":\"https:\\\/\\\/www.eldigitaldeasturias.com\\\/noticias\\\/condenan-a-calatrava-a-pagar-tres-millones-por-el-palacio-de-congresos-de-oviedo\\\/#webpage\",\"url\":\"https:\\\/\\\/www.eldigitaldeasturias.com\\\/noticias\\\/condenan-a-calatrava-a-pagar-tres-millones-por-el-palacio-de-congresos-de-oviedo\\\/\",\"name\":\"Condenan a Calatrava a pagar tres millones por el Palacio de Congresos de Oviedo - El Digital de Asturias\",\"description\":\"Oviedo, 7 feb (EFE).- La Audiencia Provincial de Oviedo ha condenado al arquitecto Santiago Calatrava a pagar una indemnizaci\\u00f3n de 2,96 millones de euros a la promotora Jovellanos XXI por los fallos detectados en la ejecuci\\u00f3n de la obra del Palacio de Congresos de Oviedo. En una sentencia hecha p\\u00fablica hoy, contra la que cabe\",\"inLanguage\":\"es-ES\",\"isPartOf\":{\"@id\":\"https:\\\/\\\/www.eldigitaldeasturias.com\\\/noticias\\\/#website\"},\"breadcrumb\":{\"@id\":\"https:\\\/\\\/www.eldigitaldeasturias.com\\\/noticias\\\/condenan-a-calatrava-a-pagar-tres-millones-por-el-palacio-de-congresos-de-oviedo\\\/#breadcrumblist\"},\"author\":{\"@id\":\"https:\\\/\\\/www.eldigitaldeasturias.com\\\/noticias\\\/author\\\/admin\\\/#author\"},\"creator\":{\"@id\":\"https:\\\/\\\/www.eldigitaldeasturias.com\\\/noticias\\\/author\\\/admin\\\/#author\"},\"image\":{\"@type\":\"ImageObject\",\"url\":486250,\"@id\":\"https:\\\/\\\/www.eldigitaldeasturias.com\\\/noticias\\\/condenan-a-calatrava-a-pagar-tres-millones-por-el-palacio-de-congresos-de-oviedo\\\/#mainImage\"},\"primaryImageOfPage\":{\"@id\":\"https:\\\/\\\/www.eldigitaldeasturias.com\\\/noticias\\\/condenan-a-calatrava-a-pagar-tres-millones-por-el-palacio-de-congresos-de-oviedo\\\/#mainImage\"},\"datePublished\":\"2014-02-07T23:06:20+01:00\",\"dateModified\":\"2014-02-07T23:06:20+01:00\"},{\"@type\":\"WebSite\",\"@id\":\"https:\\\/\\\/www.eldigitaldeasturias.com\\\/noticias\\\/#website\",\"url\":\"https:\\\/\\\/www.eldigitaldeasturias.com\\\/noticias\\\/\",\"name\":\"El Digital de Asturias - Diario de actualidad y noticias\",\"alternateName\":\"El Digital de Asturias - Diario de actualidad y noticias\",\"description\":\"Hemeroteca\",\"inLanguage\":\"es-ES\",\"publisher\":{\"@id\":\"https:\\\/\\\/www.eldigitaldeasturias.com\\\/noticias\\\/#organization\"}}]}\n\t\t<\/script>\n\t\t<!-- All in One SEO Pro -->\r\n\t\t<title>Condenan a Calatrava a pagar tres millones por el Palacio de Congresos de Oviedo - El Digital de Asturias<\/title>\n\n","aioseo_head_json":{"title":"Condenan a Calatrava a pagar tres millones por el Palacio de Congresos de Oviedo - El Digital de Asturias","description":"Oviedo, 7 feb (EFE).- La Audiencia Provincial de Oviedo ha condenado al arquitecto Santiago Calatrava a pagar una indemnizaci\u00f3n de 2,96 millones de euros a la promotora Jovellanos XXI por los fallos detectados en la ejecuci\u00f3n de la obra del Palacio de Congresos de Oviedo. En una sentencia hecha p\u00fablica hoy, contra la que cabe","canonical_url":"https:\/\/www.eldigitaldeasturias.com\/noticias\/condenan-a-calatrava-a-pagar-tres-millones-por-el-palacio-de-congresos-de-oviedo\/","robots":"max-image-preview:large","keywords":"actualidad,actualidad asturias","webmasterTools":{"google-site-verification":"UA-38556648-1","msvalidate.01":"7dfe9f3f1b24437ab69f4f2559babe99","miscellaneous":""},"schema":{"@context":"https:\/\/schema.org","@graph":[{"@type":"BlogPosting","@id":"https:\/\/www.eldigitaldeasturias.com\/noticias\/condenan-a-calatrava-a-pagar-tres-millones-por-el-palacio-de-congresos-de-oviedo\/#blogposting","name":"Condenan a Calatrava a pagar tres millones por el Palacio de Congresos de Oviedo - El Digital de Asturias","headline":"Condenan a Calatrava a pagar tres millones por el Palacio de Congresos de Oviedo","author":{"@id":"https:\/\/www.eldigitaldeasturias.com\/noticias\/author\/admin\/#author"},"publisher":{"@id":"https:\/\/www.eldigitaldeasturias.com\/noticias\/#organization"},"image":{"@type":"ImageObject","url":486250},"datePublished":"2014-02-07T23:06:20+01:00","dateModified":"2014-02-07T23:06:20+01:00","inLanguage":"es-ES","mainEntityOfPage":{"@id":"https:\/\/www.eldigitaldeasturias.com\/noticias\/condenan-a-calatrava-a-pagar-tres-millones-por-el-palacio-de-congresos-de-oviedo\/#webpage"},"isPartOf":{"@id":"https:\/\/www.eldigitaldeasturias.com\/noticias\/condenan-a-calatrava-a-pagar-tres-millones-por-el-palacio-de-congresos-de-oviedo\/#webpage"},"articleSection":"Actualidad, Actualidad Asturias"},{"@type":"BreadcrumbList","@id":"https:\/\/www.eldigitaldeasturias.com\/noticias\/condenan-a-calatrava-a-pagar-tres-millones-por-el-palacio-de-congresos-de-oviedo\/#breadcrumblist","itemListElement":[{"@type":"ListItem","@id":"https:\/\/www.eldigitaldeasturias.com\/noticias#listItem","position":1,"name":"Home","item":"https:\/\/www.eldigitaldeasturias.com\/noticias","nextItem":{"@type":"ListItem","@id":"https:\/\/www.eldigitaldeasturias.com\/noticias\/category\/actualidad\/#listItem","name":"Actualidad"}},{"@type":"ListItem","@id":"https:\/\/www.eldigitaldeasturias.com\/noticias\/category\/actualidad\/#listItem","position":2,"name":"Actualidad","item":"https:\/\/www.eldigitaldeasturias.com\/noticias\/category\/actualidad\/","nextItem":{"@type":"ListItem","@id":"https:\/\/www.eldigitaldeasturias.com\/noticias\/condenan-a-calatrava-a-pagar-tres-millones-por-el-palacio-de-congresos-de-oviedo\/#listItem","name":"Condenan a Calatrava a pagar tres millones por el Palacio de Congresos de Oviedo"},"previousItem":{"@type":"ListItem","@id":"https:\/\/www.eldigitaldeasturias.com\/noticias#listItem","name":"Home"}},{"@type":"ListItem","@id":"https:\/\/www.eldigitaldeasturias.com\/noticias\/condenan-a-calatrava-a-pagar-tres-millones-por-el-palacio-de-congresos-de-oviedo\/#listItem","position":3,"name":"Condenan a Calatrava a pagar tres millones por el Palacio de Congresos de Oviedo","previousItem":{"@type":"ListItem","@id":"https:\/\/www.eldigitaldeasturias.com\/noticias\/category\/actualidad\/#listItem","name":"Actualidad"}}]},{"@type":"Organization","@id":"https:\/\/www.eldigitaldeasturias.com\/noticias\/#organization","name":"El Digital de Asturias","description":"Hemeroteca","url":"https:\/\/www.eldigitaldeasturias.com\/noticias\/","email":"info@eldigitaldeasturias.com","telephone":"+34652131393","logo":{"@type":"ImageObject","url":"https:\/\/www.eldigitaldeasturias.com\/noticias\/wp-content\/uploads\/2020\/12\/EDA.jpg","@id":"https:\/\/www.eldigitaldeasturias.com\/noticias\/condenan-a-calatrava-a-pagar-tres-millones-por-el-palacio-de-congresos-de-oviedo\/#organizationLogo"},"image":{"@id":"https:\/\/www.eldigitaldeasturias.com\/noticias\/condenan-a-calatrava-a-pagar-tres-millones-por-el-palacio-de-congresos-de-oviedo\/#organizationLogo"},"sameAs":["https:\/\/facebook.com\/eldigitaldeasturias","https:\/\/www.youtube.com\/channel\/UCZP-2wLEB9Rv6erhFmqVnvg"],"address":{"@id":"https:\/\/www.eldigitaldeasturias.com\/noticias\/#postaladdress","@type":"PostalAddress","streetAddress":"san antonio 4","postalCode":"33430","addressLocality":"Cand\u00e1s","addressRegion":"Asturias","addressCountry":"ES"}},{"@type":"Person","@id":"https:\/\/www.eldigitaldeasturias.com\/noticias\/author\/admin\/#author","url":"https:\/\/www.eldigitaldeasturias.com\/noticias\/author\/admin\/","name":"El Digital de Asturias","image":{"@type":"ImageObject","@id":"https:\/\/www.eldigitaldeasturias.com\/noticias\/condenan-a-calatrava-a-pagar-tres-millones-por-el-palacio-de-congresos-de-oviedo\/#authorImage","url":"https:\/\/secure.gravatar.com\/avatar\/df2aeffc32bcd13f8d26072ef8a91b623d677766deac7f97ca815868cd41bf5e?s=96&d=mm&r=g","width":96,"height":96,"caption":"El Digital de Asturias"}},{"@type":"WebPage","@id":"https:\/\/www.eldigitaldeasturias.com\/noticias\/condenan-a-calatrava-a-pagar-tres-millones-por-el-palacio-de-congresos-de-oviedo\/#webpage","url":"https:\/\/www.eldigitaldeasturias.com\/noticias\/condenan-a-calatrava-a-pagar-tres-millones-por-el-palacio-de-congresos-de-oviedo\/","name":"Condenan a Calatrava a pagar tres millones por el Palacio de Congresos de Oviedo - El Digital de Asturias","description":"Oviedo, 7 feb (EFE).- La Audiencia Provincial de Oviedo ha condenado al arquitecto Santiago Calatrava a pagar una indemnizaci\u00f3n de 2,96 millones de euros a la promotora Jovellanos XXI por los fallos detectados en la ejecuci\u00f3n de la obra del Palacio de Congresos de Oviedo. En una sentencia hecha p\u00fablica hoy, contra la que cabe","inLanguage":"es-ES","isPartOf":{"@id":"https:\/\/www.eldigitaldeasturias.com\/noticias\/#website"},"breadcrumb":{"@id":"https:\/\/www.eldigitaldeasturias.com\/noticias\/condenan-a-calatrava-a-pagar-tres-millones-por-el-palacio-de-congresos-de-oviedo\/#breadcrumblist"},"author":{"@id":"https:\/\/www.eldigitaldeasturias.com\/noticias\/author\/admin\/#author"},"creator":{"@id":"https:\/\/www.eldigitaldeasturias.com\/noticias\/author\/admin\/#author"},"image":{"@type":"ImageObject","url":486250,"@id":"https:\/\/www.eldigitaldeasturias.com\/noticias\/condenan-a-calatrava-a-pagar-tres-millones-por-el-palacio-de-congresos-de-oviedo\/#mainImage"},"primaryImageOfPage":{"@id":"https:\/\/www.eldigitaldeasturias.com\/noticias\/condenan-a-calatrava-a-pagar-tres-millones-por-el-palacio-de-congresos-de-oviedo\/#mainImage"},"datePublished":"2014-02-07T23:06:20+01:00","dateModified":"2014-02-07T23:06:20+01:00"},{"@type":"WebSite","@id":"https:\/\/www.eldigitaldeasturias.com\/noticias\/#website","url":"https:\/\/www.eldigitaldeasturias.com\/noticias\/","name":"El Digital de Asturias - Diario de actualidad y noticias","alternateName":"El Digital de Asturias - Diario de actualidad y noticias","description":"Hemeroteca","inLanguage":"es-ES","publisher":{"@id":"https:\/\/www.eldigitaldeasturias.com\/noticias\/#organization"}}]},"og:locale":"es_ES","og:site_name":"El Digital de Asturias","og:type":"article","og:title":"Condenan a Calatrava a pagar tres millones por el Palacio de Congresos de Oviedo - El Digital de Asturias","og:description":"Oviedo, 7 feb (EFE).- La Audiencia Provincial de Oviedo ha condenado al arquitecto Santiago Calatrava a pagar una indemnizaci\u00f3n de 2,96 millones de euros a la promotora Jovellanos XXI por los fallos detectados en la ejecuci\u00f3n de la obra del Palacio de Congresos de Oviedo. En una sentencia hecha p\u00fablica hoy, contra la que cabe","og:url":"https:\/\/www.eldigitaldeasturias.com\/noticias\/condenan-a-calatrava-a-pagar-tres-millones-por-el-palacio-de-congresos-de-oviedo\/","article:tag":["actualidad","actualidad asturias"],"article:published_time":"2014-02-08T00:06:20+00:00","article:modified_time":"2014-02-08T00:06:20+00:00","article:publisher":"https:\/\/facebook.com\/eldigitaldeasturias","twitter:card":"summary_large_image","twitter:title":"Condenan a Calatrava a pagar tres millones por el Palacio de Congresos de Oviedo - El Digital de Asturias","twitter:description":"Oviedo, 7 feb (EFE).- La Audiencia Provincial de Oviedo ha condenado al arquitecto Santiago Calatrava a pagar una indemnizaci\u00f3n de 2,96 millones de euros a la promotora Jovellanos XXI por los fallos detectados en la ejecuci\u00f3n de la obra del Palacio de Congresos de Oviedo. En una sentencia hecha p\u00fablica hoy, contra la que cabe","twitter:label1":"Escrito por","twitter:data1":"El Digital de Asturias","twitter:label2":"Tiempo de lectura estimado","twitter:data2":"2 minutos"},"aioseo_meta_data":{"post_id":"486249","title":null,"description":null,"keywords":null,"keyphrases":null,"primary_term":null,"canonical_url":null,"og_title":null,"og_description":null,"og_object_type":"default","og_image_type":"default","og_image_url":null,"og_image_width":null,"og_image_height":null,"og_image_custom_url":null,"og_image_custom_fields":null,"og_video":null,"og_custom_url":null,"og_article_section":null,"og_article_tags":null,"twitter_use_og":true,"twitter_card":"default","twitter_image_type":"default","twitter_image_url":null,"twitter_image_custom_url":null,"twitter_image_custom_fields":null,"twitter_title":null,"twitter_description":null,"schema":{"blockGraphs":[],"customGraphs":[],"default":{"data":{"Article":[],"Course":[],"Dataset":[],"FAQPage":[],"Movie":[],"Person":[],"Product":[],"ProductReview":[],"Car":[],"Recipe":[],"Service":[],"SoftwareApplication":[],"WebPage":[]},"graphName":"","isEnabled":true},"graphs":[],"defaultGraph":"","defaultPostTypeGraph":""},"schema_type":null,"schema_type_options":null,"pillar_content":false,"robots_default":true,"robots_noindex":false,"robots_noarchive":false,"robots_nosnippet":false,"robots_nofollow":false,"robots_noimageindex":false,"robots_noodp":false,"robots_notranslate":false,"robots_max_snippet":null,"robots_max_videopreview":null,"robots_max_imagepreview":"none","priority":null,"frequency":null,"local_seo":null,"seo_analyzer_scan_date":"2026-06-03 00:02:05","breadcrumb_settings":null,"limit_modified_date":false,"open_ai":null,"ai":null,"created":"2020-11-14 22:56:04","updated":"2026-06-03 00:02:05","focus_keyword":null,"additional_keywords":null,"truseo_locale":null},"aioseo_breadcrumb":"<div class=\"aioseo-breadcrumbs\"><span class=\"aioseo-breadcrumb\">\n\t<a href=\"https:\/\/www.eldigitaldeasturias.com\/noticias\" title=\"Home\">Home<\/a>\n<\/span><span class=\"aioseo-breadcrumb-separator\">\u2013<\/span><span class=\"aioseo-breadcrumb\">\n\t<a href=\"https:\/\/www.eldigitaldeasturias.com\/noticias\/category\/actualidad\/\" title=\"Actualidad\">Actualidad<\/a>\n<\/span><span class=\"aioseo-breadcrumb-separator\">\u2013<\/span><span class=\"aioseo-breadcrumb\">\n\t<a href=\"https:\/\/www.eldigitaldeasturias.com\/noticias\/condenan-a-calatrava-a-pagar-tres-millones-por-el-palacio-de-congresos-de-oviedo\/\" title=\"Condenan a Calatrava a pagar tres millones por el Palacio de Congresos de Oviedo\">Condenan a Calatrava a pagar tres millones por el Palacio de Congresos de Oviedo<\/a>\n<\/span><\/div>","aioseo_breadcrumb_json":[{"label":"Home","link":"https:\/\/www.eldigitaldeasturias.com\/noticias"},{"label":"Actualidad","link":"https:\/\/www.eldigitaldeasturias.com\/noticias\/category\/actualidad\/"},{"label":"Condenan a Calatrava a pagar tres millones por el Palacio de Congresos de Oviedo","link":"https:\/\/www.eldigitaldeasturias.com\/noticias\/condenan-a-calatrava-a-pagar-tres-millones-por-el-palacio-de-congresos-de-oviedo\/"}],"_links":{"self":[{"href":"https:\/\/www.eldigitaldeasturias.com\/noticias\/wp-json\/wp\/v2\/posts\/486249","targetHints":{"allow":["GET"]}}],"collection":[{"href":"https:\/\/www.eldigitaldeasturias.com\/noticias\/wp-json\/wp\/v2\/posts"}],"about":[{"href":"https:\/\/www.eldigitaldeasturias.com\/noticias\/wp-json\/wp\/v2\/types\/post"}],"author":[{"embeddable":true,"href":"https:\/\/www.eldigitaldeasturias.com\/noticias\/wp-json\/wp\/v2\/users\/1"}],"replies":[{"embeddable":true,"href":"https:\/\/www.eldigitaldeasturias.com\/noticias\/wp-json\/wp\/v2\/comments?post=486249"}],"version-history":[{"count":0,"href":"https:\/\/www.eldigitaldeasturias.com\/noticias\/wp-json\/wp\/v2\/posts\/486249\/revisions"}],"wp:attachment":[{"href":"https:\/\/www.eldigitaldeasturias.com\/noticias\/wp-json\/wp\/v2\/media?parent=486249"}],"wp:term":[{"taxonomy":"category","embeddable":true,"href":"https:\/\/www.eldigitaldeasturias.com\/noticias\/wp-json\/wp\/v2\/categories?post=486249"},{"taxonomy":"post_tag","embeddable":true,"href":"https:\/\/www.eldigitaldeasturias.com\/noticias\/wp-json\/wp\/v2\/tags?post=486249"}],"curies":[{"name":"wp","href":"https:\/\/api.w.org\/{rel}","templated":true}]}}