{"id":486243,"date":"2014-02-07T23:04:19","date_gmt":"2014-02-08T00:04:19","guid":{"rendered":"http:\/\/www.eldigitaldeasturias.com\/noticias\/?p=486243"},"modified":"2014-02-07T23:04:19","modified_gmt":"2014-02-08T00:04:19","slug":"el-debate-del-estado-de-la-nacion-se-celebrara-el-25-y-el-26-de-febrero","status":"publish","type":"post","link":"https:\/\/www.eldigitaldeasturias.com\/noticias\/el-debate-del-estado-de-la-nacion-se-celebrara-el-25-y-el-26-de-febrero\/","title":{"rendered":"El debate del estado de la naci\u00f3n se celebrar\u00e1 el 25 y el 26 de febrero"},"content":{"rendered":"<p><img loading=\"lazy\" decoding=\"async\" class=\"alignleft size-medium wp-image-486244\" alt=\"5920938w\" src=\"https:\/\/www.eldigitaldeasturias.com\/noticias\/wp-content\/uploads\/2014\/02\/5920938w1-360x239.jpg\" width=\"360\" height=\"239\" \/>Madrid, 7 feb (EFE).- El debate del estado de la naci\u00f3n, el segundo de Mariano Rajoy como presidente del Gobierno, se celebrar\u00e1 en el Congreso de los Diputados los pr\u00f3ximos 25 y 26 de febrero, un a\u00f1o y una semana despu\u00e9s del debate celebrado en 2013.<\/p>\n<p>As\u00ed lo ha anunciado la vicepresidenta del Gobierno, Soraya S\u00e1enz de Santamar\u00eda, durante la rueda de prensa tras el Consejo de Ministros, en la que ha informado de que ya se ha comunicado el d\u00eda se\u00f1alado al secretario general del PSOE, Alfredo P\u00e9rez Rubalcaba.<\/p>\n<p>En pr\u00f3ximas fechas, el Gobierno enviar\u00e1 una comunicaci\u00f3n al Congreso de los Diputados en la que expondr\u00e1 las l\u00edneas generales y los asuntos centrales que plantea para el debate.<\/p>\n<p>La cita parlamentaria m\u00e1s importante del a\u00f1o se celebrar\u00e1 pr\u00e1cticamente en periodo preelectoral de cara a los comicios al Parlamento Europeo del pr\u00f3ximo 25 de mayo.<\/p>\n<p>Sobre la mesa estar\u00e1 tambi\u00e9n el reto nacionalista en Catalu\u00f1a, con la propuesta de consulta que se debatir\u00e1 pr\u00f3ximamente en el Congreso de los Diputados, el comienzo de la recuperaci\u00f3n econ\u00f3mica en Espa\u00f1a, las medidas de regeneraci\u00f3n democr\u00e1tica, o el proceso para el fin definitivo del terrorismo etarra.<\/p>\n<p>Se trata del segundo debate de pol\u00edtica general de Rajoy como jefe del Ejecutivo, ya que en su primer a\u00f1o de mandato no se convoc\u00f3 esta cita parlamentaria.<\/p>\n<p>El Gobierno argument\u00f3 entonces que un presidente del Gobierno nunca se hab\u00eda sometido en el Congreso a un debate de este calado en el a\u00f1o de su investidura, lo que provoc\u00f3 las cr\u00edticas de los partidos de oposici\u00f3n, que lamentaron que Rajoy no acudiera al Parlamento, precisamente en un a\u00f1o de recortes sociales y de profundas reformas.<\/p>\n<p>De hecho, el PSOE e Izquierda Unida propusieron incluso una reforma del Reglamento del Congreso para que el debate sobre el estado de la naci\u00f3n fuera obligatorio por ley.<\/p>\n<p>La tradici\u00f3n de los debates de pol\u00edticas general se inici\u00f3 con Felipe Gonz\u00e1lez en 1983 y, desde entonces, s\u00f3lo han dejado de celebrarse en siete ocasiones, al convocarse elecciones generales.<\/p>\n<p>Sin embargo, hubo dos a\u00f1os, en 1989 y 2011, en los que a pesar de que se celebraron elecciones hubo tambi\u00e9n debate sobre el estado de la naci\u00f3n debido a que la convocatoria electoral tuvo car\u00e1cter anticipado.<\/p>\n<p>El debate de 1989 se celebr\u00f3 en febrero, y como Felipe Gonz\u00e1lez decidi\u00f3 adelantar a octubre las elecciones, en diciembre de ese a\u00f1o el Congreso fue escenario de su debate de investidura.<\/p>\n<p>Al a\u00f1o siguiente, en 1990, no hubo debate del estado de la naci\u00f3n, que se celebr\u00f3 diecis\u00e9is meses despu\u00e9s de las elecciones que Gonz\u00e1lez hab\u00eda vuelto a ganar con mayor\u00eda absoluta.<\/p>\n<p>En 2011, volvi\u00f3 a haber debate en junio, antes de que Zapatero convocara elecciones para el mes de noviembre siguiente que gan\u00f3 el candidato del PP, Mariano Rajoy.<\/p>\n","protected":false},"excerpt":{"rendered":"<p>Madrid, 7 feb (EFE).- El debate del estado de la naci\u00f3n, el segundo de Mariano Rajoy como presidente del Gobierno, se celebrar\u00e1 en el Congreso de los Diputados los pr\u00f3ximos 25 y 26 de febrero, un a\u00f1o y una semana despu\u00e9s del debate celebrado en 2013. As\u00ed lo ha anunciado la vicepresidenta del Gobierno, Soraya [&hellip;]<\/p>\n","protected":false},"author":1,"featured_media":486244,"comment_status":"open","ping_status":"open","sticky":false,"template":"","format":"standard","meta":{"footnotes":""},"categories":[1],"tags":[],"class_list":["post-486243","post","type-post","status-publish","format-standard","has-post-thumbnail","hentry","category-actualidad"],"aioseo_notices":[],"aioseo_head":"\n\t\t<!-- All in One SEO Pro 5.0.1 - aioseo.com -->\n\t<meta name=\"description\" content=\"Madrid, 7 feb (EFE).- El debate del estado de la naci\u00f3n, el segundo de Mariano Rajoy como presidente del Gobierno, se celebrar\u00e1 en el Congreso de los Diputados los pr\u00f3ximos 25 y 26 de febrero, un a\u00f1o y una semana despu\u00e9s del debate celebrado en 2013. As\u00ed lo ha anunciado la vicepresidenta del Gobierno, Soraya\" \/>\n\t<meta name=\"robots\" content=\"max-image-preview:large\" \/>\n\t<meta name=\"author\" content=\"El Digital de Asturias\"\/>\n\t<meta name=\"google-site-verification\" content=\"UA-38556648-1\" \/>\n\t<meta name=\"msvalidate.01\" content=\"7dfe9f3f1b24437ab69f4f2559babe99\" \/>\n\t<meta name=\"keywords\" content=\"actualidad\" \/>\n\t<link rel=\"canonical\" href=\"https:\/\/www.eldigitaldeasturias.com\/noticias\/el-debate-del-estado-de-la-nacion-se-celebrara-el-25-y-el-26-de-febrero\/\" \/>\n\t<meta name=\"generator\" content=\"All in One SEO Pro (AIOSEO) 5.0.1\" \/>\n\t\t<meta property=\"og:locale\" content=\"es_ES\" \/>\n\t\t<meta property=\"og:site_name\" content=\"El Digital de Asturias\" \/>\n\t\t<meta property=\"og:type\" content=\"article\" \/>\n\t\t<meta property=\"og:title\" content=\"El debate del estado de la naci\u00f3n se celebrar\u00e1 el 25 y el 26 de febrero - El Digital de Asturias\" \/>\n\t\t<meta property=\"og:description\" content=\"Madrid, 7 feb (EFE).- El debate del estado de la naci\u00f3n, el segundo de Mariano Rajoy como presidente del Gobierno, se celebrar\u00e1 en el Congreso de los Diputados los pr\u00f3ximos 25 y 26 de febrero, un a\u00f1o y una semana despu\u00e9s del debate celebrado en 2013. As\u00ed lo ha anunciado la vicepresidenta del Gobierno, Soraya\" \/>\n\t\t<meta property=\"og:url\" content=\"https:\/\/www.eldigitaldeasturias.com\/noticias\/el-debate-del-estado-de-la-nacion-se-celebrara-el-25-y-el-26-de-febrero\/\" \/>\n\t\t<meta property=\"article:tag\" content=\"actualidad\" \/>\n\t\t<meta property=\"article:published_time\" content=\"2014-02-08T00:04:19+00:00\" \/>\n\t\t<meta property=\"article:modified_time\" content=\"2014-02-08T00:04:19+00:00\" \/>\n\t\t<meta property=\"article:publisher\" content=\"https:\/\/facebook.com\/eldigitaldeasturias\" \/>\n\t\t<meta name=\"twitter:card\" content=\"summary_large_image\" \/>\n\t\t<meta name=\"twitter:title\" content=\"El debate del estado de la naci\u00f3n se celebrar\u00e1 el 25 y el 26 de febrero - El Digital de Asturias\" \/>\n\t\t<meta name=\"twitter:description\" content=\"Madrid, 7 feb (EFE).- El debate del estado de la naci\u00f3n, el segundo de Mariano Rajoy como presidente del Gobierno, se celebrar\u00e1 en el Congreso de los Diputados los pr\u00f3ximos 25 y 26 de febrero, un a\u00f1o y una semana despu\u00e9s del debate celebrado en 2013. As\u00ed lo ha anunciado la vicepresidenta del Gobierno, Soraya\" \/>\n\t\t<meta name=\"twitter:label1\" content=\"Escrito por\" \/>\n\t\t<meta name=\"twitter:data1\" content=\"El Digital de Asturias\" \/>\n\t\t<meta name=\"twitter:label2\" content=\"Tiempo de lectura estimado\" \/>\n\t\t<meta name=\"twitter:data2\" content=\"3 minutos\" \/>\n\t\t<script type=\"application\/ld+json\" class=\"aioseo-schema\">\n\t\t\t{\"@context\":\"https:\\\/\\\/schema.org\",\"@graph\":[{\"@type\":\"BlogPosting\",\"@id\":\"https:\\\/\\\/www.eldigitaldeasturias.com\\\/noticias\\\/el-debate-del-estado-de-la-nacion-se-celebrara-el-25-y-el-26-de-febrero\\\/#blogposting\",\"name\":\"El debate del estado de la naci\\u00f3n se celebrar\\u00e1 el 25 y el 26 de febrero - El Digital de Asturias\",\"headline\":\"El debate del estado de la naci\\u00f3n se celebrar\\u00e1 el 25 y el 26 de febrero\",\"author\":{\"@id\":\"https:\\\/\\\/www.eldigitaldeasturias.com\\\/noticias\\\/author\\\/admin\\\/#author\"},\"publisher\":{\"@id\":\"https:\\\/\\\/www.eldigitaldeasturias.com\\\/noticias\\\/#organization\"},\"image\":{\"@type\":\"ImageObject\",\"url\":486244},\"datePublished\":\"2014-02-07T23:04:19+01:00\",\"dateModified\":\"2014-02-07T23:04:19+01:00\",\"inLanguage\":\"es-ES\",\"mainEntityOfPage\":{\"@id\":\"https:\\\/\\\/www.eldigitaldeasturias.com\\\/noticias\\\/el-debate-del-estado-de-la-nacion-se-celebrara-el-25-y-el-26-de-febrero\\\/#webpage\"},\"isPartOf\":{\"@id\":\"https:\\\/\\\/www.eldigitaldeasturias.com\\\/noticias\\\/el-debate-del-estado-de-la-nacion-se-celebrara-el-25-y-el-26-de-febrero\\\/#webpage\"},\"articleSection\":\"Actualidad\"},{\"@type\":\"BreadcrumbList\",\"@id\":\"https:\\\/\\\/www.eldigitaldeasturias.com\\\/noticias\\\/el-debate-del-estado-de-la-nacion-se-celebrara-el-25-y-el-26-de-febrero\\\/#breadcrumblist\",\"itemListElement\":[{\"@type\":\"ListItem\",\"@id\":\"https:\\\/\\\/www.eldigitaldeasturias.com\\\/noticias#listItem\",\"position\":1,\"name\":\"Home\",\"item\":\"https:\\\/\\\/www.eldigitaldeasturias.com\\\/noticias\",\"nextItem\":{\"@type\":\"ListItem\",\"@id\":\"https:\\\/\\\/www.eldigitaldeasturias.com\\\/noticias\\\/category\\\/actualidad\\\/#listItem\",\"name\":\"Actualidad\"}},{\"@type\":\"ListItem\",\"@id\":\"https:\\\/\\\/www.eldigitaldeasturias.com\\\/noticias\\\/category\\\/actualidad\\\/#listItem\",\"position\":2,\"name\":\"Actualidad\",\"item\":\"https:\\\/\\\/www.eldigitaldeasturias.com\\\/noticias\\\/category\\\/actualidad\\\/\",\"nextItem\":{\"@type\":\"ListItem\",\"@id\":\"https:\\\/\\\/www.eldigitaldeasturias.com\\\/noticias\\\/el-debate-del-estado-de-la-nacion-se-celebrara-el-25-y-el-26-de-febrero\\\/#listItem\",\"name\":\"El debate del estado de la naci\\u00f3n se celebrar\\u00e1 el 25 y el 26 de febrero\"},\"previousItem\":{\"@type\":\"ListItem\",\"@id\":\"https:\\\/\\\/www.eldigitaldeasturias.com\\\/noticias#listItem\",\"name\":\"Home\"}},{\"@type\":\"ListItem\",\"@id\":\"https:\\\/\\\/www.eldigitaldeasturias.com\\\/noticias\\\/el-debate-del-estado-de-la-nacion-se-celebrara-el-25-y-el-26-de-febrero\\\/#listItem\",\"position\":3,\"name\":\"El debate del estado de la naci\\u00f3n se celebrar\\u00e1 el 25 y el 26 de febrero\",\"previousItem\":{\"@type\":\"ListItem\",\"@id\":\"https:\\\/\\\/www.eldigitaldeasturias.com\\\/noticias\\\/category\\\/actualidad\\\/#listItem\",\"name\":\"Actualidad\"}}]},{\"@type\":\"Organization\",\"@id\":\"https:\\\/\\\/www.eldigitaldeasturias.com\\\/noticias\\\/#organization\",\"name\":\"El Digital de Asturias\",\"description\":\"Hemeroteca\",\"url\":\"https:\\\/\\\/www.eldigitaldeasturias.com\\\/noticias\\\/\",\"email\":\"info@eldigitaldeasturias.com\",\"telephone\":\"+34652131393\",\"logo\":{\"@type\":\"ImageObject\",\"url\":\"https:\\\/\\\/www.eldigitaldeasturias.com\\\/noticias\\\/wp-content\\\/uploads\\\/2020\\\/12\\\/EDA.jpg\",\"@id\":\"https:\\\/\\\/www.eldigitaldeasturias.com\\\/noticias\\\/el-debate-del-estado-de-la-nacion-se-celebrara-el-25-y-el-26-de-febrero\\\/#organizationLogo\"},\"image\":{\"@id\":\"https:\\\/\\\/www.eldigitaldeasturias.com\\\/noticias\\\/el-debate-del-estado-de-la-nacion-se-celebrara-el-25-y-el-26-de-febrero\\\/#organizationLogo\"},\"sameAs\":[\"https:\\\/\\\/facebook.com\\\/eldigitaldeasturias\",\"https:\\\/\\\/www.youtube.com\\\/channel\\\/UCZP-2wLEB9Rv6erhFmqVnvg\"],\"address\":{\"@id\":\"https:\\\/\\\/www.eldigitaldeasturias.com\\\/noticias\\\/#postaladdress\",\"@type\":\"PostalAddress\",\"streetAddress\":\"san antonio 4\",\"postalCode\":\"33430\",\"addressLocality\":\"Cand\\u00e1s\",\"addressRegion\":\"Asturias\",\"addressCountry\":\"ES\"}},{\"@type\":\"Person\",\"@id\":\"https:\\\/\\\/www.eldigitaldeasturias.com\\\/noticias\\\/author\\\/admin\\\/#author\",\"url\":\"https:\\\/\\\/www.eldigitaldeasturias.com\\\/noticias\\\/author\\\/admin\\\/\",\"name\":\"El Digital de Asturias\",\"image\":{\"@type\":\"ImageObject\",\"@id\":\"https:\\\/\\\/www.eldigitaldeasturias.com\\\/noticias\\\/el-debate-del-estado-de-la-nacion-se-celebrara-el-25-y-el-26-de-febrero\\\/#authorImage\",\"url\":\"https:\\\/\\\/secure.gravatar.com\\\/avatar\\\/df2aeffc32bcd13f8d26072ef8a91b623d677766deac7f97ca815868cd41bf5e?s=96&d=mm&r=g\",\"width\":96,\"height\":96,\"caption\":\"El Digital de Asturias\"}},{\"@type\":\"WebPage\",\"@id\":\"https:\\\/\\\/www.eldigitaldeasturias.com\\\/noticias\\\/el-debate-del-estado-de-la-nacion-se-celebrara-el-25-y-el-26-de-febrero\\\/#webpage\",\"url\":\"https:\\\/\\\/www.eldigitaldeasturias.com\\\/noticias\\\/el-debate-del-estado-de-la-nacion-se-celebrara-el-25-y-el-26-de-febrero\\\/\",\"name\":\"El debate del estado de la naci\\u00f3n se celebrar\\u00e1 el 25 y el 26 de febrero - El Digital de Asturias\",\"description\":\"Madrid, 7 feb (EFE).- El debate del estado de la naci\\u00f3n, el segundo de Mariano Rajoy como presidente del Gobierno, se celebrar\\u00e1 en el Congreso de los Diputados los pr\\u00f3ximos 25 y 26 de febrero, un a\\u00f1o y una semana despu\\u00e9s del debate celebrado en 2013. As\\u00ed lo ha anunciado la vicepresidenta del Gobierno, Soraya\",\"inLanguage\":\"es-ES\",\"isPartOf\":{\"@id\":\"https:\\\/\\\/www.eldigitaldeasturias.com\\\/noticias\\\/#website\"},\"breadcrumb\":{\"@id\":\"https:\\\/\\\/www.eldigitaldeasturias.com\\\/noticias\\\/el-debate-del-estado-de-la-nacion-se-celebrara-el-25-y-el-26-de-febrero\\\/#breadcrumblist\"},\"author\":{\"@id\":\"https:\\\/\\\/www.eldigitaldeasturias.com\\\/noticias\\\/author\\\/admin\\\/#author\"},\"creator\":{\"@id\":\"https:\\\/\\\/www.eldigitaldeasturias.com\\\/noticias\\\/author\\\/admin\\\/#author\"},\"image\":{\"@type\":\"ImageObject\",\"url\":486244,\"@id\":\"https:\\\/\\\/www.eldigitaldeasturias.com\\\/noticias\\\/el-debate-del-estado-de-la-nacion-se-celebrara-el-25-y-el-26-de-febrero\\\/#mainImage\"},\"primaryImageOfPage\":{\"@id\":\"https:\\\/\\\/www.eldigitaldeasturias.com\\\/noticias\\\/el-debate-del-estado-de-la-nacion-se-celebrara-el-25-y-el-26-de-febrero\\\/#mainImage\"},\"datePublished\":\"2014-02-07T23:04:19+01:00\",\"dateModified\":\"2014-02-07T23:04:19+01:00\"},{\"@type\":\"WebSite\",\"@id\":\"https:\\\/\\\/www.eldigitaldeasturias.com\\\/noticias\\\/#website\",\"url\":\"https:\\\/\\\/www.eldigitaldeasturias.com\\\/noticias\\\/\",\"name\":\"El Digital de Asturias - Diario de actualidad y noticias\",\"alternateName\":\"El Digital de Asturias - Diario de actualidad y noticias\",\"description\":\"Hemeroteca\",\"inLanguage\":\"es-ES\",\"publisher\":{\"@id\":\"https:\\\/\\\/www.eldigitaldeasturias.com\\\/noticias\\\/#organization\"}}]}\n\t\t<\/script>\n\t\t<!-- All in One SEO Pro -->\r\n\t\t<title>El debate del estado de la naci\u00f3n se celebrar\u00e1 el 25 y el 26 de febrero - El Digital de Asturias<\/title>\n\n","aioseo_head_json":{"title":"El debate del estado de la naci\u00f3n se celebrar\u00e1 el 25 y el 26 de febrero - El Digital de Asturias","description":"Madrid, 7 feb (EFE).- El debate del estado de la naci\u00f3n, el segundo de Mariano Rajoy como presidente del Gobierno, se celebrar\u00e1 en el Congreso de los Diputados los pr\u00f3ximos 25 y 26 de febrero, un a\u00f1o y una semana despu\u00e9s del debate celebrado en 2013. As\u00ed lo ha anunciado la vicepresidenta del Gobierno, Soraya","canonical_url":"https:\/\/www.eldigitaldeasturias.com\/noticias\/el-debate-del-estado-de-la-nacion-se-celebrara-el-25-y-el-26-de-febrero\/","robots":"max-image-preview:large","keywords":"actualidad","webmasterTools":{"google-site-verification":"UA-38556648-1","msvalidate.01":"7dfe9f3f1b24437ab69f4f2559babe99","miscellaneous":""},"schema":{"@context":"https:\/\/schema.org","@graph":[{"@type":"BlogPosting","@id":"https:\/\/www.eldigitaldeasturias.com\/noticias\/el-debate-del-estado-de-la-nacion-se-celebrara-el-25-y-el-26-de-febrero\/#blogposting","name":"El debate del estado de la naci\u00f3n se celebrar\u00e1 el 25 y el 26 de febrero - El Digital de Asturias","headline":"El debate del estado de la naci\u00f3n se celebrar\u00e1 el 25 y el 26 de febrero","author":{"@id":"https:\/\/www.eldigitaldeasturias.com\/noticias\/author\/admin\/#author"},"publisher":{"@id":"https:\/\/www.eldigitaldeasturias.com\/noticias\/#organization"},"image":{"@type":"ImageObject","url":486244},"datePublished":"2014-02-07T23:04:19+01:00","dateModified":"2014-02-07T23:04:19+01:00","inLanguage":"es-ES","mainEntityOfPage":{"@id":"https:\/\/www.eldigitaldeasturias.com\/noticias\/el-debate-del-estado-de-la-nacion-se-celebrara-el-25-y-el-26-de-febrero\/#webpage"},"isPartOf":{"@id":"https:\/\/www.eldigitaldeasturias.com\/noticias\/el-debate-del-estado-de-la-nacion-se-celebrara-el-25-y-el-26-de-febrero\/#webpage"},"articleSection":"Actualidad"},{"@type":"BreadcrumbList","@id":"https:\/\/www.eldigitaldeasturias.com\/noticias\/el-debate-del-estado-de-la-nacion-se-celebrara-el-25-y-el-26-de-febrero\/#breadcrumblist","itemListElement":[{"@type":"ListItem","@id":"https:\/\/www.eldigitaldeasturias.com\/noticias#listItem","position":1,"name":"Home","item":"https:\/\/www.eldigitaldeasturias.com\/noticias","nextItem":{"@type":"ListItem","@id":"https:\/\/www.eldigitaldeasturias.com\/noticias\/category\/actualidad\/#listItem","name":"Actualidad"}},{"@type":"ListItem","@id":"https:\/\/www.eldigitaldeasturias.com\/noticias\/category\/actualidad\/#listItem","position":2,"name":"Actualidad","item":"https:\/\/www.eldigitaldeasturias.com\/noticias\/category\/actualidad\/","nextItem":{"@type":"ListItem","@id":"https:\/\/www.eldigitaldeasturias.com\/noticias\/el-debate-del-estado-de-la-nacion-se-celebrara-el-25-y-el-26-de-febrero\/#listItem","name":"El debate del estado de la naci\u00f3n se celebrar\u00e1 el 25 y el 26 de febrero"},"previousItem":{"@type":"ListItem","@id":"https:\/\/www.eldigitaldeasturias.com\/noticias#listItem","name":"Home"}},{"@type":"ListItem","@id":"https:\/\/www.eldigitaldeasturias.com\/noticias\/el-debate-del-estado-de-la-nacion-se-celebrara-el-25-y-el-26-de-febrero\/#listItem","position":3,"name":"El debate del estado de la naci\u00f3n se celebrar\u00e1 el 25 y el 26 de febrero","previousItem":{"@type":"ListItem","@id":"https:\/\/www.eldigitaldeasturias.com\/noticias\/category\/actualidad\/#listItem","name":"Actualidad"}}]},{"@type":"Organization","@id":"https:\/\/www.eldigitaldeasturias.com\/noticias\/#organization","name":"El Digital de Asturias","description":"Hemeroteca","url":"https:\/\/www.eldigitaldeasturias.com\/noticias\/","email":"info@eldigitaldeasturias.com","telephone":"+34652131393","logo":{"@type":"ImageObject","url":"https:\/\/www.eldigitaldeasturias.com\/noticias\/wp-content\/uploads\/2020\/12\/EDA.jpg","@id":"https:\/\/www.eldigitaldeasturias.com\/noticias\/el-debate-del-estado-de-la-nacion-se-celebrara-el-25-y-el-26-de-febrero\/#organizationLogo"},"image":{"@id":"https:\/\/www.eldigitaldeasturias.com\/noticias\/el-debate-del-estado-de-la-nacion-se-celebrara-el-25-y-el-26-de-febrero\/#organizationLogo"},"sameAs":["https:\/\/facebook.com\/eldigitaldeasturias","https:\/\/www.youtube.com\/channel\/UCZP-2wLEB9Rv6erhFmqVnvg"],"address":{"@id":"https:\/\/www.eldigitaldeasturias.com\/noticias\/#postaladdress","@type":"PostalAddress","streetAddress":"san antonio 4","postalCode":"33430","addressLocality":"Cand\u00e1s","addressRegion":"Asturias","addressCountry":"ES"}},{"@type":"Person","@id":"https:\/\/www.eldigitaldeasturias.com\/noticias\/author\/admin\/#author","url":"https:\/\/www.eldigitaldeasturias.com\/noticias\/author\/admin\/","name":"El Digital de Asturias","image":{"@type":"ImageObject","@id":"https:\/\/www.eldigitaldeasturias.com\/noticias\/el-debate-del-estado-de-la-nacion-se-celebrara-el-25-y-el-26-de-febrero\/#authorImage","url":"https:\/\/secure.gravatar.com\/avatar\/df2aeffc32bcd13f8d26072ef8a91b623d677766deac7f97ca815868cd41bf5e?s=96&d=mm&r=g","width":96,"height":96,"caption":"El Digital de Asturias"}},{"@type":"WebPage","@id":"https:\/\/www.eldigitaldeasturias.com\/noticias\/el-debate-del-estado-de-la-nacion-se-celebrara-el-25-y-el-26-de-febrero\/#webpage","url":"https:\/\/www.eldigitaldeasturias.com\/noticias\/el-debate-del-estado-de-la-nacion-se-celebrara-el-25-y-el-26-de-febrero\/","name":"El debate del estado de la naci\u00f3n se celebrar\u00e1 el 25 y el 26 de febrero - El Digital de Asturias","description":"Madrid, 7 feb (EFE).- El debate del estado de la naci\u00f3n, el segundo de Mariano Rajoy como presidente del Gobierno, se celebrar\u00e1 en el Congreso de los Diputados los pr\u00f3ximos 25 y 26 de febrero, un a\u00f1o y una semana despu\u00e9s del debate celebrado en 2013. As\u00ed lo ha anunciado la vicepresidenta del Gobierno, Soraya","inLanguage":"es-ES","isPartOf":{"@id":"https:\/\/www.eldigitaldeasturias.com\/noticias\/#website"},"breadcrumb":{"@id":"https:\/\/www.eldigitaldeasturias.com\/noticias\/el-debate-del-estado-de-la-nacion-se-celebrara-el-25-y-el-26-de-febrero\/#breadcrumblist"},"author":{"@id":"https:\/\/www.eldigitaldeasturias.com\/noticias\/author\/admin\/#author"},"creator":{"@id":"https:\/\/www.eldigitaldeasturias.com\/noticias\/author\/admin\/#author"},"image":{"@type":"ImageObject","url":486244,"@id":"https:\/\/www.eldigitaldeasturias.com\/noticias\/el-debate-del-estado-de-la-nacion-se-celebrara-el-25-y-el-26-de-febrero\/#mainImage"},"primaryImageOfPage":{"@id":"https:\/\/www.eldigitaldeasturias.com\/noticias\/el-debate-del-estado-de-la-nacion-se-celebrara-el-25-y-el-26-de-febrero\/#mainImage"},"datePublished":"2014-02-07T23:04:19+01:00","dateModified":"2014-02-07T23:04:19+01:00"},{"@type":"WebSite","@id":"https:\/\/www.eldigitaldeasturias.com\/noticias\/#website","url":"https:\/\/www.eldigitaldeasturias.com\/noticias\/","name":"El Digital de Asturias - Diario de actualidad y noticias","alternateName":"El Digital de Asturias - Diario de actualidad y noticias","description":"Hemeroteca","inLanguage":"es-ES","publisher":{"@id":"https:\/\/www.eldigitaldeasturias.com\/noticias\/#organization"}}]},"og:locale":"es_ES","og:site_name":"El Digital de Asturias","og:type":"article","og:title":"El debate del estado de la naci\u00f3n se celebrar\u00e1 el 25 y el 26 de febrero - El Digital de Asturias","og:description":"Madrid, 7 feb (EFE).- El debate del estado de la naci\u00f3n, el segundo de Mariano Rajoy como presidente del Gobierno, se celebrar\u00e1 en el Congreso de los Diputados los pr\u00f3ximos 25 y 26 de febrero, un a\u00f1o y una semana despu\u00e9s del debate celebrado en 2013. As\u00ed lo ha anunciado la vicepresidenta del Gobierno, Soraya","og:url":"https:\/\/www.eldigitaldeasturias.com\/noticias\/el-debate-del-estado-de-la-nacion-se-celebrara-el-25-y-el-26-de-febrero\/","article:tag":["actualidad"],"article:published_time":"2014-02-08T00:04:19+00:00","article:modified_time":"2014-02-08T00:04:19+00:00","article:publisher":"https:\/\/facebook.com\/eldigitaldeasturias","twitter:card":"summary_large_image","twitter:title":"El debate del estado de la naci\u00f3n se celebrar\u00e1 el 25 y el 26 de febrero - El Digital de Asturias","twitter:description":"Madrid, 7 feb (EFE).- El debate del estado de la naci\u00f3n, el segundo de Mariano Rajoy como presidente del Gobierno, se celebrar\u00e1 en el Congreso de los Diputados los pr\u00f3ximos 25 y 26 de febrero, un a\u00f1o y una semana despu\u00e9s del debate celebrado en 2013. As\u00ed lo ha anunciado la vicepresidenta del Gobierno, Soraya","twitter:label1":"Escrito por","twitter:data1":"El Digital de Asturias","twitter:label2":"Tiempo de lectura estimado","twitter:data2":"3 minutos"},"aioseo_meta_data":{"post_id":"486243","title":null,"description":null,"keywords":null,"keyphrases":null,"primary_term":null,"canonical_url":null,"og_title":null,"og_description":null,"og_object_type":"default","og_image_type":"default","og_image_url":null,"og_image_width":null,"og_image_height":null,"og_image_custom_url":null,"og_image_custom_fields":null,"og_video":null,"og_custom_url":null,"og_article_section":null,"og_article_tags":null,"twitter_use_og":true,"twitter_card":"default","twitter_image_type":"default","twitter_image_url":null,"twitter_image_custom_url":null,"twitter_image_custom_fields":null,"twitter_title":null,"twitter_description":null,"schema":{"blockGraphs":[],"customGraphs":[],"default":{"data":{"Article":[],"Course":[],"Dataset":[],"FAQPage":[],"Movie":[],"Person":[],"Product":[],"ProductReview":[],"Car":[],"Recipe":[],"Service":[],"SoftwareApplication":[],"WebPage":[]},"graphName":"","isEnabled":true},"graphs":[]},"schema_type":null,"schema_type_options":null,"pillar_content":false,"robots_default":true,"robots_noindex":false,"robots_noarchive":false,"robots_nosnippet":false,"robots_nofollow":false,"robots_noimageindex":false,"robots_noodp":false,"robots_notranslate":false,"robots_max_snippet":null,"robots_max_videopreview":null,"robots_max_imagepreview":"none","priority":null,"frequency":null,"local_seo":null,"seo_analyzer_scan_date":"2026-06-03 00:02:05","breadcrumb_settings":null,"limit_modified_date":false,"open_ai":null,"ai":null,"created":"2020-11-14 22:56:04","updated":"2026-06-03 00:02:05","focus_keyword":null,"additional_keywords":null,"truseo_locale":null},"aioseo_breadcrumb":"<div class=\"aioseo-breadcrumbs\"><span class=\"aioseo-breadcrumb\">\n\t<a href=\"https:\/\/www.eldigitaldeasturias.com\/noticias\" title=\"Home\">Home<\/a>\n<\/span><span class=\"aioseo-breadcrumb-separator\">\u2013<\/span><span class=\"aioseo-breadcrumb\">\n\t<a href=\"https:\/\/www.eldigitaldeasturias.com\/noticias\/category\/actualidad\/\" title=\"Actualidad\">Actualidad<\/a>\n<\/span><span class=\"aioseo-breadcrumb-separator\">\u2013<\/span><span class=\"aioseo-breadcrumb\">\n\t<a href=\"https:\/\/www.eldigitaldeasturias.com\/noticias\/el-debate-del-estado-de-la-nacion-se-celebrara-el-25-y-el-26-de-febrero\/\" title=\"El debate del estado de la naci\u00f3n se celebrar\u00e1 el 25 y el 26 de febrero\">El debate del estado de la naci\u00f3n se celebrar\u00e1 el 25 y el 26 de febrero<\/a>\n<\/span><\/div>","aioseo_breadcrumb_json":[{"label":"Home","link":"https:\/\/www.eldigitaldeasturias.com\/noticias"},{"label":"Actualidad","link":"https:\/\/www.eldigitaldeasturias.com\/noticias\/category\/actualidad\/"},{"label":"El debate del estado de la naci\u00f3n se celebrar\u00e1 el 25 y el 26 de febrero","link":"https:\/\/www.eldigitaldeasturias.com\/noticias\/el-debate-del-estado-de-la-nacion-se-celebrara-el-25-y-el-26-de-febrero\/"}],"_links":{"self":[{"href":"https:\/\/www.eldigitaldeasturias.com\/noticias\/wp-json\/wp\/v2\/posts\/486243","targetHints":{"allow":["GET"]}}],"collection":[{"href":"https:\/\/www.eldigitaldeasturias.com\/noticias\/wp-json\/wp\/v2\/posts"}],"about":[{"href":"https:\/\/www.eldigitaldeasturias.com\/noticias\/wp-json\/wp\/v2\/types\/post"}],"author":[{"embeddable":true,"href":"https:\/\/www.eldigitaldeasturias.com\/noticias\/wp-json\/wp\/v2\/users\/1"}],"replies":[{"embeddable":true,"href":"https:\/\/www.eldigitaldeasturias.com\/noticias\/wp-json\/wp\/v2\/comments?post=486243"}],"version-history":[{"count":0,"href":"https:\/\/www.eldigitaldeasturias.com\/noticias\/wp-json\/wp\/v2\/posts\/486243\/revisions"}],"wp:attachment":[{"href":"https:\/\/www.eldigitaldeasturias.com\/noticias\/wp-json\/wp\/v2\/media?parent=486243"}],"wp:term":[{"taxonomy":"category","embeddable":true,"href":"https:\/\/www.eldigitaldeasturias.com\/noticias\/wp-json\/wp\/v2\/categories?post=486243"},{"taxonomy":"post_tag","embeddable":true,"href":"https:\/\/www.eldigitaldeasturias.com\/noticias\/wp-json\/wp\/v2\/tags?post=486243"}],"curies":[{"name":"wp","href":"https:\/\/api.w.org\/{rel}","templated":true}]}}