{"id":486240,"date":"2014-02-07T23:02:44","date_gmt":"2014-02-08T00:02:44","guid":{"rendered":"http:\/\/www.eldigitaldeasturias.com\/noticias\/?p=486240"},"modified":"2014-02-07T23:02:44","modified_gmt":"2014-02-08T00:02:44","slug":"autocontrol-resuelve-que-los-operadores-deben-publicitar-sus-precios-con-iva","status":"publish","type":"post","link":"https:\/\/www.eldigitaldeasturias.com\/noticias\/autocontrol-resuelve-que-los-operadores-deben-publicitar-sus-precios-con-iva\/","title":{"rendered":"Autocontrol resuelve que los operadores deben publicitar sus precios con IVA"},"content":{"rendered":"<p><img loading=\"lazy\" decoding=\"async\" class=\"alignleft size-medium wp-image-486241\" alt=\"5921192w\" src=\"https:\/\/www.eldigitaldeasturias.com\/noticias\/wp-content\/uploads\/2014\/02\/5921192w-360x239.jpg\" width=\"360\" height=\"239\" \/>Madrid, 7 feb (EFE).- La Asociaci\u00f3n para la Autorregulaci\u00f3n de la Comunicaci\u00f3n Comercial ha dado la raz\u00f3n a Vodafone en su reclamaci\u00f3n frente a sus principales competidores al considerar que los operadores deben publicitar sus precios completos, \u00abcon impuestos incluidos\u00bb.<\/p>\n<p>El organismo encargado de vigilar la publicidad ha desestimado as\u00ed los recursos de alzada presentados por Telef\u00f3nica, Orange, Yoigo, Jazztel y ONO, que, seg\u00fan las resoluciones difundidas en la p\u00e1gina web de Autocontrol, incumplieron con sus anuncios la norma 2 del C\u00f3digo de Conducta Publicitaria de Autocontrol y el art\u00edculo 3.1. del C\u00f3digo \u00c9tico de Confianza Online.<\/p>\n<p>El Pleno de Autocontrol entiende que en las referencias principales al precio, es decir, aquellas que se incluyan en las partes m\u00e1s destacadas de la publicidad, deben hacerse mencionando el precio con impuestos incluidos.<\/p>\n<p>A juicio de ese Pleno, esto no excluye que en la publicidad tambi\u00e9n se pueda informar de cu\u00e1l es la parte del precio que corresponde al importe del producto y cu\u00e1l a impuestos.<\/p>\n<p>Esa menci\u00f3n, a\u00f1ade en la resoluci\u00f3n, \u00abdeber\u00e1 ser en todo caso secundaria en relaci\u00f3n con la referencia principal al precio final completo, pues en caso contrario se podr\u00eda frustrar la finalidad perseguida por la norma\u00bb.<\/p>\n<p>Vodafone hab\u00eda presentado una demanda ante Autocontrol contra sus principales competidores por publicidad enga\u00f1osa y competencia desleal por no publicar sus precios completos, con impuestos, tal como establece el Instituto Nacional de Consumo (INC).<\/p>\n<p>Tras la resoluciones adoptadas, el operador brit\u00e1nico se reserva \u00abla posibilidad de ejercer acciones legales posteriores al cumplimiento de esta resoluci\u00f3n\u00bb.<\/p>\n<p>El Pleno de Autocontrol es consciente de que la aplicaci\u00f3n de este nuevo criterio conlleva un cambio en la constante doctrina del Jurado de la Publicidad mantenida hasta el momento y reconoce que, a trav\u00e9s de estas resoluciones, cambia su doctrina previa.<\/p>\n<p>No obstante, destaca que este tipo de cambios son plenamente leg\u00edtimos y admisibles cuando, como en este caso, \u00abse encuentren argumentados y leg\u00edtimamente justificados\u00bb.<\/p>\n<p>Y subraya que, en la medida en que estas resoluciones implican un cambio expreso, no pueden interpretarse como un reproche en relaci\u00f3n con la conducta previa de las operadoras reclamadas, a las que debe reconocerse \u00abla buena fe\u00bb.<\/p>\n<p>Por ello, afirma que este pronunciamiento \u00ab\u00fanicamente\u00bb despliega sus efectos de cara al futuro.<\/p>\n","protected":false},"excerpt":{"rendered":"<p>Madrid, 7 feb (EFE).- La Asociaci\u00f3n para la Autorregulaci\u00f3n de la Comunicaci\u00f3n Comercial ha dado la raz\u00f3n a Vodafone en su reclamaci\u00f3n frente a sus principales competidores al considerar que los operadores deben publicitar sus precios completos, \u00abcon impuestos incluidos\u00bb. El organismo encargado de vigilar la publicidad ha desestimado as\u00ed los recursos de alzada presentados [&hellip;]<\/p>\n","protected":false},"author":1,"featured_media":486241,"comment_status":"open","ping_status":"open","sticky":false,"template":"","format":"standard","meta":{"footnotes":""},"categories":[1],"tags":[],"class_list":["post-486240","post","type-post","status-publish","format-standard","has-post-thumbnail","hentry","category-actualidad"],"aioseo_notices":[],"aioseo_head":"\n\t\t<!-- All in One SEO Pro 5.0.1 - aioseo.com -->\n\t<meta name=\"description\" content=\"Madrid, 7 feb (EFE).- La Asociaci\u00f3n para la Autorregulaci\u00f3n de la Comunicaci\u00f3n Comercial ha dado la raz\u00f3n a Vodafone en su reclamaci\u00f3n frente a sus principales competidores al considerar que los operadores deben publicitar sus precios completos, &quot;con impuestos incluidos&quot;. El organismo encargado de vigilar la publicidad ha desestimado as\u00ed los recursos de alzada presentados\" \/>\n\t<meta name=\"robots\" content=\"max-image-preview:large\" \/>\n\t<meta name=\"author\" content=\"El Digital de Asturias\"\/>\n\t<meta name=\"google-site-verification\" content=\"UA-38556648-1\" \/>\n\t<meta name=\"msvalidate.01\" content=\"7dfe9f3f1b24437ab69f4f2559babe99\" \/>\n\t<meta name=\"keywords\" content=\"actualidad\" \/>\n\t<link rel=\"canonical\" href=\"https:\/\/www.eldigitaldeasturias.com\/noticias\/autocontrol-resuelve-que-los-operadores-deben-publicitar-sus-precios-con-iva\/\" \/>\n\t<meta name=\"generator\" content=\"All in One SEO Pro (AIOSEO) 5.0.1\" \/>\n\t\t<meta property=\"og:locale\" content=\"es_ES\" \/>\n\t\t<meta property=\"og:site_name\" content=\"El Digital de Asturias\" \/>\n\t\t<meta property=\"og:type\" content=\"article\" \/>\n\t\t<meta property=\"og:title\" content=\"Autocontrol resuelve que los operadores deben publicitar sus precios con IVA - El Digital de Asturias\" \/>\n\t\t<meta property=\"og:description\" content=\"Madrid, 7 feb (EFE).- La Asociaci\u00f3n para la Autorregulaci\u00f3n de la Comunicaci\u00f3n Comercial ha dado la raz\u00f3n a Vodafone en su reclamaci\u00f3n frente a sus principales competidores al considerar que los operadores deben publicitar sus precios completos, &quot;con impuestos incluidos&quot;. El organismo encargado de vigilar la publicidad ha desestimado as\u00ed los recursos de alzada presentados\" \/>\n\t\t<meta property=\"og:url\" content=\"https:\/\/www.eldigitaldeasturias.com\/noticias\/autocontrol-resuelve-que-los-operadores-deben-publicitar-sus-precios-con-iva\/\" \/>\n\t\t<meta property=\"article:tag\" content=\"actualidad\" \/>\n\t\t<meta property=\"article:published_time\" content=\"2014-02-08T00:02:44+00:00\" \/>\n\t\t<meta property=\"article:modified_time\" content=\"2014-02-08T00:02:44+00:00\" \/>\n\t\t<meta property=\"article:publisher\" content=\"https:\/\/facebook.com\/eldigitaldeasturias\" \/>\n\t\t<meta name=\"twitter:card\" content=\"summary_large_image\" \/>\n\t\t<meta name=\"twitter:title\" content=\"Autocontrol resuelve que los operadores deben publicitar sus precios con IVA - El Digital de Asturias\" \/>\n\t\t<meta name=\"twitter:description\" content=\"Madrid, 7 feb (EFE).- La Asociaci\u00f3n para la Autorregulaci\u00f3n de la Comunicaci\u00f3n Comercial ha dado la raz\u00f3n a Vodafone en su reclamaci\u00f3n frente a sus principales competidores al considerar que los operadores deben publicitar sus precios completos, &quot;con impuestos incluidos&quot;. El organismo encargado de vigilar la publicidad ha desestimado as\u00ed los recursos de alzada presentados\" \/>\n\t\t<meta name=\"twitter:label1\" content=\"Escrito por\" \/>\n\t\t<meta name=\"twitter:data1\" content=\"El Digital de Asturias\" \/>\n\t\t<meta name=\"twitter:label2\" content=\"Tiempo de lectura estimado\" \/>\n\t\t<meta name=\"twitter:data2\" content=\"2 minutos\" \/>\n\t\t<script type=\"application\/ld+json\" class=\"aioseo-schema\">\n\t\t\t{\"@context\":\"https:\\\/\\\/schema.org\",\"@graph\":[{\"@type\":\"BlogPosting\",\"@id\":\"https:\\\/\\\/www.eldigitaldeasturias.com\\\/noticias\\\/autocontrol-resuelve-que-los-operadores-deben-publicitar-sus-precios-con-iva\\\/#blogposting\",\"name\":\"Autocontrol resuelve que los operadores deben publicitar sus precios con IVA - El Digital de Asturias\",\"headline\":\"Autocontrol resuelve que los operadores deben publicitar sus precios con IVA\",\"author\":{\"@id\":\"https:\\\/\\\/www.eldigitaldeasturias.com\\\/noticias\\\/author\\\/admin\\\/#author\"},\"publisher\":{\"@id\":\"https:\\\/\\\/www.eldigitaldeasturias.com\\\/noticias\\\/#organization\"},\"image\":{\"@type\":\"ImageObject\",\"url\":486241},\"datePublished\":\"2014-02-07T23:02:44+01:00\",\"dateModified\":\"2014-02-07T23:02:44+01:00\",\"inLanguage\":\"es-ES\",\"mainEntityOfPage\":{\"@id\":\"https:\\\/\\\/www.eldigitaldeasturias.com\\\/noticias\\\/autocontrol-resuelve-que-los-operadores-deben-publicitar-sus-precios-con-iva\\\/#webpage\"},\"isPartOf\":{\"@id\":\"https:\\\/\\\/www.eldigitaldeasturias.com\\\/noticias\\\/autocontrol-resuelve-que-los-operadores-deben-publicitar-sus-precios-con-iva\\\/#webpage\"},\"articleSection\":\"Actualidad\"},{\"@type\":\"BreadcrumbList\",\"@id\":\"https:\\\/\\\/www.eldigitaldeasturias.com\\\/noticias\\\/autocontrol-resuelve-que-los-operadores-deben-publicitar-sus-precios-con-iva\\\/#breadcrumblist\",\"itemListElement\":[{\"@type\":\"ListItem\",\"@id\":\"https:\\\/\\\/www.eldigitaldeasturias.com\\\/noticias#listItem\",\"position\":1,\"name\":\"Home\",\"item\":\"https:\\\/\\\/www.eldigitaldeasturias.com\\\/noticias\",\"nextItem\":{\"@type\":\"ListItem\",\"@id\":\"https:\\\/\\\/www.eldigitaldeasturias.com\\\/noticias\\\/category\\\/actualidad\\\/#listItem\",\"name\":\"Actualidad\"}},{\"@type\":\"ListItem\",\"@id\":\"https:\\\/\\\/www.eldigitaldeasturias.com\\\/noticias\\\/category\\\/actualidad\\\/#listItem\",\"position\":2,\"name\":\"Actualidad\",\"item\":\"https:\\\/\\\/www.eldigitaldeasturias.com\\\/noticias\\\/category\\\/actualidad\\\/\",\"nextItem\":{\"@type\":\"ListItem\",\"@id\":\"https:\\\/\\\/www.eldigitaldeasturias.com\\\/noticias\\\/autocontrol-resuelve-que-los-operadores-deben-publicitar-sus-precios-con-iva\\\/#listItem\",\"name\":\"Autocontrol resuelve que los operadores deben publicitar sus precios con IVA\"},\"previousItem\":{\"@type\":\"ListItem\",\"@id\":\"https:\\\/\\\/www.eldigitaldeasturias.com\\\/noticias#listItem\",\"name\":\"Home\"}},{\"@type\":\"ListItem\",\"@id\":\"https:\\\/\\\/www.eldigitaldeasturias.com\\\/noticias\\\/autocontrol-resuelve-que-los-operadores-deben-publicitar-sus-precios-con-iva\\\/#listItem\",\"position\":3,\"name\":\"Autocontrol resuelve que los operadores deben publicitar sus precios con IVA\",\"previousItem\":{\"@type\":\"ListItem\",\"@id\":\"https:\\\/\\\/www.eldigitaldeasturias.com\\\/noticias\\\/category\\\/actualidad\\\/#listItem\",\"name\":\"Actualidad\"}}]},{\"@type\":\"Organization\",\"@id\":\"https:\\\/\\\/www.eldigitaldeasturias.com\\\/noticias\\\/#organization\",\"name\":\"El Digital de Asturias\",\"description\":\"Hemeroteca\",\"url\":\"https:\\\/\\\/www.eldigitaldeasturias.com\\\/noticias\\\/\",\"email\":\"info@eldigitaldeasturias.com\",\"telephone\":\"+34652131393\",\"logo\":{\"@type\":\"ImageObject\",\"url\":\"https:\\\/\\\/www.eldigitaldeasturias.com\\\/noticias\\\/wp-content\\\/uploads\\\/2020\\\/12\\\/EDA.jpg\",\"@id\":\"https:\\\/\\\/www.eldigitaldeasturias.com\\\/noticias\\\/autocontrol-resuelve-que-los-operadores-deben-publicitar-sus-precios-con-iva\\\/#organizationLogo\"},\"image\":{\"@id\":\"https:\\\/\\\/www.eldigitaldeasturias.com\\\/noticias\\\/autocontrol-resuelve-que-los-operadores-deben-publicitar-sus-precios-con-iva\\\/#organizationLogo\"},\"sameAs\":[\"https:\\\/\\\/facebook.com\\\/eldigitaldeasturias\",\"https:\\\/\\\/www.youtube.com\\\/channel\\\/UCZP-2wLEB9Rv6erhFmqVnvg\"],\"address\":{\"@id\":\"https:\\\/\\\/www.eldigitaldeasturias.com\\\/noticias\\\/#postaladdress\",\"@type\":\"PostalAddress\",\"streetAddress\":\"san antonio 4\",\"postalCode\":\"33430\",\"addressLocality\":\"Cand\\u00e1s\",\"addressRegion\":\"Asturias\",\"addressCountry\":\"ES\"}},{\"@type\":\"Person\",\"@id\":\"https:\\\/\\\/www.eldigitaldeasturias.com\\\/noticias\\\/author\\\/admin\\\/#author\",\"url\":\"https:\\\/\\\/www.eldigitaldeasturias.com\\\/noticias\\\/author\\\/admin\\\/\",\"name\":\"El Digital de Asturias\",\"image\":{\"@type\":\"ImageObject\",\"@id\":\"https:\\\/\\\/www.eldigitaldeasturias.com\\\/noticias\\\/autocontrol-resuelve-que-los-operadores-deben-publicitar-sus-precios-con-iva\\\/#authorImage\",\"url\":\"https:\\\/\\\/secure.gravatar.com\\\/avatar\\\/df2aeffc32bcd13f8d26072ef8a91b623d677766deac7f97ca815868cd41bf5e?s=96&d=mm&r=g\",\"width\":96,\"height\":96,\"caption\":\"El Digital de Asturias\"}},{\"@type\":\"WebPage\",\"@id\":\"https:\\\/\\\/www.eldigitaldeasturias.com\\\/noticias\\\/autocontrol-resuelve-que-los-operadores-deben-publicitar-sus-precios-con-iva\\\/#webpage\",\"url\":\"https:\\\/\\\/www.eldigitaldeasturias.com\\\/noticias\\\/autocontrol-resuelve-que-los-operadores-deben-publicitar-sus-precios-con-iva\\\/\",\"name\":\"Autocontrol resuelve que los operadores deben publicitar sus precios con IVA - El Digital de Asturias\",\"description\":\"Madrid, 7 feb (EFE).- La Asociaci\\u00f3n para la Autorregulaci\\u00f3n de la Comunicaci\\u00f3n Comercial ha dado la raz\\u00f3n a Vodafone en su reclamaci\\u00f3n frente a sus principales competidores al considerar que los operadores deben publicitar sus precios completos, \\\"con impuestos incluidos\\\". El organismo encargado de vigilar la publicidad ha desestimado as\\u00ed los recursos de alzada presentados\",\"inLanguage\":\"es-ES\",\"isPartOf\":{\"@id\":\"https:\\\/\\\/www.eldigitaldeasturias.com\\\/noticias\\\/#website\"},\"breadcrumb\":{\"@id\":\"https:\\\/\\\/www.eldigitaldeasturias.com\\\/noticias\\\/autocontrol-resuelve-que-los-operadores-deben-publicitar-sus-precios-con-iva\\\/#breadcrumblist\"},\"author\":{\"@id\":\"https:\\\/\\\/www.eldigitaldeasturias.com\\\/noticias\\\/author\\\/admin\\\/#author\"},\"creator\":{\"@id\":\"https:\\\/\\\/www.eldigitaldeasturias.com\\\/noticias\\\/author\\\/admin\\\/#author\"},\"image\":{\"@type\":\"ImageObject\",\"url\":486241,\"@id\":\"https:\\\/\\\/www.eldigitaldeasturias.com\\\/noticias\\\/autocontrol-resuelve-que-los-operadores-deben-publicitar-sus-precios-con-iva\\\/#mainImage\"},\"primaryImageOfPage\":{\"@id\":\"https:\\\/\\\/www.eldigitaldeasturias.com\\\/noticias\\\/autocontrol-resuelve-que-los-operadores-deben-publicitar-sus-precios-con-iva\\\/#mainImage\"},\"datePublished\":\"2014-02-07T23:02:44+01:00\",\"dateModified\":\"2014-02-07T23:02:44+01:00\"},{\"@type\":\"WebSite\",\"@id\":\"https:\\\/\\\/www.eldigitaldeasturias.com\\\/noticias\\\/#website\",\"url\":\"https:\\\/\\\/www.eldigitaldeasturias.com\\\/noticias\\\/\",\"name\":\"El Digital de Asturias - Diario de actualidad y noticias\",\"alternateName\":\"El Digital de Asturias - Diario de actualidad y noticias\",\"description\":\"Hemeroteca\",\"inLanguage\":\"es-ES\",\"publisher\":{\"@id\":\"https:\\\/\\\/www.eldigitaldeasturias.com\\\/noticias\\\/#organization\"}}]}\n\t\t<\/script>\n\t\t<!-- All in One SEO Pro -->\r\n\t\t<title>Autocontrol resuelve que los operadores deben publicitar sus precios con IVA - El Digital de Asturias<\/title>\n\n","aioseo_head_json":{"title":"Autocontrol resuelve que los operadores deben publicitar sus precios con IVA - El Digital de Asturias","description":"Madrid, 7 feb (EFE).- La Asociaci\u00f3n para la Autorregulaci\u00f3n de la Comunicaci\u00f3n Comercial ha dado la raz\u00f3n a Vodafone en su reclamaci\u00f3n frente a sus principales competidores al considerar que los operadores deben publicitar sus precios completos, \"con impuestos incluidos\". El organismo encargado de vigilar la publicidad ha desestimado as\u00ed los recursos de alzada presentados","canonical_url":"https:\/\/www.eldigitaldeasturias.com\/noticias\/autocontrol-resuelve-que-los-operadores-deben-publicitar-sus-precios-con-iva\/","robots":"max-image-preview:large","keywords":"actualidad","webmasterTools":{"google-site-verification":"UA-38556648-1","msvalidate.01":"7dfe9f3f1b24437ab69f4f2559babe99","miscellaneous":""},"schema":{"@context":"https:\/\/schema.org","@graph":[{"@type":"BlogPosting","@id":"https:\/\/www.eldigitaldeasturias.com\/noticias\/autocontrol-resuelve-que-los-operadores-deben-publicitar-sus-precios-con-iva\/#blogposting","name":"Autocontrol resuelve que los operadores deben publicitar sus precios con IVA - El Digital de Asturias","headline":"Autocontrol resuelve que los operadores deben publicitar sus precios con IVA","author":{"@id":"https:\/\/www.eldigitaldeasturias.com\/noticias\/author\/admin\/#author"},"publisher":{"@id":"https:\/\/www.eldigitaldeasturias.com\/noticias\/#organization"},"image":{"@type":"ImageObject","url":486241},"datePublished":"2014-02-07T23:02:44+01:00","dateModified":"2014-02-07T23:02:44+01:00","inLanguage":"es-ES","mainEntityOfPage":{"@id":"https:\/\/www.eldigitaldeasturias.com\/noticias\/autocontrol-resuelve-que-los-operadores-deben-publicitar-sus-precios-con-iva\/#webpage"},"isPartOf":{"@id":"https:\/\/www.eldigitaldeasturias.com\/noticias\/autocontrol-resuelve-que-los-operadores-deben-publicitar-sus-precios-con-iva\/#webpage"},"articleSection":"Actualidad"},{"@type":"BreadcrumbList","@id":"https:\/\/www.eldigitaldeasturias.com\/noticias\/autocontrol-resuelve-que-los-operadores-deben-publicitar-sus-precios-con-iva\/#breadcrumblist","itemListElement":[{"@type":"ListItem","@id":"https:\/\/www.eldigitaldeasturias.com\/noticias#listItem","position":1,"name":"Home","item":"https:\/\/www.eldigitaldeasturias.com\/noticias","nextItem":{"@type":"ListItem","@id":"https:\/\/www.eldigitaldeasturias.com\/noticias\/category\/actualidad\/#listItem","name":"Actualidad"}},{"@type":"ListItem","@id":"https:\/\/www.eldigitaldeasturias.com\/noticias\/category\/actualidad\/#listItem","position":2,"name":"Actualidad","item":"https:\/\/www.eldigitaldeasturias.com\/noticias\/category\/actualidad\/","nextItem":{"@type":"ListItem","@id":"https:\/\/www.eldigitaldeasturias.com\/noticias\/autocontrol-resuelve-que-los-operadores-deben-publicitar-sus-precios-con-iva\/#listItem","name":"Autocontrol resuelve que los operadores deben publicitar sus precios con IVA"},"previousItem":{"@type":"ListItem","@id":"https:\/\/www.eldigitaldeasturias.com\/noticias#listItem","name":"Home"}},{"@type":"ListItem","@id":"https:\/\/www.eldigitaldeasturias.com\/noticias\/autocontrol-resuelve-que-los-operadores-deben-publicitar-sus-precios-con-iva\/#listItem","position":3,"name":"Autocontrol resuelve que los operadores deben publicitar sus precios con IVA","previousItem":{"@type":"ListItem","@id":"https:\/\/www.eldigitaldeasturias.com\/noticias\/category\/actualidad\/#listItem","name":"Actualidad"}}]},{"@type":"Organization","@id":"https:\/\/www.eldigitaldeasturias.com\/noticias\/#organization","name":"El Digital de Asturias","description":"Hemeroteca","url":"https:\/\/www.eldigitaldeasturias.com\/noticias\/","email":"info@eldigitaldeasturias.com","telephone":"+34652131393","logo":{"@type":"ImageObject","url":"https:\/\/www.eldigitaldeasturias.com\/noticias\/wp-content\/uploads\/2020\/12\/EDA.jpg","@id":"https:\/\/www.eldigitaldeasturias.com\/noticias\/autocontrol-resuelve-que-los-operadores-deben-publicitar-sus-precios-con-iva\/#organizationLogo"},"image":{"@id":"https:\/\/www.eldigitaldeasturias.com\/noticias\/autocontrol-resuelve-que-los-operadores-deben-publicitar-sus-precios-con-iva\/#organizationLogo"},"sameAs":["https:\/\/facebook.com\/eldigitaldeasturias","https:\/\/www.youtube.com\/channel\/UCZP-2wLEB9Rv6erhFmqVnvg"],"address":{"@id":"https:\/\/www.eldigitaldeasturias.com\/noticias\/#postaladdress","@type":"PostalAddress","streetAddress":"san antonio 4","postalCode":"33430","addressLocality":"Cand\u00e1s","addressRegion":"Asturias","addressCountry":"ES"}},{"@type":"Person","@id":"https:\/\/www.eldigitaldeasturias.com\/noticias\/author\/admin\/#author","url":"https:\/\/www.eldigitaldeasturias.com\/noticias\/author\/admin\/","name":"El Digital de Asturias","image":{"@type":"ImageObject","@id":"https:\/\/www.eldigitaldeasturias.com\/noticias\/autocontrol-resuelve-que-los-operadores-deben-publicitar-sus-precios-con-iva\/#authorImage","url":"https:\/\/secure.gravatar.com\/avatar\/df2aeffc32bcd13f8d26072ef8a91b623d677766deac7f97ca815868cd41bf5e?s=96&d=mm&r=g","width":96,"height":96,"caption":"El Digital de Asturias"}},{"@type":"WebPage","@id":"https:\/\/www.eldigitaldeasturias.com\/noticias\/autocontrol-resuelve-que-los-operadores-deben-publicitar-sus-precios-con-iva\/#webpage","url":"https:\/\/www.eldigitaldeasturias.com\/noticias\/autocontrol-resuelve-que-los-operadores-deben-publicitar-sus-precios-con-iva\/","name":"Autocontrol resuelve que los operadores deben publicitar sus precios con IVA - El Digital de Asturias","description":"Madrid, 7 feb (EFE).- La Asociaci\u00f3n para la Autorregulaci\u00f3n de la Comunicaci\u00f3n Comercial ha dado la raz\u00f3n a Vodafone en su reclamaci\u00f3n frente a sus principales competidores al considerar que los operadores deben publicitar sus precios completos, \"con impuestos incluidos\". El organismo encargado de vigilar la publicidad ha desestimado as\u00ed los recursos de alzada presentados","inLanguage":"es-ES","isPartOf":{"@id":"https:\/\/www.eldigitaldeasturias.com\/noticias\/#website"},"breadcrumb":{"@id":"https:\/\/www.eldigitaldeasturias.com\/noticias\/autocontrol-resuelve-que-los-operadores-deben-publicitar-sus-precios-con-iva\/#breadcrumblist"},"author":{"@id":"https:\/\/www.eldigitaldeasturias.com\/noticias\/author\/admin\/#author"},"creator":{"@id":"https:\/\/www.eldigitaldeasturias.com\/noticias\/author\/admin\/#author"},"image":{"@type":"ImageObject","url":486241,"@id":"https:\/\/www.eldigitaldeasturias.com\/noticias\/autocontrol-resuelve-que-los-operadores-deben-publicitar-sus-precios-con-iva\/#mainImage"},"primaryImageOfPage":{"@id":"https:\/\/www.eldigitaldeasturias.com\/noticias\/autocontrol-resuelve-que-los-operadores-deben-publicitar-sus-precios-con-iva\/#mainImage"},"datePublished":"2014-02-07T23:02:44+01:00","dateModified":"2014-02-07T23:02:44+01:00"},{"@type":"WebSite","@id":"https:\/\/www.eldigitaldeasturias.com\/noticias\/#website","url":"https:\/\/www.eldigitaldeasturias.com\/noticias\/","name":"El Digital de Asturias - Diario de actualidad y noticias","alternateName":"El Digital de Asturias - Diario de actualidad y noticias","description":"Hemeroteca","inLanguage":"es-ES","publisher":{"@id":"https:\/\/www.eldigitaldeasturias.com\/noticias\/#organization"}}]},"og:locale":"es_ES","og:site_name":"El Digital de Asturias","og:type":"article","og:title":"Autocontrol resuelve que los operadores deben publicitar sus precios con IVA - El Digital de Asturias","og:description":"Madrid, 7 feb (EFE).- La Asociaci\u00f3n para la Autorregulaci\u00f3n de la Comunicaci\u00f3n Comercial ha dado la raz\u00f3n a Vodafone en su reclamaci\u00f3n frente a sus principales competidores al considerar que los operadores deben publicitar sus precios completos, &quot;con impuestos incluidos&quot;. El organismo encargado de vigilar la publicidad ha desestimado as\u00ed los recursos de alzada presentados","og:url":"https:\/\/www.eldigitaldeasturias.com\/noticias\/autocontrol-resuelve-que-los-operadores-deben-publicitar-sus-precios-con-iva\/","article:tag":["actualidad"],"article:published_time":"2014-02-08T00:02:44+00:00","article:modified_time":"2014-02-08T00:02:44+00:00","article:publisher":"https:\/\/facebook.com\/eldigitaldeasturias","twitter:card":"summary_large_image","twitter:title":"Autocontrol resuelve que los operadores deben publicitar sus precios con IVA - El Digital de Asturias","twitter:description":"Madrid, 7 feb (EFE).- La Asociaci\u00f3n para la Autorregulaci\u00f3n de la Comunicaci\u00f3n Comercial ha dado la raz\u00f3n a Vodafone en su reclamaci\u00f3n frente a sus principales competidores al considerar que los operadores deben publicitar sus precios completos, &quot;con impuestos incluidos&quot;. El organismo encargado de vigilar la publicidad ha desestimado as\u00ed los recursos de alzada presentados","twitter:label1":"Escrito por","twitter:data1":"El Digital de Asturias","twitter:label2":"Tiempo de lectura estimado","twitter:data2":"2 minutos"},"aioseo_meta_data":{"post_id":"486240","title":null,"description":null,"keywords":null,"keyphrases":null,"primary_term":null,"canonical_url":null,"og_title":null,"og_description":null,"og_object_type":"default","og_image_type":"default","og_image_url":null,"og_image_width":null,"og_image_height":null,"og_image_custom_url":null,"og_image_custom_fields":null,"og_video":null,"og_custom_url":null,"og_article_section":null,"og_article_tags":null,"twitter_use_og":true,"twitter_card":"default","twitter_image_type":"default","twitter_image_url":null,"twitter_image_custom_url":null,"twitter_image_custom_fields":null,"twitter_title":null,"twitter_description":null,"schema":{"blockGraphs":[],"customGraphs":[],"default":{"data":{"Article":[],"Course":[],"Dataset":[],"FAQPage":[],"Movie":[],"Person":[],"Product":[],"ProductReview":[],"Car":[],"Recipe":[],"Service":[],"SoftwareApplication":[],"WebPage":[]},"graphName":"","isEnabled":true},"graphs":[],"defaultGraph":"","defaultPostTypeGraph":""},"schema_type":null,"schema_type_options":null,"pillar_content":false,"robots_default":true,"robots_noindex":false,"robots_noarchive":false,"robots_nosnippet":false,"robots_nofollow":false,"robots_noimageindex":false,"robots_noodp":false,"robots_notranslate":false,"robots_max_snippet":null,"robots_max_videopreview":null,"robots_max_imagepreview":"none","priority":null,"frequency":null,"local_seo":null,"seo_analyzer_scan_date":"2026-06-02 23:58:48","breadcrumb_settings":null,"limit_modified_date":false,"open_ai":null,"ai":null,"created":"2020-11-14 22:56:04","updated":"2026-06-02 23:58:48","focus_keyword":null,"additional_keywords":null,"truseo_locale":null},"aioseo_breadcrumb":"<div class=\"aioseo-breadcrumbs\"><span class=\"aioseo-breadcrumb\">\n\t<a href=\"https:\/\/www.eldigitaldeasturias.com\/noticias\" title=\"Home\">Home<\/a>\n<\/span><span class=\"aioseo-breadcrumb-separator\">\u2013<\/span><span class=\"aioseo-breadcrumb\">\n\t<a href=\"https:\/\/www.eldigitaldeasturias.com\/noticias\/category\/actualidad\/\" title=\"Actualidad\">Actualidad<\/a>\n<\/span><span class=\"aioseo-breadcrumb-separator\">\u2013<\/span><span class=\"aioseo-breadcrumb\">\n\t<a href=\"https:\/\/www.eldigitaldeasturias.com\/noticias\/autocontrol-resuelve-que-los-operadores-deben-publicitar-sus-precios-con-iva\/\" title=\"Autocontrol resuelve que los operadores deben publicitar sus precios con IVA\">Autocontrol resuelve que los operadores deben publicitar sus precios con IVA<\/a>\n<\/span><\/div>","aioseo_breadcrumb_json":[{"label":"Home","link":"https:\/\/www.eldigitaldeasturias.com\/noticias"},{"label":"Actualidad","link":"https:\/\/www.eldigitaldeasturias.com\/noticias\/category\/actualidad\/"},{"label":"Autocontrol resuelve que los operadores deben publicitar sus precios con IVA","link":"https:\/\/www.eldigitaldeasturias.com\/noticias\/autocontrol-resuelve-que-los-operadores-deben-publicitar-sus-precios-con-iva\/"}],"_links":{"self":[{"href":"https:\/\/www.eldigitaldeasturias.com\/noticias\/wp-json\/wp\/v2\/posts\/486240","targetHints":{"allow":["GET"]}}],"collection":[{"href":"https:\/\/www.eldigitaldeasturias.com\/noticias\/wp-json\/wp\/v2\/posts"}],"about":[{"href":"https:\/\/www.eldigitaldeasturias.com\/noticias\/wp-json\/wp\/v2\/types\/post"}],"author":[{"embeddable":true,"href":"https:\/\/www.eldigitaldeasturias.com\/noticias\/wp-json\/wp\/v2\/users\/1"}],"replies":[{"embeddable":true,"href":"https:\/\/www.eldigitaldeasturias.com\/noticias\/wp-json\/wp\/v2\/comments?post=486240"}],"version-history":[{"count":0,"href":"https:\/\/www.eldigitaldeasturias.com\/noticias\/wp-json\/wp\/v2\/posts\/486240\/revisions"}],"wp:attachment":[{"href":"https:\/\/www.eldigitaldeasturias.com\/noticias\/wp-json\/wp\/v2\/media?parent=486240"}],"wp:term":[{"taxonomy":"category","embeddable":true,"href":"https:\/\/www.eldigitaldeasturias.com\/noticias\/wp-json\/wp\/v2\/categories?post=486240"},{"taxonomy":"post_tag","embeddable":true,"href":"https:\/\/www.eldigitaldeasturias.com\/noticias\/wp-json\/wp\/v2\/tags?post=486240"}],"curies":[{"name":"wp","href":"https:\/\/api.w.org\/{rel}","templated":true}]}}