{"id":486234,"date":"2014-02-07T23:00:08","date_gmt":"2014-02-08T00:00:08","guid":{"rendered":"http:\/\/www.eldigitaldeasturias.com\/noticias\/?p=486234"},"modified":"2014-02-07T23:00:08","modified_gmt":"2014-02-08T00:00:08","slug":"ranieri-cree-que-falcao-jugara-el-mundial","status":"publish","type":"post","link":"https:\/\/www.eldigitaldeasturias.com\/noticias\/ranieri-cree-que-falcao-jugara-el-mundial\/","title":{"rendered":"Ranieri cree que Falcao jugar\u00e1 el Mundial"},"content":{"rendered":"<p><img loading=\"lazy\" decoding=\"async\" class=\"alignleft size-medium wp-image-486235\" alt=\"5921144w\" src=\"https:\/\/www.eldigitaldeasturias.com\/noticias\/wp-content\/uploads\/2014\/02\/5921144w-360x239.jpg\" width=\"360\" height=\"239\" \/>Par\u00eds, 7 feb (EFE).- El entrenador del M\u00f3naco, Claudio Ranieri, afirm\u00f3 hoy que, aunque de forma \u00abmilagrosa\u00bb, el atacante colombiano Radamel Falcao estar\u00e1 recuperado de su grave lesi\u00f3n de rodilla antes del Mundial de Brasil, que comenzar\u00e1 en junio pr\u00f3ximo.<\/p>\n<p>\u00abHabl\u00e9 con el por tel\u00e9fono ayer, jueves y est\u00e1 muy tranquilo. Trabaja mucho y va muy avanzado en su rehabilitaci\u00f3n. Su rodilla reacciona bien. Est\u00e1 contento por ello\u00bb, afirm\u00f3 el t\u00e9cnico en rueda de prensa.<\/p>\n<p>Cuando le preguntaron si considera que el atacante colombiano estar\u00e1 listo para la cita brasile\u00f1a, Ranieri respondi\u00f3: \u00abCreo que va a jugar\u00bb.<\/p>\n<p>\u00abSer\u00e1 un milagro, pero est\u00e1 muy concentrado. Todo va bien por el momento, es muy optimista. Pero el segundo y el tercer mes son muy importantes\u00bb, precis\u00f3 el entrenador.<\/p>\n<p>Falcao sufri\u00f3 el pasado 22 de enero una rotura del ligamento cruzado de la rodilla izquierda en un encuentro de Copa de Francia contra un equipo de aficionados.<\/p>\n<p>El periodo normal de recuperaci\u00f3n de este tipo de lesiones es de seis meses, pero el futbolista ha mostrado su deseo de acelerarlo para estar en el Mundial con Colombia.<\/p>\n","protected":false},"excerpt":{"rendered":"<p>Par\u00eds, 7 feb (EFE).- El entrenador del M\u00f3naco, Claudio Ranieri, afirm\u00f3 hoy que, aunque de forma \u00abmilagrosa\u00bb, el atacante colombiano Radamel Falcao estar\u00e1 recuperado de su grave lesi\u00f3n de rodilla antes del Mundial de Brasil, que comenzar\u00e1 en junio pr\u00f3ximo. \u00abHabl\u00e9 con el por tel\u00e9fono ayer, jueves y est\u00e1 muy tranquilo. Trabaja mucho y va [&hellip;]<\/p>\n","protected":false},"author":1,"featured_media":486235,"comment_status":"open","ping_status":"open","sticky":false,"template":"","format":"standard","meta":{"footnotes":""},"categories":[1],"tags":[],"class_list":["post-486234","post","type-post","status-publish","format-standard","has-post-thumbnail","hentry","category-actualidad"],"aioseo_notices":[],"aioseo_head":"\n\t\t<!-- All in One SEO Pro 5.0.1 - aioseo.com -->\n\t<meta name=\"description\" content=\"Par\u00eds, 7 feb (EFE).- El entrenador del M\u00f3naco, Claudio Ranieri, afirm\u00f3 hoy que, aunque de forma &quot;milagrosa&quot;, el atacante colombiano Radamel Falcao estar\u00e1 recuperado de su grave lesi\u00f3n de rodilla antes del Mundial de Brasil, que comenzar\u00e1 en junio pr\u00f3ximo. &quot;Habl\u00e9 con el por tel\u00e9fono ayer, jueves y est\u00e1 muy tranquilo. Trabaja mucho y va\" \/>\n\t<meta name=\"robots\" content=\"max-image-preview:large\" \/>\n\t<meta name=\"author\" content=\"El Digital de Asturias\"\/>\n\t<meta name=\"google-site-verification\" content=\"UA-38556648-1\" \/>\n\t<meta name=\"msvalidate.01\" content=\"7dfe9f3f1b24437ab69f4f2559babe99\" \/>\n\t<meta name=\"keywords\" content=\"actualidad\" \/>\n\t<link rel=\"canonical\" href=\"https:\/\/www.eldigitaldeasturias.com\/noticias\/ranieri-cree-que-falcao-jugara-el-mundial\/\" \/>\n\t<meta name=\"generator\" content=\"All in One SEO Pro (AIOSEO) 5.0.1\" \/>\n\t\t<meta property=\"og:locale\" content=\"es_ES\" \/>\n\t\t<meta property=\"og:site_name\" content=\"El Digital de Asturias\" \/>\n\t\t<meta property=\"og:type\" content=\"article\" \/>\n\t\t<meta property=\"og:title\" content=\"Ranieri cree que Falcao jugar\u00e1 el Mundial - El Digital de Asturias\" \/>\n\t\t<meta property=\"og:description\" content=\"Par\u00eds, 7 feb (EFE).- El entrenador del M\u00f3naco, Claudio Ranieri, afirm\u00f3 hoy que, aunque de forma &quot;milagrosa&quot;, el atacante colombiano Radamel Falcao estar\u00e1 recuperado de su grave lesi\u00f3n de rodilla antes del Mundial de Brasil, que comenzar\u00e1 en junio pr\u00f3ximo. &quot;Habl\u00e9 con el por tel\u00e9fono ayer, jueves y est\u00e1 muy tranquilo. Trabaja mucho y va\" \/>\n\t\t<meta property=\"og:url\" content=\"https:\/\/www.eldigitaldeasturias.com\/noticias\/ranieri-cree-que-falcao-jugara-el-mundial\/\" \/>\n\t\t<meta property=\"article:tag\" content=\"actualidad\" \/>\n\t\t<meta property=\"article:published_time\" content=\"2014-02-08T00:00:08+00:00\" \/>\n\t\t<meta property=\"article:modified_time\" content=\"2014-02-08T00:00:08+00:00\" \/>\n\t\t<meta property=\"article:publisher\" content=\"https:\/\/facebook.com\/eldigitaldeasturias\" \/>\n\t\t<meta name=\"twitter:card\" content=\"summary_large_image\" \/>\n\t\t<meta name=\"twitter:title\" content=\"Ranieri cree que Falcao jugar\u00e1 el Mundial - El Digital de Asturias\" \/>\n\t\t<meta name=\"twitter:description\" content=\"Par\u00eds, 7 feb (EFE).- El entrenador del M\u00f3naco, Claudio Ranieri, afirm\u00f3 hoy que, aunque de forma &quot;milagrosa&quot;, el atacante colombiano Radamel Falcao estar\u00e1 recuperado de su grave lesi\u00f3n de rodilla antes del Mundial de Brasil, que comenzar\u00e1 en junio pr\u00f3ximo. &quot;Habl\u00e9 con el por tel\u00e9fono ayer, jueves y est\u00e1 muy tranquilo. Trabaja mucho y va\" \/>\n\t\t<meta name=\"twitter:label1\" content=\"Escrito por\" \/>\n\t\t<meta name=\"twitter:data1\" content=\"El Digital de Asturias\" \/>\n\t\t<meta name=\"twitter:label2\" content=\"Tiempo de lectura estimado\" \/>\n\t\t<meta name=\"twitter:data2\" content=\"1 minuto\" \/>\n\t\t<script type=\"application\/ld+json\" class=\"aioseo-schema\">\n\t\t\t{\"@context\":\"https:\\\/\\\/schema.org\",\"@graph\":[{\"@type\":\"BlogPosting\",\"@id\":\"https:\\\/\\\/www.eldigitaldeasturias.com\\\/noticias\\\/ranieri-cree-que-falcao-jugara-el-mundial\\\/#blogposting\",\"name\":\"Ranieri cree que Falcao jugar\\u00e1 el Mundial - El Digital de Asturias\",\"headline\":\"Ranieri cree que Falcao jugar\\u00e1 el Mundial\",\"author\":{\"@id\":\"https:\\\/\\\/www.eldigitaldeasturias.com\\\/noticias\\\/author\\\/admin\\\/#author\"},\"publisher\":{\"@id\":\"https:\\\/\\\/www.eldigitaldeasturias.com\\\/noticias\\\/#organization\"},\"image\":{\"@type\":\"ImageObject\",\"url\":486235},\"datePublished\":\"2014-02-07T23:00:08+01:00\",\"dateModified\":\"2014-02-07T23:00:08+01:00\",\"inLanguage\":\"es-ES\",\"mainEntityOfPage\":{\"@id\":\"https:\\\/\\\/www.eldigitaldeasturias.com\\\/noticias\\\/ranieri-cree-que-falcao-jugara-el-mundial\\\/#webpage\"},\"isPartOf\":{\"@id\":\"https:\\\/\\\/www.eldigitaldeasturias.com\\\/noticias\\\/ranieri-cree-que-falcao-jugara-el-mundial\\\/#webpage\"},\"articleSection\":\"Actualidad\"},{\"@type\":\"BreadcrumbList\",\"@id\":\"https:\\\/\\\/www.eldigitaldeasturias.com\\\/noticias\\\/ranieri-cree-que-falcao-jugara-el-mundial\\\/#breadcrumblist\",\"itemListElement\":[{\"@type\":\"ListItem\",\"@id\":\"https:\\\/\\\/www.eldigitaldeasturias.com\\\/noticias#listItem\",\"position\":1,\"name\":\"Home\",\"item\":\"https:\\\/\\\/www.eldigitaldeasturias.com\\\/noticias\",\"nextItem\":{\"@type\":\"ListItem\",\"@id\":\"https:\\\/\\\/www.eldigitaldeasturias.com\\\/noticias\\\/category\\\/actualidad\\\/#listItem\",\"name\":\"Actualidad\"}},{\"@type\":\"ListItem\",\"@id\":\"https:\\\/\\\/www.eldigitaldeasturias.com\\\/noticias\\\/category\\\/actualidad\\\/#listItem\",\"position\":2,\"name\":\"Actualidad\",\"item\":\"https:\\\/\\\/www.eldigitaldeasturias.com\\\/noticias\\\/category\\\/actualidad\\\/\",\"nextItem\":{\"@type\":\"ListItem\",\"@id\":\"https:\\\/\\\/www.eldigitaldeasturias.com\\\/noticias\\\/ranieri-cree-que-falcao-jugara-el-mundial\\\/#listItem\",\"name\":\"Ranieri cree que Falcao jugar\\u00e1 el Mundial\"},\"previousItem\":{\"@type\":\"ListItem\",\"@id\":\"https:\\\/\\\/www.eldigitaldeasturias.com\\\/noticias#listItem\",\"name\":\"Home\"}},{\"@type\":\"ListItem\",\"@id\":\"https:\\\/\\\/www.eldigitaldeasturias.com\\\/noticias\\\/ranieri-cree-que-falcao-jugara-el-mundial\\\/#listItem\",\"position\":3,\"name\":\"Ranieri cree que Falcao jugar\\u00e1 el Mundial\",\"previousItem\":{\"@type\":\"ListItem\",\"@id\":\"https:\\\/\\\/www.eldigitaldeasturias.com\\\/noticias\\\/category\\\/actualidad\\\/#listItem\",\"name\":\"Actualidad\"}}]},{\"@type\":\"Organization\",\"@id\":\"https:\\\/\\\/www.eldigitaldeasturias.com\\\/noticias\\\/#organization\",\"name\":\"El Digital de Asturias\",\"description\":\"Hemeroteca\",\"url\":\"https:\\\/\\\/www.eldigitaldeasturias.com\\\/noticias\\\/\",\"email\":\"info@eldigitaldeasturias.com\",\"telephone\":\"+34652131393\",\"logo\":{\"@type\":\"ImageObject\",\"url\":\"https:\\\/\\\/www.eldigitaldeasturias.com\\\/noticias\\\/wp-content\\\/uploads\\\/2020\\\/12\\\/EDA.jpg\",\"@id\":\"https:\\\/\\\/www.eldigitaldeasturias.com\\\/noticias\\\/ranieri-cree-que-falcao-jugara-el-mundial\\\/#organizationLogo\"},\"image\":{\"@id\":\"https:\\\/\\\/www.eldigitaldeasturias.com\\\/noticias\\\/ranieri-cree-que-falcao-jugara-el-mundial\\\/#organizationLogo\"},\"sameAs\":[\"https:\\\/\\\/facebook.com\\\/eldigitaldeasturias\",\"https:\\\/\\\/www.youtube.com\\\/channel\\\/UCZP-2wLEB9Rv6erhFmqVnvg\"],\"address\":{\"@id\":\"https:\\\/\\\/www.eldigitaldeasturias.com\\\/noticias\\\/#postaladdress\",\"@type\":\"PostalAddress\",\"streetAddress\":\"san antonio 4\",\"postalCode\":\"33430\",\"addressLocality\":\"Cand\\u00e1s\",\"addressRegion\":\"Asturias\",\"addressCountry\":\"ES\"}},{\"@type\":\"Person\",\"@id\":\"https:\\\/\\\/www.eldigitaldeasturias.com\\\/noticias\\\/author\\\/admin\\\/#author\",\"url\":\"https:\\\/\\\/www.eldigitaldeasturias.com\\\/noticias\\\/author\\\/admin\\\/\",\"name\":\"El Digital de Asturias\",\"image\":{\"@type\":\"ImageObject\",\"@id\":\"https:\\\/\\\/www.eldigitaldeasturias.com\\\/noticias\\\/ranieri-cree-que-falcao-jugara-el-mundial\\\/#authorImage\",\"url\":\"https:\\\/\\\/secure.gravatar.com\\\/avatar\\\/df2aeffc32bcd13f8d26072ef8a91b623d677766deac7f97ca815868cd41bf5e?s=96&d=mm&r=g\",\"width\":96,\"height\":96,\"caption\":\"El Digital de Asturias\"}},{\"@type\":\"WebPage\",\"@id\":\"https:\\\/\\\/www.eldigitaldeasturias.com\\\/noticias\\\/ranieri-cree-que-falcao-jugara-el-mundial\\\/#webpage\",\"url\":\"https:\\\/\\\/www.eldigitaldeasturias.com\\\/noticias\\\/ranieri-cree-que-falcao-jugara-el-mundial\\\/\",\"name\":\"Ranieri cree que Falcao jugar\\u00e1 el Mundial - El Digital de Asturias\",\"description\":\"Par\\u00eds, 7 feb (EFE).- El entrenador del M\\u00f3naco, Claudio Ranieri, afirm\\u00f3 hoy que, aunque de forma \\\"milagrosa\\\", el atacante colombiano Radamel Falcao estar\\u00e1 recuperado de su grave lesi\\u00f3n de rodilla antes del Mundial de Brasil, que comenzar\\u00e1 en junio pr\\u00f3ximo. \\\"Habl\\u00e9 con el por tel\\u00e9fono ayer, jueves y est\\u00e1 muy tranquilo. Trabaja mucho y va\",\"inLanguage\":\"es-ES\",\"isPartOf\":{\"@id\":\"https:\\\/\\\/www.eldigitaldeasturias.com\\\/noticias\\\/#website\"},\"breadcrumb\":{\"@id\":\"https:\\\/\\\/www.eldigitaldeasturias.com\\\/noticias\\\/ranieri-cree-que-falcao-jugara-el-mundial\\\/#breadcrumblist\"},\"author\":{\"@id\":\"https:\\\/\\\/www.eldigitaldeasturias.com\\\/noticias\\\/author\\\/admin\\\/#author\"},\"creator\":{\"@id\":\"https:\\\/\\\/www.eldigitaldeasturias.com\\\/noticias\\\/author\\\/admin\\\/#author\"},\"image\":{\"@type\":\"ImageObject\",\"url\":486235,\"@id\":\"https:\\\/\\\/www.eldigitaldeasturias.com\\\/noticias\\\/ranieri-cree-que-falcao-jugara-el-mundial\\\/#mainImage\"},\"primaryImageOfPage\":{\"@id\":\"https:\\\/\\\/www.eldigitaldeasturias.com\\\/noticias\\\/ranieri-cree-que-falcao-jugara-el-mundial\\\/#mainImage\"},\"datePublished\":\"2014-02-07T23:00:08+01:00\",\"dateModified\":\"2014-02-07T23:00:08+01:00\"},{\"@type\":\"WebSite\",\"@id\":\"https:\\\/\\\/www.eldigitaldeasturias.com\\\/noticias\\\/#website\",\"url\":\"https:\\\/\\\/www.eldigitaldeasturias.com\\\/noticias\\\/\",\"name\":\"El Digital de Asturias - Diario de actualidad y noticias\",\"alternateName\":\"El Digital de Asturias - Diario de actualidad y noticias\",\"description\":\"Hemeroteca\",\"inLanguage\":\"es-ES\",\"publisher\":{\"@id\":\"https:\\\/\\\/www.eldigitaldeasturias.com\\\/noticias\\\/#organization\"}}]}\n\t\t<\/script>\n\t\t<!-- All in One SEO Pro -->\r\n\t\t<title>Ranieri cree que Falcao jugar\u00e1 el Mundial - El Digital de Asturias<\/title>\n\n","aioseo_head_json":{"title":"Ranieri cree que Falcao jugar\u00e1 el Mundial - El Digital de Asturias","description":"Par\u00eds, 7 feb (EFE).- El entrenador del M\u00f3naco, Claudio Ranieri, afirm\u00f3 hoy que, aunque de forma \"milagrosa\", el atacante colombiano Radamel Falcao estar\u00e1 recuperado de su grave lesi\u00f3n de rodilla antes del Mundial de Brasil, que comenzar\u00e1 en junio pr\u00f3ximo. \"Habl\u00e9 con el por tel\u00e9fono ayer, jueves y est\u00e1 muy tranquilo. Trabaja mucho y va","canonical_url":"https:\/\/www.eldigitaldeasturias.com\/noticias\/ranieri-cree-que-falcao-jugara-el-mundial\/","robots":"max-image-preview:large","keywords":"actualidad","webmasterTools":{"google-site-verification":"UA-38556648-1","msvalidate.01":"7dfe9f3f1b24437ab69f4f2559babe99","miscellaneous":""},"schema":{"@context":"https:\/\/schema.org","@graph":[{"@type":"BlogPosting","@id":"https:\/\/www.eldigitaldeasturias.com\/noticias\/ranieri-cree-que-falcao-jugara-el-mundial\/#blogposting","name":"Ranieri cree que Falcao jugar\u00e1 el Mundial - El Digital de Asturias","headline":"Ranieri cree que Falcao jugar\u00e1 el Mundial","author":{"@id":"https:\/\/www.eldigitaldeasturias.com\/noticias\/author\/admin\/#author"},"publisher":{"@id":"https:\/\/www.eldigitaldeasturias.com\/noticias\/#organization"},"image":{"@type":"ImageObject","url":486235},"datePublished":"2014-02-07T23:00:08+01:00","dateModified":"2014-02-07T23:00:08+01:00","inLanguage":"es-ES","mainEntityOfPage":{"@id":"https:\/\/www.eldigitaldeasturias.com\/noticias\/ranieri-cree-que-falcao-jugara-el-mundial\/#webpage"},"isPartOf":{"@id":"https:\/\/www.eldigitaldeasturias.com\/noticias\/ranieri-cree-que-falcao-jugara-el-mundial\/#webpage"},"articleSection":"Actualidad"},{"@type":"BreadcrumbList","@id":"https:\/\/www.eldigitaldeasturias.com\/noticias\/ranieri-cree-que-falcao-jugara-el-mundial\/#breadcrumblist","itemListElement":[{"@type":"ListItem","@id":"https:\/\/www.eldigitaldeasturias.com\/noticias#listItem","position":1,"name":"Home","item":"https:\/\/www.eldigitaldeasturias.com\/noticias","nextItem":{"@type":"ListItem","@id":"https:\/\/www.eldigitaldeasturias.com\/noticias\/category\/actualidad\/#listItem","name":"Actualidad"}},{"@type":"ListItem","@id":"https:\/\/www.eldigitaldeasturias.com\/noticias\/category\/actualidad\/#listItem","position":2,"name":"Actualidad","item":"https:\/\/www.eldigitaldeasturias.com\/noticias\/category\/actualidad\/","nextItem":{"@type":"ListItem","@id":"https:\/\/www.eldigitaldeasturias.com\/noticias\/ranieri-cree-que-falcao-jugara-el-mundial\/#listItem","name":"Ranieri cree que Falcao jugar\u00e1 el Mundial"},"previousItem":{"@type":"ListItem","@id":"https:\/\/www.eldigitaldeasturias.com\/noticias#listItem","name":"Home"}},{"@type":"ListItem","@id":"https:\/\/www.eldigitaldeasturias.com\/noticias\/ranieri-cree-que-falcao-jugara-el-mundial\/#listItem","position":3,"name":"Ranieri cree que Falcao jugar\u00e1 el Mundial","previousItem":{"@type":"ListItem","@id":"https:\/\/www.eldigitaldeasturias.com\/noticias\/category\/actualidad\/#listItem","name":"Actualidad"}}]},{"@type":"Organization","@id":"https:\/\/www.eldigitaldeasturias.com\/noticias\/#organization","name":"El Digital de Asturias","description":"Hemeroteca","url":"https:\/\/www.eldigitaldeasturias.com\/noticias\/","email":"info@eldigitaldeasturias.com","telephone":"+34652131393","logo":{"@type":"ImageObject","url":"https:\/\/www.eldigitaldeasturias.com\/noticias\/wp-content\/uploads\/2020\/12\/EDA.jpg","@id":"https:\/\/www.eldigitaldeasturias.com\/noticias\/ranieri-cree-que-falcao-jugara-el-mundial\/#organizationLogo"},"image":{"@id":"https:\/\/www.eldigitaldeasturias.com\/noticias\/ranieri-cree-que-falcao-jugara-el-mundial\/#organizationLogo"},"sameAs":["https:\/\/facebook.com\/eldigitaldeasturias","https:\/\/www.youtube.com\/channel\/UCZP-2wLEB9Rv6erhFmqVnvg"],"address":{"@id":"https:\/\/www.eldigitaldeasturias.com\/noticias\/#postaladdress","@type":"PostalAddress","streetAddress":"san antonio 4","postalCode":"33430","addressLocality":"Cand\u00e1s","addressRegion":"Asturias","addressCountry":"ES"}},{"@type":"Person","@id":"https:\/\/www.eldigitaldeasturias.com\/noticias\/author\/admin\/#author","url":"https:\/\/www.eldigitaldeasturias.com\/noticias\/author\/admin\/","name":"El Digital de Asturias","image":{"@type":"ImageObject","@id":"https:\/\/www.eldigitaldeasturias.com\/noticias\/ranieri-cree-que-falcao-jugara-el-mundial\/#authorImage","url":"https:\/\/secure.gravatar.com\/avatar\/df2aeffc32bcd13f8d26072ef8a91b623d677766deac7f97ca815868cd41bf5e?s=96&d=mm&r=g","width":96,"height":96,"caption":"El Digital de Asturias"}},{"@type":"WebPage","@id":"https:\/\/www.eldigitaldeasturias.com\/noticias\/ranieri-cree-que-falcao-jugara-el-mundial\/#webpage","url":"https:\/\/www.eldigitaldeasturias.com\/noticias\/ranieri-cree-que-falcao-jugara-el-mundial\/","name":"Ranieri cree que Falcao jugar\u00e1 el Mundial - El Digital de Asturias","description":"Par\u00eds, 7 feb (EFE).- El entrenador del M\u00f3naco, Claudio Ranieri, afirm\u00f3 hoy que, aunque de forma \"milagrosa\", el atacante colombiano Radamel Falcao estar\u00e1 recuperado de su grave lesi\u00f3n de rodilla antes del Mundial de Brasil, que comenzar\u00e1 en junio pr\u00f3ximo. \"Habl\u00e9 con el por tel\u00e9fono ayer, jueves y est\u00e1 muy tranquilo. Trabaja mucho y va","inLanguage":"es-ES","isPartOf":{"@id":"https:\/\/www.eldigitaldeasturias.com\/noticias\/#website"},"breadcrumb":{"@id":"https:\/\/www.eldigitaldeasturias.com\/noticias\/ranieri-cree-que-falcao-jugara-el-mundial\/#breadcrumblist"},"author":{"@id":"https:\/\/www.eldigitaldeasturias.com\/noticias\/author\/admin\/#author"},"creator":{"@id":"https:\/\/www.eldigitaldeasturias.com\/noticias\/author\/admin\/#author"},"image":{"@type":"ImageObject","url":486235,"@id":"https:\/\/www.eldigitaldeasturias.com\/noticias\/ranieri-cree-que-falcao-jugara-el-mundial\/#mainImage"},"primaryImageOfPage":{"@id":"https:\/\/www.eldigitaldeasturias.com\/noticias\/ranieri-cree-que-falcao-jugara-el-mundial\/#mainImage"},"datePublished":"2014-02-07T23:00:08+01:00","dateModified":"2014-02-07T23:00:08+01:00"},{"@type":"WebSite","@id":"https:\/\/www.eldigitaldeasturias.com\/noticias\/#website","url":"https:\/\/www.eldigitaldeasturias.com\/noticias\/","name":"El Digital de Asturias - Diario de actualidad y noticias","alternateName":"El Digital de Asturias - Diario de actualidad y noticias","description":"Hemeroteca","inLanguage":"es-ES","publisher":{"@id":"https:\/\/www.eldigitaldeasturias.com\/noticias\/#organization"}}]},"og:locale":"es_ES","og:site_name":"El Digital de Asturias","og:type":"article","og:title":"Ranieri cree que Falcao jugar\u00e1 el Mundial - El Digital de Asturias","og:description":"Par\u00eds, 7 feb (EFE).- El entrenador del M\u00f3naco, Claudio Ranieri, afirm\u00f3 hoy que, aunque de forma &quot;milagrosa&quot;, el atacante colombiano Radamel Falcao estar\u00e1 recuperado de su grave lesi\u00f3n de rodilla antes del Mundial de Brasil, que comenzar\u00e1 en junio pr\u00f3ximo. &quot;Habl\u00e9 con el por tel\u00e9fono ayer, jueves y est\u00e1 muy tranquilo. Trabaja mucho y va","og:url":"https:\/\/www.eldigitaldeasturias.com\/noticias\/ranieri-cree-que-falcao-jugara-el-mundial\/","article:tag":["actualidad"],"article:published_time":"2014-02-08T00:00:08+00:00","article:modified_time":"2014-02-08T00:00:08+00:00","article:publisher":"https:\/\/facebook.com\/eldigitaldeasturias","twitter:card":"summary_large_image","twitter:title":"Ranieri cree que Falcao jugar\u00e1 el Mundial - El Digital de Asturias","twitter:description":"Par\u00eds, 7 feb (EFE).- El entrenador del M\u00f3naco, Claudio Ranieri, afirm\u00f3 hoy que, aunque de forma &quot;milagrosa&quot;, el atacante colombiano Radamel Falcao estar\u00e1 recuperado de su grave lesi\u00f3n de rodilla antes del Mundial de Brasil, que comenzar\u00e1 en junio pr\u00f3ximo. &quot;Habl\u00e9 con el por tel\u00e9fono ayer, jueves y est\u00e1 muy tranquilo. Trabaja mucho y va","twitter:label1":"Escrito por","twitter:data1":"El Digital de Asturias","twitter:label2":"Tiempo de lectura estimado","twitter:data2":"1 minuto"},"aioseo_meta_data":{"post_id":"486234","title":null,"description":null,"keywords":null,"keyphrases":null,"primary_term":null,"canonical_url":null,"og_title":null,"og_description":null,"og_object_type":"default","og_image_type":"default","og_image_url":null,"og_image_width":null,"og_image_height":null,"og_image_custom_url":null,"og_image_custom_fields":null,"og_video":null,"og_custom_url":null,"og_article_section":null,"og_article_tags":null,"twitter_use_og":true,"twitter_card":"default","twitter_image_type":"default","twitter_image_url":null,"twitter_image_custom_url":null,"twitter_image_custom_fields":null,"twitter_title":null,"twitter_description":null,"schema":{"blockGraphs":[],"customGraphs":[],"default":{"data":{"Article":[],"Course":[],"Dataset":[],"FAQPage":[],"Movie":[],"Person":[],"Product":[],"ProductReview":[],"Car":[],"Recipe":[],"Service":[],"SoftwareApplication":[],"WebPage":[]},"graphName":"","isEnabled":true},"graphs":[],"defaultGraph":"","defaultPostTypeGraph":""},"schema_type":null,"schema_type_options":null,"pillar_content":false,"robots_default":true,"robots_noindex":false,"robots_noarchive":false,"robots_nosnippet":false,"robots_nofollow":false,"robots_noimageindex":false,"robots_noodp":false,"robots_notranslate":false,"robots_max_snippet":null,"robots_max_videopreview":null,"robots_max_imagepreview":"none","priority":null,"frequency":null,"local_seo":null,"seo_analyzer_scan_date":"2026-06-02 23:58:47","breadcrumb_settings":null,"limit_modified_date":false,"open_ai":null,"ai":null,"created":"2020-11-14 22:56:04","updated":"2026-06-02 23:58:47","focus_keyword":null,"additional_keywords":null,"truseo_locale":null},"aioseo_breadcrumb":"<div class=\"aioseo-breadcrumbs\"><span class=\"aioseo-breadcrumb\">\n\t<a href=\"https:\/\/www.eldigitaldeasturias.com\/noticias\" title=\"Home\">Home<\/a>\n<\/span><span class=\"aioseo-breadcrumb-separator\">\u2013<\/span><span class=\"aioseo-breadcrumb\">\n\t<a href=\"https:\/\/www.eldigitaldeasturias.com\/noticias\/category\/actualidad\/\" title=\"Actualidad\">Actualidad<\/a>\n<\/span><span class=\"aioseo-breadcrumb-separator\">\u2013<\/span><span class=\"aioseo-breadcrumb\">\n\t<a href=\"https:\/\/www.eldigitaldeasturias.com\/noticias\/ranieri-cree-que-falcao-jugara-el-mundial\/\" title=\"Ranieri cree que Falcao jugar\u00e1 el Mundial\">Ranieri cree que Falcao jugar\u00e1 el Mundial<\/a>\n<\/span><\/div>","aioseo_breadcrumb_json":[{"label":"Home","link":"https:\/\/www.eldigitaldeasturias.com\/noticias"},{"label":"Actualidad","link":"https:\/\/www.eldigitaldeasturias.com\/noticias\/category\/actualidad\/"},{"label":"Ranieri cree que Falcao jugar\u00e1 el Mundial","link":"https:\/\/www.eldigitaldeasturias.com\/noticias\/ranieri-cree-que-falcao-jugara-el-mundial\/"}],"_links":{"self":[{"href":"https:\/\/www.eldigitaldeasturias.com\/noticias\/wp-json\/wp\/v2\/posts\/486234","targetHints":{"allow":["GET"]}}],"collection":[{"href":"https:\/\/www.eldigitaldeasturias.com\/noticias\/wp-json\/wp\/v2\/posts"}],"about":[{"href":"https:\/\/www.eldigitaldeasturias.com\/noticias\/wp-json\/wp\/v2\/types\/post"}],"author":[{"embeddable":true,"href":"https:\/\/www.eldigitaldeasturias.com\/noticias\/wp-json\/wp\/v2\/users\/1"}],"replies":[{"embeddable":true,"href":"https:\/\/www.eldigitaldeasturias.com\/noticias\/wp-json\/wp\/v2\/comments?post=486234"}],"version-history":[{"count":0,"href":"https:\/\/www.eldigitaldeasturias.com\/noticias\/wp-json\/wp\/v2\/posts\/486234\/revisions"}],"wp:attachment":[{"href":"https:\/\/www.eldigitaldeasturias.com\/noticias\/wp-json\/wp\/v2\/media?parent=486234"}],"wp:term":[{"taxonomy":"category","embeddable":true,"href":"https:\/\/www.eldigitaldeasturias.com\/noticias\/wp-json\/wp\/v2\/categories?post=486234"},{"taxonomy":"post_tag","embeddable":true,"href":"https:\/\/www.eldigitaldeasturias.com\/noticias\/wp-json\/wp\/v2\/tags?post=486234"}],"curies":[{"name":"wp","href":"https:\/\/api.w.org\/{rel}","templated":true}]}}