{"id":486222,"date":"2014-02-07T22:55:30","date_gmt":"2014-02-07T23:55:30","guid":{"rendered":"http:\/\/www.eldigitaldeasturias.com\/noticias\/?p=486222"},"modified":"2014-02-07T22:55:30","modified_gmt":"2014-02-07T23:55:30","slug":"rubalcaba-dice-que-la-reforma-laboral-ha-causado-mucho-sufrimiento","status":"publish","type":"post","link":"https:\/\/www.eldigitaldeasturias.com\/noticias\/rubalcaba-dice-que-la-reforma-laboral-ha-causado-mucho-sufrimiento\/","title":{"rendered":"Rubalcaba dice que la reforma laboral ha causado \u00abmucho sufrimiento\u00bb"},"content":{"rendered":"<p><img loading=\"lazy\" decoding=\"async\" class=\"alignleft size-medium wp-image-486223\" alt=\"5921071w\" src=\"https:\/\/www.eldigitaldeasturias.com\/noticias\/wp-content\/uploads\/2014\/02\/5921071w-360x197.jpg\" width=\"360\" height=\"197\" \/>Madrid, 7 feb (EFE).- El l\u00edder del PSOE, Alfredo P\u00e9rez Rubalcaba, ha dicho hoy que la reforma laboral aprobada por el Gobierno hace dos a\u00f1os ha causado \u00abmucho sufrimiento, mucha desprotecci\u00f3n, mucha desesperanza y, sobre todo, una desigualdad insoportable\u00bb, un \u00abanticipo\u00bb del modelo de sociedad que quiere imponer Mariano Rajoy.<\/p>\n<p>Rubalcaba ha hecho balance en su p\u00e1gina de Facebook de los dos a\u00f1os de esta normativa, una de las primeras aprobadas por el Ejecutivo, y para hacerlo echa mano de lo que le cont\u00f3 un chico hace unas semanas:<\/p>\n<p>\u00abLa reforma laboral de Rajoy consiste en despedir a mi padre, que ten\u00eda un trabajo fijo, para contratarme a m\u00ed temporal y por la quinta parte del sueldo\u00bb, asegura que le dijo el muchacho.<\/p>\n<p>Para el secretario general de los socialistas, la reforma laboral tambi\u00e9n puede describirse en cifras: cuatro millones, un mill\u00f3n, 10 por ciento.<\/p>\n<p>Cuatro millones de trabajadores que se han quedado fuera de los convenios colectivos, un mill\u00f3n de empleos que se han destruido y 10 por ciento de bajada salarial de media, precisa.<\/p>\n<p>\u00abSon fr\u00edos datos, pero detr\u00e1s hay mucho sufrimiento, mucha desprotecci\u00f3n, mucha desesperanza y, sobre todo, una desigualdad insoportable\u00bb, se queja, e indica que \u00abno son efectos secundarios indeseados\u00bb ni \u00abinevitables da\u00f1os colaterales\u00bb, sino \u00abel anticipo del modelo de sociedad que pretende imponer el Gobierno del PP\u00bb.<\/p>\n","protected":false},"excerpt":{"rendered":"<p>Madrid, 7 feb (EFE).- El l\u00edder del PSOE, Alfredo P\u00e9rez Rubalcaba, ha dicho hoy que la reforma laboral aprobada por el Gobierno hace dos a\u00f1os ha causado \u00abmucho sufrimiento, mucha desprotecci\u00f3n, mucha desesperanza y, sobre todo, una desigualdad insoportable\u00bb, un \u00abanticipo\u00bb del modelo de sociedad que quiere imponer Mariano Rajoy. Rubalcaba ha hecho balance en [&hellip;]<\/p>\n","protected":false},"author":1,"featured_media":486223,"comment_status":"open","ping_status":"open","sticky":false,"template":"","format":"standard","meta":{"footnotes":""},"categories":[1],"tags":[],"class_list":["post-486222","post","type-post","status-publish","format-standard","has-post-thumbnail","hentry","category-actualidad"],"aioseo_notices":[],"aioseo_head":"\n\t\t<!-- All in One SEO Pro 5.0.1 - aioseo.com -->\n\t<meta name=\"description\" content=\"Madrid, 7 feb (EFE).- El l\u00edder del PSOE, Alfredo P\u00e9rez Rubalcaba, ha dicho hoy que la reforma laboral aprobada por el Gobierno hace dos a\u00f1os ha causado &quot;mucho sufrimiento, mucha desprotecci\u00f3n, mucha desesperanza y, sobre todo, una desigualdad insoportable&quot;, un &quot;anticipo&quot; del modelo de sociedad que quiere imponer Mariano Rajoy. Rubalcaba ha hecho balance en\" \/>\n\t<meta name=\"robots\" content=\"max-image-preview:large\" \/>\n\t<meta name=\"author\" content=\"El Digital de Asturias\"\/>\n\t<meta name=\"google-site-verification\" content=\"UA-38556648-1\" \/>\n\t<meta name=\"msvalidate.01\" content=\"7dfe9f3f1b24437ab69f4f2559babe99\" \/>\n\t<meta name=\"keywords\" content=\"actualidad\" \/>\n\t<link rel=\"canonical\" href=\"https:\/\/www.eldigitaldeasturias.com\/noticias\/rubalcaba-dice-que-la-reforma-laboral-ha-causado-mucho-sufrimiento\/\" \/>\n\t<meta name=\"generator\" content=\"All in One SEO Pro (AIOSEO) 5.0.1\" \/>\n\t\t<meta property=\"og:locale\" content=\"es_ES\" \/>\n\t\t<meta property=\"og:site_name\" content=\"El Digital de Asturias\" \/>\n\t\t<meta property=\"og:type\" content=\"article\" \/>\n\t\t<meta property=\"og:title\" content=\"Rubalcaba dice que la reforma laboral ha causado \u00abmucho sufrimiento\u00bb - El Digital de Asturias\" \/>\n\t\t<meta property=\"og:description\" content=\"Madrid, 7 feb (EFE).- El l\u00edder del PSOE, Alfredo P\u00e9rez Rubalcaba, ha dicho hoy que la reforma laboral aprobada por el Gobierno hace dos a\u00f1os ha causado &quot;mucho sufrimiento, mucha desprotecci\u00f3n, mucha desesperanza y, sobre todo, una desigualdad insoportable&quot;, un &quot;anticipo&quot; del modelo de sociedad que quiere imponer Mariano Rajoy. Rubalcaba ha hecho balance en\" \/>\n\t\t<meta property=\"og:url\" content=\"https:\/\/www.eldigitaldeasturias.com\/noticias\/rubalcaba-dice-que-la-reforma-laboral-ha-causado-mucho-sufrimiento\/\" \/>\n\t\t<meta property=\"article:tag\" content=\"actualidad\" \/>\n\t\t<meta property=\"article:published_time\" content=\"2014-02-07T23:55:30+00:00\" \/>\n\t\t<meta property=\"article:modified_time\" content=\"2014-02-07T23:55:30+00:00\" \/>\n\t\t<meta property=\"article:publisher\" content=\"https:\/\/facebook.com\/eldigitaldeasturias\" \/>\n\t\t<meta name=\"twitter:card\" content=\"summary_large_image\" \/>\n\t\t<meta name=\"twitter:title\" content=\"Rubalcaba dice que la reforma laboral ha causado \u00abmucho sufrimiento\u00bb - El Digital de Asturias\" \/>\n\t\t<meta name=\"twitter:description\" content=\"Madrid, 7 feb (EFE).- El l\u00edder del PSOE, Alfredo P\u00e9rez Rubalcaba, ha dicho hoy que la reforma laboral aprobada por el Gobierno hace dos a\u00f1os ha causado &quot;mucho sufrimiento, mucha desprotecci\u00f3n, mucha desesperanza y, sobre todo, una desigualdad insoportable&quot;, un &quot;anticipo&quot; del modelo de sociedad que quiere imponer Mariano Rajoy. Rubalcaba ha hecho balance en\" \/>\n\t\t<meta name=\"twitter:label1\" content=\"Escrito por\" \/>\n\t\t<meta name=\"twitter:data1\" content=\"El Digital de Asturias\" \/>\n\t\t<meta name=\"twitter:label2\" content=\"Tiempo de lectura estimado\" \/>\n\t\t<meta name=\"twitter:data2\" content=\"1 minuto\" \/>\n\t\t<script type=\"application\/ld+json\" class=\"aioseo-schema\">\n\t\t\t{\"@context\":\"https:\\\/\\\/schema.org\",\"@graph\":[{\"@type\":\"BlogPosting\",\"@id\":\"https:\\\/\\\/www.eldigitaldeasturias.com\\\/noticias\\\/rubalcaba-dice-que-la-reforma-laboral-ha-causado-mucho-sufrimiento\\\/#blogposting\",\"name\":\"Rubalcaba dice que la reforma laboral ha causado \\u00abmucho sufrimiento\\u00bb - El Digital de Asturias\",\"headline\":\"Rubalcaba dice que la reforma laboral ha causado \\u00abmucho sufrimiento\\u00bb\",\"author\":{\"@id\":\"https:\\\/\\\/www.eldigitaldeasturias.com\\\/noticias\\\/author\\\/admin\\\/#author\"},\"publisher\":{\"@id\":\"https:\\\/\\\/www.eldigitaldeasturias.com\\\/noticias\\\/#organization\"},\"image\":{\"@type\":\"ImageObject\",\"url\":486223},\"datePublished\":\"2014-02-07T22:55:30+01:00\",\"dateModified\":\"2014-02-07T22:55:30+01:00\",\"inLanguage\":\"es-ES\",\"mainEntityOfPage\":{\"@id\":\"https:\\\/\\\/www.eldigitaldeasturias.com\\\/noticias\\\/rubalcaba-dice-que-la-reforma-laboral-ha-causado-mucho-sufrimiento\\\/#webpage\"},\"isPartOf\":{\"@id\":\"https:\\\/\\\/www.eldigitaldeasturias.com\\\/noticias\\\/rubalcaba-dice-que-la-reforma-laboral-ha-causado-mucho-sufrimiento\\\/#webpage\"},\"articleSection\":\"Actualidad\"},{\"@type\":\"BreadcrumbList\",\"@id\":\"https:\\\/\\\/www.eldigitaldeasturias.com\\\/noticias\\\/rubalcaba-dice-que-la-reforma-laboral-ha-causado-mucho-sufrimiento\\\/#breadcrumblist\",\"itemListElement\":[{\"@type\":\"ListItem\",\"@id\":\"https:\\\/\\\/www.eldigitaldeasturias.com\\\/noticias#listItem\",\"position\":1,\"name\":\"Home\",\"item\":\"https:\\\/\\\/www.eldigitaldeasturias.com\\\/noticias\",\"nextItem\":{\"@type\":\"ListItem\",\"@id\":\"https:\\\/\\\/www.eldigitaldeasturias.com\\\/noticias\\\/category\\\/actualidad\\\/#listItem\",\"name\":\"Actualidad\"}},{\"@type\":\"ListItem\",\"@id\":\"https:\\\/\\\/www.eldigitaldeasturias.com\\\/noticias\\\/category\\\/actualidad\\\/#listItem\",\"position\":2,\"name\":\"Actualidad\",\"item\":\"https:\\\/\\\/www.eldigitaldeasturias.com\\\/noticias\\\/category\\\/actualidad\\\/\",\"nextItem\":{\"@type\":\"ListItem\",\"@id\":\"https:\\\/\\\/www.eldigitaldeasturias.com\\\/noticias\\\/rubalcaba-dice-que-la-reforma-laboral-ha-causado-mucho-sufrimiento\\\/#listItem\",\"name\":\"Rubalcaba dice que la reforma laboral ha causado \\u00abmucho sufrimiento\\u00bb\"},\"previousItem\":{\"@type\":\"ListItem\",\"@id\":\"https:\\\/\\\/www.eldigitaldeasturias.com\\\/noticias#listItem\",\"name\":\"Home\"}},{\"@type\":\"ListItem\",\"@id\":\"https:\\\/\\\/www.eldigitaldeasturias.com\\\/noticias\\\/rubalcaba-dice-que-la-reforma-laboral-ha-causado-mucho-sufrimiento\\\/#listItem\",\"position\":3,\"name\":\"Rubalcaba dice que la reforma laboral ha causado \\u00abmucho sufrimiento\\u00bb\",\"previousItem\":{\"@type\":\"ListItem\",\"@id\":\"https:\\\/\\\/www.eldigitaldeasturias.com\\\/noticias\\\/category\\\/actualidad\\\/#listItem\",\"name\":\"Actualidad\"}}]},{\"@type\":\"Organization\",\"@id\":\"https:\\\/\\\/www.eldigitaldeasturias.com\\\/noticias\\\/#organization\",\"name\":\"El Digital de Asturias\",\"description\":\"Hemeroteca\",\"url\":\"https:\\\/\\\/www.eldigitaldeasturias.com\\\/noticias\\\/\",\"email\":\"info@eldigitaldeasturias.com\",\"telephone\":\"+34652131393\",\"logo\":{\"@type\":\"ImageObject\",\"url\":\"https:\\\/\\\/www.eldigitaldeasturias.com\\\/noticias\\\/wp-content\\\/uploads\\\/2020\\\/12\\\/EDA.jpg\",\"@id\":\"https:\\\/\\\/www.eldigitaldeasturias.com\\\/noticias\\\/rubalcaba-dice-que-la-reforma-laboral-ha-causado-mucho-sufrimiento\\\/#organizationLogo\"},\"image\":{\"@id\":\"https:\\\/\\\/www.eldigitaldeasturias.com\\\/noticias\\\/rubalcaba-dice-que-la-reforma-laboral-ha-causado-mucho-sufrimiento\\\/#organizationLogo\"},\"sameAs\":[\"https:\\\/\\\/facebook.com\\\/eldigitaldeasturias\",\"https:\\\/\\\/www.youtube.com\\\/channel\\\/UCZP-2wLEB9Rv6erhFmqVnvg\"],\"address\":{\"@id\":\"https:\\\/\\\/www.eldigitaldeasturias.com\\\/noticias\\\/#postaladdress\",\"@type\":\"PostalAddress\",\"streetAddress\":\"san antonio 4\",\"postalCode\":\"33430\",\"addressLocality\":\"Cand\\u00e1s\",\"addressRegion\":\"Asturias\",\"addressCountry\":\"ES\"}},{\"@type\":\"Person\",\"@id\":\"https:\\\/\\\/www.eldigitaldeasturias.com\\\/noticias\\\/author\\\/admin\\\/#author\",\"url\":\"https:\\\/\\\/www.eldigitaldeasturias.com\\\/noticias\\\/author\\\/admin\\\/\",\"name\":\"El Digital de Asturias\",\"image\":{\"@type\":\"ImageObject\",\"@id\":\"https:\\\/\\\/www.eldigitaldeasturias.com\\\/noticias\\\/rubalcaba-dice-que-la-reforma-laboral-ha-causado-mucho-sufrimiento\\\/#authorImage\",\"url\":\"https:\\\/\\\/secure.gravatar.com\\\/avatar\\\/df2aeffc32bcd13f8d26072ef8a91b623d677766deac7f97ca815868cd41bf5e?s=96&d=mm&r=g\",\"width\":96,\"height\":96,\"caption\":\"El Digital de Asturias\"}},{\"@type\":\"WebPage\",\"@id\":\"https:\\\/\\\/www.eldigitaldeasturias.com\\\/noticias\\\/rubalcaba-dice-que-la-reforma-laboral-ha-causado-mucho-sufrimiento\\\/#webpage\",\"url\":\"https:\\\/\\\/www.eldigitaldeasturias.com\\\/noticias\\\/rubalcaba-dice-que-la-reforma-laboral-ha-causado-mucho-sufrimiento\\\/\",\"name\":\"Rubalcaba dice que la reforma laboral ha causado \\u00abmucho sufrimiento\\u00bb - El Digital de Asturias\",\"description\":\"Madrid, 7 feb (EFE).- El l\\u00edder del PSOE, Alfredo P\\u00e9rez Rubalcaba, ha dicho hoy que la reforma laboral aprobada por el Gobierno hace dos a\\u00f1os ha causado \\\"mucho sufrimiento, mucha desprotecci\\u00f3n, mucha desesperanza y, sobre todo, una desigualdad insoportable\\\", un \\\"anticipo\\\" del modelo de sociedad que quiere imponer Mariano Rajoy. Rubalcaba ha hecho balance en\",\"inLanguage\":\"es-ES\",\"isPartOf\":{\"@id\":\"https:\\\/\\\/www.eldigitaldeasturias.com\\\/noticias\\\/#website\"},\"breadcrumb\":{\"@id\":\"https:\\\/\\\/www.eldigitaldeasturias.com\\\/noticias\\\/rubalcaba-dice-que-la-reforma-laboral-ha-causado-mucho-sufrimiento\\\/#breadcrumblist\"},\"author\":{\"@id\":\"https:\\\/\\\/www.eldigitaldeasturias.com\\\/noticias\\\/author\\\/admin\\\/#author\"},\"creator\":{\"@id\":\"https:\\\/\\\/www.eldigitaldeasturias.com\\\/noticias\\\/author\\\/admin\\\/#author\"},\"image\":{\"@type\":\"ImageObject\",\"url\":486223,\"@id\":\"https:\\\/\\\/www.eldigitaldeasturias.com\\\/noticias\\\/rubalcaba-dice-que-la-reforma-laboral-ha-causado-mucho-sufrimiento\\\/#mainImage\"},\"primaryImageOfPage\":{\"@id\":\"https:\\\/\\\/www.eldigitaldeasturias.com\\\/noticias\\\/rubalcaba-dice-que-la-reforma-laboral-ha-causado-mucho-sufrimiento\\\/#mainImage\"},\"datePublished\":\"2014-02-07T22:55:30+01:00\",\"dateModified\":\"2014-02-07T22:55:30+01:00\"},{\"@type\":\"WebSite\",\"@id\":\"https:\\\/\\\/www.eldigitaldeasturias.com\\\/noticias\\\/#website\",\"url\":\"https:\\\/\\\/www.eldigitaldeasturias.com\\\/noticias\\\/\",\"name\":\"El Digital de Asturias - Diario de actualidad y noticias\",\"alternateName\":\"El Digital de Asturias - Diario de actualidad y noticias\",\"description\":\"Hemeroteca\",\"inLanguage\":\"es-ES\",\"publisher\":{\"@id\":\"https:\\\/\\\/www.eldigitaldeasturias.com\\\/noticias\\\/#organization\"}}]}\n\t\t<\/script>\n\t\t<!-- All in One SEO Pro -->\r\n\t\t<title>Rubalcaba dice que la reforma laboral ha causado \u00abmucho sufrimiento\u00bb - El Digital de Asturias<\/title>\n\n","aioseo_head_json":{"title":"Rubalcaba dice que la reforma laboral ha causado \u00abmucho sufrimiento\u00bb - El Digital de Asturias","description":"Madrid, 7 feb (EFE).- El l\u00edder del PSOE, Alfredo P\u00e9rez Rubalcaba, ha dicho hoy que la reforma laboral aprobada por el Gobierno hace dos a\u00f1os ha causado \"mucho sufrimiento, mucha desprotecci\u00f3n, mucha desesperanza y, sobre todo, una desigualdad insoportable\", un \"anticipo\" del modelo de sociedad que quiere imponer Mariano Rajoy. Rubalcaba ha hecho balance en","canonical_url":"https:\/\/www.eldigitaldeasturias.com\/noticias\/rubalcaba-dice-que-la-reforma-laboral-ha-causado-mucho-sufrimiento\/","robots":"max-image-preview:large","keywords":"actualidad","webmasterTools":{"google-site-verification":"UA-38556648-1","msvalidate.01":"7dfe9f3f1b24437ab69f4f2559babe99","miscellaneous":""},"schema":{"@context":"https:\/\/schema.org","@graph":[{"@type":"BlogPosting","@id":"https:\/\/www.eldigitaldeasturias.com\/noticias\/rubalcaba-dice-que-la-reforma-laboral-ha-causado-mucho-sufrimiento\/#blogposting","name":"Rubalcaba dice que la reforma laboral ha causado \u00abmucho sufrimiento\u00bb - El Digital de Asturias","headline":"Rubalcaba dice que la reforma laboral ha causado \u00abmucho sufrimiento\u00bb","author":{"@id":"https:\/\/www.eldigitaldeasturias.com\/noticias\/author\/admin\/#author"},"publisher":{"@id":"https:\/\/www.eldigitaldeasturias.com\/noticias\/#organization"},"image":{"@type":"ImageObject","url":486223},"datePublished":"2014-02-07T22:55:30+01:00","dateModified":"2014-02-07T22:55:30+01:00","inLanguage":"es-ES","mainEntityOfPage":{"@id":"https:\/\/www.eldigitaldeasturias.com\/noticias\/rubalcaba-dice-que-la-reforma-laboral-ha-causado-mucho-sufrimiento\/#webpage"},"isPartOf":{"@id":"https:\/\/www.eldigitaldeasturias.com\/noticias\/rubalcaba-dice-que-la-reforma-laboral-ha-causado-mucho-sufrimiento\/#webpage"},"articleSection":"Actualidad"},{"@type":"BreadcrumbList","@id":"https:\/\/www.eldigitaldeasturias.com\/noticias\/rubalcaba-dice-que-la-reforma-laboral-ha-causado-mucho-sufrimiento\/#breadcrumblist","itemListElement":[{"@type":"ListItem","@id":"https:\/\/www.eldigitaldeasturias.com\/noticias#listItem","position":1,"name":"Home","item":"https:\/\/www.eldigitaldeasturias.com\/noticias","nextItem":{"@type":"ListItem","@id":"https:\/\/www.eldigitaldeasturias.com\/noticias\/category\/actualidad\/#listItem","name":"Actualidad"}},{"@type":"ListItem","@id":"https:\/\/www.eldigitaldeasturias.com\/noticias\/category\/actualidad\/#listItem","position":2,"name":"Actualidad","item":"https:\/\/www.eldigitaldeasturias.com\/noticias\/category\/actualidad\/","nextItem":{"@type":"ListItem","@id":"https:\/\/www.eldigitaldeasturias.com\/noticias\/rubalcaba-dice-que-la-reforma-laboral-ha-causado-mucho-sufrimiento\/#listItem","name":"Rubalcaba dice que la reforma laboral ha causado \u00abmucho sufrimiento\u00bb"},"previousItem":{"@type":"ListItem","@id":"https:\/\/www.eldigitaldeasturias.com\/noticias#listItem","name":"Home"}},{"@type":"ListItem","@id":"https:\/\/www.eldigitaldeasturias.com\/noticias\/rubalcaba-dice-que-la-reforma-laboral-ha-causado-mucho-sufrimiento\/#listItem","position":3,"name":"Rubalcaba dice que la reforma laboral ha causado \u00abmucho sufrimiento\u00bb","previousItem":{"@type":"ListItem","@id":"https:\/\/www.eldigitaldeasturias.com\/noticias\/category\/actualidad\/#listItem","name":"Actualidad"}}]},{"@type":"Organization","@id":"https:\/\/www.eldigitaldeasturias.com\/noticias\/#organization","name":"El Digital de Asturias","description":"Hemeroteca","url":"https:\/\/www.eldigitaldeasturias.com\/noticias\/","email":"info@eldigitaldeasturias.com","telephone":"+34652131393","logo":{"@type":"ImageObject","url":"https:\/\/www.eldigitaldeasturias.com\/noticias\/wp-content\/uploads\/2020\/12\/EDA.jpg","@id":"https:\/\/www.eldigitaldeasturias.com\/noticias\/rubalcaba-dice-que-la-reforma-laboral-ha-causado-mucho-sufrimiento\/#organizationLogo"},"image":{"@id":"https:\/\/www.eldigitaldeasturias.com\/noticias\/rubalcaba-dice-que-la-reforma-laboral-ha-causado-mucho-sufrimiento\/#organizationLogo"},"sameAs":["https:\/\/facebook.com\/eldigitaldeasturias","https:\/\/www.youtube.com\/channel\/UCZP-2wLEB9Rv6erhFmqVnvg"],"address":{"@id":"https:\/\/www.eldigitaldeasturias.com\/noticias\/#postaladdress","@type":"PostalAddress","streetAddress":"san antonio 4","postalCode":"33430","addressLocality":"Cand\u00e1s","addressRegion":"Asturias","addressCountry":"ES"}},{"@type":"Person","@id":"https:\/\/www.eldigitaldeasturias.com\/noticias\/author\/admin\/#author","url":"https:\/\/www.eldigitaldeasturias.com\/noticias\/author\/admin\/","name":"El Digital de Asturias","image":{"@type":"ImageObject","@id":"https:\/\/www.eldigitaldeasturias.com\/noticias\/rubalcaba-dice-que-la-reforma-laboral-ha-causado-mucho-sufrimiento\/#authorImage","url":"https:\/\/secure.gravatar.com\/avatar\/df2aeffc32bcd13f8d26072ef8a91b623d677766deac7f97ca815868cd41bf5e?s=96&d=mm&r=g","width":96,"height":96,"caption":"El Digital de Asturias"}},{"@type":"WebPage","@id":"https:\/\/www.eldigitaldeasturias.com\/noticias\/rubalcaba-dice-que-la-reforma-laboral-ha-causado-mucho-sufrimiento\/#webpage","url":"https:\/\/www.eldigitaldeasturias.com\/noticias\/rubalcaba-dice-que-la-reforma-laboral-ha-causado-mucho-sufrimiento\/","name":"Rubalcaba dice que la reforma laboral ha causado \u00abmucho sufrimiento\u00bb - El Digital de Asturias","description":"Madrid, 7 feb (EFE).- El l\u00edder del PSOE, Alfredo P\u00e9rez Rubalcaba, ha dicho hoy que la reforma laboral aprobada por el Gobierno hace dos a\u00f1os ha causado \"mucho sufrimiento, mucha desprotecci\u00f3n, mucha desesperanza y, sobre todo, una desigualdad insoportable\", un \"anticipo\" del modelo de sociedad que quiere imponer Mariano Rajoy. Rubalcaba ha hecho balance en","inLanguage":"es-ES","isPartOf":{"@id":"https:\/\/www.eldigitaldeasturias.com\/noticias\/#website"},"breadcrumb":{"@id":"https:\/\/www.eldigitaldeasturias.com\/noticias\/rubalcaba-dice-que-la-reforma-laboral-ha-causado-mucho-sufrimiento\/#breadcrumblist"},"author":{"@id":"https:\/\/www.eldigitaldeasturias.com\/noticias\/author\/admin\/#author"},"creator":{"@id":"https:\/\/www.eldigitaldeasturias.com\/noticias\/author\/admin\/#author"},"image":{"@type":"ImageObject","url":486223,"@id":"https:\/\/www.eldigitaldeasturias.com\/noticias\/rubalcaba-dice-que-la-reforma-laboral-ha-causado-mucho-sufrimiento\/#mainImage"},"primaryImageOfPage":{"@id":"https:\/\/www.eldigitaldeasturias.com\/noticias\/rubalcaba-dice-que-la-reforma-laboral-ha-causado-mucho-sufrimiento\/#mainImage"},"datePublished":"2014-02-07T22:55:30+01:00","dateModified":"2014-02-07T22:55:30+01:00"},{"@type":"WebSite","@id":"https:\/\/www.eldigitaldeasturias.com\/noticias\/#website","url":"https:\/\/www.eldigitaldeasturias.com\/noticias\/","name":"El Digital de Asturias - Diario de actualidad y noticias","alternateName":"El Digital de Asturias - Diario de actualidad y noticias","description":"Hemeroteca","inLanguage":"es-ES","publisher":{"@id":"https:\/\/www.eldigitaldeasturias.com\/noticias\/#organization"}}]},"og:locale":"es_ES","og:site_name":"El Digital de Asturias","og:type":"article","og:title":"Rubalcaba dice que la reforma laboral ha causado \u00abmucho sufrimiento\u00bb - El Digital de Asturias","og:description":"Madrid, 7 feb (EFE).- El l\u00edder del PSOE, Alfredo P\u00e9rez Rubalcaba, ha dicho hoy que la reforma laboral aprobada por el Gobierno hace dos a\u00f1os ha causado &quot;mucho sufrimiento, mucha desprotecci\u00f3n, mucha desesperanza y, sobre todo, una desigualdad insoportable&quot;, un &quot;anticipo&quot; del modelo de sociedad que quiere imponer Mariano Rajoy. Rubalcaba ha hecho balance en","og:url":"https:\/\/www.eldigitaldeasturias.com\/noticias\/rubalcaba-dice-que-la-reforma-laboral-ha-causado-mucho-sufrimiento\/","article:tag":["actualidad"],"article:published_time":"2014-02-07T23:55:30+00:00","article:modified_time":"2014-02-07T23:55:30+00:00","article:publisher":"https:\/\/facebook.com\/eldigitaldeasturias","twitter:card":"summary_large_image","twitter:title":"Rubalcaba dice que la reforma laboral ha causado \u00abmucho sufrimiento\u00bb - El Digital de Asturias","twitter:description":"Madrid, 7 feb (EFE).- El l\u00edder del PSOE, Alfredo P\u00e9rez Rubalcaba, ha dicho hoy que la reforma laboral aprobada por el Gobierno hace dos a\u00f1os ha causado &quot;mucho sufrimiento, mucha desprotecci\u00f3n, mucha desesperanza y, sobre todo, una desigualdad insoportable&quot;, un &quot;anticipo&quot; del modelo de sociedad que quiere imponer Mariano Rajoy. Rubalcaba ha hecho balance en","twitter:label1":"Escrito por","twitter:data1":"El Digital de Asturias","twitter:label2":"Tiempo de lectura estimado","twitter:data2":"1 minuto"},"aioseo_meta_data":{"post_id":"486222","title":null,"description":null,"keywords":null,"keyphrases":null,"primary_term":null,"canonical_url":null,"og_title":null,"og_description":null,"og_object_type":"default","og_image_type":"default","og_image_url":null,"og_image_width":null,"og_image_height":null,"og_image_custom_url":null,"og_image_custom_fields":null,"og_video":null,"og_custom_url":null,"og_article_section":null,"og_article_tags":null,"twitter_use_og":true,"twitter_card":"default","twitter_image_type":"default","twitter_image_url":null,"twitter_image_custom_url":null,"twitter_image_custom_fields":null,"twitter_title":null,"twitter_description":null,"schema":{"blockGraphs":[],"customGraphs":[],"default":{"data":{"Article":[],"Course":[],"Dataset":[],"FAQPage":[],"Movie":[],"Person":[],"Product":[],"ProductReview":[],"Car":[],"Recipe":[],"Service":[],"SoftwareApplication":[],"WebPage":[]},"graphName":"","isEnabled":true},"graphs":[],"defaultGraph":"","defaultPostTypeGraph":""},"schema_type":null,"schema_type_options":null,"pillar_content":false,"robots_default":true,"robots_noindex":false,"robots_noarchive":false,"robots_nosnippet":false,"robots_nofollow":false,"robots_noimageindex":false,"robots_noodp":false,"robots_notranslate":false,"robots_max_snippet":null,"robots_max_videopreview":null,"robots_max_imagepreview":"none","priority":null,"frequency":null,"local_seo":null,"seo_analyzer_scan_date":"2026-06-02 23:56:14","breadcrumb_settings":null,"limit_modified_date":false,"open_ai":null,"ai":null,"created":"2020-11-14 22:56:04","updated":"2026-06-02 23:56:14","focus_keyword":null,"additional_keywords":null,"truseo_locale":null},"aioseo_breadcrumb":"<div class=\"aioseo-breadcrumbs\"><span class=\"aioseo-breadcrumb\">\n\t<a href=\"https:\/\/www.eldigitaldeasturias.com\/noticias\" title=\"Home\">Home<\/a>\n<\/span><span class=\"aioseo-breadcrumb-separator\">\u2013<\/span><span class=\"aioseo-breadcrumb\">\n\t<a href=\"https:\/\/www.eldigitaldeasturias.com\/noticias\/category\/actualidad\/\" title=\"Actualidad\">Actualidad<\/a>\n<\/span><span class=\"aioseo-breadcrumb-separator\">\u2013<\/span><span class=\"aioseo-breadcrumb\">\n\t<a href=\"https:\/\/www.eldigitaldeasturias.com\/noticias\/rubalcaba-dice-que-la-reforma-laboral-ha-causado-mucho-sufrimiento\/\" title=\"Rubalcaba dice que la reforma laboral ha causado \u00abmucho sufrimiento\u00bb\">Rubalcaba dice que la reforma laboral ha causado \u00abmucho sufrimiento\u00bb<\/a>\n<\/span><\/div>","aioseo_breadcrumb_json":[{"label":"Home","link":"https:\/\/www.eldigitaldeasturias.com\/noticias"},{"label":"Actualidad","link":"https:\/\/www.eldigitaldeasturias.com\/noticias\/category\/actualidad\/"},{"label":"Rubalcaba dice que la reforma laboral ha causado \u00abmucho sufrimiento\u00bb","link":"https:\/\/www.eldigitaldeasturias.com\/noticias\/rubalcaba-dice-que-la-reforma-laboral-ha-causado-mucho-sufrimiento\/"}],"_links":{"self":[{"href":"https:\/\/www.eldigitaldeasturias.com\/noticias\/wp-json\/wp\/v2\/posts\/486222","targetHints":{"allow":["GET"]}}],"collection":[{"href":"https:\/\/www.eldigitaldeasturias.com\/noticias\/wp-json\/wp\/v2\/posts"}],"about":[{"href":"https:\/\/www.eldigitaldeasturias.com\/noticias\/wp-json\/wp\/v2\/types\/post"}],"author":[{"embeddable":true,"href":"https:\/\/www.eldigitaldeasturias.com\/noticias\/wp-json\/wp\/v2\/users\/1"}],"replies":[{"embeddable":true,"href":"https:\/\/www.eldigitaldeasturias.com\/noticias\/wp-json\/wp\/v2\/comments?post=486222"}],"version-history":[{"count":0,"href":"https:\/\/www.eldigitaldeasturias.com\/noticias\/wp-json\/wp\/v2\/posts\/486222\/revisions"}],"wp:attachment":[{"href":"https:\/\/www.eldigitaldeasturias.com\/noticias\/wp-json\/wp\/v2\/media?parent=486222"}],"wp:term":[{"taxonomy":"category","embeddable":true,"href":"https:\/\/www.eldigitaldeasturias.com\/noticias\/wp-json\/wp\/v2\/categories?post=486222"},{"taxonomy":"post_tag","embeddable":true,"href":"https:\/\/www.eldigitaldeasturias.com\/noticias\/wp-json\/wp\/v2\/tags?post=486222"}],"curies":[{"name":"wp","href":"https:\/\/api.w.org\/{rel}","templated":true}]}}