{"id":486216,"date":"2014-02-07T22:53:17","date_gmt":"2014-02-07T23:53:17","guid":{"rendered":"http:\/\/www.eldigitaldeasturias.com\/noticias\/?p=486216"},"modified":"2014-02-07T22:53:17","modified_gmt":"2014-02-07T23:53:17","slug":"coca-cola-plantea-cambiar-las-condiciones-laborales-a-la-plantilla-ademas-del-ere","status":"publish","type":"post","link":"https:\/\/www.eldigitaldeasturias.com\/noticias\/coca-cola-plantea-cambiar-las-condiciones-laborales-a-la-plantilla-ademas-del-ere\/","title":{"rendered":"Coca-Cola plantea cambiar las condiciones laborales a la plantilla adem\u00e1s del ERE"},"content":{"rendered":"<p><img loading=\"lazy\" decoding=\"async\" class=\"alignleft size-medium wp-image-486217\" alt=\"5921033w\" src=\"https:\/\/www.eldigitaldeasturias.com\/noticias\/wp-content\/uploads\/2014\/02\/5921033w-360x227.jpg\" width=\"360\" height=\"227\" \/>Madrid, 7 feb (EFE).- El embotellador \u00fanico de Coca-Cola ha planteado a los sindicatos su intenci\u00f3n de realizar un cambio en las condiciones de trabajo, organizativas, retributivas y sociales de toda la plantilla que quede a futuro, adem\u00e1s del ERE ya planteado, que afectar\u00e1 a 1.253 personas, han asegurado los sindicatos.<\/p>\n<p>Por su parte, fuentes del embotellador \u00fanico, Coca-Cola Iberian Partners, han afirmado que \u00aben ning\u00fan caso se est\u00e1 planteando ninguna modificaci\u00f3n en las actuales condiciones de trabajo del resto de trabajadores. Ni se est\u00e1 planteando en el actual marco negociador, ni forma parte del Expediente en curso\u00bb.<\/p>\n<p>Seg\u00fan han indicado a Efeagro fuentes sindicales, los t\u00e9cnicos presentaron a los sindicatos en la reuni\u00f3n que mantuvieron ayer una propuesta para realizar un ordenamiento laboral para la plantilla del embotellador \u00fanico de Coca-Cola, adem\u00e1s del ERE, que supondr\u00eda un cambio de las condiciones de trabajo y organizativas.<\/p>\n<p>Esos cambios afectar\u00edan, seg\u00fan las mismas fuentes, a los sueldos, categor\u00edas y competencias, entre otros \u00e1mbitos.<\/p>\n<p>Lo que supondr\u00eda \u00abun cambio sustancial de las condiciones de trabajo\u00bb, a juicio de CCOO, sindicato que se ha negado alegando que esa negociaci\u00f3n de \u00e1mbito general no se puede realizar en el marco del ERE propuesto.<\/p>\n<p>En la reuni\u00f3n de este jueves, CCOO solicit\u00f3 que se aporte a la mesa de negociaci\u00f3n el contrato existente entre Coca-Cola y su embotellador \u00fanico, por \u00absi hubiera alg\u00fan grado de corresponsabilidad\u00bb.<\/p>\n<p>Requiri\u00f3, adem\u00e1s, que se les entreguen las auditor\u00edas realizadas a las embotelladoras antes de que se creara el embotellador \u00fanico, as\u00ed como un estudio del impacto ecol\u00f3gico y medio ambiental que el nuevo proceso organizativo puede tener en Espa\u00f1a.<\/p>\n<p>CCOO fue el \u00fanico sindicato que en la reuni\u00f3n de ayer reiter\u00f3, por tercera vez, que se retirara el ERE de la mesa de negociaci\u00f3n y se abrieran nuevas negociaciones bajo otras bases.<\/p>\n<p>Se trata de una petici\u00f3n a la que ayer no se sum\u00f3 UGT, que volvi\u00f3 a la mesa de la negociaci\u00f3n, pese a haber anunciado el d\u00eda anterior que la abandonaba si la empresa no retiraba el ERE.<\/p>\n<p>Por su parte, USO solicit\u00f3 al embotellador \u00fanico que les facilite las condiciones del plan social y una lista con las personas a las que afectar\u00e1n los despidos (772) y las recolocaciones (481), un requerimiento criticado por CCOO y que provoc\u00f3 un alboroto entre los trabajadores ubicados a las puertas del hotel en el que se celebraba la reuni\u00f3n.<\/p>\n<p>Ayer las condiciones del plan social no se pusieron sobre la mesa, pero suponen -seg\u00fan el plan social al que ha tenido acceso Efeagro-, 30 d\u00edas de salario, con un m\u00e1ximo de 18 mensualidades para los trabajadores despedidos.<\/p>\n<p>En el caso de los afectados con edad igual o superior a los 58 a\u00f1os, percibir\u00e1n desde la fecha de extinci\u00f3n del contrato y hasta que cumplan 63 a\u00f1os una cantidad neta, que sumada a la prestaci\u00f3n neta de desempleo alcance un 70 % del salario neto percibido por el trabajador en el momento de la extinci\u00f3n del contrato.<\/p>\n<p>Esta cantidad no podr\u00e1 ser inferior a 20 d\u00edas de salario por a\u00f1o de servicio, con el l\u00edmite de doce mensualidades.<\/p>\n<p>Para los trabajadores afectados por las recolocaciones, quienes deber\u00e1n solicitar uno de los puestos que ofrecer\u00e1 la compa\u00f1\u00eda durante los siete d\u00edas siguientes a la finalizaci\u00f3n del periodo de consultas, se ofrecer\u00e1 5.000 euros por gastos de traslado si la distancia entre el centro de origen y el de destino es superior a los 75 kil\u00f3metros.<\/p>\n<p>La mesa de negociaci\u00f3n se volver\u00e1 a reunir los d\u00edas 12 y 13 de febrero y hoy est\u00e1 prevista una nueva concentraci\u00f3n a las puertas de la sede del embotellador \u00fanico en Madrid.<\/p>\n","protected":false},"excerpt":{"rendered":"<p>Madrid, 7 feb (EFE).- El embotellador \u00fanico de Coca-Cola ha planteado a los sindicatos su intenci\u00f3n de realizar un cambio en las condiciones de trabajo, organizativas, retributivas y sociales de toda la plantilla que quede a futuro, adem\u00e1s del ERE ya planteado, que afectar\u00e1 a 1.253 personas, han asegurado los sindicatos. Por su parte, fuentes [&hellip;]<\/p>\n","protected":false},"author":1,"featured_media":486217,"comment_status":"open","ping_status":"open","sticky":false,"template":"","format":"standard","meta":{"footnotes":""},"categories":[1],"tags":[],"class_list":["post-486216","post","type-post","status-publish","format-standard","has-post-thumbnail","hentry","category-actualidad"],"aioseo_notices":[],"aioseo_head":"\n\t\t<!-- All in One SEO Pro 5.0.1 - aioseo.com -->\n\t<meta name=\"description\" content=\"Madrid, 7 feb (EFE).- El embotellador \u00fanico de Coca-Cola ha planteado a los sindicatos su intenci\u00f3n de realizar un cambio en las condiciones de trabajo, organizativas, retributivas y sociales de toda la plantilla que quede a futuro, adem\u00e1s del ERE ya planteado, que afectar\u00e1 a 1.253 personas, han asegurado los sindicatos. Por su parte, fuentes\" \/>\n\t<meta name=\"robots\" content=\"max-image-preview:large\" \/>\n\t<meta name=\"author\" content=\"El Digital de Asturias\"\/>\n\t<meta name=\"google-site-verification\" content=\"UA-38556648-1\" \/>\n\t<meta name=\"msvalidate.01\" content=\"7dfe9f3f1b24437ab69f4f2559babe99\" \/>\n\t<meta name=\"keywords\" content=\"actualidad\" \/>\n\t<link rel=\"canonical\" href=\"https:\/\/www.eldigitaldeasturias.com\/noticias\/coca-cola-plantea-cambiar-las-condiciones-laborales-a-la-plantilla-ademas-del-ere\/\" \/>\n\t<meta name=\"generator\" content=\"All in One SEO Pro (AIOSEO) 5.0.1\" \/>\n\t\t<meta property=\"og:locale\" content=\"es_ES\" \/>\n\t\t<meta property=\"og:site_name\" content=\"El Digital de Asturias\" \/>\n\t\t<meta property=\"og:type\" content=\"article\" \/>\n\t\t<meta property=\"og:title\" content=\"Coca-Cola plantea cambiar las condiciones laborales a la plantilla adem\u00e1s del ERE - El Digital de Asturias\" \/>\n\t\t<meta property=\"og:description\" content=\"Madrid, 7 feb (EFE).- El embotellador \u00fanico de Coca-Cola ha planteado a los sindicatos su intenci\u00f3n de realizar un cambio en las condiciones de trabajo, organizativas, retributivas y sociales de toda la plantilla que quede a futuro, adem\u00e1s del ERE ya planteado, que afectar\u00e1 a 1.253 personas, han asegurado los sindicatos. Por su parte, fuentes\" \/>\n\t\t<meta property=\"og:url\" content=\"https:\/\/www.eldigitaldeasturias.com\/noticias\/coca-cola-plantea-cambiar-las-condiciones-laborales-a-la-plantilla-ademas-del-ere\/\" \/>\n\t\t<meta property=\"article:tag\" content=\"actualidad\" \/>\n\t\t<meta property=\"article:published_time\" content=\"2014-02-07T23:53:17+00:00\" \/>\n\t\t<meta property=\"article:modified_time\" content=\"2014-02-07T23:53:17+00:00\" \/>\n\t\t<meta property=\"article:publisher\" content=\"https:\/\/facebook.com\/eldigitaldeasturias\" \/>\n\t\t<meta name=\"twitter:card\" content=\"summary_large_image\" \/>\n\t\t<meta name=\"twitter:title\" content=\"Coca-Cola plantea cambiar las condiciones laborales a la plantilla adem\u00e1s del ERE - El Digital de Asturias\" \/>\n\t\t<meta name=\"twitter:description\" content=\"Madrid, 7 feb (EFE).- El embotellador \u00fanico de Coca-Cola ha planteado a los sindicatos su intenci\u00f3n de realizar un cambio en las condiciones de trabajo, organizativas, retributivas y sociales de toda la plantilla que quede a futuro, adem\u00e1s del ERE ya planteado, que afectar\u00e1 a 1.253 personas, han asegurado los sindicatos. Por su parte, fuentes\" \/>\n\t\t<meta name=\"twitter:label1\" content=\"Escrito por\" \/>\n\t\t<meta name=\"twitter:data1\" content=\"El Digital de Asturias\" \/>\n\t\t<meta name=\"twitter:label2\" content=\"Tiempo de lectura estimado\" \/>\n\t\t<meta name=\"twitter:data2\" content=\"3 minutos\" \/>\n\t\t<script type=\"application\/ld+json\" class=\"aioseo-schema\">\n\t\t\t{\"@context\":\"https:\\\/\\\/schema.org\",\"@graph\":[{\"@type\":\"BlogPosting\",\"@id\":\"https:\\\/\\\/www.eldigitaldeasturias.com\\\/noticias\\\/coca-cola-plantea-cambiar-las-condiciones-laborales-a-la-plantilla-ademas-del-ere\\\/#blogposting\",\"name\":\"Coca-Cola plantea cambiar las condiciones laborales a la plantilla adem\\u00e1s del ERE - El Digital de Asturias\",\"headline\":\"Coca-Cola plantea cambiar las condiciones laborales a la plantilla adem\\u00e1s del ERE\",\"author\":{\"@id\":\"https:\\\/\\\/www.eldigitaldeasturias.com\\\/noticias\\\/author\\\/admin\\\/#author\"},\"publisher\":{\"@id\":\"https:\\\/\\\/www.eldigitaldeasturias.com\\\/noticias\\\/#organization\"},\"image\":{\"@type\":\"ImageObject\",\"url\":486217},\"datePublished\":\"2014-02-07T22:53:17+01:00\",\"dateModified\":\"2014-02-07T22:53:17+01:00\",\"inLanguage\":\"es-ES\",\"mainEntityOfPage\":{\"@id\":\"https:\\\/\\\/www.eldigitaldeasturias.com\\\/noticias\\\/coca-cola-plantea-cambiar-las-condiciones-laborales-a-la-plantilla-ademas-del-ere\\\/#webpage\"},\"isPartOf\":{\"@id\":\"https:\\\/\\\/www.eldigitaldeasturias.com\\\/noticias\\\/coca-cola-plantea-cambiar-las-condiciones-laborales-a-la-plantilla-ademas-del-ere\\\/#webpage\"},\"articleSection\":\"Actualidad\"},{\"@type\":\"BreadcrumbList\",\"@id\":\"https:\\\/\\\/www.eldigitaldeasturias.com\\\/noticias\\\/coca-cola-plantea-cambiar-las-condiciones-laborales-a-la-plantilla-ademas-del-ere\\\/#breadcrumblist\",\"itemListElement\":[{\"@type\":\"ListItem\",\"@id\":\"https:\\\/\\\/www.eldigitaldeasturias.com\\\/noticias#listItem\",\"position\":1,\"name\":\"Home\",\"item\":\"https:\\\/\\\/www.eldigitaldeasturias.com\\\/noticias\",\"nextItem\":{\"@type\":\"ListItem\",\"@id\":\"https:\\\/\\\/www.eldigitaldeasturias.com\\\/noticias\\\/category\\\/actualidad\\\/#listItem\",\"name\":\"Actualidad\"}},{\"@type\":\"ListItem\",\"@id\":\"https:\\\/\\\/www.eldigitaldeasturias.com\\\/noticias\\\/category\\\/actualidad\\\/#listItem\",\"position\":2,\"name\":\"Actualidad\",\"item\":\"https:\\\/\\\/www.eldigitaldeasturias.com\\\/noticias\\\/category\\\/actualidad\\\/\",\"nextItem\":{\"@type\":\"ListItem\",\"@id\":\"https:\\\/\\\/www.eldigitaldeasturias.com\\\/noticias\\\/coca-cola-plantea-cambiar-las-condiciones-laborales-a-la-plantilla-ademas-del-ere\\\/#listItem\",\"name\":\"Coca-Cola plantea cambiar las condiciones laborales a la plantilla adem\\u00e1s del ERE\"},\"previousItem\":{\"@type\":\"ListItem\",\"@id\":\"https:\\\/\\\/www.eldigitaldeasturias.com\\\/noticias#listItem\",\"name\":\"Home\"}},{\"@type\":\"ListItem\",\"@id\":\"https:\\\/\\\/www.eldigitaldeasturias.com\\\/noticias\\\/coca-cola-plantea-cambiar-las-condiciones-laborales-a-la-plantilla-ademas-del-ere\\\/#listItem\",\"position\":3,\"name\":\"Coca-Cola plantea cambiar las condiciones laborales a la plantilla adem\\u00e1s del ERE\",\"previousItem\":{\"@type\":\"ListItem\",\"@id\":\"https:\\\/\\\/www.eldigitaldeasturias.com\\\/noticias\\\/category\\\/actualidad\\\/#listItem\",\"name\":\"Actualidad\"}}]},{\"@type\":\"Organization\",\"@id\":\"https:\\\/\\\/www.eldigitaldeasturias.com\\\/noticias\\\/#organization\",\"name\":\"El Digital de Asturias\",\"description\":\"Hemeroteca\",\"url\":\"https:\\\/\\\/www.eldigitaldeasturias.com\\\/noticias\\\/\",\"email\":\"info@eldigitaldeasturias.com\",\"telephone\":\"+34652131393\",\"logo\":{\"@type\":\"ImageObject\",\"url\":\"https:\\\/\\\/www.eldigitaldeasturias.com\\\/noticias\\\/wp-content\\\/uploads\\\/2020\\\/12\\\/EDA.jpg\",\"@id\":\"https:\\\/\\\/www.eldigitaldeasturias.com\\\/noticias\\\/coca-cola-plantea-cambiar-las-condiciones-laborales-a-la-plantilla-ademas-del-ere\\\/#organizationLogo\"},\"image\":{\"@id\":\"https:\\\/\\\/www.eldigitaldeasturias.com\\\/noticias\\\/coca-cola-plantea-cambiar-las-condiciones-laborales-a-la-plantilla-ademas-del-ere\\\/#organizationLogo\"},\"sameAs\":[\"https:\\\/\\\/facebook.com\\\/eldigitaldeasturias\",\"https:\\\/\\\/www.youtube.com\\\/channel\\\/UCZP-2wLEB9Rv6erhFmqVnvg\"],\"address\":{\"@id\":\"https:\\\/\\\/www.eldigitaldeasturias.com\\\/noticias\\\/#postaladdress\",\"@type\":\"PostalAddress\",\"streetAddress\":\"san antonio 4\",\"postalCode\":\"33430\",\"addressLocality\":\"Cand\\u00e1s\",\"addressRegion\":\"Asturias\",\"addressCountry\":\"ES\"}},{\"@type\":\"Person\",\"@id\":\"https:\\\/\\\/www.eldigitaldeasturias.com\\\/noticias\\\/author\\\/admin\\\/#author\",\"url\":\"https:\\\/\\\/www.eldigitaldeasturias.com\\\/noticias\\\/author\\\/admin\\\/\",\"name\":\"El Digital de Asturias\",\"image\":{\"@type\":\"ImageObject\",\"@id\":\"https:\\\/\\\/www.eldigitaldeasturias.com\\\/noticias\\\/coca-cola-plantea-cambiar-las-condiciones-laborales-a-la-plantilla-ademas-del-ere\\\/#authorImage\",\"url\":\"https:\\\/\\\/secure.gravatar.com\\\/avatar\\\/df2aeffc32bcd13f8d26072ef8a91b623d677766deac7f97ca815868cd41bf5e?s=96&d=mm&r=g\",\"width\":96,\"height\":96,\"caption\":\"El Digital de Asturias\"}},{\"@type\":\"WebPage\",\"@id\":\"https:\\\/\\\/www.eldigitaldeasturias.com\\\/noticias\\\/coca-cola-plantea-cambiar-las-condiciones-laborales-a-la-plantilla-ademas-del-ere\\\/#webpage\",\"url\":\"https:\\\/\\\/www.eldigitaldeasturias.com\\\/noticias\\\/coca-cola-plantea-cambiar-las-condiciones-laborales-a-la-plantilla-ademas-del-ere\\\/\",\"name\":\"Coca-Cola plantea cambiar las condiciones laborales a la plantilla adem\\u00e1s del ERE - El Digital de Asturias\",\"description\":\"Madrid, 7 feb (EFE).- El embotellador \\u00fanico de Coca-Cola ha planteado a los sindicatos su intenci\\u00f3n de realizar un cambio en las condiciones de trabajo, organizativas, retributivas y sociales de toda la plantilla que quede a futuro, adem\\u00e1s del ERE ya planteado, que afectar\\u00e1 a 1.253 personas, han asegurado los sindicatos. Por su parte, fuentes\",\"inLanguage\":\"es-ES\",\"isPartOf\":{\"@id\":\"https:\\\/\\\/www.eldigitaldeasturias.com\\\/noticias\\\/#website\"},\"breadcrumb\":{\"@id\":\"https:\\\/\\\/www.eldigitaldeasturias.com\\\/noticias\\\/coca-cola-plantea-cambiar-las-condiciones-laborales-a-la-plantilla-ademas-del-ere\\\/#breadcrumblist\"},\"author\":{\"@id\":\"https:\\\/\\\/www.eldigitaldeasturias.com\\\/noticias\\\/author\\\/admin\\\/#author\"},\"creator\":{\"@id\":\"https:\\\/\\\/www.eldigitaldeasturias.com\\\/noticias\\\/author\\\/admin\\\/#author\"},\"image\":{\"@type\":\"ImageObject\",\"url\":486217,\"@id\":\"https:\\\/\\\/www.eldigitaldeasturias.com\\\/noticias\\\/coca-cola-plantea-cambiar-las-condiciones-laborales-a-la-plantilla-ademas-del-ere\\\/#mainImage\"},\"primaryImageOfPage\":{\"@id\":\"https:\\\/\\\/www.eldigitaldeasturias.com\\\/noticias\\\/coca-cola-plantea-cambiar-las-condiciones-laborales-a-la-plantilla-ademas-del-ere\\\/#mainImage\"},\"datePublished\":\"2014-02-07T22:53:17+01:00\",\"dateModified\":\"2014-02-07T22:53:17+01:00\"},{\"@type\":\"WebSite\",\"@id\":\"https:\\\/\\\/www.eldigitaldeasturias.com\\\/noticias\\\/#website\",\"url\":\"https:\\\/\\\/www.eldigitaldeasturias.com\\\/noticias\\\/\",\"name\":\"El Digital de Asturias - Diario de actualidad y noticias\",\"alternateName\":\"El Digital de Asturias - Diario de actualidad y noticias\",\"description\":\"Hemeroteca\",\"inLanguage\":\"es-ES\",\"publisher\":{\"@id\":\"https:\\\/\\\/www.eldigitaldeasturias.com\\\/noticias\\\/#organization\"}}]}\n\t\t<\/script>\n\t\t<!-- All in One SEO Pro -->\r\n\t\t<title>Coca-Cola plantea cambiar las condiciones laborales a la plantilla adem\u00e1s del ERE - El Digital de Asturias<\/title>\n\n","aioseo_head_json":{"title":"Coca-Cola plantea cambiar las condiciones laborales a la plantilla adem\u00e1s del ERE - El Digital de Asturias","description":"Madrid, 7 feb (EFE).- El embotellador \u00fanico de Coca-Cola ha planteado a los sindicatos su intenci\u00f3n de realizar un cambio en las condiciones de trabajo, organizativas, retributivas y sociales de toda la plantilla que quede a futuro, adem\u00e1s del ERE ya planteado, que afectar\u00e1 a 1.253 personas, han asegurado los sindicatos. Por su parte, fuentes","canonical_url":"https:\/\/www.eldigitaldeasturias.com\/noticias\/coca-cola-plantea-cambiar-las-condiciones-laborales-a-la-plantilla-ademas-del-ere\/","robots":"max-image-preview:large","keywords":"actualidad","webmasterTools":{"google-site-verification":"UA-38556648-1","msvalidate.01":"7dfe9f3f1b24437ab69f4f2559babe99","miscellaneous":""},"schema":{"@context":"https:\/\/schema.org","@graph":[{"@type":"BlogPosting","@id":"https:\/\/www.eldigitaldeasturias.com\/noticias\/coca-cola-plantea-cambiar-las-condiciones-laborales-a-la-plantilla-ademas-del-ere\/#blogposting","name":"Coca-Cola plantea cambiar las condiciones laborales a la plantilla adem\u00e1s del ERE - El Digital de Asturias","headline":"Coca-Cola plantea cambiar las condiciones laborales a la plantilla adem\u00e1s del ERE","author":{"@id":"https:\/\/www.eldigitaldeasturias.com\/noticias\/author\/admin\/#author"},"publisher":{"@id":"https:\/\/www.eldigitaldeasturias.com\/noticias\/#organization"},"image":{"@type":"ImageObject","url":486217},"datePublished":"2014-02-07T22:53:17+01:00","dateModified":"2014-02-07T22:53:17+01:00","inLanguage":"es-ES","mainEntityOfPage":{"@id":"https:\/\/www.eldigitaldeasturias.com\/noticias\/coca-cola-plantea-cambiar-las-condiciones-laborales-a-la-plantilla-ademas-del-ere\/#webpage"},"isPartOf":{"@id":"https:\/\/www.eldigitaldeasturias.com\/noticias\/coca-cola-plantea-cambiar-las-condiciones-laborales-a-la-plantilla-ademas-del-ere\/#webpage"},"articleSection":"Actualidad"},{"@type":"BreadcrumbList","@id":"https:\/\/www.eldigitaldeasturias.com\/noticias\/coca-cola-plantea-cambiar-las-condiciones-laborales-a-la-plantilla-ademas-del-ere\/#breadcrumblist","itemListElement":[{"@type":"ListItem","@id":"https:\/\/www.eldigitaldeasturias.com\/noticias#listItem","position":1,"name":"Home","item":"https:\/\/www.eldigitaldeasturias.com\/noticias","nextItem":{"@type":"ListItem","@id":"https:\/\/www.eldigitaldeasturias.com\/noticias\/category\/actualidad\/#listItem","name":"Actualidad"}},{"@type":"ListItem","@id":"https:\/\/www.eldigitaldeasturias.com\/noticias\/category\/actualidad\/#listItem","position":2,"name":"Actualidad","item":"https:\/\/www.eldigitaldeasturias.com\/noticias\/category\/actualidad\/","nextItem":{"@type":"ListItem","@id":"https:\/\/www.eldigitaldeasturias.com\/noticias\/coca-cola-plantea-cambiar-las-condiciones-laborales-a-la-plantilla-ademas-del-ere\/#listItem","name":"Coca-Cola plantea cambiar las condiciones laborales a la plantilla adem\u00e1s del ERE"},"previousItem":{"@type":"ListItem","@id":"https:\/\/www.eldigitaldeasturias.com\/noticias#listItem","name":"Home"}},{"@type":"ListItem","@id":"https:\/\/www.eldigitaldeasturias.com\/noticias\/coca-cola-plantea-cambiar-las-condiciones-laborales-a-la-plantilla-ademas-del-ere\/#listItem","position":3,"name":"Coca-Cola plantea cambiar las condiciones laborales a la plantilla adem\u00e1s del ERE","previousItem":{"@type":"ListItem","@id":"https:\/\/www.eldigitaldeasturias.com\/noticias\/category\/actualidad\/#listItem","name":"Actualidad"}}]},{"@type":"Organization","@id":"https:\/\/www.eldigitaldeasturias.com\/noticias\/#organization","name":"El Digital de Asturias","description":"Hemeroteca","url":"https:\/\/www.eldigitaldeasturias.com\/noticias\/","email":"info@eldigitaldeasturias.com","telephone":"+34652131393","logo":{"@type":"ImageObject","url":"https:\/\/www.eldigitaldeasturias.com\/noticias\/wp-content\/uploads\/2020\/12\/EDA.jpg","@id":"https:\/\/www.eldigitaldeasturias.com\/noticias\/coca-cola-plantea-cambiar-las-condiciones-laborales-a-la-plantilla-ademas-del-ere\/#organizationLogo"},"image":{"@id":"https:\/\/www.eldigitaldeasturias.com\/noticias\/coca-cola-plantea-cambiar-las-condiciones-laborales-a-la-plantilla-ademas-del-ere\/#organizationLogo"},"sameAs":["https:\/\/facebook.com\/eldigitaldeasturias","https:\/\/www.youtube.com\/channel\/UCZP-2wLEB9Rv6erhFmqVnvg"],"address":{"@id":"https:\/\/www.eldigitaldeasturias.com\/noticias\/#postaladdress","@type":"PostalAddress","streetAddress":"san antonio 4","postalCode":"33430","addressLocality":"Cand\u00e1s","addressRegion":"Asturias","addressCountry":"ES"}},{"@type":"Person","@id":"https:\/\/www.eldigitaldeasturias.com\/noticias\/author\/admin\/#author","url":"https:\/\/www.eldigitaldeasturias.com\/noticias\/author\/admin\/","name":"El Digital de Asturias","image":{"@type":"ImageObject","@id":"https:\/\/www.eldigitaldeasturias.com\/noticias\/coca-cola-plantea-cambiar-las-condiciones-laborales-a-la-plantilla-ademas-del-ere\/#authorImage","url":"https:\/\/secure.gravatar.com\/avatar\/df2aeffc32bcd13f8d26072ef8a91b623d677766deac7f97ca815868cd41bf5e?s=96&d=mm&r=g","width":96,"height":96,"caption":"El Digital de Asturias"}},{"@type":"WebPage","@id":"https:\/\/www.eldigitaldeasturias.com\/noticias\/coca-cola-plantea-cambiar-las-condiciones-laborales-a-la-plantilla-ademas-del-ere\/#webpage","url":"https:\/\/www.eldigitaldeasturias.com\/noticias\/coca-cola-plantea-cambiar-las-condiciones-laborales-a-la-plantilla-ademas-del-ere\/","name":"Coca-Cola plantea cambiar las condiciones laborales a la plantilla adem\u00e1s del ERE - El Digital de Asturias","description":"Madrid, 7 feb (EFE).- El embotellador \u00fanico de Coca-Cola ha planteado a los sindicatos su intenci\u00f3n de realizar un cambio en las condiciones de trabajo, organizativas, retributivas y sociales de toda la plantilla que quede a futuro, adem\u00e1s del ERE ya planteado, que afectar\u00e1 a 1.253 personas, han asegurado los sindicatos. Por su parte, fuentes","inLanguage":"es-ES","isPartOf":{"@id":"https:\/\/www.eldigitaldeasturias.com\/noticias\/#website"},"breadcrumb":{"@id":"https:\/\/www.eldigitaldeasturias.com\/noticias\/coca-cola-plantea-cambiar-las-condiciones-laborales-a-la-plantilla-ademas-del-ere\/#breadcrumblist"},"author":{"@id":"https:\/\/www.eldigitaldeasturias.com\/noticias\/author\/admin\/#author"},"creator":{"@id":"https:\/\/www.eldigitaldeasturias.com\/noticias\/author\/admin\/#author"},"image":{"@type":"ImageObject","url":486217,"@id":"https:\/\/www.eldigitaldeasturias.com\/noticias\/coca-cola-plantea-cambiar-las-condiciones-laborales-a-la-plantilla-ademas-del-ere\/#mainImage"},"primaryImageOfPage":{"@id":"https:\/\/www.eldigitaldeasturias.com\/noticias\/coca-cola-plantea-cambiar-las-condiciones-laborales-a-la-plantilla-ademas-del-ere\/#mainImage"},"datePublished":"2014-02-07T22:53:17+01:00","dateModified":"2014-02-07T22:53:17+01:00"},{"@type":"WebSite","@id":"https:\/\/www.eldigitaldeasturias.com\/noticias\/#website","url":"https:\/\/www.eldigitaldeasturias.com\/noticias\/","name":"El Digital de Asturias - Diario de actualidad y noticias","alternateName":"El Digital de Asturias - Diario de actualidad y noticias","description":"Hemeroteca","inLanguage":"es-ES","publisher":{"@id":"https:\/\/www.eldigitaldeasturias.com\/noticias\/#organization"}}]},"og:locale":"es_ES","og:site_name":"El Digital de Asturias","og:type":"article","og:title":"Coca-Cola plantea cambiar las condiciones laborales a la plantilla adem\u00e1s del ERE - El Digital de Asturias","og:description":"Madrid, 7 feb (EFE).- El embotellador \u00fanico de Coca-Cola ha planteado a los sindicatos su intenci\u00f3n de realizar un cambio en las condiciones de trabajo, organizativas, retributivas y sociales de toda la plantilla que quede a futuro, adem\u00e1s del ERE ya planteado, que afectar\u00e1 a 1.253 personas, han asegurado los sindicatos. Por su parte, fuentes","og:url":"https:\/\/www.eldigitaldeasturias.com\/noticias\/coca-cola-plantea-cambiar-las-condiciones-laborales-a-la-plantilla-ademas-del-ere\/","article:tag":["actualidad"],"article:published_time":"2014-02-07T23:53:17+00:00","article:modified_time":"2014-02-07T23:53:17+00:00","article:publisher":"https:\/\/facebook.com\/eldigitaldeasturias","twitter:card":"summary_large_image","twitter:title":"Coca-Cola plantea cambiar las condiciones laborales a la plantilla adem\u00e1s del ERE - El Digital de Asturias","twitter:description":"Madrid, 7 feb (EFE).- El embotellador \u00fanico de Coca-Cola ha planteado a los sindicatos su intenci\u00f3n de realizar un cambio en las condiciones de trabajo, organizativas, retributivas y sociales de toda la plantilla que quede a futuro, adem\u00e1s del ERE ya planteado, que afectar\u00e1 a 1.253 personas, han asegurado los sindicatos. Por su parte, fuentes","twitter:label1":"Escrito por","twitter:data1":"El Digital de Asturias","twitter:label2":"Tiempo de lectura estimado","twitter:data2":"3 minutos"},"aioseo_meta_data":{"post_id":"486216","title":null,"description":null,"keywords":null,"keyphrases":null,"primary_term":null,"canonical_url":null,"og_title":null,"og_description":null,"og_object_type":"default","og_image_type":"default","og_image_url":null,"og_image_width":null,"og_image_height":null,"og_image_custom_url":null,"og_image_custom_fields":null,"og_video":null,"og_custom_url":null,"og_article_section":null,"og_article_tags":null,"twitter_use_og":true,"twitter_card":"default","twitter_image_type":"default","twitter_image_url":null,"twitter_image_custom_url":null,"twitter_image_custom_fields":null,"twitter_title":null,"twitter_description":null,"schema":{"blockGraphs":[],"customGraphs":[],"default":{"data":{"Article":[],"Course":[],"Dataset":[],"FAQPage":[],"Movie":[],"Person":[],"Product":[],"ProductReview":[],"Car":[],"Recipe":[],"Service":[],"SoftwareApplication":[],"WebPage":[]},"graphName":"","isEnabled":true},"graphs":[],"defaultGraph":"","defaultPostTypeGraph":""},"schema_type":null,"schema_type_options":null,"pillar_content":false,"robots_default":true,"robots_noindex":false,"robots_noarchive":false,"robots_nosnippet":false,"robots_nofollow":false,"robots_noimageindex":false,"robots_noodp":false,"robots_notranslate":false,"robots_max_snippet":null,"robots_max_videopreview":null,"robots_max_imagepreview":"none","priority":null,"frequency":null,"local_seo":null,"seo_analyzer_scan_date":"2026-06-02 23:52:55","breadcrumb_settings":null,"limit_modified_date":false,"open_ai":null,"ai":null,"created":"2020-11-14 22:56:04","updated":"2026-06-02 23:52:55","focus_keyword":null,"additional_keywords":null,"truseo_locale":null},"aioseo_breadcrumb":"<div class=\"aioseo-breadcrumbs\"><span class=\"aioseo-breadcrumb\">\n\t<a href=\"https:\/\/www.eldigitaldeasturias.com\/noticias\" title=\"Home\">Home<\/a>\n<\/span><span class=\"aioseo-breadcrumb-separator\">\u2013<\/span><span class=\"aioseo-breadcrumb\">\n\t<a href=\"https:\/\/www.eldigitaldeasturias.com\/noticias\/category\/actualidad\/\" title=\"Actualidad\">Actualidad<\/a>\n<\/span><span class=\"aioseo-breadcrumb-separator\">\u2013<\/span><span class=\"aioseo-breadcrumb\">\n\t<a href=\"https:\/\/www.eldigitaldeasturias.com\/noticias\/coca-cola-plantea-cambiar-las-condiciones-laborales-a-la-plantilla-ademas-del-ere\/\" title=\"Coca-Cola plantea cambiar las condiciones laborales a la plantilla adem\u00e1s del ERE\">Coca-Cola plantea cambiar las condiciones laborales a la plantilla adem\u00e1s del ERE<\/a>\n<\/span><\/div>","aioseo_breadcrumb_json":[{"label":"Home","link":"https:\/\/www.eldigitaldeasturias.com\/noticias"},{"label":"Actualidad","link":"https:\/\/www.eldigitaldeasturias.com\/noticias\/category\/actualidad\/"},{"label":"Coca-Cola plantea cambiar las condiciones laborales a la plantilla adem\u00e1s del ERE","link":"https:\/\/www.eldigitaldeasturias.com\/noticias\/coca-cola-plantea-cambiar-las-condiciones-laborales-a-la-plantilla-ademas-del-ere\/"}],"_links":{"self":[{"href":"https:\/\/www.eldigitaldeasturias.com\/noticias\/wp-json\/wp\/v2\/posts\/486216","targetHints":{"allow":["GET"]}}],"collection":[{"href":"https:\/\/www.eldigitaldeasturias.com\/noticias\/wp-json\/wp\/v2\/posts"}],"about":[{"href":"https:\/\/www.eldigitaldeasturias.com\/noticias\/wp-json\/wp\/v2\/types\/post"}],"author":[{"embeddable":true,"href":"https:\/\/www.eldigitaldeasturias.com\/noticias\/wp-json\/wp\/v2\/users\/1"}],"replies":[{"embeddable":true,"href":"https:\/\/www.eldigitaldeasturias.com\/noticias\/wp-json\/wp\/v2\/comments?post=486216"}],"version-history":[{"count":0,"href":"https:\/\/www.eldigitaldeasturias.com\/noticias\/wp-json\/wp\/v2\/posts\/486216\/revisions"}],"wp:attachment":[{"href":"https:\/\/www.eldigitaldeasturias.com\/noticias\/wp-json\/wp\/v2\/media?parent=486216"}],"wp:term":[{"taxonomy":"category","embeddable":true,"href":"https:\/\/www.eldigitaldeasturias.com\/noticias\/wp-json\/wp\/v2\/categories?post=486216"},{"taxonomy":"post_tag","embeddable":true,"href":"https:\/\/www.eldigitaldeasturias.com\/noticias\/wp-json\/wp\/v2\/tags?post=486216"}],"curies":[{"name":"wp","href":"https:\/\/api.w.org\/{rel}","templated":true}]}}