{"id":486201,"date":"2014-02-07T22:46:37","date_gmt":"2014-02-07T23:46:37","guid":{"rendered":"http:\/\/www.eldigitaldeasturias.com\/noticias\/?p=486201"},"modified":"2014-02-07T22:46:37","modified_gmt":"2014-02-07T23:46:37","slug":"rajoy-no-tiene-prevista-ninguna-reunion-con-artur-mas","status":"publish","type":"post","link":"https:\/\/www.eldigitaldeasturias.com\/noticias\/rajoy-no-tiene-prevista-ninguna-reunion-con-artur-mas\/","title":{"rendered":"Rajoy no tiene prevista ninguna reuni\u00f3n con Artur Mas"},"content":{"rendered":"<p><img loading=\"lazy\" decoding=\"async\" class=\"alignleft size-medium wp-image-486202\" alt=\"5920852w\" src=\"https:\/\/www.eldigitaldeasturias.com\/noticias\/wp-content\/uploads\/2014\/02\/5920852w-360x273.jpg\" width=\"360\" height=\"273\" \/>Madrid, 7 feb (EFE).- El jefe del Gobierno, Mariano Rajoy, no tiene prevista en su agenda ninguna reuni\u00f3n con el presidente de la Generalitat, Artur Mas, para analizar una posible salida a la situaci\u00f3n generada con la propuesta de celebrar una consulta sobre la independencia de Catalu\u00f1a.<\/p>\n<p>Despu\u00e9s de las informaciones desmentidas por la Generalitat en las que ayer se apunt\u00f3 que Rajoy y Mas se encontraban reunidos durante la ma\u00f1ana en el Palacio de la Moncloa, fuentes del Ejecutivo han certificado hoy que ni la hubo, ni el presidente del Gobierno la tiene prevista.<\/p>\n<p>Rajoy asegur\u00f3 semanas atr\u00e1s que no volver\u00eda a mantener ninguna entrevista con Mas con car\u00e1cter secreto y ha venido dudando de la utilidad de una reuni\u00f3n con el presidente de la Generalitat cuando \u00e9ste contin\u00faa dando pasos unilaterales para la celebraci\u00f3n de una consulta que el Gobierno central ha garantizado que no se celebrar\u00e1.<\/p>\n<p>Hoy, en la conferencia de prensa posterior a la reuni\u00f3n del Consejo de Ministros, la vicepresidenta del Ejecutivo, Soraya S\u00e1enz de Santamar\u00eda, ha criticado los \u00abvaivenes\u00bb de la Generalitat en sus propuestas para celebrar la consulta soberanista.<\/p>\n<p>Una reflexi\u00f3n realizada despu\u00e9s de que el conseller de Presidencia de Catalu\u00f1a, Francesc Homs, planteara ayer que los catalanes decidan su futuro en una consulta y, despu\u00e9s, el conjunto de los espa\u00f1oles voten los cambios legales que se puedan derivar del resultado del refer\u00e9ndum.<\/p>\n<p>Frente a ello, la vicepresidenta ha recalcado que la respuesta a esos planteamientos est\u00e1 en la Constituci\u00f3n.<\/p>\n","protected":false},"excerpt":{"rendered":"<p>Madrid, 7 feb (EFE).- El jefe del Gobierno, Mariano Rajoy, no tiene prevista en su agenda ninguna reuni\u00f3n con el presidente de la Generalitat, Artur Mas, para analizar una posible salida a la situaci\u00f3n generada con la propuesta de celebrar una consulta sobre la independencia de Catalu\u00f1a. Despu\u00e9s de las informaciones desmentidas por la Generalitat [&hellip;]<\/p>\n","protected":false},"author":1,"featured_media":486202,"comment_status":"open","ping_status":"open","sticky":false,"template":"","format":"standard","meta":{"footnotes":""},"categories":[1],"tags":[],"class_list":["post-486201","post","type-post","status-publish","format-standard","has-post-thumbnail","hentry","category-actualidad"],"aioseo_notices":[],"aioseo_head":"\n\t\t<!-- All in One SEO Pro 5.0.1 - aioseo.com -->\n\t<meta name=\"description\" content=\"Madrid, 7 feb (EFE).- El jefe del Gobierno, Mariano Rajoy, no tiene prevista en su agenda ninguna reuni\u00f3n con el presidente de la Generalitat, Artur Mas, para analizar una posible salida a la situaci\u00f3n generada con la propuesta de celebrar una consulta sobre la independencia de Catalu\u00f1a. Despu\u00e9s de las informaciones desmentidas por la Generalitat\" \/>\n\t<meta name=\"robots\" content=\"max-image-preview:large\" \/>\n\t<meta name=\"author\" content=\"El Digital de Asturias\"\/>\n\t<meta name=\"google-site-verification\" content=\"UA-38556648-1\" \/>\n\t<meta name=\"msvalidate.01\" content=\"7dfe9f3f1b24437ab69f4f2559babe99\" \/>\n\t<meta name=\"keywords\" content=\"actualidad\" \/>\n\t<link rel=\"canonical\" href=\"https:\/\/www.eldigitaldeasturias.com\/noticias\/rajoy-no-tiene-prevista-ninguna-reunion-con-artur-mas\/\" \/>\n\t<meta name=\"generator\" content=\"All in One SEO Pro (AIOSEO) 5.0.1\" \/>\n\t\t<meta property=\"og:locale\" content=\"es_ES\" \/>\n\t\t<meta property=\"og:site_name\" content=\"El Digital de Asturias\" \/>\n\t\t<meta property=\"og:type\" content=\"article\" \/>\n\t\t<meta property=\"og:title\" content=\"Rajoy no tiene prevista ninguna reuni\u00f3n con Artur Mas - El Digital de Asturias\" \/>\n\t\t<meta property=\"og:description\" content=\"Madrid, 7 feb (EFE).- El jefe del Gobierno, Mariano Rajoy, no tiene prevista en su agenda ninguna reuni\u00f3n con el presidente de la Generalitat, Artur Mas, para analizar una posible salida a la situaci\u00f3n generada con la propuesta de celebrar una consulta sobre la independencia de Catalu\u00f1a. Despu\u00e9s de las informaciones desmentidas por la Generalitat\" \/>\n\t\t<meta property=\"og:url\" content=\"https:\/\/www.eldigitaldeasturias.com\/noticias\/rajoy-no-tiene-prevista-ninguna-reunion-con-artur-mas\/\" \/>\n\t\t<meta property=\"article:tag\" content=\"actualidad\" \/>\n\t\t<meta property=\"article:published_time\" content=\"2014-02-07T23:46:37+00:00\" \/>\n\t\t<meta property=\"article:modified_time\" content=\"2014-02-07T23:46:37+00:00\" \/>\n\t\t<meta property=\"article:publisher\" content=\"https:\/\/facebook.com\/eldigitaldeasturias\" \/>\n\t\t<meta name=\"twitter:card\" content=\"summary_large_image\" \/>\n\t\t<meta name=\"twitter:title\" content=\"Rajoy no tiene prevista ninguna reuni\u00f3n con Artur Mas - El Digital de Asturias\" \/>\n\t\t<meta name=\"twitter:description\" content=\"Madrid, 7 feb (EFE).- El jefe del Gobierno, Mariano Rajoy, no tiene prevista en su agenda ninguna reuni\u00f3n con el presidente de la Generalitat, Artur Mas, para analizar una posible salida a la situaci\u00f3n generada con la propuesta de celebrar una consulta sobre la independencia de Catalu\u00f1a. Despu\u00e9s de las informaciones desmentidas por la Generalitat\" \/>\n\t\t<meta name=\"twitter:label1\" content=\"Escrito por\" \/>\n\t\t<meta name=\"twitter:data1\" content=\"El Digital de Asturias\" \/>\n\t\t<meta name=\"twitter:label2\" content=\"Tiempo de lectura estimado\" \/>\n\t\t<meta name=\"twitter:data2\" content=\"1 minuto\" \/>\n\t\t<script type=\"application\/ld+json\" class=\"aioseo-schema\">\n\t\t\t{\"@context\":\"https:\\\/\\\/schema.org\",\"@graph\":[{\"@type\":\"BlogPosting\",\"@id\":\"https:\\\/\\\/www.eldigitaldeasturias.com\\\/noticias\\\/rajoy-no-tiene-prevista-ninguna-reunion-con-artur-mas\\\/#blogposting\",\"name\":\"Rajoy no tiene prevista ninguna reuni\\u00f3n con Artur Mas - El Digital de Asturias\",\"headline\":\"Rajoy no tiene prevista ninguna reuni\\u00f3n con Artur Mas\",\"author\":{\"@id\":\"https:\\\/\\\/www.eldigitaldeasturias.com\\\/noticias\\\/author\\\/admin\\\/#author\"},\"publisher\":{\"@id\":\"https:\\\/\\\/www.eldigitaldeasturias.com\\\/noticias\\\/#organization\"},\"image\":{\"@type\":\"ImageObject\",\"url\":486202},\"datePublished\":\"2014-02-07T22:46:37+01:00\",\"dateModified\":\"2014-02-07T22:46:37+01:00\",\"inLanguage\":\"es-ES\",\"mainEntityOfPage\":{\"@id\":\"https:\\\/\\\/www.eldigitaldeasturias.com\\\/noticias\\\/rajoy-no-tiene-prevista-ninguna-reunion-con-artur-mas\\\/#webpage\"},\"isPartOf\":{\"@id\":\"https:\\\/\\\/www.eldigitaldeasturias.com\\\/noticias\\\/rajoy-no-tiene-prevista-ninguna-reunion-con-artur-mas\\\/#webpage\"},\"articleSection\":\"Actualidad\"},{\"@type\":\"BreadcrumbList\",\"@id\":\"https:\\\/\\\/www.eldigitaldeasturias.com\\\/noticias\\\/rajoy-no-tiene-prevista-ninguna-reunion-con-artur-mas\\\/#breadcrumblist\",\"itemListElement\":[{\"@type\":\"ListItem\",\"@id\":\"https:\\\/\\\/www.eldigitaldeasturias.com\\\/noticias#listItem\",\"position\":1,\"name\":\"Home\",\"item\":\"https:\\\/\\\/www.eldigitaldeasturias.com\\\/noticias\",\"nextItem\":{\"@type\":\"ListItem\",\"@id\":\"https:\\\/\\\/www.eldigitaldeasturias.com\\\/noticias\\\/category\\\/actualidad\\\/#listItem\",\"name\":\"Actualidad\"}},{\"@type\":\"ListItem\",\"@id\":\"https:\\\/\\\/www.eldigitaldeasturias.com\\\/noticias\\\/category\\\/actualidad\\\/#listItem\",\"position\":2,\"name\":\"Actualidad\",\"item\":\"https:\\\/\\\/www.eldigitaldeasturias.com\\\/noticias\\\/category\\\/actualidad\\\/\",\"nextItem\":{\"@type\":\"ListItem\",\"@id\":\"https:\\\/\\\/www.eldigitaldeasturias.com\\\/noticias\\\/rajoy-no-tiene-prevista-ninguna-reunion-con-artur-mas\\\/#listItem\",\"name\":\"Rajoy no tiene prevista ninguna reuni\\u00f3n con Artur Mas\"},\"previousItem\":{\"@type\":\"ListItem\",\"@id\":\"https:\\\/\\\/www.eldigitaldeasturias.com\\\/noticias#listItem\",\"name\":\"Home\"}},{\"@type\":\"ListItem\",\"@id\":\"https:\\\/\\\/www.eldigitaldeasturias.com\\\/noticias\\\/rajoy-no-tiene-prevista-ninguna-reunion-con-artur-mas\\\/#listItem\",\"position\":3,\"name\":\"Rajoy no tiene prevista ninguna reuni\\u00f3n con Artur Mas\",\"previousItem\":{\"@type\":\"ListItem\",\"@id\":\"https:\\\/\\\/www.eldigitaldeasturias.com\\\/noticias\\\/category\\\/actualidad\\\/#listItem\",\"name\":\"Actualidad\"}}]},{\"@type\":\"Organization\",\"@id\":\"https:\\\/\\\/www.eldigitaldeasturias.com\\\/noticias\\\/#organization\",\"name\":\"El Digital de Asturias\",\"description\":\"Hemeroteca\",\"url\":\"https:\\\/\\\/www.eldigitaldeasturias.com\\\/noticias\\\/\",\"email\":\"info@eldigitaldeasturias.com\",\"telephone\":\"+34652131393\",\"logo\":{\"@type\":\"ImageObject\",\"url\":\"https:\\\/\\\/www.eldigitaldeasturias.com\\\/noticias\\\/wp-content\\\/uploads\\\/2020\\\/12\\\/EDA.jpg\",\"@id\":\"https:\\\/\\\/www.eldigitaldeasturias.com\\\/noticias\\\/rajoy-no-tiene-prevista-ninguna-reunion-con-artur-mas\\\/#organizationLogo\"},\"image\":{\"@id\":\"https:\\\/\\\/www.eldigitaldeasturias.com\\\/noticias\\\/rajoy-no-tiene-prevista-ninguna-reunion-con-artur-mas\\\/#organizationLogo\"},\"sameAs\":[\"https:\\\/\\\/facebook.com\\\/eldigitaldeasturias\",\"https:\\\/\\\/www.youtube.com\\\/channel\\\/UCZP-2wLEB9Rv6erhFmqVnvg\"],\"address\":{\"@id\":\"https:\\\/\\\/www.eldigitaldeasturias.com\\\/noticias\\\/#postaladdress\",\"@type\":\"PostalAddress\",\"streetAddress\":\"san antonio 4\",\"postalCode\":\"33430\",\"addressLocality\":\"Cand\\u00e1s\",\"addressRegion\":\"Asturias\",\"addressCountry\":\"ES\"}},{\"@type\":\"Person\",\"@id\":\"https:\\\/\\\/www.eldigitaldeasturias.com\\\/noticias\\\/author\\\/admin\\\/#author\",\"url\":\"https:\\\/\\\/www.eldigitaldeasturias.com\\\/noticias\\\/author\\\/admin\\\/\",\"name\":\"El Digital de Asturias\",\"image\":{\"@type\":\"ImageObject\",\"@id\":\"https:\\\/\\\/www.eldigitaldeasturias.com\\\/noticias\\\/rajoy-no-tiene-prevista-ninguna-reunion-con-artur-mas\\\/#authorImage\",\"url\":\"https:\\\/\\\/secure.gravatar.com\\\/avatar\\\/df2aeffc32bcd13f8d26072ef8a91b623d677766deac7f97ca815868cd41bf5e?s=96&d=mm&r=g\",\"width\":96,\"height\":96,\"caption\":\"El Digital de Asturias\"}},{\"@type\":\"WebPage\",\"@id\":\"https:\\\/\\\/www.eldigitaldeasturias.com\\\/noticias\\\/rajoy-no-tiene-prevista-ninguna-reunion-con-artur-mas\\\/#webpage\",\"url\":\"https:\\\/\\\/www.eldigitaldeasturias.com\\\/noticias\\\/rajoy-no-tiene-prevista-ninguna-reunion-con-artur-mas\\\/\",\"name\":\"Rajoy no tiene prevista ninguna reuni\\u00f3n con Artur Mas - El Digital de Asturias\",\"description\":\"Madrid, 7 feb (EFE).- El jefe del Gobierno, Mariano Rajoy, no tiene prevista en su agenda ninguna reuni\\u00f3n con el presidente de la Generalitat, Artur Mas, para analizar una posible salida a la situaci\\u00f3n generada con la propuesta de celebrar una consulta sobre la independencia de Catalu\\u00f1a. Despu\\u00e9s de las informaciones desmentidas por la Generalitat\",\"inLanguage\":\"es-ES\",\"isPartOf\":{\"@id\":\"https:\\\/\\\/www.eldigitaldeasturias.com\\\/noticias\\\/#website\"},\"breadcrumb\":{\"@id\":\"https:\\\/\\\/www.eldigitaldeasturias.com\\\/noticias\\\/rajoy-no-tiene-prevista-ninguna-reunion-con-artur-mas\\\/#breadcrumblist\"},\"author\":{\"@id\":\"https:\\\/\\\/www.eldigitaldeasturias.com\\\/noticias\\\/author\\\/admin\\\/#author\"},\"creator\":{\"@id\":\"https:\\\/\\\/www.eldigitaldeasturias.com\\\/noticias\\\/author\\\/admin\\\/#author\"},\"image\":{\"@type\":\"ImageObject\",\"url\":486202,\"@id\":\"https:\\\/\\\/www.eldigitaldeasturias.com\\\/noticias\\\/rajoy-no-tiene-prevista-ninguna-reunion-con-artur-mas\\\/#mainImage\"},\"primaryImageOfPage\":{\"@id\":\"https:\\\/\\\/www.eldigitaldeasturias.com\\\/noticias\\\/rajoy-no-tiene-prevista-ninguna-reunion-con-artur-mas\\\/#mainImage\"},\"datePublished\":\"2014-02-07T22:46:37+01:00\",\"dateModified\":\"2014-02-07T22:46:37+01:00\"},{\"@type\":\"WebSite\",\"@id\":\"https:\\\/\\\/www.eldigitaldeasturias.com\\\/noticias\\\/#website\",\"url\":\"https:\\\/\\\/www.eldigitaldeasturias.com\\\/noticias\\\/\",\"name\":\"El Digital de Asturias - Diario de actualidad y noticias\",\"alternateName\":\"El Digital de Asturias - Diario de actualidad y noticias\",\"description\":\"Hemeroteca\",\"inLanguage\":\"es-ES\",\"publisher\":{\"@id\":\"https:\\\/\\\/www.eldigitaldeasturias.com\\\/noticias\\\/#organization\"}}]}\n\t\t<\/script>\n\t\t<!-- All in One SEO Pro -->\r\n\t\t<title>Rajoy no tiene prevista ninguna reuni\u00f3n con Artur Mas - El Digital de Asturias<\/title>\n\n","aioseo_head_json":{"title":"Rajoy no tiene prevista ninguna reuni\u00f3n con Artur Mas - El Digital de Asturias","description":"Madrid, 7 feb (EFE).- El jefe del Gobierno, Mariano Rajoy, no tiene prevista en su agenda ninguna reuni\u00f3n con el presidente de la Generalitat, Artur Mas, para analizar una posible salida a la situaci\u00f3n generada con la propuesta de celebrar una consulta sobre la independencia de Catalu\u00f1a. Despu\u00e9s de las informaciones desmentidas por la Generalitat","canonical_url":"https:\/\/www.eldigitaldeasturias.com\/noticias\/rajoy-no-tiene-prevista-ninguna-reunion-con-artur-mas\/","robots":"max-image-preview:large","keywords":"actualidad","webmasterTools":{"google-site-verification":"UA-38556648-1","msvalidate.01":"7dfe9f3f1b24437ab69f4f2559babe99","miscellaneous":""},"schema":{"@context":"https:\/\/schema.org","@graph":[{"@type":"BlogPosting","@id":"https:\/\/www.eldigitaldeasturias.com\/noticias\/rajoy-no-tiene-prevista-ninguna-reunion-con-artur-mas\/#blogposting","name":"Rajoy no tiene prevista ninguna reuni\u00f3n con Artur Mas - El Digital de Asturias","headline":"Rajoy no tiene prevista ninguna reuni\u00f3n con Artur Mas","author":{"@id":"https:\/\/www.eldigitaldeasturias.com\/noticias\/author\/admin\/#author"},"publisher":{"@id":"https:\/\/www.eldigitaldeasturias.com\/noticias\/#organization"},"image":{"@type":"ImageObject","url":486202},"datePublished":"2014-02-07T22:46:37+01:00","dateModified":"2014-02-07T22:46:37+01:00","inLanguage":"es-ES","mainEntityOfPage":{"@id":"https:\/\/www.eldigitaldeasturias.com\/noticias\/rajoy-no-tiene-prevista-ninguna-reunion-con-artur-mas\/#webpage"},"isPartOf":{"@id":"https:\/\/www.eldigitaldeasturias.com\/noticias\/rajoy-no-tiene-prevista-ninguna-reunion-con-artur-mas\/#webpage"},"articleSection":"Actualidad"},{"@type":"BreadcrumbList","@id":"https:\/\/www.eldigitaldeasturias.com\/noticias\/rajoy-no-tiene-prevista-ninguna-reunion-con-artur-mas\/#breadcrumblist","itemListElement":[{"@type":"ListItem","@id":"https:\/\/www.eldigitaldeasturias.com\/noticias#listItem","position":1,"name":"Home","item":"https:\/\/www.eldigitaldeasturias.com\/noticias","nextItem":{"@type":"ListItem","@id":"https:\/\/www.eldigitaldeasturias.com\/noticias\/category\/actualidad\/#listItem","name":"Actualidad"}},{"@type":"ListItem","@id":"https:\/\/www.eldigitaldeasturias.com\/noticias\/category\/actualidad\/#listItem","position":2,"name":"Actualidad","item":"https:\/\/www.eldigitaldeasturias.com\/noticias\/category\/actualidad\/","nextItem":{"@type":"ListItem","@id":"https:\/\/www.eldigitaldeasturias.com\/noticias\/rajoy-no-tiene-prevista-ninguna-reunion-con-artur-mas\/#listItem","name":"Rajoy no tiene prevista ninguna reuni\u00f3n con Artur Mas"},"previousItem":{"@type":"ListItem","@id":"https:\/\/www.eldigitaldeasturias.com\/noticias#listItem","name":"Home"}},{"@type":"ListItem","@id":"https:\/\/www.eldigitaldeasturias.com\/noticias\/rajoy-no-tiene-prevista-ninguna-reunion-con-artur-mas\/#listItem","position":3,"name":"Rajoy no tiene prevista ninguna reuni\u00f3n con Artur Mas","previousItem":{"@type":"ListItem","@id":"https:\/\/www.eldigitaldeasturias.com\/noticias\/category\/actualidad\/#listItem","name":"Actualidad"}}]},{"@type":"Organization","@id":"https:\/\/www.eldigitaldeasturias.com\/noticias\/#organization","name":"El Digital de Asturias","description":"Hemeroteca","url":"https:\/\/www.eldigitaldeasturias.com\/noticias\/","email":"info@eldigitaldeasturias.com","telephone":"+34652131393","logo":{"@type":"ImageObject","url":"https:\/\/www.eldigitaldeasturias.com\/noticias\/wp-content\/uploads\/2020\/12\/EDA.jpg","@id":"https:\/\/www.eldigitaldeasturias.com\/noticias\/rajoy-no-tiene-prevista-ninguna-reunion-con-artur-mas\/#organizationLogo"},"image":{"@id":"https:\/\/www.eldigitaldeasturias.com\/noticias\/rajoy-no-tiene-prevista-ninguna-reunion-con-artur-mas\/#organizationLogo"},"sameAs":["https:\/\/facebook.com\/eldigitaldeasturias","https:\/\/www.youtube.com\/channel\/UCZP-2wLEB9Rv6erhFmqVnvg"],"address":{"@id":"https:\/\/www.eldigitaldeasturias.com\/noticias\/#postaladdress","@type":"PostalAddress","streetAddress":"san antonio 4","postalCode":"33430","addressLocality":"Cand\u00e1s","addressRegion":"Asturias","addressCountry":"ES"}},{"@type":"Person","@id":"https:\/\/www.eldigitaldeasturias.com\/noticias\/author\/admin\/#author","url":"https:\/\/www.eldigitaldeasturias.com\/noticias\/author\/admin\/","name":"El Digital de Asturias","image":{"@type":"ImageObject","@id":"https:\/\/www.eldigitaldeasturias.com\/noticias\/rajoy-no-tiene-prevista-ninguna-reunion-con-artur-mas\/#authorImage","url":"https:\/\/secure.gravatar.com\/avatar\/df2aeffc32bcd13f8d26072ef8a91b623d677766deac7f97ca815868cd41bf5e?s=96&d=mm&r=g","width":96,"height":96,"caption":"El Digital de Asturias"}},{"@type":"WebPage","@id":"https:\/\/www.eldigitaldeasturias.com\/noticias\/rajoy-no-tiene-prevista-ninguna-reunion-con-artur-mas\/#webpage","url":"https:\/\/www.eldigitaldeasturias.com\/noticias\/rajoy-no-tiene-prevista-ninguna-reunion-con-artur-mas\/","name":"Rajoy no tiene prevista ninguna reuni\u00f3n con Artur Mas - El Digital de Asturias","description":"Madrid, 7 feb (EFE).- El jefe del Gobierno, Mariano Rajoy, no tiene prevista en su agenda ninguna reuni\u00f3n con el presidente de la Generalitat, Artur Mas, para analizar una posible salida a la situaci\u00f3n generada con la propuesta de celebrar una consulta sobre la independencia de Catalu\u00f1a. Despu\u00e9s de las informaciones desmentidas por la Generalitat","inLanguage":"es-ES","isPartOf":{"@id":"https:\/\/www.eldigitaldeasturias.com\/noticias\/#website"},"breadcrumb":{"@id":"https:\/\/www.eldigitaldeasturias.com\/noticias\/rajoy-no-tiene-prevista-ninguna-reunion-con-artur-mas\/#breadcrumblist"},"author":{"@id":"https:\/\/www.eldigitaldeasturias.com\/noticias\/author\/admin\/#author"},"creator":{"@id":"https:\/\/www.eldigitaldeasturias.com\/noticias\/author\/admin\/#author"},"image":{"@type":"ImageObject","url":486202,"@id":"https:\/\/www.eldigitaldeasturias.com\/noticias\/rajoy-no-tiene-prevista-ninguna-reunion-con-artur-mas\/#mainImage"},"primaryImageOfPage":{"@id":"https:\/\/www.eldigitaldeasturias.com\/noticias\/rajoy-no-tiene-prevista-ninguna-reunion-con-artur-mas\/#mainImage"},"datePublished":"2014-02-07T22:46:37+01:00","dateModified":"2014-02-07T22:46:37+01:00"},{"@type":"WebSite","@id":"https:\/\/www.eldigitaldeasturias.com\/noticias\/#website","url":"https:\/\/www.eldigitaldeasturias.com\/noticias\/","name":"El Digital de Asturias - Diario de actualidad y noticias","alternateName":"El Digital de Asturias - Diario de actualidad y noticias","description":"Hemeroteca","inLanguage":"es-ES","publisher":{"@id":"https:\/\/www.eldigitaldeasturias.com\/noticias\/#organization"}}]},"og:locale":"es_ES","og:site_name":"El Digital de Asturias","og:type":"article","og:title":"Rajoy no tiene prevista ninguna reuni\u00f3n con Artur Mas - El Digital de Asturias","og:description":"Madrid, 7 feb (EFE).- El jefe del Gobierno, Mariano Rajoy, no tiene prevista en su agenda ninguna reuni\u00f3n con el presidente de la Generalitat, Artur Mas, para analizar una posible salida a la situaci\u00f3n generada con la propuesta de celebrar una consulta sobre la independencia de Catalu\u00f1a. Despu\u00e9s de las informaciones desmentidas por la Generalitat","og:url":"https:\/\/www.eldigitaldeasturias.com\/noticias\/rajoy-no-tiene-prevista-ninguna-reunion-con-artur-mas\/","article:tag":["actualidad"],"article:published_time":"2014-02-07T23:46:37+00:00","article:modified_time":"2014-02-07T23:46:37+00:00","article:publisher":"https:\/\/facebook.com\/eldigitaldeasturias","twitter:card":"summary_large_image","twitter:title":"Rajoy no tiene prevista ninguna reuni\u00f3n con Artur Mas - El Digital de Asturias","twitter:description":"Madrid, 7 feb (EFE).- El jefe del Gobierno, Mariano Rajoy, no tiene prevista en su agenda ninguna reuni\u00f3n con el presidente de la Generalitat, Artur Mas, para analizar una posible salida a la situaci\u00f3n generada con la propuesta de celebrar una consulta sobre la independencia de Catalu\u00f1a. Despu\u00e9s de las informaciones desmentidas por la Generalitat","twitter:label1":"Escrito por","twitter:data1":"El Digital de Asturias","twitter:label2":"Tiempo de lectura estimado","twitter:data2":"1 minuto"},"aioseo_meta_data":{"post_id":"486201","title":null,"description":null,"keywords":null,"keyphrases":null,"primary_term":null,"canonical_url":null,"og_title":null,"og_description":null,"og_object_type":"default","og_image_type":"default","og_image_url":null,"og_image_width":null,"og_image_height":null,"og_image_custom_url":null,"og_image_custom_fields":null,"og_video":null,"og_custom_url":null,"og_article_section":null,"og_article_tags":null,"twitter_use_og":true,"twitter_card":"default","twitter_image_type":"default","twitter_image_url":null,"twitter_image_custom_url":null,"twitter_image_custom_fields":null,"twitter_title":null,"twitter_description":null,"schema":{"blockGraphs":[],"customGraphs":[],"default":{"data":{"Article":[],"Course":[],"Dataset":[],"FAQPage":[],"Movie":[],"Person":[],"Product":[],"ProductReview":[],"Car":[],"Recipe":[],"Service":[],"SoftwareApplication":[],"WebPage":[]},"graphName":"","isEnabled":true},"graphs":[],"defaultGraph":"","defaultPostTypeGraph":""},"schema_type":null,"schema_type_options":null,"pillar_content":false,"robots_default":true,"robots_noindex":false,"robots_noarchive":false,"robots_nosnippet":false,"robots_nofollow":false,"robots_noimageindex":false,"robots_noodp":false,"robots_notranslate":false,"robots_max_snippet":null,"robots_max_videopreview":null,"robots_max_imagepreview":"none","priority":null,"frequency":null,"local_seo":null,"seo_analyzer_scan_date":"2026-06-02 23:49:52","breadcrumb_settings":null,"limit_modified_date":false,"open_ai":null,"ai":null,"created":"2020-11-14 22:56:04","updated":"2026-06-02 23:49:52","focus_keyword":null,"additional_keywords":null,"truseo_locale":null},"aioseo_breadcrumb":"<div class=\"aioseo-breadcrumbs\"><span class=\"aioseo-breadcrumb\">\n\t<a href=\"https:\/\/www.eldigitaldeasturias.com\/noticias\" title=\"Home\">Home<\/a>\n<\/span><span class=\"aioseo-breadcrumb-separator\">\u2013<\/span><span class=\"aioseo-breadcrumb\">\n\t<a href=\"https:\/\/www.eldigitaldeasturias.com\/noticias\/category\/actualidad\/\" title=\"Actualidad\">Actualidad<\/a>\n<\/span><span class=\"aioseo-breadcrumb-separator\">\u2013<\/span><span class=\"aioseo-breadcrumb\">\n\t<a href=\"https:\/\/www.eldigitaldeasturias.com\/noticias\/rajoy-no-tiene-prevista-ninguna-reunion-con-artur-mas\/\" title=\"Rajoy no tiene prevista ninguna reuni\u00f3n con Artur Mas\">Rajoy no tiene prevista ninguna reuni\u00f3n con Artur Mas<\/a>\n<\/span><\/div>","aioseo_breadcrumb_json":[{"label":"Home","link":"https:\/\/www.eldigitaldeasturias.com\/noticias"},{"label":"Actualidad","link":"https:\/\/www.eldigitaldeasturias.com\/noticias\/category\/actualidad\/"},{"label":"Rajoy no tiene prevista ninguna reuni\u00f3n con Artur Mas","link":"https:\/\/www.eldigitaldeasturias.com\/noticias\/rajoy-no-tiene-prevista-ninguna-reunion-con-artur-mas\/"}],"_links":{"self":[{"href":"https:\/\/www.eldigitaldeasturias.com\/noticias\/wp-json\/wp\/v2\/posts\/486201","targetHints":{"allow":["GET"]}}],"collection":[{"href":"https:\/\/www.eldigitaldeasturias.com\/noticias\/wp-json\/wp\/v2\/posts"}],"about":[{"href":"https:\/\/www.eldigitaldeasturias.com\/noticias\/wp-json\/wp\/v2\/types\/post"}],"author":[{"embeddable":true,"href":"https:\/\/www.eldigitaldeasturias.com\/noticias\/wp-json\/wp\/v2\/users\/1"}],"replies":[{"embeddable":true,"href":"https:\/\/www.eldigitaldeasturias.com\/noticias\/wp-json\/wp\/v2\/comments?post=486201"}],"version-history":[{"count":0,"href":"https:\/\/www.eldigitaldeasturias.com\/noticias\/wp-json\/wp\/v2\/posts\/486201\/revisions"}],"wp:attachment":[{"href":"https:\/\/www.eldigitaldeasturias.com\/noticias\/wp-json\/wp\/v2\/media?parent=486201"}],"wp:term":[{"taxonomy":"category","embeddable":true,"href":"https:\/\/www.eldigitaldeasturias.com\/noticias\/wp-json\/wp\/v2\/categories?post=486201"},{"taxonomy":"post_tag","embeddable":true,"href":"https:\/\/www.eldigitaldeasturias.com\/noticias\/wp-json\/wp\/v2\/tags?post=486201"}],"curies":[{"name":"wp","href":"https:\/\/api.w.org\/{rel}","templated":true}]}}