{"id":486198,"date":"2014-02-07T22:45:41","date_gmt":"2014-02-07T23:45:41","guid":{"rendered":"http:\/\/www.eldigitaldeasturias.com\/noticias\/?p=486198"},"modified":"2014-02-07T22:45:41","modified_gmt":"2014-02-07T23:45:41","slug":"la-ce-insta-a-luchar-contra-el-trafico-de-animales-salvajes-y-protegidos","status":"publish","type":"post","link":"https:\/\/www.eldigitaldeasturias.com\/noticias\/la-ce-insta-a-luchar-contra-el-trafico-de-animales-salvajes-y-protegidos\/","title":{"rendered":"La CE insta a luchar contra el tr\u00e1fico de animales salvajes y protegidos"},"content":{"rendered":"<p><img loading=\"lazy\" decoding=\"async\" class=\"alignleft size-medium wp-image-486199\" alt=\"5920842w\" src=\"https:\/\/www.eldigitaldeasturias.com\/noticias\/wp-content\/uploads\/2014\/02\/5920842w-360x258.jpg\" width=\"360\" height=\"258\" \/>Bruselas, 7 feb (EFE).- La Comisi\u00f3n Europea (CE) hizo hoy un llamamiento para impulsar la lucha contra el tr\u00e1fico ilegal de productos derivados de animales salvajes y protegidos ante el crecimiento exponencial detectado en los \u00faltimos a\u00f1os.<\/p>\n<p>\u00abNo estamos hablando de turistas trayendo corales en peligro en sus maletas, estamos hablando de un negocio multimillonario ilegal con redes criminales internacionales\u00bb, se\u00f1al\u00f3 en rueda de prensa el comisario europeo de Medio Ambiente, Janez Potocnik.<\/p>\n<p>El Ejecutivo comunitario asegura que el tr\u00e1fico de estos productos se ha incrementado notablemente en los \u00faltimos a\u00f1os y que ha llegado a niveles sin precedentes para algunas especies.<\/p>\n<p>La caza ilegal de rinocerontes en Sud\u00e1frica, por ejemplo, ha experimentado un crecimiento exponencial desde los 13 ejemplares que se vieron afectados en 2007 a los m\u00e1s de 1.000 en 2013 debido a que los cuernos de estos animales se pagan a 40.000 euros el kilo, asegura la CE.<\/p>\n<p>Por otro lado, el n\u00famero de elefantes africanos capturados ilegalmente se ha duplicado durante la \u00faltima d\u00e9cada hasta llegar a los 22.000 ejemplares en 2012, y las muertes ilegales de tigres de Sumatra, cuyos huesos se pagan a 900 euros el kilo, alcanzan el 78 %.<\/p>\n<p>\u00abEl tr\u00e1fico de animales salvajes tiene un efecto terrible sobre la biodiversidad y tenemos que encontrar maneras de tomar acciones m\u00e1s decisivas\u00bb, a\u00f1adi\u00f3 Potocnik.<\/p>\n<p>Bruselas recuerda que, al tratarse de una actividad clandestina, los casos detectados son solo la punta del iceberg de un problema mucho m\u00e1s amplio y reconoce que la Uni\u00f3n Europea (UE) es un mercado de destino importante y un punto de tr\u00e1nsito destacado para este tipo de productos ilegales, en el que adem\u00e1s cada vez hay un papel mayor del crimen organizado.<\/p>\n<p>El n\u00famero de incautaciones en la UE asciende a 2.500 al a\u00f1o y, de acuerdo con el \u00faltimo informe de Europol, la corrupci\u00f3n, el blanqueo de dinero y la falsificaci\u00f3n de documentos suelen ser actividades colaterales al tr\u00e1fico de productos ilegales de origen animal.<\/p>\n<p>\u00abEl tr\u00e1fico de animales salvajes genera grandes ganancias para los grupos internacionales del crimen organizado\u00bb, admiti\u00f3 en un comunicado la comisaria europea de Interior, Cecilia Malmstr\u00f6m, quien consider\u00f3 que la nueva iniciativa de Bruselas permitir\u00e1 \u00abluchar contra este delito de manera m\u00e1s eficaz\u00bb.<\/p>\n<p>La CE recalca que m\u00e1s all\u00e1 del impacto en la seguridad interna en general a trav\u00e9s del crimen organizado, tambi\u00e9n est\u00e1 en riesgo la salud p\u00fablica, puesto que los productos clandestinos llegan al mercado sin pasar ning\u00fan control sanitario.<\/p>\n<p>Para activar el debate sobre esta cuesti\u00f3n, Bruselas ha organizado una consulta p\u00fablica, que permanecer\u00e1 abierta hasta el pr\u00f3ximo 10 de abril, en la que se sondea a los interesados por la manera en que la UE puede ser m\u00e1s efectiva en la lucha contra este fen\u00f3meno y por la posibilidad de imponer sanciones m\u00e1s fuertes.<\/p>\n","protected":false},"excerpt":{"rendered":"<p>Bruselas, 7 feb (EFE).- La Comisi\u00f3n Europea (CE) hizo hoy un llamamiento para impulsar la lucha contra el tr\u00e1fico ilegal de productos derivados de animales salvajes y protegidos ante el crecimiento exponencial detectado en los \u00faltimos a\u00f1os. \u00abNo estamos hablando de turistas trayendo corales en peligro en sus maletas, estamos hablando de un negocio multimillonario [&hellip;]<\/p>\n","protected":false},"author":1,"featured_media":486199,"comment_status":"open","ping_status":"open","sticky":false,"template":"","format":"standard","meta":{"footnotes":""},"categories":[1],"tags":[],"class_list":["post-486198","post","type-post","status-publish","format-standard","has-post-thumbnail","hentry","category-actualidad"],"aioseo_notices":[],"aioseo_head":"\n\t\t<!-- All in One SEO Pro 5.0.1 - aioseo.com -->\n\t<meta name=\"description\" content=\"Bruselas, 7 feb (EFE).- La Comisi\u00f3n Europea (CE) hizo hoy un llamamiento para impulsar la lucha contra el tr\u00e1fico ilegal de productos derivados de animales salvajes y protegidos ante el crecimiento exponencial detectado en los \u00faltimos a\u00f1os. &quot;No estamos hablando de turistas trayendo corales en peligro en sus maletas, estamos hablando de un negocio multimillonario\" \/>\n\t<meta name=\"robots\" content=\"max-image-preview:large\" \/>\n\t<meta name=\"author\" content=\"El Digital de Asturias\"\/>\n\t<meta name=\"google-site-verification\" content=\"UA-38556648-1\" \/>\n\t<meta name=\"msvalidate.01\" content=\"7dfe9f3f1b24437ab69f4f2559babe99\" \/>\n\t<meta name=\"keywords\" content=\"actualidad\" \/>\n\t<link rel=\"canonical\" href=\"https:\/\/www.eldigitaldeasturias.com\/noticias\/la-ce-insta-a-luchar-contra-el-trafico-de-animales-salvajes-y-protegidos\/\" \/>\n\t<meta name=\"generator\" content=\"All in One SEO Pro (AIOSEO) 5.0.1\" \/>\n\t\t<meta property=\"og:locale\" content=\"es_ES\" \/>\n\t\t<meta property=\"og:site_name\" content=\"El Digital de Asturias\" \/>\n\t\t<meta property=\"og:type\" content=\"article\" \/>\n\t\t<meta property=\"og:title\" content=\"La CE insta a luchar contra el tr\u00e1fico de animales salvajes y protegidos - El Digital de Asturias\" \/>\n\t\t<meta property=\"og:description\" content=\"Bruselas, 7 feb (EFE).- La Comisi\u00f3n Europea (CE) hizo hoy un llamamiento para impulsar la lucha contra el tr\u00e1fico ilegal de productos derivados de animales salvajes y protegidos ante el crecimiento exponencial detectado en los \u00faltimos a\u00f1os. &quot;No estamos hablando de turistas trayendo corales en peligro en sus maletas, estamos hablando de un negocio multimillonario\" \/>\n\t\t<meta property=\"og:url\" content=\"https:\/\/www.eldigitaldeasturias.com\/noticias\/la-ce-insta-a-luchar-contra-el-trafico-de-animales-salvajes-y-protegidos\/\" \/>\n\t\t<meta property=\"article:tag\" content=\"actualidad\" \/>\n\t\t<meta property=\"article:published_time\" content=\"2014-02-07T23:45:41+00:00\" \/>\n\t\t<meta property=\"article:modified_time\" content=\"2014-02-07T23:45:41+00:00\" \/>\n\t\t<meta property=\"article:publisher\" content=\"https:\/\/facebook.com\/eldigitaldeasturias\" \/>\n\t\t<meta name=\"twitter:card\" content=\"summary_large_image\" \/>\n\t\t<meta name=\"twitter:title\" content=\"La CE insta a luchar contra el tr\u00e1fico de animales salvajes y protegidos - El Digital de Asturias\" \/>\n\t\t<meta name=\"twitter:description\" content=\"Bruselas, 7 feb (EFE).- La Comisi\u00f3n Europea (CE) hizo hoy un llamamiento para impulsar la lucha contra el tr\u00e1fico ilegal de productos derivados de animales salvajes y protegidos ante el crecimiento exponencial detectado en los \u00faltimos a\u00f1os. &quot;No estamos hablando de turistas trayendo corales en peligro en sus maletas, estamos hablando de un negocio multimillonario\" \/>\n\t\t<meta name=\"twitter:label1\" content=\"Escrito por\" \/>\n\t\t<meta name=\"twitter:data1\" content=\"El Digital de Asturias\" \/>\n\t\t<meta name=\"twitter:label2\" content=\"Tiempo de lectura estimado\" \/>\n\t\t<meta name=\"twitter:data2\" content=\"2 minutos\" \/>\n\t\t<script type=\"application\/ld+json\" class=\"aioseo-schema\">\n\t\t\t{\"@context\":\"https:\\\/\\\/schema.org\",\"@graph\":[{\"@type\":\"BlogPosting\",\"@id\":\"https:\\\/\\\/www.eldigitaldeasturias.com\\\/noticias\\\/la-ce-insta-a-luchar-contra-el-trafico-de-animales-salvajes-y-protegidos\\\/#blogposting\",\"name\":\"La CE insta a luchar contra el tr\\u00e1fico de animales salvajes y protegidos - El Digital de Asturias\",\"headline\":\"La CE insta a luchar contra el tr\\u00e1fico de animales salvajes y protegidos\",\"author\":{\"@id\":\"https:\\\/\\\/www.eldigitaldeasturias.com\\\/noticias\\\/author\\\/admin\\\/#author\"},\"publisher\":{\"@id\":\"https:\\\/\\\/www.eldigitaldeasturias.com\\\/noticias\\\/#organization\"},\"image\":{\"@type\":\"ImageObject\",\"url\":486199},\"datePublished\":\"2014-02-07T22:45:41+01:00\",\"dateModified\":\"2014-02-07T22:45:41+01:00\",\"inLanguage\":\"es-ES\",\"mainEntityOfPage\":{\"@id\":\"https:\\\/\\\/www.eldigitaldeasturias.com\\\/noticias\\\/la-ce-insta-a-luchar-contra-el-trafico-de-animales-salvajes-y-protegidos\\\/#webpage\"},\"isPartOf\":{\"@id\":\"https:\\\/\\\/www.eldigitaldeasturias.com\\\/noticias\\\/la-ce-insta-a-luchar-contra-el-trafico-de-animales-salvajes-y-protegidos\\\/#webpage\"},\"articleSection\":\"Actualidad\"},{\"@type\":\"BreadcrumbList\",\"@id\":\"https:\\\/\\\/www.eldigitaldeasturias.com\\\/noticias\\\/la-ce-insta-a-luchar-contra-el-trafico-de-animales-salvajes-y-protegidos\\\/#breadcrumblist\",\"itemListElement\":[{\"@type\":\"ListItem\",\"@id\":\"https:\\\/\\\/www.eldigitaldeasturias.com\\\/noticias#listItem\",\"position\":1,\"name\":\"Home\",\"item\":\"https:\\\/\\\/www.eldigitaldeasturias.com\\\/noticias\",\"nextItem\":{\"@type\":\"ListItem\",\"@id\":\"https:\\\/\\\/www.eldigitaldeasturias.com\\\/noticias\\\/category\\\/actualidad\\\/#listItem\",\"name\":\"Actualidad\"}},{\"@type\":\"ListItem\",\"@id\":\"https:\\\/\\\/www.eldigitaldeasturias.com\\\/noticias\\\/category\\\/actualidad\\\/#listItem\",\"position\":2,\"name\":\"Actualidad\",\"item\":\"https:\\\/\\\/www.eldigitaldeasturias.com\\\/noticias\\\/category\\\/actualidad\\\/\",\"nextItem\":{\"@type\":\"ListItem\",\"@id\":\"https:\\\/\\\/www.eldigitaldeasturias.com\\\/noticias\\\/la-ce-insta-a-luchar-contra-el-trafico-de-animales-salvajes-y-protegidos\\\/#listItem\",\"name\":\"La CE insta a luchar contra el tr\\u00e1fico de animales salvajes y protegidos\"},\"previousItem\":{\"@type\":\"ListItem\",\"@id\":\"https:\\\/\\\/www.eldigitaldeasturias.com\\\/noticias#listItem\",\"name\":\"Home\"}},{\"@type\":\"ListItem\",\"@id\":\"https:\\\/\\\/www.eldigitaldeasturias.com\\\/noticias\\\/la-ce-insta-a-luchar-contra-el-trafico-de-animales-salvajes-y-protegidos\\\/#listItem\",\"position\":3,\"name\":\"La CE insta a luchar contra el tr\\u00e1fico de animales salvajes y protegidos\",\"previousItem\":{\"@type\":\"ListItem\",\"@id\":\"https:\\\/\\\/www.eldigitaldeasturias.com\\\/noticias\\\/category\\\/actualidad\\\/#listItem\",\"name\":\"Actualidad\"}}]},{\"@type\":\"Organization\",\"@id\":\"https:\\\/\\\/www.eldigitaldeasturias.com\\\/noticias\\\/#organization\",\"name\":\"El Digital de Asturias\",\"description\":\"Hemeroteca\",\"url\":\"https:\\\/\\\/www.eldigitaldeasturias.com\\\/noticias\\\/\",\"email\":\"info@eldigitaldeasturias.com\",\"telephone\":\"+34652131393\",\"logo\":{\"@type\":\"ImageObject\",\"url\":\"https:\\\/\\\/www.eldigitaldeasturias.com\\\/noticias\\\/wp-content\\\/uploads\\\/2020\\\/12\\\/EDA.jpg\",\"@id\":\"https:\\\/\\\/www.eldigitaldeasturias.com\\\/noticias\\\/la-ce-insta-a-luchar-contra-el-trafico-de-animales-salvajes-y-protegidos\\\/#organizationLogo\"},\"image\":{\"@id\":\"https:\\\/\\\/www.eldigitaldeasturias.com\\\/noticias\\\/la-ce-insta-a-luchar-contra-el-trafico-de-animales-salvajes-y-protegidos\\\/#organizationLogo\"},\"sameAs\":[\"https:\\\/\\\/facebook.com\\\/eldigitaldeasturias\",\"https:\\\/\\\/www.youtube.com\\\/channel\\\/UCZP-2wLEB9Rv6erhFmqVnvg\"],\"address\":{\"@id\":\"https:\\\/\\\/www.eldigitaldeasturias.com\\\/noticias\\\/#postaladdress\",\"@type\":\"PostalAddress\",\"streetAddress\":\"san antonio 4\",\"postalCode\":\"33430\",\"addressLocality\":\"Cand\\u00e1s\",\"addressRegion\":\"Asturias\",\"addressCountry\":\"ES\"}},{\"@type\":\"Person\",\"@id\":\"https:\\\/\\\/www.eldigitaldeasturias.com\\\/noticias\\\/author\\\/admin\\\/#author\",\"url\":\"https:\\\/\\\/www.eldigitaldeasturias.com\\\/noticias\\\/author\\\/admin\\\/\",\"name\":\"El Digital de Asturias\",\"image\":{\"@type\":\"ImageObject\",\"@id\":\"https:\\\/\\\/www.eldigitaldeasturias.com\\\/noticias\\\/la-ce-insta-a-luchar-contra-el-trafico-de-animales-salvajes-y-protegidos\\\/#authorImage\",\"url\":\"https:\\\/\\\/secure.gravatar.com\\\/avatar\\\/df2aeffc32bcd13f8d26072ef8a91b623d677766deac7f97ca815868cd41bf5e?s=96&d=mm&r=g\",\"width\":96,\"height\":96,\"caption\":\"El Digital de Asturias\"}},{\"@type\":\"WebPage\",\"@id\":\"https:\\\/\\\/www.eldigitaldeasturias.com\\\/noticias\\\/la-ce-insta-a-luchar-contra-el-trafico-de-animales-salvajes-y-protegidos\\\/#webpage\",\"url\":\"https:\\\/\\\/www.eldigitaldeasturias.com\\\/noticias\\\/la-ce-insta-a-luchar-contra-el-trafico-de-animales-salvajes-y-protegidos\\\/\",\"name\":\"La CE insta a luchar contra el tr\\u00e1fico de animales salvajes y protegidos - El Digital de Asturias\",\"description\":\"Bruselas, 7 feb (EFE).- La Comisi\\u00f3n Europea (CE) hizo hoy un llamamiento para impulsar la lucha contra el tr\\u00e1fico ilegal de productos derivados de animales salvajes y protegidos ante el crecimiento exponencial detectado en los \\u00faltimos a\\u00f1os. \\\"No estamos hablando de turistas trayendo corales en peligro en sus maletas, estamos hablando de un negocio multimillonario\",\"inLanguage\":\"es-ES\",\"isPartOf\":{\"@id\":\"https:\\\/\\\/www.eldigitaldeasturias.com\\\/noticias\\\/#website\"},\"breadcrumb\":{\"@id\":\"https:\\\/\\\/www.eldigitaldeasturias.com\\\/noticias\\\/la-ce-insta-a-luchar-contra-el-trafico-de-animales-salvajes-y-protegidos\\\/#breadcrumblist\"},\"author\":{\"@id\":\"https:\\\/\\\/www.eldigitaldeasturias.com\\\/noticias\\\/author\\\/admin\\\/#author\"},\"creator\":{\"@id\":\"https:\\\/\\\/www.eldigitaldeasturias.com\\\/noticias\\\/author\\\/admin\\\/#author\"},\"image\":{\"@type\":\"ImageObject\",\"url\":486199,\"@id\":\"https:\\\/\\\/www.eldigitaldeasturias.com\\\/noticias\\\/la-ce-insta-a-luchar-contra-el-trafico-de-animales-salvajes-y-protegidos\\\/#mainImage\"},\"primaryImageOfPage\":{\"@id\":\"https:\\\/\\\/www.eldigitaldeasturias.com\\\/noticias\\\/la-ce-insta-a-luchar-contra-el-trafico-de-animales-salvajes-y-protegidos\\\/#mainImage\"},\"datePublished\":\"2014-02-07T22:45:41+01:00\",\"dateModified\":\"2014-02-07T22:45:41+01:00\"},{\"@type\":\"WebSite\",\"@id\":\"https:\\\/\\\/www.eldigitaldeasturias.com\\\/noticias\\\/#website\",\"url\":\"https:\\\/\\\/www.eldigitaldeasturias.com\\\/noticias\\\/\",\"name\":\"El Digital de Asturias - Diario de actualidad y noticias\",\"alternateName\":\"El Digital de Asturias - Diario de actualidad y noticias\",\"description\":\"Hemeroteca\",\"inLanguage\":\"es-ES\",\"publisher\":{\"@id\":\"https:\\\/\\\/www.eldigitaldeasturias.com\\\/noticias\\\/#organization\"}}]}\n\t\t<\/script>\n\t\t<!-- All in One SEO Pro -->\r\n\t\t<title>La CE insta a luchar contra el tr\u00e1fico de animales salvajes y protegidos - El Digital de Asturias<\/title>\n\n","aioseo_head_json":{"title":"La CE insta a luchar contra el tr\u00e1fico de animales salvajes y protegidos - El Digital de Asturias","description":"Bruselas, 7 feb (EFE).- La Comisi\u00f3n Europea (CE) hizo hoy un llamamiento para impulsar la lucha contra el tr\u00e1fico ilegal de productos derivados de animales salvajes y protegidos ante el crecimiento exponencial detectado en los \u00faltimos a\u00f1os. \"No estamos hablando de turistas trayendo corales en peligro en sus maletas, estamos hablando de un negocio multimillonario","canonical_url":"https:\/\/www.eldigitaldeasturias.com\/noticias\/la-ce-insta-a-luchar-contra-el-trafico-de-animales-salvajes-y-protegidos\/","robots":"max-image-preview:large","keywords":"actualidad","webmasterTools":{"google-site-verification":"UA-38556648-1","msvalidate.01":"7dfe9f3f1b24437ab69f4f2559babe99","miscellaneous":""},"schema":{"@context":"https:\/\/schema.org","@graph":[{"@type":"BlogPosting","@id":"https:\/\/www.eldigitaldeasturias.com\/noticias\/la-ce-insta-a-luchar-contra-el-trafico-de-animales-salvajes-y-protegidos\/#blogposting","name":"La CE insta a luchar contra el tr\u00e1fico de animales salvajes y protegidos - El Digital de Asturias","headline":"La CE insta a luchar contra el tr\u00e1fico de animales salvajes y protegidos","author":{"@id":"https:\/\/www.eldigitaldeasturias.com\/noticias\/author\/admin\/#author"},"publisher":{"@id":"https:\/\/www.eldigitaldeasturias.com\/noticias\/#organization"},"image":{"@type":"ImageObject","url":486199},"datePublished":"2014-02-07T22:45:41+01:00","dateModified":"2014-02-07T22:45:41+01:00","inLanguage":"es-ES","mainEntityOfPage":{"@id":"https:\/\/www.eldigitaldeasturias.com\/noticias\/la-ce-insta-a-luchar-contra-el-trafico-de-animales-salvajes-y-protegidos\/#webpage"},"isPartOf":{"@id":"https:\/\/www.eldigitaldeasturias.com\/noticias\/la-ce-insta-a-luchar-contra-el-trafico-de-animales-salvajes-y-protegidos\/#webpage"},"articleSection":"Actualidad"},{"@type":"BreadcrumbList","@id":"https:\/\/www.eldigitaldeasturias.com\/noticias\/la-ce-insta-a-luchar-contra-el-trafico-de-animales-salvajes-y-protegidos\/#breadcrumblist","itemListElement":[{"@type":"ListItem","@id":"https:\/\/www.eldigitaldeasturias.com\/noticias#listItem","position":1,"name":"Home","item":"https:\/\/www.eldigitaldeasturias.com\/noticias","nextItem":{"@type":"ListItem","@id":"https:\/\/www.eldigitaldeasturias.com\/noticias\/category\/actualidad\/#listItem","name":"Actualidad"}},{"@type":"ListItem","@id":"https:\/\/www.eldigitaldeasturias.com\/noticias\/category\/actualidad\/#listItem","position":2,"name":"Actualidad","item":"https:\/\/www.eldigitaldeasturias.com\/noticias\/category\/actualidad\/","nextItem":{"@type":"ListItem","@id":"https:\/\/www.eldigitaldeasturias.com\/noticias\/la-ce-insta-a-luchar-contra-el-trafico-de-animales-salvajes-y-protegidos\/#listItem","name":"La CE insta a luchar contra el tr\u00e1fico de animales salvajes y protegidos"},"previousItem":{"@type":"ListItem","@id":"https:\/\/www.eldigitaldeasturias.com\/noticias#listItem","name":"Home"}},{"@type":"ListItem","@id":"https:\/\/www.eldigitaldeasturias.com\/noticias\/la-ce-insta-a-luchar-contra-el-trafico-de-animales-salvajes-y-protegidos\/#listItem","position":3,"name":"La CE insta a luchar contra el tr\u00e1fico de animales salvajes y protegidos","previousItem":{"@type":"ListItem","@id":"https:\/\/www.eldigitaldeasturias.com\/noticias\/category\/actualidad\/#listItem","name":"Actualidad"}}]},{"@type":"Organization","@id":"https:\/\/www.eldigitaldeasturias.com\/noticias\/#organization","name":"El Digital de Asturias","description":"Hemeroteca","url":"https:\/\/www.eldigitaldeasturias.com\/noticias\/","email":"info@eldigitaldeasturias.com","telephone":"+34652131393","logo":{"@type":"ImageObject","url":"https:\/\/www.eldigitaldeasturias.com\/noticias\/wp-content\/uploads\/2020\/12\/EDA.jpg","@id":"https:\/\/www.eldigitaldeasturias.com\/noticias\/la-ce-insta-a-luchar-contra-el-trafico-de-animales-salvajes-y-protegidos\/#organizationLogo"},"image":{"@id":"https:\/\/www.eldigitaldeasturias.com\/noticias\/la-ce-insta-a-luchar-contra-el-trafico-de-animales-salvajes-y-protegidos\/#organizationLogo"},"sameAs":["https:\/\/facebook.com\/eldigitaldeasturias","https:\/\/www.youtube.com\/channel\/UCZP-2wLEB9Rv6erhFmqVnvg"],"address":{"@id":"https:\/\/www.eldigitaldeasturias.com\/noticias\/#postaladdress","@type":"PostalAddress","streetAddress":"san antonio 4","postalCode":"33430","addressLocality":"Cand\u00e1s","addressRegion":"Asturias","addressCountry":"ES"}},{"@type":"Person","@id":"https:\/\/www.eldigitaldeasturias.com\/noticias\/author\/admin\/#author","url":"https:\/\/www.eldigitaldeasturias.com\/noticias\/author\/admin\/","name":"El Digital de Asturias","image":{"@type":"ImageObject","@id":"https:\/\/www.eldigitaldeasturias.com\/noticias\/la-ce-insta-a-luchar-contra-el-trafico-de-animales-salvajes-y-protegidos\/#authorImage","url":"https:\/\/secure.gravatar.com\/avatar\/df2aeffc32bcd13f8d26072ef8a91b623d677766deac7f97ca815868cd41bf5e?s=96&d=mm&r=g","width":96,"height":96,"caption":"El Digital de Asturias"}},{"@type":"WebPage","@id":"https:\/\/www.eldigitaldeasturias.com\/noticias\/la-ce-insta-a-luchar-contra-el-trafico-de-animales-salvajes-y-protegidos\/#webpage","url":"https:\/\/www.eldigitaldeasturias.com\/noticias\/la-ce-insta-a-luchar-contra-el-trafico-de-animales-salvajes-y-protegidos\/","name":"La CE insta a luchar contra el tr\u00e1fico de animales salvajes y protegidos - El Digital de Asturias","description":"Bruselas, 7 feb (EFE).- La Comisi\u00f3n Europea (CE) hizo hoy un llamamiento para impulsar la lucha contra el tr\u00e1fico ilegal de productos derivados de animales salvajes y protegidos ante el crecimiento exponencial detectado en los \u00faltimos a\u00f1os. \"No estamos hablando de turistas trayendo corales en peligro en sus maletas, estamos hablando de un negocio multimillonario","inLanguage":"es-ES","isPartOf":{"@id":"https:\/\/www.eldigitaldeasturias.com\/noticias\/#website"},"breadcrumb":{"@id":"https:\/\/www.eldigitaldeasturias.com\/noticias\/la-ce-insta-a-luchar-contra-el-trafico-de-animales-salvajes-y-protegidos\/#breadcrumblist"},"author":{"@id":"https:\/\/www.eldigitaldeasturias.com\/noticias\/author\/admin\/#author"},"creator":{"@id":"https:\/\/www.eldigitaldeasturias.com\/noticias\/author\/admin\/#author"},"image":{"@type":"ImageObject","url":486199,"@id":"https:\/\/www.eldigitaldeasturias.com\/noticias\/la-ce-insta-a-luchar-contra-el-trafico-de-animales-salvajes-y-protegidos\/#mainImage"},"primaryImageOfPage":{"@id":"https:\/\/www.eldigitaldeasturias.com\/noticias\/la-ce-insta-a-luchar-contra-el-trafico-de-animales-salvajes-y-protegidos\/#mainImage"},"datePublished":"2014-02-07T22:45:41+01:00","dateModified":"2014-02-07T22:45:41+01:00"},{"@type":"WebSite","@id":"https:\/\/www.eldigitaldeasturias.com\/noticias\/#website","url":"https:\/\/www.eldigitaldeasturias.com\/noticias\/","name":"El Digital de Asturias - Diario de actualidad y noticias","alternateName":"El Digital de Asturias - Diario de actualidad y noticias","description":"Hemeroteca","inLanguage":"es-ES","publisher":{"@id":"https:\/\/www.eldigitaldeasturias.com\/noticias\/#organization"}}]},"og:locale":"es_ES","og:site_name":"El Digital de Asturias","og:type":"article","og:title":"La CE insta a luchar contra el tr\u00e1fico de animales salvajes y protegidos - El Digital de Asturias","og:description":"Bruselas, 7 feb (EFE).- La Comisi\u00f3n Europea (CE) hizo hoy un llamamiento para impulsar la lucha contra el tr\u00e1fico ilegal de productos derivados de animales salvajes y protegidos ante el crecimiento exponencial detectado en los \u00faltimos a\u00f1os. &quot;No estamos hablando de turistas trayendo corales en peligro en sus maletas, estamos hablando de un negocio multimillonario","og:url":"https:\/\/www.eldigitaldeasturias.com\/noticias\/la-ce-insta-a-luchar-contra-el-trafico-de-animales-salvajes-y-protegidos\/","article:tag":["actualidad"],"article:published_time":"2014-02-07T23:45:41+00:00","article:modified_time":"2014-02-07T23:45:41+00:00","article:publisher":"https:\/\/facebook.com\/eldigitaldeasturias","twitter:card":"summary_large_image","twitter:title":"La CE insta a luchar contra el tr\u00e1fico de animales salvajes y protegidos - El Digital de Asturias","twitter:description":"Bruselas, 7 feb (EFE).- La Comisi\u00f3n Europea (CE) hizo hoy un llamamiento para impulsar la lucha contra el tr\u00e1fico ilegal de productos derivados de animales salvajes y protegidos ante el crecimiento exponencial detectado en los \u00faltimos a\u00f1os. &quot;No estamos hablando de turistas trayendo corales en peligro en sus maletas, estamos hablando de un negocio multimillonario","twitter:label1":"Escrito por","twitter:data1":"El Digital de Asturias","twitter:label2":"Tiempo de lectura estimado","twitter:data2":"2 minutos"},"aioseo_meta_data":{"post_id":"486198","title":null,"description":null,"keywords":null,"keyphrases":null,"primary_term":null,"canonical_url":null,"og_title":null,"og_description":null,"og_object_type":"default","og_image_type":"default","og_image_url":null,"og_image_width":null,"og_image_height":null,"og_image_custom_url":null,"og_image_custom_fields":null,"og_video":null,"og_custom_url":null,"og_article_section":null,"og_article_tags":null,"twitter_use_og":true,"twitter_card":"default","twitter_image_type":"default","twitter_image_url":null,"twitter_image_custom_url":null,"twitter_image_custom_fields":null,"twitter_title":null,"twitter_description":null,"schema":{"blockGraphs":[],"customGraphs":[],"default":{"data":{"Article":[],"Course":[],"Dataset":[],"FAQPage":[],"Movie":[],"Person":[],"Product":[],"ProductReview":[],"Car":[],"Recipe":[],"Service":[],"SoftwareApplication":[],"WebPage":[]},"graphName":"","isEnabled":true},"graphs":[],"defaultGraph":"","defaultPostTypeGraph":""},"schema_type":null,"schema_type_options":null,"pillar_content":false,"robots_default":true,"robots_noindex":false,"robots_noarchive":false,"robots_nosnippet":false,"robots_nofollow":false,"robots_noimageindex":false,"robots_noodp":false,"robots_notranslate":false,"robots_max_snippet":null,"robots_max_videopreview":null,"robots_max_imagepreview":"none","priority":null,"frequency":null,"local_seo":null,"seo_analyzer_scan_date":"2026-06-02 23:49:52","breadcrumb_settings":null,"limit_modified_date":false,"open_ai":null,"ai":null,"created":"2020-11-14 22:56:03","updated":"2026-06-02 23:49:52","focus_keyword":null,"additional_keywords":null,"truseo_locale":null},"aioseo_breadcrumb":"<div class=\"aioseo-breadcrumbs\"><span class=\"aioseo-breadcrumb\">\n\t<a href=\"https:\/\/www.eldigitaldeasturias.com\/noticias\" title=\"Home\">Home<\/a>\n<\/span><span class=\"aioseo-breadcrumb-separator\">\u2013<\/span><span class=\"aioseo-breadcrumb\">\n\t<a href=\"https:\/\/www.eldigitaldeasturias.com\/noticias\/category\/actualidad\/\" title=\"Actualidad\">Actualidad<\/a>\n<\/span><span class=\"aioseo-breadcrumb-separator\">\u2013<\/span><span class=\"aioseo-breadcrumb\">\n\t<a href=\"https:\/\/www.eldigitaldeasturias.com\/noticias\/la-ce-insta-a-luchar-contra-el-trafico-de-animales-salvajes-y-protegidos\/\" title=\"La CE insta a luchar contra el tr\u00e1fico de animales salvajes y protegidos\">La CE insta a luchar contra el tr\u00e1fico de animales salvajes y protegidos<\/a>\n<\/span><\/div>","aioseo_breadcrumb_json":[{"label":"Home","link":"https:\/\/www.eldigitaldeasturias.com\/noticias"},{"label":"Actualidad","link":"https:\/\/www.eldigitaldeasturias.com\/noticias\/category\/actualidad\/"},{"label":"La CE insta a luchar contra el tr\u00e1fico de animales salvajes y protegidos","link":"https:\/\/www.eldigitaldeasturias.com\/noticias\/la-ce-insta-a-luchar-contra-el-trafico-de-animales-salvajes-y-protegidos\/"}],"_links":{"self":[{"href":"https:\/\/www.eldigitaldeasturias.com\/noticias\/wp-json\/wp\/v2\/posts\/486198","targetHints":{"allow":["GET"]}}],"collection":[{"href":"https:\/\/www.eldigitaldeasturias.com\/noticias\/wp-json\/wp\/v2\/posts"}],"about":[{"href":"https:\/\/www.eldigitaldeasturias.com\/noticias\/wp-json\/wp\/v2\/types\/post"}],"author":[{"embeddable":true,"href":"https:\/\/www.eldigitaldeasturias.com\/noticias\/wp-json\/wp\/v2\/users\/1"}],"replies":[{"embeddable":true,"href":"https:\/\/www.eldigitaldeasturias.com\/noticias\/wp-json\/wp\/v2\/comments?post=486198"}],"version-history":[{"count":0,"href":"https:\/\/www.eldigitaldeasturias.com\/noticias\/wp-json\/wp\/v2\/posts\/486198\/revisions"}],"wp:attachment":[{"href":"https:\/\/www.eldigitaldeasturias.com\/noticias\/wp-json\/wp\/v2\/media?parent=486198"}],"wp:term":[{"taxonomy":"category","embeddable":true,"href":"https:\/\/www.eldigitaldeasturias.com\/noticias\/wp-json\/wp\/v2\/categories?post=486198"},{"taxonomy":"post_tag","embeddable":true,"href":"https:\/\/www.eldigitaldeasturias.com\/noticias\/wp-json\/wp\/v2\/tags?post=486198"}],"curies":[{"name":"wp","href":"https:\/\/api.w.org\/{rel}","templated":true}]}}