{"id":486192,"date":"2014-02-07T22:21:07","date_gmt":"2014-02-07T23:21:07","guid":{"rendered":"http:\/\/www.eldigitaldeasturias.com\/noticias\/?p=486192"},"modified":"2014-02-07T22:21:07","modified_gmt":"2014-02-07T23:21:07","slug":"treinta-muertos-en-enfrentamientos-etnicos-entre-tuareg-y-peul-en-el-norte-de-mali","status":"publish","type":"post","link":"https:\/\/www.eldigitaldeasturias.com\/noticias\/treinta-muertos-en-enfrentamientos-etnicos-entre-tuareg-y-peul-en-el-norte-de-mali\/","title":{"rendered":"Treinta muertos en enfrentamientos \u00e9tnicos entre tuareg y peul en el norte de Mali"},"content":{"rendered":"<p><img loading=\"lazy\" decoding=\"async\" class=\"alignleft size-medium wp-image-486193\" alt=\"5920747w\" src=\"https:\/\/www.eldigitaldeasturias.com\/noticias\/wp-content\/uploads\/2014\/02\/5920747w-360x239.jpg\" width=\"360\" height=\"239\" \/>Bamako, 7 feb (EFE).- Al menos 30 personas murieron en enfrentamientos entre miembros de la etnia tuareg y de la peul en una zona de la provincia maliense de Gao, en el norte del pa\u00eds, dijo hoy a Efe una fuente de la administraci\u00f3n local de Gao capital.<\/p>\n<p>Almuser Yatara, funcionario de la administraci\u00f3n, de origen tuareg, asegur\u00f3 a Efe que miembros de la comunidad peul mataron ayer a unos 30 tuaregs en una regi\u00f3n situada a unos 100 kil\u00f3metros al norte de Gao capital.<\/p>\n<p>Seg\u00fan la fuente, que no supo esclarecer el origen del brote de violencia, el Ej\u00e9rcito de Mali ha enviado refuerzos a la zona para interponerse entre ambas comunidades.<\/p>\n<p>Hasta el momento, las autoridades no se han pronunciado sobre lo sucedido.<\/p>\n<p>En Mali, donde los tuareg representan el 8 % de la poblaci\u00f3n del pa\u00eds, y los peul, el 17 %, son comunes las denuncias cruzadas de violencia racista entre distintos grupos.<\/p>\n<p>La etnia dominante en este pa\u00eds africano es la mande a la que pertenecen el 50 % de los malienses, seguida por la peul, los tuaregs y los songhais, que representan el 7 % de los habitantes del pa\u00eds.<\/p>\n","protected":false},"excerpt":{"rendered":"<p>Bamako, 7 feb (EFE).- Al menos 30 personas murieron en enfrentamientos entre miembros de la etnia tuareg y de la peul en una zona de la provincia maliense de Gao, en el norte del pa\u00eds, dijo hoy a Efe una fuente de la administraci\u00f3n local de Gao capital. Almuser Yatara, funcionario de la administraci\u00f3n, de [&hellip;]<\/p>\n","protected":false},"author":1,"featured_media":486193,"comment_status":"open","ping_status":"open","sticky":false,"template":"","format":"standard","meta":{"footnotes":""},"categories":[1],"tags":[],"class_list":["post-486192","post","type-post","status-publish","format-standard","has-post-thumbnail","hentry","category-actualidad"],"aioseo_notices":[],"aioseo_head":"\n\t\t<!-- All in One SEO Pro 5.0.1 - aioseo.com -->\n\t<meta name=\"description\" content=\"Bamako, 7 feb (EFE).- Al menos 30 personas murieron en enfrentamientos entre miembros de la etnia tuareg y de la peul en una zona de la provincia maliense de Gao, en el norte del pa\u00eds, dijo hoy a Efe una fuente de la administraci\u00f3n local de Gao capital. Almuser Yatara, funcionario de la administraci\u00f3n, de\" \/>\n\t<meta name=\"robots\" content=\"max-image-preview:large\" \/>\n\t<meta name=\"author\" content=\"El Digital de Asturias\"\/>\n\t<meta name=\"google-site-verification\" content=\"UA-38556648-1\" \/>\n\t<meta name=\"msvalidate.01\" content=\"7dfe9f3f1b24437ab69f4f2559babe99\" \/>\n\t<meta name=\"keywords\" content=\"actualidad\" \/>\n\t<link rel=\"canonical\" href=\"https:\/\/www.eldigitaldeasturias.com\/noticias\/treinta-muertos-en-enfrentamientos-etnicos-entre-tuareg-y-peul-en-el-norte-de-mali\/\" \/>\n\t<meta name=\"generator\" content=\"All in One SEO Pro (AIOSEO) 5.0.1\" \/>\n\t\t<meta property=\"og:locale\" content=\"es_ES\" \/>\n\t\t<meta property=\"og:site_name\" content=\"El Digital de Asturias\" \/>\n\t\t<meta property=\"og:type\" content=\"article\" \/>\n\t\t<meta property=\"og:title\" content=\"Treinta muertos en enfrentamientos \u00e9tnicos entre tuareg y peul en el norte de Mali - El Digital de Asturias\" \/>\n\t\t<meta property=\"og:description\" content=\"Bamako, 7 feb (EFE).- Al menos 30 personas murieron en enfrentamientos entre miembros de la etnia tuareg y de la peul en una zona de la provincia maliense de Gao, en el norte del pa\u00eds, dijo hoy a Efe una fuente de la administraci\u00f3n local de Gao capital. Almuser Yatara, funcionario de la administraci\u00f3n, de\" \/>\n\t\t<meta property=\"og:url\" content=\"https:\/\/www.eldigitaldeasturias.com\/noticias\/treinta-muertos-en-enfrentamientos-etnicos-entre-tuareg-y-peul-en-el-norte-de-mali\/\" \/>\n\t\t<meta property=\"article:tag\" content=\"actualidad\" \/>\n\t\t<meta property=\"article:published_time\" content=\"2014-02-07T23:21:07+00:00\" \/>\n\t\t<meta property=\"article:modified_time\" content=\"2014-02-07T23:21:07+00:00\" \/>\n\t\t<meta property=\"article:publisher\" content=\"https:\/\/facebook.com\/eldigitaldeasturias\" \/>\n\t\t<meta name=\"twitter:card\" content=\"summary_large_image\" \/>\n\t\t<meta name=\"twitter:title\" content=\"Treinta muertos en enfrentamientos \u00e9tnicos entre tuareg y peul en el norte de Mali - El Digital de Asturias\" \/>\n\t\t<meta name=\"twitter:description\" content=\"Bamako, 7 feb (EFE).- Al menos 30 personas murieron en enfrentamientos entre miembros de la etnia tuareg y de la peul en una zona de la provincia maliense de Gao, en el norte del pa\u00eds, dijo hoy a Efe una fuente de la administraci\u00f3n local de Gao capital. Almuser Yatara, funcionario de la administraci\u00f3n, de\" \/>\n\t\t<meta name=\"twitter:label1\" content=\"Escrito por\" \/>\n\t\t<meta name=\"twitter:data1\" content=\"El Digital de Asturias\" \/>\n\t\t<meta name=\"twitter:label2\" content=\"Tiempo de lectura estimado\" \/>\n\t\t<meta name=\"twitter:data2\" content=\"1 minuto\" \/>\n\t\t<script type=\"application\/ld+json\" class=\"aioseo-schema\">\n\t\t\t{\"@context\":\"https:\\\/\\\/schema.org\",\"@graph\":[{\"@type\":\"BlogPosting\",\"@id\":\"https:\\\/\\\/www.eldigitaldeasturias.com\\\/noticias\\\/treinta-muertos-en-enfrentamientos-etnicos-entre-tuareg-y-peul-en-el-norte-de-mali\\\/#blogposting\",\"name\":\"Treinta muertos en enfrentamientos \\u00e9tnicos entre tuareg y peul en el norte de Mali - El Digital de Asturias\",\"headline\":\"Treinta muertos en enfrentamientos \\u00e9tnicos entre tuareg y peul en el norte de Mali\",\"author\":{\"@id\":\"https:\\\/\\\/www.eldigitaldeasturias.com\\\/noticias\\\/author\\\/admin\\\/#author\"},\"publisher\":{\"@id\":\"https:\\\/\\\/www.eldigitaldeasturias.com\\\/noticias\\\/#organization\"},\"image\":{\"@type\":\"ImageObject\",\"url\":486193},\"datePublished\":\"2014-02-07T22:21:07+01:00\",\"dateModified\":\"2014-02-07T22:21:07+01:00\",\"inLanguage\":\"es-ES\",\"mainEntityOfPage\":{\"@id\":\"https:\\\/\\\/www.eldigitaldeasturias.com\\\/noticias\\\/treinta-muertos-en-enfrentamientos-etnicos-entre-tuareg-y-peul-en-el-norte-de-mali\\\/#webpage\"},\"isPartOf\":{\"@id\":\"https:\\\/\\\/www.eldigitaldeasturias.com\\\/noticias\\\/treinta-muertos-en-enfrentamientos-etnicos-entre-tuareg-y-peul-en-el-norte-de-mali\\\/#webpage\"},\"articleSection\":\"Actualidad\"},{\"@type\":\"BreadcrumbList\",\"@id\":\"https:\\\/\\\/www.eldigitaldeasturias.com\\\/noticias\\\/treinta-muertos-en-enfrentamientos-etnicos-entre-tuareg-y-peul-en-el-norte-de-mali\\\/#breadcrumblist\",\"itemListElement\":[{\"@type\":\"ListItem\",\"@id\":\"https:\\\/\\\/www.eldigitaldeasturias.com\\\/noticias#listItem\",\"position\":1,\"name\":\"Home\",\"item\":\"https:\\\/\\\/www.eldigitaldeasturias.com\\\/noticias\",\"nextItem\":{\"@type\":\"ListItem\",\"@id\":\"https:\\\/\\\/www.eldigitaldeasturias.com\\\/noticias\\\/category\\\/actualidad\\\/#listItem\",\"name\":\"Actualidad\"}},{\"@type\":\"ListItem\",\"@id\":\"https:\\\/\\\/www.eldigitaldeasturias.com\\\/noticias\\\/category\\\/actualidad\\\/#listItem\",\"position\":2,\"name\":\"Actualidad\",\"item\":\"https:\\\/\\\/www.eldigitaldeasturias.com\\\/noticias\\\/category\\\/actualidad\\\/\",\"nextItem\":{\"@type\":\"ListItem\",\"@id\":\"https:\\\/\\\/www.eldigitaldeasturias.com\\\/noticias\\\/treinta-muertos-en-enfrentamientos-etnicos-entre-tuareg-y-peul-en-el-norte-de-mali\\\/#listItem\",\"name\":\"Treinta muertos en enfrentamientos \\u00e9tnicos entre tuareg y peul en el norte de Mali\"},\"previousItem\":{\"@type\":\"ListItem\",\"@id\":\"https:\\\/\\\/www.eldigitaldeasturias.com\\\/noticias#listItem\",\"name\":\"Home\"}},{\"@type\":\"ListItem\",\"@id\":\"https:\\\/\\\/www.eldigitaldeasturias.com\\\/noticias\\\/treinta-muertos-en-enfrentamientos-etnicos-entre-tuareg-y-peul-en-el-norte-de-mali\\\/#listItem\",\"position\":3,\"name\":\"Treinta muertos en enfrentamientos \\u00e9tnicos entre tuareg y peul en el norte de Mali\",\"previousItem\":{\"@type\":\"ListItem\",\"@id\":\"https:\\\/\\\/www.eldigitaldeasturias.com\\\/noticias\\\/category\\\/actualidad\\\/#listItem\",\"name\":\"Actualidad\"}}]},{\"@type\":\"Organization\",\"@id\":\"https:\\\/\\\/www.eldigitaldeasturias.com\\\/noticias\\\/#organization\",\"name\":\"El Digital de Asturias\",\"description\":\"Hemeroteca\",\"url\":\"https:\\\/\\\/www.eldigitaldeasturias.com\\\/noticias\\\/\",\"email\":\"info@eldigitaldeasturias.com\",\"telephone\":\"+34652131393\",\"logo\":{\"@type\":\"ImageObject\",\"url\":\"https:\\\/\\\/www.eldigitaldeasturias.com\\\/noticias\\\/wp-content\\\/uploads\\\/2020\\\/12\\\/EDA.jpg\",\"@id\":\"https:\\\/\\\/www.eldigitaldeasturias.com\\\/noticias\\\/treinta-muertos-en-enfrentamientos-etnicos-entre-tuareg-y-peul-en-el-norte-de-mali\\\/#organizationLogo\"},\"image\":{\"@id\":\"https:\\\/\\\/www.eldigitaldeasturias.com\\\/noticias\\\/treinta-muertos-en-enfrentamientos-etnicos-entre-tuareg-y-peul-en-el-norte-de-mali\\\/#organizationLogo\"},\"sameAs\":[\"https:\\\/\\\/facebook.com\\\/eldigitaldeasturias\",\"https:\\\/\\\/www.youtube.com\\\/channel\\\/UCZP-2wLEB9Rv6erhFmqVnvg\"],\"address\":{\"@id\":\"https:\\\/\\\/www.eldigitaldeasturias.com\\\/noticias\\\/#postaladdress\",\"@type\":\"PostalAddress\",\"streetAddress\":\"san antonio 4\",\"postalCode\":\"33430\",\"addressLocality\":\"Cand\\u00e1s\",\"addressRegion\":\"Asturias\",\"addressCountry\":\"ES\"}},{\"@type\":\"Person\",\"@id\":\"https:\\\/\\\/www.eldigitaldeasturias.com\\\/noticias\\\/author\\\/admin\\\/#author\",\"url\":\"https:\\\/\\\/www.eldigitaldeasturias.com\\\/noticias\\\/author\\\/admin\\\/\",\"name\":\"El Digital de Asturias\",\"image\":{\"@type\":\"ImageObject\",\"@id\":\"https:\\\/\\\/www.eldigitaldeasturias.com\\\/noticias\\\/treinta-muertos-en-enfrentamientos-etnicos-entre-tuareg-y-peul-en-el-norte-de-mali\\\/#authorImage\",\"url\":\"https:\\\/\\\/secure.gravatar.com\\\/avatar\\\/df2aeffc32bcd13f8d26072ef8a91b623d677766deac7f97ca815868cd41bf5e?s=96&d=mm&r=g\",\"width\":96,\"height\":96,\"caption\":\"El Digital de Asturias\"}},{\"@type\":\"WebPage\",\"@id\":\"https:\\\/\\\/www.eldigitaldeasturias.com\\\/noticias\\\/treinta-muertos-en-enfrentamientos-etnicos-entre-tuareg-y-peul-en-el-norte-de-mali\\\/#webpage\",\"url\":\"https:\\\/\\\/www.eldigitaldeasturias.com\\\/noticias\\\/treinta-muertos-en-enfrentamientos-etnicos-entre-tuareg-y-peul-en-el-norte-de-mali\\\/\",\"name\":\"Treinta muertos en enfrentamientos \\u00e9tnicos entre tuareg y peul en el norte de Mali - El Digital de Asturias\",\"description\":\"Bamako, 7 feb (EFE).- Al menos 30 personas murieron en enfrentamientos entre miembros de la etnia tuareg y de la peul en una zona de la provincia maliense de Gao, en el norte del pa\\u00eds, dijo hoy a Efe una fuente de la administraci\\u00f3n local de Gao capital. Almuser Yatara, funcionario de la administraci\\u00f3n, de\",\"inLanguage\":\"es-ES\",\"isPartOf\":{\"@id\":\"https:\\\/\\\/www.eldigitaldeasturias.com\\\/noticias\\\/#website\"},\"breadcrumb\":{\"@id\":\"https:\\\/\\\/www.eldigitaldeasturias.com\\\/noticias\\\/treinta-muertos-en-enfrentamientos-etnicos-entre-tuareg-y-peul-en-el-norte-de-mali\\\/#breadcrumblist\"},\"author\":{\"@id\":\"https:\\\/\\\/www.eldigitaldeasturias.com\\\/noticias\\\/author\\\/admin\\\/#author\"},\"creator\":{\"@id\":\"https:\\\/\\\/www.eldigitaldeasturias.com\\\/noticias\\\/author\\\/admin\\\/#author\"},\"image\":{\"@type\":\"ImageObject\",\"url\":486193,\"@id\":\"https:\\\/\\\/www.eldigitaldeasturias.com\\\/noticias\\\/treinta-muertos-en-enfrentamientos-etnicos-entre-tuareg-y-peul-en-el-norte-de-mali\\\/#mainImage\"},\"primaryImageOfPage\":{\"@id\":\"https:\\\/\\\/www.eldigitaldeasturias.com\\\/noticias\\\/treinta-muertos-en-enfrentamientos-etnicos-entre-tuareg-y-peul-en-el-norte-de-mali\\\/#mainImage\"},\"datePublished\":\"2014-02-07T22:21:07+01:00\",\"dateModified\":\"2014-02-07T22:21:07+01:00\"},{\"@type\":\"WebSite\",\"@id\":\"https:\\\/\\\/www.eldigitaldeasturias.com\\\/noticias\\\/#website\",\"url\":\"https:\\\/\\\/www.eldigitaldeasturias.com\\\/noticias\\\/\",\"name\":\"El Digital de Asturias - Diario de actualidad y noticias\",\"alternateName\":\"El Digital de Asturias - Diario de actualidad y noticias\",\"description\":\"Hemeroteca\",\"inLanguage\":\"es-ES\",\"publisher\":{\"@id\":\"https:\\\/\\\/www.eldigitaldeasturias.com\\\/noticias\\\/#organization\"}}]}\n\t\t<\/script>\n\t\t<!-- All in One SEO Pro -->\r\n\t\t<title>Treinta muertos en enfrentamientos \u00e9tnicos entre tuareg y peul en el norte de Mali - El Digital de Asturias<\/title>\n\n","aioseo_head_json":{"title":"Treinta muertos en enfrentamientos \u00e9tnicos entre tuareg y peul en el norte de Mali - El Digital de Asturias","description":"Bamako, 7 feb (EFE).- Al menos 30 personas murieron en enfrentamientos entre miembros de la etnia tuareg y de la peul en una zona de la provincia maliense de Gao, en el norte del pa\u00eds, dijo hoy a Efe una fuente de la administraci\u00f3n local de Gao capital. Almuser Yatara, funcionario de la administraci\u00f3n, de","canonical_url":"https:\/\/www.eldigitaldeasturias.com\/noticias\/treinta-muertos-en-enfrentamientos-etnicos-entre-tuareg-y-peul-en-el-norte-de-mali\/","robots":"max-image-preview:large","keywords":"actualidad","webmasterTools":{"google-site-verification":"UA-38556648-1","msvalidate.01":"7dfe9f3f1b24437ab69f4f2559babe99","miscellaneous":""},"schema":{"@context":"https:\/\/schema.org","@graph":[{"@type":"BlogPosting","@id":"https:\/\/www.eldigitaldeasturias.com\/noticias\/treinta-muertos-en-enfrentamientos-etnicos-entre-tuareg-y-peul-en-el-norte-de-mali\/#blogposting","name":"Treinta muertos en enfrentamientos \u00e9tnicos entre tuareg y peul en el norte de Mali - El Digital de Asturias","headline":"Treinta muertos en enfrentamientos \u00e9tnicos entre tuareg y peul en el norte de Mali","author":{"@id":"https:\/\/www.eldigitaldeasturias.com\/noticias\/author\/admin\/#author"},"publisher":{"@id":"https:\/\/www.eldigitaldeasturias.com\/noticias\/#organization"},"image":{"@type":"ImageObject","url":486193},"datePublished":"2014-02-07T22:21:07+01:00","dateModified":"2014-02-07T22:21:07+01:00","inLanguage":"es-ES","mainEntityOfPage":{"@id":"https:\/\/www.eldigitaldeasturias.com\/noticias\/treinta-muertos-en-enfrentamientos-etnicos-entre-tuareg-y-peul-en-el-norte-de-mali\/#webpage"},"isPartOf":{"@id":"https:\/\/www.eldigitaldeasturias.com\/noticias\/treinta-muertos-en-enfrentamientos-etnicos-entre-tuareg-y-peul-en-el-norte-de-mali\/#webpage"},"articleSection":"Actualidad"},{"@type":"BreadcrumbList","@id":"https:\/\/www.eldigitaldeasturias.com\/noticias\/treinta-muertos-en-enfrentamientos-etnicos-entre-tuareg-y-peul-en-el-norte-de-mali\/#breadcrumblist","itemListElement":[{"@type":"ListItem","@id":"https:\/\/www.eldigitaldeasturias.com\/noticias#listItem","position":1,"name":"Home","item":"https:\/\/www.eldigitaldeasturias.com\/noticias","nextItem":{"@type":"ListItem","@id":"https:\/\/www.eldigitaldeasturias.com\/noticias\/category\/actualidad\/#listItem","name":"Actualidad"}},{"@type":"ListItem","@id":"https:\/\/www.eldigitaldeasturias.com\/noticias\/category\/actualidad\/#listItem","position":2,"name":"Actualidad","item":"https:\/\/www.eldigitaldeasturias.com\/noticias\/category\/actualidad\/","nextItem":{"@type":"ListItem","@id":"https:\/\/www.eldigitaldeasturias.com\/noticias\/treinta-muertos-en-enfrentamientos-etnicos-entre-tuareg-y-peul-en-el-norte-de-mali\/#listItem","name":"Treinta muertos en enfrentamientos \u00e9tnicos entre tuareg y peul en el norte de Mali"},"previousItem":{"@type":"ListItem","@id":"https:\/\/www.eldigitaldeasturias.com\/noticias#listItem","name":"Home"}},{"@type":"ListItem","@id":"https:\/\/www.eldigitaldeasturias.com\/noticias\/treinta-muertos-en-enfrentamientos-etnicos-entre-tuareg-y-peul-en-el-norte-de-mali\/#listItem","position":3,"name":"Treinta muertos en enfrentamientos \u00e9tnicos entre tuareg y peul en el norte de Mali","previousItem":{"@type":"ListItem","@id":"https:\/\/www.eldigitaldeasturias.com\/noticias\/category\/actualidad\/#listItem","name":"Actualidad"}}]},{"@type":"Organization","@id":"https:\/\/www.eldigitaldeasturias.com\/noticias\/#organization","name":"El Digital de Asturias","description":"Hemeroteca","url":"https:\/\/www.eldigitaldeasturias.com\/noticias\/","email":"info@eldigitaldeasturias.com","telephone":"+34652131393","logo":{"@type":"ImageObject","url":"https:\/\/www.eldigitaldeasturias.com\/noticias\/wp-content\/uploads\/2020\/12\/EDA.jpg","@id":"https:\/\/www.eldigitaldeasturias.com\/noticias\/treinta-muertos-en-enfrentamientos-etnicos-entre-tuareg-y-peul-en-el-norte-de-mali\/#organizationLogo"},"image":{"@id":"https:\/\/www.eldigitaldeasturias.com\/noticias\/treinta-muertos-en-enfrentamientos-etnicos-entre-tuareg-y-peul-en-el-norte-de-mali\/#organizationLogo"},"sameAs":["https:\/\/facebook.com\/eldigitaldeasturias","https:\/\/www.youtube.com\/channel\/UCZP-2wLEB9Rv6erhFmqVnvg"],"address":{"@id":"https:\/\/www.eldigitaldeasturias.com\/noticias\/#postaladdress","@type":"PostalAddress","streetAddress":"san antonio 4","postalCode":"33430","addressLocality":"Cand\u00e1s","addressRegion":"Asturias","addressCountry":"ES"}},{"@type":"Person","@id":"https:\/\/www.eldigitaldeasturias.com\/noticias\/author\/admin\/#author","url":"https:\/\/www.eldigitaldeasturias.com\/noticias\/author\/admin\/","name":"El Digital de Asturias","image":{"@type":"ImageObject","@id":"https:\/\/www.eldigitaldeasturias.com\/noticias\/treinta-muertos-en-enfrentamientos-etnicos-entre-tuareg-y-peul-en-el-norte-de-mali\/#authorImage","url":"https:\/\/secure.gravatar.com\/avatar\/df2aeffc32bcd13f8d26072ef8a91b623d677766deac7f97ca815868cd41bf5e?s=96&d=mm&r=g","width":96,"height":96,"caption":"El Digital de Asturias"}},{"@type":"WebPage","@id":"https:\/\/www.eldigitaldeasturias.com\/noticias\/treinta-muertos-en-enfrentamientos-etnicos-entre-tuareg-y-peul-en-el-norte-de-mali\/#webpage","url":"https:\/\/www.eldigitaldeasturias.com\/noticias\/treinta-muertos-en-enfrentamientos-etnicos-entre-tuareg-y-peul-en-el-norte-de-mali\/","name":"Treinta muertos en enfrentamientos \u00e9tnicos entre tuareg y peul en el norte de Mali - El Digital de Asturias","description":"Bamako, 7 feb (EFE).- Al menos 30 personas murieron en enfrentamientos entre miembros de la etnia tuareg y de la peul en una zona de la provincia maliense de Gao, en el norte del pa\u00eds, dijo hoy a Efe una fuente de la administraci\u00f3n local de Gao capital. Almuser Yatara, funcionario de la administraci\u00f3n, de","inLanguage":"es-ES","isPartOf":{"@id":"https:\/\/www.eldigitaldeasturias.com\/noticias\/#website"},"breadcrumb":{"@id":"https:\/\/www.eldigitaldeasturias.com\/noticias\/treinta-muertos-en-enfrentamientos-etnicos-entre-tuareg-y-peul-en-el-norte-de-mali\/#breadcrumblist"},"author":{"@id":"https:\/\/www.eldigitaldeasturias.com\/noticias\/author\/admin\/#author"},"creator":{"@id":"https:\/\/www.eldigitaldeasturias.com\/noticias\/author\/admin\/#author"},"image":{"@type":"ImageObject","url":486193,"@id":"https:\/\/www.eldigitaldeasturias.com\/noticias\/treinta-muertos-en-enfrentamientos-etnicos-entre-tuareg-y-peul-en-el-norte-de-mali\/#mainImage"},"primaryImageOfPage":{"@id":"https:\/\/www.eldigitaldeasturias.com\/noticias\/treinta-muertos-en-enfrentamientos-etnicos-entre-tuareg-y-peul-en-el-norte-de-mali\/#mainImage"},"datePublished":"2014-02-07T22:21:07+01:00","dateModified":"2014-02-07T22:21:07+01:00"},{"@type":"WebSite","@id":"https:\/\/www.eldigitaldeasturias.com\/noticias\/#website","url":"https:\/\/www.eldigitaldeasturias.com\/noticias\/","name":"El Digital de Asturias - Diario de actualidad y noticias","alternateName":"El Digital de Asturias - Diario de actualidad y noticias","description":"Hemeroteca","inLanguage":"es-ES","publisher":{"@id":"https:\/\/www.eldigitaldeasturias.com\/noticias\/#organization"}}]},"og:locale":"es_ES","og:site_name":"El Digital de Asturias","og:type":"article","og:title":"Treinta muertos en enfrentamientos \u00e9tnicos entre tuareg y peul en el norte de Mali - El Digital de Asturias","og:description":"Bamako, 7 feb (EFE).- Al menos 30 personas murieron en enfrentamientos entre miembros de la etnia tuareg y de la peul en una zona de la provincia maliense de Gao, en el norte del pa\u00eds, dijo hoy a Efe una fuente de la administraci\u00f3n local de Gao capital. Almuser Yatara, funcionario de la administraci\u00f3n, de","og:url":"https:\/\/www.eldigitaldeasturias.com\/noticias\/treinta-muertos-en-enfrentamientos-etnicos-entre-tuareg-y-peul-en-el-norte-de-mali\/","article:tag":["actualidad"],"article:published_time":"2014-02-07T23:21:07+00:00","article:modified_time":"2014-02-07T23:21:07+00:00","article:publisher":"https:\/\/facebook.com\/eldigitaldeasturias","twitter:card":"summary_large_image","twitter:title":"Treinta muertos en enfrentamientos \u00e9tnicos entre tuareg y peul en el norte de Mali - El Digital de Asturias","twitter:description":"Bamako, 7 feb (EFE).- Al menos 30 personas murieron en enfrentamientos entre miembros de la etnia tuareg y de la peul en una zona de la provincia maliense de Gao, en el norte del pa\u00eds, dijo hoy a Efe una fuente de la administraci\u00f3n local de Gao capital. Almuser Yatara, funcionario de la administraci\u00f3n, de","twitter:label1":"Escrito por","twitter:data1":"El Digital de Asturias","twitter:label2":"Tiempo de lectura estimado","twitter:data2":"1 minuto"},"aioseo_meta_data":{"post_id":"486192","title":null,"description":null,"keywords":null,"keyphrases":null,"primary_term":null,"canonical_url":null,"og_title":null,"og_description":null,"og_object_type":"default","og_image_type":"default","og_image_url":null,"og_image_width":null,"og_image_height":null,"og_image_custom_url":null,"og_image_custom_fields":null,"og_video":null,"og_custom_url":null,"og_article_section":null,"og_article_tags":null,"twitter_use_og":true,"twitter_card":"default","twitter_image_type":"default","twitter_image_url":null,"twitter_image_custom_url":null,"twitter_image_custom_fields":null,"twitter_title":null,"twitter_description":null,"schema":{"blockGraphs":[],"customGraphs":[],"default":{"data":{"Article":[],"Course":[],"Dataset":[],"FAQPage":[],"Movie":[],"Person":[],"Product":[],"ProductReview":[],"Car":[],"Recipe":[],"Service":[],"SoftwareApplication":[],"WebPage":[]},"graphName":"","isEnabled":true},"graphs":[],"defaultGraph":"","defaultPostTypeGraph":""},"schema_type":null,"schema_type_options":null,"pillar_content":false,"robots_default":true,"robots_noindex":false,"robots_noarchive":false,"robots_nosnippet":false,"robots_nofollow":false,"robots_noimageindex":false,"robots_noodp":false,"robots_notranslate":false,"robots_max_snippet":null,"robots_max_videopreview":null,"robots_max_imagepreview":"none","priority":null,"frequency":null,"local_seo":null,"seo_analyzer_scan_date":"2026-06-02 23:46:48","breadcrumb_settings":null,"limit_modified_date":false,"open_ai":null,"ai":null,"created":"2020-11-14 22:56:03","updated":"2026-06-02 23:46:48","focus_keyword":null,"additional_keywords":null,"truseo_locale":null},"aioseo_breadcrumb":"<div class=\"aioseo-breadcrumbs\"><span class=\"aioseo-breadcrumb\">\n\t<a href=\"https:\/\/www.eldigitaldeasturias.com\/noticias\" title=\"Home\">Home<\/a>\n<\/span><span class=\"aioseo-breadcrumb-separator\">\u2013<\/span><span class=\"aioseo-breadcrumb\">\n\t<a href=\"https:\/\/www.eldigitaldeasturias.com\/noticias\/category\/actualidad\/\" title=\"Actualidad\">Actualidad<\/a>\n<\/span><span class=\"aioseo-breadcrumb-separator\">\u2013<\/span><span class=\"aioseo-breadcrumb\">\n\t<a href=\"https:\/\/www.eldigitaldeasturias.com\/noticias\/treinta-muertos-en-enfrentamientos-etnicos-entre-tuareg-y-peul-en-el-norte-de-mali\/\" title=\"Treinta muertos en enfrentamientos \u00e9tnicos entre tuareg y peul en el norte de Mali\">Treinta muertos en enfrentamientos \u00e9tnicos entre tuareg y peul en el norte de Mali<\/a>\n<\/span><\/div>","aioseo_breadcrumb_json":[{"label":"Home","link":"https:\/\/www.eldigitaldeasturias.com\/noticias"},{"label":"Actualidad","link":"https:\/\/www.eldigitaldeasturias.com\/noticias\/category\/actualidad\/"},{"label":"Treinta muertos en enfrentamientos \u00e9tnicos entre tuareg y peul en el norte de Mali","link":"https:\/\/www.eldigitaldeasturias.com\/noticias\/treinta-muertos-en-enfrentamientos-etnicos-entre-tuareg-y-peul-en-el-norte-de-mali\/"}],"_links":{"self":[{"href":"https:\/\/www.eldigitaldeasturias.com\/noticias\/wp-json\/wp\/v2\/posts\/486192","targetHints":{"allow":["GET"]}}],"collection":[{"href":"https:\/\/www.eldigitaldeasturias.com\/noticias\/wp-json\/wp\/v2\/posts"}],"about":[{"href":"https:\/\/www.eldigitaldeasturias.com\/noticias\/wp-json\/wp\/v2\/types\/post"}],"author":[{"embeddable":true,"href":"https:\/\/www.eldigitaldeasturias.com\/noticias\/wp-json\/wp\/v2\/users\/1"}],"replies":[{"embeddable":true,"href":"https:\/\/www.eldigitaldeasturias.com\/noticias\/wp-json\/wp\/v2\/comments?post=486192"}],"version-history":[{"count":0,"href":"https:\/\/www.eldigitaldeasturias.com\/noticias\/wp-json\/wp\/v2\/posts\/486192\/revisions"}],"wp:attachment":[{"href":"https:\/\/www.eldigitaldeasturias.com\/noticias\/wp-json\/wp\/v2\/media?parent=486192"}],"wp:term":[{"taxonomy":"category","embeddable":true,"href":"https:\/\/www.eldigitaldeasturias.com\/noticias\/wp-json\/wp\/v2\/categories?post=486192"},{"taxonomy":"post_tag","embeddable":true,"href":"https:\/\/www.eldigitaldeasturias.com\/noticias\/wp-json\/wp\/v2\/tags?post=486192"}],"curies":[{"name":"wp","href":"https:\/\/api.w.org\/{rel}","templated":true}]}}