{"id":486177,"date":"2014-02-07T22:13:54","date_gmt":"2014-02-07T23:13:54","guid":{"rendered":"http:\/\/www.eldigitaldeasturias.com\/noticias\/?p=486177"},"modified":"2014-02-07T22:13:54","modified_gmt":"2014-02-07T23:13:54","slug":"los-ayuntamientos-plantearan-un-conflicto-ante-el-constitucional-por-la-reforma-local","status":"publish","type":"post","link":"https:\/\/www.eldigitaldeasturias.com\/noticias\/los-ayuntamientos-plantearan-un-conflicto-ante-el-constitucional-por-la-reforma-local\/","title":{"rendered":"Los ayuntamientos plantear\u00e1n un conflicto ante el Constitucional por la reforma local"},"content":{"rendered":"<p><img loading=\"lazy\" decoding=\"async\" class=\"alignleft size-medium wp-image-486178\" alt=\"5920399w\" src=\"https:\/\/www.eldigitaldeasturias.com\/noticias\/wp-content\/uploads\/2014\/02\/5920399w-360x224.jpg\" width=\"360\" height=\"224\" \/>Madrid, 7 feb (EFE).- Los ayuntamientos plantear\u00e1n, por primera vez, un conflicto de competencias ante el Tribunal Constitucional debido a la ley sobre la reforma local, al entender que invade la autonom\u00eda municipal y sus competencias.<\/p>\n<p>Este acuerdo ha sido alcanzado por representantes de los partidos de la mayor\u00eda del arco parlamentario, con la excepci\u00f3n del PP y del PNV, y alcaldes de estas formaciones que han consensuado un texto que ser\u00e1 debatido y, en su caso, aprobado por los plenos municipales a partir del pr\u00f3ximo lunes.<\/p>\n<p>El ayuntamiento de mayor representatividad, probablemente el de Barcelona, remitir\u00e1 el texto al Ministerio de Hacienda y Administraciones P\u00fablicas, que lo enviar\u00e1 al Consejo de Estado para que emita un dictamen, tras el que se podr\u00e1 interponer el recurso.<\/p>\n<p>As\u00ed lo que ha explicado el secretario de pol\u00edtica municipal del PSOE, Gaspar Zarr\u00edas, tras una reuni\u00f3n con alcaldes y diputados de su grupo, CiU, Izquierda Plural, UpyD, CC, Compromis y otras fuerzas parlamentarias, celebrada en el Congreso, en la que tambi\u00e9n se han comprometido a derogar la ley cuando cuenten con mayor\u00eda suficiente.<\/p>\n<p>En rueda de prensa, ha precisado que, para interponer el recurso, es necesario que lo suscriban una s\u00e9ptima parte del total de ayuntamientos -1.160 de los 8.116 existentes-, que tienen que representar a una sexta parte de la poblaci\u00f3n, 7,6 millones de ciudadanos.<\/p>\n<p>Zarr\u00edas ha dicho que las fuerzas pol\u00edticas que respaldan esta decisi\u00f3n suman 3.500 municipios y m\u00e1s de 15 millones de habitantes.<\/p>\n<p>Tras insistir en que se trata de un conflicto en defensa de la autonom\u00eda local, ha indicado que en 2002 los ayuntamientos tambi\u00e9n intentaron interponer un recurso ante el Tribunal Constitucional, pero que no fue admitido por defecto de forma y ha explicado que fue contra la ley de Estabilidad Presupuestaria y, exactamente, el municipio de Lleida.<\/p>\n<p>Ha reiterado que la reforma local es regresiva y supone una contrarreforma de los ayuntamientos, al dejarlos como \u00abmeras oficinas administrativas bajo el Gobierno de turno\u00bb y establecer \u00abmecanismos de tutela\u00bb por parte de otras administraciones, lo que condicionar\u00e1 la aplicaci\u00f3n de los servicios p\u00fablicos.<\/p>\n<p>Zarr\u00edas, que ha subrayado que vulnera los art\u00edculos 137 y 140 de la Constituci\u00f3n, ha se\u00f1alado que habr\u00e1 otros procedimientos ante el Tribunal Constitucional desde los gobiernos y parlamentos auton\u00f3micos y \u00abdesde esta Casa\u00bb, ya que 50 diputados de su grupo firmar\u00e1n el correspondiente recurso, que ya se elabora.<\/p>\n<p>Carmen Say\u00f3s, de CiU, ha indicado que su grupo \u00abno se lo ha pensado dos veces\u00bb para secundar esta acci\u00f3n, dado que la reforma recentraliza competencias y vulnera el Estatuto de Catalu\u00f1a.<\/p>\n<p>Ha se\u00f1alado que la unidad lograda entre las diferentes fuerzas pol\u00edticas deber\u00eda hacer reflexionar al Gobierno, pues la ley no aporta ninguna mejora al mundo municipal, ni siquiera en financiaci\u00f3n.<\/p>\n<p>\u00abCiU -ha continuado- garantiza el voto de 500 municipios y una poblaci\u00f3n de cuatro millones de habitantes\u00bb.<\/p>\n<p>La diputada de IU Ascensi\u00f3n de las Heras ha recordado que durante la tramitaci\u00f3n de la ley, aprobada a finales de diciembre, el Gobierno estuvo \u00abciego\u00bb y no admiti\u00f3 ni negoci\u00f3 ninguna de las enmiendas a la totalidad, ni las parciales.<\/p>\n<p>En su opini\u00f3n, esta iniciativa va a dejar claro el rechazo de \u00abmiles\u00bb de ayuntamientos y de millones de ciudadanos a la reforma y ha precisado que la \u00abcentralizar\u00e1\u00bb el de Barcelona.<\/p>\n<p>Joan Baldov\u00ed, de Compromis, que ha considerado una \u00ablecci\u00f3n\u00bb el acuerdo alcanzado entre \u00abfuerzas tan diversas\u00bb y lo ha puesto como ejemplo de lo que debe de ser un Parlamento, ha afirmado que era necesaria una reforma local, pero distinta de la aprobada por el Gobierno.<\/p>\n<p>Ches\u00fas Yuste, de la Chunta, ha coincidido con los anteriores en que la ley abre la puerta a la privatizaci\u00f3n de los servicios y ha indicado que en Arag\u00f3n se est\u00e1 estudiando si invade competencias.<\/p>\n<p>En su opini\u00f3n, supone \u00abuna bomba nuclear\u00bb contra el mapa territorial de la comunidad, ya que de los 731 municipios, solo cuatro tienen m\u00e1s de 20.000 habitantes y 25, m\u00e1s de 5.000, por lo que el 96 % \u00abest\u00e1 amenazado por el control estatal o por la propia desaparici\u00f3n\u00bb.<\/p>\n<p>En declaraciones fuera de la sala, el secretario general del grupo de UPyD, Andr\u00e9s Herzog, que no es diputado, ha considerado que reforzar las competencias de las Diputaciones, como prev\u00e9 la ley, no es la soluci\u00f3n y que la reforma tampoco arregla las competencias municipales, por lo que apoyan este conflicto en defensa de la autonom\u00eda local.<\/p>\n","protected":false},"excerpt":{"rendered":"<p>Madrid, 7 feb (EFE).- Los ayuntamientos plantear\u00e1n, por primera vez, un conflicto de competencias ante el Tribunal Constitucional debido a la ley sobre la reforma local, al entender que invade la autonom\u00eda municipal y sus competencias. Este acuerdo ha sido alcanzado por representantes de los partidos de la mayor\u00eda del arco parlamentario, con la excepci\u00f3n [&hellip;]<\/p>\n","protected":false},"author":1,"featured_media":486178,"comment_status":"open","ping_status":"open","sticky":false,"template":"","format":"standard","meta":{"footnotes":""},"categories":[1],"tags":[],"class_list":["post-486177","post","type-post","status-publish","format-standard","has-post-thumbnail","hentry","category-actualidad"],"aioseo_notices":[],"aioseo_head":"\n\t\t<!-- All in One SEO Pro 5.0.1 - aioseo.com -->\n\t<meta name=\"description\" content=\"Madrid, 7 feb (EFE).- Los ayuntamientos plantear\u00e1n, por primera vez, un conflicto de competencias ante el Tribunal Constitucional debido a la ley sobre la reforma local, al entender que invade la autonom\u00eda municipal y sus competencias. Este acuerdo ha sido alcanzado por representantes de los partidos de la mayor\u00eda del arco parlamentario, con la excepci\u00f3n\" \/>\n\t<meta name=\"robots\" content=\"max-image-preview:large\" \/>\n\t<meta name=\"author\" content=\"El Digital de Asturias\"\/>\n\t<meta name=\"google-site-verification\" content=\"UA-38556648-1\" \/>\n\t<meta name=\"msvalidate.01\" content=\"7dfe9f3f1b24437ab69f4f2559babe99\" \/>\n\t<meta name=\"keywords\" content=\"actualidad\" \/>\n\t<link rel=\"canonical\" href=\"https:\/\/www.eldigitaldeasturias.com\/noticias\/los-ayuntamientos-plantearan-un-conflicto-ante-el-constitucional-por-la-reforma-local\/\" \/>\n\t<meta name=\"generator\" content=\"All in One SEO Pro (AIOSEO) 5.0.1\" \/>\n\t\t<meta property=\"og:locale\" content=\"es_ES\" \/>\n\t\t<meta property=\"og:site_name\" content=\"El Digital de Asturias\" \/>\n\t\t<meta property=\"og:type\" content=\"article\" \/>\n\t\t<meta property=\"og:title\" content=\"Los ayuntamientos plantear\u00e1n un conflicto ante el Constitucional por la reforma local - El Digital de Asturias\" \/>\n\t\t<meta property=\"og:description\" content=\"Madrid, 7 feb (EFE).- Los ayuntamientos plantear\u00e1n, por primera vez, un conflicto de competencias ante el Tribunal Constitucional debido a la ley sobre la reforma local, al entender que invade la autonom\u00eda municipal y sus competencias. Este acuerdo ha sido alcanzado por representantes de los partidos de la mayor\u00eda del arco parlamentario, con la excepci\u00f3n\" \/>\n\t\t<meta property=\"og:url\" content=\"https:\/\/www.eldigitaldeasturias.com\/noticias\/los-ayuntamientos-plantearan-un-conflicto-ante-el-constitucional-por-la-reforma-local\/\" \/>\n\t\t<meta property=\"article:tag\" content=\"actualidad\" \/>\n\t\t<meta property=\"article:published_time\" content=\"2014-02-07T23:13:54+00:00\" \/>\n\t\t<meta property=\"article:modified_time\" content=\"2014-02-07T23:13:54+00:00\" \/>\n\t\t<meta property=\"article:publisher\" content=\"https:\/\/facebook.com\/eldigitaldeasturias\" \/>\n\t\t<meta name=\"twitter:card\" content=\"summary_large_image\" \/>\n\t\t<meta name=\"twitter:title\" content=\"Los ayuntamientos plantear\u00e1n un conflicto ante el Constitucional por la reforma local - El Digital de Asturias\" \/>\n\t\t<meta name=\"twitter:description\" content=\"Madrid, 7 feb (EFE).- Los ayuntamientos plantear\u00e1n, por primera vez, un conflicto de competencias ante el Tribunal Constitucional debido a la ley sobre la reforma local, al entender que invade la autonom\u00eda municipal y sus competencias. Este acuerdo ha sido alcanzado por representantes de los partidos de la mayor\u00eda del arco parlamentario, con la excepci\u00f3n\" \/>\n\t\t<meta name=\"twitter:label1\" content=\"Escrito por\" \/>\n\t\t<meta name=\"twitter:data1\" content=\"El Digital de Asturias\" \/>\n\t\t<meta name=\"twitter:label2\" content=\"Tiempo de lectura estimado\" \/>\n\t\t<meta name=\"twitter:data2\" content=\"4 minutos\" \/>\n\t\t<script type=\"application\/ld+json\" class=\"aioseo-schema\">\n\t\t\t{\"@context\":\"https:\\\/\\\/schema.org\",\"@graph\":[{\"@type\":\"BlogPosting\",\"@id\":\"https:\\\/\\\/www.eldigitaldeasturias.com\\\/noticias\\\/los-ayuntamientos-plantearan-un-conflicto-ante-el-constitucional-por-la-reforma-local\\\/#blogposting\",\"name\":\"Los ayuntamientos plantear\\u00e1n un conflicto ante el Constitucional por la reforma local - El Digital de Asturias\",\"headline\":\"Los ayuntamientos plantear\\u00e1n un conflicto ante el Constitucional por la reforma local\",\"author\":{\"@id\":\"https:\\\/\\\/www.eldigitaldeasturias.com\\\/noticias\\\/author\\\/admin\\\/#author\"},\"publisher\":{\"@id\":\"https:\\\/\\\/www.eldigitaldeasturias.com\\\/noticias\\\/#organization\"},\"image\":{\"@type\":\"ImageObject\",\"url\":486178},\"datePublished\":\"2014-02-07T22:13:54+01:00\",\"dateModified\":\"2014-02-07T22:13:54+01:00\",\"inLanguage\":\"es-ES\",\"mainEntityOfPage\":{\"@id\":\"https:\\\/\\\/www.eldigitaldeasturias.com\\\/noticias\\\/los-ayuntamientos-plantearan-un-conflicto-ante-el-constitucional-por-la-reforma-local\\\/#webpage\"},\"isPartOf\":{\"@id\":\"https:\\\/\\\/www.eldigitaldeasturias.com\\\/noticias\\\/los-ayuntamientos-plantearan-un-conflicto-ante-el-constitucional-por-la-reforma-local\\\/#webpage\"},\"articleSection\":\"Actualidad\"},{\"@type\":\"BreadcrumbList\",\"@id\":\"https:\\\/\\\/www.eldigitaldeasturias.com\\\/noticias\\\/los-ayuntamientos-plantearan-un-conflicto-ante-el-constitucional-por-la-reforma-local\\\/#breadcrumblist\",\"itemListElement\":[{\"@type\":\"ListItem\",\"@id\":\"https:\\\/\\\/www.eldigitaldeasturias.com\\\/noticias#listItem\",\"position\":1,\"name\":\"Home\",\"item\":\"https:\\\/\\\/www.eldigitaldeasturias.com\\\/noticias\",\"nextItem\":{\"@type\":\"ListItem\",\"@id\":\"https:\\\/\\\/www.eldigitaldeasturias.com\\\/noticias\\\/category\\\/actualidad\\\/#listItem\",\"name\":\"Actualidad\"}},{\"@type\":\"ListItem\",\"@id\":\"https:\\\/\\\/www.eldigitaldeasturias.com\\\/noticias\\\/category\\\/actualidad\\\/#listItem\",\"position\":2,\"name\":\"Actualidad\",\"item\":\"https:\\\/\\\/www.eldigitaldeasturias.com\\\/noticias\\\/category\\\/actualidad\\\/\",\"nextItem\":{\"@type\":\"ListItem\",\"@id\":\"https:\\\/\\\/www.eldigitaldeasturias.com\\\/noticias\\\/los-ayuntamientos-plantearan-un-conflicto-ante-el-constitucional-por-la-reforma-local\\\/#listItem\",\"name\":\"Los ayuntamientos plantear\\u00e1n un conflicto ante el Constitucional por la reforma local\"},\"previousItem\":{\"@type\":\"ListItem\",\"@id\":\"https:\\\/\\\/www.eldigitaldeasturias.com\\\/noticias#listItem\",\"name\":\"Home\"}},{\"@type\":\"ListItem\",\"@id\":\"https:\\\/\\\/www.eldigitaldeasturias.com\\\/noticias\\\/los-ayuntamientos-plantearan-un-conflicto-ante-el-constitucional-por-la-reforma-local\\\/#listItem\",\"position\":3,\"name\":\"Los ayuntamientos plantear\\u00e1n un conflicto ante el Constitucional por la reforma local\",\"previousItem\":{\"@type\":\"ListItem\",\"@id\":\"https:\\\/\\\/www.eldigitaldeasturias.com\\\/noticias\\\/category\\\/actualidad\\\/#listItem\",\"name\":\"Actualidad\"}}]},{\"@type\":\"Organization\",\"@id\":\"https:\\\/\\\/www.eldigitaldeasturias.com\\\/noticias\\\/#organization\",\"name\":\"El Digital de Asturias\",\"description\":\"Hemeroteca\",\"url\":\"https:\\\/\\\/www.eldigitaldeasturias.com\\\/noticias\\\/\",\"email\":\"info@eldigitaldeasturias.com\",\"telephone\":\"+34652131393\",\"logo\":{\"@type\":\"ImageObject\",\"url\":\"https:\\\/\\\/www.eldigitaldeasturias.com\\\/noticias\\\/wp-content\\\/uploads\\\/2020\\\/12\\\/EDA.jpg\",\"@id\":\"https:\\\/\\\/www.eldigitaldeasturias.com\\\/noticias\\\/los-ayuntamientos-plantearan-un-conflicto-ante-el-constitucional-por-la-reforma-local\\\/#organizationLogo\"},\"image\":{\"@id\":\"https:\\\/\\\/www.eldigitaldeasturias.com\\\/noticias\\\/los-ayuntamientos-plantearan-un-conflicto-ante-el-constitucional-por-la-reforma-local\\\/#organizationLogo\"},\"sameAs\":[\"https:\\\/\\\/facebook.com\\\/eldigitaldeasturias\",\"https:\\\/\\\/www.youtube.com\\\/channel\\\/UCZP-2wLEB9Rv6erhFmqVnvg\"],\"address\":{\"@id\":\"https:\\\/\\\/www.eldigitaldeasturias.com\\\/noticias\\\/#postaladdress\",\"@type\":\"PostalAddress\",\"streetAddress\":\"san antonio 4\",\"postalCode\":\"33430\",\"addressLocality\":\"Cand\\u00e1s\",\"addressRegion\":\"Asturias\",\"addressCountry\":\"ES\"}},{\"@type\":\"Person\",\"@id\":\"https:\\\/\\\/www.eldigitaldeasturias.com\\\/noticias\\\/author\\\/admin\\\/#author\",\"url\":\"https:\\\/\\\/www.eldigitaldeasturias.com\\\/noticias\\\/author\\\/admin\\\/\",\"name\":\"El Digital de Asturias\",\"image\":{\"@type\":\"ImageObject\",\"@id\":\"https:\\\/\\\/www.eldigitaldeasturias.com\\\/noticias\\\/los-ayuntamientos-plantearan-un-conflicto-ante-el-constitucional-por-la-reforma-local\\\/#authorImage\",\"url\":\"https:\\\/\\\/secure.gravatar.com\\\/avatar\\\/df2aeffc32bcd13f8d26072ef8a91b623d677766deac7f97ca815868cd41bf5e?s=96&d=mm&r=g\",\"width\":96,\"height\":96,\"caption\":\"El Digital de Asturias\"}},{\"@type\":\"WebPage\",\"@id\":\"https:\\\/\\\/www.eldigitaldeasturias.com\\\/noticias\\\/los-ayuntamientos-plantearan-un-conflicto-ante-el-constitucional-por-la-reforma-local\\\/#webpage\",\"url\":\"https:\\\/\\\/www.eldigitaldeasturias.com\\\/noticias\\\/los-ayuntamientos-plantearan-un-conflicto-ante-el-constitucional-por-la-reforma-local\\\/\",\"name\":\"Los ayuntamientos plantear\\u00e1n un conflicto ante el Constitucional por la reforma local - El Digital de Asturias\",\"description\":\"Madrid, 7 feb (EFE).- Los ayuntamientos plantear\\u00e1n, por primera vez, un conflicto de competencias ante el Tribunal Constitucional debido a la ley sobre la reforma local, al entender que invade la autonom\\u00eda municipal y sus competencias. Este acuerdo ha sido alcanzado por representantes de los partidos de la mayor\\u00eda del arco parlamentario, con la excepci\\u00f3n\",\"inLanguage\":\"es-ES\",\"isPartOf\":{\"@id\":\"https:\\\/\\\/www.eldigitaldeasturias.com\\\/noticias\\\/#website\"},\"breadcrumb\":{\"@id\":\"https:\\\/\\\/www.eldigitaldeasturias.com\\\/noticias\\\/los-ayuntamientos-plantearan-un-conflicto-ante-el-constitucional-por-la-reforma-local\\\/#breadcrumblist\"},\"author\":{\"@id\":\"https:\\\/\\\/www.eldigitaldeasturias.com\\\/noticias\\\/author\\\/admin\\\/#author\"},\"creator\":{\"@id\":\"https:\\\/\\\/www.eldigitaldeasturias.com\\\/noticias\\\/author\\\/admin\\\/#author\"},\"image\":{\"@type\":\"ImageObject\",\"url\":486178,\"@id\":\"https:\\\/\\\/www.eldigitaldeasturias.com\\\/noticias\\\/los-ayuntamientos-plantearan-un-conflicto-ante-el-constitucional-por-la-reforma-local\\\/#mainImage\"},\"primaryImageOfPage\":{\"@id\":\"https:\\\/\\\/www.eldigitaldeasturias.com\\\/noticias\\\/los-ayuntamientos-plantearan-un-conflicto-ante-el-constitucional-por-la-reforma-local\\\/#mainImage\"},\"datePublished\":\"2014-02-07T22:13:54+01:00\",\"dateModified\":\"2014-02-07T22:13:54+01:00\"},{\"@type\":\"WebSite\",\"@id\":\"https:\\\/\\\/www.eldigitaldeasturias.com\\\/noticias\\\/#website\",\"url\":\"https:\\\/\\\/www.eldigitaldeasturias.com\\\/noticias\\\/\",\"name\":\"El Digital de Asturias - Diario de actualidad y noticias\",\"alternateName\":\"El Digital de Asturias - Diario de actualidad y noticias\",\"description\":\"Hemeroteca\",\"inLanguage\":\"es-ES\",\"publisher\":{\"@id\":\"https:\\\/\\\/www.eldigitaldeasturias.com\\\/noticias\\\/#organization\"}}]}\n\t\t<\/script>\n\t\t<!-- All in One SEO Pro -->\r\n\t\t<title>Los ayuntamientos plantear\u00e1n un conflicto ante el Constitucional por la reforma local - El Digital de Asturias<\/title>\n\n","aioseo_head_json":{"title":"Los ayuntamientos plantear\u00e1n un conflicto ante el Constitucional por la reforma local - El Digital de Asturias","description":"Madrid, 7 feb (EFE).- Los ayuntamientos plantear\u00e1n, por primera vez, un conflicto de competencias ante el Tribunal Constitucional debido a la ley sobre la reforma local, al entender que invade la autonom\u00eda municipal y sus competencias. Este acuerdo ha sido alcanzado por representantes de los partidos de la mayor\u00eda del arco parlamentario, con la excepci\u00f3n","canonical_url":"https:\/\/www.eldigitaldeasturias.com\/noticias\/los-ayuntamientos-plantearan-un-conflicto-ante-el-constitucional-por-la-reforma-local\/","robots":"max-image-preview:large","keywords":"actualidad","webmasterTools":{"google-site-verification":"UA-38556648-1","msvalidate.01":"7dfe9f3f1b24437ab69f4f2559babe99","miscellaneous":""},"schema":{"@context":"https:\/\/schema.org","@graph":[{"@type":"BlogPosting","@id":"https:\/\/www.eldigitaldeasturias.com\/noticias\/los-ayuntamientos-plantearan-un-conflicto-ante-el-constitucional-por-la-reforma-local\/#blogposting","name":"Los ayuntamientos plantear\u00e1n un conflicto ante el Constitucional por la reforma local - El Digital de Asturias","headline":"Los ayuntamientos plantear\u00e1n un conflicto ante el Constitucional por la reforma local","author":{"@id":"https:\/\/www.eldigitaldeasturias.com\/noticias\/author\/admin\/#author"},"publisher":{"@id":"https:\/\/www.eldigitaldeasturias.com\/noticias\/#organization"},"image":{"@type":"ImageObject","url":486178},"datePublished":"2014-02-07T22:13:54+01:00","dateModified":"2014-02-07T22:13:54+01:00","inLanguage":"es-ES","mainEntityOfPage":{"@id":"https:\/\/www.eldigitaldeasturias.com\/noticias\/los-ayuntamientos-plantearan-un-conflicto-ante-el-constitucional-por-la-reforma-local\/#webpage"},"isPartOf":{"@id":"https:\/\/www.eldigitaldeasturias.com\/noticias\/los-ayuntamientos-plantearan-un-conflicto-ante-el-constitucional-por-la-reforma-local\/#webpage"},"articleSection":"Actualidad"},{"@type":"BreadcrumbList","@id":"https:\/\/www.eldigitaldeasturias.com\/noticias\/los-ayuntamientos-plantearan-un-conflicto-ante-el-constitucional-por-la-reforma-local\/#breadcrumblist","itemListElement":[{"@type":"ListItem","@id":"https:\/\/www.eldigitaldeasturias.com\/noticias#listItem","position":1,"name":"Home","item":"https:\/\/www.eldigitaldeasturias.com\/noticias","nextItem":{"@type":"ListItem","@id":"https:\/\/www.eldigitaldeasturias.com\/noticias\/category\/actualidad\/#listItem","name":"Actualidad"}},{"@type":"ListItem","@id":"https:\/\/www.eldigitaldeasturias.com\/noticias\/category\/actualidad\/#listItem","position":2,"name":"Actualidad","item":"https:\/\/www.eldigitaldeasturias.com\/noticias\/category\/actualidad\/","nextItem":{"@type":"ListItem","@id":"https:\/\/www.eldigitaldeasturias.com\/noticias\/los-ayuntamientos-plantearan-un-conflicto-ante-el-constitucional-por-la-reforma-local\/#listItem","name":"Los ayuntamientos plantear\u00e1n un conflicto ante el Constitucional por la reforma local"},"previousItem":{"@type":"ListItem","@id":"https:\/\/www.eldigitaldeasturias.com\/noticias#listItem","name":"Home"}},{"@type":"ListItem","@id":"https:\/\/www.eldigitaldeasturias.com\/noticias\/los-ayuntamientos-plantearan-un-conflicto-ante-el-constitucional-por-la-reforma-local\/#listItem","position":3,"name":"Los ayuntamientos plantear\u00e1n un conflicto ante el Constitucional por la reforma local","previousItem":{"@type":"ListItem","@id":"https:\/\/www.eldigitaldeasturias.com\/noticias\/category\/actualidad\/#listItem","name":"Actualidad"}}]},{"@type":"Organization","@id":"https:\/\/www.eldigitaldeasturias.com\/noticias\/#organization","name":"El Digital de Asturias","description":"Hemeroteca","url":"https:\/\/www.eldigitaldeasturias.com\/noticias\/","email":"info@eldigitaldeasturias.com","telephone":"+34652131393","logo":{"@type":"ImageObject","url":"https:\/\/www.eldigitaldeasturias.com\/noticias\/wp-content\/uploads\/2020\/12\/EDA.jpg","@id":"https:\/\/www.eldigitaldeasturias.com\/noticias\/los-ayuntamientos-plantearan-un-conflicto-ante-el-constitucional-por-la-reforma-local\/#organizationLogo"},"image":{"@id":"https:\/\/www.eldigitaldeasturias.com\/noticias\/los-ayuntamientos-plantearan-un-conflicto-ante-el-constitucional-por-la-reforma-local\/#organizationLogo"},"sameAs":["https:\/\/facebook.com\/eldigitaldeasturias","https:\/\/www.youtube.com\/channel\/UCZP-2wLEB9Rv6erhFmqVnvg"],"address":{"@id":"https:\/\/www.eldigitaldeasturias.com\/noticias\/#postaladdress","@type":"PostalAddress","streetAddress":"san antonio 4","postalCode":"33430","addressLocality":"Cand\u00e1s","addressRegion":"Asturias","addressCountry":"ES"}},{"@type":"Person","@id":"https:\/\/www.eldigitaldeasturias.com\/noticias\/author\/admin\/#author","url":"https:\/\/www.eldigitaldeasturias.com\/noticias\/author\/admin\/","name":"El Digital de Asturias","image":{"@type":"ImageObject","@id":"https:\/\/www.eldigitaldeasturias.com\/noticias\/los-ayuntamientos-plantearan-un-conflicto-ante-el-constitucional-por-la-reforma-local\/#authorImage","url":"https:\/\/secure.gravatar.com\/avatar\/df2aeffc32bcd13f8d26072ef8a91b623d677766deac7f97ca815868cd41bf5e?s=96&d=mm&r=g","width":96,"height":96,"caption":"El Digital de Asturias"}},{"@type":"WebPage","@id":"https:\/\/www.eldigitaldeasturias.com\/noticias\/los-ayuntamientos-plantearan-un-conflicto-ante-el-constitucional-por-la-reforma-local\/#webpage","url":"https:\/\/www.eldigitaldeasturias.com\/noticias\/los-ayuntamientos-plantearan-un-conflicto-ante-el-constitucional-por-la-reforma-local\/","name":"Los ayuntamientos plantear\u00e1n un conflicto ante el Constitucional por la reforma local - El Digital de Asturias","description":"Madrid, 7 feb (EFE).- Los ayuntamientos plantear\u00e1n, por primera vez, un conflicto de competencias ante el Tribunal Constitucional debido a la ley sobre la reforma local, al entender que invade la autonom\u00eda municipal y sus competencias. Este acuerdo ha sido alcanzado por representantes de los partidos de la mayor\u00eda del arco parlamentario, con la excepci\u00f3n","inLanguage":"es-ES","isPartOf":{"@id":"https:\/\/www.eldigitaldeasturias.com\/noticias\/#website"},"breadcrumb":{"@id":"https:\/\/www.eldigitaldeasturias.com\/noticias\/los-ayuntamientos-plantearan-un-conflicto-ante-el-constitucional-por-la-reforma-local\/#breadcrumblist"},"author":{"@id":"https:\/\/www.eldigitaldeasturias.com\/noticias\/author\/admin\/#author"},"creator":{"@id":"https:\/\/www.eldigitaldeasturias.com\/noticias\/author\/admin\/#author"},"image":{"@type":"ImageObject","url":486178,"@id":"https:\/\/www.eldigitaldeasturias.com\/noticias\/los-ayuntamientos-plantearan-un-conflicto-ante-el-constitucional-por-la-reforma-local\/#mainImage"},"primaryImageOfPage":{"@id":"https:\/\/www.eldigitaldeasturias.com\/noticias\/los-ayuntamientos-plantearan-un-conflicto-ante-el-constitucional-por-la-reforma-local\/#mainImage"},"datePublished":"2014-02-07T22:13:54+01:00","dateModified":"2014-02-07T22:13:54+01:00"},{"@type":"WebSite","@id":"https:\/\/www.eldigitaldeasturias.com\/noticias\/#website","url":"https:\/\/www.eldigitaldeasturias.com\/noticias\/","name":"El Digital de Asturias - Diario de actualidad y noticias","alternateName":"El Digital de Asturias - Diario de actualidad y noticias","description":"Hemeroteca","inLanguage":"es-ES","publisher":{"@id":"https:\/\/www.eldigitaldeasturias.com\/noticias\/#organization"}}]},"og:locale":"es_ES","og:site_name":"El Digital de Asturias","og:type":"article","og:title":"Los ayuntamientos plantear\u00e1n un conflicto ante el Constitucional por la reforma local - El Digital de Asturias","og:description":"Madrid, 7 feb (EFE).- Los ayuntamientos plantear\u00e1n, por primera vez, un conflicto de competencias ante el Tribunal Constitucional debido a la ley sobre la reforma local, al entender que invade la autonom\u00eda municipal y sus competencias. Este acuerdo ha sido alcanzado por representantes de los partidos de la mayor\u00eda del arco parlamentario, con la excepci\u00f3n","og:url":"https:\/\/www.eldigitaldeasturias.com\/noticias\/los-ayuntamientos-plantearan-un-conflicto-ante-el-constitucional-por-la-reforma-local\/","article:tag":["actualidad"],"article:published_time":"2014-02-07T23:13:54+00:00","article:modified_time":"2014-02-07T23:13:54+00:00","article:publisher":"https:\/\/facebook.com\/eldigitaldeasturias","twitter:card":"summary_large_image","twitter:title":"Los ayuntamientos plantear\u00e1n un conflicto ante el Constitucional por la reforma local - El Digital de Asturias","twitter:description":"Madrid, 7 feb (EFE).- Los ayuntamientos plantear\u00e1n, por primera vez, un conflicto de competencias ante el Tribunal Constitucional debido a la ley sobre la reforma local, al entender que invade la autonom\u00eda municipal y sus competencias. Este acuerdo ha sido alcanzado por representantes de los partidos de la mayor\u00eda del arco parlamentario, con la excepci\u00f3n","twitter:label1":"Escrito por","twitter:data1":"El Digital de Asturias","twitter:label2":"Tiempo de lectura estimado","twitter:data2":"4 minutos"},"aioseo_meta_data":{"post_id":"486177","title":null,"description":null,"keywords":null,"keyphrases":null,"primary_term":null,"canonical_url":null,"og_title":null,"og_description":null,"og_object_type":"default","og_image_type":"default","og_image_url":null,"og_image_width":null,"og_image_height":null,"og_image_custom_url":null,"og_image_custom_fields":null,"og_video":null,"og_custom_url":null,"og_article_section":null,"og_article_tags":null,"twitter_use_og":true,"twitter_card":"default","twitter_image_type":"default","twitter_image_url":null,"twitter_image_custom_url":null,"twitter_image_custom_fields":null,"twitter_title":null,"twitter_description":null,"schema":{"blockGraphs":[],"customGraphs":[],"default":{"data":{"Article":[],"Course":[],"Dataset":[],"FAQPage":[],"Movie":[],"Person":[],"Product":[],"ProductReview":[],"Car":[],"Recipe":[],"Service":[],"SoftwareApplication":[],"WebPage":[]},"graphName":"","isEnabled":true},"graphs":[],"defaultGraph":"","defaultPostTypeGraph":""},"schema_type":null,"schema_type_options":null,"pillar_content":false,"robots_default":true,"robots_noindex":false,"robots_noarchive":false,"robots_nosnippet":false,"robots_nofollow":false,"robots_noimageindex":false,"robots_noodp":false,"robots_notranslate":false,"robots_max_snippet":null,"robots_max_videopreview":null,"robots_max_imagepreview":"none","priority":null,"frequency":null,"local_seo":null,"seo_analyzer_scan_date":"2026-06-02 23:43:53","breadcrumb_settings":null,"limit_modified_date":false,"open_ai":null,"ai":null,"created":"2020-11-14 22:56:03","updated":"2026-06-02 23:43:53","focus_keyword":null,"additional_keywords":null,"truseo_locale":null},"aioseo_breadcrumb":"<div class=\"aioseo-breadcrumbs\"><span class=\"aioseo-breadcrumb\">\n\t<a href=\"https:\/\/www.eldigitaldeasturias.com\/noticias\" title=\"Home\">Home<\/a>\n<\/span><span class=\"aioseo-breadcrumb-separator\">\u2013<\/span><span class=\"aioseo-breadcrumb\">\n\t<a href=\"https:\/\/www.eldigitaldeasturias.com\/noticias\/category\/actualidad\/\" title=\"Actualidad\">Actualidad<\/a>\n<\/span><span class=\"aioseo-breadcrumb-separator\">\u2013<\/span><span class=\"aioseo-breadcrumb\">\n\t<a href=\"https:\/\/www.eldigitaldeasturias.com\/noticias\/los-ayuntamientos-plantearan-un-conflicto-ante-el-constitucional-por-la-reforma-local\/\" title=\"Los ayuntamientos plantear\u00e1n un conflicto ante el Constitucional por la reforma local\">Los ayuntamientos plantear\u00e1n un conflicto ante el Constitucional por la reforma local<\/a>\n<\/span><\/div>","aioseo_breadcrumb_json":[{"label":"Home","link":"https:\/\/www.eldigitaldeasturias.com\/noticias"},{"label":"Actualidad","link":"https:\/\/www.eldigitaldeasturias.com\/noticias\/category\/actualidad\/"},{"label":"Los ayuntamientos plantear\u00e1n un conflicto ante el Constitucional por la reforma local","link":"https:\/\/www.eldigitaldeasturias.com\/noticias\/los-ayuntamientos-plantearan-un-conflicto-ante-el-constitucional-por-la-reforma-local\/"}],"_links":{"self":[{"href":"https:\/\/www.eldigitaldeasturias.com\/noticias\/wp-json\/wp\/v2\/posts\/486177","targetHints":{"allow":["GET"]}}],"collection":[{"href":"https:\/\/www.eldigitaldeasturias.com\/noticias\/wp-json\/wp\/v2\/posts"}],"about":[{"href":"https:\/\/www.eldigitaldeasturias.com\/noticias\/wp-json\/wp\/v2\/types\/post"}],"author":[{"embeddable":true,"href":"https:\/\/www.eldigitaldeasturias.com\/noticias\/wp-json\/wp\/v2\/users\/1"}],"replies":[{"embeddable":true,"href":"https:\/\/www.eldigitaldeasturias.com\/noticias\/wp-json\/wp\/v2\/comments?post=486177"}],"version-history":[{"count":0,"href":"https:\/\/www.eldigitaldeasturias.com\/noticias\/wp-json\/wp\/v2\/posts\/486177\/revisions"}],"wp:attachment":[{"href":"https:\/\/www.eldigitaldeasturias.com\/noticias\/wp-json\/wp\/v2\/media?parent=486177"}],"wp:term":[{"taxonomy":"category","embeddable":true,"href":"https:\/\/www.eldigitaldeasturias.com\/noticias\/wp-json\/wp\/v2\/categories?post=486177"},{"taxonomy":"post_tag","embeddable":true,"href":"https:\/\/www.eldigitaldeasturias.com\/noticias\/wp-json\/wp\/v2\/tags?post=486177"}],"curies":[{"name":"wp","href":"https:\/\/api.w.org\/{rel}","templated":true}]}}