{"id":486168,"date":"2014-02-07T22:08:46","date_gmt":"2014-02-07T23:08:46","guid":{"rendered":"http:\/\/www.eldigitaldeasturias.com\/noticias\/?p=486168"},"modified":"2014-02-07T22:08:46","modified_gmt":"2014-02-07T23:08:46","slug":"alto-el-fuego-de-tres-dias-en-la-ciudad-siria-de-homs-segun-rusia","status":"publish","type":"post","link":"https:\/\/www.eldigitaldeasturias.com\/noticias\/alto-el-fuego-de-tres-dias-en-la-ciudad-siria-de-homs-segun-rusia\/","title":{"rendered":"Alto el fuego de tres d\u00edas en la ciudad siria de Homs, seg\u00fan Rusia"},"content":{"rendered":"<p><img loading=\"lazy\" decoding=\"async\" class=\"alignleft size-medium wp-image-486169\" alt=\"5920437w\" src=\"https:\/\/www.eldigitaldeasturias.com\/noticias\/wp-content\/uploads\/2014\/02\/5920437w-360x239.jpg\" width=\"360\" height=\"239\" \/>Mosc\u00fa, 7 feb (EFE).- Las autoridades y la oposici\u00f3n armada sirios acordaron un alto de fuego de tres d\u00edas en la sitiada ciudad de Homs para evacuar a todas las mujeres, ni\u00f1os, hombres mayores de 55 a\u00f1os y heridos del casco viejo de la urbe, anunci\u00f3 hoy el Ministerio ruso de Asuntos Exteriores.<\/p>\n<p>\u00abEst\u00e1 previsto que ni\u00f1os, mujeres, hombres mayores de 55 a\u00f1os y los heridos pueden abandonar sin impedimentos la zona de combates. El representante de la canciller\u00eda siria ha asegurado que ser\u00e1n reubicados en centros de alojamiento temporal\u00bb, donde se les ofrecer\u00e1 comida y medicinas, se\u00f1ala un comunicado de la cartera rusa.<\/p>\n<p>Al mismo tiempo, \u00abtodos los habitantes del casco viejo de Homs que quieran quedarse recibir\u00e1n la ayuda humanitaria necesaria\u00bb, agrega el comunicado.<\/p>\n<p>Seg\u00fan la televisi\u00f3n oficial siria, la evacuaci\u00f3n de los civiles de los barrios asediados comenz\u00f3 hoy con la cooperaci\u00f3n con la ONU, que ha mandado un equipo al centro de la ciudad para facilitar la salida de los civiles, junto a efectivos del Ej\u00e9rcito sirio.<\/p>\n<p>La emisora mostr\u00f3 im\u00e1genes de una fila de autobuses que esperaban la llegada de los evacuados para trasladarlos a otros lugares.<\/p>\n<p>Esta evacuaci\u00f3n fue acordada durante la primera ronda de la conferencia de paz de Ginebra, entre los pasados 22 y 31 de enero, donde se sentaron por primera vez en la misma mesa representantes del r\u00e9gimen y la oposici\u00f3n, con la mediaci\u00f3n del enviado de la ONU y de la Liga \u00c1rabe, Lajdar Brahimi.<\/p>\n","protected":false},"excerpt":{"rendered":"<p>Mosc\u00fa, 7 feb (EFE).- Las autoridades y la oposici\u00f3n armada sirios acordaron un alto de fuego de tres d\u00edas en la sitiada ciudad de Homs para evacuar a todas las mujeres, ni\u00f1os, hombres mayores de 55 a\u00f1os y heridos del casco viejo de la urbe, anunci\u00f3 hoy el Ministerio ruso de Asuntos Exteriores. \u00abEst\u00e1 previsto [&hellip;]<\/p>\n","protected":false},"author":1,"featured_media":486169,"comment_status":"open","ping_status":"open","sticky":false,"template":"","format":"standard","meta":{"footnotes":""},"categories":[1],"tags":[],"class_list":["post-486168","post","type-post","status-publish","format-standard","has-post-thumbnail","hentry","category-actualidad"],"aioseo_notices":[],"aioseo_head":"\n\t\t<!-- All in One SEO Pro 5.0.1 - aioseo.com -->\n\t<meta name=\"description\" content=\"Mosc\u00fa, 7 feb (EFE).- Las autoridades y la oposici\u00f3n armada sirios acordaron un alto de fuego de tres d\u00edas en la sitiada ciudad de Homs para evacuar a todas las mujeres, ni\u00f1os, hombres mayores de 55 a\u00f1os y heridos del casco viejo de la urbe, anunci\u00f3 hoy el Ministerio ruso de Asuntos Exteriores. &quot;Est\u00e1 previsto\" \/>\n\t<meta name=\"robots\" content=\"max-image-preview:large\" \/>\n\t<meta name=\"author\" content=\"El Digital de Asturias\"\/>\n\t<meta name=\"google-site-verification\" content=\"UA-38556648-1\" \/>\n\t<meta name=\"msvalidate.01\" content=\"7dfe9f3f1b24437ab69f4f2559babe99\" \/>\n\t<meta name=\"keywords\" content=\"actualidad\" \/>\n\t<link rel=\"canonical\" href=\"https:\/\/www.eldigitaldeasturias.com\/noticias\/alto-el-fuego-de-tres-dias-en-la-ciudad-siria-de-homs-segun-rusia\/\" \/>\n\t<meta name=\"generator\" content=\"All in One SEO Pro (AIOSEO) 5.0.1\" \/>\n\t\t<meta property=\"og:locale\" content=\"es_ES\" \/>\n\t\t<meta property=\"og:site_name\" content=\"El Digital de Asturias\" \/>\n\t\t<meta property=\"og:type\" content=\"article\" \/>\n\t\t<meta property=\"og:title\" content=\"Alto el fuego de tres d\u00edas en la ciudad siria de Homs, seg\u00fan Rusia - El Digital de Asturias\" \/>\n\t\t<meta property=\"og:description\" content=\"Mosc\u00fa, 7 feb (EFE).- Las autoridades y la oposici\u00f3n armada sirios acordaron un alto de fuego de tres d\u00edas en la sitiada ciudad de Homs para evacuar a todas las mujeres, ni\u00f1os, hombres mayores de 55 a\u00f1os y heridos del casco viejo de la urbe, anunci\u00f3 hoy el Ministerio ruso de Asuntos Exteriores. &quot;Est\u00e1 previsto\" \/>\n\t\t<meta property=\"og:url\" content=\"https:\/\/www.eldigitaldeasturias.com\/noticias\/alto-el-fuego-de-tres-dias-en-la-ciudad-siria-de-homs-segun-rusia\/\" \/>\n\t\t<meta property=\"article:tag\" content=\"actualidad\" \/>\n\t\t<meta property=\"article:published_time\" content=\"2014-02-07T23:08:46+00:00\" \/>\n\t\t<meta property=\"article:modified_time\" content=\"2014-02-07T23:08:46+00:00\" \/>\n\t\t<meta property=\"article:publisher\" content=\"https:\/\/facebook.com\/eldigitaldeasturias\" \/>\n\t\t<meta name=\"twitter:card\" content=\"summary_large_image\" \/>\n\t\t<meta name=\"twitter:title\" content=\"Alto el fuego de tres d\u00edas en la ciudad siria de Homs, seg\u00fan Rusia - El Digital de Asturias\" \/>\n\t\t<meta name=\"twitter:description\" content=\"Mosc\u00fa, 7 feb (EFE).- Las autoridades y la oposici\u00f3n armada sirios acordaron un alto de fuego de tres d\u00edas en la sitiada ciudad de Homs para evacuar a todas las mujeres, ni\u00f1os, hombres mayores de 55 a\u00f1os y heridos del casco viejo de la urbe, anunci\u00f3 hoy el Ministerio ruso de Asuntos Exteriores. &quot;Est\u00e1 previsto\" \/>\n\t\t<meta name=\"twitter:label1\" content=\"Escrito por\" \/>\n\t\t<meta name=\"twitter:data1\" content=\"El Digital de Asturias\" \/>\n\t\t<meta name=\"twitter:label2\" content=\"Tiempo de lectura estimado\" \/>\n\t\t<meta name=\"twitter:data2\" content=\"1 minuto\" \/>\n\t\t<script type=\"application\/ld+json\" class=\"aioseo-schema\">\n\t\t\t{\"@context\":\"https:\\\/\\\/schema.org\",\"@graph\":[{\"@type\":\"BlogPosting\",\"@id\":\"https:\\\/\\\/www.eldigitaldeasturias.com\\\/noticias\\\/alto-el-fuego-de-tres-dias-en-la-ciudad-siria-de-homs-segun-rusia\\\/#blogposting\",\"name\":\"Alto el fuego de tres d\\u00edas en la ciudad siria de Homs, seg\\u00fan Rusia - El Digital de Asturias\",\"headline\":\"Alto el fuego de tres d\\u00edas en la ciudad siria de Homs, seg\\u00fan Rusia\",\"author\":{\"@id\":\"https:\\\/\\\/www.eldigitaldeasturias.com\\\/noticias\\\/author\\\/admin\\\/#author\"},\"publisher\":{\"@id\":\"https:\\\/\\\/www.eldigitaldeasturias.com\\\/noticias\\\/#organization\"},\"image\":{\"@type\":\"ImageObject\",\"url\":486169},\"datePublished\":\"2014-02-07T22:08:46+01:00\",\"dateModified\":\"2014-02-07T22:08:46+01:00\",\"inLanguage\":\"es-ES\",\"mainEntityOfPage\":{\"@id\":\"https:\\\/\\\/www.eldigitaldeasturias.com\\\/noticias\\\/alto-el-fuego-de-tres-dias-en-la-ciudad-siria-de-homs-segun-rusia\\\/#webpage\"},\"isPartOf\":{\"@id\":\"https:\\\/\\\/www.eldigitaldeasturias.com\\\/noticias\\\/alto-el-fuego-de-tres-dias-en-la-ciudad-siria-de-homs-segun-rusia\\\/#webpage\"},\"articleSection\":\"Actualidad\"},{\"@type\":\"BreadcrumbList\",\"@id\":\"https:\\\/\\\/www.eldigitaldeasturias.com\\\/noticias\\\/alto-el-fuego-de-tres-dias-en-la-ciudad-siria-de-homs-segun-rusia\\\/#breadcrumblist\",\"itemListElement\":[{\"@type\":\"ListItem\",\"@id\":\"https:\\\/\\\/www.eldigitaldeasturias.com\\\/noticias#listItem\",\"position\":1,\"name\":\"Home\",\"item\":\"https:\\\/\\\/www.eldigitaldeasturias.com\\\/noticias\",\"nextItem\":{\"@type\":\"ListItem\",\"@id\":\"https:\\\/\\\/www.eldigitaldeasturias.com\\\/noticias\\\/category\\\/actualidad\\\/#listItem\",\"name\":\"Actualidad\"}},{\"@type\":\"ListItem\",\"@id\":\"https:\\\/\\\/www.eldigitaldeasturias.com\\\/noticias\\\/category\\\/actualidad\\\/#listItem\",\"position\":2,\"name\":\"Actualidad\",\"item\":\"https:\\\/\\\/www.eldigitaldeasturias.com\\\/noticias\\\/category\\\/actualidad\\\/\",\"nextItem\":{\"@type\":\"ListItem\",\"@id\":\"https:\\\/\\\/www.eldigitaldeasturias.com\\\/noticias\\\/alto-el-fuego-de-tres-dias-en-la-ciudad-siria-de-homs-segun-rusia\\\/#listItem\",\"name\":\"Alto el fuego de tres d\\u00edas en la ciudad siria de Homs, seg\\u00fan Rusia\"},\"previousItem\":{\"@type\":\"ListItem\",\"@id\":\"https:\\\/\\\/www.eldigitaldeasturias.com\\\/noticias#listItem\",\"name\":\"Home\"}},{\"@type\":\"ListItem\",\"@id\":\"https:\\\/\\\/www.eldigitaldeasturias.com\\\/noticias\\\/alto-el-fuego-de-tres-dias-en-la-ciudad-siria-de-homs-segun-rusia\\\/#listItem\",\"position\":3,\"name\":\"Alto el fuego de tres d\\u00edas en la ciudad siria de Homs, seg\\u00fan Rusia\",\"previousItem\":{\"@type\":\"ListItem\",\"@id\":\"https:\\\/\\\/www.eldigitaldeasturias.com\\\/noticias\\\/category\\\/actualidad\\\/#listItem\",\"name\":\"Actualidad\"}}]},{\"@type\":\"Organization\",\"@id\":\"https:\\\/\\\/www.eldigitaldeasturias.com\\\/noticias\\\/#organization\",\"name\":\"El Digital de Asturias\",\"description\":\"Hemeroteca\",\"url\":\"https:\\\/\\\/www.eldigitaldeasturias.com\\\/noticias\\\/\",\"email\":\"info@eldigitaldeasturias.com\",\"telephone\":\"+34652131393\",\"logo\":{\"@type\":\"ImageObject\",\"url\":\"https:\\\/\\\/www.eldigitaldeasturias.com\\\/noticias\\\/wp-content\\\/uploads\\\/2020\\\/12\\\/EDA.jpg\",\"@id\":\"https:\\\/\\\/www.eldigitaldeasturias.com\\\/noticias\\\/alto-el-fuego-de-tres-dias-en-la-ciudad-siria-de-homs-segun-rusia\\\/#organizationLogo\"},\"image\":{\"@id\":\"https:\\\/\\\/www.eldigitaldeasturias.com\\\/noticias\\\/alto-el-fuego-de-tres-dias-en-la-ciudad-siria-de-homs-segun-rusia\\\/#organizationLogo\"},\"sameAs\":[\"https:\\\/\\\/facebook.com\\\/eldigitaldeasturias\",\"https:\\\/\\\/www.youtube.com\\\/channel\\\/UCZP-2wLEB9Rv6erhFmqVnvg\"],\"address\":{\"@id\":\"https:\\\/\\\/www.eldigitaldeasturias.com\\\/noticias\\\/#postaladdress\",\"@type\":\"PostalAddress\",\"streetAddress\":\"san antonio 4\",\"postalCode\":\"33430\",\"addressLocality\":\"Cand\\u00e1s\",\"addressRegion\":\"Asturias\",\"addressCountry\":\"ES\"}},{\"@type\":\"Person\",\"@id\":\"https:\\\/\\\/www.eldigitaldeasturias.com\\\/noticias\\\/author\\\/admin\\\/#author\",\"url\":\"https:\\\/\\\/www.eldigitaldeasturias.com\\\/noticias\\\/author\\\/admin\\\/\",\"name\":\"El Digital de Asturias\",\"image\":{\"@type\":\"ImageObject\",\"@id\":\"https:\\\/\\\/www.eldigitaldeasturias.com\\\/noticias\\\/alto-el-fuego-de-tres-dias-en-la-ciudad-siria-de-homs-segun-rusia\\\/#authorImage\",\"url\":\"https:\\\/\\\/secure.gravatar.com\\\/avatar\\\/df2aeffc32bcd13f8d26072ef8a91b623d677766deac7f97ca815868cd41bf5e?s=96&d=mm&r=g\",\"width\":96,\"height\":96,\"caption\":\"El Digital de Asturias\"}},{\"@type\":\"WebPage\",\"@id\":\"https:\\\/\\\/www.eldigitaldeasturias.com\\\/noticias\\\/alto-el-fuego-de-tres-dias-en-la-ciudad-siria-de-homs-segun-rusia\\\/#webpage\",\"url\":\"https:\\\/\\\/www.eldigitaldeasturias.com\\\/noticias\\\/alto-el-fuego-de-tres-dias-en-la-ciudad-siria-de-homs-segun-rusia\\\/\",\"name\":\"Alto el fuego de tres d\\u00edas en la ciudad siria de Homs, seg\\u00fan Rusia - El Digital de Asturias\",\"description\":\"Mosc\\u00fa, 7 feb (EFE).- Las autoridades y la oposici\\u00f3n armada sirios acordaron un alto de fuego de tres d\\u00edas en la sitiada ciudad de Homs para evacuar a todas las mujeres, ni\\u00f1os, hombres mayores de 55 a\\u00f1os y heridos del casco viejo de la urbe, anunci\\u00f3 hoy el Ministerio ruso de Asuntos Exteriores. \\\"Est\\u00e1 previsto\",\"inLanguage\":\"es-ES\",\"isPartOf\":{\"@id\":\"https:\\\/\\\/www.eldigitaldeasturias.com\\\/noticias\\\/#website\"},\"breadcrumb\":{\"@id\":\"https:\\\/\\\/www.eldigitaldeasturias.com\\\/noticias\\\/alto-el-fuego-de-tres-dias-en-la-ciudad-siria-de-homs-segun-rusia\\\/#breadcrumblist\"},\"author\":{\"@id\":\"https:\\\/\\\/www.eldigitaldeasturias.com\\\/noticias\\\/author\\\/admin\\\/#author\"},\"creator\":{\"@id\":\"https:\\\/\\\/www.eldigitaldeasturias.com\\\/noticias\\\/author\\\/admin\\\/#author\"},\"image\":{\"@type\":\"ImageObject\",\"url\":486169,\"@id\":\"https:\\\/\\\/www.eldigitaldeasturias.com\\\/noticias\\\/alto-el-fuego-de-tres-dias-en-la-ciudad-siria-de-homs-segun-rusia\\\/#mainImage\"},\"primaryImageOfPage\":{\"@id\":\"https:\\\/\\\/www.eldigitaldeasturias.com\\\/noticias\\\/alto-el-fuego-de-tres-dias-en-la-ciudad-siria-de-homs-segun-rusia\\\/#mainImage\"},\"datePublished\":\"2014-02-07T22:08:46+01:00\",\"dateModified\":\"2014-02-07T22:08:46+01:00\"},{\"@type\":\"WebSite\",\"@id\":\"https:\\\/\\\/www.eldigitaldeasturias.com\\\/noticias\\\/#website\",\"url\":\"https:\\\/\\\/www.eldigitaldeasturias.com\\\/noticias\\\/\",\"name\":\"El Digital de Asturias - Diario de actualidad y noticias\",\"alternateName\":\"El Digital de Asturias - Diario de actualidad y noticias\",\"description\":\"Hemeroteca\",\"inLanguage\":\"es-ES\",\"publisher\":{\"@id\":\"https:\\\/\\\/www.eldigitaldeasturias.com\\\/noticias\\\/#organization\"}}]}\n\t\t<\/script>\n\t\t<!-- All in One SEO Pro -->\r\n\t\t<title>Alto el fuego de tres d\u00edas en la ciudad siria de Homs, seg\u00fan Rusia - El Digital de Asturias<\/title>\n\n","aioseo_head_json":{"title":"Alto el fuego de tres d\u00edas en la ciudad siria de Homs, seg\u00fan Rusia - El Digital de Asturias","description":"Mosc\u00fa, 7 feb (EFE).- Las autoridades y la oposici\u00f3n armada sirios acordaron un alto de fuego de tres d\u00edas en la sitiada ciudad de Homs para evacuar a todas las mujeres, ni\u00f1os, hombres mayores de 55 a\u00f1os y heridos del casco viejo de la urbe, anunci\u00f3 hoy el Ministerio ruso de Asuntos Exteriores. \"Est\u00e1 previsto","canonical_url":"https:\/\/www.eldigitaldeasturias.com\/noticias\/alto-el-fuego-de-tres-dias-en-la-ciudad-siria-de-homs-segun-rusia\/","robots":"max-image-preview:large","keywords":"actualidad","webmasterTools":{"google-site-verification":"UA-38556648-1","msvalidate.01":"7dfe9f3f1b24437ab69f4f2559babe99","miscellaneous":""},"schema":{"@context":"https:\/\/schema.org","@graph":[{"@type":"BlogPosting","@id":"https:\/\/www.eldigitaldeasturias.com\/noticias\/alto-el-fuego-de-tres-dias-en-la-ciudad-siria-de-homs-segun-rusia\/#blogposting","name":"Alto el fuego de tres d\u00edas en la ciudad siria de Homs, seg\u00fan Rusia - El Digital de Asturias","headline":"Alto el fuego de tres d\u00edas en la ciudad siria de Homs, seg\u00fan Rusia","author":{"@id":"https:\/\/www.eldigitaldeasturias.com\/noticias\/author\/admin\/#author"},"publisher":{"@id":"https:\/\/www.eldigitaldeasturias.com\/noticias\/#organization"},"image":{"@type":"ImageObject","url":486169},"datePublished":"2014-02-07T22:08:46+01:00","dateModified":"2014-02-07T22:08:46+01:00","inLanguage":"es-ES","mainEntityOfPage":{"@id":"https:\/\/www.eldigitaldeasturias.com\/noticias\/alto-el-fuego-de-tres-dias-en-la-ciudad-siria-de-homs-segun-rusia\/#webpage"},"isPartOf":{"@id":"https:\/\/www.eldigitaldeasturias.com\/noticias\/alto-el-fuego-de-tres-dias-en-la-ciudad-siria-de-homs-segun-rusia\/#webpage"},"articleSection":"Actualidad"},{"@type":"BreadcrumbList","@id":"https:\/\/www.eldigitaldeasturias.com\/noticias\/alto-el-fuego-de-tres-dias-en-la-ciudad-siria-de-homs-segun-rusia\/#breadcrumblist","itemListElement":[{"@type":"ListItem","@id":"https:\/\/www.eldigitaldeasturias.com\/noticias#listItem","position":1,"name":"Home","item":"https:\/\/www.eldigitaldeasturias.com\/noticias","nextItem":{"@type":"ListItem","@id":"https:\/\/www.eldigitaldeasturias.com\/noticias\/category\/actualidad\/#listItem","name":"Actualidad"}},{"@type":"ListItem","@id":"https:\/\/www.eldigitaldeasturias.com\/noticias\/category\/actualidad\/#listItem","position":2,"name":"Actualidad","item":"https:\/\/www.eldigitaldeasturias.com\/noticias\/category\/actualidad\/","nextItem":{"@type":"ListItem","@id":"https:\/\/www.eldigitaldeasturias.com\/noticias\/alto-el-fuego-de-tres-dias-en-la-ciudad-siria-de-homs-segun-rusia\/#listItem","name":"Alto el fuego de tres d\u00edas en la ciudad siria de Homs, seg\u00fan Rusia"},"previousItem":{"@type":"ListItem","@id":"https:\/\/www.eldigitaldeasturias.com\/noticias#listItem","name":"Home"}},{"@type":"ListItem","@id":"https:\/\/www.eldigitaldeasturias.com\/noticias\/alto-el-fuego-de-tres-dias-en-la-ciudad-siria-de-homs-segun-rusia\/#listItem","position":3,"name":"Alto el fuego de tres d\u00edas en la ciudad siria de Homs, seg\u00fan Rusia","previousItem":{"@type":"ListItem","@id":"https:\/\/www.eldigitaldeasturias.com\/noticias\/category\/actualidad\/#listItem","name":"Actualidad"}}]},{"@type":"Organization","@id":"https:\/\/www.eldigitaldeasturias.com\/noticias\/#organization","name":"El Digital de Asturias","description":"Hemeroteca","url":"https:\/\/www.eldigitaldeasturias.com\/noticias\/","email":"info@eldigitaldeasturias.com","telephone":"+34652131393","logo":{"@type":"ImageObject","url":"https:\/\/www.eldigitaldeasturias.com\/noticias\/wp-content\/uploads\/2020\/12\/EDA.jpg","@id":"https:\/\/www.eldigitaldeasturias.com\/noticias\/alto-el-fuego-de-tres-dias-en-la-ciudad-siria-de-homs-segun-rusia\/#organizationLogo"},"image":{"@id":"https:\/\/www.eldigitaldeasturias.com\/noticias\/alto-el-fuego-de-tres-dias-en-la-ciudad-siria-de-homs-segun-rusia\/#organizationLogo"},"sameAs":["https:\/\/facebook.com\/eldigitaldeasturias","https:\/\/www.youtube.com\/channel\/UCZP-2wLEB9Rv6erhFmqVnvg"],"address":{"@id":"https:\/\/www.eldigitaldeasturias.com\/noticias\/#postaladdress","@type":"PostalAddress","streetAddress":"san antonio 4","postalCode":"33430","addressLocality":"Cand\u00e1s","addressRegion":"Asturias","addressCountry":"ES"}},{"@type":"Person","@id":"https:\/\/www.eldigitaldeasturias.com\/noticias\/author\/admin\/#author","url":"https:\/\/www.eldigitaldeasturias.com\/noticias\/author\/admin\/","name":"El Digital de Asturias","image":{"@type":"ImageObject","@id":"https:\/\/www.eldigitaldeasturias.com\/noticias\/alto-el-fuego-de-tres-dias-en-la-ciudad-siria-de-homs-segun-rusia\/#authorImage","url":"https:\/\/secure.gravatar.com\/avatar\/df2aeffc32bcd13f8d26072ef8a91b623d677766deac7f97ca815868cd41bf5e?s=96&d=mm&r=g","width":96,"height":96,"caption":"El Digital de Asturias"}},{"@type":"WebPage","@id":"https:\/\/www.eldigitaldeasturias.com\/noticias\/alto-el-fuego-de-tres-dias-en-la-ciudad-siria-de-homs-segun-rusia\/#webpage","url":"https:\/\/www.eldigitaldeasturias.com\/noticias\/alto-el-fuego-de-tres-dias-en-la-ciudad-siria-de-homs-segun-rusia\/","name":"Alto el fuego de tres d\u00edas en la ciudad siria de Homs, seg\u00fan Rusia - El Digital de Asturias","description":"Mosc\u00fa, 7 feb (EFE).- Las autoridades y la oposici\u00f3n armada sirios acordaron un alto de fuego de tres d\u00edas en la sitiada ciudad de Homs para evacuar a todas las mujeres, ni\u00f1os, hombres mayores de 55 a\u00f1os y heridos del casco viejo de la urbe, anunci\u00f3 hoy el Ministerio ruso de Asuntos Exteriores. \"Est\u00e1 previsto","inLanguage":"es-ES","isPartOf":{"@id":"https:\/\/www.eldigitaldeasturias.com\/noticias\/#website"},"breadcrumb":{"@id":"https:\/\/www.eldigitaldeasturias.com\/noticias\/alto-el-fuego-de-tres-dias-en-la-ciudad-siria-de-homs-segun-rusia\/#breadcrumblist"},"author":{"@id":"https:\/\/www.eldigitaldeasturias.com\/noticias\/author\/admin\/#author"},"creator":{"@id":"https:\/\/www.eldigitaldeasturias.com\/noticias\/author\/admin\/#author"},"image":{"@type":"ImageObject","url":486169,"@id":"https:\/\/www.eldigitaldeasturias.com\/noticias\/alto-el-fuego-de-tres-dias-en-la-ciudad-siria-de-homs-segun-rusia\/#mainImage"},"primaryImageOfPage":{"@id":"https:\/\/www.eldigitaldeasturias.com\/noticias\/alto-el-fuego-de-tres-dias-en-la-ciudad-siria-de-homs-segun-rusia\/#mainImage"},"datePublished":"2014-02-07T22:08:46+01:00","dateModified":"2014-02-07T22:08:46+01:00"},{"@type":"WebSite","@id":"https:\/\/www.eldigitaldeasturias.com\/noticias\/#website","url":"https:\/\/www.eldigitaldeasturias.com\/noticias\/","name":"El Digital de Asturias - Diario de actualidad y noticias","alternateName":"El Digital de Asturias - Diario de actualidad y noticias","description":"Hemeroteca","inLanguage":"es-ES","publisher":{"@id":"https:\/\/www.eldigitaldeasturias.com\/noticias\/#organization"}}]},"og:locale":"es_ES","og:site_name":"El Digital de Asturias","og:type":"article","og:title":"Alto el fuego de tres d\u00edas en la ciudad siria de Homs, seg\u00fan Rusia - El Digital de Asturias","og:description":"Mosc\u00fa, 7 feb (EFE).- Las autoridades y la oposici\u00f3n armada sirios acordaron un alto de fuego de tres d\u00edas en la sitiada ciudad de Homs para evacuar a todas las mujeres, ni\u00f1os, hombres mayores de 55 a\u00f1os y heridos del casco viejo de la urbe, anunci\u00f3 hoy el Ministerio ruso de Asuntos Exteriores. &quot;Est\u00e1 previsto","og:url":"https:\/\/www.eldigitaldeasturias.com\/noticias\/alto-el-fuego-de-tres-dias-en-la-ciudad-siria-de-homs-segun-rusia\/","article:tag":["actualidad"],"article:published_time":"2014-02-07T23:08:46+00:00","article:modified_time":"2014-02-07T23:08:46+00:00","article:publisher":"https:\/\/facebook.com\/eldigitaldeasturias","twitter:card":"summary_large_image","twitter:title":"Alto el fuego de tres d\u00edas en la ciudad siria de Homs, seg\u00fan Rusia - El Digital de Asturias","twitter:description":"Mosc\u00fa, 7 feb (EFE).- Las autoridades y la oposici\u00f3n armada sirios acordaron un alto de fuego de tres d\u00edas en la sitiada ciudad de Homs para evacuar a todas las mujeres, ni\u00f1os, hombres mayores de 55 a\u00f1os y heridos del casco viejo de la urbe, anunci\u00f3 hoy el Ministerio ruso de Asuntos Exteriores. &quot;Est\u00e1 previsto","twitter:label1":"Escrito por","twitter:data1":"El Digital de Asturias","twitter:label2":"Tiempo de lectura estimado","twitter:data2":"1 minuto"},"aioseo_meta_data":{"post_id":"486168","title":null,"description":null,"keywords":null,"keyphrases":null,"primary_term":null,"canonical_url":null,"og_title":null,"og_description":null,"og_object_type":"default","og_image_type":"default","og_image_url":null,"og_image_width":null,"og_image_height":null,"og_image_custom_url":null,"og_image_custom_fields":null,"og_video":null,"og_custom_url":null,"og_article_section":null,"og_article_tags":null,"twitter_use_og":true,"twitter_card":"default","twitter_image_type":"default","twitter_image_url":null,"twitter_image_custom_url":null,"twitter_image_custom_fields":null,"twitter_title":null,"twitter_description":null,"schema":{"blockGraphs":[],"customGraphs":[],"default":{"data":{"Article":[],"Course":[],"Dataset":[],"FAQPage":[],"Movie":[],"Person":[],"Product":[],"ProductReview":[],"Car":[],"Recipe":[],"Service":[],"SoftwareApplication":[],"WebPage":[]},"graphName":"","isEnabled":true},"graphs":[],"defaultGraph":"","defaultPostTypeGraph":""},"schema_type":null,"schema_type_options":null,"pillar_content":false,"robots_default":true,"robots_noindex":false,"robots_noarchive":false,"robots_nosnippet":false,"robots_nofollow":false,"robots_noimageindex":false,"robots_noodp":false,"robots_notranslate":false,"robots_max_snippet":null,"robots_max_videopreview":null,"robots_max_imagepreview":"none","priority":null,"frequency":null,"local_seo":null,"seo_analyzer_scan_date":"2026-06-02 23:40:51","breadcrumb_settings":null,"limit_modified_date":false,"open_ai":null,"ai":null,"created":"2020-11-14 22:56:03","updated":"2026-06-02 23:40:51","focus_keyword":null,"additional_keywords":null,"truseo_locale":null},"aioseo_breadcrumb":"<div class=\"aioseo-breadcrumbs\"><span class=\"aioseo-breadcrumb\">\n\t<a href=\"https:\/\/www.eldigitaldeasturias.com\/noticias\" title=\"Home\">Home<\/a>\n<\/span><span class=\"aioseo-breadcrumb-separator\">\u2013<\/span><span class=\"aioseo-breadcrumb\">\n\t<a href=\"https:\/\/www.eldigitaldeasturias.com\/noticias\/category\/actualidad\/\" title=\"Actualidad\">Actualidad<\/a>\n<\/span><span class=\"aioseo-breadcrumb-separator\">\u2013<\/span><span class=\"aioseo-breadcrumb\">\n\t<a href=\"https:\/\/www.eldigitaldeasturias.com\/noticias\/alto-el-fuego-de-tres-dias-en-la-ciudad-siria-de-homs-segun-rusia\/\" title=\"Alto el fuego de tres d\u00edas en la ciudad siria de Homs, seg\u00fan Rusia\">Alto el fuego de tres d\u00edas en la ciudad siria de Homs, seg\u00fan Rusia<\/a>\n<\/span><\/div>","aioseo_breadcrumb_json":[{"label":"Home","link":"https:\/\/www.eldigitaldeasturias.com\/noticias"},{"label":"Actualidad","link":"https:\/\/www.eldigitaldeasturias.com\/noticias\/category\/actualidad\/"},{"label":"Alto el fuego de tres d\u00edas en la ciudad siria de Homs, seg\u00fan Rusia","link":"https:\/\/www.eldigitaldeasturias.com\/noticias\/alto-el-fuego-de-tres-dias-en-la-ciudad-siria-de-homs-segun-rusia\/"}],"_links":{"self":[{"href":"https:\/\/www.eldigitaldeasturias.com\/noticias\/wp-json\/wp\/v2\/posts\/486168","targetHints":{"allow":["GET"]}}],"collection":[{"href":"https:\/\/www.eldigitaldeasturias.com\/noticias\/wp-json\/wp\/v2\/posts"}],"about":[{"href":"https:\/\/www.eldigitaldeasturias.com\/noticias\/wp-json\/wp\/v2\/types\/post"}],"author":[{"embeddable":true,"href":"https:\/\/www.eldigitaldeasturias.com\/noticias\/wp-json\/wp\/v2\/users\/1"}],"replies":[{"embeddable":true,"href":"https:\/\/www.eldigitaldeasturias.com\/noticias\/wp-json\/wp\/v2\/comments?post=486168"}],"version-history":[{"count":0,"href":"https:\/\/www.eldigitaldeasturias.com\/noticias\/wp-json\/wp\/v2\/posts\/486168\/revisions"}],"wp:attachment":[{"href":"https:\/\/www.eldigitaldeasturias.com\/noticias\/wp-json\/wp\/v2\/media?parent=486168"}],"wp:term":[{"taxonomy":"category","embeddable":true,"href":"https:\/\/www.eldigitaldeasturias.com\/noticias\/wp-json\/wp\/v2\/categories?post=486168"},{"taxonomy":"post_tag","embeddable":true,"href":"https:\/\/www.eldigitaldeasturias.com\/noticias\/wp-json\/wp\/v2\/tags?post=486168"}],"curies":[{"name":"wp","href":"https:\/\/api.w.org\/{rel}","templated":true}]}}