{"id":486165,"date":"2014-02-07T22:07:24","date_gmt":"2014-02-07T23:07:24","guid":{"rendered":"http:\/\/www.eldigitaldeasturias.com\/noticias\/?p=486165"},"modified":"2014-02-07T22:07:24","modified_gmt":"2014-02-07T23:07:24","slug":"saenz-de-santamaria-respeta-y-acata-el-archivo-de-su-escrache","status":"publish","type":"post","link":"https:\/\/www.eldigitaldeasturias.com\/noticias\/saenz-de-santamaria-respeta-y-acata-el-archivo-de-su-escrache\/","title":{"rendered":"S\u00e1enz de Santamar\u00eda respeta y acata el archivo de su escrache"},"content":{"rendered":"<p><img loading=\"lazy\" decoding=\"async\" class=\"alignleft size-medium wp-image-486166\" alt=\"5920668w\" src=\"https:\/\/www.eldigitaldeasturias.com\/noticias\/wp-content\/uploads\/2014\/02\/5920668w-360x255.jpg\" width=\"360\" height=\"255\" \/>Madrid, 7 feb (EFE).- La vicepresidenta del Gobierno, Soraya S\u00e1enz de Santamar\u00eda, ha afirmado hoy que respeta y acata el archivo del escrache ante su domicilio, aunque ha dicho que los derechos a manifestarse y la libertad de expresi\u00f3n \u00abtienen un l\u00edmite: los derechos de los dem\u00e1s\u00bb, en referencia a familiares y vecinos.<\/p>\n<p>S\u00e1enz de Santamar\u00eda ha respondido as\u00ed en la rueda de prensa posterior al Consejo de Ministros despu\u00e9s de que el Tribunal Superior de Justicia de Madrid (TSJM) confirmara el archivo de esta causa abierta por el escrache que la Plataforma de Afectados por la Hipoteca organiz\u00f3 en abril frente a su domicilio.<\/p>\n<p>\u00abEs una decisi\u00f3n judicial que acatamos. Yo la acato. Eso es el Estado de derecho\u00bb, ha asegurado la vicepresidenta.<\/p>\n<p>No obstante, S\u00e1enz de Santamar\u00eda ha explicado que las personas con una actividad p\u00fablica tienen que \u00abescuchar y atender cr\u00edticas\u00bb y que el derecho de manifestaci\u00f3n y de libre expresi\u00f3n \u00abhay que respetarlo al l\u00edmite\u00bb, pero, ha continuado, existe otro escenario que es el privado en el que tambi\u00e9n est\u00e1n incluidos los familiares.<\/p>\n<p>\u00abCreo que los derechos no son ilimitados. Tienen un l\u00edmite, que son los derechos de los dem\u00e1s\u00bb, ha agregado, antes de explicar que \u00abalgunos son menores\u00bb.<\/p>\n<p>Ha insistido en que, \u00abcon independencia de cualquiera que sea la persona que se vea en una situaci\u00f3n similar\u00bb, hay un terreno de la vida p\u00fablica o pol\u00edtica en el que existen \u00abcantidad de instituciones para manifestarse delante de ellas\u00bb y otro espacio que \u00abes mucho m\u00e1s personal o familiar, en el que hay terceros implicados: familiares y vecinos que tambi\u00e9n tienen unos derechos que deben ser respetados\u00bb.<\/p>\n<p>\u00abEse es el punto de equilibrio que yo entiendo\u00bb, ha concluido.<\/p>\n<p>El ministro de Justicia, Alberto Ruiz-Gallard\u00f3n, tambi\u00e9n se ha referido a este asunto para afirmar que el Gobierno acata la resoluci\u00f3n judicial \u00abpero discrepando de la misma\u00bb.<\/p>\n<p>\u00abPens\u00e1bamos lo que manifest\u00f3 el Ministerio fiscal: que s\u00ed hab\u00eda violaci\u00f3n de derechos y, por tanto, una conducta susceptible de ser sancionada\u00bb, ha dicho.<\/p>\n<p>Ha recordado que el Tribunal Europeo de Derechos Humanos \u00absi algo garantiza de verdad es que el domicilio no puede ser objeto de ning\u00fan tipo de agresi\u00f3n\u00bb.<\/p>\n<p>\u00abEn este caso, como en otros, el Gobierno entiende que s\u00ed se produjo una violaci\u00f3n de la inviolabilidad del domicilio\u00bb, ha subrayado el ministro.<\/p>\n<p>Acerca de si cree que la Fiscal\u00eda deber\u00eda recurrir, Ruiz-Gallard\u00f3n ha se\u00f1alado que, en el supuesto de que una resoluci\u00f3n judicial sea susceptible de recurso, quien tiene que tomar la decisi\u00f3n de interponerlo o no es la propia Fiscal\u00eda.<\/p>\n","protected":false},"excerpt":{"rendered":"<p>Madrid, 7 feb (EFE).- La vicepresidenta del Gobierno, Soraya S\u00e1enz de Santamar\u00eda, ha afirmado hoy que respeta y acata el archivo del escrache ante su domicilio, aunque ha dicho que los derechos a manifestarse y la libertad de expresi\u00f3n \u00abtienen un l\u00edmite: los derechos de los dem\u00e1s\u00bb, en referencia a familiares y vecinos. S\u00e1enz de [&hellip;]<\/p>\n","protected":false},"author":1,"featured_media":486166,"comment_status":"open","ping_status":"open","sticky":false,"template":"","format":"standard","meta":{"footnotes":""},"categories":[1],"tags":[],"class_list":["post-486165","post","type-post","status-publish","format-standard","has-post-thumbnail","hentry","category-actualidad"],"aioseo_notices":[],"aioseo_head":"\n\t\t<!-- All in One SEO Pro 5.0.1 - aioseo.com -->\n\t<meta name=\"description\" content=\"Madrid, 7 feb (EFE).- La vicepresidenta del Gobierno, Soraya S\u00e1enz de Santamar\u00eda, ha afirmado hoy que respeta y acata el archivo del escrache ante su domicilio, aunque ha dicho que los derechos a manifestarse y la libertad de expresi\u00f3n &quot;tienen un l\u00edmite: los derechos de los dem\u00e1s&quot;, en referencia a familiares y vecinos. S\u00e1enz de\" \/>\n\t<meta name=\"robots\" content=\"max-image-preview:large\" \/>\n\t<meta name=\"author\" content=\"El Digital de Asturias\"\/>\n\t<meta name=\"google-site-verification\" content=\"UA-38556648-1\" \/>\n\t<meta name=\"msvalidate.01\" content=\"7dfe9f3f1b24437ab69f4f2559babe99\" \/>\n\t<meta name=\"keywords\" content=\"actualidad\" \/>\n\t<link rel=\"canonical\" href=\"https:\/\/www.eldigitaldeasturias.com\/noticias\/saenz-de-santamaria-respeta-y-acata-el-archivo-de-su-escrache\/\" \/>\n\t<meta name=\"generator\" content=\"All in One SEO Pro (AIOSEO) 5.0.1\" \/>\n\t\t<meta property=\"og:locale\" content=\"es_ES\" \/>\n\t\t<meta property=\"og:site_name\" content=\"El Digital de Asturias\" \/>\n\t\t<meta property=\"og:type\" content=\"article\" \/>\n\t\t<meta property=\"og:title\" content=\"S\u00e1enz de Santamar\u00eda respeta y acata el archivo de su escrache - El Digital de Asturias\" \/>\n\t\t<meta property=\"og:description\" content=\"Madrid, 7 feb (EFE).- La vicepresidenta del Gobierno, Soraya S\u00e1enz de Santamar\u00eda, ha afirmado hoy que respeta y acata el archivo del escrache ante su domicilio, aunque ha dicho que los derechos a manifestarse y la libertad de expresi\u00f3n &quot;tienen un l\u00edmite: los derechos de los dem\u00e1s&quot;, en referencia a familiares y vecinos. S\u00e1enz de\" \/>\n\t\t<meta property=\"og:url\" content=\"https:\/\/www.eldigitaldeasturias.com\/noticias\/saenz-de-santamaria-respeta-y-acata-el-archivo-de-su-escrache\/\" \/>\n\t\t<meta property=\"article:tag\" content=\"actualidad\" \/>\n\t\t<meta property=\"article:published_time\" content=\"2014-02-07T23:07:24+00:00\" \/>\n\t\t<meta property=\"article:modified_time\" content=\"2014-02-07T23:07:24+00:00\" \/>\n\t\t<meta property=\"article:publisher\" content=\"https:\/\/facebook.com\/eldigitaldeasturias\" \/>\n\t\t<meta name=\"twitter:card\" content=\"summary_large_image\" \/>\n\t\t<meta name=\"twitter:title\" content=\"S\u00e1enz de Santamar\u00eda respeta y acata el archivo de su escrache - El Digital de Asturias\" \/>\n\t\t<meta name=\"twitter:description\" content=\"Madrid, 7 feb (EFE).- La vicepresidenta del Gobierno, Soraya S\u00e1enz de Santamar\u00eda, ha afirmado hoy que respeta y acata el archivo del escrache ante su domicilio, aunque ha dicho que los derechos a manifestarse y la libertad de expresi\u00f3n &quot;tienen un l\u00edmite: los derechos de los dem\u00e1s&quot;, en referencia a familiares y vecinos. S\u00e1enz de\" \/>\n\t\t<meta name=\"twitter:label1\" content=\"Escrito por\" \/>\n\t\t<meta name=\"twitter:data1\" content=\"El Digital de Asturias\" \/>\n\t\t<meta name=\"twitter:label2\" content=\"Tiempo de lectura estimado\" \/>\n\t\t<meta name=\"twitter:data2\" content=\"2 minutos\" \/>\n\t\t<script type=\"application\/ld+json\" class=\"aioseo-schema\">\n\t\t\t{\"@context\":\"https:\\\/\\\/schema.org\",\"@graph\":[{\"@type\":\"BlogPosting\",\"@id\":\"https:\\\/\\\/www.eldigitaldeasturias.com\\\/noticias\\\/saenz-de-santamaria-respeta-y-acata-el-archivo-de-su-escrache\\\/#blogposting\",\"name\":\"S\\u00e1enz de Santamar\\u00eda respeta y acata el archivo de su escrache - El Digital de Asturias\",\"headline\":\"S\\u00e1enz de Santamar\\u00eda respeta y acata el archivo de su escrache\",\"author\":{\"@id\":\"https:\\\/\\\/www.eldigitaldeasturias.com\\\/noticias\\\/author\\\/admin\\\/#author\"},\"publisher\":{\"@id\":\"https:\\\/\\\/www.eldigitaldeasturias.com\\\/noticias\\\/#organization\"},\"image\":{\"@type\":\"ImageObject\",\"url\":486166},\"datePublished\":\"2014-02-07T22:07:24+01:00\",\"dateModified\":\"2014-02-07T22:07:24+01:00\",\"inLanguage\":\"es-ES\",\"mainEntityOfPage\":{\"@id\":\"https:\\\/\\\/www.eldigitaldeasturias.com\\\/noticias\\\/saenz-de-santamaria-respeta-y-acata-el-archivo-de-su-escrache\\\/#webpage\"},\"isPartOf\":{\"@id\":\"https:\\\/\\\/www.eldigitaldeasturias.com\\\/noticias\\\/saenz-de-santamaria-respeta-y-acata-el-archivo-de-su-escrache\\\/#webpage\"},\"articleSection\":\"Actualidad\"},{\"@type\":\"BreadcrumbList\",\"@id\":\"https:\\\/\\\/www.eldigitaldeasturias.com\\\/noticias\\\/saenz-de-santamaria-respeta-y-acata-el-archivo-de-su-escrache\\\/#breadcrumblist\",\"itemListElement\":[{\"@type\":\"ListItem\",\"@id\":\"https:\\\/\\\/www.eldigitaldeasturias.com\\\/noticias#listItem\",\"position\":1,\"name\":\"Home\",\"item\":\"https:\\\/\\\/www.eldigitaldeasturias.com\\\/noticias\",\"nextItem\":{\"@type\":\"ListItem\",\"@id\":\"https:\\\/\\\/www.eldigitaldeasturias.com\\\/noticias\\\/category\\\/actualidad\\\/#listItem\",\"name\":\"Actualidad\"}},{\"@type\":\"ListItem\",\"@id\":\"https:\\\/\\\/www.eldigitaldeasturias.com\\\/noticias\\\/category\\\/actualidad\\\/#listItem\",\"position\":2,\"name\":\"Actualidad\",\"item\":\"https:\\\/\\\/www.eldigitaldeasturias.com\\\/noticias\\\/category\\\/actualidad\\\/\",\"nextItem\":{\"@type\":\"ListItem\",\"@id\":\"https:\\\/\\\/www.eldigitaldeasturias.com\\\/noticias\\\/saenz-de-santamaria-respeta-y-acata-el-archivo-de-su-escrache\\\/#listItem\",\"name\":\"S\\u00e1enz de Santamar\\u00eda respeta y acata el archivo de su escrache\"},\"previousItem\":{\"@type\":\"ListItem\",\"@id\":\"https:\\\/\\\/www.eldigitaldeasturias.com\\\/noticias#listItem\",\"name\":\"Home\"}},{\"@type\":\"ListItem\",\"@id\":\"https:\\\/\\\/www.eldigitaldeasturias.com\\\/noticias\\\/saenz-de-santamaria-respeta-y-acata-el-archivo-de-su-escrache\\\/#listItem\",\"position\":3,\"name\":\"S\\u00e1enz de Santamar\\u00eda respeta y acata el archivo de su escrache\",\"previousItem\":{\"@type\":\"ListItem\",\"@id\":\"https:\\\/\\\/www.eldigitaldeasturias.com\\\/noticias\\\/category\\\/actualidad\\\/#listItem\",\"name\":\"Actualidad\"}}]},{\"@type\":\"Organization\",\"@id\":\"https:\\\/\\\/www.eldigitaldeasturias.com\\\/noticias\\\/#organization\",\"name\":\"El Digital de Asturias\",\"description\":\"Hemeroteca\",\"url\":\"https:\\\/\\\/www.eldigitaldeasturias.com\\\/noticias\\\/\",\"email\":\"info@eldigitaldeasturias.com\",\"telephone\":\"+34652131393\",\"logo\":{\"@type\":\"ImageObject\",\"url\":\"https:\\\/\\\/www.eldigitaldeasturias.com\\\/noticias\\\/wp-content\\\/uploads\\\/2020\\\/12\\\/EDA.jpg\",\"@id\":\"https:\\\/\\\/www.eldigitaldeasturias.com\\\/noticias\\\/saenz-de-santamaria-respeta-y-acata-el-archivo-de-su-escrache\\\/#organizationLogo\"},\"image\":{\"@id\":\"https:\\\/\\\/www.eldigitaldeasturias.com\\\/noticias\\\/saenz-de-santamaria-respeta-y-acata-el-archivo-de-su-escrache\\\/#organizationLogo\"},\"sameAs\":[\"https:\\\/\\\/facebook.com\\\/eldigitaldeasturias\",\"https:\\\/\\\/www.youtube.com\\\/channel\\\/UCZP-2wLEB9Rv6erhFmqVnvg\"],\"address\":{\"@id\":\"https:\\\/\\\/www.eldigitaldeasturias.com\\\/noticias\\\/#postaladdress\",\"@type\":\"PostalAddress\",\"streetAddress\":\"san antonio 4\",\"postalCode\":\"33430\",\"addressLocality\":\"Cand\\u00e1s\",\"addressRegion\":\"Asturias\",\"addressCountry\":\"ES\"}},{\"@type\":\"Person\",\"@id\":\"https:\\\/\\\/www.eldigitaldeasturias.com\\\/noticias\\\/author\\\/admin\\\/#author\",\"url\":\"https:\\\/\\\/www.eldigitaldeasturias.com\\\/noticias\\\/author\\\/admin\\\/\",\"name\":\"El Digital de Asturias\",\"image\":{\"@type\":\"ImageObject\",\"@id\":\"https:\\\/\\\/www.eldigitaldeasturias.com\\\/noticias\\\/saenz-de-santamaria-respeta-y-acata-el-archivo-de-su-escrache\\\/#authorImage\",\"url\":\"https:\\\/\\\/secure.gravatar.com\\\/avatar\\\/df2aeffc32bcd13f8d26072ef8a91b623d677766deac7f97ca815868cd41bf5e?s=96&d=mm&r=g\",\"width\":96,\"height\":96,\"caption\":\"El Digital de Asturias\"}},{\"@type\":\"WebPage\",\"@id\":\"https:\\\/\\\/www.eldigitaldeasturias.com\\\/noticias\\\/saenz-de-santamaria-respeta-y-acata-el-archivo-de-su-escrache\\\/#webpage\",\"url\":\"https:\\\/\\\/www.eldigitaldeasturias.com\\\/noticias\\\/saenz-de-santamaria-respeta-y-acata-el-archivo-de-su-escrache\\\/\",\"name\":\"S\\u00e1enz de Santamar\\u00eda respeta y acata el archivo de su escrache - El Digital de Asturias\",\"description\":\"Madrid, 7 feb (EFE).- La vicepresidenta del Gobierno, Soraya S\\u00e1enz de Santamar\\u00eda, ha afirmado hoy que respeta y acata el archivo del escrache ante su domicilio, aunque ha dicho que los derechos a manifestarse y la libertad de expresi\\u00f3n \\\"tienen un l\\u00edmite: los derechos de los dem\\u00e1s\\\", en referencia a familiares y vecinos. S\\u00e1enz de\",\"inLanguage\":\"es-ES\",\"isPartOf\":{\"@id\":\"https:\\\/\\\/www.eldigitaldeasturias.com\\\/noticias\\\/#website\"},\"breadcrumb\":{\"@id\":\"https:\\\/\\\/www.eldigitaldeasturias.com\\\/noticias\\\/saenz-de-santamaria-respeta-y-acata-el-archivo-de-su-escrache\\\/#breadcrumblist\"},\"author\":{\"@id\":\"https:\\\/\\\/www.eldigitaldeasturias.com\\\/noticias\\\/author\\\/admin\\\/#author\"},\"creator\":{\"@id\":\"https:\\\/\\\/www.eldigitaldeasturias.com\\\/noticias\\\/author\\\/admin\\\/#author\"},\"image\":{\"@type\":\"ImageObject\",\"url\":486166,\"@id\":\"https:\\\/\\\/www.eldigitaldeasturias.com\\\/noticias\\\/saenz-de-santamaria-respeta-y-acata-el-archivo-de-su-escrache\\\/#mainImage\"},\"primaryImageOfPage\":{\"@id\":\"https:\\\/\\\/www.eldigitaldeasturias.com\\\/noticias\\\/saenz-de-santamaria-respeta-y-acata-el-archivo-de-su-escrache\\\/#mainImage\"},\"datePublished\":\"2014-02-07T22:07:24+01:00\",\"dateModified\":\"2014-02-07T22:07:24+01:00\"},{\"@type\":\"WebSite\",\"@id\":\"https:\\\/\\\/www.eldigitaldeasturias.com\\\/noticias\\\/#website\",\"url\":\"https:\\\/\\\/www.eldigitaldeasturias.com\\\/noticias\\\/\",\"name\":\"El Digital de Asturias - Diario de actualidad y noticias\",\"alternateName\":\"El Digital de Asturias - Diario de actualidad y noticias\",\"description\":\"Hemeroteca\",\"inLanguage\":\"es-ES\",\"publisher\":{\"@id\":\"https:\\\/\\\/www.eldigitaldeasturias.com\\\/noticias\\\/#organization\"}}]}\n\t\t<\/script>\n\t\t<!-- All in One SEO Pro -->\r\n\t\t<title>S\u00e1enz de Santamar\u00eda respeta y acata el archivo de su escrache - El Digital de Asturias<\/title>\n\n","aioseo_head_json":{"title":"S\u00e1enz de Santamar\u00eda respeta y acata el archivo de su escrache - El Digital de Asturias","description":"Madrid, 7 feb (EFE).- La vicepresidenta del Gobierno, Soraya S\u00e1enz de Santamar\u00eda, ha afirmado hoy que respeta y acata el archivo del escrache ante su domicilio, aunque ha dicho que los derechos a manifestarse y la libertad de expresi\u00f3n \"tienen un l\u00edmite: los derechos de los dem\u00e1s\", en referencia a familiares y vecinos. S\u00e1enz de","canonical_url":"https:\/\/www.eldigitaldeasturias.com\/noticias\/saenz-de-santamaria-respeta-y-acata-el-archivo-de-su-escrache\/","robots":"max-image-preview:large","keywords":"actualidad","webmasterTools":{"google-site-verification":"UA-38556648-1","msvalidate.01":"7dfe9f3f1b24437ab69f4f2559babe99","miscellaneous":""},"schema":{"@context":"https:\/\/schema.org","@graph":[{"@type":"BlogPosting","@id":"https:\/\/www.eldigitaldeasturias.com\/noticias\/saenz-de-santamaria-respeta-y-acata-el-archivo-de-su-escrache\/#blogposting","name":"S\u00e1enz de Santamar\u00eda respeta y acata el archivo de su escrache - El Digital de Asturias","headline":"S\u00e1enz de Santamar\u00eda respeta y acata el archivo de su escrache","author":{"@id":"https:\/\/www.eldigitaldeasturias.com\/noticias\/author\/admin\/#author"},"publisher":{"@id":"https:\/\/www.eldigitaldeasturias.com\/noticias\/#organization"},"image":{"@type":"ImageObject","url":486166},"datePublished":"2014-02-07T22:07:24+01:00","dateModified":"2014-02-07T22:07:24+01:00","inLanguage":"es-ES","mainEntityOfPage":{"@id":"https:\/\/www.eldigitaldeasturias.com\/noticias\/saenz-de-santamaria-respeta-y-acata-el-archivo-de-su-escrache\/#webpage"},"isPartOf":{"@id":"https:\/\/www.eldigitaldeasturias.com\/noticias\/saenz-de-santamaria-respeta-y-acata-el-archivo-de-su-escrache\/#webpage"},"articleSection":"Actualidad"},{"@type":"BreadcrumbList","@id":"https:\/\/www.eldigitaldeasturias.com\/noticias\/saenz-de-santamaria-respeta-y-acata-el-archivo-de-su-escrache\/#breadcrumblist","itemListElement":[{"@type":"ListItem","@id":"https:\/\/www.eldigitaldeasturias.com\/noticias#listItem","position":1,"name":"Home","item":"https:\/\/www.eldigitaldeasturias.com\/noticias","nextItem":{"@type":"ListItem","@id":"https:\/\/www.eldigitaldeasturias.com\/noticias\/category\/actualidad\/#listItem","name":"Actualidad"}},{"@type":"ListItem","@id":"https:\/\/www.eldigitaldeasturias.com\/noticias\/category\/actualidad\/#listItem","position":2,"name":"Actualidad","item":"https:\/\/www.eldigitaldeasturias.com\/noticias\/category\/actualidad\/","nextItem":{"@type":"ListItem","@id":"https:\/\/www.eldigitaldeasturias.com\/noticias\/saenz-de-santamaria-respeta-y-acata-el-archivo-de-su-escrache\/#listItem","name":"S\u00e1enz de Santamar\u00eda respeta y acata el archivo de su escrache"},"previousItem":{"@type":"ListItem","@id":"https:\/\/www.eldigitaldeasturias.com\/noticias#listItem","name":"Home"}},{"@type":"ListItem","@id":"https:\/\/www.eldigitaldeasturias.com\/noticias\/saenz-de-santamaria-respeta-y-acata-el-archivo-de-su-escrache\/#listItem","position":3,"name":"S\u00e1enz de Santamar\u00eda respeta y acata el archivo de su escrache","previousItem":{"@type":"ListItem","@id":"https:\/\/www.eldigitaldeasturias.com\/noticias\/category\/actualidad\/#listItem","name":"Actualidad"}}]},{"@type":"Organization","@id":"https:\/\/www.eldigitaldeasturias.com\/noticias\/#organization","name":"El Digital de Asturias","description":"Hemeroteca","url":"https:\/\/www.eldigitaldeasturias.com\/noticias\/","email":"info@eldigitaldeasturias.com","telephone":"+34652131393","logo":{"@type":"ImageObject","url":"https:\/\/www.eldigitaldeasturias.com\/noticias\/wp-content\/uploads\/2020\/12\/EDA.jpg","@id":"https:\/\/www.eldigitaldeasturias.com\/noticias\/saenz-de-santamaria-respeta-y-acata-el-archivo-de-su-escrache\/#organizationLogo"},"image":{"@id":"https:\/\/www.eldigitaldeasturias.com\/noticias\/saenz-de-santamaria-respeta-y-acata-el-archivo-de-su-escrache\/#organizationLogo"},"sameAs":["https:\/\/facebook.com\/eldigitaldeasturias","https:\/\/www.youtube.com\/channel\/UCZP-2wLEB9Rv6erhFmqVnvg"],"address":{"@id":"https:\/\/www.eldigitaldeasturias.com\/noticias\/#postaladdress","@type":"PostalAddress","streetAddress":"san antonio 4","postalCode":"33430","addressLocality":"Cand\u00e1s","addressRegion":"Asturias","addressCountry":"ES"}},{"@type":"Person","@id":"https:\/\/www.eldigitaldeasturias.com\/noticias\/author\/admin\/#author","url":"https:\/\/www.eldigitaldeasturias.com\/noticias\/author\/admin\/","name":"El Digital de Asturias","image":{"@type":"ImageObject","@id":"https:\/\/www.eldigitaldeasturias.com\/noticias\/saenz-de-santamaria-respeta-y-acata-el-archivo-de-su-escrache\/#authorImage","url":"https:\/\/secure.gravatar.com\/avatar\/df2aeffc32bcd13f8d26072ef8a91b623d677766deac7f97ca815868cd41bf5e?s=96&d=mm&r=g","width":96,"height":96,"caption":"El Digital de Asturias"}},{"@type":"WebPage","@id":"https:\/\/www.eldigitaldeasturias.com\/noticias\/saenz-de-santamaria-respeta-y-acata-el-archivo-de-su-escrache\/#webpage","url":"https:\/\/www.eldigitaldeasturias.com\/noticias\/saenz-de-santamaria-respeta-y-acata-el-archivo-de-su-escrache\/","name":"S\u00e1enz de Santamar\u00eda respeta y acata el archivo de su escrache - El Digital de Asturias","description":"Madrid, 7 feb (EFE).- La vicepresidenta del Gobierno, Soraya S\u00e1enz de Santamar\u00eda, ha afirmado hoy que respeta y acata el archivo del escrache ante su domicilio, aunque ha dicho que los derechos a manifestarse y la libertad de expresi\u00f3n \"tienen un l\u00edmite: los derechos de los dem\u00e1s\", en referencia a familiares y vecinos. S\u00e1enz de","inLanguage":"es-ES","isPartOf":{"@id":"https:\/\/www.eldigitaldeasturias.com\/noticias\/#website"},"breadcrumb":{"@id":"https:\/\/www.eldigitaldeasturias.com\/noticias\/saenz-de-santamaria-respeta-y-acata-el-archivo-de-su-escrache\/#breadcrumblist"},"author":{"@id":"https:\/\/www.eldigitaldeasturias.com\/noticias\/author\/admin\/#author"},"creator":{"@id":"https:\/\/www.eldigitaldeasturias.com\/noticias\/author\/admin\/#author"},"image":{"@type":"ImageObject","url":486166,"@id":"https:\/\/www.eldigitaldeasturias.com\/noticias\/saenz-de-santamaria-respeta-y-acata-el-archivo-de-su-escrache\/#mainImage"},"primaryImageOfPage":{"@id":"https:\/\/www.eldigitaldeasturias.com\/noticias\/saenz-de-santamaria-respeta-y-acata-el-archivo-de-su-escrache\/#mainImage"},"datePublished":"2014-02-07T22:07:24+01:00","dateModified":"2014-02-07T22:07:24+01:00"},{"@type":"WebSite","@id":"https:\/\/www.eldigitaldeasturias.com\/noticias\/#website","url":"https:\/\/www.eldigitaldeasturias.com\/noticias\/","name":"El Digital de Asturias - Diario de actualidad y noticias","alternateName":"El Digital de Asturias - Diario de actualidad y noticias","description":"Hemeroteca","inLanguage":"es-ES","publisher":{"@id":"https:\/\/www.eldigitaldeasturias.com\/noticias\/#organization"}}]},"og:locale":"es_ES","og:site_name":"El Digital de Asturias","og:type":"article","og:title":"S\u00e1enz de Santamar\u00eda respeta y acata el archivo de su escrache - El Digital de Asturias","og:description":"Madrid, 7 feb (EFE).- La vicepresidenta del Gobierno, Soraya S\u00e1enz de Santamar\u00eda, ha afirmado hoy que respeta y acata el archivo del escrache ante su domicilio, aunque ha dicho que los derechos a manifestarse y la libertad de expresi\u00f3n &quot;tienen un l\u00edmite: los derechos de los dem\u00e1s&quot;, en referencia a familiares y vecinos. S\u00e1enz de","og:url":"https:\/\/www.eldigitaldeasturias.com\/noticias\/saenz-de-santamaria-respeta-y-acata-el-archivo-de-su-escrache\/","article:tag":["actualidad"],"article:published_time":"2014-02-07T23:07:24+00:00","article:modified_time":"2014-02-07T23:07:24+00:00","article:publisher":"https:\/\/facebook.com\/eldigitaldeasturias","twitter:card":"summary_large_image","twitter:title":"S\u00e1enz de Santamar\u00eda respeta y acata el archivo de su escrache - El Digital de Asturias","twitter:description":"Madrid, 7 feb (EFE).- La vicepresidenta del Gobierno, Soraya S\u00e1enz de Santamar\u00eda, ha afirmado hoy que respeta y acata el archivo del escrache ante su domicilio, aunque ha dicho que los derechos a manifestarse y la libertad de expresi\u00f3n &quot;tienen un l\u00edmite: los derechos de los dem\u00e1s&quot;, en referencia a familiares y vecinos. S\u00e1enz de","twitter:label1":"Escrito por","twitter:data1":"El Digital de Asturias","twitter:label2":"Tiempo de lectura estimado","twitter:data2":"2 minutos"},"aioseo_meta_data":{"post_id":"486165","title":null,"description":null,"keywords":null,"keyphrases":null,"primary_term":null,"canonical_url":null,"og_title":null,"og_description":null,"og_object_type":"default","og_image_type":"default","og_image_url":null,"og_image_width":null,"og_image_height":null,"og_image_custom_url":null,"og_image_custom_fields":null,"og_video":null,"og_custom_url":null,"og_article_section":null,"og_article_tags":null,"twitter_use_og":true,"twitter_card":"default","twitter_image_type":"default","twitter_image_url":null,"twitter_image_custom_url":null,"twitter_image_custom_fields":null,"twitter_title":null,"twitter_description":null,"schema":{"blockGraphs":[],"customGraphs":[],"default":{"data":{"Article":[],"Course":[],"Dataset":[],"FAQPage":[],"Movie":[],"Person":[],"Product":[],"ProductReview":[],"Car":[],"Recipe":[],"Service":[],"SoftwareApplication":[],"WebPage":[]},"graphName":"","isEnabled":true},"graphs":[],"defaultGraph":"","defaultPostTypeGraph":""},"schema_type":null,"schema_type_options":null,"pillar_content":false,"robots_default":true,"robots_noindex":false,"robots_noarchive":false,"robots_nosnippet":false,"robots_nofollow":false,"robots_noimageindex":false,"robots_noodp":false,"robots_notranslate":false,"robots_max_snippet":null,"robots_max_videopreview":null,"robots_max_imagepreview":"none","priority":null,"frequency":null,"local_seo":null,"seo_analyzer_scan_date":"2026-06-02 23:40:50","breadcrumb_settings":null,"limit_modified_date":false,"open_ai":null,"ai":null,"created":"2020-11-14 22:56:03","updated":"2026-06-02 23:40:50","focus_keyword":null,"additional_keywords":null,"truseo_locale":null},"aioseo_breadcrumb":"<div class=\"aioseo-breadcrumbs\"><span class=\"aioseo-breadcrumb\">\n\t<a href=\"https:\/\/www.eldigitaldeasturias.com\/noticias\" title=\"Home\">Home<\/a>\n<\/span><span class=\"aioseo-breadcrumb-separator\">\u2013<\/span><span class=\"aioseo-breadcrumb\">\n\t<a href=\"https:\/\/www.eldigitaldeasturias.com\/noticias\/category\/actualidad\/\" title=\"Actualidad\">Actualidad<\/a>\n<\/span><span class=\"aioseo-breadcrumb-separator\">\u2013<\/span><span class=\"aioseo-breadcrumb\">\n\t<a href=\"https:\/\/www.eldigitaldeasturias.com\/noticias\/saenz-de-santamaria-respeta-y-acata-el-archivo-de-su-escrache\/\" title=\"S\u00e1enz de Santamar\u00eda respeta y acata el archivo de su escrache\">S\u00e1enz de Santamar\u00eda respeta y acata el archivo de su escrache<\/a>\n<\/span><\/div>","aioseo_breadcrumb_json":[{"label":"Home","link":"https:\/\/www.eldigitaldeasturias.com\/noticias"},{"label":"Actualidad","link":"https:\/\/www.eldigitaldeasturias.com\/noticias\/category\/actualidad\/"},{"label":"S\u00e1enz de Santamar\u00eda respeta y acata el archivo de su escrache","link":"https:\/\/www.eldigitaldeasturias.com\/noticias\/saenz-de-santamaria-respeta-y-acata-el-archivo-de-su-escrache\/"}],"_links":{"self":[{"href":"https:\/\/www.eldigitaldeasturias.com\/noticias\/wp-json\/wp\/v2\/posts\/486165","targetHints":{"allow":["GET"]}}],"collection":[{"href":"https:\/\/www.eldigitaldeasturias.com\/noticias\/wp-json\/wp\/v2\/posts"}],"about":[{"href":"https:\/\/www.eldigitaldeasturias.com\/noticias\/wp-json\/wp\/v2\/types\/post"}],"author":[{"embeddable":true,"href":"https:\/\/www.eldigitaldeasturias.com\/noticias\/wp-json\/wp\/v2\/users\/1"}],"replies":[{"embeddable":true,"href":"https:\/\/www.eldigitaldeasturias.com\/noticias\/wp-json\/wp\/v2\/comments?post=486165"}],"version-history":[{"count":0,"href":"https:\/\/www.eldigitaldeasturias.com\/noticias\/wp-json\/wp\/v2\/posts\/486165\/revisions"}],"wp:attachment":[{"href":"https:\/\/www.eldigitaldeasturias.com\/noticias\/wp-json\/wp\/v2\/media?parent=486165"}],"wp:term":[{"taxonomy":"category","embeddable":true,"href":"https:\/\/www.eldigitaldeasturias.com\/noticias\/wp-json\/wp\/v2\/categories?post=486165"},{"taxonomy":"post_tag","embeddable":true,"href":"https:\/\/www.eldigitaldeasturias.com\/noticias\/wp-json\/wp\/v2\/tags?post=486165"}],"curies":[{"name":"wp","href":"https:\/\/api.w.org\/{rel}","templated":true}]}}