{"id":486144,"date":"2014-02-07T21:59:00","date_gmt":"2014-02-07T22:59:00","guid":{"rendered":"http:\/\/www.eldigitaldeasturias.com\/noticias\/?p=486144"},"modified":"2014-02-07T21:59:00","modified_gmt":"2014-02-07T22:59:00","slug":"valderas-ve-que-hay-un-empacho-de-balanzas-fiscales-que-ocultan-la-realidad","status":"publish","type":"post","link":"https:\/\/www.eldigitaldeasturias.com\/noticias\/valderas-ve-que-hay-un-empacho-de-balanzas-fiscales-que-ocultan-la-realidad\/","title":{"rendered":"Valderas ve que hay un \u00abempacho\u00bb de balanzas fiscales que ocultan la realidad"},"content":{"rendered":"<p><img loading=\"lazy\" decoding=\"async\" class=\"alignleft size-medium wp-image-486145\" alt=\"5920598w\" src=\"https:\/\/www.eldigitaldeasturias.com\/noticias\/wp-content\/uploads\/2014\/02\/5920598w-360x270.jpg\" width=\"360\" height=\"270\" \/>Madrid, 7 feb (EFE).- El vicepresidente de Andaluc\u00eda, Diego Valderas, ha asegurado hoy que hay un \u00abempacho\u00bb de balanzas fiscales, que est\u00e1 ocultando los verdaderos problemas que est\u00e1n creando las pol\u00edticas neoliberales y ha defendido que lo que hay que publicar son las \u00abbalanzas sociales\u00bb de cada territorio.<\/p>\n<p>Valderas, en una rueda de prensa en la sede de IU para detallar la conferencia sobre el modelo de Estado federal que se celebrar\u00e1 ma\u00f1ana, ha ahondado en la idea del coordinador federal, Cayo Lara, quien cree que lo importante es que se conozcan, entre otros, los \u00edndices de pobreza, paro, sanidad o educaci\u00f3n de cada territorio.<\/p>\n<p>Se trata de descubrir as\u00ed, ha dicho Lara, el \u00abinmenso da\u00f1o\u00bb que han hecho las pol\u00edticas neoliberales que han aplicado sucesivamente el PSOE y el PP y tambi\u00e9n nacionalistas como CiU.<\/p>\n<p>En torno a la pol\u00e9mica sobre la publicaci\u00f3n de las balanzas fiscales de las comunidades aut\u00f3nomas que tiene previsto hacer Hacienda, Valderas tambi\u00e9n ha dicho que si bien no ten\u00eda \u00abninguna coincidencia\u00bb con el presidente extreme\u00f1o, Jos\u00e9 Antonio Monago, s\u00ed que habr\u00eda que apostar por un nuevo modelo de financiaci\u00f3n que fuera m\u00e1s equitativo.<\/p>\n<p>Se ha referido a la decisi\u00f3n de Monago de publicar su propia balanza fiscal el 5 de marzo y a su insistencia en argumentar que la principal balanza es la de la renta de las personas.<\/p>\n<p>En cuanto al presunto uso irregular que haya podido hacer UGT sobre los fondos p\u00fablicos concedidos por la Junta de Andaluc\u00eda, el vicepresidente andaluz ha afirmado que su gobierno se ha mostrado \u00abimplacable\u00bb con la corrupci\u00f3n, \u00abalcance donde alcance\u00bb. Y eso incluye a UGT, seg\u00fan dicho.<\/p>\n","protected":false},"excerpt":{"rendered":"<p>Madrid, 7 feb (EFE).- El vicepresidente de Andaluc\u00eda, Diego Valderas, ha asegurado hoy que hay un \u00abempacho\u00bb de balanzas fiscales, que est\u00e1 ocultando los verdaderos problemas que est\u00e1n creando las pol\u00edticas neoliberales y ha defendido que lo que hay que publicar son las \u00abbalanzas sociales\u00bb de cada territorio. Valderas, en una rueda de prensa en [&hellip;]<\/p>\n","protected":false},"author":1,"featured_media":486145,"comment_status":"open","ping_status":"open","sticky":false,"template":"","format":"standard","meta":{"footnotes":""},"categories":[1],"tags":[],"class_list":["post-486144","post","type-post","status-publish","format-standard","has-post-thumbnail","hentry","category-actualidad"],"aioseo_notices":[],"aioseo_head":"\n\t\t<!-- All in One SEO Pro 5.0.1 - aioseo.com -->\n\t<meta name=\"description\" content=\"Madrid, 7 feb (EFE).- El vicepresidente de Andaluc\u00eda, Diego Valderas, ha asegurado hoy que hay un &quot;empacho&quot; de balanzas fiscales, que est\u00e1 ocultando los verdaderos problemas que est\u00e1n creando las pol\u00edticas neoliberales y ha defendido que lo que hay que publicar son las &quot;balanzas sociales&quot; de cada territorio. Valderas, en una rueda de prensa en\" \/>\n\t<meta name=\"robots\" content=\"max-image-preview:large\" \/>\n\t<meta name=\"author\" content=\"El Digital de Asturias\"\/>\n\t<meta name=\"google-site-verification\" content=\"UA-38556648-1\" \/>\n\t<meta name=\"msvalidate.01\" content=\"7dfe9f3f1b24437ab69f4f2559babe99\" \/>\n\t<meta name=\"keywords\" content=\"actualidad\" \/>\n\t<link rel=\"canonical\" href=\"https:\/\/www.eldigitaldeasturias.com\/noticias\/valderas-ve-que-hay-un-empacho-de-balanzas-fiscales-que-ocultan-la-realidad\/\" \/>\n\t<meta name=\"generator\" content=\"All in One SEO Pro (AIOSEO) 5.0.1\" \/>\n\t\t<meta property=\"og:locale\" content=\"es_ES\" \/>\n\t\t<meta property=\"og:site_name\" content=\"El Digital de Asturias\" \/>\n\t\t<meta property=\"og:type\" content=\"article\" \/>\n\t\t<meta property=\"og:title\" content=\"Valderas ve que hay un \u00abempacho\u00bb de balanzas fiscales que ocultan la realidad - El Digital de Asturias\" \/>\n\t\t<meta property=\"og:description\" content=\"Madrid, 7 feb (EFE).- El vicepresidente de Andaluc\u00eda, Diego Valderas, ha asegurado hoy que hay un &quot;empacho&quot; de balanzas fiscales, que est\u00e1 ocultando los verdaderos problemas que est\u00e1n creando las pol\u00edticas neoliberales y ha defendido que lo que hay que publicar son las &quot;balanzas sociales&quot; de cada territorio. Valderas, en una rueda de prensa en\" \/>\n\t\t<meta property=\"og:url\" content=\"https:\/\/www.eldigitaldeasturias.com\/noticias\/valderas-ve-que-hay-un-empacho-de-balanzas-fiscales-que-ocultan-la-realidad\/\" \/>\n\t\t<meta property=\"article:tag\" content=\"actualidad\" \/>\n\t\t<meta property=\"article:published_time\" content=\"2014-02-07T22:59:00+00:00\" \/>\n\t\t<meta property=\"article:modified_time\" content=\"2014-02-07T22:59:00+00:00\" \/>\n\t\t<meta property=\"article:publisher\" content=\"https:\/\/facebook.com\/eldigitaldeasturias\" \/>\n\t\t<meta name=\"twitter:card\" content=\"summary_large_image\" \/>\n\t\t<meta name=\"twitter:title\" content=\"Valderas ve que hay un \u00abempacho\u00bb de balanzas fiscales que ocultan la realidad - El Digital de Asturias\" \/>\n\t\t<meta name=\"twitter:description\" content=\"Madrid, 7 feb (EFE).- El vicepresidente de Andaluc\u00eda, Diego Valderas, ha asegurado hoy que hay un &quot;empacho&quot; de balanzas fiscales, que est\u00e1 ocultando los verdaderos problemas que est\u00e1n creando las pol\u00edticas neoliberales y ha defendido que lo que hay que publicar son las &quot;balanzas sociales&quot; de cada territorio. Valderas, en una rueda de prensa en\" \/>\n\t\t<meta name=\"twitter:label1\" content=\"Escrito por\" \/>\n\t\t<meta name=\"twitter:data1\" content=\"El Digital de Asturias\" \/>\n\t\t<meta name=\"twitter:label2\" content=\"Tiempo de lectura estimado\" \/>\n\t\t<meta name=\"twitter:data2\" content=\"1 minuto\" \/>\n\t\t<script type=\"application\/ld+json\" class=\"aioseo-schema\">\n\t\t\t{\"@context\":\"https:\\\/\\\/schema.org\",\"@graph\":[{\"@type\":\"BlogPosting\",\"@id\":\"https:\\\/\\\/www.eldigitaldeasturias.com\\\/noticias\\\/valderas-ve-que-hay-un-empacho-de-balanzas-fiscales-que-ocultan-la-realidad\\\/#blogposting\",\"name\":\"Valderas ve que hay un \\u00abempacho\\u00bb de balanzas fiscales que ocultan la realidad - El Digital de Asturias\",\"headline\":\"Valderas ve que hay un \\u00abempacho\\u00bb de balanzas fiscales que ocultan la realidad\",\"author\":{\"@id\":\"https:\\\/\\\/www.eldigitaldeasturias.com\\\/noticias\\\/author\\\/admin\\\/#author\"},\"publisher\":{\"@id\":\"https:\\\/\\\/www.eldigitaldeasturias.com\\\/noticias\\\/#organization\"},\"image\":{\"@type\":\"ImageObject\",\"url\":486145},\"datePublished\":\"2014-02-07T21:59:00+01:00\",\"dateModified\":\"2014-02-07T21:59:00+01:00\",\"inLanguage\":\"es-ES\",\"mainEntityOfPage\":{\"@id\":\"https:\\\/\\\/www.eldigitaldeasturias.com\\\/noticias\\\/valderas-ve-que-hay-un-empacho-de-balanzas-fiscales-que-ocultan-la-realidad\\\/#webpage\"},\"isPartOf\":{\"@id\":\"https:\\\/\\\/www.eldigitaldeasturias.com\\\/noticias\\\/valderas-ve-que-hay-un-empacho-de-balanzas-fiscales-que-ocultan-la-realidad\\\/#webpage\"},\"articleSection\":\"Actualidad\"},{\"@type\":\"BreadcrumbList\",\"@id\":\"https:\\\/\\\/www.eldigitaldeasturias.com\\\/noticias\\\/valderas-ve-que-hay-un-empacho-de-balanzas-fiscales-que-ocultan-la-realidad\\\/#breadcrumblist\",\"itemListElement\":[{\"@type\":\"ListItem\",\"@id\":\"https:\\\/\\\/www.eldigitaldeasturias.com\\\/noticias#listItem\",\"position\":1,\"name\":\"Home\",\"item\":\"https:\\\/\\\/www.eldigitaldeasturias.com\\\/noticias\",\"nextItem\":{\"@type\":\"ListItem\",\"@id\":\"https:\\\/\\\/www.eldigitaldeasturias.com\\\/noticias\\\/category\\\/actualidad\\\/#listItem\",\"name\":\"Actualidad\"}},{\"@type\":\"ListItem\",\"@id\":\"https:\\\/\\\/www.eldigitaldeasturias.com\\\/noticias\\\/category\\\/actualidad\\\/#listItem\",\"position\":2,\"name\":\"Actualidad\",\"item\":\"https:\\\/\\\/www.eldigitaldeasturias.com\\\/noticias\\\/category\\\/actualidad\\\/\",\"nextItem\":{\"@type\":\"ListItem\",\"@id\":\"https:\\\/\\\/www.eldigitaldeasturias.com\\\/noticias\\\/valderas-ve-que-hay-un-empacho-de-balanzas-fiscales-que-ocultan-la-realidad\\\/#listItem\",\"name\":\"Valderas ve que hay un \\u00abempacho\\u00bb de balanzas fiscales que ocultan la realidad\"},\"previousItem\":{\"@type\":\"ListItem\",\"@id\":\"https:\\\/\\\/www.eldigitaldeasturias.com\\\/noticias#listItem\",\"name\":\"Home\"}},{\"@type\":\"ListItem\",\"@id\":\"https:\\\/\\\/www.eldigitaldeasturias.com\\\/noticias\\\/valderas-ve-que-hay-un-empacho-de-balanzas-fiscales-que-ocultan-la-realidad\\\/#listItem\",\"position\":3,\"name\":\"Valderas ve que hay un \\u00abempacho\\u00bb de balanzas fiscales que ocultan la realidad\",\"previousItem\":{\"@type\":\"ListItem\",\"@id\":\"https:\\\/\\\/www.eldigitaldeasturias.com\\\/noticias\\\/category\\\/actualidad\\\/#listItem\",\"name\":\"Actualidad\"}}]},{\"@type\":\"Organization\",\"@id\":\"https:\\\/\\\/www.eldigitaldeasturias.com\\\/noticias\\\/#organization\",\"name\":\"El Digital de Asturias\",\"description\":\"Hemeroteca\",\"url\":\"https:\\\/\\\/www.eldigitaldeasturias.com\\\/noticias\\\/\",\"email\":\"info@eldigitaldeasturias.com\",\"telephone\":\"+34652131393\",\"logo\":{\"@type\":\"ImageObject\",\"url\":\"https:\\\/\\\/www.eldigitaldeasturias.com\\\/noticias\\\/wp-content\\\/uploads\\\/2020\\\/12\\\/EDA.jpg\",\"@id\":\"https:\\\/\\\/www.eldigitaldeasturias.com\\\/noticias\\\/valderas-ve-que-hay-un-empacho-de-balanzas-fiscales-que-ocultan-la-realidad\\\/#organizationLogo\"},\"image\":{\"@id\":\"https:\\\/\\\/www.eldigitaldeasturias.com\\\/noticias\\\/valderas-ve-que-hay-un-empacho-de-balanzas-fiscales-que-ocultan-la-realidad\\\/#organizationLogo\"},\"sameAs\":[\"https:\\\/\\\/facebook.com\\\/eldigitaldeasturias\",\"https:\\\/\\\/www.youtube.com\\\/channel\\\/UCZP-2wLEB9Rv6erhFmqVnvg\"],\"address\":{\"@id\":\"https:\\\/\\\/www.eldigitaldeasturias.com\\\/noticias\\\/#postaladdress\",\"@type\":\"PostalAddress\",\"streetAddress\":\"san antonio 4\",\"postalCode\":\"33430\",\"addressLocality\":\"Cand\\u00e1s\",\"addressRegion\":\"Asturias\",\"addressCountry\":\"ES\"}},{\"@type\":\"Person\",\"@id\":\"https:\\\/\\\/www.eldigitaldeasturias.com\\\/noticias\\\/author\\\/admin\\\/#author\",\"url\":\"https:\\\/\\\/www.eldigitaldeasturias.com\\\/noticias\\\/author\\\/admin\\\/\",\"name\":\"El Digital de Asturias\",\"image\":{\"@type\":\"ImageObject\",\"@id\":\"https:\\\/\\\/www.eldigitaldeasturias.com\\\/noticias\\\/valderas-ve-que-hay-un-empacho-de-balanzas-fiscales-que-ocultan-la-realidad\\\/#authorImage\",\"url\":\"https:\\\/\\\/secure.gravatar.com\\\/avatar\\\/df2aeffc32bcd13f8d26072ef8a91b623d677766deac7f97ca815868cd41bf5e?s=96&d=mm&r=g\",\"width\":96,\"height\":96,\"caption\":\"El Digital de Asturias\"}},{\"@type\":\"WebPage\",\"@id\":\"https:\\\/\\\/www.eldigitaldeasturias.com\\\/noticias\\\/valderas-ve-que-hay-un-empacho-de-balanzas-fiscales-que-ocultan-la-realidad\\\/#webpage\",\"url\":\"https:\\\/\\\/www.eldigitaldeasturias.com\\\/noticias\\\/valderas-ve-que-hay-un-empacho-de-balanzas-fiscales-que-ocultan-la-realidad\\\/\",\"name\":\"Valderas ve que hay un \\u00abempacho\\u00bb de balanzas fiscales que ocultan la realidad - El Digital de Asturias\",\"description\":\"Madrid, 7 feb (EFE).- El vicepresidente de Andaluc\\u00eda, Diego Valderas, ha asegurado hoy que hay un \\\"empacho\\\" de balanzas fiscales, que est\\u00e1 ocultando los verdaderos problemas que est\\u00e1n creando las pol\\u00edticas neoliberales y ha defendido que lo que hay que publicar son las \\\"balanzas sociales\\\" de cada territorio. Valderas, en una rueda de prensa en\",\"inLanguage\":\"es-ES\",\"isPartOf\":{\"@id\":\"https:\\\/\\\/www.eldigitaldeasturias.com\\\/noticias\\\/#website\"},\"breadcrumb\":{\"@id\":\"https:\\\/\\\/www.eldigitaldeasturias.com\\\/noticias\\\/valderas-ve-que-hay-un-empacho-de-balanzas-fiscales-que-ocultan-la-realidad\\\/#breadcrumblist\"},\"author\":{\"@id\":\"https:\\\/\\\/www.eldigitaldeasturias.com\\\/noticias\\\/author\\\/admin\\\/#author\"},\"creator\":{\"@id\":\"https:\\\/\\\/www.eldigitaldeasturias.com\\\/noticias\\\/author\\\/admin\\\/#author\"},\"image\":{\"@type\":\"ImageObject\",\"url\":486145,\"@id\":\"https:\\\/\\\/www.eldigitaldeasturias.com\\\/noticias\\\/valderas-ve-que-hay-un-empacho-de-balanzas-fiscales-que-ocultan-la-realidad\\\/#mainImage\"},\"primaryImageOfPage\":{\"@id\":\"https:\\\/\\\/www.eldigitaldeasturias.com\\\/noticias\\\/valderas-ve-que-hay-un-empacho-de-balanzas-fiscales-que-ocultan-la-realidad\\\/#mainImage\"},\"datePublished\":\"2014-02-07T21:59:00+01:00\",\"dateModified\":\"2014-02-07T21:59:00+01:00\"},{\"@type\":\"WebSite\",\"@id\":\"https:\\\/\\\/www.eldigitaldeasturias.com\\\/noticias\\\/#website\",\"url\":\"https:\\\/\\\/www.eldigitaldeasturias.com\\\/noticias\\\/\",\"name\":\"El Digital de Asturias - Diario de actualidad y noticias\",\"alternateName\":\"El Digital de Asturias - Diario de actualidad y noticias\",\"description\":\"Hemeroteca\",\"inLanguage\":\"es-ES\",\"publisher\":{\"@id\":\"https:\\\/\\\/www.eldigitaldeasturias.com\\\/noticias\\\/#organization\"}}]}\n\t\t<\/script>\n\t\t<!-- All in One SEO Pro -->\r\n\t\t<title>Valderas ve que hay un \u00abempacho\u00bb de balanzas fiscales que ocultan la realidad - El Digital de Asturias<\/title>\n\n","aioseo_head_json":{"title":"Valderas ve que hay un \u00abempacho\u00bb de balanzas fiscales que ocultan la realidad - El Digital de Asturias","description":"Madrid, 7 feb (EFE).- El vicepresidente de Andaluc\u00eda, Diego Valderas, ha asegurado hoy que hay un \"empacho\" de balanzas fiscales, que est\u00e1 ocultando los verdaderos problemas que est\u00e1n creando las pol\u00edticas neoliberales y ha defendido que lo que hay que publicar son las \"balanzas sociales\" de cada territorio. Valderas, en una rueda de prensa en","canonical_url":"https:\/\/www.eldigitaldeasturias.com\/noticias\/valderas-ve-que-hay-un-empacho-de-balanzas-fiscales-que-ocultan-la-realidad\/","robots":"max-image-preview:large","keywords":"actualidad","webmasterTools":{"google-site-verification":"UA-38556648-1","msvalidate.01":"7dfe9f3f1b24437ab69f4f2559babe99","miscellaneous":""},"schema":{"@context":"https:\/\/schema.org","@graph":[{"@type":"BlogPosting","@id":"https:\/\/www.eldigitaldeasturias.com\/noticias\/valderas-ve-que-hay-un-empacho-de-balanzas-fiscales-que-ocultan-la-realidad\/#blogposting","name":"Valderas ve que hay un \u00abempacho\u00bb de balanzas fiscales que ocultan la realidad - El Digital de Asturias","headline":"Valderas ve que hay un \u00abempacho\u00bb de balanzas fiscales que ocultan la realidad","author":{"@id":"https:\/\/www.eldigitaldeasturias.com\/noticias\/author\/admin\/#author"},"publisher":{"@id":"https:\/\/www.eldigitaldeasturias.com\/noticias\/#organization"},"image":{"@type":"ImageObject","url":486145},"datePublished":"2014-02-07T21:59:00+01:00","dateModified":"2014-02-07T21:59:00+01:00","inLanguage":"es-ES","mainEntityOfPage":{"@id":"https:\/\/www.eldigitaldeasturias.com\/noticias\/valderas-ve-que-hay-un-empacho-de-balanzas-fiscales-que-ocultan-la-realidad\/#webpage"},"isPartOf":{"@id":"https:\/\/www.eldigitaldeasturias.com\/noticias\/valderas-ve-que-hay-un-empacho-de-balanzas-fiscales-que-ocultan-la-realidad\/#webpage"},"articleSection":"Actualidad"},{"@type":"BreadcrumbList","@id":"https:\/\/www.eldigitaldeasturias.com\/noticias\/valderas-ve-que-hay-un-empacho-de-balanzas-fiscales-que-ocultan-la-realidad\/#breadcrumblist","itemListElement":[{"@type":"ListItem","@id":"https:\/\/www.eldigitaldeasturias.com\/noticias#listItem","position":1,"name":"Home","item":"https:\/\/www.eldigitaldeasturias.com\/noticias","nextItem":{"@type":"ListItem","@id":"https:\/\/www.eldigitaldeasturias.com\/noticias\/category\/actualidad\/#listItem","name":"Actualidad"}},{"@type":"ListItem","@id":"https:\/\/www.eldigitaldeasturias.com\/noticias\/category\/actualidad\/#listItem","position":2,"name":"Actualidad","item":"https:\/\/www.eldigitaldeasturias.com\/noticias\/category\/actualidad\/","nextItem":{"@type":"ListItem","@id":"https:\/\/www.eldigitaldeasturias.com\/noticias\/valderas-ve-que-hay-un-empacho-de-balanzas-fiscales-que-ocultan-la-realidad\/#listItem","name":"Valderas ve que hay un \u00abempacho\u00bb de balanzas fiscales que ocultan la realidad"},"previousItem":{"@type":"ListItem","@id":"https:\/\/www.eldigitaldeasturias.com\/noticias#listItem","name":"Home"}},{"@type":"ListItem","@id":"https:\/\/www.eldigitaldeasturias.com\/noticias\/valderas-ve-que-hay-un-empacho-de-balanzas-fiscales-que-ocultan-la-realidad\/#listItem","position":3,"name":"Valderas ve que hay un \u00abempacho\u00bb de balanzas fiscales que ocultan la realidad","previousItem":{"@type":"ListItem","@id":"https:\/\/www.eldigitaldeasturias.com\/noticias\/category\/actualidad\/#listItem","name":"Actualidad"}}]},{"@type":"Organization","@id":"https:\/\/www.eldigitaldeasturias.com\/noticias\/#organization","name":"El Digital de Asturias","description":"Hemeroteca","url":"https:\/\/www.eldigitaldeasturias.com\/noticias\/","email":"info@eldigitaldeasturias.com","telephone":"+34652131393","logo":{"@type":"ImageObject","url":"https:\/\/www.eldigitaldeasturias.com\/noticias\/wp-content\/uploads\/2020\/12\/EDA.jpg","@id":"https:\/\/www.eldigitaldeasturias.com\/noticias\/valderas-ve-que-hay-un-empacho-de-balanzas-fiscales-que-ocultan-la-realidad\/#organizationLogo"},"image":{"@id":"https:\/\/www.eldigitaldeasturias.com\/noticias\/valderas-ve-que-hay-un-empacho-de-balanzas-fiscales-que-ocultan-la-realidad\/#organizationLogo"},"sameAs":["https:\/\/facebook.com\/eldigitaldeasturias","https:\/\/www.youtube.com\/channel\/UCZP-2wLEB9Rv6erhFmqVnvg"],"address":{"@id":"https:\/\/www.eldigitaldeasturias.com\/noticias\/#postaladdress","@type":"PostalAddress","streetAddress":"san antonio 4","postalCode":"33430","addressLocality":"Cand\u00e1s","addressRegion":"Asturias","addressCountry":"ES"}},{"@type":"Person","@id":"https:\/\/www.eldigitaldeasturias.com\/noticias\/author\/admin\/#author","url":"https:\/\/www.eldigitaldeasturias.com\/noticias\/author\/admin\/","name":"El Digital de Asturias","image":{"@type":"ImageObject","@id":"https:\/\/www.eldigitaldeasturias.com\/noticias\/valderas-ve-que-hay-un-empacho-de-balanzas-fiscales-que-ocultan-la-realidad\/#authorImage","url":"https:\/\/secure.gravatar.com\/avatar\/df2aeffc32bcd13f8d26072ef8a91b623d677766deac7f97ca815868cd41bf5e?s=96&d=mm&r=g","width":96,"height":96,"caption":"El Digital de Asturias"}},{"@type":"WebPage","@id":"https:\/\/www.eldigitaldeasturias.com\/noticias\/valderas-ve-que-hay-un-empacho-de-balanzas-fiscales-que-ocultan-la-realidad\/#webpage","url":"https:\/\/www.eldigitaldeasturias.com\/noticias\/valderas-ve-que-hay-un-empacho-de-balanzas-fiscales-que-ocultan-la-realidad\/","name":"Valderas ve que hay un \u00abempacho\u00bb de balanzas fiscales que ocultan la realidad - El Digital de Asturias","description":"Madrid, 7 feb (EFE).- El vicepresidente de Andaluc\u00eda, Diego Valderas, ha asegurado hoy que hay un \"empacho\" de balanzas fiscales, que est\u00e1 ocultando los verdaderos problemas que est\u00e1n creando las pol\u00edticas neoliberales y ha defendido que lo que hay que publicar son las \"balanzas sociales\" de cada territorio. Valderas, en una rueda de prensa en","inLanguage":"es-ES","isPartOf":{"@id":"https:\/\/www.eldigitaldeasturias.com\/noticias\/#website"},"breadcrumb":{"@id":"https:\/\/www.eldigitaldeasturias.com\/noticias\/valderas-ve-que-hay-un-empacho-de-balanzas-fiscales-que-ocultan-la-realidad\/#breadcrumblist"},"author":{"@id":"https:\/\/www.eldigitaldeasturias.com\/noticias\/author\/admin\/#author"},"creator":{"@id":"https:\/\/www.eldigitaldeasturias.com\/noticias\/author\/admin\/#author"},"image":{"@type":"ImageObject","url":486145,"@id":"https:\/\/www.eldigitaldeasturias.com\/noticias\/valderas-ve-que-hay-un-empacho-de-balanzas-fiscales-que-ocultan-la-realidad\/#mainImage"},"primaryImageOfPage":{"@id":"https:\/\/www.eldigitaldeasturias.com\/noticias\/valderas-ve-que-hay-un-empacho-de-balanzas-fiscales-que-ocultan-la-realidad\/#mainImage"},"datePublished":"2014-02-07T21:59:00+01:00","dateModified":"2014-02-07T21:59:00+01:00"},{"@type":"WebSite","@id":"https:\/\/www.eldigitaldeasturias.com\/noticias\/#website","url":"https:\/\/www.eldigitaldeasturias.com\/noticias\/","name":"El Digital de Asturias - Diario de actualidad y noticias","alternateName":"El Digital de Asturias - Diario de actualidad y noticias","description":"Hemeroteca","inLanguage":"es-ES","publisher":{"@id":"https:\/\/www.eldigitaldeasturias.com\/noticias\/#organization"}}]},"og:locale":"es_ES","og:site_name":"El Digital de Asturias","og:type":"article","og:title":"Valderas ve que hay un \u00abempacho\u00bb de balanzas fiscales que ocultan la realidad - El Digital de Asturias","og:description":"Madrid, 7 feb (EFE).- El vicepresidente de Andaluc\u00eda, Diego Valderas, ha asegurado hoy que hay un &quot;empacho&quot; de balanzas fiscales, que est\u00e1 ocultando los verdaderos problemas que est\u00e1n creando las pol\u00edticas neoliberales y ha defendido que lo que hay que publicar son las &quot;balanzas sociales&quot; de cada territorio. Valderas, en una rueda de prensa en","og:url":"https:\/\/www.eldigitaldeasturias.com\/noticias\/valderas-ve-que-hay-un-empacho-de-balanzas-fiscales-que-ocultan-la-realidad\/","article:tag":["actualidad"],"article:published_time":"2014-02-07T22:59:00+00:00","article:modified_time":"2014-02-07T22:59:00+00:00","article:publisher":"https:\/\/facebook.com\/eldigitaldeasturias","twitter:card":"summary_large_image","twitter:title":"Valderas ve que hay un \u00abempacho\u00bb de balanzas fiscales que ocultan la realidad - El Digital de Asturias","twitter:description":"Madrid, 7 feb (EFE).- El vicepresidente de Andaluc\u00eda, Diego Valderas, ha asegurado hoy que hay un &quot;empacho&quot; de balanzas fiscales, que est\u00e1 ocultando los verdaderos problemas que est\u00e1n creando las pol\u00edticas neoliberales y ha defendido que lo que hay que publicar son las &quot;balanzas sociales&quot; de cada territorio. Valderas, en una rueda de prensa en","twitter:label1":"Escrito por","twitter:data1":"El Digital de Asturias","twitter:label2":"Tiempo de lectura estimado","twitter:data2":"1 minuto"},"aioseo_meta_data":{"post_id":"486144","title":null,"description":null,"keywords":null,"keyphrases":null,"primary_term":null,"canonical_url":null,"og_title":null,"og_description":null,"og_object_type":"default","og_image_type":"default","og_image_url":null,"og_image_width":null,"og_image_height":null,"og_image_custom_url":null,"og_image_custom_fields":null,"og_video":null,"og_custom_url":null,"og_article_section":null,"og_article_tags":null,"twitter_use_og":true,"twitter_card":"default","twitter_image_type":"default","twitter_image_url":null,"twitter_image_custom_url":null,"twitter_image_custom_fields":null,"twitter_title":null,"twitter_description":null,"schema":{"blockGraphs":[],"customGraphs":[],"default":{"data":{"Article":[],"Course":[],"Dataset":[],"FAQPage":[],"Movie":[],"Person":[],"Product":[],"ProductReview":[],"Car":[],"Recipe":[],"Service":[],"SoftwareApplication":[],"WebPage":[]},"graphName":"","isEnabled":true},"graphs":[],"defaultGraph":"","defaultPostTypeGraph":""},"schema_type":null,"schema_type_options":null,"pillar_content":false,"robots_default":true,"robots_noindex":false,"robots_noarchive":false,"robots_nosnippet":false,"robots_nofollow":false,"robots_noimageindex":false,"robots_noodp":false,"robots_notranslate":false,"robots_max_snippet":null,"robots_max_videopreview":null,"robots_max_imagepreview":"none","priority":null,"frequency":null,"local_seo":null,"seo_analyzer_scan_date":"2026-06-02 23:34:46","breadcrumb_settings":null,"limit_modified_date":false,"open_ai":null,"ai":null,"created":"2020-11-14 22:56:03","updated":"2026-06-02 23:34:46","focus_keyword":null,"additional_keywords":null,"truseo_locale":null},"aioseo_breadcrumb":"<div class=\"aioseo-breadcrumbs\"><span class=\"aioseo-breadcrumb\">\n\t<a href=\"https:\/\/www.eldigitaldeasturias.com\/noticias\" title=\"Home\">Home<\/a>\n<\/span><span class=\"aioseo-breadcrumb-separator\">\u2013<\/span><span class=\"aioseo-breadcrumb\">\n\t<a href=\"https:\/\/www.eldigitaldeasturias.com\/noticias\/category\/actualidad\/\" title=\"Actualidad\">Actualidad<\/a>\n<\/span><span class=\"aioseo-breadcrumb-separator\">\u2013<\/span><span class=\"aioseo-breadcrumb\">\n\t<a href=\"https:\/\/www.eldigitaldeasturias.com\/noticias\/valderas-ve-que-hay-un-empacho-de-balanzas-fiscales-que-ocultan-la-realidad\/\" title=\"Valderas ve que hay un \u00abempacho\u00bb de balanzas fiscales que ocultan la realidad\">Valderas ve que hay un \u00abempacho\u00bb de balanzas fiscales que ocultan la realidad<\/a>\n<\/span><\/div>","aioseo_breadcrumb_json":[{"label":"Home","link":"https:\/\/www.eldigitaldeasturias.com\/noticias"},{"label":"Actualidad","link":"https:\/\/www.eldigitaldeasturias.com\/noticias\/category\/actualidad\/"},{"label":"Valderas ve que hay un \u00abempacho\u00bb de balanzas fiscales que ocultan la realidad","link":"https:\/\/www.eldigitaldeasturias.com\/noticias\/valderas-ve-que-hay-un-empacho-de-balanzas-fiscales-que-ocultan-la-realidad\/"}],"_links":{"self":[{"href":"https:\/\/www.eldigitaldeasturias.com\/noticias\/wp-json\/wp\/v2\/posts\/486144","targetHints":{"allow":["GET"]}}],"collection":[{"href":"https:\/\/www.eldigitaldeasturias.com\/noticias\/wp-json\/wp\/v2\/posts"}],"about":[{"href":"https:\/\/www.eldigitaldeasturias.com\/noticias\/wp-json\/wp\/v2\/types\/post"}],"author":[{"embeddable":true,"href":"https:\/\/www.eldigitaldeasturias.com\/noticias\/wp-json\/wp\/v2\/users\/1"}],"replies":[{"embeddable":true,"href":"https:\/\/www.eldigitaldeasturias.com\/noticias\/wp-json\/wp\/v2\/comments?post=486144"}],"version-history":[{"count":0,"href":"https:\/\/www.eldigitaldeasturias.com\/noticias\/wp-json\/wp\/v2\/posts\/486144\/revisions"}],"wp:attachment":[{"href":"https:\/\/www.eldigitaldeasturias.com\/noticias\/wp-json\/wp\/v2\/media?parent=486144"}],"wp:term":[{"taxonomy":"category","embeddable":true,"href":"https:\/\/www.eldigitaldeasturias.com\/noticias\/wp-json\/wp\/v2\/categories?post=486144"},{"taxonomy":"post_tag","embeddable":true,"href":"https:\/\/www.eldigitaldeasturias.com\/noticias\/wp-json\/wp\/v2\/tags?post=486144"}],"curies":[{"name":"wp","href":"https:\/\/api.w.org\/{rel}","templated":true}]}}