{"id":486141,"date":"2014-02-07T21:58:08","date_gmt":"2014-02-07T22:58:08","guid":{"rendered":"http:\/\/www.eldigitaldeasturias.com\/noticias\/?p=486141"},"modified":"2014-02-07T22:10:37","modified_gmt":"2014-02-07T23:10:37","slug":"urkullu-tiene-plena-confianza-en-la-ponencia-de-paz-e-invita-al-pp-a-acudir","status":"publish","type":"post","link":"https:\/\/www.eldigitaldeasturias.com\/noticias\/urkullu-tiene-plena-confianza-en-la-ponencia-de-paz-e-invita-al-pp-a-acudir\/","title":{"rendered":"Urkullu tiene plena confianza en la ponencia de paz e invita al PP a acudir"},"content":{"rendered":"<p><img loading=\"lazy\" decoding=\"async\" class=\"alignleft size-medium wp-image-486142\" alt=\"5919925w\" src=\"https:\/\/www.eldigitaldeasturias.com\/noticias\/wp-content\/uploads\/2014\/02\/5919925w-360x239.jpg\" width=\"360\" height=\"239\" \/>Vitoria, 7 feb (EFE).- El lehendakari, I\u00f1igo Urkullu, ha manifestado hoy su \u00abplena confianza\u00bb en la Ponencia de Paz del Parlamento Vasco, a la que ha invitado a asistir al PP, y ha dicho que todas las reuniones que ha mantenido con partidos y dirigentes pol\u00edticos est\u00e1n orientadas a que este \u00f3rgano reanude sus trabajos.<\/p>\n<p>Urkullu ha respondido hoy a una pregunta parlamentaria de la presidenta del PP vasco, Arantza Quiroga, quien le ha reprochado que haya tenido reuniones \u00abdiscretas\u00bb con dirigentes de Sortu, a los que entreg\u00f3 un documento para lograr un final ordenado y verificable de ETA.<\/p>\n<p>Ha acusado al lehendakari de \u00abcontravenir\u00bb la demanda del PNV de que todos los temas de pacificaci\u00f3n se debatan en esta Ponencia parlamentaria, que est\u00e1 estancada, ya que se niegan a acudir a la misma PSE-EE, PP y UPyD, porque reclaman una actitud m\u00e1s clara contra ETA de la izquierda abertzale.<\/p>\n<p>\u00abEs chocante que el PNV y el Gobierno Vasco apelen a la Ponencia de Paz para hablar en ella de terrorismo y prescindan de ella para, de tapadillo, intercambiar documentos con la izquierda abertzale\u00bb, ha denunciado.<\/p>\n<p>Ha reiterado el rechazo de su grupo a participar en dicho \u00f3rgano parlamentario y ha instado a Urkullu a trabajar para \u00abdeslegitimar esa etapa negra de la historia de Espa\u00f1a\u00bb y, para ello, a \u00abno ir de la mano de los que tanto da\u00f1o han provocado\u00bb.<\/p>\n<p>El lehendakari ha insistido en que tiene \u00abconfianza plena\u00bb en la Ponencia de Paz y ha dejado claro que seguir\u00e1 trabajando \u00abpara que sea el foro en el que todos se sienten a trabajar juntos en base al suelo \u00e9tico\u00bb aprobado la pasada legislatura.<\/p>\n<p>As\u00ed, ha subrayado que todas las reuniones p\u00fablicas y privadas que ha mantenido, incluida la que ha tenido esta semana con el presidente del Gobierno central, Mariano Rajoy, est\u00e1n orientadas al objetivo de reunir a todos los partidos vascos en esta Ponencia.<\/p>\n<p>\u00abHemos hablado con Sortu y con todas las formaciones y usted (Quiroga) lo sabe. He estado con su grupo y tambi\u00e9n con usted. Usted me acusa de entregar documentos de tapadillo. Tengo que decir que los documentos que yo haya entregado a la izquierda abertzale, si es que he entregado alguno, los tiene el presidente del Gobierno espa\u00f1ol antes y usted tambi\u00e9n\u00bb, ha desvelado.<\/p>\n<p>Urkullu ha respondido a la dirigente popular que, no obstante, lo reprochable ser\u00eda que no hubiese hablado con ning\u00fan partido y ha defendido que lo importante de las reuniones es el \u00abresultado final\u00bb.<\/p>\n<p>Ha insistido en que est\u00e1 cumpliendo el compromiso recogido en el Plan de Paz de contribuir a generar confianza y superar obst\u00e1culos para que se pueda desplegar el \u00abpotencial democr\u00e1tico de acuerdo que la Ponencia representa\u00bb.<\/p>\n<p>As\u00ed, ha explicado que en todos los encuentros que ha mantenido est\u00e1n sobre la mesa la necesidad de cumplir principios como el reconocimiento del da\u00f1o injustamente causado, la elaboraci\u00f3n de un calendario de desarme ordenado y verificable, el reconocimiento de todas las v\u00edctimas, el desarrollo de \u00absoluciones legales\u00bb en la pol\u00edtica penitenciaria y la integraci\u00f3n de las cuatro tradiciones pol\u00edticas vascas (PNV, EH Bildu, PSE-EE y PP).<\/p>\n<p>\u00abEl Plan de Paz es nuestro gui\u00f3n. Es claro y transparente. Le invito a avanzar conjuntamente. No me pida a mi confianza a la Ponencia en la que usted no participa porque es usted quien tiene que demostrar confianza\u00bb, ha emplazado a Quiroga.<\/p>\n","protected":false},"excerpt":{"rendered":"<p>Vitoria, 7 feb (EFE).- El lehendakari, I\u00f1igo Urkullu, ha manifestado hoy su \u00abplena confianza\u00bb en la Ponencia de Paz del Parlamento Vasco, a la que ha invitado a asistir al PP, y ha dicho que todas las reuniones que ha mantenido con partidos y dirigentes pol\u00edticos est\u00e1n orientadas a que este \u00f3rgano reanude sus trabajos. [&hellip;]<\/p>\n","protected":false},"author":1,"featured_media":486142,"comment_status":"open","ping_status":"open","sticky":false,"template":"","format":"standard","meta":{"footnotes":""},"categories":[1],"tags":[],"class_list":["post-486141","post","type-post","status-publish","format-standard","has-post-thumbnail","hentry","category-actualidad"],"aioseo_notices":[],"aioseo_head":"\n\t\t<!-- All in One SEO Pro 5.0.1 - aioseo.com -->\n\t<meta name=\"description\" content=\"Vitoria, 7 feb (EFE).- El lehendakari, I\u00f1igo Urkullu, ha manifestado hoy su &quot;plena confianza&quot; en la Ponencia de Paz del Parlamento Vasco, a la que ha invitado a asistir al PP, y ha dicho que todas las reuniones que ha mantenido con partidos y dirigentes pol\u00edticos est\u00e1n orientadas a que este \u00f3rgano reanude sus trabajos.\" \/>\n\t<meta name=\"robots\" content=\"max-image-preview:large\" \/>\n\t<meta name=\"author\" content=\"El Digital de Asturias\"\/>\n\t<meta name=\"google-site-verification\" content=\"UA-38556648-1\" \/>\n\t<meta name=\"msvalidate.01\" content=\"7dfe9f3f1b24437ab69f4f2559babe99\" \/>\n\t<meta name=\"keywords\" content=\"actualidad\" \/>\n\t<link rel=\"canonical\" href=\"https:\/\/www.eldigitaldeasturias.com\/noticias\/urkullu-tiene-plena-confianza-en-la-ponencia-de-paz-e-invita-al-pp-a-acudir\/\" \/>\n\t<meta name=\"generator\" content=\"All in One SEO Pro (AIOSEO) 5.0.1\" \/>\n\t\t<meta property=\"og:locale\" content=\"es_ES\" \/>\n\t\t<meta property=\"og:site_name\" content=\"El Digital de Asturias\" \/>\n\t\t<meta property=\"og:type\" content=\"article\" \/>\n\t\t<meta property=\"og:title\" content=\"Urkullu tiene plena confianza en la ponencia de paz e invita al PP a acudir - El Digital de Asturias\" \/>\n\t\t<meta property=\"og:description\" content=\"Vitoria, 7 feb (EFE).- El lehendakari, I\u00f1igo Urkullu, ha manifestado hoy su &quot;plena confianza&quot; en la Ponencia de Paz del Parlamento Vasco, a la que ha invitado a asistir al PP, y ha dicho que todas las reuniones que ha mantenido con partidos y dirigentes pol\u00edticos est\u00e1n orientadas a que este \u00f3rgano reanude sus trabajos.\" \/>\n\t\t<meta property=\"og:url\" content=\"https:\/\/www.eldigitaldeasturias.com\/noticias\/urkullu-tiene-plena-confianza-en-la-ponencia-de-paz-e-invita-al-pp-a-acudir\/\" \/>\n\t\t<meta property=\"article:tag\" content=\"actualidad\" \/>\n\t\t<meta property=\"article:published_time\" content=\"2014-02-07T22:58:08+00:00\" \/>\n\t\t<meta property=\"article:modified_time\" content=\"2014-02-07T23:10:37+00:00\" \/>\n\t\t<meta property=\"article:publisher\" content=\"https:\/\/facebook.com\/eldigitaldeasturias\" \/>\n\t\t<meta name=\"twitter:card\" content=\"summary_large_image\" \/>\n\t\t<meta name=\"twitter:title\" content=\"Urkullu tiene plena confianza en la ponencia de paz e invita al PP a acudir - El Digital de Asturias\" \/>\n\t\t<meta name=\"twitter:description\" content=\"Vitoria, 7 feb (EFE).- El lehendakari, I\u00f1igo Urkullu, ha manifestado hoy su &quot;plena confianza&quot; en la Ponencia de Paz del Parlamento Vasco, a la que ha invitado a asistir al PP, y ha dicho que todas las reuniones que ha mantenido con partidos y dirigentes pol\u00edticos est\u00e1n orientadas a que este \u00f3rgano reanude sus trabajos.\" \/>\n\t\t<meta name=\"twitter:label1\" content=\"Escrito por\" \/>\n\t\t<meta name=\"twitter:data1\" content=\"El Digital de Asturias\" \/>\n\t\t<meta name=\"twitter:label2\" content=\"Tiempo de lectura estimado\" \/>\n\t\t<meta name=\"twitter:data2\" content=\"3 minutos\" \/>\n\t\t<script type=\"application\/ld+json\" class=\"aioseo-schema\">\n\t\t\t{\"@context\":\"https:\\\/\\\/schema.org\",\"@graph\":[{\"@type\":\"BlogPosting\",\"@id\":\"https:\\\/\\\/www.eldigitaldeasturias.com\\\/noticias\\\/urkullu-tiene-plena-confianza-en-la-ponencia-de-paz-e-invita-al-pp-a-acudir\\\/#blogposting\",\"name\":\"Urkullu tiene plena confianza en la ponencia de paz e invita al PP a acudir - El Digital de Asturias\",\"headline\":\"Urkullu tiene plena confianza en la ponencia de paz e invita al PP a acudir\",\"author\":{\"@id\":\"https:\\\/\\\/www.eldigitaldeasturias.com\\\/noticias\\\/author\\\/admin\\\/#author\"},\"publisher\":{\"@id\":\"https:\\\/\\\/www.eldigitaldeasturias.com\\\/noticias\\\/#organization\"},\"image\":{\"@type\":\"ImageObject\",\"url\":486142},\"datePublished\":\"2014-02-07T21:58:08+01:00\",\"dateModified\":\"2014-02-07T22:10:37+01:00\",\"inLanguage\":\"es-ES\",\"mainEntityOfPage\":{\"@id\":\"https:\\\/\\\/www.eldigitaldeasturias.com\\\/noticias\\\/urkullu-tiene-plena-confianza-en-la-ponencia-de-paz-e-invita-al-pp-a-acudir\\\/#webpage\"},\"isPartOf\":{\"@id\":\"https:\\\/\\\/www.eldigitaldeasturias.com\\\/noticias\\\/urkullu-tiene-plena-confianza-en-la-ponencia-de-paz-e-invita-al-pp-a-acudir\\\/#webpage\"},\"articleSection\":\"Actualidad\"},{\"@type\":\"BreadcrumbList\",\"@id\":\"https:\\\/\\\/www.eldigitaldeasturias.com\\\/noticias\\\/urkullu-tiene-plena-confianza-en-la-ponencia-de-paz-e-invita-al-pp-a-acudir\\\/#breadcrumblist\",\"itemListElement\":[{\"@type\":\"ListItem\",\"@id\":\"https:\\\/\\\/www.eldigitaldeasturias.com\\\/noticias#listItem\",\"position\":1,\"name\":\"Home\",\"item\":\"https:\\\/\\\/www.eldigitaldeasturias.com\\\/noticias\",\"nextItem\":{\"@type\":\"ListItem\",\"@id\":\"https:\\\/\\\/www.eldigitaldeasturias.com\\\/noticias\\\/category\\\/actualidad\\\/#listItem\",\"name\":\"Actualidad\"}},{\"@type\":\"ListItem\",\"@id\":\"https:\\\/\\\/www.eldigitaldeasturias.com\\\/noticias\\\/category\\\/actualidad\\\/#listItem\",\"position\":2,\"name\":\"Actualidad\",\"item\":\"https:\\\/\\\/www.eldigitaldeasturias.com\\\/noticias\\\/category\\\/actualidad\\\/\",\"nextItem\":{\"@type\":\"ListItem\",\"@id\":\"https:\\\/\\\/www.eldigitaldeasturias.com\\\/noticias\\\/urkullu-tiene-plena-confianza-en-la-ponencia-de-paz-e-invita-al-pp-a-acudir\\\/#listItem\",\"name\":\"Urkullu tiene plena confianza en la ponencia de paz e invita al PP a acudir\"},\"previousItem\":{\"@type\":\"ListItem\",\"@id\":\"https:\\\/\\\/www.eldigitaldeasturias.com\\\/noticias#listItem\",\"name\":\"Home\"}},{\"@type\":\"ListItem\",\"@id\":\"https:\\\/\\\/www.eldigitaldeasturias.com\\\/noticias\\\/urkullu-tiene-plena-confianza-en-la-ponencia-de-paz-e-invita-al-pp-a-acudir\\\/#listItem\",\"position\":3,\"name\":\"Urkullu tiene plena confianza en la ponencia de paz e invita al PP a acudir\",\"previousItem\":{\"@type\":\"ListItem\",\"@id\":\"https:\\\/\\\/www.eldigitaldeasturias.com\\\/noticias\\\/category\\\/actualidad\\\/#listItem\",\"name\":\"Actualidad\"}}]},{\"@type\":\"Organization\",\"@id\":\"https:\\\/\\\/www.eldigitaldeasturias.com\\\/noticias\\\/#organization\",\"name\":\"El Digital de Asturias\",\"description\":\"Hemeroteca\",\"url\":\"https:\\\/\\\/www.eldigitaldeasturias.com\\\/noticias\\\/\",\"email\":\"info@eldigitaldeasturias.com\",\"telephone\":\"+34652131393\",\"logo\":{\"@type\":\"ImageObject\",\"url\":\"https:\\\/\\\/www.eldigitaldeasturias.com\\\/noticias\\\/wp-content\\\/uploads\\\/2020\\\/12\\\/EDA.jpg\",\"@id\":\"https:\\\/\\\/www.eldigitaldeasturias.com\\\/noticias\\\/urkullu-tiene-plena-confianza-en-la-ponencia-de-paz-e-invita-al-pp-a-acudir\\\/#organizationLogo\"},\"image\":{\"@id\":\"https:\\\/\\\/www.eldigitaldeasturias.com\\\/noticias\\\/urkullu-tiene-plena-confianza-en-la-ponencia-de-paz-e-invita-al-pp-a-acudir\\\/#organizationLogo\"},\"sameAs\":[\"https:\\\/\\\/facebook.com\\\/eldigitaldeasturias\",\"https:\\\/\\\/www.youtube.com\\\/channel\\\/UCZP-2wLEB9Rv6erhFmqVnvg\"],\"address\":{\"@id\":\"https:\\\/\\\/www.eldigitaldeasturias.com\\\/noticias\\\/#postaladdress\",\"@type\":\"PostalAddress\",\"streetAddress\":\"san antonio 4\",\"postalCode\":\"33430\",\"addressLocality\":\"Cand\\u00e1s\",\"addressRegion\":\"Asturias\",\"addressCountry\":\"ES\"}},{\"@type\":\"Person\",\"@id\":\"https:\\\/\\\/www.eldigitaldeasturias.com\\\/noticias\\\/author\\\/admin\\\/#author\",\"url\":\"https:\\\/\\\/www.eldigitaldeasturias.com\\\/noticias\\\/author\\\/admin\\\/\",\"name\":\"El Digital de Asturias\",\"image\":{\"@type\":\"ImageObject\",\"@id\":\"https:\\\/\\\/www.eldigitaldeasturias.com\\\/noticias\\\/urkullu-tiene-plena-confianza-en-la-ponencia-de-paz-e-invita-al-pp-a-acudir\\\/#authorImage\",\"url\":\"https:\\\/\\\/secure.gravatar.com\\\/avatar\\\/df2aeffc32bcd13f8d26072ef8a91b623d677766deac7f97ca815868cd41bf5e?s=96&d=mm&r=g\",\"width\":96,\"height\":96,\"caption\":\"El Digital de Asturias\"}},{\"@type\":\"WebPage\",\"@id\":\"https:\\\/\\\/www.eldigitaldeasturias.com\\\/noticias\\\/urkullu-tiene-plena-confianza-en-la-ponencia-de-paz-e-invita-al-pp-a-acudir\\\/#webpage\",\"url\":\"https:\\\/\\\/www.eldigitaldeasturias.com\\\/noticias\\\/urkullu-tiene-plena-confianza-en-la-ponencia-de-paz-e-invita-al-pp-a-acudir\\\/\",\"name\":\"Urkullu tiene plena confianza en la ponencia de paz e invita al PP a acudir - El Digital de Asturias\",\"description\":\"Vitoria, 7 feb (EFE).- El lehendakari, I\\u00f1igo Urkullu, ha manifestado hoy su \\\"plena confianza\\\" en la Ponencia de Paz del Parlamento Vasco, a la que ha invitado a asistir al PP, y ha dicho que todas las reuniones que ha mantenido con partidos y dirigentes pol\\u00edticos est\\u00e1n orientadas a que este \\u00f3rgano reanude sus trabajos.\",\"inLanguage\":\"es-ES\",\"isPartOf\":{\"@id\":\"https:\\\/\\\/www.eldigitaldeasturias.com\\\/noticias\\\/#website\"},\"breadcrumb\":{\"@id\":\"https:\\\/\\\/www.eldigitaldeasturias.com\\\/noticias\\\/urkullu-tiene-plena-confianza-en-la-ponencia-de-paz-e-invita-al-pp-a-acudir\\\/#breadcrumblist\"},\"author\":{\"@id\":\"https:\\\/\\\/www.eldigitaldeasturias.com\\\/noticias\\\/author\\\/admin\\\/#author\"},\"creator\":{\"@id\":\"https:\\\/\\\/www.eldigitaldeasturias.com\\\/noticias\\\/author\\\/admin\\\/#author\"},\"image\":{\"@type\":\"ImageObject\",\"url\":486142,\"@id\":\"https:\\\/\\\/www.eldigitaldeasturias.com\\\/noticias\\\/urkullu-tiene-plena-confianza-en-la-ponencia-de-paz-e-invita-al-pp-a-acudir\\\/#mainImage\"},\"primaryImageOfPage\":{\"@id\":\"https:\\\/\\\/www.eldigitaldeasturias.com\\\/noticias\\\/urkullu-tiene-plena-confianza-en-la-ponencia-de-paz-e-invita-al-pp-a-acudir\\\/#mainImage\"},\"datePublished\":\"2014-02-07T21:58:08+01:00\",\"dateModified\":\"2014-02-07T22:10:37+01:00\"},{\"@type\":\"WebSite\",\"@id\":\"https:\\\/\\\/www.eldigitaldeasturias.com\\\/noticias\\\/#website\",\"url\":\"https:\\\/\\\/www.eldigitaldeasturias.com\\\/noticias\\\/\",\"name\":\"El Digital de Asturias - Diario de actualidad y noticias\",\"alternateName\":\"El Digital de Asturias - Diario de actualidad y noticias\",\"description\":\"Hemeroteca\",\"inLanguage\":\"es-ES\",\"publisher\":{\"@id\":\"https:\\\/\\\/www.eldigitaldeasturias.com\\\/noticias\\\/#organization\"}}]}\n\t\t<\/script>\n\t\t<!-- All in One SEO Pro -->\r\n\t\t<title>Urkullu tiene plena confianza en la ponencia de paz e invita al PP a acudir - El Digital de Asturias<\/title>\n\n","aioseo_head_json":{"title":"Urkullu tiene plena confianza en la ponencia de paz e invita al PP a acudir - El Digital de Asturias","description":"Vitoria, 7 feb (EFE).- El lehendakari, I\u00f1igo Urkullu, ha manifestado hoy su \"plena confianza\" en la Ponencia de Paz del Parlamento Vasco, a la que ha invitado a asistir al PP, y ha dicho que todas las reuniones que ha mantenido con partidos y dirigentes pol\u00edticos est\u00e1n orientadas a que este \u00f3rgano reanude sus trabajos.","canonical_url":"https:\/\/www.eldigitaldeasturias.com\/noticias\/urkullu-tiene-plena-confianza-en-la-ponencia-de-paz-e-invita-al-pp-a-acudir\/","robots":"max-image-preview:large","keywords":"actualidad","webmasterTools":{"google-site-verification":"UA-38556648-1","msvalidate.01":"7dfe9f3f1b24437ab69f4f2559babe99","miscellaneous":""},"schema":{"@context":"https:\/\/schema.org","@graph":[{"@type":"BlogPosting","@id":"https:\/\/www.eldigitaldeasturias.com\/noticias\/urkullu-tiene-plena-confianza-en-la-ponencia-de-paz-e-invita-al-pp-a-acudir\/#blogposting","name":"Urkullu tiene plena confianza en la ponencia de paz e invita al PP a acudir - El Digital de Asturias","headline":"Urkullu tiene plena confianza en la ponencia de paz e invita al PP a acudir","author":{"@id":"https:\/\/www.eldigitaldeasturias.com\/noticias\/author\/admin\/#author"},"publisher":{"@id":"https:\/\/www.eldigitaldeasturias.com\/noticias\/#organization"},"image":{"@type":"ImageObject","url":486142},"datePublished":"2014-02-07T21:58:08+01:00","dateModified":"2014-02-07T22:10:37+01:00","inLanguage":"es-ES","mainEntityOfPage":{"@id":"https:\/\/www.eldigitaldeasturias.com\/noticias\/urkullu-tiene-plena-confianza-en-la-ponencia-de-paz-e-invita-al-pp-a-acudir\/#webpage"},"isPartOf":{"@id":"https:\/\/www.eldigitaldeasturias.com\/noticias\/urkullu-tiene-plena-confianza-en-la-ponencia-de-paz-e-invita-al-pp-a-acudir\/#webpage"},"articleSection":"Actualidad"},{"@type":"BreadcrumbList","@id":"https:\/\/www.eldigitaldeasturias.com\/noticias\/urkullu-tiene-plena-confianza-en-la-ponencia-de-paz-e-invita-al-pp-a-acudir\/#breadcrumblist","itemListElement":[{"@type":"ListItem","@id":"https:\/\/www.eldigitaldeasturias.com\/noticias#listItem","position":1,"name":"Home","item":"https:\/\/www.eldigitaldeasturias.com\/noticias","nextItem":{"@type":"ListItem","@id":"https:\/\/www.eldigitaldeasturias.com\/noticias\/category\/actualidad\/#listItem","name":"Actualidad"}},{"@type":"ListItem","@id":"https:\/\/www.eldigitaldeasturias.com\/noticias\/category\/actualidad\/#listItem","position":2,"name":"Actualidad","item":"https:\/\/www.eldigitaldeasturias.com\/noticias\/category\/actualidad\/","nextItem":{"@type":"ListItem","@id":"https:\/\/www.eldigitaldeasturias.com\/noticias\/urkullu-tiene-plena-confianza-en-la-ponencia-de-paz-e-invita-al-pp-a-acudir\/#listItem","name":"Urkullu tiene plena confianza en la ponencia de paz e invita al PP a acudir"},"previousItem":{"@type":"ListItem","@id":"https:\/\/www.eldigitaldeasturias.com\/noticias#listItem","name":"Home"}},{"@type":"ListItem","@id":"https:\/\/www.eldigitaldeasturias.com\/noticias\/urkullu-tiene-plena-confianza-en-la-ponencia-de-paz-e-invita-al-pp-a-acudir\/#listItem","position":3,"name":"Urkullu tiene plena confianza en la ponencia de paz e invita al PP a acudir","previousItem":{"@type":"ListItem","@id":"https:\/\/www.eldigitaldeasturias.com\/noticias\/category\/actualidad\/#listItem","name":"Actualidad"}}]},{"@type":"Organization","@id":"https:\/\/www.eldigitaldeasturias.com\/noticias\/#organization","name":"El Digital de Asturias","description":"Hemeroteca","url":"https:\/\/www.eldigitaldeasturias.com\/noticias\/","email":"info@eldigitaldeasturias.com","telephone":"+34652131393","logo":{"@type":"ImageObject","url":"https:\/\/www.eldigitaldeasturias.com\/noticias\/wp-content\/uploads\/2020\/12\/EDA.jpg","@id":"https:\/\/www.eldigitaldeasturias.com\/noticias\/urkullu-tiene-plena-confianza-en-la-ponencia-de-paz-e-invita-al-pp-a-acudir\/#organizationLogo"},"image":{"@id":"https:\/\/www.eldigitaldeasturias.com\/noticias\/urkullu-tiene-plena-confianza-en-la-ponencia-de-paz-e-invita-al-pp-a-acudir\/#organizationLogo"},"sameAs":["https:\/\/facebook.com\/eldigitaldeasturias","https:\/\/www.youtube.com\/channel\/UCZP-2wLEB9Rv6erhFmqVnvg"],"address":{"@id":"https:\/\/www.eldigitaldeasturias.com\/noticias\/#postaladdress","@type":"PostalAddress","streetAddress":"san antonio 4","postalCode":"33430","addressLocality":"Cand\u00e1s","addressRegion":"Asturias","addressCountry":"ES"}},{"@type":"Person","@id":"https:\/\/www.eldigitaldeasturias.com\/noticias\/author\/admin\/#author","url":"https:\/\/www.eldigitaldeasturias.com\/noticias\/author\/admin\/","name":"El Digital de Asturias","image":{"@type":"ImageObject","@id":"https:\/\/www.eldigitaldeasturias.com\/noticias\/urkullu-tiene-plena-confianza-en-la-ponencia-de-paz-e-invita-al-pp-a-acudir\/#authorImage","url":"https:\/\/secure.gravatar.com\/avatar\/df2aeffc32bcd13f8d26072ef8a91b623d677766deac7f97ca815868cd41bf5e?s=96&d=mm&r=g","width":96,"height":96,"caption":"El Digital de Asturias"}},{"@type":"WebPage","@id":"https:\/\/www.eldigitaldeasturias.com\/noticias\/urkullu-tiene-plena-confianza-en-la-ponencia-de-paz-e-invita-al-pp-a-acudir\/#webpage","url":"https:\/\/www.eldigitaldeasturias.com\/noticias\/urkullu-tiene-plena-confianza-en-la-ponencia-de-paz-e-invita-al-pp-a-acudir\/","name":"Urkullu tiene plena confianza en la ponencia de paz e invita al PP a acudir - El Digital de Asturias","description":"Vitoria, 7 feb (EFE).- El lehendakari, I\u00f1igo Urkullu, ha manifestado hoy su \"plena confianza\" en la Ponencia de Paz del Parlamento Vasco, a la que ha invitado a asistir al PP, y ha dicho que todas las reuniones que ha mantenido con partidos y dirigentes pol\u00edticos est\u00e1n orientadas a que este \u00f3rgano reanude sus trabajos.","inLanguage":"es-ES","isPartOf":{"@id":"https:\/\/www.eldigitaldeasturias.com\/noticias\/#website"},"breadcrumb":{"@id":"https:\/\/www.eldigitaldeasturias.com\/noticias\/urkullu-tiene-plena-confianza-en-la-ponencia-de-paz-e-invita-al-pp-a-acudir\/#breadcrumblist"},"author":{"@id":"https:\/\/www.eldigitaldeasturias.com\/noticias\/author\/admin\/#author"},"creator":{"@id":"https:\/\/www.eldigitaldeasturias.com\/noticias\/author\/admin\/#author"},"image":{"@type":"ImageObject","url":486142,"@id":"https:\/\/www.eldigitaldeasturias.com\/noticias\/urkullu-tiene-plena-confianza-en-la-ponencia-de-paz-e-invita-al-pp-a-acudir\/#mainImage"},"primaryImageOfPage":{"@id":"https:\/\/www.eldigitaldeasturias.com\/noticias\/urkullu-tiene-plena-confianza-en-la-ponencia-de-paz-e-invita-al-pp-a-acudir\/#mainImage"},"datePublished":"2014-02-07T21:58:08+01:00","dateModified":"2014-02-07T22:10:37+01:00"},{"@type":"WebSite","@id":"https:\/\/www.eldigitaldeasturias.com\/noticias\/#website","url":"https:\/\/www.eldigitaldeasturias.com\/noticias\/","name":"El Digital de Asturias - Diario de actualidad y noticias","alternateName":"El Digital de Asturias - Diario de actualidad y noticias","description":"Hemeroteca","inLanguage":"es-ES","publisher":{"@id":"https:\/\/www.eldigitaldeasturias.com\/noticias\/#organization"}}]},"og:locale":"es_ES","og:site_name":"El Digital de Asturias","og:type":"article","og:title":"Urkullu tiene plena confianza en la ponencia de paz e invita al PP a acudir - El Digital de Asturias","og:description":"Vitoria, 7 feb (EFE).- El lehendakari, I\u00f1igo Urkullu, ha manifestado hoy su &quot;plena confianza&quot; en la Ponencia de Paz del Parlamento Vasco, a la que ha invitado a asistir al PP, y ha dicho que todas las reuniones que ha mantenido con partidos y dirigentes pol\u00edticos est\u00e1n orientadas a que este \u00f3rgano reanude sus trabajos.","og:url":"https:\/\/www.eldigitaldeasturias.com\/noticias\/urkullu-tiene-plena-confianza-en-la-ponencia-de-paz-e-invita-al-pp-a-acudir\/","article:tag":["actualidad"],"article:published_time":"2014-02-07T22:58:08+00:00","article:modified_time":"2014-02-07T23:10:37+00:00","article:publisher":"https:\/\/facebook.com\/eldigitaldeasturias","twitter:card":"summary_large_image","twitter:title":"Urkullu tiene plena confianza en la ponencia de paz e invita al PP a acudir - El Digital de Asturias","twitter:description":"Vitoria, 7 feb (EFE).- El lehendakari, I\u00f1igo Urkullu, ha manifestado hoy su &quot;plena confianza&quot; en la Ponencia de Paz del Parlamento Vasco, a la que ha invitado a asistir al PP, y ha dicho que todas las reuniones que ha mantenido con partidos y dirigentes pol\u00edticos est\u00e1n orientadas a que este \u00f3rgano reanude sus trabajos.","twitter:label1":"Escrito por","twitter:data1":"El Digital de Asturias","twitter:label2":"Tiempo de lectura estimado","twitter:data2":"3 minutos"},"aioseo_meta_data":{"post_id":"486141","title":null,"description":null,"keywords":null,"keyphrases":null,"primary_term":null,"canonical_url":null,"og_title":null,"og_description":null,"og_object_type":"default","og_image_type":"default","og_image_url":null,"og_image_width":null,"og_image_height":null,"og_image_custom_url":null,"og_image_custom_fields":null,"og_video":null,"og_custom_url":null,"og_article_section":null,"og_article_tags":null,"twitter_use_og":true,"twitter_card":"default","twitter_image_type":"default","twitter_image_url":null,"twitter_image_custom_url":null,"twitter_image_custom_fields":null,"twitter_title":null,"twitter_description":null,"schema":{"blockGraphs":[],"customGraphs":[],"default":{"data":{"Article":[],"Course":[],"Dataset":[],"FAQPage":[],"Movie":[],"Person":[],"Product":[],"ProductReview":[],"Car":[],"Recipe":[],"Service":[],"SoftwareApplication":[],"WebPage":[]},"graphName":"","isEnabled":true},"graphs":[],"defaultGraph":"","defaultPostTypeGraph":""},"schema_type":null,"schema_type_options":null,"pillar_content":false,"robots_default":true,"robots_noindex":false,"robots_noarchive":false,"robots_nosnippet":false,"robots_nofollow":false,"robots_noimageindex":false,"robots_noodp":false,"robots_notranslate":false,"robots_max_snippet":null,"robots_max_videopreview":null,"robots_max_imagepreview":"none","priority":null,"frequency":null,"local_seo":null,"seo_analyzer_scan_date":"2026-06-02 23:34:46","breadcrumb_settings":null,"limit_modified_date":false,"open_ai":null,"ai":null,"created":"2020-11-14 22:56:03","updated":"2026-06-02 23:34:46","focus_keyword":null,"additional_keywords":null,"truseo_locale":null},"aioseo_breadcrumb":"<div class=\"aioseo-breadcrumbs\"><span class=\"aioseo-breadcrumb\">\n\t<a href=\"https:\/\/www.eldigitaldeasturias.com\/noticias\" title=\"Home\">Home<\/a>\n<\/span><span class=\"aioseo-breadcrumb-separator\">\u2013<\/span><span class=\"aioseo-breadcrumb\">\n\t<a href=\"https:\/\/www.eldigitaldeasturias.com\/noticias\/category\/actualidad\/\" title=\"Actualidad\">Actualidad<\/a>\n<\/span><span class=\"aioseo-breadcrumb-separator\">\u2013<\/span><span class=\"aioseo-breadcrumb\">\n\t<a href=\"https:\/\/www.eldigitaldeasturias.com\/noticias\/urkullu-tiene-plena-confianza-en-la-ponencia-de-paz-e-invita-al-pp-a-acudir\/\" title=\"Urkullu tiene plena confianza en la ponencia de paz e invita al PP a acudir\">Urkullu tiene plena confianza en la ponencia de paz e invita al PP a acudir<\/a>\n<\/span><\/div>","aioseo_breadcrumb_json":[{"label":"Home","link":"https:\/\/www.eldigitaldeasturias.com\/noticias"},{"label":"Actualidad","link":"https:\/\/www.eldigitaldeasturias.com\/noticias\/category\/actualidad\/"},{"label":"Urkullu tiene plena confianza en la ponencia de paz e invita al PP a acudir","link":"https:\/\/www.eldigitaldeasturias.com\/noticias\/urkullu-tiene-plena-confianza-en-la-ponencia-de-paz-e-invita-al-pp-a-acudir\/"}],"_links":{"self":[{"href":"https:\/\/www.eldigitaldeasturias.com\/noticias\/wp-json\/wp\/v2\/posts\/486141","targetHints":{"allow":["GET"]}}],"collection":[{"href":"https:\/\/www.eldigitaldeasturias.com\/noticias\/wp-json\/wp\/v2\/posts"}],"about":[{"href":"https:\/\/www.eldigitaldeasturias.com\/noticias\/wp-json\/wp\/v2\/types\/post"}],"author":[{"embeddable":true,"href":"https:\/\/www.eldigitaldeasturias.com\/noticias\/wp-json\/wp\/v2\/users\/1"}],"replies":[{"embeddable":true,"href":"https:\/\/www.eldigitaldeasturias.com\/noticias\/wp-json\/wp\/v2\/comments?post=486141"}],"version-history":[{"count":0,"href":"https:\/\/www.eldigitaldeasturias.com\/noticias\/wp-json\/wp\/v2\/posts\/486141\/revisions"}],"wp:attachment":[{"href":"https:\/\/www.eldigitaldeasturias.com\/noticias\/wp-json\/wp\/v2\/media?parent=486141"}],"wp:term":[{"taxonomy":"category","embeddable":true,"href":"https:\/\/www.eldigitaldeasturias.com\/noticias\/wp-json\/wp\/v2\/categories?post=486141"},{"taxonomy":"post_tag","embeddable":true,"href":"https:\/\/www.eldigitaldeasturias.com\/noticias\/wp-json\/wp\/v2\/tags?post=486141"}],"curies":[{"name":"wp","href":"https:\/\/api.w.org\/{rel}","templated":true}]}}