{"id":486138,"date":"2014-02-07T21:53:24","date_gmt":"2014-02-07T22:53:24","guid":{"rendered":"http:\/\/www.eldigitaldeasturias.com\/noticias\/?p=486138"},"modified":"2014-02-07T21:53:24","modified_gmt":"2014-02-07T22:53:24","slug":"el-gobierno-reitera-que-la-constitucion-reconoce-la-presuncion-de-inocencia","status":"publish","type":"post","link":"https:\/\/www.eldigitaldeasturias.com\/noticias\/el-gobierno-reitera-que-la-constitucion-reconoce-la-presuncion-de-inocencia\/","title":{"rendered":"El Gobierno reitera que la Constituci\u00f3n reconoce la presunci\u00f3n de inocencia"},"content":{"rendered":"<p><img loading=\"lazy\" decoding=\"async\" class=\"alignleft size-medium wp-image-486139\" alt=\"5920583w\" src=\"https:\/\/www.eldigitaldeasturias.com\/noticias\/wp-content\/uploads\/2014\/02\/5920583w-360x252.jpg\" width=\"360\" height=\"252\" \/>Madrid, 7 feb (EFE).- La vicepresidenta del Gobierno, Soraya S\u00e1enz de Santamar\u00eda, ha reiterado hoy, en la v\u00edspera de la declaraci\u00f3n judicial de la infanta Cristina en el marco de la investigaci\u00f3n del caso N\u00f3os, que la Constituci\u00f3n reconoce el derecho a la presunci\u00f3n de inocencia \u00aba todos\u00bb.<\/p>\n<p>En la rueda de prensa posterior al Consejo de Ministros, S\u00e1enz de Santamar\u00eda ha contestado del mismo modo que hace una semana a una pregunta sobre la percepci\u00f3n que el Ejecutivo tiene respecto de la inocencia de do\u00f1a Cristina despu\u00e9s de que el presidente Mariano Rajoy se mostrara convencido de ello el pasado 20 de enero.<\/p>\n<p>\u00abTengo que responderle lo mismo\u00bb, ha manifestado la vicepresidenta, quien ha invocado lo establecido en la Carta Magna en su art\u00edculo 24.2, donde dice que todas las personas tienen derecho \u00aba no confesarse culpables y a la presunci\u00f3n de inocencia\u00bb.<\/p>\n<p>Este deber debe reconocerse \u00aba todos\u00bb, ha remarcado, antes de concluir: \u00abAs\u00ed lo entiende el Gobierno\u00bb.<\/p>\n<p>La infanta Cristina declarar\u00e1 ma\u00f1ana en Palma de Mallorca, ante el juez instructor del caso N\u00f3os, Jos\u00e9 Castro, quien la ha citado como imputada para que aclare si particip\u00f3 en delitos de fraude fiscal como copropietaria de la sociedad Aizoon y si blanque\u00f3 mediante gastos privados fondos p\u00fablicos obtenidos de forma il\u00edcita por su marido, I\u00f1aki Urdangarin.<\/p>\n","protected":false},"excerpt":{"rendered":"<p>Madrid, 7 feb (EFE).- La vicepresidenta del Gobierno, Soraya S\u00e1enz de Santamar\u00eda, ha reiterado hoy, en la v\u00edspera de la declaraci\u00f3n judicial de la infanta Cristina en el marco de la investigaci\u00f3n del caso N\u00f3os, que la Constituci\u00f3n reconoce el derecho a la presunci\u00f3n de inocencia \u00aba todos\u00bb. En la rueda de prensa posterior al [&hellip;]<\/p>\n","protected":false},"author":1,"featured_media":486139,"comment_status":"open","ping_status":"open","sticky":false,"template":"","format":"standard","meta":{"footnotes":""},"categories":[1],"tags":[],"class_list":["post-486138","post","type-post","status-publish","format-standard","has-post-thumbnail","hentry","category-actualidad"],"aioseo_notices":[],"aioseo_head":"\n\t\t<!-- All in One SEO Pro 5.0.1 - aioseo.com -->\n\t<meta name=\"description\" content=\"Madrid, 7 feb (EFE).- La vicepresidenta del Gobierno, Soraya S\u00e1enz de Santamar\u00eda, ha reiterado hoy, en la v\u00edspera de la declaraci\u00f3n judicial de la infanta Cristina en el marco de la investigaci\u00f3n del caso N\u00f3os, que la Constituci\u00f3n reconoce el derecho a la presunci\u00f3n de inocencia &quot;a todos&quot;. En la rueda de prensa posterior al\" \/>\n\t<meta name=\"robots\" content=\"max-image-preview:large\" \/>\n\t<meta name=\"author\" content=\"El Digital de Asturias\"\/>\n\t<meta name=\"google-site-verification\" content=\"UA-38556648-1\" \/>\n\t<meta name=\"msvalidate.01\" content=\"7dfe9f3f1b24437ab69f4f2559babe99\" \/>\n\t<meta name=\"keywords\" content=\"actualidad\" \/>\n\t<link rel=\"canonical\" href=\"https:\/\/www.eldigitaldeasturias.com\/noticias\/el-gobierno-reitera-que-la-constitucion-reconoce-la-presuncion-de-inocencia\/\" \/>\n\t<meta name=\"generator\" content=\"All in One SEO Pro (AIOSEO) 5.0.1\" \/>\n\t\t<meta property=\"og:locale\" content=\"es_ES\" \/>\n\t\t<meta property=\"og:site_name\" content=\"El Digital de Asturias\" \/>\n\t\t<meta property=\"og:type\" content=\"article\" \/>\n\t\t<meta property=\"og:title\" content=\"El Gobierno reitera que la Constituci\u00f3n reconoce la presunci\u00f3n de inocencia - El Digital de Asturias\" \/>\n\t\t<meta property=\"og:description\" content=\"Madrid, 7 feb (EFE).- La vicepresidenta del Gobierno, Soraya S\u00e1enz de Santamar\u00eda, ha reiterado hoy, en la v\u00edspera de la declaraci\u00f3n judicial de la infanta Cristina en el marco de la investigaci\u00f3n del caso N\u00f3os, que la Constituci\u00f3n reconoce el derecho a la presunci\u00f3n de inocencia &quot;a todos&quot;. En la rueda de prensa posterior al\" \/>\n\t\t<meta property=\"og:url\" content=\"https:\/\/www.eldigitaldeasturias.com\/noticias\/el-gobierno-reitera-que-la-constitucion-reconoce-la-presuncion-de-inocencia\/\" \/>\n\t\t<meta property=\"article:tag\" content=\"actualidad\" \/>\n\t\t<meta property=\"article:published_time\" content=\"2014-02-07T22:53:24+00:00\" \/>\n\t\t<meta property=\"article:modified_time\" content=\"2014-02-07T22:53:24+00:00\" \/>\n\t\t<meta property=\"article:publisher\" content=\"https:\/\/facebook.com\/eldigitaldeasturias\" \/>\n\t\t<meta name=\"twitter:card\" content=\"summary_large_image\" \/>\n\t\t<meta name=\"twitter:title\" content=\"El Gobierno reitera que la Constituci\u00f3n reconoce la presunci\u00f3n de inocencia - El Digital de Asturias\" \/>\n\t\t<meta name=\"twitter:description\" content=\"Madrid, 7 feb (EFE).- La vicepresidenta del Gobierno, Soraya S\u00e1enz de Santamar\u00eda, ha reiterado hoy, en la v\u00edspera de la declaraci\u00f3n judicial de la infanta Cristina en el marco de la investigaci\u00f3n del caso N\u00f3os, que la Constituci\u00f3n reconoce el derecho a la presunci\u00f3n de inocencia &quot;a todos&quot;. En la rueda de prensa posterior al\" \/>\n\t\t<meta name=\"twitter:label1\" content=\"Escrito por\" \/>\n\t\t<meta name=\"twitter:data1\" content=\"El Digital de Asturias\" \/>\n\t\t<meta name=\"twitter:label2\" content=\"Tiempo de lectura estimado\" \/>\n\t\t<meta name=\"twitter:data2\" content=\"1 minuto\" \/>\n\t\t<script type=\"application\/ld+json\" class=\"aioseo-schema\">\n\t\t\t{\"@context\":\"https:\\\/\\\/schema.org\",\"@graph\":[{\"@type\":\"BlogPosting\",\"@id\":\"https:\\\/\\\/www.eldigitaldeasturias.com\\\/noticias\\\/el-gobierno-reitera-que-la-constitucion-reconoce-la-presuncion-de-inocencia\\\/#blogposting\",\"name\":\"El Gobierno reitera que la Constituci\\u00f3n reconoce la presunci\\u00f3n de inocencia - El Digital de Asturias\",\"headline\":\"El Gobierno reitera que la Constituci\\u00f3n reconoce la presunci\\u00f3n de inocencia\",\"author\":{\"@id\":\"https:\\\/\\\/www.eldigitaldeasturias.com\\\/noticias\\\/author\\\/admin\\\/#author\"},\"publisher\":{\"@id\":\"https:\\\/\\\/www.eldigitaldeasturias.com\\\/noticias\\\/#organization\"},\"image\":{\"@type\":\"ImageObject\",\"url\":486139},\"datePublished\":\"2014-02-07T21:53:24+01:00\",\"dateModified\":\"2014-02-07T21:53:24+01:00\",\"inLanguage\":\"es-ES\",\"mainEntityOfPage\":{\"@id\":\"https:\\\/\\\/www.eldigitaldeasturias.com\\\/noticias\\\/el-gobierno-reitera-que-la-constitucion-reconoce-la-presuncion-de-inocencia\\\/#webpage\"},\"isPartOf\":{\"@id\":\"https:\\\/\\\/www.eldigitaldeasturias.com\\\/noticias\\\/el-gobierno-reitera-que-la-constitucion-reconoce-la-presuncion-de-inocencia\\\/#webpage\"},\"articleSection\":\"Actualidad\"},{\"@type\":\"BreadcrumbList\",\"@id\":\"https:\\\/\\\/www.eldigitaldeasturias.com\\\/noticias\\\/el-gobierno-reitera-que-la-constitucion-reconoce-la-presuncion-de-inocencia\\\/#breadcrumblist\",\"itemListElement\":[{\"@type\":\"ListItem\",\"@id\":\"https:\\\/\\\/www.eldigitaldeasturias.com\\\/noticias#listItem\",\"position\":1,\"name\":\"Home\",\"item\":\"https:\\\/\\\/www.eldigitaldeasturias.com\\\/noticias\",\"nextItem\":{\"@type\":\"ListItem\",\"@id\":\"https:\\\/\\\/www.eldigitaldeasturias.com\\\/noticias\\\/category\\\/actualidad\\\/#listItem\",\"name\":\"Actualidad\"}},{\"@type\":\"ListItem\",\"@id\":\"https:\\\/\\\/www.eldigitaldeasturias.com\\\/noticias\\\/category\\\/actualidad\\\/#listItem\",\"position\":2,\"name\":\"Actualidad\",\"item\":\"https:\\\/\\\/www.eldigitaldeasturias.com\\\/noticias\\\/category\\\/actualidad\\\/\",\"nextItem\":{\"@type\":\"ListItem\",\"@id\":\"https:\\\/\\\/www.eldigitaldeasturias.com\\\/noticias\\\/el-gobierno-reitera-que-la-constitucion-reconoce-la-presuncion-de-inocencia\\\/#listItem\",\"name\":\"El Gobierno reitera que la Constituci\\u00f3n reconoce la presunci\\u00f3n de inocencia\"},\"previousItem\":{\"@type\":\"ListItem\",\"@id\":\"https:\\\/\\\/www.eldigitaldeasturias.com\\\/noticias#listItem\",\"name\":\"Home\"}},{\"@type\":\"ListItem\",\"@id\":\"https:\\\/\\\/www.eldigitaldeasturias.com\\\/noticias\\\/el-gobierno-reitera-que-la-constitucion-reconoce-la-presuncion-de-inocencia\\\/#listItem\",\"position\":3,\"name\":\"El Gobierno reitera que la Constituci\\u00f3n reconoce la presunci\\u00f3n de inocencia\",\"previousItem\":{\"@type\":\"ListItem\",\"@id\":\"https:\\\/\\\/www.eldigitaldeasturias.com\\\/noticias\\\/category\\\/actualidad\\\/#listItem\",\"name\":\"Actualidad\"}}]},{\"@type\":\"Organization\",\"@id\":\"https:\\\/\\\/www.eldigitaldeasturias.com\\\/noticias\\\/#organization\",\"name\":\"El Digital de Asturias\",\"description\":\"Hemeroteca\",\"url\":\"https:\\\/\\\/www.eldigitaldeasturias.com\\\/noticias\\\/\",\"email\":\"info@eldigitaldeasturias.com\",\"telephone\":\"+34652131393\",\"logo\":{\"@type\":\"ImageObject\",\"url\":\"https:\\\/\\\/www.eldigitaldeasturias.com\\\/noticias\\\/wp-content\\\/uploads\\\/2020\\\/12\\\/EDA.jpg\",\"@id\":\"https:\\\/\\\/www.eldigitaldeasturias.com\\\/noticias\\\/el-gobierno-reitera-que-la-constitucion-reconoce-la-presuncion-de-inocencia\\\/#organizationLogo\"},\"image\":{\"@id\":\"https:\\\/\\\/www.eldigitaldeasturias.com\\\/noticias\\\/el-gobierno-reitera-que-la-constitucion-reconoce-la-presuncion-de-inocencia\\\/#organizationLogo\"},\"sameAs\":[\"https:\\\/\\\/facebook.com\\\/eldigitaldeasturias\",\"https:\\\/\\\/www.youtube.com\\\/channel\\\/UCZP-2wLEB9Rv6erhFmqVnvg\"],\"address\":{\"@id\":\"https:\\\/\\\/www.eldigitaldeasturias.com\\\/noticias\\\/#postaladdress\",\"@type\":\"PostalAddress\",\"streetAddress\":\"san antonio 4\",\"postalCode\":\"33430\",\"addressLocality\":\"Cand\\u00e1s\",\"addressRegion\":\"Asturias\",\"addressCountry\":\"ES\"}},{\"@type\":\"Person\",\"@id\":\"https:\\\/\\\/www.eldigitaldeasturias.com\\\/noticias\\\/author\\\/admin\\\/#author\",\"url\":\"https:\\\/\\\/www.eldigitaldeasturias.com\\\/noticias\\\/author\\\/admin\\\/\",\"name\":\"El Digital de Asturias\",\"image\":{\"@type\":\"ImageObject\",\"@id\":\"https:\\\/\\\/www.eldigitaldeasturias.com\\\/noticias\\\/el-gobierno-reitera-que-la-constitucion-reconoce-la-presuncion-de-inocencia\\\/#authorImage\",\"url\":\"https:\\\/\\\/secure.gravatar.com\\\/avatar\\\/df2aeffc32bcd13f8d26072ef8a91b623d677766deac7f97ca815868cd41bf5e?s=96&d=mm&r=g\",\"width\":96,\"height\":96,\"caption\":\"El Digital de Asturias\"}},{\"@type\":\"WebPage\",\"@id\":\"https:\\\/\\\/www.eldigitaldeasturias.com\\\/noticias\\\/el-gobierno-reitera-que-la-constitucion-reconoce-la-presuncion-de-inocencia\\\/#webpage\",\"url\":\"https:\\\/\\\/www.eldigitaldeasturias.com\\\/noticias\\\/el-gobierno-reitera-que-la-constitucion-reconoce-la-presuncion-de-inocencia\\\/\",\"name\":\"El Gobierno reitera que la Constituci\\u00f3n reconoce la presunci\\u00f3n de inocencia - El Digital de Asturias\",\"description\":\"Madrid, 7 feb (EFE).- La vicepresidenta del Gobierno, Soraya S\\u00e1enz de Santamar\\u00eda, ha reiterado hoy, en la v\\u00edspera de la declaraci\\u00f3n judicial de la infanta Cristina en el marco de la investigaci\\u00f3n del caso N\\u00f3os, que la Constituci\\u00f3n reconoce el derecho a la presunci\\u00f3n de inocencia \\\"a todos\\\". En la rueda de prensa posterior al\",\"inLanguage\":\"es-ES\",\"isPartOf\":{\"@id\":\"https:\\\/\\\/www.eldigitaldeasturias.com\\\/noticias\\\/#website\"},\"breadcrumb\":{\"@id\":\"https:\\\/\\\/www.eldigitaldeasturias.com\\\/noticias\\\/el-gobierno-reitera-que-la-constitucion-reconoce-la-presuncion-de-inocencia\\\/#breadcrumblist\"},\"author\":{\"@id\":\"https:\\\/\\\/www.eldigitaldeasturias.com\\\/noticias\\\/author\\\/admin\\\/#author\"},\"creator\":{\"@id\":\"https:\\\/\\\/www.eldigitaldeasturias.com\\\/noticias\\\/author\\\/admin\\\/#author\"},\"image\":{\"@type\":\"ImageObject\",\"url\":486139,\"@id\":\"https:\\\/\\\/www.eldigitaldeasturias.com\\\/noticias\\\/el-gobierno-reitera-que-la-constitucion-reconoce-la-presuncion-de-inocencia\\\/#mainImage\"},\"primaryImageOfPage\":{\"@id\":\"https:\\\/\\\/www.eldigitaldeasturias.com\\\/noticias\\\/el-gobierno-reitera-que-la-constitucion-reconoce-la-presuncion-de-inocencia\\\/#mainImage\"},\"datePublished\":\"2014-02-07T21:53:24+01:00\",\"dateModified\":\"2014-02-07T21:53:24+01:00\"},{\"@type\":\"WebSite\",\"@id\":\"https:\\\/\\\/www.eldigitaldeasturias.com\\\/noticias\\\/#website\",\"url\":\"https:\\\/\\\/www.eldigitaldeasturias.com\\\/noticias\\\/\",\"name\":\"El Digital de Asturias - Diario de actualidad y noticias\",\"alternateName\":\"El Digital de Asturias - Diario de actualidad y noticias\",\"description\":\"Hemeroteca\",\"inLanguage\":\"es-ES\",\"publisher\":{\"@id\":\"https:\\\/\\\/www.eldigitaldeasturias.com\\\/noticias\\\/#organization\"}}]}\n\t\t<\/script>\n\t\t<!-- All in One SEO Pro -->\r\n\t\t<title>El Gobierno reitera que la Constituci\u00f3n reconoce la presunci\u00f3n de inocencia - El Digital de Asturias<\/title>\n\n","aioseo_head_json":{"title":"El Gobierno reitera que la Constituci\u00f3n reconoce la presunci\u00f3n de inocencia - El Digital de Asturias","description":"Madrid, 7 feb (EFE).- La vicepresidenta del Gobierno, Soraya S\u00e1enz de Santamar\u00eda, ha reiterado hoy, en la v\u00edspera de la declaraci\u00f3n judicial de la infanta Cristina en el marco de la investigaci\u00f3n del caso N\u00f3os, que la Constituci\u00f3n reconoce el derecho a la presunci\u00f3n de inocencia \"a todos\". En la rueda de prensa posterior al","canonical_url":"https:\/\/www.eldigitaldeasturias.com\/noticias\/el-gobierno-reitera-que-la-constitucion-reconoce-la-presuncion-de-inocencia\/","robots":"max-image-preview:large","keywords":"actualidad","webmasterTools":{"google-site-verification":"UA-38556648-1","msvalidate.01":"7dfe9f3f1b24437ab69f4f2559babe99","miscellaneous":""},"schema":{"@context":"https:\/\/schema.org","@graph":[{"@type":"BlogPosting","@id":"https:\/\/www.eldigitaldeasturias.com\/noticias\/el-gobierno-reitera-que-la-constitucion-reconoce-la-presuncion-de-inocencia\/#blogposting","name":"El Gobierno reitera que la Constituci\u00f3n reconoce la presunci\u00f3n de inocencia - El Digital de Asturias","headline":"El Gobierno reitera que la Constituci\u00f3n reconoce la presunci\u00f3n de inocencia","author":{"@id":"https:\/\/www.eldigitaldeasturias.com\/noticias\/author\/admin\/#author"},"publisher":{"@id":"https:\/\/www.eldigitaldeasturias.com\/noticias\/#organization"},"image":{"@type":"ImageObject","url":486139},"datePublished":"2014-02-07T21:53:24+01:00","dateModified":"2014-02-07T21:53:24+01:00","inLanguage":"es-ES","mainEntityOfPage":{"@id":"https:\/\/www.eldigitaldeasturias.com\/noticias\/el-gobierno-reitera-que-la-constitucion-reconoce-la-presuncion-de-inocencia\/#webpage"},"isPartOf":{"@id":"https:\/\/www.eldigitaldeasturias.com\/noticias\/el-gobierno-reitera-que-la-constitucion-reconoce-la-presuncion-de-inocencia\/#webpage"},"articleSection":"Actualidad"},{"@type":"BreadcrumbList","@id":"https:\/\/www.eldigitaldeasturias.com\/noticias\/el-gobierno-reitera-que-la-constitucion-reconoce-la-presuncion-de-inocencia\/#breadcrumblist","itemListElement":[{"@type":"ListItem","@id":"https:\/\/www.eldigitaldeasturias.com\/noticias#listItem","position":1,"name":"Home","item":"https:\/\/www.eldigitaldeasturias.com\/noticias","nextItem":{"@type":"ListItem","@id":"https:\/\/www.eldigitaldeasturias.com\/noticias\/category\/actualidad\/#listItem","name":"Actualidad"}},{"@type":"ListItem","@id":"https:\/\/www.eldigitaldeasturias.com\/noticias\/category\/actualidad\/#listItem","position":2,"name":"Actualidad","item":"https:\/\/www.eldigitaldeasturias.com\/noticias\/category\/actualidad\/","nextItem":{"@type":"ListItem","@id":"https:\/\/www.eldigitaldeasturias.com\/noticias\/el-gobierno-reitera-que-la-constitucion-reconoce-la-presuncion-de-inocencia\/#listItem","name":"El Gobierno reitera que la Constituci\u00f3n reconoce la presunci\u00f3n de inocencia"},"previousItem":{"@type":"ListItem","@id":"https:\/\/www.eldigitaldeasturias.com\/noticias#listItem","name":"Home"}},{"@type":"ListItem","@id":"https:\/\/www.eldigitaldeasturias.com\/noticias\/el-gobierno-reitera-que-la-constitucion-reconoce-la-presuncion-de-inocencia\/#listItem","position":3,"name":"El Gobierno reitera que la Constituci\u00f3n reconoce la presunci\u00f3n de inocencia","previousItem":{"@type":"ListItem","@id":"https:\/\/www.eldigitaldeasturias.com\/noticias\/category\/actualidad\/#listItem","name":"Actualidad"}}]},{"@type":"Organization","@id":"https:\/\/www.eldigitaldeasturias.com\/noticias\/#organization","name":"El Digital de Asturias","description":"Hemeroteca","url":"https:\/\/www.eldigitaldeasturias.com\/noticias\/","email":"info@eldigitaldeasturias.com","telephone":"+34652131393","logo":{"@type":"ImageObject","url":"https:\/\/www.eldigitaldeasturias.com\/noticias\/wp-content\/uploads\/2020\/12\/EDA.jpg","@id":"https:\/\/www.eldigitaldeasturias.com\/noticias\/el-gobierno-reitera-que-la-constitucion-reconoce-la-presuncion-de-inocencia\/#organizationLogo"},"image":{"@id":"https:\/\/www.eldigitaldeasturias.com\/noticias\/el-gobierno-reitera-que-la-constitucion-reconoce-la-presuncion-de-inocencia\/#organizationLogo"},"sameAs":["https:\/\/facebook.com\/eldigitaldeasturias","https:\/\/www.youtube.com\/channel\/UCZP-2wLEB9Rv6erhFmqVnvg"],"address":{"@id":"https:\/\/www.eldigitaldeasturias.com\/noticias\/#postaladdress","@type":"PostalAddress","streetAddress":"san antonio 4","postalCode":"33430","addressLocality":"Cand\u00e1s","addressRegion":"Asturias","addressCountry":"ES"}},{"@type":"Person","@id":"https:\/\/www.eldigitaldeasturias.com\/noticias\/author\/admin\/#author","url":"https:\/\/www.eldigitaldeasturias.com\/noticias\/author\/admin\/","name":"El Digital de Asturias","image":{"@type":"ImageObject","@id":"https:\/\/www.eldigitaldeasturias.com\/noticias\/el-gobierno-reitera-que-la-constitucion-reconoce-la-presuncion-de-inocencia\/#authorImage","url":"https:\/\/secure.gravatar.com\/avatar\/df2aeffc32bcd13f8d26072ef8a91b623d677766deac7f97ca815868cd41bf5e?s=96&d=mm&r=g","width":96,"height":96,"caption":"El Digital de Asturias"}},{"@type":"WebPage","@id":"https:\/\/www.eldigitaldeasturias.com\/noticias\/el-gobierno-reitera-que-la-constitucion-reconoce-la-presuncion-de-inocencia\/#webpage","url":"https:\/\/www.eldigitaldeasturias.com\/noticias\/el-gobierno-reitera-que-la-constitucion-reconoce-la-presuncion-de-inocencia\/","name":"El Gobierno reitera que la Constituci\u00f3n reconoce la presunci\u00f3n de inocencia - El Digital de Asturias","description":"Madrid, 7 feb (EFE).- La vicepresidenta del Gobierno, Soraya S\u00e1enz de Santamar\u00eda, ha reiterado hoy, en la v\u00edspera de la declaraci\u00f3n judicial de la infanta Cristina en el marco de la investigaci\u00f3n del caso N\u00f3os, que la Constituci\u00f3n reconoce el derecho a la presunci\u00f3n de inocencia \"a todos\". En la rueda de prensa posterior al","inLanguage":"es-ES","isPartOf":{"@id":"https:\/\/www.eldigitaldeasturias.com\/noticias\/#website"},"breadcrumb":{"@id":"https:\/\/www.eldigitaldeasturias.com\/noticias\/el-gobierno-reitera-que-la-constitucion-reconoce-la-presuncion-de-inocencia\/#breadcrumblist"},"author":{"@id":"https:\/\/www.eldigitaldeasturias.com\/noticias\/author\/admin\/#author"},"creator":{"@id":"https:\/\/www.eldigitaldeasturias.com\/noticias\/author\/admin\/#author"},"image":{"@type":"ImageObject","url":486139,"@id":"https:\/\/www.eldigitaldeasturias.com\/noticias\/el-gobierno-reitera-que-la-constitucion-reconoce-la-presuncion-de-inocencia\/#mainImage"},"primaryImageOfPage":{"@id":"https:\/\/www.eldigitaldeasturias.com\/noticias\/el-gobierno-reitera-que-la-constitucion-reconoce-la-presuncion-de-inocencia\/#mainImage"},"datePublished":"2014-02-07T21:53:24+01:00","dateModified":"2014-02-07T21:53:24+01:00"},{"@type":"WebSite","@id":"https:\/\/www.eldigitaldeasturias.com\/noticias\/#website","url":"https:\/\/www.eldigitaldeasturias.com\/noticias\/","name":"El Digital de Asturias - Diario de actualidad y noticias","alternateName":"El Digital de Asturias - Diario de actualidad y noticias","description":"Hemeroteca","inLanguage":"es-ES","publisher":{"@id":"https:\/\/www.eldigitaldeasturias.com\/noticias\/#organization"}}]},"og:locale":"es_ES","og:site_name":"El Digital de Asturias","og:type":"article","og:title":"El Gobierno reitera que la Constituci\u00f3n reconoce la presunci\u00f3n de inocencia - El Digital de Asturias","og:description":"Madrid, 7 feb (EFE).- La vicepresidenta del Gobierno, Soraya S\u00e1enz de Santamar\u00eda, ha reiterado hoy, en la v\u00edspera de la declaraci\u00f3n judicial de la infanta Cristina en el marco de la investigaci\u00f3n del caso N\u00f3os, que la Constituci\u00f3n reconoce el derecho a la presunci\u00f3n de inocencia &quot;a todos&quot;. En la rueda de prensa posterior al","og:url":"https:\/\/www.eldigitaldeasturias.com\/noticias\/el-gobierno-reitera-que-la-constitucion-reconoce-la-presuncion-de-inocencia\/","article:tag":["actualidad"],"article:published_time":"2014-02-07T22:53:24+00:00","article:modified_time":"2014-02-07T22:53:24+00:00","article:publisher":"https:\/\/facebook.com\/eldigitaldeasturias","twitter:card":"summary_large_image","twitter:title":"El Gobierno reitera que la Constituci\u00f3n reconoce la presunci\u00f3n de inocencia - El Digital de Asturias","twitter:description":"Madrid, 7 feb (EFE).- La vicepresidenta del Gobierno, Soraya S\u00e1enz de Santamar\u00eda, ha reiterado hoy, en la v\u00edspera de la declaraci\u00f3n judicial de la infanta Cristina en el marco de la investigaci\u00f3n del caso N\u00f3os, que la Constituci\u00f3n reconoce el derecho a la presunci\u00f3n de inocencia &quot;a todos&quot;. En la rueda de prensa posterior al","twitter:label1":"Escrito por","twitter:data1":"El Digital de Asturias","twitter:label2":"Tiempo de lectura estimado","twitter:data2":"1 minuto"},"aioseo_meta_data":{"post_id":"486138","title":null,"description":null,"keywords":null,"keyphrases":null,"primary_term":null,"canonical_url":null,"og_title":null,"og_description":null,"og_object_type":"default","og_image_type":"default","og_image_url":null,"og_image_width":null,"og_image_height":null,"og_image_custom_url":null,"og_image_custom_fields":null,"og_video":null,"og_custom_url":null,"og_article_section":null,"og_article_tags":null,"twitter_use_og":true,"twitter_card":"default","twitter_image_type":"default","twitter_image_url":null,"twitter_image_custom_url":null,"twitter_image_custom_fields":null,"twitter_title":null,"twitter_description":null,"schema":{"blockGraphs":[],"customGraphs":[],"default":{"data":{"Article":[],"Course":[],"Dataset":[],"FAQPage":[],"Movie":[],"Person":[],"Product":[],"ProductReview":[],"Car":[],"Recipe":[],"Service":[],"SoftwareApplication":[],"WebPage":[]},"graphName":"","isEnabled":true},"graphs":[],"defaultGraph":"","defaultPostTypeGraph":""},"schema_type":null,"schema_type_options":null,"pillar_content":false,"robots_default":true,"robots_noindex":false,"robots_noarchive":false,"robots_nosnippet":false,"robots_nofollow":false,"robots_noimageindex":false,"robots_noodp":false,"robots_notranslate":false,"robots_max_snippet":null,"robots_max_videopreview":null,"robots_max_imagepreview":"none","priority":null,"frequency":null,"local_seo":null,"seo_analyzer_scan_date":"2026-06-02 23:34:45","breadcrumb_settings":null,"limit_modified_date":false,"open_ai":null,"ai":null,"created":"2020-11-14 22:56:03","updated":"2026-06-02 23:34:45","focus_keyword":null,"additional_keywords":null,"truseo_locale":null},"aioseo_breadcrumb":"<div class=\"aioseo-breadcrumbs\"><span class=\"aioseo-breadcrumb\">\n\t<a href=\"https:\/\/www.eldigitaldeasturias.com\/noticias\" title=\"Home\">Home<\/a>\n<\/span><span class=\"aioseo-breadcrumb-separator\">\u2013<\/span><span class=\"aioseo-breadcrumb\">\n\t<a href=\"https:\/\/www.eldigitaldeasturias.com\/noticias\/category\/actualidad\/\" title=\"Actualidad\">Actualidad<\/a>\n<\/span><span class=\"aioseo-breadcrumb-separator\">\u2013<\/span><span class=\"aioseo-breadcrumb\">\n\t<a href=\"https:\/\/www.eldigitaldeasturias.com\/noticias\/el-gobierno-reitera-que-la-constitucion-reconoce-la-presuncion-de-inocencia\/\" title=\"El Gobierno reitera que la Constituci\u00f3n reconoce la presunci\u00f3n de inocencia\">El Gobierno reitera que la Constituci\u00f3n reconoce la presunci\u00f3n de inocencia<\/a>\n<\/span><\/div>","aioseo_breadcrumb_json":[{"label":"Home","link":"https:\/\/www.eldigitaldeasturias.com\/noticias"},{"label":"Actualidad","link":"https:\/\/www.eldigitaldeasturias.com\/noticias\/category\/actualidad\/"},{"label":"El Gobierno reitera que la Constituci\u00f3n reconoce la presunci\u00f3n de inocencia","link":"https:\/\/www.eldigitaldeasturias.com\/noticias\/el-gobierno-reitera-que-la-constitucion-reconoce-la-presuncion-de-inocencia\/"}],"_links":{"self":[{"href":"https:\/\/www.eldigitaldeasturias.com\/noticias\/wp-json\/wp\/v2\/posts\/486138","targetHints":{"allow":["GET"]}}],"collection":[{"href":"https:\/\/www.eldigitaldeasturias.com\/noticias\/wp-json\/wp\/v2\/posts"}],"about":[{"href":"https:\/\/www.eldigitaldeasturias.com\/noticias\/wp-json\/wp\/v2\/types\/post"}],"author":[{"embeddable":true,"href":"https:\/\/www.eldigitaldeasturias.com\/noticias\/wp-json\/wp\/v2\/users\/1"}],"replies":[{"embeddable":true,"href":"https:\/\/www.eldigitaldeasturias.com\/noticias\/wp-json\/wp\/v2\/comments?post=486138"}],"version-history":[{"count":0,"href":"https:\/\/www.eldigitaldeasturias.com\/noticias\/wp-json\/wp\/v2\/posts\/486138\/revisions"}],"wp:attachment":[{"href":"https:\/\/www.eldigitaldeasturias.com\/noticias\/wp-json\/wp\/v2\/media?parent=486138"}],"wp:term":[{"taxonomy":"category","embeddable":true,"href":"https:\/\/www.eldigitaldeasturias.com\/noticias\/wp-json\/wp\/v2\/categories?post=486138"},{"taxonomy":"post_tag","embeddable":true,"href":"https:\/\/www.eldigitaldeasturias.com\/noticias\/wp-json\/wp\/v2\/tags?post=486138"}],"curies":[{"name":"wp","href":"https:\/\/api.w.org\/{rel}","templated":true}]}}