{"id":486132,"date":"2014-02-07T21:50:13","date_gmt":"2014-02-07T22:50:13","guid":{"rendered":"http:\/\/www.eldigitaldeasturias.com\/noticias\/?p=486132"},"modified":"2014-02-07T21:50:13","modified_gmt":"2014-02-07T22:50:13","slug":"un-camara-herido-durante-la-protesta-en-rio-se-encuentra-en-estado-grave","status":"publish","type":"post","link":"https:\/\/www.eldigitaldeasturias.com\/noticias\/un-camara-herido-durante-la-protesta-en-rio-se-encuentra-en-estado-grave\/","title":{"rendered":"Un c\u00e1mara herido durante la protesta en R\u00edo se encuentra en estado grave"},"content":{"rendered":"<p><img loading=\"lazy\" decoding=\"async\" class=\"alignleft size-medium wp-image-486133\" alt=\"5920551w\" src=\"https:\/\/www.eldigitaldeasturias.com\/noticias\/wp-content\/uploads\/2014\/02\/5920551w-360x239.jpg\" width=\"360\" height=\"239\" \/>R\u00edo de Janeiro, 7 feb (EFE).- Un c\u00e1mara de televisi\u00f3n herido este jueves en las protestas registradas en R\u00edo de Janeiro por el aumento del precio del transporte se encuentra hospitalizado en estado grave, inform\u00f3 hoy la cadena de televisi\u00f3n para la que trabaja.<\/p>\n<p>El camar\u00f3grafo Santiago Andrade estaba cubriendo las protestas en el centro de R\u00edo de Janeiro para el canal de televisi\u00f3n Band cuando fue alcanzado por un artefacto explosivo.<\/p>\n<p>Seg\u00fan el canal, se desconoce si el artefacto fue lanzado por la polic\u00eda o por los manifestantes.<\/p>\n<p>\u00abEl camar\u00f3grafo Santiago Andrade de Band fue herido en la cabeza por un artefacto -no se sabe, de momento, si es una bomba de gas lacrim\u00f3geno o una de fabricaci\u00f3n casera\u00bb, dice el comunicado.<\/p>\n<p>Tras ser alcanzado por el explosivo, Andrade fue trasladado al Hospital Souza Aguiar, donde fue sometido a una operaci\u00f3n de cuatro horas. De acuerdo a fuentes m\u00e9dicas citadas por Band, el camar\u00f3grafo se encuentra en estado grave.<\/p>\n<p>Los medios de comunicaci\u00f3n locales indicaron que la manifestaci\u00f3n termin\u00f3 con siete heridos, entre ellos Andrade, y 28 detenidos, aunque dicha informaci\u00f3n no fue confirmada por la Polic\u00eda Civil de R\u00edo de Janeiro.<\/p>\n<p>La Asociaci\u00f3n Brasile\u00f1a de Periodismo de Investigaci\u00f3n (Abraji) conden\u00f3 la agresi\u00f3n y record\u00f3 que en lo que va de 2014 tres periodistas fueron atacados durante las manifestaciones, entre ellos el fot\u00f3grafo de la agencia Efe, Sebasti\u00e3o Moreira, en Sao Paulo.<\/p>\n<p>\u00abSe hace necesaria una investigaci\u00f3n de lo ocurrido para que los procedimientos sean revisados y para que el Estado proteja la libertad de expresi\u00f3n, la libertad de informaci\u00f3n y al periodista\u00bb, se\u00f1ala Abraji en un comunicado.<\/p>\n","protected":false},"excerpt":{"rendered":"<p>R\u00edo de Janeiro, 7 feb (EFE).- Un c\u00e1mara de televisi\u00f3n herido este jueves en las protestas registradas en R\u00edo de Janeiro por el aumento del precio del transporte se encuentra hospitalizado en estado grave, inform\u00f3 hoy la cadena de televisi\u00f3n para la que trabaja. El camar\u00f3grafo Santiago Andrade estaba cubriendo las protestas en el centro [&hellip;]<\/p>\n","protected":false},"author":1,"featured_media":486133,"comment_status":"open","ping_status":"open","sticky":false,"template":"","format":"standard","meta":{"footnotes":""},"categories":[1],"tags":[],"class_list":["post-486132","post","type-post","status-publish","format-standard","has-post-thumbnail","hentry","category-actualidad"],"aioseo_notices":[],"aioseo_head":"\n\t\t<!-- All in One SEO Pro 5.0.1 - aioseo.com -->\n\t<meta name=\"description\" content=\"R\u00edo de Janeiro, 7 feb (EFE).- Un c\u00e1mara de televisi\u00f3n herido este jueves en las protestas registradas en R\u00edo de Janeiro por el aumento del precio del transporte se encuentra hospitalizado en estado grave, inform\u00f3 hoy la cadena de televisi\u00f3n para la que trabaja. El camar\u00f3grafo Santiago Andrade estaba cubriendo las protestas en el centro\" \/>\n\t<meta name=\"robots\" content=\"max-image-preview:large\" \/>\n\t<meta name=\"author\" content=\"El Digital de Asturias\"\/>\n\t<meta name=\"google-site-verification\" content=\"UA-38556648-1\" \/>\n\t<meta name=\"msvalidate.01\" content=\"7dfe9f3f1b24437ab69f4f2559babe99\" \/>\n\t<meta name=\"keywords\" content=\"actualidad\" \/>\n\t<link rel=\"canonical\" href=\"https:\/\/www.eldigitaldeasturias.com\/noticias\/un-camara-herido-durante-la-protesta-en-rio-se-encuentra-en-estado-grave\/\" \/>\n\t<meta name=\"generator\" content=\"All in One SEO Pro (AIOSEO) 5.0.1\" \/>\n\t\t<meta property=\"og:locale\" content=\"es_ES\" \/>\n\t\t<meta property=\"og:site_name\" content=\"El Digital de Asturias\" \/>\n\t\t<meta property=\"og:type\" content=\"article\" \/>\n\t\t<meta property=\"og:title\" content=\"Un c\u00e1mara herido durante la protesta en R\u00edo se encuentra en estado grave - El Digital de Asturias\" \/>\n\t\t<meta property=\"og:description\" content=\"R\u00edo de Janeiro, 7 feb (EFE).- Un c\u00e1mara de televisi\u00f3n herido este jueves en las protestas registradas en R\u00edo de Janeiro por el aumento del precio del transporte se encuentra hospitalizado en estado grave, inform\u00f3 hoy la cadena de televisi\u00f3n para la que trabaja. El camar\u00f3grafo Santiago Andrade estaba cubriendo las protestas en el centro\" \/>\n\t\t<meta property=\"og:url\" content=\"https:\/\/www.eldigitaldeasturias.com\/noticias\/un-camara-herido-durante-la-protesta-en-rio-se-encuentra-en-estado-grave\/\" \/>\n\t\t<meta property=\"article:tag\" content=\"actualidad\" \/>\n\t\t<meta property=\"article:published_time\" content=\"2014-02-07T22:50:13+00:00\" \/>\n\t\t<meta property=\"article:modified_time\" content=\"2014-02-07T22:50:13+00:00\" \/>\n\t\t<meta property=\"article:publisher\" content=\"https:\/\/facebook.com\/eldigitaldeasturias\" \/>\n\t\t<meta name=\"twitter:card\" content=\"summary_large_image\" \/>\n\t\t<meta name=\"twitter:title\" content=\"Un c\u00e1mara herido durante la protesta en R\u00edo se encuentra en estado grave - El Digital de Asturias\" \/>\n\t\t<meta name=\"twitter:description\" content=\"R\u00edo de Janeiro, 7 feb (EFE).- Un c\u00e1mara de televisi\u00f3n herido este jueves en las protestas registradas en R\u00edo de Janeiro por el aumento del precio del transporte se encuentra hospitalizado en estado grave, inform\u00f3 hoy la cadena de televisi\u00f3n para la que trabaja. El camar\u00f3grafo Santiago Andrade estaba cubriendo las protestas en el centro\" \/>\n\t\t<meta name=\"twitter:label1\" content=\"Escrito por\" \/>\n\t\t<meta name=\"twitter:data1\" content=\"El Digital de Asturias\" \/>\n\t\t<meta name=\"twitter:label2\" content=\"Tiempo de lectura estimado\" \/>\n\t\t<meta name=\"twitter:data2\" content=\"1 minuto\" \/>\n\t\t<script type=\"application\/ld+json\" class=\"aioseo-schema\">\n\t\t\t{\"@context\":\"https:\\\/\\\/schema.org\",\"@graph\":[{\"@type\":\"BlogPosting\",\"@id\":\"https:\\\/\\\/www.eldigitaldeasturias.com\\\/noticias\\\/un-camara-herido-durante-la-protesta-en-rio-se-encuentra-en-estado-grave\\\/#blogposting\",\"name\":\"Un c\\u00e1mara herido durante la protesta en R\\u00edo se encuentra en estado grave - El Digital de Asturias\",\"headline\":\"Un c\\u00e1mara herido durante la protesta en R\\u00edo se encuentra en estado grave\",\"author\":{\"@id\":\"https:\\\/\\\/www.eldigitaldeasturias.com\\\/noticias\\\/author\\\/admin\\\/#author\"},\"publisher\":{\"@id\":\"https:\\\/\\\/www.eldigitaldeasturias.com\\\/noticias\\\/#organization\"},\"image\":{\"@type\":\"ImageObject\",\"url\":486133},\"datePublished\":\"2014-02-07T21:50:13+01:00\",\"dateModified\":\"2014-02-07T21:50:13+01:00\",\"inLanguage\":\"es-ES\",\"mainEntityOfPage\":{\"@id\":\"https:\\\/\\\/www.eldigitaldeasturias.com\\\/noticias\\\/un-camara-herido-durante-la-protesta-en-rio-se-encuentra-en-estado-grave\\\/#webpage\"},\"isPartOf\":{\"@id\":\"https:\\\/\\\/www.eldigitaldeasturias.com\\\/noticias\\\/un-camara-herido-durante-la-protesta-en-rio-se-encuentra-en-estado-grave\\\/#webpage\"},\"articleSection\":\"Actualidad\"},{\"@type\":\"BreadcrumbList\",\"@id\":\"https:\\\/\\\/www.eldigitaldeasturias.com\\\/noticias\\\/un-camara-herido-durante-la-protesta-en-rio-se-encuentra-en-estado-grave\\\/#breadcrumblist\",\"itemListElement\":[{\"@type\":\"ListItem\",\"@id\":\"https:\\\/\\\/www.eldigitaldeasturias.com\\\/noticias#listItem\",\"position\":1,\"name\":\"Home\",\"item\":\"https:\\\/\\\/www.eldigitaldeasturias.com\\\/noticias\",\"nextItem\":{\"@type\":\"ListItem\",\"@id\":\"https:\\\/\\\/www.eldigitaldeasturias.com\\\/noticias\\\/category\\\/actualidad\\\/#listItem\",\"name\":\"Actualidad\"}},{\"@type\":\"ListItem\",\"@id\":\"https:\\\/\\\/www.eldigitaldeasturias.com\\\/noticias\\\/category\\\/actualidad\\\/#listItem\",\"position\":2,\"name\":\"Actualidad\",\"item\":\"https:\\\/\\\/www.eldigitaldeasturias.com\\\/noticias\\\/category\\\/actualidad\\\/\",\"nextItem\":{\"@type\":\"ListItem\",\"@id\":\"https:\\\/\\\/www.eldigitaldeasturias.com\\\/noticias\\\/un-camara-herido-durante-la-protesta-en-rio-se-encuentra-en-estado-grave\\\/#listItem\",\"name\":\"Un c\\u00e1mara herido durante la protesta en R\\u00edo se encuentra en estado grave\"},\"previousItem\":{\"@type\":\"ListItem\",\"@id\":\"https:\\\/\\\/www.eldigitaldeasturias.com\\\/noticias#listItem\",\"name\":\"Home\"}},{\"@type\":\"ListItem\",\"@id\":\"https:\\\/\\\/www.eldigitaldeasturias.com\\\/noticias\\\/un-camara-herido-durante-la-protesta-en-rio-se-encuentra-en-estado-grave\\\/#listItem\",\"position\":3,\"name\":\"Un c\\u00e1mara herido durante la protesta en R\\u00edo se encuentra en estado grave\",\"previousItem\":{\"@type\":\"ListItem\",\"@id\":\"https:\\\/\\\/www.eldigitaldeasturias.com\\\/noticias\\\/category\\\/actualidad\\\/#listItem\",\"name\":\"Actualidad\"}}]},{\"@type\":\"Organization\",\"@id\":\"https:\\\/\\\/www.eldigitaldeasturias.com\\\/noticias\\\/#organization\",\"name\":\"El Digital de Asturias\",\"description\":\"Hemeroteca\",\"url\":\"https:\\\/\\\/www.eldigitaldeasturias.com\\\/noticias\\\/\",\"email\":\"info@eldigitaldeasturias.com\",\"telephone\":\"+34652131393\",\"logo\":{\"@type\":\"ImageObject\",\"url\":\"https:\\\/\\\/www.eldigitaldeasturias.com\\\/noticias\\\/wp-content\\\/uploads\\\/2020\\\/12\\\/EDA.jpg\",\"@id\":\"https:\\\/\\\/www.eldigitaldeasturias.com\\\/noticias\\\/un-camara-herido-durante-la-protesta-en-rio-se-encuentra-en-estado-grave\\\/#organizationLogo\"},\"image\":{\"@id\":\"https:\\\/\\\/www.eldigitaldeasturias.com\\\/noticias\\\/un-camara-herido-durante-la-protesta-en-rio-se-encuentra-en-estado-grave\\\/#organizationLogo\"},\"sameAs\":[\"https:\\\/\\\/facebook.com\\\/eldigitaldeasturias\",\"https:\\\/\\\/www.youtube.com\\\/channel\\\/UCZP-2wLEB9Rv6erhFmqVnvg\"],\"address\":{\"@id\":\"https:\\\/\\\/www.eldigitaldeasturias.com\\\/noticias\\\/#postaladdress\",\"@type\":\"PostalAddress\",\"streetAddress\":\"san antonio 4\",\"postalCode\":\"33430\",\"addressLocality\":\"Cand\\u00e1s\",\"addressRegion\":\"Asturias\",\"addressCountry\":\"ES\"}},{\"@type\":\"Person\",\"@id\":\"https:\\\/\\\/www.eldigitaldeasturias.com\\\/noticias\\\/author\\\/admin\\\/#author\",\"url\":\"https:\\\/\\\/www.eldigitaldeasturias.com\\\/noticias\\\/author\\\/admin\\\/\",\"name\":\"El Digital de Asturias\",\"image\":{\"@type\":\"ImageObject\",\"@id\":\"https:\\\/\\\/www.eldigitaldeasturias.com\\\/noticias\\\/un-camara-herido-durante-la-protesta-en-rio-se-encuentra-en-estado-grave\\\/#authorImage\",\"url\":\"https:\\\/\\\/secure.gravatar.com\\\/avatar\\\/df2aeffc32bcd13f8d26072ef8a91b623d677766deac7f97ca815868cd41bf5e?s=96&d=mm&r=g\",\"width\":96,\"height\":96,\"caption\":\"El Digital de Asturias\"}},{\"@type\":\"WebPage\",\"@id\":\"https:\\\/\\\/www.eldigitaldeasturias.com\\\/noticias\\\/un-camara-herido-durante-la-protesta-en-rio-se-encuentra-en-estado-grave\\\/#webpage\",\"url\":\"https:\\\/\\\/www.eldigitaldeasturias.com\\\/noticias\\\/un-camara-herido-durante-la-protesta-en-rio-se-encuentra-en-estado-grave\\\/\",\"name\":\"Un c\\u00e1mara herido durante la protesta en R\\u00edo se encuentra en estado grave - El Digital de Asturias\",\"description\":\"R\\u00edo de Janeiro, 7 feb (EFE).- Un c\\u00e1mara de televisi\\u00f3n herido este jueves en las protestas registradas en R\\u00edo de Janeiro por el aumento del precio del transporte se encuentra hospitalizado en estado grave, inform\\u00f3 hoy la cadena de televisi\\u00f3n para la que trabaja. El camar\\u00f3grafo Santiago Andrade estaba cubriendo las protestas en el centro\",\"inLanguage\":\"es-ES\",\"isPartOf\":{\"@id\":\"https:\\\/\\\/www.eldigitaldeasturias.com\\\/noticias\\\/#website\"},\"breadcrumb\":{\"@id\":\"https:\\\/\\\/www.eldigitaldeasturias.com\\\/noticias\\\/un-camara-herido-durante-la-protesta-en-rio-se-encuentra-en-estado-grave\\\/#breadcrumblist\"},\"author\":{\"@id\":\"https:\\\/\\\/www.eldigitaldeasturias.com\\\/noticias\\\/author\\\/admin\\\/#author\"},\"creator\":{\"@id\":\"https:\\\/\\\/www.eldigitaldeasturias.com\\\/noticias\\\/author\\\/admin\\\/#author\"},\"image\":{\"@type\":\"ImageObject\",\"url\":486133,\"@id\":\"https:\\\/\\\/www.eldigitaldeasturias.com\\\/noticias\\\/un-camara-herido-durante-la-protesta-en-rio-se-encuentra-en-estado-grave\\\/#mainImage\"},\"primaryImageOfPage\":{\"@id\":\"https:\\\/\\\/www.eldigitaldeasturias.com\\\/noticias\\\/un-camara-herido-durante-la-protesta-en-rio-se-encuentra-en-estado-grave\\\/#mainImage\"},\"datePublished\":\"2014-02-07T21:50:13+01:00\",\"dateModified\":\"2014-02-07T21:50:13+01:00\"},{\"@type\":\"WebSite\",\"@id\":\"https:\\\/\\\/www.eldigitaldeasturias.com\\\/noticias\\\/#website\",\"url\":\"https:\\\/\\\/www.eldigitaldeasturias.com\\\/noticias\\\/\",\"name\":\"El Digital de Asturias - Diario de actualidad y noticias\",\"alternateName\":\"El Digital de Asturias - Diario de actualidad y noticias\",\"description\":\"Hemeroteca\",\"inLanguage\":\"es-ES\",\"publisher\":{\"@id\":\"https:\\\/\\\/www.eldigitaldeasturias.com\\\/noticias\\\/#organization\"}}]}\n\t\t<\/script>\n\t\t<!-- All in One SEO Pro -->\r\n\t\t<title>Un c\u00e1mara herido durante la protesta en R\u00edo se encuentra en estado grave - El Digital de Asturias<\/title>\n\n","aioseo_head_json":{"title":"Un c\u00e1mara herido durante la protesta en R\u00edo se encuentra en estado grave - El Digital de Asturias","description":"R\u00edo de Janeiro, 7 feb (EFE).- Un c\u00e1mara de televisi\u00f3n herido este jueves en las protestas registradas en R\u00edo de Janeiro por el aumento del precio del transporte se encuentra hospitalizado en estado grave, inform\u00f3 hoy la cadena de televisi\u00f3n para la que trabaja. El camar\u00f3grafo Santiago Andrade estaba cubriendo las protestas en el centro","canonical_url":"https:\/\/www.eldigitaldeasturias.com\/noticias\/un-camara-herido-durante-la-protesta-en-rio-se-encuentra-en-estado-grave\/","robots":"max-image-preview:large","keywords":"actualidad","webmasterTools":{"google-site-verification":"UA-38556648-1","msvalidate.01":"7dfe9f3f1b24437ab69f4f2559babe99","miscellaneous":""},"schema":{"@context":"https:\/\/schema.org","@graph":[{"@type":"BlogPosting","@id":"https:\/\/www.eldigitaldeasturias.com\/noticias\/un-camara-herido-durante-la-protesta-en-rio-se-encuentra-en-estado-grave\/#blogposting","name":"Un c\u00e1mara herido durante la protesta en R\u00edo se encuentra en estado grave - El Digital de Asturias","headline":"Un c\u00e1mara herido durante la protesta en R\u00edo se encuentra en estado grave","author":{"@id":"https:\/\/www.eldigitaldeasturias.com\/noticias\/author\/admin\/#author"},"publisher":{"@id":"https:\/\/www.eldigitaldeasturias.com\/noticias\/#organization"},"image":{"@type":"ImageObject","url":486133},"datePublished":"2014-02-07T21:50:13+01:00","dateModified":"2014-02-07T21:50:13+01:00","inLanguage":"es-ES","mainEntityOfPage":{"@id":"https:\/\/www.eldigitaldeasturias.com\/noticias\/un-camara-herido-durante-la-protesta-en-rio-se-encuentra-en-estado-grave\/#webpage"},"isPartOf":{"@id":"https:\/\/www.eldigitaldeasturias.com\/noticias\/un-camara-herido-durante-la-protesta-en-rio-se-encuentra-en-estado-grave\/#webpage"},"articleSection":"Actualidad"},{"@type":"BreadcrumbList","@id":"https:\/\/www.eldigitaldeasturias.com\/noticias\/un-camara-herido-durante-la-protesta-en-rio-se-encuentra-en-estado-grave\/#breadcrumblist","itemListElement":[{"@type":"ListItem","@id":"https:\/\/www.eldigitaldeasturias.com\/noticias#listItem","position":1,"name":"Home","item":"https:\/\/www.eldigitaldeasturias.com\/noticias","nextItem":{"@type":"ListItem","@id":"https:\/\/www.eldigitaldeasturias.com\/noticias\/category\/actualidad\/#listItem","name":"Actualidad"}},{"@type":"ListItem","@id":"https:\/\/www.eldigitaldeasturias.com\/noticias\/category\/actualidad\/#listItem","position":2,"name":"Actualidad","item":"https:\/\/www.eldigitaldeasturias.com\/noticias\/category\/actualidad\/","nextItem":{"@type":"ListItem","@id":"https:\/\/www.eldigitaldeasturias.com\/noticias\/un-camara-herido-durante-la-protesta-en-rio-se-encuentra-en-estado-grave\/#listItem","name":"Un c\u00e1mara herido durante la protesta en R\u00edo se encuentra en estado grave"},"previousItem":{"@type":"ListItem","@id":"https:\/\/www.eldigitaldeasturias.com\/noticias#listItem","name":"Home"}},{"@type":"ListItem","@id":"https:\/\/www.eldigitaldeasturias.com\/noticias\/un-camara-herido-durante-la-protesta-en-rio-se-encuentra-en-estado-grave\/#listItem","position":3,"name":"Un c\u00e1mara herido durante la protesta en R\u00edo se encuentra en estado grave","previousItem":{"@type":"ListItem","@id":"https:\/\/www.eldigitaldeasturias.com\/noticias\/category\/actualidad\/#listItem","name":"Actualidad"}}]},{"@type":"Organization","@id":"https:\/\/www.eldigitaldeasturias.com\/noticias\/#organization","name":"El Digital de Asturias","description":"Hemeroteca","url":"https:\/\/www.eldigitaldeasturias.com\/noticias\/","email":"info@eldigitaldeasturias.com","telephone":"+34652131393","logo":{"@type":"ImageObject","url":"https:\/\/www.eldigitaldeasturias.com\/noticias\/wp-content\/uploads\/2020\/12\/EDA.jpg","@id":"https:\/\/www.eldigitaldeasturias.com\/noticias\/un-camara-herido-durante-la-protesta-en-rio-se-encuentra-en-estado-grave\/#organizationLogo"},"image":{"@id":"https:\/\/www.eldigitaldeasturias.com\/noticias\/un-camara-herido-durante-la-protesta-en-rio-se-encuentra-en-estado-grave\/#organizationLogo"},"sameAs":["https:\/\/facebook.com\/eldigitaldeasturias","https:\/\/www.youtube.com\/channel\/UCZP-2wLEB9Rv6erhFmqVnvg"],"address":{"@id":"https:\/\/www.eldigitaldeasturias.com\/noticias\/#postaladdress","@type":"PostalAddress","streetAddress":"san antonio 4","postalCode":"33430","addressLocality":"Cand\u00e1s","addressRegion":"Asturias","addressCountry":"ES"}},{"@type":"Person","@id":"https:\/\/www.eldigitaldeasturias.com\/noticias\/author\/admin\/#author","url":"https:\/\/www.eldigitaldeasturias.com\/noticias\/author\/admin\/","name":"El Digital de Asturias","image":{"@type":"ImageObject","@id":"https:\/\/www.eldigitaldeasturias.com\/noticias\/un-camara-herido-durante-la-protesta-en-rio-se-encuentra-en-estado-grave\/#authorImage","url":"https:\/\/secure.gravatar.com\/avatar\/df2aeffc32bcd13f8d26072ef8a91b623d677766deac7f97ca815868cd41bf5e?s=96&d=mm&r=g","width":96,"height":96,"caption":"El Digital de Asturias"}},{"@type":"WebPage","@id":"https:\/\/www.eldigitaldeasturias.com\/noticias\/un-camara-herido-durante-la-protesta-en-rio-se-encuentra-en-estado-grave\/#webpage","url":"https:\/\/www.eldigitaldeasturias.com\/noticias\/un-camara-herido-durante-la-protesta-en-rio-se-encuentra-en-estado-grave\/","name":"Un c\u00e1mara herido durante la protesta en R\u00edo se encuentra en estado grave - El Digital de Asturias","description":"R\u00edo de Janeiro, 7 feb (EFE).- Un c\u00e1mara de televisi\u00f3n herido este jueves en las protestas registradas en R\u00edo de Janeiro por el aumento del precio del transporte se encuentra hospitalizado en estado grave, inform\u00f3 hoy la cadena de televisi\u00f3n para la que trabaja. El camar\u00f3grafo Santiago Andrade estaba cubriendo las protestas en el centro","inLanguage":"es-ES","isPartOf":{"@id":"https:\/\/www.eldigitaldeasturias.com\/noticias\/#website"},"breadcrumb":{"@id":"https:\/\/www.eldigitaldeasturias.com\/noticias\/un-camara-herido-durante-la-protesta-en-rio-se-encuentra-en-estado-grave\/#breadcrumblist"},"author":{"@id":"https:\/\/www.eldigitaldeasturias.com\/noticias\/author\/admin\/#author"},"creator":{"@id":"https:\/\/www.eldigitaldeasturias.com\/noticias\/author\/admin\/#author"},"image":{"@type":"ImageObject","url":486133,"@id":"https:\/\/www.eldigitaldeasturias.com\/noticias\/un-camara-herido-durante-la-protesta-en-rio-se-encuentra-en-estado-grave\/#mainImage"},"primaryImageOfPage":{"@id":"https:\/\/www.eldigitaldeasturias.com\/noticias\/un-camara-herido-durante-la-protesta-en-rio-se-encuentra-en-estado-grave\/#mainImage"},"datePublished":"2014-02-07T21:50:13+01:00","dateModified":"2014-02-07T21:50:13+01:00"},{"@type":"WebSite","@id":"https:\/\/www.eldigitaldeasturias.com\/noticias\/#website","url":"https:\/\/www.eldigitaldeasturias.com\/noticias\/","name":"El Digital de Asturias - Diario de actualidad y noticias","alternateName":"El Digital de Asturias - Diario de actualidad y noticias","description":"Hemeroteca","inLanguage":"es-ES","publisher":{"@id":"https:\/\/www.eldigitaldeasturias.com\/noticias\/#organization"}}]},"og:locale":"es_ES","og:site_name":"El Digital de Asturias","og:type":"article","og:title":"Un c\u00e1mara herido durante la protesta en R\u00edo se encuentra en estado grave - El Digital de Asturias","og:description":"R\u00edo de Janeiro, 7 feb (EFE).- Un c\u00e1mara de televisi\u00f3n herido este jueves en las protestas registradas en R\u00edo de Janeiro por el aumento del precio del transporte se encuentra hospitalizado en estado grave, inform\u00f3 hoy la cadena de televisi\u00f3n para la que trabaja. El camar\u00f3grafo Santiago Andrade estaba cubriendo las protestas en el centro","og:url":"https:\/\/www.eldigitaldeasturias.com\/noticias\/un-camara-herido-durante-la-protesta-en-rio-se-encuentra-en-estado-grave\/","article:tag":["actualidad"],"article:published_time":"2014-02-07T22:50:13+00:00","article:modified_time":"2014-02-07T22:50:13+00:00","article:publisher":"https:\/\/facebook.com\/eldigitaldeasturias","twitter:card":"summary_large_image","twitter:title":"Un c\u00e1mara herido durante la protesta en R\u00edo se encuentra en estado grave - El Digital de Asturias","twitter:description":"R\u00edo de Janeiro, 7 feb (EFE).- Un c\u00e1mara de televisi\u00f3n herido este jueves en las protestas registradas en R\u00edo de Janeiro por el aumento del precio del transporte se encuentra hospitalizado en estado grave, inform\u00f3 hoy la cadena de televisi\u00f3n para la que trabaja. El camar\u00f3grafo Santiago Andrade estaba cubriendo las protestas en el centro","twitter:label1":"Escrito por","twitter:data1":"El Digital de Asturias","twitter:label2":"Tiempo de lectura estimado","twitter:data2":"1 minuto"},"aioseo_meta_data":{"post_id":"486132","title":null,"description":null,"keywords":null,"keyphrases":null,"primary_term":null,"canonical_url":null,"og_title":null,"og_description":null,"og_object_type":"default","og_image_type":"default","og_image_url":null,"og_image_width":null,"og_image_height":null,"og_image_custom_url":null,"og_image_custom_fields":null,"og_video":null,"og_custom_url":null,"og_article_section":null,"og_article_tags":null,"twitter_use_og":true,"twitter_card":"default","twitter_image_type":"default","twitter_image_url":null,"twitter_image_custom_url":null,"twitter_image_custom_fields":null,"twitter_title":null,"twitter_description":null,"schema":{"blockGraphs":[],"customGraphs":[],"default":{"data":{"Article":[],"Course":[],"Dataset":[],"FAQPage":[],"Movie":[],"Person":[],"Product":[],"ProductReview":[],"Car":[],"Recipe":[],"Service":[],"SoftwareApplication":[],"WebPage":[]},"graphName":"","isEnabled":true},"graphs":[],"defaultGraph":"","defaultPostTypeGraph":""},"schema_type":null,"schema_type_options":null,"pillar_content":false,"robots_default":true,"robots_noindex":false,"robots_noarchive":false,"robots_nosnippet":false,"robots_nofollow":false,"robots_noimageindex":false,"robots_noodp":false,"robots_notranslate":false,"robots_max_snippet":null,"robots_max_videopreview":null,"robots_max_imagepreview":"none","priority":null,"frequency":null,"local_seo":null,"seo_analyzer_scan_date":"2026-06-02 23:31:53","breadcrumb_settings":null,"limit_modified_date":false,"open_ai":null,"ai":null,"created":"2020-11-14 22:56:03","updated":"2026-06-02 23:31:53","focus_keyword":null,"additional_keywords":null,"truseo_locale":null},"aioseo_breadcrumb":"<div class=\"aioseo-breadcrumbs\"><span class=\"aioseo-breadcrumb\">\n\t<a href=\"https:\/\/www.eldigitaldeasturias.com\/noticias\" title=\"Home\">Home<\/a>\n<\/span><span class=\"aioseo-breadcrumb-separator\">\u2013<\/span><span class=\"aioseo-breadcrumb\">\n\t<a href=\"https:\/\/www.eldigitaldeasturias.com\/noticias\/category\/actualidad\/\" title=\"Actualidad\">Actualidad<\/a>\n<\/span><span class=\"aioseo-breadcrumb-separator\">\u2013<\/span><span class=\"aioseo-breadcrumb\">\n\t<a href=\"https:\/\/www.eldigitaldeasturias.com\/noticias\/un-camara-herido-durante-la-protesta-en-rio-se-encuentra-en-estado-grave\/\" title=\"Un c\u00e1mara herido durante la protesta en R\u00edo se encuentra en estado grave\">Un c\u00e1mara herido durante la protesta en R\u00edo se encuentra en estado grave<\/a>\n<\/span><\/div>","aioseo_breadcrumb_json":[{"label":"Home","link":"https:\/\/www.eldigitaldeasturias.com\/noticias"},{"label":"Actualidad","link":"https:\/\/www.eldigitaldeasturias.com\/noticias\/category\/actualidad\/"},{"label":"Un c\u00e1mara herido durante la protesta en R\u00edo se encuentra en estado grave","link":"https:\/\/www.eldigitaldeasturias.com\/noticias\/un-camara-herido-durante-la-protesta-en-rio-se-encuentra-en-estado-grave\/"}],"_links":{"self":[{"href":"https:\/\/www.eldigitaldeasturias.com\/noticias\/wp-json\/wp\/v2\/posts\/486132","targetHints":{"allow":["GET"]}}],"collection":[{"href":"https:\/\/www.eldigitaldeasturias.com\/noticias\/wp-json\/wp\/v2\/posts"}],"about":[{"href":"https:\/\/www.eldigitaldeasturias.com\/noticias\/wp-json\/wp\/v2\/types\/post"}],"author":[{"embeddable":true,"href":"https:\/\/www.eldigitaldeasturias.com\/noticias\/wp-json\/wp\/v2\/users\/1"}],"replies":[{"embeddable":true,"href":"https:\/\/www.eldigitaldeasturias.com\/noticias\/wp-json\/wp\/v2\/comments?post=486132"}],"version-history":[{"count":0,"href":"https:\/\/www.eldigitaldeasturias.com\/noticias\/wp-json\/wp\/v2\/posts\/486132\/revisions"}],"wp:attachment":[{"href":"https:\/\/www.eldigitaldeasturias.com\/noticias\/wp-json\/wp\/v2\/media?parent=486132"}],"wp:term":[{"taxonomy":"category","embeddable":true,"href":"https:\/\/www.eldigitaldeasturias.com\/noticias\/wp-json\/wp\/v2\/categories?post=486132"},{"taxonomy":"post_tag","embeddable":true,"href":"https:\/\/www.eldigitaldeasturias.com\/noticias\/wp-json\/wp\/v2\/tags?post=486132"}],"curies":[{"name":"wp","href":"https:\/\/api.w.org\/{rel}","templated":true}]}}