{"id":486129,"date":"2014-02-07T21:49:11","date_gmt":"2014-02-07T22:49:11","guid":{"rendered":"http:\/\/www.eldigitaldeasturias.com\/noticias\/?p=486129"},"modified":"2014-02-07T21:49:11","modified_gmt":"2014-02-07T22:49:11","slug":"sortu-dice-que-el-pp-y-el-gobierno-son-los-responsables-de-la-muerte-del-preso-de-eta-bellon","status":"publish","type":"post","link":"https:\/\/www.eldigitaldeasturias.com\/noticias\/sortu-dice-que-el-pp-y-el-gobierno-son-los-responsables-de-la-muerte-del-preso-de-eta-bellon\/","title":{"rendered":"Sortu dice que El PP y el Gobierno son los responsables de la muerte del preso de ETA Bell\u00f3n"},"content":{"rendered":"<p><img loading=\"lazy\" decoding=\"async\" class=\"alignleft size-medium wp-image-486130\" alt=\"5920544w\" src=\"https:\/\/www.eldigitaldeasturias.com\/noticias\/wp-content\/uploads\/2014\/02\/5920544w-360x267.jpg\" width=\"360\" height=\"267\" \/>Bilbao, 7 feb (EFE).- La dirigente de Sortu Maribi Ugarteburu ha asegurado hoy que el PP y el Gobierno central son los \u00abresponsables\u00bb de la muerte del preso de ETA Arkatiz Bell\u00f3n, fallecido el pasado mi\u00e9rcoles en la prisi\u00f3n de Puerto I, en C\u00e1diz.<\/p>\n<p>Ugarteburu ha hecho estas declaraciones durante la concentraci\u00f3n de media hora en recuerdo de Bell\u00f3n convocada en Bilbao con el lema \u00abEspetxe politika honi ez. Sakabanaketarekin amaitu\u00bb (No a esta pol\u00edtica penitenciaria. Acabad con la dispersi\u00f3n), el mismo que tambi\u00e9n ha presidido las concentraciones de San Sebasti\u00e1n y Vitoria.<\/p>\n<p>Ugarteburu ha sostenido que hablar del fallecimiento de Bell\u00f3n como de \u00abuna muerte natural es totalmente obsceno, sabiendo que una pol\u00edtica penitenciaria de tinte totalmente inhumano, vengativo y criminal est\u00e1 detr\u00e1s de esta muerte\u00bb.<\/p>\n<p>\u00abArkaitz es una v\u00edctima del mantenimiento de esa pol\u00edtica penitenciaria inhumana y criminal, que tiene responsables directos y nombres: el PP, el Gobierno de Madrid, que es el responsable por lo tanto de la muerte de Arkatiz Bell\u00f3n\u00bb, ha dicho la parlamentaria de EH Bildu y coordinadora de Sortu en Bizkaia.<\/p>\n<p>Ugarteburu ha hecho un llamamiento a la unidad en el Pa\u00eds Vasco para \u00abacabar ya con esta pol\u00edtica penitenciaria de total excepcionalidad y acabar ya con la dispersi\u00f3n de los presos pol\u00edticos vascos\u00bb.<\/p>\n<p>En la concentraci\u00f3n de Bilbao, en la que adem\u00e1s de la pancarta con el lema los asistentes han portado peque\u00f1os carteles en recuerdo a Bell\u00f3n y contra la dispersi\u00f3n, han participado varios cientos de personas y representantes de las organizaciones convocantes, como los partidos de EH Bildu, grupos sectoriales de la izquierda abertzale y sindicatos, adem\u00e1s del secretario general de ELA, Txiki Mu\u00f1oz, que no forma parte de los organizadores del acto.<\/p>\n<p>En San Sebasti\u00e1n, tambi\u00e9n han sido varios centenares de personas las que han participado en la concentraci\u00f3n, entre los que figuraban representantes institucionales como el diputado general de Gipuzkoa, Mart\u00edn Garitano, acompa\u00f1ado por buena parte de su gabinete, y el teniente alcalde de San Sebasti\u00e1n, Josu Ruiz, ambos de Bildu.<\/p>\n<p>Tambi\u00e9n han acudido el presidente de Sortu, Hasier Arraiz; el portavoz de esta formaci\u00f3n Pernando Barrena y su coordinador en Gipuzkoa, Joxean Agirre, adem\u00e1s del dirigente de Aralar Ernesto Merino y el senador de Amaiur Alberto Unamunzaga.<\/p>\n","protected":false},"excerpt":{"rendered":"<p>Bilbao, 7 feb (EFE).- La dirigente de Sortu Maribi Ugarteburu ha asegurado hoy que el PP y el Gobierno central son los \u00abresponsables\u00bb de la muerte del preso de ETA Arkatiz Bell\u00f3n, fallecido el pasado mi\u00e9rcoles en la prisi\u00f3n de Puerto I, en C\u00e1diz. Ugarteburu ha hecho estas declaraciones durante la concentraci\u00f3n de media hora [&hellip;]<\/p>\n","protected":false},"author":1,"featured_media":486130,"comment_status":"open","ping_status":"open","sticky":false,"template":"","format":"standard","meta":{"footnotes":""},"categories":[1],"tags":[],"class_list":["post-486129","post","type-post","status-publish","format-standard","has-post-thumbnail","hentry","category-actualidad"],"aioseo_notices":[],"aioseo_head":"\n\t\t<!-- All in One SEO Pro 5.0.1 - aioseo.com -->\n\t<meta name=\"description\" content=\"Bilbao, 7 feb (EFE).- La dirigente de Sortu Maribi Ugarteburu ha asegurado hoy que el PP y el Gobierno central son los &quot;responsables&quot; de la muerte del preso de ETA Arkatiz Bell\u00f3n, fallecido el pasado mi\u00e9rcoles en la prisi\u00f3n de Puerto I, en C\u00e1diz. Ugarteburu ha hecho estas declaraciones durante la concentraci\u00f3n de media hora\" \/>\n\t<meta name=\"robots\" content=\"max-image-preview:large\" \/>\n\t<meta name=\"author\" content=\"El Digital de Asturias\"\/>\n\t<meta name=\"google-site-verification\" content=\"UA-38556648-1\" \/>\n\t<meta name=\"msvalidate.01\" content=\"7dfe9f3f1b24437ab69f4f2559babe99\" \/>\n\t<meta name=\"keywords\" content=\"actualidad\" \/>\n\t<link rel=\"canonical\" href=\"https:\/\/www.eldigitaldeasturias.com\/noticias\/sortu-dice-que-el-pp-y-el-gobierno-son-los-responsables-de-la-muerte-del-preso-de-eta-bellon\/\" \/>\n\t<meta name=\"generator\" content=\"All in One SEO Pro (AIOSEO) 5.0.1\" \/>\n\t\t<meta property=\"og:locale\" content=\"es_ES\" \/>\n\t\t<meta property=\"og:site_name\" content=\"El Digital de Asturias\" \/>\n\t\t<meta property=\"og:type\" content=\"article\" \/>\n\t\t<meta property=\"og:title\" content=\"Sortu dice que El PP y el Gobierno son los responsables de la muerte del preso de ETA Bell\u00f3n - El Digital de Asturias\" \/>\n\t\t<meta property=\"og:description\" content=\"Bilbao, 7 feb (EFE).- La dirigente de Sortu Maribi Ugarteburu ha asegurado hoy que el PP y el Gobierno central son los &quot;responsables&quot; de la muerte del preso de ETA Arkatiz Bell\u00f3n, fallecido el pasado mi\u00e9rcoles en la prisi\u00f3n de Puerto I, en C\u00e1diz. Ugarteburu ha hecho estas declaraciones durante la concentraci\u00f3n de media hora\" \/>\n\t\t<meta property=\"og:url\" content=\"https:\/\/www.eldigitaldeasturias.com\/noticias\/sortu-dice-que-el-pp-y-el-gobierno-son-los-responsables-de-la-muerte-del-preso-de-eta-bellon\/\" \/>\n\t\t<meta property=\"article:tag\" content=\"actualidad\" \/>\n\t\t<meta property=\"article:published_time\" content=\"2014-02-07T22:49:11+00:00\" \/>\n\t\t<meta property=\"article:modified_time\" content=\"2014-02-07T22:49:11+00:00\" \/>\n\t\t<meta property=\"article:publisher\" content=\"https:\/\/facebook.com\/eldigitaldeasturias\" \/>\n\t\t<meta name=\"twitter:card\" content=\"summary_large_image\" \/>\n\t\t<meta name=\"twitter:title\" content=\"Sortu dice que El PP y el Gobierno son los responsables de la muerte del preso de ETA Bell\u00f3n - El Digital de Asturias\" \/>\n\t\t<meta name=\"twitter:description\" content=\"Bilbao, 7 feb (EFE).- La dirigente de Sortu Maribi Ugarteburu ha asegurado hoy que el PP y el Gobierno central son los &quot;responsables&quot; de la muerte del preso de ETA Arkatiz Bell\u00f3n, fallecido el pasado mi\u00e9rcoles en la prisi\u00f3n de Puerto I, en C\u00e1diz. Ugarteburu ha hecho estas declaraciones durante la concentraci\u00f3n de media hora\" \/>\n\t\t<meta name=\"twitter:label1\" content=\"Escrito por\" \/>\n\t\t<meta name=\"twitter:data1\" content=\"El Digital de Asturias\" \/>\n\t\t<meta name=\"twitter:label2\" content=\"Tiempo de lectura estimado\" \/>\n\t\t<meta name=\"twitter:data2\" content=\"2 minutos\" \/>\n\t\t<script type=\"application\/ld+json\" class=\"aioseo-schema\">\n\t\t\t{\"@context\":\"https:\\\/\\\/schema.org\",\"@graph\":[{\"@type\":\"BlogPosting\",\"@id\":\"https:\\\/\\\/www.eldigitaldeasturias.com\\\/noticias\\\/sortu-dice-que-el-pp-y-el-gobierno-son-los-responsables-de-la-muerte-del-preso-de-eta-bellon\\\/#blogposting\",\"name\":\"Sortu dice que El PP y el Gobierno son los responsables de la muerte del preso de ETA Bell\\u00f3n - El Digital de Asturias\",\"headline\":\"Sortu dice que El PP y el Gobierno son los responsables de la muerte del preso de ETA Bell\\u00f3n\",\"author\":{\"@id\":\"https:\\\/\\\/www.eldigitaldeasturias.com\\\/noticias\\\/author\\\/admin\\\/#author\"},\"publisher\":{\"@id\":\"https:\\\/\\\/www.eldigitaldeasturias.com\\\/noticias\\\/#organization\"},\"image\":{\"@type\":\"ImageObject\",\"url\":486130},\"datePublished\":\"2014-02-07T21:49:11+01:00\",\"dateModified\":\"2014-02-07T21:49:11+01:00\",\"inLanguage\":\"es-ES\",\"mainEntityOfPage\":{\"@id\":\"https:\\\/\\\/www.eldigitaldeasturias.com\\\/noticias\\\/sortu-dice-que-el-pp-y-el-gobierno-son-los-responsables-de-la-muerte-del-preso-de-eta-bellon\\\/#webpage\"},\"isPartOf\":{\"@id\":\"https:\\\/\\\/www.eldigitaldeasturias.com\\\/noticias\\\/sortu-dice-que-el-pp-y-el-gobierno-son-los-responsables-de-la-muerte-del-preso-de-eta-bellon\\\/#webpage\"},\"articleSection\":\"Actualidad\"},{\"@type\":\"BreadcrumbList\",\"@id\":\"https:\\\/\\\/www.eldigitaldeasturias.com\\\/noticias\\\/sortu-dice-que-el-pp-y-el-gobierno-son-los-responsables-de-la-muerte-del-preso-de-eta-bellon\\\/#breadcrumblist\",\"itemListElement\":[{\"@type\":\"ListItem\",\"@id\":\"https:\\\/\\\/www.eldigitaldeasturias.com\\\/noticias#listItem\",\"position\":1,\"name\":\"Home\",\"item\":\"https:\\\/\\\/www.eldigitaldeasturias.com\\\/noticias\",\"nextItem\":{\"@type\":\"ListItem\",\"@id\":\"https:\\\/\\\/www.eldigitaldeasturias.com\\\/noticias\\\/category\\\/actualidad\\\/#listItem\",\"name\":\"Actualidad\"}},{\"@type\":\"ListItem\",\"@id\":\"https:\\\/\\\/www.eldigitaldeasturias.com\\\/noticias\\\/category\\\/actualidad\\\/#listItem\",\"position\":2,\"name\":\"Actualidad\",\"item\":\"https:\\\/\\\/www.eldigitaldeasturias.com\\\/noticias\\\/category\\\/actualidad\\\/\",\"nextItem\":{\"@type\":\"ListItem\",\"@id\":\"https:\\\/\\\/www.eldigitaldeasturias.com\\\/noticias\\\/sortu-dice-que-el-pp-y-el-gobierno-son-los-responsables-de-la-muerte-del-preso-de-eta-bellon\\\/#listItem\",\"name\":\"Sortu dice que El PP y el Gobierno son los responsables de la muerte del preso de ETA Bell\\u00f3n\"},\"previousItem\":{\"@type\":\"ListItem\",\"@id\":\"https:\\\/\\\/www.eldigitaldeasturias.com\\\/noticias#listItem\",\"name\":\"Home\"}},{\"@type\":\"ListItem\",\"@id\":\"https:\\\/\\\/www.eldigitaldeasturias.com\\\/noticias\\\/sortu-dice-que-el-pp-y-el-gobierno-son-los-responsables-de-la-muerte-del-preso-de-eta-bellon\\\/#listItem\",\"position\":3,\"name\":\"Sortu dice que El PP y el Gobierno son los responsables de la muerte del preso de ETA Bell\\u00f3n\",\"previousItem\":{\"@type\":\"ListItem\",\"@id\":\"https:\\\/\\\/www.eldigitaldeasturias.com\\\/noticias\\\/category\\\/actualidad\\\/#listItem\",\"name\":\"Actualidad\"}}]},{\"@type\":\"Organization\",\"@id\":\"https:\\\/\\\/www.eldigitaldeasturias.com\\\/noticias\\\/#organization\",\"name\":\"El Digital de Asturias\",\"description\":\"Hemeroteca\",\"url\":\"https:\\\/\\\/www.eldigitaldeasturias.com\\\/noticias\\\/\",\"email\":\"info@eldigitaldeasturias.com\",\"telephone\":\"+34652131393\",\"logo\":{\"@type\":\"ImageObject\",\"url\":\"https:\\\/\\\/www.eldigitaldeasturias.com\\\/noticias\\\/wp-content\\\/uploads\\\/2020\\\/12\\\/EDA.jpg\",\"@id\":\"https:\\\/\\\/www.eldigitaldeasturias.com\\\/noticias\\\/sortu-dice-que-el-pp-y-el-gobierno-son-los-responsables-de-la-muerte-del-preso-de-eta-bellon\\\/#organizationLogo\"},\"image\":{\"@id\":\"https:\\\/\\\/www.eldigitaldeasturias.com\\\/noticias\\\/sortu-dice-que-el-pp-y-el-gobierno-son-los-responsables-de-la-muerte-del-preso-de-eta-bellon\\\/#organizationLogo\"},\"sameAs\":[\"https:\\\/\\\/facebook.com\\\/eldigitaldeasturias\",\"https:\\\/\\\/www.youtube.com\\\/channel\\\/UCZP-2wLEB9Rv6erhFmqVnvg\"],\"address\":{\"@id\":\"https:\\\/\\\/www.eldigitaldeasturias.com\\\/noticias\\\/#postaladdress\",\"@type\":\"PostalAddress\",\"streetAddress\":\"san antonio 4\",\"postalCode\":\"33430\",\"addressLocality\":\"Cand\\u00e1s\",\"addressRegion\":\"Asturias\",\"addressCountry\":\"ES\"}},{\"@type\":\"Person\",\"@id\":\"https:\\\/\\\/www.eldigitaldeasturias.com\\\/noticias\\\/author\\\/admin\\\/#author\",\"url\":\"https:\\\/\\\/www.eldigitaldeasturias.com\\\/noticias\\\/author\\\/admin\\\/\",\"name\":\"El Digital de Asturias\",\"image\":{\"@type\":\"ImageObject\",\"@id\":\"https:\\\/\\\/www.eldigitaldeasturias.com\\\/noticias\\\/sortu-dice-que-el-pp-y-el-gobierno-son-los-responsables-de-la-muerte-del-preso-de-eta-bellon\\\/#authorImage\",\"url\":\"https:\\\/\\\/secure.gravatar.com\\\/avatar\\\/df2aeffc32bcd13f8d26072ef8a91b623d677766deac7f97ca815868cd41bf5e?s=96&d=mm&r=g\",\"width\":96,\"height\":96,\"caption\":\"El Digital de Asturias\"}},{\"@type\":\"WebPage\",\"@id\":\"https:\\\/\\\/www.eldigitaldeasturias.com\\\/noticias\\\/sortu-dice-que-el-pp-y-el-gobierno-son-los-responsables-de-la-muerte-del-preso-de-eta-bellon\\\/#webpage\",\"url\":\"https:\\\/\\\/www.eldigitaldeasturias.com\\\/noticias\\\/sortu-dice-que-el-pp-y-el-gobierno-son-los-responsables-de-la-muerte-del-preso-de-eta-bellon\\\/\",\"name\":\"Sortu dice que El PP y el Gobierno son los responsables de la muerte del preso de ETA Bell\\u00f3n - El Digital de Asturias\",\"description\":\"Bilbao, 7 feb (EFE).- La dirigente de Sortu Maribi Ugarteburu ha asegurado hoy que el PP y el Gobierno central son los \\\"responsables\\\" de la muerte del preso de ETA Arkatiz Bell\\u00f3n, fallecido el pasado mi\\u00e9rcoles en la prisi\\u00f3n de Puerto I, en C\\u00e1diz. Ugarteburu ha hecho estas declaraciones durante la concentraci\\u00f3n de media hora\",\"inLanguage\":\"es-ES\",\"isPartOf\":{\"@id\":\"https:\\\/\\\/www.eldigitaldeasturias.com\\\/noticias\\\/#website\"},\"breadcrumb\":{\"@id\":\"https:\\\/\\\/www.eldigitaldeasturias.com\\\/noticias\\\/sortu-dice-que-el-pp-y-el-gobierno-son-los-responsables-de-la-muerte-del-preso-de-eta-bellon\\\/#breadcrumblist\"},\"author\":{\"@id\":\"https:\\\/\\\/www.eldigitaldeasturias.com\\\/noticias\\\/author\\\/admin\\\/#author\"},\"creator\":{\"@id\":\"https:\\\/\\\/www.eldigitaldeasturias.com\\\/noticias\\\/author\\\/admin\\\/#author\"},\"image\":{\"@type\":\"ImageObject\",\"url\":486130,\"@id\":\"https:\\\/\\\/www.eldigitaldeasturias.com\\\/noticias\\\/sortu-dice-que-el-pp-y-el-gobierno-son-los-responsables-de-la-muerte-del-preso-de-eta-bellon\\\/#mainImage\"},\"primaryImageOfPage\":{\"@id\":\"https:\\\/\\\/www.eldigitaldeasturias.com\\\/noticias\\\/sortu-dice-que-el-pp-y-el-gobierno-son-los-responsables-de-la-muerte-del-preso-de-eta-bellon\\\/#mainImage\"},\"datePublished\":\"2014-02-07T21:49:11+01:00\",\"dateModified\":\"2014-02-07T21:49:11+01:00\"},{\"@type\":\"WebSite\",\"@id\":\"https:\\\/\\\/www.eldigitaldeasturias.com\\\/noticias\\\/#website\",\"url\":\"https:\\\/\\\/www.eldigitaldeasturias.com\\\/noticias\\\/\",\"name\":\"El Digital de Asturias - Diario de actualidad y noticias\",\"alternateName\":\"El Digital de Asturias - Diario de actualidad y noticias\",\"description\":\"Hemeroteca\",\"inLanguage\":\"es-ES\",\"publisher\":{\"@id\":\"https:\\\/\\\/www.eldigitaldeasturias.com\\\/noticias\\\/#organization\"}}]}\n\t\t<\/script>\n\t\t<!-- All in One SEO Pro -->\r\n\t\t<title>Sortu dice que El PP y el Gobierno son los responsables de la muerte del preso de ETA Bell\u00f3n - El Digital de Asturias<\/title>\n\n","aioseo_head_json":{"title":"Sortu dice que El PP y el Gobierno son los responsables de la muerte del preso de ETA Bell\u00f3n - El Digital de Asturias","description":"Bilbao, 7 feb (EFE).- La dirigente de Sortu Maribi Ugarteburu ha asegurado hoy que el PP y el Gobierno central son los \"responsables\" de la muerte del preso de ETA Arkatiz Bell\u00f3n, fallecido el pasado mi\u00e9rcoles en la prisi\u00f3n de Puerto I, en C\u00e1diz. Ugarteburu ha hecho estas declaraciones durante la concentraci\u00f3n de media hora","canonical_url":"https:\/\/www.eldigitaldeasturias.com\/noticias\/sortu-dice-que-el-pp-y-el-gobierno-son-los-responsables-de-la-muerte-del-preso-de-eta-bellon\/","robots":"max-image-preview:large","keywords":"actualidad","webmasterTools":{"google-site-verification":"UA-38556648-1","msvalidate.01":"7dfe9f3f1b24437ab69f4f2559babe99","miscellaneous":""},"schema":{"@context":"https:\/\/schema.org","@graph":[{"@type":"BlogPosting","@id":"https:\/\/www.eldigitaldeasturias.com\/noticias\/sortu-dice-que-el-pp-y-el-gobierno-son-los-responsables-de-la-muerte-del-preso-de-eta-bellon\/#blogposting","name":"Sortu dice que El PP y el Gobierno son los responsables de la muerte del preso de ETA Bell\u00f3n - El Digital de Asturias","headline":"Sortu dice que El PP y el Gobierno son los responsables de la muerte del preso de ETA Bell\u00f3n","author":{"@id":"https:\/\/www.eldigitaldeasturias.com\/noticias\/author\/admin\/#author"},"publisher":{"@id":"https:\/\/www.eldigitaldeasturias.com\/noticias\/#organization"},"image":{"@type":"ImageObject","url":486130},"datePublished":"2014-02-07T21:49:11+01:00","dateModified":"2014-02-07T21:49:11+01:00","inLanguage":"es-ES","mainEntityOfPage":{"@id":"https:\/\/www.eldigitaldeasturias.com\/noticias\/sortu-dice-que-el-pp-y-el-gobierno-son-los-responsables-de-la-muerte-del-preso-de-eta-bellon\/#webpage"},"isPartOf":{"@id":"https:\/\/www.eldigitaldeasturias.com\/noticias\/sortu-dice-que-el-pp-y-el-gobierno-son-los-responsables-de-la-muerte-del-preso-de-eta-bellon\/#webpage"},"articleSection":"Actualidad"},{"@type":"BreadcrumbList","@id":"https:\/\/www.eldigitaldeasturias.com\/noticias\/sortu-dice-que-el-pp-y-el-gobierno-son-los-responsables-de-la-muerte-del-preso-de-eta-bellon\/#breadcrumblist","itemListElement":[{"@type":"ListItem","@id":"https:\/\/www.eldigitaldeasturias.com\/noticias#listItem","position":1,"name":"Home","item":"https:\/\/www.eldigitaldeasturias.com\/noticias","nextItem":{"@type":"ListItem","@id":"https:\/\/www.eldigitaldeasturias.com\/noticias\/category\/actualidad\/#listItem","name":"Actualidad"}},{"@type":"ListItem","@id":"https:\/\/www.eldigitaldeasturias.com\/noticias\/category\/actualidad\/#listItem","position":2,"name":"Actualidad","item":"https:\/\/www.eldigitaldeasturias.com\/noticias\/category\/actualidad\/","nextItem":{"@type":"ListItem","@id":"https:\/\/www.eldigitaldeasturias.com\/noticias\/sortu-dice-que-el-pp-y-el-gobierno-son-los-responsables-de-la-muerte-del-preso-de-eta-bellon\/#listItem","name":"Sortu dice que El PP y el Gobierno son los responsables de la muerte del preso de ETA Bell\u00f3n"},"previousItem":{"@type":"ListItem","@id":"https:\/\/www.eldigitaldeasturias.com\/noticias#listItem","name":"Home"}},{"@type":"ListItem","@id":"https:\/\/www.eldigitaldeasturias.com\/noticias\/sortu-dice-que-el-pp-y-el-gobierno-son-los-responsables-de-la-muerte-del-preso-de-eta-bellon\/#listItem","position":3,"name":"Sortu dice que El PP y el Gobierno son los responsables de la muerte del preso de ETA Bell\u00f3n","previousItem":{"@type":"ListItem","@id":"https:\/\/www.eldigitaldeasturias.com\/noticias\/category\/actualidad\/#listItem","name":"Actualidad"}}]},{"@type":"Organization","@id":"https:\/\/www.eldigitaldeasturias.com\/noticias\/#organization","name":"El Digital de Asturias","description":"Hemeroteca","url":"https:\/\/www.eldigitaldeasturias.com\/noticias\/","email":"info@eldigitaldeasturias.com","telephone":"+34652131393","logo":{"@type":"ImageObject","url":"https:\/\/www.eldigitaldeasturias.com\/noticias\/wp-content\/uploads\/2020\/12\/EDA.jpg","@id":"https:\/\/www.eldigitaldeasturias.com\/noticias\/sortu-dice-que-el-pp-y-el-gobierno-son-los-responsables-de-la-muerte-del-preso-de-eta-bellon\/#organizationLogo"},"image":{"@id":"https:\/\/www.eldigitaldeasturias.com\/noticias\/sortu-dice-que-el-pp-y-el-gobierno-son-los-responsables-de-la-muerte-del-preso-de-eta-bellon\/#organizationLogo"},"sameAs":["https:\/\/facebook.com\/eldigitaldeasturias","https:\/\/www.youtube.com\/channel\/UCZP-2wLEB9Rv6erhFmqVnvg"],"address":{"@id":"https:\/\/www.eldigitaldeasturias.com\/noticias\/#postaladdress","@type":"PostalAddress","streetAddress":"san antonio 4","postalCode":"33430","addressLocality":"Cand\u00e1s","addressRegion":"Asturias","addressCountry":"ES"}},{"@type":"Person","@id":"https:\/\/www.eldigitaldeasturias.com\/noticias\/author\/admin\/#author","url":"https:\/\/www.eldigitaldeasturias.com\/noticias\/author\/admin\/","name":"El Digital de Asturias","image":{"@type":"ImageObject","@id":"https:\/\/www.eldigitaldeasturias.com\/noticias\/sortu-dice-que-el-pp-y-el-gobierno-son-los-responsables-de-la-muerte-del-preso-de-eta-bellon\/#authorImage","url":"https:\/\/secure.gravatar.com\/avatar\/df2aeffc32bcd13f8d26072ef8a91b623d677766deac7f97ca815868cd41bf5e?s=96&d=mm&r=g","width":96,"height":96,"caption":"El Digital de Asturias"}},{"@type":"WebPage","@id":"https:\/\/www.eldigitaldeasturias.com\/noticias\/sortu-dice-que-el-pp-y-el-gobierno-son-los-responsables-de-la-muerte-del-preso-de-eta-bellon\/#webpage","url":"https:\/\/www.eldigitaldeasturias.com\/noticias\/sortu-dice-que-el-pp-y-el-gobierno-son-los-responsables-de-la-muerte-del-preso-de-eta-bellon\/","name":"Sortu dice que El PP y el Gobierno son los responsables de la muerte del preso de ETA Bell\u00f3n - El Digital de Asturias","description":"Bilbao, 7 feb (EFE).- La dirigente de Sortu Maribi Ugarteburu ha asegurado hoy que el PP y el Gobierno central son los \"responsables\" de la muerte del preso de ETA Arkatiz Bell\u00f3n, fallecido el pasado mi\u00e9rcoles en la prisi\u00f3n de Puerto I, en C\u00e1diz. Ugarteburu ha hecho estas declaraciones durante la concentraci\u00f3n de media hora","inLanguage":"es-ES","isPartOf":{"@id":"https:\/\/www.eldigitaldeasturias.com\/noticias\/#website"},"breadcrumb":{"@id":"https:\/\/www.eldigitaldeasturias.com\/noticias\/sortu-dice-que-el-pp-y-el-gobierno-son-los-responsables-de-la-muerte-del-preso-de-eta-bellon\/#breadcrumblist"},"author":{"@id":"https:\/\/www.eldigitaldeasturias.com\/noticias\/author\/admin\/#author"},"creator":{"@id":"https:\/\/www.eldigitaldeasturias.com\/noticias\/author\/admin\/#author"},"image":{"@type":"ImageObject","url":486130,"@id":"https:\/\/www.eldigitaldeasturias.com\/noticias\/sortu-dice-que-el-pp-y-el-gobierno-son-los-responsables-de-la-muerte-del-preso-de-eta-bellon\/#mainImage"},"primaryImageOfPage":{"@id":"https:\/\/www.eldigitaldeasturias.com\/noticias\/sortu-dice-que-el-pp-y-el-gobierno-son-los-responsables-de-la-muerte-del-preso-de-eta-bellon\/#mainImage"},"datePublished":"2014-02-07T21:49:11+01:00","dateModified":"2014-02-07T21:49:11+01:00"},{"@type":"WebSite","@id":"https:\/\/www.eldigitaldeasturias.com\/noticias\/#website","url":"https:\/\/www.eldigitaldeasturias.com\/noticias\/","name":"El Digital de Asturias - Diario de actualidad y noticias","alternateName":"El Digital de Asturias - Diario de actualidad y noticias","description":"Hemeroteca","inLanguage":"es-ES","publisher":{"@id":"https:\/\/www.eldigitaldeasturias.com\/noticias\/#organization"}}]},"og:locale":"es_ES","og:site_name":"El Digital de Asturias","og:type":"article","og:title":"Sortu dice que El PP y el Gobierno son los responsables de la muerte del preso de ETA Bell\u00f3n - El Digital de Asturias","og:description":"Bilbao, 7 feb (EFE).- La dirigente de Sortu Maribi Ugarteburu ha asegurado hoy que el PP y el Gobierno central son los &quot;responsables&quot; de la muerte del preso de ETA Arkatiz Bell\u00f3n, fallecido el pasado mi\u00e9rcoles en la prisi\u00f3n de Puerto I, en C\u00e1diz. Ugarteburu ha hecho estas declaraciones durante la concentraci\u00f3n de media hora","og:url":"https:\/\/www.eldigitaldeasturias.com\/noticias\/sortu-dice-que-el-pp-y-el-gobierno-son-los-responsables-de-la-muerte-del-preso-de-eta-bellon\/","article:tag":["actualidad"],"article:published_time":"2014-02-07T22:49:11+00:00","article:modified_time":"2014-02-07T22:49:11+00:00","article:publisher":"https:\/\/facebook.com\/eldigitaldeasturias","twitter:card":"summary_large_image","twitter:title":"Sortu dice que El PP y el Gobierno son los responsables de la muerte del preso de ETA Bell\u00f3n - El Digital de Asturias","twitter:description":"Bilbao, 7 feb (EFE).- La dirigente de Sortu Maribi Ugarteburu ha asegurado hoy que el PP y el Gobierno central son los &quot;responsables&quot; de la muerte del preso de ETA Arkatiz Bell\u00f3n, fallecido el pasado mi\u00e9rcoles en la prisi\u00f3n de Puerto I, en C\u00e1diz. Ugarteburu ha hecho estas declaraciones durante la concentraci\u00f3n de media hora","twitter:label1":"Escrito por","twitter:data1":"El Digital de Asturias","twitter:label2":"Tiempo de lectura estimado","twitter:data2":"2 minutos"},"aioseo_meta_data":{"post_id":"486129","title":null,"description":null,"keywords":null,"keyphrases":null,"primary_term":null,"canonical_url":null,"og_title":null,"og_description":null,"og_object_type":"default","og_image_type":"default","og_image_url":null,"og_image_width":null,"og_image_height":null,"og_image_custom_url":null,"og_image_custom_fields":null,"og_video":null,"og_custom_url":null,"og_article_section":null,"og_article_tags":null,"twitter_use_og":true,"twitter_card":"default","twitter_image_type":"default","twitter_image_url":null,"twitter_image_custom_url":null,"twitter_image_custom_fields":null,"twitter_title":null,"twitter_description":null,"schema":{"blockGraphs":[],"customGraphs":[],"default":{"data":{"Article":[],"Course":[],"Dataset":[],"FAQPage":[],"Movie":[],"Person":[],"Product":[],"ProductReview":[],"Car":[],"Recipe":[],"Service":[],"SoftwareApplication":[],"WebPage":[]},"graphName":"","isEnabled":true},"graphs":[],"defaultGraph":"","defaultPostTypeGraph":""},"schema_type":null,"schema_type_options":null,"pillar_content":false,"robots_default":true,"robots_noindex":false,"robots_noarchive":false,"robots_nosnippet":false,"robots_nofollow":false,"robots_noimageindex":false,"robots_noodp":false,"robots_notranslate":false,"robots_max_snippet":null,"robots_max_videopreview":null,"robots_max_imagepreview":"none","priority":null,"frequency":null,"local_seo":null,"seo_analyzer_scan_date":"2026-06-02 23:31:53","breadcrumb_settings":null,"limit_modified_date":false,"open_ai":null,"ai":null,"created":"2020-11-14 22:56:03","updated":"2026-06-02 23:31:53","focus_keyword":null,"additional_keywords":null,"truseo_locale":null},"aioseo_breadcrumb":"<div class=\"aioseo-breadcrumbs\"><span class=\"aioseo-breadcrumb\">\n\t<a href=\"https:\/\/www.eldigitaldeasturias.com\/noticias\" title=\"Home\">Home<\/a>\n<\/span><span class=\"aioseo-breadcrumb-separator\">\u2013<\/span><span class=\"aioseo-breadcrumb\">\n\t<a href=\"https:\/\/www.eldigitaldeasturias.com\/noticias\/category\/actualidad\/\" title=\"Actualidad\">Actualidad<\/a>\n<\/span><span class=\"aioseo-breadcrumb-separator\">\u2013<\/span><span class=\"aioseo-breadcrumb\">\n\t<a href=\"https:\/\/www.eldigitaldeasturias.com\/noticias\/sortu-dice-que-el-pp-y-el-gobierno-son-los-responsables-de-la-muerte-del-preso-de-eta-bellon\/\" title=\"Sortu dice que El PP y el Gobierno son los responsables de la muerte del preso de ETA Bell\u00f3n\">Sortu dice que El PP y el Gobierno son los responsables de la muerte del preso de ETA Bell\u00f3n<\/a>\n<\/span><\/div>","aioseo_breadcrumb_json":[{"label":"Home","link":"https:\/\/www.eldigitaldeasturias.com\/noticias"},{"label":"Actualidad","link":"https:\/\/www.eldigitaldeasturias.com\/noticias\/category\/actualidad\/"},{"label":"Sortu dice que El PP y el Gobierno son los responsables de la muerte del preso de ETA Bell\u00f3n","link":"https:\/\/www.eldigitaldeasturias.com\/noticias\/sortu-dice-que-el-pp-y-el-gobierno-son-los-responsables-de-la-muerte-del-preso-de-eta-bellon\/"}],"_links":{"self":[{"href":"https:\/\/www.eldigitaldeasturias.com\/noticias\/wp-json\/wp\/v2\/posts\/486129","targetHints":{"allow":["GET"]}}],"collection":[{"href":"https:\/\/www.eldigitaldeasturias.com\/noticias\/wp-json\/wp\/v2\/posts"}],"about":[{"href":"https:\/\/www.eldigitaldeasturias.com\/noticias\/wp-json\/wp\/v2\/types\/post"}],"author":[{"embeddable":true,"href":"https:\/\/www.eldigitaldeasturias.com\/noticias\/wp-json\/wp\/v2\/users\/1"}],"replies":[{"embeddable":true,"href":"https:\/\/www.eldigitaldeasturias.com\/noticias\/wp-json\/wp\/v2\/comments?post=486129"}],"version-history":[{"count":0,"href":"https:\/\/www.eldigitaldeasturias.com\/noticias\/wp-json\/wp\/v2\/posts\/486129\/revisions"}],"wp:attachment":[{"href":"https:\/\/www.eldigitaldeasturias.com\/noticias\/wp-json\/wp\/v2\/media?parent=486129"}],"wp:term":[{"taxonomy":"category","embeddable":true,"href":"https:\/\/www.eldigitaldeasturias.com\/noticias\/wp-json\/wp\/v2\/categories?post=486129"},{"taxonomy":"post_tag","embeddable":true,"href":"https:\/\/www.eldigitaldeasturias.com\/noticias\/wp-json\/wp\/v2\/tags?post=486129"}],"curies":[{"name":"wp","href":"https:\/\/api.w.org\/{rel}","templated":true}]}}