{"id":486126,"date":"2014-02-07T21:48:04","date_gmt":"2014-02-07T22:48:04","guid":{"rendered":"http:\/\/www.eldigitaldeasturias.com\/noticias\/?p=486126"},"modified":"2014-02-07T21:48:04","modified_gmt":"2014-02-07T22:48:04","slug":"el-presidente-del-tribunal-de-cuentas-alaba-las-reformas-sobre-financiacion-de-partidos","status":"publish","type":"post","link":"https:\/\/www.eldigitaldeasturias.com\/noticias\/el-presidente-del-tribunal-de-cuentas-alaba-las-reformas-sobre-financiacion-de-partidos\/","title":{"rendered":"El presidente del Tribunal de Cuentas alaba las reformas sobre financiaci\u00f3n de partidos"},"content":{"rendered":"<p><img loading=\"lazy\" decoding=\"async\" class=\"alignleft size-medium wp-image-486127\" alt=\"5920533w\" src=\"https:\/\/www.eldigitaldeasturias.com\/noticias\/wp-content\/uploads\/2014\/02\/5920533w-360x295.jpg\" width=\"360\" height=\"295\" \/>Granada, 7 feb (EFE).- El presidente del Tribunal de Cuentas, Ram\u00f3n \u00c1lvarez de Miranda, ha considerado hoy \u00abbastante completa\u00bb la reforma de 2012 de la Ley de Financiaci\u00f3n de Partidos y ha destacado que el Gobierno tambi\u00e9n haya anunciado el desarrollo de leyes que modificar\u00e1n \u00absustancialmente\u00bb el control de esa financiaci\u00f3n.<\/p>\n<p>\u00c1lvarez de Mirada, que ha ofrecido en la Facultad de Ciencias Pol\u00edticas y Sociolog\u00eda de Granada una conferencia, ha se\u00f1alado a los periodistas que, aunque quedan por precisar \u00abalgunas cuestiones\u00bb, la actual reforma \u00abcumple con las expectativas\u00bb creadas el a\u00f1o pasado.<\/p>\n<p>\u00abLa reforma de 2012 ha sido bastante completa. Por otra parte, el Gobierno ha anunciado ya y ha publicado el desarrollo de leyes que van a modificar sustancialmente la financiaci\u00f3n de los partidos pol\u00edticos, como el control sobre los mismos por parte del Tribunal\u00bb, ha dicho su presidente.<\/p>\n<p>En la conferencia, titulada \u00abLos retos a los que se enfrenta el Tribunal de Cuentas: las novedades en el control externo\u00bb, ha se\u00f1alado que esos retos son su modernizaci\u00f3n, incrementar el ritmo de los trabajos que desarrolla y completar reformas que permitan una mayor colaboraci\u00f3n \u00abpor parte de quien la tiene que prestar\u00bb.<\/p>\n<p>Preguntado por los informes internacionales que advierten de la corrupci\u00f3n en Espa\u00f1a, ha admitido que tradicionalmente ha habido un d\u00e9ficit de rendici\u00f3n de cuentas en sectores \u00abmuy concretos\u00bb, fundamentalmente ayuntamientos.<\/p>\n<p>Seg\u00fan \u00c1lvarez de Miranda, esos \u00abgraves problemas\u00bb de los \u00faltimos 15 a\u00f1os se est\u00e1n resolviendo \u00abpoco a poco\u00bb en un sentido \u00abbastante positivo\u00bb, aspecto en el que ha tenido mucha influencia la introducci\u00f3n de la Plataforma de Rendici\u00f3n de Cuentas.<\/p>\n<p>Se trata, ha explicado, de un sistema telem\u00e1tico de rendici\u00f3n de cuentas que permite a cualquier ayuntamiento presentar sus cuentas tanto al \u00f3rgano de control externo como al Tribunal, lo que ha permitido que haya porcentajes de rendici\u00f3n en ese \u00e1mbito que se han incrementado \u00abde manera muy positiva\u00bb.<\/p>\n<p>La conferencia del presidente del Tribunal de Cuentas se enmarca en el acto de inauguraci\u00f3n de la III Edici\u00f3n del M\u00e1ster Oficial en Direcci\u00f3n y Gesti\u00f3n P\u00fablica, organizado por la Universidad de Granada (UGR).<\/p>\n","protected":false},"excerpt":{"rendered":"<p>Granada, 7 feb (EFE).- El presidente del Tribunal de Cuentas, Ram\u00f3n \u00c1lvarez de Miranda, ha considerado hoy \u00abbastante completa\u00bb la reforma de 2012 de la Ley de Financiaci\u00f3n de Partidos y ha destacado que el Gobierno tambi\u00e9n haya anunciado el desarrollo de leyes que modificar\u00e1n \u00absustancialmente\u00bb el control de esa financiaci\u00f3n. \u00c1lvarez de Mirada, que [&hellip;]<\/p>\n","protected":false},"author":1,"featured_media":486127,"comment_status":"open","ping_status":"open","sticky":false,"template":"","format":"standard","meta":{"footnotes":""},"categories":[1],"tags":[],"class_list":["post-486126","post","type-post","status-publish","format-standard","has-post-thumbnail","hentry","category-actualidad"],"aioseo_notices":[],"aioseo_head":"\n\t\t<!-- All in One SEO Pro 5.0.1 - aioseo.com -->\n\t<meta name=\"description\" content=\"Granada, 7 feb (EFE).- El presidente del Tribunal de Cuentas, Ram\u00f3n \u00c1lvarez de Miranda, ha considerado hoy &quot;bastante completa&quot; la reforma de 2012 de la Ley de Financiaci\u00f3n de Partidos y ha destacado que el Gobierno tambi\u00e9n haya anunciado el desarrollo de leyes que modificar\u00e1n &quot;sustancialmente&quot; el control de esa financiaci\u00f3n. \u00c1lvarez de Mirada, que\" \/>\n\t<meta name=\"robots\" content=\"max-image-preview:large\" \/>\n\t<meta name=\"author\" content=\"El Digital de Asturias\"\/>\n\t<meta name=\"google-site-verification\" content=\"UA-38556648-1\" \/>\n\t<meta name=\"msvalidate.01\" content=\"7dfe9f3f1b24437ab69f4f2559babe99\" \/>\n\t<meta name=\"keywords\" content=\"actualidad\" \/>\n\t<link rel=\"canonical\" href=\"https:\/\/www.eldigitaldeasturias.com\/noticias\/el-presidente-del-tribunal-de-cuentas-alaba-las-reformas-sobre-financiacion-de-partidos\/\" \/>\n\t<meta name=\"generator\" content=\"All in One SEO Pro (AIOSEO) 5.0.1\" \/>\n\t\t<meta property=\"og:locale\" content=\"es_ES\" \/>\n\t\t<meta property=\"og:site_name\" content=\"El Digital de Asturias\" \/>\n\t\t<meta property=\"og:type\" content=\"article\" \/>\n\t\t<meta property=\"og:title\" content=\"El presidente del Tribunal de Cuentas alaba las reformas sobre financiaci\u00f3n de partidos - El Digital de Asturias\" \/>\n\t\t<meta property=\"og:description\" content=\"Granada, 7 feb (EFE).- El presidente del Tribunal de Cuentas, Ram\u00f3n \u00c1lvarez de Miranda, ha considerado hoy &quot;bastante completa&quot; la reforma de 2012 de la Ley de Financiaci\u00f3n de Partidos y ha destacado que el Gobierno tambi\u00e9n haya anunciado el desarrollo de leyes que modificar\u00e1n &quot;sustancialmente&quot; el control de esa financiaci\u00f3n. \u00c1lvarez de Mirada, que\" \/>\n\t\t<meta property=\"og:url\" content=\"https:\/\/www.eldigitaldeasturias.com\/noticias\/el-presidente-del-tribunal-de-cuentas-alaba-las-reformas-sobre-financiacion-de-partidos\/\" \/>\n\t\t<meta property=\"article:tag\" content=\"actualidad\" \/>\n\t\t<meta property=\"article:published_time\" content=\"2014-02-07T22:48:04+00:00\" \/>\n\t\t<meta property=\"article:modified_time\" content=\"2014-02-07T22:48:04+00:00\" \/>\n\t\t<meta property=\"article:publisher\" content=\"https:\/\/facebook.com\/eldigitaldeasturias\" \/>\n\t\t<meta name=\"twitter:card\" content=\"summary_large_image\" \/>\n\t\t<meta name=\"twitter:title\" content=\"El presidente del Tribunal de Cuentas alaba las reformas sobre financiaci\u00f3n de partidos - El Digital de Asturias\" \/>\n\t\t<meta name=\"twitter:description\" content=\"Granada, 7 feb (EFE).- El presidente del Tribunal de Cuentas, Ram\u00f3n \u00c1lvarez de Miranda, ha considerado hoy &quot;bastante completa&quot; la reforma de 2012 de la Ley de Financiaci\u00f3n de Partidos y ha destacado que el Gobierno tambi\u00e9n haya anunciado el desarrollo de leyes que modificar\u00e1n &quot;sustancialmente&quot; el control de esa financiaci\u00f3n. \u00c1lvarez de Mirada, que\" \/>\n\t\t<meta name=\"twitter:label1\" content=\"Escrito por\" \/>\n\t\t<meta name=\"twitter:data1\" content=\"El Digital de Asturias\" \/>\n\t\t<meta name=\"twitter:label2\" content=\"Tiempo de lectura estimado\" \/>\n\t\t<meta name=\"twitter:data2\" content=\"2 minutos\" \/>\n\t\t<script type=\"application\/ld+json\" class=\"aioseo-schema\">\n\t\t\t{\"@context\":\"https:\\\/\\\/schema.org\",\"@graph\":[{\"@type\":\"BlogPosting\",\"@id\":\"https:\\\/\\\/www.eldigitaldeasturias.com\\\/noticias\\\/el-presidente-del-tribunal-de-cuentas-alaba-las-reformas-sobre-financiacion-de-partidos\\\/#blogposting\",\"name\":\"El presidente del Tribunal de Cuentas alaba las reformas sobre financiaci\\u00f3n de partidos - El Digital de Asturias\",\"headline\":\"El presidente del Tribunal de Cuentas alaba las reformas sobre financiaci\\u00f3n de partidos\",\"author\":{\"@id\":\"https:\\\/\\\/www.eldigitaldeasturias.com\\\/noticias\\\/author\\\/admin\\\/#author\"},\"publisher\":{\"@id\":\"https:\\\/\\\/www.eldigitaldeasturias.com\\\/noticias\\\/#organization\"},\"image\":{\"@type\":\"ImageObject\",\"url\":486127},\"datePublished\":\"2014-02-07T21:48:04+01:00\",\"dateModified\":\"2014-02-07T21:48:04+01:00\",\"inLanguage\":\"es-ES\",\"mainEntityOfPage\":{\"@id\":\"https:\\\/\\\/www.eldigitaldeasturias.com\\\/noticias\\\/el-presidente-del-tribunal-de-cuentas-alaba-las-reformas-sobre-financiacion-de-partidos\\\/#webpage\"},\"isPartOf\":{\"@id\":\"https:\\\/\\\/www.eldigitaldeasturias.com\\\/noticias\\\/el-presidente-del-tribunal-de-cuentas-alaba-las-reformas-sobre-financiacion-de-partidos\\\/#webpage\"},\"articleSection\":\"Actualidad\"},{\"@type\":\"BreadcrumbList\",\"@id\":\"https:\\\/\\\/www.eldigitaldeasturias.com\\\/noticias\\\/el-presidente-del-tribunal-de-cuentas-alaba-las-reformas-sobre-financiacion-de-partidos\\\/#breadcrumblist\",\"itemListElement\":[{\"@type\":\"ListItem\",\"@id\":\"https:\\\/\\\/www.eldigitaldeasturias.com\\\/noticias#listItem\",\"position\":1,\"name\":\"Home\",\"item\":\"https:\\\/\\\/www.eldigitaldeasturias.com\\\/noticias\",\"nextItem\":{\"@type\":\"ListItem\",\"@id\":\"https:\\\/\\\/www.eldigitaldeasturias.com\\\/noticias\\\/category\\\/actualidad\\\/#listItem\",\"name\":\"Actualidad\"}},{\"@type\":\"ListItem\",\"@id\":\"https:\\\/\\\/www.eldigitaldeasturias.com\\\/noticias\\\/category\\\/actualidad\\\/#listItem\",\"position\":2,\"name\":\"Actualidad\",\"item\":\"https:\\\/\\\/www.eldigitaldeasturias.com\\\/noticias\\\/category\\\/actualidad\\\/\",\"nextItem\":{\"@type\":\"ListItem\",\"@id\":\"https:\\\/\\\/www.eldigitaldeasturias.com\\\/noticias\\\/el-presidente-del-tribunal-de-cuentas-alaba-las-reformas-sobre-financiacion-de-partidos\\\/#listItem\",\"name\":\"El presidente del Tribunal de Cuentas alaba las reformas sobre financiaci\\u00f3n de partidos\"},\"previousItem\":{\"@type\":\"ListItem\",\"@id\":\"https:\\\/\\\/www.eldigitaldeasturias.com\\\/noticias#listItem\",\"name\":\"Home\"}},{\"@type\":\"ListItem\",\"@id\":\"https:\\\/\\\/www.eldigitaldeasturias.com\\\/noticias\\\/el-presidente-del-tribunal-de-cuentas-alaba-las-reformas-sobre-financiacion-de-partidos\\\/#listItem\",\"position\":3,\"name\":\"El presidente del Tribunal de Cuentas alaba las reformas sobre financiaci\\u00f3n de partidos\",\"previousItem\":{\"@type\":\"ListItem\",\"@id\":\"https:\\\/\\\/www.eldigitaldeasturias.com\\\/noticias\\\/category\\\/actualidad\\\/#listItem\",\"name\":\"Actualidad\"}}]},{\"@type\":\"Organization\",\"@id\":\"https:\\\/\\\/www.eldigitaldeasturias.com\\\/noticias\\\/#organization\",\"name\":\"El Digital de Asturias\",\"description\":\"Hemeroteca\",\"url\":\"https:\\\/\\\/www.eldigitaldeasturias.com\\\/noticias\\\/\",\"email\":\"info@eldigitaldeasturias.com\",\"telephone\":\"+34652131393\",\"logo\":{\"@type\":\"ImageObject\",\"url\":\"https:\\\/\\\/www.eldigitaldeasturias.com\\\/noticias\\\/wp-content\\\/uploads\\\/2020\\\/12\\\/EDA.jpg\",\"@id\":\"https:\\\/\\\/www.eldigitaldeasturias.com\\\/noticias\\\/el-presidente-del-tribunal-de-cuentas-alaba-las-reformas-sobre-financiacion-de-partidos\\\/#organizationLogo\"},\"image\":{\"@id\":\"https:\\\/\\\/www.eldigitaldeasturias.com\\\/noticias\\\/el-presidente-del-tribunal-de-cuentas-alaba-las-reformas-sobre-financiacion-de-partidos\\\/#organizationLogo\"},\"sameAs\":[\"https:\\\/\\\/facebook.com\\\/eldigitaldeasturias\",\"https:\\\/\\\/www.youtube.com\\\/channel\\\/UCZP-2wLEB9Rv6erhFmqVnvg\"],\"address\":{\"@id\":\"https:\\\/\\\/www.eldigitaldeasturias.com\\\/noticias\\\/#postaladdress\",\"@type\":\"PostalAddress\",\"streetAddress\":\"san antonio 4\",\"postalCode\":\"33430\",\"addressLocality\":\"Cand\\u00e1s\",\"addressRegion\":\"Asturias\",\"addressCountry\":\"ES\"}},{\"@type\":\"Person\",\"@id\":\"https:\\\/\\\/www.eldigitaldeasturias.com\\\/noticias\\\/author\\\/admin\\\/#author\",\"url\":\"https:\\\/\\\/www.eldigitaldeasturias.com\\\/noticias\\\/author\\\/admin\\\/\",\"name\":\"El Digital de Asturias\",\"image\":{\"@type\":\"ImageObject\",\"@id\":\"https:\\\/\\\/www.eldigitaldeasturias.com\\\/noticias\\\/el-presidente-del-tribunal-de-cuentas-alaba-las-reformas-sobre-financiacion-de-partidos\\\/#authorImage\",\"url\":\"https:\\\/\\\/secure.gravatar.com\\\/avatar\\\/df2aeffc32bcd13f8d26072ef8a91b623d677766deac7f97ca815868cd41bf5e?s=96&d=mm&r=g\",\"width\":96,\"height\":96,\"caption\":\"El Digital de Asturias\"}},{\"@type\":\"WebPage\",\"@id\":\"https:\\\/\\\/www.eldigitaldeasturias.com\\\/noticias\\\/el-presidente-del-tribunal-de-cuentas-alaba-las-reformas-sobre-financiacion-de-partidos\\\/#webpage\",\"url\":\"https:\\\/\\\/www.eldigitaldeasturias.com\\\/noticias\\\/el-presidente-del-tribunal-de-cuentas-alaba-las-reformas-sobre-financiacion-de-partidos\\\/\",\"name\":\"El presidente del Tribunal de Cuentas alaba las reformas sobre financiaci\\u00f3n de partidos - El Digital de Asturias\",\"description\":\"Granada, 7 feb (EFE).- El presidente del Tribunal de Cuentas, Ram\\u00f3n \\u00c1lvarez de Miranda, ha considerado hoy \\\"bastante completa\\\" la reforma de 2012 de la Ley de Financiaci\\u00f3n de Partidos y ha destacado que el Gobierno tambi\\u00e9n haya anunciado el desarrollo de leyes que modificar\\u00e1n \\\"sustancialmente\\\" el control de esa financiaci\\u00f3n. \\u00c1lvarez de Mirada, que\",\"inLanguage\":\"es-ES\",\"isPartOf\":{\"@id\":\"https:\\\/\\\/www.eldigitaldeasturias.com\\\/noticias\\\/#website\"},\"breadcrumb\":{\"@id\":\"https:\\\/\\\/www.eldigitaldeasturias.com\\\/noticias\\\/el-presidente-del-tribunal-de-cuentas-alaba-las-reformas-sobre-financiacion-de-partidos\\\/#breadcrumblist\"},\"author\":{\"@id\":\"https:\\\/\\\/www.eldigitaldeasturias.com\\\/noticias\\\/author\\\/admin\\\/#author\"},\"creator\":{\"@id\":\"https:\\\/\\\/www.eldigitaldeasturias.com\\\/noticias\\\/author\\\/admin\\\/#author\"},\"image\":{\"@type\":\"ImageObject\",\"url\":486127,\"@id\":\"https:\\\/\\\/www.eldigitaldeasturias.com\\\/noticias\\\/el-presidente-del-tribunal-de-cuentas-alaba-las-reformas-sobre-financiacion-de-partidos\\\/#mainImage\"},\"primaryImageOfPage\":{\"@id\":\"https:\\\/\\\/www.eldigitaldeasturias.com\\\/noticias\\\/el-presidente-del-tribunal-de-cuentas-alaba-las-reformas-sobre-financiacion-de-partidos\\\/#mainImage\"},\"datePublished\":\"2014-02-07T21:48:04+01:00\",\"dateModified\":\"2014-02-07T21:48:04+01:00\"},{\"@type\":\"WebSite\",\"@id\":\"https:\\\/\\\/www.eldigitaldeasturias.com\\\/noticias\\\/#website\",\"url\":\"https:\\\/\\\/www.eldigitaldeasturias.com\\\/noticias\\\/\",\"name\":\"El Digital de Asturias - Diario de actualidad y noticias\",\"alternateName\":\"El Digital de Asturias - Diario de actualidad y noticias\",\"description\":\"Hemeroteca\",\"inLanguage\":\"es-ES\",\"publisher\":{\"@id\":\"https:\\\/\\\/www.eldigitaldeasturias.com\\\/noticias\\\/#organization\"}}]}\n\t\t<\/script>\n\t\t<!-- All in One SEO Pro -->\r\n\t\t<title>El presidente del Tribunal de Cuentas alaba las reformas sobre financiaci\u00f3n de partidos - El Digital de Asturias<\/title>\n\n","aioseo_head_json":{"title":"El presidente del Tribunal de Cuentas alaba las reformas sobre financiaci\u00f3n de partidos - El Digital de Asturias","description":"Granada, 7 feb (EFE).- El presidente del Tribunal de Cuentas, Ram\u00f3n \u00c1lvarez de Miranda, ha considerado hoy \"bastante completa\" la reforma de 2012 de la Ley de Financiaci\u00f3n de Partidos y ha destacado que el Gobierno tambi\u00e9n haya anunciado el desarrollo de leyes que modificar\u00e1n \"sustancialmente\" el control de esa financiaci\u00f3n. \u00c1lvarez de Mirada, que","canonical_url":"https:\/\/www.eldigitaldeasturias.com\/noticias\/el-presidente-del-tribunal-de-cuentas-alaba-las-reformas-sobre-financiacion-de-partidos\/","robots":"max-image-preview:large","keywords":"actualidad","webmasterTools":{"google-site-verification":"UA-38556648-1","msvalidate.01":"7dfe9f3f1b24437ab69f4f2559babe99","miscellaneous":""},"schema":{"@context":"https:\/\/schema.org","@graph":[{"@type":"BlogPosting","@id":"https:\/\/www.eldigitaldeasturias.com\/noticias\/el-presidente-del-tribunal-de-cuentas-alaba-las-reformas-sobre-financiacion-de-partidos\/#blogposting","name":"El presidente del Tribunal de Cuentas alaba las reformas sobre financiaci\u00f3n de partidos - El Digital de Asturias","headline":"El presidente del Tribunal de Cuentas alaba las reformas sobre financiaci\u00f3n de partidos","author":{"@id":"https:\/\/www.eldigitaldeasturias.com\/noticias\/author\/admin\/#author"},"publisher":{"@id":"https:\/\/www.eldigitaldeasturias.com\/noticias\/#organization"},"image":{"@type":"ImageObject","url":486127},"datePublished":"2014-02-07T21:48:04+01:00","dateModified":"2014-02-07T21:48:04+01:00","inLanguage":"es-ES","mainEntityOfPage":{"@id":"https:\/\/www.eldigitaldeasturias.com\/noticias\/el-presidente-del-tribunal-de-cuentas-alaba-las-reformas-sobre-financiacion-de-partidos\/#webpage"},"isPartOf":{"@id":"https:\/\/www.eldigitaldeasturias.com\/noticias\/el-presidente-del-tribunal-de-cuentas-alaba-las-reformas-sobre-financiacion-de-partidos\/#webpage"},"articleSection":"Actualidad"},{"@type":"BreadcrumbList","@id":"https:\/\/www.eldigitaldeasturias.com\/noticias\/el-presidente-del-tribunal-de-cuentas-alaba-las-reformas-sobre-financiacion-de-partidos\/#breadcrumblist","itemListElement":[{"@type":"ListItem","@id":"https:\/\/www.eldigitaldeasturias.com\/noticias#listItem","position":1,"name":"Home","item":"https:\/\/www.eldigitaldeasturias.com\/noticias","nextItem":{"@type":"ListItem","@id":"https:\/\/www.eldigitaldeasturias.com\/noticias\/category\/actualidad\/#listItem","name":"Actualidad"}},{"@type":"ListItem","@id":"https:\/\/www.eldigitaldeasturias.com\/noticias\/category\/actualidad\/#listItem","position":2,"name":"Actualidad","item":"https:\/\/www.eldigitaldeasturias.com\/noticias\/category\/actualidad\/","nextItem":{"@type":"ListItem","@id":"https:\/\/www.eldigitaldeasturias.com\/noticias\/el-presidente-del-tribunal-de-cuentas-alaba-las-reformas-sobre-financiacion-de-partidos\/#listItem","name":"El presidente del Tribunal de Cuentas alaba las reformas sobre financiaci\u00f3n de partidos"},"previousItem":{"@type":"ListItem","@id":"https:\/\/www.eldigitaldeasturias.com\/noticias#listItem","name":"Home"}},{"@type":"ListItem","@id":"https:\/\/www.eldigitaldeasturias.com\/noticias\/el-presidente-del-tribunal-de-cuentas-alaba-las-reformas-sobre-financiacion-de-partidos\/#listItem","position":3,"name":"El presidente del Tribunal de Cuentas alaba las reformas sobre financiaci\u00f3n de partidos","previousItem":{"@type":"ListItem","@id":"https:\/\/www.eldigitaldeasturias.com\/noticias\/category\/actualidad\/#listItem","name":"Actualidad"}}]},{"@type":"Organization","@id":"https:\/\/www.eldigitaldeasturias.com\/noticias\/#organization","name":"El Digital de Asturias","description":"Hemeroteca","url":"https:\/\/www.eldigitaldeasturias.com\/noticias\/","email":"info@eldigitaldeasturias.com","telephone":"+34652131393","logo":{"@type":"ImageObject","url":"https:\/\/www.eldigitaldeasturias.com\/noticias\/wp-content\/uploads\/2020\/12\/EDA.jpg","@id":"https:\/\/www.eldigitaldeasturias.com\/noticias\/el-presidente-del-tribunal-de-cuentas-alaba-las-reformas-sobre-financiacion-de-partidos\/#organizationLogo"},"image":{"@id":"https:\/\/www.eldigitaldeasturias.com\/noticias\/el-presidente-del-tribunal-de-cuentas-alaba-las-reformas-sobre-financiacion-de-partidos\/#organizationLogo"},"sameAs":["https:\/\/facebook.com\/eldigitaldeasturias","https:\/\/www.youtube.com\/channel\/UCZP-2wLEB9Rv6erhFmqVnvg"],"address":{"@id":"https:\/\/www.eldigitaldeasturias.com\/noticias\/#postaladdress","@type":"PostalAddress","streetAddress":"san antonio 4","postalCode":"33430","addressLocality":"Cand\u00e1s","addressRegion":"Asturias","addressCountry":"ES"}},{"@type":"Person","@id":"https:\/\/www.eldigitaldeasturias.com\/noticias\/author\/admin\/#author","url":"https:\/\/www.eldigitaldeasturias.com\/noticias\/author\/admin\/","name":"El Digital de Asturias","image":{"@type":"ImageObject","@id":"https:\/\/www.eldigitaldeasturias.com\/noticias\/el-presidente-del-tribunal-de-cuentas-alaba-las-reformas-sobre-financiacion-de-partidos\/#authorImage","url":"https:\/\/secure.gravatar.com\/avatar\/df2aeffc32bcd13f8d26072ef8a91b623d677766deac7f97ca815868cd41bf5e?s=96&d=mm&r=g","width":96,"height":96,"caption":"El Digital de Asturias"}},{"@type":"WebPage","@id":"https:\/\/www.eldigitaldeasturias.com\/noticias\/el-presidente-del-tribunal-de-cuentas-alaba-las-reformas-sobre-financiacion-de-partidos\/#webpage","url":"https:\/\/www.eldigitaldeasturias.com\/noticias\/el-presidente-del-tribunal-de-cuentas-alaba-las-reformas-sobre-financiacion-de-partidos\/","name":"El presidente del Tribunal de Cuentas alaba las reformas sobre financiaci\u00f3n de partidos - El Digital de Asturias","description":"Granada, 7 feb (EFE).- El presidente del Tribunal de Cuentas, Ram\u00f3n \u00c1lvarez de Miranda, ha considerado hoy \"bastante completa\" la reforma de 2012 de la Ley de Financiaci\u00f3n de Partidos y ha destacado que el Gobierno tambi\u00e9n haya anunciado el desarrollo de leyes que modificar\u00e1n \"sustancialmente\" el control de esa financiaci\u00f3n. \u00c1lvarez de Mirada, que","inLanguage":"es-ES","isPartOf":{"@id":"https:\/\/www.eldigitaldeasturias.com\/noticias\/#website"},"breadcrumb":{"@id":"https:\/\/www.eldigitaldeasturias.com\/noticias\/el-presidente-del-tribunal-de-cuentas-alaba-las-reformas-sobre-financiacion-de-partidos\/#breadcrumblist"},"author":{"@id":"https:\/\/www.eldigitaldeasturias.com\/noticias\/author\/admin\/#author"},"creator":{"@id":"https:\/\/www.eldigitaldeasturias.com\/noticias\/author\/admin\/#author"},"image":{"@type":"ImageObject","url":486127,"@id":"https:\/\/www.eldigitaldeasturias.com\/noticias\/el-presidente-del-tribunal-de-cuentas-alaba-las-reformas-sobre-financiacion-de-partidos\/#mainImage"},"primaryImageOfPage":{"@id":"https:\/\/www.eldigitaldeasturias.com\/noticias\/el-presidente-del-tribunal-de-cuentas-alaba-las-reformas-sobre-financiacion-de-partidos\/#mainImage"},"datePublished":"2014-02-07T21:48:04+01:00","dateModified":"2014-02-07T21:48:04+01:00"},{"@type":"WebSite","@id":"https:\/\/www.eldigitaldeasturias.com\/noticias\/#website","url":"https:\/\/www.eldigitaldeasturias.com\/noticias\/","name":"El Digital de Asturias - Diario de actualidad y noticias","alternateName":"El Digital de Asturias - Diario de actualidad y noticias","description":"Hemeroteca","inLanguage":"es-ES","publisher":{"@id":"https:\/\/www.eldigitaldeasturias.com\/noticias\/#organization"}}]},"og:locale":"es_ES","og:site_name":"El Digital de Asturias","og:type":"article","og:title":"El presidente del Tribunal de Cuentas alaba las reformas sobre financiaci\u00f3n de partidos - El Digital de Asturias","og:description":"Granada, 7 feb (EFE).- El presidente del Tribunal de Cuentas, Ram\u00f3n \u00c1lvarez de Miranda, ha considerado hoy &quot;bastante completa&quot; la reforma de 2012 de la Ley de Financiaci\u00f3n de Partidos y ha destacado que el Gobierno tambi\u00e9n haya anunciado el desarrollo de leyes que modificar\u00e1n &quot;sustancialmente&quot; el control de esa financiaci\u00f3n. \u00c1lvarez de Mirada, que","og:url":"https:\/\/www.eldigitaldeasturias.com\/noticias\/el-presidente-del-tribunal-de-cuentas-alaba-las-reformas-sobre-financiacion-de-partidos\/","article:tag":["actualidad"],"article:published_time":"2014-02-07T22:48:04+00:00","article:modified_time":"2014-02-07T22:48:04+00:00","article:publisher":"https:\/\/facebook.com\/eldigitaldeasturias","twitter:card":"summary_large_image","twitter:title":"El presidente del Tribunal de Cuentas alaba las reformas sobre financiaci\u00f3n de partidos - El Digital de Asturias","twitter:description":"Granada, 7 feb (EFE).- El presidente del Tribunal de Cuentas, Ram\u00f3n \u00c1lvarez de Miranda, ha considerado hoy &quot;bastante completa&quot; la reforma de 2012 de la Ley de Financiaci\u00f3n de Partidos y ha destacado que el Gobierno tambi\u00e9n haya anunciado el desarrollo de leyes que modificar\u00e1n &quot;sustancialmente&quot; el control de esa financiaci\u00f3n. \u00c1lvarez de Mirada, que","twitter:label1":"Escrito por","twitter:data1":"El Digital de Asturias","twitter:label2":"Tiempo de lectura estimado","twitter:data2":"2 minutos"},"aioseo_meta_data":{"post_id":"486126","title":null,"description":null,"keywords":null,"keyphrases":null,"primary_term":null,"canonical_url":null,"og_title":null,"og_description":null,"og_object_type":"default","og_image_type":"default","og_image_url":null,"og_image_width":null,"og_image_height":null,"og_image_custom_url":null,"og_image_custom_fields":null,"og_video":null,"og_custom_url":null,"og_article_section":null,"og_article_tags":null,"twitter_use_og":true,"twitter_card":"default","twitter_image_type":"default","twitter_image_url":null,"twitter_image_custom_url":null,"twitter_image_custom_fields":null,"twitter_title":null,"twitter_description":null,"schema":{"blockGraphs":[],"customGraphs":[],"default":{"data":{"Article":[],"Course":[],"Dataset":[],"FAQPage":[],"Movie":[],"Person":[],"Product":[],"ProductReview":[],"Car":[],"Recipe":[],"Service":[],"SoftwareApplication":[],"WebPage":[]},"graphName":"","isEnabled":true},"graphs":[],"defaultGraph":"","defaultPostTypeGraph":""},"schema_type":null,"schema_type_options":null,"pillar_content":false,"robots_default":true,"robots_noindex":false,"robots_noarchive":false,"robots_nosnippet":false,"robots_nofollow":false,"robots_noimageindex":false,"robots_noodp":false,"robots_notranslate":false,"robots_max_snippet":null,"robots_max_videopreview":null,"robots_max_imagepreview":"none","priority":null,"frequency":null,"local_seo":null,"seo_analyzer_scan_date":"2026-06-02 23:31:52","breadcrumb_settings":null,"limit_modified_date":false,"open_ai":null,"ai":null,"created":"2020-11-14 22:56:03","updated":"2026-06-02 23:31:52","focus_keyword":null,"additional_keywords":null,"truseo_locale":null},"aioseo_breadcrumb":"<div class=\"aioseo-breadcrumbs\"><span class=\"aioseo-breadcrumb\">\n\t<a href=\"https:\/\/www.eldigitaldeasturias.com\/noticias\" title=\"Home\">Home<\/a>\n<\/span><span class=\"aioseo-breadcrumb-separator\">\u2013<\/span><span class=\"aioseo-breadcrumb\">\n\t<a href=\"https:\/\/www.eldigitaldeasturias.com\/noticias\/category\/actualidad\/\" title=\"Actualidad\">Actualidad<\/a>\n<\/span><span class=\"aioseo-breadcrumb-separator\">\u2013<\/span><span class=\"aioseo-breadcrumb\">\n\t<a href=\"https:\/\/www.eldigitaldeasturias.com\/noticias\/el-presidente-del-tribunal-de-cuentas-alaba-las-reformas-sobre-financiacion-de-partidos\/\" title=\"El presidente del Tribunal de Cuentas alaba las reformas sobre financiaci\u00f3n de partidos\">El presidente del Tribunal de Cuentas alaba las reformas sobre financiaci\u00f3n de partidos<\/a>\n<\/span><\/div>","aioseo_breadcrumb_json":[{"label":"Home","link":"https:\/\/www.eldigitaldeasturias.com\/noticias"},{"label":"Actualidad","link":"https:\/\/www.eldigitaldeasturias.com\/noticias\/category\/actualidad\/"},{"label":"El presidente del Tribunal de Cuentas alaba las reformas sobre financiaci\u00f3n de partidos","link":"https:\/\/www.eldigitaldeasturias.com\/noticias\/el-presidente-del-tribunal-de-cuentas-alaba-las-reformas-sobre-financiacion-de-partidos\/"}],"_links":{"self":[{"href":"https:\/\/www.eldigitaldeasturias.com\/noticias\/wp-json\/wp\/v2\/posts\/486126","targetHints":{"allow":["GET"]}}],"collection":[{"href":"https:\/\/www.eldigitaldeasturias.com\/noticias\/wp-json\/wp\/v2\/posts"}],"about":[{"href":"https:\/\/www.eldigitaldeasturias.com\/noticias\/wp-json\/wp\/v2\/types\/post"}],"author":[{"embeddable":true,"href":"https:\/\/www.eldigitaldeasturias.com\/noticias\/wp-json\/wp\/v2\/users\/1"}],"replies":[{"embeddable":true,"href":"https:\/\/www.eldigitaldeasturias.com\/noticias\/wp-json\/wp\/v2\/comments?post=486126"}],"version-history":[{"count":0,"href":"https:\/\/www.eldigitaldeasturias.com\/noticias\/wp-json\/wp\/v2\/posts\/486126\/revisions"}],"wp:attachment":[{"href":"https:\/\/www.eldigitaldeasturias.com\/noticias\/wp-json\/wp\/v2\/media?parent=486126"}],"wp:term":[{"taxonomy":"category","embeddable":true,"href":"https:\/\/www.eldigitaldeasturias.com\/noticias\/wp-json\/wp\/v2\/categories?post=486126"},{"taxonomy":"post_tag","embeddable":true,"href":"https:\/\/www.eldigitaldeasturias.com\/noticias\/wp-json\/wp\/v2\/tags?post=486126"}],"curies":[{"name":"wp","href":"https:\/\/api.w.org\/{rel}","templated":true}]}}