{"id":486120,"date":"2014-02-07T21:45:57","date_gmt":"2014-02-07T22:45:57","guid":{"rendered":"http:\/\/www.eldigitaldeasturias.com\/noticias\/?p=486120"},"modified":"2014-02-07T21:45:57","modified_gmt":"2014-02-07T22:45:57","slug":"nuland-afirma-que-su-conversacion-con-el-que-se-joda-la-ue-es-privada","status":"publish","type":"post","link":"https:\/\/www.eldigitaldeasturias.com\/noticias\/nuland-afirma-que-su-conversacion-con-el-que-se-joda-la-ue-es-privada\/","title":{"rendered":"Nuland afirma que su conversaci\u00f3n con el \u00abque se joda la UE\u00bb es privada"},"content":{"rendered":"<p><img loading=\"lazy\" decoding=\"async\" class=\"alignleft size-medium wp-image-486121\" alt=\"5920464w\" src=\"https:\/\/www.eldigitaldeasturias.com\/noticias\/wp-content\/uploads\/2014\/02\/5920464w-360x258.jpg\" width=\"360\" height=\"258\" \/>Kiev, 7 feb (EFE).- La secretaria de Estado adjunta de EEUU para Asuntos Europeos, Victoria Nuland, se neg\u00f3 hoy a comentar la difusi\u00f3n de la grabaci\u00f3n de una conversaci\u00f3n telef\u00f3nica suya sobre la crisis en Ucrania en la que dijo \u00abque se joda la UE\u00bb.<\/p>\n<p>\u00abNo voy a comentar nada. Era una conversaci\u00f3n diplom\u00e1tica privada\u00bb, se\u00f1al\u00f3 Nuland, de visita en Kiev, en una conferencia de prensa ofrecida en la Embajada de EEUU en la capital ucraniana.<\/p>\n<p>Precisamente, en la grabaci\u00f3n, la diplom\u00e1tica habla con el embajador estadounidense en Kiev, Geoff Pyatt, con quien discute sobre los l\u00edderes opositores ucranianos y sus capacidades.<\/p>\n<p>Nuland agreg\u00f3 hoy que la grabaci\u00f3n era \u00abde muy buena calidad\u00bb y que no cree que vaya a da\u00f1ar las relaciones de Washington con la oposici\u00f3n ucraniana.<\/p>\n<p>Estados Unidos acus\u00f3 ayer a Rusia de pinchar la conversaci\u00f3n telef\u00f3nica mantenida entre Nuland y Pyatt, y despu\u00e9s colgarla en el canal Youtube, donde se oye a la funcionaria pronunciar el comentario alusivo a la Uni\u00f3n Europea, en un v\u00eddeo de cuatro minutos de duraci\u00f3n.<\/p>\n<p>El v\u00eddeo, con sonido original, aparece con subt\u00edtulos en ruso, y en \u00e9l Nuland se inclina claramente por el dirigente opositor Arseni Yatseniuk, del partido Batkivschina (Patria), como futuro l\u00edder de Ucrania, en detrimento del boxeador y dirigente de Udar (Golpe), Vitali Klitschk\u00f3.<\/p>\n<p>Sin embargo, este \u00faltimo cuenta con mayor popularidad entre los l\u00edderes de la Uni\u00f3n Europea.<\/p>\n<p>\u00abNo creo que Klitsch (en referencia a Klitschk\u00f3) deba entrar en el Gobierno. No creo que sea necesario, ni creo que sea una buena idea\u00bb, asevera Nuland. \u00abCreo que Yats (Yatseniuk) es el que tiene la experiencia econ\u00f3mica, y el que tiene la experiencia de Gobierno\u00bb, a\u00f1ade.<\/p>\n<p>En la conferencia de prensa de hoy, la diplom\u00e1tica norteamericana descart\u00f3 tambi\u00e9n que el supuesto \u00abpinchazo\u00bb de la conversaci\u00f3n por parte de Rusia pueda tener consecuencias negativas para las relaciones bilaterales.<\/p>\n<p>Nuland se disculp\u00f3 hoy con la Uni\u00f3n Europea despu\u00e9s de que saliera a la luz la grabaci\u00f3n, inform\u00f3 el Departamento de Estado.<\/p>\n<p>El portavoz del Departamento de Estado de EEUU, Jen Psaki, dijo que la secretaria de Estado adjunta de EEUU para Asuntos Europeos se ha disculpado con sus hom\u00f3logos de la UE.<\/p>\n<p>Tanto Psaki como el portavoz de la Casa Blanca, Jay Carney, se\u00f1alaron que uno de los primeros en escribir en Twitter sobre el v\u00eddeo fue Dmitry Loskutov, un asesor del viceprimer ministro ruso, Dmitry Rogozin.<\/p>\n","protected":false},"excerpt":{"rendered":"<p>Kiev, 7 feb (EFE).- La secretaria de Estado adjunta de EEUU para Asuntos Europeos, Victoria Nuland, se neg\u00f3 hoy a comentar la difusi\u00f3n de la grabaci\u00f3n de una conversaci\u00f3n telef\u00f3nica suya sobre la crisis en Ucrania en la que dijo \u00abque se joda la UE\u00bb. \u00abNo voy a comentar nada. Era una conversaci\u00f3n diplom\u00e1tica privada\u00bb, [&hellip;]<\/p>\n","protected":false},"author":1,"featured_media":486121,"comment_status":"open","ping_status":"open","sticky":false,"template":"","format":"standard","meta":{"footnotes":""},"categories":[1],"tags":[],"class_list":["post-486120","post","type-post","status-publish","format-standard","has-post-thumbnail","hentry","category-actualidad"],"aioseo_notices":[],"aioseo_head":"\n\t\t<!-- All in One SEO Pro 5.0.1 - aioseo.com -->\n\t<meta name=\"description\" content=\"Kiev, 7 feb (EFE).- La secretaria de Estado adjunta de EEUU para Asuntos Europeos, Victoria Nuland, se neg\u00f3 hoy a comentar la difusi\u00f3n de la grabaci\u00f3n de una conversaci\u00f3n telef\u00f3nica suya sobre la crisis en Ucrania en la que dijo &quot;que se joda la UE&quot;. &quot;No voy a comentar nada. Era una conversaci\u00f3n diplom\u00e1tica privada&quot;,\" \/>\n\t<meta name=\"robots\" content=\"max-image-preview:large\" \/>\n\t<meta name=\"author\" content=\"El Digital de Asturias\"\/>\n\t<meta name=\"google-site-verification\" content=\"UA-38556648-1\" \/>\n\t<meta name=\"msvalidate.01\" content=\"7dfe9f3f1b24437ab69f4f2559babe99\" \/>\n\t<meta name=\"keywords\" content=\"actualidad\" \/>\n\t<link rel=\"canonical\" href=\"https:\/\/www.eldigitaldeasturias.com\/noticias\/nuland-afirma-que-su-conversacion-con-el-que-se-joda-la-ue-es-privada\/\" \/>\n\t<meta name=\"generator\" content=\"All in One SEO Pro (AIOSEO) 5.0.1\" \/>\n\t\t<meta property=\"og:locale\" content=\"es_ES\" \/>\n\t\t<meta property=\"og:site_name\" content=\"El Digital de Asturias\" \/>\n\t\t<meta property=\"og:type\" content=\"article\" \/>\n\t\t<meta property=\"og:title\" content=\"Nuland afirma que su conversaci\u00f3n con el \u00abque se joda la UE\u00bb es privada - El Digital de Asturias\" \/>\n\t\t<meta property=\"og:description\" content=\"Kiev, 7 feb (EFE).- La secretaria de Estado adjunta de EEUU para Asuntos Europeos, Victoria Nuland, se neg\u00f3 hoy a comentar la difusi\u00f3n de la grabaci\u00f3n de una conversaci\u00f3n telef\u00f3nica suya sobre la crisis en Ucrania en la que dijo &quot;que se joda la UE&quot;. &quot;No voy a comentar nada. Era una conversaci\u00f3n diplom\u00e1tica privada&quot;,\" \/>\n\t\t<meta property=\"og:url\" content=\"https:\/\/www.eldigitaldeasturias.com\/noticias\/nuland-afirma-que-su-conversacion-con-el-que-se-joda-la-ue-es-privada\/\" \/>\n\t\t<meta property=\"article:tag\" content=\"actualidad\" \/>\n\t\t<meta property=\"article:published_time\" content=\"2014-02-07T22:45:57+00:00\" \/>\n\t\t<meta property=\"article:modified_time\" content=\"2014-02-07T22:45:57+00:00\" \/>\n\t\t<meta property=\"article:publisher\" content=\"https:\/\/facebook.com\/eldigitaldeasturias\" \/>\n\t\t<meta name=\"twitter:card\" content=\"summary_large_image\" \/>\n\t\t<meta name=\"twitter:title\" content=\"Nuland afirma que su conversaci\u00f3n con el \u00abque se joda la UE\u00bb es privada - El Digital de Asturias\" \/>\n\t\t<meta name=\"twitter:description\" content=\"Kiev, 7 feb (EFE).- La secretaria de Estado adjunta de EEUU para Asuntos Europeos, Victoria Nuland, se neg\u00f3 hoy a comentar la difusi\u00f3n de la grabaci\u00f3n de una conversaci\u00f3n telef\u00f3nica suya sobre la crisis en Ucrania en la que dijo &quot;que se joda la UE&quot;. &quot;No voy a comentar nada. Era una conversaci\u00f3n diplom\u00e1tica privada&quot;,\" \/>\n\t\t<meta name=\"twitter:label1\" content=\"Escrito por\" \/>\n\t\t<meta name=\"twitter:data1\" content=\"El Digital de Asturias\" \/>\n\t\t<meta name=\"twitter:label2\" content=\"Tiempo de lectura estimado\" \/>\n\t\t<meta name=\"twitter:data2\" content=\"2 minutos\" \/>\n\t\t<script type=\"application\/ld+json\" class=\"aioseo-schema\">\n\t\t\t{\"@context\":\"https:\\\/\\\/schema.org\",\"@graph\":[{\"@type\":\"BlogPosting\",\"@id\":\"https:\\\/\\\/www.eldigitaldeasturias.com\\\/noticias\\\/nuland-afirma-que-su-conversacion-con-el-que-se-joda-la-ue-es-privada\\\/#blogposting\",\"name\":\"Nuland afirma que su conversaci\\u00f3n con el \\u00abque se joda la UE\\u00bb es privada - El Digital de Asturias\",\"headline\":\"Nuland afirma que su conversaci\\u00f3n con el \\u00abque se joda la UE\\u00bb es privada\",\"author\":{\"@id\":\"https:\\\/\\\/www.eldigitaldeasturias.com\\\/noticias\\\/author\\\/admin\\\/#author\"},\"publisher\":{\"@id\":\"https:\\\/\\\/www.eldigitaldeasturias.com\\\/noticias\\\/#organization\"},\"image\":{\"@type\":\"ImageObject\",\"url\":486121},\"datePublished\":\"2014-02-07T21:45:57+01:00\",\"dateModified\":\"2014-02-07T21:45:57+01:00\",\"inLanguage\":\"es-ES\",\"mainEntityOfPage\":{\"@id\":\"https:\\\/\\\/www.eldigitaldeasturias.com\\\/noticias\\\/nuland-afirma-que-su-conversacion-con-el-que-se-joda-la-ue-es-privada\\\/#webpage\"},\"isPartOf\":{\"@id\":\"https:\\\/\\\/www.eldigitaldeasturias.com\\\/noticias\\\/nuland-afirma-que-su-conversacion-con-el-que-se-joda-la-ue-es-privada\\\/#webpage\"},\"articleSection\":\"Actualidad\"},{\"@type\":\"BreadcrumbList\",\"@id\":\"https:\\\/\\\/www.eldigitaldeasturias.com\\\/noticias\\\/nuland-afirma-que-su-conversacion-con-el-que-se-joda-la-ue-es-privada\\\/#breadcrumblist\",\"itemListElement\":[{\"@type\":\"ListItem\",\"@id\":\"https:\\\/\\\/www.eldigitaldeasturias.com\\\/noticias#listItem\",\"position\":1,\"name\":\"Home\",\"item\":\"https:\\\/\\\/www.eldigitaldeasturias.com\\\/noticias\",\"nextItem\":{\"@type\":\"ListItem\",\"@id\":\"https:\\\/\\\/www.eldigitaldeasturias.com\\\/noticias\\\/category\\\/actualidad\\\/#listItem\",\"name\":\"Actualidad\"}},{\"@type\":\"ListItem\",\"@id\":\"https:\\\/\\\/www.eldigitaldeasturias.com\\\/noticias\\\/category\\\/actualidad\\\/#listItem\",\"position\":2,\"name\":\"Actualidad\",\"item\":\"https:\\\/\\\/www.eldigitaldeasturias.com\\\/noticias\\\/category\\\/actualidad\\\/\",\"nextItem\":{\"@type\":\"ListItem\",\"@id\":\"https:\\\/\\\/www.eldigitaldeasturias.com\\\/noticias\\\/nuland-afirma-que-su-conversacion-con-el-que-se-joda-la-ue-es-privada\\\/#listItem\",\"name\":\"Nuland afirma que su conversaci\\u00f3n con el \\u00abque se joda la UE\\u00bb es privada\"},\"previousItem\":{\"@type\":\"ListItem\",\"@id\":\"https:\\\/\\\/www.eldigitaldeasturias.com\\\/noticias#listItem\",\"name\":\"Home\"}},{\"@type\":\"ListItem\",\"@id\":\"https:\\\/\\\/www.eldigitaldeasturias.com\\\/noticias\\\/nuland-afirma-que-su-conversacion-con-el-que-se-joda-la-ue-es-privada\\\/#listItem\",\"position\":3,\"name\":\"Nuland afirma que su conversaci\\u00f3n con el \\u00abque se joda la UE\\u00bb es privada\",\"previousItem\":{\"@type\":\"ListItem\",\"@id\":\"https:\\\/\\\/www.eldigitaldeasturias.com\\\/noticias\\\/category\\\/actualidad\\\/#listItem\",\"name\":\"Actualidad\"}}]},{\"@type\":\"Organization\",\"@id\":\"https:\\\/\\\/www.eldigitaldeasturias.com\\\/noticias\\\/#organization\",\"name\":\"El Digital de Asturias\",\"description\":\"Hemeroteca\",\"url\":\"https:\\\/\\\/www.eldigitaldeasturias.com\\\/noticias\\\/\",\"email\":\"info@eldigitaldeasturias.com\",\"telephone\":\"+34652131393\",\"logo\":{\"@type\":\"ImageObject\",\"url\":\"https:\\\/\\\/www.eldigitaldeasturias.com\\\/noticias\\\/wp-content\\\/uploads\\\/2020\\\/12\\\/EDA.jpg\",\"@id\":\"https:\\\/\\\/www.eldigitaldeasturias.com\\\/noticias\\\/nuland-afirma-que-su-conversacion-con-el-que-se-joda-la-ue-es-privada\\\/#organizationLogo\"},\"image\":{\"@id\":\"https:\\\/\\\/www.eldigitaldeasturias.com\\\/noticias\\\/nuland-afirma-que-su-conversacion-con-el-que-se-joda-la-ue-es-privada\\\/#organizationLogo\"},\"sameAs\":[\"https:\\\/\\\/facebook.com\\\/eldigitaldeasturias\",\"https:\\\/\\\/www.youtube.com\\\/channel\\\/UCZP-2wLEB9Rv6erhFmqVnvg\"],\"address\":{\"@id\":\"https:\\\/\\\/www.eldigitaldeasturias.com\\\/noticias\\\/#postaladdress\",\"@type\":\"PostalAddress\",\"streetAddress\":\"san antonio 4\",\"postalCode\":\"33430\",\"addressLocality\":\"Cand\\u00e1s\",\"addressRegion\":\"Asturias\",\"addressCountry\":\"ES\"}},{\"@type\":\"Person\",\"@id\":\"https:\\\/\\\/www.eldigitaldeasturias.com\\\/noticias\\\/author\\\/admin\\\/#author\",\"url\":\"https:\\\/\\\/www.eldigitaldeasturias.com\\\/noticias\\\/author\\\/admin\\\/\",\"name\":\"El Digital de Asturias\",\"image\":{\"@type\":\"ImageObject\",\"@id\":\"https:\\\/\\\/www.eldigitaldeasturias.com\\\/noticias\\\/nuland-afirma-que-su-conversacion-con-el-que-se-joda-la-ue-es-privada\\\/#authorImage\",\"url\":\"https:\\\/\\\/secure.gravatar.com\\\/avatar\\\/df2aeffc32bcd13f8d26072ef8a91b623d677766deac7f97ca815868cd41bf5e?s=96&d=mm&r=g\",\"width\":96,\"height\":96,\"caption\":\"El Digital de Asturias\"}},{\"@type\":\"WebPage\",\"@id\":\"https:\\\/\\\/www.eldigitaldeasturias.com\\\/noticias\\\/nuland-afirma-que-su-conversacion-con-el-que-se-joda-la-ue-es-privada\\\/#webpage\",\"url\":\"https:\\\/\\\/www.eldigitaldeasturias.com\\\/noticias\\\/nuland-afirma-que-su-conversacion-con-el-que-se-joda-la-ue-es-privada\\\/\",\"name\":\"Nuland afirma que su conversaci\\u00f3n con el \\u00abque se joda la UE\\u00bb es privada - El Digital de Asturias\",\"description\":\"Kiev, 7 feb (EFE).- La secretaria de Estado adjunta de EEUU para Asuntos Europeos, Victoria Nuland, se neg\\u00f3 hoy a comentar la difusi\\u00f3n de la grabaci\\u00f3n de una conversaci\\u00f3n telef\\u00f3nica suya sobre la crisis en Ucrania en la que dijo \\\"que se joda la UE\\\". \\\"No voy a comentar nada. Era una conversaci\\u00f3n diplom\\u00e1tica privada\\\",\",\"inLanguage\":\"es-ES\",\"isPartOf\":{\"@id\":\"https:\\\/\\\/www.eldigitaldeasturias.com\\\/noticias\\\/#website\"},\"breadcrumb\":{\"@id\":\"https:\\\/\\\/www.eldigitaldeasturias.com\\\/noticias\\\/nuland-afirma-que-su-conversacion-con-el-que-se-joda-la-ue-es-privada\\\/#breadcrumblist\"},\"author\":{\"@id\":\"https:\\\/\\\/www.eldigitaldeasturias.com\\\/noticias\\\/author\\\/admin\\\/#author\"},\"creator\":{\"@id\":\"https:\\\/\\\/www.eldigitaldeasturias.com\\\/noticias\\\/author\\\/admin\\\/#author\"},\"image\":{\"@type\":\"ImageObject\",\"url\":486121,\"@id\":\"https:\\\/\\\/www.eldigitaldeasturias.com\\\/noticias\\\/nuland-afirma-que-su-conversacion-con-el-que-se-joda-la-ue-es-privada\\\/#mainImage\"},\"primaryImageOfPage\":{\"@id\":\"https:\\\/\\\/www.eldigitaldeasturias.com\\\/noticias\\\/nuland-afirma-que-su-conversacion-con-el-que-se-joda-la-ue-es-privada\\\/#mainImage\"},\"datePublished\":\"2014-02-07T21:45:57+01:00\",\"dateModified\":\"2014-02-07T21:45:57+01:00\"},{\"@type\":\"WebSite\",\"@id\":\"https:\\\/\\\/www.eldigitaldeasturias.com\\\/noticias\\\/#website\",\"url\":\"https:\\\/\\\/www.eldigitaldeasturias.com\\\/noticias\\\/\",\"name\":\"El Digital de Asturias - Diario de actualidad y noticias\",\"alternateName\":\"El Digital de Asturias - Diario de actualidad y noticias\",\"description\":\"Hemeroteca\",\"inLanguage\":\"es-ES\",\"publisher\":{\"@id\":\"https:\\\/\\\/www.eldigitaldeasturias.com\\\/noticias\\\/#organization\"}}]}\n\t\t<\/script>\n\t\t<!-- All in One SEO Pro -->\r\n\t\t<title>Nuland afirma que su conversaci\u00f3n con el \u00abque se joda la UE\u00bb es privada - El Digital de Asturias<\/title>\n\n","aioseo_head_json":{"title":"Nuland afirma que su conversaci\u00f3n con el \u00abque se joda la UE\u00bb es privada - El Digital de Asturias","description":"Kiev, 7 feb (EFE).- La secretaria de Estado adjunta de EEUU para Asuntos Europeos, Victoria Nuland, se neg\u00f3 hoy a comentar la difusi\u00f3n de la grabaci\u00f3n de una conversaci\u00f3n telef\u00f3nica suya sobre la crisis en Ucrania en la que dijo \"que se joda la UE\". \"No voy a comentar nada. Era una conversaci\u00f3n diplom\u00e1tica privada\",","canonical_url":"https:\/\/www.eldigitaldeasturias.com\/noticias\/nuland-afirma-que-su-conversacion-con-el-que-se-joda-la-ue-es-privada\/","robots":"max-image-preview:large","keywords":"actualidad","webmasterTools":{"google-site-verification":"UA-38556648-1","msvalidate.01":"7dfe9f3f1b24437ab69f4f2559babe99","miscellaneous":""},"schema":{"@context":"https:\/\/schema.org","@graph":[{"@type":"BlogPosting","@id":"https:\/\/www.eldigitaldeasturias.com\/noticias\/nuland-afirma-que-su-conversacion-con-el-que-se-joda-la-ue-es-privada\/#blogposting","name":"Nuland afirma que su conversaci\u00f3n con el \u00abque se joda la UE\u00bb es privada - El Digital de Asturias","headline":"Nuland afirma que su conversaci\u00f3n con el \u00abque se joda la UE\u00bb es privada","author":{"@id":"https:\/\/www.eldigitaldeasturias.com\/noticias\/author\/admin\/#author"},"publisher":{"@id":"https:\/\/www.eldigitaldeasturias.com\/noticias\/#organization"},"image":{"@type":"ImageObject","url":486121},"datePublished":"2014-02-07T21:45:57+01:00","dateModified":"2014-02-07T21:45:57+01:00","inLanguage":"es-ES","mainEntityOfPage":{"@id":"https:\/\/www.eldigitaldeasturias.com\/noticias\/nuland-afirma-que-su-conversacion-con-el-que-se-joda-la-ue-es-privada\/#webpage"},"isPartOf":{"@id":"https:\/\/www.eldigitaldeasturias.com\/noticias\/nuland-afirma-que-su-conversacion-con-el-que-se-joda-la-ue-es-privada\/#webpage"},"articleSection":"Actualidad"},{"@type":"BreadcrumbList","@id":"https:\/\/www.eldigitaldeasturias.com\/noticias\/nuland-afirma-que-su-conversacion-con-el-que-se-joda-la-ue-es-privada\/#breadcrumblist","itemListElement":[{"@type":"ListItem","@id":"https:\/\/www.eldigitaldeasturias.com\/noticias#listItem","position":1,"name":"Home","item":"https:\/\/www.eldigitaldeasturias.com\/noticias","nextItem":{"@type":"ListItem","@id":"https:\/\/www.eldigitaldeasturias.com\/noticias\/category\/actualidad\/#listItem","name":"Actualidad"}},{"@type":"ListItem","@id":"https:\/\/www.eldigitaldeasturias.com\/noticias\/category\/actualidad\/#listItem","position":2,"name":"Actualidad","item":"https:\/\/www.eldigitaldeasturias.com\/noticias\/category\/actualidad\/","nextItem":{"@type":"ListItem","@id":"https:\/\/www.eldigitaldeasturias.com\/noticias\/nuland-afirma-que-su-conversacion-con-el-que-se-joda-la-ue-es-privada\/#listItem","name":"Nuland afirma que su conversaci\u00f3n con el \u00abque se joda la UE\u00bb es privada"},"previousItem":{"@type":"ListItem","@id":"https:\/\/www.eldigitaldeasturias.com\/noticias#listItem","name":"Home"}},{"@type":"ListItem","@id":"https:\/\/www.eldigitaldeasturias.com\/noticias\/nuland-afirma-que-su-conversacion-con-el-que-se-joda-la-ue-es-privada\/#listItem","position":3,"name":"Nuland afirma que su conversaci\u00f3n con el \u00abque se joda la UE\u00bb es privada","previousItem":{"@type":"ListItem","@id":"https:\/\/www.eldigitaldeasturias.com\/noticias\/category\/actualidad\/#listItem","name":"Actualidad"}}]},{"@type":"Organization","@id":"https:\/\/www.eldigitaldeasturias.com\/noticias\/#organization","name":"El Digital de Asturias","description":"Hemeroteca","url":"https:\/\/www.eldigitaldeasturias.com\/noticias\/","email":"info@eldigitaldeasturias.com","telephone":"+34652131393","logo":{"@type":"ImageObject","url":"https:\/\/www.eldigitaldeasturias.com\/noticias\/wp-content\/uploads\/2020\/12\/EDA.jpg","@id":"https:\/\/www.eldigitaldeasturias.com\/noticias\/nuland-afirma-que-su-conversacion-con-el-que-se-joda-la-ue-es-privada\/#organizationLogo"},"image":{"@id":"https:\/\/www.eldigitaldeasturias.com\/noticias\/nuland-afirma-que-su-conversacion-con-el-que-se-joda-la-ue-es-privada\/#organizationLogo"},"sameAs":["https:\/\/facebook.com\/eldigitaldeasturias","https:\/\/www.youtube.com\/channel\/UCZP-2wLEB9Rv6erhFmqVnvg"],"address":{"@id":"https:\/\/www.eldigitaldeasturias.com\/noticias\/#postaladdress","@type":"PostalAddress","streetAddress":"san antonio 4","postalCode":"33430","addressLocality":"Cand\u00e1s","addressRegion":"Asturias","addressCountry":"ES"}},{"@type":"Person","@id":"https:\/\/www.eldigitaldeasturias.com\/noticias\/author\/admin\/#author","url":"https:\/\/www.eldigitaldeasturias.com\/noticias\/author\/admin\/","name":"El Digital de Asturias","image":{"@type":"ImageObject","@id":"https:\/\/www.eldigitaldeasturias.com\/noticias\/nuland-afirma-que-su-conversacion-con-el-que-se-joda-la-ue-es-privada\/#authorImage","url":"https:\/\/secure.gravatar.com\/avatar\/df2aeffc32bcd13f8d26072ef8a91b623d677766deac7f97ca815868cd41bf5e?s=96&d=mm&r=g","width":96,"height":96,"caption":"El Digital de Asturias"}},{"@type":"WebPage","@id":"https:\/\/www.eldigitaldeasturias.com\/noticias\/nuland-afirma-que-su-conversacion-con-el-que-se-joda-la-ue-es-privada\/#webpage","url":"https:\/\/www.eldigitaldeasturias.com\/noticias\/nuland-afirma-que-su-conversacion-con-el-que-se-joda-la-ue-es-privada\/","name":"Nuland afirma que su conversaci\u00f3n con el \u00abque se joda la UE\u00bb es privada - El Digital de Asturias","description":"Kiev, 7 feb (EFE).- La secretaria de Estado adjunta de EEUU para Asuntos Europeos, Victoria Nuland, se neg\u00f3 hoy a comentar la difusi\u00f3n de la grabaci\u00f3n de una conversaci\u00f3n telef\u00f3nica suya sobre la crisis en Ucrania en la que dijo \"que se joda la UE\". \"No voy a comentar nada. Era una conversaci\u00f3n diplom\u00e1tica privada\",","inLanguage":"es-ES","isPartOf":{"@id":"https:\/\/www.eldigitaldeasturias.com\/noticias\/#website"},"breadcrumb":{"@id":"https:\/\/www.eldigitaldeasturias.com\/noticias\/nuland-afirma-que-su-conversacion-con-el-que-se-joda-la-ue-es-privada\/#breadcrumblist"},"author":{"@id":"https:\/\/www.eldigitaldeasturias.com\/noticias\/author\/admin\/#author"},"creator":{"@id":"https:\/\/www.eldigitaldeasturias.com\/noticias\/author\/admin\/#author"},"image":{"@type":"ImageObject","url":486121,"@id":"https:\/\/www.eldigitaldeasturias.com\/noticias\/nuland-afirma-que-su-conversacion-con-el-que-se-joda-la-ue-es-privada\/#mainImage"},"primaryImageOfPage":{"@id":"https:\/\/www.eldigitaldeasturias.com\/noticias\/nuland-afirma-que-su-conversacion-con-el-que-se-joda-la-ue-es-privada\/#mainImage"},"datePublished":"2014-02-07T21:45:57+01:00","dateModified":"2014-02-07T21:45:57+01:00"},{"@type":"WebSite","@id":"https:\/\/www.eldigitaldeasturias.com\/noticias\/#website","url":"https:\/\/www.eldigitaldeasturias.com\/noticias\/","name":"El Digital de Asturias - Diario de actualidad y noticias","alternateName":"El Digital de Asturias - Diario de actualidad y noticias","description":"Hemeroteca","inLanguage":"es-ES","publisher":{"@id":"https:\/\/www.eldigitaldeasturias.com\/noticias\/#organization"}}]},"og:locale":"es_ES","og:site_name":"El Digital de Asturias","og:type":"article","og:title":"Nuland afirma que su conversaci\u00f3n con el \u00abque se joda la UE\u00bb es privada - El Digital de Asturias","og:description":"Kiev, 7 feb (EFE).- La secretaria de Estado adjunta de EEUU para Asuntos Europeos, Victoria Nuland, se neg\u00f3 hoy a comentar la difusi\u00f3n de la grabaci\u00f3n de una conversaci\u00f3n telef\u00f3nica suya sobre la crisis en Ucrania en la que dijo &quot;que se joda la UE&quot;. &quot;No voy a comentar nada. Era una conversaci\u00f3n diplom\u00e1tica privada&quot;,","og:url":"https:\/\/www.eldigitaldeasturias.com\/noticias\/nuland-afirma-que-su-conversacion-con-el-que-se-joda-la-ue-es-privada\/","article:tag":["actualidad"],"article:published_time":"2014-02-07T22:45:57+00:00","article:modified_time":"2014-02-07T22:45:57+00:00","article:publisher":"https:\/\/facebook.com\/eldigitaldeasturias","twitter:card":"summary_large_image","twitter:title":"Nuland afirma que su conversaci\u00f3n con el \u00abque se joda la UE\u00bb es privada - El Digital de Asturias","twitter:description":"Kiev, 7 feb (EFE).- La secretaria de Estado adjunta de EEUU para Asuntos Europeos, Victoria Nuland, se neg\u00f3 hoy a comentar la difusi\u00f3n de la grabaci\u00f3n de una conversaci\u00f3n telef\u00f3nica suya sobre la crisis en Ucrania en la que dijo &quot;que se joda la UE&quot;. &quot;No voy a comentar nada. Era una conversaci\u00f3n diplom\u00e1tica privada&quot;,","twitter:label1":"Escrito por","twitter:data1":"El Digital de Asturias","twitter:label2":"Tiempo de lectura estimado","twitter:data2":"2 minutos"},"aioseo_meta_data":{"post_id":"486120","title":null,"description":null,"keywords":null,"keyphrases":null,"primary_term":null,"canonical_url":null,"og_title":null,"og_description":null,"og_object_type":"default","og_image_type":"default","og_image_url":null,"og_image_width":null,"og_image_height":null,"og_image_custom_url":null,"og_image_custom_fields":null,"og_video":null,"og_custom_url":null,"og_article_section":null,"og_article_tags":null,"twitter_use_og":true,"twitter_card":"default","twitter_image_type":"default","twitter_image_url":null,"twitter_image_custom_url":null,"twitter_image_custom_fields":null,"twitter_title":null,"twitter_description":null,"schema":{"blockGraphs":[],"customGraphs":[],"default":{"data":{"Article":[],"Course":[],"Dataset":[],"FAQPage":[],"Movie":[],"Person":[],"Product":[],"ProductReview":[],"Car":[],"Recipe":[],"Service":[],"SoftwareApplication":[],"WebPage":[]},"graphName":"","isEnabled":true},"graphs":[],"defaultGraph":"","defaultPostTypeGraph":""},"schema_type":null,"schema_type_options":null,"pillar_content":false,"robots_default":true,"robots_noindex":false,"robots_noarchive":false,"robots_nosnippet":false,"robots_nofollow":false,"robots_noimageindex":false,"robots_noodp":false,"robots_notranslate":false,"robots_max_snippet":null,"robots_max_videopreview":null,"robots_max_imagepreview":"none","priority":null,"frequency":null,"local_seo":null,"seo_analyzer_scan_date":"2026-06-02 23:28:46","breadcrumb_settings":null,"limit_modified_date":false,"open_ai":null,"ai":null,"created":"2020-11-14 22:56:03","updated":"2026-06-02 23:28:46","focus_keyword":null,"additional_keywords":null,"truseo_locale":null},"aioseo_breadcrumb":"<div class=\"aioseo-breadcrumbs\"><span class=\"aioseo-breadcrumb\">\n\t<a href=\"https:\/\/www.eldigitaldeasturias.com\/noticias\" title=\"Home\">Home<\/a>\n<\/span><span class=\"aioseo-breadcrumb-separator\">\u2013<\/span><span class=\"aioseo-breadcrumb\">\n\t<a href=\"https:\/\/www.eldigitaldeasturias.com\/noticias\/category\/actualidad\/\" title=\"Actualidad\">Actualidad<\/a>\n<\/span><span class=\"aioseo-breadcrumb-separator\">\u2013<\/span><span class=\"aioseo-breadcrumb\">\n\t<a href=\"https:\/\/www.eldigitaldeasturias.com\/noticias\/nuland-afirma-que-su-conversacion-con-el-que-se-joda-la-ue-es-privada\/\" title=\"Nuland afirma que su conversaci\u00f3n con el \u00abque se joda la UE\u00bb es privada\">Nuland afirma que su conversaci\u00f3n con el \u00abque se joda la UE\u00bb es privada<\/a>\n<\/span><\/div>","aioseo_breadcrumb_json":[{"label":"Home","link":"https:\/\/www.eldigitaldeasturias.com\/noticias"},{"label":"Actualidad","link":"https:\/\/www.eldigitaldeasturias.com\/noticias\/category\/actualidad\/"},{"label":"Nuland afirma que su conversaci\u00f3n con el \u00abque se joda la UE\u00bb es privada","link":"https:\/\/www.eldigitaldeasturias.com\/noticias\/nuland-afirma-que-su-conversacion-con-el-que-se-joda-la-ue-es-privada\/"}],"_links":{"self":[{"href":"https:\/\/www.eldigitaldeasturias.com\/noticias\/wp-json\/wp\/v2\/posts\/486120","targetHints":{"allow":["GET"]}}],"collection":[{"href":"https:\/\/www.eldigitaldeasturias.com\/noticias\/wp-json\/wp\/v2\/posts"}],"about":[{"href":"https:\/\/www.eldigitaldeasturias.com\/noticias\/wp-json\/wp\/v2\/types\/post"}],"author":[{"embeddable":true,"href":"https:\/\/www.eldigitaldeasturias.com\/noticias\/wp-json\/wp\/v2\/users\/1"}],"replies":[{"embeddable":true,"href":"https:\/\/www.eldigitaldeasturias.com\/noticias\/wp-json\/wp\/v2\/comments?post=486120"}],"version-history":[{"count":0,"href":"https:\/\/www.eldigitaldeasturias.com\/noticias\/wp-json\/wp\/v2\/posts\/486120\/revisions"}],"wp:attachment":[{"href":"https:\/\/www.eldigitaldeasturias.com\/noticias\/wp-json\/wp\/v2\/media?parent=486120"}],"wp:term":[{"taxonomy":"category","embeddable":true,"href":"https:\/\/www.eldigitaldeasturias.com\/noticias\/wp-json\/wp\/v2\/categories?post=486120"},{"taxonomy":"post_tag","embeddable":true,"href":"https:\/\/www.eldigitaldeasturias.com\/noticias\/wp-json\/wp\/v2\/tags?post=486120"}],"curies":[{"name":"wp","href":"https:\/\/api.w.org\/{rel}","templated":true}]}}