{"id":486111,"date":"2014-02-07T21:41:25","date_gmt":"2014-02-07T22:41:25","guid":{"rendered":"http:\/\/www.eldigitaldeasturias.com\/noticias\/?p=486111"},"modified":"2014-02-07T21:41:25","modified_gmt":"2014-02-07T22:41:25","slug":"cospedal-dice-que-en-el-pp-no-hay-ninguna-crisis-de-identidad-o-de-personas","status":"publish","type":"post","link":"https:\/\/www.eldigitaldeasturias.com\/noticias\/cospedal-dice-que-en-el-pp-no-hay-ninguna-crisis-de-identidad-o-de-personas\/","title":{"rendered":"Cospedal dice que en el PP no hay \u00abninguna crisis de identidad o de personas\u00bb"},"content":{"rendered":"<p><img loading=\"lazy\" decoding=\"async\" class=\"alignleft size-medium wp-image-486112\" alt=\"5919476w\" src=\"https:\/\/www.eldigitaldeasturias.com\/noticias\/wp-content\/uploads\/2014\/02\/5919476w-360x216.jpg\" width=\"360\" height=\"216\" \/>Madrid, 7 feb (EFE).- La secretaria general del PP, Mar\u00eda Dolores de Cospedal, ha asegurado hoy que no hay en su partido \u00abninguna crisis de identidad o de personas\u00bb y ha dicho no entender que se hable de \u00abruptura\u00bb entre la actual direcci\u00f3n y el expresidente Jos\u00e9 Mar\u00eda Aznar.<\/p>\n<p>Cospedal ha recordado, en una entrevista en Antena 3, que el PP tiene desde hace diez a\u00f1os un presidente que es el jefe del Ejecutivo, Mariano Rajoy, mientras \u00aben otros sitios\u00bb, en alusi\u00f3n al PSOE, se discute qui\u00e9n va a ser el pr\u00f3ximo candidato a las generales y qui\u00e9n liderar\u00e1 el partido.<\/p>\n<p>\u00abEsto de la ruptura no lo entiendo\u00bb, ha insistido Cospedal, quien por otra parte ha apuntado que no cree que el nuevo partido Vox, fundado entre otras personas por antiguos miembros del PP, vaya a conseguir representaci\u00f3n en las pr\u00f3ximas elecciones europeas.<\/p>\n<p>En cualquier caso, ha se\u00f1alado que cuando se concurre a las elecciones \u00abes mucho m\u00e1s f\u00e1cil cuando no hay nada que perder y no hay responsabilidades de gobernar\u00bb, y ha asegurado que su partido trabajar\u00e1 en su mensaje, que es el de subrayar que las medidas y reformas del Gobierno, aunque \u00abdif\u00edciles\u00bb e \u00abingratas\u00bb, est\u00e1n empezando a dar frutos.<\/p>\n<p>\u00abObviamente la crisis no se ha terminado\u00bb, pero s\u00ed \u00abse ha ganado\u00bb la batalla contra la intervenci\u00f3n y contra la recesi\u00f3n, y ahora van a llegar \u00abmomentos m\u00e1s sencillos\u00bb, ha dicho Cospedal, para quien en cualquier caso el Gobierno tiene que trabajar \u00abpor el inter\u00e9s general\u00bb del pa\u00eds y no para \u00abconservar el sill\u00f3n\u00bb.<\/p>\n<p>Por otra parte, Cospedal ha considerado \u00abkafkiano\u00bb que se diga que la reforma de la ley del aborto es un proyecto de \u00abuno y otro\u00bb miembro del Ejecutivo, porque lo es \u00abde todo el Gobierno\u00bb, y aunque ha admitido que hay \u00abdistintas opiniones\u00bb en el seno del PP se ha mostrado convencida de que se buscar\u00e1 \u00abel mayor consenso\u00bb.<\/p>\n","protected":false},"excerpt":{"rendered":"<p>Madrid, 7 feb (EFE).- La secretaria general del PP, Mar\u00eda Dolores de Cospedal, ha asegurado hoy que no hay en su partido \u00abninguna crisis de identidad o de personas\u00bb y ha dicho no entender que se hable de \u00abruptura\u00bb entre la actual direcci\u00f3n y el expresidente Jos\u00e9 Mar\u00eda Aznar. Cospedal ha recordado, en una entrevista [&hellip;]<\/p>\n","protected":false},"author":1,"featured_media":486112,"comment_status":"open","ping_status":"open","sticky":false,"template":"","format":"standard","meta":{"footnotes":""},"categories":[1],"tags":[],"class_list":["post-486111","post","type-post","status-publish","format-standard","has-post-thumbnail","hentry","category-actualidad"],"aioseo_notices":[],"aioseo_head":"\n\t\t<!-- All in One SEO Pro 5.0.1 - aioseo.com -->\n\t<meta name=\"description\" content=\"Madrid, 7 feb (EFE).- La secretaria general del PP, Mar\u00eda Dolores de Cospedal, ha asegurado hoy que no hay en su partido &quot;ninguna crisis de identidad o de personas&quot; y ha dicho no entender que se hable de &quot;ruptura&quot; entre la actual direcci\u00f3n y el expresidente Jos\u00e9 Mar\u00eda Aznar. Cospedal ha recordado, en una entrevista\" \/>\n\t<meta name=\"robots\" content=\"max-image-preview:large\" \/>\n\t<meta name=\"author\" content=\"El Digital de Asturias\"\/>\n\t<meta name=\"google-site-verification\" content=\"UA-38556648-1\" \/>\n\t<meta name=\"msvalidate.01\" content=\"7dfe9f3f1b24437ab69f4f2559babe99\" \/>\n\t<meta name=\"keywords\" content=\"actualidad\" \/>\n\t<link rel=\"canonical\" href=\"https:\/\/www.eldigitaldeasturias.com\/noticias\/cospedal-dice-que-en-el-pp-no-hay-ninguna-crisis-de-identidad-o-de-personas\/\" \/>\n\t<meta name=\"generator\" content=\"All in One SEO Pro (AIOSEO) 5.0.1\" \/>\n\t\t<meta property=\"og:locale\" content=\"es_ES\" \/>\n\t\t<meta property=\"og:site_name\" content=\"El Digital de Asturias\" \/>\n\t\t<meta property=\"og:type\" content=\"article\" \/>\n\t\t<meta property=\"og:title\" content=\"Cospedal dice que en el PP no hay \u00abninguna crisis de identidad o de personas\u00bb - El Digital de Asturias\" \/>\n\t\t<meta property=\"og:description\" content=\"Madrid, 7 feb (EFE).- La secretaria general del PP, Mar\u00eda Dolores de Cospedal, ha asegurado hoy que no hay en su partido &quot;ninguna crisis de identidad o de personas&quot; y ha dicho no entender que se hable de &quot;ruptura&quot; entre la actual direcci\u00f3n y el expresidente Jos\u00e9 Mar\u00eda Aznar. Cospedal ha recordado, en una entrevista\" \/>\n\t\t<meta property=\"og:url\" content=\"https:\/\/www.eldigitaldeasturias.com\/noticias\/cospedal-dice-que-en-el-pp-no-hay-ninguna-crisis-de-identidad-o-de-personas\/\" \/>\n\t\t<meta property=\"article:tag\" content=\"actualidad\" \/>\n\t\t<meta property=\"article:published_time\" content=\"2014-02-07T22:41:25+00:00\" \/>\n\t\t<meta property=\"article:modified_time\" content=\"2014-02-07T22:41:25+00:00\" \/>\n\t\t<meta property=\"article:publisher\" content=\"https:\/\/facebook.com\/eldigitaldeasturias\" \/>\n\t\t<meta name=\"twitter:card\" content=\"summary_large_image\" \/>\n\t\t<meta name=\"twitter:title\" content=\"Cospedal dice que en el PP no hay \u00abninguna crisis de identidad o de personas\u00bb - El Digital de Asturias\" \/>\n\t\t<meta name=\"twitter:description\" content=\"Madrid, 7 feb (EFE).- La secretaria general del PP, Mar\u00eda Dolores de Cospedal, ha asegurado hoy que no hay en su partido &quot;ninguna crisis de identidad o de personas&quot; y ha dicho no entender que se hable de &quot;ruptura&quot; entre la actual direcci\u00f3n y el expresidente Jos\u00e9 Mar\u00eda Aznar. Cospedal ha recordado, en una entrevista\" \/>\n\t\t<meta name=\"twitter:label1\" content=\"Escrito por\" \/>\n\t\t<meta name=\"twitter:data1\" content=\"El Digital de Asturias\" \/>\n\t\t<meta name=\"twitter:label2\" content=\"Tiempo de lectura estimado\" \/>\n\t\t<meta name=\"twitter:data2\" content=\"2 minutos\" \/>\n\t\t<script type=\"application\/ld+json\" class=\"aioseo-schema\">\n\t\t\t{\"@context\":\"https:\\\/\\\/schema.org\",\"@graph\":[{\"@type\":\"BlogPosting\",\"@id\":\"https:\\\/\\\/www.eldigitaldeasturias.com\\\/noticias\\\/cospedal-dice-que-en-el-pp-no-hay-ninguna-crisis-de-identidad-o-de-personas\\\/#blogposting\",\"name\":\"Cospedal dice que en el PP no hay \\u00abninguna crisis de identidad o de personas\\u00bb - El Digital de Asturias\",\"headline\":\"Cospedal dice que en el PP no hay \\u00abninguna crisis de identidad o de personas\\u00bb\",\"author\":{\"@id\":\"https:\\\/\\\/www.eldigitaldeasturias.com\\\/noticias\\\/author\\\/admin\\\/#author\"},\"publisher\":{\"@id\":\"https:\\\/\\\/www.eldigitaldeasturias.com\\\/noticias\\\/#organization\"},\"image\":{\"@type\":\"ImageObject\",\"url\":486112},\"datePublished\":\"2014-02-07T21:41:25+01:00\",\"dateModified\":\"2014-02-07T21:41:25+01:00\",\"inLanguage\":\"es-ES\",\"mainEntityOfPage\":{\"@id\":\"https:\\\/\\\/www.eldigitaldeasturias.com\\\/noticias\\\/cospedal-dice-que-en-el-pp-no-hay-ninguna-crisis-de-identidad-o-de-personas\\\/#webpage\"},\"isPartOf\":{\"@id\":\"https:\\\/\\\/www.eldigitaldeasturias.com\\\/noticias\\\/cospedal-dice-que-en-el-pp-no-hay-ninguna-crisis-de-identidad-o-de-personas\\\/#webpage\"},\"articleSection\":\"Actualidad\"},{\"@type\":\"BreadcrumbList\",\"@id\":\"https:\\\/\\\/www.eldigitaldeasturias.com\\\/noticias\\\/cospedal-dice-que-en-el-pp-no-hay-ninguna-crisis-de-identidad-o-de-personas\\\/#breadcrumblist\",\"itemListElement\":[{\"@type\":\"ListItem\",\"@id\":\"https:\\\/\\\/www.eldigitaldeasturias.com\\\/noticias#listItem\",\"position\":1,\"name\":\"Home\",\"item\":\"https:\\\/\\\/www.eldigitaldeasturias.com\\\/noticias\",\"nextItem\":{\"@type\":\"ListItem\",\"@id\":\"https:\\\/\\\/www.eldigitaldeasturias.com\\\/noticias\\\/category\\\/actualidad\\\/#listItem\",\"name\":\"Actualidad\"}},{\"@type\":\"ListItem\",\"@id\":\"https:\\\/\\\/www.eldigitaldeasturias.com\\\/noticias\\\/category\\\/actualidad\\\/#listItem\",\"position\":2,\"name\":\"Actualidad\",\"item\":\"https:\\\/\\\/www.eldigitaldeasturias.com\\\/noticias\\\/category\\\/actualidad\\\/\",\"nextItem\":{\"@type\":\"ListItem\",\"@id\":\"https:\\\/\\\/www.eldigitaldeasturias.com\\\/noticias\\\/cospedal-dice-que-en-el-pp-no-hay-ninguna-crisis-de-identidad-o-de-personas\\\/#listItem\",\"name\":\"Cospedal dice que en el PP no hay \\u00abninguna crisis de identidad o de personas\\u00bb\"},\"previousItem\":{\"@type\":\"ListItem\",\"@id\":\"https:\\\/\\\/www.eldigitaldeasturias.com\\\/noticias#listItem\",\"name\":\"Home\"}},{\"@type\":\"ListItem\",\"@id\":\"https:\\\/\\\/www.eldigitaldeasturias.com\\\/noticias\\\/cospedal-dice-que-en-el-pp-no-hay-ninguna-crisis-de-identidad-o-de-personas\\\/#listItem\",\"position\":3,\"name\":\"Cospedal dice que en el PP no hay \\u00abninguna crisis de identidad o de personas\\u00bb\",\"previousItem\":{\"@type\":\"ListItem\",\"@id\":\"https:\\\/\\\/www.eldigitaldeasturias.com\\\/noticias\\\/category\\\/actualidad\\\/#listItem\",\"name\":\"Actualidad\"}}]},{\"@type\":\"Organization\",\"@id\":\"https:\\\/\\\/www.eldigitaldeasturias.com\\\/noticias\\\/#organization\",\"name\":\"El Digital de Asturias\",\"description\":\"Hemeroteca\",\"url\":\"https:\\\/\\\/www.eldigitaldeasturias.com\\\/noticias\\\/\",\"email\":\"info@eldigitaldeasturias.com\",\"telephone\":\"+34652131393\",\"logo\":{\"@type\":\"ImageObject\",\"url\":\"https:\\\/\\\/www.eldigitaldeasturias.com\\\/noticias\\\/wp-content\\\/uploads\\\/2020\\\/12\\\/EDA.jpg\",\"@id\":\"https:\\\/\\\/www.eldigitaldeasturias.com\\\/noticias\\\/cospedal-dice-que-en-el-pp-no-hay-ninguna-crisis-de-identidad-o-de-personas\\\/#organizationLogo\"},\"image\":{\"@id\":\"https:\\\/\\\/www.eldigitaldeasturias.com\\\/noticias\\\/cospedal-dice-que-en-el-pp-no-hay-ninguna-crisis-de-identidad-o-de-personas\\\/#organizationLogo\"},\"sameAs\":[\"https:\\\/\\\/facebook.com\\\/eldigitaldeasturias\",\"https:\\\/\\\/www.youtube.com\\\/channel\\\/UCZP-2wLEB9Rv6erhFmqVnvg\"],\"address\":{\"@id\":\"https:\\\/\\\/www.eldigitaldeasturias.com\\\/noticias\\\/#postaladdress\",\"@type\":\"PostalAddress\",\"streetAddress\":\"san antonio 4\",\"postalCode\":\"33430\",\"addressLocality\":\"Cand\\u00e1s\",\"addressRegion\":\"Asturias\",\"addressCountry\":\"ES\"}},{\"@type\":\"Person\",\"@id\":\"https:\\\/\\\/www.eldigitaldeasturias.com\\\/noticias\\\/author\\\/admin\\\/#author\",\"url\":\"https:\\\/\\\/www.eldigitaldeasturias.com\\\/noticias\\\/author\\\/admin\\\/\",\"name\":\"El Digital de Asturias\",\"image\":{\"@type\":\"ImageObject\",\"@id\":\"https:\\\/\\\/www.eldigitaldeasturias.com\\\/noticias\\\/cospedal-dice-que-en-el-pp-no-hay-ninguna-crisis-de-identidad-o-de-personas\\\/#authorImage\",\"url\":\"https:\\\/\\\/secure.gravatar.com\\\/avatar\\\/df2aeffc32bcd13f8d26072ef8a91b623d677766deac7f97ca815868cd41bf5e?s=96&d=mm&r=g\",\"width\":96,\"height\":96,\"caption\":\"El Digital de Asturias\"}},{\"@type\":\"WebPage\",\"@id\":\"https:\\\/\\\/www.eldigitaldeasturias.com\\\/noticias\\\/cospedal-dice-que-en-el-pp-no-hay-ninguna-crisis-de-identidad-o-de-personas\\\/#webpage\",\"url\":\"https:\\\/\\\/www.eldigitaldeasturias.com\\\/noticias\\\/cospedal-dice-que-en-el-pp-no-hay-ninguna-crisis-de-identidad-o-de-personas\\\/\",\"name\":\"Cospedal dice que en el PP no hay \\u00abninguna crisis de identidad o de personas\\u00bb - El Digital de Asturias\",\"description\":\"Madrid, 7 feb (EFE).- La secretaria general del PP, Mar\\u00eda Dolores de Cospedal, ha asegurado hoy que no hay en su partido \\\"ninguna crisis de identidad o de personas\\\" y ha dicho no entender que se hable de \\\"ruptura\\\" entre la actual direcci\\u00f3n y el expresidente Jos\\u00e9 Mar\\u00eda Aznar. Cospedal ha recordado, en una entrevista\",\"inLanguage\":\"es-ES\",\"isPartOf\":{\"@id\":\"https:\\\/\\\/www.eldigitaldeasturias.com\\\/noticias\\\/#website\"},\"breadcrumb\":{\"@id\":\"https:\\\/\\\/www.eldigitaldeasturias.com\\\/noticias\\\/cospedal-dice-que-en-el-pp-no-hay-ninguna-crisis-de-identidad-o-de-personas\\\/#breadcrumblist\"},\"author\":{\"@id\":\"https:\\\/\\\/www.eldigitaldeasturias.com\\\/noticias\\\/author\\\/admin\\\/#author\"},\"creator\":{\"@id\":\"https:\\\/\\\/www.eldigitaldeasturias.com\\\/noticias\\\/author\\\/admin\\\/#author\"},\"image\":{\"@type\":\"ImageObject\",\"url\":486112,\"@id\":\"https:\\\/\\\/www.eldigitaldeasturias.com\\\/noticias\\\/cospedal-dice-que-en-el-pp-no-hay-ninguna-crisis-de-identidad-o-de-personas\\\/#mainImage\"},\"primaryImageOfPage\":{\"@id\":\"https:\\\/\\\/www.eldigitaldeasturias.com\\\/noticias\\\/cospedal-dice-que-en-el-pp-no-hay-ninguna-crisis-de-identidad-o-de-personas\\\/#mainImage\"},\"datePublished\":\"2014-02-07T21:41:25+01:00\",\"dateModified\":\"2014-02-07T21:41:25+01:00\"},{\"@type\":\"WebSite\",\"@id\":\"https:\\\/\\\/www.eldigitaldeasturias.com\\\/noticias\\\/#website\",\"url\":\"https:\\\/\\\/www.eldigitaldeasturias.com\\\/noticias\\\/\",\"name\":\"El Digital de Asturias - Diario de actualidad y noticias\",\"alternateName\":\"El Digital de Asturias - Diario de actualidad y noticias\",\"description\":\"Hemeroteca\",\"inLanguage\":\"es-ES\",\"publisher\":{\"@id\":\"https:\\\/\\\/www.eldigitaldeasturias.com\\\/noticias\\\/#organization\"}}]}\n\t\t<\/script>\n\t\t<!-- All in One SEO Pro -->\r\n\t\t<title>Cospedal dice que en el PP no hay \u00abninguna crisis de identidad o de personas\u00bb - El Digital de Asturias<\/title>\n\n","aioseo_head_json":{"title":"Cospedal dice que en el PP no hay \u00abninguna crisis de identidad o de personas\u00bb - El Digital de Asturias","description":"Madrid, 7 feb (EFE).- La secretaria general del PP, Mar\u00eda Dolores de Cospedal, ha asegurado hoy que no hay en su partido \"ninguna crisis de identidad o de personas\" y ha dicho no entender que se hable de \"ruptura\" entre la actual direcci\u00f3n y el expresidente Jos\u00e9 Mar\u00eda Aznar. Cospedal ha recordado, en una entrevista","canonical_url":"https:\/\/www.eldigitaldeasturias.com\/noticias\/cospedal-dice-que-en-el-pp-no-hay-ninguna-crisis-de-identidad-o-de-personas\/","robots":"max-image-preview:large","keywords":"actualidad","webmasterTools":{"google-site-verification":"UA-38556648-1","msvalidate.01":"7dfe9f3f1b24437ab69f4f2559babe99","miscellaneous":""},"schema":{"@context":"https:\/\/schema.org","@graph":[{"@type":"BlogPosting","@id":"https:\/\/www.eldigitaldeasturias.com\/noticias\/cospedal-dice-que-en-el-pp-no-hay-ninguna-crisis-de-identidad-o-de-personas\/#blogposting","name":"Cospedal dice que en el PP no hay \u00abninguna crisis de identidad o de personas\u00bb - El Digital de Asturias","headline":"Cospedal dice que en el PP no hay \u00abninguna crisis de identidad o de personas\u00bb","author":{"@id":"https:\/\/www.eldigitaldeasturias.com\/noticias\/author\/admin\/#author"},"publisher":{"@id":"https:\/\/www.eldigitaldeasturias.com\/noticias\/#organization"},"image":{"@type":"ImageObject","url":486112},"datePublished":"2014-02-07T21:41:25+01:00","dateModified":"2014-02-07T21:41:25+01:00","inLanguage":"es-ES","mainEntityOfPage":{"@id":"https:\/\/www.eldigitaldeasturias.com\/noticias\/cospedal-dice-que-en-el-pp-no-hay-ninguna-crisis-de-identidad-o-de-personas\/#webpage"},"isPartOf":{"@id":"https:\/\/www.eldigitaldeasturias.com\/noticias\/cospedal-dice-que-en-el-pp-no-hay-ninguna-crisis-de-identidad-o-de-personas\/#webpage"},"articleSection":"Actualidad"},{"@type":"BreadcrumbList","@id":"https:\/\/www.eldigitaldeasturias.com\/noticias\/cospedal-dice-que-en-el-pp-no-hay-ninguna-crisis-de-identidad-o-de-personas\/#breadcrumblist","itemListElement":[{"@type":"ListItem","@id":"https:\/\/www.eldigitaldeasturias.com\/noticias#listItem","position":1,"name":"Home","item":"https:\/\/www.eldigitaldeasturias.com\/noticias","nextItem":{"@type":"ListItem","@id":"https:\/\/www.eldigitaldeasturias.com\/noticias\/category\/actualidad\/#listItem","name":"Actualidad"}},{"@type":"ListItem","@id":"https:\/\/www.eldigitaldeasturias.com\/noticias\/category\/actualidad\/#listItem","position":2,"name":"Actualidad","item":"https:\/\/www.eldigitaldeasturias.com\/noticias\/category\/actualidad\/","nextItem":{"@type":"ListItem","@id":"https:\/\/www.eldigitaldeasturias.com\/noticias\/cospedal-dice-que-en-el-pp-no-hay-ninguna-crisis-de-identidad-o-de-personas\/#listItem","name":"Cospedal dice que en el PP no hay \u00abninguna crisis de identidad o de personas\u00bb"},"previousItem":{"@type":"ListItem","@id":"https:\/\/www.eldigitaldeasturias.com\/noticias#listItem","name":"Home"}},{"@type":"ListItem","@id":"https:\/\/www.eldigitaldeasturias.com\/noticias\/cospedal-dice-que-en-el-pp-no-hay-ninguna-crisis-de-identidad-o-de-personas\/#listItem","position":3,"name":"Cospedal dice que en el PP no hay \u00abninguna crisis de identidad o de personas\u00bb","previousItem":{"@type":"ListItem","@id":"https:\/\/www.eldigitaldeasturias.com\/noticias\/category\/actualidad\/#listItem","name":"Actualidad"}}]},{"@type":"Organization","@id":"https:\/\/www.eldigitaldeasturias.com\/noticias\/#organization","name":"El Digital de Asturias","description":"Hemeroteca","url":"https:\/\/www.eldigitaldeasturias.com\/noticias\/","email":"info@eldigitaldeasturias.com","telephone":"+34652131393","logo":{"@type":"ImageObject","url":"https:\/\/www.eldigitaldeasturias.com\/noticias\/wp-content\/uploads\/2020\/12\/EDA.jpg","@id":"https:\/\/www.eldigitaldeasturias.com\/noticias\/cospedal-dice-que-en-el-pp-no-hay-ninguna-crisis-de-identidad-o-de-personas\/#organizationLogo"},"image":{"@id":"https:\/\/www.eldigitaldeasturias.com\/noticias\/cospedal-dice-que-en-el-pp-no-hay-ninguna-crisis-de-identidad-o-de-personas\/#organizationLogo"},"sameAs":["https:\/\/facebook.com\/eldigitaldeasturias","https:\/\/www.youtube.com\/channel\/UCZP-2wLEB9Rv6erhFmqVnvg"],"address":{"@id":"https:\/\/www.eldigitaldeasturias.com\/noticias\/#postaladdress","@type":"PostalAddress","streetAddress":"san antonio 4","postalCode":"33430","addressLocality":"Cand\u00e1s","addressRegion":"Asturias","addressCountry":"ES"}},{"@type":"Person","@id":"https:\/\/www.eldigitaldeasturias.com\/noticias\/author\/admin\/#author","url":"https:\/\/www.eldigitaldeasturias.com\/noticias\/author\/admin\/","name":"El Digital de Asturias","image":{"@type":"ImageObject","@id":"https:\/\/www.eldigitaldeasturias.com\/noticias\/cospedal-dice-que-en-el-pp-no-hay-ninguna-crisis-de-identidad-o-de-personas\/#authorImage","url":"https:\/\/secure.gravatar.com\/avatar\/df2aeffc32bcd13f8d26072ef8a91b623d677766deac7f97ca815868cd41bf5e?s=96&d=mm&r=g","width":96,"height":96,"caption":"El Digital de Asturias"}},{"@type":"WebPage","@id":"https:\/\/www.eldigitaldeasturias.com\/noticias\/cospedal-dice-que-en-el-pp-no-hay-ninguna-crisis-de-identidad-o-de-personas\/#webpage","url":"https:\/\/www.eldigitaldeasturias.com\/noticias\/cospedal-dice-que-en-el-pp-no-hay-ninguna-crisis-de-identidad-o-de-personas\/","name":"Cospedal dice que en el PP no hay \u00abninguna crisis de identidad o de personas\u00bb - El Digital de Asturias","description":"Madrid, 7 feb (EFE).- La secretaria general del PP, Mar\u00eda Dolores de Cospedal, ha asegurado hoy que no hay en su partido \"ninguna crisis de identidad o de personas\" y ha dicho no entender que se hable de \"ruptura\" entre la actual direcci\u00f3n y el expresidente Jos\u00e9 Mar\u00eda Aznar. Cospedal ha recordado, en una entrevista","inLanguage":"es-ES","isPartOf":{"@id":"https:\/\/www.eldigitaldeasturias.com\/noticias\/#website"},"breadcrumb":{"@id":"https:\/\/www.eldigitaldeasturias.com\/noticias\/cospedal-dice-que-en-el-pp-no-hay-ninguna-crisis-de-identidad-o-de-personas\/#breadcrumblist"},"author":{"@id":"https:\/\/www.eldigitaldeasturias.com\/noticias\/author\/admin\/#author"},"creator":{"@id":"https:\/\/www.eldigitaldeasturias.com\/noticias\/author\/admin\/#author"},"image":{"@type":"ImageObject","url":486112,"@id":"https:\/\/www.eldigitaldeasturias.com\/noticias\/cospedal-dice-que-en-el-pp-no-hay-ninguna-crisis-de-identidad-o-de-personas\/#mainImage"},"primaryImageOfPage":{"@id":"https:\/\/www.eldigitaldeasturias.com\/noticias\/cospedal-dice-que-en-el-pp-no-hay-ninguna-crisis-de-identidad-o-de-personas\/#mainImage"},"datePublished":"2014-02-07T21:41:25+01:00","dateModified":"2014-02-07T21:41:25+01:00"},{"@type":"WebSite","@id":"https:\/\/www.eldigitaldeasturias.com\/noticias\/#website","url":"https:\/\/www.eldigitaldeasturias.com\/noticias\/","name":"El Digital de Asturias - Diario de actualidad y noticias","alternateName":"El Digital de Asturias - Diario de actualidad y noticias","description":"Hemeroteca","inLanguage":"es-ES","publisher":{"@id":"https:\/\/www.eldigitaldeasturias.com\/noticias\/#organization"}}]},"og:locale":"es_ES","og:site_name":"El Digital de Asturias","og:type":"article","og:title":"Cospedal dice que en el PP no hay \u00abninguna crisis de identidad o de personas\u00bb - El Digital de Asturias","og:description":"Madrid, 7 feb (EFE).- La secretaria general del PP, Mar\u00eda Dolores de Cospedal, ha asegurado hoy que no hay en su partido &quot;ninguna crisis de identidad o de personas&quot; y ha dicho no entender que se hable de &quot;ruptura&quot; entre la actual direcci\u00f3n y el expresidente Jos\u00e9 Mar\u00eda Aznar. Cospedal ha recordado, en una entrevista","og:url":"https:\/\/www.eldigitaldeasturias.com\/noticias\/cospedal-dice-que-en-el-pp-no-hay-ninguna-crisis-de-identidad-o-de-personas\/","article:tag":["actualidad"],"article:published_time":"2014-02-07T22:41:25+00:00","article:modified_time":"2014-02-07T22:41:25+00:00","article:publisher":"https:\/\/facebook.com\/eldigitaldeasturias","twitter:card":"summary_large_image","twitter:title":"Cospedal dice que en el PP no hay \u00abninguna crisis de identidad o de personas\u00bb - El Digital de Asturias","twitter:description":"Madrid, 7 feb (EFE).- La secretaria general del PP, Mar\u00eda Dolores de Cospedal, ha asegurado hoy que no hay en su partido &quot;ninguna crisis de identidad o de personas&quot; y ha dicho no entender que se hable de &quot;ruptura&quot; entre la actual direcci\u00f3n y el expresidente Jos\u00e9 Mar\u00eda Aznar. Cospedal ha recordado, en una entrevista","twitter:label1":"Escrito por","twitter:data1":"El Digital de Asturias","twitter:label2":"Tiempo de lectura estimado","twitter:data2":"2 minutos"},"aioseo_meta_data":{"post_id":"486111","title":null,"description":null,"keywords":null,"keyphrases":null,"primary_term":null,"canonical_url":null,"og_title":null,"og_description":null,"og_object_type":"default","og_image_type":"default","og_image_url":null,"og_image_width":null,"og_image_height":null,"og_image_custom_url":null,"og_image_custom_fields":null,"og_video":null,"og_custom_url":null,"og_article_section":null,"og_article_tags":null,"twitter_use_og":true,"twitter_card":"default","twitter_image_type":"default","twitter_image_url":null,"twitter_image_custom_url":null,"twitter_image_custom_fields":null,"twitter_title":null,"twitter_description":null,"schema":{"blockGraphs":[],"customGraphs":[],"default":{"data":{"Article":[],"Course":[],"Dataset":[],"FAQPage":[],"Movie":[],"Person":[],"Product":[],"ProductReview":[],"Car":[],"Recipe":[],"Service":[],"SoftwareApplication":[],"WebPage":[]},"graphName":"","isEnabled":true},"graphs":[],"defaultGraph":"","defaultPostTypeGraph":""},"schema_type":null,"schema_type_options":null,"pillar_content":false,"robots_default":true,"robots_noindex":false,"robots_noarchive":false,"robots_nosnippet":false,"robots_nofollow":false,"robots_noimageindex":false,"robots_noodp":false,"robots_notranslate":false,"robots_max_snippet":null,"robots_max_videopreview":null,"robots_max_imagepreview":"none","priority":null,"frequency":null,"local_seo":null,"seo_analyzer_scan_date":"2026-06-02 23:28:45","breadcrumb_settings":null,"limit_modified_date":false,"open_ai":null,"ai":null,"created":"2020-11-14 22:56:03","updated":"2026-06-02 23:28:45","focus_keyword":null,"additional_keywords":null,"truseo_locale":null},"aioseo_breadcrumb":"<div class=\"aioseo-breadcrumbs\"><span class=\"aioseo-breadcrumb\">\n\t<a href=\"https:\/\/www.eldigitaldeasturias.com\/noticias\" title=\"Home\">Home<\/a>\n<\/span><span class=\"aioseo-breadcrumb-separator\">\u2013<\/span><span class=\"aioseo-breadcrumb\">\n\t<a href=\"https:\/\/www.eldigitaldeasturias.com\/noticias\/category\/actualidad\/\" title=\"Actualidad\">Actualidad<\/a>\n<\/span><span class=\"aioseo-breadcrumb-separator\">\u2013<\/span><span class=\"aioseo-breadcrumb\">\n\t<a href=\"https:\/\/www.eldigitaldeasturias.com\/noticias\/cospedal-dice-que-en-el-pp-no-hay-ninguna-crisis-de-identidad-o-de-personas\/\" title=\"Cospedal dice que en el PP no hay \u00abninguna crisis de identidad o de personas\u00bb\">Cospedal dice que en el PP no hay \u00abninguna crisis de identidad o de personas\u00bb<\/a>\n<\/span><\/div>","aioseo_breadcrumb_json":[{"label":"Home","link":"https:\/\/www.eldigitaldeasturias.com\/noticias"},{"label":"Actualidad","link":"https:\/\/www.eldigitaldeasturias.com\/noticias\/category\/actualidad\/"},{"label":"Cospedal dice que en el PP no hay \u00abninguna crisis de identidad o de personas\u00bb","link":"https:\/\/www.eldigitaldeasturias.com\/noticias\/cospedal-dice-que-en-el-pp-no-hay-ninguna-crisis-de-identidad-o-de-personas\/"}],"_links":{"self":[{"href":"https:\/\/www.eldigitaldeasturias.com\/noticias\/wp-json\/wp\/v2\/posts\/486111","targetHints":{"allow":["GET"]}}],"collection":[{"href":"https:\/\/www.eldigitaldeasturias.com\/noticias\/wp-json\/wp\/v2\/posts"}],"about":[{"href":"https:\/\/www.eldigitaldeasturias.com\/noticias\/wp-json\/wp\/v2\/types\/post"}],"author":[{"embeddable":true,"href":"https:\/\/www.eldigitaldeasturias.com\/noticias\/wp-json\/wp\/v2\/users\/1"}],"replies":[{"embeddable":true,"href":"https:\/\/www.eldigitaldeasturias.com\/noticias\/wp-json\/wp\/v2\/comments?post=486111"}],"version-history":[{"count":0,"href":"https:\/\/www.eldigitaldeasturias.com\/noticias\/wp-json\/wp\/v2\/posts\/486111\/revisions"}],"wp:attachment":[{"href":"https:\/\/www.eldigitaldeasturias.com\/noticias\/wp-json\/wp\/v2\/media?parent=486111"}],"wp:term":[{"taxonomy":"category","embeddable":true,"href":"https:\/\/www.eldigitaldeasturias.com\/noticias\/wp-json\/wp\/v2\/categories?post=486111"},{"taxonomy":"post_tag","embeddable":true,"href":"https:\/\/www.eldigitaldeasturias.com\/noticias\/wp-json\/wp\/v2\/tags?post=486111"}],"curies":[{"name":"wp","href":"https:\/\/api.w.org\/{rel}","templated":true}]}}