{"id":486102,"date":"2014-02-07T21:37:47","date_gmt":"2014-02-07T22:37:47","guid":{"rendered":"http:\/\/www.eldigitaldeasturias.com\/noticias\/?p=486102"},"modified":"2014-02-07T21:37:47","modified_gmt":"2014-02-07T22:37:47","slug":"mas-de-80-muertos-esta-semana-en-ataques-etnico-religiosos-en-nigeria","status":"publish","type":"post","link":"https:\/\/www.eldigitaldeasturias.com\/noticias\/mas-de-80-muertos-esta-semana-en-ataques-etnico-religiosos-en-nigeria\/","title":{"rendered":"M\u00e1s de 80 muertos esta semana en ataques \u00e9tnico-religiosos en Nigeria"},"content":{"rendered":"<p><img loading=\"lazy\" decoding=\"async\" class=\"alignleft size-medium wp-image-486103\" alt=\"5919803w\" src=\"https:\/\/www.eldigitaldeasturias.com\/noticias\/wp-content\/uploads\/2014\/02\/5919803w-360x270.jpg\" width=\"360\" height=\"270\" \/>Lagos, 7 feb (EFE).- El n\u00famero de v\u00edctimas en ataques \u00e9tnico-religiosos en el centro de Nigeria super\u00f3 los 80 muertos esta semana despu\u00e9s de que ayer otras 22 personas fueran asesinadas en el Estado de Plateau, informaron hoy Efe residentes de la zona.<\/p>\n<p>Al menos 60 personas perdieron la vida el martes en enfrentamientos entre pastores musulmanes y agricultores cristianos, considerados \u00e9stos \u00faltimos los primeros colonos en Plateau.<\/p>\n<p>Nuevos ataques se registraron solo 48 horas despu\u00e9s en la localidad de Mavo, en la regi\u00f3n de Wase, donde adem\u00e1s de las v\u00edctimas numerosos habitantes resultaron heridos por hombres armados desconocidos.<\/p>\n<p>Los agresores invadieron la comunidad a primera hora de la jornada de ayer, y gran parte poblaci\u00f3n permanece todav\u00eda hoy escondida en los bosques cercanos.<\/p>\n<p>\u00abLlegaron por centenares a nuestro pueblo y comenzaron a disparar mientras todav\u00eda dorm\u00edamos. Muri\u00f3 mucha gente en sus hogares y dispararon contra quienes intentaron escapar\u00bb, declar\u00f3 Nanong Niyel, un vecino de la localidad.<\/p>\n<p>Se teme que algunos de los heridos podr\u00edan haber muerto en los bosques cercanos, a\u00f1adi\u00f3.<\/p>\n<p>Otro residente, identificado Joseph, explic\u00f3 a Efe en conversaci\u00f3n telef\u00f3nica que algunos residentes de Mavo se esconden todav\u00eda en los bosques por miedo a que los atacantes vuelvan.<\/p>\n<p>\u00abTodav\u00eda no hemos encontrado a todos nuestros vecinos. Tememos que algunos puedan estar muertos en los bosques y otros podr\u00edan seguir escondidos\u00bb, explic\u00f3.<\/p>\n<p>Al parecer, \u00e9ste ha sido el \u00faltimo de una serie de enfrentamientos recurrentes en esta regi\u00f3n entre pastores musulmanes y agricultores cristianos.<\/p>\n<p>El pasado mi\u00e9rcoles perdieron la vida al menos 60 personas en dos ataques separados tambi\u00e9n en el centro del pa\u00eds, de los que se responsabiliz\u00f3 a pastores musulmanes armados de la etnia fulani.<\/p>\n<p>Los enfrentamientos, relacionados con la disputa por las tierras de pastoreo, ha causado miles de muertos desde principios de 1990 en el pa\u00eds.<\/p>\n","protected":false},"excerpt":{"rendered":"<p>Lagos, 7 feb (EFE).- El n\u00famero de v\u00edctimas en ataques \u00e9tnico-religiosos en el centro de Nigeria super\u00f3 los 80 muertos esta semana despu\u00e9s de que ayer otras 22 personas fueran asesinadas en el Estado de Plateau, informaron hoy Efe residentes de la zona. Al menos 60 personas perdieron la vida el martes en enfrentamientos entre [&hellip;]<\/p>\n","protected":false},"author":1,"featured_media":486103,"comment_status":"open","ping_status":"open","sticky":false,"template":"","format":"standard","meta":{"footnotes":""},"categories":[1],"tags":[],"class_list":["post-486102","post","type-post","status-publish","format-standard","has-post-thumbnail","hentry","category-actualidad"],"aioseo_notices":[],"aioseo_head":"\n\t\t<!-- All in One SEO Pro 5.0.1 - aioseo.com -->\n\t<meta name=\"description\" content=\"Lagos, 7 feb (EFE).- El n\u00famero de v\u00edctimas en ataques \u00e9tnico-religiosos en el centro de Nigeria super\u00f3 los 80 muertos esta semana despu\u00e9s de que ayer otras 22 personas fueran asesinadas en el Estado de Plateau, informaron hoy Efe residentes de la zona. Al menos 60 personas perdieron la vida el martes en enfrentamientos entre\" \/>\n\t<meta name=\"robots\" content=\"max-image-preview:large\" \/>\n\t<meta name=\"author\" content=\"El Digital de Asturias\"\/>\n\t<meta name=\"google-site-verification\" content=\"UA-38556648-1\" \/>\n\t<meta name=\"msvalidate.01\" content=\"7dfe9f3f1b24437ab69f4f2559babe99\" \/>\n\t<meta name=\"keywords\" content=\"actualidad\" \/>\n\t<link rel=\"canonical\" href=\"https:\/\/www.eldigitaldeasturias.com\/noticias\/mas-de-80-muertos-esta-semana-en-ataques-etnico-religiosos-en-nigeria\/\" \/>\n\t<meta name=\"generator\" content=\"All in One SEO Pro (AIOSEO) 5.0.1\" \/>\n\t\t<meta property=\"og:locale\" content=\"es_ES\" \/>\n\t\t<meta property=\"og:site_name\" content=\"El Digital de Asturias\" \/>\n\t\t<meta property=\"og:type\" content=\"article\" \/>\n\t\t<meta property=\"og:title\" content=\"M\u00e1s de 80 muertos esta semana en ataques \u00e9tnico-religiosos en Nigeria - El Digital de Asturias\" \/>\n\t\t<meta property=\"og:description\" content=\"Lagos, 7 feb (EFE).- El n\u00famero de v\u00edctimas en ataques \u00e9tnico-religiosos en el centro de Nigeria super\u00f3 los 80 muertos esta semana despu\u00e9s de que ayer otras 22 personas fueran asesinadas en el Estado de Plateau, informaron hoy Efe residentes de la zona. Al menos 60 personas perdieron la vida el martes en enfrentamientos entre\" \/>\n\t\t<meta property=\"og:url\" content=\"https:\/\/www.eldigitaldeasturias.com\/noticias\/mas-de-80-muertos-esta-semana-en-ataques-etnico-religiosos-en-nigeria\/\" \/>\n\t\t<meta property=\"article:tag\" content=\"actualidad\" \/>\n\t\t<meta property=\"article:published_time\" content=\"2014-02-07T22:37:47+00:00\" \/>\n\t\t<meta property=\"article:modified_time\" content=\"2014-02-07T22:37:47+00:00\" \/>\n\t\t<meta property=\"article:publisher\" content=\"https:\/\/facebook.com\/eldigitaldeasturias\" \/>\n\t\t<meta name=\"twitter:card\" content=\"summary_large_image\" \/>\n\t\t<meta name=\"twitter:title\" content=\"M\u00e1s de 80 muertos esta semana en ataques \u00e9tnico-religiosos en Nigeria - El Digital de Asturias\" \/>\n\t\t<meta name=\"twitter:description\" content=\"Lagos, 7 feb (EFE).- El n\u00famero de v\u00edctimas en ataques \u00e9tnico-religiosos en el centro de Nigeria super\u00f3 los 80 muertos esta semana despu\u00e9s de que ayer otras 22 personas fueran asesinadas en el Estado de Plateau, informaron hoy Efe residentes de la zona. Al menos 60 personas perdieron la vida el martes en enfrentamientos entre\" \/>\n\t\t<meta name=\"twitter:label1\" content=\"Escrito por\" \/>\n\t\t<meta name=\"twitter:data1\" content=\"El Digital de Asturias\" \/>\n\t\t<meta name=\"twitter:label2\" content=\"Tiempo de lectura estimado\" \/>\n\t\t<meta name=\"twitter:data2\" content=\"2 minutos\" \/>\n\t\t<script type=\"application\/ld+json\" class=\"aioseo-schema\">\n\t\t\t{\"@context\":\"https:\\\/\\\/schema.org\",\"@graph\":[{\"@type\":\"BlogPosting\",\"@id\":\"https:\\\/\\\/www.eldigitaldeasturias.com\\\/noticias\\\/mas-de-80-muertos-esta-semana-en-ataques-etnico-religiosos-en-nigeria\\\/#blogposting\",\"name\":\"M\\u00e1s de 80 muertos esta semana en ataques \\u00e9tnico-religiosos en Nigeria - El Digital de Asturias\",\"headline\":\"M\\u00e1s de 80 muertos esta semana en ataques \\u00e9tnico-religiosos en Nigeria\",\"author\":{\"@id\":\"https:\\\/\\\/www.eldigitaldeasturias.com\\\/noticias\\\/author\\\/admin\\\/#author\"},\"publisher\":{\"@id\":\"https:\\\/\\\/www.eldigitaldeasturias.com\\\/noticias\\\/#organization\"},\"image\":{\"@type\":\"ImageObject\",\"url\":486103},\"datePublished\":\"2014-02-07T21:37:47+01:00\",\"dateModified\":\"2014-02-07T21:37:47+01:00\",\"inLanguage\":\"es-ES\",\"mainEntityOfPage\":{\"@id\":\"https:\\\/\\\/www.eldigitaldeasturias.com\\\/noticias\\\/mas-de-80-muertos-esta-semana-en-ataques-etnico-religiosos-en-nigeria\\\/#webpage\"},\"isPartOf\":{\"@id\":\"https:\\\/\\\/www.eldigitaldeasturias.com\\\/noticias\\\/mas-de-80-muertos-esta-semana-en-ataques-etnico-religiosos-en-nigeria\\\/#webpage\"},\"articleSection\":\"Actualidad\"},{\"@type\":\"BreadcrumbList\",\"@id\":\"https:\\\/\\\/www.eldigitaldeasturias.com\\\/noticias\\\/mas-de-80-muertos-esta-semana-en-ataques-etnico-religiosos-en-nigeria\\\/#breadcrumblist\",\"itemListElement\":[{\"@type\":\"ListItem\",\"@id\":\"https:\\\/\\\/www.eldigitaldeasturias.com\\\/noticias#listItem\",\"position\":1,\"name\":\"Home\",\"item\":\"https:\\\/\\\/www.eldigitaldeasturias.com\\\/noticias\",\"nextItem\":{\"@type\":\"ListItem\",\"@id\":\"https:\\\/\\\/www.eldigitaldeasturias.com\\\/noticias\\\/category\\\/actualidad\\\/#listItem\",\"name\":\"Actualidad\"}},{\"@type\":\"ListItem\",\"@id\":\"https:\\\/\\\/www.eldigitaldeasturias.com\\\/noticias\\\/category\\\/actualidad\\\/#listItem\",\"position\":2,\"name\":\"Actualidad\",\"item\":\"https:\\\/\\\/www.eldigitaldeasturias.com\\\/noticias\\\/category\\\/actualidad\\\/\",\"nextItem\":{\"@type\":\"ListItem\",\"@id\":\"https:\\\/\\\/www.eldigitaldeasturias.com\\\/noticias\\\/mas-de-80-muertos-esta-semana-en-ataques-etnico-religiosos-en-nigeria\\\/#listItem\",\"name\":\"M\\u00e1s de 80 muertos esta semana en ataques \\u00e9tnico-religiosos en Nigeria\"},\"previousItem\":{\"@type\":\"ListItem\",\"@id\":\"https:\\\/\\\/www.eldigitaldeasturias.com\\\/noticias#listItem\",\"name\":\"Home\"}},{\"@type\":\"ListItem\",\"@id\":\"https:\\\/\\\/www.eldigitaldeasturias.com\\\/noticias\\\/mas-de-80-muertos-esta-semana-en-ataques-etnico-religiosos-en-nigeria\\\/#listItem\",\"position\":3,\"name\":\"M\\u00e1s de 80 muertos esta semana en ataques \\u00e9tnico-religiosos en Nigeria\",\"previousItem\":{\"@type\":\"ListItem\",\"@id\":\"https:\\\/\\\/www.eldigitaldeasturias.com\\\/noticias\\\/category\\\/actualidad\\\/#listItem\",\"name\":\"Actualidad\"}}]},{\"@type\":\"Organization\",\"@id\":\"https:\\\/\\\/www.eldigitaldeasturias.com\\\/noticias\\\/#organization\",\"name\":\"El Digital de Asturias\",\"description\":\"Hemeroteca\",\"url\":\"https:\\\/\\\/www.eldigitaldeasturias.com\\\/noticias\\\/\",\"email\":\"info@eldigitaldeasturias.com\",\"telephone\":\"+34652131393\",\"logo\":{\"@type\":\"ImageObject\",\"url\":\"https:\\\/\\\/www.eldigitaldeasturias.com\\\/noticias\\\/wp-content\\\/uploads\\\/2020\\\/12\\\/EDA.jpg\",\"@id\":\"https:\\\/\\\/www.eldigitaldeasturias.com\\\/noticias\\\/mas-de-80-muertos-esta-semana-en-ataques-etnico-religiosos-en-nigeria\\\/#organizationLogo\"},\"image\":{\"@id\":\"https:\\\/\\\/www.eldigitaldeasturias.com\\\/noticias\\\/mas-de-80-muertos-esta-semana-en-ataques-etnico-religiosos-en-nigeria\\\/#organizationLogo\"},\"sameAs\":[\"https:\\\/\\\/facebook.com\\\/eldigitaldeasturias\",\"https:\\\/\\\/www.youtube.com\\\/channel\\\/UCZP-2wLEB9Rv6erhFmqVnvg\"],\"address\":{\"@id\":\"https:\\\/\\\/www.eldigitaldeasturias.com\\\/noticias\\\/#postaladdress\",\"@type\":\"PostalAddress\",\"streetAddress\":\"san antonio 4\",\"postalCode\":\"33430\",\"addressLocality\":\"Cand\\u00e1s\",\"addressRegion\":\"Asturias\",\"addressCountry\":\"ES\"}},{\"@type\":\"Person\",\"@id\":\"https:\\\/\\\/www.eldigitaldeasturias.com\\\/noticias\\\/author\\\/admin\\\/#author\",\"url\":\"https:\\\/\\\/www.eldigitaldeasturias.com\\\/noticias\\\/author\\\/admin\\\/\",\"name\":\"El Digital de Asturias\",\"image\":{\"@type\":\"ImageObject\",\"@id\":\"https:\\\/\\\/www.eldigitaldeasturias.com\\\/noticias\\\/mas-de-80-muertos-esta-semana-en-ataques-etnico-religiosos-en-nigeria\\\/#authorImage\",\"url\":\"https:\\\/\\\/secure.gravatar.com\\\/avatar\\\/df2aeffc32bcd13f8d26072ef8a91b623d677766deac7f97ca815868cd41bf5e?s=96&d=mm&r=g\",\"width\":96,\"height\":96,\"caption\":\"El Digital de Asturias\"}},{\"@type\":\"WebPage\",\"@id\":\"https:\\\/\\\/www.eldigitaldeasturias.com\\\/noticias\\\/mas-de-80-muertos-esta-semana-en-ataques-etnico-religiosos-en-nigeria\\\/#webpage\",\"url\":\"https:\\\/\\\/www.eldigitaldeasturias.com\\\/noticias\\\/mas-de-80-muertos-esta-semana-en-ataques-etnico-religiosos-en-nigeria\\\/\",\"name\":\"M\\u00e1s de 80 muertos esta semana en ataques \\u00e9tnico-religiosos en Nigeria - El Digital de Asturias\",\"description\":\"Lagos, 7 feb (EFE).- El n\\u00famero de v\\u00edctimas en ataques \\u00e9tnico-religiosos en el centro de Nigeria super\\u00f3 los 80 muertos esta semana despu\\u00e9s de que ayer otras 22 personas fueran asesinadas en el Estado de Plateau, informaron hoy Efe residentes de la zona. Al menos 60 personas perdieron la vida el martes en enfrentamientos entre\",\"inLanguage\":\"es-ES\",\"isPartOf\":{\"@id\":\"https:\\\/\\\/www.eldigitaldeasturias.com\\\/noticias\\\/#website\"},\"breadcrumb\":{\"@id\":\"https:\\\/\\\/www.eldigitaldeasturias.com\\\/noticias\\\/mas-de-80-muertos-esta-semana-en-ataques-etnico-religiosos-en-nigeria\\\/#breadcrumblist\"},\"author\":{\"@id\":\"https:\\\/\\\/www.eldigitaldeasturias.com\\\/noticias\\\/author\\\/admin\\\/#author\"},\"creator\":{\"@id\":\"https:\\\/\\\/www.eldigitaldeasturias.com\\\/noticias\\\/author\\\/admin\\\/#author\"},\"image\":{\"@type\":\"ImageObject\",\"url\":486103,\"@id\":\"https:\\\/\\\/www.eldigitaldeasturias.com\\\/noticias\\\/mas-de-80-muertos-esta-semana-en-ataques-etnico-religiosos-en-nigeria\\\/#mainImage\"},\"primaryImageOfPage\":{\"@id\":\"https:\\\/\\\/www.eldigitaldeasturias.com\\\/noticias\\\/mas-de-80-muertos-esta-semana-en-ataques-etnico-religiosos-en-nigeria\\\/#mainImage\"},\"datePublished\":\"2014-02-07T21:37:47+01:00\",\"dateModified\":\"2014-02-07T21:37:47+01:00\"},{\"@type\":\"WebSite\",\"@id\":\"https:\\\/\\\/www.eldigitaldeasturias.com\\\/noticias\\\/#website\",\"url\":\"https:\\\/\\\/www.eldigitaldeasturias.com\\\/noticias\\\/\",\"name\":\"El Digital de Asturias - Diario de actualidad y noticias\",\"alternateName\":\"El Digital de Asturias - Diario de actualidad y noticias\",\"description\":\"Hemeroteca\",\"inLanguage\":\"es-ES\",\"publisher\":{\"@id\":\"https:\\\/\\\/www.eldigitaldeasturias.com\\\/noticias\\\/#organization\"}}]}\n\t\t<\/script>\n\t\t<!-- All in One SEO Pro -->\r\n\t\t<title>M\u00e1s de 80 muertos esta semana en ataques \u00e9tnico-religiosos en Nigeria - El Digital de Asturias<\/title>\n\n","aioseo_head_json":{"title":"M\u00e1s de 80 muertos esta semana en ataques \u00e9tnico-religiosos en Nigeria - El Digital de Asturias","description":"Lagos, 7 feb (EFE).- El n\u00famero de v\u00edctimas en ataques \u00e9tnico-religiosos en el centro de Nigeria super\u00f3 los 80 muertos esta semana despu\u00e9s de que ayer otras 22 personas fueran asesinadas en el Estado de Plateau, informaron hoy Efe residentes de la zona. Al menos 60 personas perdieron la vida el martes en enfrentamientos entre","canonical_url":"https:\/\/www.eldigitaldeasturias.com\/noticias\/mas-de-80-muertos-esta-semana-en-ataques-etnico-religiosos-en-nigeria\/","robots":"max-image-preview:large","keywords":"actualidad","webmasterTools":{"google-site-verification":"UA-38556648-1","msvalidate.01":"7dfe9f3f1b24437ab69f4f2559babe99","miscellaneous":""},"schema":{"@context":"https:\/\/schema.org","@graph":[{"@type":"BlogPosting","@id":"https:\/\/www.eldigitaldeasturias.com\/noticias\/mas-de-80-muertos-esta-semana-en-ataques-etnico-religiosos-en-nigeria\/#blogposting","name":"M\u00e1s de 80 muertos esta semana en ataques \u00e9tnico-religiosos en Nigeria - El Digital de Asturias","headline":"M\u00e1s de 80 muertos esta semana en ataques \u00e9tnico-religiosos en Nigeria","author":{"@id":"https:\/\/www.eldigitaldeasturias.com\/noticias\/author\/admin\/#author"},"publisher":{"@id":"https:\/\/www.eldigitaldeasturias.com\/noticias\/#organization"},"image":{"@type":"ImageObject","url":486103},"datePublished":"2014-02-07T21:37:47+01:00","dateModified":"2014-02-07T21:37:47+01:00","inLanguage":"es-ES","mainEntityOfPage":{"@id":"https:\/\/www.eldigitaldeasturias.com\/noticias\/mas-de-80-muertos-esta-semana-en-ataques-etnico-religiosos-en-nigeria\/#webpage"},"isPartOf":{"@id":"https:\/\/www.eldigitaldeasturias.com\/noticias\/mas-de-80-muertos-esta-semana-en-ataques-etnico-religiosos-en-nigeria\/#webpage"},"articleSection":"Actualidad"},{"@type":"BreadcrumbList","@id":"https:\/\/www.eldigitaldeasturias.com\/noticias\/mas-de-80-muertos-esta-semana-en-ataques-etnico-religiosos-en-nigeria\/#breadcrumblist","itemListElement":[{"@type":"ListItem","@id":"https:\/\/www.eldigitaldeasturias.com\/noticias#listItem","position":1,"name":"Home","item":"https:\/\/www.eldigitaldeasturias.com\/noticias","nextItem":{"@type":"ListItem","@id":"https:\/\/www.eldigitaldeasturias.com\/noticias\/category\/actualidad\/#listItem","name":"Actualidad"}},{"@type":"ListItem","@id":"https:\/\/www.eldigitaldeasturias.com\/noticias\/category\/actualidad\/#listItem","position":2,"name":"Actualidad","item":"https:\/\/www.eldigitaldeasturias.com\/noticias\/category\/actualidad\/","nextItem":{"@type":"ListItem","@id":"https:\/\/www.eldigitaldeasturias.com\/noticias\/mas-de-80-muertos-esta-semana-en-ataques-etnico-religiosos-en-nigeria\/#listItem","name":"M\u00e1s de 80 muertos esta semana en ataques \u00e9tnico-religiosos en Nigeria"},"previousItem":{"@type":"ListItem","@id":"https:\/\/www.eldigitaldeasturias.com\/noticias#listItem","name":"Home"}},{"@type":"ListItem","@id":"https:\/\/www.eldigitaldeasturias.com\/noticias\/mas-de-80-muertos-esta-semana-en-ataques-etnico-religiosos-en-nigeria\/#listItem","position":3,"name":"M\u00e1s de 80 muertos esta semana en ataques \u00e9tnico-religiosos en Nigeria","previousItem":{"@type":"ListItem","@id":"https:\/\/www.eldigitaldeasturias.com\/noticias\/category\/actualidad\/#listItem","name":"Actualidad"}}]},{"@type":"Organization","@id":"https:\/\/www.eldigitaldeasturias.com\/noticias\/#organization","name":"El Digital de Asturias","description":"Hemeroteca","url":"https:\/\/www.eldigitaldeasturias.com\/noticias\/","email":"info@eldigitaldeasturias.com","telephone":"+34652131393","logo":{"@type":"ImageObject","url":"https:\/\/www.eldigitaldeasturias.com\/noticias\/wp-content\/uploads\/2020\/12\/EDA.jpg","@id":"https:\/\/www.eldigitaldeasturias.com\/noticias\/mas-de-80-muertos-esta-semana-en-ataques-etnico-religiosos-en-nigeria\/#organizationLogo"},"image":{"@id":"https:\/\/www.eldigitaldeasturias.com\/noticias\/mas-de-80-muertos-esta-semana-en-ataques-etnico-religiosos-en-nigeria\/#organizationLogo"},"sameAs":["https:\/\/facebook.com\/eldigitaldeasturias","https:\/\/www.youtube.com\/channel\/UCZP-2wLEB9Rv6erhFmqVnvg"],"address":{"@id":"https:\/\/www.eldigitaldeasturias.com\/noticias\/#postaladdress","@type":"PostalAddress","streetAddress":"san antonio 4","postalCode":"33430","addressLocality":"Cand\u00e1s","addressRegion":"Asturias","addressCountry":"ES"}},{"@type":"Person","@id":"https:\/\/www.eldigitaldeasturias.com\/noticias\/author\/admin\/#author","url":"https:\/\/www.eldigitaldeasturias.com\/noticias\/author\/admin\/","name":"El Digital de Asturias","image":{"@type":"ImageObject","@id":"https:\/\/www.eldigitaldeasturias.com\/noticias\/mas-de-80-muertos-esta-semana-en-ataques-etnico-religiosos-en-nigeria\/#authorImage","url":"https:\/\/secure.gravatar.com\/avatar\/df2aeffc32bcd13f8d26072ef8a91b623d677766deac7f97ca815868cd41bf5e?s=96&d=mm&r=g","width":96,"height":96,"caption":"El Digital de Asturias"}},{"@type":"WebPage","@id":"https:\/\/www.eldigitaldeasturias.com\/noticias\/mas-de-80-muertos-esta-semana-en-ataques-etnico-religiosos-en-nigeria\/#webpage","url":"https:\/\/www.eldigitaldeasturias.com\/noticias\/mas-de-80-muertos-esta-semana-en-ataques-etnico-religiosos-en-nigeria\/","name":"M\u00e1s de 80 muertos esta semana en ataques \u00e9tnico-religiosos en Nigeria - El Digital de Asturias","description":"Lagos, 7 feb (EFE).- El n\u00famero de v\u00edctimas en ataques \u00e9tnico-religiosos en el centro de Nigeria super\u00f3 los 80 muertos esta semana despu\u00e9s de que ayer otras 22 personas fueran asesinadas en el Estado de Plateau, informaron hoy Efe residentes de la zona. Al menos 60 personas perdieron la vida el martes en enfrentamientos entre","inLanguage":"es-ES","isPartOf":{"@id":"https:\/\/www.eldigitaldeasturias.com\/noticias\/#website"},"breadcrumb":{"@id":"https:\/\/www.eldigitaldeasturias.com\/noticias\/mas-de-80-muertos-esta-semana-en-ataques-etnico-religiosos-en-nigeria\/#breadcrumblist"},"author":{"@id":"https:\/\/www.eldigitaldeasturias.com\/noticias\/author\/admin\/#author"},"creator":{"@id":"https:\/\/www.eldigitaldeasturias.com\/noticias\/author\/admin\/#author"},"image":{"@type":"ImageObject","url":486103,"@id":"https:\/\/www.eldigitaldeasturias.com\/noticias\/mas-de-80-muertos-esta-semana-en-ataques-etnico-religiosos-en-nigeria\/#mainImage"},"primaryImageOfPage":{"@id":"https:\/\/www.eldigitaldeasturias.com\/noticias\/mas-de-80-muertos-esta-semana-en-ataques-etnico-religiosos-en-nigeria\/#mainImage"},"datePublished":"2014-02-07T21:37:47+01:00","dateModified":"2014-02-07T21:37:47+01:00"},{"@type":"WebSite","@id":"https:\/\/www.eldigitaldeasturias.com\/noticias\/#website","url":"https:\/\/www.eldigitaldeasturias.com\/noticias\/","name":"El Digital de Asturias - Diario de actualidad y noticias","alternateName":"El Digital de Asturias - Diario de actualidad y noticias","description":"Hemeroteca","inLanguage":"es-ES","publisher":{"@id":"https:\/\/www.eldigitaldeasturias.com\/noticias\/#organization"}}]},"og:locale":"es_ES","og:site_name":"El Digital de Asturias","og:type":"article","og:title":"M\u00e1s de 80 muertos esta semana en ataques \u00e9tnico-religiosos en Nigeria - El Digital de Asturias","og:description":"Lagos, 7 feb (EFE).- El n\u00famero de v\u00edctimas en ataques \u00e9tnico-religiosos en el centro de Nigeria super\u00f3 los 80 muertos esta semana despu\u00e9s de que ayer otras 22 personas fueran asesinadas en el Estado de Plateau, informaron hoy Efe residentes de la zona. Al menos 60 personas perdieron la vida el martes en enfrentamientos entre","og:url":"https:\/\/www.eldigitaldeasturias.com\/noticias\/mas-de-80-muertos-esta-semana-en-ataques-etnico-religiosos-en-nigeria\/","article:tag":["actualidad"],"article:published_time":"2014-02-07T22:37:47+00:00","article:modified_time":"2014-02-07T22:37:47+00:00","article:publisher":"https:\/\/facebook.com\/eldigitaldeasturias","twitter:card":"summary_large_image","twitter:title":"M\u00e1s de 80 muertos esta semana en ataques \u00e9tnico-religiosos en Nigeria - El Digital de Asturias","twitter:description":"Lagos, 7 feb (EFE).- El n\u00famero de v\u00edctimas en ataques \u00e9tnico-religiosos en el centro de Nigeria super\u00f3 los 80 muertos esta semana despu\u00e9s de que ayer otras 22 personas fueran asesinadas en el Estado de Plateau, informaron hoy Efe residentes de la zona. Al menos 60 personas perdieron la vida el martes en enfrentamientos entre","twitter:label1":"Escrito por","twitter:data1":"El Digital de Asturias","twitter:label2":"Tiempo de lectura estimado","twitter:data2":"2 minutos"},"aioseo_meta_data":{"post_id":"486102","title":null,"description":null,"keywords":null,"keyphrases":null,"primary_term":null,"canonical_url":null,"og_title":null,"og_description":null,"og_object_type":"default","og_image_type":"default","og_image_url":null,"og_image_width":null,"og_image_height":null,"og_image_custom_url":null,"og_image_custom_fields":null,"og_video":null,"og_custom_url":null,"og_article_section":null,"og_article_tags":null,"twitter_use_og":true,"twitter_card":"default","twitter_image_type":"default","twitter_image_url":null,"twitter_image_custom_url":null,"twitter_image_custom_fields":null,"twitter_title":null,"twitter_description":null,"schema":{"blockGraphs":[],"customGraphs":[],"default":{"data":{"Article":[],"Course":[],"Dataset":[],"FAQPage":[],"Movie":[],"Person":[],"Product":[],"ProductReview":[],"Car":[],"Recipe":[],"Service":[],"SoftwareApplication":[],"WebPage":[]},"graphName":"","isEnabled":true},"graphs":[],"defaultGraph":"","defaultPostTypeGraph":""},"schema_type":null,"schema_type_options":null,"pillar_content":false,"robots_default":true,"robots_noindex":false,"robots_noarchive":false,"robots_nosnippet":false,"robots_nofollow":false,"robots_noimageindex":false,"robots_noodp":false,"robots_notranslate":false,"robots_max_snippet":null,"robots_max_videopreview":null,"robots_max_imagepreview":"none","priority":null,"frequency":null,"local_seo":null,"seo_analyzer_scan_date":"2026-06-02 23:25:50","breadcrumb_settings":null,"limit_modified_date":false,"open_ai":null,"ai":null,"created":"2020-11-14 22:56:03","updated":"2026-06-02 23:25:50","focus_keyword":null,"additional_keywords":null,"truseo_locale":null},"aioseo_breadcrumb":"<div class=\"aioseo-breadcrumbs\"><span class=\"aioseo-breadcrumb\">\n\t<a href=\"https:\/\/www.eldigitaldeasturias.com\/noticias\" title=\"Home\">Home<\/a>\n<\/span><span class=\"aioseo-breadcrumb-separator\">\u2013<\/span><span class=\"aioseo-breadcrumb\">\n\t<a href=\"https:\/\/www.eldigitaldeasturias.com\/noticias\/category\/actualidad\/\" title=\"Actualidad\">Actualidad<\/a>\n<\/span><span class=\"aioseo-breadcrumb-separator\">\u2013<\/span><span class=\"aioseo-breadcrumb\">\n\t<a href=\"https:\/\/www.eldigitaldeasturias.com\/noticias\/mas-de-80-muertos-esta-semana-en-ataques-etnico-religiosos-en-nigeria\/\" title=\"M\u00e1s de 80 muertos esta semana en ataques \u00e9tnico-religiosos en Nigeria\">M\u00e1s de 80 muertos esta semana en ataques \u00e9tnico-religiosos en Nigeria<\/a>\n<\/span><\/div>","aioseo_breadcrumb_json":[{"label":"Home","link":"https:\/\/www.eldigitaldeasturias.com\/noticias"},{"label":"Actualidad","link":"https:\/\/www.eldigitaldeasturias.com\/noticias\/category\/actualidad\/"},{"label":"M\u00e1s de 80 muertos esta semana en ataques \u00e9tnico-religiosos en Nigeria","link":"https:\/\/www.eldigitaldeasturias.com\/noticias\/mas-de-80-muertos-esta-semana-en-ataques-etnico-religiosos-en-nigeria\/"}],"_links":{"self":[{"href":"https:\/\/www.eldigitaldeasturias.com\/noticias\/wp-json\/wp\/v2\/posts\/486102","targetHints":{"allow":["GET"]}}],"collection":[{"href":"https:\/\/www.eldigitaldeasturias.com\/noticias\/wp-json\/wp\/v2\/posts"}],"about":[{"href":"https:\/\/www.eldigitaldeasturias.com\/noticias\/wp-json\/wp\/v2\/types\/post"}],"author":[{"embeddable":true,"href":"https:\/\/www.eldigitaldeasturias.com\/noticias\/wp-json\/wp\/v2\/users\/1"}],"replies":[{"embeddable":true,"href":"https:\/\/www.eldigitaldeasturias.com\/noticias\/wp-json\/wp\/v2\/comments?post=486102"}],"version-history":[{"count":0,"href":"https:\/\/www.eldigitaldeasturias.com\/noticias\/wp-json\/wp\/v2\/posts\/486102\/revisions"}],"wp:attachment":[{"href":"https:\/\/www.eldigitaldeasturias.com\/noticias\/wp-json\/wp\/v2\/media?parent=486102"}],"wp:term":[{"taxonomy":"category","embeddable":true,"href":"https:\/\/www.eldigitaldeasturias.com\/noticias\/wp-json\/wp\/v2\/categories?post=486102"},{"taxonomy":"post_tag","embeddable":true,"href":"https:\/\/www.eldigitaldeasturias.com\/noticias\/wp-json\/wp\/v2\/tags?post=486102"}],"curies":[{"name":"wp","href":"https:\/\/api.w.org\/{rel}","templated":true}]}}