{"id":486089,"date":"2014-02-07T21:18:18","date_gmt":"2014-02-07T22:18:18","guid":{"rendered":"http:\/\/www.eldigitaldeasturias.com\/noticias\/?p=486089"},"modified":"2014-02-07T21:18:18","modified_gmt":"2014-02-07T22:18:18","slug":"ana-botella-no-ve-mal-ir-a-formulas-de-eleccion-mas-abiertas-en-los-partidos","status":"publish","type":"post","link":"https:\/\/www.eldigitaldeasturias.com\/noticias\/ana-botella-no-ve-mal-ir-a-formulas-de-eleccion-mas-abiertas-en-los-partidos\/","title":{"rendered":"Ana Botella no ve mal ir a \u00abf\u00f3rmulas de elecci\u00f3n m\u00e1s abiertas\u00bb en los partidos"},"content":{"rendered":"<p><img loading=\"lazy\" decoding=\"async\" class=\"alignleft size-medium wp-image-486090\" alt=\"5919601w\" src=\"https:\/\/www.eldigitaldeasturias.com\/noticias\/wp-content\/uploads\/2014\/02\/5919601w-360x202.jpg\" width=\"360\" height=\"202\" \/>Madrid, 7 feb (EFE).- La alcaldesa de Madrid, Ana Botella, ha asegurado hoy que los nombramientos \u00aba dedo\u00bb en los partidos han tenido \u00abuna raz\u00f3n de ser\u00bb durante a\u00f1os, pero ha opinado que quiz\u00e1 es momento de ir hacia \u00abf\u00f3rmulas de elecci\u00f3n m\u00e1s abiertas\u00bb que permitan la \u00abpermeabilizaci\u00f3n\u00bb y den m\u00e1s oportunidades a la gente joven.<\/p>\n<p>En declaraciones a la Cope, Botella ha respondido as\u00ed al ser preguntada por las palabras de la presidenta del PP de Madrid, Esperanza Aguirre, que al referirse al PP andaluz dijo en Twitter que la militancia es quien debe elegir al candidato que cree que puede conseguir m\u00e1s votos y espet\u00f3: \u00abYa est\u00e1 bien de tanto dedo divino\u00bb.<\/p>\n<p>\u00abDurante a\u00f1os no ha habido unas primarias en los partidos, ella misma en distintas ocasiones ha sido elegida de la misma forma\u00bb, ha recordado Botella, que ha justificado esta forma de elecci\u00f3n porque al comenzar la democracia, cuando los partidos pol\u00edticos estaban consolid\u00e1ndose, \u00abten\u00eda una raz\u00f3n de ser\u00bb y \u00abprobablemente ese sistema era bueno\u00bb.<\/p>\n<p>Con todo, ha opinado que \u00abprobablemente\u00bb ahora sea momento de \u00abir a unos partidos m\u00e1s abiertos\u00bb, en los que \u00absea m\u00e1s f\u00e1cil la permeabilizaci\u00f3n\u00bb y donde la gente joven tenga \u00abm\u00e1s posibilidades\u00bb de ascender, para conjugar en las filas experiencia y renovaci\u00f3n.<\/p>\n<p>\u00abNo me parece mal que esa propuesta se lleve a un Congreso de un partido; me parecen bien las f\u00f3rmulas de elecci\u00f3n m\u00e1s abiertas\u00bb, ha insistido.<\/p>\n<p>Respecto a si repetir\u00e1 como candidata a la Alcald\u00eda de Madrid, Botella ha vuelto a afirmar que \u00e9sa no es una de sus \u00abpreocupaciones\u00bb, ya que est\u00e1 centrada en su labor al frente del Ayuntamiento y en resolver los problemas de la gente.<\/p>\n<p>\u00abNo voy a desperdiciar tiempo en peque\u00f1as cosillas, no me interesa, y adem\u00e1s tengo mucho trabajo, no me da tiempo\u00bb, ha reiterado.<\/p>\n<p>Tampoco ha querido opinar sobre las encuestas que sit\u00faan a unos u otros en la primera l\u00ednea para encabezar las listas electorales. \u00abAhora en las encuestas que veo no parece que nadie est\u00e9 en buenas condiciones y con muy buena valoraci\u00f3n\u00bb, ha dicho, antes de apuntar que \u00abcon los problemas que tienen los espa\u00f1oles\u00bb, la preocupaci\u00f3n de los pol\u00edticos debe ser resolver el paro y no entretenerse en \u00abcuestiones que no son determinantes\u00bb.<\/p>\n<p>Precisamente sobre la \u00faltima encuesta del CIS que arroja un suspenso a todos los l\u00edderes pol\u00edticos, Botella ha opinado que los encuestados no aprueban a ninguno porque \u00abpiensan que deber\u00edamos solucionar sus problemas y no lo estamos haciendo\u00bb.<\/p>\n<p>\u00abEn algo nos estamos equivocando todos cuando el resultado es \u00e9se\u00bb, ha dicho, antes de apuntar que \u00abtampoco se est\u00e1n viendo actuaciones ejemplarizantes\u00bb por parte de los dirigentes pol\u00edticos. \u00abHay que aplicarnos en ser ejemplares y solucionar los problemas de la gente\u00bb, ha recomendado.<\/p>\n","protected":false},"excerpt":{"rendered":"<p>Madrid, 7 feb (EFE).- La alcaldesa de Madrid, Ana Botella, ha asegurado hoy que los nombramientos \u00aba dedo\u00bb en los partidos han tenido \u00abuna raz\u00f3n de ser\u00bb durante a\u00f1os, pero ha opinado que quiz\u00e1 es momento de ir hacia \u00abf\u00f3rmulas de elecci\u00f3n m\u00e1s abiertas\u00bb que permitan la \u00abpermeabilizaci\u00f3n\u00bb y den m\u00e1s oportunidades a la gente [&hellip;]<\/p>\n","protected":false},"author":1,"featured_media":486090,"comment_status":"open","ping_status":"open","sticky":false,"template":"","format":"standard","meta":{"footnotes":""},"categories":[1],"tags":[],"class_list":["post-486089","post","type-post","status-publish","format-standard","has-post-thumbnail","hentry","category-actualidad"],"aioseo_notices":[],"aioseo_head":"\n\t\t<!-- All in One SEO Pro 5.0.1 - aioseo.com -->\n\t<meta name=\"description\" content=\"Madrid, 7 feb (EFE).- La alcaldesa de Madrid, Ana Botella, ha asegurado hoy que los nombramientos &quot;a dedo&quot; en los partidos han tenido &quot;una raz\u00f3n de ser&quot; durante a\u00f1os, pero ha opinado que quiz\u00e1 es momento de ir hacia &quot;f\u00f3rmulas de elecci\u00f3n m\u00e1s abiertas&quot; que permitan la &quot;permeabilizaci\u00f3n&quot; y den m\u00e1s oportunidades a la gente\" \/>\n\t<meta name=\"robots\" content=\"max-image-preview:large\" \/>\n\t<meta name=\"author\" content=\"El Digital de Asturias\"\/>\n\t<meta name=\"google-site-verification\" content=\"UA-38556648-1\" \/>\n\t<meta name=\"msvalidate.01\" content=\"7dfe9f3f1b24437ab69f4f2559babe99\" \/>\n\t<meta name=\"keywords\" content=\"actualidad\" \/>\n\t<link rel=\"canonical\" href=\"https:\/\/www.eldigitaldeasturias.com\/noticias\/ana-botella-no-ve-mal-ir-a-formulas-de-eleccion-mas-abiertas-en-los-partidos\/\" \/>\n\t<meta name=\"generator\" content=\"All in One SEO Pro (AIOSEO) 5.0.1\" \/>\n\t\t<meta property=\"og:locale\" content=\"es_ES\" \/>\n\t\t<meta property=\"og:site_name\" content=\"El Digital de Asturias\" \/>\n\t\t<meta property=\"og:type\" content=\"article\" \/>\n\t\t<meta property=\"og:title\" content=\"Ana Botella no ve mal ir a \u00abf\u00f3rmulas de elecci\u00f3n m\u00e1s abiertas\u00bb en los partidos - El Digital de Asturias\" \/>\n\t\t<meta property=\"og:description\" content=\"Madrid, 7 feb (EFE).- La alcaldesa de Madrid, Ana Botella, ha asegurado hoy que los nombramientos &quot;a dedo&quot; en los partidos han tenido &quot;una raz\u00f3n de ser&quot; durante a\u00f1os, pero ha opinado que quiz\u00e1 es momento de ir hacia &quot;f\u00f3rmulas de elecci\u00f3n m\u00e1s abiertas&quot; que permitan la &quot;permeabilizaci\u00f3n&quot; y den m\u00e1s oportunidades a la gente\" \/>\n\t\t<meta property=\"og:url\" content=\"https:\/\/www.eldigitaldeasturias.com\/noticias\/ana-botella-no-ve-mal-ir-a-formulas-de-eleccion-mas-abiertas-en-los-partidos\/\" \/>\n\t\t<meta property=\"article:tag\" content=\"actualidad\" \/>\n\t\t<meta property=\"article:published_time\" content=\"2014-02-07T22:18:18+00:00\" \/>\n\t\t<meta property=\"article:modified_time\" content=\"2014-02-07T22:18:18+00:00\" \/>\n\t\t<meta property=\"article:publisher\" content=\"https:\/\/facebook.com\/eldigitaldeasturias\" \/>\n\t\t<meta name=\"twitter:card\" content=\"summary_large_image\" \/>\n\t\t<meta name=\"twitter:title\" content=\"Ana Botella no ve mal ir a \u00abf\u00f3rmulas de elecci\u00f3n m\u00e1s abiertas\u00bb en los partidos - El Digital de Asturias\" \/>\n\t\t<meta name=\"twitter:description\" content=\"Madrid, 7 feb (EFE).- La alcaldesa de Madrid, Ana Botella, ha asegurado hoy que los nombramientos &quot;a dedo&quot; en los partidos han tenido &quot;una raz\u00f3n de ser&quot; durante a\u00f1os, pero ha opinado que quiz\u00e1 es momento de ir hacia &quot;f\u00f3rmulas de elecci\u00f3n m\u00e1s abiertas&quot; que permitan la &quot;permeabilizaci\u00f3n&quot; y den m\u00e1s oportunidades a la gente\" \/>\n\t\t<meta name=\"twitter:label1\" content=\"Escrito por\" \/>\n\t\t<meta name=\"twitter:data1\" content=\"El Digital de Asturias\" \/>\n\t\t<meta name=\"twitter:label2\" content=\"Tiempo de lectura estimado\" \/>\n\t\t<meta name=\"twitter:data2\" content=\"2 minutos\" \/>\n\t\t<script type=\"application\/ld+json\" class=\"aioseo-schema\">\n\t\t\t{\"@context\":\"https:\\\/\\\/schema.org\",\"@graph\":[{\"@type\":\"BlogPosting\",\"@id\":\"https:\\\/\\\/www.eldigitaldeasturias.com\\\/noticias\\\/ana-botella-no-ve-mal-ir-a-formulas-de-eleccion-mas-abiertas-en-los-partidos\\\/#blogposting\",\"name\":\"Ana Botella no ve mal ir a \\u00abf\\u00f3rmulas de elecci\\u00f3n m\\u00e1s abiertas\\u00bb en los partidos - El Digital de Asturias\",\"headline\":\"Ana Botella no ve mal ir a \\u00abf\\u00f3rmulas de elecci\\u00f3n m\\u00e1s abiertas\\u00bb en los partidos\",\"author\":{\"@id\":\"https:\\\/\\\/www.eldigitaldeasturias.com\\\/noticias\\\/author\\\/admin\\\/#author\"},\"publisher\":{\"@id\":\"https:\\\/\\\/www.eldigitaldeasturias.com\\\/noticias\\\/#organization\"},\"image\":{\"@type\":\"ImageObject\",\"url\":486090},\"datePublished\":\"2014-02-07T21:18:18+01:00\",\"dateModified\":\"2014-02-07T21:18:18+01:00\",\"inLanguage\":\"es-ES\",\"mainEntityOfPage\":{\"@id\":\"https:\\\/\\\/www.eldigitaldeasturias.com\\\/noticias\\\/ana-botella-no-ve-mal-ir-a-formulas-de-eleccion-mas-abiertas-en-los-partidos\\\/#webpage\"},\"isPartOf\":{\"@id\":\"https:\\\/\\\/www.eldigitaldeasturias.com\\\/noticias\\\/ana-botella-no-ve-mal-ir-a-formulas-de-eleccion-mas-abiertas-en-los-partidos\\\/#webpage\"},\"articleSection\":\"Actualidad\"},{\"@type\":\"BreadcrumbList\",\"@id\":\"https:\\\/\\\/www.eldigitaldeasturias.com\\\/noticias\\\/ana-botella-no-ve-mal-ir-a-formulas-de-eleccion-mas-abiertas-en-los-partidos\\\/#breadcrumblist\",\"itemListElement\":[{\"@type\":\"ListItem\",\"@id\":\"https:\\\/\\\/www.eldigitaldeasturias.com\\\/noticias#listItem\",\"position\":1,\"name\":\"Home\",\"item\":\"https:\\\/\\\/www.eldigitaldeasturias.com\\\/noticias\",\"nextItem\":{\"@type\":\"ListItem\",\"@id\":\"https:\\\/\\\/www.eldigitaldeasturias.com\\\/noticias\\\/category\\\/actualidad\\\/#listItem\",\"name\":\"Actualidad\"}},{\"@type\":\"ListItem\",\"@id\":\"https:\\\/\\\/www.eldigitaldeasturias.com\\\/noticias\\\/category\\\/actualidad\\\/#listItem\",\"position\":2,\"name\":\"Actualidad\",\"item\":\"https:\\\/\\\/www.eldigitaldeasturias.com\\\/noticias\\\/category\\\/actualidad\\\/\",\"nextItem\":{\"@type\":\"ListItem\",\"@id\":\"https:\\\/\\\/www.eldigitaldeasturias.com\\\/noticias\\\/ana-botella-no-ve-mal-ir-a-formulas-de-eleccion-mas-abiertas-en-los-partidos\\\/#listItem\",\"name\":\"Ana Botella no ve mal ir a \\u00abf\\u00f3rmulas de elecci\\u00f3n m\\u00e1s abiertas\\u00bb en los partidos\"},\"previousItem\":{\"@type\":\"ListItem\",\"@id\":\"https:\\\/\\\/www.eldigitaldeasturias.com\\\/noticias#listItem\",\"name\":\"Home\"}},{\"@type\":\"ListItem\",\"@id\":\"https:\\\/\\\/www.eldigitaldeasturias.com\\\/noticias\\\/ana-botella-no-ve-mal-ir-a-formulas-de-eleccion-mas-abiertas-en-los-partidos\\\/#listItem\",\"position\":3,\"name\":\"Ana Botella no ve mal ir a \\u00abf\\u00f3rmulas de elecci\\u00f3n m\\u00e1s abiertas\\u00bb en los partidos\",\"previousItem\":{\"@type\":\"ListItem\",\"@id\":\"https:\\\/\\\/www.eldigitaldeasturias.com\\\/noticias\\\/category\\\/actualidad\\\/#listItem\",\"name\":\"Actualidad\"}}]},{\"@type\":\"Organization\",\"@id\":\"https:\\\/\\\/www.eldigitaldeasturias.com\\\/noticias\\\/#organization\",\"name\":\"El Digital de Asturias\",\"description\":\"Hemeroteca\",\"url\":\"https:\\\/\\\/www.eldigitaldeasturias.com\\\/noticias\\\/\",\"email\":\"info@eldigitaldeasturias.com\",\"telephone\":\"+34652131393\",\"logo\":{\"@type\":\"ImageObject\",\"url\":\"https:\\\/\\\/www.eldigitaldeasturias.com\\\/noticias\\\/wp-content\\\/uploads\\\/2020\\\/12\\\/EDA.jpg\",\"@id\":\"https:\\\/\\\/www.eldigitaldeasturias.com\\\/noticias\\\/ana-botella-no-ve-mal-ir-a-formulas-de-eleccion-mas-abiertas-en-los-partidos\\\/#organizationLogo\"},\"image\":{\"@id\":\"https:\\\/\\\/www.eldigitaldeasturias.com\\\/noticias\\\/ana-botella-no-ve-mal-ir-a-formulas-de-eleccion-mas-abiertas-en-los-partidos\\\/#organizationLogo\"},\"sameAs\":[\"https:\\\/\\\/facebook.com\\\/eldigitaldeasturias\",\"https:\\\/\\\/www.youtube.com\\\/channel\\\/UCZP-2wLEB9Rv6erhFmqVnvg\"],\"address\":{\"@id\":\"https:\\\/\\\/www.eldigitaldeasturias.com\\\/noticias\\\/#postaladdress\",\"@type\":\"PostalAddress\",\"streetAddress\":\"san antonio 4\",\"postalCode\":\"33430\",\"addressLocality\":\"Cand\\u00e1s\",\"addressRegion\":\"Asturias\",\"addressCountry\":\"ES\"}},{\"@type\":\"Person\",\"@id\":\"https:\\\/\\\/www.eldigitaldeasturias.com\\\/noticias\\\/author\\\/admin\\\/#author\",\"url\":\"https:\\\/\\\/www.eldigitaldeasturias.com\\\/noticias\\\/author\\\/admin\\\/\",\"name\":\"El Digital de Asturias\",\"image\":{\"@type\":\"ImageObject\",\"@id\":\"https:\\\/\\\/www.eldigitaldeasturias.com\\\/noticias\\\/ana-botella-no-ve-mal-ir-a-formulas-de-eleccion-mas-abiertas-en-los-partidos\\\/#authorImage\",\"url\":\"https:\\\/\\\/secure.gravatar.com\\\/avatar\\\/df2aeffc32bcd13f8d26072ef8a91b623d677766deac7f97ca815868cd41bf5e?s=96&d=mm&r=g\",\"width\":96,\"height\":96,\"caption\":\"El Digital de Asturias\"}},{\"@type\":\"WebPage\",\"@id\":\"https:\\\/\\\/www.eldigitaldeasturias.com\\\/noticias\\\/ana-botella-no-ve-mal-ir-a-formulas-de-eleccion-mas-abiertas-en-los-partidos\\\/#webpage\",\"url\":\"https:\\\/\\\/www.eldigitaldeasturias.com\\\/noticias\\\/ana-botella-no-ve-mal-ir-a-formulas-de-eleccion-mas-abiertas-en-los-partidos\\\/\",\"name\":\"Ana Botella no ve mal ir a \\u00abf\\u00f3rmulas de elecci\\u00f3n m\\u00e1s abiertas\\u00bb en los partidos - El Digital de Asturias\",\"description\":\"Madrid, 7 feb (EFE).- La alcaldesa de Madrid, Ana Botella, ha asegurado hoy que los nombramientos \\\"a dedo\\\" en los partidos han tenido \\\"una raz\\u00f3n de ser\\\" durante a\\u00f1os, pero ha opinado que quiz\\u00e1 es momento de ir hacia \\\"f\\u00f3rmulas de elecci\\u00f3n m\\u00e1s abiertas\\\" que permitan la \\\"permeabilizaci\\u00f3n\\\" y den m\\u00e1s oportunidades a la gente\",\"inLanguage\":\"es-ES\",\"isPartOf\":{\"@id\":\"https:\\\/\\\/www.eldigitaldeasturias.com\\\/noticias\\\/#website\"},\"breadcrumb\":{\"@id\":\"https:\\\/\\\/www.eldigitaldeasturias.com\\\/noticias\\\/ana-botella-no-ve-mal-ir-a-formulas-de-eleccion-mas-abiertas-en-los-partidos\\\/#breadcrumblist\"},\"author\":{\"@id\":\"https:\\\/\\\/www.eldigitaldeasturias.com\\\/noticias\\\/author\\\/admin\\\/#author\"},\"creator\":{\"@id\":\"https:\\\/\\\/www.eldigitaldeasturias.com\\\/noticias\\\/author\\\/admin\\\/#author\"},\"image\":{\"@type\":\"ImageObject\",\"url\":486090,\"@id\":\"https:\\\/\\\/www.eldigitaldeasturias.com\\\/noticias\\\/ana-botella-no-ve-mal-ir-a-formulas-de-eleccion-mas-abiertas-en-los-partidos\\\/#mainImage\"},\"primaryImageOfPage\":{\"@id\":\"https:\\\/\\\/www.eldigitaldeasturias.com\\\/noticias\\\/ana-botella-no-ve-mal-ir-a-formulas-de-eleccion-mas-abiertas-en-los-partidos\\\/#mainImage\"},\"datePublished\":\"2014-02-07T21:18:18+01:00\",\"dateModified\":\"2014-02-07T21:18:18+01:00\"},{\"@type\":\"WebSite\",\"@id\":\"https:\\\/\\\/www.eldigitaldeasturias.com\\\/noticias\\\/#website\",\"url\":\"https:\\\/\\\/www.eldigitaldeasturias.com\\\/noticias\\\/\",\"name\":\"El Digital de Asturias - Diario de actualidad y noticias\",\"alternateName\":\"El Digital de Asturias - Diario de actualidad y noticias\",\"description\":\"Hemeroteca\",\"inLanguage\":\"es-ES\",\"publisher\":{\"@id\":\"https:\\\/\\\/www.eldigitaldeasturias.com\\\/noticias\\\/#organization\"}}]}\n\t\t<\/script>\n\t\t<!-- All in One SEO Pro -->\r\n\t\t<title>Ana Botella no ve mal ir a \u00abf\u00f3rmulas de elecci\u00f3n m\u00e1s abiertas\u00bb en los partidos - El Digital de Asturias<\/title>\n\n","aioseo_head_json":{"title":"Ana Botella no ve mal ir a \u00abf\u00f3rmulas de elecci\u00f3n m\u00e1s abiertas\u00bb en los partidos - El Digital de Asturias","description":"Madrid, 7 feb (EFE).- La alcaldesa de Madrid, Ana Botella, ha asegurado hoy que los nombramientos \"a dedo\" en los partidos han tenido \"una raz\u00f3n de ser\" durante a\u00f1os, pero ha opinado que quiz\u00e1 es momento de ir hacia \"f\u00f3rmulas de elecci\u00f3n m\u00e1s abiertas\" que permitan la \"permeabilizaci\u00f3n\" y den m\u00e1s oportunidades a la gente","canonical_url":"https:\/\/www.eldigitaldeasturias.com\/noticias\/ana-botella-no-ve-mal-ir-a-formulas-de-eleccion-mas-abiertas-en-los-partidos\/","robots":"max-image-preview:large","keywords":"actualidad","webmasterTools":{"google-site-verification":"UA-38556648-1","msvalidate.01":"7dfe9f3f1b24437ab69f4f2559babe99","miscellaneous":""},"schema":{"@context":"https:\/\/schema.org","@graph":[{"@type":"BlogPosting","@id":"https:\/\/www.eldigitaldeasturias.com\/noticias\/ana-botella-no-ve-mal-ir-a-formulas-de-eleccion-mas-abiertas-en-los-partidos\/#blogposting","name":"Ana Botella no ve mal ir a \u00abf\u00f3rmulas de elecci\u00f3n m\u00e1s abiertas\u00bb en los partidos - El Digital de Asturias","headline":"Ana Botella no ve mal ir a \u00abf\u00f3rmulas de elecci\u00f3n m\u00e1s abiertas\u00bb en los partidos","author":{"@id":"https:\/\/www.eldigitaldeasturias.com\/noticias\/author\/admin\/#author"},"publisher":{"@id":"https:\/\/www.eldigitaldeasturias.com\/noticias\/#organization"},"image":{"@type":"ImageObject","url":486090},"datePublished":"2014-02-07T21:18:18+01:00","dateModified":"2014-02-07T21:18:18+01:00","inLanguage":"es-ES","mainEntityOfPage":{"@id":"https:\/\/www.eldigitaldeasturias.com\/noticias\/ana-botella-no-ve-mal-ir-a-formulas-de-eleccion-mas-abiertas-en-los-partidos\/#webpage"},"isPartOf":{"@id":"https:\/\/www.eldigitaldeasturias.com\/noticias\/ana-botella-no-ve-mal-ir-a-formulas-de-eleccion-mas-abiertas-en-los-partidos\/#webpage"},"articleSection":"Actualidad"},{"@type":"BreadcrumbList","@id":"https:\/\/www.eldigitaldeasturias.com\/noticias\/ana-botella-no-ve-mal-ir-a-formulas-de-eleccion-mas-abiertas-en-los-partidos\/#breadcrumblist","itemListElement":[{"@type":"ListItem","@id":"https:\/\/www.eldigitaldeasturias.com\/noticias#listItem","position":1,"name":"Home","item":"https:\/\/www.eldigitaldeasturias.com\/noticias","nextItem":{"@type":"ListItem","@id":"https:\/\/www.eldigitaldeasturias.com\/noticias\/category\/actualidad\/#listItem","name":"Actualidad"}},{"@type":"ListItem","@id":"https:\/\/www.eldigitaldeasturias.com\/noticias\/category\/actualidad\/#listItem","position":2,"name":"Actualidad","item":"https:\/\/www.eldigitaldeasturias.com\/noticias\/category\/actualidad\/","nextItem":{"@type":"ListItem","@id":"https:\/\/www.eldigitaldeasturias.com\/noticias\/ana-botella-no-ve-mal-ir-a-formulas-de-eleccion-mas-abiertas-en-los-partidos\/#listItem","name":"Ana Botella no ve mal ir a \u00abf\u00f3rmulas de elecci\u00f3n m\u00e1s abiertas\u00bb en los partidos"},"previousItem":{"@type":"ListItem","@id":"https:\/\/www.eldigitaldeasturias.com\/noticias#listItem","name":"Home"}},{"@type":"ListItem","@id":"https:\/\/www.eldigitaldeasturias.com\/noticias\/ana-botella-no-ve-mal-ir-a-formulas-de-eleccion-mas-abiertas-en-los-partidos\/#listItem","position":3,"name":"Ana Botella no ve mal ir a \u00abf\u00f3rmulas de elecci\u00f3n m\u00e1s abiertas\u00bb en los partidos","previousItem":{"@type":"ListItem","@id":"https:\/\/www.eldigitaldeasturias.com\/noticias\/category\/actualidad\/#listItem","name":"Actualidad"}}]},{"@type":"Organization","@id":"https:\/\/www.eldigitaldeasturias.com\/noticias\/#organization","name":"El Digital de Asturias","description":"Hemeroteca","url":"https:\/\/www.eldigitaldeasturias.com\/noticias\/","email":"info@eldigitaldeasturias.com","telephone":"+34652131393","logo":{"@type":"ImageObject","url":"https:\/\/www.eldigitaldeasturias.com\/noticias\/wp-content\/uploads\/2020\/12\/EDA.jpg","@id":"https:\/\/www.eldigitaldeasturias.com\/noticias\/ana-botella-no-ve-mal-ir-a-formulas-de-eleccion-mas-abiertas-en-los-partidos\/#organizationLogo"},"image":{"@id":"https:\/\/www.eldigitaldeasturias.com\/noticias\/ana-botella-no-ve-mal-ir-a-formulas-de-eleccion-mas-abiertas-en-los-partidos\/#organizationLogo"},"sameAs":["https:\/\/facebook.com\/eldigitaldeasturias","https:\/\/www.youtube.com\/channel\/UCZP-2wLEB9Rv6erhFmqVnvg"],"address":{"@id":"https:\/\/www.eldigitaldeasturias.com\/noticias\/#postaladdress","@type":"PostalAddress","streetAddress":"san antonio 4","postalCode":"33430","addressLocality":"Cand\u00e1s","addressRegion":"Asturias","addressCountry":"ES"}},{"@type":"Person","@id":"https:\/\/www.eldigitaldeasturias.com\/noticias\/author\/admin\/#author","url":"https:\/\/www.eldigitaldeasturias.com\/noticias\/author\/admin\/","name":"El Digital de Asturias","image":{"@type":"ImageObject","@id":"https:\/\/www.eldigitaldeasturias.com\/noticias\/ana-botella-no-ve-mal-ir-a-formulas-de-eleccion-mas-abiertas-en-los-partidos\/#authorImage","url":"https:\/\/secure.gravatar.com\/avatar\/df2aeffc32bcd13f8d26072ef8a91b623d677766deac7f97ca815868cd41bf5e?s=96&d=mm&r=g","width":96,"height":96,"caption":"El Digital de Asturias"}},{"@type":"WebPage","@id":"https:\/\/www.eldigitaldeasturias.com\/noticias\/ana-botella-no-ve-mal-ir-a-formulas-de-eleccion-mas-abiertas-en-los-partidos\/#webpage","url":"https:\/\/www.eldigitaldeasturias.com\/noticias\/ana-botella-no-ve-mal-ir-a-formulas-de-eleccion-mas-abiertas-en-los-partidos\/","name":"Ana Botella no ve mal ir a \u00abf\u00f3rmulas de elecci\u00f3n m\u00e1s abiertas\u00bb en los partidos - El Digital de Asturias","description":"Madrid, 7 feb (EFE).- La alcaldesa de Madrid, Ana Botella, ha asegurado hoy que los nombramientos \"a dedo\" en los partidos han tenido \"una raz\u00f3n de ser\" durante a\u00f1os, pero ha opinado que quiz\u00e1 es momento de ir hacia \"f\u00f3rmulas de elecci\u00f3n m\u00e1s abiertas\" que permitan la \"permeabilizaci\u00f3n\" y den m\u00e1s oportunidades a la gente","inLanguage":"es-ES","isPartOf":{"@id":"https:\/\/www.eldigitaldeasturias.com\/noticias\/#website"},"breadcrumb":{"@id":"https:\/\/www.eldigitaldeasturias.com\/noticias\/ana-botella-no-ve-mal-ir-a-formulas-de-eleccion-mas-abiertas-en-los-partidos\/#breadcrumblist"},"author":{"@id":"https:\/\/www.eldigitaldeasturias.com\/noticias\/author\/admin\/#author"},"creator":{"@id":"https:\/\/www.eldigitaldeasturias.com\/noticias\/author\/admin\/#author"},"image":{"@type":"ImageObject","url":486090,"@id":"https:\/\/www.eldigitaldeasturias.com\/noticias\/ana-botella-no-ve-mal-ir-a-formulas-de-eleccion-mas-abiertas-en-los-partidos\/#mainImage"},"primaryImageOfPage":{"@id":"https:\/\/www.eldigitaldeasturias.com\/noticias\/ana-botella-no-ve-mal-ir-a-formulas-de-eleccion-mas-abiertas-en-los-partidos\/#mainImage"},"datePublished":"2014-02-07T21:18:18+01:00","dateModified":"2014-02-07T21:18:18+01:00"},{"@type":"WebSite","@id":"https:\/\/www.eldigitaldeasturias.com\/noticias\/#website","url":"https:\/\/www.eldigitaldeasturias.com\/noticias\/","name":"El Digital de Asturias - Diario de actualidad y noticias","alternateName":"El Digital de Asturias - Diario de actualidad y noticias","description":"Hemeroteca","inLanguage":"es-ES","publisher":{"@id":"https:\/\/www.eldigitaldeasturias.com\/noticias\/#organization"}}]},"og:locale":"es_ES","og:site_name":"El Digital de Asturias","og:type":"article","og:title":"Ana Botella no ve mal ir a \u00abf\u00f3rmulas de elecci\u00f3n m\u00e1s abiertas\u00bb en los partidos - El Digital de Asturias","og:description":"Madrid, 7 feb (EFE).- La alcaldesa de Madrid, Ana Botella, ha asegurado hoy que los nombramientos &quot;a dedo&quot; en los partidos han tenido &quot;una raz\u00f3n de ser&quot; durante a\u00f1os, pero ha opinado que quiz\u00e1 es momento de ir hacia &quot;f\u00f3rmulas de elecci\u00f3n m\u00e1s abiertas&quot; que permitan la &quot;permeabilizaci\u00f3n&quot; y den m\u00e1s oportunidades a la gente","og:url":"https:\/\/www.eldigitaldeasturias.com\/noticias\/ana-botella-no-ve-mal-ir-a-formulas-de-eleccion-mas-abiertas-en-los-partidos\/","article:tag":["actualidad"],"article:published_time":"2014-02-07T22:18:18+00:00","article:modified_time":"2014-02-07T22:18:18+00:00","article:publisher":"https:\/\/facebook.com\/eldigitaldeasturias","twitter:card":"summary_large_image","twitter:title":"Ana Botella no ve mal ir a \u00abf\u00f3rmulas de elecci\u00f3n m\u00e1s abiertas\u00bb en los partidos - El Digital de Asturias","twitter:description":"Madrid, 7 feb (EFE).- La alcaldesa de Madrid, Ana Botella, ha asegurado hoy que los nombramientos &quot;a dedo&quot; en los partidos han tenido &quot;una raz\u00f3n de ser&quot; durante a\u00f1os, pero ha opinado que quiz\u00e1 es momento de ir hacia &quot;f\u00f3rmulas de elecci\u00f3n m\u00e1s abiertas&quot; que permitan la &quot;permeabilizaci\u00f3n&quot; y den m\u00e1s oportunidades a la gente","twitter:label1":"Escrito por","twitter:data1":"El Digital de Asturias","twitter:label2":"Tiempo de lectura estimado","twitter:data2":"2 minutos"},"aioseo_meta_data":{"post_id":"486089","title":null,"description":null,"keywords":null,"keyphrases":null,"primary_term":null,"canonical_url":null,"og_title":null,"og_description":null,"og_object_type":"default","og_image_type":"default","og_image_url":null,"og_image_width":null,"og_image_height":null,"og_image_custom_url":null,"og_image_custom_fields":null,"og_video":null,"og_custom_url":null,"og_article_section":null,"og_article_tags":null,"twitter_use_og":true,"twitter_card":"default","twitter_image_type":"default","twitter_image_url":null,"twitter_image_custom_url":null,"twitter_image_custom_fields":null,"twitter_title":null,"twitter_description":null,"schema":{"blockGraphs":[],"customGraphs":[],"default":{"data":{"Article":[],"Course":[],"Dataset":[],"FAQPage":[],"Movie":[],"Person":[],"Product":[],"ProductReview":[],"Car":[],"Recipe":[],"Service":[],"SoftwareApplication":[],"WebPage":[]},"graphName":"","isEnabled":true},"graphs":[],"defaultGraph":"","defaultPostTypeGraph":""},"schema_type":null,"schema_type_options":null,"pillar_content":false,"robots_default":true,"robots_noindex":false,"robots_noarchive":false,"robots_nosnippet":false,"robots_nofollow":false,"robots_noimageindex":false,"robots_noodp":false,"robots_notranslate":false,"robots_max_snippet":null,"robots_max_videopreview":null,"robots_max_imagepreview":"none","priority":null,"frequency":null,"local_seo":null,"seo_analyzer_scan_date":"2026-06-02 23:22:52","breadcrumb_settings":null,"limit_modified_date":false,"open_ai":null,"ai":null,"created":"2020-11-14 22:56:02","updated":"2026-06-02 23:22:52","focus_keyword":null,"additional_keywords":null,"truseo_locale":null},"aioseo_breadcrumb":"<div class=\"aioseo-breadcrumbs\"><span class=\"aioseo-breadcrumb\">\n\t<a href=\"https:\/\/www.eldigitaldeasturias.com\/noticias\" title=\"Home\">Home<\/a>\n<\/span><span class=\"aioseo-breadcrumb-separator\">\u2013<\/span><span class=\"aioseo-breadcrumb\">\n\t<a href=\"https:\/\/www.eldigitaldeasturias.com\/noticias\/category\/actualidad\/\" title=\"Actualidad\">Actualidad<\/a>\n<\/span><span class=\"aioseo-breadcrumb-separator\">\u2013<\/span><span class=\"aioseo-breadcrumb\">\n\t<a href=\"https:\/\/www.eldigitaldeasturias.com\/noticias\/ana-botella-no-ve-mal-ir-a-formulas-de-eleccion-mas-abiertas-en-los-partidos\/\" title=\"Ana Botella no ve mal ir a \u00abf\u00f3rmulas de elecci\u00f3n m\u00e1s abiertas\u00bb en los partidos\">Ana Botella no ve mal ir a \u00abf\u00f3rmulas de elecci\u00f3n m\u00e1s abiertas\u00bb en los partidos<\/a>\n<\/span><\/div>","aioseo_breadcrumb_json":[{"label":"Home","link":"https:\/\/www.eldigitaldeasturias.com\/noticias"},{"label":"Actualidad","link":"https:\/\/www.eldigitaldeasturias.com\/noticias\/category\/actualidad\/"},{"label":"Ana Botella no ve mal ir a \u00abf\u00f3rmulas de elecci\u00f3n m\u00e1s abiertas\u00bb en los partidos","link":"https:\/\/www.eldigitaldeasturias.com\/noticias\/ana-botella-no-ve-mal-ir-a-formulas-de-eleccion-mas-abiertas-en-los-partidos\/"}],"_links":{"self":[{"href":"https:\/\/www.eldigitaldeasturias.com\/noticias\/wp-json\/wp\/v2\/posts\/486089","targetHints":{"allow":["GET"]}}],"collection":[{"href":"https:\/\/www.eldigitaldeasturias.com\/noticias\/wp-json\/wp\/v2\/posts"}],"about":[{"href":"https:\/\/www.eldigitaldeasturias.com\/noticias\/wp-json\/wp\/v2\/types\/post"}],"author":[{"embeddable":true,"href":"https:\/\/www.eldigitaldeasturias.com\/noticias\/wp-json\/wp\/v2\/users\/1"}],"replies":[{"embeddable":true,"href":"https:\/\/www.eldigitaldeasturias.com\/noticias\/wp-json\/wp\/v2\/comments?post=486089"}],"version-history":[{"count":0,"href":"https:\/\/www.eldigitaldeasturias.com\/noticias\/wp-json\/wp\/v2\/posts\/486089\/revisions"}],"wp:attachment":[{"href":"https:\/\/www.eldigitaldeasturias.com\/noticias\/wp-json\/wp\/v2\/media?parent=486089"}],"wp:term":[{"taxonomy":"category","embeddable":true,"href":"https:\/\/www.eldigitaldeasturias.com\/noticias\/wp-json\/wp\/v2\/categories?post=486089"},{"taxonomy":"post_tag","embeddable":true,"href":"https:\/\/www.eldigitaldeasturias.com\/noticias\/wp-json\/wp\/v2\/tags?post=486089"}],"curies":[{"name":"wp","href":"https:\/\/api.w.org\/{rel}","templated":true}]}}