{"id":486086,"date":"2014-02-07T21:16:58","date_gmt":"2014-02-07T22:16:58","guid":{"rendered":"http:\/\/www.eldigitaldeasturias.com\/noticias\/?p=486086"},"modified":"2014-02-07T21:16:58","modified_gmt":"2014-02-07T22:16:58","slug":"andalucia-presentara-este-mes-un-recurso-de-inconstitucionalidad-contra-la-lomce","status":"publish","type":"post","link":"https:\/\/www.eldigitaldeasturias.com\/noticias\/andalucia-presentara-este-mes-un-recurso-de-inconstitucionalidad-contra-la-lomce\/","title":{"rendered":"Andaluc\u00eda presentar\u00e1 este mes un recurso de inconstitucionalidad contra la Lomce"},"content":{"rendered":"<p><img loading=\"lazy\" decoding=\"async\" class=\"alignleft size-medium wp-image-486087\" alt=\"5920151w\" src=\"https:\/\/www.eldigitaldeasturias.com\/noticias\/wp-content\/uploads\/2014\/02\/5920151w-360x214.jpg\" width=\"360\" height=\"214\" \/>Sevilla, 7 feb (EFE).- El consejero de Educaci\u00f3n, Cultura y Deporte, Luciano Alonso, ha anunciado hoy que la Junta de Andaluc\u00eda presentar\u00e1 antes de final de febrero el recurso de inconstitucionalidad contra la Lomce, al considerar que invade las competencias e interfiere en el Estatuto de Autonom\u00eda.<\/p>\n<p>En una conferencia de prensa, Alonso ha criticado la ley de reforma educativa y al ministro de Educaci\u00f3n, Jos\u00e9 Ignacio Wert, al que ha acusado de \u00abponer parches\u00bb e \u00abir con prisas\u00bb con una ley \u00abplagada de errores t\u00e9cnicos\u00bb y que es \u00abinviable\u00bb implantar en solo tres a\u00f1os, comenzando su aplicaci\u00f3n dentro de cinco meses.<\/p>\n<p>\u00abAndaluc\u00eda se rebela\u00bb, ha dicho el consejero, quien ha advertido: \u00abNo vamos a ser insumisos, pero vamos a aplicar el Estatuto de Autonom\u00eda\u00bb, y ha anunciado que se mantendr\u00e1 la asignatura de Educaci\u00f3n para la Ciudadan\u00eda, el programa de gratuidad de libros de texto que sean \u00abconforme a la norma auton\u00f3mica\u00bb, que a la asignatura de religi\u00f3n se dedicar\u00e1 \u00abel tiempo m\u00ednimo exigible\u00bb y que no se financiar\u00e1n con fondos p\u00fablicos colegios segregados por sexos.<\/p>\n<p>Alonso tambi\u00e9n ha anunciado medidas de \u00abrefuerzo educativo\u00bb para que los alumnos que aprueben en Bachillerato y no superen la rev\u00e1lida puedan seguir estudiando, y ha a\u00f1adido sobre esos casos que \u00abEuropa los quiere pero el ministro Wert, no\u00bb, en alusi\u00f3n a que se d\u00e9 el caso de un alumno con el Bachiller aprobado, pero sin t\u00edtulo por no haber superado la rev\u00e1lida.<\/p>\n<p>El consejero, que ha garantizado que se mantendr\u00e1n los conciertos con los colegios privados, ha se\u00f1alado que \u00abse priorizar\u00e1 lo p\u00fablico\u00bb, y que las evaluaciones finales se efectuar\u00e1n con los criterios de los centros educativos y ser\u00e1n llevadas a cabo por su profesorado y que \u00abno se publicar\u00e1n a modo de r\u00e1nking\u00bb.<\/p>\n<p>Alonso ha garantizado el \u00abequilibrio en la escolarizaci\u00f3n del alumnado con necesidades especiales\u00bb tanto en los baremos de ingreso en los centros p\u00fablicos como en los concertados, y ha insistido en que todas estas medidas con las que pretende \u00abpaliar los efectos negativos\u00bb de la ley Wert est\u00e1n amparadas por la Ley de Educaci\u00f3n de Andaluc\u00eda y por el Estatuto de Autonom\u00eda, que prev\u00e9, entre otras medidas, la gratuidad de los libros de texto.<\/p>\n","protected":false},"excerpt":{"rendered":"<p>Sevilla, 7 feb (EFE).- El consejero de Educaci\u00f3n, Cultura y Deporte, Luciano Alonso, ha anunciado hoy que la Junta de Andaluc\u00eda presentar\u00e1 antes de final de febrero el recurso de inconstitucionalidad contra la Lomce, al considerar que invade las competencias e interfiere en el Estatuto de Autonom\u00eda. En una conferencia de prensa, Alonso ha criticado [&hellip;]<\/p>\n","protected":false},"author":1,"featured_media":486087,"comment_status":"open","ping_status":"open","sticky":false,"template":"","format":"standard","meta":{"footnotes":""},"categories":[1],"tags":[],"class_list":["post-486086","post","type-post","status-publish","format-standard","has-post-thumbnail","hentry","category-actualidad"],"aioseo_notices":[],"aioseo_head":"\n\t\t<!-- All in One SEO Pro 5.0.1 - aioseo.com -->\n\t<meta name=\"description\" content=\"Sevilla, 7 feb (EFE).- El consejero de Educaci\u00f3n, Cultura y Deporte, Luciano Alonso, ha anunciado hoy que la Junta de Andaluc\u00eda presentar\u00e1 antes de final de febrero el recurso de inconstitucionalidad contra la Lomce, al considerar que invade las competencias e interfiere en el Estatuto de Autonom\u00eda. En una conferencia de prensa, Alonso ha criticado\" \/>\n\t<meta name=\"robots\" content=\"max-image-preview:large\" \/>\n\t<meta name=\"author\" content=\"El Digital de Asturias\"\/>\n\t<meta name=\"google-site-verification\" content=\"UA-38556648-1\" \/>\n\t<meta name=\"msvalidate.01\" content=\"7dfe9f3f1b24437ab69f4f2559babe99\" \/>\n\t<meta name=\"keywords\" content=\"actualidad\" \/>\n\t<link rel=\"canonical\" href=\"https:\/\/www.eldigitaldeasturias.com\/noticias\/andalucia-presentara-este-mes-un-recurso-de-inconstitucionalidad-contra-la-lomce\/\" \/>\n\t<meta name=\"generator\" content=\"All in One SEO Pro (AIOSEO) 5.0.1\" \/>\n\t\t<meta property=\"og:locale\" content=\"es_ES\" \/>\n\t\t<meta property=\"og:site_name\" content=\"El Digital de Asturias\" \/>\n\t\t<meta property=\"og:type\" content=\"article\" \/>\n\t\t<meta property=\"og:title\" content=\"Andaluc\u00eda presentar\u00e1 este mes un recurso de inconstitucionalidad contra la Lomce - El Digital de Asturias\" \/>\n\t\t<meta property=\"og:description\" content=\"Sevilla, 7 feb (EFE).- El consejero de Educaci\u00f3n, Cultura y Deporte, Luciano Alonso, ha anunciado hoy que la Junta de Andaluc\u00eda presentar\u00e1 antes de final de febrero el recurso de inconstitucionalidad contra la Lomce, al considerar que invade las competencias e interfiere en el Estatuto de Autonom\u00eda. En una conferencia de prensa, Alonso ha criticado\" \/>\n\t\t<meta property=\"og:url\" content=\"https:\/\/www.eldigitaldeasturias.com\/noticias\/andalucia-presentara-este-mes-un-recurso-de-inconstitucionalidad-contra-la-lomce\/\" \/>\n\t\t<meta property=\"article:tag\" content=\"actualidad\" \/>\n\t\t<meta property=\"article:published_time\" content=\"2014-02-07T22:16:58+00:00\" \/>\n\t\t<meta property=\"article:modified_time\" content=\"2014-02-07T22:16:58+00:00\" \/>\n\t\t<meta property=\"article:publisher\" content=\"https:\/\/facebook.com\/eldigitaldeasturias\" \/>\n\t\t<meta name=\"twitter:card\" content=\"summary_large_image\" \/>\n\t\t<meta name=\"twitter:title\" content=\"Andaluc\u00eda presentar\u00e1 este mes un recurso de inconstitucionalidad contra la Lomce - El Digital de Asturias\" \/>\n\t\t<meta name=\"twitter:description\" content=\"Sevilla, 7 feb (EFE).- El consejero de Educaci\u00f3n, Cultura y Deporte, Luciano Alonso, ha anunciado hoy que la Junta de Andaluc\u00eda presentar\u00e1 antes de final de febrero el recurso de inconstitucionalidad contra la Lomce, al considerar que invade las competencias e interfiere en el Estatuto de Autonom\u00eda. En una conferencia de prensa, Alonso ha criticado\" \/>\n\t\t<meta name=\"twitter:label1\" content=\"Escrito por\" \/>\n\t\t<meta name=\"twitter:data1\" content=\"El Digital de Asturias\" \/>\n\t\t<meta name=\"twitter:label2\" content=\"Tiempo de lectura estimado\" \/>\n\t\t<meta name=\"twitter:data2\" content=\"2 minutos\" \/>\n\t\t<script type=\"application\/ld+json\" class=\"aioseo-schema\">\n\t\t\t{\"@context\":\"https:\\\/\\\/schema.org\",\"@graph\":[{\"@type\":\"BlogPosting\",\"@id\":\"https:\\\/\\\/www.eldigitaldeasturias.com\\\/noticias\\\/andalucia-presentara-este-mes-un-recurso-de-inconstitucionalidad-contra-la-lomce\\\/#blogposting\",\"name\":\"Andaluc\\u00eda presentar\\u00e1 este mes un recurso de inconstitucionalidad contra la Lomce - El Digital de Asturias\",\"headline\":\"Andaluc\\u00eda presentar\\u00e1 este mes un recurso de inconstitucionalidad contra la Lomce\",\"author\":{\"@id\":\"https:\\\/\\\/www.eldigitaldeasturias.com\\\/noticias\\\/author\\\/admin\\\/#author\"},\"publisher\":{\"@id\":\"https:\\\/\\\/www.eldigitaldeasturias.com\\\/noticias\\\/#organization\"},\"image\":{\"@type\":\"ImageObject\",\"url\":486087},\"datePublished\":\"2014-02-07T21:16:58+01:00\",\"dateModified\":\"2014-02-07T21:16:58+01:00\",\"inLanguage\":\"es-ES\",\"mainEntityOfPage\":{\"@id\":\"https:\\\/\\\/www.eldigitaldeasturias.com\\\/noticias\\\/andalucia-presentara-este-mes-un-recurso-de-inconstitucionalidad-contra-la-lomce\\\/#webpage\"},\"isPartOf\":{\"@id\":\"https:\\\/\\\/www.eldigitaldeasturias.com\\\/noticias\\\/andalucia-presentara-este-mes-un-recurso-de-inconstitucionalidad-contra-la-lomce\\\/#webpage\"},\"articleSection\":\"Actualidad\"},{\"@type\":\"BreadcrumbList\",\"@id\":\"https:\\\/\\\/www.eldigitaldeasturias.com\\\/noticias\\\/andalucia-presentara-este-mes-un-recurso-de-inconstitucionalidad-contra-la-lomce\\\/#breadcrumblist\",\"itemListElement\":[{\"@type\":\"ListItem\",\"@id\":\"https:\\\/\\\/www.eldigitaldeasturias.com\\\/noticias#listItem\",\"position\":1,\"name\":\"Home\",\"item\":\"https:\\\/\\\/www.eldigitaldeasturias.com\\\/noticias\",\"nextItem\":{\"@type\":\"ListItem\",\"@id\":\"https:\\\/\\\/www.eldigitaldeasturias.com\\\/noticias\\\/category\\\/actualidad\\\/#listItem\",\"name\":\"Actualidad\"}},{\"@type\":\"ListItem\",\"@id\":\"https:\\\/\\\/www.eldigitaldeasturias.com\\\/noticias\\\/category\\\/actualidad\\\/#listItem\",\"position\":2,\"name\":\"Actualidad\",\"item\":\"https:\\\/\\\/www.eldigitaldeasturias.com\\\/noticias\\\/category\\\/actualidad\\\/\",\"nextItem\":{\"@type\":\"ListItem\",\"@id\":\"https:\\\/\\\/www.eldigitaldeasturias.com\\\/noticias\\\/andalucia-presentara-este-mes-un-recurso-de-inconstitucionalidad-contra-la-lomce\\\/#listItem\",\"name\":\"Andaluc\\u00eda presentar\\u00e1 este mes un recurso de inconstitucionalidad contra la Lomce\"},\"previousItem\":{\"@type\":\"ListItem\",\"@id\":\"https:\\\/\\\/www.eldigitaldeasturias.com\\\/noticias#listItem\",\"name\":\"Home\"}},{\"@type\":\"ListItem\",\"@id\":\"https:\\\/\\\/www.eldigitaldeasturias.com\\\/noticias\\\/andalucia-presentara-este-mes-un-recurso-de-inconstitucionalidad-contra-la-lomce\\\/#listItem\",\"position\":3,\"name\":\"Andaluc\\u00eda presentar\\u00e1 este mes un recurso de inconstitucionalidad contra la Lomce\",\"previousItem\":{\"@type\":\"ListItem\",\"@id\":\"https:\\\/\\\/www.eldigitaldeasturias.com\\\/noticias\\\/category\\\/actualidad\\\/#listItem\",\"name\":\"Actualidad\"}}]},{\"@type\":\"Organization\",\"@id\":\"https:\\\/\\\/www.eldigitaldeasturias.com\\\/noticias\\\/#organization\",\"name\":\"El Digital de Asturias\",\"description\":\"Hemeroteca\",\"url\":\"https:\\\/\\\/www.eldigitaldeasturias.com\\\/noticias\\\/\",\"email\":\"info@eldigitaldeasturias.com\",\"telephone\":\"+34652131393\",\"logo\":{\"@type\":\"ImageObject\",\"url\":\"https:\\\/\\\/www.eldigitaldeasturias.com\\\/noticias\\\/wp-content\\\/uploads\\\/2020\\\/12\\\/EDA.jpg\",\"@id\":\"https:\\\/\\\/www.eldigitaldeasturias.com\\\/noticias\\\/andalucia-presentara-este-mes-un-recurso-de-inconstitucionalidad-contra-la-lomce\\\/#organizationLogo\"},\"image\":{\"@id\":\"https:\\\/\\\/www.eldigitaldeasturias.com\\\/noticias\\\/andalucia-presentara-este-mes-un-recurso-de-inconstitucionalidad-contra-la-lomce\\\/#organizationLogo\"},\"sameAs\":[\"https:\\\/\\\/facebook.com\\\/eldigitaldeasturias\",\"https:\\\/\\\/www.youtube.com\\\/channel\\\/UCZP-2wLEB9Rv6erhFmqVnvg\"],\"address\":{\"@id\":\"https:\\\/\\\/www.eldigitaldeasturias.com\\\/noticias\\\/#postaladdress\",\"@type\":\"PostalAddress\",\"streetAddress\":\"san antonio 4\",\"postalCode\":\"33430\",\"addressLocality\":\"Cand\\u00e1s\",\"addressRegion\":\"Asturias\",\"addressCountry\":\"ES\"}},{\"@type\":\"Person\",\"@id\":\"https:\\\/\\\/www.eldigitaldeasturias.com\\\/noticias\\\/author\\\/admin\\\/#author\",\"url\":\"https:\\\/\\\/www.eldigitaldeasturias.com\\\/noticias\\\/author\\\/admin\\\/\",\"name\":\"El Digital de Asturias\",\"image\":{\"@type\":\"ImageObject\",\"@id\":\"https:\\\/\\\/www.eldigitaldeasturias.com\\\/noticias\\\/andalucia-presentara-este-mes-un-recurso-de-inconstitucionalidad-contra-la-lomce\\\/#authorImage\",\"url\":\"https:\\\/\\\/secure.gravatar.com\\\/avatar\\\/df2aeffc32bcd13f8d26072ef8a91b623d677766deac7f97ca815868cd41bf5e?s=96&d=mm&r=g\",\"width\":96,\"height\":96,\"caption\":\"El Digital de Asturias\"}},{\"@type\":\"WebPage\",\"@id\":\"https:\\\/\\\/www.eldigitaldeasturias.com\\\/noticias\\\/andalucia-presentara-este-mes-un-recurso-de-inconstitucionalidad-contra-la-lomce\\\/#webpage\",\"url\":\"https:\\\/\\\/www.eldigitaldeasturias.com\\\/noticias\\\/andalucia-presentara-este-mes-un-recurso-de-inconstitucionalidad-contra-la-lomce\\\/\",\"name\":\"Andaluc\\u00eda presentar\\u00e1 este mes un recurso de inconstitucionalidad contra la Lomce - El Digital de Asturias\",\"description\":\"Sevilla, 7 feb (EFE).- El consejero de Educaci\\u00f3n, Cultura y Deporte, Luciano Alonso, ha anunciado hoy que la Junta de Andaluc\\u00eda presentar\\u00e1 antes de final de febrero el recurso de inconstitucionalidad contra la Lomce, al considerar que invade las competencias e interfiere en el Estatuto de Autonom\\u00eda. En una conferencia de prensa, Alonso ha criticado\",\"inLanguage\":\"es-ES\",\"isPartOf\":{\"@id\":\"https:\\\/\\\/www.eldigitaldeasturias.com\\\/noticias\\\/#website\"},\"breadcrumb\":{\"@id\":\"https:\\\/\\\/www.eldigitaldeasturias.com\\\/noticias\\\/andalucia-presentara-este-mes-un-recurso-de-inconstitucionalidad-contra-la-lomce\\\/#breadcrumblist\"},\"author\":{\"@id\":\"https:\\\/\\\/www.eldigitaldeasturias.com\\\/noticias\\\/author\\\/admin\\\/#author\"},\"creator\":{\"@id\":\"https:\\\/\\\/www.eldigitaldeasturias.com\\\/noticias\\\/author\\\/admin\\\/#author\"},\"image\":{\"@type\":\"ImageObject\",\"url\":486087,\"@id\":\"https:\\\/\\\/www.eldigitaldeasturias.com\\\/noticias\\\/andalucia-presentara-este-mes-un-recurso-de-inconstitucionalidad-contra-la-lomce\\\/#mainImage\"},\"primaryImageOfPage\":{\"@id\":\"https:\\\/\\\/www.eldigitaldeasturias.com\\\/noticias\\\/andalucia-presentara-este-mes-un-recurso-de-inconstitucionalidad-contra-la-lomce\\\/#mainImage\"},\"datePublished\":\"2014-02-07T21:16:58+01:00\",\"dateModified\":\"2014-02-07T21:16:58+01:00\"},{\"@type\":\"WebSite\",\"@id\":\"https:\\\/\\\/www.eldigitaldeasturias.com\\\/noticias\\\/#website\",\"url\":\"https:\\\/\\\/www.eldigitaldeasturias.com\\\/noticias\\\/\",\"name\":\"El Digital de Asturias - Diario de actualidad y noticias\",\"alternateName\":\"El Digital de Asturias - Diario de actualidad y noticias\",\"description\":\"Hemeroteca\",\"inLanguage\":\"es-ES\",\"publisher\":{\"@id\":\"https:\\\/\\\/www.eldigitaldeasturias.com\\\/noticias\\\/#organization\"}}]}\n\t\t<\/script>\n\t\t<!-- All in One SEO Pro -->\r\n\t\t<title>Andaluc\u00eda presentar\u00e1 este mes un recurso de inconstitucionalidad contra la Lomce - El Digital de Asturias<\/title>\n\n","aioseo_head_json":{"title":"Andaluc\u00eda presentar\u00e1 este mes un recurso de inconstitucionalidad contra la Lomce - El Digital de Asturias","description":"Sevilla, 7 feb (EFE).- El consejero de Educaci\u00f3n, Cultura y Deporte, Luciano Alonso, ha anunciado hoy que la Junta de Andaluc\u00eda presentar\u00e1 antes de final de febrero el recurso de inconstitucionalidad contra la Lomce, al considerar que invade las competencias e interfiere en el Estatuto de Autonom\u00eda. En una conferencia de prensa, Alonso ha criticado","canonical_url":"https:\/\/www.eldigitaldeasturias.com\/noticias\/andalucia-presentara-este-mes-un-recurso-de-inconstitucionalidad-contra-la-lomce\/","robots":"max-image-preview:large","keywords":"actualidad","webmasterTools":{"google-site-verification":"UA-38556648-1","msvalidate.01":"7dfe9f3f1b24437ab69f4f2559babe99","miscellaneous":""},"schema":{"@context":"https:\/\/schema.org","@graph":[{"@type":"BlogPosting","@id":"https:\/\/www.eldigitaldeasturias.com\/noticias\/andalucia-presentara-este-mes-un-recurso-de-inconstitucionalidad-contra-la-lomce\/#blogposting","name":"Andaluc\u00eda presentar\u00e1 este mes un recurso de inconstitucionalidad contra la Lomce - El Digital de Asturias","headline":"Andaluc\u00eda presentar\u00e1 este mes un recurso de inconstitucionalidad contra la Lomce","author":{"@id":"https:\/\/www.eldigitaldeasturias.com\/noticias\/author\/admin\/#author"},"publisher":{"@id":"https:\/\/www.eldigitaldeasturias.com\/noticias\/#organization"},"image":{"@type":"ImageObject","url":486087},"datePublished":"2014-02-07T21:16:58+01:00","dateModified":"2014-02-07T21:16:58+01:00","inLanguage":"es-ES","mainEntityOfPage":{"@id":"https:\/\/www.eldigitaldeasturias.com\/noticias\/andalucia-presentara-este-mes-un-recurso-de-inconstitucionalidad-contra-la-lomce\/#webpage"},"isPartOf":{"@id":"https:\/\/www.eldigitaldeasturias.com\/noticias\/andalucia-presentara-este-mes-un-recurso-de-inconstitucionalidad-contra-la-lomce\/#webpage"},"articleSection":"Actualidad"},{"@type":"BreadcrumbList","@id":"https:\/\/www.eldigitaldeasturias.com\/noticias\/andalucia-presentara-este-mes-un-recurso-de-inconstitucionalidad-contra-la-lomce\/#breadcrumblist","itemListElement":[{"@type":"ListItem","@id":"https:\/\/www.eldigitaldeasturias.com\/noticias#listItem","position":1,"name":"Home","item":"https:\/\/www.eldigitaldeasturias.com\/noticias","nextItem":{"@type":"ListItem","@id":"https:\/\/www.eldigitaldeasturias.com\/noticias\/category\/actualidad\/#listItem","name":"Actualidad"}},{"@type":"ListItem","@id":"https:\/\/www.eldigitaldeasturias.com\/noticias\/category\/actualidad\/#listItem","position":2,"name":"Actualidad","item":"https:\/\/www.eldigitaldeasturias.com\/noticias\/category\/actualidad\/","nextItem":{"@type":"ListItem","@id":"https:\/\/www.eldigitaldeasturias.com\/noticias\/andalucia-presentara-este-mes-un-recurso-de-inconstitucionalidad-contra-la-lomce\/#listItem","name":"Andaluc\u00eda presentar\u00e1 este mes un recurso de inconstitucionalidad contra la Lomce"},"previousItem":{"@type":"ListItem","@id":"https:\/\/www.eldigitaldeasturias.com\/noticias#listItem","name":"Home"}},{"@type":"ListItem","@id":"https:\/\/www.eldigitaldeasturias.com\/noticias\/andalucia-presentara-este-mes-un-recurso-de-inconstitucionalidad-contra-la-lomce\/#listItem","position":3,"name":"Andaluc\u00eda presentar\u00e1 este mes un recurso de inconstitucionalidad contra la Lomce","previousItem":{"@type":"ListItem","@id":"https:\/\/www.eldigitaldeasturias.com\/noticias\/category\/actualidad\/#listItem","name":"Actualidad"}}]},{"@type":"Organization","@id":"https:\/\/www.eldigitaldeasturias.com\/noticias\/#organization","name":"El Digital de Asturias","description":"Hemeroteca","url":"https:\/\/www.eldigitaldeasturias.com\/noticias\/","email":"info@eldigitaldeasturias.com","telephone":"+34652131393","logo":{"@type":"ImageObject","url":"https:\/\/www.eldigitaldeasturias.com\/noticias\/wp-content\/uploads\/2020\/12\/EDA.jpg","@id":"https:\/\/www.eldigitaldeasturias.com\/noticias\/andalucia-presentara-este-mes-un-recurso-de-inconstitucionalidad-contra-la-lomce\/#organizationLogo"},"image":{"@id":"https:\/\/www.eldigitaldeasturias.com\/noticias\/andalucia-presentara-este-mes-un-recurso-de-inconstitucionalidad-contra-la-lomce\/#organizationLogo"},"sameAs":["https:\/\/facebook.com\/eldigitaldeasturias","https:\/\/www.youtube.com\/channel\/UCZP-2wLEB9Rv6erhFmqVnvg"],"address":{"@id":"https:\/\/www.eldigitaldeasturias.com\/noticias\/#postaladdress","@type":"PostalAddress","streetAddress":"san antonio 4","postalCode":"33430","addressLocality":"Cand\u00e1s","addressRegion":"Asturias","addressCountry":"ES"}},{"@type":"Person","@id":"https:\/\/www.eldigitaldeasturias.com\/noticias\/author\/admin\/#author","url":"https:\/\/www.eldigitaldeasturias.com\/noticias\/author\/admin\/","name":"El Digital de Asturias","image":{"@type":"ImageObject","@id":"https:\/\/www.eldigitaldeasturias.com\/noticias\/andalucia-presentara-este-mes-un-recurso-de-inconstitucionalidad-contra-la-lomce\/#authorImage","url":"https:\/\/secure.gravatar.com\/avatar\/df2aeffc32bcd13f8d26072ef8a91b623d677766deac7f97ca815868cd41bf5e?s=96&d=mm&r=g","width":96,"height":96,"caption":"El Digital de Asturias"}},{"@type":"WebPage","@id":"https:\/\/www.eldigitaldeasturias.com\/noticias\/andalucia-presentara-este-mes-un-recurso-de-inconstitucionalidad-contra-la-lomce\/#webpage","url":"https:\/\/www.eldigitaldeasturias.com\/noticias\/andalucia-presentara-este-mes-un-recurso-de-inconstitucionalidad-contra-la-lomce\/","name":"Andaluc\u00eda presentar\u00e1 este mes un recurso de inconstitucionalidad contra la Lomce - El Digital de Asturias","description":"Sevilla, 7 feb (EFE).- El consejero de Educaci\u00f3n, Cultura y Deporte, Luciano Alonso, ha anunciado hoy que la Junta de Andaluc\u00eda presentar\u00e1 antes de final de febrero el recurso de inconstitucionalidad contra la Lomce, al considerar que invade las competencias e interfiere en el Estatuto de Autonom\u00eda. En una conferencia de prensa, Alonso ha criticado","inLanguage":"es-ES","isPartOf":{"@id":"https:\/\/www.eldigitaldeasturias.com\/noticias\/#website"},"breadcrumb":{"@id":"https:\/\/www.eldigitaldeasturias.com\/noticias\/andalucia-presentara-este-mes-un-recurso-de-inconstitucionalidad-contra-la-lomce\/#breadcrumblist"},"author":{"@id":"https:\/\/www.eldigitaldeasturias.com\/noticias\/author\/admin\/#author"},"creator":{"@id":"https:\/\/www.eldigitaldeasturias.com\/noticias\/author\/admin\/#author"},"image":{"@type":"ImageObject","url":486087,"@id":"https:\/\/www.eldigitaldeasturias.com\/noticias\/andalucia-presentara-este-mes-un-recurso-de-inconstitucionalidad-contra-la-lomce\/#mainImage"},"primaryImageOfPage":{"@id":"https:\/\/www.eldigitaldeasturias.com\/noticias\/andalucia-presentara-este-mes-un-recurso-de-inconstitucionalidad-contra-la-lomce\/#mainImage"},"datePublished":"2014-02-07T21:16:58+01:00","dateModified":"2014-02-07T21:16:58+01:00"},{"@type":"WebSite","@id":"https:\/\/www.eldigitaldeasturias.com\/noticias\/#website","url":"https:\/\/www.eldigitaldeasturias.com\/noticias\/","name":"El Digital de Asturias - Diario de actualidad y noticias","alternateName":"El Digital de Asturias - Diario de actualidad y noticias","description":"Hemeroteca","inLanguage":"es-ES","publisher":{"@id":"https:\/\/www.eldigitaldeasturias.com\/noticias\/#organization"}}]},"og:locale":"es_ES","og:site_name":"El Digital de Asturias","og:type":"article","og:title":"Andaluc\u00eda presentar\u00e1 este mes un recurso de inconstitucionalidad contra la Lomce - El Digital de Asturias","og:description":"Sevilla, 7 feb (EFE).- El consejero de Educaci\u00f3n, Cultura y Deporte, Luciano Alonso, ha anunciado hoy que la Junta de Andaluc\u00eda presentar\u00e1 antes de final de febrero el recurso de inconstitucionalidad contra la Lomce, al considerar que invade las competencias e interfiere en el Estatuto de Autonom\u00eda. En una conferencia de prensa, Alonso ha criticado","og:url":"https:\/\/www.eldigitaldeasturias.com\/noticias\/andalucia-presentara-este-mes-un-recurso-de-inconstitucionalidad-contra-la-lomce\/","article:tag":["actualidad"],"article:published_time":"2014-02-07T22:16:58+00:00","article:modified_time":"2014-02-07T22:16:58+00:00","article:publisher":"https:\/\/facebook.com\/eldigitaldeasturias","twitter:card":"summary_large_image","twitter:title":"Andaluc\u00eda presentar\u00e1 este mes un recurso de inconstitucionalidad contra la Lomce - El Digital de Asturias","twitter:description":"Sevilla, 7 feb (EFE).- El consejero de Educaci\u00f3n, Cultura y Deporte, Luciano Alonso, ha anunciado hoy que la Junta de Andaluc\u00eda presentar\u00e1 antes de final de febrero el recurso de inconstitucionalidad contra la Lomce, al considerar que invade las competencias e interfiere en el Estatuto de Autonom\u00eda. En una conferencia de prensa, Alonso ha criticado","twitter:label1":"Escrito por","twitter:data1":"El Digital de Asturias","twitter:label2":"Tiempo de lectura estimado","twitter:data2":"2 minutos"},"aioseo_meta_data":{"post_id":"486086","title":null,"description":null,"keywords":null,"keyphrases":null,"primary_term":null,"canonical_url":null,"og_title":null,"og_description":null,"og_object_type":"default","og_image_type":"default","og_image_url":null,"og_image_width":null,"og_image_height":null,"og_image_custom_url":null,"og_image_custom_fields":null,"og_video":null,"og_custom_url":null,"og_article_section":null,"og_article_tags":null,"twitter_use_og":true,"twitter_card":"default","twitter_image_type":"default","twitter_image_url":null,"twitter_image_custom_url":null,"twitter_image_custom_fields":null,"twitter_title":null,"twitter_description":null,"schema":{"blockGraphs":[],"customGraphs":[],"default":{"data":{"Article":[],"Course":[],"Dataset":[],"FAQPage":[],"Movie":[],"Person":[],"Product":[],"ProductReview":[],"Car":[],"Recipe":[],"Service":[],"SoftwareApplication":[],"WebPage":[]},"graphName":"","isEnabled":true},"graphs":[],"defaultGraph":"","defaultPostTypeGraph":""},"schema_type":null,"schema_type_options":null,"pillar_content":false,"robots_default":true,"robots_noindex":false,"robots_noarchive":false,"robots_nosnippet":false,"robots_nofollow":false,"robots_noimageindex":false,"robots_noodp":false,"robots_notranslate":false,"robots_max_snippet":null,"robots_max_videopreview":null,"robots_max_imagepreview":"none","priority":null,"frequency":null,"local_seo":null,"seo_analyzer_scan_date":"2026-06-02 23:22:51","breadcrumb_settings":null,"limit_modified_date":false,"open_ai":null,"ai":null,"created":"2020-11-14 22:56:02","updated":"2026-06-02 23:22:51","focus_keyword":null,"additional_keywords":null,"truseo_locale":null},"aioseo_breadcrumb":"<div class=\"aioseo-breadcrumbs\"><span class=\"aioseo-breadcrumb\">\n\t<a href=\"https:\/\/www.eldigitaldeasturias.com\/noticias\" title=\"Home\">Home<\/a>\n<\/span><span class=\"aioseo-breadcrumb-separator\">\u2013<\/span><span class=\"aioseo-breadcrumb\">\n\t<a href=\"https:\/\/www.eldigitaldeasturias.com\/noticias\/category\/actualidad\/\" title=\"Actualidad\">Actualidad<\/a>\n<\/span><span class=\"aioseo-breadcrumb-separator\">\u2013<\/span><span class=\"aioseo-breadcrumb\">\n\t<a href=\"https:\/\/www.eldigitaldeasturias.com\/noticias\/andalucia-presentara-este-mes-un-recurso-de-inconstitucionalidad-contra-la-lomce\/\" title=\"Andaluc\u00eda presentar\u00e1 este mes un recurso de inconstitucionalidad contra la Lomce\">Andaluc\u00eda presentar\u00e1 este mes un recurso de inconstitucionalidad contra la Lomce<\/a>\n<\/span><\/div>","aioseo_breadcrumb_json":[{"label":"Home","link":"https:\/\/www.eldigitaldeasturias.com\/noticias"},{"label":"Actualidad","link":"https:\/\/www.eldigitaldeasturias.com\/noticias\/category\/actualidad\/"},{"label":"Andaluc\u00eda presentar\u00e1 este mes un recurso de inconstitucionalidad contra la Lomce","link":"https:\/\/www.eldigitaldeasturias.com\/noticias\/andalucia-presentara-este-mes-un-recurso-de-inconstitucionalidad-contra-la-lomce\/"}],"_links":{"self":[{"href":"https:\/\/www.eldigitaldeasturias.com\/noticias\/wp-json\/wp\/v2\/posts\/486086","targetHints":{"allow":["GET"]}}],"collection":[{"href":"https:\/\/www.eldigitaldeasturias.com\/noticias\/wp-json\/wp\/v2\/posts"}],"about":[{"href":"https:\/\/www.eldigitaldeasturias.com\/noticias\/wp-json\/wp\/v2\/types\/post"}],"author":[{"embeddable":true,"href":"https:\/\/www.eldigitaldeasturias.com\/noticias\/wp-json\/wp\/v2\/users\/1"}],"replies":[{"embeddable":true,"href":"https:\/\/www.eldigitaldeasturias.com\/noticias\/wp-json\/wp\/v2\/comments?post=486086"}],"version-history":[{"count":0,"href":"https:\/\/www.eldigitaldeasturias.com\/noticias\/wp-json\/wp\/v2\/posts\/486086\/revisions"}],"wp:attachment":[{"href":"https:\/\/www.eldigitaldeasturias.com\/noticias\/wp-json\/wp\/v2\/media?parent=486086"}],"wp:term":[{"taxonomy":"category","embeddable":true,"href":"https:\/\/www.eldigitaldeasturias.com\/noticias\/wp-json\/wp\/v2\/categories?post=486086"},{"taxonomy":"post_tag","embeddable":true,"href":"https:\/\/www.eldigitaldeasturias.com\/noticias\/wp-json\/wp\/v2\/tags?post=486086"}],"curies":[{"name":"wp","href":"https:\/\/api.w.org\/{rel}","templated":true}]}}