{"id":486071,"date":"2014-02-07T21:05:34","date_gmt":"2014-02-07T22:05:34","guid":{"rendered":"http:\/\/www.eldigitaldeasturias.com\/noticias\/?p=486071"},"modified":"2014-02-07T21:05:34","modified_gmt":"2014-02-07T22:05:34","slug":"lombardi-dice-que-el-informe-de-la-onu-es-anomalo-y-se-ha-extralimitado","status":"publish","type":"post","link":"https:\/\/www.eldigitaldeasturias.com\/noticias\/lombardi-dice-que-el-informe-de-la-onu-es-anomalo-y-se-ha-extralimitado\/","title":{"rendered":"Lombardi dice que el informe de la ONU es \u00aban\u00f3malo\u00bb y se ha extralimitado"},"content":{"rendered":"<p><img loading=\"lazy\" decoding=\"async\" class=\"alignleft size-medium wp-image-486072\" alt=\"5920081w\" src=\"https:\/\/www.eldigitaldeasturias.com\/noticias\/wp-content\/uploads\/2014\/02\/5920081w-360x235.jpg\" width=\"360\" height=\"235\" \/>Ciudad del Vaticano, 7 feb (EFE).- El portavoz del Vaticano, Federico Lombardi, tach\u00f3 hoy de \u00aban\u00f3malo\u00bb y de \u00abir m\u00e1s all\u00e1 de sus competencias\u00bb el informe del Comit\u00e9 de la ONU sobre los Derechos del Ni\u00f1o en el que se critica la conducta de la Santa Sede en los casos de abusos sexuales contra ni\u00f1os por parte de sacerdotes.<\/p>\n<p>Lombardi public\u00f3 hoy un art\u00edculo en la p\u00e1gina web de Radio Vaticano en el que asegura que no hay \u00abenfrentamiento\u00bb alguno entre Naciones Unidas y el Vaticano, y que la Santa Sede continuar\u00e1 su compromiso para que se aplique la Convenci\u00f3n de Derechos de la Infancia y mantendr\u00e1 un di\u00e1logo abierto y constructivo con todos los organismos.<\/p>\n<p>No obstante, destaca que el informe publicado el pasado mi\u00e9rcoles contiene \u00abgraves l\u00edmites\u00bb, pues no han tenido en cuenta las respuestas escritas y orales que los representantes de la Santa Sede han dado sobre ese tema.<\/p>\n<p>El portavoz vaticano argumenta que esto hace pensar que el informe estuviese \u00abpr\u00e1cticamente ya escrito o por lo menos netamente enfocado\u00bb antes de la audici\u00f3n que la Santa Sede realiz\u00f3 para el Comit\u00e9, con sede en Ginebra, el pasado 16 de enero.<\/p>\n<p>Para Lombardi \u00abes grave\u00bb que no se haya comprendido \u00abla naturaleza espec\u00edfica de la Santa Sede\u00bb, ya que es \u00abuna realidad diferente a la del resto de los Estados\u00bb.<\/p>\n<p>\u00ab\u00bfNo son capaces de entenderlo o no lo quieren entender?\u00bb, se pregunta en su art\u00edculo, que a\u00f1ade que en ambos casos el tema \u00absorprende\u00bb.<\/p>\n<p>Para el portavoz, \u00abse ha dado mayor atenci\u00f3n a las organizaciones no gubernamentales (ONG), con prejuicios negativos hacia la Iglesia cat\u00f3lica y a la Santa Sede, que a la posici\u00f3n de \u00e9sta, firmante de la Convenci\u00f3n y que siempre ha estado disponible a un profundo dialogo con el Comit\u00e9\u00bb.<\/p>\n<p>Lombardi afirma que es \u00abt\u00edpico\u00bb de estas organizaciones \u00abno reconocer todo lo que ha hecho la Santa Sede y la Iglesia en los recientes a\u00f1os, como reconocer errores, renovar las normativas y desarrollar medidas formativas y preventivas\u00bb.<\/p>\n<p>\u00abNinguna organizaci\u00f3n o instituci\u00f3n ha hecho esto, pero no es lo que emerge leyendo el documento en cuesti\u00f3n\u00bb, acusa el portavoz.<\/p>\n<p>\u00abLo m\u00e1s grave\u00bb para el jesuita, tambi\u00e9n director de Radio Vaticano, es que \u00ablas observaciones han ido m\u00e1s all\u00e1 de sus competencias e interfieren en las posiciones doctrinales y morales de la Iglesia cat\u00f3lica, dando valoraciones morales sobre la contracepci\u00f3n, el aborto o la educaci\u00f3n en las familias y la visi\u00f3n de la sexualidad humana\u00bb.<\/p>\n<p>Adem\u00e1s, observa Lombardi, \u00abel tono, el desarrollo y la publicidad dado al Comit\u00e9 y a su documento son absolutamente an\u00f3malos respecto al normal procedimiento con otros pa\u00edses\u00bb.<\/p>\n<p>Critica la \u00abatenci\u00f3n medi\u00e1tica, injustamente nociva\u00bb, que recibi\u00f3 la Santa Sede, aunque reconoce que tambi\u00e9n el Comit\u00e9 ha sido ampliamente criticado.<\/p>\n<p>En el informe se critica al Vaticano por no haber reconocido nunca \u00abla amplitud de los cr\u00edmenes\u00bb de abuso sexual contra ni\u00f1os por parte de sacerdotes y le acusa de adoptar \u00abpol\u00edticas y pr\u00e1cticas que llevaron a la continuaci\u00f3n de los abusos y a la impunidad de los responsables\u00bb.<\/p>\n<p>El Comit\u00e9 tambi\u00e9n afirma que el Vaticano no tom\u00f3 \u00ablas medidas necesarias\u00bb para atender estos casos y proteger a los menores, y se pide que se entregue a la Justicia a los responsables de estos cr\u00edmenes.<\/p>\n<p>Tambi\u00e9n reprueba severamente al Vaticano por sus actitudes hacia la homosexualidad, la planificaci\u00f3n familiar y el aborto, y pide que se revisen sus pol\u00edticas para asegurar que se protejan los derechos de los ni\u00f1os y su acceso a la salud.<\/p>\n","protected":false},"excerpt":{"rendered":"<p>Ciudad del Vaticano, 7 feb (EFE).- El portavoz del Vaticano, Federico Lombardi, tach\u00f3 hoy de \u00aban\u00f3malo\u00bb y de \u00abir m\u00e1s all\u00e1 de sus competencias\u00bb el informe del Comit\u00e9 de la ONU sobre los Derechos del Ni\u00f1o en el que se critica la conducta de la Santa Sede en los casos de abusos sexuales contra ni\u00f1os [&hellip;]<\/p>\n","protected":false},"author":1,"featured_media":486072,"comment_status":"open","ping_status":"open","sticky":false,"template":"","format":"standard","meta":{"footnotes":""},"categories":[1],"tags":[],"class_list":["post-486071","post","type-post","status-publish","format-standard","has-post-thumbnail","hentry","category-actualidad"],"aioseo_notices":[],"aioseo_head":"\n\t\t<!-- All in One SEO Pro 5.0.1 - aioseo.com -->\n\t<meta name=\"description\" content=\"Ciudad del Vaticano, 7 feb (EFE).- El portavoz del Vaticano, Federico Lombardi, tach\u00f3 hoy de &quot;an\u00f3malo&quot; y de &quot;ir m\u00e1s all\u00e1 de sus competencias&quot; el informe del Comit\u00e9 de la ONU sobre los Derechos del Ni\u00f1o en el que se critica la conducta de la Santa Sede en los casos de abusos sexuales contra ni\u00f1os\" \/>\n\t<meta name=\"robots\" content=\"max-image-preview:large\" \/>\n\t<meta name=\"author\" content=\"El Digital de Asturias\"\/>\n\t<meta name=\"google-site-verification\" content=\"UA-38556648-1\" \/>\n\t<meta name=\"msvalidate.01\" content=\"7dfe9f3f1b24437ab69f4f2559babe99\" \/>\n\t<meta name=\"keywords\" content=\"actualidad\" \/>\n\t<link rel=\"canonical\" href=\"https:\/\/www.eldigitaldeasturias.com\/noticias\/lombardi-dice-que-el-informe-de-la-onu-es-anomalo-y-se-ha-extralimitado\/\" \/>\n\t<meta name=\"generator\" content=\"All in One SEO Pro (AIOSEO) 5.0.1\" \/>\n\t\t<meta property=\"og:locale\" content=\"es_ES\" \/>\n\t\t<meta property=\"og:site_name\" content=\"El Digital de Asturias\" \/>\n\t\t<meta property=\"og:type\" content=\"article\" \/>\n\t\t<meta property=\"og:title\" content=\"Lombardi dice que el informe de la ONU es \u00aban\u00f3malo\u00bb y se ha extralimitado - El Digital de Asturias\" \/>\n\t\t<meta property=\"og:description\" content=\"Ciudad del Vaticano, 7 feb (EFE).- El portavoz del Vaticano, Federico Lombardi, tach\u00f3 hoy de &quot;an\u00f3malo&quot; y de &quot;ir m\u00e1s all\u00e1 de sus competencias&quot; el informe del Comit\u00e9 de la ONU sobre los Derechos del Ni\u00f1o en el que se critica la conducta de la Santa Sede en los casos de abusos sexuales contra ni\u00f1os\" \/>\n\t\t<meta property=\"og:url\" content=\"https:\/\/www.eldigitaldeasturias.com\/noticias\/lombardi-dice-que-el-informe-de-la-onu-es-anomalo-y-se-ha-extralimitado\/\" \/>\n\t\t<meta property=\"article:tag\" content=\"actualidad\" \/>\n\t\t<meta property=\"article:published_time\" content=\"2014-02-07T22:05:34+00:00\" \/>\n\t\t<meta property=\"article:modified_time\" content=\"2014-02-07T22:05:34+00:00\" \/>\n\t\t<meta property=\"article:publisher\" content=\"https:\/\/facebook.com\/eldigitaldeasturias\" \/>\n\t\t<meta name=\"twitter:card\" content=\"summary_large_image\" \/>\n\t\t<meta name=\"twitter:title\" content=\"Lombardi dice que el informe de la ONU es \u00aban\u00f3malo\u00bb y se ha extralimitado - El Digital de Asturias\" \/>\n\t\t<meta name=\"twitter:description\" content=\"Ciudad del Vaticano, 7 feb (EFE).- El portavoz del Vaticano, Federico Lombardi, tach\u00f3 hoy de &quot;an\u00f3malo&quot; y de &quot;ir m\u00e1s all\u00e1 de sus competencias&quot; el informe del Comit\u00e9 de la ONU sobre los Derechos del Ni\u00f1o en el que se critica la conducta de la Santa Sede en los casos de abusos sexuales contra ni\u00f1os\" \/>\n\t\t<meta name=\"twitter:label1\" content=\"Escrito por\" \/>\n\t\t<meta name=\"twitter:data1\" content=\"El Digital de Asturias\" \/>\n\t\t<meta name=\"twitter:label2\" content=\"Tiempo de lectura estimado\" \/>\n\t\t<meta name=\"twitter:data2\" content=\"3 minutos\" \/>\n\t\t<script type=\"application\/ld+json\" class=\"aioseo-schema\">\n\t\t\t{\"@context\":\"https:\\\/\\\/schema.org\",\"@graph\":[{\"@type\":\"BlogPosting\",\"@id\":\"https:\\\/\\\/www.eldigitaldeasturias.com\\\/noticias\\\/lombardi-dice-que-el-informe-de-la-onu-es-anomalo-y-se-ha-extralimitado\\\/#blogposting\",\"name\":\"Lombardi dice que el informe de la ONU es \\u00aban\\u00f3malo\\u00bb y se ha extralimitado - El Digital de Asturias\",\"headline\":\"Lombardi dice que el informe de la ONU es \\u00aban\\u00f3malo\\u00bb y se ha extralimitado\",\"author\":{\"@id\":\"https:\\\/\\\/www.eldigitaldeasturias.com\\\/noticias\\\/author\\\/admin\\\/#author\"},\"publisher\":{\"@id\":\"https:\\\/\\\/www.eldigitaldeasturias.com\\\/noticias\\\/#organization\"},\"image\":{\"@type\":\"ImageObject\",\"url\":486072},\"datePublished\":\"2014-02-07T21:05:34+01:00\",\"dateModified\":\"2014-02-07T21:05:34+01:00\",\"inLanguage\":\"es-ES\",\"mainEntityOfPage\":{\"@id\":\"https:\\\/\\\/www.eldigitaldeasturias.com\\\/noticias\\\/lombardi-dice-que-el-informe-de-la-onu-es-anomalo-y-se-ha-extralimitado\\\/#webpage\"},\"isPartOf\":{\"@id\":\"https:\\\/\\\/www.eldigitaldeasturias.com\\\/noticias\\\/lombardi-dice-que-el-informe-de-la-onu-es-anomalo-y-se-ha-extralimitado\\\/#webpage\"},\"articleSection\":\"Actualidad\"},{\"@type\":\"BreadcrumbList\",\"@id\":\"https:\\\/\\\/www.eldigitaldeasturias.com\\\/noticias\\\/lombardi-dice-que-el-informe-de-la-onu-es-anomalo-y-se-ha-extralimitado\\\/#breadcrumblist\",\"itemListElement\":[{\"@type\":\"ListItem\",\"@id\":\"https:\\\/\\\/www.eldigitaldeasturias.com\\\/noticias#listItem\",\"position\":1,\"name\":\"Home\",\"item\":\"https:\\\/\\\/www.eldigitaldeasturias.com\\\/noticias\",\"nextItem\":{\"@type\":\"ListItem\",\"@id\":\"https:\\\/\\\/www.eldigitaldeasturias.com\\\/noticias\\\/category\\\/actualidad\\\/#listItem\",\"name\":\"Actualidad\"}},{\"@type\":\"ListItem\",\"@id\":\"https:\\\/\\\/www.eldigitaldeasturias.com\\\/noticias\\\/category\\\/actualidad\\\/#listItem\",\"position\":2,\"name\":\"Actualidad\",\"item\":\"https:\\\/\\\/www.eldigitaldeasturias.com\\\/noticias\\\/category\\\/actualidad\\\/\",\"nextItem\":{\"@type\":\"ListItem\",\"@id\":\"https:\\\/\\\/www.eldigitaldeasturias.com\\\/noticias\\\/lombardi-dice-que-el-informe-de-la-onu-es-anomalo-y-se-ha-extralimitado\\\/#listItem\",\"name\":\"Lombardi dice que el informe de la ONU es \\u00aban\\u00f3malo\\u00bb y se ha extralimitado\"},\"previousItem\":{\"@type\":\"ListItem\",\"@id\":\"https:\\\/\\\/www.eldigitaldeasturias.com\\\/noticias#listItem\",\"name\":\"Home\"}},{\"@type\":\"ListItem\",\"@id\":\"https:\\\/\\\/www.eldigitaldeasturias.com\\\/noticias\\\/lombardi-dice-que-el-informe-de-la-onu-es-anomalo-y-se-ha-extralimitado\\\/#listItem\",\"position\":3,\"name\":\"Lombardi dice que el informe de la ONU es \\u00aban\\u00f3malo\\u00bb y se ha extralimitado\",\"previousItem\":{\"@type\":\"ListItem\",\"@id\":\"https:\\\/\\\/www.eldigitaldeasturias.com\\\/noticias\\\/category\\\/actualidad\\\/#listItem\",\"name\":\"Actualidad\"}}]},{\"@type\":\"Organization\",\"@id\":\"https:\\\/\\\/www.eldigitaldeasturias.com\\\/noticias\\\/#organization\",\"name\":\"El Digital de Asturias\",\"description\":\"Hemeroteca\",\"url\":\"https:\\\/\\\/www.eldigitaldeasturias.com\\\/noticias\\\/\",\"email\":\"info@eldigitaldeasturias.com\",\"telephone\":\"+34652131393\",\"logo\":{\"@type\":\"ImageObject\",\"url\":\"https:\\\/\\\/www.eldigitaldeasturias.com\\\/noticias\\\/wp-content\\\/uploads\\\/2020\\\/12\\\/EDA.jpg\",\"@id\":\"https:\\\/\\\/www.eldigitaldeasturias.com\\\/noticias\\\/lombardi-dice-que-el-informe-de-la-onu-es-anomalo-y-se-ha-extralimitado\\\/#organizationLogo\"},\"image\":{\"@id\":\"https:\\\/\\\/www.eldigitaldeasturias.com\\\/noticias\\\/lombardi-dice-que-el-informe-de-la-onu-es-anomalo-y-se-ha-extralimitado\\\/#organizationLogo\"},\"sameAs\":[\"https:\\\/\\\/facebook.com\\\/eldigitaldeasturias\",\"https:\\\/\\\/www.youtube.com\\\/channel\\\/UCZP-2wLEB9Rv6erhFmqVnvg\"],\"address\":{\"@id\":\"https:\\\/\\\/www.eldigitaldeasturias.com\\\/noticias\\\/#postaladdress\",\"@type\":\"PostalAddress\",\"streetAddress\":\"san antonio 4\",\"postalCode\":\"33430\",\"addressLocality\":\"Cand\\u00e1s\",\"addressRegion\":\"Asturias\",\"addressCountry\":\"ES\"}},{\"@type\":\"Person\",\"@id\":\"https:\\\/\\\/www.eldigitaldeasturias.com\\\/noticias\\\/author\\\/admin\\\/#author\",\"url\":\"https:\\\/\\\/www.eldigitaldeasturias.com\\\/noticias\\\/author\\\/admin\\\/\",\"name\":\"El Digital de Asturias\",\"image\":{\"@type\":\"ImageObject\",\"@id\":\"https:\\\/\\\/www.eldigitaldeasturias.com\\\/noticias\\\/lombardi-dice-que-el-informe-de-la-onu-es-anomalo-y-se-ha-extralimitado\\\/#authorImage\",\"url\":\"https:\\\/\\\/secure.gravatar.com\\\/avatar\\\/df2aeffc32bcd13f8d26072ef8a91b623d677766deac7f97ca815868cd41bf5e?s=96&d=mm&r=g\",\"width\":96,\"height\":96,\"caption\":\"El Digital de Asturias\"}},{\"@type\":\"WebPage\",\"@id\":\"https:\\\/\\\/www.eldigitaldeasturias.com\\\/noticias\\\/lombardi-dice-que-el-informe-de-la-onu-es-anomalo-y-se-ha-extralimitado\\\/#webpage\",\"url\":\"https:\\\/\\\/www.eldigitaldeasturias.com\\\/noticias\\\/lombardi-dice-que-el-informe-de-la-onu-es-anomalo-y-se-ha-extralimitado\\\/\",\"name\":\"Lombardi dice que el informe de la ONU es \\u00aban\\u00f3malo\\u00bb y se ha extralimitado - El Digital de Asturias\",\"description\":\"Ciudad del Vaticano, 7 feb (EFE).- El portavoz del Vaticano, Federico Lombardi, tach\\u00f3 hoy de \\\"an\\u00f3malo\\\" y de \\\"ir m\\u00e1s all\\u00e1 de sus competencias\\\" el informe del Comit\\u00e9 de la ONU sobre los Derechos del Ni\\u00f1o en el que se critica la conducta de la Santa Sede en los casos de abusos sexuales contra ni\\u00f1os\",\"inLanguage\":\"es-ES\",\"isPartOf\":{\"@id\":\"https:\\\/\\\/www.eldigitaldeasturias.com\\\/noticias\\\/#website\"},\"breadcrumb\":{\"@id\":\"https:\\\/\\\/www.eldigitaldeasturias.com\\\/noticias\\\/lombardi-dice-que-el-informe-de-la-onu-es-anomalo-y-se-ha-extralimitado\\\/#breadcrumblist\"},\"author\":{\"@id\":\"https:\\\/\\\/www.eldigitaldeasturias.com\\\/noticias\\\/author\\\/admin\\\/#author\"},\"creator\":{\"@id\":\"https:\\\/\\\/www.eldigitaldeasturias.com\\\/noticias\\\/author\\\/admin\\\/#author\"},\"image\":{\"@type\":\"ImageObject\",\"url\":486072,\"@id\":\"https:\\\/\\\/www.eldigitaldeasturias.com\\\/noticias\\\/lombardi-dice-que-el-informe-de-la-onu-es-anomalo-y-se-ha-extralimitado\\\/#mainImage\"},\"primaryImageOfPage\":{\"@id\":\"https:\\\/\\\/www.eldigitaldeasturias.com\\\/noticias\\\/lombardi-dice-que-el-informe-de-la-onu-es-anomalo-y-se-ha-extralimitado\\\/#mainImage\"},\"datePublished\":\"2014-02-07T21:05:34+01:00\",\"dateModified\":\"2014-02-07T21:05:34+01:00\"},{\"@type\":\"WebSite\",\"@id\":\"https:\\\/\\\/www.eldigitaldeasturias.com\\\/noticias\\\/#website\",\"url\":\"https:\\\/\\\/www.eldigitaldeasturias.com\\\/noticias\\\/\",\"name\":\"El Digital de Asturias - Diario de actualidad y noticias\",\"alternateName\":\"El Digital de Asturias - Diario de actualidad y noticias\",\"description\":\"Hemeroteca\",\"inLanguage\":\"es-ES\",\"publisher\":{\"@id\":\"https:\\\/\\\/www.eldigitaldeasturias.com\\\/noticias\\\/#organization\"}}]}\n\t\t<\/script>\n\t\t<!-- All in One SEO Pro -->\r\n\t\t<title>Lombardi dice que el informe de la ONU es \u00aban\u00f3malo\u00bb y se ha extralimitado - El Digital de Asturias<\/title>\n\n","aioseo_head_json":{"title":"Lombardi dice que el informe de la ONU es \u00aban\u00f3malo\u00bb y se ha extralimitado - El Digital de Asturias","description":"Ciudad del Vaticano, 7 feb (EFE).- El portavoz del Vaticano, Federico Lombardi, tach\u00f3 hoy de \"an\u00f3malo\" y de \"ir m\u00e1s all\u00e1 de sus competencias\" el informe del Comit\u00e9 de la ONU sobre los Derechos del Ni\u00f1o en el que se critica la conducta de la Santa Sede en los casos de abusos sexuales contra ni\u00f1os","canonical_url":"https:\/\/www.eldigitaldeasturias.com\/noticias\/lombardi-dice-que-el-informe-de-la-onu-es-anomalo-y-se-ha-extralimitado\/","robots":"max-image-preview:large","keywords":"actualidad","webmasterTools":{"google-site-verification":"UA-38556648-1","msvalidate.01":"7dfe9f3f1b24437ab69f4f2559babe99","miscellaneous":""},"schema":{"@context":"https:\/\/schema.org","@graph":[{"@type":"BlogPosting","@id":"https:\/\/www.eldigitaldeasturias.com\/noticias\/lombardi-dice-que-el-informe-de-la-onu-es-anomalo-y-se-ha-extralimitado\/#blogposting","name":"Lombardi dice que el informe de la ONU es \u00aban\u00f3malo\u00bb y se ha extralimitado - El Digital de Asturias","headline":"Lombardi dice que el informe de la ONU es \u00aban\u00f3malo\u00bb y se ha extralimitado","author":{"@id":"https:\/\/www.eldigitaldeasturias.com\/noticias\/author\/admin\/#author"},"publisher":{"@id":"https:\/\/www.eldigitaldeasturias.com\/noticias\/#organization"},"image":{"@type":"ImageObject","url":486072},"datePublished":"2014-02-07T21:05:34+01:00","dateModified":"2014-02-07T21:05:34+01:00","inLanguage":"es-ES","mainEntityOfPage":{"@id":"https:\/\/www.eldigitaldeasturias.com\/noticias\/lombardi-dice-que-el-informe-de-la-onu-es-anomalo-y-se-ha-extralimitado\/#webpage"},"isPartOf":{"@id":"https:\/\/www.eldigitaldeasturias.com\/noticias\/lombardi-dice-que-el-informe-de-la-onu-es-anomalo-y-se-ha-extralimitado\/#webpage"},"articleSection":"Actualidad"},{"@type":"BreadcrumbList","@id":"https:\/\/www.eldigitaldeasturias.com\/noticias\/lombardi-dice-que-el-informe-de-la-onu-es-anomalo-y-se-ha-extralimitado\/#breadcrumblist","itemListElement":[{"@type":"ListItem","@id":"https:\/\/www.eldigitaldeasturias.com\/noticias#listItem","position":1,"name":"Home","item":"https:\/\/www.eldigitaldeasturias.com\/noticias","nextItem":{"@type":"ListItem","@id":"https:\/\/www.eldigitaldeasturias.com\/noticias\/category\/actualidad\/#listItem","name":"Actualidad"}},{"@type":"ListItem","@id":"https:\/\/www.eldigitaldeasturias.com\/noticias\/category\/actualidad\/#listItem","position":2,"name":"Actualidad","item":"https:\/\/www.eldigitaldeasturias.com\/noticias\/category\/actualidad\/","nextItem":{"@type":"ListItem","@id":"https:\/\/www.eldigitaldeasturias.com\/noticias\/lombardi-dice-que-el-informe-de-la-onu-es-anomalo-y-se-ha-extralimitado\/#listItem","name":"Lombardi dice que el informe de la ONU es \u00aban\u00f3malo\u00bb y se ha extralimitado"},"previousItem":{"@type":"ListItem","@id":"https:\/\/www.eldigitaldeasturias.com\/noticias#listItem","name":"Home"}},{"@type":"ListItem","@id":"https:\/\/www.eldigitaldeasturias.com\/noticias\/lombardi-dice-que-el-informe-de-la-onu-es-anomalo-y-se-ha-extralimitado\/#listItem","position":3,"name":"Lombardi dice que el informe de la ONU es \u00aban\u00f3malo\u00bb y se ha extralimitado","previousItem":{"@type":"ListItem","@id":"https:\/\/www.eldigitaldeasturias.com\/noticias\/category\/actualidad\/#listItem","name":"Actualidad"}}]},{"@type":"Organization","@id":"https:\/\/www.eldigitaldeasturias.com\/noticias\/#organization","name":"El Digital de Asturias","description":"Hemeroteca","url":"https:\/\/www.eldigitaldeasturias.com\/noticias\/","email":"info@eldigitaldeasturias.com","telephone":"+34652131393","logo":{"@type":"ImageObject","url":"https:\/\/www.eldigitaldeasturias.com\/noticias\/wp-content\/uploads\/2020\/12\/EDA.jpg","@id":"https:\/\/www.eldigitaldeasturias.com\/noticias\/lombardi-dice-que-el-informe-de-la-onu-es-anomalo-y-se-ha-extralimitado\/#organizationLogo"},"image":{"@id":"https:\/\/www.eldigitaldeasturias.com\/noticias\/lombardi-dice-que-el-informe-de-la-onu-es-anomalo-y-se-ha-extralimitado\/#organizationLogo"},"sameAs":["https:\/\/facebook.com\/eldigitaldeasturias","https:\/\/www.youtube.com\/channel\/UCZP-2wLEB9Rv6erhFmqVnvg"],"address":{"@id":"https:\/\/www.eldigitaldeasturias.com\/noticias\/#postaladdress","@type":"PostalAddress","streetAddress":"san antonio 4","postalCode":"33430","addressLocality":"Cand\u00e1s","addressRegion":"Asturias","addressCountry":"ES"}},{"@type":"Person","@id":"https:\/\/www.eldigitaldeasturias.com\/noticias\/author\/admin\/#author","url":"https:\/\/www.eldigitaldeasturias.com\/noticias\/author\/admin\/","name":"El Digital de Asturias","image":{"@type":"ImageObject","@id":"https:\/\/www.eldigitaldeasturias.com\/noticias\/lombardi-dice-que-el-informe-de-la-onu-es-anomalo-y-se-ha-extralimitado\/#authorImage","url":"https:\/\/secure.gravatar.com\/avatar\/df2aeffc32bcd13f8d26072ef8a91b623d677766deac7f97ca815868cd41bf5e?s=96&d=mm&r=g","width":96,"height":96,"caption":"El Digital de Asturias"}},{"@type":"WebPage","@id":"https:\/\/www.eldigitaldeasturias.com\/noticias\/lombardi-dice-que-el-informe-de-la-onu-es-anomalo-y-se-ha-extralimitado\/#webpage","url":"https:\/\/www.eldigitaldeasturias.com\/noticias\/lombardi-dice-que-el-informe-de-la-onu-es-anomalo-y-se-ha-extralimitado\/","name":"Lombardi dice que el informe de la ONU es \u00aban\u00f3malo\u00bb y se ha extralimitado - El Digital de Asturias","description":"Ciudad del Vaticano, 7 feb (EFE).- El portavoz del Vaticano, Federico Lombardi, tach\u00f3 hoy de \"an\u00f3malo\" y de \"ir m\u00e1s all\u00e1 de sus competencias\" el informe del Comit\u00e9 de la ONU sobre los Derechos del Ni\u00f1o en el que se critica la conducta de la Santa Sede en los casos de abusos sexuales contra ni\u00f1os","inLanguage":"es-ES","isPartOf":{"@id":"https:\/\/www.eldigitaldeasturias.com\/noticias\/#website"},"breadcrumb":{"@id":"https:\/\/www.eldigitaldeasturias.com\/noticias\/lombardi-dice-que-el-informe-de-la-onu-es-anomalo-y-se-ha-extralimitado\/#breadcrumblist"},"author":{"@id":"https:\/\/www.eldigitaldeasturias.com\/noticias\/author\/admin\/#author"},"creator":{"@id":"https:\/\/www.eldigitaldeasturias.com\/noticias\/author\/admin\/#author"},"image":{"@type":"ImageObject","url":486072,"@id":"https:\/\/www.eldigitaldeasturias.com\/noticias\/lombardi-dice-que-el-informe-de-la-onu-es-anomalo-y-se-ha-extralimitado\/#mainImage"},"primaryImageOfPage":{"@id":"https:\/\/www.eldigitaldeasturias.com\/noticias\/lombardi-dice-que-el-informe-de-la-onu-es-anomalo-y-se-ha-extralimitado\/#mainImage"},"datePublished":"2014-02-07T21:05:34+01:00","dateModified":"2014-02-07T21:05:34+01:00"},{"@type":"WebSite","@id":"https:\/\/www.eldigitaldeasturias.com\/noticias\/#website","url":"https:\/\/www.eldigitaldeasturias.com\/noticias\/","name":"El Digital de Asturias - Diario de actualidad y noticias","alternateName":"El Digital de Asturias - Diario de actualidad y noticias","description":"Hemeroteca","inLanguage":"es-ES","publisher":{"@id":"https:\/\/www.eldigitaldeasturias.com\/noticias\/#organization"}}]},"og:locale":"es_ES","og:site_name":"El Digital de Asturias","og:type":"article","og:title":"Lombardi dice que el informe de la ONU es \u00aban\u00f3malo\u00bb y se ha extralimitado - El Digital de Asturias","og:description":"Ciudad del Vaticano, 7 feb (EFE).- El portavoz del Vaticano, Federico Lombardi, tach\u00f3 hoy de &quot;an\u00f3malo&quot; y de &quot;ir m\u00e1s all\u00e1 de sus competencias&quot; el informe del Comit\u00e9 de la ONU sobre los Derechos del Ni\u00f1o en el que se critica la conducta de la Santa Sede en los casos de abusos sexuales contra ni\u00f1os","og:url":"https:\/\/www.eldigitaldeasturias.com\/noticias\/lombardi-dice-que-el-informe-de-la-onu-es-anomalo-y-se-ha-extralimitado\/","article:tag":["actualidad"],"article:published_time":"2014-02-07T22:05:34+00:00","article:modified_time":"2014-02-07T22:05:34+00:00","article:publisher":"https:\/\/facebook.com\/eldigitaldeasturias","twitter:card":"summary_large_image","twitter:title":"Lombardi dice que el informe de la ONU es \u00aban\u00f3malo\u00bb y se ha extralimitado - El Digital de Asturias","twitter:description":"Ciudad del Vaticano, 7 feb (EFE).- El portavoz del Vaticano, Federico Lombardi, tach\u00f3 hoy de &quot;an\u00f3malo&quot; y de &quot;ir m\u00e1s all\u00e1 de sus competencias&quot; el informe del Comit\u00e9 de la ONU sobre los Derechos del Ni\u00f1o en el que se critica la conducta de la Santa Sede en los casos de abusos sexuales contra ni\u00f1os","twitter:label1":"Escrito por","twitter:data1":"El Digital de Asturias","twitter:label2":"Tiempo de lectura estimado","twitter:data2":"3 minutos"},"aioseo_meta_data":{"post_id":"486071","title":null,"description":null,"keywords":null,"keyphrases":null,"primary_term":null,"canonical_url":null,"og_title":null,"og_description":null,"og_object_type":"default","og_image_type":"default","og_image_url":null,"og_image_width":null,"og_image_height":null,"og_image_custom_url":null,"og_image_custom_fields":null,"og_video":null,"og_custom_url":null,"og_article_section":null,"og_article_tags":null,"twitter_use_og":true,"twitter_card":"default","twitter_image_type":"default","twitter_image_url":null,"twitter_image_custom_url":null,"twitter_image_custom_fields":null,"twitter_title":null,"twitter_description":null,"schema":{"blockGraphs":[],"customGraphs":[],"default":{"data":{"Article":[],"Course":[],"Dataset":[],"FAQPage":[],"Movie":[],"Person":[],"Product":[],"ProductReview":[],"Car":[],"Recipe":[],"Service":[],"SoftwareApplication":[],"WebPage":[]},"graphName":"","isEnabled":true},"graphs":[],"defaultGraph":"","defaultPostTypeGraph":""},"schema_type":null,"schema_type_options":null,"pillar_content":false,"robots_default":true,"robots_noindex":false,"robots_noarchive":false,"robots_nosnippet":false,"robots_nofollow":false,"robots_noimageindex":false,"robots_noodp":false,"robots_notranslate":false,"robots_max_snippet":null,"robots_max_videopreview":null,"robots_max_imagepreview":"none","priority":null,"frequency":null,"local_seo":null,"seo_analyzer_scan_date":"2026-06-02 23:16:52","breadcrumb_settings":null,"limit_modified_date":false,"open_ai":null,"ai":null,"created":"2020-11-14 22:56:02","updated":"2026-06-02 23:16:52","focus_keyword":null,"additional_keywords":null,"truseo_locale":null},"aioseo_breadcrumb":"<div class=\"aioseo-breadcrumbs\"><span class=\"aioseo-breadcrumb\">\n\t<a href=\"https:\/\/www.eldigitaldeasturias.com\/noticias\" title=\"Home\">Home<\/a>\n<\/span><span class=\"aioseo-breadcrumb-separator\">\u2013<\/span><span class=\"aioseo-breadcrumb\">\n\t<a href=\"https:\/\/www.eldigitaldeasturias.com\/noticias\/category\/actualidad\/\" title=\"Actualidad\">Actualidad<\/a>\n<\/span><span class=\"aioseo-breadcrumb-separator\">\u2013<\/span><span class=\"aioseo-breadcrumb\">\n\t<a href=\"https:\/\/www.eldigitaldeasturias.com\/noticias\/lombardi-dice-que-el-informe-de-la-onu-es-anomalo-y-se-ha-extralimitado\/\" title=\"Lombardi dice que el informe de la ONU es \u00aban\u00f3malo\u00bb y se ha extralimitado\">Lombardi dice que el informe de la ONU es \u00aban\u00f3malo\u00bb y se ha extralimitado<\/a>\n<\/span><\/div>","aioseo_breadcrumb_json":[{"label":"Home","link":"https:\/\/www.eldigitaldeasturias.com\/noticias"},{"label":"Actualidad","link":"https:\/\/www.eldigitaldeasturias.com\/noticias\/category\/actualidad\/"},{"label":"Lombardi dice que el informe de la ONU es \u00aban\u00f3malo\u00bb y se ha extralimitado","link":"https:\/\/www.eldigitaldeasturias.com\/noticias\/lombardi-dice-que-el-informe-de-la-onu-es-anomalo-y-se-ha-extralimitado\/"}],"_links":{"self":[{"href":"https:\/\/www.eldigitaldeasturias.com\/noticias\/wp-json\/wp\/v2\/posts\/486071","targetHints":{"allow":["GET"]}}],"collection":[{"href":"https:\/\/www.eldigitaldeasturias.com\/noticias\/wp-json\/wp\/v2\/posts"}],"about":[{"href":"https:\/\/www.eldigitaldeasturias.com\/noticias\/wp-json\/wp\/v2\/types\/post"}],"author":[{"embeddable":true,"href":"https:\/\/www.eldigitaldeasturias.com\/noticias\/wp-json\/wp\/v2\/users\/1"}],"replies":[{"embeddable":true,"href":"https:\/\/www.eldigitaldeasturias.com\/noticias\/wp-json\/wp\/v2\/comments?post=486071"}],"version-history":[{"count":0,"href":"https:\/\/www.eldigitaldeasturias.com\/noticias\/wp-json\/wp\/v2\/posts\/486071\/revisions"}],"wp:attachment":[{"href":"https:\/\/www.eldigitaldeasturias.com\/noticias\/wp-json\/wp\/v2\/media?parent=486071"}],"wp:term":[{"taxonomy":"category","embeddable":true,"href":"https:\/\/www.eldigitaldeasturias.com\/noticias\/wp-json\/wp\/v2\/categories?post=486071"},{"taxonomy":"post_tag","embeddable":true,"href":"https:\/\/www.eldigitaldeasturias.com\/noticias\/wp-json\/wp\/v2\/tags?post=486071"}],"curies":[{"name":"wp","href":"https:\/\/api.w.org\/{rel}","templated":true}]}}