{"id":486059,"date":"2014-02-07T20:59:33","date_gmt":"2014-02-07T21:59:33","guid":{"rendered":"http:\/\/www.eldigitaldeasturias.com\/noticias\/?p=486059"},"modified":"2014-02-07T20:59:33","modified_gmt":"2014-02-07T21:59:33","slug":"vidic-anuncia-su-marcha-del-manchester-united-a-final-de-temporada","status":"publish","type":"post","link":"https:\/\/www.eldigitaldeasturias.com\/noticias\/vidic-anuncia-su-marcha-del-manchester-united-a-final-de-temporada\/","title":{"rendered":"Vidic anuncia su marcha del Manchester United a final de temporada"},"content":{"rendered":"<p><img loading=\"lazy\" decoding=\"async\" class=\"alignleft size-medium wp-image-486060\" alt=\"5920060w\" src=\"https:\/\/www.eldigitaldeasturias.com\/noticias\/wp-content\/uploads\/2014\/02\/5920060w-360x240.jpg\" width=\"360\" height=\"240\" \/>Londres, 7 feb (EFE).- El central serbio del Manchester United Nemanja Vidic, de 32 a\u00f1os, anunci\u00f3 hoy que abandonar\u00e1 el equipo al final de esta temporada, despu\u00e9s de ocho campa\u00f1as en Old Trafford, donde ha sido uno de los jugadores m\u00e1s respetados por la grada.<\/p>\n<p>En un comunicado difundido en la web del club ingl\u00e9s, el defensor explic\u00f3 que quiere afrontar \u00abnuevos retos\u00bb y \u00absacar lo mejor de m\u00ed mismo\u00bb en los pr\u00f3ximos a\u00f1os, si bien adelant\u00f3 que no volver\u00e1 a jugar en la Premier League.<\/p>\n<p>\u00abNo estoy pensando en quedarme en Inglaterra ya que el \u00fanico equipo con el que quer\u00eda jugar aqu\u00ed es el Manchester United y he tenido la suerte de formar parte de este club durante muchos a\u00f1os\u00bb, destac\u00f3 Vidic.<\/p>\n<p>El contrato del internacional serbio con los \u00abdiablos rojos\u00bb concluye al final del presente curso y, seg\u00fan los medios brit\u00e1nicos, no se le ha ofrecido la renovaci\u00f3n, por lo que ya tiene permiso para negociar con otros equipos.<\/p>\n<p>\u00abTengo varias opciones y elegir\u00e9 lo mejor para m\u00ed y mi familia\u00bb, dijo Vidic, a quien se le vincula con un posible fichaje por el Inter de Mil\u00e1n.<\/p>\n<p>El United pag\u00f3 al Spartak de Mosc\u00fa en diciembre de 2005 siete millones de libras (8,42 millones de euros) por el zaguero balc\u00e1nico, uno de los jugadores m\u00e1s populares en Old Trafford y pieza clave durante a\u00f1os en el equipo de Alex Ferguson, retirado el pasado a\u00f1o.<\/p>\n<p>Vidic abandona los \u00abdevils\u00bb con 15 t\u00edtulos en su palmar\u00e9s, entre ellos el \u00faltimo campeonato ingl\u00e9s a las \u00f3rdenes del t\u00e9cnico escoc\u00e9s, si bien solo jug\u00f3 19 partidos de liga debido a una antigua lesi\u00f3n de rodilla.<\/p>\n<p>El defensa, capit\u00e1n del equipo en varias ocasiones, se rompi\u00f3 los ligamentos cruzados en diciembre de 2011 en un partido de Liga de Campeones y, desde entonces, ha pasado dos veces por el quir\u00f3fano, lo que ha hecho caer su rendimiento.<\/p>\n<p>\u00abNunca imagin\u00e9 que podr\u00eda ganar 15 trofeos y, seguramente, nunca olvidar\u00e9 aquella fant\u00e1stica noche en Mosc\u00fa, son recuerdos que me acompa\u00f1ar\u00e1n a m\u00ed y a los aficionados toda la vida\u00bb, dijo Vidic en la nota.<\/p>\n<p>El defensa se refer\u00eda a la final de la \u00abChampions\u00bb que gan\u00f3 el United al Chelsea en la tanda de penaltis en el Estadio Luzhniki en 2008, un recuerdo mucho m\u00e1s grato que las finales perdidas ante el FC Barcelona en 2009 y 2011.<\/p>\n","protected":false},"excerpt":{"rendered":"<p>Londres, 7 feb (EFE).- El central serbio del Manchester United Nemanja Vidic, de 32 a\u00f1os, anunci\u00f3 hoy que abandonar\u00e1 el equipo al final de esta temporada, despu\u00e9s de ocho campa\u00f1as en Old Trafford, donde ha sido uno de los jugadores m\u00e1s respetados por la grada. En un comunicado difundido en la web del club ingl\u00e9s, [&hellip;]<\/p>\n","protected":false},"author":1,"featured_media":486060,"comment_status":"open","ping_status":"open","sticky":false,"template":"","format":"standard","meta":{"footnotes":""},"categories":[1],"tags":[],"class_list":["post-486059","post","type-post","status-publish","format-standard","has-post-thumbnail","hentry","category-actualidad"],"aioseo_notices":[],"aioseo_head":"\n\t\t<!-- All in One SEO Pro 5.0.1 - aioseo.com -->\n\t<meta name=\"description\" content=\"Londres, 7 feb (EFE).- El central serbio del Manchester United Nemanja Vidic, de 32 a\u00f1os, anunci\u00f3 hoy que abandonar\u00e1 el equipo al final de esta temporada, despu\u00e9s de ocho campa\u00f1as en Old Trafford, donde ha sido uno de los jugadores m\u00e1s respetados por la grada. En un comunicado difundido en la web del club ingl\u00e9s,\" \/>\n\t<meta name=\"robots\" content=\"max-image-preview:large\" \/>\n\t<meta name=\"author\" content=\"El Digital de Asturias\"\/>\n\t<meta name=\"google-site-verification\" content=\"UA-38556648-1\" \/>\n\t<meta name=\"msvalidate.01\" content=\"7dfe9f3f1b24437ab69f4f2559babe99\" \/>\n\t<meta name=\"keywords\" content=\"actualidad\" \/>\n\t<link rel=\"canonical\" href=\"https:\/\/www.eldigitaldeasturias.com\/noticias\/vidic-anuncia-su-marcha-del-manchester-united-a-final-de-temporada\/\" \/>\n\t<meta name=\"generator\" content=\"All in One SEO Pro (AIOSEO) 5.0.1\" \/>\n\t\t<meta property=\"og:locale\" content=\"es_ES\" \/>\n\t\t<meta property=\"og:site_name\" content=\"El Digital de Asturias\" \/>\n\t\t<meta property=\"og:type\" content=\"article\" \/>\n\t\t<meta property=\"og:title\" content=\"Vidic anuncia su marcha del Manchester United a final de temporada - El Digital de Asturias\" \/>\n\t\t<meta property=\"og:description\" content=\"Londres, 7 feb (EFE).- El central serbio del Manchester United Nemanja Vidic, de 32 a\u00f1os, anunci\u00f3 hoy que abandonar\u00e1 el equipo al final de esta temporada, despu\u00e9s de ocho campa\u00f1as en Old Trafford, donde ha sido uno de los jugadores m\u00e1s respetados por la grada. En un comunicado difundido en la web del club ingl\u00e9s,\" \/>\n\t\t<meta property=\"og:url\" content=\"https:\/\/www.eldigitaldeasturias.com\/noticias\/vidic-anuncia-su-marcha-del-manchester-united-a-final-de-temporada\/\" \/>\n\t\t<meta property=\"article:tag\" content=\"actualidad\" \/>\n\t\t<meta property=\"article:published_time\" content=\"2014-02-07T21:59:33+00:00\" \/>\n\t\t<meta property=\"article:modified_time\" content=\"2014-02-07T21:59:33+00:00\" \/>\n\t\t<meta property=\"article:publisher\" content=\"https:\/\/facebook.com\/eldigitaldeasturias\" \/>\n\t\t<meta name=\"twitter:card\" content=\"summary_large_image\" \/>\n\t\t<meta name=\"twitter:title\" content=\"Vidic anuncia su marcha del Manchester United a final de temporada - El Digital de Asturias\" \/>\n\t\t<meta name=\"twitter:description\" content=\"Londres, 7 feb (EFE).- El central serbio del Manchester United Nemanja Vidic, de 32 a\u00f1os, anunci\u00f3 hoy que abandonar\u00e1 el equipo al final de esta temporada, despu\u00e9s de ocho campa\u00f1as en Old Trafford, donde ha sido uno de los jugadores m\u00e1s respetados por la grada. En un comunicado difundido en la web del club ingl\u00e9s,\" \/>\n\t\t<meta name=\"twitter:label1\" content=\"Escrito por\" \/>\n\t\t<meta name=\"twitter:data1\" content=\"El Digital de Asturias\" \/>\n\t\t<meta name=\"twitter:label2\" content=\"Tiempo de lectura estimado\" \/>\n\t\t<meta name=\"twitter:data2\" content=\"2 minutos\" \/>\n\t\t<script type=\"application\/ld+json\" class=\"aioseo-schema\">\n\t\t\t{\"@context\":\"https:\\\/\\\/schema.org\",\"@graph\":[{\"@type\":\"BlogPosting\",\"@id\":\"https:\\\/\\\/www.eldigitaldeasturias.com\\\/noticias\\\/vidic-anuncia-su-marcha-del-manchester-united-a-final-de-temporada\\\/#blogposting\",\"name\":\"Vidic anuncia su marcha del Manchester United a final de temporada - El Digital de Asturias\",\"headline\":\"Vidic anuncia su marcha del Manchester United a final de temporada\",\"author\":{\"@id\":\"https:\\\/\\\/www.eldigitaldeasturias.com\\\/noticias\\\/author\\\/admin\\\/#author\"},\"publisher\":{\"@id\":\"https:\\\/\\\/www.eldigitaldeasturias.com\\\/noticias\\\/#organization\"},\"image\":{\"@type\":\"ImageObject\",\"url\":486060},\"datePublished\":\"2014-02-07T20:59:33+01:00\",\"dateModified\":\"2014-02-07T20:59:33+01:00\",\"inLanguage\":\"es-ES\",\"mainEntityOfPage\":{\"@id\":\"https:\\\/\\\/www.eldigitaldeasturias.com\\\/noticias\\\/vidic-anuncia-su-marcha-del-manchester-united-a-final-de-temporada\\\/#webpage\"},\"isPartOf\":{\"@id\":\"https:\\\/\\\/www.eldigitaldeasturias.com\\\/noticias\\\/vidic-anuncia-su-marcha-del-manchester-united-a-final-de-temporada\\\/#webpage\"},\"articleSection\":\"Actualidad\"},{\"@type\":\"BreadcrumbList\",\"@id\":\"https:\\\/\\\/www.eldigitaldeasturias.com\\\/noticias\\\/vidic-anuncia-su-marcha-del-manchester-united-a-final-de-temporada\\\/#breadcrumblist\",\"itemListElement\":[{\"@type\":\"ListItem\",\"@id\":\"https:\\\/\\\/www.eldigitaldeasturias.com\\\/noticias#listItem\",\"position\":1,\"name\":\"Home\",\"item\":\"https:\\\/\\\/www.eldigitaldeasturias.com\\\/noticias\",\"nextItem\":{\"@type\":\"ListItem\",\"@id\":\"https:\\\/\\\/www.eldigitaldeasturias.com\\\/noticias\\\/category\\\/actualidad\\\/#listItem\",\"name\":\"Actualidad\"}},{\"@type\":\"ListItem\",\"@id\":\"https:\\\/\\\/www.eldigitaldeasturias.com\\\/noticias\\\/category\\\/actualidad\\\/#listItem\",\"position\":2,\"name\":\"Actualidad\",\"item\":\"https:\\\/\\\/www.eldigitaldeasturias.com\\\/noticias\\\/category\\\/actualidad\\\/\",\"nextItem\":{\"@type\":\"ListItem\",\"@id\":\"https:\\\/\\\/www.eldigitaldeasturias.com\\\/noticias\\\/vidic-anuncia-su-marcha-del-manchester-united-a-final-de-temporada\\\/#listItem\",\"name\":\"Vidic anuncia su marcha del Manchester United a final de temporada\"},\"previousItem\":{\"@type\":\"ListItem\",\"@id\":\"https:\\\/\\\/www.eldigitaldeasturias.com\\\/noticias#listItem\",\"name\":\"Home\"}},{\"@type\":\"ListItem\",\"@id\":\"https:\\\/\\\/www.eldigitaldeasturias.com\\\/noticias\\\/vidic-anuncia-su-marcha-del-manchester-united-a-final-de-temporada\\\/#listItem\",\"position\":3,\"name\":\"Vidic anuncia su marcha del Manchester United a final de temporada\",\"previousItem\":{\"@type\":\"ListItem\",\"@id\":\"https:\\\/\\\/www.eldigitaldeasturias.com\\\/noticias\\\/category\\\/actualidad\\\/#listItem\",\"name\":\"Actualidad\"}}]},{\"@type\":\"Organization\",\"@id\":\"https:\\\/\\\/www.eldigitaldeasturias.com\\\/noticias\\\/#organization\",\"name\":\"El Digital de Asturias\",\"description\":\"Hemeroteca\",\"url\":\"https:\\\/\\\/www.eldigitaldeasturias.com\\\/noticias\\\/\",\"email\":\"info@eldigitaldeasturias.com\",\"telephone\":\"+34652131393\",\"logo\":{\"@type\":\"ImageObject\",\"url\":\"https:\\\/\\\/www.eldigitaldeasturias.com\\\/noticias\\\/wp-content\\\/uploads\\\/2020\\\/12\\\/EDA.jpg\",\"@id\":\"https:\\\/\\\/www.eldigitaldeasturias.com\\\/noticias\\\/vidic-anuncia-su-marcha-del-manchester-united-a-final-de-temporada\\\/#organizationLogo\"},\"image\":{\"@id\":\"https:\\\/\\\/www.eldigitaldeasturias.com\\\/noticias\\\/vidic-anuncia-su-marcha-del-manchester-united-a-final-de-temporada\\\/#organizationLogo\"},\"sameAs\":[\"https:\\\/\\\/facebook.com\\\/eldigitaldeasturias\",\"https:\\\/\\\/www.youtube.com\\\/channel\\\/UCZP-2wLEB9Rv6erhFmqVnvg\"],\"address\":{\"@id\":\"https:\\\/\\\/www.eldigitaldeasturias.com\\\/noticias\\\/#postaladdress\",\"@type\":\"PostalAddress\",\"streetAddress\":\"san antonio 4\",\"postalCode\":\"33430\",\"addressLocality\":\"Cand\\u00e1s\",\"addressRegion\":\"Asturias\",\"addressCountry\":\"ES\"}},{\"@type\":\"Person\",\"@id\":\"https:\\\/\\\/www.eldigitaldeasturias.com\\\/noticias\\\/author\\\/admin\\\/#author\",\"url\":\"https:\\\/\\\/www.eldigitaldeasturias.com\\\/noticias\\\/author\\\/admin\\\/\",\"name\":\"El Digital de Asturias\",\"image\":{\"@type\":\"ImageObject\",\"@id\":\"https:\\\/\\\/www.eldigitaldeasturias.com\\\/noticias\\\/vidic-anuncia-su-marcha-del-manchester-united-a-final-de-temporada\\\/#authorImage\",\"url\":\"https:\\\/\\\/secure.gravatar.com\\\/avatar\\\/df2aeffc32bcd13f8d26072ef8a91b623d677766deac7f97ca815868cd41bf5e?s=96&d=mm&r=g\",\"width\":96,\"height\":96,\"caption\":\"El Digital de Asturias\"}},{\"@type\":\"WebPage\",\"@id\":\"https:\\\/\\\/www.eldigitaldeasturias.com\\\/noticias\\\/vidic-anuncia-su-marcha-del-manchester-united-a-final-de-temporada\\\/#webpage\",\"url\":\"https:\\\/\\\/www.eldigitaldeasturias.com\\\/noticias\\\/vidic-anuncia-su-marcha-del-manchester-united-a-final-de-temporada\\\/\",\"name\":\"Vidic anuncia su marcha del Manchester United a final de temporada - El Digital de Asturias\",\"description\":\"Londres, 7 feb (EFE).- El central serbio del Manchester United Nemanja Vidic, de 32 a\\u00f1os, anunci\\u00f3 hoy que abandonar\\u00e1 el equipo al final de esta temporada, despu\\u00e9s de ocho campa\\u00f1as en Old Trafford, donde ha sido uno de los jugadores m\\u00e1s respetados por la grada. En un comunicado difundido en la web del club ingl\\u00e9s,\",\"inLanguage\":\"es-ES\",\"isPartOf\":{\"@id\":\"https:\\\/\\\/www.eldigitaldeasturias.com\\\/noticias\\\/#website\"},\"breadcrumb\":{\"@id\":\"https:\\\/\\\/www.eldigitaldeasturias.com\\\/noticias\\\/vidic-anuncia-su-marcha-del-manchester-united-a-final-de-temporada\\\/#breadcrumblist\"},\"author\":{\"@id\":\"https:\\\/\\\/www.eldigitaldeasturias.com\\\/noticias\\\/author\\\/admin\\\/#author\"},\"creator\":{\"@id\":\"https:\\\/\\\/www.eldigitaldeasturias.com\\\/noticias\\\/author\\\/admin\\\/#author\"},\"image\":{\"@type\":\"ImageObject\",\"url\":486060,\"@id\":\"https:\\\/\\\/www.eldigitaldeasturias.com\\\/noticias\\\/vidic-anuncia-su-marcha-del-manchester-united-a-final-de-temporada\\\/#mainImage\"},\"primaryImageOfPage\":{\"@id\":\"https:\\\/\\\/www.eldigitaldeasturias.com\\\/noticias\\\/vidic-anuncia-su-marcha-del-manchester-united-a-final-de-temporada\\\/#mainImage\"},\"datePublished\":\"2014-02-07T20:59:33+01:00\",\"dateModified\":\"2014-02-07T20:59:33+01:00\"},{\"@type\":\"WebSite\",\"@id\":\"https:\\\/\\\/www.eldigitaldeasturias.com\\\/noticias\\\/#website\",\"url\":\"https:\\\/\\\/www.eldigitaldeasturias.com\\\/noticias\\\/\",\"name\":\"El Digital de Asturias - Diario de actualidad y noticias\",\"alternateName\":\"El Digital de Asturias - Diario de actualidad y noticias\",\"description\":\"Hemeroteca\",\"inLanguage\":\"es-ES\",\"publisher\":{\"@id\":\"https:\\\/\\\/www.eldigitaldeasturias.com\\\/noticias\\\/#organization\"}}]}\n\t\t<\/script>\n\t\t<!-- All in One SEO Pro -->\r\n\t\t<title>Vidic anuncia su marcha del Manchester United a final de temporada - El Digital de Asturias<\/title>\n\n","aioseo_head_json":{"title":"Vidic anuncia su marcha del Manchester United a final de temporada - El Digital de Asturias","description":"Londres, 7 feb (EFE).- El central serbio del Manchester United Nemanja Vidic, de 32 a\u00f1os, anunci\u00f3 hoy que abandonar\u00e1 el equipo al final de esta temporada, despu\u00e9s de ocho campa\u00f1as en Old Trafford, donde ha sido uno de los jugadores m\u00e1s respetados por la grada. En un comunicado difundido en la web del club ingl\u00e9s,","canonical_url":"https:\/\/www.eldigitaldeasturias.com\/noticias\/vidic-anuncia-su-marcha-del-manchester-united-a-final-de-temporada\/","robots":"max-image-preview:large","keywords":"actualidad","webmasterTools":{"google-site-verification":"UA-38556648-1","msvalidate.01":"7dfe9f3f1b24437ab69f4f2559babe99","miscellaneous":""},"schema":{"@context":"https:\/\/schema.org","@graph":[{"@type":"BlogPosting","@id":"https:\/\/www.eldigitaldeasturias.com\/noticias\/vidic-anuncia-su-marcha-del-manchester-united-a-final-de-temporada\/#blogposting","name":"Vidic anuncia su marcha del Manchester United a final de temporada - El Digital de Asturias","headline":"Vidic anuncia su marcha del Manchester United a final de temporada","author":{"@id":"https:\/\/www.eldigitaldeasturias.com\/noticias\/author\/admin\/#author"},"publisher":{"@id":"https:\/\/www.eldigitaldeasturias.com\/noticias\/#organization"},"image":{"@type":"ImageObject","url":486060},"datePublished":"2014-02-07T20:59:33+01:00","dateModified":"2014-02-07T20:59:33+01:00","inLanguage":"es-ES","mainEntityOfPage":{"@id":"https:\/\/www.eldigitaldeasturias.com\/noticias\/vidic-anuncia-su-marcha-del-manchester-united-a-final-de-temporada\/#webpage"},"isPartOf":{"@id":"https:\/\/www.eldigitaldeasturias.com\/noticias\/vidic-anuncia-su-marcha-del-manchester-united-a-final-de-temporada\/#webpage"},"articleSection":"Actualidad"},{"@type":"BreadcrumbList","@id":"https:\/\/www.eldigitaldeasturias.com\/noticias\/vidic-anuncia-su-marcha-del-manchester-united-a-final-de-temporada\/#breadcrumblist","itemListElement":[{"@type":"ListItem","@id":"https:\/\/www.eldigitaldeasturias.com\/noticias#listItem","position":1,"name":"Home","item":"https:\/\/www.eldigitaldeasturias.com\/noticias","nextItem":{"@type":"ListItem","@id":"https:\/\/www.eldigitaldeasturias.com\/noticias\/category\/actualidad\/#listItem","name":"Actualidad"}},{"@type":"ListItem","@id":"https:\/\/www.eldigitaldeasturias.com\/noticias\/category\/actualidad\/#listItem","position":2,"name":"Actualidad","item":"https:\/\/www.eldigitaldeasturias.com\/noticias\/category\/actualidad\/","nextItem":{"@type":"ListItem","@id":"https:\/\/www.eldigitaldeasturias.com\/noticias\/vidic-anuncia-su-marcha-del-manchester-united-a-final-de-temporada\/#listItem","name":"Vidic anuncia su marcha del Manchester United a final de temporada"},"previousItem":{"@type":"ListItem","@id":"https:\/\/www.eldigitaldeasturias.com\/noticias#listItem","name":"Home"}},{"@type":"ListItem","@id":"https:\/\/www.eldigitaldeasturias.com\/noticias\/vidic-anuncia-su-marcha-del-manchester-united-a-final-de-temporada\/#listItem","position":3,"name":"Vidic anuncia su marcha del Manchester United a final de temporada","previousItem":{"@type":"ListItem","@id":"https:\/\/www.eldigitaldeasturias.com\/noticias\/category\/actualidad\/#listItem","name":"Actualidad"}}]},{"@type":"Organization","@id":"https:\/\/www.eldigitaldeasturias.com\/noticias\/#organization","name":"El Digital de Asturias","description":"Hemeroteca","url":"https:\/\/www.eldigitaldeasturias.com\/noticias\/","email":"info@eldigitaldeasturias.com","telephone":"+34652131393","logo":{"@type":"ImageObject","url":"https:\/\/www.eldigitaldeasturias.com\/noticias\/wp-content\/uploads\/2020\/12\/EDA.jpg","@id":"https:\/\/www.eldigitaldeasturias.com\/noticias\/vidic-anuncia-su-marcha-del-manchester-united-a-final-de-temporada\/#organizationLogo"},"image":{"@id":"https:\/\/www.eldigitaldeasturias.com\/noticias\/vidic-anuncia-su-marcha-del-manchester-united-a-final-de-temporada\/#organizationLogo"},"sameAs":["https:\/\/facebook.com\/eldigitaldeasturias","https:\/\/www.youtube.com\/channel\/UCZP-2wLEB9Rv6erhFmqVnvg"],"address":{"@id":"https:\/\/www.eldigitaldeasturias.com\/noticias\/#postaladdress","@type":"PostalAddress","streetAddress":"san antonio 4","postalCode":"33430","addressLocality":"Cand\u00e1s","addressRegion":"Asturias","addressCountry":"ES"}},{"@type":"Person","@id":"https:\/\/www.eldigitaldeasturias.com\/noticias\/author\/admin\/#author","url":"https:\/\/www.eldigitaldeasturias.com\/noticias\/author\/admin\/","name":"El Digital de Asturias","image":{"@type":"ImageObject","@id":"https:\/\/www.eldigitaldeasturias.com\/noticias\/vidic-anuncia-su-marcha-del-manchester-united-a-final-de-temporada\/#authorImage","url":"https:\/\/secure.gravatar.com\/avatar\/df2aeffc32bcd13f8d26072ef8a91b623d677766deac7f97ca815868cd41bf5e?s=96&d=mm&r=g","width":96,"height":96,"caption":"El Digital de Asturias"}},{"@type":"WebPage","@id":"https:\/\/www.eldigitaldeasturias.com\/noticias\/vidic-anuncia-su-marcha-del-manchester-united-a-final-de-temporada\/#webpage","url":"https:\/\/www.eldigitaldeasturias.com\/noticias\/vidic-anuncia-su-marcha-del-manchester-united-a-final-de-temporada\/","name":"Vidic anuncia su marcha del Manchester United a final de temporada - El Digital de Asturias","description":"Londres, 7 feb (EFE).- El central serbio del Manchester United Nemanja Vidic, de 32 a\u00f1os, anunci\u00f3 hoy que abandonar\u00e1 el equipo al final de esta temporada, despu\u00e9s de ocho campa\u00f1as en Old Trafford, donde ha sido uno de los jugadores m\u00e1s respetados por la grada. En un comunicado difundido en la web del club ingl\u00e9s,","inLanguage":"es-ES","isPartOf":{"@id":"https:\/\/www.eldigitaldeasturias.com\/noticias\/#website"},"breadcrumb":{"@id":"https:\/\/www.eldigitaldeasturias.com\/noticias\/vidic-anuncia-su-marcha-del-manchester-united-a-final-de-temporada\/#breadcrumblist"},"author":{"@id":"https:\/\/www.eldigitaldeasturias.com\/noticias\/author\/admin\/#author"},"creator":{"@id":"https:\/\/www.eldigitaldeasturias.com\/noticias\/author\/admin\/#author"},"image":{"@type":"ImageObject","url":486060,"@id":"https:\/\/www.eldigitaldeasturias.com\/noticias\/vidic-anuncia-su-marcha-del-manchester-united-a-final-de-temporada\/#mainImage"},"primaryImageOfPage":{"@id":"https:\/\/www.eldigitaldeasturias.com\/noticias\/vidic-anuncia-su-marcha-del-manchester-united-a-final-de-temporada\/#mainImage"},"datePublished":"2014-02-07T20:59:33+01:00","dateModified":"2014-02-07T20:59:33+01:00"},{"@type":"WebSite","@id":"https:\/\/www.eldigitaldeasturias.com\/noticias\/#website","url":"https:\/\/www.eldigitaldeasturias.com\/noticias\/","name":"El Digital de Asturias - Diario de actualidad y noticias","alternateName":"El Digital de Asturias - Diario de actualidad y noticias","description":"Hemeroteca","inLanguage":"es-ES","publisher":{"@id":"https:\/\/www.eldigitaldeasturias.com\/noticias\/#organization"}}]},"og:locale":"es_ES","og:site_name":"El Digital de Asturias","og:type":"article","og:title":"Vidic anuncia su marcha del Manchester United a final de temporada - El Digital de Asturias","og:description":"Londres, 7 feb (EFE).- El central serbio del Manchester United Nemanja Vidic, de 32 a\u00f1os, anunci\u00f3 hoy que abandonar\u00e1 el equipo al final de esta temporada, despu\u00e9s de ocho campa\u00f1as en Old Trafford, donde ha sido uno de los jugadores m\u00e1s respetados por la grada. En un comunicado difundido en la web del club ingl\u00e9s,","og:url":"https:\/\/www.eldigitaldeasturias.com\/noticias\/vidic-anuncia-su-marcha-del-manchester-united-a-final-de-temporada\/","article:tag":["actualidad"],"article:published_time":"2014-02-07T21:59:33+00:00","article:modified_time":"2014-02-07T21:59:33+00:00","article:publisher":"https:\/\/facebook.com\/eldigitaldeasturias","twitter:card":"summary_large_image","twitter:title":"Vidic anuncia su marcha del Manchester United a final de temporada - El Digital de Asturias","twitter:description":"Londres, 7 feb (EFE).- El central serbio del Manchester United Nemanja Vidic, de 32 a\u00f1os, anunci\u00f3 hoy que abandonar\u00e1 el equipo al final de esta temporada, despu\u00e9s de ocho campa\u00f1as en Old Trafford, donde ha sido uno de los jugadores m\u00e1s respetados por la grada. En un comunicado difundido en la web del club ingl\u00e9s,","twitter:label1":"Escrito por","twitter:data1":"El Digital de Asturias","twitter:label2":"Tiempo de lectura estimado","twitter:data2":"2 minutos"},"aioseo_meta_data":{"post_id":"486059","title":null,"description":null,"keywords":null,"keyphrases":null,"primary_term":null,"canonical_url":null,"og_title":null,"og_description":null,"og_object_type":"default","og_image_type":"default","og_image_url":null,"og_image_width":null,"og_image_height":null,"og_image_custom_url":null,"og_image_custom_fields":null,"og_video":null,"og_custom_url":null,"og_article_section":null,"og_article_tags":null,"twitter_use_og":true,"twitter_card":"default","twitter_image_type":"default","twitter_image_url":null,"twitter_image_custom_url":null,"twitter_image_custom_fields":null,"twitter_title":null,"twitter_description":null,"schema":{"blockGraphs":[],"customGraphs":[],"default":{"data":{"Article":[],"Course":[],"Dataset":[],"FAQPage":[],"Movie":[],"Person":[],"Product":[],"ProductReview":[],"Car":[],"Recipe":[],"Service":[],"SoftwareApplication":[],"WebPage":[]},"graphName":"","isEnabled":true},"graphs":[],"defaultGraph":"","defaultPostTypeGraph":""},"schema_type":null,"schema_type_options":null,"pillar_content":false,"robots_default":true,"robots_noindex":false,"robots_noarchive":false,"robots_nosnippet":false,"robots_nofollow":false,"robots_noimageindex":false,"robots_noodp":false,"robots_notranslate":false,"robots_max_snippet":null,"robots_max_videopreview":null,"robots_max_imagepreview":"none","priority":null,"frequency":null,"local_seo":null,"seo_analyzer_scan_date":"2026-06-02 23:13:49","breadcrumb_settings":null,"limit_modified_date":false,"open_ai":null,"ai":null,"created":"2020-11-14 22:56:02","updated":"2026-06-02 23:13:49","focus_keyword":null,"additional_keywords":null,"truseo_locale":null},"aioseo_breadcrumb":"<div class=\"aioseo-breadcrumbs\"><span class=\"aioseo-breadcrumb\">\n\t<a href=\"https:\/\/www.eldigitaldeasturias.com\/noticias\" title=\"Home\">Home<\/a>\n<\/span><span class=\"aioseo-breadcrumb-separator\">\u2013<\/span><span class=\"aioseo-breadcrumb\">\n\t<a href=\"https:\/\/www.eldigitaldeasturias.com\/noticias\/category\/actualidad\/\" title=\"Actualidad\">Actualidad<\/a>\n<\/span><span class=\"aioseo-breadcrumb-separator\">\u2013<\/span><span class=\"aioseo-breadcrumb\">\n\t<a href=\"https:\/\/www.eldigitaldeasturias.com\/noticias\/vidic-anuncia-su-marcha-del-manchester-united-a-final-de-temporada\/\" title=\"Vidic anuncia su marcha del Manchester United a final de temporada\">Vidic anuncia su marcha del Manchester United a final de temporada<\/a>\n<\/span><\/div>","aioseo_breadcrumb_json":[{"label":"Home","link":"https:\/\/www.eldigitaldeasturias.com\/noticias"},{"label":"Actualidad","link":"https:\/\/www.eldigitaldeasturias.com\/noticias\/category\/actualidad\/"},{"label":"Vidic anuncia su marcha del Manchester United a final de temporada","link":"https:\/\/www.eldigitaldeasturias.com\/noticias\/vidic-anuncia-su-marcha-del-manchester-united-a-final-de-temporada\/"}],"_links":{"self":[{"href":"https:\/\/www.eldigitaldeasturias.com\/noticias\/wp-json\/wp\/v2\/posts\/486059","targetHints":{"allow":["GET"]}}],"collection":[{"href":"https:\/\/www.eldigitaldeasturias.com\/noticias\/wp-json\/wp\/v2\/posts"}],"about":[{"href":"https:\/\/www.eldigitaldeasturias.com\/noticias\/wp-json\/wp\/v2\/types\/post"}],"author":[{"embeddable":true,"href":"https:\/\/www.eldigitaldeasturias.com\/noticias\/wp-json\/wp\/v2\/users\/1"}],"replies":[{"embeddable":true,"href":"https:\/\/www.eldigitaldeasturias.com\/noticias\/wp-json\/wp\/v2\/comments?post=486059"}],"version-history":[{"count":0,"href":"https:\/\/www.eldigitaldeasturias.com\/noticias\/wp-json\/wp\/v2\/posts\/486059\/revisions"}],"wp:attachment":[{"href":"https:\/\/www.eldigitaldeasturias.com\/noticias\/wp-json\/wp\/v2\/media?parent=486059"}],"wp:term":[{"taxonomy":"category","embeddable":true,"href":"https:\/\/www.eldigitaldeasturias.com\/noticias\/wp-json\/wp\/v2\/categories?post=486059"},{"taxonomy":"post_tag","embeddable":true,"href":"https:\/\/www.eldigitaldeasturias.com\/noticias\/wp-json\/wp\/v2\/tags?post=486059"}],"curies":[{"name":"wp","href":"https:\/\/api.w.org\/{rel}","templated":true}]}}