{"id":486050,"date":"2014-02-07T20:54:43","date_gmt":"2014-02-07T21:54:43","guid":{"rendered":"http:\/\/www.eldigitaldeasturias.com\/noticias\/?p=486050"},"modified":"2014-02-07T20:54:43","modified_gmt":"2014-02-07T21:54:43","slug":"bach-afirma-que-el-coi-no-es-un-supergobierno-solo-son-responsables-de-los-jjoo","status":"publish","type":"post","link":"https:\/\/www.eldigitaldeasturias.com\/noticias\/bach-afirma-que-el-coi-no-es-un-supergobierno-solo-son-responsables-de-los-jjoo\/","title":{"rendered":"Bach afirma que el COI no es \u00abun supergobierno\u00bb, solo son \u00abresponsables de los JJOO\u00bb"},"content":{"rendered":"<p><img loading=\"lazy\" decoding=\"async\" class=\"alignleft size-medium wp-image-486051\" alt=\"5919975w\" src=\"https:\/\/www.eldigitaldeasturias.com\/noticias\/wp-content\/uploads\/2014\/02\/5919975w-360x268.jpg\" width=\"360\" height=\"268\" \/>Redacci\u00f3n Deportes, 7 feb (EFE).- El presidente del COI, el alem\u00e1n Thomas Bach, ha defendido hoy que este organismo \u00abno es un gobierno supranacional o un superparlamento\u00bb con capacidad de influencia sobre otros ejecutivos, sino que su responsabilidad es garantizar \u00abque la Carta Ol\u00edmpica se aplica en su totalidad durante los Juegos Ol\u00edmpicos\u00bb, como se va a hacer en Sochi.<\/p>\n<p>\u00abTenemos plena confianza en que la Carta Ol\u00edmpica y sus principios de no discriminaci\u00f3n se van a aplicar\u00bb, ha dicho Bach en una conferencia de prensa ofrecida apenas seis horas antes de la ceremonia inaugural de los Juegos, en la que tuvo que explicar de nuevo la postura del COI sobre las leyes rusas que afectan al colectivo homosexual.<\/p>\n<p>\u00abEl COI es responsable de la aplicaci\u00f3n de la Carta Ol\u00edmpica en los Juegos Ol\u00edmpicos. Tenemos plena confianza en que ser\u00e1 plenamente aplicada en Sochi. Esa es nuestra responsabilidad\u00bb, ha insistido.<\/p>\n<p>Bach ha a\u00f1adido que el organismo que preside, al mostrar al mundo que atletas de todo tipo y condici\u00f3n pueden convivir en la Villa Ol\u00edmpica y competir sin discriminaci\u00f3n alguna en los Juegos, \u00ablanza un mensaje a los pol\u00edticos para que piensen en su responsabilidad en crear una sociedad mejor y pac\u00edfica\u00bb.<\/p>\n<p>El titular del COI no teme que el presidente ruso, Vlad\u00edmir Putin, utilice la ceremonia inaugural de hoy con fines propagand\u00edsticos.<\/p>\n<p>\u00abEl protocolo de la ceremonia es muy claro. El jefe de Estado solo puede decir una frase\u00bb, ha indicado, en referencia a la f\u00f3rmula estipulada &#8216;Declaro inaugurados los Juegos de&#8230;&#8217;.<\/p>\n<p>\u00abEse protocolo lo han respetado todos, con una excepci\u00f3n, en Salt Lake City 2002, y estoy seguro de que hoy se volver\u00e1 a respetar\u00bb, ha dicho.<\/p>\n<p>En el a\u00f1o 2002, en los primeros Juegos tras los atentados del 11-S, el presidente estadounidense, George Bush, proclam\u00f3: \u00abEn el nombre de una orgullosa, decidida e iluminada naci\u00f3n, declaro inaugurados los Juegos de Salt Lake City\u00bb.<\/p>\n<p>Thomas Bach ha pedido que no se hable de las amenazas a la seguridad de los Juegos de Sochi como algo excepcional.<\/p>\n<p>\u00abNo se imaginan la cantidad de amenazas que hemos tenido en anteriores Juegos. En Sydney, en Atenas, en Salt Lake City&#8230; No se pueden particularizar estos Juegos en ese sentido\u00bb, ha insistido, y no ha querido anticipar c\u00f3mo reaccionar\u00e1 el COI ante posibles incidentes.<\/p>\n<p>\u00abNo voy a especular ahora sobre una crisis. Lo que centra mi atenci\u00f3n es que tenemos en Sochi unas excelentes condiciones para los atletas, y eso de lo que se trata en definitiva\u00bb, ha dicho.<\/p>\n<p>El presidente ha asegurado que no est\u00e1 \u00abfrustrado por la ausencia de nadie\u00bb, en referencia a los representantes pol\u00edticos que no acudir\u00e1n hoy a la ceremonia inaugural como forma de mostrar su desacuerdo con alguna de las pol\u00edticas rusas. \u00abEs su decisi\u00f3n\u00bb.<\/p>\n<p>Bach ha recordado que estos Juegos de Invierno ser\u00e1n vistos en 200 pa\u00edses, \u00abm\u00e1s que los Juegos de Pek\u00edn\u00bb.<\/p>\n<p>Tambi\u00e9n se ha mostrado \u00abextremadamente feliz\u00bb por la conclusi\u00f3n hoy de una Sesi\u00f3n del COI \u00abdin\u00e1mica y muy transparente\u00bb y ha mencionado, entre otros datos, que el COI cuenta con unas reservas financieras de 932 millones de d\u00f3lares.<\/p>\n","protected":false},"excerpt":{"rendered":"<p>Redacci\u00f3n Deportes, 7 feb (EFE).- El presidente del COI, el alem\u00e1n Thomas Bach, ha defendido hoy que este organismo \u00abno es un gobierno supranacional o un superparlamento\u00bb con capacidad de influencia sobre otros ejecutivos, sino que su responsabilidad es garantizar \u00abque la Carta Ol\u00edmpica se aplica en su totalidad durante los Juegos Ol\u00edmpicos\u00bb, como se [&hellip;]<\/p>\n","protected":false},"author":1,"featured_media":486051,"comment_status":"open","ping_status":"open","sticky":false,"template":"","format":"standard","meta":{"footnotes":""},"categories":[1],"tags":[],"class_list":["post-486050","post","type-post","status-publish","format-standard","has-post-thumbnail","hentry","category-actualidad"],"aioseo_notices":[],"aioseo_head":"\n\t\t<!-- All in One SEO Pro 5.0.1 - aioseo.com -->\n\t<meta name=\"description\" content=\"Redacci\u00f3n Deportes, 7 feb (EFE).- El presidente del COI, el alem\u00e1n Thomas Bach, ha defendido hoy que este organismo &quot;no es un gobierno supranacional o un superparlamento&quot; con capacidad de influencia sobre otros ejecutivos, sino que su responsabilidad es garantizar &quot;que la Carta Ol\u00edmpica se aplica en su totalidad durante los Juegos Ol\u00edmpicos&quot;, como se\" \/>\n\t<meta name=\"robots\" content=\"max-image-preview:large\" \/>\n\t<meta name=\"author\" content=\"El Digital de Asturias\"\/>\n\t<meta name=\"google-site-verification\" content=\"UA-38556648-1\" \/>\n\t<meta name=\"msvalidate.01\" content=\"7dfe9f3f1b24437ab69f4f2559babe99\" \/>\n\t<meta name=\"keywords\" content=\"actualidad\" \/>\n\t<link rel=\"canonical\" href=\"https:\/\/www.eldigitaldeasturias.com\/noticias\/bach-afirma-que-el-coi-no-es-un-supergobierno-solo-son-responsables-de-los-jjoo\/\" \/>\n\t<meta name=\"generator\" content=\"All in One SEO Pro (AIOSEO) 5.0.1\" \/>\n\t\t<meta property=\"og:locale\" content=\"es_ES\" \/>\n\t\t<meta property=\"og:site_name\" content=\"El Digital de Asturias\" \/>\n\t\t<meta property=\"og:type\" content=\"article\" \/>\n\t\t<meta property=\"og:title\" content=\"Bach afirma que el COI no es \u00abun supergobierno\u00bb, solo son \u00abresponsables de los JJOO\u00bb - El Digital de Asturias\" \/>\n\t\t<meta property=\"og:description\" content=\"Redacci\u00f3n Deportes, 7 feb (EFE).- El presidente del COI, el alem\u00e1n Thomas Bach, ha defendido hoy que este organismo &quot;no es un gobierno supranacional o un superparlamento&quot; con capacidad de influencia sobre otros ejecutivos, sino que su responsabilidad es garantizar &quot;que la Carta Ol\u00edmpica se aplica en su totalidad durante los Juegos Ol\u00edmpicos&quot;, como se\" \/>\n\t\t<meta property=\"og:url\" content=\"https:\/\/www.eldigitaldeasturias.com\/noticias\/bach-afirma-que-el-coi-no-es-un-supergobierno-solo-son-responsables-de-los-jjoo\/\" \/>\n\t\t<meta property=\"article:tag\" content=\"actualidad\" \/>\n\t\t<meta property=\"article:published_time\" content=\"2014-02-07T21:54:43+00:00\" \/>\n\t\t<meta property=\"article:modified_time\" content=\"2014-02-07T21:54:43+00:00\" \/>\n\t\t<meta property=\"article:publisher\" content=\"https:\/\/facebook.com\/eldigitaldeasturias\" \/>\n\t\t<meta name=\"twitter:card\" content=\"summary_large_image\" \/>\n\t\t<meta name=\"twitter:title\" content=\"Bach afirma que el COI no es \u00abun supergobierno\u00bb, solo son \u00abresponsables de los JJOO\u00bb - El Digital de Asturias\" \/>\n\t\t<meta name=\"twitter:description\" content=\"Redacci\u00f3n Deportes, 7 feb (EFE).- El presidente del COI, el alem\u00e1n Thomas Bach, ha defendido hoy que este organismo &quot;no es un gobierno supranacional o un superparlamento&quot; con capacidad de influencia sobre otros ejecutivos, sino que su responsabilidad es garantizar &quot;que la Carta Ol\u00edmpica se aplica en su totalidad durante los Juegos Ol\u00edmpicos&quot;, como se\" \/>\n\t\t<meta name=\"twitter:label1\" content=\"Escrito por\" \/>\n\t\t<meta name=\"twitter:data1\" content=\"El Digital de Asturias\" \/>\n\t\t<meta name=\"twitter:label2\" content=\"Tiempo de lectura estimado\" \/>\n\t\t<meta name=\"twitter:data2\" content=\"3 minutos\" \/>\n\t\t<script type=\"application\/ld+json\" class=\"aioseo-schema\">\n\t\t\t{\"@context\":\"https:\\\/\\\/schema.org\",\"@graph\":[{\"@type\":\"BlogPosting\",\"@id\":\"https:\\\/\\\/www.eldigitaldeasturias.com\\\/noticias\\\/bach-afirma-que-el-coi-no-es-un-supergobierno-solo-son-responsables-de-los-jjoo\\\/#blogposting\",\"name\":\"Bach afirma que el COI no es \\u00abun supergobierno\\u00bb, solo son \\u00abresponsables de los JJOO\\u00bb - El Digital de Asturias\",\"headline\":\"Bach afirma que el COI no es \\u00abun supergobierno\\u00bb, solo son \\u00abresponsables de los JJOO\\u00bb\",\"author\":{\"@id\":\"https:\\\/\\\/www.eldigitaldeasturias.com\\\/noticias\\\/author\\\/admin\\\/#author\"},\"publisher\":{\"@id\":\"https:\\\/\\\/www.eldigitaldeasturias.com\\\/noticias\\\/#organization\"},\"image\":{\"@type\":\"ImageObject\",\"url\":486051},\"datePublished\":\"2014-02-07T20:54:43+01:00\",\"dateModified\":\"2014-02-07T20:54:43+01:00\",\"inLanguage\":\"es-ES\",\"mainEntityOfPage\":{\"@id\":\"https:\\\/\\\/www.eldigitaldeasturias.com\\\/noticias\\\/bach-afirma-que-el-coi-no-es-un-supergobierno-solo-son-responsables-de-los-jjoo\\\/#webpage\"},\"isPartOf\":{\"@id\":\"https:\\\/\\\/www.eldigitaldeasturias.com\\\/noticias\\\/bach-afirma-que-el-coi-no-es-un-supergobierno-solo-son-responsables-de-los-jjoo\\\/#webpage\"},\"articleSection\":\"Actualidad\"},{\"@type\":\"BreadcrumbList\",\"@id\":\"https:\\\/\\\/www.eldigitaldeasturias.com\\\/noticias\\\/bach-afirma-que-el-coi-no-es-un-supergobierno-solo-son-responsables-de-los-jjoo\\\/#breadcrumblist\",\"itemListElement\":[{\"@type\":\"ListItem\",\"@id\":\"https:\\\/\\\/www.eldigitaldeasturias.com\\\/noticias#listItem\",\"position\":1,\"name\":\"Home\",\"item\":\"https:\\\/\\\/www.eldigitaldeasturias.com\\\/noticias\",\"nextItem\":{\"@type\":\"ListItem\",\"@id\":\"https:\\\/\\\/www.eldigitaldeasturias.com\\\/noticias\\\/category\\\/actualidad\\\/#listItem\",\"name\":\"Actualidad\"}},{\"@type\":\"ListItem\",\"@id\":\"https:\\\/\\\/www.eldigitaldeasturias.com\\\/noticias\\\/category\\\/actualidad\\\/#listItem\",\"position\":2,\"name\":\"Actualidad\",\"item\":\"https:\\\/\\\/www.eldigitaldeasturias.com\\\/noticias\\\/category\\\/actualidad\\\/\",\"nextItem\":{\"@type\":\"ListItem\",\"@id\":\"https:\\\/\\\/www.eldigitaldeasturias.com\\\/noticias\\\/bach-afirma-que-el-coi-no-es-un-supergobierno-solo-son-responsables-de-los-jjoo\\\/#listItem\",\"name\":\"Bach afirma que el COI no es \\u00abun supergobierno\\u00bb, solo son \\u00abresponsables de los JJOO\\u00bb\"},\"previousItem\":{\"@type\":\"ListItem\",\"@id\":\"https:\\\/\\\/www.eldigitaldeasturias.com\\\/noticias#listItem\",\"name\":\"Home\"}},{\"@type\":\"ListItem\",\"@id\":\"https:\\\/\\\/www.eldigitaldeasturias.com\\\/noticias\\\/bach-afirma-que-el-coi-no-es-un-supergobierno-solo-son-responsables-de-los-jjoo\\\/#listItem\",\"position\":3,\"name\":\"Bach afirma que el COI no es \\u00abun supergobierno\\u00bb, solo son \\u00abresponsables de los JJOO\\u00bb\",\"previousItem\":{\"@type\":\"ListItem\",\"@id\":\"https:\\\/\\\/www.eldigitaldeasturias.com\\\/noticias\\\/category\\\/actualidad\\\/#listItem\",\"name\":\"Actualidad\"}}]},{\"@type\":\"Organization\",\"@id\":\"https:\\\/\\\/www.eldigitaldeasturias.com\\\/noticias\\\/#organization\",\"name\":\"El Digital de Asturias\",\"description\":\"Hemeroteca\",\"url\":\"https:\\\/\\\/www.eldigitaldeasturias.com\\\/noticias\\\/\",\"email\":\"info@eldigitaldeasturias.com\",\"telephone\":\"+34652131393\",\"logo\":{\"@type\":\"ImageObject\",\"url\":\"https:\\\/\\\/www.eldigitaldeasturias.com\\\/noticias\\\/wp-content\\\/uploads\\\/2020\\\/12\\\/EDA.jpg\",\"@id\":\"https:\\\/\\\/www.eldigitaldeasturias.com\\\/noticias\\\/bach-afirma-que-el-coi-no-es-un-supergobierno-solo-son-responsables-de-los-jjoo\\\/#organizationLogo\"},\"image\":{\"@id\":\"https:\\\/\\\/www.eldigitaldeasturias.com\\\/noticias\\\/bach-afirma-que-el-coi-no-es-un-supergobierno-solo-son-responsables-de-los-jjoo\\\/#organizationLogo\"},\"sameAs\":[\"https:\\\/\\\/facebook.com\\\/eldigitaldeasturias\",\"https:\\\/\\\/www.youtube.com\\\/channel\\\/UCZP-2wLEB9Rv6erhFmqVnvg\"],\"address\":{\"@id\":\"https:\\\/\\\/www.eldigitaldeasturias.com\\\/noticias\\\/#postaladdress\",\"@type\":\"PostalAddress\",\"streetAddress\":\"san antonio 4\",\"postalCode\":\"33430\",\"addressLocality\":\"Cand\\u00e1s\",\"addressRegion\":\"Asturias\",\"addressCountry\":\"ES\"}},{\"@type\":\"Person\",\"@id\":\"https:\\\/\\\/www.eldigitaldeasturias.com\\\/noticias\\\/author\\\/admin\\\/#author\",\"url\":\"https:\\\/\\\/www.eldigitaldeasturias.com\\\/noticias\\\/author\\\/admin\\\/\",\"name\":\"El Digital de Asturias\",\"image\":{\"@type\":\"ImageObject\",\"@id\":\"https:\\\/\\\/www.eldigitaldeasturias.com\\\/noticias\\\/bach-afirma-que-el-coi-no-es-un-supergobierno-solo-son-responsables-de-los-jjoo\\\/#authorImage\",\"url\":\"https:\\\/\\\/secure.gravatar.com\\\/avatar\\\/df2aeffc32bcd13f8d26072ef8a91b623d677766deac7f97ca815868cd41bf5e?s=96&d=mm&r=g\",\"width\":96,\"height\":96,\"caption\":\"El Digital de Asturias\"}},{\"@type\":\"WebPage\",\"@id\":\"https:\\\/\\\/www.eldigitaldeasturias.com\\\/noticias\\\/bach-afirma-que-el-coi-no-es-un-supergobierno-solo-son-responsables-de-los-jjoo\\\/#webpage\",\"url\":\"https:\\\/\\\/www.eldigitaldeasturias.com\\\/noticias\\\/bach-afirma-que-el-coi-no-es-un-supergobierno-solo-son-responsables-de-los-jjoo\\\/\",\"name\":\"Bach afirma que el COI no es \\u00abun supergobierno\\u00bb, solo son \\u00abresponsables de los JJOO\\u00bb - El Digital de Asturias\",\"description\":\"Redacci\\u00f3n Deportes, 7 feb (EFE).- El presidente del COI, el alem\\u00e1n Thomas Bach, ha defendido hoy que este organismo \\\"no es un gobierno supranacional o un superparlamento\\\" con capacidad de influencia sobre otros ejecutivos, sino que su responsabilidad es garantizar \\\"que la Carta Ol\\u00edmpica se aplica en su totalidad durante los Juegos Ol\\u00edmpicos\\\", como se\",\"inLanguage\":\"es-ES\",\"isPartOf\":{\"@id\":\"https:\\\/\\\/www.eldigitaldeasturias.com\\\/noticias\\\/#website\"},\"breadcrumb\":{\"@id\":\"https:\\\/\\\/www.eldigitaldeasturias.com\\\/noticias\\\/bach-afirma-que-el-coi-no-es-un-supergobierno-solo-son-responsables-de-los-jjoo\\\/#breadcrumblist\"},\"author\":{\"@id\":\"https:\\\/\\\/www.eldigitaldeasturias.com\\\/noticias\\\/author\\\/admin\\\/#author\"},\"creator\":{\"@id\":\"https:\\\/\\\/www.eldigitaldeasturias.com\\\/noticias\\\/author\\\/admin\\\/#author\"},\"image\":{\"@type\":\"ImageObject\",\"url\":486051,\"@id\":\"https:\\\/\\\/www.eldigitaldeasturias.com\\\/noticias\\\/bach-afirma-que-el-coi-no-es-un-supergobierno-solo-son-responsables-de-los-jjoo\\\/#mainImage\"},\"primaryImageOfPage\":{\"@id\":\"https:\\\/\\\/www.eldigitaldeasturias.com\\\/noticias\\\/bach-afirma-que-el-coi-no-es-un-supergobierno-solo-son-responsables-de-los-jjoo\\\/#mainImage\"},\"datePublished\":\"2014-02-07T20:54:43+01:00\",\"dateModified\":\"2014-02-07T20:54:43+01:00\"},{\"@type\":\"WebSite\",\"@id\":\"https:\\\/\\\/www.eldigitaldeasturias.com\\\/noticias\\\/#website\",\"url\":\"https:\\\/\\\/www.eldigitaldeasturias.com\\\/noticias\\\/\",\"name\":\"El Digital de Asturias - Diario de actualidad y noticias\",\"alternateName\":\"El Digital de Asturias - Diario de actualidad y noticias\",\"description\":\"Hemeroteca\",\"inLanguage\":\"es-ES\",\"publisher\":{\"@id\":\"https:\\\/\\\/www.eldigitaldeasturias.com\\\/noticias\\\/#organization\"}}]}\n\t\t<\/script>\n\t\t<!-- All in One SEO Pro -->\r\n\t\t<title>Bach afirma que el COI no es \u00abun supergobierno\u00bb, solo son \u00abresponsables de los JJOO\u00bb - El Digital de Asturias<\/title>\n\n","aioseo_head_json":{"title":"Bach afirma que el COI no es \u00abun supergobierno\u00bb, solo son \u00abresponsables de los JJOO\u00bb - El Digital de Asturias","description":"Redacci\u00f3n Deportes, 7 feb (EFE).- El presidente del COI, el alem\u00e1n Thomas Bach, ha defendido hoy que este organismo \"no es un gobierno supranacional o un superparlamento\" con capacidad de influencia sobre otros ejecutivos, sino que su responsabilidad es garantizar \"que la Carta Ol\u00edmpica se aplica en su totalidad durante los Juegos Ol\u00edmpicos\", como se","canonical_url":"https:\/\/www.eldigitaldeasturias.com\/noticias\/bach-afirma-que-el-coi-no-es-un-supergobierno-solo-son-responsables-de-los-jjoo\/","robots":"max-image-preview:large","keywords":"actualidad","webmasterTools":{"google-site-verification":"UA-38556648-1","msvalidate.01":"7dfe9f3f1b24437ab69f4f2559babe99","miscellaneous":""},"schema":{"@context":"https:\/\/schema.org","@graph":[{"@type":"BlogPosting","@id":"https:\/\/www.eldigitaldeasturias.com\/noticias\/bach-afirma-que-el-coi-no-es-un-supergobierno-solo-son-responsables-de-los-jjoo\/#blogposting","name":"Bach afirma que el COI no es \u00abun supergobierno\u00bb, solo son \u00abresponsables de los JJOO\u00bb - El Digital de Asturias","headline":"Bach afirma que el COI no es \u00abun supergobierno\u00bb, solo son \u00abresponsables de los JJOO\u00bb","author":{"@id":"https:\/\/www.eldigitaldeasturias.com\/noticias\/author\/admin\/#author"},"publisher":{"@id":"https:\/\/www.eldigitaldeasturias.com\/noticias\/#organization"},"image":{"@type":"ImageObject","url":486051},"datePublished":"2014-02-07T20:54:43+01:00","dateModified":"2014-02-07T20:54:43+01:00","inLanguage":"es-ES","mainEntityOfPage":{"@id":"https:\/\/www.eldigitaldeasturias.com\/noticias\/bach-afirma-que-el-coi-no-es-un-supergobierno-solo-son-responsables-de-los-jjoo\/#webpage"},"isPartOf":{"@id":"https:\/\/www.eldigitaldeasturias.com\/noticias\/bach-afirma-que-el-coi-no-es-un-supergobierno-solo-son-responsables-de-los-jjoo\/#webpage"},"articleSection":"Actualidad"},{"@type":"BreadcrumbList","@id":"https:\/\/www.eldigitaldeasturias.com\/noticias\/bach-afirma-que-el-coi-no-es-un-supergobierno-solo-son-responsables-de-los-jjoo\/#breadcrumblist","itemListElement":[{"@type":"ListItem","@id":"https:\/\/www.eldigitaldeasturias.com\/noticias#listItem","position":1,"name":"Home","item":"https:\/\/www.eldigitaldeasturias.com\/noticias","nextItem":{"@type":"ListItem","@id":"https:\/\/www.eldigitaldeasturias.com\/noticias\/category\/actualidad\/#listItem","name":"Actualidad"}},{"@type":"ListItem","@id":"https:\/\/www.eldigitaldeasturias.com\/noticias\/category\/actualidad\/#listItem","position":2,"name":"Actualidad","item":"https:\/\/www.eldigitaldeasturias.com\/noticias\/category\/actualidad\/","nextItem":{"@type":"ListItem","@id":"https:\/\/www.eldigitaldeasturias.com\/noticias\/bach-afirma-que-el-coi-no-es-un-supergobierno-solo-son-responsables-de-los-jjoo\/#listItem","name":"Bach afirma que el COI no es \u00abun supergobierno\u00bb, solo son \u00abresponsables de los JJOO\u00bb"},"previousItem":{"@type":"ListItem","@id":"https:\/\/www.eldigitaldeasturias.com\/noticias#listItem","name":"Home"}},{"@type":"ListItem","@id":"https:\/\/www.eldigitaldeasturias.com\/noticias\/bach-afirma-que-el-coi-no-es-un-supergobierno-solo-son-responsables-de-los-jjoo\/#listItem","position":3,"name":"Bach afirma que el COI no es \u00abun supergobierno\u00bb, solo son \u00abresponsables de los JJOO\u00bb","previousItem":{"@type":"ListItem","@id":"https:\/\/www.eldigitaldeasturias.com\/noticias\/category\/actualidad\/#listItem","name":"Actualidad"}}]},{"@type":"Organization","@id":"https:\/\/www.eldigitaldeasturias.com\/noticias\/#organization","name":"El Digital de Asturias","description":"Hemeroteca","url":"https:\/\/www.eldigitaldeasturias.com\/noticias\/","email":"info@eldigitaldeasturias.com","telephone":"+34652131393","logo":{"@type":"ImageObject","url":"https:\/\/www.eldigitaldeasturias.com\/noticias\/wp-content\/uploads\/2020\/12\/EDA.jpg","@id":"https:\/\/www.eldigitaldeasturias.com\/noticias\/bach-afirma-que-el-coi-no-es-un-supergobierno-solo-son-responsables-de-los-jjoo\/#organizationLogo"},"image":{"@id":"https:\/\/www.eldigitaldeasturias.com\/noticias\/bach-afirma-que-el-coi-no-es-un-supergobierno-solo-son-responsables-de-los-jjoo\/#organizationLogo"},"sameAs":["https:\/\/facebook.com\/eldigitaldeasturias","https:\/\/www.youtube.com\/channel\/UCZP-2wLEB9Rv6erhFmqVnvg"],"address":{"@id":"https:\/\/www.eldigitaldeasturias.com\/noticias\/#postaladdress","@type":"PostalAddress","streetAddress":"san antonio 4","postalCode":"33430","addressLocality":"Cand\u00e1s","addressRegion":"Asturias","addressCountry":"ES"}},{"@type":"Person","@id":"https:\/\/www.eldigitaldeasturias.com\/noticias\/author\/admin\/#author","url":"https:\/\/www.eldigitaldeasturias.com\/noticias\/author\/admin\/","name":"El Digital de Asturias","image":{"@type":"ImageObject","@id":"https:\/\/www.eldigitaldeasturias.com\/noticias\/bach-afirma-que-el-coi-no-es-un-supergobierno-solo-son-responsables-de-los-jjoo\/#authorImage","url":"https:\/\/secure.gravatar.com\/avatar\/df2aeffc32bcd13f8d26072ef8a91b623d677766deac7f97ca815868cd41bf5e?s=96&d=mm&r=g","width":96,"height":96,"caption":"El Digital de Asturias"}},{"@type":"WebPage","@id":"https:\/\/www.eldigitaldeasturias.com\/noticias\/bach-afirma-que-el-coi-no-es-un-supergobierno-solo-son-responsables-de-los-jjoo\/#webpage","url":"https:\/\/www.eldigitaldeasturias.com\/noticias\/bach-afirma-que-el-coi-no-es-un-supergobierno-solo-son-responsables-de-los-jjoo\/","name":"Bach afirma que el COI no es \u00abun supergobierno\u00bb, solo son \u00abresponsables de los JJOO\u00bb - El Digital de Asturias","description":"Redacci\u00f3n Deportes, 7 feb (EFE).- El presidente del COI, el alem\u00e1n Thomas Bach, ha defendido hoy que este organismo \"no es un gobierno supranacional o un superparlamento\" con capacidad de influencia sobre otros ejecutivos, sino que su responsabilidad es garantizar \"que la Carta Ol\u00edmpica se aplica en su totalidad durante los Juegos Ol\u00edmpicos\", como se","inLanguage":"es-ES","isPartOf":{"@id":"https:\/\/www.eldigitaldeasturias.com\/noticias\/#website"},"breadcrumb":{"@id":"https:\/\/www.eldigitaldeasturias.com\/noticias\/bach-afirma-que-el-coi-no-es-un-supergobierno-solo-son-responsables-de-los-jjoo\/#breadcrumblist"},"author":{"@id":"https:\/\/www.eldigitaldeasturias.com\/noticias\/author\/admin\/#author"},"creator":{"@id":"https:\/\/www.eldigitaldeasturias.com\/noticias\/author\/admin\/#author"},"image":{"@type":"ImageObject","url":486051,"@id":"https:\/\/www.eldigitaldeasturias.com\/noticias\/bach-afirma-que-el-coi-no-es-un-supergobierno-solo-son-responsables-de-los-jjoo\/#mainImage"},"primaryImageOfPage":{"@id":"https:\/\/www.eldigitaldeasturias.com\/noticias\/bach-afirma-que-el-coi-no-es-un-supergobierno-solo-son-responsables-de-los-jjoo\/#mainImage"},"datePublished":"2014-02-07T20:54:43+01:00","dateModified":"2014-02-07T20:54:43+01:00"},{"@type":"WebSite","@id":"https:\/\/www.eldigitaldeasturias.com\/noticias\/#website","url":"https:\/\/www.eldigitaldeasturias.com\/noticias\/","name":"El Digital de Asturias - Diario de actualidad y noticias","alternateName":"El Digital de Asturias - Diario de actualidad y noticias","description":"Hemeroteca","inLanguage":"es-ES","publisher":{"@id":"https:\/\/www.eldigitaldeasturias.com\/noticias\/#organization"}}]},"og:locale":"es_ES","og:site_name":"El Digital de Asturias","og:type":"article","og:title":"Bach afirma que el COI no es \u00abun supergobierno\u00bb, solo son \u00abresponsables de los JJOO\u00bb - El Digital de Asturias","og:description":"Redacci\u00f3n Deportes, 7 feb (EFE).- El presidente del COI, el alem\u00e1n Thomas Bach, ha defendido hoy que este organismo &quot;no es un gobierno supranacional o un superparlamento&quot; con capacidad de influencia sobre otros ejecutivos, sino que su responsabilidad es garantizar &quot;que la Carta Ol\u00edmpica se aplica en su totalidad durante los Juegos Ol\u00edmpicos&quot;, como se","og:url":"https:\/\/www.eldigitaldeasturias.com\/noticias\/bach-afirma-que-el-coi-no-es-un-supergobierno-solo-son-responsables-de-los-jjoo\/","article:tag":["actualidad"],"article:published_time":"2014-02-07T21:54:43+00:00","article:modified_time":"2014-02-07T21:54:43+00:00","article:publisher":"https:\/\/facebook.com\/eldigitaldeasturias","twitter:card":"summary_large_image","twitter:title":"Bach afirma que el COI no es \u00abun supergobierno\u00bb, solo son \u00abresponsables de los JJOO\u00bb - El Digital de Asturias","twitter:description":"Redacci\u00f3n Deportes, 7 feb (EFE).- El presidente del COI, el alem\u00e1n Thomas Bach, ha defendido hoy que este organismo &quot;no es un gobierno supranacional o un superparlamento&quot; con capacidad de influencia sobre otros ejecutivos, sino que su responsabilidad es garantizar &quot;que la Carta Ol\u00edmpica se aplica en su totalidad durante los Juegos Ol\u00edmpicos&quot;, como se","twitter:label1":"Escrito por","twitter:data1":"El Digital de Asturias","twitter:label2":"Tiempo de lectura estimado","twitter:data2":"3 minutos"},"aioseo_meta_data":{"post_id":"486050","title":null,"description":null,"keywords":null,"keyphrases":null,"primary_term":null,"canonical_url":null,"og_title":null,"og_description":null,"og_object_type":"default","og_image_type":"default","og_image_url":null,"og_image_width":null,"og_image_height":null,"og_image_custom_url":null,"og_image_custom_fields":null,"og_video":null,"og_custom_url":null,"og_article_section":null,"og_article_tags":null,"twitter_use_og":true,"twitter_card":"default","twitter_image_type":"default","twitter_image_url":null,"twitter_image_custom_url":null,"twitter_image_custom_fields":null,"twitter_title":null,"twitter_description":null,"schema":{"blockGraphs":[],"customGraphs":[],"default":{"data":{"Article":[],"Course":[],"Dataset":[],"FAQPage":[],"Movie":[],"Person":[],"Product":[],"ProductReview":[],"Car":[],"Recipe":[],"Service":[],"SoftwareApplication":[],"WebPage":[]},"graphName":"","isEnabled":true},"graphs":[],"defaultGraph":"","defaultPostTypeGraph":""},"schema_type":null,"schema_type_options":null,"pillar_content":false,"robots_default":true,"robots_noindex":false,"robots_noarchive":false,"robots_nosnippet":false,"robots_nofollow":false,"robots_noimageindex":false,"robots_noodp":false,"robots_notranslate":false,"robots_max_snippet":null,"robots_max_videopreview":null,"robots_max_imagepreview":"none","priority":null,"frequency":null,"local_seo":null,"seo_analyzer_scan_date":"2026-06-02 23:13:47","breadcrumb_settings":null,"limit_modified_date":false,"open_ai":null,"ai":null,"created":"2020-11-14 22:56:02","updated":"2026-06-02 23:13:47","focus_keyword":null,"additional_keywords":null,"truseo_locale":null},"aioseo_breadcrumb":"<div class=\"aioseo-breadcrumbs\"><span class=\"aioseo-breadcrumb\">\n\t<a href=\"https:\/\/www.eldigitaldeasturias.com\/noticias\" title=\"Home\">Home<\/a>\n<\/span><span class=\"aioseo-breadcrumb-separator\">\u2013<\/span><span class=\"aioseo-breadcrumb\">\n\t<a href=\"https:\/\/www.eldigitaldeasturias.com\/noticias\/category\/actualidad\/\" title=\"Actualidad\">Actualidad<\/a>\n<\/span><span class=\"aioseo-breadcrumb-separator\">\u2013<\/span><span class=\"aioseo-breadcrumb\">\n\t<a href=\"https:\/\/www.eldigitaldeasturias.com\/noticias\/bach-afirma-que-el-coi-no-es-un-supergobierno-solo-son-responsables-de-los-jjoo\/\" title=\"Bach afirma que el COI no es \u00abun supergobierno\u00bb, solo son \u00abresponsables de los JJOO\u00bb\">Bach afirma que el COI no es \u00abun supergobierno\u00bb, solo son \u00abresponsables de los JJOO\u00bb<\/a>\n<\/span><\/div>","aioseo_breadcrumb_json":[{"label":"Home","link":"https:\/\/www.eldigitaldeasturias.com\/noticias"},{"label":"Actualidad","link":"https:\/\/www.eldigitaldeasturias.com\/noticias\/category\/actualidad\/"},{"label":"Bach afirma que el COI no es \u00abun supergobierno\u00bb, solo son \u00abresponsables de los JJOO\u00bb","link":"https:\/\/www.eldigitaldeasturias.com\/noticias\/bach-afirma-que-el-coi-no-es-un-supergobierno-solo-son-responsables-de-los-jjoo\/"}],"_links":{"self":[{"href":"https:\/\/www.eldigitaldeasturias.com\/noticias\/wp-json\/wp\/v2\/posts\/486050","targetHints":{"allow":["GET"]}}],"collection":[{"href":"https:\/\/www.eldigitaldeasturias.com\/noticias\/wp-json\/wp\/v2\/posts"}],"about":[{"href":"https:\/\/www.eldigitaldeasturias.com\/noticias\/wp-json\/wp\/v2\/types\/post"}],"author":[{"embeddable":true,"href":"https:\/\/www.eldigitaldeasturias.com\/noticias\/wp-json\/wp\/v2\/users\/1"}],"replies":[{"embeddable":true,"href":"https:\/\/www.eldigitaldeasturias.com\/noticias\/wp-json\/wp\/v2\/comments?post=486050"}],"version-history":[{"count":0,"href":"https:\/\/www.eldigitaldeasturias.com\/noticias\/wp-json\/wp\/v2\/posts\/486050\/revisions"}],"wp:attachment":[{"href":"https:\/\/www.eldigitaldeasturias.com\/noticias\/wp-json\/wp\/v2\/media?parent=486050"}],"wp:term":[{"taxonomy":"category","embeddable":true,"href":"https:\/\/www.eldigitaldeasturias.com\/noticias\/wp-json\/wp\/v2\/categories?post=486050"},{"taxonomy":"post_tag","embeddable":true,"href":"https:\/\/www.eldigitaldeasturias.com\/noticias\/wp-json\/wp\/v2\/tags?post=486050"}],"curies":[{"name":"wp","href":"https:\/\/api.w.org\/{rel}","templated":true}]}}