{"id":486044,"date":"2014-02-07T20:52:52","date_gmt":"2014-02-07T21:52:52","guid":{"rendered":"http:\/\/www.eldigitaldeasturias.com\/noticias\/?p=486044"},"modified":"2014-02-07T20:52:52","modified_gmt":"2014-02-07T21:52:52","slug":"sudafrica-celebrara-el-7-de-mayo-sus-primeras-elecciones-sin-mandela","status":"publish","type":"post","link":"https:\/\/www.eldigitaldeasturias.com\/noticias\/sudafrica-celebrara-el-7-de-mayo-sus-primeras-elecciones-sin-mandela\/","title":{"rendered":"Sud\u00e1frica celebrar\u00e1 el 7 de mayo sus primeras elecciones sin Mandela"},"content":{"rendered":"<p><img loading=\"lazy\" decoding=\"async\" class=\"alignleft size-medium wp-image-486045\" alt=\"5919795w\" src=\"https:\/\/www.eldigitaldeasturias.com\/noticias\/wp-content\/uploads\/2014\/02\/5919795w-360x252.jpg\" width=\"360\" height=\"252\" \/>Johannesburgo, 7 feb (EFE).- Sud\u00e1frica celebrar\u00e1 el pr\u00f3ximo 7 de mayo sus primeras elecciones generales sin su expresidente Nelson Mandela, fallecido el pasado 5 de diciembre, anunci\u00f3 hoy el jefe del Estado del pa\u00eds austral, Jacob Zuma.<\/p>\n<p>Despu\u00e9s de cinco a\u00f1os en el poder, el propio Zuma es el favorito en los comicios, que tendr\u00e1n lugar en el vig\u00e9simo aniversario de la ca\u00edda del r\u00e9gimen segregacionista del \u00abapartheid\u00bb y de la llegada de la democracia multirracial.<\/p>\n<p>Los analistas pronostican una importante ca\u00edda del gubernamental Congreso Nacional Africano (CNA) de Zuma, que desde 1994 ha ganado todas las elecciones con m\u00e1s del 60 por ciento de los votos y podr\u00eda bajar en esta cita cerca de la barrera del 50 %.<\/p>\n<p>Los esc\u00e1ndalos de corrupci\u00f3n y la mala gesti\u00f3n son algunos de los factores que explican la crisis de popularidad del CNA, partido al que perteneci\u00f3 Mandela y que lider\u00f3 la lucha contra el \u00abapartheid\u00bb y la transici\u00f3n a la democracia.<\/p>\n<p>\u00abQuiero informar al pueblo de Sud\u00e1frica en el pa\u00eds y en el extranjero de que las quintas elecciones generales de la Rep\u00fablica de Sud\u00e1frica tendr\u00e1n lugar el 7 de mayo de 2014\u00bb, dijo Zuma en un comunicado.<\/p>\n<p>\u00abEstamos muy orgullosos de la forma en que seguimos los procesos constitucionales y democr\u00e1ticos en nuestro pa\u00eds. Celebramos elecciones generales sin falta cada cinco a\u00f1os, lo que demuestra nuestra madurez democr\u00e1tica\u00bb, se\u00f1al\u00f3 el presidente.<\/p>\n<p>Zuma record\u00f3 que el plazo de registro de los ciudadanos para votar se cierra este domingo, 9 de febrero, y anim\u00f3 a todos los sudafricanos, y especialmente a los j\u00f3venes, a inscribirse y poder ejercer as\u00ed su derecho al sufragio.<\/p>\n<p>Sud\u00e1frica se aproxima a las elecciones en medio de un clima de tensi\u00f3n en muchos antiguos guetos negros y zonas rurales deprimidas, donde cada d\u00eda se registran protestas violentas contra las autoridades por el deterioro de los servicios p\u00fablicos.<\/p>\n<p>Desde el inicio de 2014, al menos nueve personas han muerto en estos disturbios.<\/p>\n<p>&nbsp;<\/p>\n","protected":false},"excerpt":{"rendered":"<p>Johannesburgo, 7 feb (EFE).- Sud\u00e1frica celebrar\u00e1 el pr\u00f3ximo 7 de mayo sus primeras elecciones generales sin su expresidente Nelson Mandela, fallecido el pasado 5 de diciembre, anunci\u00f3 hoy el jefe del Estado del pa\u00eds austral, Jacob Zuma. Despu\u00e9s de cinco a\u00f1os en el poder, el propio Zuma es el favorito en los comicios, que tendr\u00e1n [&hellip;]<\/p>\n","protected":false},"author":1,"featured_media":486045,"comment_status":"open","ping_status":"open","sticky":false,"template":"","format":"standard","meta":{"footnotes":""},"categories":[1],"tags":[],"class_list":["post-486044","post","type-post","status-publish","format-standard","has-post-thumbnail","hentry","category-actualidad"],"aioseo_notices":[],"aioseo_head":"\n\t\t<!-- All in One SEO Pro 5.0.1 - aioseo.com -->\n\t<meta name=\"description\" content=\"Johannesburgo, 7 feb (EFE).- Sud\u00e1frica celebrar\u00e1 el pr\u00f3ximo 7 de mayo sus primeras elecciones generales sin su expresidente Nelson Mandela, fallecido el pasado 5 de diciembre, anunci\u00f3 hoy el jefe del Estado del pa\u00eds austral, Jacob Zuma. Despu\u00e9s de cinco a\u00f1os en el poder, el propio Zuma es el favorito en los comicios, que tendr\u00e1n\" \/>\n\t<meta name=\"robots\" content=\"max-image-preview:large\" \/>\n\t<meta name=\"author\" content=\"El Digital de Asturias\"\/>\n\t<meta name=\"google-site-verification\" content=\"UA-38556648-1\" \/>\n\t<meta name=\"msvalidate.01\" content=\"7dfe9f3f1b24437ab69f4f2559babe99\" \/>\n\t<meta name=\"keywords\" content=\"actualidad\" \/>\n\t<link rel=\"canonical\" href=\"https:\/\/www.eldigitaldeasturias.com\/noticias\/sudafrica-celebrara-el-7-de-mayo-sus-primeras-elecciones-sin-mandela\/\" \/>\n\t<meta name=\"generator\" content=\"All in One SEO Pro (AIOSEO) 5.0.1\" \/>\n\t\t<meta property=\"og:locale\" content=\"es_ES\" \/>\n\t\t<meta property=\"og:site_name\" content=\"El Digital de Asturias\" \/>\n\t\t<meta property=\"og:type\" content=\"article\" \/>\n\t\t<meta property=\"og:title\" content=\"Sud\u00e1frica celebrar\u00e1 el 7 de mayo sus primeras elecciones sin Mandela - El Digital de Asturias\" \/>\n\t\t<meta property=\"og:description\" content=\"Johannesburgo, 7 feb (EFE).- Sud\u00e1frica celebrar\u00e1 el pr\u00f3ximo 7 de mayo sus primeras elecciones generales sin su expresidente Nelson Mandela, fallecido el pasado 5 de diciembre, anunci\u00f3 hoy el jefe del Estado del pa\u00eds austral, Jacob Zuma. Despu\u00e9s de cinco a\u00f1os en el poder, el propio Zuma es el favorito en los comicios, que tendr\u00e1n\" \/>\n\t\t<meta property=\"og:url\" content=\"https:\/\/www.eldigitaldeasturias.com\/noticias\/sudafrica-celebrara-el-7-de-mayo-sus-primeras-elecciones-sin-mandela\/\" \/>\n\t\t<meta property=\"article:tag\" content=\"actualidad\" \/>\n\t\t<meta property=\"article:published_time\" content=\"2014-02-07T21:52:52+00:00\" \/>\n\t\t<meta property=\"article:modified_time\" content=\"2014-02-07T21:52:52+00:00\" \/>\n\t\t<meta property=\"article:publisher\" content=\"https:\/\/facebook.com\/eldigitaldeasturias\" \/>\n\t\t<meta name=\"twitter:card\" content=\"summary_large_image\" \/>\n\t\t<meta name=\"twitter:title\" content=\"Sud\u00e1frica celebrar\u00e1 el 7 de mayo sus primeras elecciones sin Mandela - El Digital de Asturias\" \/>\n\t\t<meta name=\"twitter:description\" content=\"Johannesburgo, 7 feb (EFE).- Sud\u00e1frica celebrar\u00e1 el pr\u00f3ximo 7 de mayo sus primeras elecciones generales sin su expresidente Nelson Mandela, fallecido el pasado 5 de diciembre, anunci\u00f3 hoy el jefe del Estado del pa\u00eds austral, Jacob Zuma. Despu\u00e9s de cinco a\u00f1os en el poder, el propio Zuma es el favorito en los comicios, que tendr\u00e1n\" \/>\n\t\t<meta name=\"twitter:label1\" content=\"Escrito por\" \/>\n\t\t<meta name=\"twitter:data1\" content=\"El Digital de Asturias\" \/>\n\t\t<meta name=\"twitter:label2\" content=\"Tiempo de lectura estimado\" \/>\n\t\t<meta name=\"twitter:data2\" content=\"2 minutos\" \/>\n\t\t<script type=\"application\/ld+json\" class=\"aioseo-schema\">\n\t\t\t{\"@context\":\"https:\\\/\\\/schema.org\",\"@graph\":[{\"@type\":\"BlogPosting\",\"@id\":\"https:\\\/\\\/www.eldigitaldeasturias.com\\\/noticias\\\/sudafrica-celebrara-el-7-de-mayo-sus-primeras-elecciones-sin-mandela\\\/#blogposting\",\"name\":\"Sud\\u00e1frica celebrar\\u00e1 el 7 de mayo sus primeras elecciones sin Mandela - El Digital de Asturias\",\"headline\":\"Sud\\u00e1frica celebrar\\u00e1 el 7 de mayo sus primeras elecciones sin Mandela\",\"author\":{\"@id\":\"https:\\\/\\\/www.eldigitaldeasturias.com\\\/noticias\\\/author\\\/admin\\\/#author\"},\"publisher\":{\"@id\":\"https:\\\/\\\/www.eldigitaldeasturias.com\\\/noticias\\\/#organization\"},\"image\":{\"@type\":\"ImageObject\",\"url\":486045},\"datePublished\":\"2014-02-07T20:52:52+01:00\",\"dateModified\":\"2014-02-07T20:52:52+01:00\",\"inLanguage\":\"es-ES\",\"mainEntityOfPage\":{\"@id\":\"https:\\\/\\\/www.eldigitaldeasturias.com\\\/noticias\\\/sudafrica-celebrara-el-7-de-mayo-sus-primeras-elecciones-sin-mandela\\\/#webpage\"},\"isPartOf\":{\"@id\":\"https:\\\/\\\/www.eldigitaldeasturias.com\\\/noticias\\\/sudafrica-celebrara-el-7-de-mayo-sus-primeras-elecciones-sin-mandela\\\/#webpage\"},\"articleSection\":\"Actualidad\"},{\"@type\":\"BreadcrumbList\",\"@id\":\"https:\\\/\\\/www.eldigitaldeasturias.com\\\/noticias\\\/sudafrica-celebrara-el-7-de-mayo-sus-primeras-elecciones-sin-mandela\\\/#breadcrumblist\",\"itemListElement\":[{\"@type\":\"ListItem\",\"@id\":\"https:\\\/\\\/www.eldigitaldeasturias.com\\\/noticias#listItem\",\"position\":1,\"name\":\"Home\",\"item\":\"https:\\\/\\\/www.eldigitaldeasturias.com\\\/noticias\",\"nextItem\":{\"@type\":\"ListItem\",\"@id\":\"https:\\\/\\\/www.eldigitaldeasturias.com\\\/noticias\\\/category\\\/actualidad\\\/#listItem\",\"name\":\"Actualidad\"}},{\"@type\":\"ListItem\",\"@id\":\"https:\\\/\\\/www.eldigitaldeasturias.com\\\/noticias\\\/category\\\/actualidad\\\/#listItem\",\"position\":2,\"name\":\"Actualidad\",\"item\":\"https:\\\/\\\/www.eldigitaldeasturias.com\\\/noticias\\\/category\\\/actualidad\\\/\",\"nextItem\":{\"@type\":\"ListItem\",\"@id\":\"https:\\\/\\\/www.eldigitaldeasturias.com\\\/noticias\\\/sudafrica-celebrara-el-7-de-mayo-sus-primeras-elecciones-sin-mandela\\\/#listItem\",\"name\":\"Sud\\u00e1frica celebrar\\u00e1 el 7 de mayo sus primeras elecciones sin Mandela\"},\"previousItem\":{\"@type\":\"ListItem\",\"@id\":\"https:\\\/\\\/www.eldigitaldeasturias.com\\\/noticias#listItem\",\"name\":\"Home\"}},{\"@type\":\"ListItem\",\"@id\":\"https:\\\/\\\/www.eldigitaldeasturias.com\\\/noticias\\\/sudafrica-celebrara-el-7-de-mayo-sus-primeras-elecciones-sin-mandela\\\/#listItem\",\"position\":3,\"name\":\"Sud\\u00e1frica celebrar\\u00e1 el 7 de mayo sus primeras elecciones sin Mandela\",\"previousItem\":{\"@type\":\"ListItem\",\"@id\":\"https:\\\/\\\/www.eldigitaldeasturias.com\\\/noticias\\\/category\\\/actualidad\\\/#listItem\",\"name\":\"Actualidad\"}}]},{\"@type\":\"Organization\",\"@id\":\"https:\\\/\\\/www.eldigitaldeasturias.com\\\/noticias\\\/#organization\",\"name\":\"El Digital de Asturias\",\"description\":\"Hemeroteca\",\"url\":\"https:\\\/\\\/www.eldigitaldeasturias.com\\\/noticias\\\/\",\"email\":\"info@eldigitaldeasturias.com\",\"telephone\":\"+34652131393\",\"logo\":{\"@type\":\"ImageObject\",\"url\":\"https:\\\/\\\/www.eldigitaldeasturias.com\\\/noticias\\\/wp-content\\\/uploads\\\/2020\\\/12\\\/EDA.jpg\",\"@id\":\"https:\\\/\\\/www.eldigitaldeasturias.com\\\/noticias\\\/sudafrica-celebrara-el-7-de-mayo-sus-primeras-elecciones-sin-mandela\\\/#organizationLogo\"},\"image\":{\"@id\":\"https:\\\/\\\/www.eldigitaldeasturias.com\\\/noticias\\\/sudafrica-celebrara-el-7-de-mayo-sus-primeras-elecciones-sin-mandela\\\/#organizationLogo\"},\"sameAs\":[\"https:\\\/\\\/facebook.com\\\/eldigitaldeasturias\",\"https:\\\/\\\/www.youtube.com\\\/channel\\\/UCZP-2wLEB9Rv6erhFmqVnvg\"],\"address\":{\"@id\":\"https:\\\/\\\/www.eldigitaldeasturias.com\\\/noticias\\\/#postaladdress\",\"@type\":\"PostalAddress\",\"streetAddress\":\"san antonio 4\",\"postalCode\":\"33430\",\"addressLocality\":\"Cand\\u00e1s\",\"addressRegion\":\"Asturias\",\"addressCountry\":\"ES\"}},{\"@type\":\"Person\",\"@id\":\"https:\\\/\\\/www.eldigitaldeasturias.com\\\/noticias\\\/author\\\/admin\\\/#author\",\"url\":\"https:\\\/\\\/www.eldigitaldeasturias.com\\\/noticias\\\/author\\\/admin\\\/\",\"name\":\"El Digital de Asturias\",\"image\":{\"@type\":\"ImageObject\",\"@id\":\"https:\\\/\\\/www.eldigitaldeasturias.com\\\/noticias\\\/sudafrica-celebrara-el-7-de-mayo-sus-primeras-elecciones-sin-mandela\\\/#authorImage\",\"url\":\"https:\\\/\\\/secure.gravatar.com\\\/avatar\\\/df2aeffc32bcd13f8d26072ef8a91b623d677766deac7f97ca815868cd41bf5e?s=96&d=mm&r=g\",\"width\":96,\"height\":96,\"caption\":\"El Digital de Asturias\"}},{\"@type\":\"WebPage\",\"@id\":\"https:\\\/\\\/www.eldigitaldeasturias.com\\\/noticias\\\/sudafrica-celebrara-el-7-de-mayo-sus-primeras-elecciones-sin-mandela\\\/#webpage\",\"url\":\"https:\\\/\\\/www.eldigitaldeasturias.com\\\/noticias\\\/sudafrica-celebrara-el-7-de-mayo-sus-primeras-elecciones-sin-mandela\\\/\",\"name\":\"Sud\\u00e1frica celebrar\\u00e1 el 7 de mayo sus primeras elecciones sin Mandela - El Digital de Asturias\",\"description\":\"Johannesburgo, 7 feb (EFE).- Sud\\u00e1frica celebrar\\u00e1 el pr\\u00f3ximo 7 de mayo sus primeras elecciones generales sin su expresidente Nelson Mandela, fallecido el pasado 5 de diciembre, anunci\\u00f3 hoy el jefe del Estado del pa\\u00eds austral, Jacob Zuma. Despu\\u00e9s de cinco a\\u00f1os en el poder, el propio Zuma es el favorito en los comicios, que tendr\\u00e1n\",\"inLanguage\":\"es-ES\",\"isPartOf\":{\"@id\":\"https:\\\/\\\/www.eldigitaldeasturias.com\\\/noticias\\\/#website\"},\"breadcrumb\":{\"@id\":\"https:\\\/\\\/www.eldigitaldeasturias.com\\\/noticias\\\/sudafrica-celebrara-el-7-de-mayo-sus-primeras-elecciones-sin-mandela\\\/#breadcrumblist\"},\"author\":{\"@id\":\"https:\\\/\\\/www.eldigitaldeasturias.com\\\/noticias\\\/author\\\/admin\\\/#author\"},\"creator\":{\"@id\":\"https:\\\/\\\/www.eldigitaldeasturias.com\\\/noticias\\\/author\\\/admin\\\/#author\"},\"image\":{\"@type\":\"ImageObject\",\"url\":486045,\"@id\":\"https:\\\/\\\/www.eldigitaldeasturias.com\\\/noticias\\\/sudafrica-celebrara-el-7-de-mayo-sus-primeras-elecciones-sin-mandela\\\/#mainImage\"},\"primaryImageOfPage\":{\"@id\":\"https:\\\/\\\/www.eldigitaldeasturias.com\\\/noticias\\\/sudafrica-celebrara-el-7-de-mayo-sus-primeras-elecciones-sin-mandela\\\/#mainImage\"},\"datePublished\":\"2014-02-07T20:52:52+01:00\",\"dateModified\":\"2014-02-07T20:52:52+01:00\"},{\"@type\":\"WebSite\",\"@id\":\"https:\\\/\\\/www.eldigitaldeasturias.com\\\/noticias\\\/#website\",\"url\":\"https:\\\/\\\/www.eldigitaldeasturias.com\\\/noticias\\\/\",\"name\":\"El Digital de Asturias - Diario de actualidad y noticias\",\"alternateName\":\"El Digital de Asturias - Diario de actualidad y noticias\",\"description\":\"Hemeroteca\",\"inLanguage\":\"es-ES\",\"publisher\":{\"@id\":\"https:\\\/\\\/www.eldigitaldeasturias.com\\\/noticias\\\/#organization\"}}]}\n\t\t<\/script>\n\t\t<!-- All in One SEO Pro -->\r\n\t\t<title>Sud\u00e1frica celebrar\u00e1 el 7 de mayo sus primeras elecciones sin Mandela - El Digital de Asturias<\/title>\n\n","aioseo_head_json":{"title":"Sud\u00e1frica celebrar\u00e1 el 7 de mayo sus primeras elecciones sin Mandela - El Digital de Asturias","description":"Johannesburgo, 7 feb (EFE).- Sud\u00e1frica celebrar\u00e1 el pr\u00f3ximo 7 de mayo sus primeras elecciones generales sin su expresidente Nelson Mandela, fallecido el pasado 5 de diciembre, anunci\u00f3 hoy el jefe del Estado del pa\u00eds austral, Jacob Zuma. Despu\u00e9s de cinco a\u00f1os en el poder, el propio Zuma es el favorito en los comicios, que tendr\u00e1n","canonical_url":"https:\/\/www.eldigitaldeasturias.com\/noticias\/sudafrica-celebrara-el-7-de-mayo-sus-primeras-elecciones-sin-mandela\/","robots":"max-image-preview:large","keywords":"actualidad","webmasterTools":{"google-site-verification":"UA-38556648-1","msvalidate.01":"7dfe9f3f1b24437ab69f4f2559babe99","miscellaneous":""},"schema":{"@context":"https:\/\/schema.org","@graph":[{"@type":"BlogPosting","@id":"https:\/\/www.eldigitaldeasturias.com\/noticias\/sudafrica-celebrara-el-7-de-mayo-sus-primeras-elecciones-sin-mandela\/#blogposting","name":"Sud\u00e1frica celebrar\u00e1 el 7 de mayo sus primeras elecciones sin Mandela - El Digital de Asturias","headline":"Sud\u00e1frica celebrar\u00e1 el 7 de mayo sus primeras elecciones sin Mandela","author":{"@id":"https:\/\/www.eldigitaldeasturias.com\/noticias\/author\/admin\/#author"},"publisher":{"@id":"https:\/\/www.eldigitaldeasturias.com\/noticias\/#organization"},"image":{"@type":"ImageObject","url":486045},"datePublished":"2014-02-07T20:52:52+01:00","dateModified":"2014-02-07T20:52:52+01:00","inLanguage":"es-ES","mainEntityOfPage":{"@id":"https:\/\/www.eldigitaldeasturias.com\/noticias\/sudafrica-celebrara-el-7-de-mayo-sus-primeras-elecciones-sin-mandela\/#webpage"},"isPartOf":{"@id":"https:\/\/www.eldigitaldeasturias.com\/noticias\/sudafrica-celebrara-el-7-de-mayo-sus-primeras-elecciones-sin-mandela\/#webpage"},"articleSection":"Actualidad"},{"@type":"BreadcrumbList","@id":"https:\/\/www.eldigitaldeasturias.com\/noticias\/sudafrica-celebrara-el-7-de-mayo-sus-primeras-elecciones-sin-mandela\/#breadcrumblist","itemListElement":[{"@type":"ListItem","@id":"https:\/\/www.eldigitaldeasturias.com\/noticias#listItem","position":1,"name":"Home","item":"https:\/\/www.eldigitaldeasturias.com\/noticias","nextItem":{"@type":"ListItem","@id":"https:\/\/www.eldigitaldeasturias.com\/noticias\/category\/actualidad\/#listItem","name":"Actualidad"}},{"@type":"ListItem","@id":"https:\/\/www.eldigitaldeasturias.com\/noticias\/category\/actualidad\/#listItem","position":2,"name":"Actualidad","item":"https:\/\/www.eldigitaldeasturias.com\/noticias\/category\/actualidad\/","nextItem":{"@type":"ListItem","@id":"https:\/\/www.eldigitaldeasturias.com\/noticias\/sudafrica-celebrara-el-7-de-mayo-sus-primeras-elecciones-sin-mandela\/#listItem","name":"Sud\u00e1frica celebrar\u00e1 el 7 de mayo sus primeras elecciones sin Mandela"},"previousItem":{"@type":"ListItem","@id":"https:\/\/www.eldigitaldeasturias.com\/noticias#listItem","name":"Home"}},{"@type":"ListItem","@id":"https:\/\/www.eldigitaldeasturias.com\/noticias\/sudafrica-celebrara-el-7-de-mayo-sus-primeras-elecciones-sin-mandela\/#listItem","position":3,"name":"Sud\u00e1frica celebrar\u00e1 el 7 de mayo sus primeras elecciones sin Mandela","previousItem":{"@type":"ListItem","@id":"https:\/\/www.eldigitaldeasturias.com\/noticias\/category\/actualidad\/#listItem","name":"Actualidad"}}]},{"@type":"Organization","@id":"https:\/\/www.eldigitaldeasturias.com\/noticias\/#organization","name":"El Digital de Asturias","description":"Hemeroteca","url":"https:\/\/www.eldigitaldeasturias.com\/noticias\/","email":"info@eldigitaldeasturias.com","telephone":"+34652131393","logo":{"@type":"ImageObject","url":"https:\/\/www.eldigitaldeasturias.com\/noticias\/wp-content\/uploads\/2020\/12\/EDA.jpg","@id":"https:\/\/www.eldigitaldeasturias.com\/noticias\/sudafrica-celebrara-el-7-de-mayo-sus-primeras-elecciones-sin-mandela\/#organizationLogo"},"image":{"@id":"https:\/\/www.eldigitaldeasturias.com\/noticias\/sudafrica-celebrara-el-7-de-mayo-sus-primeras-elecciones-sin-mandela\/#organizationLogo"},"sameAs":["https:\/\/facebook.com\/eldigitaldeasturias","https:\/\/www.youtube.com\/channel\/UCZP-2wLEB9Rv6erhFmqVnvg"],"address":{"@id":"https:\/\/www.eldigitaldeasturias.com\/noticias\/#postaladdress","@type":"PostalAddress","streetAddress":"san antonio 4","postalCode":"33430","addressLocality":"Cand\u00e1s","addressRegion":"Asturias","addressCountry":"ES"}},{"@type":"Person","@id":"https:\/\/www.eldigitaldeasturias.com\/noticias\/author\/admin\/#author","url":"https:\/\/www.eldigitaldeasturias.com\/noticias\/author\/admin\/","name":"El Digital de Asturias","image":{"@type":"ImageObject","@id":"https:\/\/www.eldigitaldeasturias.com\/noticias\/sudafrica-celebrara-el-7-de-mayo-sus-primeras-elecciones-sin-mandela\/#authorImage","url":"https:\/\/secure.gravatar.com\/avatar\/df2aeffc32bcd13f8d26072ef8a91b623d677766deac7f97ca815868cd41bf5e?s=96&d=mm&r=g","width":96,"height":96,"caption":"El Digital de Asturias"}},{"@type":"WebPage","@id":"https:\/\/www.eldigitaldeasturias.com\/noticias\/sudafrica-celebrara-el-7-de-mayo-sus-primeras-elecciones-sin-mandela\/#webpage","url":"https:\/\/www.eldigitaldeasturias.com\/noticias\/sudafrica-celebrara-el-7-de-mayo-sus-primeras-elecciones-sin-mandela\/","name":"Sud\u00e1frica celebrar\u00e1 el 7 de mayo sus primeras elecciones sin Mandela - El Digital de Asturias","description":"Johannesburgo, 7 feb (EFE).- Sud\u00e1frica celebrar\u00e1 el pr\u00f3ximo 7 de mayo sus primeras elecciones generales sin su expresidente Nelson Mandela, fallecido el pasado 5 de diciembre, anunci\u00f3 hoy el jefe del Estado del pa\u00eds austral, Jacob Zuma. Despu\u00e9s de cinco a\u00f1os en el poder, el propio Zuma es el favorito en los comicios, que tendr\u00e1n","inLanguage":"es-ES","isPartOf":{"@id":"https:\/\/www.eldigitaldeasturias.com\/noticias\/#website"},"breadcrumb":{"@id":"https:\/\/www.eldigitaldeasturias.com\/noticias\/sudafrica-celebrara-el-7-de-mayo-sus-primeras-elecciones-sin-mandela\/#breadcrumblist"},"author":{"@id":"https:\/\/www.eldigitaldeasturias.com\/noticias\/author\/admin\/#author"},"creator":{"@id":"https:\/\/www.eldigitaldeasturias.com\/noticias\/author\/admin\/#author"},"image":{"@type":"ImageObject","url":486045,"@id":"https:\/\/www.eldigitaldeasturias.com\/noticias\/sudafrica-celebrara-el-7-de-mayo-sus-primeras-elecciones-sin-mandela\/#mainImage"},"primaryImageOfPage":{"@id":"https:\/\/www.eldigitaldeasturias.com\/noticias\/sudafrica-celebrara-el-7-de-mayo-sus-primeras-elecciones-sin-mandela\/#mainImage"},"datePublished":"2014-02-07T20:52:52+01:00","dateModified":"2014-02-07T20:52:52+01:00"},{"@type":"WebSite","@id":"https:\/\/www.eldigitaldeasturias.com\/noticias\/#website","url":"https:\/\/www.eldigitaldeasturias.com\/noticias\/","name":"El Digital de Asturias - Diario de actualidad y noticias","alternateName":"El Digital de Asturias - Diario de actualidad y noticias","description":"Hemeroteca","inLanguage":"es-ES","publisher":{"@id":"https:\/\/www.eldigitaldeasturias.com\/noticias\/#organization"}}]},"og:locale":"es_ES","og:site_name":"El Digital de Asturias","og:type":"article","og:title":"Sud\u00e1frica celebrar\u00e1 el 7 de mayo sus primeras elecciones sin Mandela - El Digital de Asturias","og:description":"Johannesburgo, 7 feb (EFE).- Sud\u00e1frica celebrar\u00e1 el pr\u00f3ximo 7 de mayo sus primeras elecciones generales sin su expresidente Nelson Mandela, fallecido el pasado 5 de diciembre, anunci\u00f3 hoy el jefe del Estado del pa\u00eds austral, Jacob Zuma. Despu\u00e9s de cinco a\u00f1os en el poder, el propio Zuma es el favorito en los comicios, que tendr\u00e1n","og:url":"https:\/\/www.eldigitaldeasturias.com\/noticias\/sudafrica-celebrara-el-7-de-mayo-sus-primeras-elecciones-sin-mandela\/","article:tag":["actualidad"],"article:published_time":"2014-02-07T21:52:52+00:00","article:modified_time":"2014-02-07T21:52:52+00:00","article:publisher":"https:\/\/facebook.com\/eldigitaldeasturias","twitter:card":"summary_large_image","twitter:title":"Sud\u00e1frica celebrar\u00e1 el 7 de mayo sus primeras elecciones sin Mandela - El Digital de Asturias","twitter:description":"Johannesburgo, 7 feb (EFE).- Sud\u00e1frica celebrar\u00e1 el pr\u00f3ximo 7 de mayo sus primeras elecciones generales sin su expresidente Nelson Mandela, fallecido el pasado 5 de diciembre, anunci\u00f3 hoy el jefe del Estado del pa\u00eds austral, Jacob Zuma. Despu\u00e9s de cinco a\u00f1os en el poder, el propio Zuma es el favorito en los comicios, que tendr\u00e1n","twitter:label1":"Escrito por","twitter:data1":"El Digital de Asturias","twitter:label2":"Tiempo de lectura estimado","twitter:data2":"2 minutos"},"aioseo_meta_data":{"post_id":"486044","title":null,"description":null,"keywords":null,"keyphrases":null,"primary_term":null,"canonical_url":null,"og_title":null,"og_description":null,"og_object_type":"default","og_image_type":"default","og_image_url":null,"og_image_width":null,"og_image_height":null,"og_image_custom_url":null,"og_image_custom_fields":null,"og_video":null,"og_custom_url":null,"og_article_section":null,"og_article_tags":null,"twitter_use_og":true,"twitter_card":"default","twitter_image_type":"default","twitter_image_url":null,"twitter_image_custom_url":null,"twitter_image_custom_fields":null,"twitter_title":null,"twitter_description":null,"schema":{"blockGraphs":[],"customGraphs":[],"default":{"data":{"Article":[],"Course":[],"Dataset":[],"FAQPage":[],"Movie":[],"Person":[],"Product":[],"ProductReview":[],"Car":[],"Recipe":[],"Service":[],"SoftwareApplication":[],"WebPage":[]},"graphName":"","isEnabled":true},"graphs":[],"defaultGraph":"","defaultPostTypeGraph":""},"schema_type":null,"schema_type_options":null,"pillar_content":false,"robots_default":true,"robots_noindex":false,"robots_noarchive":false,"robots_nosnippet":false,"robots_nofollow":false,"robots_noimageindex":false,"robots_noodp":false,"robots_notranslate":false,"robots_max_snippet":null,"robots_max_videopreview":null,"robots_max_imagepreview":"none","priority":null,"frequency":null,"local_seo":null,"seo_analyzer_scan_date":"2026-06-02 23:09:52","breadcrumb_settings":null,"limit_modified_date":false,"open_ai":null,"ai":null,"created":"2020-11-14 22:56:01","updated":"2026-06-02 23:09:52","focus_keyword":null,"additional_keywords":null,"truseo_locale":null},"aioseo_breadcrumb":"<div class=\"aioseo-breadcrumbs\"><span class=\"aioseo-breadcrumb\">\n\t<a href=\"https:\/\/www.eldigitaldeasturias.com\/noticias\" title=\"Home\">Home<\/a>\n<\/span><span class=\"aioseo-breadcrumb-separator\">\u2013<\/span><span class=\"aioseo-breadcrumb\">\n\t<a href=\"https:\/\/www.eldigitaldeasturias.com\/noticias\/category\/actualidad\/\" title=\"Actualidad\">Actualidad<\/a>\n<\/span><span class=\"aioseo-breadcrumb-separator\">\u2013<\/span><span class=\"aioseo-breadcrumb\">\n\t<a href=\"https:\/\/www.eldigitaldeasturias.com\/noticias\/sudafrica-celebrara-el-7-de-mayo-sus-primeras-elecciones-sin-mandela\/\" title=\"Sud\u00e1frica celebrar\u00e1 el 7 de mayo sus primeras elecciones sin Mandela\">Sud\u00e1frica celebrar\u00e1 el 7 de mayo sus primeras elecciones sin Mandela<\/a>\n<\/span><\/div>","aioseo_breadcrumb_json":[{"label":"Home","link":"https:\/\/www.eldigitaldeasturias.com\/noticias"},{"label":"Actualidad","link":"https:\/\/www.eldigitaldeasturias.com\/noticias\/category\/actualidad\/"},{"label":"Sud\u00e1frica celebrar\u00e1 el 7 de mayo sus primeras elecciones sin Mandela","link":"https:\/\/www.eldigitaldeasturias.com\/noticias\/sudafrica-celebrara-el-7-de-mayo-sus-primeras-elecciones-sin-mandela\/"}],"_links":{"self":[{"href":"https:\/\/www.eldigitaldeasturias.com\/noticias\/wp-json\/wp\/v2\/posts\/486044","targetHints":{"allow":["GET"]}}],"collection":[{"href":"https:\/\/www.eldigitaldeasturias.com\/noticias\/wp-json\/wp\/v2\/posts"}],"about":[{"href":"https:\/\/www.eldigitaldeasturias.com\/noticias\/wp-json\/wp\/v2\/types\/post"}],"author":[{"embeddable":true,"href":"https:\/\/www.eldigitaldeasturias.com\/noticias\/wp-json\/wp\/v2\/users\/1"}],"replies":[{"embeddable":true,"href":"https:\/\/www.eldigitaldeasturias.com\/noticias\/wp-json\/wp\/v2\/comments?post=486044"}],"version-history":[{"count":0,"href":"https:\/\/www.eldigitaldeasturias.com\/noticias\/wp-json\/wp\/v2\/posts\/486044\/revisions"}],"wp:attachment":[{"href":"https:\/\/www.eldigitaldeasturias.com\/noticias\/wp-json\/wp\/v2\/media?parent=486044"}],"wp:term":[{"taxonomy":"category","embeddable":true,"href":"https:\/\/www.eldigitaldeasturias.com\/noticias\/wp-json\/wp\/v2\/categories?post=486044"},{"taxonomy":"post_tag","embeddable":true,"href":"https:\/\/www.eldigitaldeasturias.com\/noticias\/wp-json\/wp\/v2\/tags?post=486044"}],"curies":[{"name":"wp","href":"https:\/\/api.w.org\/{rel}","templated":true}]}}