{"id":486041,"date":"2014-02-07T20:51:18","date_gmt":"2014-02-07T21:51:18","guid":{"rendered":"http:\/\/www.eldigitaldeasturias.com\/noticias\/?p=486041"},"modified":"2014-02-07T20:51:18","modified_gmt":"2014-02-07T21:51:18","slug":"uruguay-recuerda-a-garcia-lorca-en-el-80-aniversario-de-su-visita-al-pais","status":"publish","type":"post","link":"https:\/\/www.eldigitaldeasturias.com\/noticias\/uruguay-recuerda-a-garcia-lorca-en-el-80-aniversario-de-su-visita-al-pais\/","title":{"rendered":"Uruguay recuerda a Garc\u00eda Lorca en el 80 aniversario de su visita al pa\u00eds"},"content":{"rendered":"<p><img loading=\"lazy\" decoding=\"async\" class=\"alignleft size-medium wp-image-486042\" alt=\"5919017w\" src=\"https:\/\/www.eldigitaldeasturias.com\/noticias\/wp-content\/uploads\/2014\/02\/5919017w-360x266.jpg\" width=\"360\" height=\"266\" \/>Montevideo, 7 feb (EFE).- Uruguay rememor\u00f3 la figura y la obra de Federico Garc\u00eda Lorca y los recuerdos que dej\u00f3 en el pa\u00eds al cumplirse el 80 aniversario de la visita del dramaturgo espa\u00f1ol a Montevideo que marc\u00f3 la cultura del peque\u00f1o pa\u00eds sudamericano.<\/p>\n<p>En un acto celebrado en el Hotel Casino Carrasco, el mismo en el que el poeta granadino se aloj\u00f3 durante los m\u00e1s de quince d\u00edas que dur\u00f3 su estancia en Uruguay, estudiosos, artistas y un nutrido p\u00fablico entre los que se encontraba el ministro de Cultura, Ricardo Ehrlich, y el embajador de Espa\u00f1a, Roberto Varela, hicieron este jueves un recorrido por los pasos imborrables que Lorca dej\u00f3.<\/p>\n<p>El encuentro sirvi\u00f3 tambi\u00e9n para inaugurar una placa en uno de los amplios salones del hotel, recientemente restaurado en su esplendor tras varios a\u00f1os cerrado al p\u00fablico, para recordar la feliz estancia, seg\u00fan subrayaron todos los expertos en su vida que participaron en el evento, que Lorca pas\u00f3 all\u00ed.<\/p>\n<p>\u00abLorca tiene una significaci\u00f3n especial para nuestro pa\u00eds. Lo que signific\u00f3 su presencia fue mucho. Marc\u00f3 la cultura y el teatro uruguayo de manera particular. Y adem\u00e1s tuvo gran vigencia, pues nunca dej\u00f3 de estar fuertemente presente en todo \u00e1mbito, en la literatura, en la pintura, en la ilustraci\u00f3n o la ense\u00f1anza\u00bb, dijo Ehrlich a la prensa.<\/p>\n<p>El homenaje incluy\u00f3 la presentaci\u00f3n del estudio \u00abGarc\u00eda Lorca dibujos m\u00e1s livianos que el aire\u00bb sobre la labor como ilustrador del artista andaluz y una mesa redonda con la participaci\u00f3n de los escritores Jorge Arbeleche, Fernando Loustaunau y Eduardo Roland.<\/p>\n<p>All\u00ed, se exhibieron fotograf\u00edas del viaje del artista por Uruguay, adonde lleg\u00f3 procedente de Argentina y en donde aparentemente termin\u00f3 de escribir las \u00faltimas escenas de \u00abYerma\u00bb.<\/p>\n<p>Como punto final, la actriz uruguaya Estela Medina, quien lleg\u00f3 a trabajar con la espa\u00f1ola Margarita Xirgu, la principal int\u00e9rprete de las obras de Lorca, declam\u00f3 parte de \u00abLlanto por la muerte de Ignacio S\u00e1nchez Mej\u00edas\u00bb.<\/p>\n","protected":false},"excerpt":{"rendered":"<p>Montevideo, 7 feb (EFE).- Uruguay rememor\u00f3 la figura y la obra de Federico Garc\u00eda Lorca y los recuerdos que dej\u00f3 en el pa\u00eds al cumplirse el 80 aniversario de la visita del dramaturgo espa\u00f1ol a Montevideo que marc\u00f3 la cultura del peque\u00f1o pa\u00eds sudamericano. En un acto celebrado en el Hotel Casino Carrasco, el mismo [&hellip;]<\/p>\n","protected":false},"author":1,"featured_media":486042,"comment_status":"open","ping_status":"open","sticky":false,"template":"","format":"standard","meta":{"footnotes":""},"categories":[1],"tags":[],"class_list":["post-486041","post","type-post","status-publish","format-standard","has-post-thumbnail","hentry","category-actualidad"],"aioseo_notices":[],"aioseo_head":"\n\t\t<!-- All in One SEO Pro 5.0.1 - aioseo.com -->\n\t<meta name=\"description\" content=\"Montevideo, 7 feb (EFE).- Uruguay rememor\u00f3 la figura y la obra de Federico Garc\u00eda Lorca y los recuerdos que dej\u00f3 en el pa\u00eds al cumplirse el 80 aniversario de la visita del dramaturgo espa\u00f1ol a Montevideo que marc\u00f3 la cultura del peque\u00f1o pa\u00eds sudamericano. En un acto celebrado en el Hotel Casino Carrasco, el mismo\" \/>\n\t<meta name=\"robots\" content=\"max-image-preview:large\" \/>\n\t<meta name=\"author\" content=\"El Digital de Asturias\"\/>\n\t<meta name=\"google-site-verification\" content=\"UA-38556648-1\" \/>\n\t<meta name=\"msvalidate.01\" content=\"7dfe9f3f1b24437ab69f4f2559babe99\" \/>\n\t<meta name=\"keywords\" content=\"actualidad\" \/>\n\t<link rel=\"canonical\" href=\"https:\/\/www.eldigitaldeasturias.com\/noticias\/uruguay-recuerda-a-garcia-lorca-en-el-80-aniversario-de-su-visita-al-pais\/\" \/>\n\t<meta name=\"generator\" content=\"All in One SEO Pro (AIOSEO) 5.0.1\" \/>\n\t\t<meta property=\"og:locale\" content=\"es_ES\" \/>\n\t\t<meta property=\"og:site_name\" content=\"El Digital de Asturias\" \/>\n\t\t<meta property=\"og:type\" content=\"article\" \/>\n\t\t<meta property=\"og:title\" content=\"Uruguay recuerda a Garc\u00eda Lorca en el 80 aniversario de su visita al pa\u00eds - El Digital de Asturias\" \/>\n\t\t<meta property=\"og:description\" content=\"Montevideo, 7 feb (EFE).- Uruguay rememor\u00f3 la figura y la obra de Federico Garc\u00eda Lorca y los recuerdos que dej\u00f3 en el pa\u00eds al cumplirse el 80 aniversario de la visita del dramaturgo espa\u00f1ol a Montevideo que marc\u00f3 la cultura del peque\u00f1o pa\u00eds sudamericano. En un acto celebrado en el Hotel Casino Carrasco, el mismo\" \/>\n\t\t<meta property=\"og:url\" content=\"https:\/\/www.eldigitaldeasturias.com\/noticias\/uruguay-recuerda-a-garcia-lorca-en-el-80-aniversario-de-su-visita-al-pais\/\" \/>\n\t\t<meta property=\"article:tag\" content=\"actualidad\" \/>\n\t\t<meta property=\"article:published_time\" content=\"2014-02-07T21:51:18+00:00\" \/>\n\t\t<meta property=\"article:modified_time\" content=\"2014-02-07T21:51:18+00:00\" \/>\n\t\t<meta property=\"article:publisher\" content=\"https:\/\/facebook.com\/eldigitaldeasturias\" \/>\n\t\t<meta name=\"twitter:card\" content=\"summary_large_image\" \/>\n\t\t<meta name=\"twitter:title\" content=\"Uruguay recuerda a Garc\u00eda Lorca en el 80 aniversario de su visita al pa\u00eds - El Digital de Asturias\" \/>\n\t\t<meta name=\"twitter:description\" content=\"Montevideo, 7 feb (EFE).- Uruguay rememor\u00f3 la figura y la obra de Federico Garc\u00eda Lorca y los recuerdos que dej\u00f3 en el pa\u00eds al cumplirse el 80 aniversario de la visita del dramaturgo espa\u00f1ol a Montevideo que marc\u00f3 la cultura del peque\u00f1o pa\u00eds sudamericano. En un acto celebrado en el Hotel Casino Carrasco, el mismo\" \/>\n\t\t<meta name=\"twitter:label1\" content=\"Escrito por\" \/>\n\t\t<meta name=\"twitter:data1\" content=\"El Digital de Asturias\" \/>\n\t\t<meta name=\"twitter:label2\" content=\"Tiempo de lectura estimado\" \/>\n\t\t<meta name=\"twitter:data2\" content=\"2 minutos\" \/>\n\t\t<script type=\"application\/ld+json\" class=\"aioseo-schema\">\n\t\t\t{\"@context\":\"https:\\\/\\\/schema.org\",\"@graph\":[{\"@type\":\"BlogPosting\",\"@id\":\"https:\\\/\\\/www.eldigitaldeasturias.com\\\/noticias\\\/uruguay-recuerda-a-garcia-lorca-en-el-80-aniversario-de-su-visita-al-pais\\\/#blogposting\",\"name\":\"Uruguay recuerda a Garc\\u00eda Lorca en el 80 aniversario de su visita al pa\\u00eds - El Digital de Asturias\",\"headline\":\"Uruguay recuerda a Garc\\u00eda Lorca en el 80 aniversario de su visita al pa\\u00eds\",\"author\":{\"@id\":\"https:\\\/\\\/www.eldigitaldeasturias.com\\\/noticias\\\/author\\\/admin\\\/#author\"},\"publisher\":{\"@id\":\"https:\\\/\\\/www.eldigitaldeasturias.com\\\/noticias\\\/#organization\"},\"image\":{\"@type\":\"ImageObject\",\"url\":486042},\"datePublished\":\"2014-02-07T20:51:18+01:00\",\"dateModified\":\"2014-02-07T20:51:18+01:00\",\"inLanguage\":\"es-ES\",\"mainEntityOfPage\":{\"@id\":\"https:\\\/\\\/www.eldigitaldeasturias.com\\\/noticias\\\/uruguay-recuerda-a-garcia-lorca-en-el-80-aniversario-de-su-visita-al-pais\\\/#webpage\"},\"isPartOf\":{\"@id\":\"https:\\\/\\\/www.eldigitaldeasturias.com\\\/noticias\\\/uruguay-recuerda-a-garcia-lorca-en-el-80-aniversario-de-su-visita-al-pais\\\/#webpage\"},\"articleSection\":\"Actualidad\"},{\"@type\":\"BreadcrumbList\",\"@id\":\"https:\\\/\\\/www.eldigitaldeasturias.com\\\/noticias\\\/uruguay-recuerda-a-garcia-lorca-en-el-80-aniversario-de-su-visita-al-pais\\\/#breadcrumblist\",\"itemListElement\":[{\"@type\":\"ListItem\",\"@id\":\"https:\\\/\\\/www.eldigitaldeasturias.com\\\/noticias#listItem\",\"position\":1,\"name\":\"Home\",\"item\":\"https:\\\/\\\/www.eldigitaldeasturias.com\\\/noticias\",\"nextItem\":{\"@type\":\"ListItem\",\"@id\":\"https:\\\/\\\/www.eldigitaldeasturias.com\\\/noticias\\\/category\\\/actualidad\\\/#listItem\",\"name\":\"Actualidad\"}},{\"@type\":\"ListItem\",\"@id\":\"https:\\\/\\\/www.eldigitaldeasturias.com\\\/noticias\\\/category\\\/actualidad\\\/#listItem\",\"position\":2,\"name\":\"Actualidad\",\"item\":\"https:\\\/\\\/www.eldigitaldeasturias.com\\\/noticias\\\/category\\\/actualidad\\\/\",\"nextItem\":{\"@type\":\"ListItem\",\"@id\":\"https:\\\/\\\/www.eldigitaldeasturias.com\\\/noticias\\\/uruguay-recuerda-a-garcia-lorca-en-el-80-aniversario-de-su-visita-al-pais\\\/#listItem\",\"name\":\"Uruguay recuerda a Garc\\u00eda Lorca en el 80 aniversario de su visita al pa\\u00eds\"},\"previousItem\":{\"@type\":\"ListItem\",\"@id\":\"https:\\\/\\\/www.eldigitaldeasturias.com\\\/noticias#listItem\",\"name\":\"Home\"}},{\"@type\":\"ListItem\",\"@id\":\"https:\\\/\\\/www.eldigitaldeasturias.com\\\/noticias\\\/uruguay-recuerda-a-garcia-lorca-en-el-80-aniversario-de-su-visita-al-pais\\\/#listItem\",\"position\":3,\"name\":\"Uruguay recuerda a Garc\\u00eda Lorca en el 80 aniversario de su visita al pa\\u00eds\",\"previousItem\":{\"@type\":\"ListItem\",\"@id\":\"https:\\\/\\\/www.eldigitaldeasturias.com\\\/noticias\\\/category\\\/actualidad\\\/#listItem\",\"name\":\"Actualidad\"}}]},{\"@type\":\"Organization\",\"@id\":\"https:\\\/\\\/www.eldigitaldeasturias.com\\\/noticias\\\/#organization\",\"name\":\"El Digital de Asturias\",\"description\":\"Hemeroteca\",\"url\":\"https:\\\/\\\/www.eldigitaldeasturias.com\\\/noticias\\\/\",\"email\":\"info@eldigitaldeasturias.com\",\"telephone\":\"+34652131393\",\"logo\":{\"@type\":\"ImageObject\",\"url\":\"https:\\\/\\\/www.eldigitaldeasturias.com\\\/noticias\\\/wp-content\\\/uploads\\\/2020\\\/12\\\/EDA.jpg\",\"@id\":\"https:\\\/\\\/www.eldigitaldeasturias.com\\\/noticias\\\/uruguay-recuerda-a-garcia-lorca-en-el-80-aniversario-de-su-visita-al-pais\\\/#organizationLogo\"},\"image\":{\"@id\":\"https:\\\/\\\/www.eldigitaldeasturias.com\\\/noticias\\\/uruguay-recuerda-a-garcia-lorca-en-el-80-aniversario-de-su-visita-al-pais\\\/#organizationLogo\"},\"sameAs\":[\"https:\\\/\\\/facebook.com\\\/eldigitaldeasturias\",\"https:\\\/\\\/www.youtube.com\\\/channel\\\/UCZP-2wLEB9Rv6erhFmqVnvg\"],\"address\":{\"@id\":\"https:\\\/\\\/www.eldigitaldeasturias.com\\\/noticias\\\/#postaladdress\",\"@type\":\"PostalAddress\",\"streetAddress\":\"san antonio 4\",\"postalCode\":\"33430\",\"addressLocality\":\"Cand\\u00e1s\",\"addressRegion\":\"Asturias\",\"addressCountry\":\"ES\"}},{\"@type\":\"Person\",\"@id\":\"https:\\\/\\\/www.eldigitaldeasturias.com\\\/noticias\\\/author\\\/admin\\\/#author\",\"url\":\"https:\\\/\\\/www.eldigitaldeasturias.com\\\/noticias\\\/author\\\/admin\\\/\",\"name\":\"El Digital de Asturias\",\"image\":{\"@type\":\"ImageObject\",\"@id\":\"https:\\\/\\\/www.eldigitaldeasturias.com\\\/noticias\\\/uruguay-recuerda-a-garcia-lorca-en-el-80-aniversario-de-su-visita-al-pais\\\/#authorImage\",\"url\":\"https:\\\/\\\/secure.gravatar.com\\\/avatar\\\/df2aeffc32bcd13f8d26072ef8a91b623d677766deac7f97ca815868cd41bf5e?s=96&d=mm&r=g\",\"width\":96,\"height\":96,\"caption\":\"El Digital de Asturias\"}},{\"@type\":\"WebPage\",\"@id\":\"https:\\\/\\\/www.eldigitaldeasturias.com\\\/noticias\\\/uruguay-recuerda-a-garcia-lorca-en-el-80-aniversario-de-su-visita-al-pais\\\/#webpage\",\"url\":\"https:\\\/\\\/www.eldigitaldeasturias.com\\\/noticias\\\/uruguay-recuerda-a-garcia-lorca-en-el-80-aniversario-de-su-visita-al-pais\\\/\",\"name\":\"Uruguay recuerda a Garc\\u00eda Lorca en el 80 aniversario de su visita al pa\\u00eds - El Digital de Asturias\",\"description\":\"Montevideo, 7 feb (EFE).- Uruguay rememor\\u00f3 la figura y la obra de Federico Garc\\u00eda Lorca y los recuerdos que dej\\u00f3 en el pa\\u00eds al cumplirse el 80 aniversario de la visita del dramaturgo espa\\u00f1ol a Montevideo que marc\\u00f3 la cultura del peque\\u00f1o pa\\u00eds sudamericano. En un acto celebrado en el Hotel Casino Carrasco, el mismo\",\"inLanguage\":\"es-ES\",\"isPartOf\":{\"@id\":\"https:\\\/\\\/www.eldigitaldeasturias.com\\\/noticias\\\/#website\"},\"breadcrumb\":{\"@id\":\"https:\\\/\\\/www.eldigitaldeasturias.com\\\/noticias\\\/uruguay-recuerda-a-garcia-lorca-en-el-80-aniversario-de-su-visita-al-pais\\\/#breadcrumblist\"},\"author\":{\"@id\":\"https:\\\/\\\/www.eldigitaldeasturias.com\\\/noticias\\\/author\\\/admin\\\/#author\"},\"creator\":{\"@id\":\"https:\\\/\\\/www.eldigitaldeasturias.com\\\/noticias\\\/author\\\/admin\\\/#author\"},\"image\":{\"@type\":\"ImageObject\",\"url\":486042,\"@id\":\"https:\\\/\\\/www.eldigitaldeasturias.com\\\/noticias\\\/uruguay-recuerda-a-garcia-lorca-en-el-80-aniversario-de-su-visita-al-pais\\\/#mainImage\"},\"primaryImageOfPage\":{\"@id\":\"https:\\\/\\\/www.eldigitaldeasturias.com\\\/noticias\\\/uruguay-recuerda-a-garcia-lorca-en-el-80-aniversario-de-su-visita-al-pais\\\/#mainImage\"},\"datePublished\":\"2014-02-07T20:51:18+01:00\",\"dateModified\":\"2014-02-07T20:51:18+01:00\"},{\"@type\":\"WebSite\",\"@id\":\"https:\\\/\\\/www.eldigitaldeasturias.com\\\/noticias\\\/#website\",\"url\":\"https:\\\/\\\/www.eldigitaldeasturias.com\\\/noticias\\\/\",\"name\":\"El Digital de Asturias - Diario de actualidad y noticias\",\"alternateName\":\"El Digital de Asturias - Diario de actualidad y noticias\",\"description\":\"Hemeroteca\",\"inLanguage\":\"es-ES\",\"publisher\":{\"@id\":\"https:\\\/\\\/www.eldigitaldeasturias.com\\\/noticias\\\/#organization\"}}]}\n\t\t<\/script>\n\t\t<!-- All in One SEO Pro -->\r\n\t\t<title>Uruguay recuerda a Garc\u00eda Lorca en el 80 aniversario de su visita al pa\u00eds - El Digital de Asturias<\/title>\n\n","aioseo_head_json":{"title":"Uruguay recuerda a Garc\u00eda Lorca en el 80 aniversario de su visita al pa\u00eds - El Digital de Asturias","description":"Montevideo, 7 feb (EFE).- Uruguay rememor\u00f3 la figura y la obra de Federico Garc\u00eda Lorca y los recuerdos que dej\u00f3 en el pa\u00eds al cumplirse el 80 aniversario de la visita del dramaturgo espa\u00f1ol a Montevideo que marc\u00f3 la cultura del peque\u00f1o pa\u00eds sudamericano. En un acto celebrado en el Hotel Casino Carrasco, el mismo","canonical_url":"https:\/\/www.eldigitaldeasturias.com\/noticias\/uruguay-recuerda-a-garcia-lorca-en-el-80-aniversario-de-su-visita-al-pais\/","robots":"max-image-preview:large","keywords":"actualidad","webmasterTools":{"google-site-verification":"UA-38556648-1","msvalidate.01":"7dfe9f3f1b24437ab69f4f2559babe99","miscellaneous":""},"schema":{"@context":"https:\/\/schema.org","@graph":[{"@type":"BlogPosting","@id":"https:\/\/www.eldigitaldeasturias.com\/noticias\/uruguay-recuerda-a-garcia-lorca-en-el-80-aniversario-de-su-visita-al-pais\/#blogposting","name":"Uruguay recuerda a Garc\u00eda Lorca en el 80 aniversario de su visita al pa\u00eds - El Digital de Asturias","headline":"Uruguay recuerda a Garc\u00eda Lorca en el 80 aniversario de su visita al pa\u00eds","author":{"@id":"https:\/\/www.eldigitaldeasturias.com\/noticias\/author\/admin\/#author"},"publisher":{"@id":"https:\/\/www.eldigitaldeasturias.com\/noticias\/#organization"},"image":{"@type":"ImageObject","url":486042},"datePublished":"2014-02-07T20:51:18+01:00","dateModified":"2014-02-07T20:51:18+01:00","inLanguage":"es-ES","mainEntityOfPage":{"@id":"https:\/\/www.eldigitaldeasturias.com\/noticias\/uruguay-recuerda-a-garcia-lorca-en-el-80-aniversario-de-su-visita-al-pais\/#webpage"},"isPartOf":{"@id":"https:\/\/www.eldigitaldeasturias.com\/noticias\/uruguay-recuerda-a-garcia-lorca-en-el-80-aniversario-de-su-visita-al-pais\/#webpage"},"articleSection":"Actualidad"},{"@type":"BreadcrumbList","@id":"https:\/\/www.eldigitaldeasturias.com\/noticias\/uruguay-recuerda-a-garcia-lorca-en-el-80-aniversario-de-su-visita-al-pais\/#breadcrumblist","itemListElement":[{"@type":"ListItem","@id":"https:\/\/www.eldigitaldeasturias.com\/noticias#listItem","position":1,"name":"Home","item":"https:\/\/www.eldigitaldeasturias.com\/noticias","nextItem":{"@type":"ListItem","@id":"https:\/\/www.eldigitaldeasturias.com\/noticias\/category\/actualidad\/#listItem","name":"Actualidad"}},{"@type":"ListItem","@id":"https:\/\/www.eldigitaldeasturias.com\/noticias\/category\/actualidad\/#listItem","position":2,"name":"Actualidad","item":"https:\/\/www.eldigitaldeasturias.com\/noticias\/category\/actualidad\/","nextItem":{"@type":"ListItem","@id":"https:\/\/www.eldigitaldeasturias.com\/noticias\/uruguay-recuerda-a-garcia-lorca-en-el-80-aniversario-de-su-visita-al-pais\/#listItem","name":"Uruguay recuerda a Garc\u00eda Lorca en el 80 aniversario de su visita al pa\u00eds"},"previousItem":{"@type":"ListItem","@id":"https:\/\/www.eldigitaldeasturias.com\/noticias#listItem","name":"Home"}},{"@type":"ListItem","@id":"https:\/\/www.eldigitaldeasturias.com\/noticias\/uruguay-recuerda-a-garcia-lorca-en-el-80-aniversario-de-su-visita-al-pais\/#listItem","position":3,"name":"Uruguay recuerda a Garc\u00eda Lorca en el 80 aniversario de su visita al pa\u00eds","previousItem":{"@type":"ListItem","@id":"https:\/\/www.eldigitaldeasturias.com\/noticias\/category\/actualidad\/#listItem","name":"Actualidad"}}]},{"@type":"Organization","@id":"https:\/\/www.eldigitaldeasturias.com\/noticias\/#organization","name":"El Digital de Asturias","description":"Hemeroteca","url":"https:\/\/www.eldigitaldeasturias.com\/noticias\/","email":"info@eldigitaldeasturias.com","telephone":"+34652131393","logo":{"@type":"ImageObject","url":"https:\/\/www.eldigitaldeasturias.com\/noticias\/wp-content\/uploads\/2020\/12\/EDA.jpg","@id":"https:\/\/www.eldigitaldeasturias.com\/noticias\/uruguay-recuerda-a-garcia-lorca-en-el-80-aniversario-de-su-visita-al-pais\/#organizationLogo"},"image":{"@id":"https:\/\/www.eldigitaldeasturias.com\/noticias\/uruguay-recuerda-a-garcia-lorca-en-el-80-aniversario-de-su-visita-al-pais\/#organizationLogo"},"sameAs":["https:\/\/facebook.com\/eldigitaldeasturias","https:\/\/www.youtube.com\/channel\/UCZP-2wLEB9Rv6erhFmqVnvg"],"address":{"@id":"https:\/\/www.eldigitaldeasturias.com\/noticias\/#postaladdress","@type":"PostalAddress","streetAddress":"san antonio 4","postalCode":"33430","addressLocality":"Cand\u00e1s","addressRegion":"Asturias","addressCountry":"ES"}},{"@type":"Person","@id":"https:\/\/www.eldigitaldeasturias.com\/noticias\/author\/admin\/#author","url":"https:\/\/www.eldigitaldeasturias.com\/noticias\/author\/admin\/","name":"El Digital de Asturias","image":{"@type":"ImageObject","@id":"https:\/\/www.eldigitaldeasturias.com\/noticias\/uruguay-recuerda-a-garcia-lorca-en-el-80-aniversario-de-su-visita-al-pais\/#authorImage","url":"https:\/\/secure.gravatar.com\/avatar\/df2aeffc32bcd13f8d26072ef8a91b623d677766deac7f97ca815868cd41bf5e?s=96&d=mm&r=g","width":96,"height":96,"caption":"El Digital de Asturias"}},{"@type":"WebPage","@id":"https:\/\/www.eldigitaldeasturias.com\/noticias\/uruguay-recuerda-a-garcia-lorca-en-el-80-aniversario-de-su-visita-al-pais\/#webpage","url":"https:\/\/www.eldigitaldeasturias.com\/noticias\/uruguay-recuerda-a-garcia-lorca-en-el-80-aniversario-de-su-visita-al-pais\/","name":"Uruguay recuerda a Garc\u00eda Lorca en el 80 aniversario de su visita al pa\u00eds - El Digital de Asturias","description":"Montevideo, 7 feb (EFE).- Uruguay rememor\u00f3 la figura y la obra de Federico Garc\u00eda Lorca y los recuerdos que dej\u00f3 en el pa\u00eds al cumplirse el 80 aniversario de la visita del dramaturgo espa\u00f1ol a Montevideo que marc\u00f3 la cultura del peque\u00f1o pa\u00eds sudamericano. En un acto celebrado en el Hotel Casino Carrasco, el mismo","inLanguage":"es-ES","isPartOf":{"@id":"https:\/\/www.eldigitaldeasturias.com\/noticias\/#website"},"breadcrumb":{"@id":"https:\/\/www.eldigitaldeasturias.com\/noticias\/uruguay-recuerda-a-garcia-lorca-en-el-80-aniversario-de-su-visita-al-pais\/#breadcrumblist"},"author":{"@id":"https:\/\/www.eldigitaldeasturias.com\/noticias\/author\/admin\/#author"},"creator":{"@id":"https:\/\/www.eldigitaldeasturias.com\/noticias\/author\/admin\/#author"},"image":{"@type":"ImageObject","url":486042,"@id":"https:\/\/www.eldigitaldeasturias.com\/noticias\/uruguay-recuerda-a-garcia-lorca-en-el-80-aniversario-de-su-visita-al-pais\/#mainImage"},"primaryImageOfPage":{"@id":"https:\/\/www.eldigitaldeasturias.com\/noticias\/uruguay-recuerda-a-garcia-lorca-en-el-80-aniversario-de-su-visita-al-pais\/#mainImage"},"datePublished":"2014-02-07T20:51:18+01:00","dateModified":"2014-02-07T20:51:18+01:00"},{"@type":"WebSite","@id":"https:\/\/www.eldigitaldeasturias.com\/noticias\/#website","url":"https:\/\/www.eldigitaldeasturias.com\/noticias\/","name":"El Digital de Asturias - Diario de actualidad y noticias","alternateName":"El Digital de Asturias - Diario de actualidad y noticias","description":"Hemeroteca","inLanguage":"es-ES","publisher":{"@id":"https:\/\/www.eldigitaldeasturias.com\/noticias\/#organization"}}]},"og:locale":"es_ES","og:site_name":"El Digital de Asturias","og:type":"article","og:title":"Uruguay recuerda a Garc\u00eda Lorca en el 80 aniversario de su visita al pa\u00eds - El Digital de Asturias","og:description":"Montevideo, 7 feb (EFE).- Uruguay rememor\u00f3 la figura y la obra de Federico Garc\u00eda Lorca y los recuerdos que dej\u00f3 en el pa\u00eds al cumplirse el 80 aniversario de la visita del dramaturgo espa\u00f1ol a Montevideo que marc\u00f3 la cultura del peque\u00f1o pa\u00eds sudamericano. En un acto celebrado en el Hotel Casino Carrasco, el mismo","og:url":"https:\/\/www.eldigitaldeasturias.com\/noticias\/uruguay-recuerda-a-garcia-lorca-en-el-80-aniversario-de-su-visita-al-pais\/","article:tag":["actualidad"],"article:published_time":"2014-02-07T21:51:18+00:00","article:modified_time":"2014-02-07T21:51:18+00:00","article:publisher":"https:\/\/facebook.com\/eldigitaldeasturias","twitter:card":"summary_large_image","twitter:title":"Uruguay recuerda a Garc\u00eda Lorca en el 80 aniversario de su visita al pa\u00eds - El Digital de Asturias","twitter:description":"Montevideo, 7 feb (EFE).- Uruguay rememor\u00f3 la figura y la obra de Federico Garc\u00eda Lorca y los recuerdos que dej\u00f3 en el pa\u00eds al cumplirse el 80 aniversario de la visita del dramaturgo espa\u00f1ol a Montevideo que marc\u00f3 la cultura del peque\u00f1o pa\u00eds sudamericano. En un acto celebrado en el Hotel Casino Carrasco, el mismo","twitter:label1":"Escrito por","twitter:data1":"El Digital de Asturias","twitter:label2":"Tiempo de lectura estimado","twitter:data2":"2 minutos"},"aioseo_meta_data":{"post_id":"486041","title":null,"description":null,"keywords":null,"keyphrases":null,"primary_term":null,"canonical_url":null,"og_title":null,"og_description":null,"og_object_type":"default","og_image_type":"default","og_image_url":null,"og_image_width":null,"og_image_height":null,"og_image_custom_url":null,"og_image_custom_fields":null,"og_video":null,"og_custom_url":null,"og_article_section":null,"og_article_tags":null,"twitter_use_og":true,"twitter_card":"default","twitter_image_type":"default","twitter_image_url":null,"twitter_image_custom_url":null,"twitter_image_custom_fields":null,"twitter_title":null,"twitter_description":null,"schema":{"blockGraphs":[],"customGraphs":[],"default":{"data":{"Article":[],"Course":[],"Dataset":[],"FAQPage":[],"Movie":[],"Person":[],"Product":[],"ProductReview":[],"Car":[],"Recipe":[],"Service":[],"SoftwareApplication":[],"WebPage":[]},"graphName":"","isEnabled":true},"graphs":[],"defaultGraph":"","defaultPostTypeGraph":""},"schema_type":null,"schema_type_options":null,"pillar_content":false,"robots_default":true,"robots_noindex":false,"robots_noarchive":false,"robots_nosnippet":false,"robots_nofollow":false,"robots_noimageindex":false,"robots_noodp":false,"robots_notranslate":false,"robots_max_snippet":null,"robots_max_videopreview":null,"robots_max_imagepreview":"none","priority":null,"frequency":null,"local_seo":null,"seo_analyzer_scan_date":"2026-06-02 23:09:52","breadcrumb_settings":null,"limit_modified_date":false,"open_ai":null,"ai":null,"created":"2020-11-14 22:56:01","updated":"2026-06-02 23:09:52","focus_keyword":null,"additional_keywords":null,"truseo_locale":null},"aioseo_breadcrumb":"<div class=\"aioseo-breadcrumbs\"><span class=\"aioseo-breadcrumb\">\n\t<a href=\"https:\/\/www.eldigitaldeasturias.com\/noticias\" title=\"Home\">Home<\/a>\n<\/span><span class=\"aioseo-breadcrumb-separator\">\u2013<\/span><span class=\"aioseo-breadcrumb\">\n\t<a href=\"https:\/\/www.eldigitaldeasturias.com\/noticias\/category\/actualidad\/\" title=\"Actualidad\">Actualidad<\/a>\n<\/span><span class=\"aioseo-breadcrumb-separator\">\u2013<\/span><span class=\"aioseo-breadcrumb\">\n\t<a href=\"https:\/\/www.eldigitaldeasturias.com\/noticias\/uruguay-recuerda-a-garcia-lorca-en-el-80-aniversario-de-su-visita-al-pais\/\" title=\"Uruguay recuerda a Garc\u00eda Lorca en el 80 aniversario de su visita al pa\u00eds\">Uruguay recuerda a Garc\u00eda Lorca en el 80 aniversario de su visita al pa\u00eds<\/a>\n<\/span><\/div>","aioseo_breadcrumb_json":[{"label":"Home","link":"https:\/\/www.eldigitaldeasturias.com\/noticias"},{"label":"Actualidad","link":"https:\/\/www.eldigitaldeasturias.com\/noticias\/category\/actualidad\/"},{"label":"Uruguay recuerda a Garc\u00eda Lorca en el 80 aniversario de su visita al pa\u00eds","link":"https:\/\/www.eldigitaldeasturias.com\/noticias\/uruguay-recuerda-a-garcia-lorca-en-el-80-aniversario-de-su-visita-al-pais\/"}],"_links":{"self":[{"href":"https:\/\/www.eldigitaldeasturias.com\/noticias\/wp-json\/wp\/v2\/posts\/486041","targetHints":{"allow":["GET"]}}],"collection":[{"href":"https:\/\/www.eldigitaldeasturias.com\/noticias\/wp-json\/wp\/v2\/posts"}],"about":[{"href":"https:\/\/www.eldigitaldeasturias.com\/noticias\/wp-json\/wp\/v2\/types\/post"}],"author":[{"embeddable":true,"href":"https:\/\/www.eldigitaldeasturias.com\/noticias\/wp-json\/wp\/v2\/users\/1"}],"replies":[{"embeddable":true,"href":"https:\/\/www.eldigitaldeasturias.com\/noticias\/wp-json\/wp\/v2\/comments?post=486041"}],"version-history":[{"count":0,"href":"https:\/\/www.eldigitaldeasturias.com\/noticias\/wp-json\/wp\/v2\/posts\/486041\/revisions"}],"wp:attachment":[{"href":"https:\/\/www.eldigitaldeasturias.com\/noticias\/wp-json\/wp\/v2\/media?parent=486041"}],"wp:term":[{"taxonomy":"category","embeddable":true,"href":"https:\/\/www.eldigitaldeasturias.com\/noticias\/wp-json\/wp\/v2\/categories?post=486041"},{"taxonomy":"post_tag","embeddable":true,"href":"https:\/\/www.eldigitaldeasturias.com\/noticias\/wp-json\/wp\/v2\/tags?post=486041"}],"curies":[{"name":"wp","href":"https:\/\/api.w.org\/{rel}","templated":true}]}}