{"id":486029,"date":"2014-02-07T20:46:27","date_gmt":"2014-02-07T21:46:27","guid":{"rendered":"http:\/\/www.eldigitaldeasturias.com\/noticias\/?p=486029"},"modified":"2014-02-07T20:46:27","modified_gmt":"2014-02-07T21:46:27","slug":"la-frontera-maritima-estara-lista-en-marzo-pero-peru-no-acepta-la-convencion-del-mar","status":"publish","type":"post","link":"https:\/\/www.eldigitaldeasturias.com\/noticias\/la-frontera-maritima-estara-lista-en-marzo-pero-peru-no-acepta-la-convencion-del-mar\/","title":{"rendered":"La frontera mar\u00edtima estar\u00e1 lista en marzo pero Per\u00fa no acepta la Convenci\u00f3n del Mar"},"content":{"rendered":"<p><img loading=\"lazy\" decoding=\"async\" class=\"alignleft size-medium wp-image-486030\" alt=\"5919155w\" src=\"https:\/\/www.eldigitaldeasturias.com\/noticias\/wp-content\/uploads\/2014\/02\/5919155w-360x225.jpg\" width=\"360\" height=\"225\" \/>Santiago de Chile, 7 feb (EFE).- La nueva frontera mar\u00edtima emanada del fallo emitido por la Corte Internacional de Justicia (CIJ) de La Haya el pasado 27 de enero estar\u00e1 lista en los \u00faltimos d\u00edas de marzo tras el trabajo intensivo que este viernes iniciar\u00e1n t\u00e9cnicos y personal de la Armada de ambos pa\u00edses.<\/p>\n<p>As\u00ed lo anunciaron los ministros de Relaciones Exteriores de Chile, Alfredo Moreno, y Per\u00fa, Eda Rivas, tras una maratoniana reuni\u00f3n de catorce horas en Santiago, en la que tambi\u00e9n participaron los titulares de Defensa, Rodrigo Hinzpeter y Pedro Cateriano.<\/p>\n<p>Per\u00fa adecuar\u00e1 su normativa interna a esta sentencia, que puso fin a un litigio judicial de seis a\u00f1os. Sin embargo, no suscribir\u00e1 la Convenci\u00f3n sobre el Derecho del Mar de la ONU, puntualiz\u00f3 su canciller en comparecencia ante la prensa.<\/p>\n<p>\u00abNuestro derecho es consistente con el derecho internacional (&#8230;), el propio presidente Ollanta Humala dijo en su discurso al Congreso que nosotros, honrando nuestra palabra, vamos a adecuar nuestra normativa al compromiso que asumimos durante el proceso\u00bb, se\u00f1al\u00f3 Rivas.<\/p>\n<p>Al respecto, la declaraci\u00f3n conjunta suscrita al final de la reuni\u00f3n se\u00f1ala que \u00abcada pa\u00eds asume el compromiso de efectuar la identificaci\u00f3n de su normativa interna que pudiera ser inconsistente con el fallo y proceder\u00e1 a adecuar dicha normativa de conformidad con dicho fallo\u00bb.<\/p>\n<p>\u00abSin perjuicio de lo anterior, Chile y Per\u00fa coinciden en que el fallo prevalece sobre su normativa interna\u00bb, recalca el documento.<\/p>\n<p>El canciller chileno anunci\u00f3 que el pr\u00f3ximo 25 de marzo se conocer\u00e1n las coordenadas de la nueva frontera mar\u00edtima entre Chile y Per\u00fa, establecida en el fallo de la CIJ.<\/p>\n<p>\u00abLos d\u00edas 24 y 25 de marzo se van a concluir los trabajos de gabinete que permitir\u00e1n determinar las coordenadas (&#8230;) de tal manera que podr\u00edamos determinar en esas fechas la totalidad de las l\u00edneas que ha determinado la Corte\u00bb, explic\u00f3.<\/p>\n<p>\u00abNosotros nos hemos reunido hoy d\u00eda para dar cumplimiento al mandato que nos han dado los presidentes (Sebasti\u00e1n) Pi\u00f1era y (Ollanta) Humala de ejecutar en buena fe y como buenos vecinos el fallo de la Corte\u00bb, explic\u00f3 la ministra peruana de Exteriores.<\/p>\n<p>En su fallo del pasado 27 de enero, la CIJ mantuvo la l\u00ednea del paralelo como frontera hasta las 80 millas, pero a partir de ese punto traz\u00f3 una l\u00ednea equidistante a las costas de ambos pa\u00edses que llega hasta las 200 millas y asign\u00f3 a Per\u00fa el dominio econ\u00f3mico exclusivo de esa \u00e1rea.<\/p>\n<p>La Corte, sin embargo, no especific\u00f3 las coordenadas exactas de la diagonal que une el punto de las 80 millas en el paralelo con el otro punto situado a 200 millas de la costa chilena, un trabajo t\u00e9cnico que se planific\u00f3 en la V Reuni\u00f3n del Comit\u00e9 Permanente de Consulta y Coordinaci\u00f3n Pol\u00edtica celebrada anoche.<\/p>\n<p>El canciller chileno asegur\u00f3 que en la cita no se abord\u00f3 la discrepancia sobre la frontera terrestre, que seg\u00fan Chile est\u00e1 determinada por el llamado Hito 1 y, seg\u00fan Per\u00fa, por la L\u00ednea de la Concordia, situada un poco m\u00e1s al sur.<\/p>\n<p>La diferencia es un peque\u00f1o tri\u00e1ngulo de tierra de apenas 3,7 hect\u00e1reas que Lima denomina \u00abcosta seca\u00bb, porque lo considera suyo aunque est\u00e1 ba\u00f1ado por aguas chilenas.<\/p>\n<p>\u00abEn lo que nosotros estamos trabajando es en el cumplimiento de la sentencia\u00bb de la Corte Internacional de Justicia de La Haya. \u00abLas posiciones de ambos pa\u00edses en materia de lo que se denomina el tri\u00e1ngulo terrestre son las ampliamente conocidas\u00bb, apunt\u00f3 el canciller chileno.<\/p>\n<p>\u00abEl fallo es sobre fronteras mar\u00edtimas, no sobre fronteras terrestres\u00bb, zanj\u00f3 la ministra peruana de Relaciones Exteriores.<\/p>\n<p>Alfredo Moreno anunci\u00f3 que \u00aba partir del pr\u00f3ximo s\u00e1bado un buque de investigaci\u00f3n cient\u00edfica y una patrullera, ambos de la Marina peruana, ingresar\u00e1n al oeste de la l\u00ednea de delimitaci\u00f3n fijada por la Corte Internacional de Justicia con el objeto de realizar estudios de investigaci\u00f3n cient\u00edfica\u00bb.<\/p>\n<p>Por otro lado, el ministro chileno de Defensa, Rodrigo Hinzpeter, anunci\u00f3 que la Capitan\u00eda de Puerto de la Armada de Chile solicitar\u00e1 ma\u00f1ana mismo a los tribunales de justicia el levantamiento de las medidas cautelares adoptadas en contra de un grupo de pesqueros peruanos retenidos por la supuesta comisi\u00f3n de infracciones.<\/p>\n<p>Hinzpeter explic\u00f3 que la soluci\u00f3n de la situaci\u00f3n de estos pescadores \u00abtambi\u00e9n debe formar parte de los acuerdos\u00bb, al considerar tanto el \u00abaspecto humanitario\u00bb del problema como \u00abel encargo hecho por los dos presidentes\u00bb a sus ministros en el sentido de \u00abir consensuando puntos para la ejecuci\u00f3n del fallo\u00bb de la Corte Internacional de Justicia.<\/p>\n<p>Al respecto, la canciller Rivas expres\u00f3 su agradecimiento al Gobierno de Chile por este gesto. \u00abCreo que con buena voluntad se logran cosas positivas\u00bb, subray\u00f3.<\/p>\n<p>La larga duraci\u00f3n de la reuni\u00f3n se debi\u00f3, en palabras del canciller Moreno, a que la implementaci\u00f3n del fallo de la CIJ \u00abes un tema complejo que requiere trabajos bastante detallados en materia cartogr\u00e1fica y de legislaci\u00f3n\u00bb.<\/p>\n<p>La pr\u00f3xima cita del Comit\u00e9 Permanente de Consulta y Coordinaci\u00f3n Pol\u00edtica, tambi\u00e9n conocido como \u00ab2 + 2\u00bb, tendr\u00e1 lugar en Lima a finales de marzo \u00abpara seguir fomentando todas estas medidas de confianza que requerimos trabajar entre ambos pa\u00edses\u00bb, explic\u00f3 la jefa de la diplomacia peruana, Eda Rivas.<\/p>\n<p>Manuel Fuentes<\/p>\n","protected":false},"excerpt":{"rendered":"<p>Santiago de Chile, 7 feb (EFE).- La nueva frontera mar\u00edtima emanada del fallo emitido por la Corte Internacional de Justicia (CIJ) de La Haya el pasado 27 de enero estar\u00e1 lista en los \u00faltimos d\u00edas de marzo tras el trabajo intensivo que este viernes iniciar\u00e1n t\u00e9cnicos y personal de la Armada de ambos pa\u00edses. As\u00ed [&hellip;]<\/p>\n","protected":false},"author":1,"featured_media":486030,"comment_status":"closed","ping_status":"open","sticky":false,"template":"","format":"standard","meta":{"footnotes":""},"categories":[1],"tags":[],"class_list":["post-486029","post","type-post","status-publish","format-standard","has-post-thumbnail","hentry","category-actualidad"],"aioseo_notices":[],"aioseo_head":"\n\t\t<!-- All in One SEO Pro 5.0.1 - aioseo.com -->\n\t<meta name=\"description\" content=\"Santiago de Chile, 7 feb (EFE).- La nueva frontera mar\u00edtima emanada del fallo emitido por la Corte Internacional de Justicia (CIJ) de La Haya el pasado 27 de enero estar\u00e1 lista en los \u00faltimos d\u00edas de marzo tras el trabajo intensivo que este viernes iniciar\u00e1n t\u00e9cnicos y personal de la Armada de ambos pa\u00edses. As\u00ed\" \/>\n\t<meta name=\"robots\" content=\"max-image-preview:large\" \/>\n\t<meta name=\"author\" content=\"El Digital de Asturias\"\/>\n\t<meta name=\"google-site-verification\" content=\"UA-38556648-1\" \/>\n\t<meta name=\"msvalidate.01\" content=\"7dfe9f3f1b24437ab69f4f2559babe99\" \/>\n\t<meta name=\"keywords\" content=\"actualidad\" \/>\n\t<link rel=\"canonical\" href=\"https:\/\/www.eldigitaldeasturias.com\/noticias\/la-frontera-maritima-estara-lista-en-marzo-pero-peru-no-acepta-la-convencion-del-mar\/\" \/>\n\t<meta name=\"generator\" content=\"All in One SEO Pro (AIOSEO) 5.0.1\" \/>\n\t\t<meta property=\"og:locale\" content=\"es_ES\" \/>\n\t\t<meta property=\"og:site_name\" content=\"El Digital de Asturias\" \/>\n\t\t<meta property=\"og:type\" content=\"article\" \/>\n\t\t<meta property=\"og:title\" content=\"La frontera mar\u00edtima estar\u00e1 lista en marzo pero Per\u00fa no acepta la Convenci\u00f3n del Mar - El Digital de Asturias\" \/>\n\t\t<meta property=\"og:description\" content=\"Santiago de Chile, 7 feb (EFE).- La nueva frontera mar\u00edtima emanada del fallo emitido por la Corte Internacional de Justicia (CIJ) de La Haya el pasado 27 de enero estar\u00e1 lista en los \u00faltimos d\u00edas de marzo tras el trabajo intensivo que este viernes iniciar\u00e1n t\u00e9cnicos y personal de la Armada de ambos pa\u00edses. As\u00ed\" \/>\n\t\t<meta property=\"og:url\" content=\"https:\/\/www.eldigitaldeasturias.com\/noticias\/la-frontera-maritima-estara-lista-en-marzo-pero-peru-no-acepta-la-convencion-del-mar\/\" \/>\n\t\t<meta property=\"article:tag\" content=\"actualidad\" \/>\n\t\t<meta property=\"article:published_time\" content=\"2014-02-07T21:46:27+00:00\" \/>\n\t\t<meta property=\"article:modified_time\" content=\"2014-02-07T21:46:27+00:00\" \/>\n\t\t<meta property=\"article:publisher\" content=\"https:\/\/facebook.com\/eldigitaldeasturias\" \/>\n\t\t<meta name=\"twitter:card\" content=\"summary_large_image\" \/>\n\t\t<meta name=\"twitter:title\" content=\"La frontera mar\u00edtima estar\u00e1 lista en marzo pero Per\u00fa no acepta la Convenci\u00f3n del Mar - El Digital de Asturias\" \/>\n\t\t<meta name=\"twitter:description\" content=\"Santiago de Chile, 7 feb (EFE).- La nueva frontera mar\u00edtima emanada del fallo emitido por la Corte Internacional de Justicia (CIJ) de La Haya el pasado 27 de enero estar\u00e1 lista en los \u00faltimos d\u00edas de marzo tras el trabajo intensivo que este viernes iniciar\u00e1n t\u00e9cnicos y personal de la Armada de ambos pa\u00edses. As\u00ed\" \/>\n\t\t<meta name=\"twitter:label1\" content=\"Escrito por\" \/>\n\t\t<meta name=\"twitter:data1\" content=\"El Digital de Asturias\" \/>\n\t\t<meta name=\"twitter:label2\" content=\"Tiempo de lectura estimado\" \/>\n\t\t<meta name=\"twitter:data2\" content=\"5 minutos\" \/>\n\t\t<script type=\"application\/ld+json\" class=\"aioseo-schema\">\n\t\t\t{\"@context\":\"https:\\\/\\\/schema.org\",\"@graph\":[{\"@type\":\"BlogPosting\",\"@id\":\"https:\\\/\\\/www.eldigitaldeasturias.com\\\/noticias\\\/la-frontera-maritima-estara-lista-en-marzo-pero-peru-no-acepta-la-convencion-del-mar\\\/#blogposting\",\"name\":\"La frontera mar\\u00edtima estar\\u00e1 lista en marzo pero Per\\u00fa no acepta la Convenci\\u00f3n del Mar - El Digital de Asturias\",\"headline\":\"La frontera mar\\u00edtima estar\\u00e1 lista en marzo pero Per\\u00fa no acepta la Convenci\\u00f3n del Mar\",\"author\":{\"@id\":\"https:\\\/\\\/www.eldigitaldeasturias.com\\\/noticias\\\/author\\\/admin\\\/#author\"},\"publisher\":{\"@id\":\"https:\\\/\\\/www.eldigitaldeasturias.com\\\/noticias\\\/#organization\"},\"image\":{\"@type\":\"ImageObject\",\"url\":486030},\"datePublished\":\"2014-02-07T20:46:27+01:00\",\"dateModified\":\"2014-02-07T20:46:27+01:00\",\"inLanguage\":\"es-ES\",\"mainEntityOfPage\":{\"@id\":\"https:\\\/\\\/www.eldigitaldeasturias.com\\\/noticias\\\/la-frontera-maritima-estara-lista-en-marzo-pero-peru-no-acepta-la-convencion-del-mar\\\/#webpage\"},\"isPartOf\":{\"@id\":\"https:\\\/\\\/www.eldigitaldeasturias.com\\\/noticias\\\/la-frontera-maritima-estara-lista-en-marzo-pero-peru-no-acepta-la-convencion-del-mar\\\/#webpage\"},\"articleSection\":\"Actualidad\"},{\"@type\":\"BreadcrumbList\",\"@id\":\"https:\\\/\\\/www.eldigitaldeasturias.com\\\/noticias\\\/la-frontera-maritima-estara-lista-en-marzo-pero-peru-no-acepta-la-convencion-del-mar\\\/#breadcrumblist\",\"itemListElement\":[{\"@type\":\"ListItem\",\"@id\":\"https:\\\/\\\/www.eldigitaldeasturias.com\\\/noticias#listItem\",\"position\":1,\"name\":\"Home\",\"item\":\"https:\\\/\\\/www.eldigitaldeasturias.com\\\/noticias\",\"nextItem\":{\"@type\":\"ListItem\",\"@id\":\"https:\\\/\\\/www.eldigitaldeasturias.com\\\/noticias\\\/category\\\/actualidad\\\/#listItem\",\"name\":\"Actualidad\"}},{\"@type\":\"ListItem\",\"@id\":\"https:\\\/\\\/www.eldigitaldeasturias.com\\\/noticias\\\/category\\\/actualidad\\\/#listItem\",\"position\":2,\"name\":\"Actualidad\",\"item\":\"https:\\\/\\\/www.eldigitaldeasturias.com\\\/noticias\\\/category\\\/actualidad\\\/\",\"nextItem\":{\"@type\":\"ListItem\",\"@id\":\"https:\\\/\\\/www.eldigitaldeasturias.com\\\/noticias\\\/la-frontera-maritima-estara-lista-en-marzo-pero-peru-no-acepta-la-convencion-del-mar\\\/#listItem\",\"name\":\"La frontera mar\\u00edtima estar\\u00e1 lista en marzo pero Per\\u00fa no acepta la Convenci\\u00f3n del Mar\"},\"previousItem\":{\"@type\":\"ListItem\",\"@id\":\"https:\\\/\\\/www.eldigitaldeasturias.com\\\/noticias#listItem\",\"name\":\"Home\"}},{\"@type\":\"ListItem\",\"@id\":\"https:\\\/\\\/www.eldigitaldeasturias.com\\\/noticias\\\/la-frontera-maritima-estara-lista-en-marzo-pero-peru-no-acepta-la-convencion-del-mar\\\/#listItem\",\"position\":3,\"name\":\"La frontera mar\\u00edtima estar\\u00e1 lista en marzo pero Per\\u00fa no acepta la Convenci\\u00f3n del Mar\",\"previousItem\":{\"@type\":\"ListItem\",\"@id\":\"https:\\\/\\\/www.eldigitaldeasturias.com\\\/noticias\\\/category\\\/actualidad\\\/#listItem\",\"name\":\"Actualidad\"}}]},{\"@type\":\"Organization\",\"@id\":\"https:\\\/\\\/www.eldigitaldeasturias.com\\\/noticias\\\/#organization\",\"name\":\"El Digital de Asturias\",\"description\":\"Hemeroteca\",\"url\":\"https:\\\/\\\/www.eldigitaldeasturias.com\\\/noticias\\\/\",\"email\":\"info@eldigitaldeasturias.com\",\"telephone\":\"+34652131393\",\"logo\":{\"@type\":\"ImageObject\",\"url\":\"https:\\\/\\\/www.eldigitaldeasturias.com\\\/noticias\\\/wp-content\\\/uploads\\\/2020\\\/12\\\/EDA.jpg\",\"@id\":\"https:\\\/\\\/www.eldigitaldeasturias.com\\\/noticias\\\/la-frontera-maritima-estara-lista-en-marzo-pero-peru-no-acepta-la-convencion-del-mar\\\/#organizationLogo\"},\"image\":{\"@id\":\"https:\\\/\\\/www.eldigitaldeasturias.com\\\/noticias\\\/la-frontera-maritima-estara-lista-en-marzo-pero-peru-no-acepta-la-convencion-del-mar\\\/#organizationLogo\"},\"sameAs\":[\"https:\\\/\\\/facebook.com\\\/eldigitaldeasturias\",\"https:\\\/\\\/www.youtube.com\\\/channel\\\/UCZP-2wLEB9Rv6erhFmqVnvg\"],\"address\":{\"@id\":\"https:\\\/\\\/www.eldigitaldeasturias.com\\\/noticias\\\/#postaladdress\",\"@type\":\"PostalAddress\",\"streetAddress\":\"san antonio 4\",\"postalCode\":\"33430\",\"addressLocality\":\"Cand\\u00e1s\",\"addressRegion\":\"Asturias\",\"addressCountry\":\"ES\"}},{\"@type\":\"Person\",\"@id\":\"https:\\\/\\\/www.eldigitaldeasturias.com\\\/noticias\\\/author\\\/admin\\\/#author\",\"url\":\"https:\\\/\\\/www.eldigitaldeasturias.com\\\/noticias\\\/author\\\/admin\\\/\",\"name\":\"El Digital de Asturias\",\"image\":{\"@type\":\"ImageObject\",\"@id\":\"https:\\\/\\\/www.eldigitaldeasturias.com\\\/noticias\\\/la-frontera-maritima-estara-lista-en-marzo-pero-peru-no-acepta-la-convencion-del-mar\\\/#authorImage\",\"url\":\"https:\\\/\\\/secure.gravatar.com\\\/avatar\\\/df2aeffc32bcd13f8d26072ef8a91b623d677766deac7f97ca815868cd41bf5e?s=96&d=mm&r=g\",\"width\":96,\"height\":96,\"caption\":\"El Digital de Asturias\"}},{\"@type\":\"WebPage\",\"@id\":\"https:\\\/\\\/www.eldigitaldeasturias.com\\\/noticias\\\/la-frontera-maritima-estara-lista-en-marzo-pero-peru-no-acepta-la-convencion-del-mar\\\/#webpage\",\"url\":\"https:\\\/\\\/www.eldigitaldeasturias.com\\\/noticias\\\/la-frontera-maritima-estara-lista-en-marzo-pero-peru-no-acepta-la-convencion-del-mar\\\/\",\"name\":\"La frontera mar\\u00edtima estar\\u00e1 lista en marzo pero Per\\u00fa no acepta la Convenci\\u00f3n del Mar - El Digital de Asturias\",\"description\":\"Santiago de Chile, 7 feb (EFE).- La nueva frontera mar\\u00edtima emanada del fallo emitido por la Corte Internacional de Justicia (CIJ) de La Haya el pasado 27 de enero estar\\u00e1 lista en los \\u00faltimos d\\u00edas de marzo tras el trabajo intensivo que este viernes iniciar\\u00e1n t\\u00e9cnicos y personal de la Armada de ambos pa\\u00edses. As\\u00ed\",\"inLanguage\":\"es-ES\",\"isPartOf\":{\"@id\":\"https:\\\/\\\/www.eldigitaldeasturias.com\\\/noticias\\\/#website\"},\"breadcrumb\":{\"@id\":\"https:\\\/\\\/www.eldigitaldeasturias.com\\\/noticias\\\/la-frontera-maritima-estara-lista-en-marzo-pero-peru-no-acepta-la-convencion-del-mar\\\/#breadcrumblist\"},\"author\":{\"@id\":\"https:\\\/\\\/www.eldigitaldeasturias.com\\\/noticias\\\/author\\\/admin\\\/#author\"},\"creator\":{\"@id\":\"https:\\\/\\\/www.eldigitaldeasturias.com\\\/noticias\\\/author\\\/admin\\\/#author\"},\"image\":{\"@type\":\"ImageObject\",\"url\":486030,\"@id\":\"https:\\\/\\\/www.eldigitaldeasturias.com\\\/noticias\\\/la-frontera-maritima-estara-lista-en-marzo-pero-peru-no-acepta-la-convencion-del-mar\\\/#mainImage\"},\"primaryImageOfPage\":{\"@id\":\"https:\\\/\\\/www.eldigitaldeasturias.com\\\/noticias\\\/la-frontera-maritima-estara-lista-en-marzo-pero-peru-no-acepta-la-convencion-del-mar\\\/#mainImage\"},\"datePublished\":\"2014-02-07T20:46:27+01:00\",\"dateModified\":\"2014-02-07T20:46:27+01:00\"},{\"@type\":\"WebSite\",\"@id\":\"https:\\\/\\\/www.eldigitaldeasturias.com\\\/noticias\\\/#website\",\"url\":\"https:\\\/\\\/www.eldigitaldeasturias.com\\\/noticias\\\/\",\"name\":\"El Digital de Asturias - Diario de actualidad y noticias\",\"alternateName\":\"El Digital de Asturias - Diario de actualidad y noticias\",\"description\":\"Hemeroteca\",\"inLanguage\":\"es-ES\",\"publisher\":{\"@id\":\"https:\\\/\\\/www.eldigitaldeasturias.com\\\/noticias\\\/#organization\"}}]}\n\t\t<\/script>\n\t\t<!-- All in One SEO Pro -->\r\n\t\t<title>La frontera mar\u00edtima estar\u00e1 lista en marzo pero Per\u00fa no acepta la Convenci\u00f3n del Mar - El Digital de Asturias<\/title>\n\n","aioseo_head_json":{"title":"La frontera mar\u00edtima estar\u00e1 lista en marzo pero Per\u00fa no acepta la Convenci\u00f3n del Mar - El Digital de Asturias","description":"Santiago de Chile, 7 feb (EFE).- La nueva frontera mar\u00edtima emanada del fallo emitido por la Corte Internacional de Justicia (CIJ) de La Haya el pasado 27 de enero estar\u00e1 lista en los \u00faltimos d\u00edas de marzo tras el trabajo intensivo que este viernes iniciar\u00e1n t\u00e9cnicos y personal de la Armada de ambos pa\u00edses. As\u00ed","canonical_url":"https:\/\/www.eldigitaldeasturias.com\/noticias\/la-frontera-maritima-estara-lista-en-marzo-pero-peru-no-acepta-la-convencion-del-mar\/","robots":"max-image-preview:large","keywords":"actualidad","webmasterTools":{"google-site-verification":"UA-38556648-1","msvalidate.01":"7dfe9f3f1b24437ab69f4f2559babe99","miscellaneous":""},"schema":{"@context":"https:\/\/schema.org","@graph":[{"@type":"BlogPosting","@id":"https:\/\/www.eldigitaldeasturias.com\/noticias\/la-frontera-maritima-estara-lista-en-marzo-pero-peru-no-acepta-la-convencion-del-mar\/#blogposting","name":"La frontera mar\u00edtima estar\u00e1 lista en marzo pero Per\u00fa no acepta la Convenci\u00f3n del Mar - El Digital de Asturias","headline":"La frontera mar\u00edtima estar\u00e1 lista en marzo pero Per\u00fa no acepta la Convenci\u00f3n del Mar","author":{"@id":"https:\/\/www.eldigitaldeasturias.com\/noticias\/author\/admin\/#author"},"publisher":{"@id":"https:\/\/www.eldigitaldeasturias.com\/noticias\/#organization"},"image":{"@type":"ImageObject","url":486030},"datePublished":"2014-02-07T20:46:27+01:00","dateModified":"2014-02-07T20:46:27+01:00","inLanguage":"es-ES","mainEntityOfPage":{"@id":"https:\/\/www.eldigitaldeasturias.com\/noticias\/la-frontera-maritima-estara-lista-en-marzo-pero-peru-no-acepta-la-convencion-del-mar\/#webpage"},"isPartOf":{"@id":"https:\/\/www.eldigitaldeasturias.com\/noticias\/la-frontera-maritima-estara-lista-en-marzo-pero-peru-no-acepta-la-convencion-del-mar\/#webpage"},"articleSection":"Actualidad"},{"@type":"BreadcrumbList","@id":"https:\/\/www.eldigitaldeasturias.com\/noticias\/la-frontera-maritima-estara-lista-en-marzo-pero-peru-no-acepta-la-convencion-del-mar\/#breadcrumblist","itemListElement":[{"@type":"ListItem","@id":"https:\/\/www.eldigitaldeasturias.com\/noticias#listItem","position":1,"name":"Home","item":"https:\/\/www.eldigitaldeasturias.com\/noticias","nextItem":{"@type":"ListItem","@id":"https:\/\/www.eldigitaldeasturias.com\/noticias\/category\/actualidad\/#listItem","name":"Actualidad"}},{"@type":"ListItem","@id":"https:\/\/www.eldigitaldeasturias.com\/noticias\/category\/actualidad\/#listItem","position":2,"name":"Actualidad","item":"https:\/\/www.eldigitaldeasturias.com\/noticias\/category\/actualidad\/","nextItem":{"@type":"ListItem","@id":"https:\/\/www.eldigitaldeasturias.com\/noticias\/la-frontera-maritima-estara-lista-en-marzo-pero-peru-no-acepta-la-convencion-del-mar\/#listItem","name":"La frontera mar\u00edtima estar\u00e1 lista en marzo pero Per\u00fa no acepta la Convenci\u00f3n del Mar"},"previousItem":{"@type":"ListItem","@id":"https:\/\/www.eldigitaldeasturias.com\/noticias#listItem","name":"Home"}},{"@type":"ListItem","@id":"https:\/\/www.eldigitaldeasturias.com\/noticias\/la-frontera-maritima-estara-lista-en-marzo-pero-peru-no-acepta-la-convencion-del-mar\/#listItem","position":3,"name":"La frontera mar\u00edtima estar\u00e1 lista en marzo pero Per\u00fa no acepta la Convenci\u00f3n del Mar","previousItem":{"@type":"ListItem","@id":"https:\/\/www.eldigitaldeasturias.com\/noticias\/category\/actualidad\/#listItem","name":"Actualidad"}}]},{"@type":"Organization","@id":"https:\/\/www.eldigitaldeasturias.com\/noticias\/#organization","name":"El Digital de Asturias","description":"Hemeroteca","url":"https:\/\/www.eldigitaldeasturias.com\/noticias\/","email":"info@eldigitaldeasturias.com","telephone":"+34652131393","logo":{"@type":"ImageObject","url":"https:\/\/www.eldigitaldeasturias.com\/noticias\/wp-content\/uploads\/2020\/12\/EDA.jpg","@id":"https:\/\/www.eldigitaldeasturias.com\/noticias\/la-frontera-maritima-estara-lista-en-marzo-pero-peru-no-acepta-la-convencion-del-mar\/#organizationLogo"},"image":{"@id":"https:\/\/www.eldigitaldeasturias.com\/noticias\/la-frontera-maritima-estara-lista-en-marzo-pero-peru-no-acepta-la-convencion-del-mar\/#organizationLogo"},"sameAs":["https:\/\/facebook.com\/eldigitaldeasturias","https:\/\/www.youtube.com\/channel\/UCZP-2wLEB9Rv6erhFmqVnvg"],"address":{"@id":"https:\/\/www.eldigitaldeasturias.com\/noticias\/#postaladdress","@type":"PostalAddress","streetAddress":"san antonio 4","postalCode":"33430","addressLocality":"Cand\u00e1s","addressRegion":"Asturias","addressCountry":"ES"}},{"@type":"Person","@id":"https:\/\/www.eldigitaldeasturias.com\/noticias\/author\/admin\/#author","url":"https:\/\/www.eldigitaldeasturias.com\/noticias\/author\/admin\/","name":"El Digital de Asturias","image":{"@type":"ImageObject","@id":"https:\/\/www.eldigitaldeasturias.com\/noticias\/la-frontera-maritima-estara-lista-en-marzo-pero-peru-no-acepta-la-convencion-del-mar\/#authorImage","url":"https:\/\/secure.gravatar.com\/avatar\/df2aeffc32bcd13f8d26072ef8a91b623d677766deac7f97ca815868cd41bf5e?s=96&d=mm&r=g","width":96,"height":96,"caption":"El Digital de Asturias"}},{"@type":"WebPage","@id":"https:\/\/www.eldigitaldeasturias.com\/noticias\/la-frontera-maritima-estara-lista-en-marzo-pero-peru-no-acepta-la-convencion-del-mar\/#webpage","url":"https:\/\/www.eldigitaldeasturias.com\/noticias\/la-frontera-maritima-estara-lista-en-marzo-pero-peru-no-acepta-la-convencion-del-mar\/","name":"La frontera mar\u00edtima estar\u00e1 lista en marzo pero Per\u00fa no acepta la Convenci\u00f3n del Mar - El Digital de Asturias","description":"Santiago de Chile, 7 feb (EFE).- La nueva frontera mar\u00edtima emanada del fallo emitido por la Corte Internacional de Justicia (CIJ) de La Haya el pasado 27 de enero estar\u00e1 lista en los \u00faltimos d\u00edas de marzo tras el trabajo intensivo que este viernes iniciar\u00e1n t\u00e9cnicos y personal de la Armada de ambos pa\u00edses. As\u00ed","inLanguage":"es-ES","isPartOf":{"@id":"https:\/\/www.eldigitaldeasturias.com\/noticias\/#website"},"breadcrumb":{"@id":"https:\/\/www.eldigitaldeasturias.com\/noticias\/la-frontera-maritima-estara-lista-en-marzo-pero-peru-no-acepta-la-convencion-del-mar\/#breadcrumblist"},"author":{"@id":"https:\/\/www.eldigitaldeasturias.com\/noticias\/author\/admin\/#author"},"creator":{"@id":"https:\/\/www.eldigitaldeasturias.com\/noticias\/author\/admin\/#author"},"image":{"@type":"ImageObject","url":486030,"@id":"https:\/\/www.eldigitaldeasturias.com\/noticias\/la-frontera-maritima-estara-lista-en-marzo-pero-peru-no-acepta-la-convencion-del-mar\/#mainImage"},"primaryImageOfPage":{"@id":"https:\/\/www.eldigitaldeasturias.com\/noticias\/la-frontera-maritima-estara-lista-en-marzo-pero-peru-no-acepta-la-convencion-del-mar\/#mainImage"},"datePublished":"2014-02-07T20:46:27+01:00","dateModified":"2014-02-07T20:46:27+01:00"},{"@type":"WebSite","@id":"https:\/\/www.eldigitaldeasturias.com\/noticias\/#website","url":"https:\/\/www.eldigitaldeasturias.com\/noticias\/","name":"El Digital de Asturias - Diario de actualidad y noticias","alternateName":"El Digital de Asturias - Diario de actualidad y noticias","description":"Hemeroteca","inLanguage":"es-ES","publisher":{"@id":"https:\/\/www.eldigitaldeasturias.com\/noticias\/#organization"}}]},"og:locale":"es_ES","og:site_name":"El Digital de Asturias","og:type":"article","og:title":"La frontera mar\u00edtima estar\u00e1 lista en marzo pero Per\u00fa no acepta la Convenci\u00f3n del Mar - El Digital de Asturias","og:description":"Santiago de Chile, 7 feb (EFE).- La nueva frontera mar\u00edtima emanada del fallo emitido por la Corte Internacional de Justicia (CIJ) de La Haya el pasado 27 de enero estar\u00e1 lista en los \u00faltimos d\u00edas de marzo tras el trabajo intensivo que este viernes iniciar\u00e1n t\u00e9cnicos y personal de la Armada de ambos pa\u00edses. As\u00ed","og:url":"https:\/\/www.eldigitaldeasturias.com\/noticias\/la-frontera-maritima-estara-lista-en-marzo-pero-peru-no-acepta-la-convencion-del-mar\/","article:tag":["actualidad"],"article:published_time":"2014-02-07T21:46:27+00:00","article:modified_time":"2014-02-07T21:46:27+00:00","article:publisher":"https:\/\/facebook.com\/eldigitaldeasturias","twitter:card":"summary_large_image","twitter:title":"La frontera mar\u00edtima estar\u00e1 lista en marzo pero Per\u00fa no acepta la Convenci\u00f3n del Mar - El Digital de Asturias","twitter:description":"Santiago de Chile, 7 feb (EFE).- La nueva frontera mar\u00edtima emanada del fallo emitido por la Corte Internacional de Justicia (CIJ) de La Haya el pasado 27 de enero estar\u00e1 lista en los \u00faltimos d\u00edas de marzo tras el trabajo intensivo que este viernes iniciar\u00e1n t\u00e9cnicos y personal de la Armada de ambos pa\u00edses. As\u00ed","twitter:label1":"Escrito por","twitter:data1":"El Digital de Asturias","twitter:label2":"Tiempo de lectura estimado","twitter:data2":"5 minutos"},"aioseo_meta_data":{"post_id":"486029","title":null,"description":null,"keywords":null,"keyphrases":null,"primary_term":null,"canonical_url":null,"og_title":null,"og_description":null,"og_object_type":"default","og_image_type":"default","og_image_url":null,"og_image_width":null,"og_image_height":null,"og_image_custom_url":null,"og_image_custom_fields":null,"og_video":null,"og_custom_url":null,"og_article_section":null,"og_article_tags":null,"twitter_use_og":true,"twitter_card":"default","twitter_image_type":"default","twitter_image_url":null,"twitter_image_custom_url":null,"twitter_image_custom_fields":null,"twitter_title":null,"twitter_description":null,"schema":{"blockGraphs":[],"customGraphs":[],"default":{"data":{"Article":[],"Course":[],"Dataset":[],"FAQPage":[],"Movie":[],"Person":[],"Product":[],"ProductReview":[],"Car":[],"Recipe":[],"Service":[],"SoftwareApplication":[],"WebPage":[]},"graphName":"","isEnabled":true},"graphs":[],"defaultGraph":"","defaultPostTypeGraph":""},"schema_type":null,"schema_type_options":null,"pillar_content":false,"robots_default":true,"robots_noindex":false,"robots_noarchive":false,"robots_nosnippet":false,"robots_nofollow":false,"robots_noimageindex":false,"robots_noodp":false,"robots_notranslate":false,"robots_max_snippet":null,"robots_max_videopreview":null,"robots_max_imagepreview":"none","priority":null,"frequency":null,"local_seo":null,"seo_analyzer_scan_date":"2026-06-02 23:06:55","breadcrumb_settings":null,"limit_modified_date":false,"open_ai":null,"ai":null,"created":"2020-11-14 22:56:01","updated":"2026-06-02 23:06:55","focus_keyword":null,"additional_keywords":null,"truseo_locale":null},"aioseo_breadcrumb":"<div class=\"aioseo-breadcrumbs\"><span class=\"aioseo-breadcrumb\">\n\t<a href=\"https:\/\/www.eldigitaldeasturias.com\/noticias\" title=\"Home\">Home<\/a>\n<\/span><span class=\"aioseo-breadcrumb-separator\">\u2013<\/span><span class=\"aioseo-breadcrumb\">\n\t<a href=\"https:\/\/www.eldigitaldeasturias.com\/noticias\/category\/actualidad\/\" title=\"Actualidad\">Actualidad<\/a>\n<\/span><span class=\"aioseo-breadcrumb-separator\">\u2013<\/span><span class=\"aioseo-breadcrumb\">\n\t<a href=\"https:\/\/www.eldigitaldeasturias.com\/noticias\/la-frontera-maritima-estara-lista-en-marzo-pero-peru-no-acepta-la-convencion-del-mar\/\" title=\"La frontera mar\u00edtima estar\u00e1 lista en marzo pero Per\u00fa no acepta la Convenci\u00f3n del Mar\">La frontera mar\u00edtima estar\u00e1 lista en marzo pero Per\u00fa no acepta la Convenci\u00f3n del Mar<\/a>\n<\/span><\/div>","aioseo_breadcrumb_json":[{"label":"Home","link":"https:\/\/www.eldigitaldeasturias.com\/noticias"},{"label":"Actualidad","link":"https:\/\/www.eldigitaldeasturias.com\/noticias\/category\/actualidad\/"},{"label":"La frontera mar\u00edtima estar\u00e1 lista en marzo pero Per\u00fa no acepta la Convenci\u00f3n del Mar","link":"https:\/\/www.eldigitaldeasturias.com\/noticias\/la-frontera-maritima-estara-lista-en-marzo-pero-peru-no-acepta-la-convencion-del-mar\/"}],"_links":{"self":[{"href":"https:\/\/www.eldigitaldeasturias.com\/noticias\/wp-json\/wp\/v2\/posts\/486029","targetHints":{"allow":["GET"]}}],"collection":[{"href":"https:\/\/www.eldigitaldeasturias.com\/noticias\/wp-json\/wp\/v2\/posts"}],"about":[{"href":"https:\/\/www.eldigitaldeasturias.com\/noticias\/wp-json\/wp\/v2\/types\/post"}],"author":[{"embeddable":true,"href":"https:\/\/www.eldigitaldeasturias.com\/noticias\/wp-json\/wp\/v2\/users\/1"}],"replies":[{"embeddable":true,"href":"https:\/\/www.eldigitaldeasturias.com\/noticias\/wp-json\/wp\/v2\/comments?post=486029"}],"version-history":[{"count":0,"href":"https:\/\/www.eldigitaldeasturias.com\/noticias\/wp-json\/wp\/v2\/posts\/486029\/revisions"}],"wp:attachment":[{"href":"https:\/\/www.eldigitaldeasturias.com\/noticias\/wp-json\/wp\/v2\/media?parent=486029"}],"wp:term":[{"taxonomy":"category","embeddable":true,"href":"https:\/\/www.eldigitaldeasturias.com\/noticias\/wp-json\/wp\/v2\/categories?post=486029"},{"taxonomy":"post_tag","embeddable":true,"href":"https:\/\/www.eldigitaldeasturias.com\/noticias\/wp-json\/wp\/v2\/tags?post=486029"}],"curies":[{"name":"wp","href":"https:\/\/api.w.org\/{rel}","templated":true}]}}