{"id":485999,"date":"2014-02-07T20:32:54","date_gmt":"2014-02-07T21:32:54","guid":{"rendered":"http:\/\/www.eldigitaldeasturias.com\/noticias\/?p=485999"},"modified":"2014-02-07T20:32:54","modified_gmt":"2014-02-07T21:32:54","slug":"fernandez-saldria-corriendo-si-el-depor-no-fuera-una-empresa-de-sentimientos","status":"publish","type":"post","link":"https:\/\/www.eldigitaldeasturias.com\/noticias\/fernandez-saldria-corriendo-si-el-depor-no-fuera-una-empresa-de-sentimientos\/","title":{"rendered":"Fern\u00e1ndez \u00absaldr\u00eda corriendo\u00bb si el D\u00e9por no fuera una \u00abempresa de sentimientos\u00bb"},"content":{"rendered":"<p><img loading=\"lazy\" decoding=\"async\" class=\"alignleft size-medium wp-image-486000\" alt=\"5919680w\" src=\"https:\/\/www.eldigitaldeasturias.com\/noticias\/wp-content\/uploads\/2014\/02\/5919680w-360x239.jpg\" width=\"360\" height=\"239\" \/>A Coru\u00f1a, 7 feb (EFE).- Despu\u00e9s de haber relevado a Lendoiro en la presidencia del Deportivo hace dos semanas, Tino Fern\u00e1ndez ultima su primera misi\u00f3n, un acuerdo con Hacienda que garantice la supervivencia del club y un futuro que afronta con ambici\u00f3n, pero consciente de que tendr\u00e1 que pagar un peaje por los excesos pasados, de los que se declara \u00abc\u00f3mplice\u00bb.<\/p>\n<p>En el despacho que alumbr\u00f3 las noches de su antecesor 25 a\u00f1os, ahora con la luz de un d\u00eda de pleno invierno e iluminaci\u00f3n cenital, con un tel\u00e9fono inteligente y una tableta sobre la mesa que chocan en un espacio decorado hace d\u00e9cadas, admite a EFE que si el Deportivo fuera una empresa convencional, \u00abseguramente saldr\u00eda corriendo\u00bb con los n\u00fameros que hereda.<\/p>\n<p>\u00abPero tiene ese gran motor que es la ilusi\u00f3n de la gente, es una empresa de sentimientos, hay mucha energ\u00eda en su entorno, mucha ayuda de personas muy importantes a cambio de nada, y eso no pasa en cualquier otra actividad\u00bb, argumenta el propietario de la consultora tecnol\u00f3gica Altia.<\/p>\n<p>Tras cerrar una carpeta con contratos, recuerda que fue \u00abentre finales de septiembre y principios de octubre\u00bb cuando decidi\u00f3 presentarse como alternativa a Augusto C\u00e9sar Lendoiro, que llevaba 25 a\u00f1os en el cargo y unas semanas antes le hab\u00eda ofrecido \u00abformar parte de su consejo\u00bb.<\/p>\n<p>En aquella cumbre, constat\u00f3 que el veterano dirigente \u00absolo pretend\u00eda hacer peque\u00f1os ajustes, pero ning\u00fan cambio en profundidad\u00bb y se anim\u00f3 a competir por la presidencia.<\/p>\n<p>Lendoiro, al que Tino llama Augusto, no estaba habituado a tener oposici\u00f3n, pero con el club en concurso de acreedores, surgieron hasta cuatro candidatos.<\/p>\n<p>\u00abCreo que tendr\u00edamos haber salido antes. Los 25 a\u00f1os de Augusto tienen una nota favorable, pero en los \u00faltimos puso el piloto autom\u00e1tico en la gesti\u00f3n y el modelo daba s\u00edntomas de agotamiento, de una cierta falta de rigor en lo econ\u00f3mico\u00bb, explica.<\/p>\n<p>De aquellos a\u00f1os, se siente, incluso, \u00abc\u00f3mplice\u00bb porque \u00e9l, uno de los m\u00e1ximos accionistas del club (0,97%), deleg\u00f3 sus acciones a Lendoiro \u00abhasta 2012\u00bb.<\/p>\n<p>De esa etapa queda una deuda superior a 160 millones de euros y seis t\u00edtulos. \u00abGastando ese mismo dinero hay mucha gente que no consigue nada y eso es un m\u00e9rito. Pero tambi\u00e9n puede haber mejor gesti\u00f3n\u00bb, sostiene Tino.<\/p>\n<p>\u00abAhora vamos a quedar hipotecados much\u00edsimos a\u00f1os. Vamos a tener que pagar lo que gastemos en los pr\u00f3ximos a\u00f1os y parte de lo que se gast\u00f3 en los anteriores. Vamos a seguir pagando aquellas fiestas o aquellos t\u00edtulos durante muchos a\u00f1os y todos somos responsables. No escurro el bulto\u00bb, a\u00f1ade.<\/p>\n<p>Tino Fern\u00e1ndez, que el pasado s\u00e1bado presidi\u00f3 por primera vez el palco de Riazor, cree que el club debe aumentar \u00ablos ingresos que se producen en el campo\u00bb, ser como el \u00abAthletic\u00bb, que tiene \u00ablista de espera de socios\u00bb, y tambi\u00e9n los beneficios \u00abcomerciales\u00bb, donde \u00abhay bastante por hacer\u00bb, como \u00abactuar en muchos m\u00e1s mercados\u00bb.<\/p>\n<p>Eso tendr\u00e1 que esperar. Ahora mismo todos sus esfuerzos est\u00e1n centrados en el convenio de acreedores con Hacienda, a la que el Deportivo debe casi 100 millones, y los bancos.<\/p>\n<p>\u00abPara la Agencia Tributaria somos un NIF y tenemos que pagar como cualquier otro contribuyente. Evidentemente, pedimos lo mismo que otras empresas en concurso a las que se les hace un plan de reestructuraci\u00f3n\u00bb, se\u00f1ala.<\/p>\n<p>Espera, en \u00absiete, ocho, diez d\u00edas, no m\u00e1s\u00bb, cerrar el acuerdo con el Fisco y los bancos. \u00abMalo ser\u00e1 que no se pueda dar\u00bb, matiza con una expresi\u00f3n a la gallega y sin soltar prenda sobre si el cr\u00e9dito privilegiado incluir\u00e1 quita.<\/p>\n<p>\u00abNo lo voy a decir. He propuesto muchas cosas. Esto al final es como elaborar una comida. Hay unos ingredientes y hay que hacer un plato. Aqu\u00ed hay quita, a\u00f1os, garant\u00edas, supervisi\u00f3n y control, una ampliaci\u00f3n de capital que puede haberla o no, y al final tienes que combinar esos elementos y ver cu\u00e1l es la soluci\u00f3n perfecta\u00bb, dice.<\/p>\n<p>En el campo, el equipo es el l\u00edder de Segunda y \u00abascender es necesario cuanto antes\u00bb, pero el dirigente matiza: \u00abEn este momento es m\u00e1s importante tener una buena hoja de ruta econ\u00f3mica y financiera\u00bb.<\/p>\n<p>\u00abSalir mal parados de esta negociaci\u00f3n o no llegar a un acuerdo ser\u00eda mucho peor que no ascender\u00bb, justifica antes de ponerse en el peor de los escenarios, que Hacienda no pacte: \u00abSin acuerdo, la liquidaci\u00f3n inmediata no es, pero habr\u00eda que ponerse a vender el club de un d\u00eda para otro\u00bb.<\/p>\n<p>\u00c9l se ve \u00abmuchos menos a\u00f1os\u00bb que Lendoiro al frente del club y asume que \u00abel plan econ\u00f3mico\u00bb lo completar\u00e1n \u00abuno o dos presidentes\u00bb m\u00e1s.<\/p>\n<p>Tino tiene entre manos hacer una auditor\u00eda del club, pero est\u00e1 \u00abseguro\u00bb de que no va a detectar \u00abuna salida de dinero a un para\u00edso fiscal ni nada por el estilo\u00bb.<\/p>\n<p>Y entretanto, no se pondr\u00e1 \u00abning\u00fan l\u00edmite en la competici\u00f3n\u00bb: \u00abSoy ambicioso y tampoco vengo para estar en Segunda. Me gusta la Primera, la Champions y lo mejor, como a casi todos\u00bb.<\/p>\n<p>El fin \u00faltimo es volver a obrar un milagro como el del Superdepor: \u00abCon lo que hay ahora mismo, pues no es posible, pero con plazos m\u00e1s largos, todo se andar\u00e1. Hace diez a\u00f1os jugamos una semifinal de Champions\u00bb.<\/p>\n<p>\u00abPero esta vez lo tendremos que hacer de una manera distinta porque, el que nos vayan a prestar mucho dinero o que nos dejen deber mucho dinero o nos financiemos sobre el no pagar y el incumplimiento de unas normas tributarias, va a ser que no. Ahora bien: imposible, no hay nada\u00bb, concluye.<\/p>\n<p>Carlos Alberto Fern\u00e1ndez<\/p>\n<p>&nbsp;<\/p>\n","protected":false},"excerpt":{"rendered":"<p>A Coru\u00f1a, 7 feb (EFE).- Despu\u00e9s de haber relevado a Lendoiro en la presidencia del Deportivo hace dos semanas, Tino Fern\u00e1ndez ultima su primera misi\u00f3n, un acuerdo con Hacienda que garantice la supervivencia del club y un futuro que afronta con ambici\u00f3n, pero consciente de que tendr\u00e1 que pagar un peaje por los excesos pasados, [&hellip;]<\/p>\n","protected":false},"author":1,"featured_media":486000,"comment_status":"closed","ping_status":"open","sticky":false,"template":"","format":"standard","meta":{"footnotes":""},"categories":[1],"tags":[],"class_list":["post-485999","post","type-post","status-publish","format-standard","has-post-thumbnail","hentry","category-actualidad"],"aioseo_notices":[],"aioseo_head":"\n\t\t<!-- All in One SEO Pro 5.0.1 - aioseo.com -->\n\t<meta name=\"description\" content=\"A Coru\u00f1a, 7 feb (EFE).- Despu\u00e9s de haber relevado a Lendoiro en la presidencia del Deportivo hace dos semanas, Tino Fern\u00e1ndez ultima su primera misi\u00f3n, un acuerdo con Hacienda que garantice la supervivencia del club y un futuro que afronta con ambici\u00f3n, pero consciente de que tendr\u00e1 que pagar un peaje por los excesos pasados,\" \/>\n\t<meta name=\"robots\" content=\"max-image-preview:large\" \/>\n\t<meta name=\"author\" content=\"El Digital de Asturias\"\/>\n\t<meta name=\"google-site-verification\" content=\"UA-38556648-1\" \/>\n\t<meta name=\"msvalidate.01\" content=\"7dfe9f3f1b24437ab69f4f2559babe99\" \/>\n\t<meta name=\"keywords\" content=\"actualidad\" \/>\n\t<link rel=\"canonical\" href=\"https:\/\/www.eldigitaldeasturias.com\/noticias\/fernandez-saldria-corriendo-si-el-depor-no-fuera-una-empresa-de-sentimientos\/\" \/>\n\t<meta name=\"generator\" content=\"All in One SEO Pro (AIOSEO) 5.0.1\" \/>\n\t\t<meta property=\"og:locale\" content=\"es_ES\" \/>\n\t\t<meta property=\"og:site_name\" content=\"El Digital de Asturias\" \/>\n\t\t<meta property=\"og:type\" content=\"article\" \/>\n\t\t<meta property=\"og:title\" content=\"Fern\u00e1ndez \u00absaldr\u00eda corriendo\u00bb si el D\u00e9por no fuera una \u00abempresa de sentimientos\u00bb - El Digital de Asturias\" \/>\n\t\t<meta property=\"og:description\" content=\"A Coru\u00f1a, 7 feb (EFE).- Despu\u00e9s de haber relevado a Lendoiro en la presidencia del Deportivo hace dos semanas, Tino Fern\u00e1ndez ultima su primera misi\u00f3n, un acuerdo con Hacienda que garantice la supervivencia del club y un futuro que afronta con ambici\u00f3n, pero consciente de que tendr\u00e1 que pagar un peaje por los excesos pasados,\" \/>\n\t\t<meta property=\"og:url\" content=\"https:\/\/www.eldigitaldeasturias.com\/noticias\/fernandez-saldria-corriendo-si-el-depor-no-fuera-una-empresa-de-sentimientos\/\" \/>\n\t\t<meta property=\"article:tag\" content=\"actualidad\" \/>\n\t\t<meta property=\"article:published_time\" content=\"2014-02-07T21:32:54+00:00\" \/>\n\t\t<meta property=\"article:modified_time\" content=\"2014-02-07T21:32:54+00:00\" \/>\n\t\t<meta property=\"article:publisher\" content=\"https:\/\/facebook.com\/eldigitaldeasturias\" \/>\n\t\t<meta name=\"twitter:card\" content=\"summary_large_image\" \/>\n\t\t<meta name=\"twitter:title\" content=\"Fern\u00e1ndez \u00absaldr\u00eda corriendo\u00bb si el D\u00e9por no fuera una \u00abempresa de sentimientos\u00bb - El Digital de Asturias\" \/>\n\t\t<meta name=\"twitter:description\" content=\"A Coru\u00f1a, 7 feb (EFE).- Despu\u00e9s de haber relevado a Lendoiro en la presidencia del Deportivo hace dos semanas, Tino Fern\u00e1ndez ultima su primera misi\u00f3n, un acuerdo con Hacienda que garantice la supervivencia del club y un futuro que afronta con ambici\u00f3n, pero consciente de que tendr\u00e1 que pagar un peaje por los excesos pasados,\" \/>\n\t\t<meta name=\"twitter:label1\" content=\"Escrito por\" \/>\n\t\t<meta name=\"twitter:data1\" content=\"El Digital de Asturias\" \/>\n\t\t<meta name=\"twitter:label2\" content=\"Tiempo de lectura estimado\" \/>\n\t\t<meta name=\"twitter:data2\" content=\"5 minutos\" \/>\n\t\t<script type=\"application\/ld+json\" class=\"aioseo-schema\">\n\t\t\t{\"@context\":\"https:\\\/\\\/schema.org\",\"@graph\":[{\"@type\":\"BlogPosting\",\"@id\":\"https:\\\/\\\/www.eldigitaldeasturias.com\\\/noticias\\\/fernandez-saldria-corriendo-si-el-depor-no-fuera-una-empresa-de-sentimientos\\\/#blogposting\",\"name\":\"Fern\\u00e1ndez \\u00absaldr\\u00eda corriendo\\u00bb si el D\\u00e9por no fuera una \\u00abempresa de sentimientos\\u00bb - El Digital de Asturias\",\"headline\":\"Fern\\u00e1ndez \\u00absaldr\\u00eda corriendo\\u00bb si el D\\u00e9por no fuera una \\u00abempresa de sentimientos\\u00bb\",\"author\":{\"@id\":\"https:\\\/\\\/www.eldigitaldeasturias.com\\\/noticias\\\/author\\\/admin\\\/#author\"},\"publisher\":{\"@id\":\"https:\\\/\\\/www.eldigitaldeasturias.com\\\/noticias\\\/#organization\"},\"image\":{\"@type\":\"ImageObject\",\"url\":486000},\"datePublished\":\"2014-02-07T20:32:54+01:00\",\"dateModified\":\"2014-02-07T20:32:54+01:00\",\"inLanguage\":\"es-ES\",\"mainEntityOfPage\":{\"@id\":\"https:\\\/\\\/www.eldigitaldeasturias.com\\\/noticias\\\/fernandez-saldria-corriendo-si-el-depor-no-fuera-una-empresa-de-sentimientos\\\/#webpage\"},\"isPartOf\":{\"@id\":\"https:\\\/\\\/www.eldigitaldeasturias.com\\\/noticias\\\/fernandez-saldria-corriendo-si-el-depor-no-fuera-una-empresa-de-sentimientos\\\/#webpage\"},\"articleSection\":\"Actualidad\"},{\"@type\":\"BreadcrumbList\",\"@id\":\"https:\\\/\\\/www.eldigitaldeasturias.com\\\/noticias\\\/fernandez-saldria-corriendo-si-el-depor-no-fuera-una-empresa-de-sentimientos\\\/#breadcrumblist\",\"itemListElement\":[{\"@type\":\"ListItem\",\"@id\":\"https:\\\/\\\/www.eldigitaldeasturias.com\\\/noticias#listItem\",\"position\":1,\"name\":\"Home\",\"item\":\"https:\\\/\\\/www.eldigitaldeasturias.com\\\/noticias\",\"nextItem\":{\"@type\":\"ListItem\",\"@id\":\"https:\\\/\\\/www.eldigitaldeasturias.com\\\/noticias\\\/category\\\/actualidad\\\/#listItem\",\"name\":\"Actualidad\"}},{\"@type\":\"ListItem\",\"@id\":\"https:\\\/\\\/www.eldigitaldeasturias.com\\\/noticias\\\/category\\\/actualidad\\\/#listItem\",\"position\":2,\"name\":\"Actualidad\",\"item\":\"https:\\\/\\\/www.eldigitaldeasturias.com\\\/noticias\\\/category\\\/actualidad\\\/\",\"nextItem\":{\"@type\":\"ListItem\",\"@id\":\"https:\\\/\\\/www.eldigitaldeasturias.com\\\/noticias\\\/fernandez-saldria-corriendo-si-el-depor-no-fuera-una-empresa-de-sentimientos\\\/#listItem\",\"name\":\"Fern\\u00e1ndez \\u00absaldr\\u00eda corriendo\\u00bb si el D\\u00e9por no fuera una \\u00abempresa de sentimientos\\u00bb\"},\"previousItem\":{\"@type\":\"ListItem\",\"@id\":\"https:\\\/\\\/www.eldigitaldeasturias.com\\\/noticias#listItem\",\"name\":\"Home\"}},{\"@type\":\"ListItem\",\"@id\":\"https:\\\/\\\/www.eldigitaldeasturias.com\\\/noticias\\\/fernandez-saldria-corriendo-si-el-depor-no-fuera-una-empresa-de-sentimientos\\\/#listItem\",\"position\":3,\"name\":\"Fern\\u00e1ndez \\u00absaldr\\u00eda corriendo\\u00bb si el D\\u00e9por no fuera una \\u00abempresa de sentimientos\\u00bb\",\"previousItem\":{\"@type\":\"ListItem\",\"@id\":\"https:\\\/\\\/www.eldigitaldeasturias.com\\\/noticias\\\/category\\\/actualidad\\\/#listItem\",\"name\":\"Actualidad\"}}]},{\"@type\":\"Organization\",\"@id\":\"https:\\\/\\\/www.eldigitaldeasturias.com\\\/noticias\\\/#organization\",\"name\":\"El Digital de Asturias\",\"description\":\"Hemeroteca\",\"url\":\"https:\\\/\\\/www.eldigitaldeasturias.com\\\/noticias\\\/\",\"email\":\"info@eldigitaldeasturias.com\",\"telephone\":\"+34652131393\",\"logo\":{\"@type\":\"ImageObject\",\"url\":\"https:\\\/\\\/www.eldigitaldeasturias.com\\\/noticias\\\/wp-content\\\/uploads\\\/2020\\\/12\\\/EDA.jpg\",\"@id\":\"https:\\\/\\\/www.eldigitaldeasturias.com\\\/noticias\\\/fernandez-saldria-corriendo-si-el-depor-no-fuera-una-empresa-de-sentimientos\\\/#organizationLogo\"},\"image\":{\"@id\":\"https:\\\/\\\/www.eldigitaldeasturias.com\\\/noticias\\\/fernandez-saldria-corriendo-si-el-depor-no-fuera-una-empresa-de-sentimientos\\\/#organizationLogo\"},\"sameAs\":[\"https:\\\/\\\/facebook.com\\\/eldigitaldeasturias\",\"https:\\\/\\\/www.youtube.com\\\/channel\\\/UCZP-2wLEB9Rv6erhFmqVnvg\"],\"address\":{\"@id\":\"https:\\\/\\\/www.eldigitaldeasturias.com\\\/noticias\\\/#postaladdress\",\"@type\":\"PostalAddress\",\"streetAddress\":\"san antonio 4\",\"postalCode\":\"33430\",\"addressLocality\":\"Cand\\u00e1s\",\"addressRegion\":\"Asturias\",\"addressCountry\":\"ES\"}},{\"@type\":\"Person\",\"@id\":\"https:\\\/\\\/www.eldigitaldeasturias.com\\\/noticias\\\/author\\\/admin\\\/#author\",\"url\":\"https:\\\/\\\/www.eldigitaldeasturias.com\\\/noticias\\\/author\\\/admin\\\/\",\"name\":\"El Digital de Asturias\",\"image\":{\"@type\":\"ImageObject\",\"@id\":\"https:\\\/\\\/www.eldigitaldeasturias.com\\\/noticias\\\/fernandez-saldria-corriendo-si-el-depor-no-fuera-una-empresa-de-sentimientos\\\/#authorImage\",\"url\":\"https:\\\/\\\/secure.gravatar.com\\\/avatar\\\/df2aeffc32bcd13f8d26072ef8a91b623d677766deac7f97ca815868cd41bf5e?s=96&d=mm&r=g\",\"width\":96,\"height\":96,\"caption\":\"El Digital de Asturias\"}},{\"@type\":\"WebPage\",\"@id\":\"https:\\\/\\\/www.eldigitaldeasturias.com\\\/noticias\\\/fernandez-saldria-corriendo-si-el-depor-no-fuera-una-empresa-de-sentimientos\\\/#webpage\",\"url\":\"https:\\\/\\\/www.eldigitaldeasturias.com\\\/noticias\\\/fernandez-saldria-corriendo-si-el-depor-no-fuera-una-empresa-de-sentimientos\\\/\",\"name\":\"Fern\\u00e1ndez \\u00absaldr\\u00eda corriendo\\u00bb si el D\\u00e9por no fuera una \\u00abempresa de sentimientos\\u00bb - El Digital de Asturias\",\"description\":\"A Coru\\u00f1a, 7 feb (EFE).- Despu\\u00e9s de haber relevado a Lendoiro en la presidencia del Deportivo hace dos semanas, Tino Fern\\u00e1ndez ultima su primera misi\\u00f3n, un acuerdo con Hacienda que garantice la supervivencia del club y un futuro que afronta con ambici\\u00f3n, pero consciente de que tendr\\u00e1 que pagar un peaje por los excesos pasados,\",\"inLanguage\":\"es-ES\",\"isPartOf\":{\"@id\":\"https:\\\/\\\/www.eldigitaldeasturias.com\\\/noticias\\\/#website\"},\"breadcrumb\":{\"@id\":\"https:\\\/\\\/www.eldigitaldeasturias.com\\\/noticias\\\/fernandez-saldria-corriendo-si-el-depor-no-fuera-una-empresa-de-sentimientos\\\/#breadcrumblist\"},\"author\":{\"@id\":\"https:\\\/\\\/www.eldigitaldeasturias.com\\\/noticias\\\/author\\\/admin\\\/#author\"},\"creator\":{\"@id\":\"https:\\\/\\\/www.eldigitaldeasturias.com\\\/noticias\\\/author\\\/admin\\\/#author\"},\"image\":{\"@type\":\"ImageObject\",\"url\":486000,\"@id\":\"https:\\\/\\\/www.eldigitaldeasturias.com\\\/noticias\\\/fernandez-saldria-corriendo-si-el-depor-no-fuera-una-empresa-de-sentimientos\\\/#mainImage\"},\"primaryImageOfPage\":{\"@id\":\"https:\\\/\\\/www.eldigitaldeasturias.com\\\/noticias\\\/fernandez-saldria-corriendo-si-el-depor-no-fuera-una-empresa-de-sentimientos\\\/#mainImage\"},\"datePublished\":\"2014-02-07T20:32:54+01:00\",\"dateModified\":\"2014-02-07T20:32:54+01:00\"},{\"@type\":\"WebSite\",\"@id\":\"https:\\\/\\\/www.eldigitaldeasturias.com\\\/noticias\\\/#website\",\"url\":\"https:\\\/\\\/www.eldigitaldeasturias.com\\\/noticias\\\/\",\"name\":\"El Digital de Asturias - Diario de actualidad y noticias\",\"alternateName\":\"El Digital de Asturias - Diario de actualidad y noticias\",\"description\":\"Hemeroteca\",\"inLanguage\":\"es-ES\",\"publisher\":{\"@id\":\"https:\\\/\\\/www.eldigitaldeasturias.com\\\/noticias\\\/#organization\"}}]}\n\t\t<\/script>\n\t\t<!-- All in One SEO Pro -->\r\n\t\t<title>Fern\u00e1ndez \u00absaldr\u00eda corriendo\u00bb si el D\u00e9por no fuera una \u00abempresa de sentimientos\u00bb - El Digital de Asturias<\/title>\n\n","aioseo_head_json":{"title":"Fern\u00e1ndez \u00absaldr\u00eda corriendo\u00bb si el D\u00e9por no fuera una \u00abempresa de sentimientos\u00bb - El Digital de Asturias","description":"A Coru\u00f1a, 7 feb (EFE).- Despu\u00e9s de haber relevado a Lendoiro en la presidencia del Deportivo hace dos semanas, Tino Fern\u00e1ndez ultima su primera misi\u00f3n, un acuerdo con Hacienda que garantice la supervivencia del club y un futuro que afronta con ambici\u00f3n, pero consciente de que tendr\u00e1 que pagar un peaje por los excesos pasados,","canonical_url":"https:\/\/www.eldigitaldeasturias.com\/noticias\/fernandez-saldria-corriendo-si-el-depor-no-fuera-una-empresa-de-sentimientos\/","robots":"max-image-preview:large","keywords":"actualidad","webmasterTools":{"google-site-verification":"UA-38556648-1","msvalidate.01":"7dfe9f3f1b24437ab69f4f2559babe99","miscellaneous":""},"schema":{"@context":"https:\/\/schema.org","@graph":[{"@type":"BlogPosting","@id":"https:\/\/www.eldigitaldeasturias.com\/noticias\/fernandez-saldria-corriendo-si-el-depor-no-fuera-una-empresa-de-sentimientos\/#blogposting","name":"Fern\u00e1ndez \u00absaldr\u00eda corriendo\u00bb si el D\u00e9por no fuera una \u00abempresa de sentimientos\u00bb - El Digital de Asturias","headline":"Fern\u00e1ndez \u00absaldr\u00eda corriendo\u00bb si el D\u00e9por no fuera una \u00abempresa de sentimientos\u00bb","author":{"@id":"https:\/\/www.eldigitaldeasturias.com\/noticias\/author\/admin\/#author"},"publisher":{"@id":"https:\/\/www.eldigitaldeasturias.com\/noticias\/#organization"},"image":{"@type":"ImageObject","url":486000},"datePublished":"2014-02-07T20:32:54+01:00","dateModified":"2014-02-07T20:32:54+01:00","inLanguage":"es-ES","mainEntityOfPage":{"@id":"https:\/\/www.eldigitaldeasturias.com\/noticias\/fernandez-saldria-corriendo-si-el-depor-no-fuera-una-empresa-de-sentimientos\/#webpage"},"isPartOf":{"@id":"https:\/\/www.eldigitaldeasturias.com\/noticias\/fernandez-saldria-corriendo-si-el-depor-no-fuera-una-empresa-de-sentimientos\/#webpage"},"articleSection":"Actualidad"},{"@type":"BreadcrumbList","@id":"https:\/\/www.eldigitaldeasturias.com\/noticias\/fernandez-saldria-corriendo-si-el-depor-no-fuera-una-empresa-de-sentimientos\/#breadcrumblist","itemListElement":[{"@type":"ListItem","@id":"https:\/\/www.eldigitaldeasturias.com\/noticias#listItem","position":1,"name":"Home","item":"https:\/\/www.eldigitaldeasturias.com\/noticias","nextItem":{"@type":"ListItem","@id":"https:\/\/www.eldigitaldeasturias.com\/noticias\/category\/actualidad\/#listItem","name":"Actualidad"}},{"@type":"ListItem","@id":"https:\/\/www.eldigitaldeasturias.com\/noticias\/category\/actualidad\/#listItem","position":2,"name":"Actualidad","item":"https:\/\/www.eldigitaldeasturias.com\/noticias\/category\/actualidad\/","nextItem":{"@type":"ListItem","@id":"https:\/\/www.eldigitaldeasturias.com\/noticias\/fernandez-saldria-corriendo-si-el-depor-no-fuera-una-empresa-de-sentimientos\/#listItem","name":"Fern\u00e1ndez \u00absaldr\u00eda corriendo\u00bb si el D\u00e9por no fuera una \u00abempresa de sentimientos\u00bb"},"previousItem":{"@type":"ListItem","@id":"https:\/\/www.eldigitaldeasturias.com\/noticias#listItem","name":"Home"}},{"@type":"ListItem","@id":"https:\/\/www.eldigitaldeasturias.com\/noticias\/fernandez-saldria-corriendo-si-el-depor-no-fuera-una-empresa-de-sentimientos\/#listItem","position":3,"name":"Fern\u00e1ndez \u00absaldr\u00eda corriendo\u00bb si el D\u00e9por no fuera una \u00abempresa de sentimientos\u00bb","previousItem":{"@type":"ListItem","@id":"https:\/\/www.eldigitaldeasturias.com\/noticias\/category\/actualidad\/#listItem","name":"Actualidad"}}]},{"@type":"Organization","@id":"https:\/\/www.eldigitaldeasturias.com\/noticias\/#organization","name":"El Digital de Asturias","description":"Hemeroteca","url":"https:\/\/www.eldigitaldeasturias.com\/noticias\/","email":"info@eldigitaldeasturias.com","telephone":"+34652131393","logo":{"@type":"ImageObject","url":"https:\/\/www.eldigitaldeasturias.com\/noticias\/wp-content\/uploads\/2020\/12\/EDA.jpg","@id":"https:\/\/www.eldigitaldeasturias.com\/noticias\/fernandez-saldria-corriendo-si-el-depor-no-fuera-una-empresa-de-sentimientos\/#organizationLogo"},"image":{"@id":"https:\/\/www.eldigitaldeasturias.com\/noticias\/fernandez-saldria-corriendo-si-el-depor-no-fuera-una-empresa-de-sentimientos\/#organizationLogo"},"sameAs":["https:\/\/facebook.com\/eldigitaldeasturias","https:\/\/www.youtube.com\/channel\/UCZP-2wLEB9Rv6erhFmqVnvg"],"address":{"@id":"https:\/\/www.eldigitaldeasturias.com\/noticias\/#postaladdress","@type":"PostalAddress","streetAddress":"san antonio 4","postalCode":"33430","addressLocality":"Cand\u00e1s","addressRegion":"Asturias","addressCountry":"ES"}},{"@type":"Person","@id":"https:\/\/www.eldigitaldeasturias.com\/noticias\/author\/admin\/#author","url":"https:\/\/www.eldigitaldeasturias.com\/noticias\/author\/admin\/","name":"El Digital de Asturias","image":{"@type":"ImageObject","@id":"https:\/\/www.eldigitaldeasturias.com\/noticias\/fernandez-saldria-corriendo-si-el-depor-no-fuera-una-empresa-de-sentimientos\/#authorImage","url":"https:\/\/secure.gravatar.com\/avatar\/df2aeffc32bcd13f8d26072ef8a91b623d677766deac7f97ca815868cd41bf5e?s=96&d=mm&r=g","width":96,"height":96,"caption":"El Digital de Asturias"}},{"@type":"WebPage","@id":"https:\/\/www.eldigitaldeasturias.com\/noticias\/fernandez-saldria-corriendo-si-el-depor-no-fuera-una-empresa-de-sentimientos\/#webpage","url":"https:\/\/www.eldigitaldeasturias.com\/noticias\/fernandez-saldria-corriendo-si-el-depor-no-fuera-una-empresa-de-sentimientos\/","name":"Fern\u00e1ndez \u00absaldr\u00eda corriendo\u00bb si el D\u00e9por no fuera una \u00abempresa de sentimientos\u00bb - El Digital de Asturias","description":"A Coru\u00f1a, 7 feb (EFE).- Despu\u00e9s de haber relevado a Lendoiro en la presidencia del Deportivo hace dos semanas, Tino Fern\u00e1ndez ultima su primera misi\u00f3n, un acuerdo con Hacienda que garantice la supervivencia del club y un futuro que afronta con ambici\u00f3n, pero consciente de que tendr\u00e1 que pagar un peaje por los excesos pasados,","inLanguage":"es-ES","isPartOf":{"@id":"https:\/\/www.eldigitaldeasturias.com\/noticias\/#website"},"breadcrumb":{"@id":"https:\/\/www.eldigitaldeasturias.com\/noticias\/fernandez-saldria-corriendo-si-el-depor-no-fuera-una-empresa-de-sentimientos\/#breadcrumblist"},"author":{"@id":"https:\/\/www.eldigitaldeasturias.com\/noticias\/author\/admin\/#author"},"creator":{"@id":"https:\/\/www.eldigitaldeasturias.com\/noticias\/author\/admin\/#author"},"image":{"@type":"ImageObject","url":486000,"@id":"https:\/\/www.eldigitaldeasturias.com\/noticias\/fernandez-saldria-corriendo-si-el-depor-no-fuera-una-empresa-de-sentimientos\/#mainImage"},"primaryImageOfPage":{"@id":"https:\/\/www.eldigitaldeasturias.com\/noticias\/fernandez-saldria-corriendo-si-el-depor-no-fuera-una-empresa-de-sentimientos\/#mainImage"},"datePublished":"2014-02-07T20:32:54+01:00","dateModified":"2014-02-07T20:32:54+01:00"},{"@type":"WebSite","@id":"https:\/\/www.eldigitaldeasturias.com\/noticias\/#website","url":"https:\/\/www.eldigitaldeasturias.com\/noticias\/","name":"El Digital de Asturias - Diario de actualidad y noticias","alternateName":"El Digital de Asturias - Diario de actualidad y noticias","description":"Hemeroteca","inLanguage":"es-ES","publisher":{"@id":"https:\/\/www.eldigitaldeasturias.com\/noticias\/#organization"}}]},"og:locale":"es_ES","og:site_name":"El Digital de Asturias","og:type":"article","og:title":"Fern\u00e1ndez \u00absaldr\u00eda corriendo\u00bb si el D\u00e9por no fuera una \u00abempresa de sentimientos\u00bb - El Digital de Asturias","og:description":"A Coru\u00f1a, 7 feb (EFE).- Despu\u00e9s de haber relevado a Lendoiro en la presidencia del Deportivo hace dos semanas, Tino Fern\u00e1ndez ultima su primera misi\u00f3n, un acuerdo con Hacienda que garantice la supervivencia del club y un futuro que afronta con ambici\u00f3n, pero consciente de que tendr\u00e1 que pagar un peaje por los excesos pasados,","og:url":"https:\/\/www.eldigitaldeasturias.com\/noticias\/fernandez-saldria-corriendo-si-el-depor-no-fuera-una-empresa-de-sentimientos\/","article:tag":["actualidad"],"article:published_time":"2014-02-07T21:32:54+00:00","article:modified_time":"2014-02-07T21:32:54+00:00","article:publisher":"https:\/\/facebook.com\/eldigitaldeasturias","twitter:card":"summary_large_image","twitter:title":"Fern\u00e1ndez \u00absaldr\u00eda corriendo\u00bb si el D\u00e9por no fuera una \u00abempresa de sentimientos\u00bb - El Digital de Asturias","twitter:description":"A Coru\u00f1a, 7 feb (EFE).- Despu\u00e9s de haber relevado a Lendoiro en la presidencia del Deportivo hace dos semanas, Tino Fern\u00e1ndez ultima su primera misi\u00f3n, un acuerdo con Hacienda que garantice la supervivencia del club y un futuro que afronta con ambici\u00f3n, pero consciente de que tendr\u00e1 que pagar un peaje por los excesos pasados,","twitter:label1":"Escrito por","twitter:data1":"El Digital de Asturias","twitter:label2":"Tiempo de lectura estimado","twitter:data2":"5 minutos"},"aioseo_meta_data":{"post_id":"485999","title":null,"description":null,"keywords":null,"keyphrases":null,"primary_term":null,"canonical_url":null,"og_title":null,"og_description":null,"og_object_type":"default","og_image_type":"default","og_image_url":null,"og_image_width":null,"og_image_height":null,"og_image_custom_url":null,"og_image_custom_fields":null,"og_video":null,"og_custom_url":null,"og_article_section":null,"og_article_tags":null,"twitter_use_og":true,"twitter_card":"default","twitter_image_type":"default","twitter_image_url":null,"twitter_image_custom_url":null,"twitter_image_custom_fields":null,"twitter_title":null,"twitter_description":null,"schema":{"blockGraphs":[],"customGraphs":[],"default":{"data":{"Article":[],"Course":[],"Dataset":[],"FAQPage":[],"Movie":[],"Person":[],"Product":[],"ProductReview":[],"Car":[],"Recipe":[],"Service":[],"SoftwareApplication":[],"WebPage":[]},"graphName":"","isEnabled":true},"graphs":[],"defaultGraph":"","defaultPostTypeGraph":""},"schema_type":null,"schema_type_options":null,"pillar_content":false,"robots_default":true,"robots_noindex":false,"robots_noarchive":false,"robots_nosnippet":false,"robots_nofollow":false,"robots_noimageindex":false,"robots_noodp":false,"robots_notranslate":false,"robots_max_snippet":null,"robots_max_videopreview":null,"robots_max_imagepreview":"none","priority":null,"frequency":null,"local_seo":null,"seo_analyzer_scan_date":"2026-06-02 22:56:46","breadcrumb_settings":null,"limit_modified_date":false,"open_ai":null,"ai":null,"created":"2020-11-14 22:56:01","updated":"2026-06-02 22:56:46","focus_keyword":null,"additional_keywords":null,"truseo_locale":null},"aioseo_breadcrumb":"<div class=\"aioseo-breadcrumbs\"><span class=\"aioseo-breadcrumb\">\n\t<a href=\"https:\/\/www.eldigitaldeasturias.com\/noticias\" title=\"Home\">Home<\/a>\n<\/span><span class=\"aioseo-breadcrumb-separator\">\u2013<\/span><span class=\"aioseo-breadcrumb\">\n\t<a href=\"https:\/\/www.eldigitaldeasturias.com\/noticias\/category\/actualidad\/\" title=\"Actualidad\">Actualidad<\/a>\n<\/span><span class=\"aioseo-breadcrumb-separator\">\u2013<\/span><span class=\"aioseo-breadcrumb\">\n\t<a href=\"https:\/\/www.eldigitaldeasturias.com\/noticias\/fernandez-saldria-corriendo-si-el-depor-no-fuera-una-empresa-de-sentimientos\/\" title=\"Fern\u00e1ndez \u00absaldr\u00eda corriendo\u00bb si el D\u00e9por no fuera una \u00abempresa de sentimientos\u00bb\">Fern\u00e1ndez \u00absaldr\u00eda corriendo\u00bb si el D\u00e9por no fuera una \u00abempresa de sentimientos\u00bb<\/a>\n<\/span><\/div>","aioseo_breadcrumb_json":[{"label":"Home","link":"https:\/\/www.eldigitaldeasturias.com\/noticias"},{"label":"Actualidad","link":"https:\/\/www.eldigitaldeasturias.com\/noticias\/category\/actualidad\/"},{"label":"Fern\u00e1ndez \u00absaldr\u00eda corriendo\u00bb si el D\u00e9por no fuera una \u00abempresa de sentimientos\u00bb","link":"https:\/\/www.eldigitaldeasturias.com\/noticias\/fernandez-saldria-corriendo-si-el-depor-no-fuera-una-empresa-de-sentimientos\/"}],"_links":{"self":[{"href":"https:\/\/www.eldigitaldeasturias.com\/noticias\/wp-json\/wp\/v2\/posts\/485999","targetHints":{"allow":["GET"]}}],"collection":[{"href":"https:\/\/www.eldigitaldeasturias.com\/noticias\/wp-json\/wp\/v2\/posts"}],"about":[{"href":"https:\/\/www.eldigitaldeasturias.com\/noticias\/wp-json\/wp\/v2\/types\/post"}],"author":[{"embeddable":true,"href":"https:\/\/www.eldigitaldeasturias.com\/noticias\/wp-json\/wp\/v2\/users\/1"}],"replies":[{"embeddable":true,"href":"https:\/\/www.eldigitaldeasturias.com\/noticias\/wp-json\/wp\/v2\/comments?post=485999"}],"version-history":[{"count":0,"href":"https:\/\/www.eldigitaldeasturias.com\/noticias\/wp-json\/wp\/v2\/posts\/485999\/revisions"}],"wp:attachment":[{"href":"https:\/\/www.eldigitaldeasturias.com\/noticias\/wp-json\/wp\/v2\/media?parent=485999"}],"wp:term":[{"taxonomy":"category","embeddable":true,"href":"https:\/\/www.eldigitaldeasturias.com\/noticias\/wp-json\/wp\/v2\/categories?post=485999"},{"taxonomy":"post_tag","embeddable":true,"href":"https:\/\/www.eldigitaldeasturias.com\/noticias\/wp-json\/wp\/v2\/tags?post=485999"}],"curies":[{"name":"wp","href":"https:\/\/api.w.org\/{rel}","templated":true}]}}