{"id":485987,"date":"2014-02-07T20:28:51","date_gmt":"2014-02-07T21:28:51","guid":{"rendered":"http:\/\/www.eldigitaldeasturias.com\/noticias\/?p=485987"},"modified":"2014-02-07T20:28:51","modified_gmt":"2014-02-07T21:28:51","slug":"urkullu-afirma-que-quieren-que-bilbao-sea-sede-de-la-eurocopa-2020","status":"publish","type":"post","link":"https:\/\/www.eldigitaldeasturias.com\/noticias\/urkullu-afirma-que-quieren-que-bilbao-sea-sede-de-la-eurocopa-2020\/","title":{"rendered":"Urkullu afirma que quieren \u00abque Bilbao sea sede de la Eurocopa 2020\u00bb"},"content":{"rendered":"<p><img loading=\"lazy\" decoding=\"async\" class=\"alignleft size-medium wp-image-485988\" alt=\"5919598w\" src=\"https:\/\/www.eldigitaldeasturias.com\/noticias\/wp-content\/uploads\/2014\/02\/5919598w-360x238.jpg\" width=\"360\" height=\"238\" \/>Vitoria, 7 feb (EFE).- El lehendakari, I\u00f1igo Urkullu, ha asegurado hoy que el Gobierno Vasco, la Diputaci\u00f3n de Bizkaia y el Ayuntamiento de Bilbao van a trabajar de forma \u00abcoordinada\u00bb para conseguir que la capital vizca\u00edna sea sede de la Eurocopa 2020 y garantizar la seguridad de todas las selecciones que jueguen.<\/p>\n<p>Urkullu ha respondido as\u00ed al ser preguntado en el pleno de control por el parlamentario del PSE, Jos\u00e9 Antonio Pastor, por las declaraciones hechas por el diputado general de Bizkaia, Jos\u00e9 Luis Bilbao, quien afirm\u00f3 que si la selecci\u00f3n espa\u00f1ola de f\u00fatbol jugase hoy en d\u00eda en San Mam\u00e9s \u00abhabr\u00eda un problema muy serio de orden p\u00fablico\u00bb.<\/p>\n<p>El lehendakari ha reafirmado el compromiso del Gobierno Vasco, la Diputaci\u00f3n de Bizkaia y el Ayuntamiento de la capital vizca\u00edna por lograr que Bilbao sea finalmente sede de esta competici\u00f3n.<\/p>\n<p>\u00abTodas las instituciones sabemos que un evento as\u00ed va a requerir en s\u00ed mismo altas medidas de seguridad y le garantizo que trabajaremos de forma coordinada para conseguir la Eurocopa 2020 y para ofrecer, en el caso de que Bilbao sea sede, las mejores condiciones de seguridad para visitantes y residentes, sean cuales sean las selecciones que disputen sus encuentros en Bilbao\u00bb, ha zanjado Urkullu.<\/p>\n<p>El lehendakari ha a\u00f1adido que lo \u00abimportante son los hechos\u00bb y ha recordado que las instituciones han trabajado \u00abjuntas\u00bb para que partidos del Mundial de Baloncesto 2014 se jueguen este a\u00f1o en Euskadi.<\/p>\n<p>\u00abQueremos que Bilbao sea sede de la Eurocopa 2020\u00bb, ha a\u00f1adido Urkullu, quien tambi\u00e9n ha insistido en reivindicar que la selecci\u00f3n de Euskadi pueda participar y competir oficialmente.<\/p>\n<p>En opini\u00f3n del lehendakari, ambos objetivos \u00abson posibles, compatibles y se retroalimentan\u00bb, porque \u00abconseguir los dos podr\u00eda multiplicar mucho m\u00e1s el \u00e9xito\u00bb que se persigue.<\/p>\n<p>Urkullu ha dejado claro que la elecci\u00f3n de Bilbao redundar\u00eda econ\u00f3micamente en \u00abbeneficio\u00bb de la capital vizca\u00edna, de este territorio y de \u00abtoda Euskadi\u00bb.<\/p>\n<p>El parlamentario socialista ha censurado las declaraciones de Bilbao y ha pedido al lehendakari que tenga la \u00abvalent\u00eda\u00bb de decir que no las comparte porque son afirmaciones m\u00e1s propias \u00abde la Liga Norte o de la extrema derecha populista\u00bb.<\/p>\n","protected":false},"excerpt":{"rendered":"<p>Vitoria, 7 feb (EFE).- El lehendakari, I\u00f1igo Urkullu, ha asegurado hoy que el Gobierno Vasco, la Diputaci\u00f3n de Bizkaia y el Ayuntamiento de Bilbao van a trabajar de forma \u00abcoordinada\u00bb para conseguir que la capital vizca\u00edna sea sede de la Eurocopa 2020 y garantizar la seguridad de todas las selecciones que jueguen. Urkullu ha respondido [&hellip;]<\/p>\n","protected":false},"author":1,"featured_media":485988,"comment_status":"closed","ping_status":"open","sticky":false,"template":"","format":"standard","meta":{"footnotes":""},"categories":[1],"tags":[],"class_list":["post-485987","post","type-post","status-publish","format-standard","has-post-thumbnail","hentry","category-actualidad"],"aioseo_notices":[],"aioseo_head":"\n\t\t<!-- All in One SEO Pro 5.0.1 - aioseo.com -->\n\t<meta name=\"description\" content=\"Vitoria, 7 feb (EFE).- El lehendakari, I\u00f1igo Urkullu, ha asegurado hoy que el Gobierno Vasco, la Diputaci\u00f3n de Bizkaia y el Ayuntamiento de Bilbao van a trabajar de forma &quot;coordinada&quot; para conseguir que la capital vizca\u00edna sea sede de la Eurocopa 2020 y garantizar la seguridad de todas las selecciones que jueguen. Urkullu ha respondido\" \/>\n\t<meta name=\"robots\" content=\"max-image-preview:large\" \/>\n\t<meta name=\"author\" content=\"El Digital de Asturias\"\/>\n\t<meta name=\"google-site-verification\" content=\"UA-38556648-1\" \/>\n\t<meta name=\"msvalidate.01\" content=\"7dfe9f3f1b24437ab69f4f2559babe99\" \/>\n\t<meta name=\"keywords\" content=\"actualidad\" \/>\n\t<link rel=\"canonical\" href=\"https:\/\/www.eldigitaldeasturias.com\/noticias\/urkullu-afirma-que-quieren-que-bilbao-sea-sede-de-la-eurocopa-2020\/\" \/>\n\t<meta name=\"generator\" content=\"All in One SEO Pro (AIOSEO) 5.0.1\" \/>\n\t\t<meta property=\"og:locale\" content=\"es_ES\" \/>\n\t\t<meta property=\"og:site_name\" content=\"El Digital de Asturias\" \/>\n\t\t<meta property=\"og:type\" content=\"article\" \/>\n\t\t<meta property=\"og:title\" content=\"Urkullu afirma que quieren \u00abque Bilbao sea sede de la Eurocopa 2020\u00bb - El Digital de Asturias\" \/>\n\t\t<meta property=\"og:description\" content=\"Vitoria, 7 feb (EFE).- El lehendakari, I\u00f1igo Urkullu, ha asegurado hoy que el Gobierno Vasco, la Diputaci\u00f3n de Bizkaia y el Ayuntamiento de Bilbao van a trabajar de forma &quot;coordinada&quot; para conseguir que la capital vizca\u00edna sea sede de la Eurocopa 2020 y garantizar la seguridad de todas las selecciones que jueguen. Urkullu ha respondido\" \/>\n\t\t<meta property=\"og:url\" content=\"https:\/\/www.eldigitaldeasturias.com\/noticias\/urkullu-afirma-que-quieren-que-bilbao-sea-sede-de-la-eurocopa-2020\/\" \/>\n\t\t<meta property=\"article:tag\" content=\"actualidad\" \/>\n\t\t<meta property=\"article:published_time\" content=\"2014-02-07T21:28:51+00:00\" \/>\n\t\t<meta property=\"article:modified_time\" content=\"2014-02-07T21:28:51+00:00\" \/>\n\t\t<meta property=\"article:publisher\" content=\"https:\/\/facebook.com\/eldigitaldeasturias\" \/>\n\t\t<meta name=\"twitter:card\" content=\"summary_large_image\" \/>\n\t\t<meta name=\"twitter:title\" content=\"Urkullu afirma que quieren \u00abque Bilbao sea sede de la Eurocopa 2020\u00bb - El Digital de Asturias\" \/>\n\t\t<meta name=\"twitter:description\" content=\"Vitoria, 7 feb (EFE).- El lehendakari, I\u00f1igo Urkullu, ha asegurado hoy que el Gobierno Vasco, la Diputaci\u00f3n de Bizkaia y el Ayuntamiento de Bilbao van a trabajar de forma &quot;coordinada&quot; para conseguir que la capital vizca\u00edna sea sede de la Eurocopa 2020 y garantizar la seguridad de todas las selecciones que jueguen. Urkullu ha respondido\" \/>\n\t\t<meta name=\"twitter:label1\" content=\"Escrito por\" \/>\n\t\t<meta name=\"twitter:data1\" content=\"El Digital de Asturias\" \/>\n\t\t<meta name=\"twitter:label2\" content=\"Tiempo de lectura estimado\" \/>\n\t\t<meta name=\"twitter:data2\" content=\"2 minutos\" \/>\n\t\t<script type=\"application\/ld+json\" class=\"aioseo-schema\">\n\t\t\t{\"@context\":\"https:\\\/\\\/schema.org\",\"@graph\":[{\"@type\":\"BlogPosting\",\"@id\":\"https:\\\/\\\/www.eldigitaldeasturias.com\\\/noticias\\\/urkullu-afirma-que-quieren-que-bilbao-sea-sede-de-la-eurocopa-2020\\\/#blogposting\",\"name\":\"Urkullu afirma que quieren \\u00abque Bilbao sea sede de la Eurocopa 2020\\u00bb - El Digital de Asturias\",\"headline\":\"Urkullu afirma que quieren \\u00abque Bilbao sea sede de la Eurocopa 2020\\u00bb\",\"author\":{\"@id\":\"https:\\\/\\\/www.eldigitaldeasturias.com\\\/noticias\\\/author\\\/admin\\\/#author\"},\"publisher\":{\"@id\":\"https:\\\/\\\/www.eldigitaldeasturias.com\\\/noticias\\\/#organization\"},\"image\":{\"@type\":\"ImageObject\",\"url\":485988},\"datePublished\":\"2014-02-07T20:28:51+01:00\",\"dateModified\":\"2014-02-07T20:28:51+01:00\",\"inLanguage\":\"es-ES\",\"mainEntityOfPage\":{\"@id\":\"https:\\\/\\\/www.eldigitaldeasturias.com\\\/noticias\\\/urkullu-afirma-que-quieren-que-bilbao-sea-sede-de-la-eurocopa-2020\\\/#webpage\"},\"isPartOf\":{\"@id\":\"https:\\\/\\\/www.eldigitaldeasturias.com\\\/noticias\\\/urkullu-afirma-que-quieren-que-bilbao-sea-sede-de-la-eurocopa-2020\\\/#webpage\"},\"articleSection\":\"Actualidad\"},{\"@type\":\"BreadcrumbList\",\"@id\":\"https:\\\/\\\/www.eldigitaldeasturias.com\\\/noticias\\\/urkullu-afirma-que-quieren-que-bilbao-sea-sede-de-la-eurocopa-2020\\\/#breadcrumblist\",\"itemListElement\":[{\"@type\":\"ListItem\",\"@id\":\"https:\\\/\\\/www.eldigitaldeasturias.com\\\/noticias#listItem\",\"position\":1,\"name\":\"Home\",\"item\":\"https:\\\/\\\/www.eldigitaldeasturias.com\\\/noticias\",\"nextItem\":{\"@type\":\"ListItem\",\"@id\":\"https:\\\/\\\/www.eldigitaldeasturias.com\\\/noticias\\\/category\\\/actualidad\\\/#listItem\",\"name\":\"Actualidad\"}},{\"@type\":\"ListItem\",\"@id\":\"https:\\\/\\\/www.eldigitaldeasturias.com\\\/noticias\\\/category\\\/actualidad\\\/#listItem\",\"position\":2,\"name\":\"Actualidad\",\"item\":\"https:\\\/\\\/www.eldigitaldeasturias.com\\\/noticias\\\/category\\\/actualidad\\\/\",\"nextItem\":{\"@type\":\"ListItem\",\"@id\":\"https:\\\/\\\/www.eldigitaldeasturias.com\\\/noticias\\\/urkullu-afirma-que-quieren-que-bilbao-sea-sede-de-la-eurocopa-2020\\\/#listItem\",\"name\":\"Urkullu afirma que quieren \\u00abque Bilbao sea sede de la Eurocopa 2020\\u00bb\"},\"previousItem\":{\"@type\":\"ListItem\",\"@id\":\"https:\\\/\\\/www.eldigitaldeasturias.com\\\/noticias#listItem\",\"name\":\"Home\"}},{\"@type\":\"ListItem\",\"@id\":\"https:\\\/\\\/www.eldigitaldeasturias.com\\\/noticias\\\/urkullu-afirma-que-quieren-que-bilbao-sea-sede-de-la-eurocopa-2020\\\/#listItem\",\"position\":3,\"name\":\"Urkullu afirma que quieren \\u00abque Bilbao sea sede de la Eurocopa 2020\\u00bb\",\"previousItem\":{\"@type\":\"ListItem\",\"@id\":\"https:\\\/\\\/www.eldigitaldeasturias.com\\\/noticias\\\/category\\\/actualidad\\\/#listItem\",\"name\":\"Actualidad\"}}]},{\"@type\":\"Organization\",\"@id\":\"https:\\\/\\\/www.eldigitaldeasturias.com\\\/noticias\\\/#organization\",\"name\":\"El Digital de Asturias\",\"description\":\"Hemeroteca\",\"url\":\"https:\\\/\\\/www.eldigitaldeasturias.com\\\/noticias\\\/\",\"email\":\"info@eldigitaldeasturias.com\",\"telephone\":\"+34652131393\",\"logo\":{\"@type\":\"ImageObject\",\"url\":\"https:\\\/\\\/www.eldigitaldeasturias.com\\\/noticias\\\/wp-content\\\/uploads\\\/2020\\\/12\\\/EDA.jpg\",\"@id\":\"https:\\\/\\\/www.eldigitaldeasturias.com\\\/noticias\\\/urkullu-afirma-que-quieren-que-bilbao-sea-sede-de-la-eurocopa-2020\\\/#organizationLogo\"},\"image\":{\"@id\":\"https:\\\/\\\/www.eldigitaldeasturias.com\\\/noticias\\\/urkullu-afirma-que-quieren-que-bilbao-sea-sede-de-la-eurocopa-2020\\\/#organizationLogo\"},\"sameAs\":[\"https:\\\/\\\/facebook.com\\\/eldigitaldeasturias\",\"https:\\\/\\\/www.youtube.com\\\/channel\\\/UCZP-2wLEB9Rv6erhFmqVnvg\"],\"address\":{\"@id\":\"https:\\\/\\\/www.eldigitaldeasturias.com\\\/noticias\\\/#postaladdress\",\"@type\":\"PostalAddress\",\"streetAddress\":\"san antonio 4\",\"postalCode\":\"33430\",\"addressLocality\":\"Cand\\u00e1s\",\"addressRegion\":\"Asturias\",\"addressCountry\":\"ES\"}},{\"@type\":\"Person\",\"@id\":\"https:\\\/\\\/www.eldigitaldeasturias.com\\\/noticias\\\/author\\\/admin\\\/#author\",\"url\":\"https:\\\/\\\/www.eldigitaldeasturias.com\\\/noticias\\\/author\\\/admin\\\/\",\"name\":\"El Digital de Asturias\",\"image\":{\"@type\":\"ImageObject\",\"@id\":\"https:\\\/\\\/www.eldigitaldeasturias.com\\\/noticias\\\/urkullu-afirma-que-quieren-que-bilbao-sea-sede-de-la-eurocopa-2020\\\/#authorImage\",\"url\":\"https:\\\/\\\/secure.gravatar.com\\\/avatar\\\/df2aeffc32bcd13f8d26072ef8a91b623d677766deac7f97ca815868cd41bf5e?s=96&d=mm&r=g\",\"width\":96,\"height\":96,\"caption\":\"El Digital de Asturias\"}},{\"@type\":\"WebPage\",\"@id\":\"https:\\\/\\\/www.eldigitaldeasturias.com\\\/noticias\\\/urkullu-afirma-que-quieren-que-bilbao-sea-sede-de-la-eurocopa-2020\\\/#webpage\",\"url\":\"https:\\\/\\\/www.eldigitaldeasturias.com\\\/noticias\\\/urkullu-afirma-que-quieren-que-bilbao-sea-sede-de-la-eurocopa-2020\\\/\",\"name\":\"Urkullu afirma que quieren \\u00abque Bilbao sea sede de la Eurocopa 2020\\u00bb - El Digital de Asturias\",\"description\":\"Vitoria, 7 feb (EFE).- El lehendakari, I\\u00f1igo Urkullu, ha asegurado hoy que el Gobierno Vasco, la Diputaci\\u00f3n de Bizkaia y el Ayuntamiento de Bilbao van a trabajar de forma \\\"coordinada\\\" para conseguir que la capital vizca\\u00edna sea sede de la Eurocopa 2020 y garantizar la seguridad de todas las selecciones que jueguen. Urkullu ha respondido\",\"inLanguage\":\"es-ES\",\"isPartOf\":{\"@id\":\"https:\\\/\\\/www.eldigitaldeasturias.com\\\/noticias\\\/#website\"},\"breadcrumb\":{\"@id\":\"https:\\\/\\\/www.eldigitaldeasturias.com\\\/noticias\\\/urkullu-afirma-que-quieren-que-bilbao-sea-sede-de-la-eurocopa-2020\\\/#breadcrumblist\"},\"author\":{\"@id\":\"https:\\\/\\\/www.eldigitaldeasturias.com\\\/noticias\\\/author\\\/admin\\\/#author\"},\"creator\":{\"@id\":\"https:\\\/\\\/www.eldigitaldeasturias.com\\\/noticias\\\/author\\\/admin\\\/#author\"},\"image\":{\"@type\":\"ImageObject\",\"url\":485988,\"@id\":\"https:\\\/\\\/www.eldigitaldeasturias.com\\\/noticias\\\/urkullu-afirma-que-quieren-que-bilbao-sea-sede-de-la-eurocopa-2020\\\/#mainImage\"},\"primaryImageOfPage\":{\"@id\":\"https:\\\/\\\/www.eldigitaldeasturias.com\\\/noticias\\\/urkullu-afirma-que-quieren-que-bilbao-sea-sede-de-la-eurocopa-2020\\\/#mainImage\"},\"datePublished\":\"2014-02-07T20:28:51+01:00\",\"dateModified\":\"2014-02-07T20:28:51+01:00\"},{\"@type\":\"WebSite\",\"@id\":\"https:\\\/\\\/www.eldigitaldeasturias.com\\\/noticias\\\/#website\",\"url\":\"https:\\\/\\\/www.eldigitaldeasturias.com\\\/noticias\\\/\",\"name\":\"El Digital de Asturias - Diario de actualidad y noticias\",\"alternateName\":\"El Digital de Asturias - Diario de actualidad y noticias\",\"description\":\"Hemeroteca\",\"inLanguage\":\"es-ES\",\"publisher\":{\"@id\":\"https:\\\/\\\/www.eldigitaldeasturias.com\\\/noticias\\\/#organization\"}}]}\n\t\t<\/script>\n\t\t<!-- All in One SEO Pro -->\r\n\t\t<title>Urkullu afirma que quieren \u00abque Bilbao sea sede de la Eurocopa 2020\u00bb - El Digital de Asturias<\/title>\n\n","aioseo_head_json":{"title":"Urkullu afirma que quieren \u00abque Bilbao sea sede de la Eurocopa 2020\u00bb - El Digital de Asturias","description":"Vitoria, 7 feb (EFE).- El lehendakari, I\u00f1igo Urkullu, ha asegurado hoy que el Gobierno Vasco, la Diputaci\u00f3n de Bizkaia y el Ayuntamiento de Bilbao van a trabajar de forma \"coordinada\" para conseguir que la capital vizca\u00edna sea sede de la Eurocopa 2020 y garantizar la seguridad de todas las selecciones que jueguen. Urkullu ha respondido","canonical_url":"https:\/\/www.eldigitaldeasturias.com\/noticias\/urkullu-afirma-que-quieren-que-bilbao-sea-sede-de-la-eurocopa-2020\/","robots":"max-image-preview:large","keywords":"actualidad","webmasterTools":{"google-site-verification":"UA-38556648-1","msvalidate.01":"7dfe9f3f1b24437ab69f4f2559babe99","miscellaneous":""},"schema":{"@context":"https:\/\/schema.org","@graph":[{"@type":"BlogPosting","@id":"https:\/\/www.eldigitaldeasturias.com\/noticias\/urkullu-afirma-que-quieren-que-bilbao-sea-sede-de-la-eurocopa-2020\/#blogposting","name":"Urkullu afirma que quieren \u00abque Bilbao sea sede de la Eurocopa 2020\u00bb - El Digital de Asturias","headline":"Urkullu afirma que quieren \u00abque Bilbao sea sede de la Eurocopa 2020\u00bb","author":{"@id":"https:\/\/www.eldigitaldeasturias.com\/noticias\/author\/admin\/#author"},"publisher":{"@id":"https:\/\/www.eldigitaldeasturias.com\/noticias\/#organization"},"image":{"@type":"ImageObject","url":485988},"datePublished":"2014-02-07T20:28:51+01:00","dateModified":"2014-02-07T20:28:51+01:00","inLanguage":"es-ES","mainEntityOfPage":{"@id":"https:\/\/www.eldigitaldeasturias.com\/noticias\/urkullu-afirma-que-quieren-que-bilbao-sea-sede-de-la-eurocopa-2020\/#webpage"},"isPartOf":{"@id":"https:\/\/www.eldigitaldeasturias.com\/noticias\/urkullu-afirma-que-quieren-que-bilbao-sea-sede-de-la-eurocopa-2020\/#webpage"},"articleSection":"Actualidad"},{"@type":"BreadcrumbList","@id":"https:\/\/www.eldigitaldeasturias.com\/noticias\/urkullu-afirma-que-quieren-que-bilbao-sea-sede-de-la-eurocopa-2020\/#breadcrumblist","itemListElement":[{"@type":"ListItem","@id":"https:\/\/www.eldigitaldeasturias.com\/noticias#listItem","position":1,"name":"Home","item":"https:\/\/www.eldigitaldeasturias.com\/noticias","nextItem":{"@type":"ListItem","@id":"https:\/\/www.eldigitaldeasturias.com\/noticias\/category\/actualidad\/#listItem","name":"Actualidad"}},{"@type":"ListItem","@id":"https:\/\/www.eldigitaldeasturias.com\/noticias\/category\/actualidad\/#listItem","position":2,"name":"Actualidad","item":"https:\/\/www.eldigitaldeasturias.com\/noticias\/category\/actualidad\/","nextItem":{"@type":"ListItem","@id":"https:\/\/www.eldigitaldeasturias.com\/noticias\/urkullu-afirma-que-quieren-que-bilbao-sea-sede-de-la-eurocopa-2020\/#listItem","name":"Urkullu afirma que quieren \u00abque Bilbao sea sede de la Eurocopa 2020\u00bb"},"previousItem":{"@type":"ListItem","@id":"https:\/\/www.eldigitaldeasturias.com\/noticias#listItem","name":"Home"}},{"@type":"ListItem","@id":"https:\/\/www.eldigitaldeasturias.com\/noticias\/urkullu-afirma-que-quieren-que-bilbao-sea-sede-de-la-eurocopa-2020\/#listItem","position":3,"name":"Urkullu afirma que quieren \u00abque Bilbao sea sede de la Eurocopa 2020\u00bb","previousItem":{"@type":"ListItem","@id":"https:\/\/www.eldigitaldeasturias.com\/noticias\/category\/actualidad\/#listItem","name":"Actualidad"}}]},{"@type":"Organization","@id":"https:\/\/www.eldigitaldeasturias.com\/noticias\/#organization","name":"El Digital de Asturias","description":"Hemeroteca","url":"https:\/\/www.eldigitaldeasturias.com\/noticias\/","email":"info@eldigitaldeasturias.com","telephone":"+34652131393","logo":{"@type":"ImageObject","url":"https:\/\/www.eldigitaldeasturias.com\/noticias\/wp-content\/uploads\/2020\/12\/EDA.jpg","@id":"https:\/\/www.eldigitaldeasturias.com\/noticias\/urkullu-afirma-que-quieren-que-bilbao-sea-sede-de-la-eurocopa-2020\/#organizationLogo"},"image":{"@id":"https:\/\/www.eldigitaldeasturias.com\/noticias\/urkullu-afirma-que-quieren-que-bilbao-sea-sede-de-la-eurocopa-2020\/#organizationLogo"},"sameAs":["https:\/\/facebook.com\/eldigitaldeasturias","https:\/\/www.youtube.com\/channel\/UCZP-2wLEB9Rv6erhFmqVnvg"],"address":{"@id":"https:\/\/www.eldigitaldeasturias.com\/noticias\/#postaladdress","@type":"PostalAddress","streetAddress":"san antonio 4","postalCode":"33430","addressLocality":"Cand\u00e1s","addressRegion":"Asturias","addressCountry":"ES"}},{"@type":"Person","@id":"https:\/\/www.eldigitaldeasturias.com\/noticias\/author\/admin\/#author","url":"https:\/\/www.eldigitaldeasturias.com\/noticias\/author\/admin\/","name":"El Digital de Asturias","image":{"@type":"ImageObject","@id":"https:\/\/www.eldigitaldeasturias.com\/noticias\/urkullu-afirma-que-quieren-que-bilbao-sea-sede-de-la-eurocopa-2020\/#authorImage","url":"https:\/\/secure.gravatar.com\/avatar\/df2aeffc32bcd13f8d26072ef8a91b623d677766deac7f97ca815868cd41bf5e?s=96&d=mm&r=g","width":96,"height":96,"caption":"El Digital de Asturias"}},{"@type":"WebPage","@id":"https:\/\/www.eldigitaldeasturias.com\/noticias\/urkullu-afirma-que-quieren-que-bilbao-sea-sede-de-la-eurocopa-2020\/#webpage","url":"https:\/\/www.eldigitaldeasturias.com\/noticias\/urkullu-afirma-que-quieren-que-bilbao-sea-sede-de-la-eurocopa-2020\/","name":"Urkullu afirma que quieren \u00abque Bilbao sea sede de la Eurocopa 2020\u00bb - El Digital de Asturias","description":"Vitoria, 7 feb (EFE).- El lehendakari, I\u00f1igo Urkullu, ha asegurado hoy que el Gobierno Vasco, la Diputaci\u00f3n de Bizkaia y el Ayuntamiento de Bilbao van a trabajar de forma \"coordinada\" para conseguir que la capital vizca\u00edna sea sede de la Eurocopa 2020 y garantizar la seguridad de todas las selecciones que jueguen. Urkullu ha respondido","inLanguage":"es-ES","isPartOf":{"@id":"https:\/\/www.eldigitaldeasturias.com\/noticias\/#website"},"breadcrumb":{"@id":"https:\/\/www.eldigitaldeasturias.com\/noticias\/urkullu-afirma-que-quieren-que-bilbao-sea-sede-de-la-eurocopa-2020\/#breadcrumblist"},"author":{"@id":"https:\/\/www.eldigitaldeasturias.com\/noticias\/author\/admin\/#author"},"creator":{"@id":"https:\/\/www.eldigitaldeasturias.com\/noticias\/author\/admin\/#author"},"image":{"@type":"ImageObject","url":485988,"@id":"https:\/\/www.eldigitaldeasturias.com\/noticias\/urkullu-afirma-que-quieren-que-bilbao-sea-sede-de-la-eurocopa-2020\/#mainImage"},"primaryImageOfPage":{"@id":"https:\/\/www.eldigitaldeasturias.com\/noticias\/urkullu-afirma-que-quieren-que-bilbao-sea-sede-de-la-eurocopa-2020\/#mainImage"},"datePublished":"2014-02-07T20:28:51+01:00","dateModified":"2014-02-07T20:28:51+01:00"},{"@type":"WebSite","@id":"https:\/\/www.eldigitaldeasturias.com\/noticias\/#website","url":"https:\/\/www.eldigitaldeasturias.com\/noticias\/","name":"El Digital de Asturias - Diario de actualidad y noticias","alternateName":"El Digital de Asturias - Diario de actualidad y noticias","description":"Hemeroteca","inLanguage":"es-ES","publisher":{"@id":"https:\/\/www.eldigitaldeasturias.com\/noticias\/#organization"}}]},"og:locale":"es_ES","og:site_name":"El Digital de Asturias","og:type":"article","og:title":"Urkullu afirma que quieren \u00abque Bilbao sea sede de la Eurocopa 2020\u00bb - El Digital de Asturias","og:description":"Vitoria, 7 feb (EFE).- El lehendakari, I\u00f1igo Urkullu, ha asegurado hoy que el Gobierno Vasco, la Diputaci\u00f3n de Bizkaia y el Ayuntamiento de Bilbao van a trabajar de forma &quot;coordinada&quot; para conseguir que la capital vizca\u00edna sea sede de la Eurocopa 2020 y garantizar la seguridad de todas las selecciones que jueguen. Urkullu ha respondido","og:url":"https:\/\/www.eldigitaldeasturias.com\/noticias\/urkullu-afirma-que-quieren-que-bilbao-sea-sede-de-la-eurocopa-2020\/","article:tag":["actualidad"],"article:published_time":"2014-02-07T21:28:51+00:00","article:modified_time":"2014-02-07T21:28:51+00:00","article:publisher":"https:\/\/facebook.com\/eldigitaldeasturias","twitter:card":"summary_large_image","twitter:title":"Urkullu afirma que quieren \u00abque Bilbao sea sede de la Eurocopa 2020\u00bb - El Digital de Asturias","twitter:description":"Vitoria, 7 feb (EFE).- El lehendakari, I\u00f1igo Urkullu, ha asegurado hoy que el Gobierno Vasco, la Diputaci\u00f3n de Bizkaia y el Ayuntamiento de Bilbao van a trabajar de forma &quot;coordinada&quot; para conseguir que la capital vizca\u00edna sea sede de la Eurocopa 2020 y garantizar la seguridad de todas las selecciones que jueguen. Urkullu ha respondido","twitter:label1":"Escrito por","twitter:data1":"El Digital de Asturias","twitter:label2":"Tiempo de lectura estimado","twitter:data2":"2 minutos"},"aioseo_meta_data":{"post_id":"485987","title":null,"description":null,"keywords":null,"keyphrases":null,"primary_term":null,"canonical_url":null,"og_title":null,"og_description":null,"og_object_type":"default","og_image_type":"default","og_image_url":null,"og_image_width":null,"og_image_height":null,"og_image_custom_url":null,"og_image_custom_fields":null,"og_video":null,"og_custom_url":null,"og_article_section":null,"og_article_tags":null,"twitter_use_og":true,"twitter_card":"default","twitter_image_type":"default","twitter_image_url":null,"twitter_image_custom_url":null,"twitter_image_custom_fields":null,"twitter_title":null,"twitter_description":null,"schema":{"blockGraphs":[],"customGraphs":[],"default":{"data":{"Article":[],"Course":[],"Dataset":[],"FAQPage":[],"Movie":[],"Person":[],"Product":[],"ProductReview":[],"Car":[],"Recipe":[],"Service":[],"SoftwareApplication":[],"WebPage":[]},"graphName":"","isEnabled":true},"graphs":[],"defaultGraph":"","defaultPostTypeGraph":""},"schema_type":null,"schema_type_options":null,"pillar_content":false,"robots_default":true,"robots_noindex":false,"robots_noarchive":false,"robots_nosnippet":false,"robots_nofollow":false,"robots_noimageindex":false,"robots_noodp":false,"robots_notranslate":false,"robots_max_snippet":null,"robots_max_videopreview":null,"robots_max_imagepreview":"none","priority":null,"frequency":null,"local_seo":null,"seo_analyzer_scan_date":"2026-06-02 22:53:47","breadcrumb_settings":null,"limit_modified_date":false,"open_ai":null,"ai":null,"created":"2020-11-14 22:56:01","updated":"2026-06-02 22:53:47","focus_keyword":null,"additional_keywords":null,"truseo_locale":null},"aioseo_breadcrumb":"<div class=\"aioseo-breadcrumbs\"><span class=\"aioseo-breadcrumb\">\n\t<a href=\"https:\/\/www.eldigitaldeasturias.com\/noticias\" title=\"Home\">Home<\/a>\n<\/span><span class=\"aioseo-breadcrumb-separator\">\u2013<\/span><span class=\"aioseo-breadcrumb\">\n\t<a href=\"https:\/\/www.eldigitaldeasturias.com\/noticias\/category\/actualidad\/\" title=\"Actualidad\">Actualidad<\/a>\n<\/span><span class=\"aioseo-breadcrumb-separator\">\u2013<\/span><span class=\"aioseo-breadcrumb\">\n\t<a href=\"https:\/\/www.eldigitaldeasturias.com\/noticias\/urkullu-afirma-que-quieren-que-bilbao-sea-sede-de-la-eurocopa-2020\/\" title=\"Urkullu afirma que quieren \u00abque Bilbao sea sede de la Eurocopa 2020\u00bb\">Urkullu afirma que quieren \u00abque Bilbao sea sede de la Eurocopa 2020\u00bb<\/a>\n<\/span><\/div>","aioseo_breadcrumb_json":[{"label":"Home","link":"https:\/\/www.eldigitaldeasturias.com\/noticias"},{"label":"Actualidad","link":"https:\/\/www.eldigitaldeasturias.com\/noticias\/category\/actualidad\/"},{"label":"Urkullu afirma que quieren \u00abque Bilbao sea sede de la Eurocopa 2020\u00bb","link":"https:\/\/www.eldigitaldeasturias.com\/noticias\/urkullu-afirma-que-quieren-que-bilbao-sea-sede-de-la-eurocopa-2020\/"}],"_links":{"self":[{"href":"https:\/\/www.eldigitaldeasturias.com\/noticias\/wp-json\/wp\/v2\/posts\/485987","targetHints":{"allow":["GET"]}}],"collection":[{"href":"https:\/\/www.eldigitaldeasturias.com\/noticias\/wp-json\/wp\/v2\/posts"}],"about":[{"href":"https:\/\/www.eldigitaldeasturias.com\/noticias\/wp-json\/wp\/v2\/types\/post"}],"author":[{"embeddable":true,"href":"https:\/\/www.eldigitaldeasturias.com\/noticias\/wp-json\/wp\/v2\/users\/1"}],"replies":[{"embeddable":true,"href":"https:\/\/www.eldigitaldeasturias.com\/noticias\/wp-json\/wp\/v2\/comments?post=485987"}],"version-history":[{"count":0,"href":"https:\/\/www.eldigitaldeasturias.com\/noticias\/wp-json\/wp\/v2\/posts\/485987\/revisions"}],"wp:attachment":[{"href":"https:\/\/www.eldigitaldeasturias.com\/noticias\/wp-json\/wp\/v2\/media?parent=485987"}],"wp:term":[{"taxonomy":"category","embeddable":true,"href":"https:\/\/www.eldigitaldeasturias.com\/noticias\/wp-json\/wp\/v2\/categories?post=485987"},{"taxonomy":"post_tag","embeddable":true,"href":"https:\/\/www.eldigitaldeasturias.com\/noticias\/wp-json\/wp\/v2\/tags?post=485987"}],"curies":[{"name":"wp","href":"https:\/\/api.w.org\/{rel}","templated":true}]}}