{"id":485975,"date":"2014-02-07T20:23:57","date_gmt":"2014-02-07T21:23:57","guid":{"rendered":"http:\/\/www.eldigitaldeasturias.com\/noticias\/?p=485975"},"modified":"2014-02-07T20:23:57","modified_gmt":"2014-02-07T21:23:57","slug":"eta-anuncia-que-hara-aportaciones-significativas-en-breve-plazo","status":"publish","type":"post","link":"https:\/\/www.eldigitaldeasturias.com\/noticias\/eta-anuncia-que-hara-aportaciones-significativas-en-breve-plazo\/","title":{"rendered":"ETA anuncia que har\u00e1 \u00abaportaciones significativas\u00bb en breve plazo"},"content":{"rendered":"<p><img loading=\"lazy\" decoding=\"async\" class=\"alignleft size-medium wp-image-485976\" alt=\"5922300w\" src=\"https:\/\/www.eldigitaldeasturias.com\/noticias\/wp-content\/uploads\/2014\/02\/5922300w-360x310.jpg\" width=\"360\" height=\"310\" \/>San Sebasti\u00e1n, 7 feb (EFE).- La organizaci\u00f3n terrorista ETA anuncia que har\u00e1 \u00abaportaciones significativas\u00bb para \u00abalimentar\u00bb el proceso del fin de la violencia en el Pa\u00eds Vasco \u00absin tardar\u00bb.<\/p>\n<p>En un comunicado que publicar\u00e1 ma\u00f1ana \u00edntegramente el diario Gara, ETA se muestra dispuesta a dialogar sobre cuestiones que \u00abafectan directamente\u00bb a la propia organizaci\u00f3n y anuncia que se pondr\u00e1 en contacto con la llamada Comisi\u00f3n para Impulsar el Proceso de Paz surgida del Foro Social promovido por las organizaciones Lokarri y Bake Bidea.<\/p>\n<p>Esta comisi\u00f3n fue presentada el pasado 23 diciembre y est\u00e1 compuesta por ocho personas entre las que se encuentran juristas como la jueza del TSJPV Garbi\u00f1e Biurrun y el magistrado honorario del Tribunal de Apelaci\u00f3n de Pau (Francia) Henri Duhalt o periodistas como Jordi Armadans y Anne Marie Bordes, entre otros.<\/p>\n<p>Su labor consiste en \u00abgestionar el contenido de las recomendaciones\u00bb del Foro Social para impulsar el proceso de paz, entre las que se encontraba el desarme de ETA y el desmantelamiento de sus estructuras militares.<\/p>\n<p>En el comunicado, del que ofrece un breve avance el portal Naiz.info, ETA afirma estar dispuesta a participar en las conversaciones y negociaciones que puedan abrirse para ofrecer su \u00abpunto de vista\u00bb y para \u00abintroducir en la agenda de di\u00e1logos las cuestiones que afectan directamente a la organizaci\u00f3n\u00bb.<\/p>\n<p>La banda presenta un an\u00e1lisis de los acontecimientos ocurridos en los \u00faltimos meses, aunque el comunicado est\u00e1 redactado antes de la muerte del preso Arkaitz Bell\u00f3n, y destaca que han surgido oportunidades de avance como la posici\u00f3n expresada por el colectivo de presos de ETA (EPPK), la creaci\u00f3n de la Comisi\u00f3n para Impulsar el Proceso de Paz y la manifestaci\u00f3n del pasado 11 de enero en Bilbao que fue apoyada por el PNV.<\/p>\n<p>Sobre esta marcha, convocada en principio para apoyar a los presos de ETA y que, tras ser prohibida, modific\u00f3 su lema para recabar el apoyo del PNV, la organizaci\u00f3n terrorista dice que espera que marque \u00abun punto de inflexi\u00f3n\u00bb, tras lo que sostiene que ya est\u00e1 teniendo consecuencias.<\/p>\n<p>Tambi\u00e9n analiza otros acontecimientos recientes, como la detenci\u00f3n del grupo de abogados intermediarios de los presos de ETA o la posici\u00f3n del lehendakari, I\u00f1igo Urkullu.<\/p>\n","protected":false},"excerpt":{"rendered":"<p>San Sebasti\u00e1n, 7 feb (EFE).- La organizaci\u00f3n terrorista ETA anuncia que har\u00e1 \u00abaportaciones significativas\u00bb para \u00abalimentar\u00bb el proceso del fin de la violencia en el Pa\u00eds Vasco \u00absin tardar\u00bb. En un comunicado que publicar\u00e1 ma\u00f1ana \u00edntegramente el diario Gara, ETA se muestra dispuesta a dialogar sobre cuestiones que \u00abafectan directamente\u00bb a la propia organizaci\u00f3n y [&hellip;]<\/p>\n","protected":false},"author":1,"featured_media":485976,"comment_status":"closed","ping_status":"open","sticky":false,"template":"","format":"standard","meta":{"footnotes":""},"categories":[1],"tags":[],"class_list":["post-485975","post","type-post","status-publish","format-standard","has-post-thumbnail","hentry","category-actualidad"],"aioseo_notices":[],"aioseo_head":"\n\t\t<!-- All in One SEO Pro 5.0.1 - aioseo.com -->\n\t<meta name=\"description\" content=\"San Sebasti\u00e1n, 7 feb (EFE).- La organizaci\u00f3n terrorista ETA anuncia que har\u00e1 &quot;aportaciones significativas&quot; para &quot;alimentar&quot; el proceso del fin de la violencia en el Pa\u00eds Vasco &quot;sin tardar&quot;. En un comunicado que publicar\u00e1 ma\u00f1ana \u00edntegramente el diario Gara, ETA se muestra dispuesta a dialogar sobre cuestiones que &quot;afectan directamente&quot; a la propia organizaci\u00f3n y\" \/>\n\t<meta name=\"robots\" content=\"max-image-preview:large\" \/>\n\t<meta name=\"author\" content=\"El Digital de Asturias\"\/>\n\t<meta name=\"google-site-verification\" content=\"UA-38556648-1\" \/>\n\t<meta name=\"msvalidate.01\" content=\"7dfe9f3f1b24437ab69f4f2559babe99\" \/>\n\t<meta name=\"keywords\" content=\"actualidad\" \/>\n\t<link rel=\"canonical\" href=\"https:\/\/www.eldigitaldeasturias.com\/noticias\/eta-anuncia-que-hara-aportaciones-significativas-en-breve-plazo\/\" \/>\n\t<meta name=\"generator\" content=\"All in One SEO Pro (AIOSEO) 5.0.1\" \/>\n\t\t<meta property=\"og:locale\" content=\"es_ES\" \/>\n\t\t<meta property=\"og:site_name\" content=\"El Digital de Asturias\" \/>\n\t\t<meta property=\"og:type\" content=\"article\" \/>\n\t\t<meta property=\"og:title\" content=\"ETA anuncia que har\u00e1 \u00abaportaciones significativas\u00bb en breve plazo - El Digital de Asturias\" \/>\n\t\t<meta property=\"og:description\" content=\"San Sebasti\u00e1n, 7 feb (EFE).- La organizaci\u00f3n terrorista ETA anuncia que har\u00e1 &quot;aportaciones significativas&quot; para &quot;alimentar&quot; el proceso del fin de la violencia en el Pa\u00eds Vasco &quot;sin tardar&quot;. En un comunicado que publicar\u00e1 ma\u00f1ana \u00edntegramente el diario Gara, ETA se muestra dispuesta a dialogar sobre cuestiones que &quot;afectan directamente&quot; a la propia organizaci\u00f3n y\" \/>\n\t\t<meta property=\"og:url\" content=\"https:\/\/www.eldigitaldeasturias.com\/noticias\/eta-anuncia-que-hara-aportaciones-significativas-en-breve-plazo\/\" \/>\n\t\t<meta property=\"article:tag\" content=\"actualidad\" \/>\n\t\t<meta property=\"article:published_time\" content=\"2014-02-07T21:23:57+00:00\" \/>\n\t\t<meta property=\"article:modified_time\" content=\"2014-02-07T21:23:57+00:00\" \/>\n\t\t<meta property=\"article:publisher\" content=\"https:\/\/facebook.com\/eldigitaldeasturias\" \/>\n\t\t<meta name=\"twitter:card\" content=\"summary_large_image\" \/>\n\t\t<meta name=\"twitter:title\" content=\"ETA anuncia que har\u00e1 \u00abaportaciones significativas\u00bb en breve plazo - El Digital de Asturias\" \/>\n\t\t<meta name=\"twitter:description\" content=\"San Sebasti\u00e1n, 7 feb (EFE).- La organizaci\u00f3n terrorista ETA anuncia que har\u00e1 &quot;aportaciones significativas&quot; para &quot;alimentar&quot; el proceso del fin de la violencia en el Pa\u00eds Vasco &quot;sin tardar&quot;. En un comunicado que publicar\u00e1 ma\u00f1ana \u00edntegramente el diario Gara, ETA se muestra dispuesta a dialogar sobre cuestiones que &quot;afectan directamente&quot; a la propia organizaci\u00f3n y\" \/>\n\t\t<meta name=\"twitter:label1\" content=\"Escrito por\" \/>\n\t\t<meta name=\"twitter:data1\" content=\"El Digital de Asturias\" \/>\n\t\t<meta name=\"twitter:label2\" content=\"Tiempo de lectura estimado\" \/>\n\t\t<meta name=\"twitter:data2\" content=\"2 minutos\" \/>\n\t\t<script type=\"application\/ld+json\" class=\"aioseo-schema\">\n\t\t\t{\"@context\":\"https:\\\/\\\/schema.org\",\"@graph\":[{\"@type\":\"BlogPosting\",\"@id\":\"https:\\\/\\\/www.eldigitaldeasturias.com\\\/noticias\\\/eta-anuncia-que-hara-aportaciones-significativas-en-breve-plazo\\\/#blogposting\",\"name\":\"ETA anuncia que har\\u00e1 \\u00abaportaciones significativas\\u00bb en breve plazo - El Digital de Asturias\",\"headline\":\"ETA anuncia que har\\u00e1 \\u00abaportaciones significativas\\u00bb en breve plazo\",\"author\":{\"@id\":\"https:\\\/\\\/www.eldigitaldeasturias.com\\\/noticias\\\/author\\\/admin\\\/#author\"},\"publisher\":{\"@id\":\"https:\\\/\\\/www.eldigitaldeasturias.com\\\/noticias\\\/#organization\"},\"image\":{\"@type\":\"ImageObject\",\"url\":485976},\"datePublished\":\"2014-02-07T20:23:57+01:00\",\"dateModified\":\"2014-02-07T20:23:57+01:00\",\"inLanguage\":\"es-ES\",\"mainEntityOfPage\":{\"@id\":\"https:\\\/\\\/www.eldigitaldeasturias.com\\\/noticias\\\/eta-anuncia-que-hara-aportaciones-significativas-en-breve-plazo\\\/#webpage\"},\"isPartOf\":{\"@id\":\"https:\\\/\\\/www.eldigitaldeasturias.com\\\/noticias\\\/eta-anuncia-que-hara-aportaciones-significativas-en-breve-plazo\\\/#webpage\"},\"articleSection\":\"Actualidad\"},{\"@type\":\"BreadcrumbList\",\"@id\":\"https:\\\/\\\/www.eldigitaldeasturias.com\\\/noticias\\\/eta-anuncia-que-hara-aportaciones-significativas-en-breve-plazo\\\/#breadcrumblist\",\"itemListElement\":[{\"@type\":\"ListItem\",\"@id\":\"https:\\\/\\\/www.eldigitaldeasturias.com\\\/noticias#listItem\",\"position\":1,\"name\":\"Home\",\"item\":\"https:\\\/\\\/www.eldigitaldeasturias.com\\\/noticias\",\"nextItem\":{\"@type\":\"ListItem\",\"@id\":\"https:\\\/\\\/www.eldigitaldeasturias.com\\\/noticias\\\/category\\\/actualidad\\\/#listItem\",\"name\":\"Actualidad\"}},{\"@type\":\"ListItem\",\"@id\":\"https:\\\/\\\/www.eldigitaldeasturias.com\\\/noticias\\\/category\\\/actualidad\\\/#listItem\",\"position\":2,\"name\":\"Actualidad\",\"item\":\"https:\\\/\\\/www.eldigitaldeasturias.com\\\/noticias\\\/category\\\/actualidad\\\/\",\"nextItem\":{\"@type\":\"ListItem\",\"@id\":\"https:\\\/\\\/www.eldigitaldeasturias.com\\\/noticias\\\/eta-anuncia-que-hara-aportaciones-significativas-en-breve-plazo\\\/#listItem\",\"name\":\"ETA anuncia que har\\u00e1 \\u00abaportaciones significativas\\u00bb en breve plazo\"},\"previousItem\":{\"@type\":\"ListItem\",\"@id\":\"https:\\\/\\\/www.eldigitaldeasturias.com\\\/noticias#listItem\",\"name\":\"Home\"}},{\"@type\":\"ListItem\",\"@id\":\"https:\\\/\\\/www.eldigitaldeasturias.com\\\/noticias\\\/eta-anuncia-que-hara-aportaciones-significativas-en-breve-plazo\\\/#listItem\",\"position\":3,\"name\":\"ETA anuncia que har\\u00e1 \\u00abaportaciones significativas\\u00bb en breve plazo\",\"previousItem\":{\"@type\":\"ListItem\",\"@id\":\"https:\\\/\\\/www.eldigitaldeasturias.com\\\/noticias\\\/category\\\/actualidad\\\/#listItem\",\"name\":\"Actualidad\"}}]},{\"@type\":\"Organization\",\"@id\":\"https:\\\/\\\/www.eldigitaldeasturias.com\\\/noticias\\\/#organization\",\"name\":\"El Digital de Asturias\",\"description\":\"Hemeroteca\",\"url\":\"https:\\\/\\\/www.eldigitaldeasturias.com\\\/noticias\\\/\",\"email\":\"info@eldigitaldeasturias.com\",\"telephone\":\"+34652131393\",\"logo\":{\"@type\":\"ImageObject\",\"url\":\"https:\\\/\\\/www.eldigitaldeasturias.com\\\/noticias\\\/wp-content\\\/uploads\\\/2020\\\/12\\\/EDA.jpg\",\"@id\":\"https:\\\/\\\/www.eldigitaldeasturias.com\\\/noticias\\\/eta-anuncia-que-hara-aportaciones-significativas-en-breve-plazo\\\/#organizationLogo\"},\"image\":{\"@id\":\"https:\\\/\\\/www.eldigitaldeasturias.com\\\/noticias\\\/eta-anuncia-que-hara-aportaciones-significativas-en-breve-plazo\\\/#organizationLogo\"},\"sameAs\":[\"https:\\\/\\\/facebook.com\\\/eldigitaldeasturias\",\"https:\\\/\\\/www.youtube.com\\\/channel\\\/UCZP-2wLEB9Rv6erhFmqVnvg\"],\"address\":{\"@id\":\"https:\\\/\\\/www.eldigitaldeasturias.com\\\/noticias\\\/#postaladdress\",\"@type\":\"PostalAddress\",\"streetAddress\":\"san antonio 4\",\"postalCode\":\"33430\",\"addressLocality\":\"Cand\\u00e1s\",\"addressRegion\":\"Asturias\",\"addressCountry\":\"ES\"}},{\"@type\":\"Person\",\"@id\":\"https:\\\/\\\/www.eldigitaldeasturias.com\\\/noticias\\\/author\\\/admin\\\/#author\",\"url\":\"https:\\\/\\\/www.eldigitaldeasturias.com\\\/noticias\\\/author\\\/admin\\\/\",\"name\":\"El Digital de Asturias\",\"image\":{\"@type\":\"ImageObject\",\"@id\":\"https:\\\/\\\/www.eldigitaldeasturias.com\\\/noticias\\\/eta-anuncia-que-hara-aportaciones-significativas-en-breve-plazo\\\/#authorImage\",\"url\":\"https:\\\/\\\/secure.gravatar.com\\\/avatar\\\/df2aeffc32bcd13f8d26072ef8a91b623d677766deac7f97ca815868cd41bf5e?s=96&d=mm&r=g\",\"width\":96,\"height\":96,\"caption\":\"El Digital de Asturias\"}},{\"@type\":\"WebPage\",\"@id\":\"https:\\\/\\\/www.eldigitaldeasturias.com\\\/noticias\\\/eta-anuncia-que-hara-aportaciones-significativas-en-breve-plazo\\\/#webpage\",\"url\":\"https:\\\/\\\/www.eldigitaldeasturias.com\\\/noticias\\\/eta-anuncia-que-hara-aportaciones-significativas-en-breve-plazo\\\/\",\"name\":\"ETA anuncia que har\\u00e1 \\u00abaportaciones significativas\\u00bb en breve plazo - El Digital de Asturias\",\"description\":\"San Sebasti\\u00e1n, 7 feb (EFE).- La organizaci\\u00f3n terrorista ETA anuncia que har\\u00e1 \\\"aportaciones significativas\\\" para \\\"alimentar\\\" el proceso del fin de la violencia en el Pa\\u00eds Vasco \\\"sin tardar\\\". En un comunicado que publicar\\u00e1 ma\\u00f1ana \\u00edntegramente el diario Gara, ETA se muestra dispuesta a dialogar sobre cuestiones que \\\"afectan directamente\\\" a la propia organizaci\\u00f3n y\",\"inLanguage\":\"es-ES\",\"isPartOf\":{\"@id\":\"https:\\\/\\\/www.eldigitaldeasturias.com\\\/noticias\\\/#website\"},\"breadcrumb\":{\"@id\":\"https:\\\/\\\/www.eldigitaldeasturias.com\\\/noticias\\\/eta-anuncia-que-hara-aportaciones-significativas-en-breve-plazo\\\/#breadcrumblist\"},\"author\":{\"@id\":\"https:\\\/\\\/www.eldigitaldeasturias.com\\\/noticias\\\/author\\\/admin\\\/#author\"},\"creator\":{\"@id\":\"https:\\\/\\\/www.eldigitaldeasturias.com\\\/noticias\\\/author\\\/admin\\\/#author\"},\"image\":{\"@type\":\"ImageObject\",\"url\":485976,\"@id\":\"https:\\\/\\\/www.eldigitaldeasturias.com\\\/noticias\\\/eta-anuncia-que-hara-aportaciones-significativas-en-breve-plazo\\\/#mainImage\"},\"primaryImageOfPage\":{\"@id\":\"https:\\\/\\\/www.eldigitaldeasturias.com\\\/noticias\\\/eta-anuncia-que-hara-aportaciones-significativas-en-breve-plazo\\\/#mainImage\"},\"datePublished\":\"2014-02-07T20:23:57+01:00\",\"dateModified\":\"2014-02-07T20:23:57+01:00\"},{\"@type\":\"WebSite\",\"@id\":\"https:\\\/\\\/www.eldigitaldeasturias.com\\\/noticias\\\/#website\",\"url\":\"https:\\\/\\\/www.eldigitaldeasturias.com\\\/noticias\\\/\",\"name\":\"El Digital de Asturias - Diario de actualidad y noticias\",\"alternateName\":\"El Digital de Asturias - Diario de actualidad y noticias\",\"description\":\"Hemeroteca\",\"inLanguage\":\"es-ES\",\"publisher\":{\"@id\":\"https:\\\/\\\/www.eldigitaldeasturias.com\\\/noticias\\\/#organization\"}}]}\n\t\t<\/script>\n\t\t<!-- All in One SEO Pro -->\r\n\t\t<title>ETA anuncia que har\u00e1 \u00abaportaciones significativas\u00bb en breve plazo - El Digital de Asturias<\/title>\n\n","aioseo_head_json":{"title":"ETA anuncia que har\u00e1 \u00abaportaciones significativas\u00bb en breve plazo - El Digital de Asturias","description":"San Sebasti\u00e1n, 7 feb (EFE).- La organizaci\u00f3n terrorista ETA anuncia que har\u00e1 \"aportaciones significativas\" para \"alimentar\" el proceso del fin de la violencia en el Pa\u00eds Vasco \"sin tardar\". En un comunicado que publicar\u00e1 ma\u00f1ana \u00edntegramente el diario Gara, ETA se muestra dispuesta a dialogar sobre cuestiones que \"afectan directamente\" a la propia organizaci\u00f3n y","canonical_url":"https:\/\/www.eldigitaldeasturias.com\/noticias\/eta-anuncia-que-hara-aportaciones-significativas-en-breve-plazo\/","robots":"max-image-preview:large","keywords":"actualidad","webmasterTools":{"google-site-verification":"UA-38556648-1","msvalidate.01":"7dfe9f3f1b24437ab69f4f2559babe99","miscellaneous":""},"schema":{"@context":"https:\/\/schema.org","@graph":[{"@type":"BlogPosting","@id":"https:\/\/www.eldigitaldeasturias.com\/noticias\/eta-anuncia-que-hara-aportaciones-significativas-en-breve-plazo\/#blogposting","name":"ETA anuncia que har\u00e1 \u00abaportaciones significativas\u00bb en breve plazo - El Digital de Asturias","headline":"ETA anuncia que har\u00e1 \u00abaportaciones significativas\u00bb en breve plazo","author":{"@id":"https:\/\/www.eldigitaldeasturias.com\/noticias\/author\/admin\/#author"},"publisher":{"@id":"https:\/\/www.eldigitaldeasturias.com\/noticias\/#organization"},"image":{"@type":"ImageObject","url":485976},"datePublished":"2014-02-07T20:23:57+01:00","dateModified":"2014-02-07T20:23:57+01:00","inLanguage":"es-ES","mainEntityOfPage":{"@id":"https:\/\/www.eldigitaldeasturias.com\/noticias\/eta-anuncia-que-hara-aportaciones-significativas-en-breve-plazo\/#webpage"},"isPartOf":{"@id":"https:\/\/www.eldigitaldeasturias.com\/noticias\/eta-anuncia-que-hara-aportaciones-significativas-en-breve-plazo\/#webpage"},"articleSection":"Actualidad"},{"@type":"BreadcrumbList","@id":"https:\/\/www.eldigitaldeasturias.com\/noticias\/eta-anuncia-que-hara-aportaciones-significativas-en-breve-plazo\/#breadcrumblist","itemListElement":[{"@type":"ListItem","@id":"https:\/\/www.eldigitaldeasturias.com\/noticias#listItem","position":1,"name":"Home","item":"https:\/\/www.eldigitaldeasturias.com\/noticias","nextItem":{"@type":"ListItem","@id":"https:\/\/www.eldigitaldeasturias.com\/noticias\/category\/actualidad\/#listItem","name":"Actualidad"}},{"@type":"ListItem","@id":"https:\/\/www.eldigitaldeasturias.com\/noticias\/category\/actualidad\/#listItem","position":2,"name":"Actualidad","item":"https:\/\/www.eldigitaldeasturias.com\/noticias\/category\/actualidad\/","nextItem":{"@type":"ListItem","@id":"https:\/\/www.eldigitaldeasturias.com\/noticias\/eta-anuncia-que-hara-aportaciones-significativas-en-breve-plazo\/#listItem","name":"ETA anuncia que har\u00e1 \u00abaportaciones significativas\u00bb en breve plazo"},"previousItem":{"@type":"ListItem","@id":"https:\/\/www.eldigitaldeasturias.com\/noticias#listItem","name":"Home"}},{"@type":"ListItem","@id":"https:\/\/www.eldigitaldeasturias.com\/noticias\/eta-anuncia-que-hara-aportaciones-significativas-en-breve-plazo\/#listItem","position":3,"name":"ETA anuncia que har\u00e1 \u00abaportaciones significativas\u00bb en breve plazo","previousItem":{"@type":"ListItem","@id":"https:\/\/www.eldigitaldeasturias.com\/noticias\/category\/actualidad\/#listItem","name":"Actualidad"}}]},{"@type":"Organization","@id":"https:\/\/www.eldigitaldeasturias.com\/noticias\/#organization","name":"El Digital de Asturias","description":"Hemeroteca","url":"https:\/\/www.eldigitaldeasturias.com\/noticias\/","email":"info@eldigitaldeasturias.com","telephone":"+34652131393","logo":{"@type":"ImageObject","url":"https:\/\/www.eldigitaldeasturias.com\/noticias\/wp-content\/uploads\/2020\/12\/EDA.jpg","@id":"https:\/\/www.eldigitaldeasturias.com\/noticias\/eta-anuncia-que-hara-aportaciones-significativas-en-breve-plazo\/#organizationLogo"},"image":{"@id":"https:\/\/www.eldigitaldeasturias.com\/noticias\/eta-anuncia-que-hara-aportaciones-significativas-en-breve-plazo\/#organizationLogo"},"sameAs":["https:\/\/facebook.com\/eldigitaldeasturias","https:\/\/www.youtube.com\/channel\/UCZP-2wLEB9Rv6erhFmqVnvg"],"address":{"@id":"https:\/\/www.eldigitaldeasturias.com\/noticias\/#postaladdress","@type":"PostalAddress","streetAddress":"san antonio 4","postalCode":"33430","addressLocality":"Cand\u00e1s","addressRegion":"Asturias","addressCountry":"ES"}},{"@type":"Person","@id":"https:\/\/www.eldigitaldeasturias.com\/noticias\/author\/admin\/#author","url":"https:\/\/www.eldigitaldeasturias.com\/noticias\/author\/admin\/","name":"El Digital de Asturias","image":{"@type":"ImageObject","@id":"https:\/\/www.eldigitaldeasturias.com\/noticias\/eta-anuncia-que-hara-aportaciones-significativas-en-breve-plazo\/#authorImage","url":"https:\/\/secure.gravatar.com\/avatar\/df2aeffc32bcd13f8d26072ef8a91b623d677766deac7f97ca815868cd41bf5e?s=96&d=mm&r=g","width":96,"height":96,"caption":"El Digital de Asturias"}},{"@type":"WebPage","@id":"https:\/\/www.eldigitaldeasturias.com\/noticias\/eta-anuncia-que-hara-aportaciones-significativas-en-breve-plazo\/#webpage","url":"https:\/\/www.eldigitaldeasturias.com\/noticias\/eta-anuncia-que-hara-aportaciones-significativas-en-breve-plazo\/","name":"ETA anuncia que har\u00e1 \u00abaportaciones significativas\u00bb en breve plazo - El Digital de Asturias","description":"San Sebasti\u00e1n, 7 feb (EFE).- La organizaci\u00f3n terrorista ETA anuncia que har\u00e1 \"aportaciones significativas\" para \"alimentar\" el proceso del fin de la violencia en el Pa\u00eds Vasco \"sin tardar\". En un comunicado que publicar\u00e1 ma\u00f1ana \u00edntegramente el diario Gara, ETA se muestra dispuesta a dialogar sobre cuestiones que \"afectan directamente\" a la propia organizaci\u00f3n y","inLanguage":"es-ES","isPartOf":{"@id":"https:\/\/www.eldigitaldeasturias.com\/noticias\/#website"},"breadcrumb":{"@id":"https:\/\/www.eldigitaldeasturias.com\/noticias\/eta-anuncia-que-hara-aportaciones-significativas-en-breve-plazo\/#breadcrumblist"},"author":{"@id":"https:\/\/www.eldigitaldeasturias.com\/noticias\/author\/admin\/#author"},"creator":{"@id":"https:\/\/www.eldigitaldeasturias.com\/noticias\/author\/admin\/#author"},"image":{"@type":"ImageObject","url":485976,"@id":"https:\/\/www.eldigitaldeasturias.com\/noticias\/eta-anuncia-que-hara-aportaciones-significativas-en-breve-plazo\/#mainImage"},"primaryImageOfPage":{"@id":"https:\/\/www.eldigitaldeasturias.com\/noticias\/eta-anuncia-que-hara-aportaciones-significativas-en-breve-plazo\/#mainImage"},"datePublished":"2014-02-07T20:23:57+01:00","dateModified":"2014-02-07T20:23:57+01:00"},{"@type":"WebSite","@id":"https:\/\/www.eldigitaldeasturias.com\/noticias\/#website","url":"https:\/\/www.eldigitaldeasturias.com\/noticias\/","name":"El Digital de Asturias - Diario de actualidad y noticias","alternateName":"El Digital de Asturias - Diario de actualidad y noticias","description":"Hemeroteca","inLanguage":"es-ES","publisher":{"@id":"https:\/\/www.eldigitaldeasturias.com\/noticias\/#organization"}}]},"og:locale":"es_ES","og:site_name":"El Digital de Asturias","og:type":"article","og:title":"ETA anuncia que har\u00e1 \u00abaportaciones significativas\u00bb en breve plazo - El Digital de Asturias","og:description":"San Sebasti\u00e1n, 7 feb (EFE).- La organizaci\u00f3n terrorista ETA anuncia que har\u00e1 &quot;aportaciones significativas&quot; para &quot;alimentar&quot; el proceso del fin de la violencia en el Pa\u00eds Vasco &quot;sin tardar&quot;. En un comunicado que publicar\u00e1 ma\u00f1ana \u00edntegramente el diario Gara, ETA se muestra dispuesta a dialogar sobre cuestiones que &quot;afectan directamente&quot; a la propia organizaci\u00f3n y","og:url":"https:\/\/www.eldigitaldeasturias.com\/noticias\/eta-anuncia-que-hara-aportaciones-significativas-en-breve-plazo\/","article:tag":["actualidad"],"article:published_time":"2014-02-07T21:23:57+00:00","article:modified_time":"2014-02-07T21:23:57+00:00","article:publisher":"https:\/\/facebook.com\/eldigitaldeasturias","twitter:card":"summary_large_image","twitter:title":"ETA anuncia que har\u00e1 \u00abaportaciones significativas\u00bb en breve plazo - El Digital de Asturias","twitter:description":"San Sebasti\u00e1n, 7 feb (EFE).- La organizaci\u00f3n terrorista ETA anuncia que har\u00e1 &quot;aportaciones significativas&quot; para &quot;alimentar&quot; el proceso del fin de la violencia en el Pa\u00eds Vasco &quot;sin tardar&quot;. En un comunicado que publicar\u00e1 ma\u00f1ana \u00edntegramente el diario Gara, ETA se muestra dispuesta a dialogar sobre cuestiones que &quot;afectan directamente&quot; a la propia organizaci\u00f3n y","twitter:label1":"Escrito por","twitter:data1":"El Digital de Asturias","twitter:label2":"Tiempo de lectura estimado","twitter:data2":"2 minutos"},"aioseo_meta_data":{"post_id":"485975","title":null,"description":null,"keywords":null,"keyphrases":null,"primary_term":null,"canonical_url":null,"og_title":null,"og_description":null,"og_object_type":"default","og_image_type":"default","og_image_url":null,"og_image_width":null,"og_image_height":null,"og_image_custom_url":null,"og_image_custom_fields":null,"og_video":null,"og_custom_url":null,"og_article_section":null,"og_article_tags":null,"twitter_use_og":true,"twitter_card":"default","twitter_image_type":"default","twitter_image_url":null,"twitter_image_custom_url":null,"twitter_image_custom_fields":null,"twitter_title":null,"twitter_description":null,"schema":{"blockGraphs":[],"customGraphs":[],"default":{"data":{"Article":[],"Course":[],"Dataset":[],"FAQPage":[],"Movie":[],"Person":[],"Product":[],"ProductReview":[],"Car":[],"Recipe":[],"Service":[],"SoftwareApplication":[],"WebPage":[]},"graphName":"","isEnabled":true},"graphs":[],"defaultGraph":"","defaultPostTypeGraph":""},"schema_type":null,"schema_type_options":null,"pillar_content":false,"robots_default":true,"robots_noindex":false,"robots_noarchive":false,"robots_nosnippet":false,"robots_nofollow":false,"robots_noimageindex":false,"robots_noodp":false,"robots_notranslate":false,"robots_max_snippet":null,"robots_max_videopreview":null,"robots_max_imagepreview":"none","priority":null,"frequency":null,"local_seo":null,"seo_analyzer_scan_date":"2026-06-02 22:50:57","breadcrumb_settings":null,"limit_modified_date":false,"open_ai":null,"ai":null,"created":"2020-11-14 22:56:01","updated":"2026-06-02 22:50:57","focus_keyword":null,"additional_keywords":null,"truseo_locale":null},"aioseo_breadcrumb":"<div class=\"aioseo-breadcrumbs\"><span class=\"aioseo-breadcrumb\">\n\t<a href=\"https:\/\/www.eldigitaldeasturias.com\/noticias\" title=\"Home\">Home<\/a>\n<\/span><span class=\"aioseo-breadcrumb-separator\">\u2013<\/span><span class=\"aioseo-breadcrumb\">\n\t<a href=\"https:\/\/www.eldigitaldeasturias.com\/noticias\/category\/actualidad\/\" title=\"Actualidad\">Actualidad<\/a>\n<\/span><span class=\"aioseo-breadcrumb-separator\">\u2013<\/span><span class=\"aioseo-breadcrumb\">\n\t<a href=\"https:\/\/www.eldigitaldeasturias.com\/noticias\/eta-anuncia-que-hara-aportaciones-significativas-en-breve-plazo\/\" title=\"ETA anuncia que har\u00e1 \u00abaportaciones significativas\u00bb en breve plazo\">ETA anuncia que har\u00e1 \u00abaportaciones significativas\u00bb en breve plazo<\/a>\n<\/span><\/div>","aioseo_breadcrumb_json":[{"label":"Home","link":"https:\/\/www.eldigitaldeasturias.com\/noticias"},{"label":"Actualidad","link":"https:\/\/www.eldigitaldeasturias.com\/noticias\/category\/actualidad\/"},{"label":"ETA anuncia que har\u00e1 \u00abaportaciones significativas\u00bb en breve plazo","link":"https:\/\/www.eldigitaldeasturias.com\/noticias\/eta-anuncia-que-hara-aportaciones-significativas-en-breve-plazo\/"}],"_links":{"self":[{"href":"https:\/\/www.eldigitaldeasturias.com\/noticias\/wp-json\/wp\/v2\/posts\/485975","targetHints":{"allow":["GET"]}}],"collection":[{"href":"https:\/\/www.eldigitaldeasturias.com\/noticias\/wp-json\/wp\/v2\/posts"}],"about":[{"href":"https:\/\/www.eldigitaldeasturias.com\/noticias\/wp-json\/wp\/v2\/types\/post"}],"author":[{"embeddable":true,"href":"https:\/\/www.eldigitaldeasturias.com\/noticias\/wp-json\/wp\/v2\/users\/1"}],"replies":[{"embeddable":true,"href":"https:\/\/www.eldigitaldeasturias.com\/noticias\/wp-json\/wp\/v2\/comments?post=485975"}],"version-history":[{"count":0,"href":"https:\/\/www.eldigitaldeasturias.com\/noticias\/wp-json\/wp\/v2\/posts\/485975\/revisions"}],"wp:attachment":[{"href":"https:\/\/www.eldigitaldeasturias.com\/noticias\/wp-json\/wp\/v2\/media?parent=485975"}],"wp:term":[{"taxonomy":"category","embeddable":true,"href":"https:\/\/www.eldigitaldeasturias.com\/noticias\/wp-json\/wp\/v2\/categories?post=485975"},{"taxonomy":"post_tag","embeddable":true,"href":"https:\/\/www.eldigitaldeasturias.com\/noticias\/wp-json\/wp\/v2\/tags?post=485975"}],"curies":[{"name":"wp","href":"https:\/\/api.w.org\/{rel}","templated":true}]}}