{"id":485973,"date":"2014-02-07T19:48:53","date_gmt":"2014-02-07T20:48:53","guid":{"rendered":"http:\/\/www.eldigitaldeasturias.com\/noticias\/?p=485973"},"modified":"2014-02-07T19:49:04","modified_gmt":"2014-02-07T20:49:04","slug":"la-policia-descarta-la-presencia-en-gijon-de-una-banda-de-secuestradores","status":"publish","type":"post","link":"https:\/\/www.eldigitaldeasturias.com\/noticias\/la-policia-descarta-la-presencia-en-gijon-de-una-banda-de-secuestradores\/","title":{"rendered":"La Polic\u00eda descarta la presencia en Gij\u00f3n de una banda de secuestradores"},"content":{"rendered":"<p><img loading=\"lazy\" decoding=\"async\" class=\"alignleft size-medium wp-image-455587\" alt=\"policia\" src=\"https:\/\/www.eldigitaldeasturias.com\/noticias\/wp-content\/uploads\/2013\/11\/policia-360x226.jpg\" width=\"360\" height=\"226\" \/>Gij\u00f3n, 7 feb (EFE).- La Polic\u00eda Nacional ha descartado la presencia en Gij\u00f3n de un grupo criminal dedicado al secuestro de menores y ha afirmado que se trata de un bulo difundido en Internet que ha generado gran alarma social entre la ciudadan\u00eda.<\/p>\n<p>En las \u00faltimas semanas se hab\u00edan difundido a trav\u00e9s de las redes sociales y mensajer\u00eda instant\u00e1nea informaciones sobre la presencia de varias personas que iban a bordo de un veh\u00edculo y que estaban intentando llevarse a ni\u00f1os para \u00abtraficar con sus \u00f3rganos\u00bb, ha informado la Comisar\u00eda de Gij\u00f3n.<\/p>\n<p>Seg\u00fan los agentes, estos mensajes se propagaron tanto por m\u00f3viles de j\u00f3venes como por los de adultos que a su vez los compart\u00edan obrando de buena fe y pensando que estaban colaborando con la Polic\u00eda.<\/p>\n<p>Daban la impresi\u00f3n de ser ver\u00eddicos al aportar datos concretos del color, matr\u00edcula, modelo del \u00abveh\u00edculo buscado\u00bb y foto de los supuestos raptores, generando de este modo un temor innecesario en la poblaci\u00f3n.<\/p>\n<p>Estas informaciones extendidas por toda la ciudad provocaron un aluvi\u00f3n de llamadas a los tel\u00e9fonos de emergencias de la comisar\u00eda de Gij\u00f3n.<\/p>\n<p>Para paliar esta sensaci\u00f3n de inseguridad, desde la Polic\u00eda Nacional se lanzaron mensajes de calma y prudencia y se realizaron encuentros con la comunidad educativa para transmitir un mensaje de tranquilidad a todos los escolares y solicitar que no se hicieran eco de los bulos que circulaban por las redes sociales sin comprobar antes su autenticidad.<\/p>\n<p>De forma paralela, los investigadores constataron que las llamadas recibidas por supuestos intentos de rapto eran falsas.<\/p>\n<p>El d\u00eda 1 de enero y a trav\u00e9s de un perfil social, un familiar comunic\u00f3 el intento de secuestro de un ni\u00f1o de 11 a\u00f1os, cuyos padres aseguraron que su hijo no hab\u00eda sido v\u00edctima de ning\u00fan hecho delictivo y que todo era una confusi\u00f3n.<\/p>\n<p>Tres d\u00edas m\u00e1s tarde, se recibi\u00f3 la llamada de un padre que alertaba del intento de rapto de su hijo de 13 a\u00f1os cuando circulaba en bicicleta.<\/p>\n<p>En comisar\u00eda el menor manifest\u00f3 que se lo hab\u00eda inventado todo para desviar la atenci\u00f3n de sus padres sobre una pelea que hab\u00eda tenido con un compa\u00f1ero.<\/p>\n<p>Se comprob\u00f3 tambi\u00e9n que el 31 de enero, una ni\u00f1a de nueve a\u00f1os se hab\u00eda asustado sin motivo por la presencia de una furgoneta blanca en las inmediaciones de un parque, a pesar de que sus ocupantes no se dirigieron a ella, ni intentaron tampoco meterla en el interior.<\/p>\n<p>Tras realizar todas estas gestiones para el esclarecimiento de los hechos, se pudo comprobar que los ni\u00f1os estaban sugestionados con los env\u00edos propagados y que los datos que aportaron sobre sus captores y el veh\u00edculo utilizado eran, en todos los casos, id\u00e9nticos a los que circulaban por la red.<\/p>\n<p>As\u00ed, Gij\u00f3n ha sufrido el mismo caso que anteriormente hab\u00eda sucedido en Valladolid, Alcantarilla, Navarra, Lucena o Callosa, donde tambi\u00e9n se hab\u00eda difundido id\u00e9ntico bulo, ha asegurado la Polic\u00eda Nacional.<\/p>\n","protected":false},"excerpt":{"rendered":"<p>Gij\u00f3n, 7 feb (EFE).- La Polic\u00eda Nacional ha descartado la presencia en Gij\u00f3n de un grupo criminal dedicado al secuestro de menores y ha afirmado que se trata de un bulo difundido en Internet que ha generado gran alarma social entre la ciudadan\u00eda. En las \u00faltimas semanas se hab\u00edan difundido a trav\u00e9s de las redes [&hellip;]<\/p>\n","protected":false},"author":1,"featured_media":455587,"comment_status":"closed","ping_status":"open","sticky":false,"template":"","format":"standard","meta":{"footnotes":""},"categories":[1,12],"tags":[],"class_list":["post-485973","post","type-post","status-publish","format-standard","has-post-thumbnail","hentry","category-actualidad","category-actualidad-asturias"],"aioseo_notices":[],"aioseo_head":"\n\t\t<!-- All in One SEO Pro 5.0.1 - aioseo.com -->\n\t<meta name=\"description\" content=\"Gij\u00f3n, 7 feb (EFE).- La Polic\u00eda Nacional ha descartado la presencia en Gij\u00f3n de un grupo criminal dedicado al secuestro de menores y ha afirmado que se trata de un bulo difundido en Internet que ha generado gran alarma social entre la ciudadan\u00eda. En las \u00faltimas semanas se hab\u00edan difundido a trav\u00e9s de las redes\" \/>\n\t<meta name=\"robots\" content=\"max-image-preview:large\" \/>\n\t<meta name=\"author\" content=\"El Digital de Asturias\"\/>\n\t<meta name=\"google-site-verification\" content=\"UA-38556648-1\" \/>\n\t<meta name=\"msvalidate.01\" content=\"7dfe9f3f1b24437ab69f4f2559babe99\" \/>\n\t<meta name=\"keywords\" content=\"actualidad,actualidad asturias\" \/>\n\t<link rel=\"canonical\" href=\"https:\/\/www.eldigitaldeasturias.com\/noticias\/la-policia-descarta-la-presencia-en-gijon-de-una-banda-de-secuestradores\/\" \/>\n\t<meta name=\"generator\" content=\"All in One SEO Pro (AIOSEO) 5.0.1\" \/>\n\t\t<meta property=\"og:locale\" content=\"es_ES\" \/>\n\t\t<meta property=\"og:site_name\" content=\"El Digital de Asturias\" \/>\n\t\t<meta property=\"og:type\" content=\"article\" \/>\n\t\t<meta property=\"og:title\" content=\"La Polic\u00eda descarta la presencia en Gij\u00f3n de una banda de secuestradores - El Digital de Asturias\" \/>\n\t\t<meta property=\"og:description\" content=\"Gij\u00f3n, 7 feb (EFE).- La Polic\u00eda Nacional ha descartado la presencia en Gij\u00f3n de un grupo criminal dedicado al secuestro de menores y ha afirmado que se trata de un bulo difundido en Internet que ha generado gran alarma social entre la ciudadan\u00eda. En las \u00faltimas semanas se hab\u00edan difundido a trav\u00e9s de las redes\" \/>\n\t\t<meta property=\"og:url\" content=\"https:\/\/www.eldigitaldeasturias.com\/noticias\/la-policia-descarta-la-presencia-en-gijon-de-una-banda-de-secuestradores\/\" \/>\n\t\t<meta property=\"article:tag\" content=\"actualidad\" \/>\n\t\t<meta property=\"article:tag\" content=\"actualidad asturias\" \/>\n\t\t<meta property=\"article:published_time\" content=\"2014-02-07T20:48:53+00:00\" \/>\n\t\t<meta property=\"article:modified_time\" content=\"2014-02-07T20:49:04+00:00\" \/>\n\t\t<meta property=\"article:publisher\" content=\"https:\/\/facebook.com\/eldigitaldeasturias\" \/>\n\t\t<meta name=\"twitter:card\" content=\"summary_large_image\" \/>\n\t\t<meta name=\"twitter:title\" content=\"La Polic\u00eda descarta la presencia en Gij\u00f3n de una banda de secuestradores - El Digital de Asturias\" \/>\n\t\t<meta name=\"twitter:description\" content=\"Gij\u00f3n, 7 feb (EFE).- La Polic\u00eda Nacional ha descartado la presencia en Gij\u00f3n de un grupo criminal dedicado al secuestro de menores y ha afirmado que se trata de un bulo difundido en Internet que ha generado gran alarma social entre la ciudadan\u00eda. En las \u00faltimas semanas se hab\u00edan difundido a trav\u00e9s de las redes\" \/>\n\t\t<meta name=\"twitter:label1\" content=\"Escrito por\" \/>\n\t\t<meta name=\"twitter:data1\" content=\"El Digital de Asturias\" \/>\n\t\t<meta name=\"twitter:label2\" content=\"Tiempo de lectura estimado\" \/>\n\t\t<meta name=\"twitter:data2\" content=\"3 minutos\" \/>\n\t\t<script type=\"application\/ld+json\" class=\"aioseo-schema\">\n\t\t\t{\"@context\":\"https:\\\/\\\/schema.org\",\"@graph\":[{\"@type\":\"BlogPosting\",\"@id\":\"https:\\\/\\\/www.eldigitaldeasturias.com\\\/noticias\\\/la-policia-descarta-la-presencia-en-gijon-de-una-banda-de-secuestradores\\\/#blogposting\",\"name\":\"La Polic\\u00eda descarta la presencia en Gij\\u00f3n de una banda de secuestradores - El Digital de Asturias\",\"headline\":\"La Polic\\u00eda descarta la presencia en Gij\\u00f3n de una banda de secuestradores\",\"author\":{\"@id\":\"https:\\\/\\\/www.eldigitaldeasturias.com\\\/noticias\\\/author\\\/admin\\\/#author\"},\"publisher\":{\"@id\":\"https:\\\/\\\/www.eldigitaldeasturias.com\\\/noticias\\\/#organization\"},\"image\":{\"@type\":\"ImageObject\",\"url\":455587},\"datePublished\":\"2014-02-07T19:48:53+01:00\",\"dateModified\":\"2014-02-07T19:49:04+01:00\",\"inLanguage\":\"es-ES\",\"mainEntityOfPage\":{\"@id\":\"https:\\\/\\\/www.eldigitaldeasturias.com\\\/noticias\\\/la-policia-descarta-la-presencia-en-gijon-de-una-banda-de-secuestradores\\\/#webpage\"},\"isPartOf\":{\"@id\":\"https:\\\/\\\/www.eldigitaldeasturias.com\\\/noticias\\\/la-policia-descarta-la-presencia-en-gijon-de-una-banda-de-secuestradores\\\/#webpage\"},\"articleSection\":\"Actualidad, Actualidad Asturias\"},{\"@type\":\"BreadcrumbList\",\"@id\":\"https:\\\/\\\/www.eldigitaldeasturias.com\\\/noticias\\\/la-policia-descarta-la-presencia-en-gijon-de-una-banda-de-secuestradores\\\/#breadcrumblist\",\"itemListElement\":[{\"@type\":\"ListItem\",\"@id\":\"https:\\\/\\\/www.eldigitaldeasturias.com\\\/noticias#listItem\",\"position\":1,\"name\":\"Home\",\"item\":\"https:\\\/\\\/www.eldigitaldeasturias.com\\\/noticias\",\"nextItem\":{\"@type\":\"ListItem\",\"@id\":\"https:\\\/\\\/www.eldigitaldeasturias.com\\\/noticias\\\/category\\\/actualidad\\\/#listItem\",\"name\":\"Actualidad\"}},{\"@type\":\"ListItem\",\"@id\":\"https:\\\/\\\/www.eldigitaldeasturias.com\\\/noticias\\\/category\\\/actualidad\\\/#listItem\",\"position\":2,\"name\":\"Actualidad\",\"item\":\"https:\\\/\\\/www.eldigitaldeasturias.com\\\/noticias\\\/category\\\/actualidad\\\/\",\"nextItem\":{\"@type\":\"ListItem\",\"@id\":\"https:\\\/\\\/www.eldigitaldeasturias.com\\\/noticias\\\/la-policia-descarta-la-presencia-en-gijon-de-una-banda-de-secuestradores\\\/#listItem\",\"name\":\"La Polic\\u00eda descarta la presencia en Gij\\u00f3n de una banda de secuestradores\"},\"previousItem\":{\"@type\":\"ListItem\",\"@id\":\"https:\\\/\\\/www.eldigitaldeasturias.com\\\/noticias#listItem\",\"name\":\"Home\"}},{\"@type\":\"ListItem\",\"@id\":\"https:\\\/\\\/www.eldigitaldeasturias.com\\\/noticias\\\/la-policia-descarta-la-presencia-en-gijon-de-una-banda-de-secuestradores\\\/#listItem\",\"position\":3,\"name\":\"La Polic\\u00eda descarta la presencia en Gij\\u00f3n de una banda de secuestradores\",\"previousItem\":{\"@type\":\"ListItem\",\"@id\":\"https:\\\/\\\/www.eldigitaldeasturias.com\\\/noticias\\\/category\\\/actualidad\\\/#listItem\",\"name\":\"Actualidad\"}}]},{\"@type\":\"Organization\",\"@id\":\"https:\\\/\\\/www.eldigitaldeasturias.com\\\/noticias\\\/#organization\",\"name\":\"El Digital de Asturias\",\"description\":\"Hemeroteca\",\"url\":\"https:\\\/\\\/www.eldigitaldeasturias.com\\\/noticias\\\/\",\"email\":\"info@eldigitaldeasturias.com\",\"telephone\":\"+34652131393\",\"logo\":{\"@type\":\"ImageObject\",\"url\":\"https:\\\/\\\/www.eldigitaldeasturias.com\\\/noticias\\\/wp-content\\\/uploads\\\/2020\\\/12\\\/EDA.jpg\",\"@id\":\"https:\\\/\\\/www.eldigitaldeasturias.com\\\/noticias\\\/la-policia-descarta-la-presencia-en-gijon-de-una-banda-de-secuestradores\\\/#organizationLogo\"},\"image\":{\"@id\":\"https:\\\/\\\/www.eldigitaldeasturias.com\\\/noticias\\\/la-policia-descarta-la-presencia-en-gijon-de-una-banda-de-secuestradores\\\/#organizationLogo\"},\"sameAs\":[\"https:\\\/\\\/facebook.com\\\/eldigitaldeasturias\",\"https:\\\/\\\/www.youtube.com\\\/channel\\\/UCZP-2wLEB9Rv6erhFmqVnvg\"],\"address\":{\"@id\":\"https:\\\/\\\/www.eldigitaldeasturias.com\\\/noticias\\\/#postaladdress\",\"@type\":\"PostalAddress\",\"streetAddress\":\"san antonio 4\",\"postalCode\":\"33430\",\"addressLocality\":\"Cand\\u00e1s\",\"addressRegion\":\"Asturias\",\"addressCountry\":\"ES\"}},{\"@type\":\"Person\",\"@id\":\"https:\\\/\\\/www.eldigitaldeasturias.com\\\/noticias\\\/author\\\/admin\\\/#author\",\"url\":\"https:\\\/\\\/www.eldigitaldeasturias.com\\\/noticias\\\/author\\\/admin\\\/\",\"name\":\"El Digital de Asturias\",\"image\":{\"@type\":\"ImageObject\",\"@id\":\"https:\\\/\\\/www.eldigitaldeasturias.com\\\/noticias\\\/la-policia-descarta-la-presencia-en-gijon-de-una-banda-de-secuestradores\\\/#authorImage\",\"url\":\"https:\\\/\\\/secure.gravatar.com\\\/avatar\\\/df2aeffc32bcd13f8d26072ef8a91b623d677766deac7f97ca815868cd41bf5e?s=96&d=mm&r=g\",\"width\":96,\"height\":96,\"caption\":\"El Digital de Asturias\"}},{\"@type\":\"WebPage\",\"@id\":\"https:\\\/\\\/www.eldigitaldeasturias.com\\\/noticias\\\/la-policia-descarta-la-presencia-en-gijon-de-una-banda-de-secuestradores\\\/#webpage\",\"url\":\"https:\\\/\\\/www.eldigitaldeasturias.com\\\/noticias\\\/la-policia-descarta-la-presencia-en-gijon-de-una-banda-de-secuestradores\\\/\",\"name\":\"La Polic\\u00eda descarta la presencia en Gij\\u00f3n de una banda de secuestradores - El Digital de Asturias\",\"description\":\"Gij\\u00f3n, 7 feb (EFE).- La Polic\\u00eda Nacional ha descartado la presencia en Gij\\u00f3n de un grupo criminal dedicado al secuestro de menores y ha afirmado que se trata de un bulo difundido en Internet que ha generado gran alarma social entre la ciudadan\\u00eda. En las \\u00faltimas semanas se hab\\u00edan difundido a trav\\u00e9s de las redes\",\"inLanguage\":\"es-ES\",\"isPartOf\":{\"@id\":\"https:\\\/\\\/www.eldigitaldeasturias.com\\\/noticias\\\/#website\"},\"breadcrumb\":{\"@id\":\"https:\\\/\\\/www.eldigitaldeasturias.com\\\/noticias\\\/la-policia-descarta-la-presencia-en-gijon-de-una-banda-de-secuestradores\\\/#breadcrumblist\"},\"author\":{\"@id\":\"https:\\\/\\\/www.eldigitaldeasturias.com\\\/noticias\\\/author\\\/admin\\\/#author\"},\"creator\":{\"@id\":\"https:\\\/\\\/www.eldigitaldeasturias.com\\\/noticias\\\/author\\\/admin\\\/#author\"},\"image\":{\"@type\":\"ImageObject\",\"url\":455587,\"@id\":\"https:\\\/\\\/www.eldigitaldeasturias.com\\\/noticias\\\/la-policia-descarta-la-presencia-en-gijon-de-una-banda-de-secuestradores\\\/#mainImage\"},\"primaryImageOfPage\":{\"@id\":\"https:\\\/\\\/www.eldigitaldeasturias.com\\\/noticias\\\/la-policia-descarta-la-presencia-en-gijon-de-una-banda-de-secuestradores\\\/#mainImage\"},\"datePublished\":\"2014-02-07T19:48:53+01:00\",\"dateModified\":\"2014-02-07T19:49:04+01:00\"},{\"@type\":\"WebSite\",\"@id\":\"https:\\\/\\\/www.eldigitaldeasturias.com\\\/noticias\\\/#website\",\"url\":\"https:\\\/\\\/www.eldigitaldeasturias.com\\\/noticias\\\/\",\"name\":\"El Digital de Asturias - Diario de actualidad y noticias\",\"alternateName\":\"El Digital de Asturias - Diario de actualidad y noticias\",\"description\":\"Hemeroteca\",\"inLanguage\":\"es-ES\",\"publisher\":{\"@id\":\"https:\\\/\\\/www.eldigitaldeasturias.com\\\/noticias\\\/#organization\"}}]}\n\t\t<\/script>\n\t\t<!-- All in One SEO Pro -->\r\n\t\t<title>La Polic\u00eda descarta la presencia en Gij\u00f3n de una banda de secuestradores - El Digital de Asturias<\/title>\n\n","aioseo_head_json":{"title":"La Polic\u00eda descarta la presencia en Gij\u00f3n de una banda de secuestradores - El Digital de Asturias","description":"Gij\u00f3n, 7 feb (EFE).- La Polic\u00eda Nacional ha descartado la presencia en Gij\u00f3n de un grupo criminal dedicado al secuestro de menores y ha afirmado que se trata de un bulo difundido en Internet que ha generado gran alarma social entre la ciudadan\u00eda. En las \u00faltimas semanas se hab\u00edan difundido a trav\u00e9s de las redes","canonical_url":"https:\/\/www.eldigitaldeasturias.com\/noticias\/la-policia-descarta-la-presencia-en-gijon-de-una-banda-de-secuestradores\/","robots":"max-image-preview:large","keywords":"actualidad,actualidad asturias","webmasterTools":{"google-site-verification":"UA-38556648-1","msvalidate.01":"7dfe9f3f1b24437ab69f4f2559babe99","miscellaneous":""},"schema":{"@context":"https:\/\/schema.org","@graph":[{"@type":"BlogPosting","@id":"https:\/\/www.eldigitaldeasturias.com\/noticias\/la-policia-descarta-la-presencia-en-gijon-de-una-banda-de-secuestradores\/#blogposting","name":"La Polic\u00eda descarta la presencia en Gij\u00f3n de una banda de secuestradores - El Digital de Asturias","headline":"La Polic\u00eda descarta la presencia en Gij\u00f3n de una banda de secuestradores","author":{"@id":"https:\/\/www.eldigitaldeasturias.com\/noticias\/author\/admin\/#author"},"publisher":{"@id":"https:\/\/www.eldigitaldeasturias.com\/noticias\/#organization"},"image":{"@type":"ImageObject","url":455587},"datePublished":"2014-02-07T19:48:53+01:00","dateModified":"2014-02-07T19:49:04+01:00","inLanguage":"es-ES","mainEntityOfPage":{"@id":"https:\/\/www.eldigitaldeasturias.com\/noticias\/la-policia-descarta-la-presencia-en-gijon-de-una-banda-de-secuestradores\/#webpage"},"isPartOf":{"@id":"https:\/\/www.eldigitaldeasturias.com\/noticias\/la-policia-descarta-la-presencia-en-gijon-de-una-banda-de-secuestradores\/#webpage"},"articleSection":"Actualidad, Actualidad Asturias"},{"@type":"BreadcrumbList","@id":"https:\/\/www.eldigitaldeasturias.com\/noticias\/la-policia-descarta-la-presencia-en-gijon-de-una-banda-de-secuestradores\/#breadcrumblist","itemListElement":[{"@type":"ListItem","@id":"https:\/\/www.eldigitaldeasturias.com\/noticias#listItem","position":1,"name":"Home","item":"https:\/\/www.eldigitaldeasturias.com\/noticias","nextItem":{"@type":"ListItem","@id":"https:\/\/www.eldigitaldeasturias.com\/noticias\/category\/actualidad\/#listItem","name":"Actualidad"}},{"@type":"ListItem","@id":"https:\/\/www.eldigitaldeasturias.com\/noticias\/category\/actualidad\/#listItem","position":2,"name":"Actualidad","item":"https:\/\/www.eldigitaldeasturias.com\/noticias\/category\/actualidad\/","nextItem":{"@type":"ListItem","@id":"https:\/\/www.eldigitaldeasturias.com\/noticias\/la-policia-descarta-la-presencia-en-gijon-de-una-banda-de-secuestradores\/#listItem","name":"La Polic\u00eda descarta la presencia en Gij\u00f3n de una banda de secuestradores"},"previousItem":{"@type":"ListItem","@id":"https:\/\/www.eldigitaldeasturias.com\/noticias#listItem","name":"Home"}},{"@type":"ListItem","@id":"https:\/\/www.eldigitaldeasturias.com\/noticias\/la-policia-descarta-la-presencia-en-gijon-de-una-banda-de-secuestradores\/#listItem","position":3,"name":"La Polic\u00eda descarta la presencia en Gij\u00f3n de una banda de secuestradores","previousItem":{"@type":"ListItem","@id":"https:\/\/www.eldigitaldeasturias.com\/noticias\/category\/actualidad\/#listItem","name":"Actualidad"}}]},{"@type":"Organization","@id":"https:\/\/www.eldigitaldeasturias.com\/noticias\/#organization","name":"El Digital de Asturias","description":"Hemeroteca","url":"https:\/\/www.eldigitaldeasturias.com\/noticias\/","email":"info@eldigitaldeasturias.com","telephone":"+34652131393","logo":{"@type":"ImageObject","url":"https:\/\/www.eldigitaldeasturias.com\/noticias\/wp-content\/uploads\/2020\/12\/EDA.jpg","@id":"https:\/\/www.eldigitaldeasturias.com\/noticias\/la-policia-descarta-la-presencia-en-gijon-de-una-banda-de-secuestradores\/#organizationLogo"},"image":{"@id":"https:\/\/www.eldigitaldeasturias.com\/noticias\/la-policia-descarta-la-presencia-en-gijon-de-una-banda-de-secuestradores\/#organizationLogo"},"sameAs":["https:\/\/facebook.com\/eldigitaldeasturias","https:\/\/www.youtube.com\/channel\/UCZP-2wLEB9Rv6erhFmqVnvg"],"address":{"@id":"https:\/\/www.eldigitaldeasturias.com\/noticias\/#postaladdress","@type":"PostalAddress","streetAddress":"san antonio 4","postalCode":"33430","addressLocality":"Cand\u00e1s","addressRegion":"Asturias","addressCountry":"ES"}},{"@type":"Person","@id":"https:\/\/www.eldigitaldeasturias.com\/noticias\/author\/admin\/#author","url":"https:\/\/www.eldigitaldeasturias.com\/noticias\/author\/admin\/","name":"El Digital de Asturias","image":{"@type":"ImageObject","@id":"https:\/\/www.eldigitaldeasturias.com\/noticias\/la-policia-descarta-la-presencia-en-gijon-de-una-banda-de-secuestradores\/#authorImage","url":"https:\/\/secure.gravatar.com\/avatar\/df2aeffc32bcd13f8d26072ef8a91b623d677766deac7f97ca815868cd41bf5e?s=96&d=mm&r=g","width":96,"height":96,"caption":"El Digital de Asturias"}},{"@type":"WebPage","@id":"https:\/\/www.eldigitaldeasturias.com\/noticias\/la-policia-descarta-la-presencia-en-gijon-de-una-banda-de-secuestradores\/#webpage","url":"https:\/\/www.eldigitaldeasturias.com\/noticias\/la-policia-descarta-la-presencia-en-gijon-de-una-banda-de-secuestradores\/","name":"La Polic\u00eda descarta la presencia en Gij\u00f3n de una banda de secuestradores - El Digital de Asturias","description":"Gij\u00f3n, 7 feb (EFE).- La Polic\u00eda Nacional ha descartado la presencia en Gij\u00f3n de un grupo criminal dedicado al secuestro de menores y ha afirmado que se trata de un bulo difundido en Internet que ha generado gran alarma social entre la ciudadan\u00eda. En las \u00faltimas semanas se hab\u00edan difundido a trav\u00e9s de las redes","inLanguage":"es-ES","isPartOf":{"@id":"https:\/\/www.eldigitaldeasturias.com\/noticias\/#website"},"breadcrumb":{"@id":"https:\/\/www.eldigitaldeasturias.com\/noticias\/la-policia-descarta-la-presencia-en-gijon-de-una-banda-de-secuestradores\/#breadcrumblist"},"author":{"@id":"https:\/\/www.eldigitaldeasturias.com\/noticias\/author\/admin\/#author"},"creator":{"@id":"https:\/\/www.eldigitaldeasturias.com\/noticias\/author\/admin\/#author"},"image":{"@type":"ImageObject","url":455587,"@id":"https:\/\/www.eldigitaldeasturias.com\/noticias\/la-policia-descarta-la-presencia-en-gijon-de-una-banda-de-secuestradores\/#mainImage"},"primaryImageOfPage":{"@id":"https:\/\/www.eldigitaldeasturias.com\/noticias\/la-policia-descarta-la-presencia-en-gijon-de-una-banda-de-secuestradores\/#mainImage"},"datePublished":"2014-02-07T19:48:53+01:00","dateModified":"2014-02-07T19:49:04+01:00"},{"@type":"WebSite","@id":"https:\/\/www.eldigitaldeasturias.com\/noticias\/#website","url":"https:\/\/www.eldigitaldeasturias.com\/noticias\/","name":"El Digital de Asturias - Diario de actualidad y noticias","alternateName":"El Digital de Asturias - Diario de actualidad y noticias","description":"Hemeroteca","inLanguage":"es-ES","publisher":{"@id":"https:\/\/www.eldigitaldeasturias.com\/noticias\/#organization"}}]},"og:locale":"es_ES","og:site_name":"El Digital de Asturias","og:type":"article","og:title":"La Polic\u00eda descarta la presencia en Gij\u00f3n de una banda de secuestradores - El Digital de Asturias","og:description":"Gij\u00f3n, 7 feb (EFE).- La Polic\u00eda Nacional ha descartado la presencia en Gij\u00f3n de un grupo criminal dedicado al secuestro de menores y ha afirmado que se trata de un bulo difundido en Internet que ha generado gran alarma social entre la ciudadan\u00eda. En las \u00faltimas semanas se hab\u00edan difundido a trav\u00e9s de las redes","og:url":"https:\/\/www.eldigitaldeasturias.com\/noticias\/la-policia-descarta-la-presencia-en-gijon-de-una-banda-de-secuestradores\/","article:tag":["actualidad","actualidad asturias"],"article:published_time":"2014-02-07T20:48:53+00:00","article:modified_time":"2014-02-07T20:49:04+00:00","article:publisher":"https:\/\/facebook.com\/eldigitaldeasturias","twitter:card":"summary_large_image","twitter:title":"La Polic\u00eda descarta la presencia en Gij\u00f3n de una banda de secuestradores - El Digital de Asturias","twitter:description":"Gij\u00f3n, 7 feb (EFE).- La Polic\u00eda Nacional ha descartado la presencia en Gij\u00f3n de un grupo criminal dedicado al secuestro de menores y ha afirmado que se trata de un bulo difundido en Internet que ha generado gran alarma social entre la ciudadan\u00eda. En las \u00faltimas semanas se hab\u00edan difundido a trav\u00e9s de las redes","twitter:label1":"Escrito por","twitter:data1":"El Digital de Asturias","twitter:label2":"Tiempo de lectura estimado","twitter:data2":"3 minutos"},"aioseo_meta_data":{"post_id":"485973","title":null,"description":null,"keywords":null,"keyphrases":null,"primary_term":null,"canonical_url":null,"og_title":null,"og_description":null,"og_object_type":"default","og_image_type":"default","og_image_url":null,"og_image_width":null,"og_image_height":null,"og_image_custom_url":null,"og_image_custom_fields":null,"og_video":null,"og_custom_url":null,"og_article_section":null,"og_article_tags":null,"twitter_use_og":true,"twitter_card":"default","twitter_image_type":"default","twitter_image_url":null,"twitter_image_custom_url":null,"twitter_image_custom_fields":null,"twitter_title":null,"twitter_description":null,"schema":{"blockGraphs":[],"customGraphs":[],"default":{"data":{"Article":[],"Course":[],"Dataset":[],"FAQPage":[],"Movie":[],"Person":[],"Product":[],"ProductReview":[],"Car":[],"Recipe":[],"Service":[],"SoftwareApplication":[],"WebPage":[]},"graphName":"","isEnabled":true},"graphs":[],"defaultGraph":"","defaultPostTypeGraph":""},"schema_type":null,"schema_type_options":null,"pillar_content":false,"robots_default":true,"robots_noindex":false,"robots_noarchive":false,"robots_nosnippet":false,"robots_nofollow":false,"robots_noimageindex":false,"robots_noodp":false,"robots_notranslate":false,"robots_max_snippet":null,"robots_max_videopreview":null,"robots_max_imagepreview":"none","priority":null,"frequency":null,"local_seo":null,"seo_analyzer_scan_date":"2026-06-02 22:50:56","breadcrumb_settings":null,"limit_modified_date":false,"open_ai":null,"ai":null,"created":"2020-11-14 22:56:01","updated":"2026-06-02 22:50:56","focus_keyword":null,"additional_keywords":null,"truseo_locale":null},"aioseo_breadcrumb":"<div class=\"aioseo-breadcrumbs\"><span class=\"aioseo-breadcrumb\">\n\t<a href=\"https:\/\/www.eldigitaldeasturias.com\/noticias\" title=\"Home\">Home<\/a>\n<\/span><span class=\"aioseo-breadcrumb-separator\">\u2013<\/span><span class=\"aioseo-breadcrumb\">\n\t<a href=\"https:\/\/www.eldigitaldeasturias.com\/noticias\/category\/actualidad\/\" title=\"Actualidad\">Actualidad<\/a>\n<\/span><span class=\"aioseo-breadcrumb-separator\">\u2013<\/span><span class=\"aioseo-breadcrumb\">\n\t<a href=\"https:\/\/www.eldigitaldeasturias.com\/noticias\/la-policia-descarta-la-presencia-en-gijon-de-una-banda-de-secuestradores\/\" title=\"La Polic\u00eda descarta la presencia en Gij\u00f3n de una banda de secuestradores\">La Polic\u00eda descarta la presencia en Gij\u00f3n de una banda de secuestradores<\/a>\n<\/span><\/div>","aioseo_breadcrumb_json":[{"label":"Home","link":"https:\/\/www.eldigitaldeasturias.com\/noticias"},{"label":"Actualidad","link":"https:\/\/www.eldigitaldeasturias.com\/noticias\/category\/actualidad\/"},{"label":"La Polic\u00eda descarta la presencia en Gij\u00f3n de una banda de secuestradores","link":"https:\/\/www.eldigitaldeasturias.com\/noticias\/la-policia-descarta-la-presencia-en-gijon-de-una-banda-de-secuestradores\/"}],"_links":{"self":[{"href":"https:\/\/www.eldigitaldeasturias.com\/noticias\/wp-json\/wp\/v2\/posts\/485973","targetHints":{"allow":["GET"]}}],"collection":[{"href":"https:\/\/www.eldigitaldeasturias.com\/noticias\/wp-json\/wp\/v2\/posts"}],"about":[{"href":"https:\/\/www.eldigitaldeasturias.com\/noticias\/wp-json\/wp\/v2\/types\/post"}],"author":[{"embeddable":true,"href":"https:\/\/www.eldigitaldeasturias.com\/noticias\/wp-json\/wp\/v2\/users\/1"}],"replies":[{"embeddable":true,"href":"https:\/\/www.eldigitaldeasturias.com\/noticias\/wp-json\/wp\/v2\/comments?post=485973"}],"version-history":[{"count":0,"href":"https:\/\/www.eldigitaldeasturias.com\/noticias\/wp-json\/wp\/v2\/posts\/485973\/revisions"}],"wp:attachment":[{"href":"https:\/\/www.eldigitaldeasturias.com\/noticias\/wp-json\/wp\/v2\/media?parent=485973"}],"wp:term":[{"taxonomy":"category","embeddable":true,"href":"https:\/\/www.eldigitaldeasturias.com\/noticias\/wp-json\/wp\/v2\/categories?post=485973"},{"taxonomy":"post_tag","embeddable":true,"href":"https:\/\/www.eldigitaldeasturias.com\/noticias\/wp-json\/wp\/v2\/tags?post=485973"}],"curies":[{"name":"wp","href":"https:\/\/api.w.org\/{rel}","templated":true}]}}