{"id":485931,"date":"2014-02-07T18:18:38","date_gmt":"2014-02-07T19:18:38","guid":{"rendered":"http:\/\/www.eldigitaldeasturias.com\/noticias\/?p=485931"},"modified":"2014-02-07T18:18:38","modified_gmt":"2014-02-07T19:18:38","slug":"las-exportaciones-alemanas-cayeron-un-02-por-ciento-en-2013-por-la-crisis-del-euro","status":"publish","type":"post","link":"https:\/\/www.eldigitaldeasturias.com\/noticias\/las-exportaciones-alemanas-cayeron-un-02-por-ciento-en-2013-por-la-crisis-del-euro\/","title":{"rendered":"Las exportaciones alemanas cayeron un 0,2 por ciento en 2013 por la crisis del euro"},"content":{"rendered":"<p><img loading=\"lazy\" decoding=\"async\" class=\"alignleft size-medium wp-image-485932\" alt=\"5919256w\" src=\"https:\/\/www.eldigitaldeasturias.com\/noticias\/wp-content\/uploads\/2014\/02\/5919256w-360x250.jpg\" width=\"360\" height=\"250\" \/>Berl\u00edn, 7 feb (EFE).- Las exportaciones alemanas cayeron en el conjunto de 2013 un 0,2 % con respecto al a\u00f1o anterior debido al derrumbe de la demanda de los pa\u00edses de la zona del euro, lastrados por la crisis.<\/p>\n<p>La Oficina Federal de Estad\u00edstica (Destatis) anunci\u00f3 hoy, bas\u00e1ndose en datos provisionales, que las importaciones de la mayor econom\u00eda europea cedieron asimismo en el conjunto del a\u00f1o pasado un 1,2 millones de euros.<\/p>\n<p>En valores absolutos, Alemania vendi\u00f3 en el extranjero bienes y servicios por valor de casi 1,094 billones de euros, a la vez que adquiri\u00f3 en el exterior productos por 0,89 billones, seg\u00fan el comunicado de Destatis.<\/p>\n<p>As\u00ed, el super\u00e1vit exterior de Alemania se situ\u00f3 en 198.900 millones de euros, la mayor cifra de la que se tiene registro en este pa\u00eds, un tradicional exportador.<\/p>\n<p>No obstante, este m\u00e1ximo estuvo m\u00e1s relacionado con la ca\u00edda de las importaciones que con el comportamiento de las exportaciones.<\/p>\n<p>El mayor super\u00e1vit comercial hasta la fecha eran los 195.300 millones de euros logrados por Alemania en 2007, justo antes de que estallase la crisis financiera global.<\/p>\n<p>La leve contracci\u00f3n de las exportaciones alemanas en 2013 se debi\u00f3 a la ca\u00edda de la demanda en los pa\u00edses que comparten el euro, a los que van dirigidos alrededor del 40 % de los bienes y servicios que Alemania factura m\u00e1s all\u00e1 de sus fronteras.<\/p>\n<p>Seg\u00fan Destatis, las exportaciones a la zona del euro disminuyeron en 2013 un 1,2 % en comparaci\u00f3n con el ejercicio anterior, hasta 401.900 millones.<\/p>\n<p>En diciembre, las ventas alemanas m\u00e1s all\u00e1 de sus fronteras cayeron un 0,9 % con respecto al mes anterior, hasta 82.200 millones de euros, mientras que las compras en el extranjero se contrajeron un 0,6 %, hasta 68.000 millones de euros.<\/p>\n","protected":false},"excerpt":{"rendered":"<p>Berl\u00edn, 7 feb (EFE).- Las exportaciones alemanas cayeron en el conjunto de 2013 un 0,2 % con respecto al a\u00f1o anterior debido al derrumbe de la demanda de los pa\u00edses de la zona del euro, lastrados por la crisis. La Oficina Federal de Estad\u00edstica (Destatis) anunci\u00f3 hoy, bas\u00e1ndose en datos provisionales, que las importaciones de [&hellip;]<\/p>\n","protected":false},"author":1,"featured_media":485932,"comment_status":"closed","ping_status":"open","sticky":false,"template":"","format":"standard","meta":{"footnotes":""},"categories":[1],"tags":[],"class_list":["post-485931","post","type-post","status-publish","format-standard","has-post-thumbnail","hentry","category-actualidad"],"aioseo_notices":[],"aioseo_head":"\n\t\t<!-- All in One SEO Pro 5.0.1 - aioseo.com -->\n\t<meta name=\"description\" content=\"Berl\u00edn, 7 feb (EFE).- Las exportaciones alemanas cayeron en el conjunto de 2013 un 0,2 % con respecto al a\u00f1o anterior debido al derrumbe de la demanda de los pa\u00edses de la zona del euro, lastrados por la crisis. La Oficina Federal de Estad\u00edstica (Destatis) anunci\u00f3 hoy, bas\u00e1ndose en datos provisionales, que las importaciones de\" \/>\n\t<meta name=\"robots\" content=\"max-image-preview:large\" \/>\n\t<meta name=\"author\" content=\"El Digital de Asturias\"\/>\n\t<meta name=\"google-site-verification\" content=\"UA-38556648-1\" \/>\n\t<meta name=\"msvalidate.01\" content=\"7dfe9f3f1b24437ab69f4f2559babe99\" \/>\n\t<meta name=\"keywords\" content=\"actualidad\" \/>\n\t<link rel=\"canonical\" href=\"https:\/\/www.eldigitaldeasturias.com\/noticias\/las-exportaciones-alemanas-cayeron-un-02-por-ciento-en-2013-por-la-crisis-del-euro\/\" \/>\n\t<meta name=\"generator\" content=\"All in One SEO Pro (AIOSEO) 5.0.1\" \/>\n\t\t<meta property=\"og:locale\" content=\"es_ES\" \/>\n\t\t<meta property=\"og:site_name\" content=\"El Digital de Asturias\" \/>\n\t\t<meta property=\"og:type\" content=\"article\" \/>\n\t\t<meta property=\"og:title\" content=\"Las exportaciones alemanas cayeron un 0,2 por ciento en 2013 por la crisis del euro - El Digital de Asturias\" \/>\n\t\t<meta property=\"og:description\" content=\"Berl\u00edn, 7 feb (EFE).- Las exportaciones alemanas cayeron en el conjunto de 2013 un 0,2 % con respecto al a\u00f1o anterior debido al derrumbe de la demanda de los pa\u00edses de la zona del euro, lastrados por la crisis. La Oficina Federal de Estad\u00edstica (Destatis) anunci\u00f3 hoy, bas\u00e1ndose en datos provisionales, que las importaciones de\" \/>\n\t\t<meta property=\"og:url\" content=\"https:\/\/www.eldigitaldeasturias.com\/noticias\/las-exportaciones-alemanas-cayeron-un-02-por-ciento-en-2013-por-la-crisis-del-euro\/\" \/>\n\t\t<meta property=\"article:tag\" content=\"actualidad\" \/>\n\t\t<meta property=\"article:published_time\" content=\"2014-02-07T19:18:38+00:00\" \/>\n\t\t<meta property=\"article:modified_time\" content=\"2014-02-07T19:18:38+00:00\" \/>\n\t\t<meta property=\"article:publisher\" content=\"https:\/\/facebook.com\/eldigitaldeasturias\" \/>\n\t\t<meta name=\"twitter:card\" content=\"summary_large_image\" \/>\n\t\t<meta name=\"twitter:title\" content=\"Las exportaciones alemanas cayeron un 0,2 por ciento en 2013 por la crisis del euro - El Digital de Asturias\" \/>\n\t\t<meta name=\"twitter:description\" content=\"Berl\u00edn, 7 feb (EFE).- Las exportaciones alemanas cayeron en el conjunto de 2013 un 0,2 % con respecto al a\u00f1o anterior debido al derrumbe de la demanda de los pa\u00edses de la zona del euro, lastrados por la crisis. La Oficina Federal de Estad\u00edstica (Destatis) anunci\u00f3 hoy, bas\u00e1ndose en datos provisionales, que las importaciones de\" \/>\n\t\t<meta name=\"twitter:label1\" content=\"Escrito por\" \/>\n\t\t<meta name=\"twitter:data1\" content=\"El Digital de Asturias\" \/>\n\t\t<meta name=\"twitter:label2\" content=\"Tiempo de lectura estimado\" \/>\n\t\t<meta name=\"twitter:data2\" content=\"1 minuto\" \/>\n\t\t<script type=\"application\/ld+json\" class=\"aioseo-schema\">\n\t\t\t{\"@context\":\"https:\\\/\\\/schema.org\",\"@graph\":[{\"@type\":\"BlogPosting\",\"@id\":\"https:\\\/\\\/www.eldigitaldeasturias.com\\\/noticias\\\/las-exportaciones-alemanas-cayeron-un-02-por-ciento-en-2013-por-la-crisis-del-euro\\\/#blogposting\",\"name\":\"Las exportaciones alemanas cayeron un 0,2 por ciento en 2013 por la crisis del euro - El Digital de Asturias\",\"headline\":\"Las exportaciones alemanas cayeron un 0,2 por ciento en 2013 por la crisis del euro\",\"author\":{\"@id\":\"https:\\\/\\\/www.eldigitaldeasturias.com\\\/noticias\\\/author\\\/admin\\\/#author\"},\"publisher\":{\"@id\":\"https:\\\/\\\/www.eldigitaldeasturias.com\\\/noticias\\\/#organization\"},\"image\":{\"@type\":\"ImageObject\",\"url\":485932},\"datePublished\":\"2014-02-07T18:18:38+01:00\",\"dateModified\":\"2014-02-07T18:18:38+01:00\",\"inLanguage\":\"es-ES\",\"mainEntityOfPage\":{\"@id\":\"https:\\\/\\\/www.eldigitaldeasturias.com\\\/noticias\\\/las-exportaciones-alemanas-cayeron-un-02-por-ciento-en-2013-por-la-crisis-del-euro\\\/#webpage\"},\"isPartOf\":{\"@id\":\"https:\\\/\\\/www.eldigitaldeasturias.com\\\/noticias\\\/las-exportaciones-alemanas-cayeron-un-02-por-ciento-en-2013-por-la-crisis-del-euro\\\/#webpage\"},\"articleSection\":\"Actualidad\"},{\"@type\":\"BreadcrumbList\",\"@id\":\"https:\\\/\\\/www.eldigitaldeasturias.com\\\/noticias\\\/las-exportaciones-alemanas-cayeron-un-02-por-ciento-en-2013-por-la-crisis-del-euro\\\/#breadcrumblist\",\"itemListElement\":[{\"@type\":\"ListItem\",\"@id\":\"https:\\\/\\\/www.eldigitaldeasturias.com\\\/noticias#listItem\",\"position\":1,\"name\":\"Home\",\"item\":\"https:\\\/\\\/www.eldigitaldeasturias.com\\\/noticias\",\"nextItem\":{\"@type\":\"ListItem\",\"@id\":\"https:\\\/\\\/www.eldigitaldeasturias.com\\\/noticias\\\/category\\\/actualidad\\\/#listItem\",\"name\":\"Actualidad\"}},{\"@type\":\"ListItem\",\"@id\":\"https:\\\/\\\/www.eldigitaldeasturias.com\\\/noticias\\\/category\\\/actualidad\\\/#listItem\",\"position\":2,\"name\":\"Actualidad\",\"item\":\"https:\\\/\\\/www.eldigitaldeasturias.com\\\/noticias\\\/category\\\/actualidad\\\/\",\"nextItem\":{\"@type\":\"ListItem\",\"@id\":\"https:\\\/\\\/www.eldigitaldeasturias.com\\\/noticias\\\/las-exportaciones-alemanas-cayeron-un-02-por-ciento-en-2013-por-la-crisis-del-euro\\\/#listItem\",\"name\":\"Las exportaciones alemanas cayeron un 0,2 por ciento en 2013 por la crisis del euro\"},\"previousItem\":{\"@type\":\"ListItem\",\"@id\":\"https:\\\/\\\/www.eldigitaldeasturias.com\\\/noticias#listItem\",\"name\":\"Home\"}},{\"@type\":\"ListItem\",\"@id\":\"https:\\\/\\\/www.eldigitaldeasturias.com\\\/noticias\\\/las-exportaciones-alemanas-cayeron-un-02-por-ciento-en-2013-por-la-crisis-del-euro\\\/#listItem\",\"position\":3,\"name\":\"Las exportaciones alemanas cayeron un 0,2 por ciento en 2013 por la crisis del euro\",\"previousItem\":{\"@type\":\"ListItem\",\"@id\":\"https:\\\/\\\/www.eldigitaldeasturias.com\\\/noticias\\\/category\\\/actualidad\\\/#listItem\",\"name\":\"Actualidad\"}}]},{\"@type\":\"Organization\",\"@id\":\"https:\\\/\\\/www.eldigitaldeasturias.com\\\/noticias\\\/#organization\",\"name\":\"El Digital de Asturias\",\"description\":\"Hemeroteca\",\"url\":\"https:\\\/\\\/www.eldigitaldeasturias.com\\\/noticias\\\/\",\"email\":\"info@eldigitaldeasturias.com\",\"telephone\":\"+34652131393\",\"logo\":{\"@type\":\"ImageObject\",\"url\":\"https:\\\/\\\/www.eldigitaldeasturias.com\\\/noticias\\\/wp-content\\\/uploads\\\/2020\\\/12\\\/EDA.jpg\",\"@id\":\"https:\\\/\\\/www.eldigitaldeasturias.com\\\/noticias\\\/las-exportaciones-alemanas-cayeron-un-02-por-ciento-en-2013-por-la-crisis-del-euro\\\/#organizationLogo\"},\"image\":{\"@id\":\"https:\\\/\\\/www.eldigitaldeasturias.com\\\/noticias\\\/las-exportaciones-alemanas-cayeron-un-02-por-ciento-en-2013-por-la-crisis-del-euro\\\/#organizationLogo\"},\"sameAs\":[\"https:\\\/\\\/facebook.com\\\/eldigitaldeasturias\",\"https:\\\/\\\/www.youtube.com\\\/channel\\\/UCZP-2wLEB9Rv6erhFmqVnvg\"],\"address\":{\"@id\":\"https:\\\/\\\/www.eldigitaldeasturias.com\\\/noticias\\\/#postaladdress\",\"@type\":\"PostalAddress\",\"streetAddress\":\"san antonio 4\",\"postalCode\":\"33430\",\"addressLocality\":\"Cand\\u00e1s\",\"addressRegion\":\"Asturias\",\"addressCountry\":\"ES\"}},{\"@type\":\"Person\",\"@id\":\"https:\\\/\\\/www.eldigitaldeasturias.com\\\/noticias\\\/author\\\/admin\\\/#author\",\"url\":\"https:\\\/\\\/www.eldigitaldeasturias.com\\\/noticias\\\/author\\\/admin\\\/\",\"name\":\"El Digital de Asturias\",\"image\":{\"@type\":\"ImageObject\",\"@id\":\"https:\\\/\\\/www.eldigitaldeasturias.com\\\/noticias\\\/las-exportaciones-alemanas-cayeron-un-02-por-ciento-en-2013-por-la-crisis-del-euro\\\/#authorImage\",\"url\":\"https:\\\/\\\/secure.gravatar.com\\\/avatar\\\/df2aeffc32bcd13f8d26072ef8a91b623d677766deac7f97ca815868cd41bf5e?s=96&d=mm&r=g\",\"width\":96,\"height\":96,\"caption\":\"El Digital de Asturias\"}},{\"@type\":\"WebPage\",\"@id\":\"https:\\\/\\\/www.eldigitaldeasturias.com\\\/noticias\\\/las-exportaciones-alemanas-cayeron-un-02-por-ciento-en-2013-por-la-crisis-del-euro\\\/#webpage\",\"url\":\"https:\\\/\\\/www.eldigitaldeasturias.com\\\/noticias\\\/las-exportaciones-alemanas-cayeron-un-02-por-ciento-en-2013-por-la-crisis-del-euro\\\/\",\"name\":\"Las exportaciones alemanas cayeron un 0,2 por ciento en 2013 por la crisis del euro - El Digital de Asturias\",\"description\":\"Berl\\u00edn, 7 feb (EFE).- Las exportaciones alemanas cayeron en el conjunto de 2013 un 0,2 % con respecto al a\\u00f1o anterior debido al derrumbe de la demanda de los pa\\u00edses de la zona del euro, lastrados por la crisis. La Oficina Federal de Estad\\u00edstica (Destatis) anunci\\u00f3 hoy, bas\\u00e1ndose en datos provisionales, que las importaciones de\",\"inLanguage\":\"es-ES\",\"isPartOf\":{\"@id\":\"https:\\\/\\\/www.eldigitaldeasturias.com\\\/noticias\\\/#website\"},\"breadcrumb\":{\"@id\":\"https:\\\/\\\/www.eldigitaldeasturias.com\\\/noticias\\\/las-exportaciones-alemanas-cayeron-un-02-por-ciento-en-2013-por-la-crisis-del-euro\\\/#breadcrumblist\"},\"author\":{\"@id\":\"https:\\\/\\\/www.eldigitaldeasturias.com\\\/noticias\\\/author\\\/admin\\\/#author\"},\"creator\":{\"@id\":\"https:\\\/\\\/www.eldigitaldeasturias.com\\\/noticias\\\/author\\\/admin\\\/#author\"},\"image\":{\"@type\":\"ImageObject\",\"url\":485932,\"@id\":\"https:\\\/\\\/www.eldigitaldeasturias.com\\\/noticias\\\/las-exportaciones-alemanas-cayeron-un-02-por-ciento-en-2013-por-la-crisis-del-euro\\\/#mainImage\"},\"primaryImageOfPage\":{\"@id\":\"https:\\\/\\\/www.eldigitaldeasturias.com\\\/noticias\\\/las-exportaciones-alemanas-cayeron-un-02-por-ciento-en-2013-por-la-crisis-del-euro\\\/#mainImage\"},\"datePublished\":\"2014-02-07T18:18:38+01:00\",\"dateModified\":\"2014-02-07T18:18:38+01:00\"},{\"@type\":\"WebSite\",\"@id\":\"https:\\\/\\\/www.eldigitaldeasturias.com\\\/noticias\\\/#website\",\"url\":\"https:\\\/\\\/www.eldigitaldeasturias.com\\\/noticias\\\/\",\"name\":\"El Digital de Asturias - Diario de actualidad y noticias\",\"alternateName\":\"El Digital de Asturias - Diario de actualidad y noticias\",\"description\":\"Hemeroteca\",\"inLanguage\":\"es-ES\",\"publisher\":{\"@id\":\"https:\\\/\\\/www.eldigitaldeasturias.com\\\/noticias\\\/#organization\"}}]}\n\t\t<\/script>\n\t\t<!-- All in One SEO Pro -->\r\n\t\t<title>Las exportaciones alemanas cayeron un 0,2 por ciento en 2013 por la crisis del euro - El Digital de Asturias<\/title>\n\n","aioseo_head_json":{"title":"Las exportaciones alemanas cayeron un 0,2 por ciento en 2013 por la crisis del euro - El Digital de Asturias","description":"Berl\u00edn, 7 feb (EFE).- Las exportaciones alemanas cayeron en el conjunto de 2013 un 0,2 % con respecto al a\u00f1o anterior debido al derrumbe de la demanda de los pa\u00edses de la zona del euro, lastrados por la crisis. La Oficina Federal de Estad\u00edstica (Destatis) anunci\u00f3 hoy, bas\u00e1ndose en datos provisionales, que las importaciones de","canonical_url":"https:\/\/www.eldigitaldeasturias.com\/noticias\/las-exportaciones-alemanas-cayeron-un-02-por-ciento-en-2013-por-la-crisis-del-euro\/","robots":"max-image-preview:large","keywords":"actualidad","webmasterTools":{"google-site-verification":"UA-38556648-1","msvalidate.01":"7dfe9f3f1b24437ab69f4f2559babe99","miscellaneous":""},"schema":{"@context":"https:\/\/schema.org","@graph":[{"@type":"BlogPosting","@id":"https:\/\/www.eldigitaldeasturias.com\/noticias\/las-exportaciones-alemanas-cayeron-un-02-por-ciento-en-2013-por-la-crisis-del-euro\/#blogposting","name":"Las exportaciones alemanas cayeron un 0,2 por ciento en 2013 por la crisis del euro - El Digital de Asturias","headline":"Las exportaciones alemanas cayeron un 0,2 por ciento en 2013 por la crisis del euro","author":{"@id":"https:\/\/www.eldigitaldeasturias.com\/noticias\/author\/admin\/#author"},"publisher":{"@id":"https:\/\/www.eldigitaldeasturias.com\/noticias\/#organization"},"image":{"@type":"ImageObject","url":485932},"datePublished":"2014-02-07T18:18:38+01:00","dateModified":"2014-02-07T18:18:38+01:00","inLanguage":"es-ES","mainEntityOfPage":{"@id":"https:\/\/www.eldigitaldeasturias.com\/noticias\/las-exportaciones-alemanas-cayeron-un-02-por-ciento-en-2013-por-la-crisis-del-euro\/#webpage"},"isPartOf":{"@id":"https:\/\/www.eldigitaldeasturias.com\/noticias\/las-exportaciones-alemanas-cayeron-un-02-por-ciento-en-2013-por-la-crisis-del-euro\/#webpage"},"articleSection":"Actualidad"},{"@type":"BreadcrumbList","@id":"https:\/\/www.eldigitaldeasturias.com\/noticias\/las-exportaciones-alemanas-cayeron-un-02-por-ciento-en-2013-por-la-crisis-del-euro\/#breadcrumblist","itemListElement":[{"@type":"ListItem","@id":"https:\/\/www.eldigitaldeasturias.com\/noticias#listItem","position":1,"name":"Home","item":"https:\/\/www.eldigitaldeasturias.com\/noticias","nextItem":{"@type":"ListItem","@id":"https:\/\/www.eldigitaldeasturias.com\/noticias\/category\/actualidad\/#listItem","name":"Actualidad"}},{"@type":"ListItem","@id":"https:\/\/www.eldigitaldeasturias.com\/noticias\/category\/actualidad\/#listItem","position":2,"name":"Actualidad","item":"https:\/\/www.eldigitaldeasturias.com\/noticias\/category\/actualidad\/","nextItem":{"@type":"ListItem","@id":"https:\/\/www.eldigitaldeasturias.com\/noticias\/las-exportaciones-alemanas-cayeron-un-02-por-ciento-en-2013-por-la-crisis-del-euro\/#listItem","name":"Las exportaciones alemanas cayeron un 0,2 por ciento en 2013 por la crisis del euro"},"previousItem":{"@type":"ListItem","@id":"https:\/\/www.eldigitaldeasturias.com\/noticias#listItem","name":"Home"}},{"@type":"ListItem","@id":"https:\/\/www.eldigitaldeasturias.com\/noticias\/las-exportaciones-alemanas-cayeron-un-02-por-ciento-en-2013-por-la-crisis-del-euro\/#listItem","position":3,"name":"Las exportaciones alemanas cayeron un 0,2 por ciento en 2013 por la crisis del euro","previousItem":{"@type":"ListItem","@id":"https:\/\/www.eldigitaldeasturias.com\/noticias\/category\/actualidad\/#listItem","name":"Actualidad"}}]},{"@type":"Organization","@id":"https:\/\/www.eldigitaldeasturias.com\/noticias\/#organization","name":"El Digital de Asturias","description":"Hemeroteca","url":"https:\/\/www.eldigitaldeasturias.com\/noticias\/","email":"info@eldigitaldeasturias.com","telephone":"+34652131393","logo":{"@type":"ImageObject","url":"https:\/\/www.eldigitaldeasturias.com\/noticias\/wp-content\/uploads\/2020\/12\/EDA.jpg","@id":"https:\/\/www.eldigitaldeasturias.com\/noticias\/las-exportaciones-alemanas-cayeron-un-02-por-ciento-en-2013-por-la-crisis-del-euro\/#organizationLogo"},"image":{"@id":"https:\/\/www.eldigitaldeasturias.com\/noticias\/las-exportaciones-alemanas-cayeron-un-02-por-ciento-en-2013-por-la-crisis-del-euro\/#organizationLogo"},"sameAs":["https:\/\/facebook.com\/eldigitaldeasturias","https:\/\/www.youtube.com\/channel\/UCZP-2wLEB9Rv6erhFmqVnvg"],"address":{"@id":"https:\/\/www.eldigitaldeasturias.com\/noticias\/#postaladdress","@type":"PostalAddress","streetAddress":"san antonio 4","postalCode":"33430","addressLocality":"Cand\u00e1s","addressRegion":"Asturias","addressCountry":"ES"}},{"@type":"Person","@id":"https:\/\/www.eldigitaldeasturias.com\/noticias\/author\/admin\/#author","url":"https:\/\/www.eldigitaldeasturias.com\/noticias\/author\/admin\/","name":"El Digital de Asturias","image":{"@type":"ImageObject","@id":"https:\/\/www.eldigitaldeasturias.com\/noticias\/las-exportaciones-alemanas-cayeron-un-02-por-ciento-en-2013-por-la-crisis-del-euro\/#authorImage","url":"https:\/\/secure.gravatar.com\/avatar\/df2aeffc32bcd13f8d26072ef8a91b623d677766deac7f97ca815868cd41bf5e?s=96&d=mm&r=g","width":96,"height":96,"caption":"El Digital de Asturias"}},{"@type":"WebPage","@id":"https:\/\/www.eldigitaldeasturias.com\/noticias\/las-exportaciones-alemanas-cayeron-un-02-por-ciento-en-2013-por-la-crisis-del-euro\/#webpage","url":"https:\/\/www.eldigitaldeasturias.com\/noticias\/las-exportaciones-alemanas-cayeron-un-02-por-ciento-en-2013-por-la-crisis-del-euro\/","name":"Las exportaciones alemanas cayeron un 0,2 por ciento en 2013 por la crisis del euro - El Digital de Asturias","description":"Berl\u00edn, 7 feb (EFE).- Las exportaciones alemanas cayeron en el conjunto de 2013 un 0,2 % con respecto al a\u00f1o anterior debido al derrumbe de la demanda de los pa\u00edses de la zona del euro, lastrados por la crisis. La Oficina Federal de Estad\u00edstica (Destatis) anunci\u00f3 hoy, bas\u00e1ndose en datos provisionales, que las importaciones de","inLanguage":"es-ES","isPartOf":{"@id":"https:\/\/www.eldigitaldeasturias.com\/noticias\/#website"},"breadcrumb":{"@id":"https:\/\/www.eldigitaldeasturias.com\/noticias\/las-exportaciones-alemanas-cayeron-un-02-por-ciento-en-2013-por-la-crisis-del-euro\/#breadcrumblist"},"author":{"@id":"https:\/\/www.eldigitaldeasturias.com\/noticias\/author\/admin\/#author"},"creator":{"@id":"https:\/\/www.eldigitaldeasturias.com\/noticias\/author\/admin\/#author"},"image":{"@type":"ImageObject","url":485932,"@id":"https:\/\/www.eldigitaldeasturias.com\/noticias\/las-exportaciones-alemanas-cayeron-un-02-por-ciento-en-2013-por-la-crisis-del-euro\/#mainImage"},"primaryImageOfPage":{"@id":"https:\/\/www.eldigitaldeasturias.com\/noticias\/las-exportaciones-alemanas-cayeron-un-02-por-ciento-en-2013-por-la-crisis-del-euro\/#mainImage"},"datePublished":"2014-02-07T18:18:38+01:00","dateModified":"2014-02-07T18:18:38+01:00"},{"@type":"WebSite","@id":"https:\/\/www.eldigitaldeasturias.com\/noticias\/#website","url":"https:\/\/www.eldigitaldeasturias.com\/noticias\/","name":"El Digital de Asturias - Diario de actualidad y noticias","alternateName":"El Digital de Asturias - Diario de actualidad y noticias","description":"Hemeroteca","inLanguage":"es-ES","publisher":{"@id":"https:\/\/www.eldigitaldeasturias.com\/noticias\/#organization"}}]},"og:locale":"es_ES","og:site_name":"El Digital de Asturias","og:type":"article","og:title":"Las exportaciones alemanas cayeron un 0,2 por ciento en 2013 por la crisis del euro - El Digital de Asturias","og:description":"Berl\u00edn, 7 feb (EFE).- Las exportaciones alemanas cayeron en el conjunto de 2013 un 0,2 % con respecto al a\u00f1o anterior debido al derrumbe de la demanda de los pa\u00edses de la zona del euro, lastrados por la crisis. La Oficina Federal de Estad\u00edstica (Destatis) anunci\u00f3 hoy, bas\u00e1ndose en datos provisionales, que las importaciones de","og:url":"https:\/\/www.eldigitaldeasturias.com\/noticias\/las-exportaciones-alemanas-cayeron-un-02-por-ciento-en-2013-por-la-crisis-del-euro\/","article:tag":["actualidad"],"article:published_time":"2014-02-07T19:18:38+00:00","article:modified_time":"2014-02-07T19:18:38+00:00","article:publisher":"https:\/\/facebook.com\/eldigitaldeasturias","twitter:card":"summary_large_image","twitter:title":"Las exportaciones alemanas cayeron un 0,2 por ciento en 2013 por la crisis del euro - El Digital de Asturias","twitter:description":"Berl\u00edn, 7 feb (EFE).- Las exportaciones alemanas cayeron en el conjunto de 2013 un 0,2 % con respecto al a\u00f1o anterior debido al derrumbe de la demanda de los pa\u00edses de la zona del euro, lastrados por la crisis. La Oficina Federal de Estad\u00edstica (Destatis) anunci\u00f3 hoy, bas\u00e1ndose en datos provisionales, que las importaciones de","twitter:label1":"Escrito por","twitter:data1":"El Digital de Asturias","twitter:label2":"Tiempo de lectura estimado","twitter:data2":"1 minuto"},"aioseo_meta_data":{"post_id":"485931","title":null,"description":null,"keywords":null,"keyphrases":null,"primary_term":null,"canonical_url":null,"og_title":null,"og_description":null,"og_object_type":"default","og_image_type":"default","og_image_url":null,"og_image_width":null,"og_image_height":null,"og_image_custom_url":null,"og_image_custom_fields":null,"og_video":null,"og_custom_url":null,"og_article_section":null,"og_article_tags":null,"twitter_use_og":true,"twitter_card":"default","twitter_image_type":"default","twitter_image_url":null,"twitter_image_custom_url":null,"twitter_image_custom_fields":null,"twitter_title":null,"twitter_description":null,"schema":{"blockGraphs":[],"customGraphs":[],"default":{"data":{"Article":[],"Course":[],"Dataset":[],"FAQPage":[],"Movie":[],"Person":[],"Product":[],"ProductReview":[],"Car":[],"Recipe":[],"Service":[],"SoftwareApplication":[],"WebPage":[]},"graphName":"","isEnabled":true},"graphs":[],"defaultGraph":"","defaultPostTypeGraph":""},"schema_type":null,"schema_type_options":null,"pillar_content":false,"robots_default":true,"robots_noindex":false,"robots_noarchive":false,"robots_nosnippet":false,"robots_nofollow":false,"robots_noimageindex":false,"robots_noodp":false,"robots_notranslate":false,"robots_max_snippet":null,"robots_max_videopreview":null,"robots_max_imagepreview":"none","priority":null,"frequency":null,"local_seo":null,"seo_analyzer_scan_date":"2026-06-02 22:36:50","breadcrumb_settings":null,"limit_modified_date":false,"open_ai":null,"ai":null,"created":"2020-11-14 22:56:01","updated":"2026-06-02 22:36:50","focus_keyword":null,"additional_keywords":null,"truseo_locale":null},"aioseo_breadcrumb":"<div class=\"aioseo-breadcrumbs\"><span class=\"aioseo-breadcrumb\">\n\t<a href=\"https:\/\/www.eldigitaldeasturias.com\/noticias\" title=\"Home\">Home<\/a>\n<\/span><span class=\"aioseo-breadcrumb-separator\">\u2013<\/span><span class=\"aioseo-breadcrumb\">\n\t<a href=\"https:\/\/www.eldigitaldeasturias.com\/noticias\/category\/actualidad\/\" title=\"Actualidad\">Actualidad<\/a>\n<\/span><span class=\"aioseo-breadcrumb-separator\">\u2013<\/span><span class=\"aioseo-breadcrumb\">\n\t<a href=\"https:\/\/www.eldigitaldeasturias.com\/noticias\/las-exportaciones-alemanas-cayeron-un-02-por-ciento-en-2013-por-la-crisis-del-euro\/\" title=\"Las exportaciones alemanas cayeron un 0,2 por ciento en 2013 por la crisis del euro\">Las exportaciones alemanas cayeron un 0,2 por ciento en 2013 por la crisis del euro<\/a>\n<\/span><\/div>","aioseo_breadcrumb_json":[{"label":"Home","link":"https:\/\/www.eldigitaldeasturias.com\/noticias"},{"label":"Actualidad","link":"https:\/\/www.eldigitaldeasturias.com\/noticias\/category\/actualidad\/"},{"label":"Las exportaciones alemanas cayeron un 0,2 por ciento en 2013 por la crisis del euro","link":"https:\/\/www.eldigitaldeasturias.com\/noticias\/las-exportaciones-alemanas-cayeron-un-02-por-ciento-en-2013-por-la-crisis-del-euro\/"}],"_links":{"self":[{"href":"https:\/\/www.eldigitaldeasturias.com\/noticias\/wp-json\/wp\/v2\/posts\/485931","targetHints":{"allow":["GET"]}}],"collection":[{"href":"https:\/\/www.eldigitaldeasturias.com\/noticias\/wp-json\/wp\/v2\/posts"}],"about":[{"href":"https:\/\/www.eldigitaldeasturias.com\/noticias\/wp-json\/wp\/v2\/types\/post"}],"author":[{"embeddable":true,"href":"https:\/\/www.eldigitaldeasturias.com\/noticias\/wp-json\/wp\/v2\/users\/1"}],"replies":[{"embeddable":true,"href":"https:\/\/www.eldigitaldeasturias.com\/noticias\/wp-json\/wp\/v2\/comments?post=485931"}],"version-history":[{"count":0,"href":"https:\/\/www.eldigitaldeasturias.com\/noticias\/wp-json\/wp\/v2\/posts\/485931\/revisions"}],"wp:attachment":[{"href":"https:\/\/www.eldigitaldeasturias.com\/noticias\/wp-json\/wp\/v2\/media?parent=485931"}],"wp:term":[{"taxonomy":"category","embeddable":true,"href":"https:\/\/www.eldigitaldeasturias.com\/noticias\/wp-json\/wp\/v2\/categories?post=485931"},{"taxonomy":"post_tag","embeddable":true,"href":"https:\/\/www.eldigitaldeasturias.com\/noticias\/wp-json\/wp\/v2\/tags?post=485931"}],"curies":[{"name":"wp","href":"https:\/\/api.w.org\/{rel}","templated":true}]}}