{"id":485922,"date":"2014-02-07T18:15:39","date_gmt":"2014-02-07T19:15:39","guid":{"rendered":"http:\/\/www.eldigitaldeasturias.com\/noticias\/?p=485922"},"modified":"2014-02-07T18:15:39","modified_gmt":"2014-02-07T19:15:39","slug":"hallan-cuatro-cabezas-humanas-en-una-zona-indigena-de-michoacan","status":"publish","type":"post","link":"https:\/\/www.eldigitaldeasturias.com\/noticias\/hallan-cuatro-cabezas-humanas-en-una-zona-indigena-de-michoacan\/","title":{"rendered":"Hallan cuatro cabezas humanas en una zona ind\u00edgena de Michoac\u00e1n"},"content":{"rendered":"<p><img loading=\"lazy\" decoding=\"async\" class=\"alignleft size-medium wp-image-485923\" alt=\"5919179w\" src=\"https:\/\/www.eldigitaldeasturias.com\/noticias\/wp-content\/uploads\/2014\/02\/5919179w-360x244.jpg\" width=\"360\" height=\"244\" \/>Morelia (M\u00e9xico), 6 ene (EFE).- Las autoridades mexicanas identificaron a las cuatro personas cuyas cabezas fueron halladas el jueves en una zona ind\u00edgena del estado de Michoac\u00e1n, donde se realizaron excavaciones en b\u00fasqueda de fosas clandestinas, inform\u00f3 la fiscal\u00eda estatal.<\/p>\n<p>Las cabezas corresponden a cuatro ind\u00edgenas de la etnia pur\u00e9pecha, la principal del estado, quienes desaparecieron la madrugada del mi\u00e9rcoles.<\/p>\n<p>Una de las cabezas corresponde a Bulmaro Herrera Rinc\u00f3n, de 55 a\u00f1os de edad, mientras que otras dos son de los hermanos Alejandro y No\u00e9 \u00c1lvarez Gonz\u00e1lez, de 22 y 24 a\u00f1os respectivamente. La \u00faltima v\u00edctima fue identificada \u00fanicamente con el nombre de \u00abJuan\u00bb.<\/p>\n<p>Las cuatro cabezas fueron encontradas en el interior de bolsas de pl\u00e1stico y un costal de yute cerca de un templo cat\u00f3lico de la comunidad pur\u00e9pecha de Zac\u00e1n, en el municipio de Los Reyes, precis\u00f3 la Procuradur\u00eda de Justicia (fiscal\u00eda) de Michoac\u00e1n.<\/p>\n<p>Familiares de las v\u00edctimas dijeron a la fiscal\u00eda que los cuatro desaparecieron la madrugada del mi\u00e9rcoles cuando se dirig\u00edan a bordo de una camioneta desde la comunidad de La Palma, en Los Reyes, al poblado ind\u00edgena de Cocucho, en el municipio de Charapan.<\/p>\n<p>Las v\u00edctimas ten\u00edan el encargo de comprar una vaca para preparar la comida de las festividades en honor a la Virgen de la Natividad, a quien los pobladores encomiendan sus actividades en el campo.<\/p>\n<p>El pasado lunes fueron localizadas las cabezas de dos hombres junto con un mensaje de una organizaci\u00f3n del crimen organizado en el poblado de Ant\u00fanez, tambi\u00e9n en el suroccidental estado de Michoac\u00e1n.<\/p>\n<p>Paralelamente, en un hecho no relacionado, la polic\u00eda mexicana encontr\u00f3 los restos de tres cuerpos humanos enterrados en fosas clandestinas en el municipio de Amacuzac, en el central estado de Morelos, en avanzado estado de descomposici\u00f3n, y que seg\u00fan datos preliminares corresponden a dos hombres y una mujer.<\/p>\n<p>Polic\u00edas ministeriales realizaron excavaciones en dos predios ubicados entre los municipios de Los Reyes y Ting\u00fcind\u00edn, donde encontraron restos \u00f3seos de supuestas v\u00edctimas de narcotraficantes.<\/p>\n<p>Estanislao Beltr\u00e1n, uno de los l\u00edderes de los grupos civiles de autodefensa que tomaron las armas para combatir al c\u00e1rtel de Los Caballeros Templarios, dijo a Efe que las autoridades comenzaron la b\u00fasqueda a partir del testimonio de un sicario identificado como \u00abEl Marino\u00bb, presunto responsable de deshacer cad\u00e1veres en \u00e1cido y esparcir los restos en los predios.<\/p>\n<p>\u00abEl Marino\u00bb, capturado tras un enfrentamiento a balazos en Los Reyes entre los \u00abtemplarios\u00bb y las autodefensas, declar\u00f3 que en una fosa habr\u00eda restos calcinados de 19 v\u00edctimas de los narcotraficantes y en la otra, los de cinco personas m\u00e1s.<\/p>\n<p>Polic\u00edas federales detuvieron el mi\u00e9rcoles en el municipio de Apatzing\u00e1n, principal feudo de los \u00abtemplarios\u00bb, a Jes\u00fas S\u00e1nchez Huerta, alias \u00abChucho el descuartizador\u00bb y presunto miembro del c\u00e1rtel, quien se encargaba de desaparecer a las v\u00edctimas de la agrupaci\u00f3n.<\/p>\n<p>Los Caballeros Templarios surgieron en 2011 como una escisi\u00f3n del c\u00e1rtel de la Familia Michoacana y son se\u00f1alados como responsables de la producci\u00f3n de drogas naturales y sint\u00e9ticas que luego exportan a Estados Unidos, pero tambi\u00e9n se dedican a delitos como la extorsi\u00f3n, el secuestro y el homicidio.<\/p>\n<p>Ante el deterioro de la situaci\u00f3n y el vac\u00edo de autoridad en Michoac\u00e1n, grupos civiles tomaron las armas en el \u00faltimo a\u00f1o para hacer frente a esa organizaci\u00f3n criminal y poco a poco se han extendido hasta operar ya en 22 de los 113 municipios del estado.<\/p>\n<p>La expansi\u00f3n de las autodefensas y los enfrentamientos con los \u00abtemplarios\u00bb llevaron al Gobierno federal mexicano a lanzar hace tres semanas un vasto operativo militar que ya permiti\u00f3 la captura de Dionicio Loya Plancarte, alias \u00abEl T\u00edo\u00bb, uno de los principales l\u00edderes de la banda criminal.<\/p>\n","protected":false},"excerpt":{"rendered":"<p>Morelia (M\u00e9xico), 6 ene (EFE).- Las autoridades mexicanas identificaron a las cuatro personas cuyas cabezas fueron halladas el jueves en una zona ind\u00edgena del estado de Michoac\u00e1n, donde se realizaron excavaciones en b\u00fasqueda de fosas clandestinas, inform\u00f3 la fiscal\u00eda estatal. Las cabezas corresponden a cuatro ind\u00edgenas de la etnia pur\u00e9pecha, la principal del estado, quienes [&hellip;]<\/p>\n","protected":false},"author":1,"featured_media":485923,"comment_status":"closed","ping_status":"open","sticky":false,"template":"","format":"standard","meta":{"footnotes":""},"categories":[1],"tags":[],"class_list":["post-485922","post","type-post","status-publish","format-standard","has-post-thumbnail","hentry","category-actualidad"],"aioseo_notices":[],"aioseo_head":"\n\t\t<!-- All in One SEO Pro 5.0.1 - aioseo.com -->\n\t<meta name=\"description\" content=\"Morelia (M\u00e9xico), 6 ene (EFE).- Las autoridades mexicanas identificaron a las cuatro personas cuyas cabezas fueron halladas el jueves en una zona ind\u00edgena del estado de Michoac\u00e1n, donde se realizaron excavaciones en b\u00fasqueda de fosas clandestinas, inform\u00f3 la fiscal\u00eda estatal. Las cabezas corresponden a cuatro ind\u00edgenas de la etnia pur\u00e9pecha, la principal del estado, quienes\" \/>\n\t<meta name=\"robots\" content=\"max-image-preview:large\" \/>\n\t<meta name=\"author\" content=\"El Digital de Asturias\"\/>\n\t<meta name=\"google-site-verification\" content=\"UA-38556648-1\" \/>\n\t<meta name=\"msvalidate.01\" content=\"7dfe9f3f1b24437ab69f4f2559babe99\" \/>\n\t<meta name=\"keywords\" content=\"actualidad\" \/>\n\t<link rel=\"canonical\" href=\"https:\/\/www.eldigitaldeasturias.com\/noticias\/hallan-cuatro-cabezas-humanas-en-una-zona-indigena-de-michoacan\/\" \/>\n\t<meta name=\"generator\" content=\"All in One SEO Pro (AIOSEO) 5.0.1\" \/>\n\t\t<meta property=\"og:locale\" content=\"es_ES\" \/>\n\t\t<meta property=\"og:site_name\" content=\"El Digital de Asturias\" \/>\n\t\t<meta property=\"og:type\" content=\"article\" \/>\n\t\t<meta property=\"og:title\" content=\"Hallan cuatro cabezas humanas en una zona ind\u00edgena de Michoac\u00e1n - El Digital de Asturias\" \/>\n\t\t<meta property=\"og:description\" content=\"Morelia (M\u00e9xico), 6 ene (EFE).- Las autoridades mexicanas identificaron a las cuatro personas cuyas cabezas fueron halladas el jueves en una zona ind\u00edgena del estado de Michoac\u00e1n, donde se realizaron excavaciones en b\u00fasqueda de fosas clandestinas, inform\u00f3 la fiscal\u00eda estatal. Las cabezas corresponden a cuatro ind\u00edgenas de la etnia pur\u00e9pecha, la principal del estado, quienes\" \/>\n\t\t<meta property=\"og:url\" content=\"https:\/\/www.eldigitaldeasturias.com\/noticias\/hallan-cuatro-cabezas-humanas-en-una-zona-indigena-de-michoacan\/\" \/>\n\t\t<meta property=\"article:tag\" content=\"actualidad\" \/>\n\t\t<meta property=\"article:published_time\" content=\"2014-02-07T19:15:39+00:00\" \/>\n\t\t<meta property=\"article:modified_time\" content=\"2014-02-07T19:15:39+00:00\" \/>\n\t\t<meta property=\"article:publisher\" content=\"https:\/\/facebook.com\/eldigitaldeasturias\" \/>\n\t\t<meta name=\"twitter:card\" content=\"summary_large_image\" \/>\n\t\t<meta name=\"twitter:title\" content=\"Hallan cuatro cabezas humanas en una zona ind\u00edgena de Michoac\u00e1n - El Digital de Asturias\" \/>\n\t\t<meta name=\"twitter:description\" content=\"Morelia (M\u00e9xico), 6 ene (EFE).- Las autoridades mexicanas identificaron a las cuatro personas cuyas cabezas fueron halladas el jueves en una zona ind\u00edgena del estado de Michoac\u00e1n, donde se realizaron excavaciones en b\u00fasqueda de fosas clandestinas, inform\u00f3 la fiscal\u00eda estatal. Las cabezas corresponden a cuatro ind\u00edgenas de la etnia pur\u00e9pecha, la principal del estado, quienes\" \/>\n\t\t<meta name=\"twitter:label1\" content=\"Escrito por\" \/>\n\t\t<meta name=\"twitter:data1\" content=\"El Digital de Asturias\" \/>\n\t\t<meta name=\"twitter:label2\" content=\"Tiempo de lectura estimado\" \/>\n\t\t<meta name=\"twitter:data2\" content=\"3 minutos\" \/>\n\t\t<script type=\"application\/ld+json\" class=\"aioseo-schema\">\n\t\t\t{\"@context\":\"https:\\\/\\\/schema.org\",\"@graph\":[{\"@type\":\"BlogPosting\",\"@id\":\"https:\\\/\\\/www.eldigitaldeasturias.com\\\/noticias\\\/hallan-cuatro-cabezas-humanas-en-una-zona-indigena-de-michoacan\\\/#blogposting\",\"name\":\"Hallan cuatro cabezas humanas en una zona ind\\u00edgena de Michoac\\u00e1n - El Digital de Asturias\",\"headline\":\"Hallan cuatro cabezas humanas en una zona ind\\u00edgena de Michoac\\u00e1n\",\"author\":{\"@id\":\"https:\\\/\\\/www.eldigitaldeasturias.com\\\/noticias\\\/author\\\/admin\\\/#author\"},\"publisher\":{\"@id\":\"https:\\\/\\\/www.eldigitaldeasturias.com\\\/noticias\\\/#organization\"},\"image\":{\"@type\":\"ImageObject\",\"url\":485923},\"datePublished\":\"2014-02-07T18:15:39+01:00\",\"dateModified\":\"2014-02-07T18:15:39+01:00\",\"inLanguage\":\"es-ES\",\"mainEntityOfPage\":{\"@id\":\"https:\\\/\\\/www.eldigitaldeasturias.com\\\/noticias\\\/hallan-cuatro-cabezas-humanas-en-una-zona-indigena-de-michoacan\\\/#webpage\"},\"isPartOf\":{\"@id\":\"https:\\\/\\\/www.eldigitaldeasturias.com\\\/noticias\\\/hallan-cuatro-cabezas-humanas-en-una-zona-indigena-de-michoacan\\\/#webpage\"},\"articleSection\":\"Actualidad\"},{\"@type\":\"BreadcrumbList\",\"@id\":\"https:\\\/\\\/www.eldigitaldeasturias.com\\\/noticias\\\/hallan-cuatro-cabezas-humanas-en-una-zona-indigena-de-michoacan\\\/#breadcrumblist\",\"itemListElement\":[{\"@type\":\"ListItem\",\"@id\":\"https:\\\/\\\/www.eldigitaldeasturias.com\\\/noticias#listItem\",\"position\":1,\"name\":\"Home\",\"item\":\"https:\\\/\\\/www.eldigitaldeasturias.com\\\/noticias\",\"nextItem\":{\"@type\":\"ListItem\",\"@id\":\"https:\\\/\\\/www.eldigitaldeasturias.com\\\/noticias\\\/category\\\/actualidad\\\/#listItem\",\"name\":\"Actualidad\"}},{\"@type\":\"ListItem\",\"@id\":\"https:\\\/\\\/www.eldigitaldeasturias.com\\\/noticias\\\/category\\\/actualidad\\\/#listItem\",\"position\":2,\"name\":\"Actualidad\",\"item\":\"https:\\\/\\\/www.eldigitaldeasturias.com\\\/noticias\\\/category\\\/actualidad\\\/\",\"nextItem\":{\"@type\":\"ListItem\",\"@id\":\"https:\\\/\\\/www.eldigitaldeasturias.com\\\/noticias\\\/hallan-cuatro-cabezas-humanas-en-una-zona-indigena-de-michoacan\\\/#listItem\",\"name\":\"Hallan cuatro cabezas humanas en una zona ind\\u00edgena de Michoac\\u00e1n\"},\"previousItem\":{\"@type\":\"ListItem\",\"@id\":\"https:\\\/\\\/www.eldigitaldeasturias.com\\\/noticias#listItem\",\"name\":\"Home\"}},{\"@type\":\"ListItem\",\"@id\":\"https:\\\/\\\/www.eldigitaldeasturias.com\\\/noticias\\\/hallan-cuatro-cabezas-humanas-en-una-zona-indigena-de-michoacan\\\/#listItem\",\"position\":3,\"name\":\"Hallan cuatro cabezas humanas en una zona ind\\u00edgena de Michoac\\u00e1n\",\"previousItem\":{\"@type\":\"ListItem\",\"@id\":\"https:\\\/\\\/www.eldigitaldeasturias.com\\\/noticias\\\/category\\\/actualidad\\\/#listItem\",\"name\":\"Actualidad\"}}]},{\"@type\":\"Organization\",\"@id\":\"https:\\\/\\\/www.eldigitaldeasturias.com\\\/noticias\\\/#organization\",\"name\":\"El Digital de Asturias\",\"description\":\"Hemeroteca\",\"url\":\"https:\\\/\\\/www.eldigitaldeasturias.com\\\/noticias\\\/\",\"email\":\"info@eldigitaldeasturias.com\",\"telephone\":\"+34652131393\",\"logo\":{\"@type\":\"ImageObject\",\"url\":\"https:\\\/\\\/www.eldigitaldeasturias.com\\\/noticias\\\/wp-content\\\/uploads\\\/2020\\\/12\\\/EDA.jpg\",\"@id\":\"https:\\\/\\\/www.eldigitaldeasturias.com\\\/noticias\\\/hallan-cuatro-cabezas-humanas-en-una-zona-indigena-de-michoacan\\\/#organizationLogo\"},\"image\":{\"@id\":\"https:\\\/\\\/www.eldigitaldeasturias.com\\\/noticias\\\/hallan-cuatro-cabezas-humanas-en-una-zona-indigena-de-michoacan\\\/#organizationLogo\"},\"sameAs\":[\"https:\\\/\\\/facebook.com\\\/eldigitaldeasturias\",\"https:\\\/\\\/www.youtube.com\\\/channel\\\/UCZP-2wLEB9Rv6erhFmqVnvg\"],\"address\":{\"@id\":\"https:\\\/\\\/www.eldigitaldeasturias.com\\\/noticias\\\/#postaladdress\",\"@type\":\"PostalAddress\",\"streetAddress\":\"san antonio 4\",\"postalCode\":\"33430\",\"addressLocality\":\"Cand\\u00e1s\",\"addressRegion\":\"Asturias\",\"addressCountry\":\"ES\"}},{\"@type\":\"Person\",\"@id\":\"https:\\\/\\\/www.eldigitaldeasturias.com\\\/noticias\\\/author\\\/admin\\\/#author\",\"url\":\"https:\\\/\\\/www.eldigitaldeasturias.com\\\/noticias\\\/author\\\/admin\\\/\",\"name\":\"El Digital de Asturias\",\"image\":{\"@type\":\"ImageObject\",\"@id\":\"https:\\\/\\\/www.eldigitaldeasturias.com\\\/noticias\\\/hallan-cuatro-cabezas-humanas-en-una-zona-indigena-de-michoacan\\\/#authorImage\",\"url\":\"https:\\\/\\\/secure.gravatar.com\\\/avatar\\\/df2aeffc32bcd13f8d26072ef8a91b623d677766deac7f97ca815868cd41bf5e?s=96&d=mm&r=g\",\"width\":96,\"height\":96,\"caption\":\"El Digital de Asturias\"}},{\"@type\":\"WebPage\",\"@id\":\"https:\\\/\\\/www.eldigitaldeasturias.com\\\/noticias\\\/hallan-cuatro-cabezas-humanas-en-una-zona-indigena-de-michoacan\\\/#webpage\",\"url\":\"https:\\\/\\\/www.eldigitaldeasturias.com\\\/noticias\\\/hallan-cuatro-cabezas-humanas-en-una-zona-indigena-de-michoacan\\\/\",\"name\":\"Hallan cuatro cabezas humanas en una zona ind\\u00edgena de Michoac\\u00e1n - El Digital de Asturias\",\"description\":\"Morelia (M\\u00e9xico), 6 ene (EFE).- Las autoridades mexicanas identificaron a las cuatro personas cuyas cabezas fueron halladas el jueves en una zona ind\\u00edgena del estado de Michoac\\u00e1n, donde se realizaron excavaciones en b\\u00fasqueda de fosas clandestinas, inform\\u00f3 la fiscal\\u00eda estatal. Las cabezas corresponden a cuatro ind\\u00edgenas de la etnia pur\\u00e9pecha, la principal del estado, quienes\",\"inLanguage\":\"es-ES\",\"isPartOf\":{\"@id\":\"https:\\\/\\\/www.eldigitaldeasturias.com\\\/noticias\\\/#website\"},\"breadcrumb\":{\"@id\":\"https:\\\/\\\/www.eldigitaldeasturias.com\\\/noticias\\\/hallan-cuatro-cabezas-humanas-en-una-zona-indigena-de-michoacan\\\/#breadcrumblist\"},\"author\":{\"@id\":\"https:\\\/\\\/www.eldigitaldeasturias.com\\\/noticias\\\/author\\\/admin\\\/#author\"},\"creator\":{\"@id\":\"https:\\\/\\\/www.eldigitaldeasturias.com\\\/noticias\\\/author\\\/admin\\\/#author\"},\"image\":{\"@type\":\"ImageObject\",\"url\":485923,\"@id\":\"https:\\\/\\\/www.eldigitaldeasturias.com\\\/noticias\\\/hallan-cuatro-cabezas-humanas-en-una-zona-indigena-de-michoacan\\\/#mainImage\"},\"primaryImageOfPage\":{\"@id\":\"https:\\\/\\\/www.eldigitaldeasturias.com\\\/noticias\\\/hallan-cuatro-cabezas-humanas-en-una-zona-indigena-de-michoacan\\\/#mainImage\"},\"datePublished\":\"2014-02-07T18:15:39+01:00\",\"dateModified\":\"2014-02-07T18:15:39+01:00\"},{\"@type\":\"WebSite\",\"@id\":\"https:\\\/\\\/www.eldigitaldeasturias.com\\\/noticias\\\/#website\",\"url\":\"https:\\\/\\\/www.eldigitaldeasturias.com\\\/noticias\\\/\",\"name\":\"El Digital de Asturias - Diario de actualidad y noticias\",\"alternateName\":\"El Digital de Asturias - Diario de actualidad y noticias\",\"description\":\"Hemeroteca\",\"inLanguage\":\"es-ES\",\"publisher\":{\"@id\":\"https:\\\/\\\/www.eldigitaldeasturias.com\\\/noticias\\\/#organization\"}}]}\n\t\t<\/script>\n\t\t<!-- All in One SEO Pro -->\r\n\t\t<title>Hallan cuatro cabezas humanas en una zona ind\u00edgena de Michoac\u00e1n - El Digital de Asturias<\/title>\n\n","aioseo_head_json":{"title":"Hallan cuatro cabezas humanas en una zona ind\u00edgena de Michoac\u00e1n - El Digital de Asturias","description":"Morelia (M\u00e9xico), 6 ene (EFE).- Las autoridades mexicanas identificaron a las cuatro personas cuyas cabezas fueron halladas el jueves en una zona ind\u00edgena del estado de Michoac\u00e1n, donde se realizaron excavaciones en b\u00fasqueda de fosas clandestinas, inform\u00f3 la fiscal\u00eda estatal. Las cabezas corresponden a cuatro ind\u00edgenas de la etnia pur\u00e9pecha, la principal del estado, quienes","canonical_url":"https:\/\/www.eldigitaldeasturias.com\/noticias\/hallan-cuatro-cabezas-humanas-en-una-zona-indigena-de-michoacan\/","robots":"max-image-preview:large","keywords":"actualidad","webmasterTools":{"google-site-verification":"UA-38556648-1","msvalidate.01":"7dfe9f3f1b24437ab69f4f2559babe99","miscellaneous":""},"schema":{"@context":"https:\/\/schema.org","@graph":[{"@type":"BlogPosting","@id":"https:\/\/www.eldigitaldeasturias.com\/noticias\/hallan-cuatro-cabezas-humanas-en-una-zona-indigena-de-michoacan\/#blogposting","name":"Hallan cuatro cabezas humanas en una zona ind\u00edgena de Michoac\u00e1n - El Digital de Asturias","headline":"Hallan cuatro cabezas humanas en una zona ind\u00edgena de Michoac\u00e1n","author":{"@id":"https:\/\/www.eldigitaldeasturias.com\/noticias\/author\/admin\/#author"},"publisher":{"@id":"https:\/\/www.eldigitaldeasturias.com\/noticias\/#organization"},"image":{"@type":"ImageObject","url":485923},"datePublished":"2014-02-07T18:15:39+01:00","dateModified":"2014-02-07T18:15:39+01:00","inLanguage":"es-ES","mainEntityOfPage":{"@id":"https:\/\/www.eldigitaldeasturias.com\/noticias\/hallan-cuatro-cabezas-humanas-en-una-zona-indigena-de-michoacan\/#webpage"},"isPartOf":{"@id":"https:\/\/www.eldigitaldeasturias.com\/noticias\/hallan-cuatro-cabezas-humanas-en-una-zona-indigena-de-michoacan\/#webpage"},"articleSection":"Actualidad"},{"@type":"BreadcrumbList","@id":"https:\/\/www.eldigitaldeasturias.com\/noticias\/hallan-cuatro-cabezas-humanas-en-una-zona-indigena-de-michoacan\/#breadcrumblist","itemListElement":[{"@type":"ListItem","@id":"https:\/\/www.eldigitaldeasturias.com\/noticias#listItem","position":1,"name":"Home","item":"https:\/\/www.eldigitaldeasturias.com\/noticias","nextItem":{"@type":"ListItem","@id":"https:\/\/www.eldigitaldeasturias.com\/noticias\/category\/actualidad\/#listItem","name":"Actualidad"}},{"@type":"ListItem","@id":"https:\/\/www.eldigitaldeasturias.com\/noticias\/category\/actualidad\/#listItem","position":2,"name":"Actualidad","item":"https:\/\/www.eldigitaldeasturias.com\/noticias\/category\/actualidad\/","nextItem":{"@type":"ListItem","@id":"https:\/\/www.eldigitaldeasturias.com\/noticias\/hallan-cuatro-cabezas-humanas-en-una-zona-indigena-de-michoacan\/#listItem","name":"Hallan cuatro cabezas humanas en una zona ind\u00edgena de Michoac\u00e1n"},"previousItem":{"@type":"ListItem","@id":"https:\/\/www.eldigitaldeasturias.com\/noticias#listItem","name":"Home"}},{"@type":"ListItem","@id":"https:\/\/www.eldigitaldeasturias.com\/noticias\/hallan-cuatro-cabezas-humanas-en-una-zona-indigena-de-michoacan\/#listItem","position":3,"name":"Hallan cuatro cabezas humanas en una zona ind\u00edgena de Michoac\u00e1n","previousItem":{"@type":"ListItem","@id":"https:\/\/www.eldigitaldeasturias.com\/noticias\/category\/actualidad\/#listItem","name":"Actualidad"}}]},{"@type":"Organization","@id":"https:\/\/www.eldigitaldeasturias.com\/noticias\/#organization","name":"El Digital de Asturias","description":"Hemeroteca","url":"https:\/\/www.eldigitaldeasturias.com\/noticias\/","email":"info@eldigitaldeasturias.com","telephone":"+34652131393","logo":{"@type":"ImageObject","url":"https:\/\/www.eldigitaldeasturias.com\/noticias\/wp-content\/uploads\/2020\/12\/EDA.jpg","@id":"https:\/\/www.eldigitaldeasturias.com\/noticias\/hallan-cuatro-cabezas-humanas-en-una-zona-indigena-de-michoacan\/#organizationLogo"},"image":{"@id":"https:\/\/www.eldigitaldeasturias.com\/noticias\/hallan-cuatro-cabezas-humanas-en-una-zona-indigena-de-michoacan\/#organizationLogo"},"sameAs":["https:\/\/facebook.com\/eldigitaldeasturias","https:\/\/www.youtube.com\/channel\/UCZP-2wLEB9Rv6erhFmqVnvg"],"address":{"@id":"https:\/\/www.eldigitaldeasturias.com\/noticias\/#postaladdress","@type":"PostalAddress","streetAddress":"san antonio 4","postalCode":"33430","addressLocality":"Cand\u00e1s","addressRegion":"Asturias","addressCountry":"ES"}},{"@type":"Person","@id":"https:\/\/www.eldigitaldeasturias.com\/noticias\/author\/admin\/#author","url":"https:\/\/www.eldigitaldeasturias.com\/noticias\/author\/admin\/","name":"El Digital de Asturias","image":{"@type":"ImageObject","@id":"https:\/\/www.eldigitaldeasturias.com\/noticias\/hallan-cuatro-cabezas-humanas-en-una-zona-indigena-de-michoacan\/#authorImage","url":"https:\/\/secure.gravatar.com\/avatar\/df2aeffc32bcd13f8d26072ef8a91b623d677766deac7f97ca815868cd41bf5e?s=96&d=mm&r=g","width":96,"height":96,"caption":"El Digital de Asturias"}},{"@type":"WebPage","@id":"https:\/\/www.eldigitaldeasturias.com\/noticias\/hallan-cuatro-cabezas-humanas-en-una-zona-indigena-de-michoacan\/#webpage","url":"https:\/\/www.eldigitaldeasturias.com\/noticias\/hallan-cuatro-cabezas-humanas-en-una-zona-indigena-de-michoacan\/","name":"Hallan cuatro cabezas humanas en una zona ind\u00edgena de Michoac\u00e1n - El Digital de Asturias","description":"Morelia (M\u00e9xico), 6 ene (EFE).- Las autoridades mexicanas identificaron a las cuatro personas cuyas cabezas fueron halladas el jueves en una zona ind\u00edgena del estado de Michoac\u00e1n, donde se realizaron excavaciones en b\u00fasqueda de fosas clandestinas, inform\u00f3 la fiscal\u00eda estatal. Las cabezas corresponden a cuatro ind\u00edgenas de la etnia pur\u00e9pecha, la principal del estado, quienes","inLanguage":"es-ES","isPartOf":{"@id":"https:\/\/www.eldigitaldeasturias.com\/noticias\/#website"},"breadcrumb":{"@id":"https:\/\/www.eldigitaldeasturias.com\/noticias\/hallan-cuatro-cabezas-humanas-en-una-zona-indigena-de-michoacan\/#breadcrumblist"},"author":{"@id":"https:\/\/www.eldigitaldeasturias.com\/noticias\/author\/admin\/#author"},"creator":{"@id":"https:\/\/www.eldigitaldeasturias.com\/noticias\/author\/admin\/#author"},"image":{"@type":"ImageObject","url":485923,"@id":"https:\/\/www.eldigitaldeasturias.com\/noticias\/hallan-cuatro-cabezas-humanas-en-una-zona-indigena-de-michoacan\/#mainImage"},"primaryImageOfPage":{"@id":"https:\/\/www.eldigitaldeasturias.com\/noticias\/hallan-cuatro-cabezas-humanas-en-una-zona-indigena-de-michoacan\/#mainImage"},"datePublished":"2014-02-07T18:15:39+01:00","dateModified":"2014-02-07T18:15:39+01:00"},{"@type":"WebSite","@id":"https:\/\/www.eldigitaldeasturias.com\/noticias\/#website","url":"https:\/\/www.eldigitaldeasturias.com\/noticias\/","name":"El Digital de Asturias - Diario de actualidad y noticias","alternateName":"El Digital de Asturias - Diario de actualidad y noticias","description":"Hemeroteca","inLanguage":"es-ES","publisher":{"@id":"https:\/\/www.eldigitaldeasturias.com\/noticias\/#organization"}}]},"og:locale":"es_ES","og:site_name":"El Digital de Asturias","og:type":"article","og:title":"Hallan cuatro cabezas humanas en una zona ind\u00edgena de Michoac\u00e1n - El Digital de Asturias","og:description":"Morelia (M\u00e9xico), 6 ene (EFE).- Las autoridades mexicanas identificaron a las cuatro personas cuyas cabezas fueron halladas el jueves en una zona ind\u00edgena del estado de Michoac\u00e1n, donde se realizaron excavaciones en b\u00fasqueda de fosas clandestinas, inform\u00f3 la fiscal\u00eda estatal. Las cabezas corresponden a cuatro ind\u00edgenas de la etnia pur\u00e9pecha, la principal del estado, quienes","og:url":"https:\/\/www.eldigitaldeasturias.com\/noticias\/hallan-cuatro-cabezas-humanas-en-una-zona-indigena-de-michoacan\/","article:tag":["actualidad"],"article:published_time":"2014-02-07T19:15:39+00:00","article:modified_time":"2014-02-07T19:15:39+00:00","article:publisher":"https:\/\/facebook.com\/eldigitaldeasturias","twitter:card":"summary_large_image","twitter:title":"Hallan cuatro cabezas humanas en una zona ind\u00edgena de Michoac\u00e1n - El Digital de Asturias","twitter:description":"Morelia (M\u00e9xico), 6 ene (EFE).- Las autoridades mexicanas identificaron a las cuatro personas cuyas cabezas fueron halladas el jueves en una zona ind\u00edgena del estado de Michoac\u00e1n, donde se realizaron excavaciones en b\u00fasqueda de fosas clandestinas, inform\u00f3 la fiscal\u00eda estatal. Las cabezas corresponden a cuatro ind\u00edgenas de la etnia pur\u00e9pecha, la principal del estado, quienes","twitter:label1":"Escrito por","twitter:data1":"El Digital de Asturias","twitter:label2":"Tiempo de lectura estimado","twitter:data2":"3 minutos"},"aioseo_meta_data":{"post_id":"485922","title":null,"description":null,"keywords":null,"keyphrases":null,"primary_term":null,"canonical_url":null,"og_title":null,"og_description":null,"og_object_type":"default","og_image_type":"default","og_image_url":null,"og_image_width":null,"og_image_height":null,"og_image_custom_url":null,"og_image_custom_fields":null,"og_video":null,"og_custom_url":null,"og_article_section":null,"og_article_tags":null,"twitter_use_og":true,"twitter_card":"default","twitter_image_type":"default","twitter_image_url":null,"twitter_image_custom_url":null,"twitter_image_custom_fields":null,"twitter_title":null,"twitter_description":null,"schema":{"blockGraphs":[],"customGraphs":[],"default":{"data":{"Article":[],"Course":[],"Dataset":[],"FAQPage":[],"Movie":[],"Person":[],"Product":[],"ProductReview":[],"Car":[],"Recipe":[],"Service":[],"SoftwareApplication":[],"WebPage":[]},"graphName":"","isEnabled":true},"graphs":[],"defaultGraph":"","defaultPostTypeGraph":""},"schema_type":null,"schema_type_options":null,"pillar_content":false,"robots_default":true,"robots_noindex":false,"robots_noarchive":false,"robots_nosnippet":false,"robots_nofollow":false,"robots_noimageindex":false,"robots_noodp":false,"robots_notranslate":false,"robots_max_snippet":null,"robots_max_videopreview":null,"robots_max_imagepreview":"none","priority":null,"frequency":null,"local_seo":null,"seo_analyzer_scan_date":"2026-06-02 22:33:55","breadcrumb_settings":null,"limit_modified_date":false,"open_ai":null,"ai":null,"created":"2020-11-14 22:56:01","updated":"2026-06-02 22:33:55","focus_keyword":null,"additional_keywords":null,"truseo_locale":null},"aioseo_breadcrumb":"<div class=\"aioseo-breadcrumbs\"><span class=\"aioseo-breadcrumb\">\n\t<a href=\"https:\/\/www.eldigitaldeasturias.com\/noticias\" title=\"Home\">Home<\/a>\n<\/span><span class=\"aioseo-breadcrumb-separator\">\u2013<\/span><span class=\"aioseo-breadcrumb\">\n\t<a href=\"https:\/\/www.eldigitaldeasturias.com\/noticias\/category\/actualidad\/\" title=\"Actualidad\">Actualidad<\/a>\n<\/span><span class=\"aioseo-breadcrumb-separator\">\u2013<\/span><span class=\"aioseo-breadcrumb\">\n\t<a href=\"https:\/\/www.eldigitaldeasturias.com\/noticias\/hallan-cuatro-cabezas-humanas-en-una-zona-indigena-de-michoacan\/\" title=\"Hallan cuatro cabezas humanas en una zona ind\u00edgena de Michoac\u00e1n\">Hallan cuatro cabezas humanas en una zona ind\u00edgena de Michoac\u00e1n<\/a>\n<\/span><\/div>","aioseo_breadcrumb_json":[{"label":"Home","link":"https:\/\/www.eldigitaldeasturias.com\/noticias"},{"label":"Actualidad","link":"https:\/\/www.eldigitaldeasturias.com\/noticias\/category\/actualidad\/"},{"label":"Hallan cuatro cabezas humanas en una zona ind\u00edgena de Michoac\u00e1n","link":"https:\/\/www.eldigitaldeasturias.com\/noticias\/hallan-cuatro-cabezas-humanas-en-una-zona-indigena-de-michoacan\/"}],"_links":{"self":[{"href":"https:\/\/www.eldigitaldeasturias.com\/noticias\/wp-json\/wp\/v2\/posts\/485922","targetHints":{"allow":["GET"]}}],"collection":[{"href":"https:\/\/www.eldigitaldeasturias.com\/noticias\/wp-json\/wp\/v2\/posts"}],"about":[{"href":"https:\/\/www.eldigitaldeasturias.com\/noticias\/wp-json\/wp\/v2\/types\/post"}],"author":[{"embeddable":true,"href":"https:\/\/www.eldigitaldeasturias.com\/noticias\/wp-json\/wp\/v2\/users\/1"}],"replies":[{"embeddable":true,"href":"https:\/\/www.eldigitaldeasturias.com\/noticias\/wp-json\/wp\/v2\/comments?post=485922"}],"version-history":[{"count":0,"href":"https:\/\/www.eldigitaldeasturias.com\/noticias\/wp-json\/wp\/v2\/posts\/485922\/revisions"}],"wp:attachment":[{"href":"https:\/\/www.eldigitaldeasturias.com\/noticias\/wp-json\/wp\/v2\/media?parent=485922"}],"wp:term":[{"taxonomy":"category","embeddable":true,"href":"https:\/\/www.eldigitaldeasturias.com\/noticias\/wp-json\/wp\/v2\/categories?post=485922"},{"taxonomy":"post_tag","embeddable":true,"href":"https:\/\/www.eldigitaldeasturias.com\/noticias\/wp-json\/wp\/v2\/tags?post=485922"}],"curies":[{"name":"wp","href":"https:\/\/api.w.org\/{rel}","templated":true}]}}