{"id":485916,"date":"2014-02-07T18:13:41","date_gmt":"2014-02-07T19:13:41","guid":{"rendered":"http:\/\/www.eldigitaldeasturias.com\/noticias\/?p=485916"},"modified":"2014-02-07T18:13:41","modified_gmt":"2014-02-07T19:13:41","slug":"maduro-pide-castigo-para-los-culpables-del-ataque-a-la-residencia-del-gobernador-de-tachira","status":"publish","type":"post","link":"https:\/\/www.eldigitaldeasturias.com\/noticias\/maduro-pide-castigo-para-los-culpables-del-ataque-a-la-residencia-del-gobernador-de-tachira\/","title":{"rendered":"Maduro pide castigo para los culpables del ataque a la residencia del gobernador de T\u00e1chira"},"content":{"rendered":"<p><img loading=\"lazy\" decoding=\"async\" class=\"alignleft size-medium wp-image-485917\" alt=\"5919099w\" src=\"https:\/\/www.eldigitaldeasturias.com\/noticias\/wp-content\/uploads\/2014\/02\/5919099w-360x239.jpg\" width=\"360\" height=\"239\" \/>Caracas, 6 feb (EFE).- El presidente de Venezuela, Nicol\u00e1s Maduro, pidi\u00f3 hoy a los cuerpos de investigaci\u00f3n policial que act\u00faen \u00abcon la m\u00e1xima severidad\u00bb y se castigue a los culpables de un ataque de un grupo de estudiantes contra la residencia del gobernador del estado T\u00e1chira (oeste) hecho que calific\u00f3 de \u00abfascista\u00bb.<\/p>\n<p>\u00abYo le he ordenado a los cuerpos de investigaci\u00f3n y de Polic\u00eda que actuemos con la m\u00e1xima severidad, con la ley en la mano y se castigue a los culpables de este ataque fascista, no va a haber perd\u00f3n\u00bb, dijo Maduro durante un Consejo de Ministros transmitido por el canal estatal VTV.<\/p>\n<p>El presidente venezolano se\u00f1al\u00f3 que su Gobierno no va a vacilar y que una cosa es no caer en provocaciones y otra permitir estas actuaciones \u00abnazi fascistas\u00bb.<\/p>\n<p>\u00abUno por uno, dije, va a ser capturado, uno por uno, donde est\u00e9n, como est\u00e9n, ustedes saben que es as\u00ed, y despu\u00e9s no vengan a declararse perseguidos pol\u00edticos y a simular despu\u00e9s cuando est\u00e9n bajo rejas qui\u00e9n sabe cuantas cosas para dar l\u00e1stima y que salgan en libertad\u00bb, a\u00f1adi\u00f3.<\/p>\n<p>Coment\u00f3 que se enter\u00f3 del ataque a trav\u00e9s de una conversaci\u00f3n con el gobernador del T\u00e1chira, Jos\u00e9 Vielma Mora, que le inform\u00f3 que la residencia era asediada por un grupo violento de unos 40 estudiantes que lanz\u00f3 bombas, piedras y balas \u00abcon una violencia inusitada\u00bb contra el lugar.<\/p>\n<p>\u00abYo le dije: &#8216;mucha serenidad mucha tranquilidad, mira que precisamente el informe que me est\u00e1 llegando es que est\u00e1n buscando un muerto, est\u00e1n buscando heridos, quieren mostrar sangre frente al pa\u00eds y frente al mundo, para ver si nos meten en un espiral de violencia\u00bb, cont\u00f3 Maduro que respondi\u00f3 al gobernador.<\/p>\n<p>Seg\u00fan el jefe de Estado, los ataques son perpetrados por grupos que est\u00e1n financiando a \u00abhordas fascistas, nazi fascistas\u00bb para sembrar violencia en Venezuela.<\/p>\n<p>A su juicio, este caso se asemeja al ocurrido el domingo pasado cuando un grupo de personas se concentr\u00f3 frente al hotel que hospeda al conjunto cubano que participa en la Serie del Caribe para protestar, lo que tambi\u00e9n fue calificado por el Gobierno como un \u00abataque fascista\u00bb.<\/p>\n<p>Vielma Mora hab\u00eda denunciado con anterioridad el ataque en declaraciones a VTV al se\u00f1alar que se trat\u00f3 de un grupo de unos 70 u 80 estudiantes que cargados con piedras, palos y gasolina arremetieron contra la residencia del gobierno regional.<\/p>\n<p>Vielma, que asegur\u00f3 que en esa sede oficial funciona un centro de rehabilitaci\u00f3n de discapacitados, afirm\u00f3 que los manifestantes son \u00abestudiantes tarifados\u00bb y responsabiliz\u00f3 de los incidentes al dirigente opositor Leopoldo L\u00f3pez.<\/p>\n<p>\u00abLas declaraciones d @VielmaEsTachira son mas q irresponsables. Ded\u00edcate a gobernar. Te recuerdo q perdiste la mayor\u00eda d las alcald\u00edas\u00bb, indic\u00f3 Leopoldo L\u00f3pez en la red social Twitter.<\/p>\n<p>\u00abRechazamos cualquier agresi\u00f3n a la residencia del gobernador @VielmaEsTachira. Rechazamos la violencia!. Nuestra lucha es pacifica\u00bb, a\u00f1adi\u00f3.<\/p>\n<p>L\u00f3pez, l\u00edder de Voluntad Popular, tambi\u00e9n dijo que \u00abes cobarde @nicol\u00e1smaduro amenazar al pueblo q protesta pac\u00edficamente en todo el pa\u00eds contra el desastre y la corrupci\u00f3n!\u00bb.<\/p>\n","protected":false},"excerpt":{"rendered":"<p>Caracas, 6 feb (EFE).- El presidente de Venezuela, Nicol\u00e1s Maduro, pidi\u00f3 hoy a los cuerpos de investigaci\u00f3n policial que act\u00faen \u00abcon la m\u00e1xima severidad\u00bb y se castigue a los culpables de un ataque de un grupo de estudiantes contra la residencia del gobernador del estado T\u00e1chira (oeste) hecho que calific\u00f3 de \u00abfascista\u00bb. \u00abYo le he [&hellip;]<\/p>\n","protected":false},"author":1,"featured_media":485917,"comment_status":"closed","ping_status":"open","sticky":false,"template":"","format":"standard","meta":{"footnotes":""},"categories":[1],"tags":[],"class_list":["post-485916","post","type-post","status-publish","format-standard","has-post-thumbnail","hentry","category-actualidad"],"aioseo_notices":[],"aioseo_head":"\n\t\t<!-- All in One SEO Pro 5.0.1 - aioseo.com -->\n\t<meta name=\"description\" content=\"Caracas, 6 feb (EFE).- El presidente de Venezuela, Nicol\u00e1s Maduro, pidi\u00f3 hoy a los cuerpos de investigaci\u00f3n policial que act\u00faen &quot;con la m\u00e1xima severidad&quot; y se castigue a los culpables de un ataque de un grupo de estudiantes contra la residencia del gobernador del estado T\u00e1chira (oeste) hecho que calific\u00f3 de &quot;fascista&quot;. &quot;Yo le he\" \/>\n\t<meta name=\"robots\" content=\"max-image-preview:large\" \/>\n\t<meta name=\"author\" content=\"El Digital de Asturias\"\/>\n\t<meta name=\"google-site-verification\" content=\"UA-38556648-1\" \/>\n\t<meta name=\"msvalidate.01\" content=\"7dfe9f3f1b24437ab69f4f2559babe99\" \/>\n\t<meta name=\"keywords\" content=\"actualidad\" \/>\n\t<link rel=\"canonical\" href=\"https:\/\/www.eldigitaldeasturias.com\/noticias\/maduro-pide-castigo-para-los-culpables-del-ataque-a-la-residencia-del-gobernador-de-tachira\/\" \/>\n\t<meta name=\"generator\" content=\"All in One SEO Pro (AIOSEO) 5.0.1\" \/>\n\t\t<meta property=\"og:locale\" content=\"es_ES\" \/>\n\t\t<meta property=\"og:site_name\" content=\"El Digital de Asturias\" \/>\n\t\t<meta property=\"og:type\" content=\"article\" \/>\n\t\t<meta property=\"og:title\" content=\"Maduro pide castigo para los culpables del ataque a la residencia del gobernador de T\u00e1chira - El Digital de Asturias\" \/>\n\t\t<meta property=\"og:description\" content=\"Caracas, 6 feb (EFE).- El presidente de Venezuela, Nicol\u00e1s Maduro, pidi\u00f3 hoy a los cuerpos de investigaci\u00f3n policial que act\u00faen &quot;con la m\u00e1xima severidad&quot; y se castigue a los culpables de un ataque de un grupo de estudiantes contra la residencia del gobernador del estado T\u00e1chira (oeste) hecho que calific\u00f3 de &quot;fascista&quot;. &quot;Yo le he\" \/>\n\t\t<meta property=\"og:url\" content=\"https:\/\/www.eldigitaldeasturias.com\/noticias\/maduro-pide-castigo-para-los-culpables-del-ataque-a-la-residencia-del-gobernador-de-tachira\/\" \/>\n\t\t<meta property=\"article:tag\" content=\"actualidad\" \/>\n\t\t<meta property=\"article:published_time\" content=\"2014-02-07T19:13:41+00:00\" \/>\n\t\t<meta property=\"article:modified_time\" content=\"2014-02-07T19:13:41+00:00\" \/>\n\t\t<meta property=\"article:publisher\" content=\"https:\/\/facebook.com\/eldigitaldeasturias\" \/>\n\t\t<meta name=\"twitter:card\" content=\"summary_large_image\" \/>\n\t\t<meta name=\"twitter:title\" content=\"Maduro pide castigo para los culpables del ataque a la residencia del gobernador de T\u00e1chira - El Digital de Asturias\" \/>\n\t\t<meta name=\"twitter:description\" content=\"Caracas, 6 feb (EFE).- El presidente de Venezuela, Nicol\u00e1s Maduro, pidi\u00f3 hoy a los cuerpos de investigaci\u00f3n policial que act\u00faen &quot;con la m\u00e1xima severidad&quot; y se castigue a los culpables de un ataque de un grupo de estudiantes contra la residencia del gobernador del estado T\u00e1chira (oeste) hecho que calific\u00f3 de &quot;fascista&quot;. &quot;Yo le he\" \/>\n\t\t<meta name=\"twitter:label1\" content=\"Escrito por\" \/>\n\t\t<meta name=\"twitter:data1\" content=\"El Digital de Asturias\" \/>\n\t\t<meta name=\"twitter:label2\" content=\"Tiempo de lectura estimado\" \/>\n\t\t<meta name=\"twitter:data2\" content=\"3 minutos\" \/>\n\t\t<script type=\"application\/ld+json\" class=\"aioseo-schema\">\n\t\t\t{\"@context\":\"https:\\\/\\\/schema.org\",\"@graph\":[{\"@type\":\"BlogPosting\",\"@id\":\"https:\\\/\\\/www.eldigitaldeasturias.com\\\/noticias\\\/maduro-pide-castigo-para-los-culpables-del-ataque-a-la-residencia-del-gobernador-de-tachira\\\/#blogposting\",\"name\":\"Maduro pide castigo para los culpables del ataque a la residencia del gobernador de T\\u00e1chira - El Digital de Asturias\",\"headline\":\"Maduro pide castigo para los culpables del ataque a la residencia del gobernador de T\\u00e1chira\",\"author\":{\"@id\":\"https:\\\/\\\/www.eldigitaldeasturias.com\\\/noticias\\\/author\\\/admin\\\/#author\"},\"publisher\":{\"@id\":\"https:\\\/\\\/www.eldigitaldeasturias.com\\\/noticias\\\/#organization\"},\"image\":{\"@type\":\"ImageObject\",\"url\":485917},\"datePublished\":\"2014-02-07T18:13:41+01:00\",\"dateModified\":\"2014-02-07T18:13:41+01:00\",\"inLanguage\":\"es-ES\",\"mainEntityOfPage\":{\"@id\":\"https:\\\/\\\/www.eldigitaldeasturias.com\\\/noticias\\\/maduro-pide-castigo-para-los-culpables-del-ataque-a-la-residencia-del-gobernador-de-tachira\\\/#webpage\"},\"isPartOf\":{\"@id\":\"https:\\\/\\\/www.eldigitaldeasturias.com\\\/noticias\\\/maduro-pide-castigo-para-los-culpables-del-ataque-a-la-residencia-del-gobernador-de-tachira\\\/#webpage\"},\"articleSection\":\"Actualidad\"},{\"@type\":\"BreadcrumbList\",\"@id\":\"https:\\\/\\\/www.eldigitaldeasturias.com\\\/noticias\\\/maduro-pide-castigo-para-los-culpables-del-ataque-a-la-residencia-del-gobernador-de-tachira\\\/#breadcrumblist\",\"itemListElement\":[{\"@type\":\"ListItem\",\"@id\":\"https:\\\/\\\/www.eldigitaldeasturias.com\\\/noticias#listItem\",\"position\":1,\"name\":\"Home\",\"item\":\"https:\\\/\\\/www.eldigitaldeasturias.com\\\/noticias\",\"nextItem\":{\"@type\":\"ListItem\",\"@id\":\"https:\\\/\\\/www.eldigitaldeasturias.com\\\/noticias\\\/category\\\/actualidad\\\/#listItem\",\"name\":\"Actualidad\"}},{\"@type\":\"ListItem\",\"@id\":\"https:\\\/\\\/www.eldigitaldeasturias.com\\\/noticias\\\/category\\\/actualidad\\\/#listItem\",\"position\":2,\"name\":\"Actualidad\",\"item\":\"https:\\\/\\\/www.eldigitaldeasturias.com\\\/noticias\\\/category\\\/actualidad\\\/\",\"nextItem\":{\"@type\":\"ListItem\",\"@id\":\"https:\\\/\\\/www.eldigitaldeasturias.com\\\/noticias\\\/maduro-pide-castigo-para-los-culpables-del-ataque-a-la-residencia-del-gobernador-de-tachira\\\/#listItem\",\"name\":\"Maduro pide castigo para los culpables del ataque a la residencia del gobernador de T\\u00e1chira\"},\"previousItem\":{\"@type\":\"ListItem\",\"@id\":\"https:\\\/\\\/www.eldigitaldeasturias.com\\\/noticias#listItem\",\"name\":\"Home\"}},{\"@type\":\"ListItem\",\"@id\":\"https:\\\/\\\/www.eldigitaldeasturias.com\\\/noticias\\\/maduro-pide-castigo-para-los-culpables-del-ataque-a-la-residencia-del-gobernador-de-tachira\\\/#listItem\",\"position\":3,\"name\":\"Maduro pide castigo para los culpables del ataque a la residencia del gobernador de T\\u00e1chira\",\"previousItem\":{\"@type\":\"ListItem\",\"@id\":\"https:\\\/\\\/www.eldigitaldeasturias.com\\\/noticias\\\/category\\\/actualidad\\\/#listItem\",\"name\":\"Actualidad\"}}]},{\"@type\":\"Organization\",\"@id\":\"https:\\\/\\\/www.eldigitaldeasturias.com\\\/noticias\\\/#organization\",\"name\":\"El Digital de Asturias\",\"description\":\"Hemeroteca\",\"url\":\"https:\\\/\\\/www.eldigitaldeasturias.com\\\/noticias\\\/\",\"email\":\"info@eldigitaldeasturias.com\",\"telephone\":\"+34652131393\",\"logo\":{\"@type\":\"ImageObject\",\"url\":\"https:\\\/\\\/www.eldigitaldeasturias.com\\\/noticias\\\/wp-content\\\/uploads\\\/2020\\\/12\\\/EDA.jpg\",\"@id\":\"https:\\\/\\\/www.eldigitaldeasturias.com\\\/noticias\\\/maduro-pide-castigo-para-los-culpables-del-ataque-a-la-residencia-del-gobernador-de-tachira\\\/#organizationLogo\"},\"image\":{\"@id\":\"https:\\\/\\\/www.eldigitaldeasturias.com\\\/noticias\\\/maduro-pide-castigo-para-los-culpables-del-ataque-a-la-residencia-del-gobernador-de-tachira\\\/#organizationLogo\"},\"sameAs\":[\"https:\\\/\\\/facebook.com\\\/eldigitaldeasturias\",\"https:\\\/\\\/www.youtube.com\\\/channel\\\/UCZP-2wLEB9Rv6erhFmqVnvg\"],\"address\":{\"@id\":\"https:\\\/\\\/www.eldigitaldeasturias.com\\\/noticias\\\/#postaladdress\",\"@type\":\"PostalAddress\",\"streetAddress\":\"san antonio 4\",\"postalCode\":\"33430\",\"addressLocality\":\"Cand\\u00e1s\",\"addressRegion\":\"Asturias\",\"addressCountry\":\"ES\"}},{\"@type\":\"Person\",\"@id\":\"https:\\\/\\\/www.eldigitaldeasturias.com\\\/noticias\\\/author\\\/admin\\\/#author\",\"url\":\"https:\\\/\\\/www.eldigitaldeasturias.com\\\/noticias\\\/author\\\/admin\\\/\",\"name\":\"El Digital de Asturias\",\"image\":{\"@type\":\"ImageObject\",\"@id\":\"https:\\\/\\\/www.eldigitaldeasturias.com\\\/noticias\\\/maduro-pide-castigo-para-los-culpables-del-ataque-a-la-residencia-del-gobernador-de-tachira\\\/#authorImage\",\"url\":\"https:\\\/\\\/secure.gravatar.com\\\/avatar\\\/df2aeffc32bcd13f8d26072ef8a91b623d677766deac7f97ca815868cd41bf5e?s=96&d=mm&r=g\",\"width\":96,\"height\":96,\"caption\":\"El Digital de Asturias\"}},{\"@type\":\"WebPage\",\"@id\":\"https:\\\/\\\/www.eldigitaldeasturias.com\\\/noticias\\\/maduro-pide-castigo-para-los-culpables-del-ataque-a-la-residencia-del-gobernador-de-tachira\\\/#webpage\",\"url\":\"https:\\\/\\\/www.eldigitaldeasturias.com\\\/noticias\\\/maduro-pide-castigo-para-los-culpables-del-ataque-a-la-residencia-del-gobernador-de-tachira\\\/\",\"name\":\"Maduro pide castigo para los culpables del ataque a la residencia del gobernador de T\\u00e1chira - El Digital de Asturias\",\"description\":\"Caracas, 6 feb (EFE).- El presidente de Venezuela, Nicol\\u00e1s Maduro, pidi\\u00f3 hoy a los cuerpos de investigaci\\u00f3n policial que act\\u00faen \\\"con la m\\u00e1xima severidad\\\" y se castigue a los culpables de un ataque de un grupo de estudiantes contra la residencia del gobernador del estado T\\u00e1chira (oeste) hecho que calific\\u00f3 de \\\"fascista\\\". \\\"Yo le he\",\"inLanguage\":\"es-ES\",\"isPartOf\":{\"@id\":\"https:\\\/\\\/www.eldigitaldeasturias.com\\\/noticias\\\/#website\"},\"breadcrumb\":{\"@id\":\"https:\\\/\\\/www.eldigitaldeasturias.com\\\/noticias\\\/maduro-pide-castigo-para-los-culpables-del-ataque-a-la-residencia-del-gobernador-de-tachira\\\/#breadcrumblist\"},\"author\":{\"@id\":\"https:\\\/\\\/www.eldigitaldeasturias.com\\\/noticias\\\/author\\\/admin\\\/#author\"},\"creator\":{\"@id\":\"https:\\\/\\\/www.eldigitaldeasturias.com\\\/noticias\\\/author\\\/admin\\\/#author\"},\"image\":{\"@type\":\"ImageObject\",\"url\":485917,\"@id\":\"https:\\\/\\\/www.eldigitaldeasturias.com\\\/noticias\\\/maduro-pide-castigo-para-los-culpables-del-ataque-a-la-residencia-del-gobernador-de-tachira\\\/#mainImage\"},\"primaryImageOfPage\":{\"@id\":\"https:\\\/\\\/www.eldigitaldeasturias.com\\\/noticias\\\/maduro-pide-castigo-para-los-culpables-del-ataque-a-la-residencia-del-gobernador-de-tachira\\\/#mainImage\"},\"datePublished\":\"2014-02-07T18:13:41+01:00\",\"dateModified\":\"2014-02-07T18:13:41+01:00\"},{\"@type\":\"WebSite\",\"@id\":\"https:\\\/\\\/www.eldigitaldeasturias.com\\\/noticias\\\/#website\",\"url\":\"https:\\\/\\\/www.eldigitaldeasturias.com\\\/noticias\\\/\",\"name\":\"El Digital de Asturias - Diario de actualidad y noticias\",\"alternateName\":\"El Digital de Asturias - Diario de actualidad y noticias\",\"description\":\"Hemeroteca\",\"inLanguage\":\"es-ES\",\"publisher\":{\"@id\":\"https:\\\/\\\/www.eldigitaldeasturias.com\\\/noticias\\\/#organization\"}}]}\n\t\t<\/script>\n\t\t<!-- All in One SEO Pro -->\r\n\t\t<title>Maduro pide castigo para los culpables del ataque a la residencia del gobernador de T\u00e1chira - El Digital de Asturias<\/title>\n\n","aioseo_head_json":{"title":"Maduro pide castigo para los culpables del ataque a la residencia del gobernador de T\u00e1chira - El Digital de Asturias","description":"Caracas, 6 feb (EFE).- El presidente de Venezuela, Nicol\u00e1s Maduro, pidi\u00f3 hoy a los cuerpos de investigaci\u00f3n policial que act\u00faen \"con la m\u00e1xima severidad\" y se castigue a los culpables de un ataque de un grupo de estudiantes contra la residencia del gobernador del estado T\u00e1chira (oeste) hecho que calific\u00f3 de \"fascista\". \"Yo le he","canonical_url":"https:\/\/www.eldigitaldeasturias.com\/noticias\/maduro-pide-castigo-para-los-culpables-del-ataque-a-la-residencia-del-gobernador-de-tachira\/","robots":"max-image-preview:large","keywords":"actualidad","webmasterTools":{"google-site-verification":"UA-38556648-1","msvalidate.01":"7dfe9f3f1b24437ab69f4f2559babe99","miscellaneous":""},"schema":{"@context":"https:\/\/schema.org","@graph":[{"@type":"BlogPosting","@id":"https:\/\/www.eldigitaldeasturias.com\/noticias\/maduro-pide-castigo-para-los-culpables-del-ataque-a-la-residencia-del-gobernador-de-tachira\/#blogposting","name":"Maduro pide castigo para los culpables del ataque a la residencia del gobernador de T\u00e1chira - El Digital de Asturias","headline":"Maduro pide castigo para los culpables del ataque a la residencia del gobernador de T\u00e1chira","author":{"@id":"https:\/\/www.eldigitaldeasturias.com\/noticias\/author\/admin\/#author"},"publisher":{"@id":"https:\/\/www.eldigitaldeasturias.com\/noticias\/#organization"},"image":{"@type":"ImageObject","url":485917},"datePublished":"2014-02-07T18:13:41+01:00","dateModified":"2014-02-07T18:13:41+01:00","inLanguage":"es-ES","mainEntityOfPage":{"@id":"https:\/\/www.eldigitaldeasturias.com\/noticias\/maduro-pide-castigo-para-los-culpables-del-ataque-a-la-residencia-del-gobernador-de-tachira\/#webpage"},"isPartOf":{"@id":"https:\/\/www.eldigitaldeasturias.com\/noticias\/maduro-pide-castigo-para-los-culpables-del-ataque-a-la-residencia-del-gobernador-de-tachira\/#webpage"},"articleSection":"Actualidad"},{"@type":"BreadcrumbList","@id":"https:\/\/www.eldigitaldeasturias.com\/noticias\/maduro-pide-castigo-para-los-culpables-del-ataque-a-la-residencia-del-gobernador-de-tachira\/#breadcrumblist","itemListElement":[{"@type":"ListItem","@id":"https:\/\/www.eldigitaldeasturias.com\/noticias#listItem","position":1,"name":"Home","item":"https:\/\/www.eldigitaldeasturias.com\/noticias","nextItem":{"@type":"ListItem","@id":"https:\/\/www.eldigitaldeasturias.com\/noticias\/category\/actualidad\/#listItem","name":"Actualidad"}},{"@type":"ListItem","@id":"https:\/\/www.eldigitaldeasturias.com\/noticias\/category\/actualidad\/#listItem","position":2,"name":"Actualidad","item":"https:\/\/www.eldigitaldeasturias.com\/noticias\/category\/actualidad\/","nextItem":{"@type":"ListItem","@id":"https:\/\/www.eldigitaldeasturias.com\/noticias\/maduro-pide-castigo-para-los-culpables-del-ataque-a-la-residencia-del-gobernador-de-tachira\/#listItem","name":"Maduro pide castigo para los culpables del ataque a la residencia del gobernador de T\u00e1chira"},"previousItem":{"@type":"ListItem","@id":"https:\/\/www.eldigitaldeasturias.com\/noticias#listItem","name":"Home"}},{"@type":"ListItem","@id":"https:\/\/www.eldigitaldeasturias.com\/noticias\/maduro-pide-castigo-para-los-culpables-del-ataque-a-la-residencia-del-gobernador-de-tachira\/#listItem","position":3,"name":"Maduro pide castigo para los culpables del ataque a la residencia del gobernador de T\u00e1chira","previousItem":{"@type":"ListItem","@id":"https:\/\/www.eldigitaldeasturias.com\/noticias\/category\/actualidad\/#listItem","name":"Actualidad"}}]},{"@type":"Organization","@id":"https:\/\/www.eldigitaldeasturias.com\/noticias\/#organization","name":"El Digital de Asturias","description":"Hemeroteca","url":"https:\/\/www.eldigitaldeasturias.com\/noticias\/","email":"info@eldigitaldeasturias.com","telephone":"+34652131393","logo":{"@type":"ImageObject","url":"https:\/\/www.eldigitaldeasturias.com\/noticias\/wp-content\/uploads\/2020\/12\/EDA.jpg","@id":"https:\/\/www.eldigitaldeasturias.com\/noticias\/maduro-pide-castigo-para-los-culpables-del-ataque-a-la-residencia-del-gobernador-de-tachira\/#organizationLogo"},"image":{"@id":"https:\/\/www.eldigitaldeasturias.com\/noticias\/maduro-pide-castigo-para-los-culpables-del-ataque-a-la-residencia-del-gobernador-de-tachira\/#organizationLogo"},"sameAs":["https:\/\/facebook.com\/eldigitaldeasturias","https:\/\/www.youtube.com\/channel\/UCZP-2wLEB9Rv6erhFmqVnvg"],"address":{"@id":"https:\/\/www.eldigitaldeasturias.com\/noticias\/#postaladdress","@type":"PostalAddress","streetAddress":"san antonio 4","postalCode":"33430","addressLocality":"Cand\u00e1s","addressRegion":"Asturias","addressCountry":"ES"}},{"@type":"Person","@id":"https:\/\/www.eldigitaldeasturias.com\/noticias\/author\/admin\/#author","url":"https:\/\/www.eldigitaldeasturias.com\/noticias\/author\/admin\/","name":"El Digital de Asturias","image":{"@type":"ImageObject","@id":"https:\/\/www.eldigitaldeasturias.com\/noticias\/maduro-pide-castigo-para-los-culpables-del-ataque-a-la-residencia-del-gobernador-de-tachira\/#authorImage","url":"https:\/\/secure.gravatar.com\/avatar\/df2aeffc32bcd13f8d26072ef8a91b623d677766deac7f97ca815868cd41bf5e?s=96&d=mm&r=g","width":96,"height":96,"caption":"El Digital de Asturias"}},{"@type":"WebPage","@id":"https:\/\/www.eldigitaldeasturias.com\/noticias\/maduro-pide-castigo-para-los-culpables-del-ataque-a-la-residencia-del-gobernador-de-tachira\/#webpage","url":"https:\/\/www.eldigitaldeasturias.com\/noticias\/maduro-pide-castigo-para-los-culpables-del-ataque-a-la-residencia-del-gobernador-de-tachira\/","name":"Maduro pide castigo para los culpables del ataque a la residencia del gobernador de T\u00e1chira - El Digital de Asturias","description":"Caracas, 6 feb (EFE).- El presidente de Venezuela, Nicol\u00e1s Maduro, pidi\u00f3 hoy a los cuerpos de investigaci\u00f3n policial que act\u00faen \"con la m\u00e1xima severidad\" y se castigue a los culpables de un ataque de un grupo de estudiantes contra la residencia del gobernador del estado T\u00e1chira (oeste) hecho que calific\u00f3 de \"fascista\". \"Yo le he","inLanguage":"es-ES","isPartOf":{"@id":"https:\/\/www.eldigitaldeasturias.com\/noticias\/#website"},"breadcrumb":{"@id":"https:\/\/www.eldigitaldeasturias.com\/noticias\/maduro-pide-castigo-para-los-culpables-del-ataque-a-la-residencia-del-gobernador-de-tachira\/#breadcrumblist"},"author":{"@id":"https:\/\/www.eldigitaldeasturias.com\/noticias\/author\/admin\/#author"},"creator":{"@id":"https:\/\/www.eldigitaldeasturias.com\/noticias\/author\/admin\/#author"},"image":{"@type":"ImageObject","url":485917,"@id":"https:\/\/www.eldigitaldeasturias.com\/noticias\/maduro-pide-castigo-para-los-culpables-del-ataque-a-la-residencia-del-gobernador-de-tachira\/#mainImage"},"primaryImageOfPage":{"@id":"https:\/\/www.eldigitaldeasturias.com\/noticias\/maduro-pide-castigo-para-los-culpables-del-ataque-a-la-residencia-del-gobernador-de-tachira\/#mainImage"},"datePublished":"2014-02-07T18:13:41+01:00","dateModified":"2014-02-07T18:13:41+01:00"},{"@type":"WebSite","@id":"https:\/\/www.eldigitaldeasturias.com\/noticias\/#website","url":"https:\/\/www.eldigitaldeasturias.com\/noticias\/","name":"El Digital de Asturias - Diario de actualidad y noticias","alternateName":"El Digital de Asturias - Diario de actualidad y noticias","description":"Hemeroteca","inLanguage":"es-ES","publisher":{"@id":"https:\/\/www.eldigitaldeasturias.com\/noticias\/#organization"}}]},"og:locale":"es_ES","og:site_name":"El Digital de Asturias","og:type":"article","og:title":"Maduro pide castigo para los culpables del ataque a la residencia del gobernador de T\u00e1chira - El Digital de Asturias","og:description":"Caracas, 6 feb (EFE).- El presidente de Venezuela, Nicol\u00e1s Maduro, pidi\u00f3 hoy a los cuerpos de investigaci\u00f3n policial que act\u00faen &quot;con la m\u00e1xima severidad&quot; y se castigue a los culpables de un ataque de un grupo de estudiantes contra la residencia del gobernador del estado T\u00e1chira (oeste) hecho que calific\u00f3 de &quot;fascista&quot;. &quot;Yo le he","og:url":"https:\/\/www.eldigitaldeasturias.com\/noticias\/maduro-pide-castigo-para-los-culpables-del-ataque-a-la-residencia-del-gobernador-de-tachira\/","article:tag":["actualidad"],"article:published_time":"2014-02-07T19:13:41+00:00","article:modified_time":"2014-02-07T19:13:41+00:00","article:publisher":"https:\/\/facebook.com\/eldigitaldeasturias","twitter:card":"summary_large_image","twitter:title":"Maduro pide castigo para los culpables del ataque a la residencia del gobernador de T\u00e1chira - El Digital de Asturias","twitter:description":"Caracas, 6 feb (EFE).- El presidente de Venezuela, Nicol\u00e1s Maduro, pidi\u00f3 hoy a los cuerpos de investigaci\u00f3n policial que act\u00faen &quot;con la m\u00e1xima severidad&quot; y se castigue a los culpables de un ataque de un grupo de estudiantes contra la residencia del gobernador del estado T\u00e1chira (oeste) hecho que calific\u00f3 de &quot;fascista&quot;. &quot;Yo le he","twitter:label1":"Escrito por","twitter:data1":"El Digital de Asturias","twitter:label2":"Tiempo de lectura estimado","twitter:data2":"3 minutos"},"aioseo_meta_data":{"post_id":"485916","title":null,"description":null,"keywords":null,"keyphrases":null,"primary_term":null,"canonical_url":null,"og_title":null,"og_description":null,"og_object_type":"default","og_image_type":"default","og_image_url":null,"og_image_width":null,"og_image_height":null,"og_image_custom_url":null,"og_image_custom_fields":null,"og_video":null,"og_custom_url":null,"og_article_section":null,"og_article_tags":null,"twitter_use_og":true,"twitter_card":"default","twitter_image_type":"default","twitter_image_url":null,"twitter_image_custom_url":null,"twitter_image_custom_fields":null,"twitter_title":null,"twitter_description":null,"schema":{"blockGraphs":[],"customGraphs":[],"default":{"data":{"Article":[],"Course":[],"Dataset":[],"FAQPage":[],"Movie":[],"Person":[],"Product":[],"ProductReview":[],"Car":[],"Recipe":[],"Service":[],"SoftwareApplication":[],"WebPage":[]},"graphName":"","isEnabled":true},"graphs":[],"defaultGraph":"","defaultPostTypeGraph":""},"schema_type":null,"schema_type_options":null,"pillar_content":false,"robots_default":true,"robots_noindex":false,"robots_noarchive":false,"robots_nosnippet":false,"robots_nofollow":false,"robots_noimageindex":false,"robots_noodp":false,"robots_notranslate":false,"robots_max_snippet":null,"robots_max_videopreview":null,"robots_max_imagepreview":"none","priority":null,"frequency":null,"local_seo":null,"seo_analyzer_scan_date":"2026-06-02 22:33:54","breadcrumb_settings":null,"limit_modified_date":false,"open_ai":null,"ai":null,"created":"2020-11-14 22:56:01","updated":"2026-06-02 22:33:54","focus_keyword":null,"additional_keywords":null,"truseo_locale":null},"aioseo_breadcrumb":"<div class=\"aioseo-breadcrumbs\"><span class=\"aioseo-breadcrumb\">\n\t<a href=\"https:\/\/www.eldigitaldeasturias.com\/noticias\" title=\"Home\">Home<\/a>\n<\/span><span class=\"aioseo-breadcrumb-separator\">\u2013<\/span><span class=\"aioseo-breadcrumb\">\n\t<a href=\"https:\/\/www.eldigitaldeasturias.com\/noticias\/category\/actualidad\/\" title=\"Actualidad\">Actualidad<\/a>\n<\/span><span class=\"aioseo-breadcrumb-separator\">\u2013<\/span><span class=\"aioseo-breadcrumb\">\n\t<a href=\"https:\/\/www.eldigitaldeasturias.com\/noticias\/maduro-pide-castigo-para-los-culpables-del-ataque-a-la-residencia-del-gobernador-de-tachira\/\" title=\"Maduro pide castigo para los culpables del ataque a la residencia del gobernador de T\u00e1chira\">Maduro pide castigo para los culpables del ataque a la residencia del gobernador de T\u00e1chira<\/a>\n<\/span><\/div>","aioseo_breadcrumb_json":[{"label":"Home","link":"https:\/\/www.eldigitaldeasturias.com\/noticias"},{"label":"Actualidad","link":"https:\/\/www.eldigitaldeasturias.com\/noticias\/category\/actualidad\/"},{"label":"Maduro pide castigo para los culpables del ataque a la residencia del gobernador de T\u00e1chira","link":"https:\/\/www.eldigitaldeasturias.com\/noticias\/maduro-pide-castigo-para-los-culpables-del-ataque-a-la-residencia-del-gobernador-de-tachira\/"}],"_links":{"self":[{"href":"https:\/\/www.eldigitaldeasturias.com\/noticias\/wp-json\/wp\/v2\/posts\/485916","targetHints":{"allow":["GET"]}}],"collection":[{"href":"https:\/\/www.eldigitaldeasturias.com\/noticias\/wp-json\/wp\/v2\/posts"}],"about":[{"href":"https:\/\/www.eldigitaldeasturias.com\/noticias\/wp-json\/wp\/v2\/types\/post"}],"author":[{"embeddable":true,"href":"https:\/\/www.eldigitaldeasturias.com\/noticias\/wp-json\/wp\/v2\/users\/1"}],"replies":[{"embeddable":true,"href":"https:\/\/www.eldigitaldeasturias.com\/noticias\/wp-json\/wp\/v2\/comments?post=485916"}],"version-history":[{"count":0,"href":"https:\/\/www.eldigitaldeasturias.com\/noticias\/wp-json\/wp\/v2\/posts\/485916\/revisions"}],"wp:attachment":[{"href":"https:\/\/www.eldigitaldeasturias.com\/noticias\/wp-json\/wp\/v2\/media?parent=485916"}],"wp:term":[{"taxonomy":"category","embeddable":true,"href":"https:\/\/www.eldigitaldeasturias.com\/noticias\/wp-json\/wp\/v2\/categories?post=485916"},{"taxonomy":"post_tag","embeddable":true,"href":"https:\/\/www.eldigitaldeasturias.com\/noticias\/wp-json\/wp\/v2\/tags?post=485916"}],"curies":[{"name":"wp","href":"https:\/\/api.w.org\/{rel}","templated":true}]}}