{"id":485901,"date":"2014-02-07T18:08:32","date_gmt":"2014-02-07T19:08:32","guid":{"rendered":"http:\/\/www.eldigitaldeasturias.com\/noticias\/?p=485901"},"modified":"2014-02-07T18:08:32","modified_gmt":"2014-02-07T19:08:32","slug":"despiden-a-los-nueve-socorristas-fallecidos-en-incendio-en-buenos-aires","status":"publish","type":"post","link":"https:\/\/www.eldigitaldeasturias.com\/noticias\/despiden-a-los-nueve-socorristas-fallecidos-en-incendio-en-buenos-aires\/","title":{"rendered":"Despiden a los nueve socorristas fallecidos en incendio en Buenos Aires"},"content":{"rendered":"<p><img loading=\"lazy\" decoding=\"async\" class=\"alignleft size-medium wp-image-485902\" alt=\"5918216w\" src=\"https:\/\/www.eldigitaldeasturias.com\/noticias\/wp-content\/uploads\/2014\/02\/5918216w-360x233.jpg\" width=\"360\" height=\"233\" \/>Buenos Aires, 6 feb (EFE).- Cientos de personas despidieron hoy a los nueve miembros de los equipos de emergencias fallecidos este mi\u00e9rcoles mientras intentaban apagar un incendio en un almac\u00e9n del sur de Buenos Aires.<\/p>\n<p>Familiares, amigos y colegas de los seis bomberos de la Polic\u00eda Federal muertos se acercaron a darles su \u00faltimo adi\u00f3s al cuartel de ese cuerpo en la capital argentina, mientras que tambi\u00e9n se organizaron velatorios en la sede de bomberos voluntarios al que pertenec\u00eda otro de los fallecidos y en la de Defensa Civil, que perdi\u00f3 a dos integrantes.<\/p>\n<p>Otros seis bomberos permanecen hospitalizados con politraumatismos de diversa consideraci\u00f3n, pero se encuentran fuera de peligro, inform\u00f3 el secretario de Seguridad, Sergio Berni.<\/p>\n<p>El jefe de Gabinete argentino, Jorge Capitanich, destac\u00f3 \u00abel profesionalismo y el heroico valor demostrado\u00bb por los nueve rescatistas que murieron en el siniestro, por el que el Gobierno decret\u00f3 dos d\u00edas de duelo nacional.<\/p>\n<p>En una misiva, el Papa Francisco se mostr\u00f3 hoy \u00abprofundamente apenado\u00bb por la tragedia y pidi\u00f3 por el \u00abeterno descanso\u00bb de los fallecidos.<\/p>\n<p>Las muertes se produjeron durante la extinci\u00f3n de un incendio en un almac\u00e9n situado en el barrio de Barracas de la capital argentina, cuando una de las paredes del edificio en llamas se desplom\u00f3 sobre los equipos de emergencia.<\/p>\n","protected":false},"excerpt":{"rendered":"<p>Buenos Aires, 6 feb (EFE).- Cientos de personas despidieron hoy a los nueve miembros de los equipos de emergencias fallecidos este mi\u00e9rcoles mientras intentaban apagar un incendio en un almac\u00e9n del sur de Buenos Aires. Familiares, amigos y colegas de los seis bomberos de la Polic\u00eda Federal muertos se acercaron a darles su \u00faltimo adi\u00f3s [&hellip;]<\/p>\n","protected":false},"author":1,"featured_media":485902,"comment_status":"closed","ping_status":"open","sticky":false,"template":"","format":"standard","meta":{"footnotes":""},"categories":[1],"tags":[],"class_list":["post-485901","post","type-post","status-publish","format-standard","has-post-thumbnail","hentry","category-actualidad"],"aioseo_notices":[],"aioseo_head":"\n\t\t<!-- All in One SEO Pro 5.0.1 - aioseo.com -->\n\t<meta name=\"description\" content=\"Buenos Aires, 6 feb (EFE).- Cientos de personas despidieron hoy a los nueve miembros de los equipos de emergencias fallecidos este mi\u00e9rcoles mientras intentaban apagar un incendio en un almac\u00e9n del sur de Buenos Aires. Familiares, amigos y colegas de los seis bomberos de la Polic\u00eda Federal muertos se acercaron a darles su \u00faltimo adi\u00f3s\" \/>\n\t<meta name=\"robots\" content=\"max-image-preview:large\" \/>\n\t<meta name=\"author\" content=\"El Digital de Asturias\"\/>\n\t<meta name=\"google-site-verification\" content=\"UA-38556648-1\" \/>\n\t<meta name=\"msvalidate.01\" content=\"7dfe9f3f1b24437ab69f4f2559babe99\" \/>\n\t<meta name=\"keywords\" content=\"actualidad\" \/>\n\t<link rel=\"canonical\" href=\"https:\/\/www.eldigitaldeasturias.com\/noticias\/despiden-a-los-nueve-socorristas-fallecidos-en-incendio-en-buenos-aires\/\" \/>\n\t<meta name=\"generator\" content=\"All in One SEO Pro (AIOSEO) 5.0.1\" \/>\n\t\t<meta property=\"og:locale\" content=\"es_ES\" \/>\n\t\t<meta property=\"og:site_name\" content=\"El Digital de Asturias\" \/>\n\t\t<meta property=\"og:type\" content=\"article\" \/>\n\t\t<meta property=\"og:title\" content=\"Despiden a los nueve socorristas fallecidos en incendio en Buenos Aires - El Digital de Asturias\" \/>\n\t\t<meta property=\"og:description\" content=\"Buenos Aires, 6 feb (EFE).- Cientos de personas despidieron hoy a los nueve miembros de los equipos de emergencias fallecidos este mi\u00e9rcoles mientras intentaban apagar un incendio en un almac\u00e9n del sur de Buenos Aires. Familiares, amigos y colegas de los seis bomberos de la Polic\u00eda Federal muertos se acercaron a darles su \u00faltimo adi\u00f3s\" \/>\n\t\t<meta property=\"og:url\" content=\"https:\/\/www.eldigitaldeasturias.com\/noticias\/despiden-a-los-nueve-socorristas-fallecidos-en-incendio-en-buenos-aires\/\" \/>\n\t\t<meta property=\"article:tag\" content=\"actualidad\" \/>\n\t\t<meta property=\"article:published_time\" content=\"2014-02-07T19:08:32+00:00\" \/>\n\t\t<meta property=\"article:modified_time\" content=\"2014-02-07T19:08:32+00:00\" \/>\n\t\t<meta property=\"article:publisher\" content=\"https:\/\/facebook.com\/eldigitaldeasturias\" \/>\n\t\t<meta name=\"twitter:card\" content=\"summary_large_image\" \/>\n\t\t<meta name=\"twitter:title\" content=\"Despiden a los nueve socorristas fallecidos en incendio en Buenos Aires - El Digital de Asturias\" \/>\n\t\t<meta name=\"twitter:description\" content=\"Buenos Aires, 6 feb (EFE).- Cientos de personas despidieron hoy a los nueve miembros de los equipos de emergencias fallecidos este mi\u00e9rcoles mientras intentaban apagar un incendio en un almac\u00e9n del sur de Buenos Aires. Familiares, amigos y colegas de los seis bomberos de la Polic\u00eda Federal muertos se acercaron a darles su \u00faltimo adi\u00f3s\" \/>\n\t\t<meta name=\"twitter:label1\" content=\"Escrito por\" \/>\n\t\t<meta name=\"twitter:data1\" content=\"El Digital de Asturias\" \/>\n\t\t<meta name=\"twitter:label2\" content=\"Tiempo de lectura estimado\" \/>\n\t\t<meta name=\"twitter:data2\" content=\"1 minuto\" \/>\n\t\t<script type=\"application\/ld+json\" class=\"aioseo-schema\">\n\t\t\t{\"@context\":\"https:\\\/\\\/schema.org\",\"@graph\":[{\"@type\":\"BlogPosting\",\"@id\":\"https:\\\/\\\/www.eldigitaldeasturias.com\\\/noticias\\\/despiden-a-los-nueve-socorristas-fallecidos-en-incendio-en-buenos-aires\\\/#blogposting\",\"name\":\"Despiden a los nueve socorristas fallecidos en incendio en Buenos Aires - El Digital de Asturias\",\"headline\":\"Despiden a los nueve socorristas fallecidos en incendio en Buenos Aires\",\"author\":{\"@id\":\"https:\\\/\\\/www.eldigitaldeasturias.com\\\/noticias\\\/author\\\/admin\\\/#author\"},\"publisher\":{\"@id\":\"https:\\\/\\\/www.eldigitaldeasturias.com\\\/noticias\\\/#organization\"},\"image\":{\"@type\":\"ImageObject\",\"url\":485902},\"datePublished\":\"2014-02-07T18:08:32+01:00\",\"dateModified\":\"2014-02-07T18:08:32+01:00\",\"inLanguage\":\"es-ES\",\"mainEntityOfPage\":{\"@id\":\"https:\\\/\\\/www.eldigitaldeasturias.com\\\/noticias\\\/despiden-a-los-nueve-socorristas-fallecidos-en-incendio-en-buenos-aires\\\/#webpage\"},\"isPartOf\":{\"@id\":\"https:\\\/\\\/www.eldigitaldeasturias.com\\\/noticias\\\/despiden-a-los-nueve-socorristas-fallecidos-en-incendio-en-buenos-aires\\\/#webpage\"},\"articleSection\":\"Actualidad\"},{\"@type\":\"BreadcrumbList\",\"@id\":\"https:\\\/\\\/www.eldigitaldeasturias.com\\\/noticias\\\/despiden-a-los-nueve-socorristas-fallecidos-en-incendio-en-buenos-aires\\\/#breadcrumblist\",\"itemListElement\":[{\"@type\":\"ListItem\",\"@id\":\"https:\\\/\\\/www.eldigitaldeasturias.com\\\/noticias#listItem\",\"position\":1,\"name\":\"Home\",\"item\":\"https:\\\/\\\/www.eldigitaldeasturias.com\\\/noticias\",\"nextItem\":{\"@type\":\"ListItem\",\"@id\":\"https:\\\/\\\/www.eldigitaldeasturias.com\\\/noticias\\\/category\\\/actualidad\\\/#listItem\",\"name\":\"Actualidad\"}},{\"@type\":\"ListItem\",\"@id\":\"https:\\\/\\\/www.eldigitaldeasturias.com\\\/noticias\\\/category\\\/actualidad\\\/#listItem\",\"position\":2,\"name\":\"Actualidad\",\"item\":\"https:\\\/\\\/www.eldigitaldeasturias.com\\\/noticias\\\/category\\\/actualidad\\\/\",\"nextItem\":{\"@type\":\"ListItem\",\"@id\":\"https:\\\/\\\/www.eldigitaldeasturias.com\\\/noticias\\\/despiden-a-los-nueve-socorristas-fallecidos-en-incendio-en-buenos-aires\\\/#listItem\",\"name\":\"Despiden a los nueve socorristas fallecidos en incendio en Buenos Aires\"},\"previousItem\":{\"@type\":\"ListItem\",\"@id\":\"https:\\\/\\\/www.eldigitaldeasturias.com\\\/noticias#listItem\",\"name\":\"Home\"}},{\"@type\":\"ListItem\",\"@id\":\"https:\\\/\\\/www.eldigitaldeasturias.com\\\/noticias\\\/despiden-a-los-nueve-socorristas-fallecidos-en-incendio-en-buenos-aires\\\/#listItem\",\"position\":3,\"name\":\"Despiden a los nueve socorristas fallecidos en incendio en Buenos Aires\",\"previousItem\":{\"@type\":\"ListItem\",\"@id\":\"https:\\\/\\\/www.eldigitaldeasturias.com\\\/noticias\\\/category\\\/actualidad\\\/#listItem\",\"name\":\"Actualidad\"}}]},{\"@type\":\"Organization\",\"@id\":\"https:\\\/\\\/www.eldigitaldeasturias.com\\\/noticias\\\/#organization\",\"name\":\"El Digital de Asturias\",\"description\":\"Hemeroteca\",\"url\":\"https:\\\/\\\/www.eldigitaldeasturias.com\\\/noticias\\\/\",\"email\":\"info@eldigitaldeasturias.com\",\"telephone\":\"+34652131393\",\"logo\":{\"@type\":\"ImageObject\",\"url\":\"https:\\\/\\\/www.eldigitaldeasturias.com\\\/noticias\\\/wp-content\\\/uploads\\\/2020\\\/12\\\/EDA.jpg\",\"@id\":\"https:\\\/\\\/www.eldigitaldeasturias.com\\\/noticias\\\/despiden-a-los-nueve-socorristas-fallecidos-en-incendio-en-buenos-aires\\\/#organizationLogo\"},\"image\":{\"@id\":\"https:\\\/\\\/www.eldigitaldeasturias.com\\\/noticias\\\/despiden-a-los-nueve-socorristas-fallecidos-en-incendio-en-buenos-aires\\\/#organizationLogo\"},\"sameAs\":[\"https:\\\/\\\/facebook.com\\\/eldigitaldeasturias\",\"https:\\\/\\\/www.youtube.com\\\/channel\\\/UCZP-2wLEB9Rv6erhFmqVnvg\"],\"address\":{\"@id\":\"https:\\\/\\\/www.eldigitaldeasturias.com\\\/noticias\\\/#postaladdress\",\"@type\":\"PostalAddress\",\"streetAddress\":\"san antonio 4\",\"postalCode\":\"33430\",\"addressLocality\":\"Cand\\u00e1s\",\"addressRegion\":\"Asturias\",\"addressCountry\":\"ES\"}},{\"@type\":\"Person\",\"@id\":\"https:\\\/\\\/www.eldigitaldeasturias.com\\\/noticias\\\/author\\\/admin\\\/#author\",\"url\":\"https:\\\/\\\/www.eldigitaldeasturias.com\\\/noticias\\\/author\\\/admin\\\/\",\"name\":\"El Digital de Asturias\",\"image\":{\"@type\":\"ImageObject\",\"@id\":\"https:\\\/\\\/www.eldigitaldeasturias.com\\\/noticias\\\/despiden-a-los-nueve-socorristas-fallecidos-en-incendio-en-buenos-aires\\\/#authorImage\",\"url\":\"https:\\\/\\\/secure.gravatar.com\\\/avatar\\\/df2aeffc32bcd13f8d26072ef8a91b623d677766deac7f97ca815868cd41bf5e?s=96&d=mm&r=g\",\"width\":96,\"height\":96,\"caption\":\"El Digital de Asturias\"}},{\"@type\":\"WebPage\",\"@id\":\"https:\\\/\\\/www.eldigitaldeasturias.com\\\/noticias\\\/despiden-a-los-nueve-socorristas-fallecidos-en-incendio-en-buenos-aires\\\/#webpage\",\"url\":\"https:\\\/\\\/www.eldigitaldeasturias.com\\\/noticias\\\/despiden-a-los-nueve-socorristas-fallecidos-en-incendio-en-buenos-aires\\\/\",\"name\":\"Despiden a los nueve socorristas fallecidos en incendio en Buenos Aires - El Digital de Asturias\",\"description\":\"Buenos Aires, 6 feb (EFE).- Cientos de personas despidieron hoy a los nueve miembros de los equipos de emergencias fallecidos este mi\\u00e9rcoles mientras intentaban apagar un incendio en un almac\\u00e9n del sur de Buenos Aires. Familiares, amigos y colegas de los seis bomberos de la Polic\\u00eda Federal muertos se acercaron a darles su \\u00faltimo adi\\u00f3s\",\"inLanguage\":\"es-ES\",\"isPartOf\":{\"@id\":\"https:\\\/\\\/www.eldigitaldeasturias.com\\\/noticias\\\/#website\"},\"breadcrumb\":{\"@id\":\"https:\\\/\\\/www.eldigitaldeasturias.com\\\/noticias\\\/despiden-a-los-nueve-socorristas-fallecidos-en-incendio-en-buenos-aires\\\/#breadcrumblist\"},\"author\":{\"@id\":\"https:\\\/\\\/www.eldigitaldeasturias.com\\\/noticias\\\/author\\\/admin\\\/#author\"},\"creator\":{\"@id\":\"https:\\\/\\\/www.eldigitaldeasturias.com\\\/noticias\\\/author\\\/admin\\\/#author\"},\"image\":{\"@type\":\"ImageObject\",\"url\":485902,\"@id\":\"https:\\\/\\\/www.eldigitaldeasturias.com\\\/noticias\\\/despiden-a-los-nueve-socorristas-fallecidos-en-incendio-en-buenos-aires\\\/#mainImage\"},\"primaryImageOfPage\":{\"@id\":\"https:\\\/\\\/www.eldigitaldeasturias.com\\\/noticias\\\/despiden-a-los-nueve-socorristas-fallecidos-en-incendio-en-buenos-aires\\\/#mainImage\"},\"datePublished\":\"2014-02-07T18:08:32+01:00\",\"dateModified\":\"2014-02-07T18:08:32+01:00\"},{\"@type\":\"WebSite\",\"@id\":\"https:\\\/\\\/www.eldigitaldeasturias.com\\\/noticias\\\/#website\",\"url\":\"https:\\\/\\\/www.eldigitaldeasturias.com\\\/noticias\\\/\",\"name\":\"El Digital de Asturias - Diario de actualidad y noticias\",\"alternateName\":\"El Digital de Asturias - Diario de actualidad y noticias\",\"description\":\"Hemeroteca\",\"inLanguage\":\"es-ES\",\"publisher\":{\"@id\":\"https:\\\/\\\/www.eldigitaldeasturias.com\\\/noticias\\\/#organization\"}}]}\n\t\t<\/script>\n\t\t<!-- All in One SEO Pro -->\r\n\t\t<title>Despiden a los nueve socorristas fallecidos en incendio en Buenos Aires - El Digital de Asturias<\/title>\n\n","aioseo_head_json":{"title":"Despiden a los nueve socorristas fallecidos en incendio en Buenos Aires - El Digital de Asturias","description":"Buenos Aires, 6 feb (EFE).- Cientos de personas despidieron hoy a los nueve miembros de los equipos de emergencias fallecidos este mi\u00e9rcoles mientras intentaban apagar un incendio en un almac\u00e9n del sur de Buenos Aires. Familiares, amigos y colegas de los seis bomberos de la Polic\u00eda Federal muertos se acercaron a darles su \u00faltimo adi\u00f3s","canonical_url":"https:\/\/www.eldigitaldeasturias.com\/noticias\/despiden-a-los-nueve-socorristas-fallecidos-en-incendio-en-buenos-aires\/","robots":"max-image-preview:large","keywords":"actualidad","webmasterTools":{"google-site-verification":"UA-38556648-1","msvalidate.01":"7dfe9f3f1b24437ab69f4f2559babe99","miscellaneous":""},"schema":{"@context":"https:\/\/schema.org","@graph":[{"@type":"BlogPosting","@id":"https:\/\/www.eldigitaldeasturias.com\/noticias\/despiden-a-los-nueve-socorristas-fallecidos-en-incendio-en-buenos-aires\/#blogposting","name":"Despiden a los nueve socorristas fallecidos en incendio en Buenos Aires - El Digital de Asturias","headline":"Despiden a los nueve socorristas fallecidos en incendio en Buenos Aires","author":{"@id":"https:\/\/www.eldigitaldeasturias.com\/noticias\/author\/admin\/#author"},"publisher":{"@id":"https:\/\/www.eldigitaldeasturias.com\/noticias\/#organization"},"image":{"@type":"ImageObject","url":485902},"datePublished":"2014-02-07T18:08:32+01:00","dateModified":"2014-02-07T18:08:32+01:00","inLanguage":"es-ES","mainEntityOfPage":{"@id":"https:\/\/www.eldigitaldeasturias.com\/noticias\/despiden-a-los-nueve-socorristas-fallecidos-en-incendio-en-buenos-aires\/#webpage"},"isPartOf":{"@id":"https:\/\/www.eldigitaldeasturias.com\/noticias\/despiden-a-los-nueve-socorristas-fallecidos-en-incendio-en-buenos-aires\/#webpage"},"articleSection":"Actualidad"},{"@type":"BreadcrumbList","@id":"https:\/\/www.eldigitaldeasturias.com\/noticias\/despiden-a-los-nueve-socorristas-fallecidos-en-incendio-en-buenos-aires\/#breadcrumblist","itemListElement":[{"@type":"ListItem","@id":"https:\/\/www.eldigitaldeasturias.com\/noticias#listItem","position":1,"name":"Home","item":"https:\/\/www.eldigitaldeasturias.com\/noticias","nextItem":{"@type":"ListItem","@id":"https:\/\/www.eldigitaldeasturias.com\/noticias\/category\/actualidad\/#listItem","name":"Actualidad"}},{"@type":"ListItem","@id":"https:\/\/www.eldigitaldeasturias.com\/noticias\/category\/actualidad\/#listItem","position":2,"name":"Actualidad","item":"https:\/\/www.eldigitaldeasturias.com\/noticias\/category\/actualidad\/","nextItem":{"@type":"ListItem","@id":"https:\/\/www.eldigitaldeasturias.com\/noticias\/despiden-a-los-nueve-socorristas-fallecidos-en-incendio-en-buenos-aires\/#listItem","name":"Despiden a los nueve socorristas fallecidos en incendio en Buenos Aires"},"previousItem":{"@type":"ListItem","@id":"https:\/\/www.eldigitaldeasturias.com\/noticias#listItem","name":"Home"}},{"@type":"ListItem","@id":"https:\/\/www.eldigitaldeasturias.com\/noticias\/despiden-a-los-nueve-socorristas-fallecidos-en-incendio-en-buenos-aires\/#listItem","position":3,"name":"Despiden a los nueve socorristas fallecidos en incendio en Buenos Aires","previousItem":{"@type":"ListItem","@id":"https:\/\/www.eldigitaldeasturias.com\/noticias\/category\/actualidad\/#listItem","name":"Actualidad"}}]},{"@type":"Organization","@id":"https:\/\/www.eldigitaldeasturias.com\/noticias\/#organization","name":"El Digital de Asturias","description":"Hemeroteca","url":"https:\/\/www.eldigitaldeasturias.com\/noticias\/","email":"info@eldigitaldeasturias.com","telephone":"+34652131393","logo":{"@type":"ImageObject","url":"https:\/\/www.eldigitaldeasturias.com\/noticias\/wp-content\/uploads\/2020\/12\/EDA.jpg","@id":"https:\/\/www.eldigitaldeasturias.com\/noticias\/despiden-a-los-nueve-socorristas-fallecidos-en-incendio-en-buenos-aires\/#organizationLogo"},"image":{"@id":"https:\/\/www.eldigitaldeasturias.com\/noticias\/despiden-a-los-nueve-socorristas-fallecidos-en-incendio-en-buenos-aires\/#organizationLogo"},"sameAs":["https:\/\/facebook.com\/eldigitaldeasturias","https:\/\/www.youtube.com\/channel\/UCZP-2wLEB9Rv6erhFmqVnvg"],"address":{"@id":"https:\/\/www.eldigitaldeasturias.com\/noticias\/#postaladdress","@type":"PostalAddress","streetAddress":"san antonio 4","postalCode":"33430","addressLocality":"Cand\u00e1s","addressRegion":"Asturias","addressCountry":"ES"}},{"@type":"Person","@id":"https:\/\/www.eldigitaldeasturias.com\/noticias\/author\/admin\/#author","url":"https:\/\/www.eldigitaldeasturias.com\/noticias\/author\/admin\/","name":"El Digital de Asturias","image":{"@type":"ImageObject","@id":"https:\/\/www.eldigitaldeasturias.com\/noticias\/despiden-a-los-nueve-socorristas-fallecidos-en-incendio-en-buenos-aires\/#authorImage","url":"https:\/\/secure.gravatar.com\/avatar\/df2aeffc32bcd13f8d26072ef8a91b623d677766deac7f97ca815868cd41bf5e?s=96&d=mm&r=g","width":96,"height":96,"caption":"El Digital de Asturias"}},{"@type":"WebPage","@id":"https:\/\/www.eldigitaldeasturias.com\/noticias\/despiden-a-los-nueve-socorristas-fallecidos-en-incendio-en-buenos-aires\/#webpage","url":"https:\/\/www.eldigitaldeasturias.com\/noticias\/despiden-a-los-nueve-socorristas-fallecidos-en-incendio-en-buenos-aires\/","name":"Despiden a los nueve socorristas fallecidos en incendio en Buenos Aires - El Digital de Asturias","description":"Buenos Aires, 6 feb (EFE).- Cientos de personas despidieron hoy a los nueve miembros de los equipos de emergencias fallecidos este mi\u00e9rcoles mientras intentaban apagar un incendio en un almac\u00e9n del sur de Buenos Aires. Familiares, amigos y colegas de los seis bomberos de la Polic\u00eda Federal muertos se acercaron a darles su \u00faltimo adi\u00f3s","inLanguage":"es-ES","isPartOf":{"@id":"https:\/\/www.eldigitaldeasturias.com\/noticias\/#website"},"breadcrumb":{"@id":"https:\/\/www.eldigitaldeasturias.com\/noticias\/despiden-a-los-nueve-socorristas-fallecidos-en-incendio-en-buenos-aires\/#breadcrumblist"},"author":{"@id":"https:\/\/www.eldigitaldeasturias.com\/noticias\/author\/admin\/#author"},"creator":{"@id":"https:\/\/www.eldigitaldeasturias.com\/noticias\/author\/admin\/#author"},"image":{"@type":"ImageObject","url":485902,"@id":"https:\/\/www.eldigitaldeasturias.com\/noticias\/despiden-a-los-nueve-socorristas-fallecidos-en-incendio-en-buenos-aires\/#mainImage"},"primaryImageOfPage":{"@id":"https:\/\/www.eldigitaldeasturias.com\/noticias\/despiden-a-los-nueve-socorristas-fallecidos-en-incendio-en-buenos-aires\/#mainImage"},"datePublished":"2014-02-07T18:08:32+01:00","dateModified":"2014-02-07T18:08:32+01:00"},{"@type":"WebSite","@id":"https:\/\/www.eldigitaldeasturias.com\/noticias\/#website","url":"https:\/\/www.eldigitaldeasturias.com\/noticias\/","name":"El Digital de Asturias - Diario de actualidad y noticias","alternateName":"El Digital de Asturias - Diario de actualidad y noticias","description":"Hemeroteca","inLanguage":"es-ES","publisher":{"@id":"https:\/\/www.eldigitaldeasturias.com\/noticias\/#organization"}}]},"og:locale":"es_ES","og:site_name":"El Digital de Asturias","og:type":"article","og:title":"Despiden a los nueve socorristas fallecidos en incendio en Buenos Aires - El Digital de Asturias","og:description":"Buenos Aires, 6 feb (EFE).- Cientos de personas despidieron hoy a los nueve miembros de los equipos de emergencias fallecidos este mi\u00e9rcoles mientras intentaban apagar un incendio en un almac\u00e9n del sur de Buenos Aires. Familiares, amigos y colegas de los seis bomberos de la Polic\u00eda Federal muertos se acercaron a darles su \u00faltimo adi\u00f3s","og:url":"https:\/\/www.eldigitaldeasturias.com\/noticias\/despiden-a-los-nueve-socorristas-fallecidos-en-incendio-en-buenos-aires\/","article:tag":["actualidad"],"article:published_time":"2014-02-07T19:08:32+00:00","article:modified_time":"2014-02-07T19:08:32+00:00","article:publisher":"https:\/\/facebook.com\/eldigitaldeasturias","twitter:card":"summary_large_image","twitter:title":"Despiden a los nueve socorristas fallecidos en incendio en Buenos Aires - El Digital de Asturias","twitter:description":"Buenos Aires, 6 feb (EFE).- Cientos de personas despidieron hoy a los nueve miembros de los equipos de emergencias fallecidos este mi\u00e9rcoles mientras intentaban apagar un incendio en un almac\u00e9n del sur de Buenos Aires. Familiares, amigos y colegas de los seis bomberos de la Polic\u00eda Federal muertos se acercaron a darles su \u00faltimo adi\u00f3s","twitter:label1":"Escrito por","twitter:data1":"El Digital de Asturias","twitter:label2":"Tiempo de lectura estimado","twitter:data2":"1 minuto"},"aioseo_meta_data":{"post_id":"485901","title":null,"description":null,"keywords":null,"keyphrases":null,"primary_term":null,"canonical_url":null,"og_title":null,"og_description":null,"og_object_type":"default","og_image_type":"default","og_image_url":null,"og_image_width":null,"og_image_height":null,"og_image_custom_url":null,"og_image_custom_fields":null,"og_video":null,"og_custom_url":null,"og_article_section":null,"og_article_tags":null,"twitter_use_og":true,"twitter_card":"default","twitter_image_type":"default","twitter_image_url":null,"twitter_image_custom_url":null,"twitter_image_custom_fields":null,"twitter_title":null,"twitter_description":null,"schema":{"blockGraphs":[],"customGraphs":[],"default":{"data":{"Article":[],"Course":[],"Dataset":[],"FAQPage":[],"Movie":[],"Person":[],"Product":[],"ProductReview":[],"Car":[],"Recipe":[],"Service":[],"SoftwareApplication":[],"WebPage":[]},"graphName":"","isEnabled":true},"graphs":[],"defaultGraph":"","defaultPostTypeGraph":""},"schema_type":null,"schema_type_options":null,"pillar_content":false,"robots_default":true,"robots_noindex":false,"robots_noarchive":false,"robots_nosnippet":false,"robots_nofollow":false,"robots_noimageindex":false,"robots_noodp":false,"robots_notranslate":false,"robots_max_snippet":null,"robots_max_videopreview":null,"robots_max_imagepreview":"none","priority":null,"frequency":null,"local_seo":null,"seo_analyzer_scan_date":"2026-06-02 22:31:12","breadcrumb_settings":null,"limit_modified_date":false,"open_ai":null,"ai":null,"created":"2020-11-14 22:55:26","updated":"2026-06-02 22:31:12","focus_keyword":null,"additional_keywords":null,"truseo_locale":null},"aioseo_breadcrumb":"<div class=\"aioseo-breadcrumbs\"><span class=\"aioseo-breadcrumb\">\n\t<a href=\"https:\/\/www.eldigitaldeasturias.com\/noticias\" title=\"Home\">Home<\/a>\n<\/span><span class=\"aioseo-breadcrumb-separator\">\u2013<\/span><span class=\"aioseo-breadcrumb\">\n\t<a href=\"https:\/\/www.eldigitaldeasturias.com\/noticias\/category\/actualidad\/\" title=\"Actualidad\">Actualidad<\/a>\n<\/span><span class=\"aioseo-breadcrumb-separator\">\u2013<\/span><span class=\"aioseo-breadcrumb\">\n\t<a href=\"https:\/\/www.eldigitaldeasturias.com\/noticias\/despiden-a-los-nueve-socorristas-fallecidos-en-incendio-en-buenos-aires\/\" title=\"Despiden a los nueve socorristas fallecidos en incendio en Buenos Aires\">Despiden a los nueve socorristas fallecidos en incendio en Buenos Aires<\/a>\n<\/span><\/div>","aioseo_breadcrumb_json":[{"label":"Home","link":"https:\/\/www.eldigitaldeasturias.com\/noticias"},{"label":"Actualidad","link":"https:\/\/www.eldigitaldeasturias.com\/noticias\/category\/actualidad\/"},{"label":"Despiden a los nueve socorristas fallecidos en incendio en Buenos Aires","link":"https:\/\/www.eldigitaldeasturias.com\/noticias\/despiden-a-los-nueve-socorristas-fallecidos-en-incendio-en-buenos-aires\/"}],"_links":{"self":[{"href":"https:\/\/www.eldigitaldeasturias.com\/noticias\/wp-json\/wp\/v2\/posts\/485901","targetHints":{"allow":["GET"]}}],"collection":[{"href":"https:\/\/www.eldigitaldeasturias.com\/noticias\/wp-json\/wp\/v2\/posts"}],"about":[{"href":"https:\/\/www.eldigitaldeasturias.com\/noticias\/wp-json\/wp\/v2\/types\/post"}],"author":[{"embeddable":true,"href":"https:\/\/www.eldigitaldeasturias.com\/noticias\/wp-json\/wp\/v2\/users\/1"}],"replies":[{"embeddable":true,"href":"https:\/\/www.eldigitaldeasturias.com\/noticias\/wp-json\/wp\/v2\/comments?post=485901"}],"version-history":[{"count":0,"href":"https:\/\/www.eldigitaldeasturias.com\/noticias\/wp-json\/wp\/v2\/posts\/485901\/revisions"}],"wp:attachment":[{"href":"https:\/\/www.eldigitaldeasturias.com\/noticias\/wp-json\/wp\/v2\/media?parent=485901"}],"wp:term":[{"taxonomy":"category","embeddable":true,"href":"https:\/\/www.eldigitaldeasturias.com\/noticias\/wp-json\/wp\/v2\/categories?post=485901"},{"taxonomy":"post_tag","embeddable":true,"href":"https:\/\/www.eldigitaldeasturias.com\/noticias\/wp-json\/wp\/v2\/tags?post=485901"}],"curies":[{"name":"wp","href":"https:\/\/api.w.org\/{rel}","templated":true}]}}