{"id":485898,"date":"2014-02-07T18:07:25","date_gmt":"2014-02-07T19:07:25","guid":{"rendered":"http:\/\/www.eldigitaldeasturias.com\/noticias\/?p=485898"},"modified":"2014-02-07T18:07:25","modified_gmt":"2014-02-07T19:07:25","slug":"la-responsable-de-ee-uu-para-europa-se-disculpa-por-decir-que-se-joda-la-ue","status":"publish","type":"post","link":"https:\/\/www.eldigitaldeasturias.com\/noticias\/la-responsable-de-ee-uu-para-europa-se-disculpa-por-decir-que-se-joda-la-ue\/","title":{"rendered":"La responsable de EE.UU. para Europa se disculpa por decir \u00abque se joda la UE\u00bb"},"content":{"rendered":"<p><img loading=\"lazy\" decoding=\"async\" class=\"alignleft size-medium wp-image-485899\" alt=\"5918938w\" src=\"https:\/\/www.eldigitaldeasturias.com\/noticias\/wp-content\/uploads\/2014\/02\/5918938w-360x239.jpg\" width=\"360\" height=\"239\" \/>Washington, 6 feb (EFE).- La secretaria de Estado adjunta de EEUU para Asuntos Europeos, Victoria Nuland, se disculp\u00f3 hoy con la Uni\u00f3n Europea (UE) despu\u00e9s de que saliera a la luz la grabaci\u00f3n de una conversaci\u00f3n telef\u00f3nica sobre la crisis en Ucrania en la que dijo \u00abque se joda la UE\u00bb, inform\u00f3 el Departamento de Estado.<\/p>\n<p>La Casa Blanca y el Departamento de Estado acusaron hoy a Rusia de pinchar una conversaci\u00f3n telef\u00f3nica entre Nuland y el embajador de EE.UU. en Ucrania, Geoff Pyatt, y despu\u00e9s hacerla p\u00fablica en un v\u00eddeo en el canal Youtube (http:\/\/youtu.be\/MSxaa-67yGM), en el que se escucha a la funcionaria decir: \u00abque se joda la UE\u00bb.<\/p>\n<p>\u00abElla (Nuland) ha estado en contacto cercano con sus hom\u00f3logos en la UE, y por supuesto se ha disculpado\u00bb, dijo la portavoz del Departamento de Estado, Jen Psaki, en conferencia de prensa.<\/p>\n<p>Psaki evit\u00f3 comentar las palabras concretas usadas por Nuland al subrayar que se trataba de una \u00abconversaci\u00f3n diplom\u00e1tica privada\u00bb, pero s\u00ed asegur\u00f3 que el hecho de que se haya filtrado y publicado en un v\u00eddeo con subt\u00edtulos en ruso marca \u00abun nuevo punto bajo en las t\u00e1cticas rusas\u00bb.<\/p>\n<p>\u00abNo tengo detalles independientes sobre los or\u00edgenes del v\u00eddeo de Youtube. Pero esto es algo que han estado promoviendo activamente, sobre lo que han publicado mensajes en Twitter, y ciertamente creemos que representa un nuevo punto bajo\u00bb, afirm\u00f3 Psaki.<\/p>\n<p>Tanto Psaki como el portavoz de la Casa Blanca, Jay Carney, se\u00f1alaron que uno de los primeros en escribir en Twitter sobre el v\u00eddeo fue Dmitry Loskutov, un asesor del viceprimer ministro ruso Dmitry Rogozin.<\/p>\n<p>\u00abEl primero que tom\u00f3 constancia del v\u00eddeo y lo tuite\u00f3 fue el Gobierno ruso. Creo que eso dice algo del papel de Rusia\u00bb, afirm\u00f3 Carney en su conferencia de prensa diaria.<\/p>\n<p>Loskutov public\u00f3 en la ma\u00f1ana del jueves un enlace al v\u00eddeo en su cuenta personal de Twitter, con el comentario \u00abuna declaraci\u00f3n algo controvertida de la secretaria de Estado adjunta Victoria Nuland\u00bb.<\/p>\n<p>Preguntado por periodistas, Loskutov indic\u00f3 en la misma cuenta que \u00abla difusi\u00f3n del v\u00eddeo comenz\u00f3 antes\u00bb de que \u00e9l lo enlazara y que el hecho de que \u00e9l reaccionara \u00abse est\u00e1 utilizando para culpar a Rusia\u00bb, si bien no desminti\u00f3 que el Gobierno ruso est\u00e9 en efecto detr\u00e1s de la difusi\u00f3n de la conversaci\u00f3n telef\u00f3nica.<\/p>\n<p>En el v\u00eddeo, Nuland comenta a Pyatt que se ha enterado de que el secretario general de la ONU, Ban Ki Moon, est\u00e1 a punto de nombrar a un exembajador holand\u00e9s en Kiev, Robert Serry, como su nuevo representante en Ucrania, por recomendaci\u00f3n del subsecretario general de la ONU para asuntos pol\u00edticos, Jeffrey Feltman.<\/p>\n<p>\u00ab\u00c9l (Feltman) ha conseguido que tanto Serry y Ban Ki Moon est\u00e9n de acuerdo en que Serry puede venir el lunes o el martes. Creo que eso ser\u00eda genial para cerrar este asunto y que la ONU lo cierre y, ya sabes, que se joda la UE\u00bb, dice Nuland en la conversaci\u00f3n.<\/p>\n<p>La conversaci\u00f3n tambi\u00e9n ha suscitado cr\u00edticas sobre la posibilidad de que EE.UU. est\u00e9 tratando de moldear el futuro Gobierno en Ucrania de acuerdo a sus intereses, dado que en ella Nuland expresa claramente su oposici\u00f3n a uno de los l\u00edderes opositores, Vitali Klitschk\u00f3, que dirige la formaci\u00f3n UDAR (Golpe).<\/p>\n<p>\u00abNo creo que Klitsch (en referencia a Klitschk\u00f3) deba entrar en el Gobierno. No creo que sea necesario, ni creo que sea una buena idea\u00bb, asevera Nuland, y despu\u00e9s expresa su preferencia por Arseni Yatseniuk, l\u00edder del principal partido opositor, Batkivschina.<\/p>\n<p>\u00abCreo que Yats (Yatseniuk) es el que tiene la experiencia econ\u00f3mica, y el que tiene la experiencia de Gobierno\u00bb, opina.<\/p>\n<p>Psaki insisti\u00f3 hoy en que, pese a esos comentarios, EE.UU. no maneja un asunto interno como es la formaci\u00f3n de Gobierno en Ucrania, y que \u00abno es sorprendente que los funcionarios de EE.UU. den su opini\u00f3n sobre asuntos en una conversaci\u00f3n privada\u00bb.<\/p>\n","protected":false},"excerpt":{"rendered":"<p>Washington, 6 feb (EFE).- La secretaria de Estado adjunta de EEUU para Asuntos Europeos, Victoria Nuland, se disculp\u00f3 hoy con la Uni\u00f3n Europea (UE) despu\u00e9s de que saliera a la luz la grabaci\u00f3n de una conversaci\u00f3n telef\u00f3nica sobre la crisis en Ucrania en la que dijo \u00abque se joda la UE\u00bb, inform\u00f3 el Departamento de [&hellip;]<\/p>\n","protected":false},"author":1,"featured_media":485899,"comment_status":"closed","ping_status":"open","sticky":false,"template":"","format":"standard","meta":{"footnotes":""},"categories":[1],"tags":[],"class_list":["post-485898","post","type-post","status-publish","format-standard","has-post-thumbnail","hentry","category-actualidad"],"aioseo_notices":[],"aioseo_head":"\n\t\t<!-- All in One SEO Pro 5.0.1 - aioseo.com -->\n\t<meta name=\"description\" content=\"Washington, 6 feb (EFE).- La secretaria de Estado adjunta de EEUU para Asuntos Europeos, Victoria Nuland, se disculp\u00f3 hoy con la Uni\u00f3n Europea (UE) despu\u00e9s de que saliera a la luz la grabaci\u00f3n de una conversaci\u00f3n telef\u00f3nica sobre la crisis en Ucrania en la que dijo &quot;que se joda la UE&quot;, inform\u00f3 el Departamento de\" \/>\n\t<meta name=\"robots\" content=\"max-image-preview:large\" \/>\n\t<meta name=\"author\" content=\"El Digital de Asturias\"\/>\n\t<meta name=\"google-site-verification\" content=\"UA-38556648-1\" \/>\n\t<meta name=\"msvalidate.01\" content=\"7dfe9f3f1b24437ab69f4f2559babe99\" \/>\n\t<meta name=\"keywords\" content=\"actualidad\" \/>\n\t<link rel=\"canonical\" href=\"https:\/\/www.eldigitaldeasturias.com\/noticias\/la-responsable-de-ee-uu-para-europa-se-disculpa-por-decir-que-se-joda-la-ue\/\" \/>\n\t<meta name=\"generator\" content=\"All in One SEO Pro (AIOSEO) 5.0.1\" \/>\n\t\t<meta property=\"og:locale\" content=\"es_ES\" \/>\n\t\t<meta property=\"og:site_name\" content=\"El Digital de Asturias\" \/>\n\t\t<meta property=\"og:type\" content=\"article\" \/>\n\t\t<meta property=\"og:title\" content=\"La responsable de EE.UU. para Europa se disculpa por decir \u00abque se joda la UE\u00bb - El Digital de Asturias\" \/>\n\t\t<meta property=\"og:description\" content=\"Washington, 6 feb (EFE).- La secretaria de Estado adjunta de EEUU para Asuntos Europeos, Victoria Nuland, se disculp\u00f3 hoy con la Uni\u00f3n Europea (UE) despu\u00e9s de que saliera a la luz la grabaci\u00f3n de una conversaci\u00f3n telef\u00f3nica sobre la crisis en Ucrania en la que dijo &quot;que se joda la UE&quot;, inform\u00f3 el Departamento de\" \/>\n\t\t<meta property=\"og:url\" content=\"https:\/\/www.eldigitaldeasturias.com\/noticias\/la-responsable-de-ee-uu-para-europa-se-disculpa-por-decir-que-se-joda-la-ue\/\" \/>\n\t\t<meta property=\"article:tag\" content=\"actualidad\" \/>\n\t\t<meta property=\"article:published_time\" content=\"2014-02-07T19:07:25+00:00\" \/>\n\t\t<meta property=\"article:modified_time\" content=\"2014-02-07T19:07:25+00:00\" \/>\n\t\t<meta property=\"article:publisher\" content=\"https:\/\/facebook.com\/eldigitaldeasturias\" \/>\n\t\t<meta name=\"twitter:card\" content=\"summary_large_image\" \/>\n\t\t<meta name=\"twitter:title\" content=\"La responsable de EE.UU. para Europa se disculpa por decir \u00abque se joda la UE\u00bb - El Digital de Asturias\" \/>\n\t\t<meta name=\"twitter:description\" content=\"Washington, 6 feb (EFE).- La secretaria de Estado adjunta de EEUU para Asuntos Europeos, Victoria Nuland, se disculp\u00f3 hoy con la Uni\u00f3n Europea (UE) despu\u00e9s de que saliera a la luz la grabaci\u00f3n de una conversaci\u00f3n telef\u00f3nica sobre la crisis en Ucrania en la que dijo &quot;que se joda la UE&quot;, inform\u00f3 el Departamento de\" \/>\n\t\t<meta name=\"twitter:label1\" content=\"Escrito por\" \/>\n\t\t<meta name=\"twitter:data1\" content=\"El Digital de Asturias\" \/>\n\t\t<meta name=\"twitter:label2\" content=\"Tiempo de lectura estimado\" \/>\n\t\t<meta name=\"twitter:data2\" content=\"3 minutos\" \/>\n\t\t<script type=\"application\/ld+json\" class=\"aioseo-schema\">\n\t\t\t{\"@context\":\"https:\\\/\\\/schema.org\",\"@graph\":[{\"@type\":\"BlogPosting\",\"@id\":\"https:\\\/\\\/www.eldigitaldeasturias.com\\\/noticias\\\/la-responsable-de-ee-uu-para-europa-se-disculpa-por-decir-que-se-joda-la-ue\\\/#blogposting\",\"name\":\"La responsable de EE.UU. para Europa se disculpa por decir \\u00abque se joda la UE\\u00bb - El Digital de Asturias\",\"headline\":\"La responsable de EE.UU. para Europa se disculpa por decir \\u00abque se joda la UE\\u00bb\",\"author\":{\"@id\":\"https:\\\/\\\/www.eldigitaldeasturias.com\\\/noticias\\\/author\\\/admin\\\/#author\"},\"publisher\":{\"@id\":\"https:\\\/\\\/www.eldigitaldeasturias.com\\\/noticias\\\/#organization\"},\"image\":{\"@type\":\"ImageObject\",\"url\":485899},\"datePublished\":\"2014-02-07T18:07:25+01:00\",\"dateModified\":\"2014-02-07T18:07:25+01:00\",\"inLanguage\":\"es-ES\",\"mainEntityOfPage\":{\"@id\":\"https:\\\/\\\/www.eldigitaldeasturias.com\\\/noticias\\\/la-responsable-de-ee-uu-para-europa-se-disculpa-por-decir-que-se-joda-la-ue\\\/#webpage\"},\"isPartOf\":{\"@id\":\"https:\\\/\\\/www.eldigitaldeasturias.com\\\/noticias\\\/la-responsable-de-ee-uu-para-europa-se-disculpa-por-decir-que-se-joda-la-ue\\\/#webpage\"},\"articleSection\":\"Actualidad\"},{\"@type\":\"BreadcrumbList\",\"@id\":\"https:\\\/\\\/www.eldigitaldeasturias.com\\\/noticias\\\/la-responsable-de-ee-uu-para-europa-se-disculpa-por-decir-que-se-joda-la-ue\\\/#breadcrumblist\",\"itemListElement\":[{\"@type\":\"ListItem\",\"@id\":\"https:\\\/\\\/www.eldigitaldeasturias.com\\\/noticias#listItem\",\"position\":1,\"name\":\"Home\",\"item\":\"https:\\\/\\\/www.eldigitaldeasturias.com\\\/noticias\",\"nextItem\":{\"@type\":\"ListItem\",\"@id\":\"https:\\\/\\\/www.eldigitaldeasturias.com\\\/noticias\\\/category\\\/actualidad\\\/#listItem\",\"name\":\"Actualidad\"}},{\"@type\":\"ListItem\",\"@id\":\"https:\\\/\\\/www.eldigitaldeasturias.com\\\/noticias\\\/category\\\/actualidad\\\/#listItem\",\"position\":2,\"name\":\"Actualidad\",\"item\":\"https:\\\/\\\/www.eldigitaldeasturias.com\\\/noticias\\\/category\\\/actualidad\\\/\",\"nextItem\":{\"@type\":\"ListItem\",\"@id\":\"https:\\\/\\\/www.eldigitaldeasturias.com\\\/noticias\\\/la-responsable-de-ee-uu-para-europa-se-disculpa-por-decir-que-se-joda-la-ue\\\/#listItem\",\"name\":\"La responsable de EE.UU. para Europa se disculpa por decir \\u00abque se joda la UE\\u00bb\"},\"previousItem\":{\"@type\":\"ListItem\",\"@id\":\"https:\\\/\\\/www.eldigitaldeasturias.com\\\/noticias#listItem\",\"name\":\"Home\"}},{\"@type\":\"ListItem\",\"@id\":\"https:\\\/\\\/www.eldigitaldeasturias.com\\\/noticias\\\/la-responsable-de-ee-uu-para-europa-se-disculpa-por-decir-que-se-joda-la-ue\\\/#listItem\",\"position\":3,\"name\":\"La responsable de EE.UU. para Europa se disculpa por decir \\u00abque se joda la UE\\u00bb\",\"previousItem\":{\"@type\":\"ListItem\",\"@id\":\"https:\\\/\\\/www.eldigitaldeasturias.com\\\/noticias\\\/category\\\/actualidad\\\/#listItem\",\"name\":\"Actualidad\"}}]},{\"@type\":\"Organization\",\"@id\":\"https:\\\/\\\/www.eldigitaldeasturias.com\\\/noticias\\\/#organization\",\"name\":\"El Digital de Asturias\",\"description\":\"Hemeroteca\",\"url\":\"https:\\\/\\\/www.eldigitaldeasturias.com\\\/noticias\\\/\",\"email\":\"info@eldigitaldeasturias.com\",\"telephone\":\"+34652131393\",\"logo\":{\"@type\":\"ImageObject\",\"url\":\"https:\\\/\\\/www.eldigitaldeasturias.com\\\/noticias\\\/wp-content\\\/uploads\\\/2020\\\/12\\\/EDA.jpg\",\"@id\":\"https:\\\/\\\/www.eldigitaldeasturias.com\\\/noticias\\\/la-responsable-de-ee-uu-para-europa-se-disculpa-por-decir-que-se-joda-la-ue\\\/#organizationLogo\"},\"image\":{\"@id\":\"https:\\\/\\\/www.eldigitaldeasturias.com\\\/noticias\\\/la-responsable-de-ee-uu-para-europa-se-disculpa-por-decir-que-se-joda-la-ue\\\/#organizationLogo\"},\"sameAs\":[\"https:\\\/\\\/facebook.com\\\/eldigitaldeasturias\",\"https:\\\/\\\/www.youtube.com\\\/channel\\\/UCZP-2wLEB9Rv6erhFmqVnvg\"],\"address\":{\"@id\":\"https:\\\/\\\/www.eldigitaldeasturias.com\\\/noticias\\\/#postaladdress\",\"@type\":\"PostalAddress\",\"streetAddress\":\"san antonio 4\",\"postalCode\":\"33430\",\"addressLocality\":\"Cand\\u00e1s\",\"addressRegion\":\"Asturias\",\"addressCountry\":\"ES\"}},{\"@type\":\"Person\",\"@id\":\"https:\\\/\\\/www.eldigitaldeasturias.com\\\/noticias\\\/author\\\/admin\\\/#author\",\"url\":\"https:\\\/\\\/www.eldigitaldeasturias.com\\\/noticias\\\/author\\\/admin\\\/\",\"name\":\"El Digital de Asturias\",\"image\":{\"@type\":\"ImageObject\",\"@id\":\"https:\\\/\\\/www.eldigitaldeasturias.com\\\/noticias\\\/la-responsable-de-ee-uu-para-europa-se-disculpa-por-decir-que-se-joda-la-ue\\\/#authorImage\",\"url\":\"https:\\\/\\\/secure.gravatar.com\\\/avatar\\\/df2aeffc32bcd13f8d26072ef8a91b623d677766deac7f97ca815868cd41bf5e?s=96&d=mm&r=g\",\"width\":96,\"height\":96,\"caption\":\"El Digital de Asturias\"}},{\"@type\":\"WebPage\",\"@id\":\"https:\\\/\\\/www.eldigitaldeasturias.com\\\/noticias\\\/la-responsable-de-ee-uu-para-europa-se-disculpa-por-decir-que-se-joda-la-ue\\\/#webpage\",\"url\":\"https:\\\/\\\/www.eldigitaldeasturias.com\\\/noticias\\\/la-responsable-de-ee-uu-para-europa-se-disculpa-por-decir-que-se-joda-la-ue\\\/\",\"name\":\"La responsable de EE.UU. para Europa se disculpa por decir \\u00abque se joda la UE\\u00bb - El Digital de Asturias\",\"description\":\"Washington, 6 feb (EFE).- La secretaria de Estado adjunta de EEUU para Asuntos Europeos, Victoria Nuland, se disculp\\u00f3 hoy con la Uni\\u00f3n Europea (UE) despu\\u00e9s de que saliera a la luz la grabaci\\u00f3n de una conversaci\\u00f3n telef\\u00f3nica sobre la crisis en Ucrania en la que dijo \\\"que se joda la UE\\\", inform\\u00f3 el Departamento de\",\"inLanguage\":\"es-ES\",\"isPartOf\":{\"@id\":\"https:\\\/\\\/www.eldigitaldeasturias.com\\\/noticias\\\/#website\"},\"breadcrumb\":{\"@id\":\"https:\\\/\\\/www.eldigitaldeasturias.com\\\/noticias\\\/la-responsable-de-ee-uu-para-europa-se-disculpa-por-decir-que-se-joda-la-ue\\\/#breadcrumblist\"},\"author\":{\"@id\":\"https:\\\/\\\/www.eldigitaldeasturias.com\\\/noticias\\\/author\\\/admin\\\/#author\"},\"creator\":{\"@id\":\"https:\\\/\\\/www.eldigitaldeasturias.com\\\/noticias\\\/author\\\/admin\\\/#author\"},\"image\":{\"@type\":\"ImageObject\",\"url\":485899,\"@id\":\"https:\\\/\\\/www.eldigitaldeasturias.com\\\/noticias\\\/la-responsable-de-ee-uu-para-europa-se-disculpa-por-decir-que-se-joda-la-ue\\\/#mainImage\"},\"primaryImageOfPage\":{\"@id\":\"https:\\\/\\\/www.eldigitaldeasturias.com\\\/noticias\\\/la-responsable-de-ee-uu-para-europa-se-disculpa-por-decir-que-se-joda-la-ue\\\/#mainImage\"},\"datePublished\":\"2014-02-07T18:07:25+01:00\",\"dateModified\":\"2014-02-07T18:07:25+01:00\"},{\"@type\":\"WebSite\",\"@id\":\"https:\\\/\\\/www.eldigitaldeasturias.com\\\/noticias\\\/#website\",\"url\":\"https:\\\/\\\/www.eldigitaldeasturias.com\\\/noticias\\\/\",\"name\":\"El Digital de Asturias - Diario de actualidad y noticias\",\"alternateName\":\"El Digital de Asturias - Diario de actualidad y noticias\",\"description\":\"Hemeroteca\",\"inLanguage\":\"es-ES\",\"publisher\":{\"@id\":\"https:\\\/\\\/www.eldigitaldeasturias.com\\\/noticias\\\/#organization\"}}]}\n\t\t<\/script>\n\t\t<!-- All in One SEO Pro -->\r\n\t\t<title>La responsable de EE.UU. para Europa se disculpa por decir \u00abque se joda la UE\u00bb - El Digital de Asturias<\/title>\n\n","aioseo_head_json":{"title":"La responsable de EE.UU. para Europa se disculpa por decir \u00abque se joda la UE\u00bb - El Digital de Asturias","description":"Washington, 6 feb (EFE).- La secretaria de Estado adjunta de EEUU para Asuntos Europeos, Victoria Nuland, se disculp\u00f3 hoy con la Uni\u00f3n Europea (UE) despu\u00e9s de que saliera a la luz la grabaci\u00f3n de una conversaci\u00f3n telef\u00f3nica sobre la crisis en Ucrania en la que dijo \"que se joda la UE\", inform\u00f3 el Departamento de","canonical_url":"https:\/\/www.eldigitaldeasturias.com\/noticias\/la-responsable-de-ee-uu-para-europa-se-disculpa-por-decir-que-se-joda-la-ue\/","robots":"max-image-preview:large","keywords":"actualidad","webmasterTools":{"google-site-verification":"UA-38556648-1","msvalidate.01":"7dfe9f3f1b24437ab69f4f2559babe99","miscellaneous":""},"schema":{"@context":"https:\/\/schema.org","@graph":[{"@type":"BlogPosting","@id":"https:\/\/www.eldigitaldeasturias.com\/noticias\/la-responsable-de-ee-uu-para-europa-se-disculpa-por-decir-que-se-joda-la-ue\/#blogposting","name":"La responsable de EE.UU. para Europa se disculpa por decir \u00abque se joda la UE\u00bb - El Digital de Asturias","headline":"La responsable de EE.UU. para Europa se disculpa por decir \u00abque se joda la UE\u00bb","author":{"@id":"https:\/\/www.eldigitaldeasturias.com\/noticias\/author\/admin\/#author"},"publisher":{"@id":"https:\/\/www.eldigitaldeasturias.com\/noticias\/#organization"},"image":{"@type":"ImageObject","url":485899},"datePublished":"2014-02-07T18:07:25+01:00","dateModified":"2014-02-07T18:07:25+01:00","inLanguage":"es-ES","mainEntityOfPage":{"@id":"https:\/\/www.eldigitaldeasturias.com\/noticias\/la-responsable-de-ee-uu-para-europa-se-disculpa-por-decir-que-se-joda-la-ue\/#webpage"},"isPartOf":{"@id":"https:\/\/www.eldigitaldeasturias.com\/noticias\/la-responsable-de-ee-uu-para-europa-se-disculpa-por-decir-que-se-joda-la-ue\/#webpage"},"articleSection":"Actualidad"},{"@type":"BreadcrumbList","@id":"https:\/\/www.eldigitaldeasturias.com\/noticias\/la-responsable-de-ee-uu-para-europa-se-disculpa-por-decir-que-se-joda-la-ue\/#breadcrumblist","itemListElement":[{"@type":"ListItem","@id":"https:\/\/www.eldigitaldeasturias.com\/noticias#listItem","position":1,"name":"Home","item":"https:\/\/www.eldigitaldeasturias.com\/noticias","nextItem":{"@type":"ListItem","@id":"https:\/\/www.eldigitaldeasturias.com\/noticias\/category\/actualidad\/#listItem","name":"Actualidad"}},{"@type":"ListItem","@id":"https:\/\/www.eldigitaldeasturias.com\/noticias\/category\/actualidad\/#listItem","position":2,"name":"Actualidad","item":"https:\/\/www.eldigitaldeasturias.com\/noticias\/category\/actualidad\/","nextItem":{"@type":"ListItem","@id":"https:\/\/www.eldigitaldeasturias.com\/noticias\/la-responsable-de-ee-uu-para-europa-se-disculpa-por-decir-que-se-joda-la-ue\/#listItem","name":"La responsable de EE.UU. para Europa se disculpa por decir \u00abque se joda la UE\u00bb"},"previousItem":{"@type":"ListItem","@id":"https:\/\/www.eldigitaldeasturias.com\/noticias#listItem","name":"Home"}},{"@type":"ListItem","@id":"https:\/\/www.eldigitaldeasturias.com\/noticias\/la-responsable-de-ee-uu-para-europa-se-disculpa-por-decir-que-se-joda-la-ue\/#listItem","position":3,"name":"La responsable de EE.UU. para Europa se disculpa por decir \u00abque se joda la UE\u00bb","previousItem":{"@type":"ListItem","@id":"https:\/\/www.eldigitaldeasturias.com\/noticias\/category\/actualidad\/#listItem","name":"Actualidad"}}]},{"@type":"Organization","@id":"https:\/\/www.eldigitaldeasturias.com\/noticias\/#organization","name":"El Digital de Asturias","description":"Hemeroteca","url":"https:\/\/www.eldigitaldeasturias.com\/noticias\/","email":"info@eldigitaldeasturias.com","telephone":"+34652131393","logo":{"@type":"ImageObject","url":"https:\/\/www.eldigitaldeasturias.com\/noticias\/wp-content\/uploads\/2020\/12\/EDA.jpg","@id":"https:\/\/www.eldigitaldeasturias.com\/noticias\/la-responsable-de-ee-uu-para-europa-se-disculpa-por-decir-que-se-joda-la-ue\/#organizationLogo"},"image":{"@id":"https:\/\/www.eldigitaldeasturias.com\/noticias\/la-responsable-de-ee-uu-para-europa-se-disculpa-por-decir-que-se-joda-la-ue\/#organizationLogo"},"sameAs":["https:\/\/facebook.com\/eldigitaldeasturias","https:\/\/www.youtube.com\/channel\/UCZP-2wLEB9Rv6erhFmqVnvg"],"address":{"@id":"https:\/\/www.eldigitaldeasturias.com\/noticias\/#postaladdress","@type":"PostalAddress","streetAddress":"san antonio 4","postalCode":"33430","addressLocality":"Cand\u00e1s","addressRegion":"Asturias","addressCountry":"ES"}},{"@type":"Person","@id":"https:\/\/www.eldigitaldeasturias.com\/noticias\/author\/admin\/#author","url":"https:\/\/www.eldigitaldeasturias.com\/noticias\/author\/admin\/","name":"El Digital de Asturias","image":{"@type":"ImageObject","@id":"https:\/\/www.eldigitaldeasturias.com\/noticias\/la-responsable-de-ee-uu-para-europa-se-disculpa-por-decir-que-se-joda-la-ue\/#authorImage","url":"https:\/\/secure.gravatar.com\/avatar\/df2aeffc32bcd13f8d26072ef8a91b623d677766deac7f97ca815868cd41bf5e?s=96&d=mm&r=g","width":96,"height":96,"caption":"El Digital de Asturias"}},{"@type":"WebPage","@id":"https:\/\/www.eldigitaldeasturias.com\/noticias\/la-responsable-de-ee-uu-para-europa-se-disculpa-por-decir-que-se-joda-la-ue\/#webpage","url":"https:\/\/www.eldigitaldeasturias.com\/noticias\/la-responsable-de-ee-uu-para-europa-se-disculpa-por-decir-que-se-joda-la-ue\/","name":"La responsable de EE.UU. para Europa se disculpa por decir \u00abque se joda la UE\u00bb - El Digital de Asturias","description":"Washington, 6 feb (EFE).- La secretaria de Estado adjunta de EEUU para Asuntos Europeos, Victoria Nuland, se disculp\u00f3 hoy con la Uni\u00f3n Europea (UE) despu\u00e9s de que saliera a la luz la grabaci\u00f3n de una conversaci\u00f3n telef\u00f3nica sobre la crisis en Ucrania en la que dijo \"que se joda la UE\", inform\u00f3 el Departamento de","inLanguage":"es-ES","isPartOf":{"@id":"https:\/\/www.eldigitaldeasturias.com\/noticias\/#website"},"breadcrumb":{"@id":"https:\/\/www.eldigitaldeasturias.com\/noticias\/la-responsable-de-ee-uu-para-europa-se-disculpa-por-decir-que-se-joda-la-ue\/#breadcrumblist"},"author":{"@id":"https:\/\/www.eldigitaldeasturias.com\/noticias\/author\/admin\/#author"},"creator":{"@id":"https:\/\/www.eldigitaldeasturias.com\/noticias\/author\/admin\/#author"},"image":{"@type":"ImageObject","url":485899,"@id":"https:\/\/www.eldigitaldeasturias.com\/noticias\/la-responsable-de-ee-uu-para-europa-se-disculpa-por-decir-que-se-joda-la-ue\/#mainImage"},"primaryImageOfPage":{"@id":"https:\/\/www.eldigitaldeasturias.com\/noticias\/la-responsable-de-ee-uu-para-europa-se-disculpa-por-decir-que-se-joda-la-ue\/#mainImage"},"datePublished":"2014-02-07T18:07:25+01:00","dateModified":"2014-02-07T18:07:25+01:00"},{"@type":"WebSite","@id":"https:\/\/www.eldigitaldeasturias.com\/noticias\/#website","url":"https:\/\/www.eldigitaldeasturias.com\/noticias\/","name":"El Digital de Asturias - Diario de actualidad y noticias","alternateName":"El Digital de Asturias - Diario de actualidad y noticias","description":"Hemeroteca","inLanguage":"es-ES","publisher":{"@id":"https:\/\/www.eldigitaldeasturias.com\/noticias\/#organization"}}]},"og:locale":"es_ES","og:site_name":"El Digital de Asturias","og:type":"article","og:title":"La responsable de EE.UU. para Europa se disculpa por decir \u00abque se joda la UE\u00bb - El Digital de Asturias","og:description":"Washington, 6 feb (EFE).- La secretaria de Estado adjunta de EEUU para Asuntos Europeos, Victoria Nuland, se disculp\u00f3 hoy con la Uni\u00f3n Europea (UE) despu\u00e9s de que saliera a la luz la grabaci\u00f3n de una conversaci\u00f3n telef\u00f3nica sobre la crisis en Ucrania en la que dijo &quot;que se joda la UE&quot;, inform\u00f3 el Departamento de","og:url":"https:\/\/www.eldigitaldeasturias.com\/noticias\/la-responsable-de-ee-uu-para-europa-se-disculpa-por-decir-que-se-joda-la-ue\/","article:tag":["actualidad"],"article:published_time":"2014-02-07T19:07:25+00:00","article:modified_time":"2014-02-07T19:07:25+00:00","article:publisher":"https:\/\/facebook.com\/eldigitaldeasturias","twitter:card":"summary_large_image","twitter:title":"La responsable de EE.UU. para Europa se disculpa por decir \u00abque se joda la UE\u00bb - El Digital de Asturias","twitter:description":"Washington, 6 feb (EFE).- La secretaria de Estado adjunta de EEUU para Asuntos Europeos, Victoria Nuland, se disculp\u00f3 hoy con la Uni\u00f3n Europea (UE) despu\u00e9s de que saliera a la luz la grabaci\u00f3n de una conversaci\u00f3n telef\u00f3nica sobre la crisis en Ucrania en la que dijo &quot;que se joda la UE&quot;, inform\u00f3 el Departamento de","twitter:label1":"Escrito por","twitter:data1":"El Digital de Asturias","twitter:label2":"Tiempo de lectura estimado","twitter:data2":"3 minutos"},"aioseo_meta_data":{"post_id":"485898","title":null,"description":null,"keywords":null,"keyphrases":null,"primary_term":null,"canonical_url":null,"og_title":null,"og_description":null,"og_object_type":"default","og_image_type":"default","og_image_url":null,"og_image_width":null,"og_image_height":null,"og_image_custom_url":null,"og_image_custom_fields":null,"og_video":null,"og_custom_url":null,"og_article_section":null,"og_article_tags":null,"twitter_use_og":true,"twitter_card":"default","twitter_image_type":"default","twitter_image_url":null,"twitter_image_custom_url":null,"twitter_image_custom_fields":null,"twitter_title":null,"twitter_description":null,"schema":{"blockGraphs":[],"customGraphs":[],"default":{"data":{"Article":[],"Course":[],"Dataset":[],"FAQPage":[],"Movie":[],"Person":[],"Product":[],"ProductReview":[],"Car":[],"Recipe":[],"Service":[],"SoftwareApplication":[],"WebPage":[]},"graphName":"","isEnabled":true},"graphs":[],"defaultGraph":"","defaultPostTypeGraph":""},"schema_type":null,"schema_type_options":null,"pillar_content":false,"robots_default":true,"robots_noindex":false,"robots_noarchive":false,"robots_nosnippet":false,"robots_nofollow":false,"robots_noimageindex":false,"robots_noodp":false,"robots_notranslate":false,"robots_max_snippet":null,"robots_max_videopreview":null,"robots_max_imagepreview":"none","priority":null,"frequency":null,"local_seo":null,"seo_analyzer_scan_date":"2026-06-02 22:27:52","breadcrumb_settings":null,"limit_modified_date":false,"open_ai":null,"ai":null,"created":"2020-11-14 22:55:26","updated":"2026-06-02 22:27:52","focus_keyword":null,"additional_keywords":null,"truseo_locale":null},"aioseo_breadcrumb":"<div class=\"aioseo-breadcrumbs\"><span class=\"aioseo-breadcrumb\">\n\t<a href=\"https:\/\/www.eldigitaldeasturias.com\/noticias\" title=\"Home\">Home<\/a>\n<\/span><span class=\"aioseo-breadcrumb-separator\">\u2013<\/span><span class=\"aioseo-breadcrumb\">\n\t<a href=\"https:\/\/www.eldigitaldeasturias.com\/noticias\/category\/actualidad\/\" title=\"Actualidad\">Actualidad<\/a>\n<\/span><span class=\"aioseo-breadcrumb-separator\">\u2013<\/span><span class=\"aioseo-breadcrumb\">\n\t<a href=\"https:\/\/www.eldigitaldeasturias.com\/noticias\/la-responsable-de-ee-uu-para-europa-se-disculpa-por-decir-que-se-joda-la-ue\/\" title=\"La responsable de EE.UU. para Europa se disculpa por decir \u00abque se joda la UE\u00bb\">La responsable de EE.UU. para Europa se disculpa por decir \u00abque se joda la UE\u00bb<\/a>\n<\/span><\/div>","aioseo_breadcrumb_json":[{"label":"Home","link":"https:\/\/www.eldigitaldeasturias.com\/noticias"},{"label":"Actualidad","link":"https:\/\/www.eldigitaldeasturias.com\/noticias\/category\/actualidad\/"},{"label":"La responsable de EE.UU. para Europa se disculpa por decir \u00abque se joda la UE\u00bb","link":"https:\/\/www.eldigitaldeasturias.com\/noticias\/la-responsable-de-ee-uu-para-europa-se-disculpa-por-decir-que-se-joda-la-ue\/"}],"_links":{"self":[{"href":"https:\/\/www.eldigitaldeasturias.com\/noticias\/wp-json\/wp\/v2\/posts\/485898","targetHints":{"allow":["GET"]}}],"collection":[{"href":"https:\/\/www.eldigitaldeasturias.com\/noticias\/wp-json\/wp\/v2\/posts"}],"about":[{"href":"https:\/\/www.eldigitaldeasturias.com\/noticias\/wp-json\/wp\/v2\/types\/post"}],"author":[{"embeddable":true,"href":"https:\/\/www.eldigitaldeasturias.com\/noticias\/wp-json\/wp\/v2\/users\/1"}],"replies":[{"embeddable":true,"href":"https:\/\/www.eldigitaldeasturias.com\/noticias\/wp-json\/wp\/v2\/comments?post=485898"}],"version-history":[{"count":0,"href":"https:\/\/www.eldigitaldeasturias.com\/noticias\/wp-json\/wp\/v2\/posts\/485898\/revisions"}],"wp:attachment":[{"href":"https:\/\/www.eldigitaldeasturias.com\/noticias\/wp-json\/wp\/v2\/media?parent=485898"}],"wp:term":[{"taxonomy":"category","embeddable":true,"href":"https:\/\/www.eldigitaldeasturias.com\/noticias\/wp-json\/wp\/v2\/categories?post=485898"},{"taxonomy":"post_tag","embeddable":true,"href":"https:\/\/www.eldigitaldeasturias.com\/noticias\/wp-json\/wp\/v2\/tags?post=485898"}],"curies":[{"name":"wp","href":"https:\/\/api.w.org\/{rel}","templated":true}]}}