{"id":485892,"date":"2014-02-07T18:05:25","date_gmt":"2014-02-07T19:05:25","guid":{"rendered":"http:\/\/www.eldigitaldeasturias.com\/noticias\/?p=485892"},"modified":"2014-02-07T18:05:25","modified_gmt":"2014-02-07T19:05:25","slug":"pele-admite-estar-triste-por-los-retrasos-en-las-obras-del-mundial","status":"publish","type":"post","link":"https:\/\/www.eldigitaldeasturias.com\/noticias\/pele-admite-estar-triste-por-los-retrasos-en-las-obras-del-mundial\/","title":{"rendered":"Pel\u00e9 admite estar \u00abtriste\u00bb por los retrasos en las obras del Mundial"},"content":{"rendered":"<p><img loading=\"lazy\" decoding=\"async\" class=\"alignleft size-medium wp-image-485893\" alt=\"5918940w\" src=\"https:\/\/www.eldigitaldeasturias.com\/noticias\/wp-content\/uploads\/2014\/02\/5918940w-303x320.jpg\" width=\"303\" height=\"320\" \/>Sao Paulo, 6 feb (EFE).- El exfutbolista Edson Arantes do Nascimento \u00abPel\u00e9\u00bb admiti\u00f3 estar \u00abtriste\u00bb por los retrasos en las obras del Mundial de F\u00fatbol 2014, que se celebrar\u00e1 en el pa\u00eds entre junio y julio de este a\u00f1o, seg\u00fan una entrevista publicada hoy por la edici\u00f3n digital \u00abO Estado de Sao Paulo\u00bb.<\/p>\n<p>\u00abMe puse triste. Pasamos cuatro a\u00f1os haciendo visitas para ganar el derecho de albergar la Copa. Fui uno de los que fui a varios lugares (\u00c1frica, Asia, Europa) para pedir votos para que Brasil ganase ese derecho\u00bb, lament\u00f3 Pel\u00e9.<\/p>\n<p>Para el considerado mejor futbolista de todos los tiempos, \u00abes dif\u00edcil\u00bb saber por qu\u00e9 se est\u00e1n produciendo dichos atrasos porque, a su juicio, hab\u00eda \u00abtiempo\u00bb.<\/p>\n<p>\u00abEs triste porque era una oportunidad para Brasil no s\u00f3lo en t\u00e9rminos de f\u00fatbol. La Copa de las Confederaciones, la Copa del Mundo y los Juegos Ol\u00edmpicos son una oportunidad para atraer turistas, facturar bastante e, infelizmente, estamos dando un paso en falso en ese sentido\u00bb, a\u00f1adi\u00f3.<\/p>\n<p>Sobre las protestas que est\u00e1n teniendo lugar en el pa\u00eds en contra de la organizaci\u00f3n del Mundial, \u00abO Rei\u00bb reiter\u00f3 dichas manifestaciones son \u00ableg\u00edtimas\u00bb, pero pidi\u00f3 que no sean realizadas durante el evento.<\/p>\n<p>\u00ab\u00bfVamos a reivindicar? Vamos, pero vamos a reivindicar siempre, no ahora en estos tiempos de facturar\u00bb, coment\u00f3 Pel\u00e9, quien precis\u00f3 que \u00abel jugador no tienen nada que ver con la administraci\u00f3n pol\u00edtica, con la corrupci\u00f3n\u00bb.<\/p>\n<p>El llamado \u00abatleta del siglo\u00bb tambi\u00e9n hizo referencia a la selecci\u00f3n brasile\u00f1a, a quien ve como una de las favoritas de cara al Mundial, y expres\u00f3 su preocupaci\u00f3n por la lesi\u00f3n sufrida por algunos de sus jugadores, como Fred y Neymar.<\/p>\n<p>\u00abBrasil siempre fue conocido por sus atacantes y sus goles. Creo que es la primera vez en la historia en la que el ataque es nuestra preocupaci\u00f3n\u00bb, sostuvo.<\/p>\n<p>El exastro a\u00f1adi\u00f3 que si Neymar est\u00e1 bien f\u00edsicamente, \u00abser\u00e1 el atacante que esperamos\u00bb y record\u00f3 que la selecci\u00f3n \u00abest\u00e1 bien servida\u00bb en la defensa.<\/p>\n","protected":false},"excerpt":{"rendered":"<p>Sao Paulo, 6 feb (EFE).- El exfutbolista Edson Arantes do Nascimento \u00abPel\u00e9\u00bb admiti\u00f3 estar \u00abtriste\u00bb por los retrasos en las obras del Mundial de F\u00fatbol 2014, que se celebrar\u00e1 en el pa\u00eds entre junio y julio de este a\u00f1o, seg\u00fan una entrevista publicada hoy por la edici\u00f3n digital \u00abO Estado de Sao Paulo\u00bb. \u00abMe puse [&hellip;]<\/p>\n","protected":false},"author":1,"featured_media":485893,"comment_status":"closed","ping_status":"open","sticky":false,"template":"","format":"standard","meta":{"footnotes":""},"categories":[1],"tags":[],"class_list":["post-485892","post","type-post","status-publish","format-standard","has-post-thumbnail","hentry","category-actualidad"],"aioseo_notices":[],"aioseo_head":"\n\t\t<!-- All in One SEO Pro 5.0.1 - aioseo.com -->\n\t<meta name=\"description\" content=\"Sao Paulo, 6 feb (EFE).- El exfutbolista Edson Arantes do Nascimento &quot;Pel\u00e9&quot; admiti\u00f3 estar &quot;triste&quot; por los retrasos en las obras del Mundial de F\u00fatbol 2014, que se celebrar\u00e1 en el pa\u00eds entre junio y julio de este a\u00f1o, seg\u00fan una entrevista publicada hoy por la edici\u00f3n digital &quot;O Estado de Sao Paulo&quot;. &quot;Me puse\" \/>\n\t<meta name=\"robots\" content=\"max-image-preview:large\" \/>\n\t<meta name=\"author\" content=\"El Digital de Asturias\"\/>\n\t<meta name=\"google-site-verification\" content=\"UA-38556648-1\" \/>\n\t<meta name=\"msvalidate.01\" content=\"7dfe9f3f1b24437ab69f4f2559babe99\" \/>\n\t<meta name=\"keywords\" content=\"actualidad\" \/>\n\t<link rel=\"canonical\" href=\"https:\/\/www.eldigitaldeasturias.com\/noticias\/pele-admite-estar-triste-por-los-retrasos-en-las-obras-del-mundial\/\" \/>\n\t<meta name=\"generator\" content=\"All in One SEO Pro (AIOSEO) 5.0.1\" \/>\n\t\t<meta property=\"og:locale\" content=\"es_ES\" \/>\n\t\t<meta property=\"og:site_name\" content=\"El Digital de Asturias\" \/>\n\t\t<meta property=\"og:type\" content=\"article\" \/>\n\t\t<meta property=\"og:title\" content=\"Pel\u00e9 admite estar \u00abtriste\u00bb por los retrasos en las obras del Mundial - El Digital de Asturias\" \/>\n\t\t<meta property=\"og:description\" content=\"Sao Paulo, 6 feb (EFE).- El exfutbolista Edson Arantes do Nascimento &quot;Pel\u00e9&quot; admiti\u00f3 estar &quot;triste&quot; por los retrasos en las obras del Mundial de F\u00fatbol 2014, que se celebrar\u00e1 en el pa\u00eds entre junio y julio de este a\u00f1o, seg\u00fan una entrevista publicada hoy por la edici\u00f3n digital &quot;O Estado de Sao Paulo&quot;. &quot;Me puse\" \/>\n\t\t<meta property=\"og:url\" content=\"https:\/\/www.eldigitaldeasturias.com\/noticias\/pele-admite-estar-triste-por-los-retrasos-en-las-obras-del-mundial\/\" \/>\n\t\t<meta property=\"article:tag\" content=\"actualidad\" \/>\n\t\t<meta property=\"article:published_time\" content=\"2014-02-07T19:05:25+00:00\" \/>\n\t\t<meta property=\"article:modified_time\" content=\"2014-02-07T19:05:25+00:00\" \/>\n\t\t<meta property=\"article:publisher\" content=\"https:\/\/facebook.com\/eldigitaldeasturias\" \/>\n\t\t<meta name=\"twitter:card\" content=\"summary_large_image\" \/>\n\t\t<meta name=\"twitter:title\" content=\"Pel\u00e9 admite estar \u00abtriste\u00bb por los retrasos en las obras del Mundial - El Digital de Asturias\" \/>\n\t\t<meta name=\"twitter:description\" content=\"Sao Paulo, 6 feb (EFE).- El exfutbolista Edson Arantes do Nascimento &quot;Pel\u00e9&quot; admiti\u00f3 estar &quot;triste&quot; por los retrasos en las obras del Mundial de F\u00fatbol 2014, que se celebrar\u00e1 en el pa\u00eds entre junio y julio de este a\u00f1o, seg\u00fan una entrevista publicada hoy por la edici\u00f3n digital &quot;O Estado de Sao Paulo&quot;. &quot;Me puse\" \/>\n\t\t<meta name=\"twitter:label1\" content=\"Escrito por\" \/>\n\t\t<meta name=\"twitter:data1\" content=\"El Digital de Asturias\" \/>\n\t\t<meta name=\"twitter:label2\" content=\"Tiempo de lectura estimado\" \/>\n\t\t<meta name=\"twitter:data2\" content=\"2 minutos\" \/>\n\t\t<script type=\"application\/ld+json\" class=\"aioseo-schema\">\n\t\t\t{\"@context\":\"https:\\\/\\\/schema.org\",\"@graph\":[{\"@type\":\"BlogPosting\",\"@id\":\"https:\\\/\\\/www.eldigitaldeasturias.com\\\/noticias\\\/pele-admite-estar-triste-por-los-retrasos-en-las-obras-del-mundial\\\/#blogposting\",\"name\":\"Pel\\u00e9 admite estar \\u00abtriste\\u00bb por los retrasos en las obras del Mundial - El Digital de Asturias\",\"headline\":\"Pel\\u00e9 admite estar \\u00abtriste\\u00bb por los retrasos en las obras del Mundial\",\"author\":{\"@id\":\"https:\\\/\\\/www.eldigitaldeasturias.com\\\/noticias\\\/author\\\/admin\\\/#author\"},\"publisher\":{\"@id\":\"https:\\\/\\\/www.eldigitaldeasturias.com\\\/noticias\\\/#organization\"},\"image\":{\"@type\":\"ImageObject\",\"url\":485893},\"datePublished\":\"2014-02-07T18:05:25+01:00\",\"dateModified\":\"2014-02-07T18:05:25+01:00\",\"inLanguage\":\"es-ES\",\"mainEntityOfPage\":{\"@id\":\"https:\\\/\\\/www.eldigitaldeasturias.com\\\/noticias\\\/pele-admite-estar-triste-por-los-retrasos-en-las-obras-del-mundial\\\/#webpage\"},\"isPartOf\":{\"@id\":\"https:\\\/\\\/www.eldigitaldeasturias.com\\\/noticias\\\/pele-admite-estar-triste-por-los-retrasos-en-las-obras-del-mundial\\\/#webpage\"},\"articleSection\":\"Actualidad\"},{\"@type\":\"BreadcrumbList\",\"@id\":\"https:\\\/\\\/www.eldigitaldeasturias.com\\\/noticias\\\/pele-admite-estar-triste-por-los-retrasos-en-las-obras-del-mundial\\\/#breadcrumblist\",\"itemListElement\":[{\"@type\":\"ListItem\",\"@id\":\"https:\\\/\\\/www.eldigitaldeasturias.com\\\/noticias#listItem\",\"position\":1,\"name\":\"Home\",\"item\":\"https:\\\/\\\/www.eldigitaldeasturias.com\\\/noticias\",\"nextItem\":{\"@type\":\"ListItem\",\"@id\":\"https:\\\/\\\/www.eldigitaldeasturias.com\\\/noticias\\\/category\\\/actualidad\\\/#listItem\",\"name\":\"Actualidad\"}},{\"@type\":\"ListItem\",\"@id\":\"https:\\\/\\\/www.eldigitaldeasturias.com\\\/noticias\\\/category\\\/actualidad\\\/#listItem\",\"position\":2,\"name\":\"Actualidad\",\"item\":\"https:\\\/\\\/www.eldigitaldeasturias.com\\\/noticias\\\/category\\\/actualidad\\\/\",\"nextItem\":{\"@type\":\"ListItem\",\"@id\":\"https:\\\/\\\/www.eldigitaldeasturias.com\\\/noticias\\\/pele-admite-estar-triste-por-los-retrasos-en-las-obras-del-mundial\\\/#listItem\",\"name\":\"Pel\\u00e9 admite estar \\u00abtriste\\u00bb por los retrasos en las obras del Mundial\"},\"previousItem\":{\"@type\":\"ListItem\",\"@id\":\"https:\\\/\\\/www.eldigitaldeasturias.com\\\/noticias#listItem\",\"name\":\"Home\"}},{\"@type\":\"ListItem\",\"@id\":\"https:\\\/\\\/www.eldigitaldeasturias.com\\\/noticias\\\/pele-admite-estar-triste-por-los-retrasos-en-las-obras-del-mundial\\\/#listItem\",\"position\":3,\"name\":\"Pel\\u00e9 admite estar \\u00abtriste\\u00bb por los retrasos en las obras del Mundial\",\"previousItem\":{\"@type\":\"ListItem\",\"@id\":\"https:\\\/\\\/www.eldigitaldeasturias.com\\\/noticias\\\/category\\\/actualidad\\\/#listItem\",\"name\":\"Actualidad\"}}]},{\"@type\":\"Organization\",\"@id\":\"https:\\\/\\\/www.eldigitaldeasturias.com\\\/noticias\\\/#organization\",\"name\":\"El Digital de Asturias\",\"description\":\"Hemeroteca\",\"url\":\"https:\\\/\\\/www.eldigitaldeasturias.com\\\/noticias\\\/\",\"email\":\"info@eldigitaldeasturias.com\",\"telephone\":\"+34652131393\",\"logo\":{\"@type\":\"ImageObject\",\"url\":\"https:\\\/\\\/www.eldigitaldeasturias.com\\\/noticias\\\/wp-content\\\/uploads\\\/2020\\\/12\\\/EDA.jpg\",\"@id\":\"https:\\\/\\\/www.eldigitaldeasturias.com\\\/noticias\\\/pele-admite-estar-triste-por-los-retrasos-en-las-obras-del-mundial\\\/#organizationLogo\"},\"image\":{\"@id\":\"https:\\\/\\\/www.eldigitaldeasturias.com\\\/noticias\\\/pele-admite-estar-triste-por-los-retrasos-en-las-obras-del-mundial\\\/#organizationLogo\"},\"sameAs\":[\"https:\\\/\\\/facebook.com\\\/eldigitaldeasturias\",\"https:\\\/\\\/www.youtube.com\\\/channel\\\/UCZP-2wLEB9Rv6erhFmqVnvg\"],\"address\":{\"@id\":\"https:\\\/\\\/www.eldigitaldeasturias.com\\\/noticias\\\/#postaladdress\",\"@type\":\"PostalAddress\",\"streetAddress\":\"san antonio 4\",\"postalCode\":\"33430\",\"addressLocality\":\"Cand\\u00e1s\",\"addressRegion\":\"Asturias\",\"addressCountry\":\"ES\"}},{\"@type\":\"Person\",\"@id\":\"https:\\\/\\\/www.eldigitaldeasturias.com\\\/noticias\\\/author\\\/admin\\\/#author\",\"url\":\"https:\\\/\\\/www.eldigitaldeasturias.com\\\/noticias\\\/author\\\/admin\\\/\",\"name\":\"El Digital de Asturias\",\"image\":{\"@type\":\"ImageObject\",\"@id\":\"https:\\\/\\\/www.eldigitaldeasturias.com\\\/noticias\\\/pele-admite-estar-triste-por-los-retrasos-en-las-obras-del-mundial\\\/#authorImage\",\"url\":\"https:\\\/\\\/secure.gravatar.com\\\/avatar\\\/df2aeffc32bcd13f8d26072ef8a91b623d677766deac7f97ca815868cd41bf5e?s=96&d=mm&r=g\",\"width\":96,\"height\":96,\"caption\":\"El Digital de Asturias\"}},{\"@type\":\"WebPage\",\"@id\":\"https:\\\/\\\/www.eldigitaldeasturias.com\\\/noticias\\\/pele-admite-estar-triste-por-los-retrasos-en-las-obras-del-mundial\\\/#webpage\",\"url\":\"https:\\\/\\\/www.eldigitaldeasturias.com\\\/noticias\\\/pele-admite-estar-triste-por-los-retrasos-en-las-obras-del-mundial\\\/\",\"name\":\"Pel\\u00e9 admite estar \\u00abtriste\\u00bb por los retrasos en las obras del Mundial - El Digital de Asturias\",\"description\":\"Sao Paulo, 6 feb (EFE).- El exfutbolista Edson Arantes do Nascimento \\\"Pel\\u00e9\\\" admiti\\u00f3 estar \\\"triste\\\" por los retrasos en las obras del Mundial de F\\u00fatbol 2014, que se celebrar\\u00e1 en el pa\\u00eds entre junio y julio de este a\\u00f1o, seg\\u00fan una entrevista publicada hoy por la edici\\u00f3n digital \\\"O Estado de Sao Paulo\\\". \\\"Me puse\",\"inLanguage\":\"es-ES\",\"isPartOf\":{\"@id\":\"https:\\\/\\\/www.eldigitaldeasturias.com\\\/noticias\\\/#website\"},\"breadcrumb\":{\"@id\":\"https:\\\/\\\/www.eldigitaldeasturias.com\\\/noticias\\\/pele-admite-estar-triste-por-los-retrasos-en-las-obras-del-mundial\\\/#breadcrumblist\"},\"author\":{\"@id\":\"https:\\\/\\\/www.eldigitaldeasturias.com\\\/noticias\\\/author\\\/admin\\\/#author\"},\"creator\":{\"@id\":\"https:\\\/\\\/www.eldigitaldeasturias.com\\\/noticias\\\/author\\\/admin\\\/#author\"},\"image\":{\"@type\":\"ImageObject\",\"url\":485893,\"@id\":\"https:\\\/\\\/www.eldigitaldeasturias.com\\\/noticias\\\/pele-admite-estar-triste-por-los-retrasos-en-las-obras-del-mundial\\\/#mainImage\"},\"primaryImageOfPage\":{\"@id\":\"https:\\\/\\\/www.eldigitaldeasturias.com\\\/noticias\\\/pele-admite-estar-triste-por-los-retrasos-en-las-obras-del-mundial\\\/#mainImage\"},\"datePublished\":\"2014-02-07T18:05:25+01:00\",\"dateModified\":\"2014-02-07T18:05:25+01:00\"},{\"@type\":\"WebSite\",\"@id\":\"https:\\\/\\\/www.eldigitaldeasturias.com\\\/noticias\\\/#website\",\"url\":\"https:\\\/\\\/www.eldigitaldeasturias.com\\\/noticias\\\/\",\"name\":\"El Digital de Asturias - Diario de actualidad y noticias\",\"alternateName\":\"El Digital de Asturias - Diario de actualidad y noticias\",\"description\":\"Hemeroteca\",\"inLanguage\":\"es-ES\",\"publisher\":{\"@id\":\"https:\\\/\\\/www.eldigitaldeasturias.com\\\/noticias\\\/#organization\"}}]}\n\t\t<\/script>\n\t\t<!-- All in One SEO Pro -->\r\n\t\t<title>Pel\u00e9 admite estar \u00abtriste\u00bb por los retrasos en las obras del Mundial - El Digital de Asturias<\/title>\n\n","aioseo_head_json":{"title":"Pel\u00e9 admite estar \u00abtriste\u00bb por los retrasos en las obras del Mundial - El Digital de Asturias","description":"Sao Paulo, 6 feb (EFE).- El exfutbolista Edson Arantes do Nascimento \"Pel\u00e9\" admiti\u00f3 estar \"triste\" por los retrasos en las obras del Mundial de F\u00fatbol 2014, que se celebrar\u00e1 en el pa\u00eds entre junio y julio de este a\u00f1o, seg\u00fan una entrevista publicada hoy por la edici\u00f3n digital \"O Estado de Sao Paulo\". \"Me puse","canonical_url":"https:\/\/www.eldigitaldeasturias.com\/noticias\/pele-admite-estar-triste-por-los-retrasos-en-las-obras-del-mundial\/","robots":"max-image-preview:large","keywords":"actualidad","webmasterTools":{"google-site-verification":"UA-38556648-1","msvalidate.01":"7dfe9f3f1b24437ab69f4f2559babe99","miscellaneous":""},"schema":{"@context":"https:\/\/schema.org","@graph":[{"@type":"BlogPosting","@id":"https:\/\/www.eldigitaldeasturias.com\/noticias\/pele-admite-estar-triste-por-los-retrasos-en-las-obras-del-mundial\/#blogposting","name":"Pel\u00e9 admite estar \u00abtriste\u00bb por los retrasos en las obras del Mundial - El Digital de Asturias","headline":"Pel\u00e9 admite estar \u00abtriste\u00bb por los retrasos en las obras del Mundial","author":{"@id":"https:\/\/www.eldigitaldeasturias.com\/noticias\/author\/admin\/#author"},"publisher":{"@id":"https:\/\/www.eldigitaldeasturias.com\/noticias\/#organization"},"image":{"@type":"ImageObject","url":485893},"datePublished":"2014-02-07T18:05:25+01:00","dateModified":"2014-02-07T18:05:25+01:00","inLanguage":"es-ES","mainEntityOfPage":{"@id":"https:\/\/www.eldigitaldeasturias.com\/noticias\/pele-admite-estar-triste-por-los-retrasos-en-las-obras-del-mundial\/#webpage"},"isPartOf":{"@id":"https:\/\/www.eldigitaldeasturias.com\/noticias\/pele-admite-estar-triste-por-los-retrasos-en-las-obras-del-mundial\/#webpage"},"articleSection":"Actualidad"},{"@type":"BreadcrumbList","@id":"https:\/\/www.eldigitaldeasturias.com\/noticias\/pele-admite-estar-triste-por-los-retrasos-en-las-obras-del-mundial\/#breadcrumblist","itemListElement":[{"@type":"ListItem","@id":"https:\/\/www.eldigitaldeasturias.com\/noticias#listItem","position":1,"name":"Home","item":"https:\/\/www.eldigitaldeasturias.com\/noticias","nextItem":{"@type":"ListItem","@id":"https:\/\/www.eldigitaldeasturias.com\/noticias\/category\/actualidad\/#listItem","name":"Actualidad"}},{"@type":"ListItem","@id":"https:\/\/www.eldigitaldeasturias.com\/noticias\/category\/actualidad\/#listItem","position":2,"name":"Actualidad","item":"https:\/\/www.eldigitaldeasturias.com\/noticias\/category\/actualidad\/","nextItem":{"@type":"ListItem","@id":"https:\/\/www.eldigitaldeasturias.com\/noticias\/pele-admite-estar-triste-por-los-retrasos-en-las-obras-del-mundial\/#listItem","name":"Pel\u00e9 admite estar \u00abtriste\u00bb por los retrasos en las obras del Mundial"},"previousItem":{"@type":"ListItem","@id":"https:\/\/www.eldigitaldeasturias.com\/noticias#listItem","name":"Home"}},{"@type":"ListItem","@id":"https:\/\/www.eldigitaldeasturias.com\/noticias\/pele-admite-estar-triste-por-los-retrasos-en-las-obras-del-mundial\/#listItem","position":3,"name":"Pel\u00e9 admite estar \u00abtriste\u00bb por los retrasos en las obras del Mundial","previousItem":{"@type":"ListItem","@id":"https:\/\/www.eldigitaldeasturias.com\/noticias\/category\/actualidad\/#listItem","name":"Actualidad"}}]},{"@type":"Organization","@id":"https:\/\/www.eldigitaldeasturias.com\/noticias\/#organization","name":"El Digital de Asturias","description":"Hemeroteca","url":"https:\/\/www.eldigitaldeasturias.com\/noticias\/","email":"info@eldigitaldeasturias.com","telephone":"+34652131393","logo":{"@type":"ImageObject","url":"https:\/\/www.eldigitaldeasturias.com\/noticias\/wp-content\/uploads\/2020\/12\/EDA.jpg","@id":"https:\/\/www.eldigitaldeasturias.com\/noticias\/pele-admite-estar-triste-por-los-retrasos-en-las-obras-del-mundial\/#organizationLogo"},"image":{"@id":"https:\/\/www.eldigitaldeasturias.com\/noticias\/pele-admite-estar-triste-por-los-retrasos-en-las-obras-del-mundial\/#organizationLogo"},"sameAs":["https:\/\/facebook.com\/eldigitaldeasturias","https:\/\/www.youtube.com\/channel\/UCZP-2wLEB9Rv6erhFmqVnvg"],"address":{"@id":"https:\/\/www.eldigitaldeasturias.com\/noticias\/#postaladdress","@type":"PostalAddress","streetAddress":"san antonio 4","postalCode":"33430","addressLocality":"Cand\u00e1s","addressRegion":"Asturias","addressCountry":"ES"}},{"@type":"Person","@id":"https:\/\/www.eldigitaldeasturias.com\/noticias\/author\/admin\/#author","url":"https:\/\/www.eldigitaldeasturias.com\/noticias\/author\/admin\/","name":"El Digital de Asturias","image":{"@type":"ImageObject","@id":"https:\/\/www.eldigitaldeasturias.com\/noticias\/pele-admite-estar-triste-por-los-retrasos-en-las-obras-del-mundial\/#authorImage","url":"https:\/\/secure.gravatar.com\/avatar\/df2aeffc32bcd13f8d26072ef8a91b623d677766deac7f97ca815868cd41bf5e?s=96&d=mm&r=g","width":96,"height":96,"caption":"El Digital de Asturias"}},{"@type":"WebPage","@id":"https:\/\/www.eldigitaldeasturias.com\/noticias\/pele-admite-estar-triste-por-los-retrasos-en-las-obras-del-mundial\/#webpage","url":"https:\/\/www.eldigitaldeasturias.com\/noticias\/pele-admite-estar-triste-por-los-retrasos-en-las-obras-del-mundial\/","name":"Pel\u00e9 admite estar \u00abtriste\u00bb por los retrasos en las obras del Mundial - El Digital de Asturias","description":"Sao Paulo, 6 feb (EFE).- El exfutbolista Edson Arantes do Nascimento \"Pel\u00e9\" admiti\u00f3 estar \"triste\" por los retrasos en las obras del Mundial de F\u00fatbol 2014, que se celebrar\u00e1 en el pa\u00eds entre junio y julio de este a\u00f1o, seg\u00fan una entrevista publicada hoy por la edici\u00f3n digital \"O Estado de Sao Paulo\". \"Me puse","inLanguage":"es-ES","isPartOf":{"@id":"https:\/\/www.eldigitaldeasturias.com\/noticias\/#website"},"breadcrumb":{"@id":"https:\/\/www.eldigitaldeasturias.com\/noticias\/pele-admite-estar-triste-por-los-retrasos-en-las-obras-del-mundial\/#breadcrumblist"},"author":{"@id":"https:\/\/www.eldigitaldeasturias.com\/noticias\/author\/admin\/#author"},"creator":{"@id":"https:\/\/www.eldigitaldeasturias.com\/noticias\/author\/admin\/#author"},"image":{"@type":"ImageObject","url":485893,"@id":"https:\/\/www.eldigitaldeasturias.com\/noticias\/pele-admite-estar-triste-por-los-retrasos-en-las-obras-del-mundial\/#mainImage"},"primaryImageOfPage":{"@id":"https:\/\/www.eldigitaldeasturias.com\/noticias\/pele-admite-estar-triste-por-los-retrasos-en-las-obras-del-mundial\/#mainImage"},"datePublished":"2014-02-07T18:05:25+01:00","dateModified":"2014-02-07T18:05:25+01:00"},{"@type":"WebSite","@id":"https:\/\/www.eldigitaldeasturias.com\/noticias\/#website","url":"https:\/\/www.eldigitaldeasturias.com\/noticias\/","name":"El Digital de Asturias - Diario de actualidad y noticias","alternateName":"El Digital de Asturias - Diario de actualidad y noticias","description":"Hemeroteca","inLanguage":"es-ES","publisher":{"@id":"https:\/\/www.eldigitaldeasturias.com\/noticias\/#organization"}}]},"og:locale":"es_ES","og:site_name":"El Digital de Asturias","og:type":"article","og:title":"Pel\u00e9 admite estar \u00abtriste\u00bb por los retrasos en las obras del Mundial - El Digital de Asturias","og:description":"Sao Paulo, 6 feb (EFE).- El exfutbolista Edson Arantes do Nascimento &quot;Pel\u00e9&quot; admiti\u00f3 estar &quot;triste&quot; por los retrasos en las obras del Mundial de F\u00fatbol 2014, que se celebrar\u00e1 en el pa\u00eds entre junio y julio de este a\u00f1o, seg\u00fan una entrevista publicada hoy por la edici\u00f3n digital &quot;O Estado de Sao Paulo&quot;. &quot;Me puse","og:url":"https:\/\/www.eldigitaldeasturias.com\/noticias\/pele-admite-estar-triste-por-los-retrasos-en-las-obras-del-mundial\/","article:tag":["actualidad"],"article:published_time":"2014-02-07T19:05:25+00:00","article:modified_time":"2014-02-07T19:05:25+00:00","article:publisher":"https:\/\/facebook.com\/eldigitaldeasturias","twitter:card":"summary_large_image","twitter:title":"Pel\u00e9 admite estar \u00abtriste\u00bb por los retrasos en las obras del Mundial - El Digital de Asturias","twitter:description":"Sao Paulo, 6 feb (EFE).- El exfutbolista Edson Arantes do Nascimento &quot;Pel\u00e9&quot; admiti\u00f3 estar &quot;triste&quot; por los retrasos en las obras del Mundial de F\u00fatbol 2014, que se celebrar\u00e1 en el pa\u00eds entre junio y julio de este a\u00f1o, seg\u00fan una entrevista publicada hoy por la edici\u00f3n digital &quot;O Estado de Sao Paulo&quot;. &quot;Me puse","twitter:label1":"Escrito por","twitter:data1":"El Digital de Asturias","twitter:label2":"Tiempo de lectura estimado","twitter:data2":"2 minutos"},"aioseo_meta_data":{"post_id":"485892","title":null,"description":null,"keywords":null,"keyphrases":null,"primary_term":null,"canonical_url":null,"og_title":null,"og_description":null,"og_object_type":"default","og_image_type":"default","og_image_url":null,"og_image_width":null,"og_image_height":null,"og_image_custom_url":null,"og_image_custom_fields":null,"og_video":null,"og_custom_url":null,"og_article_section":null,"og_article_tags":null,"twitter_use_og":true,"twitter_card":"default","twitter_image_type":"default","twitter_image_url":null,"twitter_image_custom_url":null,"twitter_image_custom_fields":null,"twitter_title":null,"twitter_description":null,"schema":{"blockGraphs":[],"customGraphs":[],"default":{"data":{"Article":[],"Course":[],"Dataset":[],"FAQPage":[],"Movie":[],"Person":[],"Product":[],"ProductReview":[],"Car":[],"Recipe":[],"Service":[],"SoftwareApplication":[],"WebPage":[]},"graphName":"","isEnabled":true},"graphs":[],"defaultGraph":"","defaultPostTypeGraph":""},"schema_type":null,"schema_type_options":null,"pillar_content":false,"robots_default":true,"robots_noindex":false,"robots_noarchive":false,"robots_nosnippet":false,"robots_nofollow":false,"robots_noimageindex":false,"robots_noodp":false,"robots_notranslate":false,"robots_max_snippet":null,"robots_max_videopreview":null,"robots_max_imagepreview":"none","priority":null,"frequency":null,"local_seo":null,"seo_analyzer_scan_date":"2026-06-02 22:27:51","breadcrumb_settings":null,"limit_modified_date":false,"open_ai":null,"ai":null,"created":"2020-11-14 22:55:26","updated":"2026-06-02 22:27:51","focus_keyword":null,"additional_keywords":null,"truseo_locale":null},"aioseo_breadcrumb":"<div class=\"aioseo-breadcrumbs\"><span class=\"aioseo-breadcrumb\">\n\t<a href=\"https:\/\/www.eldigitaldeasturias.com\/noticias\" title=\"Home\">Home<\/a>\n<\/span><span class=\"aioseo-breadcrumb-separator\">\u2013<\/span><span class=\"aioseo-breadcrumb\">\n\t<a href=\"https:\/\/www.eldigitaldeasturias.com\/noticias\/category\/actualidad\/\" title=\"Actualidad\">Actualidad<\/a>\n<\/span><span class=\"aioseo-breadcrumb-separator\">\u2013<\/span><span class=\"aioseo-breadcrumb\">\n\t<a href=\"https:\/\/www.eldigitaldeasturias.com\/noticias\/pele-admite-estar-triste-por-los-retrasos-en-las-obras-del-mundial\/\" title=\"Pel\u00e9 admite estar \u00abtriste\u00bb por los retrasos en las obras del Mundial\">Pel\u00e9 admite estar \u00abtriste\u00bb por los retrasos en las obras del Mundial<\/a>\n<\/span><\/div>","aioseo_breadcrumb_json":[{"label":"Home","link":"https:\/\/www.eldigitaldeasturias.com\/noticias"},{"label":"Actualidad","link":"https:\/\/www.eldigitaldeasturias.com\/noticias\/category\/actualidad\/"},{"label":"Pel\u00e9 admite estar \u00abtriste\u00bb por los retrasos en las obras del Mundial","link":"https:\/\/www.eldigitaldeasturias.com\/noticias\/pele-admite-estar-triste-por-los-retrasos-en-las-obras-del-mundial\/"}],"_links":{"self":[{"href":"https:\/\/www.eldigitaldeasturias.com\/noticias\/wp-json\/wp\/v2\/posts\/485892","targetHints":{"allow":["GET"]}}],"collection":[{"href":"https:\/\/www.eldigitaldeasturias.com\/noticias\/wp-json\/wp\/v2\/posts"}],"about":[{"href":"https:\/\/www.eldigitaldeasturias.com\/noticias\/wp-json\/wp\/v2\/types\/post"}],"author":[{"embeddable":true,"href":"https:\/\/www.eldigitaldeasturias.com\/noticias\/wp-json\/wp\/v2\/users\/1"}],"replies":[{"embeddable":true,"href":"https:\/\/www.eldigitaldeasturias.com\/noticias\/wp-json\/wp\/v2\/comments?post=485892"}],"version-history":[{"count":0,"href":"https:\/\/www.eldigitaldeasturias.com\/noticias\/wp-json\/wp\/v2\/posts\/485892\/revisions"}],"wp:attachment":[{"href":"https:\/\/www.eldigitaldeasturias.com\/noticias\/wp-json\/wp\/v2\/media?parent=485892"}],"wp:term":[{"taxonomy":"category","embeddable":true,"href":"https:\/\/www.eldigitaldeasturias.com\/noticias\/wp-json\/wp\/v2\/categories?post=485892"},{"taxonomy":"post_tag","embeddable":true,"href":"https:\/\/www.eldigitaldeasturias.com\/noticias\/wp-json\/wp\/v2\/tags?post=485892"}],"curies":[{"name":"wp","href":"https:\/\/api.w.org\/{rel}","templated":true}]}}