{"id":485889,"date":"2014-02-07T18:04:27","date_gmt":"2014-02-07T19:04:27","guid":{"rendered":"http:\/\/www.eldigitaldeasturias.com\/noticias\/?p=485889"},"modified":"2014-02-07T18:04:27","modified_gmt":"2014-02-07T19:04:27","slug":"las-protestas-por-los-precios-del-transporte-generan-enfrentamientos-en-rio-de-janeiro","status":"publish","type":"post","link":"https:\/\/www.eldigitaldeasturias.com\/noticias\/las-protestas-por-los-precios-del-transporte-generan-enfrentamientos-en-rio-de-janeiro\/","title":{"rendered":"Las protestas por los precios del transporte generan enfrentamientos en R\u00edo de Janeiro"},"content":{"rendered":"<p><img loading=\"lazy\" decoding=\"async\" class=\"alignleft size-medium wp-image-485890\" alt=\"5918930w\" src=\"https:\/\/www.eldigitaldeasturias.com\/noticias\/wp-content\/uploads\/2014\/02\/5918930w-360x239.jpg\" width=\"360\" height=\"239\" \/>R\u00edo de Janeiro, 6 feb (EFE).- Cerca de dos mil personas volvieron a salir hoy a las calles de R\u00edo de Janeiro para protestar por el aumento del precio de los billetes de autob\u00fas, en una concentraci\u00f3n que gener\u00f3 varios enfrentamientos entre polic\u00eda y grupos de manifestantes.<\/p>\n<p>La protesta, que comenz\u00f3 sobre las 18.20 hora local (20.20 GMT) de forma pac\u00edfica en el centro de la ciudad, se intensific\u00f3 cuando los manifestantes entraron en masa en la estaci\u00f3n central de R\u00edo de Janeiro, seg\u00fan pudo constatar Efe.<\/p>\n<p>Bajo las consignas \u00abFIFA paga mi billete\u00bb, \u00abEl Mundial no se va a hacer\u00bb y \u00abCu\u00e1nto cuesta mi derecho de ir y venir\u00bb, algunos de los manifestantes arrancaron varios tornos de la estaci\u00f3n e invitaron a los presentes a pasar los controles sin pagar.<\/p>\n<p>A pesar de que el tema central de las protestas era el incremento de los pasajes, algunos de los manifestantes se movilizaron en contra de la organizaci\u00f3n del Mundial de F\u00fatbol Brasil 2014.<\/p>\n<p>En el interior de la estaci\u00f3n, la Polic\u00eda Militar (PM) lanz\u00f3 bombas de gas lacrim\u00f3geno para dispersar a los manifestantes, lo que provoc\u00f3 confusi\u00f3n y desconcierto entre las personas que no participaban en la protesta y que quer\u00edan regresar a sus respectivos hogares.<\/p>\n<p>Fuera de la estaci\u00f3n, se produjeron varios enfrentamientos entre las autoridades y algunos grupos de manifestantes. Seg\u00fan medios locales, un periodista que realizaba la cobertura de la protesta fue herido.<\/p>\n<p>Tambi\u00e9n se produjeron varios actos vand\u00e1licos y fueron incendiados algunos neum\u00e1ticos en medio de las calles. Todav\u00eda no hay constancia de detenidos, pero la Polic\u00eda comenz\u00f3 a identificar y registrar a varios de los participantes.<\/p>\n<p>El motivo principal de concentraci\u00f3n es el incremento, a partir del pr\u00f3ximo s\u00e1bado, de la tarifa de autob\u00fas en R\u00edo de Janeiro, que pasar\u00e1 de 2,75 reales (cerca de 1,13 d\u00f3lares) a 3 reales (unos 1,24 d\u00f3lares).<\/p>\n<p>Aunque el aumento del billete fue el detonante, miles de personas en todo Brasil salieron a las calles para pedir mejores servicios p\u00fablicos, como educaci\u00f3n y sanidad, y criticar el gasto en infraestructuras para eventos futbol\u00edsticos.<\/p>\n<p>Aitor \u00c1lvarez<\/p>\n","protected":false},"excerpt":{"rendered":"<p>R\u00edo de Janeiro, 6 feb (EFE).- Cerca de dos mil personas volvieron a salir hoy a las calles de R\u00edo de Janeiro para protestar por el aumento del precio de los billetes de autob\u00fas, en una concentraci\u00f3n que gener\u00f3 varios enfrentamientos entre polic\u00eda y grupos de manifestantes. La protesta, que comenz\u00f3 sobre las 18.20 hora [&hellip;]<\/p>\n","protected":false},"author":1,"featured_media":485890,"comment_status":"closed","ping_status":"open","sticky":false,"template":"","format":"standard","meta":{"footnotes":""},"categories":[1],"tags":[],"class_list":["post-485889","post","type-post","status-publish","format-standard","has-post-thumbnail","hentry","category-actualidad"],"aioseo_notices":[],"aioseo_head":"\n\t\t<!-- All in One SEO Pro 5.0.1 - aioseo.com -->\n\t<meta name=\"description\" content=\"R\u00edo de Janeiro, 6 feb (EFE).- Cerca de dos mil personas volvieron a salir hoy a las calles de R\u00edo de Janeiro para protestar por el aumento del precio de los billetes de autob\u00fas, en una concentraci\u00f3n que gener\u00f3 varios enfrentamientos entre polic\u00eda y grupos de manifestantes. La protesta, que comenz\u00f3 sobre las 18.20 hora\" \/>\n\t<meta name=\"robots\" content=\"max-image-preview:large\" \/>\n\t<meta name=\"author\" content=\"El Digital de Asturias\"\/>\n\t<meta name=\"google-site-verification\" content=\"UA-38556648-1\" \/>\n\t<meta name=\"msvalidate.01\" content=\"7dfe9f3f1b24437ab69f4f2559babe99\" \/>\n\t<meta name=\"keywords\" content=\"actualidad\" \/>\n\t<link rel=\"canonical\" href=\"https:\/\/www.eldigitaldeasturias.com\/noticias\/las-protestas-por-los-precios-del-transporte-generan-enfrentamientos-en-rio-de-janeiro\/\" \/>\n\t<meta name=\"generator\" content=\"All in One SEO Pro (AIOSEO) 5.0.1\" \/>\n\t\t<meta property=\"og:locale\" content=\"es_ES\" \/>\n\t\t<meta property=\"og:site_name\" content=\"El Digital de Asturias\" \/>\n\t\t<meta property=\"og:type\" content=\"article\" \/>\n\t\t<meta property=\"og:title\" content=\"Las protestas por los precios del transporte generan enfrentamientos en R\u00edo de Janeiro - El Digital de Asturias\" \/>\n\t\t<meta property=\"og:description\" content=\"R\u00edo de Janeiro, 6 feb (EFE).- Cerca de dos mil personas volvieron a salir hoy a las calles de R\u00edo de Janeiro para protestar por el aumento del precio de los billetes de autob\u00fas, en una concentraci\u00f3n que gener\u00f3 varios enfrentamientos entre polic\u00eda y grupos de manifestantes. La protesta, que comenz\u00f3 sobre las 18.20 hora\" \/>\n\t\t<meta property=\"og:url\" content=\"https:\/\/www.eldigitaldeasturias.com\/noticias\/las-protestas-por-los-precios-del-transporte-generan-enfrentamientos-en-rio-de-janeiro\/\" \/>\n\t\t<meta property=\"article:tag\" content=\"actualidad\" \/>\n\t\t<meta property=\"article:published_time\" content=\"2014-02-07T19:04:27+00:00\" \/>\n\t\t<meta property=\"article:modified_time\" content=\"2014-02-07T19:04:27+00:00\" \/>\n\t\t<meta property=\"article:publisher\" content=\"https:\/\/facebook.com\/eldigitaldeasturias\" \/>\n\t\t<meta name=\"twitter:card\" content=\"summary_large_image\" \/>\n\t\t<meta name=\"twitter:title\" content=\"Las protestas por los precios del transporte generan enfrentamientos en R\u00edo de Janeiro - El Digital de Asturias\" \/>\n\t\t<meta name=\"twitter:description\" content=\"R\u00edo de Janeiro, 6 feb (EFE).- Cerca de dos mil personas volvieron a salir hoy a las calles de R\u00edo de Janeiro para protestar por el aumento del precio de los billetes de autob\u00fas, en una concentraci\u00f3n que gener\u00f3 varios enfrentamientos entre polic\u00eda y grupos de manifestantes. La protesta, que comenz\u00f3 sobre las 18.20 hora\" \/>\n\t\t<meta name=\"twitter:label1\" content=\"Escrito por\" \/>\n\t\t<meta name=\"twitter:data1\" content=\"El Digital de Asturias\" \/>\n\t\t<meta name=\"twitter:label2\" content=\"Tiempo de lectura estimado\" \/>\n\t\t<meta name=\"twitter:data2\" content=\"2 minutos\" \/>\n\t\t<script type=\"application\/ld+json\" class=\"aioseo-schema\">\n\t\t\t{\"@context\":\"https:\\\/\\\/schema.org\",\"@graph\":[{\"@type\":\"BlogPosting\",\"@id\":\"https:\\\/\\\/www.eldigitaldeasturias.com\\\/noticias\\\/las-protestas-por-los-precios-del-transporte-generan-enfrentamientos-en-rio-de-janeiro\\\/#blogposting\",\"name\":\"Las protestas por los precios del transporte generan enfrentamientos en R\\u00edo de Janeiro - El Digital de Asturias\",\"headline\":\"Las protestas por los precios del transporte generan enfrentamientos en R\\u00edo de Janeiro\",\"author\":{\"@id\":\"https:\\\/\\\/www.eldigitaldeasturias.com\\\/noticias\\\/author\\\/admin\\\/#author\"},\"publisher\":{\"@id\":\"https:\\\/\\\/www.eldigitaldeasturias.com\\\/noticias\\\/#organization\"},\"image\":{\"@type\":\"ImageObject\",\"url\":485890},\"datePublished\":\"2014-02-07T18:04:27+01:00\",\"dateModified\":\"2014-02-07T18:04:27+01:00\",\"inLanguage\":\"es-ES\",\"mainEntityOfPage\":{\"@id\":\"https:\\\/\\\/www.eldigitaldeasturias.com\\\/noticias\\\/las-protestas-por-los-precios-del-transporte-generan-enfrentamientos-en-rio-de-janeiro\\\/#webpage\"},\"isPartOf\":{\"@id\":\"https:\\\/\\\/www.eldigitaldeasturias.com\\\/noticias\\\/las-protestas-por-los-precios-del-transporte-generan-enfrentamientos-en-rio-de-janeiro\\\/#webpage\"},\"articleSection\":\"Actualidad\"},{\"@type\":\"BreadcrumbList\",\"@id\":\"https:\\\/\\\/www.eldigitaldeasturias.com\\\/noticias\\\/las-protestas-por-los-precios-del-transporte-generan-enfrentamientos-en-rio-de-janeiro\\\/#breadcrumblist\",\"itemListElement\":[{\"@type\":\"ListItem\",\"@id\":\"https:\\\/\\\/www.eldigitaldeasturias.com\\\/noticias#listItem\",\"position\":1,\"name\":\"Home\",\"item\":\"https:\\\/\\\/www.eldigitaldeasturias.com\\\/noticias\",\"nextItem\":{\"@type\":\"ListItem\",\"@id\":\"https:\\\/\\\/www.eldigitaldeasturias.com\\\/noticias\\\/category\\\/actualidad\\\/#listItem\",\"name\":\"Actualidad\"}},{\"@type\":\"ListItem\",\"@id\":\"https:\\\/\\\/www.eldigitaldeasturias.com\\\/noticias\\\/category\\\/actualidad\\\/#listItem\",\"position\":2,\"name\":\"Actualidad\",\"item\":\"https:\\\/\\\/www.eldigitaldeasturias.com\\\/noticias\\\/category\\\/actualidad\\\/\",\"nextItem\":{\"@type\":\"ListItem\",\"@id\":\"https:\\\/\\\/www.eldigitaldeasturias.com\\\/noticias\\\/las-protestas-por-los-precios-del-transporte-generan-enfrentamientos-en-rio-de-janeiro\\\/#listItem\",\"name\":\"Las protestas por los precios del transporte generan enfrentamientos en R\\u00edo de Janeiro\"},\"previousItem\":{\"@type\":\"ListItem\",\"@id\":\"https:\\\/\\\/www.eldigitaldeasturias.com\\\/noticias#listItem\",\"name\":\"Home\"}},{\"@type\":\"ListItem\",\"@id\":\"https:\\\/\\\/www.eldigitaldeasturias.com\\\/noticias\\\/las-protestas-por-los-precios-del-transporte-generan-enfrentamientos-en-rio-de-janeiro\\\/#listItem\",\"position\":3,\"name\":\"Las protestas por los precios del transporte generan enfrentamientos en R\\u00edo de Janeiro\",\"previousItem\":{\"@type\":\"ListItem\",\"@id\":\"https:\\\/\\\/www.eldigitaldeasturias.com\\\/noticias\\\/category\\\/actualidad\\\/#listItem\",\"name\":\"Actualidad\"}}]},{\"@type\":\"Organization\",\"@id\":\"https:\\\/\\\/www.eldigitaldeasturias.com\\\/noticias\\\/#organization\",\"name\":\"El Digital de Asturias\",\"description\":\"Hemeroteca\",\"url\":\"https:\\\/\\\/www.eldigitaldeasturias.com\\\/noticias\\\/\",\"email\":\"info@eldigitaldeasturias.com\",\"telephone\":\"+34652131393\",\"logo\":{\"@type\":\"ImageObject\",\"url\":\"https:\\\/\\\/www.eldigitaldeasturias.com\\\/noticias\\\/wp-content\\\/uploads\\\/2020\\\/12\\\/EDA.jpg\",\"@id\":\"https:\\\/\\\/www.eldigitaldeasturias.com\\\/noticias\\\/las-protestas-por-los-precios-del-transporte-generan-enfrentamientos-en-rio-de-janeiro\\\/#organizationLogo\"},\"image\":{\"@id\":\"https:\\\/\\\/www.eldigitaldeasturias.com\\\/noticias\\\/las-protestas-por-los-precios-del-transporte-generan-enfrentamientos-en-rio-de-janeiro\\\/#organizationLogo\"},\"sameAs\":[\"https:\\\/\\\/facebook.com\\\/eldigitaldeasturias\",\"https:\\\/\\\/www.youtube.com\\\/channel\\\/UCZP-2wLEB9Rv6erhFmqVnvg\"],\"address\":{\"@id\":\"https:\\\/\\\/www.eldigitaldeasturias.com\\\/noticias\\\/#postaladdress\",\"@type\":\"PostalAddress\",\"streetAddress\":\"san antonio 4\",\"postalCode\":\"33430\",\"addressLocality\":\"Cand\\u00e1s\",\"addressRegion\":\"Asturias\",\"addressCountry\":\"ES\"}},{\"@type\":\"Person\",\"@id\":\"https:\\\/\\\/www.eldigitaldeasturias.com\\\/noticias\\\/author\\\/admin\\\/#author\",\"url\":\"https:\\\/\\\/www.eldigitaldeasturias.com\\\/noticias\\\/author\\\/admin\\\/\",\"name\":\"El Digital de Asturias\",\"image\":{\"@type\":\"ImageObject\",\"@id\":\"https:\\\/\\\/www.eldigitaldeasturias.com\\\/noticias\\\/las-protestas-por-los-precios-del-transporte-generan-enfrentamientos-en-rio-de-janeiro\\\/#authorImage\",\"url\":\"https:\\\/\\\/secure.gravatar.com\\\/avatar\\\/df2aeffc32bcd13f8d26072ef8a91b623d677766deac7f97ca815868cd41bf5e?s=96&d=mm&r=g\",\"width\":96,\"height\":96,\"caption\":\"El Digital de Asturias\"}},{\"@type\":\"WebPage\",\"@id\":\"https:\\\/\\\/www.eldigitaldeasturias.com\\\/noticias\\\/las-protestas-por-los-precios-del-transporte-generan-enfrentamientos-en-rio-de-janeiro\\\/#webpage\",\"url\":\"https:\\\/\\\/www.eldigitaldeasturias.com\\\/noticias\\\/las-protestas-por-los-precios-del-transporte-generan-enfrentamientos-en-rio-de-janeiro\\\/\",\"name\":\"Las protestas por los precios del transporte generan enfrentamientos en R\\u00edo de Janeiro - El Digital de Asturias\",\"description\":\"R\\u00edo de Janeiro, 6 feb (EFE).- Cerca de dos mil personas volvieron a salir hoy a las calles de R\\u00edo de Janeiro para protestar por el aumento del precio de los billetes de autob\\u00fas, en una concentraci\\u00f3n que gener\\u00f3 varios enfrentamientos entre polic\\u00eda y grupos de manifestantes. La protesta, que comenz\\u00f3 sobre las 18.20 hora\",\"inLanguage\":\"es-ES\",\"isPartOf\":{\"@id\":\"https:\\\/\\\/www.eldigitaldeasturias.com\\\/noticias\\\/#website\"},\"breadcrumb\":{\"@id\":\"https:\\\/\\\/www.eldigitaldeasturias.com\\\/noticias\\\/las-protestas-por-los-precios-del-transporte-generan-enfrentamientos-en-rio-de-janeiro\\\/#breadcrumblist\"},\"author\":{\"@id\":\"https:\\\/\\\/www.eldigitaldeasturias.com\\\/noticias\\\/author\\\/admin\\\/#author\"},\"creator\":{\"@id\":\"https:\\\/\\\/www.eldigitaldeasturias.com\\\/noticias\\\/author\\\/admin\\\/#author\"},\"image\":{\"@type\":\"ImageObject\",\"url\":485890,\"@id\":\"https:\\\/\\\/www.eldigitaldeasturias.com\\\/noticias\\\/las-protestas-por-los-precios-del-transporte-generan-enfrentamientos-en-rio-de-janeiro\\\/#mainImage\"},\"primaryImageOfPage\":{\"@id\":\"https:\\\/\\\/www.eldigitaldeasturias.com\\\/noticias\\\/las-protestas-por-los-precios-del-transporte-generan-enfrentamientos-en-rio-de-janeiro\\\/#mainImage\"},\"datePublished\":\"2014-02-07T18:04:27+01:00\",\"dateModified\":\"2014-02-07T18:04:27+01:00\"},{\"@type\":\"WebSite\",\"@id\":\"https:\\\/\\\/www.eldigitaldeasturias.com\\\/noticias\\\/#website\",\"url\":\"https:\\\/\\\/www.eldigitaldeasturias.com\\\/noticias\\\/\",\"name\":\"El Digital de Asturias - Diario de actualidad y noticias\",\"alternateName\":\"El Digital de Asturias - Diario de actualidad y noticias\",\"description\":\"Hemeroteca\",\"inLanguage\":\"es-ES\",\"publisher\":{\"@id\":\"https:\\\/\\\/www.eldigitaldeasturias.com\\\/noticias\\\/#organization\"}}]}\n\t\t<\/script>\n\t\t<!-- All in One SEO Pro -->\r\n\t\t<title>Las protestas por los precios del transporte generan enfrentamientos en R\u00edo de Janeiro - El Digital de Asturias<\/title>\n\n","aioseo_head_json":{"title":"Las protestas por los precios del transporte generan enfrentamientos en R\u00edo de Janeiro - El Digital de Asturias","description":"R\u00edo de Janeiro, 6 feb (EFE).- Cerca de dos mil personas volvieron a salir hoy a las calles de R\u00edo de Janeiro para protestar por el aumento del precio de los billetes de autob\u00fas, en una concentraci\u00f3n que gener\u00f3 varios enfrentamientos entre polic\u00eda y grupos de manifestantes. La protesta, que comenz\u00f3 sobre las 18.20 hora","canonical_url":"https:\/\/www.eldigitaldeasturias.com\/noticias\/las-protestas-por-los-precios-del-transporte-generan-enfrentamientos-en-rio-de-janeiro\/","robots":"max-image-preview:large","keywords":"actualidad","webmasterTools":{"google-site-verification":"UA-38556648-1","msvalidate.01":"7dfe9f3f1b24437ab69f4f2559babe99","miscellaneous":""},"schema":{"@context":"https:\/\/schema.org","@graph":[{"@type":"BlogPosting","@id":"https:\/\/www.eldigitaldeasturias.com\/noticias\/las-protestas-por-los-precios-del-transporte-generan-enfrentamientos-en-rio-de-janeiro\/#blogposting","name":"Las protestas por los precios del transporte generan enfrentamientos en R\u00edo de Janeiro - El Digital de Asturias","headline":"Las protestas por los precios del transporte generan enfrentamientos en R\u00edo de Janeiro","author":{"@id":"https:\/\/www.eldigitaldeasturias.com\/noticias\/author\/admin\/#author"},"publisher":{"@id":"https:\/\/www.eldigitaldeasturias.com\/noticias\/#organization"},"image":{"@type":"ImageObject","url":485890},"datePublished":"2014-02-07T18:04:27+01:00","dateModified":"2014-02-07T18:04:27+01:00","inLanguage":"es-ES","mainEntityOfPage":{"@id":"https:\/\/www.eldigitaldeasturias.com\/noticias\/las-protestas-por-los-precios-del-transporte-generan-enfrentamientos-en-rio-de-janeiro\/#webpage"},"isPartOf":{"@id":"https:\/\/www.eldigitaldeasturias.com\/noticias\/las-protestas-por-los-precios-del-transporte-generan-enfrentamientos-en-rio-de-janeiro\/#webpage"},"articleSection":"Actualidad"},{"@type":"BreadcrumbList","@id":"https:\/\/www.eldigitaldeasturias.com\/noticias\/las-protestas-por-los-precios-del-transporte-generan-enfrentamientos-en-rio-de-janeiro\/#breadcrumblist","itemListElement":[{"@type":"ListItem","@id":"https:\/\/www.eldigitaldeasturias.com\/noticias#listItem","position":1,"name":"Home","item":"https:\/\/www.eldigitaldeasturias.com\/noticias","nextItem":{"@type":"ListItem","@id":"https:\/\/www.eldigitaldeasturias.com\/noticias\/category\/actualidad\/#listItem","name":"Actualidad"}},{"@type":"ListItem","@id":"https:\/\/www.eldigitaldeasturias.com\/noticias\/category\/actualidad\/#listItem","position":2,"name":"Actualidad","item":"https:\/\/www.eldigitaldeasturias.com\/noticias\/category\/actualidad\/","nextItem":{"@type":"ListItem","@id":"https:\/\/www.eldigitaldeasturias.com\/noticias\/las-protestas-por-los-precios-del-transporte-generan-enfrentamientos-en-rio-de-janeiro\/#listItem","name":"Las protestas por los precios del transporte generan enfrentamientos en R\u00edo de Janeiro"},"previousItem":{"@type":"ListItem","@id":"https:\/\/www.eldigitaldeasturias.com\/noticias#listItem","name":"Home"}},{"@type":"ListItem","@id":"https:\/\/www.eldigitaldeasturias.com\/noticias\/las-protestas-por-los-precios-del-transporte-generan-enfrentamientos-en-rio-de-janeiro\/#listItem","position":3,"name":"Las protestas por los precios del transporte generan enfrentamientos en R\u00edo de Janeiro","previousItem":{"@type":"ListItem","@id":"https:\/\/www.eldigitaldeasturias.com\/noticias\/category\/actualidad\/#listItem","name":"Actualidad"}}]},{"@type":"Organization","@id":"https:\/\/www.eldigitaldeasturias.com\/noticias\/#organization","name":"El Digital de Asturias","description":"Hemeroteca","url":"https:\/\/www.eldigitaldeasturias.com\/noticias\/","email":"info@eldigitaldeasturias.com","telephone":"+34652131393","logo":{"@type":"ImageObject","url":"https:\/\/www.eldigitaldeasturias.com\/noticias\/wp-content\/uploads\/2020\/12\/EDA.jpg","@id":"https:\/\/www.eldigitaldeasturias.com\/noticias\/las-protestas-por-los-precios-del-transporte-generan-enfrentamientos-en-rio-de-janeiro\/#organizationLogo"},"image":{"@id":"https:\/\/www.eldigitaldeasturias.com\/noticias\/las-protestas-por-los-precios-del-transporte-generan-enfrentamientos-en-rio-de-janeiro\/#organizationLogo"},"sameAs":["https:\/\/facebook.com\/eldigitaldeasturias","https:\/\/www.youtube.com\/channel\/UCZP-2wLEB9Rv6erhFmqVnvg"],"address":{"@id":"https:\/\/www.eldigitaldeasturias.com\/noticias\/#postaladdress","@type":"PostalAddress","streetAddress":"san antonio 4","postalCode":"33430","addressLocality":"Cand\u00e1s","addressRegion":"Asturias","addressCountry":"ES"}},{"@type":"Person","@id":"https:\/\/www.eldigitaldeasturias.com\/noticias\/author\/admin\/#author","url":"https:\/\/www.eldigitaldeasturias.com\/noticias\/author\/admin\/","name":"El Digital de Asturias","image":{"@type":"ImageObject","@id":"https:\/\/www.eldigitaldeasturias.com\/noticias\/las-protestas-por-los-precios-del-transporte-generan-enfrentamientos-en-rio-de-janeiro\/#authorImage","url":"https:\/\/secure.gravatar.com\/avatar\/df2aeffc32bcd13f8d26072ef8a91b623d677766deac7f97ca815868cd41bf5e?s=96&d=mm&r=g","width":96,"height":96,"caption":"El Digital de Asturias"}},{"@type":"WebPage","@id":"https:\/\/www.eldigitaldeasturias.com\/noticias\/las-protestas-por-los-precios-del-transporte-generan-enfrentamientos-en-rio-de-janeiro\/#webpage","url":"https:\/\/www.eldigitaldeasturias.com\/noticias\/las-protestas-por-los-precios-del-transporte-generan-enfrentamientos-en-rio-de-janeiro\/","name":"Las protestas por los precios del transporte generan enfrentamientos en R\u00edo de Janeiro - El Digital de Asturias","description":"R\u00edo de Janeiro, 6 feb (EFE).- Cerca de dos mil personas volvieron a salir hoy a las calles de R\u00edo de Janeiro para protestar por el aumento del precio de los billetes de autob\u00fas, en una concentraci\u00f3n que gener\u00f3 varios enfrentamientos entre polic\u00eda y grupos de manifestantes. La protesta, que comenz\u00f3 sobre las 18.20 hora","inLanguage":"es-ES","isPartOf":{"@id":"https:\/\/www.eldigitaldeasturias.com\/noticias\/#website"},"breadcrumb":{"@id":"https:\/\/www.eldigitaldeasturias.com\/noticias\/las-protestas-por-los-precios-del-transporte-generan-enfrentamientos-en-rio-de-janeiro\/#breadcrumblist"},"author":{"@id":"https:\/\/www.eldigitaldeasturias.com\/noticias\/author\/admin\/#author"},"creator":{"@id":"https:\/\/www.eldigitaldeasturias.com\/noticias\/author\/admin\/#author"},"image":{"@type":"ImageObject","url":485890,"@id":"https:\/\/www.eldigitaldeasturias.com\/noticias\/las-protestas-por-los-precios-del-transporte-generan-enfrentamientos-en-rio-de-janeiro\/#mainImage"},"primaryImageOfPage":{"@id":"https:\/\/www.eldigitaldeasturias.com\/noticias\/las-protestas-por-los-precios-del-transporte-generan-enfrentamientos-en-rio-de-janeiro\/#mainImage"},"datePublished":"2014-02-07T18:04:27+01:00","dateModified":"2014-02-07T18:04:27+01:00"},{"@type":"WebSite","@id":"https:\/\/www.eldigitaldeasturias.com\/noticias\/#website","url":"https:\/\/www.eldigitaldeasturias.com\/noticias\/","name":"El Digital de Asturias - Diario de actualidad y noticias","alternateName":"El Digital de Asturias - Diario de actualidad y noticias","description":"Hemeroteca","inLanguage":"es-ES","publisher":{"@id":"https:\/\/www.eldigitaldeasturias.com\/noticias\/#organization"}}]},"og:locale":"es_ES","og:site_name":"El Digital de Asturias","og:type":"article","og:title":"Las protestas por los precios del transporte generan enfrentamientos en R\u00edo de Janeiro - El Digital de Asturias","og:description":"R\u00edo de Janeiro, 6 feb (EFE).- Cerca de dos mil personas volvieron a salir hoy a las calles de R\u00edo de Janeiro para protestar por el aumento del precio de los billetes de autob\u00fas, en una concentraci\u00f3n que gener\u00f3 varios enfrentamientos entre polic\u00eda y grupos de manifestantes. La protesta, que comenz\u00f3 sobre las 18.20 hora","og:url":"https:\/\/www.eldigitaldeasturias.com\/noticias\/las-protestas-por-los-precios-del-transporte-generan-enfrentamientos-en-rio-de-janeiro\/","article:tag":["actualidad"],"article:published_time":"2014-02-07T19:04:27+00:00","article:modified_time":"2014-02-07T19:04:27+00:00","article:publisher":"https:\/\/facebook.com\/eldigitaldeasturias","twitter:card":"summary_large_image","twitter:title":"Las protestas por los precios del transporte generan enfrentamientos en R\u00edo de Janeiro - El Digital de Asturias","twitter:description":"R\u00edo de Janeiro, 6 feb (EFE).- Cerca de dos mil personas volvieron a salir hoy a las calles de R\u00edo de Janeiro para protestar por el aumento del precio de los billetes de autob\u00fas, en una concentraci\u00f3n que gener\u00f3 varios enfrentamientos entre polic\u00eda y grupos de manifestantes. La protesta, que comenz\u00f3 sobre las 18.20 hora","twitter:label1":"Escrito por","twitter:data1":"El Digital de Asturias","twitter:label2":"Tiempo de lectura estimado","twitter:data2":"2 minutos"},"aioseo_meta_data":{"post_id":"485889","title":null,"description":null,"keywords":null,"keyphrases":null,"primary_term":null,"canonical_url":null,"og_title":null,"og_description":null,"og_object_type":"default","og_image_type":"default","og_image_url":null,"og_image_width":null,"og_image_height":null,"og_image_custom_url":null,"og_image_custom_fields":null,"og_video":null,"og_custom_url":null,"og_article_section":null,"og_article_tags":null,"twitter_use_og":true,"twitter_card":"default","twitter_image_type":"default","twitter_image_url":null,"twitter_image_custom_url":null,"twitter_image_custom_fields":null,"twitter_title":null,"twitter_description":null,"schema":{"blockGraphs":[],"customGraphs":[],"default":{"data":{"Article":[],"Course":[],"Dataset":[],"FAQPage":[],"Movie":[],"Person":[],"Product":[],"ProductReview":[],"Car":[],"Recipe":[],"Service":[],"SoftwareApplication":[],"WebPage":[]},"graphName":"","isEnabled":true},"graphs":[],"defaultGraph":"","defaultPostTypeGraph":""},"schema_type":null,"schema_type_options":null,"pillar_content":false,"robots_default":true,"robots_noindex":false,"robots_noarchive":false,"robots_nosnippet":false,"robots_nofollow":false,"robots_noimageindex":false,"robots_noodp":false,"robots_notranslate":false,"robots_max_snippet":null,"robots_max_videopreview":null,"robots_max_imagepreview":"none","priority":null,"frequency":null,"local_seo":null,"seo_analyzer_scan_date":"2026-06-02 22:27:50","breadcrumb_settings":null,"limit_modified_date":false,"open_ai":null,"ai":null,"created":"2020-11-14 22:55:26","updated":"2026-06-02 22:27:50","focus_keyword":null,"additional_keywords":null,"truseo_locale":null},"aioseo_breadcrumb":"<div class=\"aioseo-breadcrumbs\"><span class=\"aioseo-breadcrumb\">\n\t<a href=\"https:\/\/www.eldigitaldeasturias.com\/noticias\" title=\"Home\">Home<\/a>\n<\/span><span class=\"aioseo-breadcrumb-separator\">\u2013<\/span><span class=\"aioseo-breadcrumb\">\n\t<a href=\"https:\/\/www.eldigitaldeasturias.com\/noticias\/category\/actualidad\/\" title=\"Actualidad\">Actualidad<\/a>\n<\/span><span class=\"aioseo-breadcrumb-separator\">\u2013<\/span><span class=\"aioseo-breadcrumb\">\n\t<a href=\"https:\/\/www.eldigitaldeasturias.com\/noticias\/las-protestas-por-los-precios-del-transporte-generan-enfrentamientos-en-rio-de-janeiro\/\" title=\"Las protestas por los precios del transporte generan enfrentamientos en R\u00edo de Janeiro\">Las protestas por los precios del transporte generan enfrentamientos en R\u00edo de Janeiro<\/a>\n<\/span><\/div>","aioseo_breadcrumb_json":[{"label":"Home","link":"https:\/\/www.eldigitaldeasturias.com\/noticias"},{"label":"Actualidad","link":"https:\/\/www.eldigitaldeasturias.com\/noticias\/category\/actualidad\/"},{"label":"Las protestas por los precios del transporte generan enfrentamientos en R\u00edo de Janeiro","link":"https:\/\/www.eldigitaldeasturias.com\/noticias\/las-protestas-por-los-precios-del-transporte-generan-enfrentamientos-en-rio-de-janeiro\/"}],"_links":{"self":[{"href":"https:\/\/www.eldigitaldeasturias.com\/noticias\/wp-json\/wp\/v2\/posts\/485889","targetHints":{"allow":["GET"]}}],"collection":[{"href":"https:\/\/www.eldigitaldeasturias.com\/noticias\/wp-json\/wp\/v2\/posts"}],"about":[{"href":"https:\/\/www.eldigitaldeasturias.com\/noticias\/wp-json\/wp\/v2\/types\/post"}],"author":[{"embeddable":true,"href":"https:\/\/www.eldigitaldeasturias.com\/noticias\/wp-json\/wp\/v2\/users\/1"}],"replies":[{"embeddable":true,"href":"https:\/\/www.eldigitaldeasturias.com\/noticias\/wp-json\/wp\/v2\/comments?post=485889"}],"version-history":[{"count":0,"href":"https:\/\/www.eldigitaldeasturias.com\/noticias\/wp-json\/wp\/v2\/posts\/485889\/revisions"}],"wp:attachment":[{"href":"https:\/\/www.eldigitaldeasturias.com\/noticias\/wp-json\/wp\/v2\/media?parent=485889"}],"wp:term":[{"taxonomy":"category","embeddable":true,"href":"https:\/\/www.eldigitaldeasturias.com\/noticias\/wp-json\/wp\/v2\/categories?post=485889"},{"taxonomy":"post_tag","embeddable":true,"href":"https:\/\/www.eldigitaldeasturias.com\/noticias\/wp-json\/wp\/v2\/tags?post=485889"}],"curies":[{"name":"wp","href":"https:\/\/api.w.org\/{rel}","templated":true}]}}