{"id":485886,"date":"2014-02-07T18:03:24","date_gmt":"2014-02-07T19:03:24","guid":{"rendered":"http:\/\/www.eldigitaldeasturias.com\/noticias\/?p=485886"},"modified":"2014-02-07T18:03:24","modified_gmt":"2014-02-07T19:03:24","slug":"el-secretario-de-comercio-espanol-tratara-con-iberia-el-regreso-del-vuelo-a-santo-domingo","status":"publish","type":"post","link":"https:\/\/www.eldigitaldeasturias.com\/noticias\/el-secretario-de-comercio-espanol-tratara-con-iberia-el-regreso-del-vuelo-a-santo-domingo\/","title":{"rendered":"El secretario de Comercio espa\u00f1ol tratar\u00e1 con Iberia el regreso del vuelo a Santo Domingo"},"content":{"rendered":"<p><img loading=\"lazy\" decoding=\"async\" class=\"alignleft size-medium wp-image-485887\" alt=\"5918916w\" src=\"https:\/\/www.eldigitaldeasturias.com\/noticias\/wp-content\/uploads\/2014\/02\/5918916w-360x239.jpg\" width=\"360\" height=\"239\" \/>Santo Domingo, 6 feb (EFE).- El secretario de Estado de Comercio de Espa\u00f1a, Jaime Garc\u00eda-Legaz, asegur\u00f3 hoy que ma\u00f1ana tiene previsto reunirse con el presidente de la aerol\u00ednea espa\u00f1ola Iberia, Luis Gallego, para tratar, entre otros asuntos, el restablecimiento del vuelo directo Madrid-Santo Domingo, suspendido en marzo de 2013.<\/p>\n<p>Garc\u00eda-Legaz se encuentra de visita en la Rep\u00fablica Dominicana para repasar e impulsar con las autoridades dominicanas las relaciones comerciales que existen entre ambas naciones.<\/p>\n<p>En una entrevista con EFE, Garc\u00eda-Legaz asegur\u00f3 que a Espa\u00f1a le \u00abinteresa mucho\u00bb que se restablezca ese vuelo y que durante sus reuniones en tierras dominicanas ha recibido peticiones en este sentido.<\/p>\n<p>El 31 de marzo de 2013 la aerol\u00ednea espa\u00f1ola llev\u00f3 a cabo su \u00faltimo vuelo y cerr\u00f3 as\u00ed 45 a\u00f1os de relaciones con la Rep\u00fablica Dominicana.<\/p>\n<p>Garc\u00eda-Legaz se reuni\u00f3 hoy con el presidente dominicano, Danilo Medina, algunos de los ministros que forman su equipo de Gobierno y 45 empresarios espa\u00f1oles radicados en Rep\u00fablica Dominicana.<\/p>\n<p>El secretario de Estado indic\u00f3 que todav\u00eda el comercio entre Espa\u00f1a y Rep\u00fablica Dominicana es \u00abobjetivamente bajo\u00bb y se puede aspirar a m\u00e1s.<\/p>\n<p>Sobre el encuentro con el presidente de Rep\u00fablica Dominicana y los ministros de la Presidencia, Gustavo Montalvo, de Hacienda, Sim\u00f3n Lizardo, y de Industria y Comercio, Jos\u00e9 del Castillo, el secretario de Estado espa\u00f1ol se\u00f1al\u00f3 que el Gobierno dominicano \u00abest\u00e1 muy contento con la inversi\u00f3n espa\u00f1ola en el pa\u00eds\u00bb.<\/p>\n<p>Adem\u00e1s, situ\u00f3 a Espa\u00f1a en tercer lugar en cuanto a pa\u00edses inversores en Rep\u00fablica Dominicana, solamente por detr\u00e1s de Estados Unidos y de Canad\u00e1.<\/p>\n<p>Garc\u00eda-Legaz detall\u00f3 que la inversi\u00f3n espa\u00f1ola en la Rep\u00fablica Dominicana es de m\u00e1s de 4.000 millones de d\u00f3lares y genera m\u00e1s de 70.000 empleos directos.<\/p>\n<p>Sin embargo, manifest\u00f3 que las inversiones dominicanas en Espa\u00f1a hasta ahora son muy peque\u00f1as, apenas superan los 100 millones de d\u00f3lares y, adem\u00e1s, es una inversi\u00f3n repartida sobre todo en el sector inmobiliario a trav\u00e9s de propiedades peque\u00f1as.<\/p>\n<p>En este sentido, el secretario de Estado coment\u00f3 a EFE que el mensaje que intentaron trasladar hoy en sus reuniones es que les gustar\u00eda ver alguna inversi\u00f3n dominicana de car\u00e1cter empresarial en Espa\u00f1a.<\/p>\n<p>Destac\u00f3 c\u00f3mo en el sector m\u00e1s fuerte en Rep\u00fablica Dominicana, el tur\u00edstico, Espa\u00f1a tiene una presencia \u00abmuy importante y predominante\u00bb. El 75 por ciento de la inversi\u00f3n hotelera en el pa\u00eds es espa\u00f1ola.<\/p>\n<p>Opin\u00f3 que existe margen para crecer en otros \u00e1mbitos, como el energ\u00e9tico, \u00abEspa\u00f1a tiene mucha capacidad empresarial en este sector y quiz\u00e1 podemos tener, como empresa espa\u00f1ola, m\u00e1s recorrido que en otros sectores\u00bb.<\/p>\n<p>Garc\u00eda Legaz apunt\u00f3 que los empresarios espa\u00f1oles hacen una buena evaluaci\u00f3n de la situaci\u00f3n econ\u00f3mica en Rep\u00fablica Dominicana, en general \u00ables va bien\u00bb, y ven que la econom\u00eda est\u00e1 creciendo con fuerza.<\/p>\n<p>\u00abLo que nos han manifestado todos es que la apuesta que han hecho de inversi\u00f3n se va a mantener y muchos de ellos est\u00e1n pensando en incrementar sus inversiones en el pa\u00eds, lo cual es buena se\u00f1al porque creen que la econom\u00eda tiene mucho recorrido\u00bb, concluy\u00f3.<\/p>\n","protected":false},"excerpt":{"rendered":"<p>Santo Domingo, 6 feb (EFE).- El secretario de Estado de Comercio de Espa\u00f1a, Jaime Garc\u00eda-Legaz, asegur\u00f3 hoy que ma\u00f1ana tiene previsto reunirse con el presidente de la aerol\u00ednea espa\u00f1ola Iberia, Luis Gallego, para tratar, entre otros asuntos, el restablecimiento del vuelo directo Madrid-Santo Domingo, suspendido en marzo de 2013. Garc\u00eda-Legaz se encuentra de visita en [&hellip;]<\/p>\n","protected":false},"author":1,"featured_media":485887,"comment_status":"closed","ping_status":"open","sticky":false,"template":"","format":"standard","meta":{"footnotes":""},"categories":[1],"tags":[],"class_list":["post-485886","post","type-post","status-publish","format-standard","has-post-thumbnail","hentry","category-actualidad"],"aioseo_notices":[],"aioseo_head":"\n\t\t<!-- All in One SEO Pro 5.0.1 - aioseo.com -->\n\t<meta name=\"description\" content=\"Santo Domingo, 6 feb (EFE).- El secretario de Estado de Comercio de Espa\u00f1a, Jaime Garc\u00eda-Legaz, asegur\u00f3 hoy que ma\u00f1ana tiene previsto reunirse con el presidente de la aerol\u00ednea espa\u00f1ola Iberia, Luis Gallego, para tratar, entre otros asuntos, el restablecimiento del vuelo directo Madrid-Santo Domingo, suspendido en marzo de 2013. Garc\u00eda-Legaz se encuentra de visita en\" \/>\n\t<meta name=\"robots\" content=\"max-image-preview:large\" \/>\n\t<meta name=\"author\" content=\"El Digital de Asturias\"\/>\n\t<meta name=\"google-site-verification\" content=\"UA-38556648-1\" \/>\n\t<meta name=\"msvalidate.01\" content=\"7dfe9f3f1b24437ab69f4f2559babe99\" \/>\n\t<meta name=\"keywords\" content=\"actualidad\" \/>\n\t<link rel=\"canonical\" href=\"https:\/\/www.eldigitaldeasturias.com\/noticias\/el-secretario-de-comercio-espanol-tratara-con-iberia-el-regreso-del-vuelo-a-santo-domingo\/\" \/>\n\t<meta name=\"generator\" content=\"All in One SEO Pro (AIOSEO) 5.0.1\" \/>\n\t\t<meta property=\"og:locale\" content=\"es_ES\" \/>\n\t\t<meta property=\"og:site_name\" content=\"El Digital de Asturias\" \/>\n\t\t<meta property=\"og:type\" content=\"article\" \/>\n\t\t<meta property=\"og:title\" content=\"El secretario de Comercio espa\u00f1ol tratar\u00e1 con Iberia el regreso del vuelo a Santo Domingo - El Digital de Asturias\" \/>\n\t\t<meta property=\"og:description\" content=\"Santo Domingo, 6 feb (EFE).- El secretario de Estado de Comercio de Espa\u00f1a, Jaime Garc\u00eda-Legaz, asegur\u00f3 hoy que ma\u00f1ana tiene previsto reunirse con el presidente de la aerol\u00ednea espa\u00f1ola Iberia, Luis Gallego, para tratar, entre otros asuntos, el restablecimiento del vuelo directo Madrid-Santo Domingo, suspendido en marzo de 2013. Garc\u00eda-Legaz se encuentra de visita en\" \/>\n\t\t<meta property=\"og:url\" content=\"https:\/\/www.eldigitaldeasturias.com\/noticias\/el-secretario-de-comercio-espanol-tratara-con-iberia-el-regreso-del-vuelo-a-santo-domingo\/\" \/>\n\t\t<meta property=\"article:tag\" content=\"actualidad\" \/>\n\t\t<meta property=\"article:published_time\" content=\"2014-02-07T19:03:24+00:00\" \/>\n\t\t<meta property=\"article:modified_time\" content=\"2014-02-07T19:03:24+00:00\" \/>\n\t\t<meta property=\"article:publisher\" content=\"https:\/\/facebook.com\/eldigitaldeasturias\" \/>\n\t\t<meta name=\"twitter:card\" content=\"summary_large_image\" \/>\n\t\t<meta name=\"twitter:title\" content=\"El secretario de Comercio espa\u00f1ol tratar\u00e1 con Iberia el regreso del vuelo a Santo Domingo - El Digital de Asturias\" \/>\n\t\t<meta name=\"twitter:description\" content=\"Santo Domingo, 6 feb (EFE).- El secretario de Estado de Comercio de Espa\u00f1a, Jaime Garc\u00eda-Legaz, asegur\u00f3 hoy que ma\u00f1ana tiene previsto reunirse con el presidente de la aerol\u00ednea espa\u00f1ola Iberia, Luis Gallego, para tratar, entre otros asuntos, el restablecimiento del vuelo directo Madrid-Santo Domingo, suspendido en marzo de 2013. Garc\u00eda-Legaz se encuentra de visita en\" \/>\n\t\t<meta name=\"twitter:label1\" content=\"Escrito por\" \/>\n\t\t<meta name=\"twitter:data1\" content=\"El Digital de Asturias\" \/>\n\t\t<meta name=\"twitter:label2\" content=\"Tiempo de lectura estimado\" \/>\n\t\t<meta name=\"twitter:data2\" content=\"3 minutos\" \/>\n\t\t<script type=\"application\/ld+json\" class=\"aioseo-schema\">\n\t\t\t{\"@context\":\"https:\\\/\\\/schema.org\",\"@graph\":[{\"@type\":\"BlogPosting\",\"@id\":\"https:\\\/\\\/www.eldigitaldeasturias.com\\\/noticias\\\/el-secretario-de-comercio-espanol-tratara-con-iberia-el-regreso-del-vuelo-a-santo-domingo\\\/#blogposting\",\"name\":\"El secretario de Comercio espa\\u00f1ol tratar\\u00e1 con Iberia el regreso del vuelo a Santo Domingo - El Digital de Asturias\",\"headline\":\"El secretario de Comercio espa\\u00f1ol tratar\\u00e1 con Iberia el regreso del vuelo a Santo Domingo\",\"author\":{\"@id\":\"https:\\\/\\\/www.eldigitaldeasturias.com\\\/noticias\\\/author\\\/admin\\\/#author\"},\"publisher\":{\"@id\":\"https:\\\/\\\/www.eldigitaldeasturias.com\\\/noticias\\\/#organization\"},\"image\":{\"@type\":\"ImageObject\",\"url\":485887},\"datePublished\":\"2014-02-07T18:03:24+01:00\",\"dateModified\":\"2014-02-07T18:03:24+01:00\",\"inLanguage\":\"es-ES\",\"mainEntityOfPage\":{\"@id\":\"https:\\\/\\\/www.eldigitaldeasturias.com\\\/noticias\\\/el-secretario-de-comercio-espanol-tratara-con-iberia-el-regreso-del-vuelo-a-santo-domingo\\\/#webpage\"},\"isPartOf\":{\"@id\":\"https:\\\/\\\/www.eldigitaldeasturias.com\\\/noticias\\\/el-secretario-de-comercio-espanol-tratara-con-iberia-el-regreso-del-vuelo-a-santo-domingo\\\/#webpage\"},\"articleSection\":\"Actualidad\"},{\"@type\":\"BreadcrumbList\",\"@id\":\"https:\\\/\\\/www.eldigitaldeasturias.com\\\/noticias\\\/el-secretario-de-comercio-espanol-tratara-con-iberia-el-regreso-del-vuelo-a-santo-domingo\\\/#breadcrumblist\",\"itemListElement\":[{\"@type\":\"ListItem\",\"@id\":\"https:\\\/\\\/www.eldigitaldeasturias.com\\\/noticias#listItem\",\"position\":1,\"name\":\"Home\",\"item\":\"https:\\\/\\\/www.eldigitaldeasturias.com\\\/noticias\",\"nextItem\":{\"@type\":\"ListItem\",\"@id\":\"https:\\\/\\\/www.eldigitaldeasturias.com\\\/noticias\\\/category\\\/actualidad\\\/#listItem\",\"name\":\"Actualidad\"}},{\"@type\":\"ListItem\",\"@id\":\"https:\\\/\\\/www.eldigitaldeasturias.com\\\/noticias\\\/category\\\/actualidad\\\/#listItem\",\"position\":2,\"name\":\"Actualidad\",\"item\":\"https:\\\/\\\/www.eldigitaldeasturias.com\\\/noticias\\\/category\\\/actualidad\\\/\",\"nextItem\":{\"@type\":\"ListItem\",\"@id\":\"https:\\\/\\\/www.eldigitaldeasturias.com\\\/noticias\\\/el-secretario-de-comercio-espanol-tratara-con-iberia-el-regreso-del-vuelo-a-santo-domingo\\\/#listItem\",\"name\":\"El secretario de Comercio espa\\u00f1ol tratar\\u00e1 con Iberia el regreso del vuelo a Santo Domingo\"},\"previousItem\":{\"@type\":\"ListItem\",\"@id\":\"https:\\\/\\\/www.eldigitaldeasturias.com\\\/noticias#listItem\",\"name\":\"Home\"}},{\"@type\":\"ListItem\",\"@id\":\"https:\\\/\\\/www.eldigitaldeasturias.com\\\/noticias\\\/el-secretario-de-comercio-espanol-tratara-con-iberia-el-regreso-del-vuelo-a-santo-domingo\\\/#listItem\",\"position\":3,\"name\":\"El secretario de Comercio espa\\u00f1ol tratar\\u00e1 con Iberia el regreso del vuelo a Santo Domingo\",\"previousItem\":{\"@type\":\"ListItem\",\"@id\":\"https:\\\/\\\/www.eldigitaldeasturias.com\\\/noticias\\\/category\\\/actualidad\\\/#listItem\",\"name\":\"Actualidad\"}}]},{\"@type\":\"Organization\",\"@id\":\"https:\\\/\\\/www.eldigitaldeasturias.com\\\/noticias\\\/#organization\",\"name\":\"El Digital de Asturias\",\"description\":\"Hemeroteca\",\"url\":\"https:\\\/\\\/www.eldigitaldeasturias.com\\\/noticias\\\/\",\"email\":\"info@eldigitaldeasturias.com\",\"telephone\":\"+34652131393\",\"logo\":{\"@type\":\"ImageObject\",\"url\":\"https:\\\/\\\/www.eldigitaldeasturias.com\\\/noticias\\\/wp-content\\\/uploads\\\/2020\\\/12\\\/EDA.jpg\",\"@id\":\"https:\\\/\\\/www.eldigitaldeasturias.com\\\/noticias\\\/el-secretario-de-comercio-espanol-tratara-con-iberia-el-regreso-del-vuelo-a-santo-domingo\\\/#organizationLogo\"},\"image\":{\"@id\":\"https:\\\/\\\/www.eldigitaldeasturias.com\\\/noticias\\\/el-secretario-de-comercio-espanol-tratara-con-iberia-el-regreso-del-vuelo-a-santo-domingo\\\/#organizationLogo\"},\"sameAs\":[\"https:\\\/\\\/facebook.com\\\/eldigitaldeasturias\",\"https:\\\/\\\/www.youtube.com\\\/channel\\\/UCZP-2wLEB9Rv6erhFmqVnvg\"],\"address\":{\"@id\":\"https:\\\/\\\/www.eldigitaldeasturias.com\\\/noticias\\\/#postaladdress\",\"@type\":\"PostalAddress\",\"streetAddress\":\"san antonio 4\",\"postalCode\":\"33430\",\"addressLocality\":\"Cand\\u00e1s\",\"addressRegion\":\"Asturias\",\"addressCountry\":\"ES\"}},{\"@type\":\"Person\",\"@id\":\"https:\\\/\\\/www.eldigitaldeasturias.com\\\/noticias\\\/author\\\/admin\\\/#author\",\"url\":\"https:\\\/\\\/www.eldigitaldeasturias.com\\\/noticias\\\/author\\\/admin\\\/\",\"name\":\"El Digital de Asturias\",\"image\":{\"@type\":\"ImageObject\",\"@id\":\"https:\\\/\\\/www.eldigitaldeasturias.com\\\/noticias\\\/el-secretario-de-comercio-espanol-tratara-con-iberia-el-regreso-del-vuelo-a-santo-domingo\\\/#authorImage\",\"url\":\"https:\\\/\\\/secure.gravatar.com\\\/avatar\\\/df2aeffc32bcd13f8d26072ef8a91b623d677766deac7f97ca815868cd41bf5e?s=96&d=mm&r=g\",\"width\":96,\"height\":96,\"caption\":\"El Digital de Asturias\"}},{\"@type\":\"WebPage\",\"@id\":\"https:\\\/\\\/www.eldigitaldeasturias.com\\\/noticias\\\/el-secretario-de-comercio-espanol-tratara-con-iberia-el-regreso-del-vuelo-a-santo-domingo\\\/#webpage\",\"url\":\"https:\\\/\\\/www.eldigitaldeasturias.com\\\/noticias\\\/el-secretario-de-comercio-espanol-tratara-con-iberia-el-regreso-del-vuelo-a-santo-domingo\\\/\",\"name\":\"El secretario de Comercio espa\\u00f1ol tratar\\u00e1 con Iberia el regreso del vuelo a Santo Domingo - El Digital de Asturias\",\"description\":\"Santo Domingo, 6 feb (EFE).- El secretario de Estado de Comercio de Espa\\u00f1a, Jaime Garc\\u00eda-Legaz, asegur\\u00f3 hoy que ma\\u00f1ana tiene previsto reunirse con el presidente de la aerol\\u00ednea espa\\u00f1ola Iberia, Luis Gallego, para tratar, entre otros asuntos, el restablecimiento del vuelo directo Madrid-Santo Domingo, suspendido en marzo de 2013. Garc\\u00eda-Legaz se encuentra de visita en\",\"inLanguage\":\"es-ES\",\"isPartOf\":{\"@id\":\"https:\\\/\\\/www.eldigitaldeasturias.com\\\/noticias\\\/#website\"},\"breadcrumb\":{\"@id\":\"https:\\\/\\\/www.eldigitaldeasturias.com\\\/noticias\\\/el-secretario-de-comercio-espanol-tratara-con-iberia-el-regreso-del-vuelo-a-santo-domingo\\\/#breadcrumblist\"},\"author\":{\"@id\":\"https:\\\/\\\/www.eldigitaldeasturias.com\\\/noticias\\\/author\\\/admin\\\/#author\"},\"creator\":{\"@id\":\"https:\\\/\\\/www.eldigitaldeasturias.com\\\/noticias\\\/author\\\/admin\\\/#author\"},\"image\":{\"@type\":\"ImageObject\",\"url\":485887,\"@id\":\"https:\\\/\\\/www.eldigitaldeasturias.com\\\/noticias\\\/el-secretario-de-comercio-espanol-tratara-con-iberia-el-regreso-del-vuelo-a-santo-domingo\\\/#mainImage\"},\"primaryImageOfPage\":{\"@id\":\"https:\\\/\\\/www.eldigitaldeasturias.com\\\/noticias\\\/el-secretario-de-comercio-espanol-tratara-con-iberia-el-regreso-del-vuelo-a-santo-domingo\\\/#mainImage\"},\"datePublished\":\"2014-02-07T18:03:24+01:00\",\"dateModified\":\"2014-02-07T18:03:24+01:00\"},{\"@type\":\"WebSite\",\"@id\":\"https:\\\/\\\/www.eldigitaldeasturias.com\\\/noticias\\\/#website\",\"url\":\"https:\\\/\\\/www.eldigitaldeasturias.com\\\/noticias\\\/\",\"name\":\"El Digital de Asturias - Diario de actualidad y noticias\",\"alternateName\":\"El Digital de Asturias - Diario de actualidad y noticias\",\"description\":\"Hemeroteca\",\"inLanguage\":\"es-ES\",\"publisher\":{\"@id\":\"https:\\\/\\\/www.eldigitaldeasturias.com\\\/noticias\\\/#organization\"}}]}\n\t\t<\/script>\n\t\t<!-- All in One SEO Pro -->\r\n\t\t<title>El secretario de Comercio espa\u00f1ol tratar\u00e1 con Iberia el regreso del vuelo a Santo Domingo - El Digital de Asturias<\/title>\n\n","aioseo_head_json":{"title":"El secretario de Comercio espa\u00f1ol tratar\u00e1 con Iberia el regreso del vuelo a Santo Domingo - El Digital de Asturias","description":"Santo Domingo, 6 feb (EFE).- El secretario de Estado de Comercio de Espa\u00f1a, Jaime Garc\u00eda-Legaz, asegur\u00f3 hoy que ma\u00f1ana tiene previsto reunirse con el presidente de la aerol\u00ednea espa\u00f1ola Iberia, Luis Gallego, para tratar, entre otros asuntos, el restablecimiento del vuelo directo Madrid-Santo Domingo, suspendido en marzo de 2013. Garc\u00eda-Legaz se encuentra de visita en","canonical_url":"https:\/\/www.eldigitaldeasturias.com\/noticias\/el-secretario-de-comercio-espanol-tratara-con-iberia-el-regreso-del-vuelo-a-santo-domingo\/","robots":"max-image-preview:large","keywords":"actualidad","webmasterTools":{"google-site-verification":"UA-38556648-1","msvalidate.01":"7dfe9f3f1b24437ab69f4f2559babe99","miscellaneous":""},"schema":{"@context":"https:\/\/schema.org","@graph":[{"@type":"BlogPosting","@id":"https:\/\/www.eldigitaldeasturias.com\/noticias\/el-secretario-de-comercio-espanol-tratara-con-iberia-el-regreso-del-vuelo-a-santo-domingo\/#blogposting","name":"El secretario de Comercio espa\u00f1ol tratar\u00e1 con Iberia el regreso del vuelo a Santo Domingo - El Digital de Asturias","headline":"El secretario de Comercio espa\u00f1ol tratar\u00e1 con Iberia el regreso del vuelo a Santo Domingo","author":{"@id":"https:\/\/www.eldigitaldeasturias.com\/noticias\/author\/admin\/#author"},"publisher":{"@id":"https:\/\/www.eldigitaldeasturias.com\/noticias\/#organization"},"image":{"@type":"ImageObject","url":485887},"datePublished":"2014-02-07T18:03:24+01:00","dateModified":"2014-02-07T18:03:24+01:00","inLanguage":"es-ES","mainEntityOfPage":{"@id":"https:\/\/www.eldigitaldeasturias.com\/noticias\/el-secretario-de-comercio-espanol-tratara-con-iberia-el-regreso-del-vuelo-a-santo-domingo\/#webpage"},"isPartOf":{"@id":"https:\/\/www.eldigitaldeasturias.com\/noticias\/el-secretario-de-comercio-espanol-tratara-con-iberia-el-regreso-del-vuelo-a-santo-domingo\/#webpage"},"articleSection":"Actualidad"},{"@type":"BreadcrumbList","@id":"https:\/\/www.eldigitaldeasturias.com\/noticias\/el-secretario-de-comercio-espanol-tratara-con-iberia-el-regreso-del-vuelo-a-santo-domingo\/#breadcrumblist","itemListElement":[{"@type":"ListItem","@id":"https:\/\/www.eldigitaldeasturias.com\/noticias#listItem","position":1,"name":"Home","item":"https:\/\/www.eldigitaldeasturias.com\/noticias","nextItem":{"@type":"ListItem","@id":"https:\/\/www.eldigitaldeasturias.com\/noticias\/category\/actualidad\/#listItem","name":"Actualidad"}},{"@type":"ListItem","@id":"https:\/\/www.eldigitaldeasturias.com\/noticias\/category\/actualidad\/#listItem","position":2,"name":"Actualidad","item":"https:\/\/www.eldigitaldeasturias.com\/noticias\/category\/actualidad\/","nextItem":{"@type":"ListItem","@id":"https:\/\/www.eldigitaldeasturias.com\/noticias\/el-secretario-de-comercio-espanol-tratara-con-iberia-el-regreso-del-vuelo-a-santo-domingo\/#listItem","name":"El secretario de Comercio espa\u00f1ol tratar\u00e1 con Iberia el regreso del vuelo a Santo Domingo"},"previousItem":{"@type":"ListItem","@id":"https:\/\/www.eldigitaldeasturias.com\/noticias#listItem","name":"Home"}},{"@type":"ListItem","@id":"https:\/\/www.eldigitaldeasturias.com\/noticias\/el-secretario-de-comercio-espanol-tratara-con-iberia-el-regreso-del-vuelo-a-santo-domingo\/#listItem","position":3,"name":"El secretario de Comercio espa\u00f1ol tratar\u00e1 con Iberia el regreso del vuelo a Santo Domingo","previousItem":{"@type":"ListItem","@id":"https:\/\/www.eldigitaldeasturias.com\/noticias\/category\/actualidad\/#listItem","name":"Actualidad"}}]},{"@type":"Organization","@id":"https:\/\/www.eldigitaldeasturias.com\/noticias\/#organization","name":"El Digital de Asturias","description":"Hemeroteca","url":"https:\/\/www.eldigitaldeasturias.com\/noticias\/","email":"info@eldigitaldeasturias.com","telephone":"+34652131393","logo":{"@type":"ImageObject","url":"https:\/\/www.eldigitaldeasturias.com\/noticias\/wp-content\/uploads\/2020\/12\/EDA.jpg","@id":"https:\/\/www.eldigitaldeasturias.com\/noticias\/el-secretario-de-comercio-espanol-tratara-con-iberia-el-regreso-del-vuelo-a-santo-domingo\/#organizationLogo"},"image":{"@id":"https:\/\/www.eldigitaldeasturias.com\/noticias\/el-secretario-de-comercio-espanol-tratara-con-iberia-el-regreso-del-vuelo-a-santo-domingo\/#organizationLogo"},"sameAs":["https:\/\/facebook.com\/eldigitaldeasturias","https:\/\/www.youtube.com\/channel\/UCZP-2wLEB9Rv6erhFmqVnvg"],"address":{"@id":"https:\/\/www.eldigitaldeasturias.com\/noticias\/#postaladdress","@type":"PostalAddress","streetAddress":"san antonio 4","postalCode":"33430","addressLocality":"Cand\u00e1s","addressRegion":"Asturias","addressCountry":"ES"}},{"@type":"Person","@id":"https:\/\/www.eldigitaldeasturias.com\/noticias\/author\/admin\/#author","url":"https:\/\/www.eldigitaldeasturias.com\/noticias\/author\/admin\/","name":"El Digital de Asturias","image":{"@type":"ImageObject","@id":"https:\/\/www.eldigitaldeasturias.com\/noticias\/el-secretario-de-comercio-espanol-tratara-con-iberia-el-regreso-del-vuelo-a-santo-domingo\/#authorImage","url":"https:\/\/secure.gravatar.com\/avatar\/df2aeffc32bcd13f8d26072ef8a91b623d677766deac7f97ca815868cd41bf5e?s=96&d=mm&r=g","width":96,"height":96,"caption":"El Digital de Asturias"}},{"@type":"WebPage","@id":"https:\/\/www.eldigitaldeasturias.com\/noticias\/el-secretario-de-comercio-espanol-tratara-con-iberia-el-regreso-del-vuelo-a-santo-domingo\/#webpage","url":"https:\/\/www.eldigitaldeasturias.com\/noticias\/el-secretario-de-comercio-espanol-tratara-con-iberia-el-regreso-del-vuelo-a-santo-domingo\/","name":"El secretario de Comercio espa\u00f1ol tratar\u00e1 con Iberia el regreso del vuelo a Santo Domingo - El Digital de Asturias","description":"Santo Domingo, 6 feb (EFE).- El secretario de Estado de Comercio de Espa\u00f1a, Jaime Garc\u00eda-Legaz, asegur\u00f3 hoy que ma\u00f1ana tiene previsto reunirse con el presidente de la aerol\u00ednea espa\u00f1ola Iberia, Luis Gallego, para tratar, entre otros asuntos, el restablecimiento del vuelo directo Madrid-Santo Domingo, suspendido en marzo de 2013. Garc\u00eda-Legaz se encuentra de visita en","inLanguage":"es-ES","isPartOf":{"@id":"https:\/\/www.eldigitaldeasturias.com\/noticias\/#website"},"breadcrumb":{"@id":"https:\/\/www.eldigitaldeasturias.com\/noticias\/el-secretario-de-comercio-espanol-tratara-con-iberia-el-regreso-del-vuelo-a-santo-domingo\/#breadcrumblist"},"author":{"@id":"https:\/\/www.eldigitaldeasturias.com\/noticias\/author\/admin\/#author"},"creator":{"@id":"https:\/\/www.eldigitaldeasturias.com\/noticias\/author\/admin\/#author"},"image":{"@type":"ImageObject","url":485887,"@id":"https:\/\/www.eldigitaldeasturias.com\/noticias\/el-secretario-de-comercio-espanol-tratara-con-iberia-el-regreso-del-vuelo-a-santo-domingo\/#mainImage"},"primaryImageOfPage":{"@id":"https:\/\/www.eldigitaldeasturias.com\/noticias\/el-secretario-de-comercio-espanol-tratara-con-iberia-el-regreso-del-vuelo-a-santo-domingo\/#mainImage"},"datePublished":"2014-02-07T18:03:24+01:00","dateModified":"2014-02-07T18:03:24+01:00"},{"@type":"WebSite","@id":"https:\/\/www.eldigitaldeasturias.com\/noticias\/#website","url":"https:\/\/www.eldigitaldeasturias.com\/noticias\/","name":"El Digital de Asturias - Diario de actualidad y noticias","alternateName":"El Digital de Asturias - Diario de actualidad y noticias","description":"Hemeroteca","inLanguage":"es-ES","publisher":{"@id":"https:\/\/www.eldigitaldeasturias.com\/noticias\/#organization"}}]},"og:locale":"es_ES","og:site_name":"El Digital de Asturias","og:type":"article","og:title":"El secretario de Comercio espa\u00f1ol tratar\u00e1 con Iberia el regreso del vuelo a Santo Domingo - El Digital de Asturias","og:description":"Santo Domingo, 6 feb (EFE).- El secretario de Estado de Comercio de Espa\u00f1a, Jaime Garc\u00eda-Legaz, asegur\u00f3 hoy que ma\u00f1ana tiene previsto reunirse con el presidente de la aerol\u00ednea espa\u00f1ola Iberia, Luis Gallego, para tratar, entre otros asuntos, el restablecimiento del vuelo directo Madrid-Santo Domingo, suspendido en marzo de 2013. Garc\u00eda-Legaz se encuentra de visita en","og:url":"https:\/\/www.eldigitaldeasturias.com\/noticias\/el-secretario-de-comercio-espanol-tratara-con-iberia-el-regreso-del-vuelo-a-santo-domingo\/","article:tag":["actualidad"],"article:published_time":"2014-02-07T19:03:24+00:00","article:modified_time":"2014-02-07T19:03:24+00:00","article:publisher":"https:\/\/facebook.com\/eldigitaldeasturias","twitter:card":"summary_large_image","twitter:title":"El secretario de Comercio espa\u00f1ol tratar\u00e1 con Iberia el regreso del vuelo a Santo Domingo - El Digital de Asturias","twitter:description":"Santo Domingo, 6 feb (EFE).- El secretario de Estado de Comercio de Espa\u00f1a, Jaime Garc\u00eda-Legaz, asegur\u00f3 hoy que ma\u00f1ana tiene previsto reunirse con el presidente de la aerol\u00ednea espa\u00f1ola Iberia, Luis Gallego, para tratar, entre otros asuntos, el restablecimiento del vuelo directo Madrid-Santo Domingo, suspendido en marzo de 2013. Garc\u00eda-Legaz se encuentra de visita en","twitter:label1":"Escrito por","twitter:data1":"El Digital de Asturias","twitter:label2":"Tiempo de lectura estimado","twitter:data2":"3 minutos"},"aioseo_meta_data":{"post_id":"485886","title":null,"description":null,"keywords":null,"keyphrases":null,"primary_term":null,"canonical_url":null,"og_title":null,"og_description":null,"og_object_type":"default","og_image_type":"default","og_image_url":null,"og_image_width":null,"og_image_height":null,"og_image_custom_url":null,"og_image_custom_fields":null,"og_video":null,"og_custom_url":null,"og_article_section":null,"og_article_tags":null,"twitter_use_og":true,"twitter_card":"default","twitter_image_type":"default","twitter_image_url":null,"twitter_image_custom_url":null,"twitter_image_custom_fields":null,"twitter_title":null,"twitter_description":null,"schema":{"blockGraphs":[],"customGraphs":[],"default":{"data":{"Article":[],"Course":[],"Dataset":[],"FAQPage":[],"Movie":[],"Person":[],"Product":[],"ProductReview":[],"Car":[],"Recipe":[],"Service":[],"SoftwareApplication":[],"WebPage":[]},"graphName":"","isEnabled":true},"graphs":[],"defaultGraph":"","defaultPostTypeGraph":""},"schema_type":null,"schema_type_options":null,"pillar_content":false,"robots_default":true,"robots_noindex":false,"robots_noarchive":false,"robots_nosnippet":false,"robots_nofollow":false,"robots_noimageindex":false,"robots_noodp":false,"robots_notranslate":false,"robots_max_snippet":null,"robots_max_videopreview":null,"robots_max_imagepreview":"none","priority":null,"frequency":null,"local_seo":null,"seo_analyzer_scan_date":"2026-06-02 22:25:09","breadcrumb_settings":null,"limit_modified_date":false,"open_ai":null,"ai":null,"created":"2020-11-14 22:55:26","updated":"2026-06-02 22:25:09","focus_keyword":null,"additional_keywords":null,"truseo_locale":null},"aioseo_breadcrumb":"<div class=\"aioseo-breadcrumbs\"><span class=\"aioseo-breadcrumb\">\n\t<a href=\"https:\/\/www.eldigitaldeasturias.com\/noticias\" title=\"Home\">Home<\/a>\n<\/span><span class=\"aioseo-breadcrumb-separator\">\u2013<\/span><span class=\"aioseo-breadcrumb\">\n\t<a href=\"https:\/\/www.eldigitaldeasturias.com\/noticias\/category\/actualidad\/\" title=\"Actualidad\">Actualidad<\/a>\n<\/span><span class=\"aioseo-breadcrumb-separator\">\u2013<\/span><span class=\"aioseo-breadcrumb\">\n\t<a href=\"https:\/\/www.eldigitaldeasturias.com\/noticias\/el-secretario-de-comercio-espanol-tratara-con-iberia-el-regreso-del-vuelo-a-santo-domingo\/\" title=\"El secretario de Comercio espa\u00f1ol tratar\u00e1 con Iberia el regreso del vuelo a Santo Domingo\">El secretario de Comercio espa\u00f1ol tratar\u00e1 con Iberia el regreso del vuelo a Santo Domingo<\/a>\n<\/span><\/div>","aioseo_breadcrumb_json":[{"label":"Home","link":"https:\/\/www.eldigitaldeasturias.com\/noticias"},{"label":"Actualidad","link":"https:\/\/www.eldigitaldeasturias.com\/noticias\/category\/actualidad\/"},{"label":"El secretario de Comercio espa\u00f1ol tratar\u00e1 con Iberia el regreso del vuelo a Santo Domingo","link":"https:\/\/www.eldigitaldeasturias.com\/noticias\/el-secretario-de-comercio-espanol-tratara-con-iberia-el-regreso-del-vuelo-a-santo-domingo\/"}],"_links":{"self":[{"href":"https:\/\/www.eldigitaldeasturias.com\/noticias\/wp-json\/wp\/v2\/posts\/485886","targetHints":{"allow":["GET"]}}],"collection":[{"href":"https:\/\/www.eldigitaldeasturias.com\/noticias\/wp-json\/wp\/v2\/posts"}],"about":[{"href":"https:\/\/www.eldigitaldeasturias.com\/noticias\/wp-json\/wp\/v2\/types\/post"}],"author":[{"embeddable":true,"href":"https:\/\/www.eldigitaldeasturias.com\/noticias\/wp-json\/wp\/v2\/users\/1"}],"replies":[{"embeddable":true,"href":"https:\/\/www.eldigitaldeasturias.com\/noticias\/wp-json\/wp\/v2\/comments?post=485886"}],"version-history":[{"count":0,"href":"https:\/\/www.eldigitaldeasturias.com\/noticias\/wp-json\/wp\/v2\/posts\/485886\/revisions"}],"wp:attachment":[{"href":"https:\/\/www.eldigitaldeasturias.com\/noticias\/wp-json\/wp\/v2\/media?parent=485886"}],"wp:term":[{"taxonomy":"category","embeddable":true,"href":"https:\/\/www.eldigitaldeasturias.com\/noticias\/wp-json\/wp\/v2\/categories?post=485886"},{"taxonomy":"post_tag","embeddable":true,"href":"https:\/\/www.eldigitaldeasturias.com\/noticias\/wp-json\/wp\/v2\/tags?post=485886"}],"curies":[{"name":"wp","href":"https:\/\/api.w.org\/{rel}","templated":true}]}}