{"id":485842,"date":"2014-02-07T17:44:11","date_gmt":"2014-02-07T18:44:11","guid":{"rendered":"http:\/\/www.eldigitaldeasturias.com\/noticias\/?p=485842"},"modified":"2014-02-07T17:44:11","modified_gmt":"2014-02-07T18:44:11","slug":"el-secretario-del-pp-insta-a-votar-en-los-comicios-europeos-sin-importar-el-color-politico","status":"publish","type":"post","link":"https:\/\/www.eldigitaldeasturias.com\/noticias\/el-secretario-del-pp-insta-a-votar-en-los-comicios-europeos-sin-importar-el-color-politico\/","title":{"rendered":"El secretario del PP insta a votar en los comicios europeos sin importar el color pol\u00edtico"},"content":{"rendered":"<p><img loading=\"lazy\" decoding=\"async\" class=\"alignleft size-medium wp-image-485843\" alt=\"5918717w\" src=\"https:\/\/www.eldigitaldeasturias.com\/noticias\/wp-content\/uploads\/2014\/02\/5918717w-360x287.jpg\" width=\"360\" height=\"287\" \/>Panam\u00e1, 6 feb (EFE).- El secretario ejecutivo del Partido Popular (PP) en el Exterior, Alfredo Prada, alent\u00f3 hoy a sus compatriotas que viven fuera de Espa\u00f1a a que, independientemente del \u00abcolor pol\u00edtico\u00bb que opten, voten en las elecciones del Parlamento Europeo (PE) del pr\u00f3ximo 25 de mayo.<\/p>\n<p>Prada, que efect\u00faa una visita a Panam\u00e1 para reunirse con los simpatizantes del PP en este pa\u00eds, dijo a Efe que, en todo caso, de lo que se trata es de intentar \u00abmotivar al electorado espa\u00f1ol que reside en el continente americano para que participe\u00bb.<\/p>\n<p>\u00abIndependiente les dir\u00eda, incluso del color pol\u00edtico que opten, que participen y sean conscientes de la importancia que para nuestro pa\u00eds, la importancia que para Espa\u00f1a tiene hoy d\u00eda el Parlamento Europeo\u00bb, indic\u00f3 Prada.<\/p>\n<p>La relevancia que tienen estos comicios para los espa\u00f1oles, aunque residan fuera del pa\u00eds, radica principalmente en que el 70% de la legislaci\u00f3n que se hace en Espa\u00f1a proviene de acuerdos o directivas del propio PE, se\u00f1al\u00f3.<\/p>\n<p>Destac\u00f3, adem\u00e1s, que en las elecciones del PE se va a elegir por primera vez a un presidente de la Uni\u00f3n Europea, lo que conlleva a que las opciones enfrenten, en este caso, al Partido Socialista europeo y al Partido Popular europeo.<\/p>\n<p>En ese sentido, el pol\u00edtico espa\u00f1ol dijo que lo que est\u00e1 haciendo el Partido Popular es reunirse con sus simpatizantes y aliados para \u00abengrasar los motores\u00bb y preparar las elecciones del Parlamento Europeo.<\/p>\n<p>\u00abAcercarnos a ellos, escuchar sus inquietudes, trasladarles los mensajes del PP de cara a ese proceso electoral, porque entendemos que cada d\u00eda es m\u00e1s importante el PE que va a salir de las urnas el pr\u00f3ximo 25 de mayo\u00bb, afirm\u00f3.<\/p>\n<p>\u00abFruto de ese inter\u00e9s\u00bb, Prada dijo que se reunir\u00e1 con el comit\u00e9 ejecutivo del Partido Popular en el pa\u00eds centroamericano, donde hay cerca de un centenar de personas que colaboran con este colectivo pol\u00edtico.<\/p>\n<p>En Panam\u00e1 hay unos 8.000 espa\u00f1oles con derecho a voto y Prada inicia una visita de trabajo de dos d\u00edas tras hacer lo mismo en la Rep\u00fablica Dominicana, donde se reuni\u00f3 con miembros y simpatizantes del PP.<\/p>\n<p>El Partido Popular tiene representaci\u00f3n en 30 pa\u00edses y 65 ciudades, con casi 15.000 afiliados en todo el mundo.<\/p>\n<p>En Am\u00e9rica Latina, el Partido Popular tiene unos 10.000 afiliados, de los cuales 6.000 est\u00e1n en Argentina, donde viven cerca de medio mill\u00f3n de espa\u00f1oles.<\/p>\n","protected":false},"excerpt":{"rendered":"<p>Panam\u00e1, 6 feb (EFE).- El secretario ejecutivo del Partido Popular (PP) en el Exterior, Alfredo Prada, alent\u00f3 hoy a sus compatriotas que viven fuera de Espa\u00f1a a que, independientemente del \u00abcolor pol\u00edtico\u00bb que opten, voten en las elecciones del Parlamento Europeo (PE) del pr\u00f3ximo 25 de mayo. Prada, que efect\u00faa una visita a Panam\u00e1 para [&hellip;]<\/p>\n","protected":false},"author":1,"featured_media":485843,"comment_status":"closed","ping_status":"open","sticky":false,"template":"","format":"standard","meta":{"footnotes":""},"categories":[1],"tags":[],"class_list":["post-485842","post","type-post","status-publish","format-standard","has-post-thumbnail","hentry","category-actualidad"],"aioseo_notices":[],"aioseo_head":"\n\t\t<!-- All in One SEO Pro 5.0.1 - aioseo.com -->\n\t<meta name=\"description\" content=\"Panam\u00e1, 6 feb (EFE).- El secretario ejecutivo del Partido Popular (PP) en el Exterior, Alfredo Prada, alent\u00f3 hoy a sus compatriotas que viven fuera de Espa\u00f1a a que, independientemente del &quot;color pol\u00edtico&quot; que opten, voten en las elecciones del Parlamento Europeo (PE) del pr\u00f3ximo 25 de mayo. Prada, que efect\u00faa una visita a Panam\u00e1 para\" \/>\n\t<meta name=\"robots\" content=\"max-image-preview:large\" \/>\n\t<meta name=\"author\" content=\"El Digital de Asturias\"\/>\n\t<meta name=\"google-site-verification\" content=\"UA-38556648-1\" \/>\n\t<meta name=\"msvalidate.01\" content=\"7dfe9f3f1b24437ab69f4f2559babe99\" \/>\n\t<meta name=\"keywords\" content=\"actualidad\" \/>\n\t<link rel=\"canonical\" href=\"https:\/\/www.eldigitaldeasturias.com\/noticias\/el-secretario-del-pp-insta-a-votar-en-los-comicios-europeos-sin-importar-el-color-politico\/\" \/>\n\t<meta name=\"generator\" content=\"All in One SEO Pro (AIOSEO) 5.0.1\" \/>\n\t\t<meta property=\"og:locale\" content=\"es_ES\" \/>\n\t\t<meta property=\"og:site_name\" content=\"El Digital de Asturias\" \/>\n\t\t<meta property=\"og:type\" content=\"article\" \/>\n\t\t<meta property=\"og:title\" content=\"El secretario del PP insta a votar en los comicios europeos sin importar el color pol\u00edtico - El Digital de Asturias\" \/>\n\t\t<meta property=\"og:description\" content=\"Panam\u00e1, 6 feb (EFE).- El secretario ejecutivo del Partido Popular (PP) en el Exterior, Alfredo Prada, alent\u00f3 hoy a sus compatriotas que viven fuera de Espa\u00f1a a que, independientemente del &quot;color pol\u00edtico&quot; que opten, voten en las elecciones del Parlamento Europeo (PE) del pr\u00f3ximo 25 de mayo. Prada, que efect\u00faa una visita a Panam\u00e1 para\" \/>\n\t\t<meta property=\"og:url\" content=\"https:\/\/www.eldigitaldeasturias.com\/noticias\/el-secretario-del-pp-insta-a-votar-en-los-comicios-europeos-sin-importar-el-color-politico\/\" \/>\n\t\t<meta property=\"article:tag\" content=\"actualidad\" \/>\n\t\t<meta property=\"article:published_time\" content=\"2014-02-07T18:44:11+00:00\" \/>\n\t\t<meta property=\"article:modified_time\" content=\"2014-02-07T18:44:11+00:00\" \/>\n\t\t<meta property=\"article:publisher\" content=\"https:\/\/facebook.com\/eldigitaldeasturias\" \/>\n\t\t<meta name=\"twitter:card\" content=\"summary_large_image\" \/>\n\t\t<meta name=\"twitter:title\" content=\"El secretario del PP insta a votar en los comicios europeos sin importar el color pol\u00edtico - El Digital de Asturias\" \/>\n\t\t<meta name=\"twitter:description\" content=\"Panam\u00e1, 6 feb (EFE).- El secretario ejecutivo del Partido Popular (PP) en el Exterior, Alfredo Prada, alent\u00f3 hoy a sus compatriotas que viven fuera de Espa\u00f1a a que, independientemente del &quot;color pol\u00edtico&quot; que opten, voten en las elecciones del Parlamento Europeo (PE) del pr\u00f3ximo 25 de mayo. Prada, que efect\u00faa una visita a Panam\u00e1 para\" \/>\n\t\t<meta name=\"twitter:label1\" content=\"Escrito por\" \/>\n\t\t<meta name=\"twitter:data1\" content=\"El Digital de Asturias\" \/>\n\t\t<meta name=\"twitter:label2\" content=\"Tiempo de lectura estimado\" \/>\n\t\t<meta name=\"twitter:data2\" content=\"2 minutos\" \/>\n\t\t<script type=\"application\/ld+json\" class=\"aioseo-schema\">\n\t\t\t{\"@context\":\"https:\\\/\\\/schema.org\",\"@graph\":[{\"@type\":\"BlogPosting\",\"@id\":\"https:\\\/\\\/www.eldigitaldeasturias.com\\\/noticias\\\/el-secretario-del-pp-insta-a-votar-en-los-comicios-europeos-sin-importar-el-color-politico\\\/#blogposting\",\"name\":\"El secretario del PP insta a votar en los comicios europeos sin importar el color pol\\u00edtico - El Digital de Asturias\",\"headline\":\"El secretario del PP insta a votar en los comicios europeos sin importar el color pol\\u00edtico\",\"author\":{\"@id\":\"https:\\\/\\\/www.eldigitaldeasturias.com\\\/noticias\\\/author\\\/admin\\\/#author\"},\"publisher\":{\"@id\":\"https:\\\/\\\/www.eldigitaldeasturias.com\\\/noticias\\\/#organization\"},\"image\":{\"@type\":\"ImageObject\",\"url\":485843},\"datePublished\":\"2014-02-07T17:44:11+01:00\",\"dateModified\":\"2014-02-07T17:44:11+01:00\",\"inLanguage\":\"es-ES\",\"mainEntityOfPage\":{\"@id\":\"https:\\\/\\\/www.eldigitaldeasturias.com\\\/noticias\\\/el-secretario-del-pp-insta-a-votar-en-los-comicios-europeos-sin-importar-el-color-politico\\\/#webpage\"},\"isPartOf\":{\"@id\":\"https:\\\/\\\/www.eldigitaldeasturias.com\\\/noticias\\\/el-secretario-del-pp-insta-a-votar-en-los-comicios-europeos-sin-importar-el-color-politico\\\/#webpage\"},\"articleSection\":\"Actualidad\"},{\"@type\":\"BreadcrumbList\",\"@id\":\"https:\\\/\\\/www.eldigitaldeasturias.com\\\/noticias\\\/el-secretario-del-pp-insta-a-votar-en-los-comicios-europeos-sin-importar-el-color-politico\\\/#breadcrumblist\",\"itemListElement\":[{\"@type\":\"ListItem\",\"@id\":\"https:\\\/\\\/www.eldigitaldeasturias.com\\\/noticias#listItem\",\"position\":1,\"name\":\"Home\",\"item\":\"https:\\\/\\\/www.eldigitaldeasturias.com\\\/noticias\",\"nextItem\":{\"@type\":\"ListItem\",\"@id\":\"https:\\\/\\\/www.eldigitaldeasturias.com\\\/noticias\\\/category\\\/actualidad\\\/#listItem\",\"name\":\"Actualidad\"}},{\"@type\":\"ListItem\",\"@id\":\"https:\\\/\\\/www.eldigitaldeasturias.com\\\/noticias\\\/category\\\/actualidad\\\/#listItem\",\"position\":2,\"name\":\"Actualidad\",\"item\":\"https:\\\/\\\/www.eldigitaldeasturias.com\\\/noticias\\\/category\\\/actualidad\\\/\",\"nextItem\":{\"@type\":\"ListItem\",\"@id\":\"https:\\\/\\\/www.eldigitaldeasturias.com\\\/noticias\\\/el-secretario-del-pp-insta-a-votar-en-los-comicios-europeos-sin-importar-el-color-politico\\\/#listItem\",\"name\":\"El secretario del PP insta a votar en los comicios europeos sin importar el color pol\\u00edtico\"},\"previousItem\":{\"@type\":\"ListItem\",\"@id\":\"https:\\\/\\\/www.eldigitaldeasturias.com\\\/noticias#listItem\",\"name\":\"Home\"}},{\"@type\":\"ListItem\",\"@id\":\"https:\\\/\\\/www.eldigitaldeasturias.com\\\/noticias\\\/el-secretario-del-pp-insta-a-votar-en-los-comicios-europeos-sin-importar-el-color-politico\\\/#listItem\",\"position\":3,\"name\":\"El secretario del PP insta a votar en los comicios europeos sin importar el color pol\\u00edtico\",\"previousItem\":{\"@type\":\"ListItem\",\"@id\":\"https:\\\/\\\/www.eldigitaldeasturias.com\\\/noticias\\\/category\\\/actualidad\\\/#listItem\",\"name\":\"Actualidad\"}}]},{\"@type\":\"Organization\",\"@id\":\"https:\\\/\\\/www.eldigitaldeasturias.com\\\/noticias\\\/#organization\",\"name\":\"El Digital de Asturias\",\"description\":\"Hemeroteca\",\"url\":\"https:\\\/\\\/www.eldigitaldeasturias.com\\\/noticias\\\/\",\"email\":\"info@eldigitaldeasturias.com\",\"telephone\":\"+34652131393\",\"logo\":{\"@type\":\"ImageObject\",\"url\":\"https:\\\/\\\/www.eldigitaldeasturias.com\\\/noticias\\\/wp-content\\\/uploads\\\/2020\\\/12\\\/EDA.jpg\",\"@id\":\"https:\\\/\\\/www.eldigitaldeasturias.com\\\/noticias\\\/el-secretario-del-pp-insta-a-votar-en-los-comicios-europeos-sin-importar-el-color-politico\\\/#organizationLogo\"},\"image\":{\"@id\":\"https:\\\/\\\/www.eldigitaldeasturias.com\\\/noticias\\\/el-secretario-del-pp-insta-a-votar-en-los-comicios-europeos-sin-importar-el-color-politico\\\/#organizationLogo\"},\"sameAs\":[\"https:\\\/\\\/facebook.com\\\/eldigitaldeasturias\",\"https:\\\/\\\/www.youtube.com\\\/channel\\\/UCZP-2wLEB9Rv6erhFmqVnvg\"],\"address\":{\"@id\":\"https:\\\/\\\/www.eldigitaldeasturias.com\\\/noticias\\\/#postaladdress\",\"@type\":\"PostalAddress\",\"streetAddress\":\"san antonio 4\",\"postalCode\":\"33430\",\"addressLocality\":\"Cand\\u00e1s\",\"addressRegion\":\"Asturias\",\"addressCountry\":\"ES\"}},{\"@type\":\"Person\",\"@id\":\"https:\\\/\\\/www.eldigitaldeasturias.com\\\/noticias\\\/author\\\/admin\\\/#author\",\"url\":\"https:\\\/\\\/www.eldigitaldeasturias.com\\\/noticias\\\/author\\\/admin\\\/\",\"name\":\"El Digital de Asturias\",\"image\":{\"@type\":\"ImageObject\",\"@id\":\"https:\\\/\\\/www.eldigitaldeasturias.com\\\/noticias\\\/el-secretario-del-pp-insta-a-votar-en-los-comicios-europeos-sin-importar-el-color-politico\\\/#authorImage\",\"url\":\"https:\\\/\\\/secure.gravatar.com\\\/avatar\\\/df2aeffc32bcd13f8d26072ef8a91b623d677766deac7f97ca815868cd41bf5e?s=96&d=mm&r=g\",\"width\":96,\"height\":96,\"caption\":\"El Digital de Asturias\"}},{\"@type\":\"WebPage\",\"@id\":\"https:\\\/\\\/www.eldigitaldeasturias.com\\\/noticias\\\/el-secretario-del-pp-insta-a-votar-en-los-comicios-europeos-sin-importar-el-color-politico\\\/#webpage\",\"url\":\"https:\\\/\\\/www.eldigitaldeasturias.com\\\/noticias\\\/el-secretario-del-pp-insta-a-votar-en-los-comicios-europeos-sin-importar-el-color-politico\\\/\",\"name\":\"El secretario del PP insta a votar en los comicios europeos sin importar el color pol\\u00edtico - El Digital de Asturias\",\"description\":\"Panam\\u00e1, 6 feb (EFE).- El secretario ejecutivo del Partido Popular (PP) en el Exterior, Alfredo Prada, alent\\u00f3 hoy a sus compatriotas que viven fuera de Espa\\u00f1a a que, independientemente del \\\"color pol\\u00edtico\\\" que opten, voten en las elecciones del Parlamento Europeo (PE) del pr\\u00f3ximo 25 de mayo. Prada, que efect\\u00faa una visita a Panam\\u00e1 para\",\"inLanguage\":\"es-ES\",\"isPartOf\":{\"@id\":\"https:\\\/\\\/www.eldigitaldeasturias.com\\\/noticias\\\/#website\"},\"breadcrumb\":{\"@id\":\"https:\\\/\\\/www.eldigitaldeasturias.com\\\/noticias\\\/el-secretario-del-pp-insta-a-votar-en-los-comicios-europeos-sin-importar-el-color-politico\\\/#breadcrumblist\"},\"author\":{\"@id\":\"https:\\\/\\\/www.eldigitaldeasturias.com\\\/noticias\\\/author\\\/admin\\\/#author\"},\"creator\":{\"@id\":\"https:\\\/\\\/www.eldigitaldeasturias.com\\\/noticias\\\/author\\\/admin\\\/#author\"},\"image\":{\"@type\":\"ImageObject\",\"url\":485843,\"@id\":\"https:\\\/\\\/www.eldigitaldeasturias.com\\\/noticias\\\/el-secretario-del-pp-insta-a-votar-en-los-comicios-europeos-sin-importar-el-color-politico\\\/#mainImage\"},\"primaryImageOfPage\":{\"@id\":\"https:\\\/\\\/www.eldigitaldeasturias.com\\\/noticias\\\/el-secretario-del-pp-insta-a-votar-en-los-comicios-europeos-sin-importar-el-color-politico\\\/#mainImage\"},\"datePublished\":\"2014-02-07T17:44:11+01:00\",\"dateModified\":\"2014-02-07T17:44:11+01:00\"},{\"@type\":\"WebSite\",\"@id\":\"https:\\\/\\\/www.eldigitaldeasturias.com\\\/noticias\\\/#website\",\"url\":\"https:\\\/\\\/www.eldigitaldeasturias.com\\\/noticias\\\/\",\"name\":\"El Digital de Asturias - Diario de actualidad y noticias\",\"alternateName\":\"El Digital de Asturias - Diario de actualidad y noticias\",\"description\":\"Hemeroteca\",\"inLanguage\":\"es-ES\",\"publisher\":{\"@id\":\"https:\\\/\\\/www.eldigitaldeasturias.com\\\/noticias\\\/#organization\"}}]}\n\t\t<\/script>\n\t\t<!-- All in One SEO Pro -->\r\n\t\t<title>El secretario del PP insta a votar en los comicios europeos sin importar el color pol\u00edtico - El Digital de Asturias<\/title>\n\n","aioseo_head_json":{"title":"El secretario del PP insta a votar en los comicios europeos sin importar el color pol\u00edtico - El Digital de Asturias","description":"Panam\u00e1, 6 feb (EFE).- El secretario ejecutivo del Partido Popular (PP) en el Exterior, Alfredo Prada, alent\u00f3 hoy a sus compatriotas que viven fuera de Espa\u00f1a a que, independientemente del \"color pol\u00edtico\" que opten, voten en las elecciones del Parlamento Europeo (PE) del pr\u00f3ximo 25 de mayo. Prada, que efect\u00faa una visita a Panam\u00e1 para","canonical_url":"https:\/\/www.eldigitaldeasturias.com\/noticias\/el-secretario-del-pp-insta-a-votar-en-los-comicios-europeos-sin-importar-el-color-politico\/","robots":"max-image-preview:large","keywords":"actualidad","webmasterTools":{"google-site-verification":"UA-38556648-1","msvalidate.01":"7dfe9f3f1b24437ab69f4f2559babe99","miscellaneous":""},"schema":{"@context":"https:\/\/schema.org","@graph":[{"@type":"BlogPosting","@id":"https:\/\/www.eldigitaldeasturias.com\/noticias\/el-secretario-del-pp-insta-a-votar-en-los-comicios-europeos-sin-importar-el-color-politico\/#blogposting","name":"El secretario del PP insta a votar en los comicios europeos sin importar el color pol\u00edtico - El Digital de Asturias","headline":"El secretario del PP insta a votar en los comicios europeos sin importar el color pol\u00edtico","author":{"@id":"https:\/\/www.eldigitaldeasturias.com\/noticias\/author\/admin\/#author"},"publisher":{"@id":"https:\/\/www.eldigitaldeasturias.com\/noticias\/#organization"},"image":{"@type":"ImageObject","url":485843},"datePublished":"2014-02-07T17:44:11+01:00","dateModified":"2014-02-07T17:44:11+01:00","inLanguage":"es-ES","mainEntityOfPage":{"@id":"https:\/\/www.eldigitaldeasturias.com\/noticias\/el-secretario-del-pp-insta-a-votar-en-los-comicios-europeos-sin-importar-el-color-politico\/#webpage"},"isPartOf":{"@id":"https:\/\/www.eldigitaldeasturias.com\/noticias\/el-secretario-del-pp-insta-a-votar-en-los-comicios-europeos-sin-importar-el-color-politico\/#webpage"},"articleSection":"Actualidad"},{"@type":"BreadcrumbList","@id":"https:\/\/www.eldigitaldeasturias.com\/noticias\/el-secretario-del-pp-insta-a-votar-en-los-comicios-europeos-sin-importar-el-color-politico\/#breadcrumblist","itemListElement":[{"@type":"ListItem","@id":"https:\/\/www.eldigitaldeasturias.com\/noticias#listItem","position":1,"name":"Home","item":"https:\/\/www.eldigitaldeasturias.com\/noticias","nextItem":{"@type":"ListItem","@id":"https:\/\/www.eldigitaldeasturias.com\/noticias\/category\/actualidad\/#listItem","name":"Actualidad"}},{"@type":"ListItem","@id":"https:\/\/www.eldigitaldeasturias.com\/noticias\/category\/actualidad\/#listItem","position":2,"name":"Actualidad","item":"https:\/\/www.eldigitaldeasturias.com\/noticias\/category\/actualidad\/","nextItem":{"@type":"ListItem","@id":"https:\/\/www.eldigitaldeasturias.com\/noticias\/el-secretario-del-pp-insta-a-votar-en-los-comicios-europeos-sin-importar-el-color-politico\/#listItem","name":"El secretario del PP insta a votar en los comicios europeos sin importar el color pol\u00edtico"},"previousItem":{"@type":"ListItem","@id":"https:\/\/www.eldigitaldeasturias.com\/noticias#listItem","name":"Home"}},{"@type":"ListItem","@id":"https:\/\/www.eldigitaldeasturias.com\/noticias\/el-secretario-del-pp-insta-a-votar-en-los-comicios-europeos-sin-importar-el-color-politico\/#listItem","position":3,"name":"El secretario del PP insta a votar en los comicios europeos sin importar el color pol\u00edtico","previousItem":{"@type":"ListItem","@id":"https:\/\/www.eldigitaldeasturias.com\/noticias\/category\/actualidad\/#listItem","name":"Actualidad"}}]},{"@type":"Organization","@id":"https:\/\/www.eldigitaldeasturias.com\/noticias\/#organization","name":"El Digital de Asturias","description":"Hemeroteca","url":"https:\/\/www.eldigitaldeasturias.com\/noticias\/","email":"info@eldigitaldeasturias.com","telephone":"+34652131393","logo":{"@type":"ImageObject","url":"https:\/\/www.eldigitaldeasturias.com\/noticias\/wp-content\/uploads\/2020\/12\/EDA.jpg","@id":"https:\/\/www.eldigitaldeasturias.com\/noticias\/el-secretario-del-pp-insta-a-votar-en-los-comicios-europeos-sin-importar-el-color-politico\/#organizationLogo"},"image":{"@id":"https:\/\/www.eldigitaldeasturias.com\/noticias\/el-secretario-del-pp-insta-a-votar-en-los-comicios-europeos-sin-importar-el-color-politico\/#organizationLogo"},"sameAs":["https:\/\/facebook.com\/eldigitaldeasturias","https:\/\/www.youtube.com\/channel\/UCZP-2wLEB9Rv6erhFmqVnvg"],"address":{"@id":"https:\/\/www.eldigitaldeasturias.com\/noticias\/#postaladdress","@type":"PostalAddress","streetAddress":"san antonio 4","postalCode":"33430","addressLocality":"Cand\u00e1s","addressRegion":"Asturias","addressCountry":"ES"}},{"@type":"Person","@id":"https:\/\/www.eldigitaldeasturias.com\/noticias\/author\/admin\/#author","url":"https:\/\/www.eldigitaldeasturias.com\/noticias\/author\/admin\/","name":"El Digital de Asturias","image":{"@type":"ImageObject","@id":"https:\/\/www.eldigitaldeasturias.com\/noticias\/el-secretario-del-pp-insta-a-votar-en-los-comicios-europeos-sin-importar-el-color-politico\/#authorImage","url":"https:\/\/secure.gravatar.com\/avatar\/df2aeffc32bcd13f8d26072ef8a91b623d677766deac7f97ca815868cd41bf5e?s=96&d=mm&r=g","width":96,"height":96,"caption":"El Digital de Asturias"}},{"@type":"WebPage","@id":"https:\/\/www.eldigitaldeasturias.com\/noticias\/el-secretario-del-pp-insta-a-votar-en-los-comicios-europeos-sin-importar-el-color-politico\/#webpage","url":"https:\/\/www.eldigitaldeasturias.com\/noticias\/el-secretario-del-pp-insta-a-votar-en-los-comicios-europeos-sin-importar-el-color-politico\/","name":"El secretario del PP insta a votar en los comicios europeos sin importar el color pol\u00edtico - El Digital de Asturias","description":"Panam\u00e1, 6 feb (EFE).- El secretario ejecutivo del Partido Popular (PP) en el Exterior, Alfredo Prada, alent\u00f3 hoy a sus compatriotas que viven fuera de Espa\u00f1a a que, independientemente del \"color pol\u00edtico\" que opten, voten en las elecciones del Parlamento Europeo (PE) del pr\u00f3ximo 25 de mayo. Prada, que efect\u00faa una visita a Panam\u00e1 para","inLanguage":"es-ES","isPartOf":{"@id":"https:\/\/www.eldigitaldeasturias.com\/noticias\/#website"},"breadcrumb":{"@id":"https:\/\/www.eldigitaldeasturias.com\/noticias\/el-secretario-del-pp-insta-a-votar-en-los-comicios-europeos-sin-importar-el-color-politico\/#breadcrumblist"},"author":{"@id":"https:\/\/www.eldigitaldeasturias.com\/noticias\/author\/admin\/#author"},"creator":{"@id":"https:\/\/www.eldigitaldeasturias.com\/noticias\/author\/admin\/#author"},"image":{"@type":"ImageObject","url":485843,"@id":"https:\/\/www.eldigitaldeasturias.com\/noticias\/el-secretario-del-pp-insta-a-votar-en-los-comicios-europeos-sin-importar-el-color-politico\/#mainImage"},"primaryImageOfPage":{"@id":"https:\/\/www.eldigitaldeasturias.com\/noticias\/el-secretario-del-pp-insta-a-votar-en-los-comicios-europeos-sin-importar-el-color-politico\/#mainImage"},"datePublished":"2014-02-07T17:44:11+01:00","dateModified":"2014-02-07T17:44:11+01:00"},{"@type":"WebSite","@id":"https:\/\/www.eldigitaldeasturias.com\/noticias\/#website","url":"https:\/\/www.eldigitaldeasturias.com\/noticias\/","name":"El Digital de Asturias - Diario de actualidad y noticias","alternateName":"El Digital de Asturias - Diario de actualidad y noticias","description":"Hemeroteca","inLanguage":"es-ES","publisher":{"@id":"https:\/\/www.eldigitaldeasturias.com\/noticias\/#organization"}}]},"og:locale":"es_ES","og:site_name":"El Digital de Asturias","og:type":"article","og:title":"El secretario del PP insta a votar en los comicios europeos sin importar el color pol\u00edtico - El Digital de Asturias","og:description":"Panam\u00e1, 6 feb (EFE).- El secretario ejecutivo del Partido Popular (PP) en el Exterior, Alfredo Prada, alent\u00f3 hoy a sus compatriotas que viven fuera de Espa\u00f1a a que, independientemente del &quot;color pol\u00edtico&quot; que opten, voten en las elecciones del Parlamento Europeo (PE) del pr\u00f3ximo 25 de mayo. Prada, que efect\u00faa una visita a Panam\u00e1 para","og:url":"https:\/\/www.eldigitaldeasturias.com\/noticias\/el-secretario-del-pp-insta-a-votar-en-los-comicios-europeos-sin-importar-el-color-politico\/","article:tag":["actualidad"],"article:published_time":"2014-02-07T18:44:11+00:00","article:modified_time":"2014-02-07T18:44:11+00:00","article:publisher":"https:\/\/facebook.com\/eldigitaldeasturias","twitter:card":"summary_large_image","twitter:title":"El secretario del PP insta a votar en los comicios europeos sin importar el color pol\u00edtico - El Digital de Asturias","twitter:description":"Panam\u00e1, 6 feb (EFE).- El secretario ejecutivo del Partido Popular (PP) en el Exterior, Alfredo Prada, alent\u00f3 hoy a sus compatriotas que viven fuera de Espa\u00f1a a que, independientemente del &quot;color pol\u00edtico&quot; que opten, voten en las elecciones del Parlamento Europeo (PE) del pr\u00f3ximo 25 de mayo. Prada, que efect\u00faa una visita a Panam\u00e1 para","twitter:label1":"Escrito por","twitter:data1":"El Digital de Asturias","twitter:label2":"Tiempo de lectura estimado","twitter:data2":"2 minutos"},"aioseo_meta_data":{"post_id":"485842","title":null,"description":null,"keywords":null,"keyphrases":null,"primary_term":null,"canonical_url":null,"og_title":null,"og_description":null,"og_object_type":"default","og_image_type":"default","og_image_url":null,"og_image_width":null,"og_image_height":null,"og_image_custom_url":null,"og_image_custom_fields":null,"og_video":null,"og_custom_url":null,"og_article_section":null,"og_article_tags":null,"twitter_use_og":true,"twitter_card":"default","twitter_image_type":"default","twitter_image_url":null,"twitter_image_custom_url":null,"twitter_image_custom_fields":null,"twitter_title":null,"twitter_description":null,"schema":{"blockGraphs":[],"customGraphs":[],"default":{"data":{"Article":[],"Course":[],"Dataset":[],"FAQPage":[],"Movie":[],"Person":[],"Product":[],"ProductReview":[],"Car":[],"Recipe":[],"Service":[],"SoftwareApplication":[],"WebPage":[]},"graphName":"","isEnabled":true},"graphs":[],"defaultGraph":"","defaultPostTypeGraph":""},"schema_type":null,"schema_type_options":null,"pillar_content":false,"robots_default":true,"robots_noindex":false,"robots_noarchive":false,"robots_nosnippet":false,"robots_nofollow":false,"robots_noimageindex":false,"robots_noodp":false,"robots_notranslate":false,"robots_max_snippet":null,"robots_max_videopreview":null,"robots_max_imagepreview":"none","priority":null,"frequency":null,"local_seo":null,"seo_analyzer_scan_date":"2026-06-02 22:15:47","breadcrumb_settings":null,"limit_modified_date":false,"open_ai":null,"ai":null,"created":"2020-11-14 22:55:26","updated":"2026-06-02 22:15:47","focus_keyword":null,"additional_keywords":null,"truseo_locale":null},"aioseo_breadcrumb":"<div class=\"aioseo-breadcrumbs\"><span class=\"aioseo-breadcrumb\">\n\t<a href=\"https:\/\/www.eldigitaldeasturias.com\/noticias\" title=\"Home\">Home<\/a>\n<\/span><span class=\"aioseo-breadcrumb-separator\">\u2013<\/span><span class=\"aioseo-breadcrumb\">\n\t<a href=\"https:\/\/www.eldigitaldeasturias.com\/noticias\/category\/actualidad\/\" title=\"Actualidad\">Actualidad<\/a>\n<\/span><span class=\"aioseo-breadcrumb-separator\">\u2013<\/span><span class=\"aioseo-breadcrumb\">\n\t<a href=\"https:\/\/www.eldigitaldeasturias.com\/noticias\/el-secretario-del-pp-insta-a-votar-en-los-comicios-europeos-sin-importar-el-color-politico\/\" title=\"El secretario del PP insta a votar en los comicios europeos sin importar el color pol\u00edtico\">El secretario del PP insta a votar en los comicios europeos sin importar el color pol\u00edtico<\/a>\n<\/span><\/div>","aioseo_breadcrumb_json":[{"label":"Home","link":"https:\/\/www.eldigitaldeasturias.com\/noticias"},{"label":"Actualidad","link":"https:\/\/www.eldigitaldeasturias.com\/noticias\/category\/actualidad\/"},{"label":"El secretario del PP insta a votar en los comicios europeos sin importar el color pol\u00edtico","link":"https:\/\/www.eldigitaldeasturias.com\/noticias\/el-secretario-del-pp-insta-a-votar-en-los-comicios-europeos-sin-importar-el-color-politico\/"}],"_links":{"self":[{"href":"https:\/\/www.eldigitaldeasturias.com\/noticias\/wp-json\/wp\/v2\/posts\/485842","targetHints":{"allow":["GET"]}}],"collection":[{"href":"https:\/\/www.eldigitaldeasturias.com\/noticias\/wp-json\/wp\/v2\/posts"}],"about":[{"href":"https:\/\/www.eldigitaldeasturias.com\/noticias\/wp-json\/wp\/v2\/types\/post"}],"author":[{"embeddable":true,"href":"https:\/\/www.eldigitaldeasturias.com\/noticias\/wp-json\/wp\/v2\/users\/1"}],"replies":[{"embeddable":true,"href":"https:\/\/www.eldigitaldeasturias.com\/noticias\/wp-json\/wp\/v2\/comments?post=485842"}],"version-history":[{"count":0,"href":"https:\/\/www.eldigitaldeasturias.com\/noticias\/wp-json\/wp\/v2\/posts\/485842\/revisions"}],"wp:attachment":[{"href":"https:\/\/www.eldigitaldeasturias.com\/noticias\/wp-json\/wp\/v2\/media?parent=485842"}],"wp:term":[{"taxonomy":"category","embeddable":true,"href":"https:\/\/www.eldigitaldeasturias.com\/noticias\/wp-json\/wp\/v2\/categories?post=485842"},{"taxonomy":"post_tag","embeddable":true,"href":"https:\/\/www.eldigitaldeasturias.com\/noticias\/wp-json\/wp\/v2\/tags?post=485842"}],"curies":[{"name":"wp","href":"https:\/\/api.w.org\/{rel}","templated":true}]}}