{"id":485839,"date":"2014-02-07T17:43:08","date_gmt":"2014-02-07T18:43:08","guid":{"rendered":"http:\/\/www.eldigitaldeasturias.com\/noticias\/?p=485839"},"modified":"2014-02-07T17:43:08","modified_gmt":"2014-02-07T18:43:08","slug":"empresario-dominicano-acusa-a-hidalgo-de-hacerse-la-victima-ante-justicia","status":"publish","type":"post","link":"https:\/\/www.eldigitaldeasturias.com\/noticias\/empresario-dominicano-acusa-a-hidalgo-de-hacerse-la-victima-ante-justicia\/","title":{"rendered":"Empresario dominicano acusa a Hidalgo de hacerse la \u00abv\u00edctima\u00bb ante justicia"},"content":{"rendered":"<p><img loading=\"lazy\" decoding=\"async\" class=\"alignleft size-medium wp-image-485840\" alt=\"5918362w\" src=\"https:\/\/www.eldigitaldeasturias.com\/noticias\/wp-content\/uploads\/2014\/02\/5918362w-360x258.jpg\" width=\"360\" height=\"258\" \/>Santo Domingo, 6 feb (EFE).- El empresario dominicano George Nader acus\u00f3 hoy al presidente del grupo tur\u00edstico espa\u00f1ol Globalia, Juan Jos\u00e9 Hidalgo, -con quien mantiene diferencias por unos terrenos-, de entender que la seguridad jur\u00eddica \u00absolo existe para lo que a \u00e9l le conviene\u00bb y de \u00abposicionarse como una v\u00edctima\u00bb.<\/p>\n<p>Hidalgo y Nader est\u00e1n enfrentados por unos terrenos en Uvero Alto (este dominicano) que el espa\u00f1ol asegur\u00f3 haber adquirido al empresario dominicano para construir un complejo tur\u00edstico y que, posteriormente seg\u00fan el grupo tur\u00edstico espa\u00f1ol, se declararon no aptos para uso hotelero.<\/p>\n<p>A trav\u00e9s de sus abogados Frank Reynaldo Ferm\u00edn y Cristina Garc\u00eda, Nader remiti\u00f3 hoy a EFE un comunicado en el que refut\u00f3 la versi\u00f3n de Hidalgo sobre el caso por el cual ambos litigan.<\/p>\n<p>El empresario dominicano neg\u00f3 que los terrenos en cuesti\u00f3n no sean aptos para uso hotelero y asegur\u00f3 que los mismos se encuentran situados entre dos hoteles en la zona de Uvero Alto, que \u00abhan recibido numerosas veces los par\u00e1metros de dise\u00f1o y uso de suelo del Ministerio de Turismo\u00bb.<\/p>\n<p>Adem\u00e1s, agreg\u00f3 que \u00abel proyecto que el mismo Hidalgo estaba gestionando en los terrenos estaban ya en la parte final de evaluaci\u00f3n para la licencia ambiental\u00bb por parte del Ministerio de de Medio Ambiente y Recursos Naturales.<\/p>\n<p>\u00abEsto evidencia claramente que lo que est\u00e1 diciendo Hidalgo no es cierto y que su intenci\u00f3n es tratar de posicionarse como una v\u00edctima cuando en realidad es Hidalgo que ha querido atropellar al se\u00f1or Nader para apropiarse de los terrenos sin cumplir con el pago\u00bb que le deb\u00eda hacer, seg\u00fan el comunicado.<\/p>\n<p>Est\u00e1 claro, prosiguieron, que el presidente de Globalia \u00absimplemente par\u00f3 el proceso para sacar sus permisos y licencias para tratar de tener algo de qu\u00e9 agarrarse para no pagar\u00bb.<\/p>\n<p>En una reciente entrevista con Efe, Hidalgo dijo que al tratar de recuperar dicha inversi\u00f3n se le sentenci\u00f3 a devolver los terrenos y, encima, \u00aba indemnizar a Nader\u00bb.<\/p>\n<p>El juez que dict\u00f3 esa sentencia fue despu\u00e9s expulsado de la judicatura, pero el caso a\u00fan est\u00e1 sin resolver, seg\u00fan Globalia.<\/p>\n<p>Sin embargo, los abogados de Nader aseguraron en el comunicado que Hidalgo \u00abfue quien demand\u00f3 primero en resoluci\u00f3n de contrato y da\u00f1os y perjuicios, pretendiendo no solo la resoluci\u00f3n del contrato sino quedarse con la propiedad de los terrenos vendidos, recibir de vuelta los valores avanzados, as\u00ed como una indemnizaci\u00f3n monetaria, pero por la descabellada e infundada que fue esta demanda le fue rechazada por el tribunal apoderado\u00bb.<\/p>\n<p>Agregaron que \u00abutilizando las v\u00edas de derecho correspondiente el se\u00f1or Nader demand\u00f3 &#8216;reconvencionalmente&#8217; a Hidalgo por el manifiesto incumplimiento de pago\u00bb.<\/p>\n<p>La defensa de George Nader asegur\u00f3 que \u00aba diferencia de lo que dice Hidalgo, ninguna de las dos sentencias en su contra lo obliga a indemnizar a Nader\u00bb.<\/p>\n<p>\u00abEs esa conducta a no cumplimiento de lo convenido que le tiene tanto frente abierto en la justicia nacional y extranjera\u00bb, concluyeron.<\/p>\n","protected":false},"excerpt":{"rendered":"<p>Santo Domingo, 6 feb (EFE).- El empresario dominicano George Nader acus\u00f3 hoy al presidente del grupo tur\u00edstico espa\u00f1ol Globalia, Juan Jos\u00e9 Hidalgo, -con quien mantiene diferencias por unos terrenos-, de entender que la seguridad jur\u00eddica \u00absolo existe para lo que a \u00e9l le conviene\u00bb y de \u00abposicionarse como una v\u00edctima\u00bb. Hidalgo y Nader est\u00e1n enfrentados [&hellip;]<\/p>\n","protected":false},"author":1,"featured_media":485840,"comment_status":"closed","ping_status":"open","sticky":false,"template":"","format":"standard","meta":{"footnotes":""},"categories":[1],"tags":[],"class_list":["post-485839","post","type-post","status-publish","format-standard","has-post-thumbnail","hentry","category-actualidad"],"aioseo_notices":[],"aioseo_head":"\n\t\t<!-- All in One SEO Pro 5.0.1 - aioseo.com -->\n\t<meta name=\"description\" content=\"Santo Domingo, 6 feb (EFE).- El empresario dominicano George Nader acus\u00f3 hoy al presidente del grupo tur\u00edstico espa\u00f1ol Globalia, Juan Jos\u00e9 Hidalgo, -con quien mantiene diferencias por unos terrenos-, de entender que la seguridad jur\u00eddica &quot;solo existe para lo que a \u00e9l le conviene&quot; y de &quot;posicionarse como una v\u00edctima&quot;. Hidalgo y Nader est\u00e1n enfrentados\" \/>\n\t<meta name=\"robots\" content=\"max-image-preview:large\" \/>\n\t<meta name=\"author\" content=\"El Digital de Asturias\"\/>\n\t<meta name=\"google-site-verification\" content=\"UA-38556648-1\" \/>\n\t<meta name=\"msvalidate.01\" content=\"7dfe9f3f1b24437ab69f4f2559babe99\" \/>\n\t<meta name=\"keywords\" content=\"actualidad\" \/>\n\t<link rel=\"canonical\" href=\"https:\/\/www.eldigitaldeasturias.com\/noticias\/empresario-dominicano-acusa-a-hidalgo-de-hacerse-la-victima-ante-justicia\/\" \/>\n\t<meta name=\"generator\" content=\"All in One SEO Pro (AIOSEO) 5.0.1\" \/>\n\t\t<meta property=\"og:locale\" content=\"es_ES\" \/>\n\t\t<meta property=\"og:site_name\" content=\"El Digital de Asturias\" \/>\n\t\t<meta property=\"og:type\" content=\"article\" \/>\n\t\t<meta property=\"og:title\" content=\"Empresario dominicano acusa a Hidalgo de hacerse la \u00abv\u00edctima\u00bb ante justicia - El Digital de Asturias\" \/>\n\t\t<meta property=\"og:description\" content=\"Santo Domingo, 6 feb (EFE).- El empresario dominicano George Nader acus\u00f3 hoy al presidente del grupo tur\u00edstico espa\u00f1ol Globalia, Juan Jos\u00e9 Hidalgo, -con quien mantiene diferencias por unos terrenos-, de entender que la seguridad jur\u00eddica &quot;solo existe para lo que a \u00e9l le conviene&quot; y de &quot;posicionarse como una v\u00edctima&quot;. Hidalgo y Nader est\u00e1n enfrentados\" \/>\n\t\t<meta property=\"og:url\" content=\"https:\/\/www.eldigitaldeasturias.com\/noticias\/empresario-dominicano-acusa-a-hidalgo-de-hacerse-la-victima-ante-justicia\/\" \/>\n\t\t<meta property=\"article:tag\" content=\"actualidad\" \/>\n\t\t<meta property=\"article:published_time\" content=\"2014-02-07T18:43:08+00:00\" \/>\n\t\t<meta property=\"article:modified_time\" content=\"2014-02-07T18:43:08+00:00\" \/>\n\t\t<meta property=\"article:publisher\" content=\"https:\/\/facebook.com\/eldigitaldeasturias\" \/>\n\t\t<meta name=\"twitter:card\" content=\"summary_large_image\" \/>\n\t\t<meta name=\"twitter:title\" content=\"Empresario dominicano acusa a Hidalgo de hacerse la \u00abv\u00edctima\u00bb ante justicia - El Digital de Asturias\" \/>\n\t\t<meta name=\"twitter:description\" content=\"Santo Domingo, 6 feb (EFE).- El empresario dominicano George Nader acus\u00f3 hoy al presidente del grupo tur\u00edstico espa\u00f1ol Globalia, Juan Jos\u00e9 Hidalgo, -con quien mantiene diferencias por unos terrenos-, de entender que la seguridad jur\u00eddica &quot;solo existe para lo que a \u00e9l le conviene&quot; y de &quot;posicionarse como una v\u00edctima&quot;. Hidalgo y Nader est\u00e1n enfrentados\" \/>\n\t\t<meta name=\"twitter:label1\" content=\"Escrito por\" \/>\n\t\t<meta name=\"twitter:data1\" content=\"El Digital de Asturias\" \/>\n\t\t<meta name=\"twitter:label2\" content=\"Tiempo de lectura estimado\" \/>\n\t\t<meta name=\"twitter:data2\" content=\"3 minutos\" \/>\n\t\t<script type=\"application\/ld+json\" class=\"aioseo-schema\">\n\t\t\t{\"@context\":\"https:\\\/\\\/schema.org\",\"@graph\":[{\"@type\":\"BlogPosting\",\"@id\":\"https:\\\/\\\/www.eldigitaldeasturias.com\\\/noticias\\\/empresario-dominicano-acusa-a-hidalgo-de-hacerse-la-victima-ante-justicia\\\/#blogposting\",\"name\":\"Empresario dominicano acusa a Hidalgo de hacerse la \\u00abv\\u00edctima\\u00bb ante justicia - El Digital de Asturias\",\"headline\":\"Empresario dominicano acusa a Hidalgo de hacerse la \\u00abv\\u00edctima\\u00bb ante justicia\",\"author\":{\"@id\":\"https:\\\/\\\/www.eldigitaldeasturias.com\\\/noticias\\\/author\\\/admin\\\/#author\"},\"publisher\":{\"@id\":\"https:\\\/\\\/www.eldigitaldeasturias.com\\\/noticias\\\/#organization\"},\"image\":{\"@type\":\"ImageObject\",\"url\":485840},\"datePublished\":\"2014-02-07T17:43:08+01:00\",\"dateModified\":\"2014-02-07T17:43:08+01:00\",\"inLanguage\":\"es-ES\",\"mainEntityOfPage\":{\"@id\":\"https:\\\/\\\/www.eldigitaldeasturias.com\\\/noticias\\\/empresario-dominicano-acusa-a-hidalgo-de-hacerse-la-victima-ante-justicia\\\/#webpage\"},\"isPartOf\":{\"@id\":\"https:\\\/\\\/www.eldigitaldeasturias.com\\\/noticias\\\/empresario-dominicano-acusa-a-hidalgo-de-hacerse-la-victima-ante-justicia\\\/#webpage\"},\"articleSection\":\"Actualidad\"},{\"@type\":\"BreadcrumbList\",\"@id\":\"https:\\\/\\\/www.eldigitaldeasturias.com\\\/noticias\\\/empresario-dominicano-acusa-a-hidalgo-de-hacerse-la-victima-ante-justicia\\\/#breadcrumblist\",\"itemListElement\":[{\"@type\":\"ListItem\",\"@id\":\"https:\\\/\\\/www.eldigitaldeasturias.com\\\/noticias#listItem\",\"position\":1,\"name\":\"Home\",\"item\":\"https:\\\/\\\/www.eldigitaldeasturias.com\\\/noticias\",\"nextItem\":{\"@type\":\"ListItem\",\"@id\":\"https:\\\/\\\/www.eldigitaldeasturias.com\\\/noticias\\\/category\\\/actualidad\\\/#listItem\",\"name\":\"Actualidad\"}},{\"@type\":\"ListItem\",\"@id\":\"https:\\\/\\\/www.eldigitaldeasturias.com\\\/noticias\\\/category\\\/actualidad\\\/#listItem\",\"position\":2,\"name\":\"Actualidad\",\"item\":\"https:\\\/\\\/www.eldigitaldeasturias.com\\\/noticias\\\/category\\\/actualidad\\\/\",\"nextItem\":{\"@type\":\"ListItem\",\"@id\":\"https:\\\/\\\/www.eldigitaldeasturias.com\\\/noticias\\\/empresario-dominicano-acusa-a-hidalgo-de-hacerse-la-victima-ante-justicia\\\/#listItem\",\"name\":\"Empresario dominicano acusa a Hidalgo de hacerse la \\u00abv\\u00edctima\\u00bb ante justicia\"},\"previousItem\":{\"@type\":\"ListItem\",\"@id\":\"https:\\\/\\\/www.eldigitaldeasturias.com\\\/noticias#listItem\",\"name\":\"Home\"}},{\"@type\":\"ListItem\",\"@id\":\"https:\\\/\\\/www.eldigitaldeasturias.com\\\/noticias\\\/empresario-dominicano-acusa-a-hidalgo-de-hacerse-la-victima-ante-justicia\\\/#listItem\",\"position\":3,\"name\":\"Empresario dominicano acusa a Hidalgo de hacerse la \\u00abv\\u00edctima\\u00bb ante justicia\",\"previousItem\":{\"@type\":\"ListItem\",\"@id\":\"https:\\\/\\\/www.eldigitaldeasturias.com\\\/noticias\\\/category\\\/actualidad\\\/#listItem\",\"name\":\"Actualidad\"}}]},{\"@type\":\"Organization\",\"@id\":\"https:\\\/\\\/www.eldigitaldeasturias.com\\\/noticias\\\/#organization\",\"name\":\"El Digital de Asturias\",\"description\":\"Hemeroteca\",\"url\":\"https:\\\/\\\/www.eldigitaldeasturias.com\\\/noticias\\\/\",\"email\":\"info@eldigitaldeasturias.com\",\"telephone\":\"+34652131393\",\"logo\":{\"@type\":\"ImageObject\",\"url\":\"https:\\\/\\\/www.eldigitaldeasturias.com\\\/noticias\\\/wp-content\\\/uploads\\\/2020\\\/12\\\/EDA.jpg\",\"@id\":\"https:\\\/\\\/www.eldigitaldeasturias.com\\\/noticias\\\/empresario-dominicano-acusa-a-hidalgo-de-hacerse-la-victima-ante-justicia\\\/#organizationLogo\"},\"image\":{\"@id\":\"https:\\\/\\\/www.eldigitaldeasturias.com\\\/noticias\\\/empresario-dominicano-acusa-a-hidalgo-de-hacerse-la-victima-ante-justicia\\\/#organizationLogo\"},\"sameAs\":[\"https:\\\/\\\/facebook.com\\\/eldigitaldeasturias\",\"https:\\\/\\\/www.youtube.com\\\/channel\\\/UCZP-2wLEB9Rv6erhFmqVnvg\"],\"address\":{\"@id\":\"https:\\\/\\\/www.eldigitaldeasturias.com\\\/noticias\\\/#postaladdress\",\"@type\":\"PostalAddress\",\"streetAddress\":\"san antonio 4\",\"postalCode\":\"33430\",\"addressLocality\":\"Cand\\u00e1s\",\"addressRegion\":\"Asturias\",\"addressCountry\":\"ES\"}},{\"@type\":\"Person\",\"@id\":\"https:\\\/\\\/www.eldigitaldeasturias.com\\\/noticias\\\/author\\\/admin\\\/#author\",\"url\":\"https:\\\/\\\/www.eldigitaldeasturias.com\\\/noticias\\\/author\\\/admin\\\/\",\"name\":\"El Digital de Asturias\",\"image\":{\"@type\":\"ImageObject\",\"@id\":\"https:\\\/\\\/www.eldigitaldeasturias.com\\\/noticias\\\/empresario-dominicano-acusa-a-hidalgo-de-hacerse-la-victima-ante-justicia\\\/#authorImage\",\"url\":\"https:\\\/\\\/secure.gravatar.com\\\/avatar\\\/df2aeffc32bcd13f8d26072ef8a91b623d677766deac7f97ca815868cd41bf5e?s=96&d=mm&r=g\",\"width\":96,\"height\":96,\"caption\":\"El Digital de Asturias\"}},{\"@type\":\"WebPage\",\"@id\":\"https:\\\/\\\/www.eldigitaldeasturias.com\\\/noticias\\\/empresario-dominicano-acusa-a-hidalgo-de-hacerse-la-victima-ante-justicia\\\/#webpage\",\"url\":\"https:\\\/\\\/www.eldigitaldeasturias.com\\\/noticias\\\/empresario-dominicano-acusa-a-hidalgo-de-hacerse-la-victima-ante-justicia\\\/\",\"name\":\"Empresario dominicano acusa a Hidalgo de hacerse la \\u00abv\\u00edctima\\u00bb ante justicia - El Digital de Asturias\",\"description\":\"Santo Domingo, 6 feb (EFE).- El empresario dominicano George Nader acus\\u00f3 hoy al presidente del grupo tur\\u00edstico espa\\u00f1ol Globalia, Juan Jos\\u00e9 Hidalgo, -con quien mantiene diferencias por unos terrenos-, de entender que la seguridad jur\\u00eddica \\\"solo existe para lo que a \\u00e9l le conviene\\\" y de \\\"posicionarse como una v\\u00edctima\\\". Hidalgo y Nader est\\u00e1n enfrentados\",\"inLanguage\":\"es-ES\",\"isPartOf\":{\"@id\":\"https:\\\/\\\/www.eldigitaldeasturias.com\\\/noticias\\\/#website\"},\"breadcrumb\":{\"@id\":\"https:\\\/\\\/www.eldigitaldeasturias.com\\\/noticias\\\/empresario-dominicano-acusa-a-hidalgo-de-hacerse-la-victima-ante-justicia\\\/#breadcrumblist\"},\"author\":{\"@id\":\"https:\\\/\\\/www.eldigitaldeasturias.com\\\/noticias\\\/author\\\/admin\\\/#author\"},\"creator\":{\"@id\":\"https:\\\/\\\/www.eldigitaldeasturias.com\\\/noticias\\\/author\\\/admin\\\/#author\"},\"image\":{\"@type\":\"ImageObject\",\"url\":485840,\"@id\":\"https:\\\/\\\/www.eldigitaldeasturias.com\\\/noticias\\\/empresario-dominicano-acusa-a-hidalgo-de-hacerse-la-victima-ante-justicia\\\/#mainImage\"},\"primaryImageOfPage\":{\"@id\":\"https:\\\/\\\/www.eldigitaldeasturias.com\\\/noticias\\\/empresario-dominicano-acusa-a-hidalgo-de-hacerse-la-victima-ante-justicia\\\/#mainImage\"},\"datePublished\":\"2014-02-07T17:43:08+01:00\",\"dateModified\":\"2014-02-07T17:43:08+01:00\"},{\"@type\":\"WebSite\",\"@id\":\"https:\\\/\\\/www.eldigitaldeasturias.com\\\/noticias\\\/#website\",\"url\":\"https:\\\/\\\/www.eldigitaldeasturias.com\\\/noticias\\\/\",\"name\":\"El Digital de Asturias - Diario de actualidad y noticias\",\"alternateName\":\"El Digital de Asturias - Diario de actualidad y noticias\",\"description\":\"Hemeroteca\",\"inLanguage\":\"es-ES\",\"publisher\":{\"@id\":\"https:\\\/\\\/www.eldigitaldeasturias.com\\\/noticias\\\/#organization\"}}]}\n\t\t<\/script>\n\t\t<!-- All in One SEO Pro -->\r\n\t\t<title>Empresario dominicano acusa a Hidalgo de hacerse la \u00abv\u00edctima\u00bb ante justicia - El Digital de Asturias<\/title>\n\n","aioseo_head_json":{"title":"Empresario dominicano acusa a Hidalgo de hacerse la \u00abv\u00edctima\u00bb ante justicia - El Digital de Asturias","description":"Santo Domingo, 6 feb (EFE).- El empresario dominicano George Nader acus\u00f3 hoy al presidente del grupo tur\u00edstico espa\u00f1ol Globalia, Juan Jos\u00e9 Hidalgo, -con quien mantiene diferencias por unos terrenos-, de entender que la seguridad jur\u00eddica \"solo existe para lo que a \u00e9l le conviene\" y de \"posicionarse como una v\u00edctima\". Hidalgo y Nader est\u00e1n enfrentados","canonical_url":"https:\/\/www.eldigitaldeasturias.com\/noticias\/empresario-dominicano-acusa-a-hidalgo-de-hacerse-la-victima-ante-justicia\/","robots":"max-image-preview:large","keywords":"actualidad","webmasterTools":{"google-site-verification":"UA-38556648-1","msvalidate.01":"7dfe9f3f1b24437ab69f4f2559babe99","miscellaneous":""},"schema":{"@context":"https:\/\/schema.org","@graph":[{"@type":"BlogPosting","@id":"https:\/\/www.eldigitaldeasturias.com\/noticias\/empresario-dominicano-acusa-a-hidalgo-de-hacerse-la-victima-ante-justicia\/#blogposting","name":"Empresario dominicano acusa a Hidalgo de hacerse la \u00abv\u00edctima\u00bb ante justicia - El Digital de Asturias","headline":"Empresario dominicano acusa a Hidalgo de hacerse la \u00abv\u00edctima\u00bb ante justicia","author":{"@id":"https:\/\/www.eldigitaldeasturias.com\/noticias\/author\/admin\/#author"},"publisher":{"@id":"https:\/\/www.eldigitaldeasturias.com\/noticias\/#organization"},"image":{"@type":"ImageObject","url":485840},"datePublished":"2014-02-07T17:43:08+01:00","dateModified":"2014-02-07T17:43:08+01:00","inLanguage":"es-ES","mainEntityOfPage":{"@id":"https:\/\/www.eldigitaldeasturias.com\/noticias\/empresario-dominicano-acusa-a-hidalgo-de-hacerse-la-victima-ante-justicia\/#webpage"},"isPartOf":{"@id":"https:\/\/www.eldigitaldeasturias.com\/noticias\/empresario-dominicano-acusa-a-hidalgo-de-hacerse-la-victima-ante-justicia\/#webpage"},"articleSection":"Actualidad"},{"@type":"BreadcrumbList","@id":"https:\/\/www.eldigitaldeasturias.com\/noticias\/empresario-dominicano-acusa-a-hidalgo-de-hacerse-la-victima-ante-justicia\/#breadcrumblist","itemListElement":[{"@type":"ListItem","@id":"https:\/\/www.eldigitaldeasturias.com\/noticias#listItem","position":1,"name":"Home","item":"https:\/\/www.eldigitaldeasturias.com\/noticias","nextItem":{"@type":"ListItem","@id":"https:\/\/www.eldigitaldeasturias.com\/noticias\/category\/actualidad\/#listItem","name":"Actualidad"}},{"@type":"ListItem","@id":"https:\/\/www.eldigitaldeasturias.com\/noticias\/category\/actualidad\/#listItem","position":2,"name":"Actualidad","item":"https:\/\/www.eldigitaldeasturias.com\/noticias\/category\/actualidad\/","nextItem":{"@type":"ListItem","@id":"https:\/\/www.eldigitaldeasturias.com\/noticias\/empresario-dominicano-acusa-a-hidalgo-de-hacerse-la-victima-ante-justicia\/#listItem","name":"Empresario dominicano acusa a Hidalgo de hacerse la \u00abv\u00edctima\u00bb ante justicia"},"previousItem":{"@type":"ListItem","@id":"https:\/\/www.eldigitaldeasturias.com\/noticias#listItem","name":"Home"}},{"@type":"ListItem","@id":"https:\/\/www.eldigitaldeasturias.com\/noticias\/empresario-dominicano-acusa-a-hidalgo-de-hacerse-la-victima-ante-justicia\/#listItem","position":3,"name":"Empresario dominicano acusa a Hidalgo de hacerse la \u00abv\u00edctima\u00bb ante justicia","previousItem":{"@type":"ListItem","@id":"https:\/\/www.eldigitaldeasturias.com\/noticias\/category\/actualidad\/#listItem","name":"Actualidad"}}]},{"@type":"Organization","@id":"https:\/\/www.eldigitaldeasturias.com\/noticias\/#organization","name":"El Digital de Asturias","description":"Hemeroteca","url":"https:\/\/www.eldigitaldeasturias.com\/noticias\/","email":"info@eldigitaldeasturias.com","telephone":"+34652131393","logo":{"@type":"ImageObject","url":"https:\/\/www.eldigitaldeasturias.com\/noticias\/wp-content\/uploads\/2020\/12\/EDA.jpg","@id":"https:\/\/www.eldigitaldeasturias.com\/noticias\/empresario-dominicano-acusa-a-hidalgo-de-hacerse-la-victima-ante-justicia\/#organizationLogo"},"image":{"@id":"https:\/\/www.eldigitaldeasturias.com\/noticias\/empresario-dominicano-acusa-a-hidalgo-de-hacerse-la-victima-ante-justicia\/#organizationLogo"},"sameAs":["https:\/\/facebook.com\/eldigitaldeasturias","https:\/\/www.youtube.com\/channel\/UCZP-2wLEB9Rv6erhFmqVnvg"],"address":{"@id":"https:\/\/www.eldigitaldeasturias.com\/noticias\/#postaladdress","@type":"PostalAddress","streetAddress":"san antonio 4","postalCode":"33430","addressLocality":"Cand\u00e1s","addressRegion":"Asturias","addressCountry":"ES"}},{"@type":"Person","@id":"https:\/\/www.eldigitaldeasturias.com\/noticias\/author\/admin\/#author","url":"https:\/\/www.eldigitaldeasturias.com\/noticias\/author\/admin\/","name":"El Digital de Asturias","image":{"@type":"ImageObject","@id":"https:\/\/www.eldigitaldeasturias.com\/noticias\/empresario-dominicano-acusa-a-hidalgo-de-hacerse-la-victima-ante-justicia\/#authorImage","url":"https:\/\/secure.gravatar.com\/avatar\/df2aeffc32bcd13f8d26072ef8a91b623d677766deac7f97ca815868cd41bf5e?s=96&d=mm&r=g","width":96,"height":96,"caption":"El Digital de Asturias"}},{"@type":"WebPage","@id":"https:\/\/www.eldigitaldeasturias.com\/noticias\/empresario-dominicano-acusa-a-hidalgo-de-hacerse-la-victima-ante-justicia\/#webpage","url":"https:\/\/www.eldigitaldeasturias.com\/noticias\/empresario-dominicano-acusa-a-hidalgo-de-hacerse-la-victima-ante-justicia\/","name":"Empresario dominicano acusa a Hidalgo de hacerse la \u00abv\u00edctima\u00bb ante justicia - El Digital de Asturias","description":"Santo Domingo, 6 feb (EFE).- El empresario dominicano George Nader acus\u00f3 hoy al presidente del grupo tur\u00edstico espa\u00f1ol Globalia, Juan Jos\u00e9 Hidalgo, -con quien mantiene diferencias por unos terrenos-, de entender que la seguridad jur\u00eddica \"solo existe para lo que a \u00e9l le conviene\" y de \"posicionarse como una v\u00edctima\". Hidalgo y Nader est\u00e1n enfrentados","inLanguage":"es-ES","isPartOf":{"@id":"https:\/\/www.eldigitaldeasturias.com\/noticias\/#website"},"breadcrumb":{"@id":"https:\/\/www.eldigitaldeasturias.com\/noticias\/empresario-dominicano-acusa-a-hidalgo-de-hacerse-la-victima-ante-justicia\/#breadcrumblist"},"author":{"@id":"https:\/\/www.eldigitaldeasturias.com\/noticias\/author\/admin\/#author"},"creator":{"@id":"https:\/\/www.eldigitaldeasturias.com\/noticias\/author\/admin\/#author"},"image":{"@type":"ImageObject","url":485840,"@id":"https:\/\/www.eldigitaldeasturias.com\/noticias\/empresario-dominicano-acusa-a-hidalgo-de-hacerse-la-victima-ante-justicia\/#mainImage"},"primaryImageOfPage":{"@id":"https:\/\/www.eldigitaldeasturias.com\/noticias\/empresario-dominicano-acusa-a-hidalgo-de-hacerse-la-victima-ante-justicia\/#mainImage"},"datePublished":"2014-02-07T17:43:08+01:00","dateModified":"2014-02-07T17:43:08+01:00"},{"@type":"WebSite","@id":"https:\/\/www.eldigitaldeasturias.com\/noticias\/#website","url":"https:\/\/www.eldigitaldeasturias.com\/noticias\/","name":"El Digital de Asturias - Diario de actualidad y noticias","alternateName":"El Digital de Asturias - Diario de actualidad y noticias","description":"Hemeroteca","inLanguage":"es-ES","publisher":{"@id":"https:\/\/www.eldigitaldeasturias.com\/noticias\/#organization"}}]},"og:locale":"es_ES","og:site_name":"El Digital de Asturias","og:type":"article","og:title":"Empresario dominicano acusa a Hidalgo de hacerse la \u00abv\u00edctima\u00bb ante justicia - El Digital de Asturias","og:description":"Santo Domingo, 6 feb (EFE).- El empresario dominicano George Nader acus\u00f3 hoy al presidente del grupo tur\u00edstico espa\u00f1ol Globalia, Juan Jos\u00e9 Hidalgo, -con quien mantiene diferencias por unos terrenos-, de entender que la seguridad jur\u00eddica &quot;solo existe para lo que a \u00e9l le conviene&quot; y de &quot;posicionarse como una v\u00edctima&quot;. Hidalgo y Nader est\u00e1n enfrentados","og:url":"https:\/\/www.eldigitaldeasturias.com\/noticias\/empresario-dominicano-acusa-a-hidalgo-de-hacerse-la-victima-ante-justicia\/","article:tag":["actualidad"],"article:published_time":"2014-02-07T18:43:08+00:00","article:modified_time":"2014-02-07T18:43:08+00:00","article:publisher":"https:\/\/facebook.com\/eldigitaldeasturias","twitter:card":"summary_large_image","twitter:title":"Empresario dominicano acusa a Hidalgo de hacerse la \u00abv\u00edctima\u00bb ante justicia - El Digital de Asturias","twitter:description":"Santo Domingo, 6 feb (EFE).- El empresario dominicano George Nader acus\u00f3 hoy al presidente del grupo tur\u00edstico espa\u00f1ol Globalia, Juan Jos\u00e9 Hidalgo, -con quien mantiene diferencias por unos terrenos-, de entender que la seguridad jur\u00eddica &quot;solo existe para lo que a \u00e9l le conviene&quot; y de &quot;posicionarse como una v\u00edctima&quot;. Hidalgo y Nader est\u00e1n enfrentados","twitter:label1":"Escrito por","twitter:data1":"El Digital de Asturias","twitter:label2":"Tiempo de lectura estimado","twitter:data2":"3 minutos"},"aioseo_meta_data":{"post_id":"485839","title":null,"description":null,"keywords":null,"keyphrases":null,"primary_term":null,"canonical_url":null,"og_title":null,"og_description":null,"og_object_type":"default","og_image_type":"default","og_image_url":null,"og_image_width":null,"og_image_height":null,"og_image_custom_url":null,"og_image_custom_fields":null,"og_video":null,"og_custom_url":null,"og_article_section":null,"og_article_tags":null,"twitter_use_og":true,"twitter_card":"default","twitter_image_type":"default","twitter_image_url":null,"twitter_image_custom_url":null,"twitter_image_custom_fields":null,"twitter_title":null,"twitter_description":null,"schema":{"blockGraphs":[],"customGraphs":[],"default":{"data":{"Article":[],"Course":[],"Dataset":[],"FAQPage":[],"Movie":[],"Person":[],"Product":[],"ProductReview":[],"Car":[],"Recipe":[],"Service":[],"SoftwareApplication":[],"WebPage":[]},"graphName":"","isEnabled":true},"graphs":[],"defaultGraph":"","defaultPostTypeGraph":""},"schema_type":null,"schema_type_options":null,"pillar_content":false,"robots_default":true,"robots_noindex":false,"robots_noarchive":false,"robots_nosnippet":false,"robots_nofollow":false,"robots_noimageindex":false,"robots_noodp":false,"robots_notranslate":false,"robots_max_snippet":null,"robots_max_videopreview":null,"robots_max_imagepreview":"none","priority":null,"frequency":null,"local_seo":null,"seo_analyzer_scan_date":"2026-06-02 22:15:47","breadcrumb_settings":null,"limit_modified_date":false,"open_ai":null,"ai":null,"created":"2020-11-14 22:55:26","updated":"2026-06-02 22:15:47","focus_keyword":null,"additional_keywords":null,"truseo_locale":null},"aioseo_breadcrumb":"<div class=\"aioseo-breadcrumbs\"><span class=\"aioseo-breadcrumb\">\n\t<a href=\"https:\/\/www.eldigitaldeasturias.com\/noticias\" title=\"Home\">Home<\/a>\n<\/span><span class=\"aioseo-breadcrumb-separator\">\u2013<\/span><span class=\"aioseo-breadcrumb\">\n\t<a href=\"https:\/\/www.eldigitaldeasturias.com\/noticias\/category\/actualidad\/\" title=\"Actualidad\">Actualidad<\/a>\n<\/span><span class=\"aioseo-breadcrumb-separator\">\u2013<\/span><span class=\"aioseo-breadcrumb\">\n\t<a href=\"https:\/\/www.eldigitaldeasturias.com\/noticias\/empresario-dominicano-acusa-a-hidalgo-de-hacerse-la-victima-ante-justicia\/\" title=\"Empresario dominicano acusa a Hidalgo de hacerse la \u00abv\u00edctima\u00bb ante justicia\">Empresario dominicano acusa a Hidalgo de hacerse la \u00abv\u00edctima\u00bb ante justicia<\/a>\n<\/span><\/div>","aioseo_breadcrumb_json":[{"label":"Home","link":"https:\/\/www.eldigitaldeasturias.com\/noticias"},{"label":"Actualidad","link":"https:\/\/www.eldigitaldeasturias.com\/noticias\/category\/actualidad\/"},{"label":"Empresario dominicano acusa a Hidalgo de hacerse la \u00abv\u00edctima\u00bb ante justicia","link":"https:\/\/www.eldigitaldeasturias.com\/noticias\/empresario-dominicano-acusa-a-hidalgo-de-hacerse-la-victima-ante-justicia\/"}],"_links":{"self":[{"href":"https:\/\/www.eldigitaldeasturias.com\/noticias\/wp-json\/wp\/v2\/posts\/485839","targetHints":{"allow":["GET"]}}],"collection":[{"href":"https:\/\/www.eldigitaldeasturias.com\/noticias\/wp-json\/wp\/v2\/posts"}],"about":[{"href":"https:\/\/www.eldigitaldeasturias.com\/noticias\/wp-json\/wp\/v2\/types\/post"}],"author":[{"embeddable":true,"href":"https:\/\/www.eldigitaldeasturias.com\/noticias\/wp-json\/wp\/v2\/users\/1"}],"replies":[{"embeddable":true,"href":"https:\/\/www.eldigitaldeasturias.com\/noticias\/wp-json\/wp\/v2\/comments?post=485839"}],"version-history":[{"count":0,"href":"https:\/\/www.eldigitaldeasturias.com\/noticias\/wp-json\/wp\/v2\/posts\/485839\/revisions"}],"wp:attachment":[{"href":"https:\/\/www.eldigitaldeasturias.com\/noticias\/wp-json\/wp\/v2\/media?parent=485839"}],"wp:term":[{"taxonomy":"category","embeddable":true,"href":"https:\/\/www.eldigitaldeasturias.com\/noticias\/wp-json\/wp\/v2\/categories?post=485839"},{"taxonomy":"post_tag","embeddable":true,"href":"https:\/\/www.eldigitaldeasturias.com\/noticias\/wp-json\/wp\/v2\/tags?post=485839"}],"curies":[{"name":"wp","href":"https:\/\/api.w.org\/{rel}","templated":true}]}}