{"id":485836,"date":"2014-02-07T17:42:02","date_gmt":"2014-02-07T18:42:02","guid":{"rendered":"http:\/\/www.eldigitaldeasturias.com\/noticias\/?p=485836"},"modified":"2014-02-07T17:42:02","modified_gmt":"2014-02-07T18:42:02","slug":"el-psoe-cree-que-durante-20-anos-en-el-pp-todo-era-gurtel-o-la-nada","status":"publish","type":"post","link":"https:\/\/www.eldigitaldeasturias.com\/noticias\/el-psoe-cree-que-durante-20-anos-en-el-pp-todo-era-gurtel-o-la-nada\/","title":{"rendered":"El PSOE cree que durante 20 a\u00f1os en el PP \u00abtodo era G\u00fcrtel o la nada\u00bb"},"content":{"rendered":"<p><img loading=\"lazy\" decoding=\"async\" class=\"alignleft size-medium wp-image-485837\" alt=\"5917447w\" src=\"https:\/\/www.eldigitaldeasturias.com\/noticias\/wp-content\/uploads\/2014\/02\/5917447w-360x239.jpg\" width=\"360\" height=\"239\" \/>Madrid, 6 feb (EFE).- El secretario de Organizaci\u00f3n del PSOE, \u00d3scar L\u00f3pez, ha asegurado hoy que los socialistas no se van a callar a la hora de que se averig\u00fce todo lo sucedido con el caso G\u00fcrtel en el PP y ha subrayado que, \u00abdurante 20 a\u00f1os, en el Partido Popular todo era o G\u00fcrtel o la nada\u00bb.<\/p>\n<p>L\u00f3pez ha comparecido en rueda de prensa para hacer balance de los cinco a\u00f1os desde que se destap\u00f3 el caso G\u00fcrtel, que luego deriv\u00f3, a su juicio, en el caso B\u00e1rcenas y que ahora es \u00abel caso PP\u00bb.<\/p>\n<p>El secretario de Organizaci\u00f3n socialista ha garantizado que el PSOE va a seguir denunciando estos hechos porque el presidente del Gobierno y del PP, Mariano Rajoy, \u00abno puede aspirar a que pase sin m\u00e1s, que sea pelillos a la mar\u00bb.<\/p>\n<p>\u00abEl se\u00f1or Rajoy, por mucho que lo intente, no se puede esconder, tiene que dar explicaciones y tambi\u00e9n el resto de la c\u00fapula del PP en relaci\u00f3n al mayor esc\u00e1ndalo de corrupci\u00f3n de este pa\u00eds\u00bb, ha resaltado.<\/p>\n<p>Cinco a\u00f1os desde que los responsables del PP salieran en una comparecencia conjunta, con Mariano Rajoy a la cabeza, para \u00abacusar a jueces, fiscales, Polic\u00eda&#8230;\u00bb y denunciar que hab\u00eda una campa\u00f1a contra ellos, ha dicho mientras exhib\u00eda una foto de entonces en la que el actual jefe de Ejecutivo aparece rodeado por toda la c\u00fapula de su partido.<\/p>\n<p>Para L\u00f3pez, han sido \u00abcinco a\u00f1os de mentiras, de infamias, de no contar la verdad, de escurrir el bulto por parte del se\u00f1or Rajoy\u00bb.<\/p>\n<p>Ha repasado a otras personas que figuran en la foto y ha apuntado que muchos de ellos est\u00e1n involucrados en el caso sin que hayan dado tampoco ninguna explicaci\u00f3n ni asumido responsabilidad alguna.<\/p>\n<p>Su resumen de este tiempo es que hay 187 imputados, 74 de ellos pol\u00edticos, 2.000 tomos de instrucci\u00f3n -el mayor sumario de la historia de Espa\u00f1a, ha dicho- y 20 a\u00f1os de \u00abfinanciaci\u00f3n ilegal\u00bb del PP, lo que lleva a preguntarse si tambi\u00e9n han sido 20 a\u00f1os de financiaci\u00f3n electoral irregular.<\/p>\n<p>\u00ab\u00bfA qu\u00e9 campa\u00f1a no ha acudido el PP con financiaci\u00f3n irregular?\u00bb, se ha cuestionado.<\/p>\n<p>G\u00fcrtel, ha agregado, creci\u00f3 en la sede de la calle G\u00e9nova \u00abal calor\u00bb de Aznar, \u00c1lvarez Cascos, Arenas, Cospedal y Rajoy, que era quien \u00abmandaba mensajes a B\u00e1rcenas\u00bb, pero se extendi\u00f3 a las comunidades aut\u00f3nomas gobernadas por el PP y tuvo ramificaciones en todo el territorio.<\/p>\n<p>\u00abPodr\u00edamos decir que durante 20 a\u00f1os en el PP todo era G\u00fcrtel o la nada, porque G\u00fcrtel estaba instalado en la c\u00fapula del PP\u00bb, ha sentenciado L\u00f3pez en referencia a la frase de la secretaria general de los populares, Mar\u00eda Dolores de Cospedal, que en la convenci\u00f3n nacional de su partido sostuvo que en la defensa de los intereses de Espa\u00f1a es \u00abel PP o la nada\u00bb.<\/p>\n","protected":false},"excerpt":{"rendered":"<p>Madrid, 6 feb (EFE).- El secretario de Organizaci\u00f3n del PSOE, \u00d3scar L\u00f3pez, ha asegurado hoy que los socialistas no se van a callar a la hora de que se averig\u00fce todo lo sucedido con el caso G\u00fcrtel en el PP y ha subrayado que, \u00abdurante 20 a\u00f1os, en el Partido Popular todo era o G\u00fcrtel [&hellip;]<\/p>\n","protected":false},"author":1,"featured_media":485837,"comment_status":"closed","ping_status":"open","sticky":false,"template":"","format":"standard","meta":{"footnotes":""},"categories":[1],"tags":[],"class_list":["post-485836","post","type-post","status-publish","format-standard","has-post-thumbnail","hentry","category-actualidad"],"aioseo_notices":[],"aioseo_head":"\n\t\t<!-- All in One SEO Pro 5.0.1 - aioseo.com -->\n\t<meta name=\"description\" content=\"Madrid, 6 feb (EFE).- El secretario de Organizaci\u00f3n del PSOE, \u00d3scar L\u00f3pez, ha asegurado hoy que los socialistas no se van a callar a la hora de que se averig\u00fce todo lo sucedido con el caso G\u00fcrtel en el PP y ha subrayado que, &quot;durante 20 a\u00f1os, en el Partido Popular todo era o G\u00fcrtel\" \/>\n\t<meta name=\"robots\" content=\"max-image-preview:large\" \/>\n\t<meta name=\"author\" content=\"El Digital de Asturias\"\/>\n\t<meta name=\"google-site-verification\" content=\"UA-38556648-1\" \/>\n\t<meta name=\"msvalidate.01\" content=\"7dfe9f3f1b24437ab69f4f2559babe99\" \/>\n\t<meta name=\"keywords\" content=\"actualidad\" \/>\n\t<link rel=\"canonical\" href=\"https:\/\/www.eldigitaldeasturias.com\/noticias\/el-psoe-cree-que-durante-20-anos-en-el-pp-todo-era-gurtel-o-la-nada\/\" \/>\n\t<meta name=\"generator\" content=\"All in One SEO Pro (AIOSEO) 5.0.1\" \/>\n\t\t<meta property=\"og:locale\" content=\"es_ES\" \/>\n\t\t<meta property=\"og:site_name\" content=\"El Digital de Asturias\" \/>\n\t\t<meta property=\"og:type\" content=\"article\" \/>\n\t\t<meta property=\"og:title\" content=\"El PSOE cree que durante 20 a\u00f1os en el PP \u00abtodo era G\u00fcrtel o la nada\u00bb - El Digital de Asturias\" \/>\n\t\t<meta property=\"og:description\" content=\"Madrid, 6 feb (EFE).- El secretario de Organizaci\u00f3n del PSOE, \u00d3scar L\u00f3pez, ha asegurado hoy que los socialistas no se van a callar a la hora de que se averig\u00fce todo lo sucedido con el caso G\u00fcrtel en el PP y ha subrayado que, &quot;durante 20 a\u00f1os, en el Partido Popular todo era o G\u00fcrtel\" \/>\n\t\t<meta property=\"og:url\" content=\"https:\/\/www.eldigitaldeasturias.com\/noticias\/el-psoe-cree-que-durante-20-anos-en-el-pp-todo-era-gurtel-o-la-nada\/\" \/>\n\t\t<meta property=\"article:tag\" content=\"actualidad\" \/>\n\t\t<meta property=\"article:published_time\" content=\"2014-02-07T18:42:02+00:00\" \/>\n\t\t<meta property=\"article:modified_time\" content=\"2014-02-07T18:42:02+00:00\" \/>\n\t\t<meta property=\"article:publisher\" content=\"https:\/\/facebook.com\/eldigitaldeasturias\" \/>\n\t\t<meta name=\"twitter:card\" content=\"summary_large_image\" \/>\n\t\t<meta name=\"twitter:title\" content=\"El PSOE cree que durante 20 a\u00f1os en el PP \u00abtodo era G\u00fcrtel o la nada\u00bb - El Digital de Asturias\" \/>\n\t\t<meta name=\"twitter:description\" content=\"Madrid, 6 feb (EFE).- El secretario de Organizaci\u00f3n del PSOE, \u00d3scar L\u00f3pez, ha asegurado hoy que los socialistas no se van a callar a la hora de que se averig\u00fce todo lo sucedido con el caso G\u00fcrtel en el PP y ha subrayado que, &quot;durante 20 a\u00f1os, en el Partido Popular todo era o G\u00fcrtel\" \/>\n\t\t<meta name=\"twitter:label1\" content=\"Escrito por\" \/>\n\t\t<meta name=\"twitter:data1\" content=\"El Digital de Asturias\" \/>\n\t\t<meta name=\"twitter:label2\" content=\"Tiempo de lectura estimado\" \/>\n\t\t<meta name=\"twitter:data2\" content=\"3 minutos\" \/>\n\t\t<script type=\"application\/ld+json\" class=\"aioseo-schema\">\n\t\t\t{\"@context\":\"https:\\\/\\\/schema.org\",\"@graph\":[{\"@type\":\"BlogPosting\",\"@id\":\"https:\\\/\\\/www.eldigitaldeasturias.com\\\/noticias\\\/el-psoe-cree-que-durante-20-anos-en-el-pp-todo-era-gurtel-o-la-nada\\\/#blogposting\",\"name\":\"El PSOE cree que durante 20 a\\u00f1os en el PP \\u00abtodo era G\\u00fcrtel o la nada\\u00bb - El Digital de Asturias\",\"headline\":\"El PSOE cree que durante 20 a\\u00f1os en el PP \\u00abtodo era G\\u00fcrtel o la nada\\u00bb\",\"author\":{\"@id\":\"https:\\\/\\\/www.eldigitaldeasturias.com\\\/noticias\\\/author\\\/admin\\\/#author\"},\"publisher\":{\"@id\":\"https:\\\/\\\/www.eldigitaldeasturias.com\\\/noticias\\\/#organization\"},\"image\":{\"@type\":\"ImageObject\",\"url\":485837},\"datePublished\":\"2014-02-07T17:42:02+01:00\",\"dateModified\":\"2014-02-07T17:42:02+01:00\",\"inLanguage\":\"es-ES\",\"mainEntityOfPage\":{\"@id\":\"https:\\\/\\\/www.eldigitaldeasturias.com\\\/noticias\\\/el-psoe-cree-que-durante-20-anos-en-el-pp-todo-era-gurtel-o-la-nada\\\/#webpage\"},\"isPartOf\":{\"@id\":\"https:\\\/\\\/www.eldigitaldeasturias.com\\\/noticias\\\/el-psoe-cree-que-durante-20-anos-en-el-pp-todo-era-gurtel-o-la-nada\\\/#webpage\"},\"articleSection\":\"Actualidad\"},{\"@type\":\"BreadcrumbList\",\"@id\":\"https:\\\/\\\/www.eldigitaldeasturias.com\\\/noticias\\\/el-psoe-cree-que-durante-20-anos-en-el-pp-todo-era-gurtel-o-la-nada\\\/#breadcrumblist\",\"itemListElement\":[{\"@type\":\"ListItem\",\"@id\":\"https:\\\/\\\/www.eldigitaldeasturias.com\\\/noticias#listItem\",\"position\":1,\"name\":\"Home\",\"item\":\"https:\\\/\\\/www.eldigitaldeasturias.com\\\/noticias\",\"nextItem\":{\"@type\":\"ListItem\",\"@id\":\"https:\\\/\\\/www.eldigitaldeasturias.com\\\/noticias\\\/category\\\/actualidad\\\/#listItem\",\"name\":\"Actualidad\"}},{\"@type\":\"ListItem\",\"@id\":\"https:\\\/\\\/www.eldigitaldeasturias.com\\\/noticias\\\/category\\\/actualidad\\\/#listItem\",\"position\":2,\"name\":\"Actualidad\",\"item\":\"https:\\\/\\\/www.eldigitaldeasturias.com\\\/noticias\\\/category\\\/actualidad\\\/\",\"nextItem\":{\"@type\":\"ListItem\",\"@id\":\"https:\\\/\\\/www.eldigitaldeasturias.com\\\/noticias\\\/el-psoe-cree-que-durante-20-anos-en-el-pp-todo-era-gurtel-o-la-nada\\\/#listItem\",\"name\":\"El PSOE cree que durante 20 a\\u00f1os en el PP \\u00abtodo era G\\u00fcrtel o la nada\\u00bb\"},\"previousItem\":{\"@type\":\"ListItem\",\"@id\":\"https:\\\/\\\/www.eldigitaldeasturias.com\\\/noticias#listItem\",\"name\":\"Home\"}},{\"@type\":\"ListItem\",\"@id\":\"https:\\\/\\\/www.eldigitaldeasturias.com\\\/noticias\\\/el-psoe-cree-que-durante-20-anos-en-el-pp-todo-era-gurtel-o-la-nada\\\/#listItem\",\"position\":3,\"name\":\"El PSOE cree que durante 20 a\\u00f1os en el PP \\u00abtodo era G\\u00fcrtel o la nada\\u00bb\",\"previousItem\":{\"@type\":\"ListItem\",\"@id\":\"https:\\\/\\\/www.eldigitaldeasturias.com\\\/noticias\\\/category\\\/actualidad\\\/#listItem\",\"name\":\"Actualidad\"}}]},{\"@type\":\"Organization\",\"@id\":\"https:\\\/\\\/www.eldigitaldeasturias.com\\\/noticias\\\/#organization\",\"name\":\"El Digital de Asturias\",\"description\":\"Hemeroteca\",\"url\":\"https:\\\/\\\/www.eldigitaldeasturias.com\\\/noticias\\\/\",\"email\":\"info@eldigitaldeasturias.com\",\"telephone\":\"+34652131393\",\"logo\":{\"@type\":\"ImageObject\",\"url\":\"https:\\\/\\\/www.eldigitaldeasturias.com\\\/noticias\\\/wp-content\\\/uploads\\\/2020\\\/12\\\/EDA.jpg\",\"@id\":\"https:\\\/\\\/www.eldigitaldeasturias.com\\\/noticias\\\/el-psoe-cree-que-durante-20-anos-en-el-pp-todo-era-gurtel-o-la-nada\\\/#organizationLogo\"},\"image\":{\"@id\":\"https:\\\/\\\/www.eldigitaldeasturias.com\\\/noticias\\\/el-psoe-cree-que-durante-20-anos-en-el-pp-todo-era-gurtel-o-la-nada\\\/#organizationLogo\"},\"sameAs\":[\"https:\\\/\\\/facebook.com\\\/eldigitaldeasturias\",\"https:\\\/\\\/www.youtube.com\\\/channel\\\/UCZP-2wLEB9Rv6erhFmqVnvg\"],\"address\":{\"@id\":\"https:\\\/\\\/www.eldigitaldeasturias.com\\\/noticias\\\/#postaladdress\",\"@type\":\"PostalAddress\",\"streetAddress\":\"san antonio 4\",\"postalCode\":\"33430\",\"addressLocality\":\"Cand\\u00e1s\",\"addressRegion\":\"Asturias\",\"addressCountry\":\"ES\"}},{\"@type\":\"Person\",\"@id\":\"https:\\\/\\\/www.eldigitaldeasturias.com\\\/noticias\\\/author\\\/admin\\\/#author\",\"url\":\"https:\\\/\\\/www.eldigitaldeasturias.com\\\/noticias\\\/author\\\/admin\\\/\",\"name\":\"El Digital de Asturias\",\"image\":{\"@type\":\"ImageObject\",\"@id\":\"https:\\\/\\\/www.eldigitaldeasturias.com\\\/noticias\\\/el-psoe-cree-que-durante-20-anos-en-el-pp-todo-era-gurtel-o-la-nada\\\/#authorImage\",\"url\":\"https:\\\/\\\/secure.gravatar.com\\\/avatar\\\/df2aeffc32bcd13f8d26072ef8a91b623d677766deac7f97ca815868cd41bf5e?s=96&d=mm&r=g\",\"width\":96,\"height\":96,\"caption\":\"El Digital de Asturias\"}},{\"@type\":\"WebPage\",\"@id\":\"https:\\\/\\\/www.eldigitaldeasturias.com\\\/noticias\\\/el-psoe-cree-que-durante-20-anos-en-el-pp-todo-era-gurtel-o-la-nada\\\/#webpage\",\"url\":\"https:\\\/\\\/www.eldigitaldeasturias.com\\\/noticias\\\/el-psoe-cree-que-durante-20-anos-en-el-pp-todo-era-gurtel-o-la-nada\\\/\",\"name\":\"El PSOE cree que durante 20 a\\u00f1os en el PP \\u00abtodo era G\\u00fcrtel o la nada\\u00bb - El Digital de Asturias\",\"description\":\"Madrid, 6 feb (EFE).- El secretario de Organizaci\\u00f3n del PSOE, \\u00d3scar L\\u00f3pez, ha asegurado hoy que los socialistas no se van a callar a la hora de que se averig\\u00fce todo lo sucedido con el caso G\\u00fcrtel en el PP y ha subrayado que, \\\"durante 20 a\\u00f1os, en el Partido Popular todo era o G\\u00fcrtel\",\"inLanguage\":\"es-ES\",\"isPartOf\":{\"@id\":\"https:\\\/\\\/www.eldigitaldeasturias.com\\\/noticias\\\/#website\"},\"breadcrumb\":{\"@id\":\"https:\\\/\\\/www.eldigitaldeasturias.com\\\/noticias\\\/el-psoe-cree-que-durante-20-anos-en-el-pp-todo-era-gurtel-o-la-nada\\\/#breadcrumblist\"},\"author\":{\"@id\":\"https:\\\/\\\/www.eldigitaldeasturias.com\\\/noticias\\\/author\\\/admin\\\/#author\"},\"creator\":{\"@id\":\"https:\\\/\\\/www.eldigitaldeasturias.com\\\/noticias\\\/author\\\/admin\\\/#author\"},\"image\":{\"@type\":\"ImageObject\",\"url\":485837,\"@id\":\"https:\\\/\\\/www.eldigitaldeasturias.com\\\/noticias\\\/el-psoe-cree-que-durante-20-anos-en-el-pp-todo-era-gurtel-o-la-nada\\\/#mainImage\"},\"primaryImageOfPage\":{\"@id\":\"https:\\\/\\\/www.eldigitaldeasturias.com\\\/noticias\\\/el-psoe-cree-que-durante-20-anos-en-el-pp-todo-era-gurtel-o-la-nada\\\/#mainImage\"},\"datePublished\":\"2014-02-07T17:42:02+01:00\",\"dateModified\":\"2014-02-07T17:42:02+01:00\"},{\"@type\":\"WebSite\",\"@id\":\"https:\\\/\\\/www.eldigitaldeasturias.com\\\/noticias\\\/#website\",\"url\":\"https:\\\/\\\/www.eldigitaldeasturias.com\\\/noticias\\\/\",\"name\":\"El Digital de Asturias - Diario de actualidad y noticias\",\"alternateName\":\"El Digital de Asturias - Diario de actualidad y noticias\",\"description\":\"Hemeroteca\",\"inLanguage\":\"es-ES\",\"publisher\":{\"@id\":\"https:\\\/\\\/www.eldigitaldeasturias.com\\\/noticias\\\/#organization\"}}]}\n\t\t<\/script>\n\t\t<!-- All in One SEO Pro -->\r\n\t\t<title>El PSOE cree que durante 20 a\u00f1os en el PP \u00abtodo era G\u00fcrtel o la nada\u00bb - El Digital de Asturias<\/title>\n\n","aioseo_head_json":{"title":"El PSOE cree que durante 20 a\u00f1os en el PP \u00abtodo era G\u00fcrtel o la nada\u00bb - El Digital de Asturias","description":"Madrid, 6 feb (EFE).- El secretario de Organizaci\u00f3n del PSOE, \u00d3scar L\u00f3pez, ha asegurado hoy que los socialistas no se van a callar a la hora de que se averig\u00fce todo lo sucedido con el caso G\u00fcrtel en el PP y ha subrayado que, \"durante 20 a\u00f1os, en el Partido Popular todo era o G\u00fcrtel","canonical_url":"https:\/\/www.eldigitaldeasturias.com\/noticias\/el-psoe-cree-que-durante-20-anos-en-el-pp-todo-era-gurtel-o-la-nada\/","robots":"max-image-preview:large","keywords":"actualidad","webmasterTools":{"google-site-verification":"UA-38556648-1","msvalidate.01":"7dfe9f3f1b24437ab69f4f2559babe99","miscellaneous":""},"schema":{"@context":"https:\/\/schema.org","@graph":[{"@type":"BlogPosting","@id":"https:\/\/www.eldigitaldeasturias.com\/noticias\/el-psoe-cree-que-durante-20-anos-en-el-pp-todo-era-gurtel-o-la-nada\/#blogposting","name":"El PSOE cree que durante 20 a\u00f1os en el PP \u00abtodo era G\u00fcrtel o la nada\u00bb - El Digital de Asturias","headline":"El PSOE cree que durante 20 a\u00f1os en el PP \u00abtodo era G\u00fcrtel o la nada\u00bb","author":{"@id":"https:\/\/www.eldigitaldeasturias.com\/noticias\/author\/admin\/#author"},"publisher":{"@id":"https:\/\/www.eldigitaldeasturias.com\/noticias\/#organization"},"image":{"@type":"ImageObject","url":485837},"datePublished":"2014-02-07T17:42:02+01:00","dateModified":"2014-02-07T17:42:02+01:00","inLanguage":"es-ES","mainEntityOfPage":{"@id":"https:\/\/www.eldigitaldeasturias.com\/noticias\/el-psoe-cree-que-durante-20-anos-en-el-pp-todo-era-gurtel-o-la-nada\/#webpage"},"isPartOf":{"@id":"https:\/\/www.eldigitaldeasturias.com\/noticias\/el-psoe-cree-que-durante-20-anos-en-el-pp-todo-era-gurtel-o-la-nada\/#webpage"},"articleSection":"Actualidad"},{"@type":"BreadcrumbList","@id":"https:\/\/www.eldigitaldeasturias.com\/noticias\/el-psoe-cree-que-durante-20-anos-en-el-pp-todo-era-gurtel-o-la-nada\/#breadcrumblist","itemListElement":[{"@type":"ListItem","@id":"https:\/\/www.eldigitaldeasturias.com\/noticias#listItem","position":1,"name":"Home","item":"https:\/\/www.eldigitaldeasturias.com\/noticias","nextItem":{"@type":"ListItem","@id":"https:\/\/www.eldigitaldeasturias.com\/noticias\/category\/actualidad\/#listItem","name":"Actualidad"}},{"@type":"ListItem","@id":"https:\/\/www.eldigitaldeasturias.com\/noticias\/category\/actualidad\/#listItem","position":2,"name":"Actualidad","item":"https:\/\/www.eldigitaldeasturias.com\/noticias\/category\/actualidad\/","nextItem":{"@type":"ListItem","@id":"https:\/\/www.eldigitaldeasturias.com\/noticias\/el-psoe-cree-que-durante-20-anos-en-el-pp-todo-era-gurtel-o-la-nada\/#listItem","name":"El PSOE cree que durante 20 a\u00f1os en el PP \u00abtodo era G\u00fcrtel o la nada\u00bb"},"previousItem":{"@type":"ListItem","@id":"https:\/\/www.eldigitaldeasturias.com\/noticias#listItem","name":"Home"}},{"@type":"ListItem","@id":"https:\/\/www.eldigitaldeasturias.com\/noticias\/el-psoe-cree-que-durante-20-anos-en-el-pp-todo-era-gurtel-o-la-nada\/#listItem","position":3,"name":"El PSOE cree que durante 20 a\u00f1os en el PP \u00abtodo era G\u00fcrtel o la nada\u00bb","previousItem":{"@type":"ListItem","@id":"https:\/\/www.eldigitaldeasturias.com\/noticias\/category\/actualidad\/#listItem","name":"Actualidad"}}]},{"@type":"Organization","@id":"https:\/\/www.eldigitaldeasturias.com\/noticias\/#organization","name":"El Digital de Asturias","description":"Hemeroteca","url":"https:\/\/www.eldigitaldeasturias.com\/noticias\/","email":"info@eldigitaldeasturias.com","telephone":"+34652131393","logo":{"@type":"ImageObject","url":"https:\/\/www.eldigitaldeasturias.com\/noticias\/wp-content\/uploads\/2020\/12\/EDA.jpg","@id":"https:\/\/www.eldigitaldeasturias.com\/noticias\/el-psoe-cree-que-durante-20-anos-en-el-pp-todo-era-gurtel-o-la-nada\/#organizationLogo"},"image":{"@id":"https:\/\/www.eldigitaldeasturias.com\/noticias\/el-psoe-cree-que-durante-20-anos-en-el-pp-todo-era-gurtel-o-la-nada\/#organizationLogo"},"sameAs":["https:\/\/facebook.com\/eldigitaldeasturias","https:\/\/www.youtube.com\/channel\/UCZP-2wLEB9Rv6erhFmqVnvg"],"address":{"@id":"https:\/\/www.eldigitaldeasturias.com\/noticias\/#postaladdress","@type":"PostalAddress","streetAddress":"san antonio 4","postalCode":"33430","addressLocality":"Cand\u00e1s","addressRegion":"Asturias","addressCountry":"ES"}},{"@type":"Person","@id":"https:\/\/www.eldigitaldeasturias.com\/noticias\/author\/admin\/#author","url":"https:\/\/www.eldigitaldeasturias.com\/noticias\/author\/admin\/","name":"El Digital de Asturias","image":{"@type":"ImageObject","@id":"https:\/\/www.eldigitaldeasturias.com\/noticias\/el-psoe-cree-que-durante-20-anos-en-el-pp-todo-era-gurtel-o-la-nada\/#authorImage","url":"https:\/\/secure.gravatar.com\/avatar\/df2aeffc32bcd13f8d26072ef8a91b623d677766deac7f97ca815868cd41bf5e?s=96&d=mm&r=g","width":96,"height":96,"caption":"El Digital de Asturias"}},{"@type":"WebPage","@id":"https:\/\/www.eldigitaldeasturias.com\/noticias\/el-psoe-cree-que-durante-20-anos-en-el-pp-todo-era-gurtel-o-la-nada\/#webpage","url":"https:\/\/www.eldigitaldeasturias.com\/noticias\/el-psoe-cree-que-durante-20-anos-en-el-pp-todo-era-gurtel-o-la-nada\/","name":"El PSOE cree que durante 20 a\u00f1os en el PP \u00abtodo era G\u00fcrtel o la nada\u00bb - El Digital de Asturias","description":"Madrid, 6 feb (EFE).- El secretario de Organizaci\u00f3n del PSOE, \u00d3scar L\u00f3pez, ha asegurado hoy que los socialistas no se van a callar a la hora de que se averig\u00fce todo lo sucedido con el caso G\u00fcrtel en el PP y ha subrayado que, \"durante 20 a\u00f1os, en el Partido Popular todo era o G\u00fcrtel","inLanguage":"es-ES","isPartOf":{"@id":"https:\/\/www.eldigitaldeasturias.com\/noticias\/#website"},"breadcrumb":{"@id":"https:\/\/www.eldigitaldeasturias.com\/noticias\/el-psoe-cree-que-durante-20-anos-en-el-pp-todo-era-gurtel-o-la-nada\/#breadcrumblist"},"author":{"@id":"https:\/\/www.eldigitaldeasturias.com\/noticias\/author\/admin\/#author"},"creator":{"@id":"https:\/\/www.eldigitaldeasturias.com\/noticias\/author\/admin\/#author"},"image":{"@type":"ImageObject","url":485837,"@id":"https:\/\/www.eldigitaldeasturias.com\/noticias\/el-psoe-cree-que-durante-20-anos-en-el-pp-todo-era-gurtel-o-la-nada\/#mainImage"},"primaryImageOfPage":{"@id":"https:\/\/www.eldigitaldeasturias.com\/noticias\/el-psoe-cree-que-durante-20-anos-en-el-pp-todo-era-gurtel-o-la-nada\/#mainImage"},"datePublished":"2014-02-07T17:42:02+01:00","dateModified":"2014-02-07T17:42:02+01:00"},{"@type":"WebSite","@id":"https:\/\/www.eldigitaldeasturias.com\/noticias\/#website","url":"https:\/\/www.eldigitaldeasturias.com\/noticias\/","name":"El Digital de Asturias - Diario de actualidad y noticias","alternateName":"El Digital de Asturias - Diario de actualidad y noticias","description":"Hemeroteca","inLanguage":"es-ES","publisher":{"@id":"https:\/\/www.eldigitaldeasturias.com\/noticias\/#organization"}}]},"og:locale":"es_ES","og:site_name":"El Digital de Asturias","og:type":"article","og:title":"El PSOE cree que durante 20 a\u00f1os en el PP \u00abtodo era G\u00fcrtel o la nada\u00bb - El Digital de Asturias","og:description":"Madrid, 6 feb (EFE).- El secretario de Organizaci\u00f3n del PSOE, \u00d3scar L\u00f3pez, ha asegurado hoy que los socialistas no se van a callar a la hora de que se averig\u00fce todo lo sucedido con el caso G\u00fcrtel en el PP y ha subrayado que, &quot;durante 20 a\u00f1os, en el Partido Popular todo era o G\u00fcrtel","og:url":"https:\/\/www.eldigitaldeasturias.com\/noticias\/el-psoe-cree-que-durante-20-anos-en-el-pp-todo-era-gurtel-o-la-nada\/","article:tag":["actualidad"],"article:published_time":"2014-02-07T18:42:02+00:00","article:modified_time":"2014-02-07T18:42:02+00:00","article:publisher":"https:\/\/facebook.com\/eldigitaldeasturias","twitter:card":"summary_large_image","twitter:title":"El PSOE cree que durante 20 a\u00f1os en el PP \u00abtodo era G\u00fcrtel o la nada\u00bb - El Digital de Asturias","twitter:description":"Madrid, 6 feb (EFE).- El secretario de Organizaci\u00f3n del PSOE, \u00d3scar L\u00f3pez, ha asegurado hoy que los socialistas no se van a callar a la hora de que se averig\u00fce todo lo sucedido con el caso G\u00fcrtel en el PP y ha subrayado que, &quot;durante 20 a\u00f1os, en el Partido Popular todo era o G\u00fcrtel","twitter:label1":"Escrito por","twitter:data1":"El Digital de Asturias","twitter:label2":"Tiempo de lectura estimado","twitter:data2":"3 minutos"},"aioseo_meta_data":{"post_id":"485836","title":null,"description":null,"keywords":null,"keyphrases":null,"primary_term":null,"canonical_url":null,"og_title":null,"og_description":null,"og_object_type":"default","og_image_type":"default","og_image_url":null,"og_image_width":null,"og_image_height":null,"og_image_custom_url":null,"og_image_custom_fields":null,"og_video":null,"og_custom_url":null,"og_article_section":null,"og_article_tags":null,"twitter_use_og":true,"twitter_card":"default","twitter_image_type":"default","twitter_image_url":null,"twitter_image_custom_url":null,"twitter_image_custom_fields":null,"twitter_title":null,"twitter_description":null,"schema":{"blockGraphs":[],"customGraphs":[],"default":{"data":{"Article":[],"Course":[],"Dataset":[],"FAQPage":[],"Movie":[],"Person":[],"Product":[],"ProductReview":[],"Car":[],"Recipe":[],"Service":[],"SoftwareApplication":[],"WebPage":[]},"graphName":"","isEnabled":true},"graphs":[],"defaultGraph":"","defaultPostTypeGraph":""},"schema_type":null,"schema_type_options":null,"pillar_content":false,"robots_default":true,"robots_noindex":false,"robots_noarchive":false,"robots_nosnippet":false,"robots_nofollow":false,"robots_noimageindex":false,"robots_noodp":false,"robots_notranslate":false,"robots_max_snippet":null,"robots_max_videopreview":null,"robots_max_imagepreview":"none","priority":null,"frequency":null,"local_seo":null,"seo_analyzer_scan_date":"2026-06-02 22:12:50","breadcrumb_settings":null,"limit_modified_date":false,"open_ai":null,"ai":null,"created":"2020-11-14 22:55:26","updated":"2026-06-02 22:12:50","focus_keyword":null,"additional_keywords":null,"truseo_locale":null},"aioseo_breadcrumb":"<div class=\"aioseo-breadcrumbs\"><span class=\"aioseo-breadcrumb\">\n\t<a href=\"https:\/\/www.eldigitaldeasturias.com\/noticias\" title=\"Home\">Home<\/a>\n<\/span><span class=\"aioseo-breadcrumb-separator\">\u2013<\/span><span class=\"aioseo-breadcrumb\">\n\t<a href=\"https:\/\/www.eldigitaldeasturias.com\/noticias\/category\/actualidad\/\" title=\"Actualidad\">Actualidad<\/a>\n<\/span><span class=\"aioseo-breadcrumb-separator\">\u2013<\/span><span class=\"aioseo-breadcrumb\">\n\t<a href=\"https:\/\/www.eldigitaldeasturias.com\/noticias\/el-psoe-cree-que-durante-20-anos-en-el-pp-todo-era-gurtel-o-la-nada\/\" title=\"El PSOE cree que durante 20 a\u00f1os en el PP \u00abtodo era G\u00fcrtel o la nada\u00bb\">El PSOE cree que durante 20 a\u00f1os en el PP \u00abtodo era G\u00fcrtel o la nada\u00bb<\/a>\n<\/span><\/div>","aioseo_breadcrumb_json":[{"label":"Home","link":"https:\/\/www.eldigitaldeasturias.com\/noticias"},{"label":"Actualidad","link":"https:\/\/www.eldigitaldeasturias.com\/noticias\/category\/actualidad\/"},{"label":"El PSOE cree que durante 20 a\u00f1os en el PP \u00abtodo era G\u00fcrtel o la nada\u00bb","link":"https:\/\/www.eldigitaldeasturias.com\/noticias\/el-psoe-cree-que-durante-20-anos-en-el-pp-todo-era-gurtel-o-la-nada\/"}],"_links":{"self":[{"href":"https:\/\/www.eldigitaldeasturias.com\/noticias\/wp-json\/wp\/v2\/posts\/485836","targetHints":{"allow":["GET"]}}],"collection":[{"href":"https:\/\/www.eldigitaldeasturias.com\/noticias\/wp-json\/wp\/v2\/posts"}],"about":[{"href":"https:\/\/www.eldigitaldeasturias.com\/noticias\/wp-json\/wp\/v2\/types\/post"}],"author":[{"embeddable":true,"href":"https:\/\/www.eldigitaldeasturias.com\/noticias\/wp-json\/wp\/v2\/users\/1"}],"replies":[{"embeddable":true,"href":"https:\/\/www.eldigitaldeasturias.com\/noticias\/wp-json\/wp\/v2\/comments?post=485836"}],"version-history":[{"count":0,"href":"https:\/\/www.eldigitaldeasturias.com\/noticias\/wp-json\/wp\/v2\/posts\/485836\/revisions"}],"wp:attachment":[{"href":"https:\/\/www.eldigitaldeasturias.com\/noticias\/wp-json\/wp\/v2\/media?parent=485836"}],"wp:term":[{"taxonomy":"category","embeddable":true,"href":"https:\/\/www.eldigitaldeasturias.com\/noticias\/wp-json\/wp\/v2\/categories?post=485836"},{"taxonomy":"post_tag","embeddable":true,"href":"https:\/\/www.eldigitaldeasturias.com\/noticias\/wp-json\/wp\/v2\/tags?post=485836"}],"curies":[{"name":"wp","href":"https:\/\/api.w.org\/{rel}","templated":true}]}}