{"id":485824,"date":"2014-02-07T17:36:54","date_gmt":"2014-02-07T18:36:54","guid":{"rendered":"http:\/\/www.eldigitaldeasturias.com\/noticias\/?p=485824"},"modified":"2014-02-07T17:36:54","modified_gmt":"2014-02-07T18:36:54","slug":"funes-dice-las-autoridades-no-tienen-ni-idea-del-paradero-del-expresidente-flores","status":"publish","type":"post","link":"https:\/\/www.eldigitaldeasturias.com\/noticias\/funes-dice-las-autoridades-no-tienen-ni-idea-del-paradero-del-expresidente-flores\/","title":{"rendered":"Funes dice las autoridades no tienen \u00abni idea\u00bb del paradero del expresidente Flores"},"content":{"rendered":"<p><img loading=\"lazy\" decoding=\"async\" class=\"alignleft size-medium wp-image-485825\" alt=\"5918695w\" src=\"https:\/\/www.eldigitaldeasturias.com\/noticias\/wp-content\/uploads\/2014\/02\/5918695w-360x239.jpg\" width=\"360\" height=\"239\" \/>San Salvador, 6 feb (EFE).- El presidente salvadore\u00f1o, Mauricio Funes, asegur\u00f3 hoy que las autoridades no tienen \u00abni idea\u00bb del paradero del exgobernante Francisco Flores, investigado por la supuesta desviaci\u00f3n de donaciones millonarias de Taiw\u00e1n.<\/p>\n<p>\u00abNadie sabe d\u00f3nde est\u00e1 (Flores); no tenemos ni idea de d\u00f3nde est\u00e1, no sabemos si est\u00e1 en el pa\u00eds o no\u00bb, declar\u00f3 Funes a los periodistas despu\u00e9s de un acto oficial.<\/p>\n<p>Flores gobern\u00f3 en el per\u00edodo 1999-2004 por la derechista Alianza Republicana Nacionalista (ARENA), hoy en la oposici\u00f3n, y es buscado desde hace una semana por la Polic\u00eda para que comparezca ante una comisi\u00f3n investigadora de la Asamblea Legislativa salvadore\u00f1a.<\/p>\n<p>Funes explic\u00f3 que se ha buscado infructuosamente a Flores en su casa, otras propiedades suyas y sitios donde suele estar.<\/p>\n<p>\u00abAsumimos que est\u00e1 en el pa\u00eds porque no tenemos registro de salida del presidente Flores por ninguna de las fronteras legales, pero como hay muchas fronteras ilegales, muchos puntos ciegos , no sabemos si ha utilizado uno de estos para salir\u00bb, apunt\u00f3 el gobernante salvadore\u00f1o.<\/p>\n<p>La comisi\u00f3n investiga a Flores por el destino de unas donaciones de Taiw\u00e1n por valor de 10 millones de d\u00f3lares que \u00e9l recibi\u00f3 entre 2003 y 2004, seg\u00fan reiteradas denuncias de Funes.<\/p>\n<p>Tras dos comparecencias ante la comisi\u00f3n, el 7 y el 28 de enero, Flores no acudi\u00f3 a una nueva cita el d\u00eda 30 del mes pasado, por lo que los diputados pidieron a la Polic\u00eda ese d\u00eda que lo obligara a ir a declarar, aunque aclararon que no significa que vaya a ser detenido.<\/p>\n<p>La Fiscal\u00eda General salvadore\u00f1a, que tambi\u00e9n investiga el caso de las donaciones de Taiw\u00e1n, ha bloqueado las cuentas bancarias y bienes inmuebles del expresidente como medida cautelar.<\/p>\n<p>El presidente de ARENA, Jorge Velado, ha calificado de \u00abterrorismo de Estado\u00bb la b\u00fasqueda policial de Flores.<\/p>\n<p>Las denuncias de Funes sobre Flores y otras acusaciones que ha hecho a las administraciones de ARENA, que gobern\u00f3 20 a\u00f1os consecutivos (1989-2009), marcaron en gran medida la campa\u00f1a para las elecciones presidenciales del pasado domingo.<\/p>\n<p>A ra\u00edz de ello, dirigentes de ARENA calificaron a Funes de \u00abactivista\u00bb del gobernante Frente Farabundo Mart\u00ed para la Liberaci\u00f3n Nacional (FMLN), lo que el mandatario rechaz\u00f3.<\/p>\n<p>Salvador S\u00e1nchez Cer\u00e9n, candidato del FMLN, gan\u00f3 en primera vuelta los comicios del domingo y se enfrentar\u00e1 el 9 de marzo en la segunda ronda a Norman Quijano, de ARENA.<\/p>\n","protected":false},"excerpt":{"rendered":"<p>San Salvador, 6 feb (EFE).- El presidente salvadore\u00f1o, Mauricio Funes, asegur\u00f3 hoy que las autoridades no tienen \u00abni idea\u00bb del paradero del exgobernante Francisco Flores, investigado por la supuesta desviaci\u00f3n de donaciones millonarias de Taiw\u00e1n. \u00abNadie sabe d\u00f3nde est\u00e1 (Flores); no tenemos ni idea de d\u00f3nde est\u00e1, no sabemos si est\u00e1 en el pa\u00eds o [&hellip;]<\/p>\n","protected":false},"author":1,"featured_media":485825,"comment_status":"closed","ping_status":"open","sticky":false,"template":"","format":"standard","meta":{"footnotes":""},"categories":[1],"tags":[],"class_list":["post-485824","post","type-post","status-publish","format-standard","has-post-thumbnail","hentry","category-actualidad"],"aioseo_notices":[],"aioseo_head":"\n\t\t<!-- All in One SEO Pro 5.0.1 - aioseo.com -->\n\t<meta name=\"description\" content=\"San Salvador, 6 feb (EFE).- El presidente salvadore\u00f1o, Mauricio Funes, asegur\u00f3 hoy que las autoridades no tienen &quot;ni idea&quot; del paradero del exgobernante Francisco Flores, investigado por la supuesta desviaci\u00f3n de donaciones millonarias de Taiw\u00e1n. &quot;Nadie sabe d\u00f3nde est\u00e1 (Flores); no tenemos ni idea de d\u00f3nde est\u00e1, no sabemos si est\u00e1 en el pa\u00eds o\" \/>\n\t<meta name=\"robots\" content=\"max-image-preview:large\" \/>\n\t<meta name=\"author\" content=\"El Digital de Asturias\"\/>\n\t<meta name=\"google-site-verification\" content=\"UA-38556648-1\" \/>\n\t<meta name=\"msvalidate.01\" content=\"7dfe9f3f1b24437ab69f4f2559babe99\" \/>\n\t<meta name=\"keywords\" content=\"actualidad\" \/>\n\t<link rel=\"canonical\" href=\"https:\/\/www.eldigitaldeasturias.com\/noticias\/funes-dice-las-autoridades-no-tienen-ni-idea-del-paradero-del-expresidente-flores\/\" \/>\n\t<meta name=\"generator\" content=\"All in One SEO Pro (AIOSEO) 5.0.1\" \/>\n\t\t<meta property=\"og:locale\" content=\"es_ES\" \/>\n\t\t<meta property=\"og:site_name\" content=\"El Digital de Asturias\" \/>\n\t\t<meta property=\"og:type\" content=\"article\" \/>\n\t\t<meta property=\"og:title\" content=\"Funes dice las autoridades no tienen \u00abni idea\u00bb del paradero del expresidente Flores - El Digital de Asturias\" \/>\n\t\t<meta property=\"og:description\" content=\"San Salvador, 6 feb (EFE).- El presidente salvadore\u00f1o, Mauricio Funes, asegur\u00f3 hoy que las autoridades no tienen &quot;ni idea&quot; del paradero del exgobernante Francisco Flores, investigado por la supuesta desviaci\u00f3n de donaciones millonarias de Taiw\u00e1n. &quot;Nadie sabe d\u00f3nde est\u00e1 (Flores); no tenemos ni idea de d\u00f3nde est\u00e1, no sabemos si est\u00e1 en el pa\u00eds o\" \/>\n\t\t<meta property=\"og:url\" content=\"https:\/\/www.eldigitaldeasturias.com\/noticias\/funes-dice-las-autoridades-no-tienen-ni-idea-del-paradero-del-expresidente-flores\/\" \/>\n\t\t<meta property=\"article:tag\" content=\"actualidad\" \/>\n\t\t<meta property=\"article:published_time\" content=\"2014-02-07T18:36:54+00:00\" \/>\n\t\t<meta property=\"article:modified_time\" content=\"2014-02-07T18:36:54+00:00\" \/>\n\t\t<meta property=\"article:publisher\" content=\"https:\/\/facebook.com\/eldigitaldeasturias\" \/>\n\t\t<meta name=\"twitter:card\" content=\"summary_large_image\" \/>\n\t\t<meta name=\"twitter:title\" content=\"Funes dice las autoridades no tienen \u00abni idea\u00bb del paradero del expresidente Flores - El Digital de Asturias\" \/>\n\t\t<meta name=\"twitter:description\" content=\"San Salvador, 6 feb (EFE).- El presidente salvadore\u00f1o, Mauricio Funes, asegur\u00f3 hoy que las autoridades no tienen &quot;ni idea&quot; del paradero del exgobernante Francisco Flores, investigado por la supuesta desviaci\u00f3n de donaciones millonarias de Taiw\u00e1n. &quot;Nadie sabe d\u00f3nde est\u00e1 (Flores); no tenemos ni idea de d\u00f3nde est\u00e1, no sabemos si est\u00e1 en el pa\u00eds o\" \/>\n\t\t<meta name=\"twitter:label1\" content=\"Escrito por\" \/>\n\t\t<meta name=\"twitter:data1\" content=\"El Digital de Asturias\" \/>\n\t\t<meta name=\"twitter:label2\" content=\"Tiempo de lectura estimado\" \/>\n\t\t<meta name=\"twitter:data2\" content=\"2 minutos\" \/>\n\t\t<script type=\"application\/ld+json\" class=\"aioseo-schema\">\n\t\t\t{\"@context\":\"https:\\\/\\\/schema.org\",\"@graph\":[{\"@type\":\"BlogPosting\",\"@id\":\"https:\\\/\\\/www.eldigitaldeasturias.com\\\/noticias\\\/funes-dice-las-autoridades-no-tienen-ni-idea-del-paradero-del-expresidente-flores\\\/#blogposting\",\"name\":\"Funes dice las autoridades no tienen \\u00abni idea\\u00bb del paradero del expresidente Flores - El Digital de Asturias\",\"headline\":\"Funes dice las autoridades no tienen \\u00abni idea\\u00bb del paradero del expresidente Flores\",\"author\":{\"@id\":\"https:\\\/\\\/www.eldigitaldeasturias.com\\\/noticias\\\/author\\\/admin\\\/#author\"},\"publisher\":{\"@id\":\"https:\\\/\\\/www.eldigitaldeasturias.com\\\/noticias\\\/#organization\"},\"image\":{\"@type\":\"ImageObject\",\"url\":485825},\"datePublished\":\"2014-02-07T17:36:54+01:00\",\"dateModified\":\"2014-02-07T17:36:54+01:00\",\"inLanguage\":\"es-ES\",\"mainEntityOfPage\":{\"@id\":\"https:\\\/\\\/www.eldigitaldeasturias.com\\\/noticias\\\/funes-dice-las-autoridades-no-tienen-ni-idea-del-paradero-del-expresidente-flores\\\/#webpage\"},\"isPartOf\":{\"@id\":\"https:\\\/\\\/www.eldigitaldeasturias.com\\\/noticias\\\/funes-dice-las-autoridades-no-tienen-ni-idea-del-paradero-del-expresidente-flores\\\/#webpage\"},\"articleSection\":\"Actualidad\"},{\"@type\":\"BreadcrumbList\",\"@id\":\"https:\\\/\\\/www.eldigitaldeasturias.com\\\/noticias\\\/funes-dice-las-autoridades-no-tienen-ni-idea-del-paradero-del-expresidente-flores\\\/#breadcrumblist\",\"itemListElement\":[{\"@type\":\"ListItem\",\"@id\":\"https:\\\/\\\/www.eldigitaldeasturias.com\\\/noticias#listItem\",\"position\":1,\"name\":\"Home\",\"item\":\"https:\\\/\\\/www.eldigitaldeasturias.com\\\/noticias\",\"nextItem\":{\"@type\":\"ListItem\",\"@id\":\"https:\\\/\\\/www.eldigitaldeasturias.com\\\/noticias\\\/category\\\/actualidad\\\/#listItem\",\"name\":\"Actualidad\"}},{\"@type\":\"ListItem\",\"@id\":\"https:\\\/\\\/www.eldigitaldeasturias.com\\\/noticias\\\/category\\\/actualidad\\\/#listItem\",\"position\":2,\"name\":\"Actualidad\",\"item\":\"https:\\\/\\\/www.eldigitaldeasturias.com\\\/noticias\\\/category\\\/actualidad\\\/\",\"nextItem\":{\"@type\":\"ListItem\",\"@id\":\"https:\\\/\\\/www.eldigitaldeasturias.com\\\/noticias\\\/funes-dice-las-autoridades-no-tienen-ni-idea-del-paradero-del-expresidente-flores\\\/#listItem\",\"name\":\"Funes dice las autoridades no tienen \\u00abni idea\\u00bb del paradero del expresidente Flores\"},\"previousItem\":{\"@type\":\"ListItem\",\"@id\":\"https:\\\/\\\/www.eldigitaldeasturias.com\\\/noticias#listItem\",\"name\":\"Home\"}},{\"@type\":\"ListItem\",\"@id\":\"https:\\\/\\\/www.eldigitaldeasturias.com\\\/noticias\\\/funes-dice-las-autoridades-no-tienen-ni-idea-del-paradero-del-expresidente-flores\\\/#listItem\",\"position\":3,\"name\":\"Funes dice las autoridades no tienen \\u00abni idea\\u00bb del paradero del expresidente Flores\",\"previousItem\":{\"@type\":\"ListItem\",\"@id\":\"https:\\\/\\\/www.eldigitaldeasturias.com\\\/noticias\\\/category\\\/actualidad\\\/#listItem\",\"name\":\"Actualidad\"}}]},{\"@type\":\"Organization\",\"@id\":\"https:\\\/\\\/www.eldigitaldeasturias.com\\\/noticias\\\/#organization\",\"name\":\"El Digital de Asturias\",\"description\":\"Hemeroteca\",\"url\":\"https:\\\/\\\/www.eldigitaldeasturias.com\\\/noticias\\\/\",\"email\":\"info@eldigitaldeasturias.com\",\"telephone\":\"+34652131393\",\"logo\":{\"@type\":\"ImageObject\",\"url\":\"https:\\\/\\\/www.eldigitaldeasturias.com\\\/noticias\\\/wp-content\\\/uploads\\\/2020\\\/12\\\/EDA.jpg\",\"@id\":\"https:\\\/\\\/www.eldigitaldeasturias.com\\\/noticias\\\/funes-dice-las-autoridades-no-tienen-ni-idea-del-paradero-del-expresidente-flores\\\/#organizationLogo\"},\"image\":{\"@id\":\"https:\\\/\\\/www.eldigitaldeasturias.com\\\/noticias\\\/funes-dice-las-autoridades-no-tienen-ni-idea-del-paradero-del-expresidente-flores\\\/#organizationLogo\"},\"sameAs\":[\"https:\\\/\\\/facebook.com\\\/eldigitaldeasturias\",\"https:\\\/\\\/www.youtube.com\\\/channel\\\/UCZP-2wLEB9Rv6erhFmqVnvg\"],\"address\":{\"@id\":\"https:\\\/\\\/www.eldigitaldeasturias.com\\\/noticias\\\/#postaladdress\",\"@type\":\"PostalAddress\",\"streetAddress\":\"san antonio 4\",\"postalCode\":\"33430\",\"addressLocality\":\"Cand\\u00e1s\",\"addressRegion\":\"Asturias\",\"addressCountry\":\"ES\"}},{\"@type\":\"Person\",\"@id\":\"https:\\\/\\\/www.eldigitaldeasturias.com\\\/noticias\\\/author\\\/admin\\\/#author\",\"url\":\"https:\\\/\\\/www.eldigitaldeasturias.com\\\/noticias\\\/author\\\/admin\\\/\",\"name\":\"El Digital de Asturias\",\"image\":{\"@type\":\"ImageObject\",\"@id\":\"https:\\\/\\\/www.eldigitaldeasturias.com\\\/noticias\\\/funes-dice-las-autoridades-no-tienen-ni-idea-del-paradero-del-expresidente-flores\\\/#authorImage\",\"url\":\"https:\\\/\\\/secure.gravatar.com\\\/avatar\\\/df2aeffc32bcd13f8d26072ef8a91b623d677766deac7f97ca815868cd41bf5e?s=96&d=mm&r=g\",\"width\":96,\"height\":96,\"caption\":\"El Digital de Asturias\"}},{\"@type\":\"WebPage\",\"@id\":\"https:\\\/\\\/www.eldigitaldeasturias.com\\\/noticias\\\/funes-dice-las-autoridades-no-tienen-ni-idea-del-paradero-del-expresidente-flores\\\/#webpage\",\"url\":\"https:\\\/\\\/www.eldigitaldeasturias.com\\\/noticias\\\/funes-dice-las-autoridades-no-tienen-ni-idea-del-paradero-del-expresidente-flores\\\/\",\"name\":\"Funes dice las autoridades no tienen \\u00abni idea\\u00bb del paradero del expresidente Flores - El Digital de Asturias\",\"description\":\"San Salvador, 6 feb (EFE).- El presidente salvadore\\u00f1o, Mauricio Funes, asegur\\u00f3 hoy que las autoridades no tienen \\\"ni idea\\\" del paradero del exgobernante Francisco Flores, investigado por la supuesta desviaci\\u00f3n de donaciones millonarias de Taiw\\u00e1n. \\\"Nadie sabe d\\u00f3nde est\\u00e1 (Flores); no tenemos ni idea de d\\u00f3nde est\\u00e1, no sabemos si est\\u00e1 en el pa\\u00eds o\",\"inLanguage\":\"es-ES\",\"isPartOf\":{\"@id\":\"https:\\\/\\\/www.eldigitaldeasturias.com\\\/noticias\\\/#website\"},\"breadcrumb\":{\"@id\":\"https:\\\/\\\/www.eldigitaldeasturias.com\\\/noticias\\\/funes-dice-las-autoridades-no-tienen-ni-idea-del-paradero-del-expresidente-flores\\\/#breadcrumblist\"},\"author\":{\"@id\":\"https:\\\/\\\/www.eldigitaldeasturias.com\\\/noticias\\\/author\\\/admin\\\/#author\"},\"creator\":{\"@id\":\"https:\\\/\\\/www.eldigitaldeasturias.com\\\/noticias\\\/author\\\/admin\\\/#author\"},\"image\":{\"@type\":\"ImageObject\",\"url\":485825,\"@id\":\"https:\\\/\\\/www.eldigitaldeasturias.com\\\/noticias\\\/funes-dice-las-autoridades-no-tienen-ni-idea-del-paradero-del-expresidente-flores\\\/#mainImage\"},\"primaryImageOfPage\":{\"@id\":\"https:\\\/\\\/www.eldigitaldeasturias.com\\\/noticias\\\/funes-dice-las-autoridades-no-tienen-ni-idea-del-paradero-del-expresidente-flores\\\/#mainImage\"},\"datePublished\":\"2014-02-07T17:36:54+01:00\",\"dateModified\":\"2014-02-07T17:36:54+01:00\"},{\"@type\":\"WebSite\",\"@id\":\"https:\\\/\\\/www.eldigitaldeasturias.com\\\/noticias\\\/#website\",\"url\":\"https:\\\/\\\/www.eldigitaldeasturias.com\\\/noticias\\\/\",\"name\":\"El Digital de Asturias - Diario de actualidad y noticias\",\"alternateName\":\"El Digital de Asturias - Diario de actualidad y noticias\",\"description\":\"Hemeroteca\",\"inLanguage\":\"es-ES\",\"publisher\":{\"@id\":\"https:\\\/\\\/www.eldigitaldeasturias.com\\\/noticias\\\/#organization\"}}]}\n\t\t<\/script>\n\t\t<!-- All in One SEO Pro -->\r\n\t\t<title>Funes dice las autoridades no tienen \u00abni idea\u00bb del paradero del expresidente Flores - El Digital de Asturias<\/title>\n\n","aioseo_head_json":{"title":"Funes dice las autoridades no tienen \u00abni idea\u00bb del paradero del expresidente Flores - El Digital de Asturias","description":"San Salvador, 6 feb (EFE).- El presidente salvadore\u00f1o, Mauricio Funes, asegur\u00f3 hoy que las autoridades no tienen \"ni idea\" del paradero del exgobernante Francisco Flores, investigado por la supuesta desviaci\u00f3n de donaciones millonarias de Taiw\u00e1n. \"Nadie sabe d\u00f3nde est\u00e1 (Flores); no tenemos ni idea de d\u00f3nde est\u00e1, no sabemos si est\u00e1 en el pa\u00eds o","canonical_url":"https:\/\/www.eldigitaldeasturias.com\/noticias\/funes-dice-las-autoridades-no-tienen-ni-idea-del-paradero-del-expresidente-flores\/","robots":"max-image-preview:large","keywords":"actualidad","webmasterTools":{"google-site-verification":"UA-38556648-1","msvalidate.01":"7dfe9f3f1b24437ab69f4f2559babe99","miscellaneous":""},"schema":{"@context":"https:\/\/schema.org","@graph":[{"@type":"BlogPosting","@id":"https:\/\/www.eldigitaldeasturias.com\/noticias\/funes-dice-las-autoridades-no-tienen-ni-idea-del-paradero-del-expresidente-flores\/#blogposting","name":"Funes dice las autoridades no tienen \u00abni idea\u00bb del paradero del expresidente Flores - El Digital de Asturias","headline":"Funes dice las autoridades no tienen \u00abni idea\u00bb del paradero del expresidente Flores","author":{"@id":"https:\/\/www.eldigitaldeasturias.com\/noticias\/author\/admin\/#author"},"publisher":{"@id":"https:\/\/www.eldigitaldeasturias.com\/noticias\/#organization"},"image":{"@type":"ImageObject","url":485825},"datePublished":"2014-02-07T17:36:54+01:00","dateModified":"2014-02-07T17:36:54+01:00","inLanguage":"es-ES","mainEntityOfPage":{"@id":"https:\/\/www.eldigitaldeasturias.com\/noticias\/funes-dice-las-autoridades-no-tienen-ni-idea-del-paradero-del-expresidente-flores\/#webpage"},"isPartOf":{"@id":"https:\/\/www.eldigitaldeasturias.com\/noticias\/funes-dice-las-autoridades-no-tienen-ni-idea-del-paradero-del-expresidente-flores\/#webpage"},"articleSection":"Actualidad"},{"@type":"BreadcrumbList","@id":"https:\/\/www.eldigitaldeasturias.com\/noticias\/funes-dice-las-autoridades-no-tienen-ni-idea-del-paradero-del-expresidente-flores\/#breadcrumblist","itemListElement":[{"@type":"ListItem","@id":"https:\/\/www.eldigitaldeasturias.com\/noticias#listItem","position":1,"name":"Home","item":"https:\/\/www.eldigitaldeasturias.com\/noticias","nextItem":{"@type":"ListItem","@id":"https:\/\/www.eldigitaldeasturias.com\/noticias\/category\/actualidad\/#listItem","name":"Actualidad"}},{"@type":"ListItem","@id":"https:\/\/www.eldigitaldeasturias.com\/noticias\/category\/actualidad\/#listItem","position":2,"name":"Actualidad","item":"https:\/\/www.eldigitaldeasturias.com\/noticias\/category\/actualidad\/","nextItem":{"@type":"ListItem","@id":"https:\/\/www.eldigitaldeasturias.com\/noticias\/funes-dice-las-autoridades-no-tienen-ni-idea-del-paradero-del-expresidente-flores\/#listItem","name":"Funes dice las autoridades no tienen \u00abni idea\u00bb del paradero del expresidente Flores"},"previousItem":{"@type":"ListItem","@id":"https:\/\/www.eldigitaldeasturias.com\/noticias#listItem","name":"Home"}},{"@type":"ListItem","@id":"https:\/\/www.eldigitaldeasturias.com\/noticias\/funes-dice-las-autoridades-no-tienen-ni-idea-del-paradero-del-expresidente-flores\/#listItem","position":3,"name":"Funes dice las autoridades no tienen \u00abni idea\u00bb del paradero del expresidente Flores","previousItem":{"@type":"ListItem","@id":"https:\/\/www.eldigitaldeasturias.com\/noticias\/category\/actualidad\/#listItem","name":"Actualidad"}}]},{"@type":"Organization","@id":"https:\/\/www.eldigitaldeasturias.com\/noticias\/#organization","name":"El Digital de Asturias","description":"Hemeroteca","url":"https:\/\/www.eldigitaldeasturias.com\/noticias\/","email":"info@eldigitaldeasturias.com","telephone":"+34652131393","logo":{"@type":"ImageObject","url":"https:\/\/www.eldigitaldeasturias.com\/noticias\/wp-content\/uploads\/2020\/12\/EDA.jpg","@id":"https:\/\/www.eldigitaldeasturias.com\/noticias\/funes-dice-las-autoridades-no-tienen-ni-idea-del-paradero-del-expresidente-flores\/#organizationLogo"},"image":{"@id":"https:\/\/www.eldigitaldeasturias.com\/noticias\/funes-dice-las-autoridades-no-tienen-ni-idea-del-paradero-del-expresidente-flores\/#organizationLogo"},"sameAs":["https:\/\/facebook.com\/eldigitaldeasturias","https:\/\/www.youtube.com\/channel\/UCZP-2wLEB9Rv6erhFmqVnvg"],"address":{"@id":"https:\/\/www.eldigitaldeasturias.com\/noticias\/#postaladdress","@type":"PostalAddress","streetAddress":"san antonio 4","postalCode":"33430","addressLocality":"Cand\u00e1s","addressRegion":"Asturias","addressCountry":"ES"}},{"@type":"Person","@id":"https:\/\/www.eldigitaldeasturias.com\/noticias\/author\/admin\/#author","url":"https:\/\/www.eldigitaldeasturias.com\/noticias\/author\/admin\/","name":"El Digital de Asturias","image":{"@type":"ImageObject","@id":"https:\/\/www.eldigitaldeasturias.com\/noticias\/funes-dice-las-autoridades-no-tienen-ni-idea-del-paradero-del-expresidente-flores\/#authorImage","url":"https:\/\/secure.gravatar.com\/avatar\/df2aeffc32bcd13f8d26072ef8a91b623d677766deac7f97ca815868cd41bf5e?s=96&d=mm&r=g","width":96,"height":96,"caption":"El Digital de Asturias"}},{"@type":"WebPage","@id":"https:\/\/www.eldigitaldeasturias.com\/noticias\/funes-dice-las-autoridades-no-tienen-ni-idea-del-paradero-del-expresidente-flores\/#webpage","url":"https:\/\/www.eldigitaldeasturias.com\/noticias\/funes-dice-las-autoridades-no-tienen-ni-idea-del-paradero-del-expresidente-flores\/","name":"Funes dice las autoridades no tienen \u00abni idea\u00bb del paradero del expresidente Flores - El Digital de Asturias","description":"San Salvador, 6 feb (EFE).- El presidente salvadore\u00f1o, Mauricio Funes, asegur\u00f3 hoy que las autoridades no tienen \"ni idea\" del paradero del exgobernante Francisco Flores, investigado por la supuesta desviaci\u00f3n de donaciones millonarias de Taiw\u00e1n. \"Nadie sabe d\u00f3nde est\u00e1 (Flores); no tenemos ni idea de d\u00f3nde est\u00e1, no sabemos si est\u00e1 en el pa\u00eds o","inLanguage":"es-ES","isPartOf":{"@id":"https:\/\/www.eldigitaldeasturias.com\/noticias\/#website"},"breadcrumb":{"@id":"https:\/\/www.eldigitaldeasturias.com\/noticias\/funes-dice-las-autoridades-no-tienen-ni-idea-del-paradero-del-expresidente-flores\/#breadcrumblist"},"author":{"@id":"https:\/\/www.eldigitaldeasturias.com\/noticias\/author\/admin\/#author"},"creator":{"@id":"https:\/\/www.eldigitaldeasturias.com\/noticias\/author\/admin\/#author"},"image":{"@type":"ImageObject","url":485825,"@id":"https:\/\/www.eldigitaldeasturias.com\/noticias\/funes-dice-las-autoridades-no-tienen-ni-idea-del-paradero-del-expresidente-flores\/#mainImage"},"primaryImageOfPage":{"@id":"https:\/\/www.eldigitaldeasturias.com\/noticias\/funes-dice-las-autoridades-no-tienen-ni-idea-del-paradero-del-expresidente-flores\/#mainImage"},"datePublished":"2014-02-07T17:36:54+01:00","dateModified":"2014-02-07T17:36:54+01:00"},{"@type":"WebSite","@id":"https:\/\/www.eldigitaldeasturias.com\/noticias\/#website","url":"https:\/\/www.eldigitaldeasturias.com\/noticias\/","name":"El Digital de Asturias - Diario de actualidad y noticias","alternateName":"El Digital de Asturias - Diario de actualidad y noticias","description":"Hemeroteca","inLanguage":"es-ES","publisher":{"@id":"https:\/\/www.eldigitaldeasturias.com\/noticias\/#organization"}}]},"og:locale":"es_ES","og:site_name":"El Digital de Asturias","og:type":"article","og:title":"Funes dice las autoridades no tienen \u00abni idea\u00bb del paradero del expresidente Flores - El Digital de Asturias","og:description":"San Salvador, 6 feb (EFE).- El presidente salvadore\u00f1o, Mauricio Funes, asegur\u00f3 hoy que las autoridades no tienen &quot;ni idea&quot; del paradero del exgobernante Francisco Flores, investigado por la supuesta desviaci\u00f3n de donaciones millonarias de Taiw\u00e1n. &quot;Nadie sabe d\u00f3nde est\u00e1 (Flores); no tenemos ni idea de d\u00f3nde est\u00e1, no sabemos si est\u00e1 en el pa\u00eds o","og:url":"https:\/\/www.eldigitaldeasturias.com\/noticias\/funes-dice-las-autoridades-no-tienen-ni-idea-del-paradero-del-expresidente-flores\/","article:tag":["actualidad"],"article:published_time":"2014-02-07T18:36:54+00:00","article:modified_time":"2014-02-07T18:36:54+00:00","article:publisher":"https:\/\/facebook.com\/eldigitaldeasturias","twitter:card":"summary_large_image","twitter:title":"Funes dice las autoridades no tienen \u00abni idea\u00bb del paradero del expresidente Flores - El Digital de Asturias","twitter:description":"San Salvador, 6 feb (EFE).- El presidente salvadore\u00f1o, Mauricio Funes, asegur\u00f3 hoy que las autoridades no tienen &quot;ni idea&quot; del paradero del exgobernante Francisco Flores, investigado por la supuesta desviaci\u00f3n de donaciones millonarias de Taiw\u00e1n. &quot;Nadie sabe d\u00f3nde est\u00e1 (Flores); no tenemos ni idea de d\u00f3nde est\u00e1, no sabemos si est\u00e1 en el pa\u00eds o","twitter:label1":"Escrito por","twitter:data1":"El Digital de Asturias","twitter:label2":"Tiempo de lectura estimado","twitter:data2":"2 minutos"},"aioseo_meta_data":{"post_id":"485824","title":null,"description":null,"keywords":null,"keyphrases":null,"primary_term":null,"canonical_url":null,"og_title":null,"og_description":null,"og_object_type":"default","og_image_type":"default","og_image_url":null,"og_image_width":null,"og_image_height":null,"og_image_custom_url":null,"og_image_custom_fields":null,"og_video":null,"og_custom_url":null,"og_article_section":null,"og_article_tags":null,"twitter_use_og":true,"twitter_card":"default","twitter_image_type":"default","twitter_image_url":null,"twitter_image_custom_url":null,"twitter_image_custom_fields":null,"twitter_title":null,"twitter_description":null,"schema":{"blockGraphs":[],"customGraphs":[],"default":{"data":{"Article":[],"Course":[],"Dataset":[],"FAQPage":[],"Movie":[],"Person":[],"Product":[],"ProductReview":[],"Car":[],"Recipe":[],"Service":[],"SoftwareApplication":[],"WebPage":[]},"graphName":"","isEnabled":true},"graphs":[],"defaultGraph":"","defaultPostTypeGraph":""},"schema_type":null,"schema_type_options":null,"pillar_content":false,"robots_default":true,"robots_noindex":false,"robots_noarchive":false,"robots_nosnippet":false,"robots_nofollow":false,"robots_noimageindex":false,"robots_noodp":false,"robots_notranslate":false,"robots_max_snippet":null,"robots_max_videopreview":null,"robots_max_imagepreview":"none","priority":null,"frequency":null,"local_seo":null,"seo_analyzer_scan_date":"2026-06-02 22:09:53","breadcrumb_settings":null,"limit_modified_date":false,"open_ai":null,"ai":null,"created":"2020-11-14 22:55:26","updated":"2026-06-02 22:09:53","focus_keyword":null,"additional_keywords":null,"truseo_locale":null},"aioseo_breadcrumb":"<div class=\"aioseo-breadcrumbs\"><span class=\"aioseo-breadcrumb\">\n\t<a href=\"https:\/\/www.eldigitaldeasturias.com\/noticias\" title=\"Home\">Home<\/a>\n<\/span><span class=\"aioseo-breadcrumb-separator\">\u2013<\/span><span class=\"aioseo-breadcrumb\">\n\t<a href=\"https:\/\/www.eldigitaldeasturias.com\/noticias\/category\/actualidad\/\" title=\"Actualidad\">Actualidad<\/a>\n<\/span><span class=\"aioseo-breadcrumb-separator\">\u2013<\/span><span class=\"aioseo-breadcrumb\">\n\t<a href=\"https:\/\/www.eldigitaldeasturias.com\/noticias\/funes-dice-las-autoridades-no-tienen-ni-idea-del-paradero-del-expresidente-flores\/\" title=\"Funes dice las autoridades no tienen \u00abni idea\u00bb del paradero del expresidente Flores\">Funes dice las autoridades no tienen \u00abni idea\u00bb del paradero del expresidente Flores<\/a>\n<\/span><\/div>","aioseo_breadcrumb_json":[{"label":"Home","link":"https:\/\/www.eldigitaldeasturias.com\/noticias"},{"label":"Actualidad","link":"https:\/\/www.eldigitaldeasturias.com\/noticias\/category\/actualidad\/"},{"label":"Funes dice las autoridades no tienen \u00abni idea\u00bb del paradero del expresidente Flores","link":"https:\/\/www.eldigitaldeasturias.com\/noticias\/funes-dice-las-autoridades-no-tienen-ni-idea-del-paradero-del-expresidente-flores\/"}],"_links":{"self":[{"href":"https:\/\/www.eldigitaldeasturias.com\/noticias\/wp-json\/wp\/v2\/posts\/485824","targetHints":{"allow":["GET"]}}],"collection":[{"href":"https:\/\/www.eldigitaldeasturias.com\/noticias\/wp-json\/wp\/v2\/posts"}],"about":[{"href":"https:\/\/www.eldigitaldeasturias.com\/noticias\/wp-json\/wp\/v2\/types\/post"}],"author":[{"embeddable":true,"href":"https:\/\/www.eldigitaldeasturias.com\/noticias\/wp-json\/wp\/v2\/users\/1"}],"replies":[{"embeddable":true,"href":"https:\/\/www.eldigitaldeasturias.com\/noticias\/wp-json\/wp\/v2\/comments?post=485824"}],"version-history":[{"count":0,"href":"https:\/\/www.eldigitaldeasturias.com\/noticias\/wp-json\/wp\/v2\/posts\/485824\/revisions"}],"wp:attachment":[{"href":"https:\/\/www.eldigitaldeasturias.com\/noticias\/wp-json\/wp\/v2\/media?parent=485824"}],"wp:term":[{"taxonomy":"category","embeddable":true,"href":"https:\/\/www.eldigitaldeasturias.com\/noticias\/wp-json\/wp\/v2\/categories?post=485824"},{"taxonomy":"post_tag","embeddable":true,"href":"https:\/\/www.eldigitaldeasturias.com\/noticias\/wp-json\/wp\/v2\/tags?post=485824"}],"curies":[{"name":"wp","href":"https:\/\/api.w.org\/{rel}","templated":true}]}}