{"id":485806,"date":"2014-02-07T17:29:54","date_gmt":"2014-02-07T18:29:54","guid":{"rendered":"http:\/\/www.eldigitaldeasturias.com\/noticias\/?p=485806"},"modified":"2014-02-07T17:29:54","modified_gmt":"2014-02-07T18:29:54","slug":"la-reestructuracion-seguira-lastrando-a-gm-en-europa","status":"publish","type":"post","link":"https:\/\/www.eldigitaldeasturias.com\/noticias\/la-reestructuracion-seguira-lastrando-a-gm-en-europa\/","title":{"rendered":"La reestructuraci\u00f3n seguir\u00e1 lastrando a GM en Europa"},"content":{"rendered":"<p><img loading=\"lazy\" decoding=\"async\" class=\"alignleft size-medium wp-image-485807\" alt=\"5918618w\" src=\"https:\/\/www.eldigitaldeasturias.com\/noticias\/wp-content\/uploads\/2014\/02\/5918618w-360x230.jpg\" width=\"360\" height=\"230\" \/>Washington, 6 feb (EFE).- General Motors (GM) dijo hoy que los costes de la reestructuraci\u00f3n de sus operaciones en Europa van a seguir lastrando sus resultados en 2014, pero a\u00f1adi\u00f3 que tambi\u00e9n hay avances positivos en la situaci\u00f3n del continente.<\/p>\n<p>GM dijo hoy que en 2013 perdi\u00f3 844 millones de d\u00f3lares en Europa, pero la cifra fue un 56% inferior a las p\u00e9rdidas de 2012.<\/p>\n<p>El fabricante estadounidense tambi\u00e9n se\u00f1al\u00f3 que en el \u00faltimo trimestre de 2013 sus p\u00e9rdidas ascendieron a 345 millones de d\u00f3lares, un 54% inferiores a las del mismo periodo de 2012.<\/p>\n<p>El vicepresidente ejecutivo y director financiero de GM, Chuck Stevens, calific\u00f3 2014 como una a\u00f1o de \u00abtransici\u00f3n\u00bb para sus operaciones europeas, que todav\u00eda se enfrentan a una serie de desaf\u00edos.<\/p>\n<p>\u00abNuestros nuevos lanzamientos claves en los segmentos m\u00e1s cr\u00edticos (&#8230;) no se producir\u00e1n hasta finales de 2014 y 2015. Va ser una din\u00e1mica que vamos a tener que manejar\u00bb, dijo.<\/p>\n<p>\u00abEsperamos vientos desfavorables en precios en el mercado que en nuestro caso se ha exacerbado por la edad de nuestra cartera\u00bb en esos segmentos, agreg\u00f3.<\/p>\n<p>Stevens mencion\u00f3 que tienen \u00absignificativos costes anuales de reestructuraci\u00f3n\u00bb y a\u00f1adi\u00f3 que en Rusia, \u00abla debilidad del rublo ha creado otro viento desfavorable\u00bb.<\/p>\n<p>\u00abLos resultados en Europa van a ir a la baja a\u00f1o tras a\u00f1o, as\u00ed como los m\u00e1rgenes, principalmente por los gastos de reestructuraci\u00f3n y Rusia. Pero hay algunos avances positivos\u00bb, a\u00f1adi\u00f3.<\/p>\n<p>Las cifras que hoy present\u00f3 GM tambi\u00e9n incluyen un cargo de 621 millones de d\u00f3lares por el coste relacionado con la salida de su principal marca, Chevrolet, del mercado europeo.<\/p>\n<p>Stevens justific\u00f3 la decisi\u00f3n porque ayudar\u00e1 a \u00abmejorar los cimientos para el futuro crecimiento\u00bb de la empresa.<\/p>\n<p>GM dijo que en 2013 sus ingresos en Europa sumaron 20.110 millones de d\u00f3lares, un 2,7% menos que el a\u00f1o anterior, y que en la regi\u00f3n vendi\u00f3 1.557.000 veh\u00edculos, un 3,3% menos.<\/p>\n<p>En Europa, Chevrolet vendi\u00f3 508.000 veh\u00edculos, mientras que las marcas Opel\/Vauxhall sumaron 1.047.000 unidades. GM tambi\u00e9n vendi\u00f3 en la regi\u00f3n 3.000 veh\u00edculos de otras marcas y termin\u00f3 el a\u00f1o perdiendo parte de su cuota de mercado en Europa, al pasar del 8,5% en 2012 al 8,3% en 2013.<\/p>\n<p>De forma paralela, GM emple\u00f3 menos personal en Europa a finales de 2013, 35.000 personas, frente a 37.000 en 2012 y 39.000 en 2011.<\/p>\n","protected":false},"excerpt":{"rendered":"<p>Washington, 6 feb (EFE).- General Motors (GM) dijo hoy que los costes de la reestructuraci\u00f3n de sus operaciones en Europa van a seguir lastrando sus resultados en 2014, pero a\u00f1adi\u00f3 que tambi\u00e9n hay avances positivos en la situaci\u00f3n del continente. GM dijo hoy que en 2013 perdi\u00f3 844 millones de d\u00f3lares en Europa, pero la [&hellip;]<\/p>\n","protected":false},"author":1,"featured_media":485807,"comment_status":"closed","ping_status":"open","sticky":false,"template":"","format":"standard","meta":{"footnotes":""},"categories":[1],"tags":[],"class_list":["post-485806","post","type-post","status-publish","format-standard","has-post-thumbnail","hentry","category-actualidad"],"aioseo_notices":[],"aioseo_head":"\n\t\t<!-- All in One SEO Pro 5.0.1 - aioseo.com -->\n\t<meta name=\"description\" content=\"Washington, 6 feb (EFE).- General Motors (GM) dijo hoy que los costes de la reestructuraci\u00f3n de sus operaciones en Europa van a seguir lastrando sus resultados en 2014, pero a\u00f1adi\u00f3 que tambi\u00e9n hay avances positivos en la situaci\u00f3n del continente. GM dijo hoy que en 2013 perdi\u00f3 844 millones de d\u00f3lares en Europa, pero la\" \/>\n\t<meta name=\"robots\" content=\"max-image-preview:large\" \/>\n\t<meta name=\"author\" content=\"El Digital de Asturias\"\/>\n\t<meta name=\"google-site-verification\" content=\"UA-38556648-1\" \/>\n\t<meta name=\"msvalidate.01\" content=\"7dfe9f3f1b24437ab69f4f2559babe99\" \/>\n\t<meta name=\"keywords\" content=\"actualidad\" \/>\n\t<link rel=\"canonical\" href=\"https:\/\/www.eldigitaldeasturias.com\/noticias\/la-reestructuracion-seguira-lastrando-a-gm-en-europa\/\" \/>\n\t<meta name=\"generator\" content=\"All in One SEO Pro (AIOSEO) 5.0.1\" \/>\n\t\t<meta property=\"og:locale\" content=\"es_ES\" \/>\n\t\t<meta property=\"og:site_name\" content=\"El Digital de Asturias\" \/>\n\t\t<meta property=\"og:type\" content=\"article\" \/>\n\t\t<meta property=\"og:title\" content=\"La reestructuraci\u00f3n seguir\u00e1 lastrando a GM en Europa - El Digital de Asturias\" \/>\n\t\t<meta property=\"og:description\" content=\"Washington, 6 feb (EFE).- General Motors (GM) dijo hoy que los costes de la reestructuraci\u00f3n de sus operaciones en Europa van a seguir lastrando sus resultados en 2014, pero a\u00f1adi\u00f3 que tambi\u00e9n hay avances positivos en la situaci\u00f3n del continente. GM dijo hoy que en 2013 perdi\u00f3 844 millones de d\u00f3lares en Europa, pero la\" \/>\n\t\t<meta property=\"og:url\" content=\"https:\/\/www.eldigitaldeasturias.com\/noticias\/la-reestructuracion-seguira-lastrando-a-gm-en-europa\/\" \/>\n\t\t<meta property=\"article:tag\" content=\"actualidad\" \/>\n\t\t<meta property=\"article:published_time\" content=\"2014-02-07T18:29:54+00:00\" \/>\n\t\t<meta property=\"article:modified_time\" content=\"2014-02-07T18:29:54+00:00\" \/>\n\t\t<meta property=\"article:publisher\" content=\"https:\/\/facebook.com\/eldigitaldeasturias\" \/>\n\t\t<meta name=\"twitter:card\" content=\"summary_large_image\" \/>\n\t\t<meta name=\"twitter:title\" content=\"La reestructuraci\u00f3n seguir\u00e1 lastrando a GM en Europa - El Digital de Asturias\" \/>\n\t\t<meta name=\"twitter:description\" content=\"Washington, 6 feb (EFE).- General Motors (GM) dijo hoy que los costes de la reestructuraci\u00f3n de sus operaciones en Europa van a seguir lastrando sus resultados en 2014, pero a\u00f1adi\u00f3 que tambi\u00e9n hay avances positivos en la situaci\u00f3n del continente. GM dijo hoy que en 2013 perdi\u00f3 844 millones de d\u00f3lares en Europa, pero la\" \/>\n\t\t<meta name=\"twitter:label1\" content=\"Escrito por\" \/>\n\t\t<meta name=\"twitter:data1\" content=\"El Digital de Asturias\" \/>\n\t\t<meta name=\"twitter:label2\" content=\"Tiempo de lectura estimado\" \/>\n\t\t<meta name=\"twitter:data2\" content=\"2 minutos\" \/>\n\t\t<script type=\"application\/ld+json\" class=\"aioseo-schema\">\n\t\t\t{\"@context\":\"https:\\\/\\\/schema.org\",\"@graph\":[{\"@type\":\"BlogPosting\",\"@id\":\"https:\\\/\\\/www.eldigitaldeasturias.com\\\/noticias\\\/la-reestructuracion-seguira-lastrando-a-gm-en-europa\\\/#blogposting\",\"name\":\"La reestructuraci\\u00f3n seguir\\u00e1 lastrando a GM en Europa - El Digital de Asturias\",\"headline\":\"La reestructuraci\\u00f3n seguir\\u00e1 lastrando a GM en Europa\",\"author\":{\"@id\":\"https:\\\/\\\/www.eldigitaldeasturias.com\\\/noticias\\\/author\\\/admin\\\/#author\"},\"publisher\":{\"@id\":\"https:\\\/\\\/www.eldigitaldeasturias.com\\\/noticias\\\/#organization\"},\"image\":{\"@type\":\"ImageObject\",\"url\":485807},\"datePublished\":\"2014-02-07T17:29:54+01:00\",\"dateModified\":\"2014-02-07T17:29:54+01:00\",\"inLanguage\":\"es-ES\",\"mainEntityOfPage\":{\"@id\":\"https:\\\/\\\/www.eldigitaldeasturias.com\\\/noticias\\\/la-reestructuracion-seguira-lastrando-a-gm-en-europa\\\/#webpage\"},\"isPartOf\":{\"@id\":\"https:\\\/\\\/www.eldigitaldeasturias.com\\\/noticias\\\/la-reestructuracion-seguira-lastrando-a-gm-en-europa\\\/#webpage\"},\"articleSection\":\"Actualidad\"},{\"@type\":\"BreadcrumbList\",\"@id\":\"https:\\\/\\\/www.eldigitaldeasturias.com\\\/noticias\\\/la-reestructuracion-seguira-lastrando-a-gm-en-europa\\\/#breadcrumblist\",\"itemListElement\":[{\"@type\":\"ListItem\",\"@id\":\"https:\\\/\\\/www.eldigitaldeasturias.com\\\/noticias#listItem\",\"position\":1,\"name\":\"Home\",\"item\":\"https:\\\/\\\/www.eldigitaldeasturias.com\\\/noticias\",\"nextItem\":{\"@type\":\"ListItem\",\"@id\":\"https:\\\/\\\/www.eldigitaldeasturias.com\\\/noticias\\\/category\\\/actualidad\\\/#listItem\",\"name\":\"Actualidad\"}},{\"@type\":\"ListItem\",\"@id\":\"https:\\\/\\\/www.eldigitaldeasturias.com\\\/noticias\\\/category\\\/actualidad\\\/#listItem\",\"position\":2,\"name\":\"Actualidad\",\"item\":\"https:\\\/\\\/www.eldigitaldeasturias.com\\\/noticias\\\/category\\\/actualidad\\\/\",\"nextItem\":{\"@type\":\"ListItem\",\"@id\":\"https:\\\/\\\/www.eldigitaldeasturias.com\\\/noticias\\\/la-reestructuracion-seguira-lastrando-a-gm-en-europa\\\/#listItem\",\"name\":\"La reestructuraci\\u00f3n seguir\\u00e1 lastrando a GM en Europa\"},\"previousItem\":{\"@type\":\"ListItem\",\"@id\":\"https:\\\/\\\/www.eldigitaldeasturias.com\\\/noticias#listItem\",\"name\":\"Home\"}},{\"@type\":\"ListItem\",\"@id\":\"https:\\\/\\\/www.eldigitaldeasturias.com\\\/noticias\\\/la-reestructuracion-seguira-lastrando-a-gm-en-europa\\\/#listItem\",\"position\":3,\"name\":\"La reestructuraci\\u00f3n seguir\\u00e1 lastrando a GM en Europa\",\"previousItem\":{\"@type\":\"ListItem\",\"@id\":\"https:\\\/\\\/www.eldigitaldeasturias.com\\\/noticias\\\/category\\\/actualidad\\\/#listItem\",\"name\":\"Actualidad\"}}]},{\"@type\":\"Organization\",\"@id\":\"https:\\\/\\\/www.eldigitaldeasturias.com\\\/noticias\\\/#organization\",\"name\":\"El Digital de Asturias\",\"description\":\"Hemeroteca\",\"url\":\"https:\\\/\\\/www.eldigitaldeasturias.com\\\/noticias\\\/\",\"email\":\"info@eldigitaldeasturias.com\",\"telephone\":\"+34652131393\",\"logo\":{\"@type\":\"ImageObject\",\"url\":\"https:\\\/\\\/www.eldigitaldeasturias.com\\\/noticias\\\/wp-content\\\/uploads\\\/2020\\\/12\\\/EDA.jpg\",\"@id\":\"https:\\\/\\\/www.eldigitaldeasturias.com\\\/noticias\\\/la-reestructuracion-seguira-lastrando-a-gm-en-europa\\\/#organizationLogo\"},\"image\":{\"@id\":\"https:\\\/\\\/www.eldigitaldeasturias.com\\\/noticias\\\/la-reestructuracion-seguira-lastrando-a-gm-en-europa\\\/#organizationLogo\"},\"sameAs\":[\"https:\\\/\\\/facebook.com\\\/eldigitaldeasturias\",\"https:\\\/\\\/www.youtube.com\\\/channel\\\/UCZP-2wLEB9Rv6erhFmqVnvg\"],\"address\":{\"@id\":\"https:\\\/\\\/www.eldigitaldeasturias.com\\\/noticias\\\/#postaladdress\",\"@type\":\"PostalAddress\",\"streetAddress\":\"san antonio 4\",\"postalCode\":\"33430\",\"addressLocality\":\"Cand\\u00e1s\",\"addressRegion\":\"Asturias\",\"addressCountry\":\"ES\"}},{\"@type\":\"Person\",\"@id\":\"https:\\\/\\\/www.eldigitaldeasturias.com\\\/noticias\\\/author\\\/admin\\\/#author\",\"url\":\"https:\\\/\\\/www.eldigitaldeasturias.com\\\/noticias\\\/author\\\/admin\\\/\",\"name\":\"El Digital de Asturias\",\"image\":{\"@type\":\"ImageObject\",\"@id\":\"https:\\\/\\\/www.eldigitaldeasturias.com\\\/noticias\\\/la-reestructuracion-seguira-lastrando-a-gm-en-europa\\\/#authorImage\",\"url\":\"https:\\\/\\\/secure.gravatar.com\\\/avatar\\\/df2aeffc32bcd13f8d26072ef8a91b623d677766deac7f97ca815868cd41bf5e?s=96&d=mm&r=g\",\"width\":96,\"height\":96,\"caption\":\"El Digital de Asturias\"}},{\"@type\":\"WebPage\",\"@id\":\"https:\\\/\\\/www.eldigitaldeasturias.com\\\/noticias\\\/la-reestructuracion-seguira-lastrando-a-gm-en-europa\\\/#webpage\",\"url\":\"https:\\\/\\\/www.eldigitaldeasturias.com\\\/noticias\\\/la-reestructuracion-seguira-lastrando-a-gm-en-europa\\\/\",\"name\":\"La reestructuraci\\u00f3n seguir\\u00e1 lastrando a GM en Europa - El Digital de Asturias\",\"description\":\"Washington, 6 feb (EFE).- General Motors (GM) dijo hoy que los costes de la reestructuraci\\u00f3n de sus operaciones en Europa van a seguir lastrando sus resultados en 2014, pero a\\u00f1adi\\u00f3 que tambi\\u00e9n hay avances positivos en la situaci\\u00f3n del continente. GM dijo hoy que en 2013 perdi\\u00f3 844 millones de d\\u00f3lares en Europa, pero la\",\"inLanguage\":\"es-ES\",\"isPartOf\":{\"@id\":\"https:\\\/\\\/www.eldigitaldeasturias.com\\\/noticias\\\/#website\"},\"breadcrumb\":{\"@id\":\"https:\\\/\\\/www.eldigitaldeasturias.com\\\/noticias\\\/la-reestructuracion-seguira-lastrando-a-gm-en-europa\\\/#breadcrumblist\"},\"author\":{\"@id\":\"https:\\\/\\\/www.eldigitaldeasturias.com\\\/noticias\\\/author\\\/admin\\\/#author\"},\"creator\":{\"@id\":\"https:\\\/\\\/www.eldigitaldeasturias.com\\\/noticias\\\/author\\\/admin\\\/#author\"},\"image\":{\"@type\":\"ImageObject\",\"url\":485807,\"@id\":\"https:\\\/\\\/www.eldigitaldeasturias.com\\\/noticias\\\/la-reestructuracion-seguira-lastrando-a-gm-en-europa\\\/#mainImage\"},\"primaryImageOfPage\":{\"@id\":\"https:\\\/\\\/www.eldigitaldeasturias.com\\\/noticias\\\/la-reestructuracion-seguira-lastrando-a-gm-en-europa\\\/#mainImage\"},\"datePublished\":\"2014-02-07T17:29:54+01:00\",\"dateModified\":\"2014-02-07T17:29:54+01:00\"},{\"@type\":\"WebSite\",\"@id\":\"https:\\\/\\\/www.eldigitaldeasturias.com\\\/noticias\\\/#website\",\"url\":\"https:\\\/\\\/www.eldigitaldeasturias.com\\\/noticias\\\/\",\"name\":\"El Digital de Asturias - Diario de actualidad y noticias\",\"alternateName\":\"El Digital de Asturias - Diario de actualidad y noticias\",\"description\":\"Hemeroteca\",\"inLanguage\":\"es-ES\",\"publisher\":{\"@id\":\"https:\\\/\\\/www.eldigitaldeasturias.com\\\/noticias\\\/#organization\"}}]}\n\t\t<\/script>\n\t\t<!-- All in One SEO Pro -->\r\n\t\t<title>La reestructuraci\u00f3n seguir\u00e1 lastrando a GM en Europa - El Digital de Asturias<\/title>\n\n","aioseo_head_json":{"title":"La reestructuraci\u00f3n seguir\u00e1 lastrando a GM en Europa - El Digital de Asturias","description":"Washington, 6 feb (EFE).- General Motors (GM) dijo hoy que los costes de la reestructuraci\u00f3n de sus operaciones en Europa van a seguir lastrando sus resultados en 2014, pero a\u00f1adi\u00f3 que tambi\u00e9n hay avances positivos en la situaci\u00f3n del continente. GM dijo hoy que en 2013 perdi\u00f3 844 millones de d\u00f3lares en Europa, pero la","canonical_url":"https:\/\/www.eldigitaldeasturias.com\/noticias\/la-reestructuracion-seguira-lastrando-a-gm-en-europa\/","robots":"max-image-preview:large","keywords":"actualidad","webmasterTools":{"google-site-verification":"UA-38556648-1","msvalidate.01":"7dfe9f3f1b24437ab69f4f2559babe99","miscellaneous":""},"schema":{"@context":"https:\/\/schema.org","@graph":[{"@type":"BlogPosting","@id":"https:\/\/www.eldigitaldeasturias.com\/noticias\/la-reestructuracion-seguira-lastrando-a-gm-en-europa\/#blogposting","name":"La reestructuraci\u00f3n seguir\u00e1 lastrando a GM en Europa - El Digital de Asturias","headline":"La reestructuraci\u00f3n seguir\u00e1 lastrando a GM en Europa","author":{"@id":"https:\/\/www.eldigitaldeasturias.com\/noticias\/author\/admin\/#author"},"publisher":{"@id":"https:\/\/www.eldigitaldeasturias.com\/noticias\/#organization"},"image":{"@type":"ImageObject","url":485807},"datePublished":"2014-02-07T17:29:54+01:00","dateModified":"2014-02-07T17:29:54+01:00","inLanguage":"es-ES","mainEntityOfPage":{"@id":"https:\/\/www.eldigitaldeasturias.com\/noticias\/la-reestructuracion-seguira-lastrando-a-gm-en-europa\/#webpage"},"isPartOf":{"@id":"https:\/\/www.eldigitaldeasturias.com\/noticias\/la-reestructuracion-seguira-lastrando-a-gm-en-europa\/#webpage"},"articleSection":"Actualidad"},{"@type":"BreadcrumbList","@id":"https:\/\/www.eldigitaldeasturias.com\/noticias\/la-reestructuracion-seguira-lastrando-a-gm-en-europa\/#breadcrumblist","itemListElement":[{"@type":"ListItem","@id":"https:\/\/www.eldigitaldeasturias.com\/noticias#listItem","position":1,"name":"Home","item":"https:\/\/www.eldigitaldeasturias.com\/noticias","nextItem":{"@type":"ListItem","@id":"https:\/\/www.eldigitaldeasturias.com\/noticias\/category\/actualidad\/#listItem","name":"Actualidad"}},{"@type":"ListItem","@id":"https:\/\/www.eldigitaldeasturias.com\/noticias\/category\/actualidad\/#listItem","position":2,"name":"Actualidad","item":"https:\/\/www.eldigitaldeasturias.com\/noticias\/category\/actualidad\/","nextItem":{"@type":"ListItem","@id":"https:\/\/www.eldigitaldeasturias.com\/noticias\/la-reestructuracion-seguira-lastrando-a-gm-en-europa\/#listItem","name":"La reestructuraci\u00f3n seguir\u00e1 lastrando a GM en Europa"},"previousItem":{"@type":"ListItem","@id":"https:\/\/www.eldigitaldeasturias.com\/noticias#listItem","name":"Home"}},{"@type":"ListItem","@id":"https:\/\/www.eldigitaldeasturias.com\/noticias\/la-reestructuracion-seguira-lastrando-a-gm-en-europa\/#listItem","position":3,"name":"La reestructuraci\u00f3n seguir\u00e1 lastrando a GM en Europa","previousItem":{"@type":"ListItem","@id":"https:\/\/www.eldigitaldeasturias.com\/noticias\/category\/actualidad\/#listItem","name":"Actualidad"}}]},{"@type":"Organization","@id":"https:\/\/www.eldigitaldeasturias.com\/noticias\/#organization","name":"El Digital de Asturias","description":"Hemeroteca","url":"https:\/\/www.eldigitaldeasturias.com\/noticias\/","email":"info@eldigitaldeasturias.com","telephone":"+34652131393","logo":{"@type":"ImageObject","url":"https:\/\/www.eldigitaldeasturias.com\/noticias\/wp-content\/uploads\/2020\/12\/EDA.jpg","@id":"https:\/\/www.eldigitaldeasturias.com\/noticias\/la-reestructuracion-seguira-lastrando-a-gm-en-europa\/#organizationLogo"},"image":{"@id":"https:\/\/www.eldigitaldeasturias.com\/noticias\/la-reestructuracion-seguira-lastrando-a-gm-en-europa\/#organizationLogo"},"sameAs":["https:\/\/facebook.com\/eldigitaldeasturias","https:\/\/www.youtube.com\/channel\/UCZP-2wLEB9Rv6erhFmqVnvg"],"address":{"@id":"https:\/\/www.eldigitaldeasturias.com\/noticias\/#postaladdress","@type":"PostalAddress","streetAddress":"san antonio 4","postalCode":"33430","addressLocality":"Cand\u00e1s","addressRegion":"Asturias","addressCountry":"ES"}},{"@type":"Person","@id":"https:\/\/www.eldigitaldeasturias.com\/noticias\/author\/admin\/#author","url":"https:\/\/www.eldigitaldeasturias.com\/noticias\/author\/admin\/","name":"El Digital de Asturias","image":{"@type":"ImageObject","@id":"https:\/\/www.eldigitaldeasturias.com\/noticias\/la-reestructuracion-seguira-lastrando-a-gm-en-europa\/#authorImage","url":"https:\/\/secure.gravatar.com\/avatar\/df2aeffc32bcd13f8d26072ef8a91b623d677766deac7f97ca815868cd41bf5e?s=96&d=mm&r=g","width":96,"height":96,"caption":"El Digital de Asturias"}},{"@type":"WebPage","@id":"https:\/\/www.eldigitaldeasturias.com\/noticias\/la-reestructuracion-seguira-lastrando-a-gm-en-europa\/#webpage","url":"https:\/\/www.eldigitaldeasturias.com\/noticias\/la-reestructuracion-seguira-lastrando-a-gm-en-europa\/","name":"La reestructuraci\u00f3n seguir\u00e1 lastrando a GM en Europa - El Digital de Asturias","description":"Washington, 6 feb (EFE).- General Motors (GM) dijo hoy que los costes de la reestructuraci\u00f3n de sus operaciones en Europa van a seguir lastrando sus resultados en 2014, pero a\u00f1adi\u00f3 que tambi\u00e9n hay avances positivos en la situaci\u00f3n del continente. GM dijo hoy que en 2013 perdi\u00f3 844 millones de d\u00f3lares en Europa, pero la","inLanguage":"es-ES","isPartOf":{"@id":"https:\/\/www.eldigitaldeasturias.com\/noticias\/#website"},"breadcrumb":{"@id":"https:\/\/www.eldigitaldeasturias.com\/noticias\/la-reestructuracion-seguira-lastrando-a-gm-en-europa\/#breadcrumblist"},"author":{"@id":"https:\/\/www.eldigitaldeasturias.com\/noticias\/author\/admin\/#author"},"creator":{"@id":"https:\/\/www.eldigitaldeasturias.com\/noticias\/author\/admin\/#author"},"image":{"@type":"ImageObject","url":485807,"@id":"https:\/\/www.eldigitaldeasturias.com\/noticias\/la-reestructuracion-seguira-lastrando-a-gm-en-europa\/#mainImage"},"primaryImageOfPage":{"@id":"https:\/\/www.eldigitaldeasturias.com\/noticias\/la-reestructuracion-seguira-lastrando-a-gm-en-europa\/#mainImage"},"datePublished":"2014-02-07T17:29:54+01:00","dateModified":"2014-02-07T17:29:54+01:00"},{"@type":"WebSite","@id":"https:\/\/www.eldigitaldeasturias.com\/noticias\/#website","url":"https:\/\/www.eldigitaldeasturias.com\/noticias\/","name":"El Digital de Asturias - Diario de actualidad y noticias","alternateName":"El Digital de Asturias - Diario de actualidad y noticias","description":"Hemeroteca","inLanguage":"es-ES","publisher":{"@id":"https:\/\/www.eldigitaldeasturias.com\/noticias\/#organization"}}]},"og:locale":"es_ES","og:site_name":"El Digital de Asturias","og:type":"article","og:title":"La reestructuraci\u00f3n seguir\u00e1 lastrando a GM en Europa - El Digital de Asturias","og:description":"Washington, 6 feb (EFE).- General Motors (GM) dijo hoy que los costes de la reestructuraci\u00f3n de sus operaciones en Europa van a seguir lastrando sus resultados en 2014, pero a\u00f1adi\u00f3 que tambi\u00e9n hay avances positivos en la situaci\u00f3n del continente. GM dijo hoy que en 2013 perdi\u00f3 844 millones de d\u00f3lares en Europa, pero la","og:url":"https:\/\/www.eldigitaldeasturias.com\/noticias\/la-reestructuracion-seguira-lastrando-a-gm-en-europa\/","article:tag":["actualidad"],"article:published_time":"2014-02-07T18:29:54+00:00","article:modified_time":"2014-02-07T18:29:54+00:00","article:publisher":"https:\/\/facebook.com\/eldigitaldeasturias","twitter:card":"summary_large_image","twitter:title":"La reestructuraci\u00f3n seguir\u00e1 lastrando a GM en Europa - El Digital de Asturias","twitter:description":"Washington, 6 feb (EFE).- General Motors (GM) dijo hoy que los costes de la reestructuraci\u00f3n de sus operaciones en Europa van a seguir lastrando sus resultados en 2014, pero a\u00f1adi\u00f3 que tambi\u00e9n hay avances positivos en la situaci\u00f3n del continente. GM dijo hoy que en 2013 perdi\u00f3 844 millones de d\u00f3lares en Europa, pero la","twitter:label1":"Escrito por","twitter:data1":"El Digital de Asturias","twitter:label2":"Tiempo de lectura estimado","twitter:data2":"2 minutos"},"aioseo_meta_data":{"post_id":"485806","title":null,"description":null,"keywords":null,"keyphrases":null,"primary_term":null,"canonical_url":null,"og_title":null,"og_description":null,"og_object_type":"default","og_image_type":"default","og_image_url":null,"og_image_width":null,"og_image_height":null,"og_image_custom_url":null,"og_image_custom_fields":null,"og_video":null,"og_custom_url":null,"og_article_section":null,"og_article_tags":null,"twitter_use_og":true,"twitter_card":"default","twitter_image_type":"default","twitter_image_url":null,"twitter_image_custom_url":null,"twitter_image_custom_fields":null,"twitter_title":null,"twitter_description":null,"schema":{"blockGraphs":[],"customGraphs":[],"default":{"data":{"Article":[],"Course":[],"Dataset":[],"FAQPage":[],"Movie":[],"Person":[],"Product":[],"ProductReview":[],"Car":[],"Recipe":[],"Service":[],"SoftwareApplication":[],"WebPage":[]},"graphName":"","isEnabled":true},"graphs":[],"defaultGraph":"","defaultPostTypeGraph":""},"schema_type":null,"schema_type_options":null,"pillar_content":false,"robots_default":true,"robots_noindex":false,"robots_noarchive":false,"robots_nosnippet":false,"robots_nofollow":false,"robots_noimageindex":false,"robots_noodp":false,"robots_notranslate":false,"robots_max_snippet":null,"robots_max_videopreview":null,"robots_max_imagepreview":"none","priority":null,"frequency":null,"local_seo":null,"seo_analyzer_scan_date":"2026-06-02 22:05:51","breadcrumb_settings":null,"limit_modified_date":false,"open_ai":null,"ai":null,"created":"2020-11-14 22:55:26","updated":"2026-06-02 22:05:51","focus_keyword":null,"additional_keywords":null,"truseo_locale":null},"aioseo_breadcrumb":"<div class=\"aioseo-breadcrumbs\"><span class=\"aioseo-breadcrumb\">\n\t<a href=\"https:\/\/www.eldigitaldeasturias.com\/noticias\" title=\"Home\">Home<\/a>\n<\/span><span class=\"aioseo-breadcrumb-separator\">\u2013<\/span><span class=\"aioseo-breadcrumb\">\n\t<a href=\"https:\/\/www.eldigitaldeasturias.com\/noticias\/category\/actualidad\/\" title=\"Actualidad\">Actualidad<\/a>\n<\/span><span class=\"aioseo-breadcrumb-separator\">\u2013<\/span><span class=\"aioseo-breadcrumb\">\n\t<a href=\"https:\/\/www.eldigitaldeasturias.com\/noticias\/la-reestructuracion-seguira-lastrando-a-gm-en-europa\/\" title=\"La reestructuraci\u00f3n seguir\u00e1 lastrando a GM en Europa\">La reestructuraci\u00f3n seguir\u00e1 lastrando a GM en Europa<\/a>\n<\/span><\/div>","aioseo_breadcrumb_json":[{"label":"Home","link":"https:\/\/www.eldigitaldeasturias.com\/noticias"},{"label":"Actualidad","link":"https:\/\/www.eldigitaldeasturias.com\/noticias\/category\/actualidad\/"},{"label":"La reestructuraci\u00f3n seguir\u00e1 lastrando a GM en Europa","link":"https:\/\/www.eldigitaldeasturias.com\/noticias\/la-reestructuracion-seguira-lastrando-a-gm-en-europa\/"}],"_links":{"self":[{"href":"https:\/\/www.eldigitaldeasturias.com\/noticias\/wp-json\/wp\/v2\/posts\/485806","targetHints":{"allow":["GET"]}}],"collection":[{"href":"https:\/\/www.eldigitaldeasturias.com\/noticias\/wp-json\/wp\/v2\/posts"}],"about":[{"href":"https:\/\/www.eldigitaldeasturias.com\/noticias\/wp-json\/wp\/v2\/types\/post"}],"author":[{"embeddable":true,"href":"https:\/\/www.eldigitaldeasturias.com\/noticias\/wp-json\/wp\/v2\/users\/1"}],"replies":[{"embeddable":true,"href":"https:\/\/www.eldigitaldeasturias.com\/noticias\/wp-json\/wp\/v2\/comments?post=485806"}],"version-history":[{"count":0,"href":"https:\/\/www.eldigitaldeasturias.com\/noticias\/wp-json\/wp\/v2\/posts\/485806\/revisions"}],"wp:attachment":[{"href":"https:\/\/www.eldigitaldeasturias.com\/noticias\/wp-json\/wp\/v2\/media?parent=485806"}],"wp:term":[{"taxonomy":"category","embeddable":true,"href":"https:\/\/www.eldigitaldeasturias.com\/noticias\/wp-json\/wp\/v2\/categories?post=485806"},{"taxonomy":"post_tag","embeddable":true,"href":"https:\/\/www.eldigitaldeasturias.com\/noticias\/wp-json\/wp\/v2\/tags?post=485806"}],"curies":[{"name":"wp","href":"https:\/\/api.w.org\/{rel}","templated":true}]}}